{"id":11054,"date":"2011-10-19T10:09:35","date_gmt":"2011-10-19T09:09:35","guid":{"rendered":"http:\/\/fjala.shkoder.net\/?p=11054"},"modified":"2011-10-19T10:09:35","modified_gmt":"2011-10-19T09:09:35","slug":"qe-bulqiza-te-rikthehet-nga-varreze-ne-miniere","status":"publish","type":"post","link":"https:\/\/fjala.info\/2009-2015\/qe-bulqiza-te-rikthehet-nga-varreze-ne-miniere\/","title":{"rendered":"Q\u00eb Bulqiza t\u00eb rikthehet nga Varrez\u00eb n\u00eb Minier\u00eb"},"content":{"rendered":"<p><img decoding=\"async\" class=\"alignright size-thumbnail wp-image-7236\" title=\"Mero Baze\" src=\"http:\/\/www.shkoder.net\/images\/fjala\/mero_baze1.jpg\" alt=\"\" width=\"150\" \/> Nga <strong>Mero Baze<\/strong>, <em>18 Tetor 2011<\/em><\/p>\n<p>Nj\u00eb tjet\u00ebr minator ka humbur jet\u00ebn dhe 8 t\u00eb tjer\u00eb jan\u00eb plagosur r\u00ebnd\u00eb pasi nj\u00eb xhep gazrash t\u00eb fjetur ka shp\u00ebrthyer n\u00eb nj\u00eb nga galerit\u00eb e saj. Viktimat pasojn\u00eb dhjet\u00ebra t\u00eb vrar\u00eb dhe qindra t\u00eb l\u00ebnduar gjat\u00eb k\u00ebtyre viteve, ku n\u00eb at\u00eb minier\u00eb punohet si nj\u00eb han pa porta p\u00ebr shkak t\u00eb politik\u00ebs s\u00eb qeveris\u00eb ndaj m\u00ebnyr\u00ebs se si duhet shfryt\u00ebzuar ai masiv kromi. Kur them q\u00eb k\u00ebto viktima jan\u00eb p\u00ebrgjegj\u00ebsi direkte e Genc Rulit dhe ministrave q\u00eb e kan\u00eb pasuar at\u00eb n\u00eb detyr\u00eb, nuk dua t\u00eb b\u00ebj politik\u00eb, edhe pse kjo histori n\u00eb radh\u00eb t\u00eb par\u00eb duhet t\u00eb ndryshoj\u00eb nga politika.<\/p>\n<p>P\u00ebr t\u00eb gjith\u00eb ata q\u00eb e kan\u00eb t\u00eb paqart\u00eb se \u00e7far\u00eb \u00ebsht\u00eb miniera e Bulqiz\u00ebs duhet shpjeguar se si mbahet n\u00eb k\u00ebmb\u00eb nj\u00eb minier\u00eb e till\u00eb gjigante, nga m\u00eb t\u00eb m\u00ebdhat\u00eb n\u00eb bot\u00eb dhe e krahasueshme nga rezervat me s\u00eb paku 5 vendburimet m\u00eb t\u00eb mira n\u00eb bot\u00eb t\u00eb kromit. Nj\u00eb vendburim i till\u00eb, i cili ka filluar t\u00eb shfryt\u00ebzohet gjat\u00eb regjimit komunist, kishte n\u00eb dispozicion t\u00eb tij 5 kompani. N\u00eb fillim ishte k\u00ebrkimi gjeologjik, pastaj zbulimi gjeologjik, pastaj Nd\u00ebrtim-Miniera, pastaj nd\u00ebrmarrja e Avari- Shp\u00ebtimit dhe n\u00eb fund ishte shfryt\u00ebzimi i minier\u00ebs. Pra, shteti para se t\u00eb shkohej tek minerali, investonte n\u00eb kat\u00ebr kompani t\u00eb tjera q\u00eb k\u00ebrkonin, zbulonin, nd\u00ebrtonin dhe siguronin rrug\u00ebn e minatorit drejt mineralit. N\u00eb at\u00eb vendburim ndodhte q\u00eb punonin 4 mij\u00eb minator\u00eb nj\u00ebher\u00ebsh dhe nuk ndodhnin gj\u00ebma t\u00eb tilla.<\/p>\n<p>20 vjet pasi miniera ka ndalur funksionimin e saj normal, vendburimi konsiderohet si nj\u00eb mbeturin\u00eb n\u00eb t\u00eb cil\u00ebn kan\u00eb ngelur ca minerale dhe ato pla\u00e7kiten me \u00e7do mjet dhe \u00e7do \u00e7mim, p\u00ebrfshi dhe \u00e7mimin e jet\u00ebs. Galerit\u00eb kryesore dhe puset jan\u00eb ato t\u00eb koh\u00ebs s\u00eb komunizmit, ajrimi po ai, ndoshta m\u00eb keq, masat e siguris\u00eb thuajse nuk ekzistojn\u00eb dhe mbi t\u00eb gjitha nuk investohet m\u00eb as p\u00ebr k\u00ebrkim- zbulimin n\u00eb zon\u00eb, p\u00ebrve\u00e7 atyre studimeve q\u00eb jan\u00eb b\u00ebr\u00eb gjat\u00eb koh\u00ebs s\u00eb komunizmit.<\/p>\n<p>Nja nga shum\u00eb arsyet p\u00ebrse ndodh kjo \u00ebsht\u00eb se qeveria shqiptare, bile duke filluar nga periudha e Genc Rulit si Minist\u00ebr Ekonomie, ka cop\u00ebzuar lejet minerare, duke ua ofruar miqve, trafikant\u00ebve t\u00eb r\u00ebndomt\u00eb, njer\u00ebzve t\u00eb fort\u00eb t\u00eb atyre an\u00ebve, gjithkujt q\u00eb premtonte t\u2019i jepte ndonj\u00eb lek n\u00ebn dor\u00eb Ministrit dhe t\u00eb b\u00ebnte ndonj\u00eb lek n\u00eb Bulqiz\u00eb. Me k\u00ebt\u00eb politik\u00eb askush nuk ka menduar, dhe realisht e ka t\u00eb v\u00ebshtir\u00eb t\u00eb mendoj\u00eb p\u00ebr investimet themelore n\u00eb minier\u00eb, p\u00ebr ato investime q\u00eb e mbajn\u00eb gjall\u00eb minier\u00ebn dhe i japin asaj jet\u00eb, si nj\u00eb vend i sigurt ku mund t\u00eb punohet pa rrezikuar n\u00eb k\u00ebto forma ekstreme jet\u00ebn. N\u00eb Bulqiz\u00eb sot kan\u00eb leje minerare s\u00eb paku nja tre kompani mediatike q\u00eb sh\u00ebrbejn\u00eb p\u00ebr t\u2019i mbyllur goj\u00ebn qytetar\u00ebve, dhjet\u00eb gangster\u00eb t\u00eb zon\u00ebs, 20 miq ministrash dhe n\u00eb krye t\u00eb tyre \u00ebsht\u00eb ACR me nj\u00eb leje korruptive t\u00eb l\u00ebshuar n\u00eb m\u00ebnyr\u00eb t\u00eb paligjshme nga Ministri i Ekonomis\u00eb, Genc Ruli, i cili \u00e7udit\u00ebrisht ende nuk po merret i pandehur nga prokuroria p\u00ebr firmosjen e shtyrjes s\u00eb kontrat\u00ebs pa leje t\u00eb parlamentit dhe qeveris\u00eb. Kjo politik\u00eb e shfryt\u00ebzimit t\u00eb atij vendburimi b\u00ebn q\u00eb investimet themelore t\u00eb mungojn\u00eb, ajrimi, transporti i brendsh\u00ebm, armatosja e galerive dhe aspirimi t\u00eb mos jen\u00eb n\u00eb fokus t\u00eb investimeve, por t\u00eb shfryt\u00ebzohen minator\u00ebt p\u00ebr t\u00eb shkuar me \u00e7do \u00e7mim n\u00eb ball\u00eb t\u00eb galeris\u00eb p\u00ebr t\u00eb nxjerr\u00eb at\u00eb krom q\u00eb ka mbetur aty.<\/p>\n<p>Dhe ndodh si\u00e7 ka ndodhur dje, q\u00eb nj\u00eb xhep i fjetur gazrash mes shk\u00ebmbinj, i paparashikuar nga askush, ka shp\u00ebrthyer n\u00eb nj\u00eb galeri pa ajrosje dhe aspirim dhe ka b\u00ebr\u00eb k\u00ebrdin\u00eb. Her\u00eb tjet\u00ebr ka r\u00ebn\u00eb tavani i galeris\u00eb nga mungesa e armatosjes, her\u00eb tjet\u00ebr minator\u00ebt dhe f\u00ebmij\u00eb t\u00eb tyre jan\u00eb varrosur n\u00eb stoqet e mineraleve jasht\u00eb e k\u00ebshtu me radh\u00eb. Duke munguar nj\u00eb politik\u00eb racionale p\u00ebr shfryt\u00ebzimin e vendburimit, dhe duke dh\u00ebn\u00eb me koncesion vet\u00ebm shfryt\u00ebzimin, pa kusht\u00ebzuar me rrept\u00ebsi sh\u00ebrbimet q\u00eb k\u00ebrkon miniera, ne jo vet\u00ebm sot, por dhe n\u00eb dit\u00ebt n\u00eb vazhdim do t\u00eb gjendemi para problemeve t\u00eb tilla q\u00eb do t\u00eb marrin jet\u00eb minator\u00ebsh dhe do t\u00eb vazhdojn\u00eb t\u00eb fryjn\u00eb xhepa ministrash.<\/p>\n<p>P\u00ebrve\u00e7 an\u00ebs teknike dhe siguris\u00eb njer\u00ebzore, kjo m\u00ebnyr\u00eb e t\u00eb shfryt\u00ebzuarit t\u00eb vendburimit \u00ebsht\u00eb dhe nj\u00eb krim p\u00ebrsa i p\u00ebrket cil\u00ebsis\u00eb s\u00eb mineralit q\u00eb shfryt\u00ebzohet. T\u00eb etur p\u00ebr fitime t\u00eb shpejta dhe t\u00eb m\u00ebdha \u201cpronar\u00ebt\u201d e rinj, t\u00eb cil\u00ebt n\u00eb asnj\u00eb rast nuk jan\u00eb inxhinier\u00eb minierash apo profesionist\u00eb t\u00eb gjeologjis\u00eb, udh\u00ebzojn\u00eb pun\u00ebtor\u00ebt t\u00eb marrin vet\u00ebm kromin me cil\u00ebsi t\u00eb lart\u00eb, ndoshta mbi 30 p\u00ebr qind, duke varrosur brenda malit p\u00ebrjet\u00ebsisht pjes\u00ebn tjet\u00ebr t\u00eb kromit q\u00eb mund t\u00eb pasurohej dhe t\u00eb sh\u00ebrbente po aq mir\u00eb si pasuri komb\u00ebtare. Sistemi i shfryt\u00ebzimit t\u00eb atyre minierave \u00ebsht\u00eb i till\u00eb q\u00eb pasi merr mineralin duhet t\u00eb shembesh galerin\u00eb q\u00eb merr mineralin p\u00ebr t\u00eb ruajtur struktur\u00ebn e masivit dhe si rrjedhoj\u00eb n\u00ebse nuk e ke marr\u00eb gjith\u00eb mineralin, nuk e merr dot m\u00eb p\u00ebrjet\u00ebsisht.<\/p>\n<p>T\u00eb gjitha k\u00ebto pasoja t\u00eb r\u00ebnda, q\u00eb nga jeta e njer\u00ebzve e deri tek shkat\u00ebrrimi i pasuris\u00eb komb\u00ebtare vijn\u00eb nga nj\u00eb politik\u00eb e lig\u00eb qeveritare, e cila ka n\u00eb qend\u00ebr t\u00eb saj d\u00ebshir\u00ebn p\u00ebr miliona n\u00eb xhepin e zyrtar\u00ebve dhe jo d\u00ebshir\u00ebn p\u00ebr t\u00eb shfryt\u00ebzuar pasurit\u00eb komb\u00ebtare t\u00eb Shqip\u00ebris\u00eb dhe p\u00ebr t\u00eb leht\u00ebsuar jet\u00ebn e minator\u00ebve atje.<\/p>\n<p>Minator\u00ebt n\u00eb koh\u00ebn q\u00eb miniera shfryt\u00ebzohej normalisht, ishin njer\u00ebzit m\u00eb t\u00eb paguar t\u00eb Shqip\u00ebris\u00eb dhe n\u00eb Bulqiz\u00eb, Krast\u00eb apo qyteza t\u00eb tjera minatore kishte deflacion pasi kishte m\u00eb shum\u00eb para se sa kishte mall n\u00eb qytete. Sot n\u00eb ato qyteza minator\u00ebt marrin buk\u00ebn me lista dhe nj\u00eb her\u00eb n\u00eb muaj varrosin nga nj\u00eb shok. N\u00eb vend t\u00eb rreth 1 mij\u00eb e ca inxhinier\u00ebve q\u00eb punonin n\u00eb at\u00eb masiv dhe zonat p\u00ebrreth, sot ke rreth 40 gangster\u00eb me fuoristrada, q\u00eb flasin gjith\u00eb dit\u00ebn me ministrat dhe ish ministrat e Ekonomis\u00eb n\u00eb telefon dhe varrosin brenda malit jet\u00eb njer\u00ebzish.<\/p>\n<p>Kjo histori duhet t\u00eb ndalet sot dhe menj\u00ebher\u00eb. \u00cbsht\u00eb fyese t\u00eb mendosh se Nasip Na\u00e7o, i cili e ka mendjen t\u00eb rrjep\u00eb ndonj\u00eb uzin\u00eb q\u00eb ka mbetur ende n\u00eb k\u00ebmb\u00eb p\u00ebr skrap, t\u00eb kuptoj\u00eb se \u00e7\u2019duhet b\u00ebr\u00eb n\u00eb Bulqiz\u00eb. \u00cbsht\u00eb e turpshme q\u00eb hajdut\u00eb pulash t\u00eb shkojn\u00eb e t\u00eb krekosen si gjela para minator\u00ebve p\u00ebr tu dh\u00ebn\u00eb shpres\u00eb se do ta rregullojn\u00eb t\u00eb ardhmen e tyre. Bashk\u00eb me minatorin e vrar\u00eb duhet t\u00eb ndalet sot jeta e atij kantieri vdekjeprur\u00ebs p\u00ebr ta rikonceptuar si nj\u00eb vendburim, n\u00eb t\u00eb cilin duhet t\u00eb investohet p\u00ebr tu shfryt\u00ebzuar dhe jo duhet shfryt\u00ebzuar p\u00ebr t\u00eb investuar parat\u00eb n\u00eb bizneset e tjera t\u00eb ministrave tan\u00eb t\u00eb Ekonomis\u00eb, n\u00eb vila q\u00eb nisin nga Gjiri i Lalzit dhe mbarojn\u00eb n\u00eb Fark\u00eb.<\/p>\n<p>I g\u00ebnjen mendja ata q\u00eb mendojn\u00eb se aksidenti i ndodhi ACR dhe jo dikujt tjet\u00ebr. \u00c7do dit\u00eb t\u00eb gjith\u00eb jan\u00eb t\u00eb rrezikuar t\u00eb jen\u00eb t\u00eb vdekur, n\u00ebse ai vendburim nuk shfryt\u00ebzohet pasi n\u00eb t\u00eb t\u00eb jet\u00eb investuar p\u00ebr k\u00ebrkimin, zbulimin, sigurin\u00eb dhe shfryt\u00ebzimin racional t\u00eb tij. Ajo q\u00eb ne sot i themi minier\u00eb kromi n\u00eb fakt \u00ebsht\u00eb varrez\u00eb minator\u00ebsh. Rikthimi i saj n\u00eb minier\u00eb k\u00ebrkon q\u00eb t\u00eb hiqet nga duart e ish- ministrave t\u00eb Ekonomis\u00eb q\u00eb kan\u00eb zgjatur aty kthetrat e vdekjes p\u00ebr t\u00eb mbushur xhepat e tyre dhe p\u00ebr t\u00eb zbrazur xhepat dhe shpirtrat e minator\u00ebve.<\/p>\n","protected":false},"excerpt":{"rendered":"<p>Nga Mero Baze, 18 Tetor 2011 Nj\u00eb tjet\u00ebr minator ka humbur jet\u00ebn dhe 8 t\u00eb tjer\u00eb jan\u00eb plagosur r\u00ebnd\u00eb pasi nj\u00eb xhep gazrash t\u00eb fjetur ka shp\u00ebrthyer n\u00eb nj\u00eb nga galerit\u00eb e saj. Viktimat pasojn\u00eb dhjet\u00ebra t\u00eb vrar\u00eb dhe qindra t\u00eb l\u00ebnduar gjat\u00eb k\u00ebtyre viteve, ku n\u00eb at\u00eb minier\u00eb punohet si nj\u00eb han pa porta [&hellip;]<\/p>\n","protected":false},"author":1,"featured_media":0,"comment_status":"open","ping_status":"closed","sticky":false,"template":"","format":"standard","meta":{"footnotes":""},"categories":[2],"tags":[],"class_list":{"0":"post-11054","1":"post","2":"type-post","3":"status-publish","4":"format-standard","6":"category-artikuj"},"yoast_head":"<!-- This site is optimized with the Yoast SEO plugin v27.4 - https:\/\/yoast.com\/product\/yoast-seo-wordpress\/ -->\n<title>Q\u00eb Bulqiza t\u00eb rikthehet nga Varrez\u00eb n\u00eb Minier\u00eb - FjALA e LIR\u00cb - Arkivi<\/title>\n<meta name=\"robots\" content=\"index, follow, max-snippet:-1, max-image-preview:large, max-video-preview:-1\" \/>\n<link rel=\"canonical\" href=\"https:\/\/fjala.info\/2009-2015\/qe-bulqiza-te-rikthehet-nga-varreze-ne-miniere\/\" \/>\n<meta property=\"og:locale\" content=\"sq_AL\" \/>\n<meta property=\"og:type\" content=\"article\" \/>\n<meta property=\"og:title\" content=\"Q\u00eb Bulqiza t\u00eb rikthehet nga Varrez\u00eb n\u00eb Minier\u00eb - FjALA e LIR\u00cb - Arkivi\" \/>\n<meta property=\"og:description\" content=\"Nga Mero Baze, 18 Tetor 2011 Nj\u00eb tjet\u00ebr minator ka humbur jet\u00ebn dhe 8 t\u00eb tjer\u00eb jan\u00eb plagosur r\u00ebnd\u00eb pasi nj\u00eb xhep gazrash t\u00eb fjetur ka shp\u00ebrthyer n\u00eb nj\u00eb nga galerit\u00eb e saj. Viktimat pasojn\u00eb dhjet\u00ebra t\u00eb vrar\u00eb dhe qindra t\u00eb l\u00ebnduar gjat\u00eb k\u00ebtyre viteve, ku n\u00eb at\u00eb minier\u00eb punohet si nj\u00eb han pa porta [&hellip;]\" \/>\n<meta property=\"og:url\" content=\"https:\/\/fjala.info\/2009-2015\/qe-bulqiza-te-rikthehet-nga-varreze-ne-miniere\/\" \/>\n<meta property=\"og:site_name\" content=\"FjALA e LIR\u00cb - Arkivi\" \/>\n<meta property=\"article:published_time\" content=\"2011-10-19T09:09:35+00:00\" \/>\n<meta property=\"og:image\" content=\"http:\/\/www.shkoder.net\/images\/fjala\/mero_baze1.jpg\" \/>\n<meta name=\"author\" content=\"admin\" \/>\n<meta name=\"twitter:card\" content=\"summary_large_image\" \/>\n<meta name=\"twitter:label1\" content=\"Written by\" \/>\n\t<meta name=\"twitter:data1\" content=\"admin\" \/>\n\t<meta name=\"twitter:label2\" content=\"Est. reading time\" \/>\n\t<meta name=\"twitter:data2\" content=\"7 minutes\" \/>\n<script type=\"application\/ld+json\" class=\"yoast-schema-graph\">{\"@context\":\"https:\\\/\\\/schema.org\",\"@graph\":[{\"@type\":\"Article\",\"@id\":\"https:\\\/\\\/fjala.info\\\/2009-2015\\\/qe-bulqiza-te-rikthehet-nga-varreze-ne-miniere\\\/#article\",\"isPartOf\":{\"@id\":\"https:\\\/\\\/fjala.info\\\/2009-2015\\\/qe-bulqiza-te-rikthehet-nga-varreze-ne-miniere\\\/\"},\"author\":{\"name\":\"admin\",\"@id\":\"https:\\\/\\\/fjala.info\\\/2009-2015\\\/#\\\/schema\\\/person\\\/3aa1163ef05469c496fc94e77611ada2\"},\"headline\":\"Q\u00eb Bulqiza t\u00eb rikthehet nga Varrez\u00eb n\u00eb Minier\u00eb\",\"datePublished\":\"2011-10-19T09:09:35+00:00\",\"mainEntityOfPage\":{\"@id\":\"https:\\\/\\\/fjala.info\\\/2009-2015\\\/qe-bulqiza-te-rikthehet-nga-varreze-ne-miniere\\\/\"},\"wordCount\":1356,\"commentCount\":0,\"publisher\":{\"@id\":\"https:\\\/\\\/fjala.info\\\/2009-2015\\\/#organization\"},\"image\":{\"@id\":\"https:\\\/\\\/fjala.info\\\/2009-2015\\\/qe-bulqiza-te-rikthehet-nga-varreze-ne-miniere\\\/#primaryimage\"},\"thumbnailUrl\":\"http:\\\/\\\/www.shkoder.net\\\/images\\\/fjala\\\/mero_baze1.jpg\",\"articleSection\":[\"Artikuj\"],\"inLanguage\":\"sq-AL\",\"potentialAction\":[{\"@type\":\"CommentAction\",\"name\":\"Comment\",\"target\":[\"https:\\\/\\\/fjala.info\\\/2009-2015\\\/qe-bulqiza-te-rikthehet-nga-varreze-ne-miniere\\\/#respond\"]}]},{\"@type\":\"WebPage\",\"@id\":\"https:\\\/\\\/fjala.info\\\/2009-2015\\\/qe-bulqiza-te-rikthehet-nga-varreze-ne-miniere\\\/\",\"url\":\"https:\\\/\\\/fjala.info\\\/2009-2015\\\/qe-bulqiza-te-rikthehet-nga-varreze-ne-miniere\\\/\",\"name\":\"Q\u00eb Bulqiza t\u00eb rikthehet nga Varrez\u00eb n\u00eb Minier\u00eb - FjALA e LIR\u00cb - Arkivi\",\"isPartOf\":{\"@id\":\"https:\\\/\\\/fjala.info\\\/2009-2015\\\/#website\"},\"primaryImageOfPage\":{\"@id\":\"https:\\\/\\\/fjala.info\\\/2009-2015\\\/qe-bulqiza-te-rikthehet-nga-varreze-ne-miniere\\\/#primaryimage\"},\"image\":{\"@id\":\"https:\\\/\\\/fjala.info\\\/2009-2015\\\/qe-bulqiza-te-rikthehet-nga-varreze-ne-miniere\\\/#primaryimage\"},\"thumbnailUrl\":\"http:\\\/\\\/www.shkoder.net\\\/images\\\/fjala\\\/mero_baze1.jpg\",\"datePublished\":\"2011-10-19T09:09:35+00:00\",\"breadcrumb\":{\"@id\":\"https:\\\/\\\/fjala.info\\\/2009-2015\\\/qe-bulqiza-te-rikthehet-nga-varreze-ne-miniere\\\/#breadcrumb\"},\"inLanguage\":\"sq-AL\",\"potentialAction\":[{\"@type\":\"ReadAction\",\"target\":[\"https:\\\/\\\/fjala.info\\\/2009-2015\\\/qe-bulqiza-te-rikthehet-nga-varreze-ne-miniere\\\/\"]}]},{\"@type\":\"ImageObject\",\"inLanguage\":\"sq-AL\",\"@id\":\"https:\\\/\\\/fjala.info\\\/2009-2015\\\/qe-bulqiza-te-rikthehet-nga-varreze-ne-miniere\\\/#primaryimage\",\"url\":\"http:\\\/\\\/www.shkoder.net\\\/images\\\/fjala\\\/mero_baze1.jpg\",\"contentUrl\":\"http:\\\/\\\/www.shkoder.net\\\/images\\\/fjala\\\/mero_baze1.jpg\"},{\"@type\":\"BreadcrumbList\",\"@id\":\"https:\\\/\\\/fjala.info\\\/2009-2015\\\/qe-bulqiza-te-rikthehet-nga-varreze-ne-miniere\\\/#breadcrumb\",\"itemListElement\":[{\"@type\":\"ListItem\",\"position\":1,\"name\":\"Home\",\"item\":\"https:\\\/\\\/fjala.info\\\/2009-2015\\\/\"},{\"@type\":\"ListItem\",\"position\":2,\"name\":\"Q\u00eb Bulqiza t\u00eb rikthehet nga Varrez\u00eb n\u00eb Minier\u00eb\"}]},{\"@type\":\"WebSite\",\"@id\":\"https:\\\/\\\/fjala.info\\\/2009-2015\\\/#website\",\"url\":\"https:\\\/\\\/fjala.info\\\/2009-2015\\\/\",\"name\":\"FjALA e LIR\u00cb - Arkivi\",\"description\":\"Arkivi 2009-2015\",\"publisher\":{\"@id\":\"https:\\\/\\\/fjala.info\\\/2009-2015\\\/#organization\"},\"potentialAction\":[{\"@type\":\"SearchAction\",\"target\":{\"@type\":\"EntryPoint\",\"urlTemplate\":\"https:\\\/\\\/fjala.info\\\/2009-2015\\\/?s={search_term_string}\"},\"query-input\":{\"@type\":\"PropertyValueSpecification\",\"valueRequired\":true,\"valueName\":\"search_term_string\"}}],\"inLanguage\":\"sq-AL\"},{\"@type\":\"Organization\",\"@id\":\"https:\\\/\\\/fjala.info\\\/2009-2015\\\/#organization\",\"name\":\"FjALA e LIR\u00cb - Arkivi\",\"url\":\"https:\\\/\\\/fjala.info\\\/2009-2015\\\/\",\"logo\":{\"@type\":\"ImageObject\",\"inLanguage\":\"sq-AL\",\"@id\":\"https:\\\/\\\/fjala.info\\\/2009-2015\\\/#\\\/schema\\\/logo\\\/image\\\/\",\"url\":\"\",\"contentUrl\":\"\",\"caption\":\"FjALA e LIR\u00cb - Arkivi\"},\"image\":{\"@id\":\"https:\\\/\\\/fjala.info\\\/2009-2015\\\/#\\\/schema\\\/logo\\\/image\\\/\"}},{\"@type\":\"Person\",\"@id\":\"https:\\\/\\\/fjala.info\\\/2009-2015\\\/#\\\/schema\\\/person\\\/3aa1163ef05469c496fc94e77611ada2\",\"name\":\"admin\",\"image\":{\"@type\":\"ImageObject\",\"inLanguage\":\"sq-AL\",\"@id\":\"https:\\\/\\\/fjala.info\\\/2009-2015\\\/wp-content\\\/uploads\\\/2012\\\/02\\\/arben_cokaj-120x150.jpg\",\"url\":\"https:\\\/\\\/fjala.info\\\/2009-2015\\\/wp-content\\\/uploads\\\/2012\\\/02\\\/arben_cokaj-120x150.jpg\",\"contentUrl\":\"https:\\\/\\\/fjala.info\\\/2009-2015\\\/wp-content\\\/uploads\\\/2012\\\/02\\\/arben_cokaj-120x150.jpg\",\"caption\":\"admin\"},\"description\":\"Admin, Fjala e Lir\u00eb\",\"sameAs\":[\"https:\\\/\\\/fjala.info\\\/\"],\"url\":\"https:\\\/\\\/fjala.info\\\/2009-2015\\\/author\\\/admin\\\/\"}]}<\/script>\n<!-- \/ Yoast SEO plugin. -->","yoast_head_json":{"title":"Q\u00eb Bulqiza t\u00eb rikthehet nga Varrez\u00eb n\u00eb Minier\u00eb - FjALA e LIR\u00cb - Arkivi","robots":{"index":"index","follow":"follow","max-snippet":"max-snippet:-1","max-image-preview":"max-image-preview:large","max-video-preview":"max-video-preview:-1"},"canonical":"https:\/\/fjala.info\/2009-2015\/qe-bulqiza-te-rikthehet-nga-varreze-ne-miniere\/","og_locale":"sq_AL","og_type":"article","og_title":"Q\u00eb Bulqiza t\u00eb rikthehet nga Varrez\u00eb n\u00eb Minier\u00eb - FjALA e LIR\u00cb - Arkivi","og_description":"Nga Mero Baze, 18 Tetor 2011 Nj\u00eb tjet\u00ebr minator ka humbur jet\u00ebn dhe 8 t\u00eb tjer\u00eb jan\u00eb plagosur r\u00ebnd\u00eb pasi nj\u00eb xhep gazrash t\u00eb fjetur ka shp\u00ebrthyer n\u00eb nj\u00eb nga galerit\u00eb e saj. Viktimat pasojn\u00eb dhjet\u00ebra t\u00eb vrar\u00eb dhe qindra t\u00eb l\u00ebnduar gjat\u00eb k\u00ebtyre viteve, ku n\u00eb at\u00eb minier\u00eb punohet si nj\u00eb han pa porta [&hellip;]","og_url":"https:\/\/fjala.info\/2009-2015\/qe-bulqiza-te-rikthehet-nga-varreze-ne-miniere\/","og_site_name":"FjALA e LIR\u00cb - Arkivi","article_published_time":"2011-10-19T09:09:35+00:00","og_image":[{"url":"http:\/\/www.shkoder.net\/images\/fjala\/mero_baze1.jpg","type":"","width":"","height":""}],"author":"admin","twitter_card":"summary_large_image","twitter_misc":{"Written by":"admin","Est. reading time":"7 minutes"},"schema":{"@context":"https:\/\/schema.org","@graph":[{"@type":"Article","@id":"https:\/\/fjala.info\/2009-2015\/qe-bulqiza-te-rikthehet-nga-varreze-ne-miniere\/#article","isPartOf":{"@id":"https:\/\/fjala.info\/2009-2015\/qe-bulqiza-te-rikthehet-nga-varreze-ne-miniere\/"},"author":{"name":"admin","@id":"https:\/\/fjala.info\/2009-2015\/#\/schema\/person\/3aa1163ef05469c496fc94e77611ada2"},"headline":"Q\u00eb Bulqiza t\u00eb rikthehet nga Varrez\u00eb n\u00eb Minier\u00eb","datePublished":"2011-10-19T09:09:35+00:00","mainEntityOfPage":{"@id":"https:\/\/fjala.info\/2009-2015\/qe-bulqiza-te-rikthehet-nga-varreze-ne-miniere\/"},"wordCount":1356,"commentCount":0,"publisher":{"@id":"https:\/\/fjala.info\/2009-2015\/#organization"},"image":{"@id":"https:\/\/fjala.info\/2009-2015\/qe-bulqiza-te-rikthehet-nga-varreze-ne-miniere\/#primaryimage"},"thumbnailUrl":"http:\/\/www.shkoder.net\/images\/fjala\/mero_baze1.jpg","articleSection":["Artikuj"],"inLanguage":"sq-AL","potentialAction":[{"@type":"CommentAction","name":"Comment","target":["https:\/\/fjala.info\/2009-2015\/qe-bulqiza-te-rikthehet-nga-varreze-ne-miniere\/#respond"]}]},{"@type":"WebPage","@id":"https:\/\/fjala.info\/2009-2015\/qe-bulqiza-te-rikthehet-nga-varreze-ne-miniere\/","url":"https:\/\/fjala.info\/2009-2015\/qe-bulqiza-te-rikthehet-nga-varreze-ne-miniere\/","name":"Q\u00eb Bulqiza t\u00eb rikthehet nga Varrez\u00eb n\u00eb Minier\u00eb - FjALA e LIR\u00cb - Arkivi","isPartOf":{"@id":"https:\/\/fjala.info\/2009-2015\/#website"},"primaryImageOfPage":{"@id":"https:\/\/fjala.info\/2009-2015\/qe-bulqiza-te-rikthehet-nga-varreze-ne-miniere\/#primaryimage"},"image":{"@id":"https:\/\/fjala.info\/2009-2015\/qe-bulqiza-te-rikthehet-nga-varreze-ne-miniere\/#primaryimage"},"thumbnailUrl":"http:\/\/www.shkoder.net\/images\/fjala\/mero_baze1.jpg","datePublished":"2011-10-19T09:09:35+00:00","breadcrumb":{"@id":"https:\/\/fjala.info\/2009-2015\/qe-bulqiza-te-rikthehet-nga-varreze-ne-miniere\/#breadcrumb"},"inLanguage":"sq-AL","potentialAction":[{"@type":"ReadAction","target":["https:\/\/fjala.info\/2009-2015\/qe-bulqiza-te-rikthehet-nga-varreze-ne-miniere\/"]}]},{"@type":"ImageObject","inLanguage":"sq-AL","@id":"https:\/\/fjala.info\/2009-2015\/qe-bulqiza-te-rikthehet-nga-varreze-ne-miniere\/#primaryimage","url":"http:\/\/www.shkoder.net\/images\/fjala\/mero_baze1.jpg","contentUrl":"http:\/\/www.shkoder.net\/images\/fjala\/mero_baze1.jpg"},{"@type":"BreadcrumbList","@id":"https:\/\/fjala.info\/2009-2015\/qe-bulqiza-te-rikthehet-nga-varreze-ne-miniere\/#breadcrumb","itemListElement":[{"@type":"ListItem","position":1,"name":"Home","item":"https:\/\/fjala.info\/2009-2015\/"},{"@type":"ListItem","position":2,"name":"Q\u00eb Bulqiza t\u00eb rikthehet nga Varrez\u00eb n\u00eb Minier\u00eb"}]},{"@type":"WebSite","@id":"https:\/\/fjala.info\/2009-2015\/#website","url":"https:\/\/fjala.info\/2009-2015\/","name":"FjALA e LIR\u00cb - Arkivi","description":"Arkivi 2009-2015","publisher":{"@id":"https:\/\/fjala.info\/2009-2015\/#organization"},"potentialAction":[{"@type":"SearchAction","target":{"@type":"EntryPoint","urlTemplate":"https:\/\/fjala.info\/2009-2015\/?s={search_term_string}"},"query-input":{"@type":"PropertyValueSpecification","valueRequired":true,"valueName":"search_term_string"}}],"inLanguage":"sq-AL"},{"@type":"Organization","@id":"https:\/\/fjala.info\/2009-2015\/#organization","name":"FjALA e LIR\u00cb - Arkivi","url":"https:\/\/fjala.info\/2009-2015\/","logo":{"@type":"ImageObject","inLanguage":"sq-AL","@id":"https:\/\/fjala.info\/2009-2015\/#\/schema\/logo\/image\/","url":"","contentUrl":"","caption":"FjALA e LIR\u00cb - Arkivi"},"image":{"@id":"https:\/\/fjala.info\/2009-2015\/#\/schema\/logo\/image\/"}},{"@type":"Person","@id":"https:\/\/fjala.info\/2009-2015\/#\/schema\/person\/3aa1163ef05469c496fc94e77611ada2","name":"admin","image":{"@type":"ImageObject","inLanguage":"sq-AL","@id":"https:\/\/fjala.info\/2009-2015\/wp-content\/uploads\/2012\/02\/arben_cokaj-120x150.jpg","url":"https:\/\/fjala.info\/2009-2015\/wp-content\/uploads\/2012\/02\/arben_cokaj-120x150.jpg","contentUrl":"https:\/\/fjala.info\/2009-2015\/wp-content\/uploads\/2012\/02\/arben_cokaj-120x150.jpg","caption":"admin"},"description":"Admin, Fjala e Lir\u00eb","sameAs":["https:\/\/fjala.info\/"],"url":"https:\/\/fjala.info\/2009-2015\/author\/admin\/"}]}},"_links":{"self":[{"href":"https:\/\/fjala.info\/2009-2015\/wp-json\/wp\/v2\/posts\/11054","targetHints":{"allow":["GET"]}}],"collection":[{"href":"https:\/\/fjala.info\/2009-2015\/wp-json\/wp\/v2\/posts"}],"about":[{"href":"https:\/\/fjala.info\/2009-2015\/wp-json\/wp\/v2\/types\/post"}],"author":[{"embeddable":true,"href":"https:\/\/fjala.info\/2009-2015\/wp-json\/wp\/v2\/users\/1"}],"replies":[{"embeddable":true,"href":"https:\/\/fjala.info\/2009-2015\/wp-json\/wp\/v2\/comments?post=11054"}],"version-history":[{"count":0,"href":"https:\/\/fjala.info\/2009-2015\/wp-json\/wp\/v2\/posts\/11054\/revisions"}],"wp:attachment":[{"href":"https:\/\/fjala.info\/2009-2015\/wp-json\/wp\/v2\/media?parent=11054"}],"wp:term":[{"taxonomy":"category","embeddable":true,"href":"https:\/\/fjala.info\/2009-2015\/wp-json\/wp\/v2\/categories?post=11054"},{"taxonomy":"post_tag","embeddable":true,"href":"https:\/\/fjala.info\/2009-2015\/wp-json\/wp\/v2\/tags?post=11054"}],"curies":[{"name":"wp","href":"https:\/\/api.w.org\/{rel}","templated":true}]}}