{"id":11052,"date":"2011-10-19T10:05:54","date_gmt":"2011-10-19T09:05:54","guid":{"rendered":"http:\/\/fjala.shkoder.net\/?p=11052"},"modified":"2011-10-19T10:05:54","modified_gmt":"2011-10-19T09:05:54","slug":"intervista-rexhep-qosja-berisha-e-ka-kthyer-shqiperine-ne-nje-autokraci-blegtorale","status":"publish","type":"post","link":"https:\/\/fjala.info\/2009-2015\/intervista-rexhep-qosja-berisha-e-ka-kthyer-shqiperine-ne-nje-autokraci-blegtorale\/","title":{"rendered":"INTERVISTA\/ Rexhep Qosja: Berisha e ka kthyer Shqip\u00ebrin\u00eb n\u00eb nj\u00eb autokraci blegtorale"},"content":{"rendered":"<p><img decoding=\"async\" class=\"alignright size-thumbnail wp-image-7236\" title=\"Rexhep Qosja\" src=\"http:\/\/www.shkoder.net\/images\/fjala\/2011\/rexhep_qosja1.jpg\" alt=\"\" width=\"300\" \/> <strong>TemA Online<\/strong>, <em>19 Tetor 2011<\/em><\/p>\n<p>N\u00eb nj\u00eb koh\u00eb me zhvillime t\u00eb r\u00ebnd\u00ebsishme politike, si mosmarrja e statusit t\u00eb vendit kandidat p\u00ebr n\u00eb BE, por edhe me sherre t\u00eb pafundme midis pal\u00ebve gjithnj\u00eb n\u00eb konflikt, me nj\u00eb gjendje t\u00eb acaruar n\u00eb Veriun e Kosov\u00ebs etj., etj., mendimi i Akademikut Rexhep Qosja, nj\u00eb prej mendjeve m\u00eb t\u00eb ndritura t\u00eb k\u00ebtij kombi, merr nj\u00eb r\u00ebnd\u00ebsi t\u00eb ve\u00e7ant\u00eb. E quajn\u00eb kritikues, e konsiderojn\u00eb t\u00eb ashp\u00ebr n\u00eb q\u00ebndrimet q\u00eb mban shpesh ndaj klas\u00ebs politike n\u00eb Shqip\u00ebri e Kosov\u00eb, por m\u00eb t\u00eb shumt\u00ebt mendojn\u00eb se ai kritikon dhe \u00ebsht\u00eb i rrept\u00eb ngaq\u00eb e do p\u00ebrparimin e k\u00ebtij kombi si rrall\u00ebkush tjet\u00ebr.<\/p>\n<p>I hapur, i drejtp\u00ebrdrejt, kurajoz dhe largpam\u00ebs paraqitet ai edhe n\u00eb k\u00ebt\u00eb intervist\u00eb ekskluzive p\u00ebr gazet\u00ebn \u201cTelegraf\u201d. I pak\u00ebnaqur nga qeverisja dhe drejtimi i k\u00ebsaj klase politike, i pyetur p\u00ebr nj\u00eb debat t\u00eb mundsh\u00ebm publik midis Ram\u00ebs dhe Berish\u00ebs, Prof. Qosja e p\u00ebrmbledh mendimin e tij me k\u00ebto fjal\u00eb tep\u00ebr dometh\u00ebn\u00ebse: N\u00eb vend q\u00eb t\u00eb humbja koh\u00ebn duke e shikuar dhe d\u00ebgjuar at\u00eb debat, un\u00eb do t\u00eb lexoja, n\u00eb t\u00eb v\u00ebrtet\u00eb do t\u00eb rilexoja, romanin e Balzakut, \u201cShk\u00eblqimi dhe mjerimi i lavireve\u201d. M\u00eb tej n\u00eb k\u00ebt\u00eb intervist\u00eb, Prof. Qosja flet p\u00ebr \u00e7\u00ebshtjen e regjistrimit t\u00eb popullsis\u00eb, p\u00ebr gar\u00ebn n\u00eb Shqip\u00ebri p\u00ebr President, duke b\u00ebr\u00eb dhe nj\u00eb portretizim t\u00eb kandidat\u00ebve t\u00eb mundsh\u00ebm. Gjithsesi, ai ndihet optimist n\u00eb t\u00eb ardhmen europiane t\u00eb shqiptar\u00ebve.<\/p>\n<p><strong>Pavar\u00ebsisht se n\u00eb dukje kemi nj\u00eb zbutje t\u00eb klim\u00ebs politike n\u00eb vend, tensioni vazhdon dhe n\u00eb t\u00eb v\u00ebrtet\u00eb nuk \u00ebsht\u00eb sh\u00ebnuar asnj\u00eb hap p\u00ebrpara n\u00eb bashk\u00ebpunimin midis dy forcave m\u00eb t\u00eb m\u00ebdha politike, PD dhe PS. Si e konsideroni ju k\u00ebt\u00eb gjendje?<\/strong><\/p>\n<p>&#8211; Jo, mjerisht, nuk ka zbutje n\u00eb klim\u00ebn politike, nuk ka bashk\u00ebpunim midis dy forcave m\u00eb t\u00eb m\u00ebdha politike, nuk ka ndryshime n\u00eb mendimet dhe n\u00eb sjelljet e prij\u00ebsve t\u00eb k\u00ebtyre dy forcave politike. Dhe, si\u00e7 duken pun\u00ebt, sot p\u00ebr sot nuk mund t\u00eb k\u00ebt\u00eb aq ndryshim n\u00eb mendimet dhe n\u00eb sjelljet e tyre, as bashk\u00ebpunim midis tyre! K\u00ebto forca politike p\u00ebrfaq\u00ebsojn\u00eb koncepte kryesisht t\u00eb ndryshme t\u00eb salduara me mosdurim t\u00eb nd\u00ebrsjell\u00eb politik; ato p\u00ebrfaq\u00ebsojn\u00eb konceptin liberal- nj\u00ebra dhe konceptin autoritar \u2013 tjetra. Me Sali Berish\u00ebn n\u00eb krye t\u00eb PD-s\u00eb, Shqip\u00ebria do t\u00eb vazhdoj\u00eb t\u00eb vuaj\u00eb kriz\u00eb t\u00eb r\u00ebnd\u00eb t\u00eb p\u00ebrgjithshme: politike, parlamentare, shoq\u00ebrore, morale, sepse demokracia rurale e arnuar me kok\u00ebn e duart e tij \u00ebsht\u00eb e sunduar n\u00eb m\u00ebnyr\u00eb autokratike!<\/p>\n<p><strong>&#8211; Duket se n\u00eb themel t\u00eb k\u00ebsaj krize, apo ng\u00ebr\u00e7i, si\u00e7 thon\u00eb nd\u00ebrkomb\u00ebtar\u00ebt, q\u00ebndrojn\u00eb problemet me dy zgjedhjet e fundit, ku Shqip\u00ebria nuk ka sh\u00ebnuar progres n\u00eb lidhje me standardet. K\u00eb b\u00ebni p\u00ebrgjegj\u00ebs p\u00ebr k\u00ebt\u00eb kriz\u00eb dhe pse?<\/strong><\/p>\n<p>&#8211; Kam shkruar n\u00eb pranver\u00eb n\u00eb Gazet\u00ebn shqiptare dhe po e p\u00ebrs\u00ebris: gjendjen e sotme n\u00eb Shqip\u00ebri e konsideroj gjendje krize t\u00eb vazhdueshme: gjendje t\u00eb kriz\u00ebs politike, parlamentare, shoq\u00ebrore, morale. Fjala \u201cng\u00ebr\u00e7\u201d n\u00eb t\u00eb v\u00ebrtet\u00eb \u00ebsht\u00eb eufemiz\u00ebm q\u00eb kan\u00eb futur n\u00eb p\u00ebrdorim demagog\u00ebt \u2013 kryesit e pun\u00ebve t\u00eb pista t\u00eb kryeministrit dhe e kan\u00eb futur p\u00ebr ta b\u00ebr\u00eb t\u00eb shp\u00ebrfillshme kriz\u00ebn q\u00eb sundon Shqip\u00ebrin\u00eb sot. Fjala \u201cng\u00ebr\u00e7\u201d \u00ebsht\u00eb fjal\u00eb e anatomis\u00eb, plot\u00ebsisht banale p\u00ebr t\u00eb sh\u00ebnuar me t\u00eb gjendjen politike. Shikojeni Fjalorin e Gjuh\u00ebs s\u00eb Sotme Shqipe? Shikojini fjalor\u00ebt terminologjik\u00eb t\u00eb politik\u00ebs a sociologjis\u00eb: ng\u00ebr\u00e7et nuk p\u00ebrdoren p\u00ebr t\u00eb karakterizuar kund\u00ebrshtit\u00eb politike, ekonomike, financiare, shoq\u00ebrore, morale n\u00eb nj\u00eb shtet e n\u00eb nj\u00eb shoq\u00ebri.<\/p>\n<p>Ato jan\u00eb nocione t\u00eb mashtruesve dhe diletant\u00ebve politik\u00eb. Kund\u00ebrshtit\u00eb politike dhe ekonomike n\u00eb Shqip\u00ebri jan\u00eb aq t\u00eb ashp\u00ebrsuara saq\u00eb gjendjen e saj mund ta quajm\u00eb jo vet\u00ebm kriz\u00eb, po edhe kriz\u00eb e r\u00ebnd\u00eb. N\u00eb themelet e k\u00ebsaj krize t\u00eb rend\u00eb, t\u00eb p\u00ebrgjithshme, nuk q\u00ebndrojn\u00eb vet\u00ebm dy zgjedhjet e fundit, n\u00eb t\u00eb cilat Shqip\u00ebria nuk ka p\u00ebrmbushur standardet demokratike. N\u00eb themelet e k\u00ebsaj krize t\u00eb r\u00ebnd\u00eb, t\u00eb vazhdueshme, q\u00ebndrojn\u00eb kund\u00ebrshti t\u00eb ashpra, pothuaj t\u00eb papajtueshme sot, politike, ekonomike, shoq\u00ebrore. Keqp\u00ebrdorimi i vullnetit zgjedhor t\u00eb popullit, parregullsit\u00eb n\u00eb zgjedhje, p\u00ebrdorimi i policis\u00eb dhe i administrat\u00ebs nga ana e Sali Berish\u00ebs p\u00ebr t\u00eb siguruar fitore n\u00eb zgjedhjet, falsifikimet e dokumenteve vetjake, votimet e t\u00eb vdekurve, votimet e ngadisahershme t\u00eb t\u00eb nj\u00ebjtit njeri, shantazhimet, k\u00ebrc\u00ebnimet \u2013 dhuna, num\u00ebrimi dhunues i flet\u00ebvotimeve jo p\u00ebr her\u00eb t\u00eb par\u00eb sivjet dhe jo vet\u00ebm n\u00eb Tiran\u00eb \u2013 t\u00eb gjitha k\u00ebto jan\u00eb vet\u00ebm mbulesa e dukshme e kund\u00ebrth\u00ebnieve t\u00eb brendshme q\u00eb karakterizojn\u00eb shoq\u00ebrin\u00eb shqiptare sot.<\/p>\n<p>Edhe kontrolli i pam\u00ebshirsh\u00ebm, i eg\u00ebr, i gjyq\u00ebsorit nga ana e kryeministrit; edhe p\u00ebrpjekjet e kryeministrit p\u00ebr t\u00eb v\u00ebn\u00eb n\u00ebn kontroll SHIK-un; edhe kontrolli i pand\u00ebrprer\u00eb i kryeministrit ndaj hetimeve t\u00eb tragjedis\u00eb s\u00eb G\u00ebrdecit, n\u00eb t\u00eb cil\u00ebn jan\u00eb t\u00eb p\u00ebrzier edhe i biri i tij, edhe trumbetuesi i tij medial, edhe ish-ministri i tij i Mbrojtjes; edhe fyerjet banale, primitive, q\u00eb kryeministri ia drejton Kryeprokurores s\u00eb Shqip\u00ebris\u00eb; edhe kthimi i disa televizioneve e i disa gazetave n\u00eb televizione e n\u00eb gazeta sh\u00ebrbyese t\u00eb tij, duke u krijuar privilegje a duke i bler\u00eb me financat e tajkun\u00ebve besnik\u00eb dhe, ashtu, duke i privuar prej \u00e7do morali t\u00eb gazetaris\u00eb \u2013 t\u00eb gjitha k\u00ebto jan\u00eb t\u00eb zezat e \u201cvogla\u201d me t\u00eb cilat vet\u00ebm sa mbulohen kund\u00ebrshtit\u00eb e brendshme shoq\u00ebrore! Edhe nxitja e mospajtimeve me gjuh\u00ebn e nj\u00ebsuar letrare komb\u00ebtare, dometh\u00ebn\u00eb me gjuh\u00ebn standarde, jan\u00eb tjet\u00ebr e keqe e \u201cvog\u00ebl\u201d me t\u00eb cil\u00ebn mbulohen ato kund\u00ebrshtit\u00eb e ashpra shoq\u00ebrore. Cilat jan\u00eb k\u00ebto kund\u00ebrshti?<\/p>\n<p>K\u00ebto jan\u00eb kund\u00ebrshtit\u00eb e egra nd\u00ebrmjet klas\u00ebs s\u00eb lart\u00eb politike dhe tajkun\u00ebve, bashk\u00ebrisht, n\u00eb bashk\u00ebpunim, t\u00eb pasuruar me vjedhje, me korrupsion, me pla\u00e7k\u00eb n\u00eb procesin e tranzicionit, n\u00eb nj\u00ebr\u00ebn an\u00eb, dhe t\u00eb pjes\u00ebs s\u00eb varf\u00ebr t\u00eb popullit t\u00eb sunduar, t\u00eb p\u00ebr\u00e7muar, t\u00eb p\u00ebrulur, t\u00eb shtr\u00ebnguar q\u00eb t\u00eb shp\u00ebrngulet a t\u00eb duroj\u00eb papun\u00eb, varf\u00ebri, mashtrim, n\u00eb an\u00ebn tjet\u00ebr. K\u00ebto jan\u00eb kund\u00ebrshti t\u00eb papajtueshme midis atyre q\u00eb kan\u00eb rr\u00ebmbyer q\u00ebllimin, mjetet dhe financat, n\u00eb nj\u00ebr\u00ebn an\u00eb dhe atyre q\u00eb, t\u00eb manipuluar a t\u00eb d\u00ebshp\u00ebruar, e shikojn\u00eb k\u00ebt\u00eb rr\u00ebmbim pa qen\u00eb n\u00eb gjendje t\u00eb b\u00ebjn\u00eb gj\u00eb! Prej gjith\u00eb k\u00ebsaj q\u00eb thash\u00eb p\u00ebrgjegj\u00ebs p\u00ebr k\u00ebt\u00eb kriz\u00eb \u00ebsht\u00eb: qeveria e sotme e Shqip\u00ebris\u00eb me kryeminist\u00ebr Sali Berish\u00ebn. M\u00eb n\u00eb fund, m\u00eb qart\u00eb e m\u00eb bindsh\u00ebm se un\u00eb p\u00ebr gjith\u00eb k\u00ebto flasin kabllogramet e ish-ambasadorit amerikan, Uidhers. Ata q\u00eb m\u00eb sulmonin mua apo q\u00eb vazhdojn\u00eb t\u00eb m\u00eb sulmojn\u00eb mua se shkruaj gjoja me \u201cinat\u201d p\u00ebr Kryeministrin e Shqip\u00ebris\u00eb, Sali Berisha, le t\u00eb lexojn\u00eb e rilexojn\u00eb kabllogramet e k\u00ebtij ambasadori t\u00eb \u00e7muar e t\u00eb pakorruptuesh\u00ebm.<\/p>\n<p>Ai thot\u00eb me gjuh\u00ebn e tij diplomatike po ato q\u00eb kam shkruar un\u00eb me gjuh\u00ebn time publicistike. \u00cbsht\u00eb e qart\u00eb se Kryeministri Sali Berisha me g\u00ebnjeshtrat e tij ka arritur t\u00eb mposht\u00eb energjin\u00eb, t\u00eb mos thuhet edhe vet\u00ebdijen e rinis\u00eb, t\u00eb student\u00ebve dhe t\u00eb pun\u00ebtor\u00ebve \u2013 t\u00eb dy shtresave m\u00eb t\u00eb cenuara n\u00eb Shqip\u00ebri. Por mund t\u00eb besohet se manipulimit t\u00eb tij do t\u2019i vij\u00eb fundi. N\u00eb qoft\u00eb se t\u00eb varfrit, t\u00eb indinjuarit, t\u00eb cenuarit, t\u00eb shp\u00ebrfillurit e Spanj\u00ebs, t\u00eb Uoll Stritit, n\u00eb p\u00ebrgjith\u00ebsi t\u00eb Amerik\u00ebs, t\u00eb Italis\u00eb jan\u00eb \u00e7uar n\u00eb k\u00ebmb\u00eb kund\u00ebr atyre dy a tre a kat\u00ebr p\u00ebr qind t\u00eb pasanik\u00ebve q\u00eb kontrollojn\u00eb gjith\u00eb pasurin\u00eb komb\u00ebtare, jan\u00eb \u00e7uar n\u00eb k\u00ebmb\u00eb dhe k\u00ebrkojn\u00eb ndarje t\u00eb drejt\u00eb t\u00eb k\u00ebsaj pasurie, mund t\u00eb shpresohet q\u00eb edhe rinia, student\u00ebt dhe pun\u00ebtor\u00ebt shqiptar\u00eb do t\u00eb \u00e7ohen kund\u00ebr klik\u00ebs politike dhe tajkun\u00ebve, bashk\u00ebrisht t\u00eb pasuruar me korrupsion, me vjedhje e pla\u00e7k\u00eb n\u00eb procesin e tranzicionit. Mund t\u00eb shpresohet. Ndoshta populli shqiptar nuk ka mbetur pa rinin\u00eb e vet\u00ebdijshme p\u00ebr interesat komb\u00ebtare q\u00eb gjithmon\u00eb e gjithkund sjell ndryshimet q\u00eb e ndryshojn\u00eb gjendjen e krizave, q\u00eb e p\u00ebrparojn\u00eb dhe e nderojn\u00eb popullin.<\/p>\n<p><strong>&#8211; Shqip\u00ebria nuk e mori statusin e vendit kandidat p\u00ebr n\u00eb BE m\u00eb 12 tetor. A e quani Ju k\u00ebt\u00eb nj\u00eb disfat\u00eb t\u00eb radh\u00ebs t\u00eb politik\u00ebs shqiptare?<\/strong><\/p>\n<p>&#8211; Nuk do ta quaj k\u00ebt\u00eb \u2013 mosmarrjen e statusit t\u00eb vendit kandidat p\u00ebr n\u00eb BE vet\u00ebm disfat\u00eb t\u00eb radh\u00ebs t\u00eb politik\u00ebs shqiptare; do ta quaj k\u00ebt\u00eb nj\u00eb fyerje p\u00ebr tradit\u00ebn politike dhe p\u00ebr identitetin shtet\u00ebror t\u00eb Shqip\u00ebris\u00eb, nj\u00eb fyerje q\u00eb Shqip\u00ebris\u00eb s\u00eb krijuar prej mendjeve t\u00eb ndritura komb\u00ebtare si\u00e7 ishin Abdyl Frash\u00ebri, Pashko Vasa, Naim Frash\u00ebri, Sami Frash\u00ebri, Jani Vreto, Ismail Qemali, Luigj Gurakuqi, ia shkaktojn\u00eb horrat e sot\u00ebm politik\u00eb, t\u00eb cil\u00ebt n\u00eb vend se bashk\u00ebpunim p\u00ebr t\u00eb mir\u00ebn e Shqip\u00ebris\u00eb prodhojn\u00eb urrejtje n\u00eb jet\u00ebn shqiptare, t\u00eb cil\u00ebt n\u00eb vend se p\u00ebr t\u00eb mir\u00ebn e gjith\u00eb qytetar\u00ebve shqiptar\u00eb mendojn\u00eb si t\u00eb shtojn\u00eb pronat e tyre tok\u00ebsore af\u00ebr detit dhe larg detit, si t\u00eb b\u00ebjn\u00eb pallate sa m\u00eb t\u00eb m\u00ebdha, si t\u00eb ken\u00eb firma, restorante, si t\u00eb ken\u00eb llogari shum\u00ebshifrore n\u00eb banka jasht\u00eb Shqip\u00ebris\u00eb e n\u00eb Shqip\u00ebri, natyrisht n\u00eb emra t\u00eb tjet\u00ebrkujt. Mosmarrja e statusit t\u00eb vendit kandidat p\u00ebr n\u00eb BE \u00ebsht\u00eb dhurata e zez\u00eb q\u00eb politika e Sali Berish\u00ebs ia dhuron Shqip\u00ebris\u00eb. Dhe, kjo dhurat\u00eb e zez\u00eb ka \u00e7mim t\u00eb lart\u00eb edhe financiar.<\/p>\n<p><strong>&#8211; Opozita \u00ebsht\u00eb kthyer n\u00eb Parlament dhe \u00ebsht\u00eb gati t\u00eb bashk\u00ebpunoj\u00eb me maxhoranc\u00ebn p\u00ebr t\u00eb votuar ligjet q\u00eb k\u00ebrkojn\u00eb vot\u00ebn e saj p\u00ebr integrimin e vendit, pavar\u00ebsisht kontestimeve q\u00eb ka lidhur me problemet q\u00eb u evidentuan n\u00eb zgjedhjet e 8 Majit. Si ju duket kjo sjellje e saj?<\/strong><\/p>\n<p>&#8211; M\u00eb duket sjellje pak a shum\u00eb kund\u00ebrshtimore; sjellje pak a shum\u00eb dyfytyr\u00ebshe; sjellje pak a shum\u00eb e qullt\u00eb \u2013 sjellje e nj\u00eb politike t\u00eb pasigurt, q\u00eb nuk e ndryshon dhe nuk e \u00e7on p\u00ebrpara gjendjen. \u00cbsht\u00eb kjo sjellje tipike e jona: e vock\u00ebl!<\/p>\n<p><strong>&#8211; Sidoqoft\u00eb, raporti i OSBE \/ ODIHR- it p\u00ebr zgjedhjet e 8 Majit ishte shum\u00eb i rrept\u00eb, sidomos sa i p\u00ebrket parregullsive, nd\u00ebrkoh\u00eb q\u00eb i b\u00ebnte thirrje opozit\u00ebs p\u00ebr bashk\u00ebpunim. A nuk ju duket se ka nj\u00eb q\u00ebndrim kontradiktor n\u00eb k\u00ebt\u00eb mes?<\/strong><\/p>\n<p>&#8211; Me q\u00ebndrimet e paparimshme, jo vet\u00ebm OSBE\/ODIHR-i, po edhe institucione t\u00eb BE-s\u00eb, edhe ambasadori i tanish\u00ebm amerikan, Arvizu, jan\u00eb b\u00ebr\u00eb pjes\u00eb organike e kriz\u00ebs s\u00eb p\u00ebrgjithshme politike, parlamentare etj. n\u00eb Shqip\u00ebri. Raporti i OSBE\/ODIHR-it p\u00ebr zgjedhjet e 8 Majit ishte i rrept\u00eb, por, megjithat\u00eb, nuk e prekte thelbin e \u00e7\u00ebshtjes, e thelbi i \u00e7\u00ebshtjes ishte ky: n\u00eb ato zgjedhje, m\u00eb t\u00eb turpshmet gjat\u00eb nj\u00ebzet viteve pas komunizmit legal n\u00eb Shqip\u00ebri, Partia Demokratike e kandidoi p\u00ebr Kryetar t\u00eb Tiran\u00ebs nj\u00eb vras\u00ebs t\u00eb kat\u00ebr qytetar\u00ebve t\u00eb pafajsh\u00ebm q\u00eb mor\u00ebn pjes\u00eb n\u00eb demonstrat\u00ebn e 21 janarit 2011. P\u00ebr mendjen time, p\u00ebr nd\u00ebrgjegjen time, m\u00eb shum\u00eb se hajnit\u00eb, dallaveret, posht\u00ebrsit\u00eb, num\u00ebrimet e falsifikuara t\u00eb votave, shakat\u00eb e kryetarit t\u00eb KQZ-s\u00eb me mendjen dhe dinjitetin e shqiptar\u00ebve, tragjik ishte kandidimi i Lul\u00ebzim Bash\u00ebs, i cili ishte minist\u00ebr i Rendit publik dit\u00ebn e vrasjes s\u00eb kat\u00ebr qytetar\u00ebve.<\/p>\n<p>Kandidimi i tij ishte cenim i eg\u00ebr i parimeve dhe i vlerave t\u00eb demokracis\u00eb; provokim i hap\u00ebt i familjar\u00ebve t\u00eb t\u00eb vrar\u00ebve; ky ishte provokim i nd\u00ebrgjegjes s\u00eb shqiptar\u00ebve, ky ishte cenim i r\u00ebnd\u00eb i zakoneve etike t\u00eb shqiptar\u00ebve. Pavar\u00ebsisht pse Lul\u00ebzim Basha sot e ushtron detyr\u00ebn e kryetarit t\u00eb Tiran\u00ebs, un\u00eb them: n\u00eb qoft\u00eb se Shqip\u00ebria nj\u00eb dit\u00eb b\u00ebhet shtet i s\u00eb drejt\u00ebs; n\u00eb qoft\u00eb se Shqip\u00ebria nj\u00eb dit\u00eb b\u00ebhet shtet n\u00eb t\u00eb cil\u00ebn do t\u00eb sundojn\u00eb Kushtetuta e ligji; n\u00eb qoft\u00eb se Shqip\u00ebria nj\u00eb dit\u00eb do t\u00eb ket\u00eb kryeprokuror t\u00eb lir\u00eb e t\u00eb pavarur; n\u00eb qoft\u00eb se nj\u00eb dit\u00eb Shqip\u00ebria do t\u00eb b\u00ebhet shtet demokratik; n\u00eb qoft\u00eb se Shqip\u00ebria sh\u00ebrohet prej s\u00ebmundjes me t\u00eb cil\u00ebn e ka s\u00ebmur\u00eb politika blegtorale e Sali Berish\u00ebs, Lul\u00ebzim Basha do t\u00eb nxirret n\u00eb gjyq p\u00ebr vrasjen e atyre kat\u00ebr qytetar\u00ebve, t\u00eb cil\u00ebt, si \u00e7do qytetar tjet\u00ebr t\u00eb Shqip\u00ebris\u00eb, i ka lindur n\u00ebna e me t\u00eb si bashk\u00ebfajtor apo d\u00ebshmitar n\u00eb Gjyq do t\u00eb nxirret edhe Sali Berisha. Ky \u00ebsht\u00eb borxhi p\u00ebr t\u00eb cilin ata pashmangsh\u00ebm do t\u00eb japin llogari: sipas ligjeve t\u00eb shtetit demokratik apo sipas ligjeve t\u00eb Kanunit t\u00eb Lek\u00ebs!<\/p>\n<p><strong>&#8211; Nj\u00eb nga problemet m\u00eb t\u00eb mprehta si n\u00eb Shqip\u00ebri dhe n\u00eb Kosov\u00eb mbetet niveli i lart\u00eb i korrupsionit t\u00eb pushtetar\u00ebve, i konstatuar edhe nga nd\u00ebrkomb\u00ebtar\u00ebt. Cili \u00ebsht\u00eb perceptimi juaj p\u00ebr ket\u00eb problem?<\/strong><\/p>\n<p>&#8211; Nuk do ta quaja korrupsionin n\u00eb jet\u00ebn politike shqiptare sot as dukuri, as problem. Korrupsioni si n\u00eb Shqip\u00ebrin\u00eb shtet\u00ebrore ashtu edhe n\u00eb Kosov\u00eb n\u00eb t\u00eb v\u00ebrtet\u00eb \u00ebsht\u00eb sistem. Jo pak trajta t\u00eb korrupsionit politik dhe financiar jan\u00eb plot\u00ebsisht t\u00eb legalizuara. Korrupsion jan\u00eb edhe privilegjet e ndryshme, q\u00eb mund t\u00eb mbulohen vet\u00ebm me nocionin luks, t\u00eb pushtetar\u00ebve n\u00eb krahasim me gjendjen e p\u00ebrgjithshme t\u00eb popullit. Nuk ka mendje me pak etik\u00eb, e cila n\u00eb kushtet sociale shqiptare mund t\u2019i arsyetoj\u00eb marrjet e deputet\u00ebve e ministrave n\u00eb trajta t\u00eb rrogave, t\u00eb m\u00ebditjeve, t\u00eb pagesave p\u00ebr pun\u00eb n\u00eb k\u00ebshilla, n\u00eb komisione, mbikomisione e n\u00ebnkomisioneve n\u00eb administrat\u00eb, n\u00eb firma t\u00eb ndryshme publike e private, n\u00eb universitete t\u00eb ndryshme!<\/p>\n<p>N\u00eb t\u00eb v\u00ebrtet\u00eb ne sot kemi t\u00eb b\u00ebjm\u00eb me nj\u00eb klik\u00eb e cila nuk l\u00eb gj\u00eb pa b\u00ebr\u00eb p\u00ebr t\u00eb uzurpuar sa m\u00eb shum\u00eb pushtet \u2013 p\u00ebr \u00e7ka nuk pyet Kushtetut\u00eb as ligje; sa m\u00eb shum\u00eb pozita \u2013 p\u00ebr \u00e7ka s\u2019mund ta pengoj\u00eb kush dhe sa m\u00eb shum\u00eb kapital \u2013 p\u00ebr \u00e7ka habitet shum\u00eb kush! T\u00eb gjitha k\u00ebto p\u00ebrvet\u00ebsime t\u00eb saj send\u00ebrtohen me sjellje \u00e7udit\u00ebrisht shum\u00eb t\u00eb vrazhda, figur\u00eb sh\u00ebnuese e t\u00eb cilave mbetet ajo sjellja e deputetes s\u00eb Partis\u00eb Demokratike t\u00eb Shqip\u00ebris\u00eb n\u00eb Dogan\u00ebn e Qaf\u00eb Morinit, e cila u mbeti n\u00eb qaf\u00eb polic\u00ebve t\u00eb Kosov\u00ebs sepse donte t\u00eb hynte n\u00eb Kosov\u00eb pa treguar se kush ishte \u2013 si \u201cprincesh\u00eb\u201d q\u00eb s\u2019njeh Kushtetut\u00eb as ligj! Njer\u00ebz q\u00eb kan\u00eb hyr\u00eb n\u00eb politik\u00eb me \u00e7orap\u00eb dhe me brek\u00eb t\u00eb shqyera tani kan\u00eb pallate familjare, vila t\u00eb m\u00ebdha n\u00eb det, n\u00eb bjeshk\u00eb apo n\u00eb brigje t\u00eb lumenjve e liqeneve, pompa t\u00eb benzin\u00ebs, restorante, \u201ckafiqa\u201d, firma t\u00eb ndryshme, shkolla a universitete private, kurse ndonj\u00ebri prej tyre, duke qen\u00eb pushtetar i lart\u00eb, ka mb\u00ebrritur t\u00eb b\u00ebhet edhe an\u00ebtar i Akademis\u00eb s\u00eb Shkencave e t\u00eb Arteve!<\/p>\n<p>Pozitat e k\u00ebtilla politike dhe kapitaliste e pezmatojn\u00eb shum\u00ebk\u00ebnd n\u00eb Shqip\u00ebri e n\u00eb Kosov\u00eb! Politikat kuadrovike t\u00eb k\u00ebtyre pushtetar\u00ebve e pasanik\u00ebve, si\u00e7 \u00ebsht\u00eb politika kuadrovike e Sali Berish\u00ebs, e pezmatojn\u00eb shum\u00eb k\u00ebnd qoft\u00eb edhe pse me at\u00eb politik\u00eb kur e kur sillen n\u00eb pushtet, si deputet\u00eb, ministra, z\u00ebvend\u00ebsministra, njer\u00ebz servil\u00eb, njer\u00ebz t\u00eb paintegritet, njer\u00ebz t\u00eb pamerita p\u00ebr Shqip\u00ebrin\u00eb a p\u00ebr Kosov\u00ebn, madje, edhe njer\u00ebz t\u00eb pavlera! A mund t\u00eb demokratizohen Shqip\u00ebria e Kosova n\u00eb t\u00eb cilat ndodh nj\u00eb korrupsion i till\u00eb? Jo. Kurrsesi! A mund t\u00eb demokratizohen Shqip\u00ebria e Kosova ku korrupsioni \u00ebsht\u00eb sistem politik dhe shtet\u00ebror? Jo. Kurrsesi!<\/p>\n<p><strong>&#8211; Nd\u00ebrkaq, opozita ka hequr dor\u00eb nga protestat dhe Edi Rama shkruan editoriale me kushte dhe k\u00ebrkesa p\u00ebr Berish\u00ebn. A mund t\u00eb quhet ky nj\u00eb aksion i ri opozitar p\u00ebr ta larguar Berish\u00ebn nga pushteti?<\/strong><\/p>\n<p>-Shaka politike jan\u00eb k\u00ebto! Nuk largohet Sali Berisha prej pushtetit me editoriale. Editorialet nuk p\u00ebrb\u00ebjn\u00eb aksion politik. Ato, editorialet, jan\u00eb z\u00ebvend\u00ebsim i aksioneve demokratike, q\u00eb p\u00ebrfaq\u00ebsojn\u00eb protestat, demonstratat, grevat, me retorik\u00eb boshe; ato jan\u00eb lutje si lutjet biblike a kuranore, por pa patosin e tyre etik.<\/p>\n<p><strong>&#8211; Profesor, nd\u00ebrkaq, Edi Rama i ka drejtuar dit\u00ebt e fundit nj\u00eb ftes\u00eb p\u00ebr debat publik Sali Berish\u00ebs. Pas nj\u00eb m\u00ebrie dhe konflikti m\u00eb se dyvje\u00e7ar, sa interesant dhe produktiv e shihni k\u00ebt\u00eb ballafaqim midis k\u00ebtyre dy lider\u00ebve t\u00eb politik\u00ebs shqiptare?<\/strong><\/p>\n<p>&#8211; Ky debat politik, q\u00eb ju me t\u00eb drejt\u00eb e quani ballafaqim, midis Edi Ram\u00ebs dhe Sali Berish\u00ebs, n\u00eb asnj\u00eb pik\u00ebpamje nuk mund t\u00eb jet\u00eb produktiv. Gjuha e tyre politike \u00ebsht\u00eb plot\u00ebsisht e harxhuar dhe e pap\u00ebrfillshme p\u00ebr opinionin, sepse ajo nuk ka p\u00ebr baz\u00eb bindshm\u00ebri morale politike. Debati midis tyre, midis nj\u00eb intelektuali dinak\u00ebrisht t\u00eb p\u00ebrmbajtur, si\u00e7 \u00ebsht\u00eb Edi Rama dhe nj\u00eb populisti t\u00eb hallakatur, p\u00ebr t\u00eb cilin g\u00ebnjeshtrat jan\u00eb Bib\u00ebl e Kuran, si\u00e7 \u00ebsht\u00eb Sali Berisha, do t\u00eb ishte vet\u00ebm nj\u00eb ndryshor i zbeht\u00eb, qesharak, n\u00eb t\u00eb v\u00ebrtet\u00eb tragjikomik i dramave q\u00eb shfaqen n\u00eb teatrot amatore. N\u00eb vend se t\u00eb humbja koh\u00ebn duke e shikuar dhe d\u00ebgjuar at\u00eb debat, un\u00eb do t\u00eb lexoja, n\u00eb t\u00eb v\u00ebrtet\u00eb do t\u00eb rilexoja, romanin e Balzakut, \u201cShk\u00eblqimi dhe mjerimi i lavireve\u201d.<\/p>\n<p><strong>&#8211; N\u00eb Shqip\u00ebri ka nisur regjistrimi i popullsis\u00eb, ku pavar\u00ebsisht kund\u00ebrshtimit q\u00eb ka hasur ky regjistrim n\u00eb opinionin e gjer\u00eb dhe nj\u00eb vendimi t\u00eb Gjykat\u00ebs Kushtetuese, k\u00ebrkohet deklarimi i etnis\u00eb dhe i fes\u00eb. Sa i drejt\u00eb apo normal ju duket ky regjistrim?<\/strong><\/p>\n<p>&#8211; Mund t\u00eb jet\u00eb q\u00eb jo n\u00eb t\u00eb gjitha vendet evropiane n\u00eb regjistrimin e popullsis\u00eb b\u00ebhet edhe deklarimi i etnis\u00eb dhe i fes\u00eb. Por, mendoj se n\u00eb nj\u00eb num\u00ebr t\u00eb tyre kjo ndodh. E drejta e deklarimit t\u00eb etnis\u00eb n\u00eb k\u00ebto vende trajtohet si nj\u00eb e drejt\u00eb themelore e njeriut. N\u00eb regjistrimin e sivjetm\u00eb t\u00eb popullsis\u00eb n\u00eb Kosov\u00eb u regjistrua edhe p\u00ebrkat\u00ebsia etnike edhe besimi fetar. Feja \u00ebsht\u00eb p\u00ebrkat\u00ebsi private e njeriut dhe nuk e quaj t\u00eb nevojshme t\u00eb regjistrohet. Por deklarimi i etnis\u00eb n\u00eb vendet shum\u00ebtnike \u00ebsht\u00eb me shum\u00eb r\u00ebnd\u00ebsi. N\u00eb qoft\u00eb se, nuk do t\u00eb lejohej deklarimi i etnis\u00eb n\u00eb ish-Jugosllavin\u00eb, si do t\u00eb dinte bota se \u00e7\u00ebshtja shqiptare \u2013 \u00e7\u00ebshtja e Kosov\u00ebs \u00ebsht\u00eb \u00e7\u00ebshtje e madhe komb\u00ebtare, sepse numri i shqiptar\u00ebve ishte i madh. N\u00eb qoft\u00eb se nuk do t\u00eb lejohej deklarimi i etnis\u00eb, fjala vjen, n\u00eb Mal t\u00eb Zi, n\u00eb Maqedoni dhe n\u00eb Serbi sot, shqiptar\u00ebt atje, n\u00eb shtetet shumetnike t\u00eb Malit t\u00eb Zi, t\u00eb Maqedonis\u00eb, t\u00eb Serbis\u00eb, do t\u00eb quheshin t\u00eb paqen\u00eb.<\/p>\n<p>Si, n\u00eb baz\u00eb t\u00eb \u00e7kajes do t\u00eb k\u00ebrkonin ata, shqiptar\u00ebt, t\u00eb drejta komb\u00ebtare derisa \u201dnuk do t\u00eb ekzistonin\u201d n\u00eb regjistrimin e popullsis\u00eb?! Sa i kam p\u00ebrcjell\u00eb debatet dhe deklarimet rreth regjistrimit t\u00eb tash\u00ebm t\u00eb popullsis\u00eb n\u00eb Shqip\u00ebri, Shqip\u00ebria e ka nj\u00eb hall mjaft t\u00eb ve\u00e7ant\u00eb, ndaj t\u00eb cilit me t\u00eb drejt\u00eb po reagon organizata shum\u00eb premtuese p\u00ebr shp\u00ebtimin e Shqip\u00ebris\u00eb prej tregtis\u00eb politike t\u00eb Sali Berish\u00ebs me interesat komb\u00ebtare, Aleanca Kuq e Zi: qytetar\u00eb t\u00eb saj me etni shqiptare po deklarohen grek\u00eb. Plag\u00eb e vjet\u00ebr kjo n\u00eb jet\u00ebn e shqiptar\u00ebve. Plag\u00eb e vjet\u00ebr, por e p\u00ebrtashme, rishtazi, n\u00eb shekullin Nj\u00ebzet e Nj\u00eb. Kush \u00ebsht\u00eb fajtor p\u00ebr k\u00ebt\u00eb vdekje t\u00eb vet\u00ebdijes komb\u00ebtare n\u00eb kokat e disa qytetar\u00ebve shqiptar\u00eb? Kush? Them: n\u00eb radh\u00eb t\u00eb par\u00eb politika d\u00ebshp\u00ebruese, shfryt\u00ebzuese, mafioze, politika n\u00eb t\u00eb cil\u00ebn \u00ebsht\u00eb ngritur shum\u00eb b\u00ebrllok njer\u00ebzor, n\u00eb t\u00eb cil\u00ebn n\u00eb vend se p\u00ebr Shqip\u00ebrin\u00eb sot dhe p\u00ebr ardhm\u00ebrin\u00eb e saj ata mendojn\u00eb p\u00ebr xhepat e vet, t\u00eb djemve, t\u00eb bijave, t\u00eb nipave, t\u00eb mbesave, t\u00eb farefisit t\u00eb vet! Udh\u00ebheqjes dhe an\u00ebtar\u00ebve t\u00eb Aleanc\u00ebs Kuq e Zi do t\u2019ua rekomandoja nj\u00eb ngush\u00ebllim: shqiptar\u00ebt q\u00eb vet\u00ebdijen komb\u00ebtare e shesin p\u00ebr 200 a 300 a 3000 a 30 000 euro ata nuk i duhen gj\u00eb Kombit. Le t\u00eb regjistrohen si t\u00eb duan, por kjo tradhti t\u00eb mos u harrohet kurr\u00eb!<\/p>\n<p><strong>&#8211; Duket se t\u00eb nj\u00ebjtat probleme v\u00ebrehen edhe p\u00ebr shqiptar\u00ebt e Maqedonis\u00eb dhe t\u00eb Serbis\u00eb nga ky regjistrim, ku thuhet se ky regjistrim b\u00ebhet me q\u00ebllim p\u00ebr t\u00eb tkurrur popullsin\u00eb shqiptare dhe ndikimin e saj n\u00eb rajon, apo jo?<\/strong><\/p>\n<p>&#8211; M\u00eb e r\u00ebnd\u00ebsishme se \u00e7ka p\u00ebr k\u00ebt\u00eb \u00e7\u00ebshtje mendojn\u00eb t\u00eb tjer\u00ebt \u00ebsht\u00eb \u00e7ka b\u00ebjm\u00eb ne vet\u00eb dhe p\u00ebr veten. E di se mendimet n\u00eb Evrop\u00eb, n\u00eb SHBA, n\u00eb bot\u00eb n\u00eb p\u00ebrgjith\u00ebsi p\u00ebr ne shqiptar\u00ebt mund t\u2019i p\u00ebrmir\u00ebsojm\u00eb apo mund t\u2019i keq\u00ebsojm\u00eb n\u00eb mas\u00eb t\u00eb madhe edhe me q\u00ebndrimin ton\u00eb ndaj t\u00eb tjer\u00ebve me t\u00eb cil\u00ebt jetojm\u00eb n\u00eb t\u00eb nj\u00ebjtin vend, sidomos ndaj atyre q\u00eb jan\u00eb n\u00eb pakic\u00eb etnike, fetare, racore, politike, e t\u00eb tjera: n\u00eb Shqip\u00ebrin\u00eb shtet\u00ebrore, n\u00eb Kosov\u00eb, n\u00eb Maqedoni, apo kudo qoft\u00eb tjet\u00ebr. Racizmi dhe shovinizmi, q\u00eb nuk njeh tradita shqiptare, jan\u00eb ndjenja dhe mendime t\u00eb shkall\u00ebs s\u00eb ul\u00ebt. Aty ku paraqiten duhet t\u00eb ngrem\u00eb z\u00ebrin kund\u00ebr tyre: t\u00eb ngrem\u00eb z\u00ebrin qoft\u00eb kur jemi viktima t\u00eb atyre ndjenjave e q\u00ebndrimeve, qoft\u00eb kur jemi bart\u00ebs t\u00eb tyre! N\u00eb lidhje me k\u00ebt\u00eb problematik\u00eb do t\u00eb shtoj edhe disa fjal\u00eb.<\/p>\n<p>Shqiptar\u00ebt n\u00eb Kosov\u00eb dhe n\u00eb p\u00ebrgjith\u00ebsi n\u00eb Jugosllavin\u00eb tashm\u00eb t\u00eb mosqen\u00eb, kan\u00eb shum\u00eb p\u00ebrvoj\u00eb tragjike n\u00eb k\u00ebt\u00eb pik\u00ebpamje. Ishin gjat\u00eb t\u00eb p\u00ebrndjekur prej racizmit dhe shovinizmit fetar serb, por edhe malazias e maqedonas. Ne po shohim se ky raciz\u00ebm dhe shoviniz\u00ebm fetar koh\u00eb pas kohe, edhe tani, sado n\u00eb kushte t\u00eb tjera historike, po shprehen n\u00eb Serbi e n\u00eb Maqedoni. E shprehin edhe zyrtar\u00eb t\u00eb lart\u00eb si ministri serb i policis\u00eb, Da\u00e7iq. \u00c7udit\u00ebrisht k\u00ebtyre racist\u00ebve fetar\u00eb u ndihmojn\u00eb edhe disa shqiptar\u00eb n\u00eb Kosov\u00eb, n\u00eb Shqip\u00ebri e n\u00eb diaspor\u00eb \u2013 n\u00eb Evrop\u00eb! Ndaj disa sjelljeve, a disa k\u00ebrkesave t\u00eb papranuara t\u00eb nj\u00eb pjese t\u00eb pjes\u00ebtar\u00ebve t\u00eb besimit islam, t\u00eb cilave ua dha p\u00ebrgjigjen p\u00ebrkat\u00ebse, kushtetutare Kuvendi i Kosov\u00ebs, k\u00ebta shqiptar\u00eb, t\u00eb konvertuar a t\u00eb pakonvertuar n\u00eb Kosov\u00eb, n\u00eb Shqip\u00ebri a n\u00eb Evrop\u00eb, me kushtrime, me shkrime, me n\u00ebnshkrime p\u00ebrgjigjen me fyerje raciste, pothuaj t\u00eb pad\u00ebgjuara prej t\u00eb tjer\u00ebve, me islamofobi patologjike, tani t\u00eb frym\u00ebzuar e t\u00eb stimuluar edhe prej forcave t\u00eb djathta ekstremiste n\u00eb Evrop\u00eb, t\u00eb cilat edhe e frym\u00ebzuan at\u00eb tragjedin\u00eb e madhe n\u00eb Norvegji n\u00eb korrik t\u00eb k\u00ebtij viti, kur nj\u00eb i ri, n\u00eb em\u00ebr t\u00eb ruajtjes s\u00eb past\u00ebrtis\u00eb s\u00eb qytet\u00ebrimit t\u00eb krishter\u00eb evropian prej emigrant\u00ebve mysliman\u00eb vrau 76 t\u00eb rinj e t\u00eb reja. Dhe, k\u00ebshtu leverdia materiale, madje, edhe tregtare, e quajtur fyerje e fes\u00eb dhe e qytet\u00ebrimit islam, e quajtur islamofobi, vazhdon t\u00eb frym\u00ebzoj\u00eb mendimin, sjelljen, gjuh\u00ebn, \u201ckushtrimet\u201d p\u00ebrbuz\u00ebse, fyese, k\u00ebrc\u00ebnuese t\u00eb nj\u00eb numri t\u00eb pjes\u00ebtar\u00ebve ton\u00eb t\u00eb n\u00ebnshkruar si gazetar\u00eb, piktor\u00eb, publicist\u00eb, por pa qen\u00eb asgj\u00eb n\u00eb asnj\u00ebrin prej k\u00ebtyre profesioneve.<\/p>\n<p><strong>&#8211; \u00c7ka duhet b\u00ebr\u00eb n\u00eb k\u00ebto rrethana?<\/strong><\/p>\n<p>&#8211; Kushtetuta e Shqip\u00ebris\u00eb, n\u00eb mos autor\u00ebsi, ka asistenc\u00eb t\u00eb ekspert\u00ebve nd\u00ebrkomb\u00ebtar\u00eb. Duhet zbatuar Kushtetuta; duhen zbatuar parimet e shtetit t\u00eb s\u00eb drejt\u00ebs; duhet qen\u00eb tolerant\u00eb; duhet qen\u00eb demokrat\u00eb. T\u00eb kund\u00ebrtat e k\u00ebtyre pashmangsh\u00ebm nj\u00eb dit\u00eb hakmerren.<\/p>\n<p><strong>&#8211; Profesor, nd\u00ebrkoh\u00eb n\u00eb Shqip\u00ebri thuajse ka filluar gara p\u00ebr presidentin e ardhsh\u00ebm t\u00eb Shqip\u00ebris\u00eb. Midis emrave q\u00eb lakohen p\u00ebr k\u00ebt\u00eb post jan\u00eb Sali Berisha, Fatos Nano, Servet P\u00ebllumbi, Jozefina Topalli, Ismail Kadare e t\u00eb tjer\u00eb. Ju, si mendoni, cila do t\u00eb ishte figura m\u00eb e p\u00ebrshtatshme p\u00ebr kryetar t\u00eb Shtetit dhe cil\u00ebs forc\u00eb politike do t\u00eb duhej t\u2019i p\u00ebrkiste ai?<\/strong><\/p>\n<p>&#8211; Po ta p\u00ebrdorja si m\u00eb lirisht togfjal\u00ebshin Tuaj \u201cemra q\u00eb lakohen\u201d, do t\u00eb thosha: t\u00eb gjith\u00eb k\u00ebta emra q\u00eb p\u00ebrmendet, t\u00eb propozuar prej miqve a, madje, prej p\u00ebrfol\u00ebsve t\u00eb pam\u00ebshirsh\u00ebm t\u00eb disave prej tyre, v\u00ebrtet lakohen dhe lakohen sepse asnj\u00ebri prej tyre nuk mund t\u00eb q\u00ebndroj\u00eb vertikalisht. Drejt! T\u00eb gjith\u00eb ata kan\u00eb nj\u00eb t\u00eb kaluar shum\u00eb t\u00eb lakuar. Propozimi a vet\u00ebm lakimi i k\u00ebtyre emrave p\u00ebr kryetar t\u00eb Shqip\u00ebris\u00eb tregon qart\u00eb se Shqip\u00ebria kurrsesi nuk \u00ebsht\u00eb n\u00eb gjendje t\u00eb krijoj\u00eb q\u00ebndrim t\u00eb ri, demokratik, evropian, ndaj t\u00eb kaluar\u00ebs s\u00eb vet totalitare. T\u00eb dh\u00ebnat p\u00ebr k\u00ebt\u00eb pohim jan\u00eb tragjikisht t\u00eb shumta. T\u2019i theksoj pak prej tyre.<\/p>\n<p><strong>Sali Berisha<\/strong>. Shqip\u00ebria, a\u00e7ik vendeve t\u00eb tjera ish komuniste n\u00eb Ballkan, por ngjash\u00ebm Rusis\u00eb dhe Bjellorusis\u00eb, vazhdon t\u00eb kryeministrohet jo prej nj\u00eb ish-komunisti, por prej nj\u00eb ish-an\u00ebtari t\u00eb nomenklatur\u00ebs komuniste! Llukashenkoja i yn\u00eb \u00ebsht\u00eb ish-sekretar i Partis\u00eb s\u00eb Pun\u00ebs n\u00eb Fakultetin e Mjek\u00ebsis\u00eb, n\u00eb t\u00eb v\u00ebrtet\u00eb n\u00eb Universitetin Shtet\u00ebror t\u00eb Tiran\u00ebs. Dhe, ky sekretar partie, q\u00eb vendoste p\u00ebr fatin e student\u00ebve dhe profesor\u00ebve t\u00eb k\u00ebtij Universiteti, ishte mik sht\u00ebpie i Enver Hoxh\u00ebs, q\u00eb b\u00ebnte \u00e7mos t\u00eb shfryt\u00ebzonte lidhjet me t\u00eb bijt\u00eb e tij p\u00ebr t\u00eb krijuar karrier\u00eb sa m\u00eb t\u00eb fort\u00eb staliniste.<\/p>\n<p>Ky njeri, ky ish sekretar partie, pas komunizmit ishte nj\u00ebher\u00eb kryetar i Shqip\u00ebris\u00eb, q\u00eb e \u00e7oi Shqip\u00ebrin\u00eb n\u00eb luft\u00eb qytetare n\u00eb vitin 1997 dhe u p\u00ebrmbys pas nj\u00eb revolucioni demokratik. \u00c7do qytetar i Shqip\u00ebris\u00eb me mendje jo vet\u00ebm demokratike, po normale, do t\u00eb \u00e7uditet kur t\u00eb d\u00ebgjoj\u00eb se p\u00ebr kryetar t\u00eb ardhsh\u00ebm t\u00eb Shqip\u00ebris\u00eb mund t\u00eb propozohet ky njeri, i cili p\u00ebrpos pesh\u00ebs politike tep\u00ebr komprometuese n\u00eb nj\u00eb vend normal demokratik, q\u00eb r\u00ebndon n\u00eb jet\u00ebshkrimin e tij, \u00ebsht\u00eb sot kryeminist\u00ebr q\u00eb nuk flet me kryetarin e shtetit, q\u00eb e ka b\u00ebr\u00eb vet\u00eb kryetar, q\u00eb nuk flet me Kryeprokuroren e shtetit, q\u00eb e ka b\u00ebr\u00eb vet\u00eb Kryeprokurore, q\u00eb nuk flet me Shefin e SHIK-ut, q\u00eb e ka b\u00ebr\u00eb vet\u00eb shef t\u00eb SHIK-ut, q\u00eb nuk flet me kryetarin e Opozit\u00ebs, as kur deputeti gjerman b\u00ebn \u00e7mos q\u00eb t\u2019ia japin dor\u00ebn nj\u00ebri tjetrit! Si e duron Shqip\u00ebria autokracin\u00eb blegtorale t\u00eb Sali Berish\u00ebs? Si mund t\u00eb lejoj\u00eb ajo q\u00eb t\u00eb flitet q\u00eb ky njeri t\u00eb mbetet edhe m\u00eb tej n\u00eb pushtet? Madje t\u00eb supozohet p\u00ebr s\u00eb dyti kryetar i shtetit! Absurd! P\u00ebrmbysje e nd\u00ebrgjegjes, madje e logjik\u00ebs, madje e etik\u00ebs elementare qytetare!<\/p>\n<p><strong>Ismail Kadare<\/strong>. Edhe lakimi i emrit t\u00eb tij p\u00ebr kryetar t\u00eb Shqip\u00ebris\u00eb, emri i tij p\u00ebr s\u00eb tep\u00ebrmi i lakuar n\u00eb diktatur\u00eb dhe tash n\u00eb autokracin\u00eb e Sali Berish\u00ebs, d\u00ebshmon se Shqip\u00ebria kurrsesi nuk po mund t\u00eb krijoj\u00eb q\u00ebndrim t\u00eb ri, demokratik, evropian ndaj t\u00eb kaluar\u00ebs s\u00eb vet komuniste. Po si mund t\u00eb lakohet p\u00ebr kryetar t\u00eb shtetit demokratik emri i shkrimtarit, i cili \u00e7do q\u00ebndrimi t\u00eb ri politik t\u00eb Partis\u00eb s\u00eb Pun\u00ebs e t\u00eb Enver Hoxh\u00ebs, qoft\u00eb n\u00eb politik\u00ebn e brendshme, qoft\u00eb n\u00eb politik\u00ebn e jashtme, i \u00ebsht\u00eb p\u00ebrgjigjur me romane politike sh\u00ebrbyese, me vjersha, me shkrime publicistike, me intervista sh\u00ebrbyese.<\/p>\n<p>Kur Partia e Pun\u00ebs donte ta madh\u00ebronte sa m\u00eb madh\u00ebruesh\u00ebm fitoren e vet, Ismail Kadare shkruante romanin \u201cN\u00ebntori i nj\u00eb kryeqyteti\u201d; kur Partia e Pun\u00ebs dhe Enver Hoxha u thoshin imperialist\u00ebve amerikan\u00eb dhe social-imperialist\u00ebve sovjetik\u00eb se Shqip\u00ebria \u00ebsht\u00eb k\u00ebshtjell\u00eb n\u00eb t\u00eb cil\u00ebn do t\u00eb thyenin dh\u00ebmb\u00ebt edhe ata edhe k\u00ebta, Ismail Kadare shkruante \u201cK\u00ebshtjell\u00ebn\u201d \u2013 tashm\u00eb t\u00eb ripunuar me themel; kur Partia e Pun\u00ebs dhe Enver Hoxha do t\u00eb prishnin marr\u00ebdh\u00ebniet me Bashkimin Sovjetik, duke e konsideruar politik\u00ebn hrushoviane revizioniste, dometh\u00ebn\u00eb anti-staliniste, Ismail Kadare do t\u00eb shkruaj\u00eb \u201cDimrin e vetmis\u00eb s\u00eb madhe\u201d a \u201cDimrin e Madh\u201d t\u00eb korrigjuar, n\u00eb t\u00eb cilin lexuesve shqiptar\u00eb u dhuron mendime raciste p\u00ebr rus\u00ebt; kur Partia e Pun\u00ebs dhe Enver Hoxha fillojn\u00eb t\u00eb predikojn\u00eb parime t\u00eb Revolucionit Kulturor Kinez, q\u00ebllimi i t\u00eb cilit ishte zhdukja e tradit\u00ebs kulturore borgjeze, Ismail Kadare do t\u00eb shkruaj\u00eb romanin reportazh \u201cDasma\u201d; kur Partia e Pun\u00ebs dhe Enver Hoxha u shqiptojn\u00eb flet\u00ebrrufe an\u00ebtar\u00ebve t\u00eb Byros\u00eb Politike e t\u00eb Komitetit Qendror p\u00ebr devijime \u201cmikroborgjeze\u201d, Ismail Kadare shkruan \u201cPashallar\u00ebt e Kuq\u201d; kur Partia e Pun\u00ebs dhe Enver Hoxha nd\u00ebrpresin marr\u00ebdh\u00ebnien me mikun e dyt\u00eb t\u00eb madh, Kin\u00ebn, Ismail Kadare prap\u00eb shkruan roman politik, k\u00ebsaj radhe kund\u00ebrkinez, n\u00eb t\u00eb cilin nuk ngurron t\u2019u krijoj\u00eb p\u00ebrfytyrime raciste shqiptar\u00ebve p\u00ebr kinez\u00ebt.<\/p>\n<p>Dhe, k\u00ebshtu prej viti n\u00eb vit e prej nj\u00eb Plenumi deri te Plenumi tjet\u00ebr i Komitetit Qendror t\u00eb Partis\u00eb s\u00eb Pun\u00ebs s\u00eb Shqip\u00ebris\u00eb! Tani t\u00eb lakohet emri i k\u00ebtij shkrimtari servis i diktatur\u00ebs p\u00ebr kryetar t\u00eb Shqip\u00ebris\u00eb \u201cdemokratike\u201d \u2013 o \u00e7far\u00eb ironie! O \u00e7far\u00eb p\u00ebr\u00e7mimi i kujtes\u00ebs historike t\u00eb popullit shqiptar! O \u00e7far\u00eb shakaje me etik\u00ebn mendore dhe demokratike shqiptare! O \u00e7far\u00eb shakaje me dinjitetin intelektual! Ndoshta t\u00eb gjitha k\u00ebto q\u00eb thash\u00eb jan\u00eb fjal\u00eb t\u00eb harxhuara kot! Pse? Meqen\u00ebse Shqip\u00ebria ka kryeminist\u00ebr nj\u00eb g\u00ebnjeshtar ontologjik si\u00e7 \u00ebsht\u00eb Sali Berisha, ndoshta e do rendi i absurdit shqiptar q\u00eb p\u00ebr kryetar t\u00eb ket\u00eb nj\u00eb intrigant ontologjik si\u00e7 \u00ebsht\u00eb Ismail Kadare.<\/p>\n<p><strong>Fatos Nano<\/strong>. Edhe emri i tij i lakuar p\u00ebr kryetar t\u00eb sot\u00ebm t\u00eb Shqip\u00ebris\u00eb ishte mjaft i lakuar n\u00eb vitet e fundit t\u00eb komunizmit dhe jo i lakuar edhe pas r\u00ebnies s\u00eb komunizmit. Megjithat\u00eb ky hazarder politik q\u00eb pas keq\u00ebsimit t\u00eb marr\u00ebdh\u00ebnieve me bashk\u00ebpartiakun dhe bashk\u00ebpun\u00ebtorin e vet, Ilir Meta, ia dhuroi pushtetin fatkeq\u00ebsis\u00eb s\u00eb Shqip\u00ebris\u00eb \u2013 Sali Berish\u00ebs, di t\u00eb tregohet burr\u00eb \u2013 \u00e7ka s\u2019mund t\u00eb jen\u00eb dy ish \u2013 stalinist\u00ebt e par\u00eb, Berisha e Kadare: e tregoi dit\u00ebn e varrimit t\u00eb Ramiz Alis\u00eb.<\/p>\n<p><strong>Servet P\u00ebllumbi<\/strong>. Megjith\u00ebse edhe ky em\u00ebr mjaft i lakuar n\u00eb koh\u00ebn e diktatur\u00ebs si ideolog i saj, prap\u00eb \u00ebsht\u00eb em\u00ebr m\u00eb i nderuar politikisht se emrat e t\u00eb tjer\u00ebve. Natyra e tij, karakteri i tij paq\u00ebsor, tolerant, m\u00ebnyra e komunikimit me njer\u00ebzit, q\u00ebndrueshm\u00ebria e sotme intelektuale e politike e b\u00ebjn\u00eb at\u00eb t\u00eb vetmen figure deri tash t\u00eb p\u00ebrmendur p\u00ebr kryetar t\u00eb mundsh\u00ebm t\u00eb Shqip\u00ebris\u00eb, t\u00eb denj\u00eb p\u00ebr at\u00eb institucion shtet\u00ebror. E kaluara e tij, nd\u00ebrkaq, edhe Servet P\u00ebllumbin e b\u00ebn em\u00ebr q\u00eb nuk do t\u00eb duhej t\u00eb lakohet p\u00ebr kryetar t\u00eb Shqip\u00ebris\u00eb demokratike.<\/p>\n<p><strong>Jozefina Topalli<\/strong>. Do kujtuar gjuh\u00ebn e saj n\u00eb karrigen e kryetares s\u00eb Kuvendit t\u00eb Shqip\u00ebris\u00eb, sjelljet e saj, privatizimet e saj politike, uzurpimet e saj politike, fyerjet e saj ndaj opozit\u00ebs, shprehjet e saj aq shpesh infantile, trashtin\u00ebn e saj mendore p\u00ebr t\u00eb mos i lejuar vetes t\u00eb mendosh se edhe nj\u00eb personazh i till\u00eb politik mund t\u00eb propozohet p\u00ebr kryetare t\u00eb Shqip\u00ebris\u00eb.<\/p>\n<p>Ndihmoji, Zot Shqip\u00ebris\u00eb. Ku ke katandisur Shqip\u00ebria ime e dashur!<\/p>\n<p>\u00c7do koh\u00eb ka njer\u00ebzit e vet. Njer\u00ebzit p\u00ebr t\u00eb cil\u00ebt fola jan\u00eb njer\u00ebz t\u00eb kaluar t\u00eb nj\u00eb kohe t\u00eb kaluar. Do shp\u00ebtuar Shqip\u00ebria shtet\u00ebrore e politike prej tyre. N\u00eb krye t\u00eb Shqip\u00ebris\u00eb do zgjedhur njeriu i k\u00ebsaj kohe e t\u00eb till\u00eb Shqip\u00ebria ka shum\u00eb, shum\u00eb, shum\u00eb: t\u00eb rinj t\u00eb ngritur, t\u00eb rinj t\u00eb ditur, t\u00eb rinj intelektualisht t\u00eb pakorruptuar, t\u00eb rinj moralisht t\u00eb q\u00ebndruar.<\/p>\n<p><strong>&#8211; N\u00eb k\u00ebto kushte, sa optimist ndihet Akademik Rexhep Qosja p\u00ebr t\u00eb ardhmen evropiane t\u00eb shqiptar\u00ebve?<\/strong><\/p>\n<p>&#8211; Natyrisht, jam optimist p\u00ebr t\u00eb ardhmen evropiane t\u00eb shqiptar\u00ebve. Punoj p\u00ebr t\u00eb tani e pes\u00ebdhjet\u00eb vjet, dometh\u00ebn\u00eb prej dit\u00ebs s\u00eb par\u00eb q\u00eb kam filluar t\u00eb shkruaj e t\u00eb botoj; punojn\u00eb p\u00ebr t\u00eb shum\u00eb e shum\u00eb intelektual\u00eb, krijues, politikan\u00eb shqiptar\u00eb n\u00eb Kosov\u00eb, n\u00eb Shqip\u00ebri, n\u00eb Maqedoni, n\u00eb diaspor\u00eb. Shqip\u00ebria dhe Kosova (dhe Bosnja) pashmangsh\u00ebm do t\u00eb b\u00ebhen an\u00ebtare t\u00eb Bashkimit Evropian. Nuk mund t\u00eb lejoj\u00eb Bashkimi Evropian q\u00eb jasht\u00eb p\u00ebrb\u00ebrjes s\u00eb tij t\u00eb mbeten tri vende qoft\u00eb p\u00ebr shkak t\u00eb prapangeljes s\u00eb tyre zhvillimore, qoft\u00eb pse nuk i plot\u00ebsojn\u00eb leht\u00eb gjith\u00eb standardet e tij, qoft\u00eb pse jan\u00eb me shumic\u00eb t\u00eb popullsis\u00eb t\u00eb besimit islam. Besoj: nuk do t\u00eb kalojn\u00eb shum\u00eb vite q\u00eb ne, edhe Kosova, edhe Shqip\u00ebria, do t\u00eb pranohemi n\u00eb Bashkimin Evropian, por, besoj: do t\u00eb kalojn\u00eb shum\u00eb e shum\u00eb vite q\u00eb ne, edhe Kosova, edhe Shqip\u00ebria, t\u00eb b\u00ebhemi Evrop\u00eb \u2013 Evrop\u00eb me kultur\u00ebn e mendimit; Evrop\u00eb me kultur\u00ebn e sjelljes; Evrop\u00eb me vet\u00ebdijen demokratike; Evrop\u00eb jo vet\u00ebm me procedur\u00ebn por me marr\u00ebdh\u00ebniet nd\u00ebrnjer\u00ebzore demokratike; Evrop\u00eb me rendin politik shoq\u00ebror, kushtetutar juridik, q\u00eb si i till\u00eb zbatohet; Evrop\u00eb me ndarjen e pushteteve ligjv\u00ebn\u00ebse, zbatimore dhe gjyq\u00ebsore; Evrop\u00eb me gjuh\u00ebn politike.<\/p>\n<p>Dometh\u00ebn\u00eb: do t\u00eb kalojn\u00eb shum\u00eb e shum\u00eb vite q\u00eb ne t\u00eb b\u00ebhemi Evrop\u00eb me Identitetin ton\u00eb. Ne, edhe Kosova, edhe Shqip\u00ebria, do t\u00eb pranohemi n\u00eb Bashkimin Evropian, por Evrop\u00eb do t\u00eb b\u00ebhemi v\u00ebshtir\u00eb, shum\u00eb v\u00ebshtir\u00eb, me shum\u00eb e shum\u00eb p\u00ebrpjekje jo t\u00eb njer\u00ebzve q\u00eb luftojn\u00eb p\u00ebr sa m\u00eb shum\u00eb pushtet, p\u00ebr sa m\u00eb shum\u00eb pozita e sa m\u00eb shum\u00eb kapital vetjak, por t\u00eb njer\u00ebzve q\u00eb luftojn\u00eb p\u00ebr rrit\u00ebn e p\u00ebrgjithshme shoq\u00ebrore, kulturore, qytet\u00ebruese, morale t\u00eb popullit. Do t\u00eb hyjm\u00eb n\u00eb Evrop\u00eb, edhe Kosova, edhe Shqip\u00ebria, por nuk do t\u00eb mund t\u00eb b\u00ebhemi Evrop\u00eb derisa jemi shoq\u00ebri n\u00eb t\u00eb cil\u00ebn aq eg\u00ebr e luftojn\u00eb nj\u00ebra \u2013 tjetr\u00ebn dy partit\u00eb kryesore t\u00eb Shqip\u00ebris\u00eb; derisa aq vrazhd\u00eb jan\u00eb t\u00eb antagonizuar intelektual\u00ebt e partish\u00ebm e t\u00eb papartish\u00ebm; derisa do t\u00eb kemi kryeministra e kryetare t\u00eb Kuvendit gjuh\u00ebn e t\u00eb cil\u00ebve e stolisin fjal\u00ebt lavire, opinga, zhele me t\u00eb cilat p\u00ebrbaltin fytyrat e opozit\u00ebs e t\u00eb zyrtar\u00ebve q\u00eb nuk duan t\u2019u servilizojn\u00eb, derisa klasa politike dhe klasa e tajkun\u00ebve, bashk\u00ebrisht t\u00eb pasuruar n\u00eb procesin pla\u00e7kitjes s\u00eb tranzicionit, uzurpojn\u00eb sovranitetin e t\u00eb vetmit Sovran \u2013 t\u00eb popullit; derisa korrupsioni politik, financiar e ekonomik dhe krimi i organizuar e mbisundojn\u00eb jet\u00ebn ton\u00eb politike!<\/p>\n<p>Do t\u00eb hyjm\u00eb n\u00eb Evrop\u00eb, edhe Kosova, edhe Shqip\u00ebria, por nuk do t\u00eb mund t\u00eb b\u00ebhemi Evrop\u00eb derisa n\u00eb pushtet mbajm\u00eb ish- stalinist\u00eb n\u00eb Shqip\u00ebri dhe ish kuadro politike t\u00eb koh\u00ebs s\u00eb Milloshevi\u00e7it n\u00eb Kosov\u00eb. Do t\u00eb hyjm\u00eb n\u00eb Evrop\u00eb, edhe Kosova, edhe Shqip\u00ebria, por Evrop\u00eb nuk do t\u00eb mund t\u00eb b\u00ebhemi derisa p\u00ebr kryetar t\u00eb ardhsh\u00ebm t\u00eb Shqip\u00ebris\u00eb lakojm\u00eb emrat e ish-an\u00ebtar\u00ebve t\u00eb nomenklatur\u00ebs s\u00eb diktatur\u00ebs komuniste n\u00eb Shqip\u00ebri, n\u00eb t\u00eb v\u00ebrtet\u00eb emrat e disa ish-stalinist\u00ebve, q\u00eb aq shum\u00eb e shum\u00eb sh\u00ebrbimet ia kan\u00eb b\u00ebr\u00eb me goj\u00eb e me shkrime asaj diktature kund\u00ebr s\u00eb cil\u00ebs tani hallakaten edhe n\u00eb institucionet shtet\u00ebrore t\u00eb Shqip\u00ebris\u00eb, edhe n\u00eb tribunat politike e kulturore t\u00eb Evrop\u00ebs! At\u00eb dit\u00eb kur t\u00eb pranohemi n\u00eb Bashkimin Evropian, at\u00eb dit\u00eb, nd\u00ebrkaq, ne, si komb, do t\u00eb na shtrohet nj\u00eb problem i madh, ekzistencial, e ky \u00ebsht\u00eb problemi: a do t\u00eb mund ta ruajm\u00eb dhe a do t\u00eb dim\u00eb ta ruajm\u00eb identitetin komb\u00ebtar shqiptar para nacionalizmave t\u00eb vendeve t\u00eb m\u00ebdha evropiane si\u00e7 jan\u00eb ai gjerman, anglez, francez, italian, spanjoll? Gjendja, n\u00eb p\u00ebrgjith\u00ebsi jeta e sotme shqiptare, n\u00eb m\u00ebnyr\u00eb t\u00eb ve\u00e7ant\u00eb n\u00eb Shqip\u00ebri prodhon shum\u00eb lig\u00ebsi q\u00eb e v\u00ebshtir\u00ebsojn\u00eb, n\u00eb t\u00eb v\u00ebrtet\u00eb e b\u00ebjn\u00eb gati se pesimiste p\u00ebrgjigjen n\u00eb k\u00ebt\u00eb pyetje t\u00eb madhe. Le t\u00eb mbetet p\u00ebrgjigjja ime n\u00eb k\u00ebt\u00eb pyetje p\u00ebr her\u00ebn tjet\u00ebr se \u00ebsht\u00eb p\u00ebrgjigje q\u00eb i nevojiten m\u00eb shum\u00eb t\u00eb dh\u00ebna dhe m\u00eb shum\u00eb hap\u00ebsir\u00eb.<\/p>\n<p><em>TELEGRAFI<\/em><\/p>\n","protected":false},"excerpt":{"rendered":"<p>TemA Online, 19 Tetor 2011 N\u00eb nj\u00eb koh\u00eb me zhvillime t\u00eb r\u00ebnd\u00ebsishme politike, si mosmarrja e statusit t\u00eb vendit kandidat p\u00ebr n\u00eb BE, por edhe me sherre t\u00eb pafundme midis pal\u00ebve gjithnj\u00eb n\u00eb konflikt, me nj\u00eb gjendje t\u00eb acaruar n\u00eb Veriun e Kosov\u00ebs etj., etj., mendimi i Akademikut Rexhep Qosja, nj\u00eb prej mendjeve m\u00eb t\u00eb [&hellip;]<\/p>\n","protected":false},"author":1,"featured_media":0,"comment_status":"open","ping_status":"closed","sticky":false,"template":"","format":"standard","meta":{"footnotes":""},"categories":[2,4],"tags":[],"class_list":{"0":"post-11052","1":"post","2":"type-post","3":"status-publish","4":"format-standard","6":"category-artikuj","7":"category-intervista"},"yoast_head":"<!-- This site is optimized with the Yoast SEO plugin v27.4 - https:\/\/yoast.com\/product\/yoast-seo-wordpress\/ -->\n<title>INTERVISTA\/ Rexhep Qosja: Berisha e ka kthyer Shqip\u00ebrin\u00eb n\u00eb nj\u00eb autokraci blegtorale - FjALA e LIR\u00cb - Arkivi<\/title>\n<meta name=\"robots\" content=\"index, follow, max-snippet:-1, max-image-preview:large, max-video-preview:-1\" \/>\n<link rel=\"canonical\" href=\"https:\/\/fjala.info\/2009-2015\/intervista-rexhep-qosja-berisha-e-ka-kthyer-shqiperine-ne-nje-autokraci-blegtorale\/\" \/>\n<meta property=\"og:locale\" content=\"sq_AL\" \/>\n<meta property=\"og:type\" content=\"article\" \/>\n<meta property=\"og:title\" content=\"INTERVISTA\/ Rexhep Qosja: Berisha e ka kthyer Shqip\u00ebrin\u00eb n\u00eb nj\u00eb autokraci blegtorale - FjALA e LIR\u00cb - Arkivi\" \/>\n<meta property=\"og:description\" content=\"TemA Online, 19 Tetor 2011 N\u00eb nj\u00eb koh\u00eb me zhvillime t\u00eb r\u00ebnd\u00ebsishme politike, si mosmarrja e statusit t\u00eb vendit kandidat p\u00ebr n\u00eb BE, por edhe me sherre t\u00eb pafundme midis pal\u00ebve gjithnj\u00eb n\u00eb konflikt, me nj\u00eb gjendje t\u00eb acaruar n\u00eb Veriun e Kosov\u00ebs etj., etj., mendimi i Akademikut Rexhep Qosja, nj\u00eb prej mendjeve m\u00eb t\u00eb [&hellip;]\" \/>\n<meta property=\"og:url\" content=\"https:\/\/fjala.info\/2009-2015\/intervista-rexhep-qosja-berisha-e-ka-kthyer-shqiperine-ne-nje-autokraci-blegtorale\/\" \/>\n<meta property=\"og:site_name\" content=\"FjALA e LIR\u00cb - Arkivi\" \/>\n<meta property=\"article:published_time\" content=\"2011-10-19T09:05:54+00:00\" \/>\n<meta property=\"og:image\" content=\"http:\/\/www.shkoder.net\/images\/fjala\/2011\/rexhep_qosja1.jpg\" \/>\n<meta name=\"author\" content=\"admin\" \/>\n<meta name=\"twitter:card\" content=\"summary_large_image\" \/>\n<meta name=\"twitter:label1\" content=\"Written by\" \/>\n\t<meta name=\"twitter:data1\" content=\"admin\" \/>\n\t<meta name=\"twitter:label2\" content=\"Est. reading time\" \/>\n\t<meta name=\"twitter:data2\" content=\"31 minutes\" \/>\n<script type=\"application\/ld+json\" class=\"yoast-schema-graph\">{\"@context\":\"https:\\\/\\\/schema.org\",\"@graph\":[{\"@type\":\"Article\",\"@id\":\"https:\\\/\\\/fjala.info\\\/2009-2015\\\/intervista-rexhep-qosja-berisha-e-ka-kthyer-shqiperine-ne-nje-autokraci-blegtorale\\\/#article\",\"isPartOf\":{\"@id\":\"https:\\\/\\\/fjala.info\\\/2009-2015\\\/intervista-rexhep-qosja-berisha-e-ka-kthyer-shqiperine-ne-nje-autokraci-blegtorale\\\/\"},\"author\":{\"name\":\"admin\",\"@id\":\"https:\\\/\\\/fjala.info\\\/2009-2015\\\/#\\\/schema\\\/person\\\/3aa1163ef05469c496fc94e77611ada2\"},\"headline\":\"INTERVISTA\\\/ Rexhep Qosja: Berisha e ka kthyer Shqip\u00ebrin\u00eb n\u00eb nj\u00eb autokraci blegtorale\",\"datePublished\":\"2011-10-19T09:05:54+00:00\",\"mainEntityOfPage\":{\"@id\":\"https:\\\/\\\/fjala.info\\\/2009-2015\\\/intervista-rexhep-qosja-berisha-e-ka-kthyer-shqiperine-ne-nje-autokraci-blegtorale\\\/\"},\"wordCount\":6268,\"commentCount\":0,\"publisher\":{\"@id\":\"https:\\\/\\\/fjala.info\\\/2009-2015\\\/#organization\"},\"image\":{\"@id\":\"https:\\\/\\\/fjala.info\\\/2009-2015\\\/intervista-rexhep-qosja-berisha-e-ka-kthyer-shqiperine-ne-nje-autokraci-blegtorale\\\/#primaryimage\"},\"thumbnailUrl\":\"http:\\\/\\\/www.shkoder.net\\\/images\\\/fjala\\\/2011\\\/rexhep_qosja1.jpg\",\"articleSection\":[\"Artikuj\",\"Intervista\"],\"inLanguage\":\"sq-AL\",\"potentialAction\":[{\"@type\":\"CommentAction\",\"name\":\"Comment\",\"target\":[\"https:\\\/\\\/fjala.info\\\/2009-2015\\\/intervista-rexhep-qosja-berisha-e-ka-kthyer-shqiperine-ne-nje-autokraci-blegtorale\\\/#respond\"]}]},{\"@type\":\"WebPage\",\"@id\":\"https:\\\/\\\/fjala.info\\\/2009-2015\\\/intervista-rexhep-qosja-berisha-e-ka-kthyer-shqiperine-ne-nje-autokraci-blegtorale\\\/\",\"url\":\"https:\\\/\\\/fjala.info\\\/2009-2015\\\/intervista-rexhep-qosja-berisha-e-ka-kthyer-shqiperine-ne-nje-autokraci-blegtorale\\\/\",\"name\":\"INTERVISTA\\\/ Rexhep Qosja: Berisha e ka kthyer Shqip\u00ebrin\u00eb n\u00eb nj\u00eb autokraci blegtorale - FjALA e LIR\u00cb - Arkivi\",\"isPartOf\":{\"@id\":\"https:\\\/\\\/fjala.info\\\/2009-2015\\\/#website\"},\"primaryImageOfPage\":{\"@id\":\"https:\\\/\\\/fjala.info\\\/2009-2015\\\/intervista-rexhep-qosja-berisha-e-ka-kthyer-shqiperine-ne-nje-autokraci-blegtorale\\\/#primaryimage\"},\"image\":{\"@id\":\"https:\\\/\\\/fjala.info\\\/2009-2015\\\/intervista-rexhep-qosja-berisha-e-ka-kthyer-shqiperine-ne-nje-autokraci-blegtorale\\\/#primaryimage\"},\"thumbnailUrl\":\"http:\\\/\\\/www.shkoder.net\\\/images\\\/fjala\\\/2011\\\/rexhep_qosja1.jpg\",\"datePublished\":\"2011-10-19T09:05:54+00:00\",\"breadcrumb\":{\"@id\":\"https:\\\/\\\/fjala.info\\\/2009-2015\\\/intervista-rexhep-qosja-berisha-e-ka-kthyer-shqiperine-ne-nje-autokraci-blegtorale\\\/#breadcrumb\"},\"inLanguage\":\"sq-AL\",\"potentialAction\":[{\"@type\":\"ReadAction\",\"target\":[\"https:\\\/\\\/fjala.info\\\/2009-2015\\\/intervista-rexhep-qosja-berisha-e-ka-kthyer-shqiperine-ne-nje-autokraci-blegtorale\\\/\"]}]},{\"@type\":\"ImageObject\",\"inLanguage\":\"sq-AL\",\"@id\":\"https:\\\/\\\/fjala.info\\\/2009-2015\\\/intervista-rexhep-qosja-berisha-e-ka-kthyer-shqiperine-ne-nje-autokraci-blegtorale\\\/#primaryimage\",\"url\":\"http:\\\/\\\/www.shkoder.net\\\/images\\\/fjala\\\/2011\\\/rexhep_qosja1.jpg\",\"contentUrl\":\"http:\\\/\\\/www.shkoder.net\\\/images\\\/fjala\\\/2011\\\/rexhep_qosja1.jpg\"},{\"@type\":\"BreadcrumbList\",\"@id\":\"https:\\\/\\\/fjala.info\\\/2009-2015\\\/intervista-rexhep-qosja-berisha-e-ka-kthyer-shqiperine-ne-nje-autokraci-blegtorale\\\/#breadcrumb\",\"itemListElement\":[{\"@type\":\"ListItem\",\"position\":1,\"name\":\"Home\",\"item\":\"https:\\\/\\\/fjala.info\\\/2009-2015\\\/\"},{\"@type\":\"ListItem\",\"position\":2,\"name\":\"INTERVISTA\\\/ Rexhep Qosja: Berisha e ka kthyer Shqip\u00ebrin\u00eb n\u00eb nj\u00eb autokraci blegtorale\"}]},{\"@type\":\"WebSite\",\"@id\":\"https:\\\/\\\/fjala.info\\\/2009-2015\\\/#website\",\"url\":\"https:\\\/\\\/fjala.info\\\/2009-2015\\\/\",\"name\":\"FjALA e LIR\u00cb - Arkivi\",\"description\":\"Arkivi 2009-2015\",\"publisher\":{\"@id\":\"https:\\\/\\\/fjala.info\\\/2009-2015\\\/#organization\"},\"potentialAction\":[{\"@type\":\"SearchAction\",\"target\":{\"@type\":\"EntryPoint\",\"urlTemplate\":\"https:\\\/\\\/fjala.info\\\/2009-2015\\\/?s={search_term_string}\"},\"query-input\":{\"@type\":\"PropertyValueSpecification\",\"valueRequired\":true,\"valueName\":\"search_term_string\"}}],\"inLanguage\":\"sq-AL\"},{\"@type\":\"Organization\",\"@id\":\"https:\\\/\\\/fjala.info\\\/2009-2015\\\/#organization\",\"name\":\"FjALA e LIR\u00cb - Arkivi\",\"url\":\"https:\\\/\\\/fjala.info\\\/2009-2015\\\/\",\"logo\":{\"@type\":\"ImageObject\",\"inLanguage\":\"sq-AL\",\"@id\":\"https:\\\/\\\/fjala.info\\\/2009-2015\\\/#\\\/schema\\\/logo\\\/image\\\/\",\"url\":\"\",\"contentUrl\":\"\",\"caption\":\"FjALA e LIR\u00cb - Arkivi\"},\"image\":{\"@id\":\"https:\\\/\\\/fjala.info\\\/2009-2015\\\/#\\\/schema\\\/logo\\\/image\\\/\"}},{\"@type\":\"Person\",\"@id\":\"https:\\\/\\\/fjala.info\\\/2009-2015\\\/#\\\/schema\\\/person\\\/3aa1163ef05469c496fc94e77611ada2\",\"name\":\"admin\",\"image\":{\"@type\":\"ImageObject\",\"inLanguage\":\"sq-AL\",\"@id\":\"https:\\\/\\\/fjala.info\\\/2009-2015\\\/wp-content\\\/uploads\\\/2012\\\/02\\\/arben_cokaj-120x150.jpg\",\"url\":\"https:\\\/\\\/fjala.info\\\/2009-2015\\\/wp-content\\\/uploads\\\/2012\\\/02\\\/arben_cokaj-120x150.jpg\",\"contentUrl\":\"https:\\\/\\\/fjala.info\\\/2009-2015\\\/wp-content\\\/uploads\\\/2012\\\/02\\\/arben_cokaj-120x150.jpg\",\"caption\":\"admin\"},\"description\":\"Admin, Fjala e Lir\u00eb\",\"sameAs\":[\"https:\\\/\\\/fjala.info\\\/\"],\"url\":\"https:\\\/\\\/fjala.info\\\/2009-2015\\\/author\\\/admin\\\/\"}]}<\/script>\n<!-- \/ Yoast SEO plugin. -->","yoast_head_json":{"title":"INTERVISTA\/ Rexhep Qosja: Berisha e ka kthyer Shqip\u00ebrin\u00eb n\u00eb nj\u00eb autokraci blegtorale - FjALA e LIR\u00cb - Arkivi","robots":{"index":"index","follow":"follow","max-snippet":"max-snippet:-1","max-image-preview":"max-image-preview:large","max-video-preview":"max-video-preview:-1"},"canonical":"https:\/\/fjala.info\/2009-2015\/intervista-rexhep-qosja-berisha-e-ka-kthyer-shqiperine-ne-nje-autokraci-blegtorale\/","og_locale":"sq_AL","og_type":"article","og_title":"INTERVISTA\/ Rexhep Qosja: Berisha e ka kthyer Shqip\u00ebrin\u00eb n\u00eb nj\u00eb autokraci blegtorale - FjALA e LIR\u00cb - Arkivi","og_description":"TemA Online, 19 Tetor 2011 N\u00eb nj\u00eb koh\u00eb me zhvillime t\u00eb r\u00ebnd\u00ebsishme politike, si mosmarrja e statusit t\u00eb vendit kandidat p\u00ebr n\u00eb BE, por edhe me sherre t\u00eb pafundme midis pal\u00ebve gjithnj\u00eb n\u00eb konflikt, me nj\u00eb gjendje t\u00eb acaruar n\u00eb Veriun e Kosov\u00ebs etj., etj., mendimi i Akademikut Rexhep Qosja, nj\u00eb prej mendjeve m\u00eb t\u00eb [&hellip;]","og_url":"https:\/\/fjala.info\/2009-2015\/intervista-rexhep-qosja-berisha-e-ka-kthyer-shqiperine-ne-nje-autokraci-blegtorale\/","og_site_name":"FjALA e LIR\u00cb - Arkivi","article_published_time":"2011-10-19T09:05:54+00:00","og_image":[{"url":"http:\/\/www.shkoder.net\/images\/fjala\/2011\/rexhep_qosja1.jpg","type":"","width":"","height":""}],"author":"admin","twitter_card":"summary_large_image","twitter_misc":{"Written by":"admin","Est. reading time":"31 minutes"},"schema":{"@context":"https:\/\/schema.org","@graph":[{"@type":"Article","@id":"https:\/\/fjala.info\/2009-2015\/intervista-rexhep-qosja-berisha-e-ka-kthyer-shqiperine-ne-nje-autokraci-blegtorale\/#article","isPartOf":{"@id":"https:\/\/fjala.info\/2009-2015\/intervista-rexhep-qosja-berisha-e-ka-kthyer-shqiperine-ne-nje-autokraci-blegtorale\/"},"author":{"name":"admin","@id":"https:\/\/fjala.info\/2009-2015\/#\/schema\/person\/3aa1163ef05469c496fc94e77611ada2"},"headline":"INTERVISTA\/ Rexhep Qosja: Berisha e ka kthyer Shqip\u00ebrin\u00eb n\u00eb nj\u00eb autokraci blegtorale","datePublished":"2011-10-19T09:05:54+00:00","mainEntityOfPage":{"@id":"https:\/\/fjala.info\/2009-2015\/intervista-rexhep-qosja-berisha-e-ka-kthyer-shqiperine-ne-nje-autokraci-blegtorale\/"},"wordCount":6268,"commentCount":0,"publisher":{"@id":"https:\/\/fjala.info\/2009-2015\/#organization"},"image":{"@id":"https:\/\/fjala.info\/2009-2015\/intervista-rexhep-qosja-berisha-e-ka-kthyer-shqiperine-ne-nje-autokraci-blegtorale\/#primaryimage"},"thumbnailUrl":"http:\/\/www.shkoder.net\/images\/fjala\/2011\/rexhep_qosja1.jpg","articleSection":["Artikuj","Intervista"],"inLanguage":"sq-AL","potentialAction":[{"@type":"CommentAction","name":"Comment","target":["https:\/\/fjala.info\/2009-2015\/intervista-rexhep-qosja-berisha-e-ka-kthyer-shqiperine-ne-nje-autokraci-blegtorale\/#respond"]}]},{"@type":"WebPage","@id":"https:\/\/fjala.info\/2009-2015\/intervista-rexhep-qosja-berisha-e-ka-kthyer-shqiperine-ne-nje-autokraci-blegtorale\/","url":"https:\/\/fjala.info\/2009-2015\/intervista-rexhep-qosja-berisha-e-ka-kthyer-shqiperine-ne-nje-autokraci-blegtorale\/","name":"INTERVISTA\/ Rexhep Qosja: Berisha e ka kthyer Shqip\u00ebrin\u00eb n\u00eb nj\u00eb autokraci blegtorale - FjALA e LIR\u00cb - Arkivi","isPartOf":{"@id":"https:\/\/fjala.info\/2009-2015\/#website"},"primaryImageOfPage":{"@id":"https:\/\/fjala.info\/2009-2015\/intervista-rexhep-qosja-berisha-e-ka-kthyer-shqiperine-ne-nje-autokraci-blegtorale\/#primaryimage"},"image":{"@id":"https:\/\/fjala.info\/2009-2015\/intervista-rexhep-qosja-berisha-e-ka-kthyer-shqiperine-ne-nje-autokraci-blegtorale\/#primaryimage"},"thumbnailUrl":"http:\/\/www.shkoder.net\/images\/fjala\/2011\/rexhep_qosja1.jpg","datePublished":"2011-10-19T09:05:54+00:00","breadcrumb":{"@id":"https:\/\/fjala.info\/2009-2015\/intervista-rexhep-qosja-berisha-e-ka-kthyer-shqiperine-ne-nje-autokraci-blegtorale\/#breadcrumb"},"inLanguage":"sq-AL","potentialAction":[{"@type":"ReadAction","target":["https:\/\/fjala.info\/2009-2015\/intervista-rexhep-qosja-berisha-e-ka-kthyer-shqiperine-ne-nje-autokraci-blegtorale\/"]}]},{"@type":"ImageObject","inLanguage":"sq-AL","@id":"https:\/\/fjala.info\/2009-2015\/intervista-rexhep-qosja-berisha-e-ka-kthyer-shqiperine-ne-nje-autokraci-blegtorale\/#primaryimage","url":"http:\/\/www.shkoder.net\/images\/fjala\/2011\/rexhep_qosja1.jpg","contentUrl":"http:\/\/www.shkoder.net\/images\/fjala\/2011\/rexhep_qosja1.jpg"},{"@type":"BreadcrumbList","@id":"https:\/\/fjala.info\/2009-2015\/intervista-rexhep-qosja-berisha-e-ka-kthyer-shqiperine-ne-nje-autokraci-blegtorale\/#breadcrumb","itemListElement":[{"@type":"ListItem","position":1,"name":"Home","item":"https:\/\/fjala.info\/2009-2015\/"},{"@type":"ListItem","position":2,"name":"INTERVISTA\/ Rexhep Qosja: Berisha e ka kthyer Shqip\u00ebrin\u00eb n\u00eb nj\u00eb autokraci blegtorale"}]},{"@type":"WebSite","@id":"https:\/\/fjala.info\/2009-2015\/#website","url":"https:\/\/fjala.info\/2009-2015\/","name":"FjALA e LIR\u00cb - Arkivi","description":"Arkivi 2009-2015","publisher":{"@id":"https:\/\/fjala.info\/2009-2015\/#organization"},"potentialAction":[{"@type":"SearchAction","target":{"@type":"EntryPoint","urlTemplate":"https:\/\/fjala.info\/2009-2015\/?s={search_term_string}"},"query-input":{"@type":"PropertyValueSpecification","valueRequired":true,"valueName":"search_term_string"}}],"inLanguage":"sq-AL"},{"@type":"Organization","@id":"https:\/\/fjala.info\/2009-2015\/#organization","name":"FjALA e LIR\u00cb - Arkivi","url":"https:\/\/fjala.info\/2009-2015\/","logo":{"@type":"ImageObject","inLanguage":"sq-AL","@id":"https:\/\/fjala.info\/2009-2015\/#\/schema\/logo\/image\/","url":"","contentUrl":"","caption":"FjALA e LIR\u00cb - Arkivi"},"image":{"@id":"https:\/\/fjala.info\/2009-2015\/#\/schema\/logo\/image\/"}},{"@type":"Person","@id":"https:\/\/fjala.info\/2009-2015\/#\/schema\/person\/3aa1163ef05469c496fc94e77611ada2","name":"admin","image":{"@type":"ImageObject","inLanguage":"sq-AL","@id":"https:\/\/fjala.info\/2009-2015\/wp-content\/uploads\/2012\/02\/arben_cokaj-120x150.jpg","url":"https:\/\/fjala.info\/2009-2015\/wp-content\/uploads\/2012\/02\/arben_cokaj-120x150.jpg","contentUrl":"https:\/\/fjala.info\/2009-2015\/wp-content\/uploads\/2012\/02\/arben_cokaj-120x150.jpg","caption":"admin"},"description":"Admin, Fjala e Lir\u00eb","sameAs":["https:\/\/fjala.info\/"],"url":"https:\/\/fjala.info\/2009-2015\/author\/admin\/"}]}},"_links":{"self":[{"href":"https:\/\/fjala.info\/2009-2015\/wp-json\/wp\/v2\/posts\/11052","targetHints":{"allow":["GET"]}}],"collection":[{"href":"https:\/\/fjala.info\/2009-2015\/wp-json\/wp\/v2\/posts"}],"about":[{"href":"https:\/\/fjala.info\/2009-2015\/wp-json\/wp\/v2\/types\/post"}],"author":[{"embeddable":true,"href":"https:\/\/fjala.info\/2009-2015\/wp-json\/wp\/v2\/users\/1"}],"replies":[{"embeddable":true,"href":"https:\/\/fjala.info\/2009-2015\/wp-json\/wp\/v2\/comments?post=11052"}],"version-history":[{"count":0,"href":"https:\/\/fjala.info\/2009-2015\/wp-json\/wp\/v2\/posts\/11052\/revisions"}],"wp:attachment":[{"href":"https:\/\/fjala.info\/2009-2015\/wp-json\/wp\/v2\/media?parent=11052"}],"wp:term":[{"taxonomy":"category","embeddable":true,"href":"https:\/\/fjala.info\/2009-2015\/wp-json\/wp\/v2\/categories?post=11052"},{"taxonomy":"post_tag","embeddable":true,"href":"https:\/\/fjala.info\/2009-2015\/wp-json\/wp\/v2\/tags?post=11052"}],"curies":[{"name":"wp","href":"https:\/\/api.w.org\/{rel}","templated":true}]}}