{"id":11050,"date":"2011-10-19T09:57:25","date_gmt":"2011-10-19T08:57:25","guid":{"rendered":"http:\/\/fjala.shkoder.net\/?p=11050"},"modified":"2011-10-19T09:57:25","modified_gmt":"2011-10-19T08:57:25","slug":"integrimin-e-zhbllokon-rotacioni","status":"publish","type":"post","link":"https:\/\/fjala.info\/2009-2015\/integrimin-e-zhbllokon-rotacioni\/","title":{"rendered":"Integrimin e zhbllokon rotacioni"},"content":{"rendered":"<p><img decoding=\"async\" class=\"alignright size-thumbnail wp-image-7236\" title=\"Pre\u00e7 Zogaj\" src=\"http:\/\/www.shkoder.net\/images\/fjala\/prec_zogaj.jpg\" alt=\"\" width=\"150\" \/> <strong>Pre\u00e7 Zogaj<\/strong><\/p>\n<p>Berisha dhe qeveria e tij jan\u00eb p\u00ebrfshir\u00eb n\u00eb nj\u00eb fushat\u00eb t\u00eb p\u00ebrditshme p\u00ebr t\u00eb hequr nga vetja p\u00ebrgjegj\u00ebsit\u00eb e d\u00ebshtimit me integrimin europian t\u00eb vendit, duke u p\u00ebrpjekur t\u2019ia l\u00ebn\u00eb fajin opozit\u00ebs. Madje vet\u00eb Europ\u00ebs.<\/p>\n<p>Fushata n\u00eb fjal\u00eb \u00ebsht\u00eb e shpifur, jo thjesht sepse vjen si nj\u00eb agresion kund\u00ebr logjik\u00ebs elementare. Vendi \u00ebsht\u00eb m\u00ebsuar tashm\u00eb me shkarje t\u00eb tilla mendore, q\u00eb jan\u00eb vet\u00eb thelbi i shkoll\u00ebs politike t\u00eb Berish\u00ebs. Fushata \u00ebsht\u00eb e shpifur p\u00ebr nj\u00eb arsye m\u00eb praktike. Pasi jemi kaluar s\u00ebrish nga Serbia, Maqedonia dhe Mali i Zi dhe pasi shohim trenin e radh\u00ebs t\u00eb afrohet me shpejt\u00ebsi bashk\u00eb me koh\u00ebn q\u00eb shkon, nuk mund t\u00eb jet\u00eb n\u00eb rendin e dit\u00ebs debati pa fillim dhe pa fund se kush e ka fajin. Sidomos p\u00ebr qeverin\u00eb. Tjet\u00ebr gj\u00eb \u00ebsht\u00eb n\u00eb rendin e dit\u00ebs. Kapja e koh\u00ebs s\u00eb humbur \u00ebsht\u00eb n\u00eb rendin e dit\u00ebs.<\/p>\n<p>Por qeveria, paradoksalisht qeveria, k\u00ebrkon t\u00eb imponoj\u00eb nj\u00eb debat t\u00eb till\u00eb p\u00ebr nxjerrje sysh. \u00cbsht\u00eb e v\u00ebshtir\u00eb t\u00eb kuptohen arsyet e plota e t\u00eb thella t\u00eb k\u00ebsaj lajthitjeje. Ma merr mendja se dy prej arsyeve jan\u00eb k\u00ebto. E para, sepse kjo qeveri dhe kreu i saj e kan\u00eb zakon t\u00eb sillen si opozit\u00eb dhe ndihem mir\u00eb vet\u00ebn n\u00eb uj\u00ebrat e nj\u00eb opozite t\u00eb keqe. E dyta, kjo qeveri ka nj\u00eb qasje krejt\u00ebsisht elektorale ndaj \u00e7\u00ebshtjes s\u00eb integrimit, duke e par\u00eb vet\u00ebm n\u00eb funksion t\u00eb votave dhe pushtetit e jo si nj\u00eb \u00e7\u00ebshtje t\u00eb standardeve apo si nj\u00eb aspirat\u00eb popullore dhe komb\u00ebtare europiane. Aq e v\u00ebrtet\u00eb \u00ebsht\u00eb kjo sa kryeministri, p\u00ebr t\u2019i hapur drit\u00ebn jeshile aplikimit t\u00eb tij elektoral t\u00eb vitit 2009, ka futur n\u00eb loj\u00ebn e interesave nj\u00eb pjes\u00eb t\u00eb detit dhe asete t\u00eb tjera publike. I dha det Greqis\u00eb, por kur erdhi puna nuk i dha kutit\u00eb e votimit opozit\u00ebs s\u00eb tij, nj\u00eb akt q\u00eb do ta kishte zhbllokuar politikisht dhe demokratikisht \u00e7\u00ebshtjen e integrimit.<\/p>\n<p>Qasja elektorale q\u00eb ka kryeministri p\u00ebr integrimin u shfaq po aq qart\u00eb edhe n\u00eb thirrjen q\u00eb ai i b\u00ebri popullit p\u00ebr ta zgjidhur debatin p\u00ebr fajin me vote. Kjo thirrje do t\u00eb kishte kuptim sot vet\u00ebm n\u00ebse qeveria dhe Berisha mbajn\u00eb sh\u00ebnim d\u00ebshtimin e r\u00ebnd\u00eb me statusin dhe vendosin t\u00eb \u00e7ojn\u00eb vendin n\u00eb zgjedhje t\u00eb parakohshme. Kjo \u00ebsht\u00eb t\u2019ia l\u00ebsh v\u00ebrtet n\u00eb dor\u00eb popullit. Por t\u2019ia l\u00ebsh shpejt ama, pa u vonuar edhe dy vjet t\u00eb tjera. Mir\u00ebpo, me sa dim\u00eb, Berisha nuk ka nd\u00ebrmend as zgjedhje t\u00eb parakohshme, as ndryshim t\u00eb formul\u00ebs s\u00eb qeverisjes, madje as rregullime n\u00eb kabinetin e tij p\u00ebr t\u00eb dh\u00ebn\u00eb p\u00ebrshtypjen e nj\u00eb reflektimi p\u00ebr refuzimin e statusit. Jo, ai nuk do t\u00eb b\u00ebj\u00eb asgj\u00eb. Do t\u00eb p\u00ebrpiqet t\u00eb rrij\u00eb aty ku \u00ebsht\u00eb deri n\u00eb fund t\u00eb mandatit, pa bar\u00eb asgj\u00eb, p\u00ebr t\u2019i humbur koh\u00eb Shqip\u00ebris\u00eb duke menduar se po fiton koh\u00eb p\u00ebr vete. P\u00ebrderisa nuk b\u00ebn zgjedhje t\u00eb parakohshme, thirrja e kryeministrit t\u00eb vendit p\u00ebr ta zgjidhur me vot\u00eb pas dy vjet\u00ebsh \u00e7\u00ebshtjen e d\u00ebshtimit me statusin \u00ebsht\u00eb e nxituar, e parakohshme. Ajo tradhton t\u00ebrheqjen e tij nga impenjimet institucionale p\u00ebr zbatimin e 12 kritereve t\u00eb BE-s\u00eb. Kjo thirrje, ashtu si\u00e7 u b\u00eb, tradhton gjithashtu mendimin q\u00eb ai ka p\u00ebr opozit\u00ebn si institucion i tep\u00ebrt n\u00eb regjimin e tij.<\/p>\n<p>Fushata e kryeministrit p\u00ebr t\u00eb faj\u00ebsuar opozit\u00ebn e p\u00ebr t\u00eb dal\u00eb i lar\u00eb p\u00ebr vete n\u00eb nj\u00eb d\u00ebshtim q\u00eb \u00ebsht\u00eb pik\u00ebs\u00ebpari p\u00ebrgjegj\u00ebsi e qeveris\u00eb nuk ka shembull n\u00eb Europ\u00eb. Por duhet t\u00eb ngush\u00ebllohemi, sepse suksesi popullor i k\u00ebsaj fushate k\u00ebrkon gjithsesi nj\u00eb kusht \u201ct\u00eb vog\u00ebl\u201d: K\u00ebrkon njer\u00ebz t\u00eb trash\u00eb e t\u00eb painformuar, q\u00eb nuk kuptojn\u00eb e nuk din\u00eb \u00e7\u2019b\u00ebhet rreth e rrotull. Vet\u00eb shpjegimet e cek\u00ebta, kontradiktore dhe qesharake t\u00eb kryeministrit destinohen p\u00ebr njer\u00ebz t\u00eb till\u00eb. Q\u00eb me siguri jan\u00eb pak n\u00eb Shqip\u00ebrin\u00eb e sotme. D\u00ebgjova nj\u00eb dit\u00eb zotin Berisha q\u00eb po thoshte se shqiptar\u00ebt e men\u00e7ur e din\u00eb vet\u00eb kush e pengoi marrjen e ftes\u00ebs. N\u00ebnteksti ishte i qart\u00eb: opozita. Deri k\u00ebtu mund t\u00eb themi se nuk kishte ndonj\u00eb gj\u00eb p\u00ebr t\u00eb qeshur. Por pak radh\u00eb me posht\u00eb, duke mos besuar me sa duket n\u00eb aft\u00ebsin\u00eb e men\u00e7uris\u00eb popullore p\u00ebr t\u00eb kapur n\u00ebntekstet e tij, ja ku vendosi t\u00eb vinte gishtin akuzues mbi penguesin kryesor. Ishte shefi i opozit\u00ebs Edi Rama. Ky kishte b\u00ebr\u00eb telefonata e shkruar letra n\u00eb Bruksel kund\u00ebr integrimit t\u00eb vendit n\u00eb Europ\u00eb! Po mir\u00eb, pse nuk ka b\u00ebr\u00eb xhaxhi Saliu me shum\u00eb telefonata, pse nuk ka shkruar xhaxhi Saliu m\u00eb shum\u00eb letra, replikoi pafaj\u00ebsisht n\u00eb nj\u00eb show televiziv nj\u00eb vajz\u00eb e vog\u00ebl. T\u00eb m\u00ebdhenjt\u00eb e pranish\u00ebm ia plas\u00ebn gazit, kurse vajza u skuq nga turpi. \u00c7far\u00eb gabimi kishte b\u00ebr\u00eb q\u00eb t\u00eb m\u00ebdhenjt\u00eb po talleshin ashtu?<\/p>\n<p>Nuk mund ta dinte se nuk ishte ajo autorja e gabimit qesharak. Nuk mund ta dinte akoma se nuk ka r\u00ebn\u00eb n\u00eb k\u00ebt\u00eb nivel banal aspirata e integrimit t\u00eb Shqip\u00ebris\u00eb n\u00eb nj\u00eb an\u00eb dhe politika e zgjerimit t\u00eb BE-s\u00eb n\u00eb an\u00ebn tjet\u00ebr, sa t\u00eb pengohen apo p\u00ebrshpejtohen me telefonata dhe letra nga Tirana.<\/p>\n<p>Shembuj t\u00eb till\u00eb prodhon vazhdimisht p\u00ebrditshm\u00ebria e betej\u00ebs bajate p\u00ebr fajin. Pakkush ka qejf t\u00eb p\u00ebrfshihet n\u00eb t\u00eb. Por vjen nj\u00eb moment kur k\u00ebmb\u00ebngulja e kryeministrit dhe bashk\u00ebpun\u00ebtor\u00ebve t\u00eb tij e provokojn\u00eb p\u00ebrnj\u00ebmend arsyen normale.<\/p>\n<p>Brukseli na thot\u00eb ngecet p\u00ebr shkak t\u00eb ng\u00ebr\u00e7it politik. Pse nuk e zgjidhi Berisha ng\u00ebr\u00e7in kur doli Rezoluta e Parlamentit Europian p\u00ebr hetimin e zgjedhjeve? Pse i ofroi opozit\u00ebs s\u00eb tij tymin e flet\u00ebve t\u00eb djegura n\u00eb vend t\u00eb hetimit t\u00eb kutive? Politika mb\u00ebshtetet n\u00eb akte, jo n\u00eb fjal\u00eb. Mund t\u00eb thuash t\u00ebr\u00eb jet\u00ebn se opozita nuk do transparenc\u00eb. Mund t\u00eb thuash t\u00ebr\u00eb jet\u00ebn se opozita nuk do integrim. K\u00ebto jan\u00eb fraza boshe, kur nuk ke b\u00ebr\u00eb asnj\u00eb prej detyrave t\u00eb tua.<\/p>\n<p>Komisioneri Fule tha se nuk kemi plot\u00ebsuar asnj\u00eb kriter. Asnj\u00eb. Dymb\u00ebdhjet\u00eb nota jokaluese mori Shqip\u00ebria. E d\u00ebgjuan t\u00eb gjith\u00eb shqiptar\u00ebt. Zoti Berisha duket t\u00eb llogaris\u00eb vet\u00ebm ata q\u00eb nuk kan\u00eb sy dhe vesh\u00eb p\u00ebr t\u00eb kaluar p\u00ebrrall\u00ebn e tij.<\/p>\n<p>Pse, p\u00ebr shembull, paska faj opozita q\u00eb qeveria nuk ka dh\u00ebn\u00eb ende nj\u00eb zgjidhje t\u00eb plot\u00eb p\u00ebr \u00e7\u00ebshtjen e pronave?<\/p>\n<p>Pse paska faj opozita q\u00eb qeveria nuk lufton korrupsionin dhe nuk vendos dot sundimin e ligjit n\u00eb vend?<\/p>\n<p>Ose t\u00eb marrim dy kritere m\u00eb pak t\u00eb forta: Pse paska faj opozita q\u00eb qeveria nuk lufton dot diskriminimin dhe nuk zbaton standardet p\u00ebr t\u00eb burgosurit e t\u00eb paraburgosurit?<\/p>\n<p>Dhe m\u00eb kryesorja: Kush e ka fajin q\u00eb Shqip\u00ebria nuk b\u00ebn dot zgjedhje t\u00eb lira e t\u00eb ndershme, kur kavalerin\u00eb e institucioneve q\u00eb merren me zgjedhjet e ka n\u00eb dor\u00eb qeveria dhe kur manipulimet dhe grabitjet e mandateve b\u00ebhen gjithnj\u00eb n\u00eb d\u00ebm t\u00eb opozit\u00ebs dhe n\u00eb favor t\u00eb qeveris\u00eb?<\/p>\n<p>Opozita ka p\u00ebrgjegj\u00ebsit\u00eb e saj q\u00eb, duhet t\u2019i marr\u00eb, por \u00ebsht\u00eb naive dhe e lig\u00eb t\u00eb thuash se ajo ka bllokuar integrimin. Opozita e Serbis\u00eb \u00ebsht\u00eb kund\u00ebr integrimit europian t\u00eb vendit t\u00eb vet n\u00eb princip, n\u00eb program, n\u00eb q\u00ebndrim. E prap\u00ebseprap\u00eb, ky fakt nuk e ka penguar dot qeverin\u00eb serbe t\u00eb marr\u00eb statusin e vendit kandidat. Pse? Sepse qeveria \u00ebsht\u00eb ajo q\u00eb v\u00eb vul\u00ebn e detyrave t\u00eb integrimit.<\/p>\n<p>Elit\u00ebs vendimmarr\u00ebse t\u00eb Shqip\u00ebris\u00eb, n\u00eb radh\u00eb t\u00eb par\u00eb atyre q\u00eb kan\u00eb marr\u00eb p\u00ebrsip\u00ebr t\u00eb qeverisin, nuk u lejohet t\u00eb tallen m\u00eb me aspirat\u00ebn popullore p\u00ebr integrimin europian, duke luajtur kukafshehurazi me kriteret. Maqedonia, Mali i Zi apo Serbia nuk e b\u00ebjn\u00eb diferenc\u00ebn me ne, sepse kan\u00eb m\u00eb pak korrupsion, sepse kan\u00eb zgjedhur avokatin e popullit, e tjer\u00eb. Korrupsion ka edhe n\u00eb vendet themeluese t\u00eb BE-s\u00eb. Lufta kund\u00ebr korrupsionit \u00ebsht\u00eb nj\u00eb sfid\u00eb e p\u00ebrhershme. Vendet fqinje e b\u00ebjn\u00eb diferenc\u00ebn me ne n\u00eb tri pika themelore: B\u00ebjn\u00eb zgjedhje t\u00eb lira. Kan\u00eb nj\u00eb standard m\u00eb t\u00eb lart\u00eb t\u00eb sundimit t\u00eb ligjit. E luftojn\u00eb politikisht dhe ligj\u00ebrisht korrupsionin. K\u00ebto jan\u00eb tri sfidat tona themelore.<\/p>\n<p>Pa to nuk do t\u00eb kalojm\u00eb edhe pasi ta kemi zgjedhur Avokatin e Popullit, edhe pasi ta kemi votuar Gjykat\u00ebn Administrative. Treni i tret\u00eb \u00ebsht\u00eb nisur. N\u00ebse do ta humbin edhe at\u00eb \u2013 dhe gjasat jan\u00eb se do ta humbin sa koh\u00eb q\u00eb kryeministri dhe qeveria nuk po ofrojn\u00eb asnj\u00eb nj\u00eb program \u2013 bien dakord se k\u00ebt\u00eb problem madhor do ta zgjidh\u00eb populli me vot\u00eb. Por askush t\u00eb mos mendoj\u00eb se do ta zgjidh\u00eb ashtu si\u00e7 mejton Berisha me mb\u00ebshtet\u00ebsit e tij: duke zhdukur opozit\u00ebn. Populli nuk mund t\u00eb kryej\u00eb kurr\u00eb me vot\u00eb t\u00eb lir\u00eb akte regresi t\u00eb shkall\u00ebs s\u00eb vet\u00ebvrasjes. Opozita \u00ebsht\u00eb kuptimi i demokracis\u00eb. Opozita e iluminuar europianiste \u00ebsht\u00eb nj\u00eb nga pasurit\u00eb e m\u00ebdha q\u00eb kemi. Prandaj, populli, kur t\u2019i vij\u00eb radha, do t\u00eb b\u00ebj\u00eb nj\u00eb zgjidhje m\u00eb t\u00eb thjesht\u00eb dhe m\u00eb t\u00eb natyrshme p\u00ebr zhbllokimin e integrimit: t\u00eb \u00e7oj\u00eb opozit\u00ebn n\u00eb pushtet dhe pushtetin n\u00eb opozit\u00eb.<\/p>\n","protected":false},"excerpt":{"rendered":"<p>Pre\u00e7 Zogaj Berisha dhe qeveria e tij jan\u00eb p\u00ebrfshir\u00eb n\u00eb nj\u00eb fushat\u00eb t\u00eb p\u00ebrditshme p\u00ebr t\u00eb hequr nga vetja p\u00ebrgjegj\u00ebsit\u00eb e d\u00ebshtimit me integrimin europian t\u00eb vendit, duke u p\u00ebrpjekur t\u2019ia l\u00ebn\u00eb fajin opozit\u00ebs. Madje vet\u00eb Europ\u00ebs. Fushata n\u00eb fjal\u00eb \u00ebsht\u00eb e shpifur, jo thjesht sepse vjen si nj\u00eb agresion kund\u00ebr logjik\u00ebs elementare. Vendi \u00ebsht\u00eb [&hellip;]<\/p>\n","protected":false},"author":1,"featured_media":0,"comment_status":"open","ping_status":"closed","sticky":false,"template":"","format":"standard","meta":{"footnotes":""},"categories":[2],"tags":[],"class_list":{"0":"post-11050","1":"post","2":"type-post","3":"status-publish","4":"format-standard","6":"category-artikuj"},"yoast_head":"<!-- This site is optimized with the Yoast SEO plugin v27.4 - https:\/\/yoast.com\/product\/yoast-seo-wordpress\/ -->\n<title>Integrimin e zhbllokon rotacioni - FjALA e LIR\u00cb - Arkivi<\/title>\n<meta name=\"robots\" content=\"index, follow, max-snippet:-1, max-image-preview:large, max-video-preview:-1\" \/>\n<link rel=\"canonical\" href=\"https:\/\/fjala.info\/2009-2015\/integrimin-e-zhbllokon-rotacioni\/\" \/>\n<meta property=\"og:locale\" content=\"sq_AL\" \/>\n<meta property=\"og:type\" content=\"article\" \/>\n<meta property=\"og:title\" content=\"Integrimin e zhbllokon rotacioni - FjALA e LIR\u00cb - Arkivi\" \/>\n<meta property=\"og:description\" content=\"Pre\u00e7 Zogaj Berisha dhe qeveria e tij jan\u00eb p\u00ebrfshir\u00eb n\u00eb nj\u00eb fushat\u00eb t\u00eb p\u00ebrditshme p\u00ebr t\u00eb hequr nga vetja p\u00ebrgjegj\u00ebsit\u00eb e d\u00ebshtimit me integrimin europian t\u00eb vendit, duke u p\u00ebrpjekur t\u2019ia l\u00ebn\u00eb fajin opozit\u00ebs. Madje vet\u00eb Europ\u00ebs. Fushata n\u00eb fjal\u00eb \u00ebsht\u00eb e shpifur, jo thjesht sepse vjen si nj\u00eb agresion kund\u00ebr logjik\u00ebs elementare. Vendi \u00ebsht\u00eb [&hellip;]\" \/>\n<meta property=\"og:url\" content=\"https:\/\/fjala.info\/2009-2015\/integrimin-e-zhbllokon-rotacioni\/\" \/>\n<meta property=\"og:site_name\" content=\"FjALA e LIR\u00cb - Arkivi\" \/>\n<meta property=\"article:published_time\" content=\"2011-10-19T08:57:25+00:00\" \/>\n<meta property=\"og:image\" content=\"http:\/\/www.shkoder.net\/images\/fjala\/prec_zogaj.jpg\" \/>\n<meta name=\"author\" content=\"admin\" \/>\n<meta name=\"twitter:card\" content=\"summary_large_image\" \/>\n<meta name=\"twitter:label1\" content=\"Written by\" \/>\n\t<meta name=\"twitter:data1\" content=\"admin\" \/>\n\t<meta name=\"twitter:label2\" content=\"Est. reading time\" \/>\n\t<meta name=\"twitter:data2\" content=\"8 minutes\" \/>\n<script type=\"application\/ld+json\" class=\"yoast-schema-graph\">{\"@context\":\"https:\\\/\\\/schema.org\",\"@graph\":[{\"@type\":\"Article\",\"@id\":\"https:\\\/\\\/fjala.info\\\/2009-2015\\\/integrimin-e-zhbllokon-rotacioni\\\/#article\",\"isPartOf\":{\"@id\":\"https:\\\/\\\/fjala.info\\\/2009-2015\\\/integrimin-e-zhbllokon-rotacioni\\\/\"},\"author\":{\"name\":\"admin\",\"@id\":\"https:\\\/\\\/fjala.info\\\/2009-2015\\\/#\\\/schema\\\/person\\\/3aa1163ef05469c496fc94e77611ada2\"},\"headline\":\"Integrimin e zhbllokon rotacioni\",\"datePublished\":\"2011-10-19T08:57:25+00:00\",\"mainEntityOfPage\":{\"@id\":\"https:\\\/\\\/fjala.info\\\/2009-2015\\\/integrimin-e-zhbllokon-rotacioni\\\/\"},\"wordCount\":1618,\"commentCount\":0,\"publisher\":{\"@id\":\"https:\\\/\\\/fjala.info\\\/2009-2015\\\/#organization\"},\"image\":{\"@id\":\"https:\\\/\\\/fjala.info\\\/2009-2015\\\/integrimin-e-zhbllokon-rotacioni\\\/#primaryimage\"},\"thumbnailUrl\":\"http:\\\/\\\/www.shkoder.net\\\/images\\\/fjala\\\/prec_zogaj.jpg\",\"articleSection\":[\"Artikuj\"],\"inLanguage\":\"sq-AL\",\"potentialAction\":[{\"@type\":\"CommentAction\",\"name\":\"Comment\",\"target\":[\"https:\\\/\\\/fjala.info\\\/2009-2015\\\/integrimin-e-zhbllokon-rotacioni\\\/#respond\"]}]},{\"@type\":\"WebPage\",\"@id\":\"https:\\\/\\\/fjala.info\\\/2009-2015\\\/integrimin-e-zhbllokon-rotacioni\\\/\",\"url\":\"https:\\\/\\\/fjala.info\\\/2009-2015\\\/integrimin-e-zhbllokon-rotacioni\\\/\",\"name\":\"Integrimin e zhbllokon rotacioni - FjALA e LIR\u00cb - Arkivi\",\"isPartOf\":{\"@id\":\"https:\\\/\\\/fjala.info\\\/2009-2015\\\/#website\"},\"primaryImageOfPage\":{\"@id\":\"https:\\\/\\\/fjala.info\\\/2009-2015\\\/integrimin-e-zhbllokon-rotacioni\\\/#primaryimage\"},\"image\":{\"@id\":\"https:\\\/\\\/fjala.info\\\/2009-2015\\\/integrimin-e-zhbllokon-rotacioni\\\/#primaryimage\"},\"thumbnailUrl\":\"http:\\\/\\\/www.shkoder.net\\\/images\\\/fjala\\\/prec_zogaj.jpg\",\"datePublished\":\"2011-10-19T08:57:25+00:00\",\"breadcrumb\":{\"@id\":\"https:\\\/\\\/fjala.info\\\/2009-2015\\\/integrimin-e-zhbllokon-rotacioni\\\/#breadcrumb\"},\"inLanguage\":\"sq-AL\",\"potentialAction\":[{\"@type\":\"ReadAction\",\"target\":[\"https:\\\/\\\/fjala.info\\\/2009-2015\\\/integrimin-e-zhbllokon-rotacioni\\\/\"]}]},{\"@type\":\"ImageObject\",\"inLanguage\":\"sq-AL\",\"@id\":\"https:\\\/\\\/fjala.info\\\/2009-2015\\\/integrimin-e-zhbllokon-rotacioni\\\/#primaryimage\",\"url\":\"http:\\\/\\\/www.shkoder.net\\\/images\\\/fjala\\\/prec_zogaj.jpg\",\"contentUrl\":\"http:\\\/\\\/www.shkoder.net\\\/images\\\/fjala\\\/prec_zogaj.jpg\"},{\"@type\":\"BreadcrumbList\",\"@id\":\"https:\\\/\\\/fjala.info\\\/2009-2015\\\/integrimin-e-zhbllokon-rotacioni\\\/#breadcrumb\",\"itemListElement\":[{\"@type\":\"ListItem\",\"position\":1,\"name\":\"Home\",\"item\":\"https:\\\/\\\/fjala.info\\\/2009-2015\\\/\"},{\"@type\":\"ListItem\",\"position\":2,\"name\":\"Integrimin e zhbllokon rotacioni\"}]},{\"@type\":\"WebSite\",\"@id\":\"https:\\\/\\\/fjala.info\\\/2009-2015\\\/#website\",\"url\":\"https:\\\/\\\/fjala.info\\\/2009-2015\\\/\",\"name\":\"FjALA e LIR\u00cb - Arkivi\",\"description\":\"Arkivi 2009-2015\",\"publisher\":{\"@id\":\"https:\\\/\\\/fjala.info\\\/2009-2015\\\/#organization\"},\"potentialAction\":[{\"@type\":\"SearchAction\",\"target\":{\"@type\":\"EntryPoint\",\"urlTemplate\":\"https:\\\/\\\/fjala.info\\\/2009-2015\\\/?s={search_term_string}\"},\"query-input\":{\"@type\":\"PropertyValueSpecification\",\"valueRequired\":true,\"valueName\":\"search_term_string\"}}],\"inLanguage\":\"sq-AL\"},{\"@type\":\"Organization\",\"@id\":\"https:\\\/\\\/fjala.info\\\/2009-2015\\\/#organization\",\"name\":\"FjALA e LIR\u00cb - Arkivi\",\"url\":\"https:\\\/\\\/fjala.info\\\/2009-2015\\\/\",\"logo\":{\"@type\":\"ImageObject\",\"inLanguage\":\"sq-AL\",\"@id\":\"https:\\\/\\\/fjala.info\\\/2009-2015\\\/#\\\/schema\\\/logo\\\/image\\\/\",\"url\":\"\",\"contentUrl\":\"\",\"caption\":\"FjALA e LIR\u00cb - Arkivi\"},\"image\":{\"@id\":\"https:\\\/\\\/fjala.info\\\/2009-2015\\\/#\\\/schema\\\/logo\\\/image\\\/\"}},{\"@type\":\"Person\",\"@id\":\"https:\\\/\\\/fjala.info\\\/2009-2015\\\/#\\\/schema\\\/person\\\/3aa1163ef05469c496fc94e77611ada2\",\"name\":\"admin\",\"image\":{\"@type\":\"ImageObject\",\"inLanguage\":\"sq-AL\",\"@id\":\"https:\\\/\\\/fjala.info\\\/2009-2015\\\/wp-content\\\/uploads\\\/2012\\\/02\\\/arben_cokaj-120x150.jpg\",\"url\":\"https:\\\/\\\/fjala.info\\\/2009-2015\\\/wp-content\\\/uploads\\\/2012\\\/02\\\/arben_cokaj-120x150.jpg\",\"contentUrl\":\"https:\\\/\\\/fjala.info\\\/2009-2015\\\/wp-content\\\/uploads\\\/2012\\\/02\\\/arben_cokaj-120x150.jpg\",\"caption\":\"admin\"},\"description\":\"Admin, Fjala e Lir\u00eb\",\"sameAs\":[\"https:\\\/\\\/fjala.info\\\/\"],\"url\":\"https:\\\/\\\/fjala.info\\\/2009-2015\\\/author\\\/admin\\\/\"}]}<\/script>\n<!-- \/ Yoast SEO plugin. -->","yoast_head_json":{"title":"Integrimin e zhbllokon rotacioni - FjALA e LIR\u00cb - Arkivi","robots":{"index":"index","follow":"follow","max-snippet":"max-snippet:-1","max-image-preview":"max-image-preview:large","max-video-preview":"max-video-preview:-1"},"canonical":"https:\/\/fjala.info\/2009-2015\/integrimin-e-zhbllokon-rotacioni\/","og_locale":"sq_AL","og_type":"article","og_title":"Integrimin e zhbllokon rotacioni - FjALA e LIR\u00cb - Arkivi","og_description":"Pre\u00e7 Zogaj Berisha dhe qeveria e tij jan\u00eb p\u00ebrfshir\u00eb n\u00eb nj\u00eb fushat\u00eb t\u00eb p\u00ebrditshme p\u00ebr t\u00eb hequr nga vetja p\u00ebrgjegj\u00ebsit\u00eb e d\u00ebshtimit me integrimin europian t\u00eb vendit, duke u p\u00ebrpjekur t\u2019ia l\u00ebn\u00eb fajin opozit\u00ebs. Madje vet\u00eb Europ\u00ebs. Fushata n\u00eb fjal\u00eb \u00ebsht\u00eb e shpifur, jo thjesht sepse vjen si nj\u00eb agresion kund\u00ebr logjik\u00ebs elementare. Vendi \u00ebsht\u00eb [&hellip;]","og_url":"https:\/\/fjala.info\/2009-2015\/integrimin-e-zhbllokon-rotacioni\/","og_site_name":"FjALA e LIR\u00cb - Arkivi","article_published_time":"2011-10-19T08:57:25+00:00","og_image":[{"url":"http:\/\/www.shkoder.net\/images\/fjala\/prec_zogaj.jpg","type":"","width":"","height":""}],"author":"admin","twitter_card":"summary_large_image","twitter_misc":{"Written by":"admin","Est. reading time":"8 minutes"},"schema":{"@context":"https:\/\/schema.org","@graph":[{"@type":"Article","@id":"https:\/\/fjala.info\/2009-2015\/integrimin-e-zhbllokon-rotacioni\/#article","isPartOf":{"@id":"https:\/\/fjala.info\/2009-2015\/integrimin-e-zhbllokon-rotacioni\/"},"author":{"name":"admin","@id":"https:\/\/fjala.info\/2009-2015\/#\/schema\/person\/3aa1163ef05469c496fc94e77611ada2"},"headline":"Integrimin e zhbllokon rotacioni","datePublished":"2011-10-19T08:57:25+00:00","mainEntityOfPage":{"@id":"https:\/\/fjala.info\/2009-2015\/integrimin-e-zhbllokon-rotacioni\/"},"wordCount":1618,"commentCount":0,"publisher":{"@id":"https:\/\/fjala.info\/2009-2015\/#organization"},"image":{"@id":"https:\/\/fjala.info\/2009-2015\/integrimin-e-zhbllokon-rotacioni\/#primaryimage"},"thumbnailUrl":"http:\/\/www.shkoder.net\/images\/fjala\/prec_zogaj.jpg","articleSection":["Artikuj"],"inLanguage":"sq-AL","potentialAction":[{"@type":"CommentAction","name":"Comment","target":["https:\/\/fjala.info\/2009-2015\/integrimin-e-zhbllokon-rotacioni\/#respond"]}]},{"@type":"WebPage","@id":"https:\/\/fjala.info\/2009-2015\/integrimin-e-zhbllokon-rotacioni\/","url":"https:\/\/fjala.info\/2009-2015\/integrimin-e-zhbllokon-rotacioni\/","name":"Integrimin e zhbllokon rotacioni - FjALA e LIR\u00cb - Arkivi","isPartOf":{"@id":"https:\/\/fjala.info\/2009-2015\/#website"},"primaryImageOfPage":{"@id":"https:\/\/fjala.info\/2009-2015\/integrimin-e-zhbllokon-rotacioni\/#primaryimage"},"image":{"@id":"https:\/\/fjala.info\/2009-2015\/integrimin-e-zhbllokon-rotacioni\/#primaryimage"},"thumbnailUrl":"http:\/\/www.shkoder.net\/images\/fjala\/prec_zogaj.jpg","datePublished":"2011-10-19T08:57:25+00:00","breadcrumb":{"@id":"https:\/\/fjala.info\/2009-2015\/integrimin-e-zhbllokon-rotacioni\/#breadcrumb"},"inLanguage":"sq-AL","potentialAction":[{"@type":"ReadAction","target":["https:\/\/fjala.info\/2009-2015\/integrimin-e-zhbllokon-rotacioni\/"]}]},{"@type":"ImageObject","inLanguage":"sq-AL","@id":"https:\/\/fjala.info\/2009-2015\/integrimin-e-zhbllokon-rotacioni\/#primaryimage","url":"http:\/\/www.shkoder.net\/images\/fjala\/prec_zogaj.jpg","contentUrl":"http:\/\/www.shkoder.net\/images\/fjala\/prec_zogaj.jpg"},{"@type":"BreadcrumbList","@id":"https:\/\/fjala.info\/2009-2015\/integrimin-e-zhbllokon-rotacioni\/#breadcrumb","itemListElement":[{"@type":"ListItem","position":1,"name":"Home","item":"https:\/\/fjala.info\/2009-2015\/"},{"@type":"ListItem","position":2,"name":"Integrimin e zhbllokon rotacioni"}]},{"@type":"WebSite","@id":"https:\/\/fjala.info\/2009-2015\/#website","url":"https:\/\/fjala.info\/2009-2015\/","name":"FjALA e LIR\u00cb - Arkivi","description":"Arkivi 2009-2015","publisher":{"@id":"https:\/\/fjala.info\/2009-2015\/#organization"},"potentialAction":[{"@type":"SearchAction","target":{"@type":"EntryPoint","urlTemplate":"https:\/\/fjala.info\/2009-2015\/?s={search_term_string}"},"query-input":{"@type":"PropertyValueSpecification","valueRequired":true,"valueName":"search_term_string"}}],"inLanguage":"sq-AL"},{"@type":"Organization","@id":"https:\/\/fjala.info\/2009-2015\/#organization","name":"FjALA e LIR\u00cb - Arkivi","url":"https:\/\/fjala.info\/2009-2015\/","logo":{"@type":"ImageObject","inLanguage":"sq-AL","@id":"https:\/\/fjala.info\/2009-2015\/#\/schema\/logo\/image\/","url":"","contentUrl":"","caption":"FjALA e LIR\u00cb - Arkivi"},"image":{"@id":"https:\/\/fjala.info\/2009-2015\/#\/schema\/logo\/image\/"}},{"@type":"Person","@id":"https:\/\/fjala.info\/2009-2015\/#\/schema\/person\/3aa1163ef05469c496fc94e77611ada2","name":"admin","image":{"@type":"ImageObject","inLanguage":"sq-AL","@id":"https:\/\/fjala.info\/2009-2015\/wp-content\/uploads\/2012\/02\/arben_cokaj-120x150.jpg","url":"https:\/\/fjala.info\/2009-2015\/wp-content\/uploads\/2012\/02\/arben_cokaj-120x150.jpg","contentUrl":"https:\/\/fjala.info\/2009-2015\/wp-content\/uploads\/2012\/02\/arben_cokaj-120x150.jpg","caption":"admin"},"description":"Admin, Fjala e Lir\u00eb","sameAs":["https:\/\/fjala.info\/"],"url":"https:\/\/fjala.info\/2009-2015\/author\/admin\/"}]}},"_links":{"self":[{"href":"https:\/\/fjala.info\/2009-2015\/wp-json\/wp\/v2\/posts\/11050","targetHints":{"allow":["GET"]}}],"collection":[{"href":"https:\/\/fjala.info\/2009-2015\/wp-json\/wp\/v2\/posts"}],"about":[{"href":"https:\/\/fjala.info\/2009-2015\/wp-json\/wp\/v2\/types\/post"}],"author":[{"embeddable":true,"href":"https:\/\/fjala.info\/2009-2015\/wp-json\/wp\/v2\/users\/1"}],"replies":[{"embeddable":true,"href":"https:\/\/fjala.info\/2009-2015\/wp-json\/wp\/v2\/comments?post=11050"}],"version-history":[{"count":0,"href":"https:\/\/fjala.info\/2009-2015\/wp-json\/wp\/v2\/posts\/11050\/revisions"}],"wp:attachment":[{"href":"https:\/\/fjala.info\/2009-2015\/wp-json\/wp\/v2\/media?parent=11050"}],"wp:term":[{"taxonomy":"category","embeddable":true,"href":"https:\/\/fjala.info\/2009-2015\/wp-json\/wp\/v2\/categories?post=11050"},{"taxonomy":"post_tag","embeddable":true,"href":"https:\/\/fjala.info\/2009-2015\/wp-json\/wp\/v2\/tags?post=11050"}],"curies":[{"name":"wp","href":"https:\/\/api.w.org\/{rel}","templated":true}]}}