{"id":11047,"date":"2011-10-19T09:53:19","date_gmt":"2011-10-19T08:53:19","guid":{"rendered":"http:\/\/fjala.shkoder.net\/?p=11047"},"modified":"2011-10-19T09:53:19","modified_gmt":"2011-10-19T08:53:19","slug":"lubonja-topalli-vendos-katoliket-mbi-myslimanet-e-rrezikshme","status":"publish","type":"post","link":"https:\/\/fjala.info\/2009-2015\/lubonja-topalli-vendos-katoliket-mbi-myslimanet-e-rrezikshme\/","title":{"rendered":"Lubonja: Topalli vendos katolik\u00ebt mbi mysliman\u00ebt, e rrezikshme"},"content":{"rendered":"<p><img decoding=\"async\" class=\"alignright size-thumbnail wp-image-7236\" title=\"Fatos Lubonja\" src=\"http:\/\/www.shkoder.net\/images\/fjala\/fatos_lubonja.jpg\" alt=\"\" width=\"150\" \/><br \/>\n<strong>Shekulli<\/strong><\/p>\n<p>P\u00ebrplasja mes Presidentit t\u00eb Republik\u00ebs dhe Kryetares s\u00eb Kuvendit dhe sidomos replikat e k\u00ebsaj t\u00eb fundit q\u00eb i dhan\u00eb deklaratave sfond krahinor, duket se kan\u00eb hapur debat t\u00eb fort\u00eb publik.<\/p>\n<p>\u201cInstrumentalizimi q\u00eb i b\u00ebn Topalli debatit duke i vendosur katolik\u00ebt si superior ndaj mysliman\u00ebve \u00ebsht\u00eb i rreziksh\u00ebm, \u2013 deklaroi mbr\u00ebm\u00eb n\u00eb emisionin Opinion n\u00eb TV Klan publicisti Fatos Lubonja. Sipas p\u00ebrfaq\u00ebsuesit t\u00eb qeveris\u00eb Gent Strazimiri, Topalli nuk ka dashur t\u2019i fyej\u00eb mysliman\u00ebt shqiptar\u00eb. Strazimiri ka nd\u00ebrprer\u00eb vazhdimisht Lubonj\u00ebn shpesh pa etik\u00eb i mb\u00ebshtetur nga moderatori Fevziu. Lubonja i \u00ebsht\u00eb drejtuar nd\u00ebrkoh\u00eb Fevziut me fjal\u00ebt: \u201cKe koh\u00eb q\u00eb b\u00ebn debate q\u00eb polarizojn\u00eb Shqip\u00ebrin\u00eb. Ta dija q\u00eb do kishe n\u00eb panel, militant\u00eb si Strazimiri, nuk t\u00eb vija n\u00eb emision.. Nuk mund t\u00eb na marr\u00ebsh ne si gazetar\u00eb e t\u00eb na vesh p\u00ebrball\u00eb militant\u00ebve.. je b\u00ebr\u00eb pal\u00eb me PD-n\u00eb\u201d.<\/p>\n<p>Strazimiri i PD-s\u00eb ka vazhduar nd\u00ebrprerjet pa lejuar Lubonj\u00ebn t\u00eb vijonte, duke i th\u00ebn\u00eb: \u201cmua m\u00eb ka zgjedhur populli, ty nuk t\u00eb ka zgjedhur njeri\u201d. P\u00ebrgjigja e Lubonj\u00ebs ishte: \u201cJam i vjet\u00ebr un\u00eb, e di se si i b\u00ebni zgjedhjet ju..\u201d. Pas k\u00ebsaj moderatori Fevziu ka futur reklamat duke nd\u00ebrprer\u00eb debatin.<\/p>\n<p>Ndoka: Topalli, kone e Berish\u00ebs, krijon p\u00ebrher\u00eb tensione<\/p>\n<p>Deklarata ka patur dje thuajse nga t\u00eb gjitha kahet politike dhe ato akademike p\u00ebr nj\u00eb p\u00ebrplasje q\u00eb ka marr\u00eb konotacione t\u00eb ndryshme edhe p\u00ebr shkak t\u00eb nervozitetit t\u00eb replikuesve. \u201cKy \u00ebsht\u00eb nj\u00eb debat politik, dhe \u00ebsht\u00eb mir\u00eb t\u00eb mos p\u00ebrzihet me gjuh\u00ebn, \u2013 \u00ebsht\u00eb mendimi q\u00eb mbizot\u00ebron te akademik\u00ebt. Kurse p\u00ebr politikan\u00ebt, konflikti \u00ebsht\u00eb shenj\u00eb jo thjesht e ndarjes s\u00eb t\u00eb djatht\u00ebs, por edhe e personalitetit t\u00eb secilit prej replikuesve. \u201cTopalli \u00ebsht\u00eb nj\u00eb kone e Berish\u00ebs, \u00ebsht\u00eb e pap\u00ebrmbajtur dhe krijon p\u00ebrher\u00eb tensione\u201d \u2013 u shpreh dje nj\u00eb nga p\u00ebrfaq\u00ebsuesit e politik\u00ebs shkodrane, demokristiani Ndoka.<\/p>\n","protected":false},"excerpt":{"rendered":"<p>Shekulli P\u00ebrplasja mes Presidentit t\u00eb Republik\u00ebs dhe Kryetares s\u00eb Kuvendit dhe sidomos replikat e k\u00ebsaj t\u00eb fundit q\u00eb i dhan\u00eb deklaratave sfond krahinor, duket se kan\u00eb hapur debat t\u00eb fort\u00eb publik. \u201cInstrumentalizimi q\u00eb i b\u00ebn Topalli debatit duke i vendosur katolik\u00ebt si superior ndaj mysliman\u00ebve \u00ebsht\u00eb i rreziksh\u00ebm, \u2013 deklaroi mbr\u00ebm\u00eb n\u00eb emisionin Opinion n\u00eb [&hellip;]<\/p>\n","protected":false},"author":1,"featured_media":0,"comment_status":"open","ping_status":"closed","sticky":false,"template":"","format":"standard","meta":{"footnotes":""},"categories":[2],"tags":[],"class_list":{"0":"post-11047","1":"post","2":"type-post","3":"status-publish","4":"format-standard","6":"category-artikuj"},"yoast_head":"<!-- This site is optimized with the Yoast SEO plugin v27.4 - https:\/\/yoast.com\/product\/yoast-seo-wordpress\/ -->\n<title>Lubonja: Topalli vendos katolik\u00ebt mbi mysliman\u00ebt, e rrezikshme - FjALA e LIR\u00cb - Arkivi<\/title>\n<meta name=\"robots\" content=\"index, follow, max-snippet:-1, max-image-preview:large, max-video-preview:-1\" \/>\n<link rel=\"canonical\" href=\"https:\/\/fjala.info\/2009-2015\/lubonja-topalli-vendos-katoliket-mbi-myslimanet-e-rrezikshme\/\" \/>\n<meta property=\"og:locale\" content=\"sq_AL\" \/>\n<meta property=\"og:type\" content=\"article\" \/>\n<meta property=\"og:title\" content=\"Lubonja: Topalli vendos katolik\u00ebt mbi mysliman\u00ebt, e rrezikshme - FjALA e LIR\u00cb - Arkivi\" \/>\n<meta property=\"og:description\" content=\"Shekulli P\u00ebrplasja mes Presidentit t\u00eb Republik\u00ebs dhe Kryetares s\u00eb Kuvendit dhe sidomos replikat e k\u00ebsaj t\u00eb fundit q\u00eb i dhan\u00eb deklaratave sfond krahinor, duket se kan\u00eb hapur debat t\u00eb fort\u00eb publik. \u201cInstrumentalizimi q\u00eb i b\u00ebn Topalli debatit duke i vendosur katolik\u00ebt si superior ndaj mysliman\u00ebve \u00ebsht\u00eb i rreziksh\u00ebm, \u2013 deklaroi mbr\u00ebm\u00eb n\u00eb emisionin Opinion n\u00eb [&hellip;]\" \/>\n<meta property=\"og:url\" content=\"https:\/\/fjala.info\/2009-2015\/lubonja-topalli-vendos-katoliket-mbi-myslimanet-e-rrezikshme\/\" \/>\n<meta property=\"og:site_name\" content=\"FjALA e LIR\u00cb - Arkivi\" \/>\n<meta property=\"article:published_time\" content=\"2011-10-19T08:53:19+00:00\" \/>\n<meta property=\"og:image\" content=\"http:\/\/www.shkoder.net\/images\/fjala\/fatos_lubonja.jpg\" \/>\n<meta name=\"author\" content=\"admin\" \/>\n<meta name=\"twitter:card\" content=\"summary_large_image\" \/>\n<meta name=\"twitter:label1\" content=\"Written by\" \/>\n\t<meta name=\"twitter:data1\" content=\"admin\" \/>\n\t<meta name=\"twitter:label2\" content=\"Est. reading time\" \/>\n\t<meta name=\"twitter:data2\" content=\"2 minutes\" \/>\n<script type=\"application\/ld+json\" class=\"yoast-schema-graph\">{\"@context\":\"https:\\\/\\\/schema.org\",\"@graph\":[{\"@type\":\"Article\",\"@id\":\"https:\\\/\\\/fjala.info\\\/2009-2015\\\/lubonja-topalli-vendos-katoliket-mbi-myslimanet-e-rrezikshme\\\/#article\",\"isPartOf\":{\"@id\":\"https:\\\/\\\/fjala.info\\\/2009-2015\\\/lubonja-topalli-vendos-katoliket-mbi-myslimanet-e-rrezikshme\\\/\"},\"author\":{\"name\":\"admin\",\"@id\":\"https:\\\/\\\/fjala.info\\\/2009-2015\\\/#\\\/schema\\\/person\\\/3aa1163ef05469c496fc94e77611ada2\"},\"headline\":\"Lubonja: Topalli vendos katolik\u00ebt mbi mysliman\u00ebt, e rrezikshme\",\"datePublished\":\"2011-10-19T08:53:19+00:00\",\"mainEntityOfPage\":{\"@id\":\"https:\\\/\\\/fjala.info\\\/2009-2015\\\/lubonja-topalli-vendos-katoliket-mbi-myslimanet-e-rrezikshme\\\/\"},\"wordCount\":348,\"commentCount\":0,\"publisher\":{\"@id\":\"https:\\\/\\\/fjala.info\\\/2009-2015\\\/#organization\"},\"image\":{\"@id\":\"https:\\\/\\\/fjala.info\\\/2009-2015\\\/lubonja-topalli-vendos-katoliket-mbi-myslimanet-e-rrezikshme\\\/#primaryimage\"},\"thumbnailUrl\":\"http:\\\/\\\/www.shkoder.net\\\/images\\\/fjala\\\/fatos_lubonja.jpg\",\"articleSection\":[\"Artikuj\"],\"inLanguage\":\"sq-AL\",\"potentialAction\":[{\"@type\":\"CommentAction\",\"name\":\"Comment\",\"target\":[\"https:\\\/\\\/fjala.info\\\/2009-2015\\\/lubonja-topalli-vendos-katoliket-mbi-myslimanet-e-rrezikshme\\\/#respond\"]}]},{\"@type\":\"WebPage\",\"@id\":\"https:\\\/\\\/fjala.info\\\/2009-2015\\\/lubonja-topalli-vendos-katoliket-mbi-myslimanet-e-rrezikshme\\\/\",\"url\":\"https:\\\/\\\/fjala.info\\\/2009-2015\\\/lubonja-topalli-vendos-katoliket-mbi-myslimanet-e-rrezikshme\\\/\",\"name\":\"Lubonja: Topalli vendos katolik\u00ebt mbi mysliman\u00ebt, e rrezikshme - FjALA e LIR\u00cb - Arkivi\",\"isPartOf\":{\"@id\":\"https:\\\/\\\/fjala.info\\\/2009-2015\\\/#website\"},\"primaryImageOfPage\":{\"@id\":\"https:\\\/\\\/fjala.info\\\/2009-2015\\\/lubonja-topalli-vendos-katoliket-mbi-myslimanet-e-rrezikshme\\\/#primaryimage\"},\"image\":{\"@id\":\"https:\\\/\\\/fjala.info\\\/2009-2015\\\/lubonja-topalli-vendos-katoliket-mbi-myslimanet-e-rrezikshme\\\/#primaryimage\"},\"thumbnailUrl\":\"http:\\\/\\\/www.shkoder.net\\\/images\\\/fjala\\\/fatos_lubonja.jpg\",\"datePublished\":\"2011-10-19T08:53:19+00:00\",\"breadcrumb\":{\"@id\":\"https:\\\/\\\/fjala.info\\\/2009-2015\\\/lubonja-topalli-vendos-katoliket-mbi-myslimanet-e-rrezikshme\\\/#breadcrumb\"},\"inLanguage\":\"sq-AL\",\"potentialAction\":[{\"@type\":\"ReadAction\",\"target\":[\"https:\\\/\\\/fjala.info\\\/2009-2015\\\/lubonja-topalli-vendos-katoliket-mbi-myslimanet-e-rrezikshme\\\/\"]}]},{\"@type\":\"ImageObject\",\"inLanguage\":\"sq-AL\",\"@id\":\"https:\\\/\\\/fjala.info\\\/2009-2015\\\/lubonja-topalli-vendos-katoliket-mbi-myslimanet-e-rrezikshme\\\/#primaryimage\",\"url\":\"http:\\\/\\\/www.shkoder.net\\\/images\\\/fjala\\\/fatos_lubonja.jpg\",\"contentUrl\":\"http:\\\/\\\/www.shkoder.net\\\/images\\\/fjala\\\/fatos_lubonja.jpg\"},{\"@type\":\"BreadcrumbList\",\"@id\":\"https:\\\/\\\/fjala.info\\\/2009-2015\\\/lubonja-topalli-vendos-katoliket-mbi-myslimanet-e-rrezikshme\\\/#breadcrumb\",\"itemListElement\":[{\"@type\":\"ListItem\",\"position\":1,\"name\":\"Home\",\"item\":\"https:\\\/\\\/fjala.info\\\/2009-2015\\\/\"},{\"@type\":\"ListItem\",\"position\":2,\"name\":\"Lubonja: Topalli vendos katolik\u00ebt mbi mysliman\u00ebt, e rrezikshme\"}]},{\"@type\":\"WebSite\",\"@id\":\"https:\\\/\\\/fjala.info\\\/2009-2015\\\/#website\",\"url\":\"https:\\\/\\\/fjala.info\\\/2009-2015\\\/\",\"name\":\"FjALA e LIR\u00cb - Arkivi\",\"description\":\"Arkivi 2009-2015\",\"publisher\":{\"@id\":\"https:\\\/\\\/fjala.info\\\/2009-2015\\\/#organization\"},\"potentialAction\":[{\"@type\":\"SearchAction\",\"target\":{\"@type\":\"EntryPoint\",\"urlTemplate\":\"https:\\\/\\\/fjala.info\\\/2009-2015\\\/?s={search_term_string}\"},\"query-input\":{\"@type\":\"PropertyValueSpecification\",\"valueRequired\":true,\"valueName\":\"search_term_string\"}}],\"inLanguage\":\"sq-AL\"},{\"@type\":\"Organization\",\"@id\":\"https:\\\/\\\/fjala.info\\\/2009-2015\\\/#organization\",\"name\":\"FjALA e LIR\u00cb - Arkivi\",\"url\":\"https:\\\/\\\/fjala.info\\\/2009-2015\\\/\",\"logo\":{\"@type\":\"ImageObject\",\"inLanguage\":\"sq-AL\",\"@id\":\"https:\\\/\\\/fjala.info\\\/2009-2015\\\/#\\\/schema\\\/logo\\\/image\\\/\",\"url\":\"\",\"contentUrl\":\"\",\"caption\":\"FjALA e LIR\u00cb - Arkivi\"},\"image\":{\"@id\":\"https:\\\/\\\/fjala.info\\\/2009-2015\\\/#\\\/schema\\\/logo\\\/image\\\/\"}},{\"@type\":\"Person\",\"@id\":\"https:\\\/\\\/fjala.info\\\/2009-2015\\\/#\\\/schema\\\/person\\\/3aa1163ef05469c496fc94e77611ada2\",\"name\":\"admin\",\"image\":{\"@type\":\"ImageObject\",\"inLanguage\":\"sq-AL\",\"@id\":\"https:\\\/\\\/fjala.info\\\/2009-2015\\\/wp-content\\\/uploads\\\/2012\\\/02\\\/arben_cokaj-120x150.jpg\",\"url\":\"https:\\\/\\\/fjala.info\\\/2009-2015\\\/wp-content\\\/uploads\\\/2012\\\/02\\\/arben_cokaj-120x150.jpg\",\"contentUrl\":\"https:\\\/\\\/fjala.info\\\/2009-2015\\\/wp-content\\\/uploads\\\/2012\\\/02\\\/arben_cokaj-120x150.jpg\",\"caption\":\"admin\"},\"description\":\"Admin, Fjala e Lir\u00eb\",\"sameAs\":[\"https:\\\/\\\/fjala.info\\\/\"],\"url\":\"https:\\\/\\\/fjala.info\\\/2009-2015\\\/author\\\/admin\\\/\"}]}<\/script>\n<!-- \/ Yoast SEO plugin. -->","yoast_head_json":{"title":"Lubonja: Topalli vendos katolik\u00ebt mbi mysliman\u00ebt, e rrezikshme - FjALA e LIR\u00cb - Arkivi","robots":{"index":"index","follow":"follow","max-snippet":"max-snippet:-1","max-image-preview":"max-image-preview:large","max-video-preview":"max-video-preview:-1"},"canonical":"https:\/\/fjala.info\/2009-2015\/lubonja-topalli-vendos-katoliket-mbi-myslimanet-e-rrezikshme\/","og_locale":"sq_AL","og_type":"article","og_title":"Lubonja: Topalli vendos katolik\u00ebt mbi mysliman\u00ebt, e rrezikshme - FjALA e LIR\u00cb - Arkivi","og_description":"Shekulli P\u00ebrplasja mes Presidentit t\u00eb Republik\u00ebs dhe Kryetares s\u00eb Kuvendit dhe sidomos replikat e k\u00ebsaj t\u00eb fundit q\u00eb i dhan\u00eb deklaratave sfond krahinor, duket se kan\u00eb hapur debat t\u00eb fort\u00eb publik. \u201cInstrumentalizimi q\u00eb i b\u00ebn Topalli debatit duke i vendosur katolik\u00ebt si superior ndaj mysliman\u00ebve \u00ebsht\u00eb i rreziksh\u00ebm, \u2013 deklaroi mbr\u00ebm\u00eb n\u00eb emisionin Opinion n\u00eb [&hellip;]","og_url":"https:\/\/fjala.info\/2009-2015\/lubonja-topalli-vendos-katoliket-mbi-myslimanet-e-rrezikshme\/","og_site_name":"FjALA e LIR\u00cb - Arkivi","article_published_time":"2011-10-19T08:53:19+00:00","og_image":[{"url":"http:\/\/www.shkoder.net\/images\/fjala\/fatos_lubonja.jpg","type":"","width":"","height":""}],"author":"admin","twitter_card":"summary_large_image","twitter_misc":{"Written by":"admin","Est. reading time":"2 minutes"},"schema":{"@context":"https:\/\/schema.org","@graph":[{"@type":"Article","@id":"https:\/\/fjala.info\/2009-2015\/lubonja-topalli-vendos-katoliket-mbi-myslimanet-e-rrezikshme\/#article","isPartOf":{"@id":"https:\/\/fjala.info\/2009-2015\/lubonja-topalli-vendos-katoliket-mbi-myslimanet-e-rrezikshme\/"},"author":{"name":"admin","@id":"https:\/\/fjala.info\/2009-2015\/#\/schema\/person\/3aa1163ef05469c496fc94e77611ada2"},"headline":"Lubonja: Topalli vendos katolik\u00ebt mbi mysliman\u00ebt, e rrezikshme","datePublished":"2011-10-19T08:53:19+00:00","mainEntityOfPage":{"@id":"https:\/\/fjala.info\/2009-2015\/lubonja-topalli-vendos-katoliket-mbi-myslimanet-e-rrezikshme\/"},"wordCount":348,"commentCount":0,"publisher":{"@id":"https:\/\/fjala.info\/2009-2015\/#organization"},"image":{"@id":"https:\/\/fjala.info\/2009-2015\/lubonja-topalli-vendos-katoliket-mbi-myslimanet-e-rrezikshme\/#primaryimage"},"thumbnailUrl":"http:\/\/www.shkoder.net\/images\/fjala\/fatos_lubonja.jpg","articleSection":["Artikuj"],"inLanguage":"sq-AL","potentialAction":[{"@type":"CommentAction","name":"Comment","target":["https:\/\/fjala.info\/2009-2015\/lubonja-topalli-vendos-katoliket-mbi-myslimanet-e-rrezikshme\/#respond"]}]},{"@type":"WebPage","@id":"https:\/\/fjala.info\/2009-2015\/lubonja-topalli-vendos-katoliket-mbi-myslimanet-e-rrezikshme\/","url":"https:\/\/fjala.info\/2009-2015\/lubonja-topalli-vendos-katoliket-mbi-myslimanet-e-rrezikshme\/","name":"Lubonja: Topalli vendos katolik\u00ebt mbi mysliman\u00ebt, e rrezikshme - FjALA e LIR\u00cb - Arkivi","isPartOf":{"@id":"https:\/\/fjala.info\/2009-2015\/#website"},"primaryImageOfPage":{"@id":"https:\/\/fjala.info\/2009-2015\/lubonja-topalli-vendos-katoliket-mbi-myslimanet-e-rrezikshme\/#primaryimage"},"image":{"@id":"https:\/\/fjala.info\/2009-2015\/lubonja-topalli-vendos-katoliket-mbi-myslimanet-e-rrezikshme\/#primaryimage"},"thumbnailUrl":"http:\/\/www.shkoder.net\/images\/fjala\/fatos_lubonja.jpg","datePublished":"2011-10-19T08:53:19+00:00","breadcrumb":{"@id":"https:\/\/fjala.info\/2009-2015\/lubonja-topalli-vendos-katoliket-mbi-myslimanet-e-rrezikshme\/#breadcrumb"},"inLanguage":"sq-AL","potentialAction":[{"@type":"ReadAction","target":["https:\/\/fjala.info\/2009-2015\/lubonja-topalli-vendos-katoliket-mbi-myslimanet-e-rrezikshme\/"]}]},{"@type":"ImageObject","inLanguage":"sq-AL","@id":"https:\/\/fjala.info\/2009-2015\/lubonja-topalli-vendos-katoliket-mbi-myslimanet-e-rrezikshme\/#primaryimage","url":"http:\/\/www.shkoder.net\/images\/fjala\/fatos_lubonja.jpg","contentUrl":"http:\/\/www.shkoder.net\/images\/fjala\/fatos_lubonja.jpg"},{"@type":"BreadcrumbList","@id":"https:\/\/fjala.info\/2009-2015\/lubonja-topalli-vendos-katoliket-mbi-myslimanet-e-rrezikshme\/#breadcrumb","itemListElement":[{"@type":"ListItem","position":1,"name":"Home","item":"https:\/\/fjala.info\/2009-2015\/"},{"@type":"ListItem","position":2,"name":"Lubonja: Topalli vendos katolik\u00ebt mbi mysliman\u00ebt, e rrezikshme"}]},{"@type":"WebSite","@id":"https:\/\/fjala.info\/2009-2015\/#website","url":"https:\/\/fjala.info\/2009-2015\/","name":"FjALA e LIR\u00cb - Arkivi","description":"Arkivi 2009-2015","publisher":{"@id":"https:\/\/fjala.info\/2009-2015\/#organization"},"potentialAction":[{"@type":"SearchAction","target":{"@type":"EntryPoint","urlTemplate":"https:\/\/fjala.info\/2009-2015\/?s={search_term_string}"},"query-input":{"@type":"PropertyValueSpecification","valueRequired":true,"valueName":"search_term_string"}}],"inLanguage":"sq-AL"},{"@type":"Organization","@id":"https:\/\/fjala.info\/2009-2015\/#organization","name":"FjALA e LIR\u00cb - Arkivi","url":"https:\/\/fjala.info\/2009-2015\/","logo":{"@type":"ImageObject","inLanguage":"sq-AL","@id":"https:\/\/fjala.info\/2009-2015\/#\/schema\/logo\/image\/","url":"","contentUrl":"","caption":"FjALA e LIR\u00cb - Arkivi"},"image":{"@id":"https:\/\/fjala.info\/2009-2015\/#\/schema\/logo\/image\/"}},{"@type":"Person","@id":"https:\/\/fjala.info\/2009-2015\/#\/schema\/person\/3aa1163ef05469c496fc94e77611ada2","name":"admin","image":{"@type":"ImageObject","inLanguage":"sq-AL","@id":"https:\/\/fjala.info\/2009-2015\/wp-content\/uploads\/2012\/02\/arben_cokaj-120x150.jpg","url":"https:\/\/fjala.info\/2009-2015\/wp-content\/uploads\/2012\/02\/arben_cokaj-120x150.jpg","contentUrl":"https:\/\/fjala.info\/2009-2015\/wp-content\/uploads\/2012\/02\/arben_cokaj-120x150.jpg","caption":"admin"},"description":"Admin, Fjala e Lir\u00eb","sameAs":["https:\/\/fjala.info\/"],"url":"https:\/\/fjala.info\/2009-2015\/author\/admin\/"}]}},"_links":{"self":[{"href":"https:\/\/fjala.info\/2009-2015\/wp-json\/wp\/v2\/posts\/11047","targetHints":{"allow":["GET"]}}],"collection":[{"href":"https:\/\/fjala.info\/2009-2015\/wp-json\/wp\/v2\/posts"}],"about":[{"href":"https:\/\/fjala.info\/2009-2015\/wp-json\/wp\/v2\/types\/post"}],"author":[{"embeddable":true,"href":"https:\/\/fjala.info\/2009-2015\/wp-json\/wp\/v2\/users\/1"}],"replies":[{"embeddable":true,"href":"https:\/\/fjala.info\/2009-2015\/wp-json\/wp\/v2\/comments?post=11047"}],"version-history":[{"count":0,"href":"https:\/\/fjala.info\/2009-2015\/wp-json\/wp\/v2\/posts\/11047\/revisions"}],"wp:attachment":[{"href":"https:\/\/fjala.info\/2009-2015\/wp-json\/wp\/v2\/media?parent=11047"}],"wp:term":[{"taxonomy":"category","embeddable":true,"href":"https:\/\/fjala.info\/2009-2015\/wp-json\/wp\/v2\/categories?post=11047"},{"taxonomy":"post_tag","embeddable":true,"href":"https:\/\/fjala.info\/2009-2015\/wp-json\/wp\/v2\/tags?post=11047"}],"curies":[{"name":"wp","href":"https:\/\/api.w.org\/{rel}","templated":true}]}}