{"id":11044,"date":"2011-10-19T09:22:32","date_gmt":"2011-10-19T08:22:32","guid":{"rendered":"http:\/\/fjala.shkoder.net\/?p=11044"},"modified":"2011-10-19T09:22:32","modified_gmt":"2011-10-19T08:22:32","slug":"levizja-e-presidentit-jozefina-gegnishtja-dhe-zhargoni","status":"publish","type":"post","link":"https:\/\/fjala.info\/2009-2015\/levizja-e-presidentit-jozefina-gegnishtja-dhe-zhargoni\/","title":{"rendered":"L\u00ebvizja e Presidentit, Jozefina, gegnishtja dhe zhargoni"},"content":{"rendered":"<p><img decoding=\"async\" class=\"alignleft size-thumbnail wp-image-7236\" title=\"Jozi shikon Bamk\u00ebn\" src=\"http:\/\/www.shkoder.net\/images\/fjala\/2011\/jozi_shikon_bamken.jpg\" alt=\"\" width=\"300\" \/> <strong>Jetmir Shpuza<\/strong>, <em>18.10.2011<\/em><\/p>\n<p>Kur Presidenti Topi, t\u00eb shtun\u00ebn e kaluar gjat\u00eb nj\u00eb vizite n\u00eb Shkod\u00ebr, sulmoi Kryetaren e Parlamentit, zonj\u00ebn Topalli, pa e p\u00ebrmendur me em\u00ebr para mediave t\u00eb qytetit t\u00eb Shkodr\u00ebs duke e etiketuar si spikere q\u00eb lexon at\u00eb q\u00eb ia shkruajn\u00eb t\u00eb tjer\u00ebt dhe q\u00eb nuk e flet mir\u00eb shqipen. Me siguri zoti Topi po b\u00ebnte nj\u00eb deklarat\u00eb fort mir\u00eb t\u00eb menduar, si n\u00eb m\u00ebnyr\u00ebn e etiketimit me q\u00ebllim denigrimi dhe injorimi politik, ashtu edhe ndaj korrjes s\u00eb fryteve politike q\u00eb do t\u00eb vinin m\u00eb pas.<\/p>\n<p>Personalisht ndjeva nj\u00eb keqardhje ndaj k\u00ebsaj shprehjeje q\u00eb injoron nj\u00eb politikane t\u00eb qytetit tim. Ndon\u00ebse opozitar i saj, kam qen\u00eb entuziast ndaj daljes s\u00eb zonj\u00ebs Topalli n\u00eb politik\u00eb, e kam mb\u00ebshtetur edhe publikisht n\u00eb vitet e para, pavar\u00ebsisht mendimit q\u00eb mund t\u00eb kem sot duke e analizuar n\u00eb aspekte t\u00eb ndryshme t\u00eb funksionimit p\u00ebrfaq\u00ebsimin e saj, si spikere e Parlamentit. Presidenti Topi i b\u00ebri nj\u00eb sfid\u00eb t\u00eb fort\u00eb, duke e sulmuar zonj\u00ebn Topalli n\u00eb Shkod\u00ebr, pra n\u00eb \u201cstrofull\u00ebn e saj\u201d.<\/p>\n<p>Dhe natyrisht p\u00ebrgjigjja erdhi duke i kaluar p\u00ebrmasat personale si debat mes dy politikan\u00ebve, dhe duke e kthyer n\u00eb debat p\u00ebr gegnishten, n\u00eb mbrojtje t\u00eb gegnishtes, pra duke marr\u00eb zonja n\u00eb fjal\u00eb aureol\u00ebn si mbrojt\u00ebse e nj\u00eb lobi, atij shkodran, apo m\u00eb tep\u00ebr gege. Por si qytetar shkodran, ndihem i fyer p\u00ebr cil\u00ebsin\u00eb e k\u00ebtij debati. Deklarat\u00ebn e Topit un\u00eb nuk e kuptova si sulm ndaj gegnishtes, pasi nj\u00eb gj\u00eb e till\u00eb do t\u00eb ishte pa sens, e realizuar pik\u00ebrisht n\u00eb Shkod\u00ebr.<\/p>\n<p>Qysh n\u00eb fillim, deklarata e Kryesis\u00eb s\u00eb Kuvendit, ku kryetarja mbrohej duke th\u00ebn\u00eb se p\u00ebrdor gjuh\u00ebn e Fisht\u00ebs apo Migjenit, n\u00eb vend q\u00eb t\u2019i jepte pik\u00eb zonj\u00ebs Topalli, e uli nivelin e saj p\u00ebrball\u00eb Presidentit. N\u00eb radh\u00eb t\u00eb par\u00eb nuk mund t\u00eb pretendohet se po p\u00ebrdor gjuh\u00ebn e Fisht\u00ebs apo Migjenit, sepse gjuha e tyre ka art brenda, art q\u00eb e nderuara Topalli t\u00eb pakt\u00ebn publikisht nuk ka arritur ta manifestoj\u00eb deri tani. N\u00eb radh\u00eb t\u00eb dyt\u00eb, nuk mund t\u00eb pretendohet se po p\u00ebrdoret gjuha e koh\u00ebs se k\u00ebtyre dy artist\u00ebve t\u00eb fjal\u00ebs, sepse \u00e7do njeri me nj\u00eb nivel mesatar kulture, e kupton se gjuha ka ligj\u00ebsit\u00eb e saj t\u00eb zhvillimit.<\/p>\n<p>Po t\u00eb mos ndryshonte gjuha q\u00eb flitet, at\u00ebher\u00eb ajo do t\u00eb b\u00ebhej amorfe. \u00c7do njeri q\u00eb njeh sadopak gjuh\u00ebsin\u00eb, nuk mund ta b\u00ebj\u00eb nj\u00eb gaf\u00eb t\u00eb till\u00eb. Larg qoft\u00eb na del ndonj\u00eb krutan e thot\u00eb se jam duke folur gjuh\u00ebn q\u00eb ka p\u00ebrdorur Sk\u00ebnderbeu. Por si shkodran, u ndjeva keq nga ajo q\u00eb ndodhi m\u00eb pas, prononcimet n\u00eb televizionet publike t\u00eb disa figurave q\u00eb p\u00ebrfaq\u00ebsojn\u00eb institucione shkencore n\u00eb qytetin ton\u00eb, duke sulmuar Presidentin p\u00ebr di\u00e7ka q\u00eb ai nuk e kishte th\u00ebn\u00eb, pra q\u00eb na pask\u00ebsh sulmuar gegnishten dhe rrjedhimisht zonj\u00ebn Jozefin\u00eb, si p\u00ebrfaq\u00ebsuese t\u00eb saj.<\/p>\n<p>M\u00eb e \u00e7uditshme \u00ebsht\u00eb se edhe rektori i universitetit, ish-pedagogu im, q\u00eb ka marre gradat dhe titujt m\u00eb t\u00eb lart\u00eb q\u00eb ekzistojn\u00eb n\u00eb fush\u00ebn e gjuh\u00ebsis\u00eb, na del si mbrojt\u00ebs i \u201cgegnisht\u00ebs topalliste\u201d, n\u00eb nj\u00eb koh\u00eb q\u00eb ai si gjuh\u00ebtar duhet t\u00eb kishte b\u00ebr\u00eb minimumin k\u00ebta 20 vjet demokraci p\u00ebr futjen n\u00eb trajt\u00ebn e nj\u00ebsuar t\u00eb disa elementeve t\u00eb gegnishtes si paskajorja geg\u00eb etj. Ndodh edhe tjetra, q\u00eb drejtori i teatrit \u201cMigjeni\u201d, i cili nuk ka t\u00eb b\u00ebj\u00eb me gegnishten, se flet tosk\u00ebrisht, t\u00eb th\u00ebrras\u00eb (me siguri me porosi nga lart) aktor\u00ebt e k\u00ebtij teatri p\u00ebr nj\u00eb kolazh recitimesh, ku me sa duket, duhet t\u00eb jet\u00eb futur edhe ndonj\u00eb poezi \u201cgegnisht\u201d kund\u00ebr Presidentit Topi\u2026<\/p>\n<p>Jam i sigurt se Presidenti Topi nuk ka pasur q\u00ebllim t\u00eb ironizoj\u00eb gegnishten. Por \u00ebsht\u00eb fyerje q\u00eb i b\u00ebhet gegnishtes, kur dikush, qoft\u00eb edhe kryeparlamentarja, nga padija apo kushedi se \u00e7far\u00eb, k\u00ebrkon t\u00eb shes\u00eb zhargonin e rrugic\u00ebs si gegnishte. Shprehje si \u201cxjerre p\u00ebr zhelesh\u201d apo \u201culu nejun\u201d nuk kan\u00eb t\u00eb b\u00ebjn\u00eb me gegnishten, aq m\u00eb pak me gjuh\u00ebn e Fisht\u00ebs apo Migjenit. Me sa duket, Presidenti ka ironizuar me raste t\u00eb tilla. Edhe n\u00eb raste t\u00eb tjera kryeparlamentarja \u00ebsht\u00eb ironizuar p\u00ebr varf\u00ebri fjalori dhe shprehjeje, dhe do t\u00eb ishte pozitive sikur ajo t\u00eb studioj\u00eb Migjenin e Fisht\u00ebn, por edhe shkrimtar\u00eb t\u00eb tjer\u00eb, p\u00ebr ta kaluar k\u00ebt\u00eb handikap t\u00eb saj. Po m\u00eb tep\u00ebr se nj\u00eb, debat gjuh\u00ebsor, deklarata e Presidentit m\u2019u duk nj\u00eb l\u00ebvizje e rafinuar politike, shum\u00eb e holl\u00eb.<\/p>\n<p>Presidenti Topi tashm\u00eb ka vendosur t\u00eb luaj\u00eb hapur politikisht, duke form\u00ebsuar elektoratin e tij t\u00eb ardhsh\u00ebm, baz\u00ebn e t\u00eb cilit k\u00ebrkon ta marr\u00eb nga elektorati i Partis\u00eb Demokratike. N\u00eb vizit\u00ebn n\u00eb Shkod\u00ebr, ai jo vet\u00ebm \u00ebsht\u00eb shoq\u00ebruar nga disa miq, q\u00eb jan\u00eb figura t\u00eb njohura t\u00eb Partis\u00eb Demokratike n\u00eb k\u00ebt\u00eb qytet, por me sa duket ka arritur t\u00eb grumbulloj\u00eb shum\u00eb pak\u00ebnaq\u00ebsi q\u00eb ka n\u00eb deg\u00ebn e k\u00ebsaj partie n\u00eb Shkod\u00ebr, p\u00ebr politik\u00ebn e kuadrit q\u00eb udh\u00ebhiqet nga zonja Topalli, dhe k\u00ebrkon q\u00eb k\u00ebt\u00eb pak\u00ebnaq\u00ebsi ta kanalizoj\u00eb n\u00eb t\u00eb ardhmen e tij politike. Nga ana tjet\u00ebr, zoti Topi mendon politikisht p\u00ebr gjith\u00eb Shqip\u00ebrin\u00eb.<\/p>\n<p>Duke pritur q\u00eb zonja Topalli do t\u00eb binte n\u00eb kurthin e ngritur prej tij, si\u00e7 ajo ra n\u00eb t\u00eb v\u00ebrtet\u00eb, Presidenti arriti ta kund\u00ebrv\u00ebr\u00eb mentalitetin e zonj\u00ebs Topalli kund\u00ebr gjith\u00eb pjes\u00ebs tjet\u00ebr t\u00eb Shqip\u00ebris\u00eb, duke synuar t\u00eb fitoj\u00eb pik\u00eb n\u00eb elektoratin e Partis\u00eb Demokratike n\u00eb pjes\u00ebt e tjera t\u00eb Shqip\u00ebris\u00eb. Sa m\u00eb shum\u00eb zhurm\u00eb t\u00eb b\u00ebhet p\u00ebr k\u00ebt\u00eb debat, aq m\u00eb tep\u00ebr zoti Topi fiton pik\u00eb te demokrat\u00ebt e Tiran\u00ebs, Elbasanit, Kor\u00e7\u00ebs, Vlor\u00ebs, Beratit\u2026. Partia Demokratike nuk ka vota vet\u00ebm n\u00eb Shkod\u00ebr.<\/p>\n<p>K\u00ebtij kurthi i shp\u00ebtoi me zgjuarsi Kryeministri Berisha. Ai u rr\u00ebshqiti pyetjeve t\u00eb gazetar\u00ebve p\u00ebr k\u00ebt\u00eb problem, duke mos u b\u00ebr\u00eb pal\u00eb n\u00eb k\u00ebt\u00eb debat, duke e paraqitur si nj\u00eb problem mes Presidentit Topi dhe kryeparlamentares Topalli, jo si problem t\u00eb Partis\u00eb Demokratike.<\/p>\n","protected":false},"excerpt":{"rendered":"<p>Jetmir Shpuza, 18.10.2011 Kur Presidenti Topi, t\u00eb shtun\u00ebn e kaluar gjat\u00eb nj\u00eb vizite n\u00eb Shkod\u00ebr, sulmoi Kryetaren e Parlamentit, zonj\u00ebn Topalli, pa e p\u00ebrmendur me em\u00ebr para mediave t\u00eb qytetit t\u00eb Shkodr\u00ebs duke e etiketuar si spikere q\u00eb lexon at\u00eb q\u00eb ia shkruajn\u00eb t\u00eb tjer\u00ebt dhe q\u00eb nuk e flet mir\u00eb shqipen. Me siguri zoti [&hellip;]<\/p>\n","protected":false},"author":1,"featured_media":0,"comment_status":"open","ping_status":"closed","sticky":false,"template":"","format":"standard","meta":{"footnotes":""},"categories":[2],"tags":[],"class_list":{"0":"post-11044","1":"post","2":"type-post","3":"status-publish","4":"format-standard","6":"category-artikuj"},"yoast_head":"<!-- This site is optimized with the Yoast SEO plugin v27.4 - https:\/\/yoast.com\/product\/yoast-seo-wordpress\/ -->\n<title>L\u00ebvizja e Presidentit, Jozefina, gegnishtja dhe zhargoni - FjALA e LIR\u00cb - Arkivi<\/title>\n<meta name=\"robots\" content=\"index, follow, max-snippet:-1, max-image-preview:large, max-video-preview:-1\" \/>\n<link rel=\"canonical\" href=\"https:\/\/fjala.info\/2009-2015\/levizja-e-presidentit-jozefina-gegnishtja-dhe-zhargoni\/\" \/>\n<meta property=\"og:locale\" content=\"sq_AL\" \/>\n<meta property=\"og:type\" content=\"article\" \/>\n<meta property=\"og:title\" content=\"L\u00ebvizja e Presidentit, Jozefina, gegnishtja dhe zhargoni - FjALA e LIR\u00cb - Arkivi\" \/>\n<meta property=\"og:description\" content=\"Jetmir Shpuza, 18.10.2011 Kur Presidenti Topi, t\u00eb shtun\u00ebn e kaluar gjat\u00eb nj\u00eb vizite n\u00eb Shkod\u00ebr, sulmoi Kryetaren e Parlamentit, zonj\u00ebn Topalli, pa e p\u00ebrmendur me em\u00ebr para mediave t\u00eb qytetit t\u00eb Shkodr\u00ebs duke e etiketuar si spikere q\u00eb lexon at\u00eb q\u00eb ia shkruajn\u00eb t\u00eb tjer\u00ebt dhe q\u00eb nuk e flet mir\u00eb shqipen. Me siguri zoti [&hellip;]\" \/>\n<meta property=\"og:url\" content=\"https:\/\/fjala.info\/2009-2015\/levizja-e-presidentit-jozefina-gegnishtja-dhe-zhargoni\/\" \/>\n<meta property=\"og:site_name\" content=\"FjALA e LIR\u00cb - Arkivi\" \/>\n<meta property=\"article:published_time\" content=\"2011-10-19T08:22:32+00:00\" \/>\n<meta property=\"og:image\" content=\"http:\/\/www.shkoder.net\/images\/fjala\/2011\/jozi_shikon_bamken.jpg\" \/>\n<meta name=\"author\" content=\"admin\" \/>\n<meta name=\"twitter:card\" content=\"summary_large_image\" \/>\n<meta name=\"twitter:label1\" content=\"Written by\" \/>\n\t<meta name=\"twitter:data1\" content=\"admin\" \/>\n\t<meta name=\"twitter:label2\" content=\"Est. reading time\" \/>\n\t<meta name=\"twitter:data2\" content=\"5 minutes\" \/>\n<script type=\"application\/ld+json\" class=\"yoast-schema-graph\">{\"@context\":\"https:\\\/\\\/schema.org\",\"@graph\":[{\"@type\":\"Article\",\"@id\":\"https:\\\/\\\/fjala.info\\\/2009-2015\\\/levizja-e-presidentit-jozefina-gegnishtja-dhe-zhargoni\\\/#article\",\"isPartOf\":{\"@id\":\"https:\\\/\\\/fjala.info\\\/2009-2015\\\/levizja-e-presidentit-jozefina-gegnishtja-dhe-zhargoni\\\/\"},\"author\":{\"name\":\"admin\",\"@id\":\"https:\\\/\\\/fjala.info\\\/2009-2015\\\/#\\\/schema\\\/person\\\/3aa1163ef05469c496fc94e77611ada2\"},\"headline\":\"L\u00ebvizja e Presidentit, Jozefina, gegnishtja dhe zhargoni\",\"datePublished\":\"2011-10-19T08:22:32+00:00\",\"mainEntityOfPage\":{\"@id\":\"https:\\\/\\\/fjala.info\\\/2009-2015\\\/levizja-e-presidentit-jozefina-gegnishtja-dhe-zhargoni\\\/\"},\"wordCount\":1086,\"commentCount\":0,\"publisher\":{\"@id\":\"https:\\\/\\\/fjala.info\\\/2009-2015\\\/#organization\"},\"image\":{\"@id\":\"https:\\\/\\\/fjala.info\\\/2009-2015\\\/levizja-e-presidentit-jozefina-gegnishtja-dhe-zhargoni\\\/#primaryimage\"},\"thumbnailUrl\":\"http:\\\/\\\/www.shkoder.net\\\/images\\\/fjala\\\/2011\\\/jozi_shikon_bamken.jpg\",\"articleSection\":[\"Artikuj\"],\"inLanguage\":\"sq-AL\",\"potentialAction\":[{\"@type\":\"CommentAction\",\"name\":\"Comment\",\"target\":[\"https:\\\/\\\/fjala.info\\\/2009-2015\\\/levizja-e-presidentit-jozefina-gegnishtja-dhe-zhargoni\\\/#respond\"]}]},{\"@type\":\"WebPage\",\"@id\":\"https:\\\/\\\/fjala.info\\\/2009-2015\\\/levizja-e-presidentit-jozefina-gegnishtja-dhe-zhargoni\\\/\",\"url\":\"https:\\\/\\\/fjala.info\\\/2009-2015\\\/levizja-e-presidentit-jozefina-gegnishtja-dhe-zhargoni\\\/\",\"name\":\"L\u00ebvizja e Presidentit, Jozefina, gegnishtja dhe zhargoni - FjALA e LIR\u00cb - Arkivi\",\"isPartOf\":{\"@id\":\"https:\\\/\\\/fjala.info\\\/2009-2015\\\/#website\"},\"primaryImageOfPage\":{\"@id\":\"https:\\\/\\\/fjala.info\\\/2009-2015\\\/levizja-e-presidentit-jozefina-gegnishtja-dhe-zhargoni\\\/#primaryimage\"},\"image\":{\"@id\":\"https:\\\/\\\/fjala.info\\\/2009-2015\\\/levizja-e-presidentit-jozefina-gegnishtja-dhe-zhargoni\\\/#primaryimage\"},\"thumbnailUrl\":\"http:\\\/\\\/www.shkoder.net\\\/images\\\/fjala\\\/2011\\\/jozi_shikon_bamken.jpg\",\"datePublished\":\"2011-10-19T08:22:32+00:00\",\"breadcrumb\":{\"@id\":\"https:\\\/\\\/fjala.info\\\/2009-2015\\\/levizja-e-presidentit-jozefina-gegnishtja-dhe-zhargoni\\\/#breadcrumb\"},\"inLanguage\":\"sq-AL\",\"potentialAction\":[{\"@type\":\"ReadAction\",\"target\":[\"https:\\\/\\\/fjala.info\\\/2009-2015\\\/levizja-e-presidentit-jozefina-gegnishtja-dhe-zhargoni\\\/\"]}]},{\"@type\":\"ImageObject\",\"inLanguage\":\"sq-AL\",\"@id\":\"https:\\\/\\\/fjala.info\\\/2009-2015\\\/levizja-e-presidentit-jozefina-gegnishtja-dhe-zhargoni\\\/#primaryimage\",\"url\":\"http:\\\/\\\/www.shkoder.net\\\/images\\\/fjala\\\/2011\\\/jozi_shikon_bamken.jpg\",\"contentUrl\":\"http:\\\/\\\/www.shkoder.net\\\/images\\\/fjala\\\/2011\\\/jozi_shikon_bamken.jpg\"},{\"@type\":\"BreadcrumbList\",\"@id\":\"https:\\\/\\\/fjala.info\\\/2009-2015\\\/levizja-e-presidentit-jozefina-gegnishtja-dhe-zhargoni\\\/#breadcrumb\",\"itemListElement\":[{\"@type\":\"ListItem\",\"position\":1,\"name\":\"Home\",\"item\":\"https:\\\/\\\/fjala.info\\\/2009-2015\\\/\"},{\"@type\":\"ListItem\",\"position\":2,\"name\":\"L\u00ebvizja e Presidentit, Jozefina, gegnishtja dhe zhargoni\"}]},{\"@type\":\"WebSite\",\"@id\":\"https:\\\/\\\/fjala.info\\\/2009-2015\\\/#website\",\"url\":\"https:\\\/\\\/fjala.info\\\/2009-2015\\\/\",\"name\":\"FjALA e LIR\u00cb - Arkivi\",\"description\":\"Arkivi 2009-2015\",\"publisher\":{\"@id\":\"https:\\\/\\\/fjala.info\\\/2009-2015\\\/#organization\"},\"potentialAction\":[{\"@type\":\"SearchAction\",\"target\":{\"@type\":\"EntryPoint\",\"urlTemplate\":\"https:\\\/\\\/fjala.info\\\/2009-2015\\\/?s={search_term_string}\"},\"query-input\":{\"@type\":\"PropertyValueSpecification\",\"valueRequired\":true,\"valueName\":\"search_term_string\"}}],\"inLanguage\":\"sq-AL\"},{\"@type\":\"Organization\",\"@id\":\"https:\\\/\\\/fjala.info\\\/2009-2015\\\/#organization\",\"name\":\"FjALA e LIR\u00cb - Arkivi\",\"url\":\"https:\\\/\\\/fjala.info\\\/2009-2015\\\/\",\"logo\":{\"@type\":\"ImageObject\",\"inLanguage\":\"sq-AL\",\"@id\":\"https:\\\/\\\/fjala.info\\\/2009-2015\\\/#\\\/schema\\\/logo\\\/image\\\/\",\"url\":\"\",\"contentUrl\":\"\",\"caption\":\"FjALA e LIR\u00cb - Arkivi\"},\"image\":{\"@id\":\"https:\\\/\\\/fjala.info\\\/2009-2015\\\/#\\\/schema\\\/logo\\\/image\\\/\"}},{\"@type\":\"Person\",\"@id\":\"https:\\\/\\\/fjala.info\\\/2009-2015\\\/#\\\/schema\\\/person\\\/3aa1163ef05469c496fc94e77611ada2\",\"name\":\"admin\",\"image\":{\"@type\":\"ImageObject\",\"inLanguage\":\"sq-AL\",\"@id\":\"https:\\\/\\\/fjala.info\\\/2009-2015\\\/wp-content\\\/uploads\\\/2012\\\/02\\\/arben_cokaj-120x150.jpg\",\"url\":\"https:\\\/\\\/fjala.info\\\/2009-2015\\\/wp-content\\\/uploads\\\/2012\\\/02\\\/arben_cokaj-120x150.jpg\",\"contentUrl\":\"https:\\\/\\\/fjala.info\\\/2009-2015\\\/wp-content\\\/uploads\\\/2012\\\/02\\\/arben_cokaj-120x150.jpg\",\"caption\":\"admin\"},\"description\":\"Admin, Fjala e Lir\u00eb\",\"sameAs\":[\"https:\\\/\\\/fjala.info\\\/\"],\"url\":\"https:\\\/\\\/fjala.info\\\/2009-2015\\\/author\\\/admin\\\/\"}]}<\/script>\n<!-- \/ Yoast SEO plugin. -->","yoast_head_json":{"title":"L\u00ebvizja e Presidentit, Jozefina, gegnishtja dhe zhargoni - FjALA e LIR\u00cb - Arkivi","robots":{"index":"index","follow":"follow","max-snippet":"max-snippet:-1","max-image-preview":"max-image-preview:large","max-video-preview":"max-video-preview:-1"},"canonical":"https:\/\/fjala.info\/2009-2015\/levizja-e-presidentit-jozefina-gegnishtja-dhe-zhargoni\/","og_locale":"sq_AL","og_type":"article","og_title":"L\u00ebvizja e Presidentit, Jozefina, gegnishtja dhe zhargoni - FjALA e LIR\u00cb - Arkivi","og_description":"Jetmir Shpuza, 18.10.2011 Kur Presidenti Topi, t\u00eb shtun\u00ebn e kaluar gjat\u00eb nj\u00eb vizite n\u00eb Shkod\u00ebr, sulmoi Kryetaren e Parlamentit, zonj\u00ebn Topalli, pa e p\u00ebrmendur me em\u00ebr para mediave t\u00eb qytetit t\u00eb Shkodr\u00ebs duke e etiketuar si spikere q\u00eb lexon at\u00eb q\u00eb ia shkruajn\u00eb t\u00eb tjer\u00ebt dhe q\u00eb nuk e flet mir\u00eb shqipen. Me siguri zoti [&hellip;]","og_url":"https:\/\/fjala.info\/2009-2015\/levizja-e-presidentit-jozefina-gegnishtja-dhe-zhargoni\/","og_site_name":"FjALA e LIR\u00cb - Arkivi","article_published_time":"2011-10-19T08:22:32+00:00","og_image":[{"url":"http:\/\/www.shkoder.net\/images\/fjala\/2011\/jozi_shikon_bamken.jpg","type":"","width":"","height":""}],"author":"admin","twitter_card":"summary_large_image","twitter_misc":{"Written by":"admin","Est. reading time":"5 minutes"},"schema":{"@context":"https:\/\/schema.org","@graph":[{"@type":"Article","@id":"https:\/\/fjala.info\/2009-2015\/levizja-e-presidentit-jozefina-gegnishtja-dhe-zhargoni\/#article","isPartOf":{"@id":"https:\/\/fjala.info\/2009-2015\/levizja-e-presidentit-jozefina-gegnishtja-dhe-zhargoni\/"},"author":{"name":"admin","@id":"https:\/\/fjala.info\/2009-2015\/#\/schema\/person\/3aa1163ef05469c496fc94e77611ada2"},"headline":"L\u00ebvizja e Presidentit, Jozefina, gegnishtja dhe zhargoni","datePublished":"2011-10-19T08:22:32+00:00","mainEntityOfPage":{"@id":"https:\/\/fjala.info\/2009-2015\/levizja-e-presidentit-jozefina-gegnishtja-dhe-zhargoni\/"},"wordCount":1086,"commentCount":0,"publisher":{"@id":"https:\/\/fjala.info\/2009-2015\/#organization"},"image":{"@id":"https:\/\/fjala.info\/2009-2015\/levizja-e-presidentit-jozefina-gegnishtja-dhe-zhargoni\/#primaryimage"},"thumbnailUrl":"http:\/\/www.shkoder.net\/images\/fjala\/2011\/jozi_shikon_bamken.jpg","articleSection":["Artikuj"],"inLanguage":"sq-AL","potentialAction":[{"@type":"CommentAction","name":"Comment","target":["https:\/\/fjala.info\/2009-2015\/levizja-e-presidentit-jozefina-gegnishtja-dhe-zhargoni\/#respond"]}]},{"@type":"WebPage","@id":"https:\/\/fjala.info\/2009-2015\/levizja-e-presidentit-jozefina-gegnishtja-dhe-zhargoni\/","url":"https:\/\/fjala.info\/2009-2015\/levizja-e-presidentit-jozefina-gegnishtja-dhe-zhargoni\/","name":"L\u00ebvizja e Presidentit, Jozefina, gegnishtja dhe zhargoni - FjALA e LIR\u00cb - Arkivi","isPartOf":{"@id":"https:\/\/fjala.info\/2009-2015\/#website"},"primaryImageOfPage":{"@id":"https:\/\/fjala.info\/2009-2015\/levizja-e-presidentit-jozefina-gegnishtja-dhe-zhargoni\/#primaryimage"},"image":{"@id":"https:\/\/fjala.info\/2009-2015\/levizja-e-presidentit-jozefina-gegnishtja-dhe-zhargoni\/#primaryimage"},"thumbnailUrl":"http:\/\/www.shkoder.net\/images\/fjala\/2011\/jozi_shikon_bamken.jpg","datePublished":"2011-10-19T08:22:32+00:00","breadcrumb":{"@id":"https:\/\/fjala.info\/2009-2015\/levizja-e-presidentit-jozefina-gegnishtja-dhe-zhargoni\/#breadcrumb"},"inLanguage":"sq-AL","potentialAction":[{"@type":"ReadAction","target":["https:\/\/fjala.info\/2009-2015\/levizja-e-presidentit-jozefina-gegnishtja-dhe-zhargoni\/"]}]},{"@type":"ImageObject","inLanguage":"sq-AL","@id":"https:\/\/fjala.info\/2009-2015\/levizja-e-presidentit-jozefina-gegnishtja-dhe-zhargoni\/#primaryimage","url":"http:\/\/www.shkoder.net\/images\/fjala\/2011\/jozi_shikon_bamken.jpg","contentUrl":"http:\/\/www.shkoder.net\/images\/fjala\/2011\/jozi_shikon_bamken.jpg"},{"@type":"BreadcrumbList","@id":"https:\/\/fjala.info\/2009-2015\/levizja-e-presidentit-jozefina-gegnishtja-dhe-zhargoni\/#breadcrumb","itemListElement":[{"@type":"ListItem","position":1,"name":"Home","item":"https:\/\/fjala.info\/2009-2015\/"},{"@type":"ListItem","position":2,"name":"L\u00ebvizja e Presidentit, Jozefina, gegnishtja dhe zhargoni"}]},{"@type":"WebSite","@id":"https:\/\/fjala.info\/2009-2015\/#website","url":"https:\/\/fjala.info\/2009-2015\/","name":"FjALA e LIR\u00cb - Arkivi","description":"Arkivi 2009-2015","publisher":{"@id":"https:\/\/fjala.info\/2009-2015\/#organization"},"potentialAction":[{"@type":"SearchAction","target":{"@type":"EntryPoint","urlTemplate":"https:\/\/fjala.info\/2009-2015\/?s={search_term_string}"},"query-input":{"@type":"PropertyValueSpecification","valueRequired":true,"valueName":"search_term_string"}}],"inLanguage":"sq-AL"},{"@type":"Organization","@id":"https:\/\/fjala.info\/2009-2015\/#organization","name":"FjALA e LIR\u00cb - Arkivi","url":"https:\/\/fjala.info\/2009-2015\/","logo":{"@type":"ImageObject","inLanguage":"sq-AL","@id":"https:\/\/fjala.info\/2009-2015\/#\/schema\/logo\/image\/","url":"","contentUrl":"","caption":"FjALA e LIR\u00cb - Arkivi"},"image":{"@id":"https:\/\/fjala.info\/2009-2015\/#\/schema\/logo\/image\/"}},{"@type":"Person","@id":"https:\/\/fjala.info\/2009-2015\/#\/schema\/person\/3aa1163ef05469c496fc94e77611ada2","name":"admin","image":{"@type":"ImageObject","inLanguage":"sq-AL","@id":"https:\/\/fjala.info\/2009-2015\/wp-content\/uploads\/2012\/02\/arben_cokaj-120x150.jpg","url":"https:\/\/fjala.info\/2009-2015\/wp-content\/uploads\/2012\/02\/arben_cokaj-120x150.jpg","contentUrl":"https:\/\/fjala.info\/2009-2015\/wp-content\/uploads\/2012\/02\/arben_cokaj-120x150.jpg","caption":"admin"},"description":"Admin, Fjala e Lir\u00eb","sameAs":["https:\/\/fjala.info\/"],"url":"https:\/\/fjala.info\/2009-2015\/author\/admin\/"}]}},"_links":{"self":[{"href":"https:\/\/fjala.info\/2009-2015\/wp-json\/wp\/v2\/posts\/11044","targetHints":{"allow":["GET"]}}],"collection":[{"href":"https:\/\/fjala.info\/2009-2015\/wp-json\/wp\/v2\/posts"}],"about":[{"href":"https:\/\/fjala.info\/2009-2015\/wp-json\/wp\/v2\/types\/post"}],"author":[{"embeddable":true,"href":"https:\/\/fjala.info\/2009-2015\/wp-json\/wp\/v2\/users\/1"}],"replies":[{"embeddable":true,"href":"https:\/\/fjala.info\/2009-2015\/wp-json\/wp\/v2\/comments?post=11044"}],"version-history":[{"count":0,"href":"https:\/\/fjala.info\/2009-2015\/wp-json\/wp\/v2\/posts\/11044\/revisions"}],"wp:attachment":[{"href":"https:\/\/fjala.info\/2009-2015\/wp-json\/wp\/v2\/media?parent=11044"}],"wp:term":[{"taxonomy":"category","embeddable":true,"href":"https:\/\/fjala.info\/2009-2015\/wp-json\/wp\/v2\/categories?post=11044"},{"taxonomy":"post_tag","embeddable":true,"href":"https:\/\/fjala.info\/2009-2015\/wp-json\/wp\/v2\/tags?post=11044"}],"curies":[{"name":"wp","href":"https:\/\/api.w.org\/{rel}","templated":true}]}}