{"id":11040,"date":"2011-10-18T11:18:43","date_gmt":"2011-10-18T10:18:43","guid":{"rendered":"http:\/\/fjala.shkoder.net\/?p=11040"},"modified":"2011-10-18T11:18:43","modified_gmt":"2011-10-18T10:18:43","slug":"zeqir-lushaj-dhe-veprat-letrare","status":"publish","type":"post","link":"https:\/\/fjala.info\/2009-2015\/zeqir-lushaj-dhe-veprat-letrare\/","title":{"rendered":"ZEQIR LUSHAJ, DHE VEPRAT LETRARE"},"content":{"rendered":"<p>Nga <strong>Dr. Zef Mulaj<\/strong><\/p>\n<p><strong><\/strong><br \/>\n<img decoding=\"async\" class=\"alignleft size-thumbnail wp-image-7236\" title=\"Zeqir Lushaj\" src=\"http:\/\/www.shkoder.net\/images\/fjala\/2011\/zeqir_lushaj.jpg\" alt=\"\" width=\"150\" \/> <strong>P\u00ebr ata q\u00eb nuk e njohin Zeqirin\u2026<\/strong><\/p>\n<p>&#8211; <em>Ose, ose\u2026 biografi<\/em> \u2013<\/p>\n<p>Autori i k\u00ebtij libri q\u00eb lexuat, miku, kolegu, bashk\u00ebvend\u00ebsi dhe bashk\u00ebmoshatari im, Zeqir Lushaj, ka lindur n\u00eb fshatin Gri t\u00eb Tropoj\u00ebs, m\u00eb 8 Mars t\u00eb vitit 1949.<br \/>\nShkoll\u00ebn fillore e mbaroi n\u00eb Gri, nd\u00ebrsa at\u00eb 7-vje\u00e7are n\u00eb fshatin fqinj, n\u00eb Geg-Hysen.<br \/>\nN\u00eb vitin 1967, kreu shkoll\u00ebn Pedagogjike &#8220;<em>Shejnaze Juka<\/em>&#8221; n\u00eb Shkod\u00ebr. Q\u00eb n\u00eb at\u00eb vit, (maturant) emri i Zeqirit shfaqet n\u00eb &#8220;Zeri i Rinis\u00eb&#8221; e m\u00eb von\u00eb, n\u00eb krejt shtypin qendror shqiptar, pun\u00eb e cila nuk u nd\u00ebrpre deri me sot, kur autori, na dhuroi: &#8220;<em>6 libra n\u00eb 60 vjetor<\/em>&#8220;.<br \/>\nMbas diplomimit n\u00eb pedagogjike, punon per tre vjet m\u00ebsucs n\u00eb Geg-Hysen. N\u00eb vitet 1970-1973, mbaron studimet e larta n\u00eb Akademin\u00eb Sportive &#8220;Vojo Kushi&#8221;, (aso kohe, IKF) n\u00eb Tirane. Stazhin pasuniversitar e kryen n\u00eb shkoll\u00ebn e mesme t\u00eb Tropoj\u00ebs (s\u00eb Vjet\u00ebr).<br \/>\nM\u00eb 10 Maj t\u00eb vitit 1974, mbron diplom\u00ebn me rezultate t\u00eb shk\u00eblqyera (i vetmi vler\u00ebsim maksimal me not\u00ebn 10 i atij viti), dhe n\u00eb qershor fi lion pun\u00ebn redaktor n\u00eb gazet\u00ebn &#8221;Zeri i Rinise &#8216; n\u00eb Tiran\u00eb, ku punon deri n\u00eb vitin 1977. Ngagazetar, kalon instruktor n\u00eb aparatin e Komitetit Qendror t\u00eb Rinis\u00eb dhe mbas 7 vitesh, instruktor n\u00eb K\u00ebshillin e P\u00ebrgjithsh\u00ebm t\u00eb FDSH-s\u00eb, e, n\u00eb vitet 1991-1993:zgjidhet Sekret\u00e4r i P\u00ebrgjithsh\u00ebm i tij.<br \/>\n<img decoding=\"async\" class=\"alignright size-thumbnail wp-image-7236\" title=\"Zeqir Lushaj\" src=\"http:\/\/www.shkoder.net\/images\/fjala\/2011\/zeqir_lushaj2.jpg\" alt=\"\" width=\"300\" \/><br \/>\nN\u00eb p\u00ebrpjekje p\u00ebr t\u00eb realizuai&#8221; shnd\u00ebrrime demokratike, Zeqiri. me nj\u00eb grup intelektual\u00ebsh t\u00eb pavarur. si: Alcks Luarasi. Mehmet Myftiu, Agim Cerga, Haxhi Aliko, Teodor La\u00e7o, Tamara Malaj, Hajredin Rudi, Bujar Muharremi, Mirdash Bra\u00e7e, Hasan Lekaj. Vehbi Furrxhiu etj.krijojn\u00eb shoqat\u00ebn &#8220;Bashkimi Komb\u00ebtar Shqiptar&#8221;. q\u00eb pas njc viti, merr emrin: &#8220;<em>L\u00ebvizja Shqiptare p\u00ebr Mir\u00ebkuptim dhe Paqe<\/em>&#8220;. Kjo L\u00ebvizje pranohet mcnj\u00ebhcr\u00eb an\u00ebtare me t\u00eb drcjta t\u00eb plota n\u00eb K\u00ebshillin Bot\u00ebror p\u00ebr Paqe dhe vizitohet n\u00eb Tirane, nga Presidenti i k\u00ebtij K\u00ebshilli. Gjat\u00eb k\u00ebtyre viteve. Zeqir Lushaj \u00ebsht\u00eb n\u00eb detyr\u00ebn e Sekretarit t\u00eb P\u00ebrgjithsh\u00ebm t\u00eb shoqat\u00ebs, si dhe bashk\u00ebbotues i gazet\u00ebs &#8220;Paqa&#8221;.<\/p>\n<p>Megjith\u00eb k\u00ebto detyra p\u00ebr nj\u00eb koh\u00eb t\u00eb gjat\u00eb n\u00eb organizatat shoq\u00ebrore, Zeqiri mbeti gjithnj\u00eb nj\u00eb mik i ngusht\u00eb i shtypit, nj\u00eb bashk\u00ebpun\u00ebtor produktiv, i pap\u00ebrtuar e cil\u00ebsor i tij. Pra. ishte dhe vazhdon t\u00eb jet\u00eb, m\u00eb shum\u00eb se n\u00ebpun\u00ebs, nj\u00eb gazetar!<\/p>\n<p>Q\u00eb nga viti 1998 e deri tani, Ai punon dhe jeton n\u00eb Nju-Xhersi t\u00eb SHBA-s\u00eb.<br \/>\nI shkruajta k\u00ebto pak fjal\u00eb &#8220;gur n\u00eb gur&#8221;, p\u00ebr mikun tim, sa p\u00ebr t\u00eb krijuar nj\u00eb ide, nj\u00eb prezantim t\u00eb thjesht\u00eb&#8230; p\u00ebr ata q\u00eb nuk e njohin Zeqirin.I urojm\u00eb autorit, jet\u00eb t\u00eb gjat\u00eb, sh\u00ebndet, suksese n\u00eb pun\u00ebn e p\u00ebrditshme, si dhe n\u00eb pun\u00ebn e Tij krijuese. Urojm\u00eb q\u00eb t\u00eb mbetet gjithnj\u00eb i ri. ja, si n\u00eb k\u00ebt\u00eb foto q\u00eb po shohim lart. Dhe, kryesorja. i urojm\u00eb at\u00eb q\u00eb Ai d\u00ebshiron m\u00eb shum\u00eb:<br \/>\n&#8211; Kthim t\u00eb shpejt\u00eb n\u00eb Atdhe !!<\/p>\n<p><strong>SADRI RRAHMANI<\/strong><\/p>\n<p>&#8212;&#8212;&#8212;&#8212;&#8212;&#8212;&#8212;&#8212;&#8212;&#8212;&#8212;&#8212;&#8212;&#8212;&#8211;<br \/>\n<img decoding=\"async\" class=\"alignright size-thumbnail wp-image-7236\" title=\"Zeqir Lushaj\" src=\"http:\/\/www.shkoder.net\/images\/fjala\/2011\/zeqir_lushaj_hija_vendlindjes.jpg\" alt=\"\" width=\"300\" \/><br \/>\n<em>Poezi nga<\/em> <strong>Zeqir Lushaj<\/strong><\/p>\n<p><strong>AS N\u00cb AND\u00cbRR NUK E KISHA PAR\u00cb<\/strong><\/p>\n<p><em>&#8211; Me trishtim, kjo flet\u00eb ditari &#8211; Tetor 2005 &#8211;<\/em><\/p>\n<p>Mbas kaq shekujsh,<br \/>\nMbirje e ngulmimi.<br \/>\nNe trojet e breznive t\u00eb mia,<br \/>\nNe fshatin Gri,<\/p>\n<p>Ne k\u00ebt\u00eb fund Tetori,<br \/>\n(N\u00eb Tetorin e 2005-\u00ebs),<br \/>\nPer here te pare n\u00eb jet\u00eb,<br \/>\nKulla e motshme mbeti that\u00eb,<\/p>\n<p>&#8230; U mshel, me dry ! !<\/p>\n<p>Jam tep\u00ebr i trishtuar,<br \/>\nM\u00eb duket vetja,<br \/>\nNj\u00eb i vdekur nd\u00ebr t\u00eb gjall\u00eb,<br \/>\n\u00cbsht\u00eb befasia m\u00eb e madhe e jet\u00ebs,<br \/>\nAs and\u00ebrr, nuk e kisha par\u00eb! !<\/p>\n<p>* * *<br \/>\n<img decoding=\"async\" class=\"alignright size-thumbnail wp-image-7236\" title=\"Zeqir Lushaj\" src=\"http:\/\/www.shkoder.net\/images\/fjala\/2011\/zeqir_lushaj_fjala_mbi_tel.jpg\" alt=\"\" width=\"300\" \/><br \/>\nPrej k\u00ebtu, n\u00eb Amerik\u00eb,<br \/>\nI ndjej, muret, trar\u00ebt,<br \/>\nE ndjej \u00e7atin\u00eb q\u00eb k\u00ebrcet..<br \/>\n(Si tellall, n\u00ebp\u00ebr Gjakov\u00eb,)<br \/>\n&#8211; Heeej;<\/p>\n<p>Kullat e Selmanve, mbeten shkret\u00eb&#8230; !!<\/p>\n<p>&#8212;-<\/p>\n<p><strong>N&#8217;GOJ\u00cb FISHEKUN, E DON ALLTIJA<\/strong><\/p>\n<p>&#8211; <em>Heroit t\u00eb Popullit, Isa Boletini<\/em> &#8211;<\/p>\n<p>Ty Kosov\u00eb, t&#8217;njeh historia,<br \/>\nDjemt\u00eb e Tu, me dy alltija,<br \/>\nMe t&#8217;ruejt nderin edhe prakun,<br \/>\nT&#8217;kan fal\u00eb jet\u00ebn edhe gjakun,<br \/>\nMitrovica asht djepi i trimit,<br \/>\nHeroit t&#8217;popullit, Ise Boletinit.<\/p>\n<p>Ka dhan\u00eb prova, ku jep burri,<br \/>\nKur u ngrit n\u00eb Vlor\u00eb Flamuri,<br \/>\nMe 300 djem Kosovar\u00eb,<br \/>\nGarda e par\u00eb, me kapu\u00e7\u00eb t&#8217;bardh\u00eb<br \/>\nP\u00ebr me i dal\u00eb,<br \/>\nAi 20t vatanit,<br \/>\nShkoi p\u00ebrkrah Ismal Qemalit.<\/p>\n<p><img decoding=\"async\" class=\"alignright size-thumbnail wp-image-7236\" title=\"Zeqir Lushaj\" src=\"http:\/\/www.shkoder.net\/images\/fjala\/2011\/zeqir_lushaj_vdekja_varreve.jpg\" alt=\"\" width=\"300\" \/><br \/>\nI pat thane Ministri n&#8217;Londcr:<br \/>\n&#8211; Isa Beg, &#8211; t\u00eb \u00e7armatos\u00ebm,<br \/>\n&#8211; Jo, minister, jo qebesa,<br \/>\nS&#8217;\u00e7armatosna sa t&#8217;jete jeta<br \/>\nPer me ruejt nderin e lok\u00ebs,<br \/>\nDy allti, ja kam ngjesh\u00eb shok\u00ebs.<\/p>\n<p>Me allti n\u00eb pllamb\u00eb t\u00eb dor\u00ebs,<br \/>\nNdiej dy fjal\u00eb prej tan&#8217; Kosov\u00ebs:<\/p>\n<p>&#8211; Kurr s&#8217;kem lyp\u00eb \u00e7&#8217;ka s&#8217;na takon,<br \/>\nTrolli i t&#8217;par\u00ebve kot s&#8217;na shkon,<br \/>\nAs se shesim, as kujt s&#8217;ja lam\u00eb,<br \/>\nP\u00ebr pa u djeg\u00eb, pa u shkri t\u00eb tan\u00eb.<\/p>\n<p>Me shtat\u00eb mashkuj t&#8217;gjakut Tij,<br \/>\nE vran\u00eb Is\u00ebn n&#8217;pabesi,<br \/>\nMe dy djem, dy nipa t&#8217;vet,<br \/>\nI lan\u00eb t&#8217;vram\u00eb 28-t\u00eb.<\/p>\n<p>Gjaku i Is\u00ebs, kombit i thrret,<br \/>\nJu \u00e7on brezave amanet,<br \/>\n&#8211; Der&#8217; sa t&#8217;jet\u00eb e gjall\u00eb tradhtia,<br \/>\nN&#8217;goj\u00eb fishekun e don alltija.<\/p>\n<p><em>Tiran\u00eb, 1985<\/em><\/p>\n<p><img decoding=\"async\" class=\"aligncenter size-thumbnail wp-image-7236\" title=\"Zeqir Lushaj\" src=\"http:\/\/www.shkoder.net\/images\/fjala\/2011\/zeqir_lushaj_dyqani_mendjes.jpg\" alt=\"\" width=\"300\" \/><\/p>\n<p><img decoding=\"async\" class=\"aligncenter size-thumbnail wp-image-7236\" title=\"Zeqir Lushaj\" src=\"http:\/\/www.shkoder.net\/images\/fjala\/2011\/zeqir_lushaj_pengjet.jpg\" alt=\"\" width=\"300\" \/><\/p>\n<p><img decoding=\"async\" class=\"aligncenter size-thumbnail wp-image-7236\" title=\"Zeqir Lushaj\" src=\"http:\/\/www.shkoder.net\/images\/fjala\/2011\/zeqir_lushaj_lisi_shkruar.jpg\" alt=\"\" width=\"300\" \/><\/p>\n","protected":false},"excerpt":{"rendered":"<p>Nga Dr. Zef Mulaj P\u00ebr ata q\u00eb nuk e njohin Zeqirin\u2026 &#8211; Ose, ose\u2026 biografi \u2013 Autori i k\u00ebtij libri q\u00eb lexuat, miku, kolegu, bashk\u00ebvend\u00ebsi dhe bashk\u00ebmoshatari im, Zeqir Lushaj, ka lindur n\u00eb fshatin Gri t\u00eb Tropoj\u00ebs, m\u00eb 8 Mars t\u00eb vitit 1949. Shkoll\u00ebn fillore e mbaroi n\u00eb Gri, nd\u00ebrsa at\u00eb 7-vje\u00e7are n\u00eb fshatin fqinj, [&hellip;]<\/p>\n","protected":false},"author":1,"featured_media":0,"comment_status":"open","ping_status":"closed","sticky":false,"template":"","format":"standard","meta":{"footnotes":""},"categories":[7,9],"tags":[],"class_list":{"0":"post-11040","1":"post","2":"type-post","3":"status-publish","4":"format-standard","6":"category-letersi","7":"category-poezi"},"yoast_head":"<!-- This site is optimized with the Yoast SEO plugin v27.4 - https:\/\/yoast.com\/product\/yoast-seo-wordpress\/ -->\n<title>ZEQIR LUSHAJ, DHE VEPRAT LETRARE - FjALA e LIR\u00cb - Arkivi<\/title>\n<meta name=\"robots\" content=\"index, follow, max-snippet:-1, max-image-preview:large, max-video-preview:-1\" \/>\n<link rel=\"canonical\" href=\"https:\/\/fjala.info\/2009-2015\/zeqir-lushaj-dhe-veprat-letrare\/\" \/>\n<meta property=\"og:locale\" content=\"sq_AL\" \/>\n<meta property=\"og:type\" content=\"article\" \/>\n<meta property=\"og:title\" content=\"ZEQIR LUSHAJ, DHE VEPRAT LETRARE - FjALA e LIR\u00cb - Arkivi\" \/>\n<meta property=\"og:description\" content=\"Nga Dr. Zef Mulaj P\u00ebr ata q\u00eb nuk e njohin Zeqirin\u2026 &#8211; Ose, ose\u2026 biografi \u2013 Autori i k\u00ebtij libri q\u00eb lexuat, miku, kolegu, bashk\u00ebvend\u00ebsi dhe bashk\u00ebmoshatari im, Zeqir Lushaj, ka lindur n\u00eb fshatin Gri t\u00eb Tropoj\u00ebs, m\u00eb 8 Mars t\u00eb vitit 1949. Shkoll\u00ebn fillore e mbaroi n\u00eb Gri, nd\u00ebrsa at\u00eb 7-vje\u00e7are n\u00eb fshatin fqinj, [&hellip;]\" \/>\n<meta property=\"og:url\" content=\"https:\/\/fjala.info\/2009-2015\/zeqir-lushaj-dhe-veprat-letrare\/\" \/>\n<meta property=\"og:site_name\" content=\"FjALA e LIR\u00cb - Arkivi\" \/>\n<meta property=\"article:published_time\" content=\"2011-10-18T10:18:43+00:00\" \/>\n<meta property=\"og:image\" content=\"http:\/\/www.shkoder.net\/images\/fjala\/2011\/zeqir_lushaj.jpg\" \/>\n<meta name=\"author\" content=\"admin\" \/>\n<meta name=\"twitter:card\" content=\"summary_large_image\" \/>\n<meta name=\"twitter:label1\" content=\"Written by\" \/>\n\t<meta name=\"twitter:data1\" content=\"admin\" \/>\n\t<meta name=\"twitter:label2\" content=\"Est. reading time\" \/>\n\t<meta name=\"twitter:data2\" content=\"4 minutes\" \/>\n<script type=\"application\/ld+json\" class=\"yoast-schema-graph\">{\"@context\":\"https:\\\/\\\/schema.org\",\"@graph\":[{\"@type\":\"Article\",\"@id\":\"https:\\\/\\\/fjala.info\\\/2009-2015\\\/zeqir-lushaj-dhe-veprat-letrare\\\/#article\",\"isPartOf\":{\"@id\":\"https:\\\/\\\/fjala.info\\\/2009-2015\\\/zeqir-lushaj-dhe-veprat-letrare\\\/\"},\"author\":{\"name\":\"admin\",\"@id\":\"https:\\\/\\\/fjala.info\\\/2009-2015\\\/#\\\/schema\\\/person\\\/3aa1163ef05469c496fc94e77611ada2\"},\"headline\":\"ZEQIR LUSHAJ, DHE VEPRAT LETRARE\",\"datePublished\":\"2011-10-18T10:18:43+00:00\",\"mainEntityOfPage\":{\"@id\":\"https:\\\/\\\/fjala.info\\\/2009-2015\\\/zeqir-lushaj-dhe-veprat-letrare\\\/\"},\"wordCount\":863,\"commentCount\":1,\"publisher\":{\"@id\":\"https:\\\/\\\/fjala.info\\\/2009-2015\\\/#organization\"},\"image\":{\"@id\":\"https:\\\/\\\/fjala.info\\\/2009-2015\\\/zeqir-lushaj-dhe-veprat-letrare\\\/#primaryimage\"},\"thumbnailUrl\":\"http:\\\/\\\/www.shkoder.net\\\/images\\\/fjala\\\/2011\\\/zeqir_lushaj.jpg\",\"articleSection\":[\"Let\u00ebrsi\",\"Poezi\"],\"inLanguage\":\"sq-AL\",\"potentialAction\":[{\"@type\":\"CommentAction\",\"name\":\"Comment\",\"target\":[\"https:\\\/\\\/fjala.info\\\/2009-2015\\\/zeqir-lushaj-dhe-veprat-letrare\\\/#respond\"]}]},{\"@type\":\"WebPage\",\"@id\":\"https:\\\/\\\/fjala.info\\\/2009-2015\\\/zeqir-lushaj-dhe-veprat-letrare\\\/\",\"url\":\"https:\\\/\\\/fjala.info\\\/2009-2015\\\/zeqir-lushaj-dhe-veprat-letrare\\\/\",\"name\":\"ZEQIR LUSHAJ, DHE VEPRAT LETRARE - FjALA e LIR\u00cb - Arkivi\",\"isPartOf\":{\"@id\":\"https:\\\/\\\/fjala.info\\\/2009-2015\\\/#website\"},\"primaryImageOfPage\":{\"@id\":\"https:\\\/\\\/fjala.info\\\/2009-2015\\\/zeqir-lushaj-dhe-veprat-letrare\\\/#primaryimage\"},\"image\":{\"@id\":\"https:\\\/\\\/fjala.info\\\/2009-2015\\\/zeqir-lushaj-dhe-veprat-letrare\\\/#primaryimage\"},\"thumbnailUrl\":\"http:\\\/\\\/www.shkoder.net\\\/images\\\/fjala\\\/2011\\\/zeqir_lushaj.jpg\",\"datePublished\":\"2011-10-18T10:18:43+00:00\",\"breadcrumb\":{\"@id\":\"https:\\\/\\\/fjala.info\\\/2009-2015\\\/zeqir-lushaj-dhe-veprat-letrare\\\/#breadcrumb\"},\"inLanguage\":\"sq-AL\",\"potentialAction\":[{\"@type\":\"ReadAction\",\"target\":[\"https:\\\/\\\/fjala.info\\\/2009-2015\\\/zeqir-lushaj-dhe-veprat-letrare\\\/\"]}]},{\"@type\":\"ImageObject\",\"inLanguage\":\"sq-AL\",\"@id\":\"https:\\\/\\\/fjala.info\\\/2009-2015\\\/zeqir-lushaj-dhe-veprat-letrare\\\/#primaryimage\",\"url\":\"http:\\\/\\\/www.shkoder.net\\\/images\\\/fjala\\\/2011\\\/zeqir_lushaj.jpg\",\"contentUrl\":\"http:\\\/\\\/www.shkoder.net\\\/images\\\/fjala\\\/2011\\\/zeqir_lushaj.jpg\"},{\"@type\":\"BreadcrumbList\",\"@id\":\"https:\\\/\\\/fjala.info\\\/2009-2015\\\/zeqir-lushaj-dhe-veprat-letrare\\\/#breadcrumb\",\"itemListElement\":[{\"@type\":\"ListItem\",\"position\":1,\"name\":\"Home\",\"item\":\"https:\\\/\\\/fjala.info\\\/2009-2015\\\/\"},{\"@type\":\"ListItem\",\"position\":2,\"name\":\"ZEQIR LUSHAJ, DHE VEPRAT LETRARE\"}]},{\"@type\":\"WebSite\",\"@id\":\"https:\\\/\\\/fjala.info\\\/2009-2015\\\/#website\",\"url\":\"https:\\\/\\\/fjala.info\\\/2009-2015\\\/\",\"name\":\"FjALA e LIR\u00cb - Arkivi\",\"description\":\"Arkivi 2009-2015\",\"publisher\":{\"@id\":\"https:\\\/\\\/fjala.info\\\/2009-2015\\\/#organization\"},\"potentialAction\":[{\"@type\":\"SearchAction\",\"target\":{\"@type\":\"EntryPoint\",\"urlTemplate\":\"https:\\\/\\\/fjala.info\\\/2009-2015\\\/?s={search_term_string}\"},\"query-input\":{\"@type\":\"PropertyValueSpecification\",\"valueRequired\":true,\"valueName\":\"search_term_string\"}}],\"inLanguage\":\"sq-AL\"},{\"@type\":\"Organization\",\"@id\":\"https:\\\/\\\/fjala.info\\\/2009-2015\\\/#organization\",\"name\":\"FjALA e LIR\u00cb - Arkivi\",\"url\":\"https:\\\/\\\/fjala.info\\\/2009-2015\\\/\",\"logo\":{\"@type\":\"ImageObject\",\"inLanguage\":\"sq-AL\",\"@id\":\"https:\\\/\\\/fjala.info\\\/2009-2015\\\/#\\\/schema\\\/logo\\\/image\\\/\",\"url\":\"\",\"contentUrl\":\"\",\"caption\":\"FjALA e LIR\u00cb - Arkivi\"},\"image\":{\"@id\":\"https:\\\/\\\/fjala.info\\\/2009-2015\\\/#\\\/schema\\\/logo\\\/image\\\/\"}},{\"@type\":\"Person\",\"@id\":\"https:\\\/\\\/fjala.info\\\/2009-2015\\\/#\\\/schema\\\/person\\\/3aa1163ef05469c496fc94e77611ada2\",\"name\":\"admin\",\"image\":{\"@type\":\"ImageObject\",\"inLanguage\":\"sq-AL\",\"@id\":\"https:\\\/\\\/fjala.info\\\/2009-2015\\\/wp-content\\\/uploads\\\/2012\\\/02\\\/arben_cokaj-120x150.jpg\",\"url\":\"https:\\\/\\\/fjala.info\\\/2009-2015\\\/wp-content\\\/uploads\\\/2012\\\/02\\\/arben_cokaj-120x150.jpg\",\"contentUrl\":\"https:\\\/\\\/fjala.info\\\/2009-2015\\\/wp-content\\\/uploads\\\/2012\\\/02\\\/arben_cokaj-120x150.jpg\",\"caption\":\"admin\"},\"description\":\"Admin, Fjala e Lir\u00eb\",\"sameAs\":[\"https:\\\/\\\/fjala.info\\\/\"],\"url\":\"https:\\\/\\\/fjala.info\\\/2009-2015\\\/author\\\/admin\\\/\"}]}<\/script>\n<!-- \/ Yoast SEO plugin. -->","yoast_head_json":{"title":"ZEQIR LUSHAJ, DHE VEPRAT LETRARE - FjALA e LIR\u00cb - Arkivi","robots":{"index":"index","follow":"follow","max-snippet":"max-snippet:-1","max-image-preview":"max-image-preview:large","max-video-preview":"max-video-preview:-1"},"canonical":"https:\/\/fjala.info\/2009-2015\/zeqir-lushaj-dhe-veprat-letrare\/","og_locale":"sq_AL","og_type":"article","og_title":"ZEQIR LUSHAJ, DHE VEPRAT LETRARE - FjALA e LIR\u00cb - Arkivi","og_description":"Nga Dr. Zef Mulaj P\u00ebr ata q\u00eb nuk e njohin Zeqirin\u2026 &#8211; Ose, ose\u2026 biografi \u2013 Autori i k\u00ebtij libri q\u00eb lexuat, miku, kolegu, bashk\u00ebvend\u00ebsi dhe bashk\u00ebmoshatari im, Zeqir Lushaj, ka lindur n\u00eb fshatin Gri t\u00eb Tropoj\u00ebs, m\u00eb 8 Mars t\u00eb vitit 1949. Shkoll\u00ebn fillore e mbaroi n\u00eb Gri, nd\u00ebrsa at\u00eb 7-vje\u00e7are n\u00eb fshatin fqinj, [&hellip;]","og_url":"https:\/\/fjala.info\/2009-2015\/zeqir-lushaj-dhe-veprat-letrare\/","og_site_name":"FjALA e LIR\u00cb - Arkivi","article_published_time":"2011-10-18T10:18:43+00:00","og_image":[{"url":"http:\/\/www.shkoder.net\/images\/fjala\/2011\/zeqir_lushaj.jpg","type":"","width":"","height":""}],"author":"admin","twitter_card":"summary_large_image","twitter_misc":{"Written by":"admin","Est. reading time":"4 minutes"},"schema":{"@context":"https:\/\/schema.org","@graph":[{"@type":"Article","@id":"https:\/\/fjala.info\/2009-2015\/zeqir-lushaj-dhe-veprat-letrare\/#article","isPartOf":{"@id":"https:\/\/fjala.info\/2009-2015\/zeqir-lushaj-dhe-veprat-letrare\/"},"author":{"name":"admin","@id":"https:\/\/fjala.info\/2009-2015\/#\/schema\/person\/3aa1163ef05469c496fc94e77611ada2"},"headline":"ZEQIR LUSHAJ, DHE VEPRAT LETRARE","datePublished":"2011-10-18T10:18:43+00:00","mainEntityOfPage":{"@id":"https:\/\/fjala.info\/2009-2015\/zeqir-lushaj-dhe-veprat-letrare\/"},"wordCount":863,"commentCount":1,"publisher":{"@id":"https:\/\/fjala.info\/2009-2015\/#organization"},"image":{"@id":"https:\/\/fjala.info\/2009-2015\/zeqir-lushaj-dhe-veprat-letrare\/#primaryimage"},"thumbnailUrl":"http:\/\/www.shkoder.net\/images\/fjala\/2011\/zeqir_lushaj.jpg","articleSection":["Let\u00ebrsi","Poezi"],"inLanguage":"sq-AL","potentialAction":[{"@type":"CommentAction","name":"Comment","target":["https:\/\/fjala.info\/2009-2015\/zeqir-lushaj-dhe-veprat-letrare\/#respond"]}]},{"@type":"WebPage","@id":"https:\/\/fjala.info\/2009-2015\/zeqir-lushaj-dhe-veprat-letrare\/","url":"https:\/\/fjala.info\/2009-2015\/zeqir-lushaj-dhe-veprat-letrare\/","name":"ZEQIR LUSHAJ, DHE VEPRAT LETRARE - FjALA e LIR\u00cb - Arkivi","isPartOf":{"@id":"https:\/\/fjala.info\/2009-2015\/#website"},"primaryImageOfPage":{"@id":"https:\/\/fjala.info\/2009-2015\/zeqir-lushaj-dhe-veprat-letrare\/#primaryimage"},"image":{"@id":"https:\/\/fjala.info\/2009-2015\/zeqir-lushaj-dhe-veprat-letrare\/#primaryimage"},"thumbnailUrl":"http:\/\/www.shkoder.net\/images\/fjala\/2011\/zeqir_lushaj.jpg","datePublished":"2011-10-18T10:18:43+00:00","breadcrumb":{"@id":"https:\/\/fjala.info\/2009-2015\/zeqir-lushaj-dhe-veprat-letrare\/#breadcrumb"},"inLanguage":"sq-AL","potentialAction":[{"@type":"ReadAction","target":["https:\/\/fjala.info\/2009-2015\/zeqir-lushaj-dhe-veprat-letrare\/"]}]},{"@type":"ImageObject","inLanguage":"sq-AL","@id":"https:\/\/fjala.info\/2009-2015\/zeqir-lushaj-dhe-veprat-letrare\/#primaryimage","url":"http:\/\/www.shkoder.net\/images\/fjala\/2011\/zeqir_lushaj.jpg","contentUrl":"http:\/\/www.shkoder.net\/images\/fjala\/2011\/zeqir_lushaj.jpg"},{"@type":"BreadcrumbList","@id":"https:\/\/fjala.info\/2009-2015\/zeqir-lushaj-dhe-veprat-letrare\/#breadcrumb","itemListElement":[{"@type":"ListItem","position":1,"name":"Home","item":"https:\/\/fjala.info\/2009-2015\/"},{"@type":"ListItem","position":2,"name":"ZEQIR LUSHAJ, DHE VEPRAT LETRARE"}]},{"@type":"WebSite","@id":"https:\/\/fjala.info\/2009-2015\/#website","url":"https:\/\/fjala.info\/2009-2015\/","name":"FjALA e LIR\u00cb - Arkivi","description":"Arkivi 2009-2015","publisher":{"@id":"https:\/\/fjala.info\/2009-2015\/#organization"},"potentialAction":[{"@type":"SearchAction","target":{"@type":"EntryPoint","urlTemplate":"https:\/\/fjala.info\/2009-2015\/?s={search_term_string}"},"query-input":{"@type":"PropertyValueSpecification","valueRequired":true,"valueName":"search_term_string"}}],"inLanguage":"sq-AL"},{"@type":"Organization","@id":"https:\/\/fjala.info\/2009-2015\/#organization","name":"FjALA e LIR\u00cb - Arkivi","url":"https:\/\/fjala.info\/2009-2015\/","logo":{"@type":"ImageObject","inLanguage":"sq-AL","@id":"https:\/\/fjala.info\/2009-2015\/#\/schema\/logo\/image\/","url":"","contentUrl":"","caption":"FjALA e LIR\u00cb - Arkivi"},"image":{"@id":"https:\/\/fjala.info\/2009-2015\/#\/schema\/logo\/image\/"}},{"@type":"Person","@id":"https:\/\/fjala.info\/2009-2015\/#\/schema\/person\/3aa1163ef05469c496fc94e77611ada2","name":"admin","image":{"@type":"ImageObject","inLanguage":"sq-AL","@id":"https:\/\/fjala.info\/2009-2015\/wp-content\/uploads\/2012\/02\/arben_cokaj-120x150.jpg","url":"https:\/\/fjala.info\/2009-2015\/wp-content\/uploads\/2012\/02\/arben_cokaj-120x150.jpg","contentUrl":"https:\/\/fjala.info\/2009-2015\/wp-content\/uploads\/2012\/02\/arben_cokaj-120x150.jpg","caption":"admin"},"description":"Admin, Fjala e Lir\u00eb","sameAs":["https:\/\/fjala.info\/"],"url":"https:\/\/fjala.info\/2009-2015\/author\/admin\/"}]}},"_links":{"self":[{"href":"https:\/\/fjala.info\/2009-2015\/wp-json\/wp\/v2\/posts\/11040","targetHints":{"allow":["GET"]}}],"collection":[{"href":"https:\/\/fjala.info\/2009-2015\/wp-json\/wp\/v2\/posts"}],"about":[{"href":"https:\/\/fjala.info\/2009-2015\/wp-json\/wp\/v2\/types\/post"}],"author":[{"embeddable":true,"href":"https:\/\/fjala.info\/2009-2015\/wp-json\/wp\/v2\/users\/1"}],"replies":[{"embeddable":true,"href":"https:\/\/fjala.info\/2009-2015\/wp-json\/wp\/v2\/comments?post=11040"}],"version-history":[{"count":0,"href":"https:\/\/fjala.info\/2009-2015\/wp-json\/wp\/v2\/posts\/11040\/revisions"}],"wp:attachment":[{"href":"https:\/\/fjala.info\/2009-2015\/wp-json\/wp\/v2\/media?parent=11040"}],"wp:term":[{"taxonomy":"category","embeddable":true,"href":"https:\/\/fjala.info\/2009-2015\/wp-json\/wp\/v2\/categories?post=11040"},{"taxonomy":"post_tag","embeddable":true,"href":"https:\/\/fjala.info\/2009-2015\/wp-json\/wp\/v2\/tags?post=11040"}],"curies":[{"name":"wp","href":"https:\/\/api.w.org\/{rel}","templated":true}]}}