{"id":11032,"date":"2011-10-17T22:05:32","date_gmt":"2011-10-17T21:05:32","guid":{"rendered":"http:\/\/fjala.shkoder.net\/?p=11032"},"modified":"2011-10-17T22:05:32","modified_gmt":"2011-10-17T21:05:32","slug":"kupola-shqiptare-e-endrrave-mergimtare","status":"publish","type":"post","link":"https:\/\/fjala.info\/2009-2015\/kupola-shqiptare-e-endrrave-mergimtare\/","title":{"rendered":"KUPOLA SHQIPTARE E \u00cbNDRRAVE M\u00cbRGIMTARE"},"content":{"rendered":"<p><img decoding=\"async\" class=\"alignright size-thumbnail wp-image-7236\" title=\"Xhevat Muqaku\" src=\"http:\/\/www.shkoder.net\/images\/fjala\/2011\/xhevat_muqaku.jpg\" alt=\"\" width=\"200\" \/> (<em>Xhevat Muqaku, \u201eKupol\u00eb e \u00ebndrrave\u201d, AMANDA EDIT, Bukuresht, 2011<\/em>)<\/p>\n<p>Xhevat Muqaku \u00ebsht\u00eb nj\u00eb poet origjinal q\u00eb e p\u00ebrjeton jet\u00ebn dhe krijon nj\u00eb univers poetik t\u00eb ve\u00e7ant\u00eb, paralelisht me at\u00eb bot\u00eb poetike q\u00eb manifestohet nga siv\u00ebllez\u00ebrit e tij, jo vet\u00ebm n\u00eb diaspor\u00eb. Autori p\u00ebrshkruan nj\u00eb univers shpresash t\u00eb panum\u00ebrta ku rolin elementar e ka familja, ambienti dhe shoq\u00ebria. N\u00eb kuadrin e inspirimeve t\u00eb autorit d\u00ebgjohet z\u00ebri i val\u00ebs dhe k\u00ebnga e krenaris\u00eb, \u00ebndrrat e arratisura dhe udh\u00ebtimi n\u00eb koh\u00eb, dallg\u00ebt e m\u00ebngjesit dhe heshtja e ombrell\u00ebs s\u00eb mbyllur me profil heroine.<\/p>\n<p><strong>Baki Ymeri<\/strong><\/p>\n<p><strong>Fluturime lirike nga vendlindja n\u00eb m\u00ebrgim dhe anasjelltas<\/strong><\/p>\n<p>Kupola e \u00ebndrrave shqiptare fluturon n\u00eb k\u00ebrkim t\u00eb freskimit, p\u00ebr freskimin e shpirtit duke krijuar nj\u00eb bot\u00eb t\u00eb florinjt\u00eb. Betimi e hymni, flamuri e kombi, dhe mendimi q\u00eb t\u00eb p\u00ebrt\u00ebrin me k\u00ebng\u00ebn e shpirtit n\u00eb qiellin e kalt\u00ebrt. Pas v\u00ebllimit \u201cNuset e er\u00ebs\u201d, Xhevat Muqaku vjen para nesh me librin e tij t\u00eb dyt\u00eb, nj\u00eb album perlash poetike t\u00eb strukturuara n\u00eb kat\u00ebr cikle: Ombrell\u00eb e hapur, Vakcin\u00eb, Faqet e pushimit, dhe Ombrell\u00eb e mbyllur. N\u00eb k\u00ebt\u00eb kontekst inspirimesh lirike del n\u00eb pah nj\u00eb kupol\u00eb e re \u00ebndrrash me nj\u00eb mesazh lirik t\u00eb qart\u00eb dhe me nj\u00eb freski t\u00eb memorjes q\u00eb arrin \u201cn\u00eb k\u00ebshtjellat e larta\/ me trasen\u00eb e suksesve\u201d.<\/p>\n<p><img decoding=\"async\" class=\"aligncenter size-thumbnail wp-image-7236\" title=\"Xhevat Muqaku - Kupol\u00eb e \u00ebndrrave\" src=\"http:\/\/www.shkoder.net\/images\/fjala\/2011\/xhevat_muqaku_kupole_endrrave.jpg\" alt=\"\" width=\"450\" \/><\/p>\n<p>Rima \u00ebsht\u00eb prezente tek\/tuk dhe formalisht n\u00eb disa vargje, por misioni i saj nuk ka t\u00eb b\u00ebj\u00eb me lirik\u00ebn klasike. Disa strofa t\u00eb poemave t\u00eb tij mund t\u00eb shnd\u00ebrrohet n\u00eb haiku, nj\u00eb stil i ve\u00e7ant\u00eb i lirik\u00ebs bashk\u00ebkohore. I sigurt\u00eb n\u00eb vetveten, i relaksuar dhe optimist, paralelisht me Sadik Krasniqin, Pal Sokolin, Neki Lulajn, Liman Zogajn etj. Xhevat Muqaku, mjek dhe \u00ebnd\u00ebrrimtar, \u00ebsht\u00eb nj\u00ebri nga poet\u00ebt m\u00eb t\u00eb mir\u00eb t\u00eb diaspor\u00ebs shqiptare n\u00eb trojet gjermane, nj\u00eb realist i fuqish\u00ebm q\u00eb q\u00ebndis vargje p\u00ebr t\u00eb gjitha moshat, duke t\u2019i p\u00ebrkujtuar t\u00eb gjitha segmentet e jet\u00ebs, madje edhe vendlindjen ku \u201cDyreku sht\u00ebpis\u00eb,\/ i dhuron q\u00ebndres\u00ebs sigurin\u00eb,\/ krenarin\u00eb dhe buz\u00ebqeshjen.\u201d.<br \/>\nBota poetike e k\u00ebtij autori \u00ebsht\u00eb e mbrujtur me \u201ealternativ\u00ebn reale\u201d, si\u00e7 shprehet n\u00eb nj\u00ebrin nga vargjet e tij, me nj\u00eb univers lirik q\u00eb i referohet kuptimit t\u00eb vlerave humane, meditative dhe filozofike: \u201eDheu e preferon l\u00ebvizjen\u201d, me jet\u00ebn si nj\u00eb \u201cdhurat\u00eb e Per\u00ebndis\u00eb\u201d.<\/p>\n<p>Duke analizuar pesh\u00ebn e vargut t\u00eb tij, q\u00eb n\u00eb shikim t\u00eb par\u00eb duket i thjesht\u00eb, konstaton se autori p\u00ebrshkruan nj\u00eb univers shpresash t\u00eb panum\u00ebrta ku rolin elementar e ka familja, ambienti dhe shoq\u00ebria. Autori plasohet n\u00eb qendr\u00ebn e nj\u00eb universi t\u00eb ngarkuar me nj\u00eb spekt\u00ebr elementesh prezente edhe n\u00eb v\u00ebllimin e tij t\u00eb par\u00eb. Xhevat Muqaku \u00ebsht\u00eb nj\u00eb ishull i ndodhur n\u00eb pajtim me vetveten dhe me ata q\u00eb e rrethojn\u00eb. Poemat e tij jan\u00eb nj\u00eb varg fragmentesh t\u00eb shk\u00ebputura nga jeta e p\u00ebrditshme, duke l\u00ebn\u00eb p\u00ebrshtypjen e nj\u00eb diskursi t\u00eb pjekur dhe t\u00eb nj\u00eb pik\u00ebshikimi t\u00eb mbrujtur me nj\u00eb bot\u00eb reale dhe me nj\u00eb koh\u00eb t\u00eb p\u00ebrb\u00ebr\u00eb nga fluturimi prej vendlindjes n\u00eb m\u00ebrgim, dhe anasjelltas.<\/p>\n<p>Nj\u00eb aspekt tjet\u00ebr interesant paraqesin titujt e k\u00ebtij v\u00ebllimi q\u00eb shndrit me drit\u00eb meteor\u00ebsh, me men\u00e7uri zogu, me dallg\u00eb epshesh e me d\u00ebshira q\u00eb ta p\u00ebrv\u00eblojn\u00eb zemr\u00ebn me k\u00ebng\u00eb ku ndeshen mendimet n\u00eb aktin e sfid\u00ebs duke dal\u00eb n\u00eb gar\u00eb me lig\u00ebsin\u00eb, duke p\u00ebrjetuar frym\u00ebmarrje dashurie, duke u p\u00ebrballuar paradokseve t\u00eb koh\u00ebs dhe shpirtit t\u00eb lodhur. N\u00eb kuadrin e inspirimeve t\u00eb autorit d\u00ebgjohet z\u00ebri i val\u00ebs dhe k\u00ebnga e krenaris\u00eb, \u00ebndrrat e arratisura dhe udh\u00ebtimi n\u00eb koh\u00eb, dallg\u00ebt e m\u00ebngjesit dhe heshtja e ombrell\u00ebs s\u00eb mbyllur me profil heroine. Poetit t\u00eb diaspor\u00ebs nuk i mungon imagjinata. Sipas tij, \u201cBekimi e bekon besimin dhe lumturin\u00eb\u201d, mendimit i jep shijen e duhur, \u201cduke u shkrir\u00eb n\u00eb goj\u00eb t\u00eb \u00c7am\u00ebris\u00eb\/\/ me freskun e liris\u00eb s\u00eb imagjinuar\/ q\u00eb e gjall\u00ebron fluturumin mbi livadhet e shtruara me diell\u201d. Apo: \u201dBalerin\u00eb e fejuar me Busoll\u00ebn\u201d, q\u00eb \u201cshtr\u00ebngon fuqish\u00ebm diellin\u201d, \u201cduke amnestuar fatin e amnezis\u00eb.\u201d<\/p>\n<p><img decoding=\"async\" class=\"aligncenter size-thumbnail wp-image-7236\" title=\"Xhevat Muqaku - Albanezul\" src=\"http:\/\/www.shkoder.net\/images\/fjala\/2011\/xhevat_muqaku_albanezul.jpg\" alt=\"\" width=\"450\" \/><\/p>\n<p>Xhevat Muqaku \u00ebsht\u00eb nj\u00eb poet origjinal q\u00eb e p\u00ebrjeton jet\u00ebn dhe krijon nj\u00eb univers poetik t\u00eb ve\u00e7ant\u00eb, paralelisht me at\u00eb bot\u00eb poetike q\u00eb manifestohet nga siv\u00ebllez\u00ebrit e tij, jo vet\u00ebm n\u00eb diaspor\u00eb. I ndjesh\u00ebm dhe nganj\u00ebher\u00eb tejet modest, ai ka nisur t\u2019i shfryt\u00ebzoj\u00eb burimet e frym\u00ebzimit dhe t\u2019i njoh\u00eb fsheht\u00ebsit\u00eb e artit dhe mjeshtrin\u00eb e shprehjes. Her\u00eb pas here, te ai ballafaqohemi me nj\u00eb prozodi t\u00eb konstruktuar n\u00ebn presionin e lart\u00eb t\u00eb plasimit t\u00eb ideve mbi nj\u00eb platform\u00eb dukshm\u00ebrisht retorike dhe moderne, por paradoksalisht t\u00eb nd\u00ebrtuar mbi nj\u00eb platform\u00eb fikse, tek-tuk me nj\u00eb gam\u00eb strofash me tre vargje, sidomos n\u00eb kapitullin e par\u00eb \u201eOmbrell\u00eb e hapur\u201d, q\u00eb don t\u00eb thot\u00eb se poeti ka nj\u00eb \u201epeisazh\u201d t\u00eb logosit vetjak, t\u00eb cilin e kultivon lirsh\u00ebm gjat\u00eb shp\u00ebrthimit t\u00eb tensionit lirik \u201eme rrezatim e lundrim madh\u00ebshtish\u00eb\u201d. Sipas tij, n\u00eb trasen\u00eb e vjet\u00ebr t\u00eb m\u00ebrgimit: \u201eZ\u00ebri i val\u00ebve dhe qindramij\u00eb peshq vall\u00ebzonin,\/&#8230;\/ N\u00eb pasazhin e ecjes shqiptare.\u201d<\/p>\n<p>Poetin e frym\u00ebzon \u00e7do fjal\u00eb, \u00e7do gj\u00eb, \u00e7do eveniment, \u00e7do ngjarje, madje edhe vajtja n\u00eb piknik: \u201eSot pasdite me miqt\u00eb ishim n\u00eb piknik.\/ Zonjat tona gatuan flin\u00eb n\u00eb m\u00ebrgim\/ me sa\u00e7\u00ebt e vendlindjes.\u201d N\u00eb k\u00ebt\u00eb kontekst ekziston nj\u00eb filozofi e ekzistenc\u00ebs s\u00eb mbrujtur me spektrin e d\u00ebshirave dhe p\u00ebrg\u00ebzimin e p\u00ebrpjekjeve q\u00eb e ushqen poezia me entuziazmin p\u00ebr r\u00eb arritur n\u00eb p\u00ebrjet\u00ebsi. Poeti krijon nj\u00eb koh\u00eb konkrete, senzoriale, q\u00eb sh\u00ebmb\u00ebllen me nj\u00eb bot\u00eb q\u00eb e preferon l\u00ebvizjen dhe \u201epushimin e shkurt\u00eb\u201d dhe p\u00ebrjetimin e jet\u00ebs si nj\u00eb dhurat\u00eb hyjnore e Per\u00ebndis\u00eb. N\u00eb vend t\u00eb abstrakcionit, k\u00ebtu mbret\u00ebron dashuria q\u00eb s\u2019lejon t\u00eb vdes\u00eb normaliteti i p\u00ebrjetimeve t\u00eb p\u00ebrditshme, duke e nxitur autorin t\u00eb na ofroj\u00eb nj\u00eb tabllo perceptimesh plastike t\u00eb shprehjeve t\u00eb jasht\u00ebzakonshme ku \u201earti krijon gjuh\u00ebn bot\u00ebrore\/ me ndjenjat e zgjimit\u201d. P\u00ebrfundimisht vlen t\u00eb theksojm\u00eb se Xhevat Muqaku e p\u00ebrjeton ekzistenc\u00ebn n\u00eb k\u00ebrkim t\u00eb freskimit, duke e freskuar memorjen e diaspor\u00ebs shqiptare me vlera t\u00eb reja letrare.<\/p>\n<p>BOX<\/p>\n<p>Xhevat Muqaku u lind m\u00eb 1 janar t\u00eb vitit 1964 n\u00eb Nekofc t\u00eb Drenasit (Kosov\u00eb). Fati dashti q\u00eb t\u00eb rritet dhe edukohet n\u00eb gjirin e nj\u00eb familjeje t\u00eb arsimuar. Koh\u00ebt e liga n\u00eb Kosov\u00eb nuk e kursyen as t\u00eb dhe as motrat e v\u00ebllez\u00ebrit e tij. Me shkrime, sidomos me proz\u00eb, duke mos e anashkaluar edhe poezin\u00eb, ka filluar t\u00eb merret qysh n\u00eb si nx\u00ebn\u00ebs i Shkoll\u00ebs Fillore \u201eBajram Curri\u201d n\u00eb vendlindje, p\u00ebr t\u00eb ndjekur m\u00eb tej shkollimin e mes\u00ebm dhe studimet. P\u00ebr fat t\u00eb keq, gjat\u00eb luft\u00ebs i \u00ebsht\u00eb djegur biblioteka, me fletoret, librat, albumet me fotografi dhe ditari me shkrimet e tij. Me k\u00ebt\u00eb rast i jan\u00eb djegur edhe shum\u00eb krijime dhe dor\u00ebshkrime, s\u00eb bashku me sht\u00ebpin\u00eb n\u00eb Drenic\u00eb, dhe si\u00e7 thot nj\u00eb mik i tij: \u201earriti momenti kur njeriu k\u00ebrkon streh\u00ebn p\u00ebr ta strehuar dhe qet\u00ebsuar shpirtin dhe pun\u00ebn e tij, dhe me k\u00ebt\u00eb nis nj\u00eb kapitull i ri n\u00eb jet\u00eb.\u201d Pas v\u00ebllimit \u201eNuset e er\u00ebs\u201d, ky \u00ebsht\u00eb libri i tij i dyt\u00eb, nj\u00eb album poetik q\u00eb e sheh drit\u00ebn e botimit n\u00eb Bukureshtin e rilind\u00ebsve tan\u00eb. Nj\u00ebsoj si n\u00eb vepr\u00ebn e par\u00eb, edhe n\u00eb kt\u00eb v\u00ebllim reflektohet shpirti i nj\u00ebrit nga krijuesit m\u00eb t\u00eb frym\u00ebzuar t\u00eb diaspor\u00ebs shqiptare. Autori \u00ebsht\u00eb i martuar dhe ushtron profesionin e mjeksis\u00eb. Q\u00eb nga viti 1993 punon, krijon dhe jeton me familjen e tij n\u00eb Gjermani. Pos tjerash, i p\u00ebrcjell aktivitetet dhe veprimtarin\u00eb kulturore t\u00eb shoqatave t\u00eb ndryshme shqiptare n\u00eb Gjermani, dhe sidomos t\u00eb shoqat\u00ebs \u201eRinia\u201d n\u00eb Singen, duke qen\u00eb madje nj\u00eb nga themeluesit e saj.<\/p>\n","protected":false},"excerpt":{"rendered":"<p>(Xhevat Muqaku, \u201eKupol\u00eb e \u00ebndrrave\u201d, AMANDA EDIT, Bukuresht, 2011) Xhevat Muqaku \u00ebsht\u00eb nj\u00eb poet origjinal q\u00eb e p\u00ebrjeton jet\u00ebn dhe krijon nj\u00eb univers poetik t\u00eb ve\u00e7ant\u00eb, paralelisht me at\u00eb bot\u00eb poetike q\u00eb manifestohet nga siv\u00ebllez\u00ebrit e tij, jo vet\u00ebm n\u00eb diaspor\u00eb. Autori p\u00ebrshkruan nj\u00eb univers shpresash t\u00eb panum\u00ebrta ku rolin elementar e ka familja, ambienti [&hellip;]<\/p>\n","protected":false},"author":1,"featured_media":0,"comment_status":"open","ping_status":"closed","sticky":false,"template":"","format":"standard","meta":{"footnotes":""},"categories":[2,7],"tags":[],"class_list":{"0":"post-11032","1":"post","2":"type-post","3":"status-publish","4":"format-standard","6":"category-artikuj","7":"category-letersi"},"yoast_head":"<!-- This site is optimized with the Yoast SEO plugin v27.4 - https:\/\/yoast.com\/product\/yoast-seo-wordpress\/ -->\n<title>KUPOLA SHQIPTARE E \u00cbNDRRAVE M\u00cbRGIMTARE - FjALA e LIR\u00cb - Arkivi<\/title>\n<meta name=\"robots\" content=\"index, follow, max-snippet:-1, max-image-preview:large, max-video-preview:-1\" \/>\n<link rel=\"canonical\" href=\"https:\/\/fjala.info\/2009-2015\/kupola-shqiptare-e-endrrave-mergimtare\/\" \/>\n<meta property=\"og:locale\" content=\"sq_AL\" \/>\n<meta property=\"og:type\" content=\"article\" \/>\n<meta property=\"og:title\" content=\"KUPOLA SHQIPTARE E \u00cbNDRRAVE M\u00cbRGIMTARE - FjALA e LIR\u00cb - Arkivi\" \/>\n<meta property=\"og:description\" content=\"(Xhevat Muqaku, \u201eKupol\u00eb e \u00ebndrrave\u201d, AMANDA EDIT, Bukuresht, 2011) Xhevat Muqaku \u00ebsht\u00eb nj\u00eb poet origjinal q\u00eb e p\u00ebrjeton jet\u00ebn dhe krijon nj\u00eb univers poetik t\u00eb ve\u00e7ant\u00eb, paralelisht me at\u00eb bot\u00eb poetike q\u00eb manifestohet nga siv\u00ebllez\u00ebrit e tij, jo vet\u00ebm n\u00eb diaspor\u00eb. Autori p\u00ebrshkruan nj\u00eb univers shpresash t\u00eb panum\u00ebrta ku rolin elementar e ka familja, ambienti [&hellip;]\" \/>\n<meta property=\"og:url\" content=\"https:\/\/fjala.info\/2009-2015\/kupola-shqiptare-e-endrrave-mergimtare\/\" \/>\n<meta property=\"og:site_name\" content=\"FjALA e LIR\u00cb - Arkivi\" \/>\n<meta property=\"article:published_time\" content=\"2011-10-17T21:05:32+00:00\" \/>\n<meta property=\"og:image\" content=\"http:\/\/www.shkoder.net\/images\/fjala\/2011\/xhevat_muqaku.jpg\" \/>\n<meta name=\"author\" content=\"admin\" \/>\n<meta name=\"twitter:card\" content=\"summary_large_image\" \/>\n<meta name=\"twitter:label1\" content=\"Written by\" \/>\n\t<meta name=\"twitter:data1\" content=\"admin\" \/>\n\t<meta name=\"twitter:label2\" content=\"Est. reading time\" \/>\n\t<meta name=\"twitter:data2\" content=\"7 minutes\" \/>\n<script type=\"application\/ld+json\" class=\"yoast-schema-graph\">{\"@context\":\"https:\\\/\\\/schema.org\",\"@graph\":[{\"@type\":\"Article\",\"@id\":\"https:\\\/\\\/fjala.info\\\/2009-2015\\\/kupola-shqiptare-e-endrrave-mergimtare\\\/#article\",\"isPartOf\":{\"@id\":\"https:\\\/\\\/fjala.info\\\/2009-2015\\\/kupola-shqiptare-e-endrrave-mergimtare\\\/\"},\"author\":{\"name\":\"admin\",\"@id\":\"https:\\\/\\\/fjala.info\\\/2009-2015\\\/#\\\/schema\\\/person\\\/3aa1163ef05469c496fc94e77611ada2\"},\"headline\":\"KUPOLA SHQIPTARE E \u00cbNDRRAVE M\u00cbRGIMTARE\",\"datePublished\":\"2011-10-17T21:05:32+00:00\",\"mainEntityOfPage\":{\"@id\":\"https:\\\/\\\/fjala.info\\\/2009-2015\\\/kupola-shqiptare-e-endrrave-mergimtare\\\/\"},\"wordCount\":1380,\"commentCount\":0,\"publisher\":{\"@id\":\"https:\\\/\\\/fjala.info\\\/2009-2015\\\/#organization\"},\"image\":{\"@id\":\"https:\\\/\\\/fjala.info\\\/2009-2015\\\/kupola-shqiptare-e-endrrave-mergimtare\\\/#primaryimage\"},\"thumbnailUrl\":\"http:\\\/\\\/www.shkoder.net\\\/images\\\/fjala\\\/2011\\\/xhevat_muqaku.jpg\",\"articleSection\":[\"Artikuj\",\"Let\u00ebrsi\"],\"inLanguage\":\"sq-AL\",\"potentialAction\":[{\"@type\":\"CommentAction\",\"name\":\"Comment\",\"target\":[\"https:\\\/\\\/fjala.info\\\/2009-2015\\\/kupola-shqiptare-e-endrrave-mergimtare\\\/#respond\"]}]},{\"@type\":\"WebPage\",\"@id\":\"https:\\\/\\\/fjala.info\\\/2009-2015\\\/kupola-shqiptare-e-endrrave-mergimtare\\\/\",\"url\":\"https:\\\/\\\/fjala.info\\\/2009-2015\\\/kupola-shqiptare-e-endrrave-mergimtare\\\/\",\"name\":\"KUPOLA SHQIPTARE E \u00cbNDRRAVE M\u00cbRGIMTARE - FjALA e LIR\u00cb - Arkivi\",\"isPartOf\":{\"@id\":\"https:\\\/\\\/fjala.info\\\/2009-2015\\\/#website\"},\"primaryImageOfPage\":{\"@id\":\"https:\\\/\\\/fjala.info\\\/2009-2015\\\/kupola-shqiptare-e-endrrave-mergimtare\\\/#primaryimage\"},\"image\":{\"@id\":\"https:\\\/\\\/fjala.info\\\/2009-2015\\\/kupola-shqiptare-e-endrrave-mergimtare\\\/#primaryimage\"},\"thumbnailUrl\":\"http:\\\/\\\/www.shkoder.net\\\/images\\\/fjala\\\/2011\\\/xhevat_muqaku.jpg\",\"datePublished\":\"2011-10-17T21:05:32+00:00\",\"breadcrumb\":{\"@id\":\"https:\\\/\\\/fjala.info\\\/2009-2015\\\/kupola-shqiptare-e-endrrave-mergimtare\\\/#breadcrumb\"},\"inLanguage\":\"sq-AL\",\"potentialAction\":[{\"@type\":\"ReadAction\",\"target\":[\"https:\\\/\\\/fjala.info\\\/2009-2015\\\/kupola-shqiptare-e-endrrave-mergimtare\\\/\"]}]},{\"@type\":\"ImageObject\",\"inLanguage\":\"sq-AL\",\"@id\":\"https:\\\/\\\/fjala.info\\\/2009-2015\\\/kupola-shqiptare-e-endrrave-mergimtare\\\/#primaryimage\",\"url\":\"http:\\\/\\\/www.shkoder.net\\\/images\\\/fjala\\\/2011\\\/xhevat_muqaku.jpg\",\"contentUrl\":\"http:\\\/\\\/www.shkoder.net\\\/images\\\/fjala\\\/2011\\\/xhevat_muqaku.jpg\"},{\"@type\":\"BreadcrumbList\",\"@id\":\"https:\\\/\\\/fjala.info\\\/2009-2015\\\/kupola-shqiptare-e-endrrave-mergimtare\\\/#breadcrumb\",\"itemListElement\":[{\"@type\":\"ListItem\",\"position\":1,\"name\":\"Home\",\"item\":\"https:\\\/\\\/fjala.info\\\/2009-2015\\\/\"},{\"@type\":\"ListItem\",\"position\":2,\"name\":\"KUPOLA SHQIPTARE E \u00cbNDRRAVE M\u00cbRGIMTARE\"}]},{\"@type\":\"WebSite\",\"@id\":\"https:\\\/\\\/fjala.info\\\/2009-2015\\\/#website\",\"url\":\"https:\\\/\\\/fjala.info\\\/2009-2015\\\/\",\"name\":\"FjALA e LIR\u00cb - Arkivi\",\"description\":\"Arkivi 2009-2015\",\"publisher\":{\"@id\":\"https:\\\/\\\/fjala.info\\\/2009-2015\\\/#organization\"},\"potentialAction\":[{\"@type\":\"SearchAction\",\"target\":{\"@type\":\"EntryPoint\",\"urlTemplate\":\"https:\\\/\\\/fjala.info\\\/2009-2015\\\/?s={search_term_string}\"},\"query-input\":{\"@type\":\"PropertyValueSpecification\",\"valueRequired\":true,\"valueName\":\"search_term_string\"}}],\"inLanguage\":\"sq-AL\"},{\"@type\":\"Organization\",\"@id\":\"https:\\\/\\\/fjala.info\\\/2009-2015\\\/#organization\",\"name\":\"FjALA e LIR\u00cb - Arkivi\",\"url\":\"https:\\\/\\\/fjala.info\\\/2009-2015\\\/\",\"logo\":{\"@type\":\"ImageObject\",\"inLanguage\":\"sq-AL\",\"@id\":\"https:\\\/\\\/fjala.info\\\/2009-2015\\\/#\\\/schema\\\/logo\\\/image\\\/\",\"url\":\"\",\"contentUrl\":\"\",\"caption\":\"FjALA e LIR\u00cb - Arkivi\"},\"image\":{\"@id\":\"https:\\\/\\\/fjala.info\\\/2009-2015\\\/#\\\/schema\\\/logo\\\/image\\\/\"}},{\"@type\":\"Person\",\"@id\":\"https:\\\/\\\/fjala.info\\\/2009-2015\\\/#\\\/schema\\\/person\\\/3aa1163ef05469c496fc94e77611ada2\",\"name\":\"admin\",\"image\":{\"@type\":\"ImageObject\",\"inLanguage\":\"sq-AL\",\"@id\":\"https:\\\/\\\/fjala.info\\\/2009-2015\\\/wp-content\\\/uploads\\\/2012\\\/02\\\/arben_cokaj-120x150.jpg\",\"url\":\"https:\\\/\\\/fjala.info\\\/2009-2015\\\/wp-content\\\/uploads\\\/2012\\\/02\\\/arben_cokaj-120x150.jpg\",\"contentUrl\":\"https:\\\/\\\/fjala.info\\\/2009-2015\\\/wp-content\\\/uploads\\\/2012\\\/02\\\/arben_cokaj-120x150.jpg\",\"caption\":\"admin\"},\"description\":\"Admin, Fjala e Lir\u00eb\",\"sameAs\":[\"https:\\\/\\\/fjala.info\\\/\"],\"url\":\"https:\\\/\\\/fjala.info\\\/2009-2015\\\/author\\\/admin\\\/\"}]}<\/script>\n<!-- \/ Yoast SEO plugin. -->","yoast_head_json":{"title":"KUPOLA SHQIPTARE E \u00cbNDRRAVE M\u00cbRGIMTARE - FjALA e LIR\u00cb - Arkivi","robots":{"index":"index","follow":"follow","max-snippet":"max-snippet:-1","max-image-preview":"max-image-preview:large","max-video-preview":"max-video-preview:-1"},"canonical":"https:\/\/fjala.info\/2009-2015\/kupola-shqiptare-e-endrrave-mergimtare\/","og_locale":"sq_AL","og_type":"article","og_title":"KUPOLA SHQIPTARE E \u00cbNDRRAVE M\u00cbRGIMTARE - FjALA e LIR\u00cb - Arkivi","og_description":"(Xhevat Muqaku, \u201eKupol\u00eb e \u00ebndrrave\u201d, AMANDA EDIT, Bukuresht, 2011) Xhevat Muqaku \u00ebsht\u00eb nj\u00eb poet origjinal q\u00eb e p\u00ebrjeton jet\u00ebn dhe krijon nj\u00eb univers poetik t\u00eb ve\u00e7ant\u00eb, paralelisht me at\u00eb bot\u00eb poetike q\u00eb manifestohet nga siv\u00ebllez\u00ebrit e tij, jo vet\u00ebm n\u00eb diaspor\u00eb. Autori p\u00ebrshkruan nj\u00eb univers shpresash t\u00eb panum\u00ebrta ku rolin elementar e ka familja, ambienti [&hellip;]","og_url":"https:\/\/fjala.info\/2009-2015\/kupola-shqiptare-e-endrrave-mergimtare\/","og_site_name":"FjALA e LIR\u00cb - Arkivi","article_published_time":"2011-10-17T21:05:32+00:00","og_image":[{"url":"http:\/\/www.shkoder.net\/images\/fjala\/2011\/xhevat_muqaku.jpg","type":"","width":"","height":""}],"author":"admin","twitter_card":"summary_large_image","twitter_misc":{"Written by":"admin","Est. reading time":"7 minutes"},"schema":{"@context":"https:\/\/schema.org","@graph":[{"@type":"Article","@id":"https:\/\/fjala.info\/2009-2015\/kupola-shqiptare-e-endrrave-mergimtare\/#article","isPartOf":{"@id":"https:\/\/fjala.info\/2009-2015\/kupola-shqiptare-e-endrrave-mergimtare\/"},"author":{"name":"admin","@id":"https:\/\/fjala.info\/2009-2015\/#\/schema\/person\/3aa1163ef05469c496fc94e77611ada2"},"headline":"KUPOLA SHQIPTARE E \u00cbNDRRAVE M\u00cbRGIMTARE","datePublished":"2011-10-17T21:05:32+00:00","mainEntityOfPage":{"@id":"https:\/\/fjala.info\/2009-2015\/kupola-shqiptare-e-endrrave-mergimtare\/"},"wordCount":1380,"commentCount":0,"publisher":{"@id":"https:\/\/fjala.info\/2009-2015\/#organization"},"image":{"@id":"https:\/\/fjala.info\/2009-2015\/kupola-shqiptare-e-endrrave-mergimtare\/#primaryimage"},"thumbnailUrl":"http:\/\/www.shkoder.net\/images\/fjala\/2011\/xhevat_muqaku.jpg","articleSection":["Artikuj","Let\u00ebrsi"],"inLanguage":"sq-AL","potentialAction":[{"@type":"CommentAction","name":"Comment","target":["https:\/\/fjala.info\/2009-2015\/kupola-shqiptare-e-endrrave-mergimtare\/#respond"]}]},{"@type":"WebPage","@id":"https:\/\/fjala.info\/2009-2015\/kupola-shqiptare-e-endrrave-mergimtare\/","url":"https:\/\/fjala.info\/2009-2015\/kupola-shqiptare-e-endrrave-mergimtare\/","name":"KUPOLA SHQIPTARE E \u00cbNDRRAVE M\u00cbRGIMTARE - FjALA e LIR\u00cb - Arkivi","isPartOf":{"@id":"https:\/\/fjala.info\/2009-2015\/#website"},"primaryImageOfPage":{"@id":"https:\/\/fjala.info\/2009-2015\/kupola-shqiptare-e-endrrave-mergimtare\/#primaryimage"},"image":{"@id":"https:\/\/fjala.info\/2009-2015\/kupola-shqiptare-e-endrrave-mergimtare\/#primaryimage"},"thumbnailUrl":"http:\/\/www.shkoder.net\/images\/fjala\/2011\/xhevat_muqaku.jpg","datePublished":"2011-10-17T21:05:32+00:00","breadcrumb":{"@id":"https:\/\/fjala.info\/2009-2015\/kupola-shqiptare-e-endrrave-mergimtare\/#breadcrumb"},"inLanguage":"sq-AL","potentialAction":[{"@type":"ReadAction","target":["https:\/\/fjala.info\/2009-2015\/kupola-shqiptare-e-endrrave-mergimtare\/"]}]},{"@type":"ImageObject","inLanguage":"sq-AL","@id":"https:\/\/fjala.info\/2009-2015\/kupola-shqiptare-e-endrrave-mergimtare\/#primaryimage","url":"http:\/\/www.shkoder.net\/images\/fjala\/2011\/xhevat_muqaku.jpg","contentUrl":"http:\/\/www.shkoder.net\/images\/fjala\/2011\/xhevat_muqaku.jpg"},{"@type":"BreadcrumbList","@id":"https:\/\/fjala.info\/2009-2015\/kupola-shqiptare-e-endrrave-mergimtare\/#breadcrumb","itemListElement":[{"@type":"ListItem","position":1,"name":"Home","item":"https:\/\/fjala.info\/2009-2015\/"},{"@type":"ListItem","position":2,"name":"KUPOLA SHQIPTARE E \u00cbNDRRAVE M\u00cbRGIMTARE"}]},{"@type":"WebSite","@id":"https:\/\/fjala.info\/2009-2015\/#website","url":"https:\/\/fjala.info\/2009-2015\/","name":"FjALA e LIR\u00cb - Arkivi","description":"Arkivi 2009-2015","publisher":{"@id":"https:\/\/fjala.info\/2009-2015\/#organization"},"potentialAction":[{"@type":"SearchAction","target":{"@type":"EntryPoint","urlTemplate":"https:\/\/fjala.info\/2009-2015\/?s={search_term_string}"},"query-input":{"@type":"PropertyValueSpecification","valueRequired":true,"valueName":"search_term_string"}}],"inLanguage":"sq-AL"},{"@type":"Organization","@id":"https:\/\/fjala.info\/2009-2015\/#organization","name":"FjALA e LIR\u00cb - Arkivi","url":"https:\/\/fjala.info\/2009-2015\/","logo":{"@type":"ImageObject","inLanguage":"sq-AL","@id":"https:\/\/fjala.info\/2009-2015\/#\/schema\/logo\/image\/","url":"","contentUrl":"","caption":"FjALA e LIR\u00cb - Arkivi"},"image":{"@id":"https:\/\/fjala.info\/2009-2015\/#\/schema\/logo\/image\/"}},{"@type":"Person","@id":"https:\/\/fjala.info\/2009-2015\/#\/schema\/person\/3aa1163ef05469c496fc94e77611ada2","name":"admin","image":{"@type":"ImageObject","inLanguage":"sq-AL","@id":"https:\/\/fjala.info\/2009-2015\/wp-content\/uploads\/2012\/02\/arben_cokaj-120x150.jpg","url":"https:\/\/fjala.info\/2009-2015\/wp-content\/uploads\/2012\/02\/arben_cokaj-120x150.jpg","contentUrl":"https:\/\/fjala.info\/2009-2015\/wp-content\/uploads\/2012\/02\/arben_cokaj-120x150.jpg","caption":"admin"},"description":"Admin, Fjala e Lir\u00eb","sameAs":["https:\/\/fjala.info\/"],"url":"https:\/\/fjala.info\/2009-2015\/author\/admin\/"}]}},"_links":{"self":[{"href":"https:\/\/fjala.info\/2009-2015\/wp-json\/wp\/v2\/posts\/11032","targetHints":{"allow":["GET"]}}],"collection":[{"href":"https:\/\/fjala.info\/2009-2015\/wp-json\/wp\/v2\/posts"}],"about":[{"href":"https:\/\/fjala.info\/2009-2015\/wp-json\/wp\/v2\/types\/post"}],"author":[{"embeddable":true,"href":"https:\/\/fjala.info\/2009-2015\/wp-json\/wp\/v2\/users\/1"}],"replies":[{"embeddable":true,"href":"https:\/\/fjala.info\/2009-2015\/wp-json\/wp\/v2\/comments?post=11032"}],"version-history":[{"count":0,"href":"https:\/\/fjala.info\/2009-2015\/wp-json\/wp\/v2\/posts\/11032\/revisions"}],"wp:attachment":[{"href":"https:\/\/fjala.info\/2009-2015\/wp-json\/wp\/v2\/media?parent=11032"}],"wp:term":[{"taxonomy":"category","embeddable":true,"href":"https:\/\/fjala.info\/2009-2015\/wp-json\/wp\/v2\/categories?post=11032"},{"taxonomy":"post_tag","embeddable":true,"href":"https:\/\/fjala.info\/2009-2015\/wp-json\/wp\/v2\/tags?post=11032"}],"curies":[{"name":"wp","href":"https:\/\/api.w.org\/{rel}","templated":true}]}}