{"id":11026,"date":"2011-10-16T22:45:52","date_gmt":"2011-10-16T21:45:52","guid":{"rendered":"http:\/\/fjala.shkoder.net\/?p=11026"},"modified":"2011-10-16T22:45:52","modified_gmt":"2011-10-16T21:45:52","slug":"protesta-ne-950-sheshe-mbi-80-vende-te-botes","status":"publish","type":"post","link":"https:\/\/fjala.info\/2009-2015\/protesta-ne-950-sheshe-mbi-80-vende-te-botes\/","title":{"rendered":"PROTESTA: N\u00cb 950 SHESHE, MBI 80 VENDE TE BOTES"},"content":{"rendered":"<p><em>Reportazh nga <\/em><strong>Mark Kurrila<\/strong><\/p>\n<p>(<em>Roma, Londra, Madridi, Tokio, Frankfurt, Washington, etj.)<\/em><\/p>\n<p>Kriza ekonomike, po i con n\u00eb sheshet e betejave rinin nga papunsia, mungesa e pasiguris per t\u00eb ardhmen. Marrshojn\u00eb demostruesit n\u00eb drejt institucioneve europiane.<\/p>\n<p style=\"text-align: center;\"><img decoding=\"async\" class=\"aligncenter size-thumbnail wp-image-7236\" title=\"Grevist\u00eb n\u00eb bot\u00eb...\" src=\"http:\/\/www.shkoder.net\/images\/fjala\/2011\/greviste_neper_bote.jpg\" alt=\"\" width=\"450\" \/><em>Grevistet n\u00ebp\u00ebr sheshet e bot\u00ebs<\/em><\/p>\n<p>Kan ardhur nga gjith europa per t\u00eb marshuar drejt Komisionit Europian. Bankave multinazionale etj.<br \/>\nDje kryeqyteti i Italis\u00eb Roma n\u00eb flak\u00eb. T\u00eb plagosur mbi 80 persona, edhe nga forcat e policis\u00eb.<\/p>\n<p>PRESIDENTI I PARTIS DEMOKRATIKE ITALIANE BERSANI thot\u00eb: \u201dNdigjoni rinin\u00eb\u201d<br \/>\nDRAGHI. GOVERNATOR I BANKES ITALIANE. \u201dRinia ka te drejt\u00eb\u201d<\/p>\n<p>Kriza ekonomike dhe politika e gjendur perball\u00eb saj e pa mundur per ndryshim.<br \/>\nSistemi kapitalist ka nevoj\u00eb per evolim te ri, ndryshime, o per ndrysh me spekullime ekonomike<br \/>\ndiferenca te medha sociale, papun\u00ebsija etj. do keqsojn\u00eb gjendjen e popujve.<\/p>\n<p>Nj\u00eb pensionist n\u00eb Shqiperi jeton me 100 euro n\u00eb muaj. Politika duartroket per suksese t\u00eb arritura.<\/p>\n<p><center><img decoding=\"async\" class=\"aligncenter size-thumbnail wp-image-7236\" title=\"Makina e policis\u00eb n\u00eb flak\u00eb\" src=\"http:\/\/www.shkoder.net\/images\/fjala\/2011\/roma_flake_makina_policise.jpg\" alt=\"\" width=\"350\" \/>\u00a0<em>Roma. Flak\u00eb makinave t\u00eb policis\u00eb<\/em><\/center><\/p>\n<p style=\"text-align: center;\"><img decoding=\"async\" class=\"aligncenter size-thumbnail wp-image-7236\" title=\"Roma n\u00eb flak\u00eb\" src=\"http:\/\/www.shkoder.net\/images\/fjala\/2011\/roma_flake.jpg\" alt=\"\" width=\"300\" \/>\u00a0<em>Roma (Flak\u00eb ne kryeqytetin e Italis\u00eb)<\/em><\/p>\n<p style=\"text-align: center;\"><img decoding=\"async\" class=\"aligncenter size-thumbnail wp-image-7236\" title=\"Roma n\u00eb protest\u00eb\" src=\"http:\/\/www.shkoder.net\/images\/fjala\/2011\/roma_proteste.jpg\" alt=\"\" width=\"250\" \/>\u00a0<em>Roma n\u00eb protest\u00eb<\/em><\/p>\n<p style=\"text-align: center;\"><img decoding=\"async\" class=\"aligncenter size-thumbnail wp-image-7236\" title=\"Polic i plagosur\" src=\"http:\/\/www.shkoder.net\/images\/fjala\/2011\/roma_polic_plagosur.jpg\" alt=\"\" width=\"200\" \/>\u00a0<em>Roma (Polic i plagosur)<\/em><\/p>\n<p style=\"text-align: center;\"><img decoding=\"async\" class=\"aligncenter size-thumbnail wp-image-7236\" title=\"NY n\u00eb protest\u00eb\" src=\"http:\/\/www.shkoder.net\/images\/fjala\/2011\/ny_proteste.jpg\" alt=\"\" width=\"250\" \/>\u00a0<em>New York (Grevistet prleshen me forcat e policis\u00eb)<\/em><\/p>\n<p style=\"text-align: center;\"><img decoding=\"async\" class=\"aligncenter size-thumbnail wp-image-7236\" title=\"Protestues me f\u00ebmij\u00eb\" src=\"http:\/\/www.shkoder.net\/images\/fjala\/2011\/protestues_femije.jpg\" alt=\"\" width=\"450\" \/>\u00a0<em>Grevistet me femijet ne duar<\/em>.<\/p>\n<p style=\"text-align: center;\"><img decoding=\"async\" class=\"aligncenter size-thumbnail wp-image-7236\" title=\"Rinia me duar lart p\u00ebr paqe\" src=\"http:\/\/www.shkoder.net\/images\/fjala\/2011\/rinia_me_duar_lart.jpg\" alt=\"\" width=\"450\" \/>\u00a0<em>Rinia me duar lart ne shenje paqe<\/em><\/p>\n<p style=\"text-align: center;\"><img decoding=\"async\" class=\"aligncenter size-thumbnail wp-image-7236\" title=\"Protesta n\u00eb Rom\u00eb\" src=\"http:\/\/www.shkoder.net\/images\/fjala\/2011\/roma_kolazh.jpg\" alt=\"\" width=\"400\" \/>\u00a0<em>ROMA kolazh protestash<\/em><\/p>\n<p style=\"text-align: center;\"><img decoding=\"async\" class=\"aligncenter size-thumbnail wp-image-7236\" title=\"Marshimi drejt EU\" src=\"http:\/\/www.shkoder.net\/images\/fjala\/2011\/marshimi_eu.jpg\" alt=\"\" width=\"450\" \/>\u00a0<em>Marrshimi drejt institucioneve europiane (demostruesit)<\/em><\/p>\n<p style=\"text-align: center;\"><img decoding=\"async\" class=\"aligncenter size-thumbnail wp-image-7236\" title=\"Protesta n\u00eb Lond\u00ebr\" src=\"http:\/\/www.shkoder.net\/images\/fjala\/2011\/londra_proteste.jpg\" alt=\"\" width=\"360\" \/><em>Londra n\u00eb protest\u00eb<\/em><\/p>\n<p style=\"text-align: center;\"><img decoding=\"async\" class=\"aligncenter size-thumbnail wp-image-7236\" title=\"Uni Sapienza\" src=\"http:\/\/www.shkoder.net\/images\/fjala\/2011\/uni_sapienza.jpg\" alt=\"\" width=\"450\" \/>\u00a0<em>Universiteti Sapienca Itali<\/em><\/p>\n<p style=\"text-align: center;\"><img decoding=\"async\" class=\"aligncenter size-thumbnail wp-image-7236\" title=\"Demonstrues n\u00eb Frankfurt\" src=\"http:\/\/www.shkoder.net\/images\/fjala\/2011\/protesta_frankfurt.jpg\" alt=\"\" width=\"400\" \/>\u00a0<em>Demostruesit Frankfurt, pushteti popullit,\u00a0duke thirrur \u201cTurp, Turp etj.\u201d<\/em><\/p>\n<p style=\"text-align: center;\"><img decoding=\"async\" class=\"aligncenter size-thumbnail wp-image-7236\" title=\"Zjarr kund\u00ebr policis\u00eb\" src=\"http:\/\/www.shkoder.net\/images\/fjala\/2011\/zjarr_ne_proteste.jpg\" alt=\"\" width=\"400\" \/>\u00a0<em>Forcat e policis\u00eb n\u00eb front me zjarret e grevistve.<\/em><\/p>\n","protected":false},"excerpt":{"rendered":"<p>Reportazh nga Mark Kurrila (Roma, Londra, Madridi, Tokio, Frankfurt, Washington, etj.) Kriza ekonomike, po i con n\u00eb sheshet e betejave rinin nga papunsia, mungesa e pasiguris per t\u00eb ardhmen. Marrshojn\u00eb demostruesit n\u00eb drejt institucioneve europiane. Grevistet n\u00ebp\u00ebr sheshet e bot\u00ebs Kan ardhur nga gjith europa per t\u00eb marshuar drejt Komisionit Europian. Bankave multinazionale etj. Dje [&hellip;]<\/p>\n","protected":false},"author":1,"featured_media":0,"comment_status":"open","ping_status":"closed","sticky":false,"template":"","format":"standard","meta":{"footnotes":""},"categories":[2],"tags":[],"class_list":{"0":"post-11026","1":"post","2":"type-post","3":"status-publish","4":"format-standard","6":"category-artikuj"},"yoast_head":"<!-- This site is optimized with the Yoast SEO plugin v27.4 - https:\/\/yoast.com\/product\/yoast-seo-wordpress\/ -->\n<title>PROTESTA: N\u00cb 950 SHESHE, MBI 80 VENDE TE BOTES - FjALA e LIR\u00cb - Arkivi<\/title>\n<meta name=\"robots\" content=\"index, follow, max-snippet:-1, max-image-preview:large, max-video-preview:-1\" \/>\n<link rel=\"canonical\" href=\"https:\/\/fjala.info\/2009-2015\/protesta-ne-950-sheshe-mbi-80-vende-te-botes\/\" \/>\n<meta property=\"og:locale\" content=\"sq_AL\" \/>\n<meta property=\"og:type\" content=\"article\" \/>\n<meta property=\"og:title\" content=\"PROTESTA: N\u00cb 950 SHESHE, MBI 80 VENDE TE BOTES - FjALA e LIR\u00cb - Arkivi\" \/>\n<meta property=\"og:description\" content=\"Reportazh nga Mark Kurrila (Roma, Londra, Madridi, Tokio, Frankfurt, Washington, etj.) Kriza ekonomike, po i con n\u00eb sheshet e betejave rinin nga papunsia, mungesa e pasiguris per t\u00eb ardhmen. Marrshojn\u00eb demostruesit n\u00eb drejt institucioneve europiane. Grevistet n\u00ebp\u00ebr sheshet e bot\u00ebs Kan ardhur nga gjith europa per t\u00eb marshuar drejt Komisionit Europian. Bankave multinazionale etj. Dje [&hellip;]\" \/>\n<meta property=\"og:url\" content=\"https:\/\/fjala.info\/2009-2015\/protesta-ne-950-sheshe-mbi-80-vende-te-botes\/\" \/>\n<meta property=\"og:site_name\" content=\"FjALA e LIR\u00cb - Arkivi\" \/>\n<meta property=\"article:published_time\" content=\"2011-10-16T21:45:52+00:00\" \/>\n<meta property=\"og:image\" content=\"http:\/\/www.shkoder.net\/images\/fjala\/2011\/greviste_neper_bote.jpg\" \/>\n<meta name=\"author\" content=\"admin\" \/>\n<meta name=\"twitter:card\" content=\"summary_large_image\" \/>\n<meta name=\"twitter:label1\" content=\"Written by\" \/>\n\t<meta name=\"twitter:data1\" content=\"admin\" \/>\n\t<meta name=\"twitter:label2\" content=\"Est. reading time\" \/>\n\t<meta name=\"twitter:data2\" content=\"1 minute\" \/>\n<script type=\"application\/ld+json\" class=\"yoast-schema-graph\">{\"@context\":\"https:\\\/\\\/schema.org\",\"@graph\":[{\"@type\":\"Article\",\"@id\":\"https:\\\/\\\/fjala.info\\\/2009-2015\\\/protesta-ne-950-sheshe-mbi-80-vende-te-botes\\\/#article\",\"isPartOf\":{\"@id\":\"https:\\\/\\\/fjala.info\\\/2009-2015\\\/protesta-ne-950-sheshe-mbi-80-vende-te-botes\\\/\"},\"author\":{\"name\":\"admin\",\"@id\":\"https:\\\/\\\/fjala.info\\\/2009-2015\\\/#\\\/schema\\\/person\\\/3aa1163ef05469c496fc94e77611ada2\"},\"headline\":\"PROTESTA: N\u00cb 950 SHESHE, MBI 80 VENDE TE BOTES\",\"datePublished\":\"2011-10-16T21:45:52+00:00\",\"mainEntityOfPage\":{\"@id\":\"https:\\\/\\\/fjala.info\\\/2009-2015\\\/protesta-ne-950-sheshe-mbi-80-vende-te-botes\\\/\"},\"wordCount\":223,\"commentCount\":0,\"publisher\":{\"@id\":\"https:\\\/\\\/fjala.info\\\/2009-2015\\\/#organization\"},\"image\":{\"@id\":\"https:\\\/\\\/fjala.info\\\/2009-2015\\\/protesta-ne-950-sheshe-mbi-80-vende-te-botes\\\/#primaryimage\"},\"thumbnailUrl\":\"http:\\\/\\\/www.shkoder.net\\\/images\\\/fjala\\\/2011\\\/greviste_neper_bote.jpg\",\"articleSection\":[\"Artikuj\"],\"inLanguage\":\"sq-AL\",\"potentialAction\":[{\"@type\":\"CommentAction\",\"name\":\"Comment\",\"target\":[\"https:\\\/\\\/fjala.info\\\/2009-2015\\\/protesta-ne-950-sheshe-mbi-80-vende-te-botes\\\/#respond\"]}]},{\"@type\":\"WebPage\",\"@id\":\"https:\\\/\\\/fjala.info\\\/2009-2015\\\/protesta-ne-950-sheshe-mbi-80-vende-te-botes\\\/\",\"url\":\"https:\\\/\\\/fjala.info\\\/2009-2015\\\/protesta-ne-950-sheshe-mbi-80-vende-te-botes\\\/\",\"name\":\"PROTESTA: N\u00cb 950 SHESHE, MBI 80 VENDE TE BOTES - FjALA e LIR\u00cb - Arkivi\",\"isPartOf\":{\"@id\":\"https:\\\/\\\/fjala.info\\\/2009-2015\\\/#website\"},\"primaryImageOfPage\":{\"@id\":\"https:\\\/\\\/fjala.info\\\/2009-2015\\\/protesta-ne-950-sheshe-mbi-80-vende-te-botes\\\/#primaryimage\"},\"image\":{\"@id\":\"https:\\\/\\\/fjala.info\\\/2009-2015\\\/protesta-ne-950-sheshe-mbi-80-vende-te-botes\\\/#primaryimage\"},\"thumbnailUrl\":\"http:\\\/\\\/www.shkoder.net\\\/images\\\/fjala\\\/2011\\\/greviste_neper_bote.jpg\",\"datePublished\":\"2011-10-16T21:45:52+00:00\",\"breadcrumb\":{\"@id\":\"https:\\\/\\\/fjala.info\\\/2009-2015\\\/protesta-ne-950-sheshe-mbi-80-vende-te-botes\\\/#breadcrumb\"},\"inLanguage\":\"sq-AL\",\"potentialAction\":[{\"@type\":\"ReadAction\",\"target\":[\"https:\\\/\\\/fjala.info\\\/2009-2015\\\/protesta-ne-950-sheshe-mbi-80-vende-te-botes\\\/\"]}]},{\"@type\":\"ImageObject\",\"inLanguage\":\"sq-AL\",\"@id\":\"https:\\\/\\\/fjala.info\\\/2009-2015\\\/protesta-ne-950-sheshe-mbi-80-vende-te-botes\\\/#primaryimage\",\"url\":\"http:\\\/\\\/www.shkoder.net\\\/images\\\/fjala\\\/2011\\\/greviste_neper_bote.jpg\",\"contentUrl\":\"http:\\\/\\\/www.shkoder.net\\\/images\\\/fjala\\\/2011\\\/greviste_neper_bote.jpg\"},{\"@type\":\"BreadcrumbList\",\"@id\":\"https:\\\/\\\/fjala.info\\\/2009-2015\\\/protesta-ne-950-sheshe-mbi-80-vende-te-botes\\\/#breadcrumb\",\"itemListElement\":[{\"@type\":\"ListItem\",\"position\":1,\"name\":\"Home\",\"item\":\"https:\\\/\\\/fjala.info\\\/2009-2015\\\/\"},{\"@type\":\"ListItem\",\"position\":2,\"name\":\"PROTESTA: N\u00cb 950 SHESHE, MBI 80 VENDE TE BOTES\"}]},{\"@type\":\"WebSite\",\"@id\":\"https:\\\/\\\/fjala.info\\\/2009-2015\\\/#website\",\"url\":\"https:\\\/\\\/fjala.info\\\/2009-2015\\\/\",\"name\":\"FjALA e LIR\u00cb - Arkivi\",\"description\":\"Arkivi 2009-2015\",\"publisher\":{\"@id\":\"https:\\\/\\\/fjala.info\\\/2009-2015\\\/#organization\"},\"potentialAction\":[{\"@type\":\"SearchAction\",\"target\":{\"@type\":\"EntryPoint\",\"urlTemplate\":\"https:\\\/\\\/fjala.info\\\/2009-2015\\\/?s={search_term_string}\"},\"query-input\":{\"@type\":\"PropertyValueSpecification\",\"valueRequired\":true,\"valueName\":\"search_term_string\"}}],\"inLanguage\":\"sq-AL\"},{\"@type\":\"Organization\",\"@id\":\"https:\\\/\\\/fjala.info\\\/2009-2015\\\/#organization\",\"name\":\"FjALA e LIR\u00cb - Arkivi\",\"url\":\"https:\\\/\\\/fjala.info\\\/2009-2015\\\/\",\"logo\":{\"@type\":\"ImageObject\",\"inLanguage\":\"sq-AL\",\"@id\":\"https:\\\/\\\/fjala.info\\\/2009-2015\\\/#\\\/schema\\\/logo\\\/image\\\/\",\"url\":\"\",\"contentUrl\":\"\",\"caption\":\"FjALA e LIR\u00cb - Arkivi\"},\"image\":{\"@id\":\"https:\\\/\\\/fjala.info\\\/2009-2015\\\/#\\\/schema\\\/logo\\\/image\\\/\"}},{\"@type\":\"Person\",\"@id\":\"https:\\\/\\\/fjala.info\\\/2009-2015\\\/#\\\/schema\\\/person\\\/3aa1163ef05469c496fc94e77611ada2\",\"name\":\"admin\",\"image\":{\"@type\":\"ImageObject\",\"inLanguage\":\"sq-AL\",\"@id\":\"https:\\\/\\\/fjala.info\\\/2009-2015\\\/wp-content\\\/uploads\\\/2012\\\/02\\\/arben_cokaj-120x150.jpg\",\"url\":\"https:\\\/\\\/fjala.info\\\/2009-2015\\\/wp-content\\\/uploads\\\/2012\\\/02\\\/arben_cokaj-120x150.jpg\",\"contentUrl\":\"https:\\\/\\\/fjala.info\\\/2009-2015\\\/wp-content\\\/uploads\\\/2012\\\/02\\\/arben_cokaj-120x150.jpg\",\"caption\":\"admin\"},\"description\":\"Admin, Fjala e Lir\u00eb\",\"sameAs\":[\"https:\\\/\\\/fjala.info\\\/\"],\"url\":\"https:\\\/\\\/fjala.info\\\/2009-2015\\\/author\\\/admin\\\/\"}]}<\/script>\n<!-- \/ Yoast SEO plugin. -->","yoast_head_json":{"title":"PROTESTA: N\u00cb 950 SHESHE, MBI 80 VENDE TE BOTES - FjALA e LIR\u00cb - Arkivi","robots":{"index":"index","follow":"follow","max-snippet":"max-snippet:-1","max-image-preview":"max-image-preview:large","max-video-preview":"max-video-preview:-1"},"canonical":"https:\/\/fjala.info\/2009-2015\/protesta-ne-950-sheshe-mbi-80-vende-te-botes\/","og_locale":"sq_AL","og_type":"article","og_title":"PROTESTA: N\u00cb 950 SHESHE, MBI 80 VENDE TE BOTES - FjALA e LIR\u00cb - Arkivi","og_description":"Reportazh nga Mark Kurrila (Roma, Londra, Madridi, Tokio, Frankfurt, Washington, etj.) Kriza ekonomike, po i con n\u00eb sheshet e betejave rinin nga papunsia, mungesa e pasiguris per t\u00eb ardhmen. Marrshojn\u00eb demostruesit n\u00eb drejt institucioneve europiane. Grevistet n\u00ebp\u00ebr sheshet e bot\u00ebs Kan ardhur nga gjith europa per t\u00eb marshuar drejt Komisionit Europian. Bankave multinazionale etj. Dje [&hellip;]","og_url":"https:\/\/fjala.info\/2009-2015\/protesta-ne-950-sheshe-mbi-80-vende-te-botes\/","og_site_name":"FjALA e LIR\u00cb - Arkivi","article_published_time":"2011-10-16T21:45:52+00:00","og_image":[{"url":"http:\/\/www.shkoder.net\/images\/fjala\/2011\/greviste_neper_bote.jpg","type":"","width":"","height":""}],"author":"admin","twitter_card":"summary_large_image","twitter_misc":{"Written by":"admin","Est. reading time":"1 minute"},"schema":{"@context":"https:\/\/schema.org","@graph":[{"@type":"Article","@id":"https:\/\/fjala.info\/2009-2015\/protesta-ne-950-sheshe-mbi-80-vende-te-botes\/#article","isPartOf":{"@id":"https:\/\/fjala.info\/2009-2015\/protesta-ne-950-sheshe-mbi-80-vende-te-botes\/"},"author":{"name":"admin","@id":"https:\/\/fjala.info\/2009-2015\/#\/schema\/person\/3aa1163ef05469c496fc94e77611ada2"},"headline":"PROTESTA: N\u00cb 950 SHESHE, MBI 80 VENDE TE BOTES","datePublished":"2011-10-16T21:45:52+00:00","mainEntityOfPage":{"@id":"https:\/\/fjala.info\/2009-2015\/protesta-ne-950-sheshe-mbi-80-vende-te-botes\/"},"wordCount":223,"commentCount":0,"publisher":{"@id":"https:\/\/fjala.info\/2009-2015\/#organization"},"image":{"@id":"https:\/\/fjala.info\/2009-2015\/protesta-ne-950-sheshe-mbi-80-vende-te-botes\/#primaryimage"},"thumbnailUrl":"http:\/\/www.shkoder.net\/images\/fjala\/2011\/greviste_neper_bote.jpg","articleSection":["Artikuj"],"inLanguage":"sq-AL","potentialAction":[{"@type":"CommentAction","name":"Comment","target":["https:\/\/fjala.info\/2009-2015\/protesta-ne-950-sheshe-mbi-80-vende-te-botes\/#respond"]}]},{"@type":"WebPage","@id":"https:\/\/fjala.info\/2009-2015\/protesta-ne-950-sheshe-mbi-80-vende-te-botes\/","url":"https:\/\/fjala.info\/2009-2015\/protesta-ne-950-sheshe-mbi-80-vende-te-botes\/","name":"PROTESTA: N\u00cb 950 SHESHE, MBI 80 VENDE TE BOTES - FjALA e LIR\u00cb - Arkivi","isPartOf":{"@id":"https:\/\/fjala.info\/2009-2015\/#website"},"primaryImageOfPage":{"@id":"https:\/\/fjala.info\/2009-2015\/protesta-ne-950-sheshe-mbi-80-vende-te-botes\/#primaryimage"},"image":{"@id":"https:\/\/fjala.info\/2009-2015\/protesta-ne-950-sheshe-mbi-80-vende-te-botes\/#primaryimage"},"thumbnailUrl":"http:\/\/www.shkoder.net\/images\/fjala\/2011\/greviste_neper_bote.jpg","datePublished":"2011-10-16T21:45:52+00:00","breadcrumb":{"@id":"https:\/\/fjala.info\/2009-2015\/protesta-ne-950-sheshe-mbi-80-vende-te-botes\/#breadcrumb"},"inLanguage":"sq-AL","potentialAction":[{"@type":"ReadAction","target":["https:\/\/fjala.info\/2009-2015\/protesta-ne-950-sheshe-mbi-80-vende-te-botes\/"]}]},{"@type":"ImageObject","inLanguage":"sq-AL","@id":"https:\/\/fjala.info\/2009-2015\/protesta-ne-950-sheshe-mbi-80-vende-te-botes\/#primaryimage","url":"http:\/\/www.shkoder.net\/images\/fjala\/2011\/greviste_neper_bote.jpg","contentUrl":"http:\/\/www.shkoder.net\/images\/fjala\/2011\/greviste_neper_bote.jpg"},{"@type":"BreadcrumbList","@id":"https:\/\/fjala.info\/2009-2015\/protesta-ne-950-sheshe-mbi-80-vende-te-botes\/#breadcrumb","itemListElement":[{"@type":"ListItem","position":1,"name":"Home","item":"https:\/\/fjala.info\/2009-2015\/"},{"@type":"ListItem","position":2,"name":"PROTESTA: N\u00cb 950 SHESHE, MBI 80 VENDE TE BOTES"}]},{"@type":"WebSite","@id":"https:\/\/fjala.info\/2009-2015\/#website","url":"https:\/\/fjala.info\/2009-2015\/","name":"FjALA e LIR\u00cb - Arkivi","description":"Arkivi 2009-2015","publisher":{"@id":"https:\/\/fjala.info\/2009-2015\/#organization"},"potentialAction":[{"@type":"SearchAction","target":{"@type":"EntryPoint","urlTemplate":"https:\/\/fjala.info\/2009-2015\/?s={search_term_string}"},"query-input":{"@type":"PropertyValueSpecification","valueRequired":true,"valueName":"search_term_string"}}],"inLanguage":"sq-AL"},{"@type":"Organization","@id":"https:\/\/fjala.info\/2009-2015\/#organization","name":"FjALA e LIR\u00cb - Arkivi","url":"https:\/\/fjala.info\/2009-2015\/","logo":{"@type":"ImageObject","inLanguage":"sq-AL","@id":"https:\/\/fjala.info\/2009-2015\/#\/schema\/logo\/image\/","url":"","contentUrl":"","caption":"FjALA e LIR\u00cb - Arkivi"},"image":{"@id":"https:\/\/fjala.info\/2009-2015\/#\/schema\/logo\/image\/"}},{"@type":"Person","@id":"https:\/\/fjala.info\/2009-2015\/#\/schema\/person\/3aa1163ef05469c496fc94e77611ada2","name":"admin","image":{"@type":"ImageObject","inLanguage":"sq-AL","@id":"https:\/\/fjala.info\/2009-2015\/wp-content\/uploads\/2012\/02\/arben_cokaj-120x150.jpg","url":"https:\/\/fjala.info\/2009-2015\/wp-content\/uploads\/2012\/02\/arben_cokaj-120x150.jpg","contentUrl":"https:\/\/fjala.info\/2009-2015\/wp-content\/uploads\/2012\/02\/arben_cokaj-120x150.jpg","caption":"admin"},"description":"Admin, Fjala e Lir\u00eb","sameAs":["https:\/\/fjala.info\/"],"url":"https:\/\/fjala.info\/2009-2015\/author\/admin\/"}]}},"_links":{"self":[{"href":"https:\/\/fjala.info\/2009-2015\/wp-json\/wp\/v2\/posts\/11026","targetHints":{"allow":["GET"]}}],"collection":[{"href":"https:\/\/fjala.info\/2009-2015\/wp-json\/wp\/v2\/posts"}],"about":[{"href":"https:\/\/fjala.info\/2009-2015\/wp-json\/wp\/v2\/types\/post"}],"author":[{"embeddable":true,"href":"https:\/\/fjala.info\/2009-2015\/wp-json\/wp\/v2\/users\/1"}],"replies":[{"embeddable":true,"href":"https:\/\/fjala.info\/2009-2015\/wp-json\/wp\/v2\/comments?post=11026"}],"version-history":[{"count":0,"href":"https:\/\/fjala.info\/2009-2015\/wp-json\/wp\/v2\/posts\/11026\/revisions"}],"wp:attachment":[{"href":"https:\/\/fjala.info\/2009-2015\/wp-json\/wp\/v2\/media?parent=11026"}],"wp:term":[{"taxonomy":"category","embeddable":true,"href":"https:\/\/fjala.info\/2009-2015\/wp-json\/wp\/v2\/categories?post=11026"},{"taxonomy":"post_tag","embeddable":true,"href":"https:\/\/fjala.info\/2009-2015\/wp-json\/wp\/v2\/tags?post=11026"}],"curies":[{"name":"wp","href":"https:\/\/api.w.org\/{rel}","templated":true}]}}