{"id":11023,"date":"2011-10-16T10:35:57","date_gmt":"2011-10-16T09:35:57","guid":{"rendered":"http:\/\/fjala.shkoder.net\/?p=11023"},"modified":"2011-10-16T10:35:57","modified_gmt":"2011-10-16T09:35:57","slug":"nje-akt-i-vertete-presidencial","status":"publish","type":"post","link":"https:\/\/fjala.info\/2009-2015\/nje-akt-i-vertete-presidencial\/","title":{"rendered":"NJ\u00cb AKT I V\u00cbRTET\u00cb PRESIDENCIAL"},"content":{"rendered":"<p><img decoding=\"async\" class=\"alignright size-thumbnail wp-image-7236\" title=\"Blendi Kajsiu\" src=\"http:\/\/www.shkoder.net\/images\/fjala\/blendi_kajsiu.jpg\" alt=\"\" width=\"120\" \/> Nga <strong>Blendi Kajsiu<\/strong>*<\/p>\n<p>Vendimi i Presidentit Bamir Topi p\u00ebr t\u00eb mos dekretuar ligjin mbi trajtimin dhe menaxhimin e mbetjeve, q\u00eb n\u00eb publik \u00ebsht\u00eb njohur si \u201cligji p\u00ebr importin e plehrave\u201d, p\u00ebrb\u00ebn nj\u00eb akt t\u00eb v\u00ebrtet\u00eb presidencial. Me refuzimin p\u00ebr t\u00eb dekretuar \u201cligjin p\u00ebr importin e plehrave\u201d Presidenti ka artikuluar nj\u00eb shqet\u00ebsim t\u00eb gjer\u00eb t\u00eb shoq\u00ebris\u00eb shqiptare me t\u00eb cil\u00ebn vendimmarrja politike ka humbur pothuajse \u00e7do lidhje. Ndaj, mosdekretimi p\u00ebrb\u00ebn nj\u00eb nga ato akte gjithnj\u00eb e m\u00eb t\u00eb rralla n\u00eb politik\u00ebn shqiptare, ku interesi publik fiton mbi interesin e ngusht\u00eb privat apo klanor.<\/p>\n<p>Ligji p\u00ebr mbetjet q\u00eb u kthye nga Presidenti Topi p\u00ebrb\u00ebn nj\u00eb nga aktet m\u00eb t\u00eb rrezikshme t\u00eb miratuara nga Parlamenti shqiptar. Ai krijon nj\u00eb hap\u00ebsir\u00eb p\u00ebr importin e plehrave, me t\u00eb cil\u00ebn mund t\u00eb abuzohet leht\u00ebsisht, sidomos po t\u00eb kemi parasysh kapacitetet tona t\u00eb mang\u00ebta administrative dhe faktin se biznesi i plehrave n\u00eb vendet fqinje si Italia ndodhet n\u00eb duart e mafies lokale. N\u00eb k\u00ebto kushte, lejimi i importit t\u00eb plehrave, pavar\u00ebsisht kufizimeve q\u00eb parashtrohen n\u00eb ligj, rrezikon t\u00eb prodhoj\u00eb futjen n\u00eb mas\u00eb t\u00eb mbetjeve t\u00eb rrezikshme n\u00ebp\u00ebrmjet kapjes s\u00eb administrat\u00ebs dhe vendimmarrjes son\u00eb politike nga biznese t\u00eb dyshimta.<\/p>\n<p>P\u00ebr t\u00eb kuptuar k\u00ebt\u00eb, mjafton t\u00eb shohim se si ka ndodhur di\u00e7ka e till\u00eb n\u00eb qytetet e vendeve fqinje, si Napoli, t\u00eb cilat jan\u00eb mbytur dhe kontaminuar nga importi i plehrave nga Veriu i Italis\u00eb. Kemi t\u00eb b\u00ebjm\u00eb, pra, me nj\u00eb problem q\u00eb nuk p\u00ebrballohet dot edhe nga vende m\u00eb t\u00eb zhvilluara se ne, si\u00e7 \u00ebsht\u00eb Italia. Pra, n\u00ebse biznesi i pist\u00eb i plehrave ka kapur administrat\u00ebn dhe politik\u00ebn italiane, pa dyshim q\u00eb di\u00e7ka e till\u00eb do t\u00eb ndodh\u00eb edhe me administrat\u00ebn dhe politik\u00ebn shqiptare.<\/p>\n<p>P\u00ebr pasoj\u00eb, Shqip\u00ebria jo vet\u00ebm q\u00eb nuk do t\u00eb ishte e aft\u00eb t\u00eb trajtonte plehrat e saj, por do t\u00eb mbytej edhe nga plehrat e fqinj\u00ebve. Shum\u00eb leht\u00eb Shqip\u00ebria do t\u00eb p\u00ebrfundonte n\u00eb nj\u00eb kosh t\u00eb madh ku fqinj\u00ebt do t\u00eb hiqnin qafe p\u00ebrkundrejt nj\u00eb \u00e7mimi t\u00eb lir\u00eb plehrat q\u00eb ata i prodhojn\u00eb pa fund. Natyrisht, disa k\u00ebndej dhe andej detit do t\u00eb p\u00ebrfitonin nga biznesi i plehrave. Ama, shumica e shqiptar\u00ebve dhe ambienti i tyre do t\u00eb vuanin pasojat.<\/p>\n<p>N\u00eb k\u00ebto kushte, pyetja q\u00eb lind natyrsh\u00ebm \u00ebsht\u00eb: P\u00ebrse u kalua ligji n\u00eb Parlament? Dikush me t\u00eb drejt\u00eb mund t\u00eb mendoj\u00eb se kapja s\u00eb cil\u00ebs i frik\u00ebsohemi ka ndodhur tashm\u00eb. P\u00ebrndryshe, \u00ebsht\u00eb e pashpjegueshme se si qeveria aktuale synon t\u00eb kaloj\u00eb nj\u00eb ligj kund\u00ebr t\u00eb cilit ajo vet\u00eb dhe shoq\u00ebria ka reaguar negativisht prej koh\u00ebsh (kujtoni protestat n\u00eb vitin 2004 kund\u00ebr vendimit t\u00eb qeveris\u00eb \u201cNano\u201d p\u00ebr t\u00eb nd\u00ebrtuar nj\u00eb fabrik\u00eb p\u00ebr plehra q\u00eb do t\u00eb importoheshin nga Italia n\u00eb Kashar).<\/p>\n<p>Personalisht mendoj se m\u00eb shum\u00eb sesa pasoj\u00eb e kapjes, ky ligj buron nga d\u00ebshp\u00ebrimi buxhetor i qeveris\u00eb aktuale. N\u00eb kushtet kur t\u00eb ardhurat n\u00eb buxhet bien vazhdimisht, kur borxhi i brendsh\u00ebm dhe i jasht\u00ebm rriten, kur mbijetesa financiare \u00ebsht\u00eb n\u00eb pik\u00ebpyetje, qeveria p\u00ebr t\u00eb mbetur n\u00eb pushtet fillon dhe k\u00ebrkon t\u00eb nxjerr\u00eb para ku t\u00eb mundet dhe me \u00e7do \u00e7mim, deri n\u00eb zgjedhjet e ardhshme. N\u00eb fund t\u00eb fundit, ajo q\u00eb rrezikon realisht pushtetin \u00ebsht\u00eb mungesa e parave me t\u00eb cilat ushqehen nj\u00eb mori interesash q\u00eb e mbajn\u00eb at\u00eb n\u00eb k\u00ebmb\u00eb.<\/p>\n<p>N\u00eb k\u00ebt\u00eb kontekst duhet kuptuar edhe ligji q\u00eb i hap rrug\u00eb importit t\u00eb plehrave. Ai \u00ebsht\u00eb nj\u00eb nga aktet m\u00eb t\u00eb d\u00ebshp\u00ebruara p\u00ebr nj\u00eb dor\u00eb para nga qeveria dhe individ\u00eb rreth saj. Pik\u00ebrisht p\u00ebr k\u00ebt\u00eb arsye, vendimi i Presidentit p\u00ebr mos ta dekretuar k\u00ebt\u00eb ligj \u00ebsht\u00eb nj\u00eb nga aktet m\u00eb fisnike t\u00eb nd\u00ebrmarra nga Presidenca. Ama, interesi yn\u00eb i p\u00ebrbashk\u00ebt nuk mbrohet gjat\u00eb vet\u00ebm me akte presidenciale, ai ka nevoj\u00eb edhe p\u00ebr reagim qytetar. Ndaj, akti i Presidentit duhet par\u00eb edhe si nj\u00eb ftes\u00eb drejtuar aktor\u00ebve dhe faktor\u00ebve social\u00eb p\u00ebr t\u00eb reaguar fuqish\u00ebm n\u00eb mbrojtje t\u00eb interesit publik.<\/p>\n<p><strong>Nj\u00eb referendum p\u00ebr plehrat <\/strong><\/p>\n<p>Ka koh\u00eb q\u00eb n\u00eb sken\u00ebn ton\u00eb publike injorohet vendimi i qeveris\u00eb p\u00ebr t\u2019i hapur rrug\u00ebn importit t\u00eb plehrave. Me p\u00ebrjashtim t\u00eb gazet\u00ebs \u201cShekulli\u201d, q\u00eb e ka ngritur n\u00eb vazhdim\u00ebsi k\u00ebt\u00eb problem, aktor\u00ebt dhe faktor\u00ebt e tjer\u00eb social\u00eb e injorojn\u00eb n\u00eb m\u00ebnyr\u00eb pothuajse t\u00eb rregullt k\u00ebt\u00eb \u00e7\u00ebshtje. \u00cbsht\u00eb nj\u00eb injorim sa shqet\u00ebsues, aq dhe i habitsh\u00ebm.<\/p>\n<p>\u00cbsht\u00eb e habitshme heshtja n\u00eb lidhje me \u00e7\u00ebshtjen e importit t\u00eb plehrave kur shikon zhurm\u00ebn q\u00eb b\u00ebhet p\u00ebr nj\u00eb s\u00ebr\u00eb \u00e7\u00ebshtjesh krejt t\u00eb par\u00ebnd\u00ebsishme. Gazetat, televizionet dhe emisionet televizive bu\u00e7asin n\u00eb lidhje me dhjet\u00eb pikat e Ram\u00ebs, tri p\u00ebrgjigjet e Berish\u00ebs dhe dy komentet e Met\u00ebs. Vazhdojn\u00eb t\u00eb nj\u00ebjtat debate bajate Rama-Berisha, b\u00ebhen pothuajse t\u00eb nj\u00ebjtat muhabete n\u00eb lidhje me Kodin Zgjedhor. Diskutohet gjer\u00eb e gjat\u00eb Avokati i Popullit dhe kryetari i Kontrollit t\u00eb Lart\u00eb t\u00eb Shtetit, a thua se fati i vendit varet nga k\u00ebto em\u00ebrime q\u00eb thjesht ofrojn\u00eb ca vende pune m\u00eb shum\u00eb a m\u00eb pak.<\/p>\n<p>Por, m\u00eb shum\u00eb se i habitsh\u00ebm, injorimi i \u00e7\u00ebshtjes s\u00eb plehrave \u00ebsht\u00eb shqet\u00ebsues. Duhet t\u00eb jesh krejt i pandjesh\u00ebm, mos t\u00eb trembesh thjesht nga ideja se ne do t\u00eb importojm\u00eb plehra, nd\u00ebrkoh\u00eb q\u00eb nuk po menaxhojm\u00eb dot plehrat q\u00eb prodhojm\u00eb vet\u00eb. Aq m\u00eb tep\u00ebr kur dihen kapacitetet tona administrative p\u00ebr t\u00eb kontrolluar dhe p\u00ebr t\u2019u korruptuar. Aq m\u00eb tep\u00ebr kur plehrat dhe mafia n\u00eb Jugun e fqinjit ton\u00eb per\u00ebndimor jan\u00eb tashm\u00eb sinonim. Dhe s\u00eb fundi, aq m\u00eb tep\u00ebr kur pasojat e importit t\u00eb plehrave mund t\u00eb jen\u00eb katastrofike, jo thjesht p\u00ebr ambientin, por edhe p\u00ebr vet\u00eb shqiptar\u00ebt, edhe p\u00ebr brezat q\u00eb vijn\u00eb.<\/p>\n<p>E megjithat\u00eb, ndoshta qeveria ka t\u00eb drejt\u00eb, ndoshta ata q\u00eb ngren\u00eb alarmin e plehrave ia fusin kot. Ama, n\u00ebse \u00ebsht\u00eb v\u00ebrtet k\u00ebshtu, at\u00ebher\u00eb ata q\u00eb jan\u00eb n\u00eb pushtet nuk duhet t\u00eb hezitojn\u00eb q\u00eb nj\u00eb vendim t\u00eb till\u00eb kaq delikat dhe q\u00eb prek kaq shum\u00eb dhe kaq thell\u00eb jet\u00ebn dhe ambientin ton\u00eb, ta hedhin n\u00eb referendum. Ky \u00ebsht\u00eb nj\u00eb detyrim minimal, moral i qeveris\u00eb sot, po t\u00eb kemi parasysh sa delikat \u00ebsht\u00eb vendimi p\u00ebr importimin e plehrave.<\/p>\n<p>Nj\u00eb referendum mbi \u00e7\u00ebshtjen e plehrave do t\u00eb kishte minimalisht tri pasoja pozitive. S\u00eb pari, p\u00ebrball\u00eb publikut \u00e7\u00ebshtja e plehrave do t\u00eb diskutohej m\u00eb n\u00eb detaj dhe n\u00eb m\u00ebnyr\u00eb m\u00eb transparente. S\u00eb dyti, nj\u00eb vendim kaq i r\u00ebnd\u00ebsish\u00ebm do t\u00eb merrej nga vet\u00eb elektorati publikisht dhe jo nga disa individ\u00eb q\u00eb takohen n\u00eb m\u00ebnyr\u00eb private, qoft\u00eb n\u00eb sht\u00ebpin\u00eb e ambasadorit amerikan, italian apo europian. S\u00eb treti, n\u00ebp\u00ebrmjet referendumit shoq\u00ebria do t\u00eb p\u00ebrfshihej n\u00eb procesin politik, duke dal\u00eb nga roli i spektatorit ku tashm\u00eb e kan\u00eb degdisur partit\u00eb politike.<\/p>\n<p>Natyrisht, mir\u00eb do t\u00eb ishte q\u00eb p\u00ebr referendum n\u00eb lidhje me k\u00ebt\u00eb \u00e7\u00ebshtje kaq delikate t\u00eb shprehej edhe opozita, madje edhe Presidenti i Republik\u00ebs, q\u00eb ka mund\u00ebsin\u00eb ta ndaloj\u00eb k\u00ebt\u00eb vendim q\u00eb minimalisht nuk \u00ebsht\u00eb debatuar mjaftuesh\u00ebm n\u00eb publik. Le t\u00eb shpresojm\u00eb q\u00eb as nj\u00ebra, opozita, dhe as tjetri, Presidenti, nuk jan\u00eb shum\u00eb t\u00eb z\u00ebn\u00eb me pun\u00ebt e tyre.<\/p>\n<p>*<em>panorama.com.al <\/em><\/p>\n","protected":false},"excerpt":{"rendered":"<p>Nga Blendi Kajsiu* Vendimi i Presidentit Bamir Topi p\u00ebr t\u00eb mos dekretuar ligjin mbi trajtimin dhe menaxhimin e mbetjeve, q\u00eb n\u00eb publik \u00ebsht\u00eb njohur si \u201cligji p\u00ebr importin e plehrave\u201d, p\u00ebrb\u00ebn nj\u00eb akt t\u00eb v\u00ebrtet\u00eb presidencial. Me refuzimin p\u00ebr t\u00eb dekretuar \u201cligjin p\u00ebr importin e plehrave\u201d Presidenti ka artikuluar nj\u00eb shqet\u00ebsim t\u00eb gjer\u00eb t\u00eb shoq\u00ebris\u00eb [&hellip;]<\/p>\n","protected":false},"author":1,"featured_media":0,"comment_status":"open","ping_status":"closed","sticky":false,"template":"","format":"standard","meta":{"footnotes":""},"categories":[2],"tags":[],"class_list":{"0":"post-11023","1":"post","2":"type-post","3":"status-publish","4":"format-standard","6":"category-artikuj"},"yoast_head":"<!-- This site is optimized with the Yoast SEO plugin v27.4 - https:\/\/yoast.com\/product\/yoast-seo-wordpress\/ -->\n<title>NJ\u00cb AKT I V\u00cbRTET\u00cb PRESIDENCIAL - FjALA e LIR\u00cb - Arkivi<\/title>\n<meta name=\"robots\" content=\"index, follow, max-snippet:-1, max-image-preview:large, max-video-preview:-1\" \/>\n<link rel=\"canonical\" href=\"https:\/\/fjala.info\/2009-2015\/nje-akt-i-vertete-presidencial\/\" \/>\n<meta property=\"og:locale\" content=\"sq_AL\" \/>\n<meta property=\"og:type\" content=\"article\" \/>\n<meta property=\"og:title\" content=\"NJ\u00cb AKT I V\u00cbRTET\u00cb PRESIDENCIAL - FjALA e LIR\u00cb - Arkivi\" \/>\n<meta property=\"og:description\" content=\"Nga Blendi Kajsiu* Vendimi i Presidentit Bamir Topi p\u00ebr t\u00eb mos dekretuar ligjin mbi trajtimin dhe menaxhimin e mbetjeve, q\u00eb n\u00eb publik \u00ebsht\u00eb njohur si \u201cligji p\u00ebr importin e plehrave\u201d, p\u00ebrb\u00ebn nj\u00eb akt t\u00eb v\u00ebrtet\u00eb presidencial. Me refuzimin p\u00ebr t\u00eb dekretuar \u201cligjin p\u00ebr importin e plehrave\u201d Presidenti ka artikuluar nj\u00eb shqet\u00ebsim t\u00eb gjer\u00eb t\u00eb shoq\u00ebris\u00eb [&hellip;]\" \/>\n<meta property=\"og:url\" content=\"https:\/\/fjala.info\/2009-2015\/nje-akt-i-vertete-presidencial\/\" \/>\n<meta property=\"og:site_name\" content=\"FjALA e LIR\u00cb - Arkivi\" \/>\n<meta property=\"article:published_time\" content=\"2011-10-16T09:35:57+00:00\" \/>\n<meta property=\"og:image\" content=\"http:\/\/www.shkoder.net\/images\/fjala\/blendi_kajsiu.jpg\" \/>\n<meta name=\"author\" content=\"admin\" \/>\n<meta name=\"twitter:card\" content=\"summary_large_image\" \/>\n<meta name=\"twitter:label1\" content=\"Written by\" \/>\n\t<meta name=\"twitter:data1\" content=\"admin\" \/>\n\t<meta name=\"twitter:label2\" content=\"Est. reading time\" \/>\n\t<meta name=\"twitter:data2\" content=\"6 minutes\" \/>\n<script type=\"application\/ld+json\" class=\"yoast-schema-graph\">{\"@context\":\"https:\\\/\\\/schema.org\",\"@graph\":[{\"@type\":\"Article\",\"@id\":\"https:\\\/\\\/fjala.info\\\/2009-2015\\\/nje-akt-i-vertete-presidencial\\\/#article\",\"isPartOf\":{\"@id\":\"https:\\\/\\\/fjala.info\\\/2009-2015\\\/nje-akt-i-vertete-presidencial\\\/\"},\"author\":{\"name\":\"admin\",\"@id\":\"https:\\\/\\\/fjala.info\\\/2009-2015\\\/#\\\/schema\\\/person\\\/3aa1163ef05469c496fc94e77611ada2\"},\"headline\":\"NJ\u00cb AKT I V\u00cbRTET\u00cb PRESIDENCIAL\",\"datePublished\":\"2011-10-16T09:35:57+00:00\",\"mainEntityOfPage\":{\"@id\":\"https:\\\/\\\/fjala.info\\\/2009-2015\\\/nje-akt-i-vertete-presidencial\\\/\"},\"wordCount\":1274,\"commentCount\":0,\"publisher\":{\"@id\":\"https:\\\/\\\/fjala.info\\\/2009-2015\\\/#organization\"},\"image\":{\"@id\":\"https:\\\/\\\/fjala.info\\\/2009-2015\\\/nje-akt-i-vertete-presidencial\\\/#primaryimage\"},\"thumbnailUrl\":\"http:\\\/\\\/www.shkoder.net\\\/images\\\/fjala\\\/blendi_kajsiu.jpg\",\"articleSection\":[\"Artikuj\"],\"inLanguage\":\"sq-AL\",\"potentialAction\":[{\"@type\":\"CommentAction\",\"name\":\"Comment\",\"target\":[\"https:\\\/\\\/fjala.info\\\/2009-2015\\\/nje-akt-i-vertete-presidencial\\\/#respond\"]}]},{\"@type\":\"WebPage\",\"@id\":\"https:\\\/\\\/fjala.info\\\/2009-2015\\\/nje-akt-i-vertete-presidencial\\\/\",\"url\":\"https:\\\/\\\/fjala.info\\\/2009-2015\\\/nje-akt-i-vertete-presidencial\\\/\",\"name\":\"NJ\u00cb AKT I V\u00cbRTET\u00cb PRESIDENCIAL - FjALA e LIR\u00cb - Arkivi\",\"isPartOf\":{\"@id\":\"https:\\\/\\\/fjala.info\\\/2009-2015\\\/#website\"},\"primaryImageOfPage\":{\"@id\":\"https:\\\/\\\/fjala.info\\\/2009-2015\\\/nje-akt-i-vertete-presidencial\\\/#primaryimage\"},\"image\":{\"@id\":\"https:\\\/\\\/fjala.info\\\/2009-2015\\\/nje-akt-i-vertete-presidencial\\\/#primaryimage\"},\"thumbnailUrl\":\"http:\\\/\\\/www.shkoder.net\\\/images\\\/fjala\\\/blendi_kajsiu.jpg\",\"datePublished\":\"2011-10-16T09:35:57+00:00\",\"breadcrumb\":{\"@id\":\"https:\\\/\\\/fjala.info\\\/2009-2015\\\/nje-akt-i-vertete-presidencial\\\/#breadcrumb\"},\"inLanguage\":\"sq-AL\",\"potentialAction\":[{\"@type\":\"ReadAction\",\"target\":[\"https:\\\/\\\/fjala.info\\\/2009-2015\\\/nje-akt-i-vertete-presidencial\\\/\"]}]},{\"@type\":\"ImageObject\",\"inLanguage\":\"sq-AL\",\"@id\":\"https:\\\/\\\/fjala.info\\\/2009-2015\\\/nje-akt-i-vertete-presidencial\\\/#primaryimage\",\"url\":\"http:\\\/\\\/www.shkoder.net\\\/images\\\/fjala\\\/blendi_kajsiu.jpg\",\"contentUrl\":\"http:\\\/\\\/www.shkoder.net\\\/images\\\/fjala\\\/blendi_kajsiu.jpg\"},{\"@type\":\"BreadcrumbList\",\"@id\":\"https:\\\/\\\/fjala.info\\\/2009-2015\\\/nje-akt-i-vertete-presidencial\\\/#breadcrumb\",\"itemListElement\":[{\"@type\":\"ListItem\",\"position\":1,\"name\":\"Home\",\"item\":\"https:\\\/\\\/fjala.info\\\/2009-2015\\\/\"},{\"@type\":\"ListItem\",\"position\":2,\"name\":\"NJ\u00cb AKT I V\u00cbRTET\u00cb PRESIDENCIAL\"}]},{\"@type\":\"WebSite\",\"@id\":\"https:\\\/\\\/fjala.info\\\/2009-2015\\\/#website\",\"url\":\"https:\\\/\\\/fjala.info\\\/2009-2015\\\/\",\"name\":\"FjALA e LIR\u00cb - Arkivi\",\"description\":\"Arkivi 2009-2015\",\"publisher\":{\"@id\":\"https:\\\/\\\/fjala.info\\\/2009-2015\\\/#organization\"},\"potentialAction\":[{\"@type\":\"SearchAction\",\"target\":{\"@type\":\"EntryPoint\",\"urlTemplate\":\"https:\\\/\\\/fjala.info\\\/2009-2015\\\/?s={search_term_string}\"},\"query-input\":{\"@type\":\"PropertyValueSpecification\",\"valueRequired\":true,\"valueName\":\"search_term_string\"}}],\"inLanguage\":\"sq-AL\"},{\"@type\":\"Organization\",\"@id\":\"https:\\\/\\\/fjala.info\\\/2009-2015\\\/#organization\",\"name\":\"FjALA e LIR\u00cb - Arkivi\",\"url\":\"https:\\\/\\\/fjala.info\\\/2009-2015\\\/\",\"logo\":{\"@type\":\"ImageObject\",\"inLanguage\":\"sq-AL\",\"@id\":\"https:\\\/\\\/fjala.info\\\/2009-2015\\\/#\\\/schema\\\/logo\\\/image\\\/\",\"url\":\"\",\"contentUrl\":\"\",\"caption\":\"FjALA e LIR\u00cb - Arkivi\"},\"image\":{\"@id\":\"https:\\\/\\\/fjala.info\\\/2009-2015\\\/#\\\/schema\\\/logo\\\/image\\\/\"}},{\"@type\":\"Person\",\"@id\":\"https:\\\/\\\/fjala.info\\\/2009-2015\\\/#\\\/schema\\\/person\\\/3aa1163ef05469c496fc94e77611ada2\",\"name\":\"admin\",\"image\":{\"@type\":\"ImageObject\",\"inLanguage\":\"sq-AL\",\"@id\":\"https:\\\/\\\/fjala.info\\\/2009-2015\\\/wp-content\\\/uploads\\\/2012\\\/02\\\/arben_cokaj-120x150.jpg\",\"url\":\"https:\\\/\\\/fjala.info\\\/2009-2015\\\/wp-content\\\/uploads\\\/2012\\\/02\\\/arben_cokaj-120x150.jpg\",\"contentUrl\":\"https:\\\/\\\/fjala.info\\\/2009-2015\\\/wp-content\\\/uploads\\\/2012\\\/02\\\/arben_cokaj-120x150.jpg\",\"caption\":\"admin\"},\"description\":\"Admin, Fjala e Lir\u00eb\",\"sameAs\":[\"https:\\\/\\\/fjala.info\\\/\"],\"url\":\"https:\\\/\\\/fjala.info\\\/2009-2015\\\/author\\\/admin\\\/\"}]}<\/script>\n<!-- \/ Yoast SEO plugin. -->","yoast_head_json":{"title":"NJ\u00cb AKT I V\u00cbRTET\u00cb PRESIDENCIAL - FjALA e LIR\u00cb - Arkivi","robots":{"index":"index","follow":"follow","max-snippet":"max-snippet:-1","max-image-preview":"max-image-preview:large","max-video-preview":"max-video-preview:-1"},"canonical":"https:\/\/fjala.info\/2009-2015\/nje-akt-i-vertete-presidencial\/","og_locale":"sq_AL","og_type":"article","og_title":"NJ\u00cb AKT I V\u00cbRTET\u00cb PRESIDENCIAL - FjALA e LIR\u00cb - Arkivi","og_description":"Nga Blendi Kajsiu* Vendimi i Presidentit Bamir Topi p\u00ebr t\u00eb mos dekretuar ligjin mbi trajtimin dhe menaxhimin e mbetjeve, q\u00eb n\u00eb publik \u00ebsht\u00eb njohur si \u201cligji p\u00ebr importin e plehrave\u201d, p\u00ebrb\u00ebn nj\u00eb akt t\u00eb v\u00ebrtet\u00eb presidencial. Me refuzimin p\u00ebr t\u00eb dekretuar \u201cligjin p\u00ebr importin e plehrave\u201d Presidenti ka artikuluar nj\u00eb shqet\u00ebsim t\u00eb gjer\u00eb t\u00eb shoq\u00ebris\u00eb [&hellip;]","og_url":"https:\/\/fjala.info\/2009-2015\/nje-akt-i-vertete-presidencial\/","og_site_name":"FjALA e LIR\u00cb - Arkivi","article_published_time":"2011-10-16T09:35:57+00:00","og_image":[{"url":"http:\/\/www.shkoder.net\/images\/fjala\/blendi_kajsiu.jpg","type":"","width":"","height":""}],"author":"admin","twitter_card":"summary_large_image","twitter_misc":{"Written by":"admin","Est. reading time":"6 minutes"},"schema":{"@context":"https:\/\/schema.org","@graph":[{"@type":"Article","@id":"https:\/\/fjala.info\/2009-2015\/nje-akt-i-vertete-presidencial\/#article","isPartOf":{"@id":"https:\/\/fjala.info\/2009-2015\/nje-akt-i-vertete-presidencial\/"},"author":{"name":"admin","@id":"https:\/\/fjala.info\/2009-2015\/#\/schema\/person\/3aa1163ef05469c496fc94e77611ada2"},"headline":"NJ\u00cb AKT I V\u00cbRTET\u00cb PRESIDENCIAL","datePublished":"2011-10-16T09:35:57+00:00","mainEntityOfPage":{"@id":"https:\/\/fjala.info\/2009-2015\/nje-akt-i-vertete-presidencial\/"},"wordCount":1274,"commentCount":0,"publisher":{"@id":"https:\/\/fjala.info\/2009-2015\/#organization"},"image":{"@id":"https:\/\/fjala.info\/2009-2015\/nje-akt-i-vertete-presidencial\/#primaryimage"},"thumbnailUrl":"http:\/\/www.shkoder.net\/images\/fjala\/blendi_kajsiu.jpg","articleSection":["Artikuj"],"inLanguage":"sq-AL","potentialAction":[{"@type":"CommentAction","name":"Comment","target":["https:\/\/fjala.info\/2009-2015\/nje-akt-i-vertete-presidencial\/#respond"]}]},{"@type":"WebPage","@id":"https:\/\/fjala.info\/2009-2015\/nje-akt-i-vertete-presidencial\/","url":"https:\/\/fjala.info\/2009-2015\/nje-akt-i-vertete-presidencial\/","name":"NJ\u00cb AKT I V\u00cbRTET\u00cb PRESIDENCIAL - FjALA e LIR\u00cb - Arkivi","isPartOf":{"@id":"https:\/\/fjala.info\/2009-2015\/#website"},"primaryImageOfPage":{"@id":"https:\/\/fjala.info\/2009-2015\/nje-akt-i-vertete-presidencial\/#primaryimage"},"image":{"@id":"https:\/\/fjala.info\/2009-2015\/nje-akt-i-vertete-presidencial\/#primaryimage"},"thumbnailUrl":"http:\/\/www.shkoder.net\/images\/fjala\/blendi_kajsiu.jpg","datePublished":"2011-10-16T09:35:57+00:00","breadcrumb":{"@id":"https:\/\/fjala.info\/2009-2015\/nje-akt-i-vertete-presidencial\/#breadcrumb"},"inLanguage":"sq-AL","potentialAction":[{"@type":"ReadAction","target":["https:\/\/fjala.info\/2009-2015\/nje-akt-i-vertete-presidencial\/"]}]},{"@type":"ImageObject","inLanguage":"sq-AL","@id":"https:\/\/fjala.info\/2009-2015\/nje-akt-i-vertete-presidencial\/#primaryimage","url":"http:\/\/www.shkoder.net\/images\/fjala\/blendi_kajsiu.jpg","contentUrl":"http:\/\/www.shkoder.net\/images\/fjala\/blendi_kajsiu.jpg"},{"@type":"BreadcrumbList","@id":"https:\/\/fjala.info\/2009-2015\/nje-akt-i-vertete-presidencial\/#breadcrumb","itemListElement":[{"@type":"ListItem","position":1,"name":"Home","item":"https:\/\/fjala.info\/2009-2015\/"},{"@type":"ListItem","position":2,"name":"NJ\u00cb AKT I V\u00cbRTET\u00cb PRESIDENCIAL"}]},{"@type":"WebSite","@id":"https:\/\/fjala.info\/2009-2015\/#website","url":"https:\/\/fjala.info\/2009-2015\/","name":"FjALA e LIR\u00cb - Arkivi","description":"Arkivi 2009-2015","publisher":{"@id":"https:\/\/fjala.info\/2009-2015\/#organization"},"potentialAction":[{"@type":"SearchAction","target":{"@type":"EntryPoint","urlTemplate":"https:\/\/fjala.info\/2009-2015\/?s={search_term_string}"},"query-input":{"@type":"PropertyValueSpecification","valueRequired":true,"valueName":"search_term_string"}}],"inLanguage":"sq-AL"},{"@type":"Organization","@id":"https:\/\/fjala.info\/2009-2015\/#organization","name":"FjALA e LIR\u00cb - Arkivi","url":"https:\/\/fjala.info\/2009-2015\/","logo":{"@type":"ImageObject","inLanguage":"sq-AL","@id":"https:\/\/fjala.info\/2009-2015\/#\/schema\/logo\/image\/","url":"","contentUrl":"","caption":"FjALA e LIR\u00cb - Arkivi"},"image":{"@id":"https:\/\/fjala.info\/2009-2015\/#\/schema\/logo\/image\/"}},{"@type":"Person","@id":"https:\/\/fjala.info\/2009-2015\/#\/schema\/person\/3aa1163ef05469c496fc94e77611ada2","name":"admin","image":{"@type":"ImageObject","inLanguage":"sq-AL","@id":"https:\/\/fjala.info\/2009-2015\/wp-content\/uploads\/2012\/02\/arben_cokaj-120x150.jpg","url":"https:\/\/fjala.info\/2009-2015\/wp-content\/uploads\/2012\/02\/arben_cokaj-120x150.jpg","contentUrl":"https:\/\/fjala.info\/2009-2015\/wp-content\/uploads\/2012\/02\/arben_cokaj-120x150.jpg","caption":"admin"},"description":"Admin, Fjala e Lir\u00eb","sameAs":["https:\/\/fjala.info\/"],"url":"https:\/\/fjala.info\/2009-2015\/author\/admin\/"}]}},"_links":{"self":[{"href":"https:\/\/fjala.info\/2009-2015\/wp-json\/wp\/v2\/posts\/11023","targetHints":{"allow":["GET"]}}],"collection":[{"href":"https:\/\/fjala.info\/2009-2015\/wp-json\/wp\/v2\/posts"}],"about":[{"href":"https:\/\/fjala.info\/2009-2015\/wp-json\/wp\/v2\/types\/post"}],"author":[{"embeddable":true,"href":"https:\/\/fjala.info\/2009-2015\/wp-json\/wp\/v2\/users\/1"}],"replies":[{"embeddable":true,"href":"https:\/\/fjala.info\/2009-2015\/wp-json\/wp\/v2\/comments?post=11023"}],"version-history":[{"count":0,"href":"https:\/\/fjala.info\/2009-2015\/wp-json\/wp\/v2\/posts\/11023\/revisions"}],"wp:attachment":[{"href":"https:\/\/fjala.info\/2009-2015\/wp-json\/wp\/v2\/media?parent=11023"}],"wp:term":[{"taxonomy":"category","embeddable":true,"href":"https:\/\/fjala.info\/2009-2015\/wp-json\/wp\/v2\/categories?post=11023"},{"taxonomy":"post_tag","embeddable":true,"href":"https:\/\/fjala.info\/2009-2015\/wp-json\/wp\/v2\/tags?post=11023"}],"curies":[{"name":"wp","href":"https:\/\/api.w.org\/{rel}","templated":true}]}}