{"id":11021,"date":"2011-10-16T10:04:15","date_gmt":"2011-10-16T09:04:15","guid":{"rendered":"http:\/\/fjala.shkoder.net\/?p=11021"},"modified":"2011-10-16T10:04:15","modified_gmt":"2011-10-16T09:04:15","slug":"foto-lajm-te-rinjte-urojne-kryeministrin-berisha-per-ditelindjen-gezuar-i-fundmi-i-komunisteve","status":"publish","type":"post","link":"https:\/\/fjala.info\/2009-2015\/foto-lajm-te-rinjte-urojne-kryeministrin-berisha-per-ditelindjen-gezuar-i-fundmi-i-komunisteve\/","title":{"rendered":"FOTO LAJM: T\u00eb rinjt\u00eb urojn\u00eb kryeministrin Berisha p\u00ebr dit\u00eblindjen: G\u00ebzuar i fundmi i komunist\u00ebve"},"content":{"rendered":"<p><strong>TemA<\/strong>, <em>15 Tetor 2011<\/em><\/p>\n<p><strong><em>T\u00eb rinjt\u00eb e Kuvendit Civil kan\u00eb p\u00ebrgatitur nj\u00eb mesazh urimi p\u00ebr kryeministrin shqiptar<\/em><\/strong><\/p>\n<p>\u201cKuvendi Civil, i uron jet\u00eb t\u00eb gjat\u00eb kryeministrit Sali Berisha, me rastin e dat\u00eblindjes s\u00eb tij dhe 67 vjetorit. Gjithashtu kujtojm\u00eb se kryeministri yn\u00eb \u00ebsht\u00eb i fundit i komunist\u00ebve t\u00eb mbetur n\u00eb Ballkan, Evrop\u00eb dhe pse jo n\u00eb Bot\u00eb. Por fjal\u00ebt jan\u00eb t\u00eb tep\u00ebrta. Ndaj mjafton kjo teser\u00eb q\u00eb ai e ka pasur p\u00ebr zem\u00ebr p\u00ebr m\u00ebse 20 vjet si an\u00ebtar partie dhe p\u00ebr po kaq koh\u00eb si \u201clider i shtirur\u201d i demokracis\u00eb pluraliste.<\/p>\n<p><img decoding=\"async\" class=\"aligncenter size-thumbnail wp-image-7236\" title=\"Berisha - reflekto\" src=\"http:\/\/www.shkoder.net\/images\/fjala\/2011\/berisha_reflekto.jpg\" alt=\"\" width=\"450\" \/><\/p>\n<p>Dhe n\u00ebse nuk besoni, shikoni foton n\u00eb liqenin e Pogradecit me familjen e Enver Hoxh\u00ebs. Kjo \u00ebsht\u00eb dhe dhurata q\u00eb ne i b\u00ebjm\u00eb kryeministrit ton\u00eb, duke shpresuar se do t\u00eb reflektoj\u00eb n\u00eb koh\u00eb edhe p\u00ebr Raportin e Regresit t\u00eb Bashkimit Evropian dhe Komisionit Evropian.<\/p>\n<p>Sa m\u00eb i hersh\u00ebm reflektimi i liderit komunist t\u00eb mazhoranc\u00ebs, aq m\u00eb shpejt shp\u00ebtojn\u00eb dhe qytetar\u00ebt shqiptar\u00eb nga izolimi ku i ka futur. Ai \u00ebsht\u00eb p\u00ebrgjegj\u00ebsi kryesor i k\u00ebsaj situate dhe pas tij vjen e gjitha klasa politike n\u00eb vend. G\u00ebzuar Dit\u00eblindjen, i Fundmi i Komunist\u00ebve Shqiptar\u00eb\u201d.<\/p>\n","protected":false},"excerpt":{"rendered":"<p>TemA, 15 Tetor 2011 T\u00eb rinjt\u00eb e Kuvendit Civil kan\u00eb p\u00ebrgatitur nj\u00eb mesazh urimi p\u00ebr kryeministrin shqiptar \u201cKuvendi Civil, i uron jet\u00eb t\u00eb gjat\u00eb kryeministrit Sali Berisha, me rastin e dat\u00eblindjes s\u00eb tij dhe 67 vjetorit. Gjithashtu kujtojm\u00eb se kryeministri yn\u00eb \u00ebsht\u00eb i fundit i komunist\u00ebve t\u00eb mbetur n\u00eb Ballkan, Evrop\u00eb dhe pse jo n\u00eb [&hellip;]<\/p>\n","protected":false},"author":1,"featured_media":0,"comment_status":"open","ping_status":"closed","sticky":false,"template":"","format":"standard","meta":{"footnotes":""},"categories":[5],"tags":[],"class_list":{"0":"post-11021","1":"post","2":"type-post","3":"status-publish","4":"format-standard","6":"category-lajme"},"yoast_head":"<!-- This site is optimized with the Yoast SEO plugin v27.4 - https:\/\/yoast.com\/product\/yoast-seo-wordpress\/ -->\n<title>FOTO LAJM: T\u00eb rinjt\u00eb urojn\u00eb kryeministrin Berisha p\u00ebr dit\u00eblindjen: G\u00ebzuar i fundmi i komunist\u00ebve - FjALA e LIR\u00cb - Arkivi<\/title>\n<meta name=\"robots\" content=\"index, follow, max-snippet:-1, max-image-preview:large, max-video-preview:-1\" \/>\n<link rel=\"canonical\" href=\"https:\/\/fjala.info\/2009-2015\/foto-lajm-te-rinjte-urojne-kryeministrin-berisha-per-ditelindjen-gezuar-i-fundmi-i-komunisteve\/\" \/>\n<meta property=\"og:locale\" content=\"sq_AL\" \/>\n<meta property=\"og:type\" content=\"article\" \/>\n<meta property=\"og:title\" content=\"FOTO LAJM: T\u00eb rinjt\u00eb urojn\u00eb kryeministrin Berisha p\u00ebr dit\u00eblindjen: G\u00ebzuar i fundmi i komunist\u00ebve - FjALA e LIR\u00cb - Arkivi\" \/>\n<meta property=\"og:description\" content=\"TemA, 15 Tetor 2011 T\u00eb rinjt\u00eb e Kuvendit Civil kan\u00eb p\u00ebrgatitur nj\u00eb mesazh urimi p\u00ebr kryeministrin shqiptar \u201cKuvendi Civil, i uron jet\u00eb t\u00eb gjat\u00eb kryeministrit Sali Berisha, me rastin e dat\u00eblindjes s\u00eb tij dhe 67 vjetorit. Gjithashtu kujtojm\u00eb se kryeministri yn\u00eb \u00ebsht\u00eb i fundit i komunist\u00ebve t\u00eb mbetur n\u00eb Ballkan, Evrop\u00eb dhe pse jo n\u00eb [&hellip;]\" \/>\n<meta property=\"og:url\" content=\"https:\/\/fjala.info\/2009-2015\/foto-lajm-te-rinjte-urojne-kryeministrin-berisha-per-ditelindjen-gezuar-i-fundmi-i-komunisteve\/\" \/>\n<meta property=\"og:site_name\" content=\"FjALA e LIR\u00cb - Arkivi\" \/>\n<meta property=\"article:published_time\" content=\"2011-10-16T09:04:15+00:00\" \/>\n<meta property=\"og:image\" content=\"http:\/\/www.shkoder.net\/images\/fjala\/2011\/berisha_reflekto.jpg\" \/>\n<meta name=\"author\" content=\"admin\" \/>\n<meta name=\"twitter:card\" content=\"summary_large_image\" \/>\n<meta name=\"twitter:label1\" content=\"Written by\" \/>\n\t<meta name=\"twitter:data1\" content=\"admin\" \/>\n\t<meta name=\"twitter:label2\" content=\"Est. reading time\" \/>\n\t<meta name=\"twitter:data2\" content=\"1 minute\" \/>\n<script type=\"application\/ld+json\" class=\"yoast-schema-graph\">{\"@context\":\"https:\\\/\\\/schema.org\",\"@graph\":[{\"@type\":\"Article\",\"@id\":\"https:\\\/\\\/fjala.info\\\/2009-2015\\\/foto-lajm-te-rinjte-urojne-kryeministrin-berisha-per-ditelindjen-gezuar-i-fundmi-i-komunisteve\\\/#article\",\"isPartOf\":{\"@id\":\"https:\\\/\\\/fjala.info\\\/2009-2015\\\/foto-lajm-te-rinjte-urojne-kryeministrin-berisha-per-ditelindjen-gezuar-i-fundmi-i-komunisteve\\\/\"},\"author\":{\"name\":\"admin\",\"@id\":\"https:\\\/\\\/fjala.info\\\/2009-2015\\\/#\\\/schema\\\/person\\\/3aa1163ef05469c496fc94e77611ada2\"},\"headline\":\"FOTO LAJM: T\u00eb rinjt\u00eb urojn\u00eb kryeministrin Berisha p\u00ebr dit\u00eblindjen: G\u00ebzuar i fundmi i komunist\u00ebve\",\"datePublished\":\"2011-10-16T09:04:15+00:00\",\"mainEntityOfPage\":{\"@id\":\"https:\\\/\\\/fjala.info\\\/2009-2015\\\/foto-lajm-te-rinjte-urojne-kryeministrin-berisha-per-ditelindjen-gezuar-i-fundmi-i-komunisteve\\\/\"},\"wordCount\":222,\"commentCount\":0,\"publisher\":{\"@id\":\"https:\\\/\\\/fjala.info\\\/2009-2015\\\/#organization\"},\"image\":{\"@id\":\"https:\\\/\\\/fjala.info\\\/2009-2015\\\/foto-lajm-te-rinjte-urojne-kryeministrin-berisha-per-ditelindjen-gezuar-i-fundmi-i-komunisteve\\\/#primaryimage\"},\"thumbnailUrl\":\"http:\\\/\\\/www.shkoder.net\\\/images\\\/fjala\\\/2011\\\/berisha_reflekto.jpg\",\"articleSection\":[\"Lajme\"],\"inLanguage\":\"sq-AL\",\"potentialAction\":[{\"@type\":\"CommentAction\",\"name\":\"Comment\",\"target\":[\"https:\\\/\\\/fjala.info\\\/2009-2015\\\/foto-lajm-te-rinjte-urojne-kryeministrin-berisha-per-ditelindjen-gezuar-i-fundmi-i-komunisteve\\\/#respond\"]}]},{\"@type\":\"WebPage\",\"@id\":\"https:\\\/\\\/fjala.info\\\/2009-2015\\\/foto-lajm-te-rinjte-urojne-kryeministrin-berisha-per-ditelindjen-gezuar-i-fundmi-i-komunisteve\\\/\",\"url\":\"https:\\\/\\\/fjala.info\\\/2009-2015\\\/foto-lajm-te-rinjte-urojne-kryeministrin-berisha-per-ditelindjen-gezuar-i-fundmi-i-komunisteve\\\/\",\"name\":\"FOTO LAJM: T\u00eb rinjt\u00eb urojn\u00eb kryeministrin Berisha p\u00ebr dit\u00eblindjen: G\u00ebzuar i fundmi i komunist\u00ebve - FjALA e LIR\u00cb - Arkivi\",\"isPartOf\":{\"@id\":\"https:\\\/\\\/fjala.info\\\/2009-2015\\\/#website\"},\"primaryImageOfPage\":{\"@id\":\"https:\\\/\\\/fjala.info\\\/2009-2015\\\/foto-lajm-te-rinjte-urojne-kryeministrin-berisha-per-ditelindjen-gezuar-i-fundmi-i-komunisteve\\\/#primaryimage\"},\"image\":{\"@id\":\"https:\\\/\\\/fjala.info\\\/2009-2015\\\/foto-lajm-te-rinjte-urojne-kryeministrin-berisha-per-ditelindjen-gezuar-i-fundmi-i-komunisteve\\\/#primaryimage\"},\"thumbnailUrl\":\"http:\\\/\\\/www.shkoder.net\\\/images\\\/fjala\\\/2011\\\/berisha_reflekto.jpg\",\"datePublished\":\"2011-10-16T09:04:15+00:00\",\"breadcrumb\":{\"@id\":\"https:\\\/\\\/fjala.info\\\/2009-2015\\\/foto-lajm-te-rinjte-urojne-kryeministrin-berisha-per-ditelindjen-gezuar-i-fundmi-i-komunisteve\\\/#breadcrumb\"},\"inLanguage\":\"sq-AL\",\"potentialAction\":[{\"@type\":\"ReadAction\",\"target\":[\"https:\\\/\\\/fjala.info\\\/2009-2015\\\/foto-lajm-te-rinjte-urojne-kryeministrin-berisha-per-ditelindjen-gezuar-i-fundmi-i-komunisteve\\\/\"]}]},{\"@type\":\"ImageObject\",\"inLanguage\":\"sq-AL\",\"@id\":\"https:\\\/\\\/fjala.info\\\/2009-2015\\\/foto-lajm-te-rinjte-urojne-kryeministrin-berisha-per-ditelindjen-gezuar-i-fundmi-i-komunisteve\\\/#primaryimage\",\"url\":\"http:\\\/\\\/www.shkoder.net\\\/images\\\/fjala\\\/2011\\\/berisha_reflekto.jpg\",\"contentUrl\":\"http:\\\/\\\/www.shkoder.net\\\/images\\\/fjala\\\/2011\\\/berisha_reflekto.jpg\"},{\"@type\":\"BreadcrumbList\",\"@id\":\"https:\\\/\\\/fjala.info\\\/2009-2015\\\/foto-lajm-te-rinjte-urojne-kryeministrin-berisha-per-ditelindjen-gezuar-i-fundmi-i-komunisteve\\\/#breadcrumb\",\"itemListElement\":[{\"@type\":\"ListItem\",\"position\":1,\"name\":\"Home\",\"item\":\"https:\\\/\\\/fjala.info\\\/2009-2015\\\/\"},{\"@type\":\"ListItem\",\"position\":2,\"name\":\"FOTO LAJM: T\u00eb rinjt\u00eb urojn\u00eb kryeministrin Berisha p\u00ebr dit\u00eblindjen: G\u00ebzuar i fundmi i komunist\u00ebve\"}]},{\"@type\":\"WebSite\",\"@id\":\"https:\\\/\\\/fjala.info\\\/2009-2015\\\/#website\",\"url\":\"https:\\\/\\\/fjala.info\\\/2009-2015\\\/\",\"name\":\"FjALA e LIR\u00cb - Arkivi\",\"description\":\"Arkivi 2009-2015\",\"publisher\":{\"@id\":\"https:\\\/\\\/fjala.info\\\/2009-2015\\\/#organization\"},\"potentialAction\":[{\"@type\":\"SearchAction\",\"target\":{\"@type\":\"EntryPoint\",\"urlTemplate\":\"https:\\\/\\\/fjala.info\\\/2009-2015\\\/?s={search_term_string}\"},\"query-input\":{\"@type\":\"PropertyValueSpecification\",\"valueRequired\":true,\"valueName\":\"search_term_string\"}}],\"inLanguage\":\"sq-AL\"},{\"@type\":\"Organization\",\"@id\":\"https:\\\/\\\/fjala.info\\\/2009-2015\\\/#organization\",\"name\":\"FjALA e LIR\u00cb - Arkivi\",\"url\":\"https:\\\/\\\/fjala.info\\\/2009-2015\\\/\",\"logo\":{\"@type\":\"ImageObject\",\"inLanguage\":\"sq-AL\",\"@id\":\"https:\\\/\\\/fjala.info\\\/2009-2015\\\/#\\\/schema\\\/logo\\\/image\\\/\",\"url\":\"\",\"contentUrl\":\"\",\"caption\":\"FjALA e LIR\u00cb - Arkivi\"},\"image\":{\"@id\":\"https:\\\/\\\/fjala.info\\\/2009-2015\\\/#\\\/schema\\\/logo\\\/image\\\/\"}},{\"@type\":\"Person\",\"@id\":\"https:\\\/\\\/fjala.info\\\/2009-2015\\\/#\\\/schema\\\/person\\\/3aa1163ef05469c496fc94e77611ada2\",\"name\":\"admin\",\"image\":{\"@type\":\"ImageObject\",\"inLanguage\":\"sq-AL\",\"@id\":\"https:\\\/\\\/fjala.info\\\/2009-2015\\\/wp-content\\\/uploads\\\/2012\\\/02\\\/arben_cokaj-120x150.jpg\",\"url\":\"https:\\\/\\\/fjala.info\\\/2009-2015\\\/wp-content\\\/uploads\\\/2012\\\/02\\\/arben_cokaj-120x150.jpg\",\"contentUrl\":\"https:\\\/\\\/fjala.info\\\/2009-2015\\\/wp-content\\\/uploads\\\/2012\\\/02\\\/arben_cokaj-120x150.jpg\",\"caption\":\"admin\"},\"description\":\"Admin, Fjala e Lir\u00eb\",\"sameAs\":[\"https:\\\/\\\/fjala.info\\\/\"],\"url\":\"https:\\\/\\\/fjala.info\\\/2009-2015\\\/author\\\/admin\\\/\"}]}<\/script>\n<!-- \/ Yoast SEO plugin. -->","yoast_head_json":{"title":"FOTO LAJM: T\u00eb rinjt\u00eb urojn\u00eb kryeministrin Berisha p\u00ebr dit\u00eblindjen: G\u00ebzuar i fundmi i komunist\u00ebve - FjALA e LIR\u00cb - Arkivi","robots":{"index":"index","follow":"follow","max-snippet":"max-snippet:-1","max-image-preview":"max-image-preview:large","max-video-preview":"max-video-preview:-1"},"canonical":"https:\/\/fjala.info\/2009-2015\/foto-lajm-te-rinjte-urojne-kryeministrin-berisha-per-ditelindjen-gezuar-i-fundmi-i-komunisteve\/","og_locale":"sq_AL","og_type":"article","og_title":"FOTO LAJM: T\u00eb rinjt\u00eb urojn\u00eb kryeministrin Berisha p\u00ebr dit\u00eblindjen: G\u00ebzuar i fundmi i komunist\u00ebve - FjALA e LIR\u00cb - Arkivi","og_description":"TemA, 15 Tetor 2011 T\u00eb rinjt\u00eb e Kuvendit Civil kan\u00eb p\u00ebrgatitur nj\u00eb mesazh urimi p\u00ebr kryeministrin shqiptar \u201cKuvendi Civil, i uron jet\u00eb t\u00eb gjat\u00eb kryeministrit Sali Berisha, me rastin e dat\u00eblindjes s\u00eb tij dhe 67 vjetorit. Gjithashtu kujtojm\u00eb se kryeministri yn\u00eb \u00ebsht\u00eb i fundit i komunist\u00ebve t\u00eb mbetur n\u00eb Ballkan, Evrop\u00eb dhe pse jo n\u00eb [&hellip;]","og_url":"https:\/\/fjala.info\/2009-2015\/foto-lajm-te-rinjte-urojne-kryeministrin-berisha-per-ditelindjen-gezuar-i-fundmi-i-komunisteve\/","og_site_name":"FjALA e LIR\u00cb - Arkivi","article_published_time":"2011-10-16T09:04:15+00:00","og_image":[{"url":"http:\/\/www.shkoder.net\/images\/fjala\/2011\/berisha_reflekto.jpg","type":"","width":"","height":""}],"author":"admin","twitter_card":"summary_large_image","twitter_misc":{"Written by":"admin","Est. reading time":"1 minute"},"schema":{"@context":"https:\/\/schema.org","@graph":[{"@type":"Article","@id":"https:\/\/fjala.info\/2009-2015\/foto-lajm-te-rinjte-urojne-kryeministrin-berisha-per-ditelindjen-gezuar-i-fundmi-i-komunisteve\/#article","isPartOf":{"@id":"https:\/\/fjala.info\/2009-2015\/foto-lajm-te-rinjte-urojne-kryeministrin-berisha-per-ditelindjen-gezuar-i-fundmi-i-komunisteve\/"},"author":{"name":"admin","@id":"https:\/\/fjala.info\/2009-2015\/#\/schema\/person\/3aa1163ef05469c496fc94e77611ada2"},"headline":"FOTO LAJM: T\u00eb rinjt\u00eb urojn\u00eb kryeministrin Berisha p\u00ebr dit\u00eblindjen: G\u00ebzuar i fundmi i komunist\u00ebve","datePublished":"2011-10-16T09:04:15+00:00","mainEntityOfPage":{"@id":"https:\/\/fjala.info\/2009-2015\/foto-lajm-te-rinjte-urojne-kryeministrin-berisha-per-ditelindjen-gezuar-i-fundmi-i-komunisteve\/"},"wordCount":222,"commentCount":0,"publisher":{"@id":"https:\/\/fjala.info\/2009-2015\/#organization"},"image":{"@id":"https:\/\/fjala.info\/2009-2015\/foto-lajm-te-rinjte-urojne-kryeministrin-berisha-per-ditelindjen-gezuar-i-fundmi-i-komunisteve\/#primaryimage"},"thumbnailUrl":"http:\/\/www.shkoder.net\/images\/fjala\/2011\/berisha_reflekto.jpg","articleSection":["Lajme"],"inLanguage":"sq-AL","potentialAction":[{"@type":"CommentAction","name":"Comment","target":["https:\/\/fjala.info\/2009-2015\/foto-lajm-te-rinjte-urojne-kryeministrin-berisha-per-ditelindjen-gezuar-i-fundmi-i-komunisteve\/#respond"]}]},{"@type":"WebPage","@id":"https:\/\/fjala.info\/2009-2015\/foto-lajm-te-rinjte-urojne-kryeministrin-berisha-per-ditelindjen-gezuar-i-fundmi-i-komunisteve\/","url":"https:\/\/fjala.info\/2009-2015\/foto-lajm-te-rinjte-urojne-kryeministrin-berisha-per-ditelindjen-gezuar-i-fundmi-i-komunisteve\/","name":"FOTO LAJM: T\u00eb rinjt\u00eb urojn\u00eb kryeministrin Berisha p\u00ebr dit\u00eblindjen: G\u00ebzuar i fundmi i komunist\u00ebve - FjALA e LIR\u00cb - Arkivi","isPartOf":{"@id":"https:\/\/fjala.info\/2009-2015\/#website"},"primaryImageOfPage":{"@id":"https:\/\/fjala.info\/2009-2015\/foto-lajm-te-rinjte-urojne-kryeministrin-berisha-per-ditelindjen-gezuar-i-fundmi-i-komunisteve\/#primaryimage"},"image":{"@id":"https:\/\/fjala.info\/2009-2015\/foto-lajm-te-rinjte-urojne-kryeministrin-berisha-per-ditelindjen-gezuar-i-fundmi-i-komunisteve\/#primaryimage"},"thumbnailUrl":"http:\/\/www.shkoder.net\/images\/fjala\/2011\/berisha_reflekto.jpg","datePublished":"2011-10-16T09:04:15+00:00","breadcrumb":{"@id":"https:\/\/fjala.info\/2009-2015\/foto-lajm-te-rinjte-urojne-kryeministrin-berisha-per-ditelindjen-gezuar-i-fundmi-i-komunisteve\/#breadcrumb"},"inLanguage":"sq-AL","potentialAction":[{"@type":"ReadAction","target":["https:\/\/fjala.info\/2009-2015\/foto-lajm-te-rinjte-urojne-kryeministrin-berisha-per-ditelindjen-gezuar-i-fundmi-i-komunisteve\/"]}]},{"@type":"ImageObject","inLanguage":"sq-AL","@id":"https:\/\/fjala.info\/2009-2015\/foto-lajm-te-rinjte-urojne-kryeministrin-berisha-per-ditelindjen-gezuar-i-fundmi-i-komunisteve\/#primaryimage","url":"http:\/\/www.shkoder.net\/images\/fjala\/2011\/berisha_reflekto.jpg","contentUrl":"http:\/\/www.shkoder.net\/images\/fjala\/2011\/berisha_reflekto.jpg"},{"@type":"BreadcrumbList","@id":"https:\/\/fjala.info\/2009-2015\/foto-lajm-te-rinjte-urojne-kryeministrin-berisha-per-ditelindjen-gezuar-i-fundmi-i-komunisteve\/#breadcrumb","itemListElement":[{"@type":"ListItem","position":1,"name":"Home","item":"https:\/\/fjala.info\/2009-2015\/"},{"@type":"ListItem","position":2,"name":"FOTO LAJM: T\u00eb rinjt\u00eb urojn\u00eb kryeministrin Berisha p\u00ebr dit\u00eblindjen: G\u00ebzuar i fundmi i komunist\u00ebve"}]},{"@type":"WebSite","@id":"https:\/\/fjala.info\/2009-2015\/#website","url":"https:\/\/fjala.info\/2009-2015\/","name":"FjALA e LIR\u00cb - Arkivi","description":"Arkivi 2009-2015","publisher":{"@id":"https:\/\/fjala.info\/2009-2015\/#organization"},"potentialAction":[{"@type":"SearchAction","target":{"@type":"EntryPoint","urlTemplate":"https:\/\/fjala.info\/2009-2015\/?s={search_term_string}"},"query-input":{"@type":"PropertyValueSpecification","valueRequired":true,"valueName":"search_term_string"}}],"inLanguage":"sq-AL"},{"@type":"Organization","@id":"https:\/\/fjala.info\/2009-2015\/#organization","name":"FjALA e LIR\u00cb - Arkivi","url":"https:\/\/fjala.info\/2009-2015\/","logo":{"@type":"ImageObject","inLanguage":"sq-AL","@id":"https:\/\/fjala.info\/2009-2015\/#\/schema\/logo\/image\/","url":"","contentUrl":"","caption":"FjALA e LIR\u00cb - Arkivi"},"image":{"@id":"https:\/\/fjala.info\/2009-2015\/#\/schema\/logo\/image\/"}},{"@type":"Person","@id":"https:\/\/fjala.info\/2009-2015\/#\/schema\/person\/3aa1163ef05469c496fc94e77611ada2","name":"admin","image":{"@type":"ImageObject","inLanguage":"sq-AL","@id":"https:\/\/fjala.info\/2009-2015\/wp-content\/uploads\/2012\/02\/arben_cokaj-120x150.jpg","url":"https:\/\/fjala.info\/2009-2015\/wp-content\/uploads\/2012\/02\/arben_cokaj-120x150.jpg","contentUrl":"https:\/\/fjala.info\/2009-2015\/wp-content\/uploads\/2012\/02\/arben_cokaj-120x150.jpg","caption":"admin"},"description":"Admin, Fjala e Lir\u00eb","sameAs":["https:\/\/fjala.info\/"],"url":"https:\/\/fjala.info\/2009-2015\/author\/admin\/"}]}},"_links":{"self":[{"href":"https:\/\/fjala.info\/2009-2015\/wp-json\/wp\/v2\/posts\/11021","targetHints":{"allow":["GET"]}}],"collection":[{"href":"https:\/\/fjala.info\/2009-2015\/wp-json\/wp\/v2\/posts"}],"about":[{"href":"https:\/\/fjala.info\/2009-2015\/wp-json\/wp\/v2\/types\/post"}],"author":[{"embeddable":true,"href":"https:\/\/fjala.info\/2009-2015\/wp-json\/wp\/v2\/users\/1"}],"replies":[{"embeddable":true,"href":"https:\/\/fjala.info\/2009-2015\/wp-json\/wp\/v2\/comments?post=11021"}],"version-history":[{"count":0,"href":"https:\/\/fjala.info\/2009-2015\/wp-json\/wp\/v2\/posts\/11021\/revisions"}],"wp:attachment":[{"href":"https:\/\/fjala.info\/2009-2015\/wp-json\/wp\/v2\/media?parent=11021"}],"wp:term":[{"taxonomy":"category","embeddable":true,"href":"https:\/\/fjala.info\/2009-2015\/wp-json\/wp\/v2\/categories?post=11021"},{"taxonomy":"post_tag","embeddable":true,"href":"https:\/\/fjala.info\/2009-2015\/wp-json\/wp\/v2\/tags?post=11021"}],"curies":[{"name":"wp","href":"https:\/\/api.w.org\/{rel}","templated":true}]}}