{"id":11019,"date":"2011-10-16T10:00:35","date_gmt":"2011-10-16T09:00:35","guid":{"rendered":"http:\/\/fjala.shkoder.net\/?p=11019"},"modified":"2011-10-16T10:00:35","modified_gmt":"2011-10-16T09:00:35","slug":"presidenti-plehrat-integrimi","status":"publish","type":"post","link":"https:\/\/fjala.info\/2009-2015\/presidenti-plehrat-integrimi\/","title":{"rendered":"Presidenti, plehrat, integrimi"},"content":{"rendered":"<p><img decoding=\"async\" class=\"alignright size-thumbnail wp-image-7236\" title=\"Edi Rama\" src=\"http:\/\/www.shkoder.net\/images\/fjala\/2011\/edi_rama_new.jpg\" alt=\"\" width=\"300\" \/> Nga <strong>Edi Rama<\/strong>, <em>15 Tetor 2011<\/em><br \/>\nwww.edirama.al<\/p>\n<p>Presidenti i Republik\u00ebs ktheu ligjin p\u00ebr importin e plehrave. Dhe b\u00ebri shum\u00eb mir\u00eb. Ai ligj s\u2019\u00ebsht\u00eb nj\u00eb ligj p\u00ebr Shqip\u00ebrin\u00eb Europiane. As p\u00ebr nj\u00eb Shqip\u00ebri m\u00eb t\u00eb past\u00ebr. Po \u00ebsht\u00eb nj\u00eb ligj p\u00ebr t\u00eb gangrenizuar me pasoja t\u00eb pallogaritshme sot plag\u00ebt e r\u00ebnda t\u00eb ndotjes s\u00eb Shqip\u00ebris\u00eb. Dihet bot\u00ebrisht lidhja e mafias me plehrat. Njihen bot\u00ebrisht ngjarje tragjike p\u00ebr shum\u00eb vende t\u00eb bot\u00ebs ku kjo lidhje ka arritur t\u00eb b\u00ebj\u00eb ligjin. Por m\u00eb shum\u00eb akoma, dihet bot\u00ebrisht se Shqip\u00ebria nuk pastron dhe nuk p\u00ebrpunon dot sot plehrat e veta. T\u00eb cilat n\u00eb t\u00eb shumt\u00ebn e zonave urbane digjen ende si n\u00eb mesjet\u00eb buz\u00eb lumenjsh apo mbi toka buke. Me efekte shkat\u00ebrruese p\u00ebr sh\u00ebndetin e njeriut e t\u00eb natyr\u00ebs.<\/p>\n<p>Si \u00ebsht\u00eb e mundur q\u00eb nj\u00eb vend si i yni, ku pas nj\u00ebzet vjet\u00ebsh liri, s\u2019\u00ebsht\u00eb v\u00ebn\u00eb dot rend ligjor n\u00eb shumic\u00ebn d\u00ebrrmuese t\u00eb territorit p\u00ebr mbledhjen, grumbullimin, p\u00ebrpunimin e plehrave, t\u00eb importoj\u00eb plehra nga jasht\u00eb? Cila qeveri n\u00eb bot\u00eb i\u2019a b\u00ebn n\u00eb k\u00ebto kushte vendit t\u00eb vet nj\u00eb peshqesh si ky, n\u00ebse nuk \u00ebsht\u00eb e kusht\u00ebzuar nga lidhjet me n\u00ebnbot\u00ebn ku qarkullojn\u00eb n\u00eb t\u00eb zez\u00eb parat\u00eb e plehrave? P\u00ebr \u00e7far\u00eb arsyeje n\u00eb bot\u00eb Shqip\u00ebria duhet t\u00eb marr\u00eb mbi kurriz edhe plehrat e bot\u00ebs kur ende s\u2019po e ngre dot kurrizin e mbuluar nga plehrat e veta?<\/p>\n<p>Saliu e z\u00ebdh\u00ebn\u00ebsit e plehrave t\u00eb jashtme n\u00eb qeveri thon\u00eb se do vijn\u00eb vet\u00ebm plehra \u201ct\u00eb pastra\u201d dhe k\u00ebta zot\u00ebrinjt\u00eb do t\u2019i groposin n\u00eb barkun e atdheut tone n\u00eb k\u00ebmbim t\u00eb p\u00ebrfitimit ekonomik. Po kush nuk e di q\u00eb ky shtet s\u2019ka asnj\u00eb shans, asnj\u00eb mund\u00ebsi, asnj\u00eb instrument, as p\u00ebr t\u2019i kontrolluar plehrat q\u00eb hyjn\u00eb n\u00eb Shqip\u00ebri, as p\u00ebr t\u2019i p\u00ebrpunuar ato sipas standarteve t\u00eb Bashkimit Europian, as p\u00ebr t\u00eb b\u00ebr\u00eb me to gj\u00ebsend tjet\u00ebr p\u00ebrve\u00e7 d\u00ebmit katastrofik q\u00eb paralajm\u00ebron ky ligj plehrash? T\u00eb gjith\u00eb e din\u00eb.<\/p>\n<p>E m\u00eb tej t\u00eb gjith\u00eb duhet ta m\u00ebsojn\u00eb se t\u00eb nj\u00ebjtin ligj, me t\u00eb nj\u00ebjtat argumenta, kan\u00eb miratuar n\u00eb pseudoparlamentet e tyre qeverit\u00eb e vendeve t\u00eb pazhvilluara si Shqip\u00ebria, t\u00eb cilat e kan\u00eb paguar m\u00eb pas k\u00ebt\u00eb lloj ligji me plagosje t\u00eb tmerrshme mjedisore e pasoja tragjike p\u00ebr njer\u00ebzit. Ligji i importit t\u00eb plehrave n\u00eb Shqip\u00ebrin\u00eb e sotme \u00ebsht\u00eb antikomb\u00ebtar. Esht\u00eb antieuropian. Esht\u00eb antinjer\u00ebzor. \u00c7far\u00eb arsyeje kan\u00eb ata q\u00eb do na e sjellin k\u00ebt\u00eb peshqesh me duart e qeveris\u00eb shqiptare t\u2019i bien plehrat n\u00eb Shqip\u00ebri, n\u00ebse ky do t\u00eb ishte nj\u00eb biznes i past\u00ebr fitimprur\u00ebs e pa probleme komplekse?<\/p>\n<p>Asnj\u00eb arsye s\u2019do kishte, po fatkeq\u00ebsisht ka vet\u00ebm nj\u00eb: Shqip\u00ebria e tradh\u00ebtuar nga sundimtari i saj mund t\u2019i mbaj\u00eb n\u00eb kurriz edhe plehrat e bot\u00ebs p\u00ebrve\u00e7 t\u00eb vetave. Shqip\u00ebria e tradh\u00ebtuar nga qeveria e saj mund t\u00eb detyrohet t\u00eb haj\u00eb plehrat e bot\u00ebs pa b\u00ebr\u00eb naze. Shqip\u00ebria e s\u00ebmur\u00eb nga plag\u00ebt e saj mjedisore q\u00eb nuk kontrollon dot asgj\u00eb n\u00eb hyrjet e saj, mund t\u00eb g\u00eblltis\u00eb symbyllur edhe plehra radioaktive. Nj\u00ebsoj si Somalia, si Haiti, si Etiopia e si t\u00eb tjera vende q\u00eb e kan\u00eb paguar shtrenjt\u00eb, me l\u00ebkur\u00ebn e popullit, k\u00ebt\u00eb ushqim helmatik q\u00eb Saliu do t\u2019i fus\u00eb Shqip\u00ebris\u00eb n\u00eb bark me dhun\u00ebn e kartonave t\u00eb ngritur qorrazi nga shumica e tij e vjedhur.<\/p>\n<p>Ja edhe nj\u00eb arsye pse Saliu vodhi votat p\u00ebr t\u00eb q\u00ebndruar me pahir n\u00eb pushtet. Q\u00eb t\u00eb importoj\u00eb plehra e t\u2019ia fus\u00eb Shqip\u00ebris\u00eb n\u00eb fytin e s\u00ebmur\u00eb, nd\u00ebrkoh\u00eb q\u00eb ujrat e lumenjve po idhtohen nga papast\u00ebrtit\u00eb edhe pa plehrat e bot\u00ebs. Nd\u00ebrkoh\u00eb q\u00eb toka e buk\u00ebs po s\u00ebmuret nga papast\u00ebrtit\u00eb edhe pa plehrat e bot\u00ebs. Nd\u00ebrkoh\u00eb q\u00eb ushqimi i prodhuar n\u00eb vend po k\u00ebrc\u00ebnohet nga papast\u00ebrtit\u00eb edhe pa plehrat e bot\u00ebs.<\/p>\n<p>Presidenti i Republik\u00ebs e ktheu mbrapsht ligjin e plehrave q\u00eb rrezikojn\u00eb ta mbysin Shqip\u00ebrin\u00eb e p\u00ebrp\u00eblitur mes plehrave. Ne e kemi kund\u00ebrshtuar me z\u00eb t\u00eb lart\u00eb k\u00ebt\u00eb ligj dhe do ta kund\u00ebrshtojm\u00eb p\u00ebrs\u00ebri edhe m\u00eb fort. Saliu s\u2019ka dyshim se do ta mbroj\u00eb edhe m\u00eb me forc\u00eb. Duke mallkuar p\u00ebrs\u00ebri opozit\u00ebn dhe padyshim edhe Presidentin. I cili me siguri i\u2019a ka nxir\u00eb pamjen edhe m\u00eb zi se \u00e7\u2019e ka k\u00ebto koh\u00eb duke ia kthyer plehrat peshqesh n\u00eb der\u00ebn e Kuvendit, ku p\u00ebrbetohet se do ja b\u00ebj\u00eb opozit\u00ebs fytyr\u00ebn m\u00eb t\u00eb zez\u00eb se k\u00ebpuca tamam dit\u00ebn kur Bashkimi Europian i\u2019a ka kthyer p\u00ebr t\u00eb dyt\u00ebn her\u00eb, si askujt tjet\u00ebr, Shqip\u00ebris\u00eb s\u00eb qeverisur prej tij aplikimin p\u00ebr statusin e kandidatit.<\/p>\n<p>S\u2019ka dyshim se Saliu do ta ripaketoj\u00eb edhe nj\u00ebher\u00eb k\u00ebt\u00eb peshqesh dhe do u\u2019a \u00e7oj\u00eb shqiptar\u00ebve der\u00eb m\u00eb der\u00eb. T\u2019i g\u00ebzoni plehrat e bot\u00ebs, kjo \u00ebsht\u00eb nj\u00eb dit\u00eb e lumtur, nj\u00eb arritje historike, nj\u00eb vendimmarrje q\u00eb tregon se Shqip\u00ebria ka ndryshuar aq shum\u00eb sa mund t\u00eb marr\u00eb p\u00ebrsip\u00ebr t\u00eb leht\u00ebsoj\u00eb edhe bot\u00ebn nga barra plehrave q\u00eb bota s\u2019i mban dot n\u00eb oborrin e madh t\u00eb sht\u00ebpis\u00eb s\u00eb saj. Dhe mallkuar qoft\u00eb opozita q\u00eb s\u2019do plehrat e bot\u00ebs n\u00eb Shqip\u00ebri. Opozita, opozita, opozita, n\u00eb maj\u00eb t\u00eb gjuh\u00ebs p\u00ebr t\u00eb justifikuar \u00e7do d\u00ebshtim e krim si ky i importit t\u00eb plehrave q\u00eb ka vet\u00ebm nj\u00eb shkaktar: Qeverin\u00eb. Saliun.<\/p>\n<p>Opozita q\u00eb bllokoi integrimin me luft\u00ebn p\u00ebr vot\u00ebn e lir\u00eb, nd\u00ebrkoh\u00eb q\u00eb BE-ja thot\u00eb: S\u2019ka integrim, s\u2019ka status kandidati, s\u2019ka afrim t\u00eb m\u00ebtejsh\u00ebm drejt Brukselit pa zgjedhje t\u00eb lira. Opozita q\u00eb b\u00ebri pu\u00e7 me stilolapsa e \u00e7adra, nd\u00ebrkoh\u00eb q\u00eb BE-ja thot\u00eb: S\u2019ka kandidatur\u00eb p\u00ebr n\u00eb BE pa zbardhur deri n\u00eb fund 21 janarin e nd\u00ebshkuar ligj\u00ebrisht vrasjet. Opozita q\u00eb shpif, nd\u00ebrkoh\u00eb q\u00eb BE-ja thot\u00eb: Korrupsioni \u00ebsht\u00eb ngjitur n\u00eb maj\u00ebn e qeveris\u00eb. Opozita q\u00eb nxin realitetin e ekonomis\u00eb s\u00eb dyt\u00eb n\u00eb bot\u00eb pas Gjermanis\u00eb, nd\u00ebrkoh\u00eb q\u00eb BE-ja thot\u00eb: Ekonomia shqiptare \u00ebsht\u00eb n\u00eb regres. Opozita q\u00eb nuk voton ligjet me 3\/5-at, nd\u00ebrkoh\u00eb q\u00eb BE-ja thot\u00eb: Qeveria duhet t\u00eb krijoj\u00eb kushtet p\u00ebr nj\u00eb pro\u00e7es gjith\u00ebp\u00ebrfshir\u00ebs. Opozita q\u00eb propozon nj\u00eb pazar t\u00eb ndyr\u00eb me 10 pika, nd\u00ebrkoh\u00eb q\u00eb BE-ja thot\u00eb: 10 pikat e opozit\u00ebs mund t\u00eb jen\u00eb nj\u00eb baz\u00eb e mir\u00eb p\u00ebr t\u00eb dal\u00eb nga ng\u00ebr\u00e7i.<\/p>\n<p>N\u00ebse ndokush ka par\u00eb ndonj\u00eb opozit\u00eb n\u00eb bot\u00ebn demokratike q\u00eb t\u2019i vej\u00eb pas me karton jeshil n\u00eb dor\u00eb qeveris\u00eb le t\u00eb ma tregoj\u00eb. Un\u00eb kam par\u00eb vet\u00ebm qeveri q\u00eb i ven\u00eb pas opozit\u00ebs kur u duhet vota e saj. Jo duke i th\u00ebn\u00eb do t\u00eb ta b\u00ebj fytyr\u00ebn m\u00eb t\u00eb zez\u00eb se k\u00ebpuca, po bujrum t\u00eb flasim si mund t\u2019i b\u00ebjm\u00eb votat bashk\u00eb p\u00ebr k\u00ebt\u00eb ligj apo at\u00eb vendim madhor. S\u2019ka b\u00ebr\u00eb vaki ndokund n\u00eb vendet ish-komuniste q\u00eb sot jan\u00eb n\u00eb Bashkimin Europian kjo q\u00eb b\u00ebn vaki n\u00eb Shqip\u00ebri. Prandaj ata jan\u00eb atje ku jan\u00eb dhe ne jemi k\u00ebtu ku jemi, me plehrat tona mbi trup e plehrat e bot\u00ebs tek dera. Ata shkuan n\u00eb BE duke ndar\u00eb qart\u00eb \u00e7\u2019\u00ebsht\u00eb e shtetit dhe \u00e7\u2019\u00ebsht\u00eb e pushtetit.<\/p>\n<p>P\u00ebr \u00e7\u2019\u00ebsht\u00eb e shtetit u ul\u00ebn me opozit\u00ebn dhe punuan si t\u00eb barabart\u00eb p\u00ebr nj\u00eb kauz\u00eb komb\u00ebtare e historike, barabar t\u00eb r\u00ebnd\u00ebsishme p\u00ebr t\u00eb dyja pal\u00ebt. P\u00ebr \u00e7\u2019\u00ebsht\u00eb e pushtetit q\u00ebndruan p\u00ebrball\u00eb, nj\u00ebra pal\u00eb n\u00eb shumic\u00eb e tjetra n\u00eb pakic\u00eb, kund\u00ebr. Si kudo. Ja si dhe pse hyn\u00eb n\u00eb BE. Kurse k\u00ebtu, n\u00eb Shqip\u00ebri, Saliu thot\u00eb shteti dhe pushteti jan\u00eb nj\u00eb e t\u00eb pandar\u00eb, opozita \u00ebsht\u00eb armiku i Shqip\u00ebris\u00eb, i Bashkimit Europian, i bot\u00ebs mbar\u00eb. Celul\u00eb antieuropiane dhe bum me pushk\u00eb, bam me fjal\u00eb, bam e bum me shkat\u00ebrrime e me plehra q\u00eb oborri i tij t\u00eb pasurohet sa m\u00eb shum\u00eb dhe shteti t\u00eb b\u00ebhet hije q\u00eb e ndjek at\u00eb pas n\u00eb luft\u00ebn p\u00ebr heqjen qafe t\u00eb opozit\u00ebs.<\/p>\n<p>Kur e d\u00ebgjon at\u00eb dhe korin e tij q\u00eb k\u00ebrkon ta b\u00ebj\u00eb Shqip\u00ebrin\u00eb vendin e plehrave, duket sikur p\u00ebr t\u00eb gjitha gj\u00ebrat q\u00eb shkojn\u00eb s\u00eb prapthi e ka fajin opozita. Nd\u00ebrsa p\u00ebr gj\u00ebrat q\u00eb kan\u00eb vajtur mire si futja n\u00eb NATO apo liberalizimi i vizave merit\u00ebn e ka qeveria q\u00eb mundi opozit\u00ebn. Nd\u00ebrkoh\u00eb q\u00eb t\u00eb gjith\u00eb e din\u00eb se n\u00eb NATO hym\u00eb pasi b\u00ebm\u00eb paktin e reformat q\u00eb na u k\u00ebrkuan. Nd\u00ebrsa liberalizimi u b\u00eb pasi m\u00eb n\u00eb fund, me vite t\u00eb t\u00ebra vones\u00eb p\u00ebr shkak t\u00eb Saliut, BE-ja hoqi vizat p\u00ebr shqiptar\u00ebt p\u00ebr t\u00eb mbyllur projektin e saj t\u00eb l\u00ebvizjes s\u00eb lire, kur qeveria arriti t\u2019i b\u00ebnte detyrat e veta t\u00eb st\u00ebrprapambetura. T\u00eb cilat s\u2019kishin asnj\u00eb lidhje me opozit\u00ebn, po me pun\u00eb qeverie. Si mund t\u00eb shkojm\u00eb m\u00eb tej n\u00ebse nuk i referohemi p\u00ebrvoj\u00ebs s\u00eb parafutjes n\u00eb NATO? Si mund t\u00eb vazhdojm\u00eb m\u00eb tutje n\u00ebse dit\u00ebt e jav\u00ebt ikin k\u00ebshtu, me avazin e vjet\u00ebr t\u00eb opozit\u00ebs armike e t\u00eb qeveris\u00eb heroike? Si mund t\u00eb dalim nga provimi i dyt\u00eb ngel\u00ebs n\u00eb Bruksel me mendje t\u00eb mbledhur p\u00ebr t\u00eb kaluar provimin e tret\u00eb, n\u00ebse nuk ndajm\u00eb p\u00ebrgjegj\u00ebsit\u00eb dhe pun\u00ebt?<\/p>\n<p>Ne e dim\u00eb kush \u00ebsht\u00eb p\u00ebrgjegj\u00ebsia jon\u00eb dhe i kemi b\u00ebr\u00eb hapat tona, duke propozuar nj\u00eb pakt t\u00eb thjesht\u00eb, t\u00eb qart\u00eb, t\u00eb mjaftuesh\u00ebm si baz\u00eb diskutimi p\u00ebr gjetjen e pikave t\u00eb p\u00ebrbashk\u00ebta t\u00eb axhend\u00ebs s\u00eb integrimit. Saliu jo. Ai e ka mendjen sesi t\u00eb hedh\u00eb fajin mbi opozit\u00ebn dhe ta b\u00ebj\u00eb Shqip\u00ebrin\u00eb vendin e plehrave, duke nxjerr\u00eb fitime edhe nga plehrat e bot\u00ebs e jo vet\u00ebm nga parat\u00eb e shtetit, nga pasurit\u00eb publike, nga pronat e t\u00eb tjer\u00ebve. E pastaj s\u2019ka si mos ngat\u00ebrrohet kur flet n\u00eb publik e u thot\u00eb fshatar\u00ebve t\u00eb varf\u00ebr \u201cJu po punoni p\u00ebr t\u00eb mir\u00ebn e familjes time\u201d, sepse n\u00eb fakt kjo \u00ebsht\u00eb e v\u00ebrteta dhe aq shum\u00eb sa ai po merret ve\u00e7 me pun\u00ebt e tij n\u00eb kurriz t\u00eb njer\u00ebzis\u00eb, mendja e ka v\u00ebshtir\u00eb t\u00eb nd\u00ebrroj\u00eb gjthnj\u00eb marsh n\u00eb \u00e7astin e duhur.<\/p>\n<p>K\u00ebshtu s\u2019dihet sa zgjat, po \u00ebsht\u00eb e sigurt\u00eb q\u00eb p\u00ebr sa koh\u00eb t\u00eb zgjas\u00eb ka vet\u00ebm zvarritje mes plehrash.<\/p>\n","protected":false},"excerpt":{"rendered":"<p>Nga Edi Rama, 15 Tetor 2011 www.edirama.al Presidenti i Republik\u00ebs ktheu ligjin p\u00ebr importin e plehrave. Dhe b\u00ebri shum\u00eb mir\u00eb. Ai ligj s\u2019\u00ebsht\u00eb nj\u00eb ligj p\u00ebr Shqip\u00ebrin\u00eb Europiane. As p\u00ebr nj\u00eb Shqip\u00ebri m\u00eb t\u00eb past\u00ebr. Po \u00ebsht\u00eb nj\u00eb ligj p\u00ebr t\u00eb gangrenizuar me pasoja t\u00eb pallogaritshme sot plag\u00ebt e r\u00ebnda t\u00eb ndotjes s\u00eb Shqip\u00ebris\u00eb. Dihet [&hellip;]<\/p>\n","protected":false},"author":1,"featured_media":0,"comment_status":"open","ping_status":"closed","sticky":false,"template":"","format":"standard","meta":{"footnotes":""},"categories":[2],"tags":[],"class_list":{"0":"post-11019","1":"post","2":"type-post","3":"status-publish","4":"format-standard","6":"category-artikuj"},"yoast_head":"<!-- This site is optimized with the Yoast SEO plugin v27.4 - https:\/\/yoast.com\/product\/yoast-seo-wordpress\/ -->\n<title>Presidenti, plehrat, integrimi - FjALA e LIR\u00cb - Arkivi<\/title>\n<meta name=\"robots\" content=\"index, follow, max-snippet:-1, max-image-preview:large, max-video-preview:-1\" \/>\n<link rel=\"canonical\" href=\"https:\/\/fjala.info\/2009-2015\/presidenti-plehrat-integrimi\/\" \/>\n<meta property=\"og:locale\" content=\"sq_AL\" \/>\n<meta property=\"og:type\" content=\"article\" \/>\n<meta property=\"og:title\" content=\"Presidenti, plehrat, integrimi - FjALA e LIR\u00cb - Arkivi\" \/>\n<meta property=\"og:description\" content=\"Nga Edi Rama, 15 Tetor 2011 www.edirama.al Presidenti i Republik\u00ebs ktheu ligjin p\u00ebr importin e plehrave. Dhe b\u00ebri shum\u00eb mir\u00eb. Ai ligj s\u2019\u00ebsht\u00eb nj\u00eb ligj p\u00ebr Shqip\u00ebrin\u00eb Europiane. As p\u00ebr nj\u00eb Shqip\u00ebri m\u00eb t\u00eb past\u00ebr. Po \u00ebsht\u00eb nj\u00eb ligj p\u00ebr t\u00eb gangrenizuar me pasoja t\u00eb pallogaritshme sot plag\u00ebt e r\u00ebnda t\u00eb ndotjes s\u00eb Shqip\u00ebris\u00eb. Dihet [&hellip;]\" \/>\n<meta property=\"og:url\" content=\"https:\/\/fjala.info\/2009-2015\/presidenti-plehrat-integrimi\/\" \/>\n<meta property=\"og:site_name\" content=\"FjALA e LIR\u00cb - Arkivi\" \/>\n<meta property=\"article:published_time\" content=\"2011-10-16T09:00:35+00:00\" \/>\n<meta property=\"og:image\" content=\"http:\/\/www.shkoder.net\/images\/fjala\/2011\/edi_rama_new.jpg\" \/>\n<meta name=\"author\" content=\"admin\" \/>\n<meta name=\"twitter:card\" content=\"summary_large_image\" \/>\n<meta name=\"twitter:label1\" content=\"Written by\" \/>\n\t<meta name=\"twitter:data1\" content=\"admin\" \/>\n\t<meta name=\"twitter:label2\" content=\"Est. reading time\" \/>\n\t<meta name=\"twitter:data2\" content=\"9 minutes\" \/>\n<script type=\"application\/ld+json\" class=\"yoast-schema-graph\">{\"@context\":\"https:\\\/\\\/schema.org\",\"@graph\":[{\"@type\":\"Article\",\"@id\":\"https:\\\/\\\/fjala.info\\\/2009-2015\\\/presidenti-plehrat-integrimi\\\/#article\",\"isPartOf\":{\"@id\":\"https:\\\/\\\/fjala.info\\\/2009-2015\\\/presidenti-plehrat-integrimi\\\/\"},\"author\":{\"name\":\"admin\",\"@id\":\"https:\\\/\\\/fjala.info\\\/2009-2015\\\/#\\\/schema\\\/person\\\/3aa1163ef05469c496fc94e77611ada2\"},\"headline\":\"Presidenti, plehrat, integrimi\",\"datePublished\":\"2011-10-16T09:00:35+00:00\",\"mainEntityOfPage\":{\"@id\":\"https:\\\/\\\/fjala.info\\\/2009-2015\\\/presidenti-plehrat-integrimi\\\/\"},\"wordCount\":1867,\"commentCount\":0,\"publisher\":{\"@id\":\"https:\\\/\\\/fjala.info\\\/2009-2015\\\/#organization\"},\"image\":{\"@id\":\"https:\\\/\\\/fjala.info\\\/2009-2015\\\/presidenti-plehrat-integrimi\\\/#primaryimage\"},\"thumbnailUrl\":\"http:\\\/\\\/www.shkoder.net\\\/images\\\/fjala\\\/2011\\\/edi_rama_new.jpg\",\"articleSection\":[\"Artikuj\"],\"inLanguage\":\"sq-AL\",\"potentialAction\":[{\"@type\":\"CommentAction\",\"name\":\"Comment\",\"target\":[\"https:\\\/\\\/fjala.info\\\/2009-2015\\\/presidenti-plehrat-integrimi\\\/#respond\"]}]},{\"@type\":\"WebPage\",\"@id\":\"https:\\\/\\\/fjala.info\\\/2009-2015\\\/presidenti-plehrat-integrimi\\\/\",\"url\":\"https:\\\/\\\/fjala.info\\\/2009-2015\\\/presidenti-plehrat-integrimi\\\/\",\"name\":\"Presidenti, plehrat, integrimi - FjALA e LIR\u00cb - Arkivi\",\"isPartOf\":{\"@id\":\"https:\\\/\\\/fjala.info\\\/2009-2015\\\/#website\"},\"primaryImageOfPage\":{\"@id\":\"https:\\\/\\\/fjala.info\\\/2009-2015\\\/presidenti-plehrat-integrimi\\\/#primaryimage\"},\"image\":{\"@id\":\"https:\\\/\\\/fjala.info\\\/2009-2015\\\/presidenti-plehrat-integrimi\\\/#primaryimage\"},\"thumbnailUrl\":\"http:\\\/\\\/www.shkoder.net\\\/images\\\/fjala\\\/2011\\\/edi_rama_new.jpg\",\"datePublished\":\"2011-10-16T09:00:35+00:00\",\"breadcrumb\":{\"@id\":\"https:\\\/\\\/fjala.info\\\/2009-2015\\\/presidenti-plehrat-integrimi\\\/#breadcrumb\"},\"inLanguage\":\"sq-AL\",\"potentialAction\":[{\"@type\":\"ReadAction\",\"target\":[\"https:\\\/\\\/fjala.info\\\/2009-2015\\\/presidenti-plehrat-integrimi\\\/\"]}]},{\"@type\":\"ImageObject\",\"inLanguage\":\"sq-AL\",\"@id\":\"https:\\\/\\\/fjala.info\\\/2009-2015\\\/presidenti-plehrat-integrimi\\\/#primaryimage\",\"url\":\"http:\\\/\\\/www.shkoder.net\\\/images\\\/fjala\\\/2011\\\/edi_rama_new.jpg\",\"contentUrl\":\"http:\\\/\\\/www.shkoder.net\\\/images\\\/fjala\\\/2011\\\/edi_rama_new.jpg\"},{\"@type\":\"BreadcrumbList\",\"@id\":\"https:\\\/\\\/fjala.info\\\/2009-2015\\\/presidenti-plehrat-integrimi\\\/#breadcrumb\",\"itemListElement\":[{\"@type\":\"ListItem\",\"position\":1,\"name\":\"Home\",\"item\":\"https:\\\/\\\/fjala.info\\\/2009-2015\\\/\"},{\"@type\":\"ListItem\",\"position\":2,\"name\":\"Presidenti, plehrat, integrimi\"}]},{\"@type\":\"WebSite\",\"@id\":\"https:\\\/\\\/fjala.info\\\/2009-2015\\\/#website\",\"url\":\"https:\\\/\\\/fjala.info\\\/2009-2015\\\/\",\"name\":\"FjALA e LIR\u00cb - Arkivi\",\"description\":\"Arkivi 2009-2015\",\"publisher\":{\"@id\":\"https:\\\/\\\/fjala.info\\\/2009-2015\\\/#organization\"},\"potentialAction\":[{\"@type\":\"SearchAction\",\"target\":{\"@type\":\"EntryPoint\",\"urlTemplate\":\"https:\\\/\\\/fjala.info\\\/2009-2015\\\/?s={search_term_string}\"},\"query-input\":{\"@type\":\"PropertyValueSpecification\",\"valueRequired\":true,\"valueName\":\"search_term_string\"}}],\"inLanguage\":\"sq-AL\"},{\"@type\":\"Organization\",\"@id\":\"https:\\\/\\\/fjala.info\\\/2009-2015\\\/#organization\",\"name\":\"FjALA e LIR\u00cb - Arkivi\",\"url\":\"https:\\\/\\\/fjala.info\\\/2009-2015\\\/\",\"logo\":{\"@type\":\"ImageObject\",\"inLanguage\":\"sq-AL\",\"@id\":\"https:\\\/\\\/fjala.info\\\/2009-2015\\\/#\\\/schema\\\/logo\\\/image\\\/\",\"url\":\"\",\"contentUrl\":\"\",\"caption\":\"FjALA e LIR\u00cb - Arkivi\"},\"image\":{\"@id\":\"https:\\\/\\\/fjala.info\\\/2009-2015\\\/#\\\/schema\\\/logo\\\/image\\\/\"}},{\"@type\":\"Person\",\"@id\":\"https:\\\/\\\/fjala.info\\\/2009-2015\\\/#\\\/schema\\\/person\\\/3aa1163ef05469c496fc94e77611ada2\",\"name\":\"admin\",\"image\":{\"@type\":\"ImageObject\",\"inLanguage\":\"sq-AL\",\"@id\":\"https:\\\/\\\/fjala.info\\\/2009-2015\\\/wp-content\\\/uploads\\\/2012\\\/02\\\/arben_cokaj-120x150.jpg\",\"url\":\"https:\\\/\\\/fjala.info\\\/2009-2015\\\/wp-content\\\/uploads\\\/2012\\\/02\\\/arben_cokaj-120x150.jpg\",\"contentUrl\":\"https:\\\/\\\/fjala.info\\\/2009-2015\\\/wp-content\\\/uploads\\\/2012\\\/02\\\/arben_cokaj-120x150.jpg\",\"caption\":\"admin\"},\"description\":\"Admin, Fjala e Lir\u00eb\",\"sameAs\":[\"https:\\\/\\\/fjala.info\\\/\"],\"url\":\"https:\\\/\\\/fjala.info\\\/2009-2015\\\/author\\\/admin\\\/\"}]}<\/script>\n<!-- \/ Yoast SEO plugin. -->","yoast_head_json":{"title":"Presidenti, plehrat, integrimi - FjALA e LIR\u00cb - Arkivi","robots":{"index":"index","follow":"follow","max-snippet":"max-snippet:-1","max-image-preview":"max-image-preview:large","max-video-preview":"max-video-preview:-1"},"canonical":"https:\/\/fjala.info\/2009-2015\/presidenti-plehrat-integrimi\/","og_locale":"sq_AL","og_type":"article","og_title":"Presidenti, plehrat, integrimi - FjALA e LIR\u00cb - Arkivi","og_description":"Nga Edi Rama, 15 Tetor 2011 www.edirama.al Presidenti i Republik\u00ebs ktheu ligjin p\u00ebr importin e plehrave. Dhe b\u00ebri shum\u00eb mir\u00eb. Ai ligj s\u2019\u00ebsht\u00eb nj\u00eb ligj p\u00ebr Shqip\u00ebrin\u00eb Europiane. As p\u00ebr nj\u00eb Shqip\u00ebri m\u00eb t\u00eb past\u00ebr. Po \u00ebsht\u00eb nj\u00eb ligj p\u00ebr t\u00eb gangrenizuar me pasoja t\u00eb pallogaritshme sot plag\u00ebt e r\u00ebnda t\u00eb ndotjes s\u00eb Shqip\u00ebris\u00eb. Dihet [&hellip;]","og_url":"https:\/\/fjala.info\/2009-2015\/presidenti-plehrat-integrimi\/","og_site_name":"FjALA e LIR\u00cb - Arkivi","article_published_time":"2011-10-16T09:00:35+00:00","og_image":[{"url":"http:\/\/www.shkoder.net\/images\/fjala\/2011\/edi_rama_new.jpg","type":"","width":"","height":""}],"author":"admin","twitter_card":"summary_large_image","twitter_misc":{"Written by":"admin","Est. reading time":"9 minutes"},"schema":{"@context":"https:\/\/schema.org","@graph":[{"@type":"Article","@id":"https:\/\/fjala.info\/2009-2015\/presidenti-plehrat-integrimi\/#article","isPartOf":{"@id":"https:\/\/fjala.info\/2009-2015\/presidenti-plehrat-integrimi\/"},"author":{"name":"admin","@id":"https:\/\/fjala.info\/2009-2015\/#\/schema\/person\/3aa1163ef05469c496fc94e77611ada2"},"headline":"Presidenti, plehrat, integrimi","datePublished":"2011-10-16T09:00:35+00:00","mainEntityOfPage":{"@id":"https:\/\/fjala.info\/2009-2015\/presidenti-plehrat-integrimi\/"},"wordCount":1867,"commentCount":0,"publisher":{"@id":"https:\/\/fjala.info\/2009-2015\/#organization"},"image":{"@id":"https:\/\/fjala.info\/2009-2015\/presidenti-plehrat-integrimi\/#primaryimage"},"thumbnailUrl":"http:\/\/www.shkoder.net\/images\/fjala\/2011\/edi_rama_new.jpg","articleSection":["Artikuj"],"inLanguage":"sq-AL","potentialAction":[{"@type":"CommentAction","name":"Comment","target":["https:\/\/fjala.info\/2009-2015\/presidenti-plehrat-integrimi\/#respond"]}]},{"@type":"WebPage","@id":"https:\/\/fjala.info\/2009-2015\/presidenti-plehrat-integrimi\/","url":"https:\/\/fjala.info\/2009-2015\/presidenti-plehrat-integrimi\/","name":"Presidenti, plehrat, integrimi - FjALA e LIR\u00cb - Arkivi","isPartOf":{"@id":"https:\/\/fjala.info\/2009-2015\/#website"},"primaryImageOfPage":{"@id":"https:\/\/fjala.info\/2009-2015\/presidenti-plehrat-integrimi\/#primaryimage"},"image":{"@id":"https:\/\/fjala.info\/2009-2015\/presidenti-plehrat-integrimi\/#primaryimage"},"thumbnailUrl":"http:\/\/www.shkoder.net\/images\/fjala\/2011\/edi_rama_new.jpg","datePublished":"2011-10-16T09:00:35+00:00","breadcrumb":{"@id":"https:\/\/fjala.info\/2009-2015\/presidenti-plehrat-integrimi\/#breadcrumb"},"inLanguage":"sq-AL","potentialAction":[{"@type":"ReadAction","target":["https:\/\/fjala.info\/2009-2015\/presidenti-plehrat-integrimi\/"]}]},{"@type":"ImageObject","inLanguage":"sq-AL","@id":"https:\/\/fjala.info\/2009-2015\/presidenti-plehrat-integrimi\/#primaryimage","url":"http:\/\/www.shkoder.net\/images\/fjala\/2011\/edi_rama_new.jpg","contentUrl":"http:\/\/www.shkoder.net\/images\/fjala\/2011\/edi_rama_new.jpg"},{"@type":"BreadcrumbList","@id":"https:\/\/fjala.info\/2009-2015\/presidenti-plehrat-integrimi\/#breadcrumb","itemListElement":[{"@type":"ListItem","position":1,"name":"Home","item":"https:\/\/fjala.info\/2009-2015\/"},{"@type":"ListItem","position":2,"name":"Presidenti, plehrat, integrimi"}]},{"@type":"WebSite","@id":"https:\/\/fjala.info\/2009-2015\/#website","url":"https:\/\/fjala.info\/2009-2015\/","name":"FjALA e LIR\u00cb - Arkivi","description":"Arkivi 2009-2015","publisher":{"@id":"https:\/\/fjala.info\/2009-2015\/#organization"},"potentialAction":[{"@type":"SearchAction","target":{"@type":"EntryPoint","urlTemplate":"https:\/\/fjala.info\/2009-2015\/?s={search_term_string}"},"query-input":{"@type":"PropertyValueSpecification","valueRequired":true,"valueName":"search_term_string"}}],"inLanguage":"sq-AL"},{"@type":"Organization","@id":"https:\/\/fjala.info\/2009-2015\/#organization","name":"FjALA e LIR\u00cb - Arkivi","url":"https:\/\/fjala.info\/2009-2015\/","logo":{"@type":"ImageObject","inLanguage":"sq-AL","@id":"https:\/\/fjala.info\/2009-2015\/#\/schema\/logo\/image\/","url":"","contentUrl":"","caption":"FjALA e LIR\u00cb - Arkivi"},"image":{"@id":"https:\/\/fjala.info\/2009-2015\/#\/schema\/logo\/image\/"}},{"@type":"Person","@id":"https:\/\/fjala.info\/2009-2015\/#\/schema\/person\/3aa1163ef05469c496fc94e77611ada2","name":"admin","image":{"@type":"ImageObject","inLanguage":"sq-AL","@id":"https:\/\/fjala.info\/2009-2015\/wp-content\/uploads\/2012\/02\/arben_cokaj-120x150.jpg","url":"https:\/\/fjala.info\/2009-2015\/wp-content\/uploads\/2012\/02\/arben_cokaj-120x150.jpg","contentUrl":"https:\/\/fjala.info\/2009-2015\/wp-content\/uploads\/2012\/02\/arben_cokaj-120x150.jpg","caption":"admin"},"description":"Admin, Fjala e Lir\u00eb","sameAs":["https:\/\/fjala.info\/"],"url":"https:\/\/fjala.info\/2009-2015\/author\/admin\/"}]}},"_links":{"self":[{"href":"https:\/\/fjala.info\/2009-2015\/wp-json\/wp\/v2\/posts\/11019","targetHints":{"allow":["GET"]}}],"collection":[{"href":"https:\/\/fjala.info\/2009-2015\/wp-json\/wp\/v2\/posts"}],"about":[{"href":"https:\/\/fjala.info\/2009-2015\/wp-json\/wp\/v2\/types\/post"}],"author":[{"embeddable":true,"href":"https:\/\/fjala.info\/2009-2015\/wp-json\/wp\/v2\/users\/1"}],"replies":[{"embeddable":true,"href":"https:\/\/fjala.info\/2009-2015\/wp-json\/wp\/v2\/comments?post=11019"}],"version-history":[{"count":0,"href":"https:\/\/fjala.info\/2009-2015\/wp-json\/wp\/v2\/posts\/11019\/revisions"}],"wp:attachment":[{"href":"https:\/\/fjala.info\/2009-2015\/wp-json\/wp\/v2\/media?parent=11019"}],"wp:term":[{"taxonomy":"category","embeddable":true,"href":"https:\/\/fjala.info\/2009-2015\/wp-json\/wp\/v2\/categories?post=11019"},{"taxonomy":"post_tag","embeddable":true,"href":"https:\/\/fjala.info\/2009-2015\/wp-json\/wp\/v2\/tags?post=11019"}],"curies":[{"name":"wp","href":"https:\/\/api.w.org\/{rel}","templated":true}]}}