{"id":11014,"date":"2011-10-15T22:40:20","date_gmt":"2011-10-15T21:40:20","guid":{"rendered":"http:\/\/fjala.shkoder.net\/?p=11014"},"modified":"2011-10-15T22:40:20","modified_gmt":"2011-10-15T21:40:20","slug":"mbi-ish-komunist-anti-komunistet-tane","status":"publish","type":"post","link":"https:\/\/fjala.info\/2009-2015\/mbi-ish-komunist-anti-komunistet-tane\/","title":{"rendered":"Mbi ish-komunist &#8211; anti-komunist\u00ebt tan\u00eb!"},"content":{"rendered":"<p><img decoding=\"async\" class=\"alignright size-thumbnail wp-image-7236\" title=\"Basha - Saliu\" src=\"http:\/\/www.shkoder.net\/images\/fjala\/2011\/basha_berisha1.jpg\" alt=\"\" width=\"300\" \/> Nga <strong>Ki\u00e7o Blushi<\/strong><\/p>\n<p>Pas shembjes s\u00eb shtatoreve t\u00eb Enverit, pasi u pa q\u00eb komunizmit i ran\u00eb dhemb\u00ebt e patkonjt\u00eb, shum\u00ebkush u hakat t\u00eb shtirej publikisht sikur kishte pas qen\u00eb antikomunist i thekur, i p\u00ebrbetuar, i bindur, i fshehur, i papajtuesh\u00ebm, i shum\u00ebvuajtur, dmth nj\u00eb kund\u00ebrshtar i heshtur e i vendosur p\u00ebr ta p\u00ebrmbysur nj\u00eb sahat e m\u00eb par\u00eb at\u00eb regjim t\u00eb urryer. N\u00eb mbar\u00eb Lindjen nuk besoj t\u00eb ket\u00eb pasur m\u00eb shum\u00eb disident\u00eb t\u00eb vet\u00ebshpallur sa tek ne!<\/p>\n<p>\u00cbndrra e tyre pask\u00ebsh qen\u00eb jo vet\u00ebm demokracia per\u00ebndimore e sidomos ajo amerikane, por edhe si t\u00eb gjendeshin p\u00ebrball\u00eb Enverit apo Mehmetit q\u00eb t\u2019u tregonin vendin e pse jo, edhe t\u2019ua vishnin me shpull\u00eb! P\u00ebrdit\u00eb dalin n\u00eb media antikomunist\u00eb t\u00eb or\u00ebs s\u00eb von\u00eb, ndaj sot duket e natyrshme pyetja: pas nj\u00ebzet vjet\u00ebsh nga shembja e diktatur\u00ebs, p\u00ebrse lipset, dhe sa kushton e sa vlen sot pasaporta e nj\u00eb \u201cantikomunisti pas pilafit\u201d?<\/p>\n<p>N\u00ebse n\u00eb krye t\u00eb shtetit nuk do t\u00eb kishim nj\u00eb ishkomunist-antikomunist, si Berisha, i cili, mesa duket \u00ebsht\u00eb i detyruar, p\u00ebr hir t\u00eb kompleksit t\u00eb s\u00eb kaluar\u00ebs, meq\u00eb ka pas qen\u00eb sekretar partie n\u00eb spital e mjek i besuar n\u00eb Bllok, t\u00eb jap\u00eb p\u00ebrdit\u00eb prova se p\u00ebrnj\u00ebmend ka pas qen\u00eb nj\u00eb demokrat i thekur, nj\u00eb antikomunist i vendosur, me siguri nj\u00eb certifikat\u00eb e till\u00eb \u201cpast\u00ebrtie\u201d nuk do t\u00eb kishte sot asnj\u00eb vler\u00eb!<\/p>\n<p>Tash nuk habitet njeri kur d\u00ebgjon e shikon se si antikomunist\u00eb t\u00eb eg\u00ebr e t\u00eb pamposhtur jan\u00eb shfaqur edhe ata q\u00eb pat\u00ebn jetuar e sh\u00ebrbyer n\u00eb Bllok, ata q\u00eb kishin qen\u00eb spiun\u00eb, sigurimsa, sejmen\u00eb, sekretar\u00eb, hetues, instruktor\u00eb, oborrtar\u00eb, an\u00ebtar\u00eb t\u00eb KQ-s\u00eb, me nj\u00eb fjal\u00eb ish-komunist\u00ebt m\u00eb fanatik\u00eb, ata sahanl\u00ebpir\u00ebs t\u00eb cil\u00ebt kur vdiq diktatori k\u00ebng\u00ebzonin n\u00ebp\u00ebr vargje \u201cle t\u00eb m\u00eb pritet krahu me shiritin e zi\u201d, nd\u00ebrsa n\u00ebp\u00ebr lagje, organizata e kafenera kumtonin hapur e me z\u00eb t\u00eb lart\u00eb se jo vet\u00ebm jeta e tyre, por edhe e Shqip\u00ebris\u00eb, tash e tutje, meq\u00eb nuk ishte gjall\u00eb diktatori, do t\u00eb ishte pa kuptim, n\u00eb udh\u00ebkryq, n\u00eb rrezik\u2026<\/p>\n<p>Nuk di t\u00eb them sa dhe si \u00ebsht\u00eb tjet\u00ebrsuar e shk\u00ebrb\u00ebr\u00eb moralisht shoq\u00ebria shqiptare n\u00eb k\u00ebto nj\u00ebzet vjet, por gjithsesi morali, kufiri mes nderit dhe posht\u00ebrsis\u00eb ka p\u00ebsuar \u00e7arje tejetej, aq sa njeriu p\u00ebr njeriun nuk \u00ebsht\u00eb vet\u00ebm ujk (babai vret djalin, djali vret baban\u00eb, i panjohuri akuzon t\u00eb panjohurin\u2026), por edhe viktim\u00eb e s\u00eb kaluar\u00ebs, e luft\u00ebs s\u00eb klasave, e \u201czgjedhjes\u201d dhe em\u00ebrimit t\u00eb derrave, si n\u00eb \u201cFerm\u00ebn\u201d e Orwellit, n\u00eb krye t\u00eb shoq\u00ebris\u00eb\u2026<\/p>\n<p>Aq sa kryeministri i vendit, n\u00eb dit\u00ebn q\u00eb na mohohet statusi i vendit kandidat, nga salla e Kuvendit nuk m\u00ebnon t\u00eb faj\u00ebsoj\u00eb opozit\u00ebn si \u201cbij ideologjik\u00eb t\u00eb et\u00ebrve komunist\u00eb\u201d, e p\u00ebr k\u00ebt\u00eb \u201cshkak\u201d nuk ngurron t\u2019i k\u00ebrc\u00ebnoj\u00eb edhe me vdekje, duke deklaruar, si nj\u00eb taleban\u00eb shembullor komunist se armiqve t\u00eb tij ai \u201cdo t\u2019ua b\u00ebj\u00eb fytyr\u00ebn m\u00eb t\u00eb zez\u00eb se k\u00ebpuca!\u201d. Kjo \u00ebsht\u00eb gjuha e p\u00ebrditshme e ishkomunisto-antikomunist\u00ebve tan\u00eb! Ja p\u00ebrse Evropa na mbylli der\u00ebn p\u00ebr her\u00eb t\u00eb dyt\u00eb!<\/p>\n<p>* * *<\/p>\n<p>Hemingueji thot\u00eb diku se karakterin as nuk ta jep e as nuk ta ndryshon dot nj\u00eb sistem politik; sipas tij i poshtri dhe delenxhiu i till\u00eb \u00ebsht\u00eb edhe n\u00eb diktatur\u00eb, edhe n\u00eb demokraci, vet\u00ebm maska ndryshon. Vet\u00ebm se Hemingueji nuk e ka ditur fuqin\u00eb e tjet\u00ebrsimit brenda nat\u00ebs, t\u00eb kthes\u00ebs 180 grad\u00eb n\u00eb periudh\u00ebn e tranzicionit, kur diktatura z\u00ebvend\u00ebsohet me demokraci, kur duket e natyrshme, e drejt\u00eb dhe e moralshme q\u00eb m\u00eb faqezinjt\u00eb dhe m\u00eb t\u00eb pafytyr\u00ebt e diktatur\u00ebs t\u00eb b\u00ebhen Vipa, t\u00eb sundojn\u00eb ligjin e pronat, gjykatat dhe privatizimet, podiumet dhe ekranet, vet\u00ebm pse ata jan\u00eb vet\u00ebshpallur, ashtu si Berisha, antikomunist\u00eb t\u00eb vendosur, me parull\u00ebn \u201crroft\u00eb mbreti, posht\u00eb mbreti\u201d, duke korrur, bash p\u00ebr k\u00ebt\u00eb arsye, edhe sukses, edhe lavdi, edhe pushtet, edhe pasuri! Pse jo, edhe imunitet t\u00eb pakufizuar: nj\u00eb ishkomunist-antikomunisti i lejohet t\u00eb thot\u00eb e t\u00eb b\u00ebj\u00eb si t\u00eb doj\u00eb, me argumentin se \u201cmjaft kemi vuajtur n\u00ebn diktatur\u00eb, tani ka ardhur dita jon\u00eb!\u201d\u2026<\/p>\n<p>N\u00eb k\u00ebt\u00eb shakullim\u00eb morale gjindja detyrohet t\u00eb gjykoj\u00eb e t\u00eb mendoj\u00eb: hesht, bindu, mos fol, se \u00ebsht\u00eb tejet e rrezikshme t\u00eb ngat\u00ebrrohesh me k\u00ebta t\u00eb tjet\u00ebrsuar politikisht, prandaj mos u thuaj \u00e7\u2019kan\u00eb pas qen\u00eb dje e \u00e7\u2019jan\u00eb realisht sot, pasi, derisa ata jan\u00eb aq t\u00eb paturpsh\u00ebm sa e quajn\u00eb t\u00eb moralshme e men\u00e7uri parull\u00ebn \u201crroft\u00eb mbreti, posht\u00eb mbreti!\u201d, p\u00ebr t\u00eb justifikuar munges\u00ebn e moralit e t\u00eb cip\u00ebs, at\u00ebher\u00eb a do t\u00eb druhen ata t\u00eb t\u00eb b\u00ebjn\u00eb pis edhe ty q\u00eb nuk ke asnj\u00eb faj? Kjo sjellje agresive, e trash\u00ebguar nga agjitpropi komunisto-fashist, n\u00eb nj\u00eb demokraci normale do t\u00eb dukej absurde, por ama, deri m\u00eb sot, tek ne kjo yrryshnaj\u00eb mediatike shpifsharrjesh ka dal\u00eb jo vet\u00ebm e justifikuar, or edhe rezultative, sepse:<\/p>\n<p>1. Berisha kujton e beson se ka lar\u00eb e shp\u00eblar\u00eb k\u00ebsisoj fytyr\u00ebn e vet nga gjynahet e s\u00eb kaluar\u00ebs;<\/p>\n<p>2. Se k\u00ebsisoj bind militant\u00ebt, t\u00eb persekutuarit dhe t\u00eb vuajturit e diktatur\u00ebs se ai ka qen\u00eb dhe \u00ebsht\u00eb v\u00ebrtet nj\u00eb antikomunist i vendosur q\u00eb i p\u00ebrfaq\u00ebson denj\u00ebsisht;<\/p>\n<p>3. Se kjo \u00ebsht\u00eb m\u00ebnyra m\u00eb e mir\u00eb p\u00ebr t\u00eb paralizuar dhe trembur kund\u00ebrshtar\u00ebt, rival\u00ebt dhe vart\u00ebsit;<\/p>\n<p>4. Se anashkalon problemet e dit\u00ebs, ng\u00ebr\u00e7in, vendin e fundit n\u00eb procesin e integrimit, varf\u00ebrin\u00eb, korrupsionin, etj;<\/p>\n<p>5. Se kap\u00ebrcen pa shum\u00eb kosto e mundim hendekun q\u00eb ndan t\u00eb majtin ekstrem nga i djathti ekstrem;<\/p>\n<p>6. M\u00eb kryesorja: u hedh hi syve nd\u00ebrkomb\u00ebtar\u00ebve duke u shtirur si i vetmi antikomunist i vendosur n\u00eb t\u00eb gjith\u00eb klas\u00ebn politike\u2026<\/p>\n<p>Kaq mjafton e tepron p\u00ebr t\u00eb helmuar gjith\u00eb klim\u00ebn shoq\u00ebrore e politike n\u00eb nj\u00eb vend t\u00eb vog\u00ebl e t\u00eb varf\u00ebr si Shqip\u00ebria. Zor t\u00eb gjesh nj\u00eb shqiptar normal q\u00eb nuk e kupton se gjuha e urrejtjes e ishkomunist-antikomunist\u00ebve tan\u00eb \u00ebsht\u00eb gjuha m\u00eb e ndyr\u00eb e m\u00eb e p\u00ebshtir\u00eb, gjuh\u00eb q\u00eb prej luft\u00ebs s\u00eb dyt\u00eb bot\u00ebrore e t\u00ebhu po helmon e p\u00ebr\u00e7an tejemban\u00eb gjith\u00eb shoq\u00ebrin\u00eb, pasi komunist-antikomunist\u00ebt e din\u00eb se vet\u00ebm k\u00ebsisoj mund t\u00eb llahtarisin e t\u00eb detyrojn\u00eb t\u00eb mbyllin goj\u00ebn jo vet\u00ebm naiv\u00ebt, gazetar\u00ebt, zgjedh\u00ebsit, idealist\u00ebt e mbetur e t\u00eb pafajshmit, por edhe kund\u00ebrshtar\u00ebt politik\u00eb\u2026<\/p>\n<p>\u00cbsht\u00eb kjo \u201cmagji\u201d q\u00eb e b\u00ebn Berish\u00ebn t\u00eb sundoj\u00eb leht\u00ebsisht, mbi nj\u00ebzet e kusur vjet, n\u00ebp\u00ebrmjet agresionit, frik\u00ebs, terrorit, posht\u00ebrimit, shpifjes, p\u00ebrbaltjes, eliminimit, duke u mburrur sikur, medemek, ka ardhur n\u00eb pushtet \u201cme vota t\u00eb lira dhe demokratike\u201d, pa\u00e7ka se \u201cvota\u201d shoq\u00ebrohet m\u00eb pas me dhun\u00eb t\u00eb pasosur e t\u00eb pap\u00ebrballueshme verbale. Diktator\u00ebt e mbjellin frik\u00ebn me ndihm\u00ebn e policis\u00eb sekrete dhe ligjeve diktatoriale, nd\u00ebrsa vet\u00eb, kur dalin n\u00eb publik, rr\u00ebfejn\u00eb paqe, mir\u00ebsi e dashuri t\u00eb pakufi p\u00ebr popullin, kurse n\u00eb k\u00ebt\u00eb gjasme demokraci, n\u00eb munges\u00eb t\u00eb \u201csigurimit\u201d apo t\u00eb nj\u00eb SHIK-u gazidedas, k\u00ebt\u00eb detyr\u00eb e kryen vet\u00eb shefi i madh me terror dhe agresivitet q\u00eb ushtrohet p\u00ebrdit\u00eb n\u00ebp\u00ebr media\u2026.Kjo \u00ebsht\u00eb arma ideologjike m\u00eb efikase, e trash\u00ebguar nga diktatura, e ishkomunist-antikomunist\u00ebve t\u00eb sot\u00ebm!<\/p>\n<p>* * *<\/p>\n<p>Sigurisht, njeriu q\u00eb nuk ndryshon \u00ebsht\u00eb gur, shoq\u00ebria q\u00eb nuk ndryshon mbetet n\u00eb vendnum\u00ebro e rrezikohet t\u00eb jet\u00eb primitive, nd\u00ebrsa kur nj\u00eb ish- komunist fanatik transformohet brenda nat\u00ebs n\u00eb antikomunist fanatik, nuk \u00ebsht\u00eb thjesht nj\u00eb kameleon, por nj\u00eb medalje e kthyer nga ana tjet\u00ebr dhe e varur n\u00eb xhaket\u00ebn e nj\u00eb \u201cdisidenti\u201d pa moral, pa turp e pa cip\u00eb! N\u00eb vitet e para t\u00eb demokracis\u00eb nuk kishte kaq shum\u00eb ish-komunist\u00eb antikomunist\u00eb t\u00eb vet\u00ebshpallur e t\u00eb vendosur sa kemi sot. T\u00eb till\u00eb po dalin madje edhe ish-kryeredaktor\u00ebt e \u201cZP\u201d-s\u00eb, mjek\u00ebt q\u00eb kan\u00eb kuruar byroist\u00ebt, ata q\u00eb kan\u00eb punuar n\u00eb aparatin e agjitpropit n\u00eb selin\u00eb K.Q., hetuesit dhe prokuror\u00ebt; t\u00eb gjith\u00eb k\u00ebta e paskan urryer diktatur\u00ebn, madje paskan punuar p\u00ebr ta p\u00ebrmbysur e g\u00ebrryer at\u00eb nga brenda!<\/p>\n<p>Nj\u00eb ish-diplomat i asaj kohe e ka shprehur bukurfort anti-komunizmin e vet duke th\u00ebn\u00eb se i persekutuar n\u00eb t\u00eb v\u00ebrtet\u00eb ka pas qen\u00eb ai q\u00eb ka qen\u00eb i detyruar t\u00eb jetonte jasht\u00eb, n\u00eb ambasad\u00eb dhe jo ne q\u00eb jetonim k\u00ebtu, sepse, sipas tij, nuk paska vuajtje m\u00eb t\u00eb madhe se t\u00eb shikosh me syt\u00eb e tu se sa i lul\u00ebzuar dhe i begat\u00eb \u00ebsht\u00eb kapitalizmi, nd\u00ebrsa kur vinte k\u00ebtu detyrohej t\u00eb thosh se Per\u00ebndimi jetonte n\u00eb miz\u00ebrie e n\u00eb skamje! Nj\u00eb ish-hetues n\u00eb nj\u00eb bised\u00eb me shokun e vet t\u00eb f\u00ebmij\u00ebris\u00eb, ish i burgosur, i pat th\u00ebn\u00eb me sinqeritet \u201cantikomunist kam qen\u00eb un\u00eb, se un\u00eb kam futur n\u00eb burg komunist\u00eb, kryetar\u00eb kooperativash, an\u00ebtar\u00eb t\u00eb KQ-s\u00eb, madje edhe t\u00eb byros\u00eb politike.<\/p>\n<p>Pra, kush e ka shkat\u00ebrruar komunizmin m\u00eb shum\u00eb, un\u00eb, apo ti q\u00eb u fute n\u00eb burg?\u201d Nuk kan\u00eb t\u00eb sosur vjershat e tregimet me disidenc\u00eb t\u00eb habitshme q\u00eb botohen sot, pas tridhjet\u00eb e ca vjet\u00ebsh, me data \u201cn\u00eb sirtar\u201d nga koha e diktatur\u00ebs, p\u00ebr t\u00eb provuar se autor\u00ebt e tyre kan\u00eb qen\u00eb \u201canti\u201d, shum\u00eb koh\u00eb para pluralizmit\u2026 Ditare e kujtime pafund, p\u00ebrher\u00eb ama me d\u00ebshmitar\u00eb t\u00eb vdekur, ministra e kryeministra, p\u00ebr t\u00eb provuar \u201cantin\u201d e fshehur\u2026Nj\u00eb disident i till\u00eb i vonuar para ca dit\u00ebsh rr\u00ebfeu n\u00eb nj\u00eb intervist\u00eb se familja e tij pat vuajtur shum\u00eb nga diktatura se\u2026se v\u00ebllez\u00ebrit e tij i pat nisur jasht\u00eb, p\u00ebr studime\u2026<\/p>\n<p>Kurse at\u00eb vet\u00eb e pat\u00ebn em\u00ebruar n\u00eb Z\u00ebrin e Rinis\u00eb si gazetar, por ama nuk i dhan\u00eb flet\u00eb kampi p\u00ebr n\u00eb jug, se Sigurimi dyshonte q\u00eb ai mund t\u00eb arratisej\u2026 E megjithat\u00eb ky \u201cdisident\u201d i kamufluar ia pat treguar vendin diktatur\u00ebs dhe Byros\u00eb: kur kishte qen\u00eb n\u00eb Shkoll\u00ebn e Bashkuar, pat ardhur p\u00ebr inspektim ish ministri i Mbrojtjes, Balluku, i cili kishte v\u00ebn\u00eb re n\u00eb rresht kadetin n\u00eb fjal\u00eb q\u00eb po qante pa z\u00eb\u2026.Pse po qan ky? &#8211; Kishte pyetur Balluku. Se nuk i p\u00eblqen kjo shkoll\u00eb\u2026At\u00ebher\u00eb hiqeni!\u2026Kjo ishte, me nder jush, dhj\u2026.ja!<\/p>\n<p>Mund t\u00eb sillen pa fund shembuj t\u00eb till\u00eb disidence kur edhe \u201cprofesor\u00ebt\u201d q\u00eb e pat\u00ebm marr\u00eb k\u00ebt\u00eb titull me vepra kund\u00ebr artit dekadent e p\u00ebr k\u00ebt\u00eb merit\u00eb b\u00ebheshin madje edhe ministra, sot shkruajn\u00eb libra p\u00ebr lart\u00ebsimin e zbulimin e artit t\u00eb mohuar \u201cdekadent\u201d, duke dh\u00ebn\u00eb prova \u201ckok\u00ebforta\u201d me d\u00ebshmitar\u00eb t\u00eb vdekur se ata ishin kund\u00ebr, se e shanin n\u00eb sht\u00ebpi diktatur\u00ebn dhe Enverin dhe se\u2026<\/p>\n<p>Nj\u00eb \u201cprofesori\u201d t\u00eb till\u00eb, Todi Lubonja i tha at\u00eb fjalin\u00eb lapidare, t\u00eb cil\u00ebn nuk e harroj, ndaj po e p\u00ebrs\u00ebris \u201cInteresant, ne q\u00eb e donim Enverin na futi n\u00eb burg, ju q\u00eb e shanit ju b\u00ebri ministra!\u201d\u2026Sa her\u00eb d\u00ebgjoj histori t\u00eb tilla disident\u00ebsh t\u00eb vet\u00ebshpallur, pyes veten: p\u00ebrse u lipset kjo \u201cpasaport\u00eb\u201d pleq\u00ebrie, e cila ua nxin edhe m\u00eb shum\u00eb fytyr\u00ebn k\u00ebtyre njer\u00ebzve pa dinjitet, pa din e pa iman? Kujt ia tregojn\u00eb k\u00ebt\u00eb \u201cpasaport\u00eb\u201d false, t\u00eb ndyr\u00eb e t\u00eb panevojshme, Berish\u00ebs, q\u00eb ky t\u2019i marr\u00eb me sy t\u00eb mir\u00eb e t\u2019u hedh\u00eb nj\u00eb kock\u00eb, nj\u00eb grad\u00eb, nj\u00eb pension special, nj\u00eb fjal\u00eb t\u00eb mir\u00eb, nj\u00eb dekorat\u00eb, nj\u00eb kuror\u00eb pas vdekjes?&#8230;<\/p>\n<p>E, tek e fundit, \u00e7\u2019do t\u00eb fitojn\u00eb, p\u00ebrve\u00e7 vet\u00ebleqendisjes t\u00eb m\u00ebtutejshme morale?<\/p>\n<p>Sistemi nj\u00ebpartiak prandaj nuk kaloi natyrsh\u00ebm n\u00eb pluraliz\u00ebm, por n\u00eb nj\u00eb sistem shum\u00ebfytyr\u00ebsh, m\u00eb sak, t\u00eb pafytyr\u00ebsh. Prandaj antikomunizmi nuk erdhi si nj\u00eb platform\u00eb e re politike e t\u00eb djatht\u00ebs tradicionale. Prandaj n\u00eb pushtet nuk erdh\u00ebn ish t\u00eb p\u00ebrndjekurit, ish t\u00eb burgosurit politik\u00eb, disident\u00ebt e v\u00ebrtet\u00eb, por ish-komunist\u00ebt e konvertuar n\u00eb antikomunist\u00eb brenda nj\u00eb nate, ata q\u00eb djall\u00ebzisht shpall\u00ebn t\u00eb vetmen \u201cplatform\u00eb\u201d t\u00eb gjith\u00eb jemi edhe bashk\u00ebvuajt\u00ebs, edhe bashk\u00ebfajtor\u00eb.<\/p>\n<p>Sepse antikomunizmi i k\u00ebsollojt\u00eb u b\u00eb nj\u00eb patent\u00eb e \u00e7muar dhe dobiprur\u00ebse, patent\u00eb q\u00eb mund t\u00eb fitohej kollaj, pa b\u00ebr\u00eb as kurs partie, pa qen\u00eb e nevojshme t\u00eb jepen \u201cprova\u201d persekutimi, sakrificash e meritash, por vet\u00ebm duke ul\u00ebritur, brohoritur e ndjekur udh\u00ebheq\u00ebsin e ri ishkomunisto-astantikomunist n\u00ebp\u00ebr mitingje, sh\u00ebmb\u00eblltyr\u00ebn e atij q\u00eb u p\u00ebrmbys pas vdekjes, Enverit, t\u00eb cilin, mesa duket ishkomunist-antikomunist\u00ebt tan\u00eb nuk e l\u00ebn\u00eb jo vet\u00ebm q\u00eb t\u00eb harrohet, por as edhe t\u00eb vdes\u00eb\u2026!<\/p>\n","protected":false},"excerpt":{"rendered":"<p>Nga Ki\u00e7o Blushi Pas shembjes s\u00eb shtatoreve t\u00eb Enverit, pasi u pa q\u00eb komunizmit i ran\u00eb dhemb\u00ebt e patkonjt\u00eb, shum\u00ebkush u hakat t\u00eb shtirej publikisht sikur kishte pas qen\u00eb antikomunist i thekur, i p\u00ebrbetuar, i bindur, i fshehur, i papajtuesh\u00ebm, i shum\u00ebvuajtur, dmth nj\u00eb kund\u00ebrshtar i heshtur e i vendosur p\u00ebr ta p\u00ebrmbysur nj\u00eb sahat [&hellip;]<\/p>\n","protected":false},"author":1,"featured_media":0,"comment_status":"open","ping_status":"closed","sticky":false,"template":"","format":"standard","meta":{"footnotes":""},"categories":[2],"tags":[],"class_list":{"0":"post-11014","1":"post","2":"type-post","3":"status-publish","4":"format-standard","6":"category-artikuj"},"yoast_head":"<!-- This site is optimized with the Yoast SEO plugin v27.4 - https:\/\/yoast.com\/product\/yoast-seo-wordpress\/ -->\n<title>Mbi ish-komunist - anti-komunist\u00ebt tan\u00eb! - FjALA e LIR\u00cb - Arkivi<\/title>\n<meta name=\"robots\" content=\"index, follow, max-snippet:-1, max-image-preview:large, max-video-preview:-1\" \/>\n<link rel=\"canonical\" href=\"https:\/\/fjala.info\/2009-2015\/mbi-ish-komunist-anti-komunistet-tane\/\" \/>\n<meta property=\"og:locale\" content=\"sq_AL\" \/>\n<meta property=\"og:type\" content=\"article\" \/>\n<meta property=\"og:title\" content=\"Mbi ish-komunist - anti-komunist\u00ebt tan\u00eb! - FjALA e LIR\u00cb - Arkivi\" \/>\n<meta property=\"og:description\" content=\"Nga Ki\u00e7o Blushi Pas shembjes s\u00eb shtatoreve t\u00eb Enverit, pasi u pa q\u00eb komunizmit i ran\u00eb dhemb\u00ebt e patkonjt\u00eb, shum\u00ebkush u hakat t\u00eb shtirej publikisht sikur kishte pas qen\u00eb antikomunist i thekur, i p\u00ebrbetuar, i bindur, i fshehur, i papajtuesh\u00ebm, i shum\u00ebvuajtur, dmth nj\u00eb kund\u00ebrshtar i heshtur e i vendosur p\u00ebr ta p\u00ebrmbysur nj\u00eb sahat [&hellip;]\" \/>\n<meta property=\"og:url\" content=\"https:\/\/fjala.info\/2009-2015\/mbi-ish-komunist-anti-komunistet-tane\/\" \/>\n<meta property=\"og:site_name\" content=\"FjALA e LIR\u00cb - Arkivi\" \/>\n<meta property=\"article:published_time\" content=\"2011-10-15T21:40:20+00:00\" \/>\n<meta property=\"og:image\" content=\"http:\/\/www.shkoder.net\/images\/fjala\/2011\/basha_berisha1.jpg\" \/>\n<meta name=\"author\" content=\"admin\" \/>\n<meta name=\"twitter:card\" content=\"summary_large_image\" \/>\n<meta name=\"twitter:label1\" content=\"Written by\" \/>\n\t<meta name=\"twitter:data1\" content=\"admin\" \/>\n\t<meta name=\"twitter:label2\" content=\"Est. reading time\" \/>\n\t<meta name=\"twitter:data2\" content=\"11 minutes\" \/>\n<script type=\"application\/ld+json\" class=\"yoast-schema-graph\">{\"@context\":\"https:\\\/\\\/schema.org\",\"@graph\":[{\"@type\":\"Article\",\"@id\":\"https:\\\/\\\/fjala.info\\\/2009-2015\\\/mbi-ish-komunist-anti-komunistet-tane\\\/#article\",\"isPartOf\":{\"@id\":\"https:\\\/\\\/fjala.info\\\/2009-2015\\\/mbi-ish-komunist-anti-komunistet-tane\\\/\"},\"author\":{\"name\":\"admin\",\"@id\":\"https:\\\/\\\/fjala.info\\\/2009-2015\\\/#\\\/schema\\\/person\\\/3aa1163ef05469c496fc94e77611ada2\"},\"headline\":\"Mbi ish-komunist &#8211; anti-komunist\u00ebt tan\u00eb!\",\"datePublished\":\"2011-10-15T21:40:20+00:00\",\"mainEntityOfPage\":{\"@id\":\"https:\\\/\\\/fjala.info\\\/2009-2015\\\/mbi-ish-komunist-anti-komunistet-tane\\\/\"},\"wordCount\":2190,\"commentCount\":1,\"publisher\":{\"@id\":\"https:\\\/\\\/fjala.info\\\/2009-2015\\\/#organization\"},\"image\":{\"@id\":\"https:\\\/\\\/fjala.info\\\/2009-2015\\\/mbi-ish-komunist-anti-komunistet-tane\\\/#primaryimage\"},\"thumbnailUrl\":\"http:\\\/\\\/www.shkoder.net\\\/images\\\/fjala\\\/2011\\\/basha_berisha1.jpg\",\"articleSection\":[\"Artikuj\"],\"inLanguage\":\"sq-AL\",\"potentialAction\":[{\"@type\":\"CommentAction\",\"name\":\"Comment\",\"target\":[\"https:\\\/\\\/fjala.info\\\/2009-2015\\\/mbi-ish-komunist-anti-komunistet-tane\\\/#respond\"]}]},{\"@type\":\"WebPage\",\"@id\":\"https:\\\/\\\/fjala.info\\\/2009-2015\\\/mbi-ish-komunist-anti-komunistet-tane\\\/\",\"url\":\"https:\\\/\\\/fjala.info\\\/2009-2015\\\/mbi-ish-komunist-anti-komunistet-tane\\\/\",\"name\":\"Mbi ish-komunist - anti-komunist\u00ebt tan\u00eb! - FjALA e LIR\u00cb - Arkivi\",\"isPartOf\":{\"@id\":\"https:\\\/\\\/fjala.info\\\/2009-2015\\\/#website\"},\"primaryImageOfPage\":{\"@id\":\"https:\\\/\\\/fjala.info\\\/2009-2015\\\/mbi-ish-komunist-anti-komunistet-tane\\\/#primaryimage\"},\"image\":{\"@id\":\"https:\\\/\\\/fjala.info\\\/2009-2015\\\/mbi-ish-komunist-anti-komunistet-tane\\\/#primaryimage\"},\"thumbnailUrl\":\"http:\\\/\\\/www.shkoder.net\\\/images\\\/fjala\\\/2011\\\/basha_berisha1.jpg\",\"datePublished\":\"2011-10-15T21:40:20+00:00\",\"breadcrumb\":{\"@id\":\"https:\\\/\\\/fjala.info\\\/2009-2015\\\/mbi-ish-komunist-anti-komunistet-tane\\\/#breadcrumb\"},\"inLanguage\":\"sq-AL\",\"potentialAction\":[{\"@type\":\"ReadAction\",\"target\":[\"https:\\\/\\\/fjala.info\\\/2009-2015\\\/mbi-ish-komunist-anti-komunistet-tane\\\/\"]}]},{\"@type\":\"ImageObject\",\"inLanguage\":\"sq-AL\",\"@id\":\"https:\\\/\\\/fjala.info\\\/2009-2015\\\/mbi-ish-komunist-anti-komunistet-tane\\\/#primaryimage\",\"url\":\"http:\\\/\\\/www.shkoder.net\\\/images\\\/fjala\\\/2011\\\/basha_berisha1.jpg\",\"contentUrl\":\"http:\\\/\\\/www.shkoder.net\\\/images\\\/fjala\\\/2011\\\/basha_berisha1.jpg\"},{\"@type\":\"BreadcrumbList\",\"@id\":\"https:\\\/\\\/fjala.info\\\/2009-2015\\\/mbi-ish-komunist-anti-komunistet-tane\\\/#breadcrumb\",\"itemListElement\":[{\"@type\":\"ListItem\",\"position\":1,\"name\":\"Home\",\"item\":\"https:\\\/\\\/fjala.info\\\/2009-2015\\\/\"},{\"@type\":\"ListItem\",\"position\":2,\"name\":\"Mbi ish-komunist &#8211; anti-komunist\u00ebt tan\u00eb!\"}]},{\"@type\":\"WebSite\",\"@id\":\"https:\\\/\\\/fjala.info\\\/2009-2015\\\/#website\",\"url\":\"https:\\\/\\\/fjala.info\\\/2009-2015\\\/\",\"name\":\"FjALA e LIR\u00cb - Arkivi\",\"description\":\"Arkivi 2009-2015\",\"publisher\":{\"@id\":\"https:\\\/\\\/fjala.info\\\/2009-2015\\\/#organization\"},\"potentialAction\":[{\"@type\":\"SearchAction\",\"target\":{\"@type\":\"EntryPoint\",\"urlTemplate\":\"https:\\\/\\\/fjala.info\\\/2009-2015\\\/?s={search_term_string}\"},\"query-input\":{\"@type\":\"PropertyValueSpecification\",\"valueRequired\":true,\"valueName\":\"search_term_string\"}}],\"inLanguage\":\"sq-AL\"},{\"@type\":\"Organization\",\"@id\":\"https:\\\/\\\/fjala.info\\\/2009-2015\\\/#organization\",\"name\":\"FjALA e LIR\u00cb - Arkivi\",\"url\":\"https:\\\/\\\/fjala.info\\\/2009-2015\\\/\",\"logo\":{\"@type\":\"ImageObject\",\"inLanguage\":\"sq-AL\",\"@id\":\"https:\\\/\\\/fjala.info\\\/2009-2015\\\/#\\\/schema\\\/logo\\\/image\\\/\",\"url\":\"\",\"contentUrl\":\"\",\"caption\":\"FjALA e LIR\u00cb - Arkivi\"},\"image\":{\"@id\":\"https:\\\/\\\/fjala.info\\\/2009-2015\\\/#\\\/schema\\\/logo\\\/image\\\/\"}},{\"@type\":\"Person\",\"@id\":\"https:\\\/\\\/fjala.info\\\/2009-2015\\\/#\\\/schema\\\/person\\\/3aa1163ef05469c496fc94e77611ada2\",\"name\":\"admin\",\"image\":{\"@type\":\"ImageObject\",\"inLanguage\":\"sq-AL\",\"@id\":\"https:\\\/\\\/fjala.info\\\/2009-2015\\\/wp-content\\\/uploads\\\/2012\\\/02\\\/arben_cokaj-120x150.jpg\",\"url\":\"https:\\\/\\\/fjala.info\\\/2009-2015\\\/wp-content\\\/uploads\\\/2012\\\/02\\\/arben_cokaj-120x150.jpg\",\"contentUrl\":\"https:\\\/\\\/fjala.info\\\/2009-2015\\\/wp-content\\\/uploads\\\/2012\\\/02\\\/arben_cokaj-120x150.jpg\",\"caption\":\"admin\"},\"description\":\"Admin, Fjala e Lir\u00eb\",\"sameAs\":[\"https:\\\/\\\/fjala.info\\\/\"],\"url\":\"https:\\\/\\\/fjala.info\\\/2009-2015\\\/author\\\/admin\\\/\"}]}<\/script>\n<!-- \/ Yoast SEO plugin. -->","yoast_head_json":{"title":"Mbi ish-komunist - anti-komunist\u00ebt tan\u00eb! - FjALA e LIR\u00cb - Arkivi","robots":{"index":"index","follow":"follow","max-snippet":"max-snippet:-1","max-image-preview":"max-image-preview:large","max-video-preview":"max-video-preview:-1"},"canonical":"https:\/\/fjala.info\/2009-2015\/mbi-ish-komunist-anti-komunistet-tane\/","og_locale":"sq_AL","og_type":"article","og_title":"Mbi ish-komunist - anti-komunist\u00ebt tan\u00eb! - FjALA e LIR\u00cb - Arkivi","og_description":"Nga Ki\u00e7o Blushi Pas shembjes s\u00eb shtatoreve t\u00eb Enverit, pasi u pa q\u00eb komunizmit i ran\u00eb dhemb\u00ebt e patkonjt\u00eb, shum\u00ebkush u hakat t\u00eb shtirej publikisht sikur kishte pas qen\u00eb antikomunist i thekur, i p\u00ebrbetuar, i bindur, i fshehur, i papajtuesh\u00ebm, i shum\u00ebvuajtur, dmth nj\u00eb kund\u00ebrshtar i heshtur e i vendosur p\u00ebr ta p\u00ebrmbysur nj\u00eb sahat [&hellip;]","og_url":"https:\/\/fjala.info\/2009-2015\/mbi-ish-komunist-anti-komunistet-tane\/","og_site_name":"FjALA e LIR\u00cb - Arkivi","article_published_time":"2011-10-15T21:40:20+00:00","og_image":[{"url":"http:\/\/www.shkoder.net\/images\/fjala\/2011\/basha_berisha1.jpg","type":"","width":"","height":""}],"author":"admin","twitter_card":"summary_large_image","twitter_misc":{"Written by":"admin","Est. reading time":"11 minutes"},"schema":{"@context":"https:\/\/schema.org","@graph":[{"@type":"Article","@id":"https:\/\/fjala.info\/2009-2015\/mbi-ish-komunist-anti-komunistet-tane\/#article","isPartOf":{"@id":"https:\/\/fjala.info\/2009-2015\/mbi-ish-komunist-anti-komunistet-tane\/"},"author":{"name":"admin","@id":"https:\/\/fjala.info\/2009-2015\/#\/schema\/person\/3aa1163ef05469c496fc94e77611ada2"},"headline":"Mbi ish-komunist &#8211; anti-komunist\u00ebt tan\u00eb!","datePublished":"2011-10-15T21:40:20+00:00","mainEntityOfPage":{"@id":"https:\/\/fjala.info\/2009-2015\/mbi-ish-komunist-anti-komunistet-tane\/"},"wordCount":2190,"commentCount":1,"publisher":{"@id":"https:\/\/fjala.info\/2009-2015\/#organization"},"image":{"@id":"https:\/\/fjala.info\/2009-2015\/mbi-ish-komunist-anti-komunistet-tane\/#primaryimage"},"thumbnailUrl":"http:\/\/www.shkoder.net\/images\/fjala\/2011\/basha_berisha1.jpg","articleSection":["Artikuj"],"inLanguage":"sq-AL","potentialAction":[{"@type":"CommentAction","name":"Comment","target":["https:\/\/fjala.info\/2009-2015\/mbi-ish-komunist-anti-komunistet-tane\/#respond"]}]},{"@type":"WebPage","@id":"https:\/\/fjala.info\/2009-2015\/mbi-ish-komunist-anti-komunistet-tane\/","url":"https:\/\/fjala.info\/2009-2015\/mbi-ish-komunist-anti-komunistet-tane\/","name":"Mbi ish-komunist - anti-komunist\u00ebt tan\u00eb! - FjALA e LIR\u00cb - Arkivi","isPartOf":{"@id":"https:\/\/fjala.info\/2009-2015\/#website"},"primaryImageOfPage":{"@id":"https:\/\/fjala.info\/2009-2015\/mbi-ish-komunist-anti-komunistet-tane\/#primaryimage"},"image":{"@id":"https:\/\/fjala.info\/2009-2015\/mbi-ish-komunist-anti-komunistet-tane\/#primaryimage"},"thumbnailUrl":"http:\/\/www.shkoder.net\/images\/fjala\/2011\/basha_berisha1.jpg","datePublished":"2011-10-15T21:40:20+00:00","breadcrumb":{"@id":"https:\/\/fjala.info\/2009-2015\/mbi-ish-komunist-anti-komunistet-tane\/#breadcrumb"},"inLanguage":"sq-AL","potentialAction":[{"@type":"ReadAction","target":["https:\/\/fjala.info\/2009-2015\/mbi-ish-komunist-anti-komunistet-tane\/"]}]},{"@type":"ImageObject","inLanguage":"sq-AL","@id":"https:\/\/fjala.info\/2009-2015\/mbi-ish-komunist-anti-komunistet-tane\/#primaryimage","url":"http:\/\/www.shkoder.net\/images\/fjala\/2011\/basha_berisha1.jpg","contentUrl":"http:\/\/www.shkoder.net\/images\/fjala\/2011\/basha_berisha1.jpg"},{"@type":"BreadcrumbList","@id":"https:\/\/fjala.info\/2009-2015\/mbi-ish-komunist-anti-komunistet-tane\/#breadcrumb","itemListElement":[{"@type":"ListItem","position":1,"name":"Home","item":"https:\/\/fjala.info\/2009-2015\/"},{"@type":"ListItem","position":2,"name":"Mbi ish-komunist &#8211; anti-komunist\u00ebt tan\u00eb!"}]},{"@type":"WebSite","@id":"https:\/\/fjala.info\/2009-2015\/#website","url":"https:\/\/fjala.info\/2009-2015\/","name":"FjALA e LIR\u00cb - Arkivi","description":"Arkivi 2009-2015","publisher":{"@id":"https:\/\/fjala.info\/2009-2015\/#organization"},"potentialAction":[{"@type":"SearchAction","target":{"@type":"EntryPoint","urlTemplate":"https:\/\/fjala.info\/2009-2015\/?s={search_term_string}"},"query-input":{"@type":"PropertyValueSpecification","valueRequired":true,"valueName":"search_term_string"}}],"inLanguage":"sq-AL"},{"@type":"Organization","@id":"https:\/\/fjala.info\/2009-2015\/#organization","name":"FjALA e LIR\u00cb - Arkivi","url":"https:\/\/fjala.info\/2009-2015\/","logo":{"@type":"ImageObject","inLanguage":"sq-AL","@id":"https:\/\/fjala.info\/2009-2015\/#\/schema\/logo\/image\/","url":"","contentUrl":"","caption":"FjALA e LIR\u00cb - Arkivi"},"image":{"@id":"https:\/\/fjala.info\/2009-2015\/#\/schema\/logo\/image\/"}},{"@type":"Person","@id":"https:\/\/fjala.info\/2009-2015\/#\/schema\/person\/3aa1163ef05469c496fc94e77611ada2","name":"admin","image":{"@type":"ImageObject","inLanguage":"sq-AL","@id":"https:\/\/fjala.info\/2009-2015\/wp-content\/uploads\/2012\/02\/arben_cokaj-120x150.jpg","url":"https:\/\/fjala.info\/2009-2015\/wp-content\/uploads\/2012\/02\/arben_cokaj-120x150.jpg","contentUrl":"https:\/\/fjala.info\/2009-2015\/wp-content\/uploads\/2012\/02\/arben_cokaj-120x150.jpg","caption":"admin"},"description":"Admin, Fjala e Lir\u00eb","sameAs":["https:\/\/fjala.info\/"],"url":"https:\/\/fjala.info\/2009-2015\/author\/admin\/"}]}},"_links":{"self":[{"href":"https:\/\/fjala.info\/2009-2015\/wp-json\/wp\/v2\/posts\/11014","targetHints":{"allow":["GET"]}}],"collection":[{"href":"https:\/\/fjala.info\/2009-2015\/wp-json\/wp\/v2\/posts"}],"about":[{"href":"https:\/\/fjala.info\/2009-2015\/wp-json\/wp\/v2\/types\/post"}],"author":[{"embeddable":true,"href":"https:\/\/fjala.info\/2009-2015\/wp-json\/wp\/v2\/users\/1"}],"replies":[{"embeddable":true,"href":"https:\/\/fjala.info\/2009-2015\/wp-json\/wp\/v2\/comments?post=11014"}],"version-history":[{"count":0,"href":"https:\/\/fjala.info\/2009-2015\/wp-json\/wp\/v2\/posts\/11014\/revisions"}],"wp:attachment":[{"href":"https:\/\/fjala.info\/2009-2015\/wp-json\/wp\/v2\/media?parent=11014"}],"wp:term":[{"taxonomy":"category","embeddable":true,"href":"https:\/\/fjala.info\/2009-2015\/wp-json\/wp\/v2\/categories?post=11014"},{"taxonomy":"post_tag","embeddable":true,"href":"https:\/\/fjala.info\/2009-2015\/wp-json\/wp\/v2\/tags?post=11014"}],"curies":[{"name":"wp","href":"https:\/\/api.w.org\/{rel}","templated":true}]}}