{"id":11012,"date":"2011-10-15T22:34:39","date_gmt":"2011-10-15T21:34:39","guid":{"rendered":"http:\/\/fjala.shkoder.net\/?p=11012"},"modified":"2011-10-15T22:34:39","modified_gmt":"2011-10-15T21:34:39","slug":"topi-topalli-te-mesoje-te-flase-topalli-haxhi-qamili-skupton-shqipen-time","status":"publish","type":"post","link":"https:\/\/fjala.info\/2009-2015\/topi-topalli-te-mesoje-te-flase-topalli-haxhi-qamili-skupton-shqipen-time\/","title":{"rendered":"Topi: Topalli t\u00eb m\u00ebsoj\u00eb t\u00eb flas\u00eb, Topalli: Haxhi Qamili s\u2019kupton shqipen time"},"content":{"rendered":"<p><img decoding=\"async\" class=\"alignright size-thumbnail wp-image-7236\" title=\"Bamir Topi\" src=\"http:\/\/www.shkoder.net\/images\/fjala\/2011\/bamir_topi.jpg\" alt=\"\" width=\"300\" \/><em>SHKOD\u00cbR <\/em>&#8211; Presidenti i Republik\u00ebs s\u00eb Shqip\u00ebris\u00eb <strong>Bamir Topi<\/strong> dhe Kryetarja e Parlamentin <strong>Jozefina Topalli<\/strong> kan\u00eb shk\u00ebmbyer replika t\u00eb forta n\u00eb distanc\u00eb sa i p\u00ebrket deklaratave q\u00eb ato kan\u00eb b\u00ebr\u00eb dit\u00ebt e fundit n\u00eb publik ndaj nj\u00ebri-tjetrit.<\/p>\n<p>Presidenti Topi nga Shkodra ka reaguar ndaj deklaratave q\u00eb Kryeparlamentarja Jozefina Topalli ka b\u00ebr\u00eb n\u00eb nj\u00eb intervist\u00eb t\u00eb dh\u00ebn\u00eb n\u00eb 11 tetor 20011 p\u00ebr agjencin\u00eb e lajmeve Radio Europa e Lir\u00eb. Kryetarja e Kuvendit Jozefina Topalli gjat\u00eb intervist\u00ebs s\u00eb saj ka n\u00ebnvizuar se kreu i shtetit koh\u00ebt e fundit ka luajtur majtas.<\/p>\n<p>\u201cZoti Topi ka luajtur n\u00eb fush\u00ebn e majt\u00eb gjat\u00eb gjith\u00eb k\u00ebsaj periudhe. Kjo nuk m\u00eb intereson aq, sa m\u00eb dhemb fakti q\u00eb kjo \u00ebsht\u00eb nj\u00eb fyerje ndaj karriges s\u00eb presidentit\u201d,- \u00ebsht\u00eb shprehur n\u00eb intervist\u00ebn p\u00ebr Radio Europa e Lir\u00eb kryeparlamentarja Topalli.<\/p>\n<p>N\u00eb reagimin e tij presidenti Topi theksoi se Kryeparlamentarja Topalli duhet m\u00eb par\u00eb t\u00eb m\u00ebsoj\u00eb t\u00eb artin e komunikimit.<\/p>\n<p>\u201cSpikeret kan\u00eb detyr\u00eb t\u00eb recitojn\u00eb bukur at\u00eb q\u00eb shruhet, por n\u00eb rastin konkret Zonja Topalli duhet t\u00eb flas\u00eb korrekt gjuh\u00ebn shqipe, duhet t\u00eb m\u00ebsoj\u00eb artin e komunikimit. S\u00eb pari k\u00ebto zot\u00ebri duhet t\u00eb din\u00eb t\u00eb komunikojn\u00eb n\u00eb nj\u00eb shtet demokratik, ku pushtetet jan\u00eb t\u00eb ndara jo sipas vullneteve t\u00eb individ\u00ebve t\u00eb caktuar, por sipas Kushtetut\u00ebs\u201d, &#8211; deklaroi Topi.<\/p>\n<p>Nd\u00ebrkoh\u00eb ka vijuar &#8216;lufta&#8217; e deklaratave mes krer\u00ebve t\u00eb dy institucioneve m\u00eb t\u00eb larta n\u00eb vend. Reagimi i kryetares s\u00eb Kuvendit ka qen\u00eb i menj\u00ebhersh\u00ebm. P\u00ebrmes nj\u00eb mesazhi t\u00eb shp\u00ebrndar\u00eb n\u00eb media zyra e Kuvendit thekson:<\/p>\n<p>\u201cTopalli thekson se flet me krenari dhe vet\u00ebdije shqipen m\u00eb t\u00eb bukur, at\u00eb shqipe q\u00eb foli Fishta, Migjeni dhe Gurakuqi. At\u00eb gjuh\u00eb Haxhi Qamili nuk e kupton dot\u201d, &#8211; thekson Topalli n\u00eb reagimin e saj t\u00eb shkurt\u00ebr.<\/p>\n<p>Kjo deklarat\u00eb \u00ebsht\u00eb pasuar me tjet\u00ebr reagim t\u00eb zyr\u00ebs s\u00eb Presidentit, ku me nora ironike thuhet:<br \/>\n\u201cPresidenti vler\u00ebsoi sonte n\u00eb Shkod\u00ebr t\u00eb gjitha familjet e njohura e me tradita qytetarie, kulture dhe sportdash\u00ebse q\u00eb i kan\u00eb dh\u00ebn\u00eb em\u00ebr Shkodr\u00ebs dhe krenari gjith\u00eb Shqip\u00ebris\u00eb. Nisur nga deklarata e zyr\u00ebs s\u00eb shtypit t\u00eb Kuvendit, zyra e shtypit t\u00eb Presidentit shpreh bindjen se po t\u00eb ishin gjall\u00eb Gjergj Fishta, Kol Idromeno, Migjeni e Luigj Gurakuqi do ndiheshin t\u00eb fyer kush po i p\u00ebrfaq\u00ebson me munges\u00ebn e etik\u00ebs, kultur\u00ebs politike dhe institucionale dhe respektit p\u00ebr shqipen zyrtare n\u00eb Republik\u00ebn e Shqip\u00ebris\u00eb\u201d, &#8211; n\u00ebnvizon Topi.<\/p>\n<p><strong>TOPI: LIGJET T\u00cb LEXOHEN JASHT\u00cb SFONDIT POLITIK<\/strong><\/p>\n<p>Kreu i Shtetit duke iu referuar ligjit p\u00ebr mbetjet q\u00eb ktheu p\u00ebr rishqyrtim n\u00eb Parlament b\u00ebri thirrje q\u00eb ligjet t\u00eb mos shihen n\u00eb sfondin politik, nd\u00ebrkoh\u00eb theksoi se vendimi i tij \u00ebsht\u00eb i bazuar n\u00eb Kushtetut\u00eb.<\/p>\n<p>\u201cUn\u00eb gjej rastin t\u00eb rishpreh edhe nj\u00ebher\u00eb at\u00eb vullnet q\u00eb kam shprehur n\u00ebp\u00ebrmjet dekretit tim. Mund t\u2019ju them q\u00eb t\u00eb gjitha betejat e karakterit juridik q\u00eb jan\u00eb zhvilluar konsiderohen t\u00eb fituara nga institucioni i Presidentit. Boll t\u00eb merrni n\u00eb konsiderat\u00eb at\u00eb q\u00eb ka qen\u00eb c\u00ebshtja m\u00eb e ndjeshme, c\u00ebshtja e pronave, Gjykata Kushtetuese i shkoi n\u00eb sintoni sipas t\u00eb drejt\u00ebs, vendimmarrjes, q\u00eb pati Presidenti p\u00ebr ta kthyer.<\/p>\n<p>Un\u00eb i sugjeroj k\u00ebtyre zot\u00ebrive q\u00eb mos ti trajtojn\u00eb n\u00eb sfodnin politik gj\u00ebrat. Presidenti i Repulik\u00ebs ka t\u00eb drrejt\u00ebn absolute Kushtetuese t\u00eb shpreh\u00eb vullnetin e tij, aq m\u00eb shum\u00eb kur ai \u00ebsht\u00eb i argumentuar qoft\u00eb n\u00eb planin juridik, qoft\u00eb edhe n\u00eb planin tjet\u00ebr, ku Kushtetuta detyron shtetin edhe sa i p\u00ebrket pozicionit social\u201d,- sqaroi Topi.<\/p>\n<p>Presidenti Topi duke shprehur indinjat\u00ebn e tij p\u00ebr deklarat\u00ebn e Ministris\u00eb s\u00eb Mjedisit, e cila e cil\u00ebsoi vendimin e kreut t\u00eb shtetit si akt t\u00eb past\u00ebr politik, Topi i t\u00ebrhoqi v\u00ebrejtje se nuk po kujdeset p\u00ebr mjedisin dhe sh\u00ebndetin e qytetar\u00ebve.<\/p>\n<p>\u201cNuk kam par\u00eb ndonj\u00eb p\u00ebrfaq\u00ebsues t\u00eb mjedisit t\u00eb jet\u00eb kaq i painteresuar p\u00ebr mjedisin. Do t\u2019u thoja t\u00eb orinetohen tek mendimet e qytetar\u00ebve. Ligji \u00ebsht\u00eb i nd\u00ebrtuar n\u00eb m\u00ebnyr\u00eb t\u00eb till\u00eb, q\u00eb kryesisht \u00ebsht\u00eb korrekt, por i korrigjuesh\u00ebm p\u00ebr nj\u00eb c\u00ebshtje p\u00ebr t\u00eb cil\u00ebn un\u00eb s\u2019e kam kaluar\u201d, &#8211; vler\u00ebsoi Topi.<\/p>\n<p>(<em>e.menga\/BalkanWeb<\/em>)<\/p>\n","protected":false},"excerpt":{"rendered":"<p>SHKOD\u00cbR &#8211; Presidenti i Republik\u00ebs s\u00eb Shqip\u00ebris\u00eb Bamir Topi dhe Kryetarja e Parlamentin Jozefina Topalli kan\u00eb shk\u00ebmbyer replika t\u00eb forta n\u00eb distanc\u00eb sa i p\u00ebrket deklaratave q\u00eb ato kan\u00eb b\u00ebr\u00eb dit\u00ebt e fundit n\u00eb publik ndaj nj\u00ebri-tjetrit. Presidenti Topi nga Shkodra ka reaguar ndaj deklaratave q\u00eb Kryeparlamentarja Jozefina Topalli ka b\u00ebr\u00eb n\u00eb nj\u00eb intervist\u00eb t\u00eb [&hellip;]<\/p>\n","protected":false},"author":1,"featured_media":0,"comment_status":"open","ping_status":"closed","sticky":false,"template":"","format":"standard","meta":{"footnotes":""},"categories":[2],"tags":[],"class_list":{"0":"post-11012","1":"post","2":"type-post","3":"status-publish","4":"format-standard","6":"category-artikuj"},"yoast_head":"<!-- This site is optimized with the Yoast SEO plugin v27.4 - https:\/\/yoast.com\/product\/yoast-seo-wordpress\/ -->\n<title>Topi: Topalli t\u00eb m\u00ebsoj\u00eb t\u00eb flas\u00eb, Topalli: Haxhi Qamili s\u2019kupton shqipen time - FjALA e LIR\u00cb - Arkivi<\/title>\n<meta name=\"robots\" content=\"index, follow, max-snippet:-1, max-image-preview:large, max-video-preview:-1\" \/>\n<link rel=\"canonical\" href=\"https:\/\/fjala.info\/2009-2015\/topi-topalli-te-mesoje-te-flase-topalli-haxhi-qamili-skupton-shqipen-time\/\" \/>\n<meta property=\"og:locale\" content=\"sq_AL\" \/>\n<meta property=\"og:type\" content=\"article\" \/>\n<meta property=\"og:title\" content=\"Topi: Topalli t\u00eb m\u00ebsoj\u00eb t\u00eb flas\u00eb, Topalli: Haxhi Qamili s\u2019kupton shqipen time - FjALA e LIR\u00cb - Arkivi\" \/>\n<meta property=\"og:description\" content=\"SHKOD\u00cbR &#8211; Presidenti i Republik\u00ebs s\u00eb Shqip\u00ebris\u00eb Bamir Topi dhe Kryetarja e Parlamentin Jozefina Topalli kan\u00eb shk\u00ebmbyer replika t\u00eb forta n\u00eb distanc\u00eb sa i p\u00ebrket deklaratave q\u00eb ato kan\u00eb b\u00ebr\u00eb dit\u00ebt e fundit n\u00eb publik ndaj nj\u00ebri-tjetrit. Presidenti Topi nga Shkodra ka reaguar ndaj deklaratave q\u00eb Kryeparlamentarja Jozefina Topalli ka b\u00ebr\u00eb n\u00eb nj\u00eb intervist\u00eb t\u00eb [&hellip;]\" \/>\n<meta property=\"og:url\" content=\"https:\/\/fjala.info\/2009-2015\/topi-topalli-te-mesoje-te-flase-topalli-haxhi-qamili-skupton-shqipen-time\/\" \/>\n<meta property=\"og:site_name\" content=\"FjALA e LIR\u00cb - Arkivi\" \/>\n<meta property=\"article:published_time\" content=\"2011-10-15T21:34:39+00:00\" \/>\n<meta property=\"og:image\" content=\"http:\/\/www.shkoder.net\/images\/fjala\/2011\/bamir_topi.jpg\" \/>\n<meta name=\"author\" content=\"admin\" \/>\n<meta name=\"twitter:card\" content=\"summary_large_image\" \/>\n<meta name=\"twitter:label1\" content=\"Written by\" \/>\n\t<meta name=\"twitter:data1\" content=\"admin\" \/>\n\t<meta name=\"twitter:label2\" content=\"Est. reading time\" \/>\n\t<meta name=\"twitter:data2\" content=\"4 minutes\" \/>\n<script type=\"application\/ld+json\" class=\"yoast-schema-graph\">{\"@context\":\"https:\\\/\\\/schema.org\",\"@graph\":[{\"@type\":\"Article\",\"@id\":\"https:\\\/\\\/fjala.info\\\/2009-2015\\\/topi-topalli-te-mesoje-te-flase-topalli-haxhi-qamili-skupton-shqipen-time\\\/#article\",\"isPartOf\":{\"@id\":\"https:\\\/\\\/fjala.info\\\/2009-2015\\\/topi-topalli-te-mesoje-te-flase-topalli-haxhi-qamili-skupton-shqipen-time\\\/\"},\"author\":{\"name\":\"admin\",\"@id\":\"https:\\\/\\\/fjala.info\\\/2009-2015\\\/#\\\/schema\\\/person\\\/3aa1163ef05469c496fc94e77611ada2\"},\"headline\":\"Topi: Topalli t\u00eb m\u00ebsoj\u00eb t\u00eb flas\u00eb, Topalli: Haxhi Qamili s\u2019kupton shqipen time\",\"datePublished\":\"2011-10-15T21:34:39+00:00\",\"mainEntityOfPage\":{\"@id\":\"https:\\\/\\\/fjala.info\\\/2009-2015\\\/topi-topalli-te-mesoje-te-flase-topalli-haxhi-qamili-skupton-shqipen-time\\\/\"},\"wordCount\":749,\"commentCount\":0,\"publisher\":{\"@id\":\"https:\\\/\\\/fjala.info\\\/2009-2015\\\/#organization\"},\"image\":{\"@id\":\"https:\\\/\\\/fjala.info\\\/2009-2015\\\/topi-topalli-te-mesoje-te-flase-topalli-haxhi-qamili-skupton-shqipen-time\\\/#primaryimage\"},\"thumbnailUrl\":\"http:\\\/\\\/www.shkoder.net\\\/images\\\/fjala\\\/2011\\\/bamir_topi.jpg\",\"articleSection\":[\"Artikuj\"],\"inLanguage\":\"sq-AL\",\"potentialAction\":[{\"@type\":\"CommentAction\",\"name\":\"Comment\",\"target\":[\"https:\\\/\\\/fjala.info\\\/2009-2015\\\/topi-topalli-te-mesoje-te-flase-topalli-haxhi-qamili-skupton-shqipen-time\\\/#respond\"]}]},{\"@type\":\"WebPage\",\"@id\":\"https:\\\/\\\/fjala.info\\\/2009-2015\\\/topi-topalli-te-mesoje-te-flase-topalli-haxhi-qamili-skupton-shqipen-time\\\/\",\"url\":\"https:\\\/\\\/fjala.info\\\/2009-2015\\\/topi-topalli-te-mesoje-te-flase-topalli-haxhi-qamili-skupton-shqipen-time\\\/\",\"name\":\"Topi: Topalli t\u00eb m\u00ebsoj\u00eb t\u00eb flas\u00eb, Topalli: Haxhi Qamili s\u2019kupton shqipen time - FjALA e LIR\u00cb - Arkivi\",\"isPartOf\":{\"@id\":\"https:\\\/\\\/fjala.info\\\/2009-2015\\\/#website\"},\"primaryImageOfPage\":{\"@id\":\"https:\\\/\\\/fjala.info\\\/2009-2015\\\/topi-topalli-te-mesoje-te-flase-topalli-haxhi-qamili-skupton-shqipen-time\\\/#primaryimage\"},\"image\":{\"@id\":\"https:\\\/\\\/fjala.info\\\/2009-2015\\\/topi-topalli-te-mesoje-te-flase-topalli-haxhi-qamili-skupton-shqipen-time\\\/#primaryimage\"},\"thumbnailUrl\":\"http:\\\/\\\/www.shkoder.net\\\/images\\\/fjala\\\/2011\\\/bamir_topi.jpg\",\"datePublished\":\"2011-10-15T21:34:39+00:00\",\"breadcrumb\":{\"@id\":\"https:\\\/\\\/fjala.info\\\/2009-2015\\\/topi-topalli-te-mesoje-te-flase-topalli-haxhi-qamili-skupton-shqipen-time\\\/#breadcrumb\"},\"inLanguage\":\"sq-AL\",\"potentialAction\":[{\"@type\":\"ReadAction\",\"target\":[\"https:\\\/\\\/fjala.info\\\/2009-2015\\\/topi-topalli-te-mesoje-te-flase-topalli-haxhi-qamili-skupton-shqipen-time\\\/\"]}]},{\"@type\":\"ImageObject\",\"inLanguage\":\"sq-AL\",\"@id\":\"https:\\\/\\\/fjala.info\\\/2009-2015\\\/topi-topalli-te-mesoje-te-flase-topalli-haxhi-qamili-skupton-shqipen-time\\\/#primaryimage\",\"url\":\"http:\\\/\\\/www.shkoder.net\\\/images\\\/fjala\\\/2011\\\/bamir_topi.jpg\",\"contentUrl\":\"http:\\\/\\\/www.shkoder.net\\\/images\\\/fjala\\\/2011\\\/bamir_topi.jpg\"},{\"@type\":\"BreadcrumbList\",\"@id\":\"https:\\\/\\\/fjala.info\\\/2009-2015\\\/topi-topalli-te-mesoje-te-flase-topalli-haxhi-qamili-skupton-shqipen-time\\\/#breadcrumb\",\"itemListElement\":[{\"@type\":\"ListItem\",\"position\":1,\"name\":\"Home\",\"item\":\"https:\\\/\\\/fjala.info\\\/2009-2015\\\/\"},{\"@type\":\"ListItem\",\"position\":2,\"name\":\"Topi: Topalli t\u00eb m\u00ebsoj\u00eb t\u00eb flas\u00eb, Topalli: Haxhi Qamili s\u2019kupton shqipen time\"}]},{\"@type\":\"WebSite\",\"@id\":\"https:\\\/\\\/fjala.info\\\/2009-2015\\\/#website\",\"url\":\"https:\\\/\\\/fjala.info\\\/2009-2015\\\/\",\"name\":\"FjALA e LIR\u00cb - Arkivi\",\"description\":\"Arkivi 2009-2015\",\"publisher\":{\"@id\":\"https:\\\/\\\/fjala.info\\\/2009-2015\\\/#organization\"},\"potentialAction\":[{\"@type\":\"SearchAction\",\"target\":{\"@type\":\"EntryPoint\",\"urlTemplate\":\"https:\\\/\\\/fjala.info\\\/2009-2015\\\/?s={search_term_string}\"},\"query-input\":{\"@type\":\"PropertyValueSpecification\",\"valueRequired\":true,\"valueName\":\"search_term_string\"}}],\"inLanguage\":\"sq-AL\"},{\"@type\":\"Organization\",\"@id\":\"https:\\\/\\\/fjala.info\\\/2009-2015\\\/#organization\",\"name\":\"FjALA e LIR\u00cb - Arkivi\",\"url\":\"https:\\\/\\\/fjala.info\\\/2009-2015\\\/\",\"logo\":{\"@type\":\"ImageObject\",\"inLanguage\":\"sq-AL\",\"@id\":\"https:\\\/\\\/fjala.info\\\/2009-2015\\\/#\\\/schema\\\/logo\\\/image\\\/\",\"url\":\"\",\"contentUrl\":\"\",\"caption\":\"FjALA e LIR\u00cb - Arkivi\"},\"image\":{\"@id\":\"https:\\\/\\\/fjala.info\\\/2009-2015\\\/#\\\/schema\\\/logo\\\/image\\\/\"}},{\"@type\":\"Person\",\"@id\":\"https:\\\/\\\/fjala.info\\\/2009-2015\\\/#\\\/schema\\\/person\\\/3aa1163ef05469c496fc94e77611ada2\",\"name\":\"admin\",\"image\":{\"@type\":\"ImageObject\",\"inLanguage\":\"sq-AL\",\"@id\":\"https:\\\/\\\/fjala.info\\\/2009-2015\\\/wp-content\\\/uploads\\\/2012\\\/02\\\/arben_cokaj-120x150.jpg\",\"url\":\"https:\\\/\\\/fjala.info\\\/2009-2015\\\/wp-content\\\/uploads\\\/2012\\\/02\\\/arben_cokaj-120x150.jpg\",\"contentUrl\":\"https:\\\/\\\/fjala.info\\\/2009-2015\\\/wp-content\\\/uploads\\\/2012\\\/02\\\/arben_cokaj-120x150.jpg\",\"caption\":\"admin\"},\"description\":\"Admin, Fjala e Lir\u00eb\",\"sameAs\":[\"https:\\\/\\\/fjala.info\\\/\"],\"url\":\"https:\\\/\\\/fjala.info\\\/2009-2015\\\/author\\\/admin\\\/\"}]}<\/script>\n<!-- \/ Yoast SEO plugin. -->","yoast_head_json":{"title":"Topi: Topalli t\u00eb m\u00ebsoj\u00eb t\u00eb flas\u00eb, Topalli: Haxhi Qamili s\u2019kupton shqipen time - FjALA e LIR\u00cb - Arkivi","robots":{"index":"index","follow":"follow","max-snippet":"max-snippet:-1","max-image-preview":"max-image-preview:large","max-video-preview":"max-video-preview:-1"},"canonical":"https:\/\/fjala.info\/2009-2015\/topi-topalli-te-mesoje-te-flase-topalli-haxhi-qamili-skupton-shqipen-time\/","og_locale":"sq_AL","og_type":"article","og_title":"Topi: Topalli t\u00eb m\u00ebsoj\u00eb t\u00eb flas\u00eb, Topalli: Haxhi Qamili s\u2019kupton shqipen time - FjALA e LIR\u00cb - Arkivi","og_description":"SHKOD\u00cbR &#8211; Presidenti i Republik\u00ebs s\u00eb Shqip\u00ebris\u00eb Bamir Topi dhe Kryetarja e Parlamentin Jozefina Topalli kan\u00eb shk\u00ebmbyer replika t\u00eb forta n\u00eb distanc\u00eb sa i p\u00ebrket deklaratave q\u00eb ato kan\u00eb b\u00ebr\u00eb dit\u00ebt e fundit n\u00eb publik ndaj nj\u00ebri-tjetrit. Presidenti Topi nga Shkodra ka reaguar ndaj deklaratave q\u00eb Kryeparlamentarja Jozefina Topalli ka b\u00ebr\u00eb n\u00eb nj\u00eb intervist\u00eb t\u00eb [&hellip;]","og_url":"https:\/\/fjala.info\/2009-2015\/topi-topalli-te-mesoje-te-flase-topalli-haxhi-qamili-skupton-shqipen-time\/","og_site_name":"FjALA e LIR\u00cb - Arkivi","article_published_time":"2011-10-15T21:34:39+00:00","og_image":[{"url":"http:\/\/www.shkoder.net\/images\/fjala\/2011\/bamir_topi.jpg","type":"","width":"","height":""}],"author":"admin","twitter_card":"summary_large_image","twitter_misc":{"Written by":"admin","Est. reading time":"4 minutes"},"schema":{"@context":"https:\/\/schema.org","@graph":[{"@type":"Article","@id":"https:\/\/fjala.info\/2009-2015\/topi-topalli-te-mesoje-te-flase-topalli-haxhi-qamili-skupton-shqipen-time\/#article","isPartOf":{"@id":"https:\/\/fjala.info\/2009-2015\/topi-topalli-te-mesoje-te-flase-topalli-haxhi-qamili-skupton-shqipen-time\/"},"author":{"name":"admin","@id":"https:\/\/fjala.info\/2009-2015\/#\/schema\/person\/3aa1163ef05469c496fc94e77611ada2"},"headline":"Topi: Topalli t\u00eb m\u00ebsoj\u00eb t\u00eb flas\u00eb, Topalli: Haxhi Qamili s\u2019kupton shqipen time","datePublished":"2011-10-15T21:34:39+00:00","mainEntityOfPage":{"@id":"https:\/\/fjala.info\/2009-2015\/topi-topalli-te-mesoje-te-flase-topalli-haxhi-qamili-skupton-shqipen-time\/"},"wordCount":749,"commentCount":0,"publisher":{"@id":"https:\/\/fjala.info\/2009-2015\/#organization"},"image":{"@id":"https:\/\/fjala.info\/2009-2015\/topi-topalli-te-mesoje-te-flase-topalli-haxhi-qamili-skupton-shqipen-time\/#primaryimage"},"thumbnailUrl":"http:\/\/www.shkoder.net\/images\/fjala\/2011\/bamir_topi.jpg","articleSection":["Artikuj"],"inLanguage":"sq-AL","potentialAction":[{"@type":"CommentAction","name":"Comment","target":["https:\/\/fjala.info\/2009-2015\/topi-topalli-te-mesoje-te-flase-topalli-haxhi-qamili-skupton-shqipen-time\/#respond"]}]},{"@type":"WebPage","@id":"https:\/\/fjala.info\/2009-2015\/topi-topalli-te-mesoje-te-flase-topalli-haxhi-qamili-skupton-shqipen-time\/","url":"https:\/\/fjala.info\/2009-2015\/topi-topalli-te-mesoje-te-flase-topalli-haxhi-qamili-skupton-shqipen-time\/","name":"Topi: Topalli t\u00eb m\u00ebsoj\u00eb t\u00eb flas\u00eb, Topalli: Haxhi Qamili s\u2019kupton shqipen time - FjALA e LIR\u00cb - Arkivi","isPartOf":{"@id":"https:\/\/fjala.info\/2009-2015\/#website"},"primaryImageOfPage":{"@id":"https:\/\/fjala.info\/2009-2015\/topi-topalli-te-mesoje-te-flase-topalli-haxhi-qamili-skupton-shqipen-time\/#primaryimage"},"image":{"@id":"https:\/\/fjala.info\/2009-2015\/topi-topalli-te-mesoje-te-flase-topalli-haxhi-qamili-skupton-shqipen-time\/#primaryimage"},"thumbnailUrl":"http:\/\/www.shkoder.net\/images\/fjala\/2011\/bamir_topi.jpg","datePublished":"2011-10-15T21:34:39+00:00","breadcrumb":{"@id":"https:\/\/fjala.info\/2009-2015\/topi-topalli-te-mesoje-te-flase-topalli-haxhi-qamili-skupton-shqipen-time\/#breadcrumb"},"inLanguage":"sq-AL","potentialAction":[{"@type":"ReadAction","target":["https:\/\/fjala.info\/2009-2015\/topi-topalli-te-mesoje-te-flase-topalli-haxhi-qamili-skupton-shqipen-time\/"]}]},{"@type":"ImageObject","inLanguage":"sq-AL","@id":"https:\/\/fjala.info\/2009-2015\/topi-topalli-te-mesoje-te-flase-topalli-haxhi-qamili-skupton-shqipen-time\/#primaryimage","url":"http:\/\/www.shkoder.net\/images\/fjala\/2011\/bamir_topi.jpg","contentUrl":"http:\/\/www.shkoder.net\/images\/fjala\/2011\/bamir_topi.jpg"},{"@type":"BreadcrumbList","@id":"https:\/\/fjala.info\/2009-2015\/topi-topalli-te-mesoje-te-flase-topalli-haxhi-qamili-skupton-shqipen-time\/#breadcrumb","itemListElement":[{"@type":"ListItem","position":1,"name":"Home","item":"https:\/\/fjala.info\/2009-2015\/"},{"@type":"ListItem","position":2,"name":"Topi: Topalli t\u00eb m\u00ebsoj\u00eb t\u00eb flas\u00eb, Topalli: Haxhi Qamili s\u2019kupton shqipen time"}]},{"@type":"WebSite","@id":"https:\/\/fjala.info\/2009-2015\/#website","url":"https:\/\/fjala.info\/2009-2015\/","name":"FjALA e LIR\u00cb - Arkivi","description":"Arkivi 2009-2015","publisher":{"@id":"https:\/\/fjala.info\/2009-2015\/#organization"},"potentialAction":[{"@type":"SearchAction","target":{"@type":"EntryPoint","urlTemplate":"https:\/\/fjala.info\/2009-2015\/?s={search_term_string}"},"query-input":{"@type":"PropertyValueSpecification","valueRequired":true,"valueName":"search_term_string"}}],"inLanguage":"sq-AL"},{"@type":"Organization","@id":"https:\/\/fjala.info\/2009-2015\/#organization","name":"FjALA e LIR\u00cb - Arkivi","url":"https:\/\/fjala.info\/2009-2015\/","logo":{"@type":"ImageObject","inLanguage":"sq-AL","@id":"https:\/\/fjala.info\/2009-2015\/#\/schema\/logo\/image\/","url":"","contentUrl":"","caption":"FjALA e LIR\u00cb - Arkivi"},"image":{"@id":"https:\/\/fjala.info\/2009-2015\/#\/schema\/logo\/image\/"}},{"@type":"Person","@id":"https:\/\/fjala.info\/2009-2015\/#\/schema\/person\/3aa1163ef05469c496fc94e77611ada2","name":"admin","image":{"@type":"ImageObject","inLanguage":"sq-AL","@id":"https:\/\/fjala.info\/2009-2015\/wp-content\/uploads\/2012\/02\/arben_cokaj-120x150.jpg","url":"https:\/\/fjala.info\/2009-2015\/wp-content\/uploads\/2012\/02\/arben_cokaj-120x150.jpg","contentUrl":"https:\/\/fjala.info\/2009-2015\/wp-content\/uploads\/2012\/02\/arben_cokaj-120x150.jpg","caption":"admin"},"description":"Admin, Fjala e Lir\u00eb","sameAs":["https:\/\/fjala.info\/"],"url":"https:\/\/fjala.info\/2009-2015\/author\/admin\/"}]}},"_links":{"self":[{"href":"https:\/\/fjala.info\/2009-2015\/wp-json\/wp\/v2\/posts\/11012","targetHints":{"allow":["GET"]}}],"collection":[{"href":"https:\/\/fjala.info\/2009-2015\/wp-json\/wp\/v2\/posts"}],"about":[{"href":"https:\/\/fjala.info\/2009-2015\/wp-json\/wp\/v2\/types\/post"}],"author":[{"embeddable":true,"href":"https:\/\/fjala.info\/2009-2015\/wp-json\/wp\/v2\/users\/1"}],"replies":[{"embeddable":true,"href":"https:\/\/fjala.info\/2009-2015\/wp-json\/wp\/v2\/comments?post=11012"}],"version-history":[{"count":0,"href":"https:\/\/fjala.info\/2009-2015\/wp-json\/wp\/v2\/posts\/11012\/revisions"}],"wp:attachment":[{"href":"https:\/\/fjala.info\/2009-2015\/wp-json\/wp\/v2\/media?parent=11012"}],"wp:term":[{"taxonomy":"category","embeddable":true,"href":"https:\/\/fjala.info\/2009-2015\/wp-json\/wp\/v2\/categories?post=11012"},{"taxonomy":"post_tag","embeddable":true,"href":"https:\/\/fjala.info\/2009-2015\/wp-json\/wp\/v2\/tags?post=11012"}],"curies":[{"name":"wp","href":"https:\/\/api.w.org\/{rel}","templated":true}]}}