{"id":11002,"date":"2011-10-15T10:11:15","date_gmt":"2011-10-15T09:11:15","guid":{"rendered":"http:\/\/fjala.shkoder.net\/?p=11002"},"modified":"2011-10-15T10:11:15","modified_gmt":"2011-10-15T09:11:15","slug":"berisha-versus-toptani","status":"publish","type":"post","link":"https:\/\/fjala.info\/2009-2015\/berisha-versus-toptani\/","title":{"rendered":"Berisha versus Toptani"},"content":{"rendered":"<p><img decoding=\"async\" class=\"alignleft size-thumbnail wp-image-7236\" title=\"Albania dikur\" src=\"http:\/\/www.shkoder.net\/images\/fjala\/2011\/albania_once_upon_a_time.jpg\" alt=\"\" width=\"300\" \/> <strong>ResPublika.al<\/strong>, <em>15 tetor 2011<\/em><\/p>\n<p>Kryeministri Berisha, n\u00eb shp\u00ebrthimin e para disa dit\u00ebve n\u00eb parlament, duke dashur t\u00eb gjej\u00eb nj\u00eb paralele \u201cq\u00eb u rrin fiks opozitar\u00ebve antishqiptar\u00eb\u201d, fillimisht u ndal tek Enver Hoxha, e pastaj tek Toptan\u00ebt. Vini re: tek Toptan\u00ebt, jo tek Esad Toptani. Ai tregoi nj\u00eb anektod\u00eb mbi nj\u00eb takim me nj\u00eb t\u00eb huaj (rr\u00ebfen shpesh anektoda t\u00eb tilla lidhur me takime me t\u00eb huaj q\u00eb s\u2019kan\u00eb em\u00ebr, e k\u00ebshtu askush s\u2019mund t\u2019i konfirmoj\u00eb apo p\u00ebrg\u00ebnjeshtroj\u00eb), ku ai paska mbetur ligsht kur i huaji (jo i Camus-s\u00eb) \u00ebsht\u00eb shfaqur i skandalizuar q\u00eb n\u00eb vendin e shqipeve vet\u00ebm Berisha e dashka vendin e shqipeve. Dhe k\u00ebtu ishte rasti p\u00ebr t\u2019i hapur rrug\u00eb p\u00ebrroit t\u00eb tij t\u00eb nd\u00ebrgjegjes; e midis t\u00eb tjerash tha, se \u201cat\u00eb q\u00eb i kan\u00eb b\u00ebr\u00eb Toptan\u00ebt Shqip\u00ebris\u00eb nuk ia kan\u00eb b\u00ebr\u00eb t\u00eb gjith\u00eb okupator\u00ebt\u201d. Askush nuk arriti t\u00eb kuptonte se pse i ka futur t\u00eb gjth\u00eb Toptan\u00ebt n\u00eb nj\u00eb thes.<\/p>\n<p>Si\u00e7 pritej, nj\u00eb pinjoll i Toptanasve, ka reaguar: \u201cK\u00ebto krahasime na kujtojn\u00eb luft\u00ebn e klasave t\u00eb ndjekur nga Partia e Pun\u00ebs p\u00ebr 40 vjet, m\u00ebsimet e s\u00eb cil\u00ebs jetojn\u00eb si reflekse t\u00eb kusht\u00ebzuara tek shpirti i shum\u00eb personave dhe politikan\u00ebve duke shkaktuar fyerje t\u00eb pa drejta dhe efekte negative tek f\u00ebmij\u00ebt pasardh\u00ebs s\u00eb k\u00ebsaj familjeje\u201d.<\/p>\n<p>P\u00ebrfaq\u00ebsuesi i Toptanasve ka gjetur arsye edhe n\u00eb k\u00ebt\u00eb rast t\u00eb n\u00ebnvizoj\u00eb e t\u00eb garantoj\u00eb q\u00eb ata \u201ctradicionalisht dhe n\u00eb p\u00ebrgjith\u00ebsi kan\u00eb qen\u00eb dhe do t\u00eb mbeten n\u00eb parimet e s\u00eb djatht\u00ebs atdhedash\u00ebse shqiptare-europiane\u201d.<\/p>\n<p>Letra \u00ebsht\u00eb e n\u00ebnshkruar nga Ajteni, q\u00eb \u00ebsht\u00eb djali i Sulejmanit, i biri i Murat Toptanit.<\/p>\n<p><em>Re.Pu.<\/em><\/p>\n","protected":false},"excerpt":{"rendered":"<p>ResPublika.al, 15 tetor 2011 Kryeministri Berisha, n\u00eb shp\u00ebrthimin e para disa dit\u00ebve n\u00eb parlament, duke dashur t\u00eb gjej\u00eb nj\u00eb paralele \u201cq\u00eb u rrin fiks opozitar\u00ebve antishqiptar\u00eb\u201d, fillimisht u ndal tek Enver Hoxha, e pastaj tek Toptan\u00ebt. Vini re: tek Toptan\u00ebt, jo tek Esad Toptani. Ai tregoi nj\u00eb anektod\u00eb mbi nj\u00eb takim me nj\u00eb t\u00eb huaj [&hellip;]<\/p>\n","protected":false},"author":1,"featured_media":0,"comment_status":"open","ping_status":"closed","sticky":false,"template":"","format":"standard","meta":{"footnotes":""},"categories":[2],"tags":[],"class_list":{"0":"post-11002","1":"post","2":"type-post","3":"status-publish","4":"format-standard","6":"category-artikuj"},"yoast_head":"<!-- This site is optimized with the Yoast SEO plugin v27.4 - https:\/\/yoast.com\/product\/yoast-seo-wordpress\/ -->\n<title>Berisha versus Toptani - FjALA e LIR\u00cb - Arkivi<\/title>\n<meta name=\"robots\" content=\"index, follow, max-snippet:-1, max-image-preview:large, max-video-preview:-1\" \/>\n<link rel=\"canonical\" href=\"https:\/\/fjala.info\/2009-2015\/berisha-versus-toptani\/\" \/>\n<meta property=\"og:locale\" content=\"sq_AL\" \/>\n<meta property=\"og:type\" content=\"article\" \/>\n<meta property=\"og:title\" content=\"Berisha versus Toptani - FjALA e LIR\u00cb - Arkivi\" \/>\n<meta property=\"og:description\" content=\"ResPublika.al, 15 tetor 2011 Kryeministri Berisha, n\u00eb shp\u00ebrthimin e para disa dit\u00ebve n\u00eb parlament, duke dashur t\u00eb gjej\u00eb nj\u00eb paralele \u201cq\u00eb u rrin fiks opozitar\u00ebve antishqiptar\u00eb\u201d, fillimisht u ndal tek Enver Hoxha, e pastaj tek Toptan\u00ebt. Vini re: tek Toptan\u00ebt, jo tek Esad Toptani. Ai tregoi nj\u00eb anektod\u00eb mbi nj\u00eb takim me nj\u00eb t\u00eb huaj [&hellip;]\" \/>\n<meta property=\"og:url\" content=\"https:\/\/fjala.info\/2009-2015\/berisha-versus-toptani\/\" \/>\n<meta property=\"og:site_name\" content=\"FjALA e LIR\u00cb - Arkivi\" \/>\n<meta property=\"article:published_time\" content=\"2011-10-15T09:11:15+00:00\" \/>\n<meta property=\"og:image\" content=\"http:\/\/www.shkoder.net\/images\/fjala\/2011\/albania_once_upon_a_time.jpg\" \/>\n<meta name=\"author\" content=\"admin\" \/>\n<meta name=\"twitter:card\" content=\"summary_large_image\" \/>\n<meta name=\"twitter:label1\" content=\"Written by\" \/>\n\t<meta name=\"twitter:data1\" content=\"admin\" \/>\n\t<meta name=\"twitter:label2\" content=\"Est. reading time\" \/>\n\t<meta name=\"twitter:data2\" content=\"2 minutes\" \/>\n<script type=\"application\/ld+json\" class=\"yoast-schema-graph\">{\"@context\":\"https:\\\/\\\/schema.org\",\"@graph\":[{\"@type\":\"Article\",\"@id\":\"https:\\\/\\\/fjala.info\\\/2009-2015\\\/berisha-versus-toptani\\\/#article\",\"isPartOf\":{\"@id\":\"https:\\\/\\\/fjala.info\\\/2009-2015\\\/berisha-versus-toptani\\\/\"},\"author\":{\"name\":\"admin\",\"@id\":\"https:\\\/\\\/fjala.info\\\/2009-2015\\\/#\\\/schema\\\/person\\\/3aa1163ef05469c496fc94e77611ada2\"},\"headline\":\"Berisha versus Toptani\",\"datePublished\":\"2011-10-15T09:11:15+00:00\",\"mainEntityOfPage\":{\"@id\":\"https:\\\/\\\/fjala.info\\\/2009-2015\\\/berisha-versus-toptani\\\/\"},\"wordCount\":307,\"commentCount\":0,\"publisher\":{\"@id\":\"https:\\\/\\\/fjala.info\\\/2009-2015\\\/#organization\"},\"image\":{\"@id\":\"https:\\\/\\\/fjala.info\\\/2009-2015\\\/berisha-versus-toptani\\\/#primaryimage\"},\"thumbnailUrl\":\"http:\\\/\\\/www.shkoder.net\\\/images\\\/fjala\\\/2011\\\/albania_once_upon_a_time.jpg\",\"articleSection\":[\"Artikuj\"],\"inLanguage\":\"sq-AL\",\"potentialAction\":[{\"@type\":\"CommentAction\",\"name\":\"Comment\",\"target\":[\"https:\\\/\\\/fjala.info\\\/2009-2015\\\/berisha-versus-toptani\\\/#respond\"]}]},{\"@type\":\"WebPage\",\"@id\":\"https:\\\/\\\/fjala.info\\\/2009-2015\\\/berisha-versus-toptani\\\/\",\"url\":\"https:\\\/\\\/fjala.info\\\/2009-2015\\\/berisha-versus-toptani\\\/\",\"name\":\"Berisha versus Toptani - FjALA e LIR\u00cb - Arkivi\",\"isPartOf\":{\"@id\":\"https:\\\/\\\/fjala.info\\\/2009-2015\\\/#website\"},\"primaryImageOfPage\":{\"@id\":\"https:\\\/\\\/fjala.info\\\/2009-2015\\\/berisha-versus-toptani\\\/#primaryimage\"},\"image\":{\"@id\":\"https:\\\/\\\/fjala.info\\\/2009-2015\\\/berisha-versus-toptani\\\/#primaryimage\"},\"thumbnailUrl\":\"http:\\\/\\\/www.shkoder.net\\\/images\\\/fjala\\\/2011\\\/albania_once_upon_a_time.jpg\",\"datePublished\":\"2011-10-15T09:11:15+00:00\",\"breadcrumb\":{\"@id\":\"https:\\\/\\\/fjala.info\\\/2009-2015\\\/berisha-versus-toptani\\\/#breadcrumb\"},\"inLanguage\":\"sq-AL\",\"potentialAction\":[{\"@type\":\"ReadAction\",\"target\":[\"https:\\\/\\\/fjala.info\\\/2009-2015\\\/berisha-versus-toptani\\\/\"]}]},{\"@type\":\"ImageObject\",\"inLanguage\":\"sq-AL\",\"@id\":\"https:\\\/\\\/fjala.info\\\/2009-2015\\\/berisha-versus-toptani\\\/#primaryimage\",\"url\":\"http:\\\/\\\/www.shkoder.net\\\/images\\\/fjala\\\/2011\\\/albania_once_upon_a_time.jpg\",\"contentUrl\":\"http:\\\/\\\/www.shkoder.net\\\/images\\\/fjala\\\/2011\\\/albania_once_upon_a_time.jpg\"},{\"@type\":\"BreadcrumbList\",\"@id\":\"https:\\\/\\\/fjala.info\\\/2009-2015\\\/berisha-versus-toptani\\\/#breadcrumb\",\"itemListElement\":[{\"@type\":\"ListItem\",\"position\":1,\"name\":\"Home\",\"item\":\"https:\\\/\\\/fjala.info\\\/2009-2015\\\/\"},{\"@type\":\"ListItem\",\"position\":2,\"name\":\"Berisha versus Toptani\"}]},{\"@type\":\"WebSite\",\"@id\":\"https:\\\/\\\/fjala.info\\\/2009-2015\\\/#website\",\"url\":\"https:\\\/\\\/fjala.info\\\/2009-2015\\\/\",\"name\":\"FjALA e LIR\u00cb - Arkivi\",\"description\":\"Arkivi 2009-2015\",\"publisher\":{\"@id\":\"https:\\\/\\\/fjala.info\\\/2009-2015\\\/#organization\"},\"potentialAction\":[{\"@type\":\"SearchAction\",\"target\":{\"@type\":\"EntryPoint\",\"urlTemplate\":\"https:\\\/\\\/fjala.info\\\/2009-2015\\\/?s={search_term_string}\"},\"query-input\":{\"@type\":\"PropertyValueSpecification\",\"valueRequired\":true,\"valueName\":\"search_term_string\"}}],\"inLanguage\":\"sq-AL\"},{\"@type\":\"Organization\",\"@id\":\"https:\\\/\\\/fjala.info\\\/2009-2015\\\/#organization\",\"name\":\"FjALA e LIR\u00cb - Arkivi\",\"url\":\"https:\\\/\\\/fjala.info\\\/2009-2015\\\/\",\"logo\":{\"@type\":\"ImageObject\",\"inLanguage\":\"sq-AL\",\"@id\":\"https:\\\/\\\/fjala.info\\\/2009-2015\\\/#\\\/schema\\\/logo\\\/image\\\/\",\"url\":\"\",\"contentUrl\":\"\",\"caption\":\"FjALA e LIR\u00cb - Arkivi\"},\"image\":{\"@id\":\"https:\\\/\\\/fjala.info\\\/2009-2015\\\/#\\\/schema\\\/logo\\\/image\\\/\"}},{\"@type\":\"Person\",\"@id\":\"https:\\\/\\\/fjala.info\\\/2009-2015\\\/#\\\/schema\\\/person\\\/3aa1163ef05469c496fc94e77611ada2\",\"name\":\"admin\",\"image\":{\"@type\":\"ImageObject\",\"inLanguage\":\"sq-AL\",\"@id\":\"https:\\\/\\\/fjala.info\\\/2009-2015\\\/wp-content\\\/uploads\\\/2012\\\/02\\\/arben_cokaj-120x150.jpg\",\"url\":\"https:\\\/\\\/fjala.info\\\/2009-2015\\\/wp-content\\\/uploads\\\/2012\\\/02\\\/arben_cokaj-120x150.jpg\",\"contentUrl\":\"https:\\\/\\\/fjala.info\\\/2009-2015\\\/wp-content\\\/uploads\\\/2012\\\/02\\\/arben_cokaj-120x150.jpg\",\"caption\":\"admin\"},\"description\":\"Admin, Fjala e Lir\u00eb\",\"sameAs\":[\"https:\\\/\\\/fjala.info\\\/\"],\"url\":\"https:\\\/\\\/fjala.info\\\/2009-2015\\\/author\\\/admin\\\/\"}]}<\/script>\n<!-- \/ Yoast SEO plugin. -->","yoast_head_json":{"title":"Berisha versus Toptani - FjALA e LIR\u00cb - Arkivi","robots":{"index":"index","follow":"follow","max-snippet":"max-snippet:-1","max-image-preview":"max-image-preview:large","max-video-preview":"max-video-preview:-1"},"canonical":"https:\/\/fjala.info\/2009-2015\/berisha-versus-toptani\/","og_locale":"sq_AL","og_type":"article","og_title":"Berisha versus Toptani - FjALA e LIR\u00cb - Arkivi","og_description":"ResPublika.al, 15 tetor 2011 Kryeministri Berisha, n\u00eb shp\u00ebrthimin e para disa dit\u00ebve n\u00eb parlament, duke dashur t\u00eb gjej\u00eb nj\u00eb paralele \u201cq\u00eb u rrin fiks opozitar\u00ebve antishqiptar\u00eb\u201d, fillimisht u ndal tek Enver Hoxha, e pastaj tek Toptan\u00ebt. Vini re: tek Toptan\u00ebt, jo tek Esad Toptani. Ai tregoi nj\u00eb anektod\u00eb mbi nj\u00eb takim me nj\u00eb t\u00eb huaj [&hellip;]","og_url":"https:\/\/fjala.info\/2009-2015\/berisha-versus-toptani\/","og_site_name":"FjALA e LIR\u00cb - Arkivi","article_published_time":"2011-10-15T09:11:15+00:00","og_image":[{"url":"http:\/\/www.shkoder.net\/images\/fjala\/2011\/albania_once_upon_a_time.jpg","type":"","width":"","height":""}],"author":"admin","twitter_card":"summary_large_image","twitter_misc":{"Written by":"admin","Est. reading time":"2 minutes"},"schema":{"@context":"https:\/\/schema.org","@graph":[{"@type":"Article","@id":"https:\/\/fjala.info\/2009-2015\/berisha-versus-toptani\/#article","isPartOf":{"@id":"https:\/\/fjala.info\/2009-2015\/berisha-versus-toptani\/"},"author":{"name":"admin","@id":"https:\/\/fjala.info\/2009-2015\/#\/schema\/person\/3aa1163ef05469c496fc94e77611ada2"},"headline":"Berisha versus Toptani","datePublished":"2011-10-15T09:11:15+00:00","mainEntityOfPage":{"@id":"https:\/\/fjala.info\/2009-2015\/berisha-versus-toptani\/"},"wordCount":307,"commentCount":0,"publisher":{"@id":"https:\/\/fjala.info\/2009-2015\/#organization"},"image":{"@id":"https:\/\/fjala.info\/2009-2015\/berisha-versus-toptani\/#primaryimage"},"thumbnailUrl":"http:\/\/www.shkoder.net\/images\/fjala\/2011\/albania_once_upon_a_time.jpg","articleSection":["Artikuj"],"inLanguage":"sq-AL","potentialAction":[{"@type":"CommentAction","name":"Comment","target":["https:\/\/fjala.info\/2009-2015\/berisha-versus-toptani\/#respond"]}]},{"@type":"WebPage","@id":"https:\/\/fjala.info\/2009-2015\/berisha-versus-toptani\/","url":"https:\/\/fjala.info\/2009-2015\/berisha-versus-toptani\/","name":"Berisha versus Toptani - FjALA e LIR\u00cb - Arkivi","isPartOf":{"@id":"https:\/\/fjala.info\/2009-2015\/#website"},"primaryImageOfPage":{"@id":"https:\/\/fjala.info\/2009-2015\/berisha-versus-toptani\/#primaryimage"},"image":{"@id":"https:\/\/fjala.info\/2009-2015\/berisha-versus-toptani\/#primaryimage"},"thumbnailUrl":"http:\/\/www.shkoder.net\/images\/fjala\/2011\/albania_once_upon_a_time.jpg","datePublished":"2011-10-15T09:11:15+00:00","breadcrumb":{"@id":"https:\/\/fjala.info\/2009-2015\/berisha-versus-toptani\/#breadcrumb"},"inLanguage":"sq-AL","potentialAction":[{"@type":"ReadAction","target":["https:\/\/fjala.info\/2009-2015\/berisha-versus-toptani\/"]}]},{"@type":"ImageObject","inLanguage":"sq-AL","@id":"https:\/\/fjala.info\/2009-2015\/berisha-versus-toptani\/#primaryimage","url":"http:\/\/www.shkoder.net\/images\/fjala\/2011\/albania_once_upon_a_time.jpg","contentUrl":"http:\/\/www.shkoder.net\/images\/fjala\/2011\/albania_once_upon_a_time.jpg"},{"@type":"BreadcrumbList","@id":"https:\/\/fjala.info\/2009-2015\/berisha-versus-toptani\/#breadcrumb","itemListElement":[{"@type":"ListItem","position":1,"name":"Home","item":"https:\/\/fjala.info\/2009-2015\/"},{"@type":"ListItem","position":2,"name":"Berisha versus Toptani"}]},{"@type":"WebSite","@id":"https:\/\/fjala.info\/2009-2015\/#website","url":"https:\/\/fjala.info\/2009-2015\/","name":"FjALA e LIR\u00cb - Arkivi","description":"Arkivi 2009-2015","publisher":{"@id":"https:\/\/fjala.info\/2009-2015\/#organization"},"potentialAction":[{"@type":"SearchAction","target":{"@type":"EntryPoint","urlTemplate":"https:\/\/fjala.info\/2009-2015\/?s={search_term_string}"},"query-input":{"@type":"PropertyValueSpecification","valueRequired":true,"valueName":"search_term_string"}}],"inLanguage":"sq-AL"},{"@type":"Organization","@id":"https:\/\/fjala.info\/2009-2015\/#organization","name":"FjALA e LIR\u00cb - Arkivi","url":"https:\/\/fjala.info\/2009-2015\/","logo":{"@type":"ImageObject","inLanguage":"sq-AL","@id":"https:\/\/fjala.info\/2009-2015\/#\/schema\/logo\/image\/","url":"","contentUrl":"","caption":"FjALA e LIR\u00cb - Arkivi"},"image":{"@id":"https:\/\/fjala.info\/2009-2015\/#\/schema\/logo\/image\/"}},{"@type":"Person","@id":"https:\/\/fjala.info\/2009-2015\/#\/schema\/person\/3aa1163ef05469c496fc94e77611ada2","name":"admin","image":{"@type":"ImageObject","inLanguage":"sq-AL","@id":"https:\/\/fjala.info\/2009-2015\/wp-content\/uploads\/2012\/02\/arben_cokaj-120x150.jpg","url":"https:\/\/fjala.info\/2009-2015\/wp-content\/uploads\/2012\/02\/arben_cokaj-120x150.jpg","contentUrl":"https:\/\/fjala.info\/2009-2015\/wp-content\/uploads\/2012\/02\/arben_cokaj-120x150.jpg","caption":"admin"},"description":"Admin, Fjala e Lir\u00eb","sameAs":["https:\/\/fjala.info\/"],"url":"https:\/\/fjala.info\/2009-2015\/author\/admin\/"}]}},"_links":{"self":[{"href":"https:\/\/fjala.info\/2009-2015\/wp-json\/wp\/v2\/posts\/11002","targetHints":{"allow":["GET"]}}],"collection":[{"href":"https:\/\/fjala.info\/2009-2015\/wp-json\/wp\/v2\/posts"}],"about":[{"href":"https:\/\/fjala.info\/2009-2015\/wp-json\/wp\/v2\/types\/post"}],"author":[{"embeddable":true,"href":"https:\/\/fjala.info\/2009-2015\/wp-json\/wp\/v2\/users\/1"}],"replies":[{"embeddable":true,"href":"https:\/\/fjala.info\/2009-2015\/wp-json\/wp\/v2\/comments?post=11002"}],"version-history":[{"count":0,"href":"https:\/\/fjala.info\/2009-2015\/wp-json\/wp\/v2\/posts\/11002\/revisions"}],"wp:attachment":[{"href":"https:\/\/fjala.info\/2009-2015\/wp-json\/wp\/v2\/media?parent=11002"}],"wp:term":[{"taxonomy":"category","embeddable":true,"href":"https:\/\/fjala.info\/2009-2015\/wp-json\/wp\/v2\/categories?post=11002"},{"taxonomy":"post_tag","embeddable":true,"href":"https:\/\/fjala.info\/2009-2015\/wp-json\/wp\/v2\/tags?post=11002"}],"curies":[{"name":"wp","href":"https:\/\/api.w.org\/{rel}","templated":true}]}}