{"id":11000,"date":"2011-10-15T10:07:46","date_gmt":"2011-10-15T09:07:46","guid":{"rendered":"http:\/\/fjala.shkoder.net\/?p=11000"},"modified":"2011-10-15T10:07:46","modified_gmt":"2011-10-15T09:07:46","slug":"recete-per-perjetesine","status":"publish","type":"post","link":"https:\/\/fjala.info\/2009-2015\/recete-per-perjetesine\/","title":{"rendered":"Recet\u00eb p\u00ebr p\u00ebrjet\u00ebsin\u00eb"},"content":{"rendered":"<p><img decoding=\"async\" class=\"alignleft size-thumbnail wp-image-7236\" title=\"Eternity\" src=\"http:\/\/www.shkoder.net\/images\/fjala\/2011\/eternity.jpg\" alt=\"\" width=\"300\" \/> Nga <strong>Gilman Bakalli<\/strong>, <em>15 tetor 2011<\/em><\/p>\n<p>E pat\u00eb s\u00ebrish, besoj, at\u00eb politikanin burrnor shqiptar, i cili, pasi foli n\u00eb nj\u00eb mbledhje, shkoi n\u00eb nj\u00eb inaugurim rrug\u00ebsh, pastaj n\u00eb inaugurimin e nj\u00eb aparature mjek\u00ebsore, pastaj t\u00eb nj\u00eb salle interneti, pastaj foli me rastin e vdekjes s\u00eb nj\u00eb artisti t\u00eb shquar humori, pastaj mbi r\u00ebnd\u00ebsin\u00eb e bashk\u00ebjetes\u00ebs fetare? Gjithkund me nj\u00eb kamera pas vetes, natyrisht! E pat\u00eb t\u00eb gjith\u00eb, besoj, nga kompjuteri apo televizori? Nj\u00eb shfaqje e p\u00ebrditshme, e pafundme, nj\u00eb invazion i v\u00ebrtet\u00eb imazhesh, q\u00eb nuk l\u00ebn\u00eb cep t\u00eb jet\u00ebs s\u00eb politikanit pa ndri\u00e7uar.<\/p>\n<p>Ky politikan ka vendosur t\u00eb mos e \u00e7oj\u00eb koh\u00ebn d\u00ebm, koh\u00ebn deri n\u00eb dit\u00ebn e gjykimit nga i Plotfuqishmi. I ndjekur nga d\u00ebshira p\u00ebr t\u00eb qen\u00eb njeriu m\u00eb i lakmuar mediatikisht n\u00eb vend, n\u00eb \u00e7do l\u00ebvizje t\u00eb tij n\u00eb rrug\u00eb, sht\u00ebpi, mal a det ai ka nj\u00eb kamera, e cila \u00e7do minut\u00eb shkrep nga nj\u00eb foto, t\u00eb cil\u00ebn e d\u00ebrgon menj\u00ebher\u00eb n\u00eb televizion apo internet. Mij\u00ebra njer\u00ebz n\u00ebp\u00ebr larg\u00ebsira anonime q\u00ebndrojn\u00eb para ekraneve televizive apo kompjuterike dhe shohin nga af\u00ebr, se si ha, si ec\u00ebn, si noton, si vrapon, si p\u00ebrk\u00ebdhel nipat e mbesat, \u00e7far\u00eb librash lexon politikani e k\u00ebshtu me radh\u00eb. Shkurt, qindra e mij\u00ebra anonim\u00eb marrin pjes\u00eb n\u00eb jet\u00ebn private t\u00eb politikanit, nj\u00eb jet\u00eb, t\u00eb cil\u00ebn vet\u00ebm me nj\u00eb far\u00eb naiviteti, mund ta quash jet\u00eb private. Disa admirues, t\u00eb cil\u00ebt s\u2019e kan\u00eb takuar kurr\u00eb m\u00eb par\u00eb politikanin, por e njohin at\u00eb prej ekranit m\u00eb mir\u00eb se \u00e7do njeri tjet\u00ebr, zgjedhin \u00e7do dit\u00eb foto t\u00eb tij; si d\u00ebshmi t\u00eb nj\u00eb devotshm\u00ebrie t\u00eb brendshme. Me k\u00ebto foto ata krijojn\u00eb n\u00eb web-site nj\u00eb altar t\u00eb politikanit dhe i sh\u00ebrbejn\u00eb k\u00ebtij si nj\u00eb prift online.<\/p>\n<p>Qindra e mij\u00ebra vizitor\u00eb t\u00eb fsheht\u00eb, q\u00eb ftohen p\u00ebr nj\u00eb shikim t\u00eb heshtur, p\u00ebrjetojn\u00eb hi\u00e7in e \u00e7do dite si nj\u00eb sensacion intim. Politikani mund t\u00eb ishte b\u00ebr\u00eb milioner po t\u00eb k\u00ebrkonte qoft\u00eb edhe nj\u00eb qindark\u00eb p\u00ebr \u00e7do klikim q\u00eb \u00e7on n\u00eb ekzistenc\u00ebn e tij virtuale, e cila eliminon gjith\u00e7ka q\u00eb deri tani mund t\u00eb quhej personalitet. Por aspekti financiar \u00ebsht\u00eb gj\u00ebja e fundit q\u00eb i intereson atij (v\u00ebrtet?). Ajo q\u00eb i intereson realisht \u00ebsht\u00eb lakmia e pangopur p\u00ebr t\u00b4u zbuluar, lakmi q\u00eb nuk mund t\u00eb k\u00ebnaqet kurr\u00eb. Ashtu si koprraci q\u00eb, me gjith\u00eb parat\u00eb e stivosura nuk ia del kurr\u00eb t\u00eb b\u00ebhet dor\u00ebl\u00ebshuar, edhe ekzibicionisti m\u00eb i zellsh\u00ebm, duke i hequr rrobat nj\u00eb nga nj\u00eb, nuk arrin kurr\u00eb te p\u00ebrfundimi fatlum se tashm\u00eb e ka shfaqur mjaftuesh\u00ebm lakuriq\u00ebsin\u00eb e tij.<\/p>\n<p>Lakmia e politikanit ton\u00eb do t\u00eb k\u00ebnaqej sikur jeta e tij t\u00eb mund t\u00eb transmetohej jo thjesht p\u00ebrmes fotove, por n\u00eb m\u00ebnyr\u00eb t\u00eb plot\u00eb, pa nd\u00ebrprerje. Kjo do ta lumturonte politikanin, sepse n\u00eb harkun kohor q\u00eb nderet pambarimisht midis dy shkrepjeve t\u00eb kamerave, ai \u00ebsht\u00eb i vdekur. \u00cbsht\u00eb i vdekur, sepse koha midis dy shkrepjeve \u00ebsht\u00eb nj\u00eb koh\u00eb e pajetuar p\u00ebr t\u00eb.<\/p>\n<p>Vet\u00ebm duke qen\u00eb publikisht i lakmuesh\u00ebm politikani bie n\u00eb qet\u00ebsi. Ashtu si f\u00ebmij\u00ebt q\u00eb frik\u00ebsohen kur i l\u00ebn\u00eb vet\u00ebm n\u00eb nj\u00eb dhom\u00eb t\u00eb err\u00ebt, edhe politikani beson se nuk mund t\u2019i ndodh\u00eb asgj\u00eb p\u00ebr aq koh\u00eb sa q\u00ebndron n\u00eb ekran. Sikur t\u00eb arrihej t\u00eb shpikej nj\u00eb kamera q\u00eb funksionon pa nd\u00ebrprerje, q\u00eb regjistron automatikisht nj\u00eb film pafund\u00ebsisht t\u00eb gjat\u00eb, sikur t\u00eb ekzistonte pra nj\u00eb Zot, forca e t\u00eb cilit t\u00eb ishte pafund\u00ebsia e t\u00eb dh\u00ebnave, shpejt\u00ebsia e transmetimit dhe prezenca n\u00ebp\u00ebr ekranet e globit, at\u00ebher\u00eb vdekja nuk do kishte m\u00eb asnj\u00eb shans, sepse vdekja p\u00ebr politikanin ton\u00eb nuk vjen kur e th\u00ebrret i Plotfuqishmi. Vdekja e nj\u00ebmendt\u00eb vjen kur kompjuteri dhe televizori fiken, kamerat largohen nga skena dhe dritat shuhen.<\/p>\n<p><em>Publikuar n\u00eb Mapo<\/em><\/p>\n","protected":false},"excerpt":{"rendered":"<p>Nga Gilman Bakalli, 15 tetor 2011 E pat\u00eb s\u00ebrish, besoj, at\u00eb politikanin burrnor shqiptar, i cili, pasi foli n\u00eb nj\u00eb mbledhje, shkoi n\u00eb nj\u00eb inaugurim rrug\u00ebsh, pastaj n\u00eb inaugurimin e nj\u00eb aparature mjek\u00ebsore, pastaj t\u00eb nj\u00eb salle interneti, pastaj foli me rastin e vdekjes s\u00eb nj\u00eb artisti t\u00eb shquar humori, pastaj mbi r\u00ebnd\u00ebsin\u00eb e bashk\u00ebjetes\u00ebs [&hellip;]<\/p>\n","protected":false},"author":1,"featured_media":0,"comment_status":"open","ping_status":"closed","sticky":false,"template":"","format":"standard","meta":{"footnotes":""},"categories":[2],"tags":[],"class_list":{"0":"post-11000","1":"post","2":"type-post","3":"status-publish","4":"format-standard","6":"category-artikuj"},"yoast_head":"<!-- This site is optimized with the Yoast SEO plugin v27.4 - https:\/\/yoast.com\/product\/yoast-seo-wordpress\/ -->\n<title>Recet\u00eb p\u00ebr p\u00ebrjet\u00ebsin\u00eb - FjALA e LIR\u00cb - Arkivi<\/title>\n<meta name=\"robots\" content=\"index, follow, max-snippet:-1, max-image-preview:large, max-video-preview:-1\" \/>\n<link rel=\"canonical\" href=\"https:\/\/fjala.info\/2009-2015\/recete-per-perjetesine\/\" \/>\n<meta property=\"og:locale\" content=\"sq_AL\" \/>\n<meta property=\"og:type\" content=\"article\" \/>\n<meta property=\"og:title\" content=\"Recet\u00eb p\u00ebr p\u00ebrjet\u00ebsin\u00eb - FjALA e LIR\u00cb - Arkivi\" \/>\n<meta property=\"og:description\" content=\"Nga Gilman Bakalli, 15 tetor 2011 E pat\u00eb s\u00ebrish, besoj, at\u00eb politikanin burrnor shqiptar, i cili, pasi foli n\u00eb nj\u00eb mbledhje, shkoi n\u00eb nj\u00eb inaugurim rrug\u00ebsh, pastaj n\u00eb inaugurimin e nj\u00eb aparature mjek\u00ebsore, pastaj t\u00eb nj\u00eb salle interneti, pastaj foli me rastin e vdekjes s\u00eb nj\u00eb artisti t\u00eb shquar humori, pastaj mbi r\u00ebnd\u00ebsin\u00eb e bashk\u00ebjetes\u00ebs [&hellip;]\" \/>\n<meta property=\"og:url\" content=\"https:\/\/fjala.info\/2009-2015\/recete-per-perjetesine\/\" \/>\n<meta property=\"og:site_name\" content=\"FjALA e LIR\u00cb - Arkivi\" \/>\n<meta property=\"article:published_time\" content=\"2011-10-15T09:07:46+00:00\" \/>\n<meta property=\"og:image\" content=\"http:\/\/www.shkoder.net\/images\/fjala\/2011\/eternity.jpg\" \/>\n<meta name=\"author\" content=\"admin\" \/>\n<meta name=\"twitter:card\" content=\"summary_large_image\" \/>\n<meta name=\"twitter:label1\" content=\"Written by\" \/>\n\t<meta name=\"twitter:data1\" content=\"admin\" \/>\n\t<meta name=\"twitter:label2\" content=\"Est. reading time\" \/>\n\t<meta name=\"twitter:data2\" content=\"3 minutes\" \/>\n<script type=\"application\/ld+json\" class=\"yoast-schema-graph\">{\"@context\":\"https:\\\/\\\/schema.org\",\"@graph\":[{\"@type\":\"Article\",\"@id\":\"https:\\\/\\\/fjala.info\\\/2009-2015\\\/recete-per-perjetesine\\\/#article\",\"isPartOf\":{\"@id\":\"https:\\\/\\\/fjala.info\\\/2009-2015\\\/recete-per-perjetesine\\\/\"},\"author\":{\"name\":\"admin\",\"@id\":\"https:\\\/\\\/fjala.info\\\/2009-2015\\\/#\\\/schema\\\/person\\\/3aa1163ef05469c496fc94e77611ada2\"},\"headline\":\"Recet\u00eb p\u00ebr p\u00ebrjet\u00ebsin\u00eb\",\"datePublished\":\"2011-10-15T09:07:46+00:00\",\"mainEntityOfPage\":{\"@id\":\"https:\\\/\\\/fjala.info\\\/2009-2015\\\/recete-per-perjetesine\\\/\"},\"wordCount\":690,\"commentCount\":0,\"publisher\":{\"@id\":\"https:\\\/\\\/fjala.info\\\/2009-2015\\\/#organization\"},\"image\":{\"@id\":\"https:\\\/\\\/fjala.info\\\/2009-2015\\\/recete-per-perjetesine\\\/#primaryimage\"},\"thumbnailUrl\":\"http:\\\/\\\/www.shkoder.net\\\/images\\\/fjala\\\/2011\\\/eternity.jpg\",\"articleSection\":[\"Artikuj\"],\"inLanguage\":\"sq-AL\",\"potentialAction\":[{\"@type\":\"CommentAction\",\"name\":\"Comment\",\"target\":[\"https:\\\/\\\/fjala.info\\\/2009-2015\\\/recete-per-perjetesine\\\/#respond\"]}]},{\"@type\":\"WebPage\",\"@id\":\"https:\\\/\\\/fjala.info\\\/2009-2015\\\/recete-per-perjetesine\\\/\",\"url\":\"https:\\\/\\\/fjala.info\\\/2009-2015\\\/recete-per-perjetesine\\\/\",\"name\":\"Recet\u00eb p\u00ebr p\u00ebrjet\u00ebsin\u00eb - FjALA e LIR\u00cb - Arkivi\",\"isPartOf\":{\"@id\":\"https:\\\/\\\/fjala.info\\\/2009-2015\\\/#website\"},\"primaryImageOfPage\":{\"@id\":\"https:\\\/\\\/fjala.info\\\/2009-2015\\\/recete-per-perjetesine\\\/#primaryimage\"},\"image\":{\"@id\":\"https:\\\/\\\/fjala.info\\\/2009-2015\\\/recete-per-perjetesine\\\/#primaryimage\"},\"thumbnailUrl\":\"http:\\\/\\\/www.shkoder.net\\\/images\\\/fjala\\\/2011\\\/eternity.jpg\",\"datePublished\":\"2011-10-15T09:07:46+00:00\",\"breadcrumb\":{\"@id\":\"https:\\\/\\\/fjala.info\\\/2009-2015\\\/recete-per-perjetesine\\\/#breadcrumb\"},\"inLanguage\":\"sq-AL\",\"potentialAction\":[{\"@type\":\"ReadAction\",\"target\":[\"https:\\\/\\\/fjala.info\\\/2009-2015\\\/recete-per-perjetesine\\\/\"]}]},{\"@type\":\"ImageObject\",\"inLanguage\":\"sq-AL\",\"@id\":\"https:\\\/\\\/fjala.info\\\/2009-2015\\\/recete-per-perjetesine\\\/#primaryimage\",\"url\":\"http:\\\/\\\/www.shkoder.net\\\/images\\\/fjala\\\/2011\\\/eternity.jpg\",\"contentUrl\":\"http:\\\/\\\/www.shkoder.net\\\/images\\\/fjala\\\/2011\\\/eternity.jpg\"},{\"@type\":\"BreadcrumbList\",\"@id\":\"https:\\\/\\\/fjala.info\\\/2009-2015\\\/recete-per-perjetesine\\\/#breadcrumb\",\"itemListElement\":[{\"@type\":\"ListItem\",\"position\":1,\"name\":\"Home\",\"item\":\"https:\\\/\\\/fjala.info\\\/2009-2015\\\/\"},{\"@type\":\"ListItem\",\"position\":2,\"name\":\"Recet\u00eb p\u00ebr p\u00ebrjet\u00ebsin\u00eb\"}]},{\"@type\":\"WebSite\",\"@id\":\"https:\\\/\\\/fjala.info\\\/2009-2015\\\/#website\",\"url\":\"https:\\\/\\\/fjala.info\\\/2009-2015\\\/\",\"name\":\"FjALA e LIR\u00cb - Arkivi\",\"description\":\"Arkivi 2009-2015\",\"publisher\":{\"@id\":\"https:\\\/\\\/fjala.info\\\/2009-2015\\\/#organization\"},\"potentialAction\":[{\"@type\":\"SearchAction\",\"target\":{\"@type\":\"EntryPoint\",\"urlTemplate\":\"https:\\\/\\\/fjala.info\\\/2009-2015\\\/?s={search_term_string}\"},\"query-input\":{\"@type\":\"PropertyValueSpecification\",\"valueRequired\":true,\"valueName\":\"search_term_string\"}}],\"inLanguage\":\"sq-AL\"},{\"@type\":\"Organization\",\"@id\":\"https:\\\/\\\/fjala.info\\\/2009-2015\\\/#organization\",\"name\":\"FjALA e LIR\u00cb - Arkivi\",\"url\":\"https:\\\/\\\/fjala.info\\\/2009-2015\\\/\",\"logo\":{\"@type\":\"ImageObject\",\"inLanguage\":\"sq-AL\",\"@id\":\"https:\\\/\\\/fjala.info\\\/2009-2015\\\/#\\\/schema\\\/logo\\\/image\\\/\",\"url\":\"\",\"contentUrl\":\"\",\"caption\":\"FjALA e LIR\u00cb - Arkivi\"},\"image\":{\"@id\":\"https:\\\/\\\/fjala.info\\\/2009-2015\\\/#\\\/schema\\\/logo\\\/image\\\/\"}},{\"@type\":\"Person\",\"@id\":\"https:\\\/\\\/fjala.info\\\/2009-2015\\\/#\\\/schema\\\/person\\\/3aa1163ef05469c496fc94e77611ada2\",\"name\":\"admin\",\"image\":{\"@type\":\"ImageObject\",\"inLanguage\":\"sq-AL\",\"@id\":\"https:\\\/\\\/fjala.info\\\/2009-2015\\\/wp-content\\\/uploads\\\/2012\\\/02\\\/arben_cokaj-120x150.jpg\",\"url\":\"https:\\\/\\\/fjala.info\\\/2009-2015\\\/wp-content\\\/uploads\\\/2012\\\/02\\\/arben_cokaj-120x150.jpg\",\"contentUrl\":\"https:\\\/\\\/fjala.info\\\/2009-2015\\\/wp-content\\\/uploads\\\/2012\\\/02\\\/arben_cokaj-120x150.jpg\",\"caption\":\"admin\"},\"description\":\"Admin, Fjala e Lir\u00eb\",\"sameAs\":[\"https:\\\/\\\/fjala.info\\\/\"],\"url\":\"https:\\\/\\\/fjala.info\\\/2009-2015\\\/author\\\/admin\\\/\"}]}<\/script>\n<!-- \/ Yoast SEO plugin. -->","yoast_head_json":{"title":"Recet\u00eb p\u00ebr p\u00ebrjet\u00ebsin\u00eb - FjALA e LIR\u00cb - Arkivi","robots":{"index":"index","follow":"follow","max-snippet":"max-snippet:-1","max-image-preview":"max-image-preview:large","max-video-preview":"max-video-preview:-1"},"canonical":"https:\/\/fjala.info\/2009-2015\/recete-per-perjetesine\/","og_locale":"sq_AL","og_type":"article","og_title":"Recet\u00eb p\u00ebr p\u00ebrjet\u00ebsin\u00eb - FjALA e LIR\u00cb - Arkivi","og_description":"Nga Gilman Bakalli, 15 tetor 2011 E pat\u00eb s\u00ebrish, besoj, at\u00eb politikanin burrnor shqiptar, i cili, pasi foli n\u00eb nj\u00eb mbledhje, shkoi n\u00eb nj\u00eb inaugurim rrug\u00ebsh, pastaj n\u00eb inaugurimin e nj\u00eb aparature mjek\u00ebsore, pastaj t\u00eb nj\u00eb salle interneti, pastaj foli me rastin e vdekjes s\u00eb nj\u00eb artisti t\u00eb shquar humori, pastaj mbi r\u00ebnd\u00ebsin\u00eb e bashk\u00ebjetes\u00ebs [&hellip;]","og_url":"https:\/\/fjala.info\/2009-2015\/recete-per-perjetesine\/","og_site_name":"FjALA e LIR\u00cb - Arkivi","article_published_time":"2011-10-15T09:07:46+00:00","og_image":[{"url":"http:\/\/www.shkoder.net\/images\/fjala\/2011\/eternity.jpg","type":"","width":"","height":""}],"author":"admin","twitter_card":"summary_large_image","twitter_misc":{"Written by":"admin","Est. reading time":"3 minutes"},"schema":{"@context":"https:\/\/schema.org","@graph":[{"@type":"Article","@id":"https:\/\/fjala.info\/2009-2015\/recete-per-perjetesine\/#article","isPartOf":{"@id":"https:\/\/fjala.info\/2009-2015\/recete-per-perjetesine\/"},"author":{"name":"admin","@id":"https:\/\/fjala.info\/2009-2015\/#\/schema\/person\/3aa1163ef05469c496fc94e77611ada2"},"headline":"Recet\u00eb p\u00ebr p\u00ebrjet\u00ebsin\u00eb","datePublished":"2011-10-15T09:07:46+00:00","mainEntityOfPage":{"@id":"https:\/\/fjala.info\/2009-2015\/recete-per-perjetesine\/"},"wordCount":690,"commentCount":0,"publisher":{"@id":"https:\/\/fjala.info\/2009-2015\/#organization"},"image":{"@id":"https:\/\/fjala.info\/2009-2015\/recete-per-perjetesine\/#primaryimage"},"thumbnailUrl":"http:\/\/www.shkoder.net\/images\/fjala\/2011\/eternity.jpg","articleSection":["Artikuj"],"inLanguage":"sq-AL","potentialAction":[{"@type":"CommentAction","name":"Comment","target":["https:\/\/fjala.info\/2009-2015\/recete-per-perjetesine\/#respond"]}]},{"@type":"WebPage","@id":"https:\/\/fjala.info\/2009-2015\/recete-per-perjetesine\/","url":"https:\/\/fjala.info\/2009-2015\/recete-per-perjetesine\/","name":"Recet\u00eb p\u00ebr p\u00ebrjet\u00ebsin\u00eb - FjALA e LIR\u00cb - Arkivi","isPartOf":{"@id":"https:\/\/fjala.info\/2009-2015\/#website"},"primaryImageOfPage":{"@id":"https:\/\/fjala.info\/2009-2015\/recete-per-perjetesine\/#primaryimage"},"image":{"@id":"https:\/\/fjala.info\/2009-2015\/recete-per-perjetesine\/#primaryimage"},"thumbnailUrl":"http:\/\/www.shkoder.net\/images\/fjala\/2011\/eternity.jpg","datePublished":"2011-10-15T09:07:46+00:00","breadcrumb":{"@id":"https:\/\/fjala.info\/2009-2015\/recete-per-perjetesine\/#breadcrumb"},"inLanguage":"sq-AL","potentialAction":[{"@type":"ReadAction","target":["https:\/\/fjala.info\/2009-2015\/recete-per-perjetesine\/"]}]},{"@type":"ImageObject","inLanguage":"sq-AL","@id":"https:\/\/fjala.info\/2009-2015\/recete-per-perjetesine\/#primaryimage","url":"http:\/\/www.shkoder.net\/images\/fjala\/2011\/eternity.jpg","contentUrl":"http:\/\/www.shkoder.net\/images\/fjala\/2011\/eternity.jpg"},{"@type":"BreadcrumbList","@id":"https:\/\/fjala.info\/2009-2015\/recete-per-perjetesine\/#breadcrumb","itemListElement":[{"@type":"ListItem","position":1,"name":"Home","item":"https:\/\/fjala.info\/2009-2015\/"},{"@type":"ListItem","position":2,"name":"Recet\u00eb p\u00ebr p\u00ebrjet\u00ebsin\u00eb"}]},{"@type":"WebSite","@id":"https:\/\/fjala.info\/2009-2015\/#website","url":"https:\/\/fjala.info\/2009-2015\/","name":"FjALA e LIR\u00cb - Arkivi","description":"Arkivi 2009-2015","publisher":{"@id":"https:\/\/fjala.info\/2009-2015\/#organization"},"potentialAction":[{"@type":"SearchAction","target":{"@type":"EntryPoint","urlTemplate":"https:\/\/fjala.info\/2009-2015\/?s={search_term_string}"},"query-input":{"@type":"PropertyValueSpecification","valueRequired":true,"valueName":"search_term_string"}}],"inLanguage":"sq-AL"},{"@type":"Organization","@id":"https:\/\/fjala.info\/2009-2015\/#organization","name":"FjALA e LIR\u00cb - Arkivi","url":"https:\/\/fjala.info\/2009-2015\/","logo":{"@type":"ImageObject","inLanguage":"sq-AL","@id":"https:\/\/fjala.info\/2009-2015\/#\/schema\/logo\/image\/","url":"","contentUrl":"","caption":"FjALA e LIR\u00cb - Arkivi"},"image":{"@id":"https:\/\/fjala.info\/2009-2015\/#\/schema\/logo\/image\/"}},{"@type":"Person","@id":"https:\/\/fjala.info\/2009-2015\/#\/schema\/person\/3aa1163ef05469c496fc94e77611ada2","name":"admin","image":{"@type":"ImageObject","inLanguage":"sq-AL","@id":"https:\/\/fjala.info\/2009-2015\/wp-content\/uploads\/2012\/02\/arben_cokaj-120x150.jpg","url":"https:\/\/fjala.info\/2009-2015\/wp-content\/uploads\/2012\/02\/arben_cokaj-120x150.jpg","contentUrl":"https:\/\/fjala.info\/2009-2015\/wp-content\/uploads\/2012\/02\/arben_cokaj-120x150.jpg","caption":"admin"},"description":"Admin, Fjala e Lir\u00eb","sameAs":["https:\/\/fjala.info\/"],"url":"https:\/\/fjala.info\/2009-2015\/author\/admin\/"}]}},"_links":{"self":[{"href":"https:\/\/fjala.info\/2009-2015\/wp-json\/wp\/v2\/posts\/11000","targetHints":{"allow":["GET"]}}],"collection":[{"href":"https:\/\/fjala.info\/2009-2015\/wp-json\/wp\/v2\/posts"}],"about":[{"href":"https:\/\/fjala.info\/2009-2015\/wp-json\/wp\/v2\/types\/post"}],"author":[{"embeddable":true,"href":"https:\/\/fjala.info\/2009-2015\/wp-json\/wp\/v2\/users\/1"}],"replies":[{"embeddable":true,"href":"https:\/\/fjala.info\/2009-2015\/wp-json\/wp\/v2\/comments?post=11000"}],"version-history":[{"count":0,"href":"https:\/\/fjala.info\/2009-2015\/wp-json\/wp\/v2\/posts\/11000\/revisions"}],"wp:attachment":[{"href":"https:\/\/fjala.info\/2009-2015\/wp-json\/wp\/v2\/media?parent=11000"}],"wp:term":[{"taxonomy":"category","embeddable":true,"href":"https:\/\/fjala.info\/2009-2015\/wp-json\/wp\/v2\/categories?post=11000"},{"taxonomy":"post_tag","embeddable":true,"href":"https:\/\/fjala.info\/2009-2015\/wp-json\/wp\/v2\/tags?post=11000"}],"curies":[{"name":"wp","href":"https:\/\/api.w.org\/{rel}","templated":true}]}}