{"id":110,"date":"2011-11-11T22:10:56","date_gmt":"2011-11-11T21:10:56","guid":{"rendered":"http:\/\/fjala.shkoder.net\/?p=110"},"modified":"2011-11-11T22:10:56","modified_gmt":"2011-11-11T21:10:56","slug":"per-nje-kace-me-shume","status":"publish","type":"post","link":"https:\/\/fjala.info\/2009-2015\/per-nje-kace-me-shume\/","title":{"rendered":"P\u00ebr nj\u00eb ka\u00e7(\u00eb) m\u00eb shum\u00eb"},"content":{"rendered":"<p><img decoding=\"async\" class=\"alignright size-thumbnail wp-image-7236\" title=\"Sokol Balla\" src=\"http:\/\/www.shkoder.net\/images\/fjala\/sokol_balla.jpg\" alt=\"\" width=\"150\" \/> Nga <strong>Sokol Balla<\/strong>, <em>11 N\u00ebntor 2011<\/em><\/p>\n<p>Ja ku mbaroi dhe kongresi! Pas disa dit\u00ebsh num\u00ebrimi \u2013 PD u ankua, por sipas Harasanit \u201cm\u00eb mir\u00eb t\u00eb num\u00ebrohen ngadal\u00eb sesa me gabime \u2013 doli edhe lista e \u201cKomitetit qendror\u201d. Shokante! Me dhjet\u00ebra t\u00eb rikthyer rishtas, nga ta t\u00eb l\u00ebn\u00eb jasht\u00eb pa merit\u00eb dhe nga ata t\u00eb l\u00ebn\u00eb jasht\u00eb p\u00ebr merit\u00eb. Kishte t\u00eb rikthyer t\u00eb m\u00ebdhenj, si Ndre Legisi, shum\u00eb \u201cnanoist\u00eb\u201d, por edhe emra t\u00eb njohur nga biznesi (Guga, Ago), shoq\u00ebria civile dhe media (Hila, Luarasi), por edhe jurist\u00eb (Salianji, Bele apo edhe Theodhori Sollaku).<\/p>\n<p>Nd\u00ebr t\u00eb rikthyerit ka edhe nga ata q\u00eb u lan\u00eb jasht\u00eb list\u00ebs n\u00eb vitin 2009, si edhe ndonj\u00eb q\u00eb n\u00eb maj 2011 o st\u00ebrviste komisioner\u00ebt e LSI-s\u00eb, o mblidhte (1500) vota, p\u00ebr Lulin ose Hysniun. Skandaloze? Deri diku. Sepse brenda sht\u00ebpis\u00eb roz\u00eb rryma radikale e luajalist\u00ebve me zor po bashk\u00ebjetonte para Kongresit, me ndonj\u00eb Jago t\u00eb shkurt\u00ebr q\u00eb rrinte dit\u00ebn e zgjedhjeve e pinte kafe live me Saliun n\u00eb \u2018Rogner\u2019, nd\u00ebrsa t\u00eb tjer\u00ebt p\u00ebrlesheshin me bandat elektorale t\u00eb t\u00eb gjitha kampeve dhe ngjyrave. Por duket ky ishte Kongres i surprizave. Aq sa, larmia e Mendimit Ndryshe, ishte kaq n\u00eb koherenc\u00eb me mainstream-in e punimeve, sa Ka\u00e7i, meq\u00eb nuk kishte me k\u00eb t\u00eb zihej, filloi t\u2019u b\u00ebrtiste gazetar\u00ebve. Bile edhe atyre t\u00eb ABC Njuz (ndjes\u00eb se nuk m\u00eb b\u00ebn n\u00eb k\u00ebt\u00eb rast zemra dhe s\u2019m\u00eb lejon nd\u00ebrgjegjja, t\u2019ia shkruaj emrin n\u00eb anglisht): \u201cPo Xhepin, Xhepin pse e shan\u00eb?\u201d.<\/p>\n<p>D\u00ebgjova nj\u00eb nga ato mbr\u00ebmje Luan Hajdarag\u00ebn, po tek ABC-ja. Sesi i dha p\u00ebrgjigje t\u00eb qet\u00eb edhe k\u00ebsaj pyetjeje. \u201cSecili ka t\u00eb drejt\u00eb t\u00eb mos jet\u00eb dakord me tjetrin. Edhe Rama me Meidanin, edhe Meidani me Ram\u00ebn\u201d.<\/p>\n<p>Bile t\u00eb nes\u00ebrmen e kongresit, edhe Meidani nuk ishte m\u00eb dakord me Meidanin e Panoram\u00ebs. Sipas tij, media e kishte p\u00ebrkthyer keq sensin e shkrimit t\u00eb tij. Ka shum\u00eb mund\u00ebsi, megjith\u00ebse nuk mund t\u2019u v\u00ebsh faj redaktor\u00ebve q\u00eb nuk arrijn\u00eb m\u00eb dot t\u00eb lexojn\u00eb deri n\u00eb fund shkrimet e tij paksa t\u00eb gjata. I vetmi i m\u00ebrzitur i k\u00ebtij Kongresi ishte Jago. At\u00eb as nuk e rrah\u00ebn (gati i kishte rojet e Gard\u00ebs jasht\u00eb), as nuk e shan\u00eb (ABC -gjithmon\u00eb gati!-ishte live), as nuk e ngacmuan (p\u00ebrjashto romuzet e Finos, i cili nuk kursen ask\u00ebnd. As n\u00ebn\u00ebn e intrigave, bab\u00ebn e budallall\u00ebkut apo birin e kurv\u00ebs). P\u00ebr fatin e tij t\u00eb keq \u2013 deri diku edhe timin \u2013 Jagos nuk ia fishk\u00eblleu njeri.<\/p>\n<p>Dy dit\u00eb pas kongresit ishin t\u00eb gjith\u00eb aty, n\u00eb nj\u00eb tryez\u00eb. Nj\u00eb gjendje e pazakont\u00eb, por tashm\u00eb normale. Malaj, Harasani, Blushi, Bello. Rama duket se m\u00eb n\u00eb fund gjeti koherenc\u00ebn mes veprimeve dhe gabimeve. Si\u00e7 tha dhe Blushi (jo pa helm) te Topi: \u201cPS ka filluar tani t\u00eb mendoj\u00eb\u201d. Por m\u00eb e r\u00ebnd\u00ebsishme, alternativa e vetme (e vetmja rrug\u00eb me gjas\u00eb), p\u00ebrball\u00eb Saliut, tani ka nj\u00eb program. Jo p\u00ebrtej t\u00eb majt\u00ebs, por nj\u00eb program t\u00eb majt\u00eb. Rama m\u00eb n\u00eb fund hoqi dor\u00eb nga nostalgjia e tij p\u00ebr PD-n\u00eb, t\u00eb cil\u00ebn \u2013 sipas Kurban-it \u2013 ia vodhi Saliu dhe iu rikthye partis\u00eb q\u00eb n\u00eb k\u00ebto dy vjet sakrifikoi p\u00ebr t\u00eb, shum\u00eb m\u00eb tep\u00ebr se Dashin e Lulit. U largua nga sistemi, nga Parlamenti, u shtri n\u00eb rrug\u00eb, ngeli pa rroga, \u201cdogji goma \u2013 Blushi\u201d, e s\u00eb fundi u detyrua t\u00eb duroj\u00eb live dhe \u201cn\u00eb m\u00ebnyr\u00eb transparente\u201d, p\u00ebrdhunimin q\u00eb iu b\u00eb n\u00eb Tiran\u00eb kryetarit t\u00eb saj. Si personi q\u00eb i shp\u00ebton vdekjes pas nj\u00eb infarkti akut, mesa duket edhe kreut socialist i jan\u00eb hapur syt\u00eb, \u201cpasi pa vdekjen me sy\u201d (Ose \u201c\u2026pasi shkoi n\u00eb ferr e u kthye prap\u00eb\u201d, do thoshte do koh\u00eb m\u00eb par\u00eb Tan Hoxha i \u2018Panoram\u00ebs\u2019).<\/p>\n<p>Dhe pa se partia q\u00eb ai p\u00ebrfaq\u00ebson, jo thjesht \u00ebsht\u00eb ushtria m\u00eb e madhe elektorale n\u00eb vend, por se ka edhe asetet m\u00eb cil\u00ebsore sot, p\u00ebrball\u00eb alternativ\u00ebs s\u00eb arror\u00ebve dhe Shabanit. PS-ja sot ka luksin t\u00eb l\u00ebr\u00eb (vet\u00ebm) an\u00ebtare t\u00eb Komitetit Mbik\u00ebqyr\u00ebs t\u00eb Bank\u00ebs, nj\u00eb prej ekonomisteve m\u00eb t\u00eb mira n\u00eb vend, q\u00eb q\u00ebllon t\u00eb jet\u00eb edhe nd\u00ebr politikanet m\u00eb t\u00eb vjetra t\u00eb tranzicionit. PD-ja sot p\u00ebr guvernator t\u00eb Bank\u00ebs nuk arrin t\u00eb zgjedh\u00eb nj\u00eb m\u00eb t\u00eb mir\u00eb, sesa aktuali (nj\u00eb ex i majt\u00eb dhe ky). Por suksesi i k\u00ebtij kongresi \u00ebsht\u00eb padyshim Programi i Kafshat\u00ebs, ose p\u00ebr hile fjale apo slang popullor, po e quaj Programi i Ka\u00e7\u00ebs.<\/p>\n<p>Jo se m\u00eb 2009 nuk kishte program, por ato dit\u00eb m\u00eb shum\u00eb media merrej me Meidanin q\u00eb e prezantoi at\u00eb bllok t\u00eb madh, me temperatur\u00eb 40 grad\u00eb dhe grip, p\u00ebr t\u2019u shkelur me k\u00ebmb\u00eb nga Rama pak dit\u00eb m\u00eb pas (e l\u00ebn\u00eb jasht\u00eb list\u00ebs p\u00ebr deputet). Por kush nuk u m\u00ebsua me gabimet e kryebashkiakut, q\u00eb at\u00ebher\u00eb nuk e njihte akoma k\u00ebt\u00eb parti p\u00ebr t\u00eb vet\u00ebn? Sot, duket m\u00eb ndryshe dhe kjo kuptohet nga kund\u00ebrshtar\u00ebt jasht\u00eb gardhit. Reagimin e vet\u00ebm dhe t\u00eb mekur t\u00eb t\u00eb cil\u00ebve ndaj kongresit, e lexoi personi (nj\u00eb djal\u00eb i shkolluar jasht\u00eb me parat\u00eb e \u201cmbetura\u201d nga qeverisja e PS-s\u00eb, por i \u00e7uar d\u00ebm), gruaja e t\u00eb cilit me gjas\u00eb, n\u00eb t\u00eb nj\u00ebjtin moment, i \u00e7onte mesazh Ram\u00ebs dhe e uronte p\u00ebr fjalimin.<\/p>\n<p>Ah, pati edhe reagim t\u00eb biznesmen\u00ebve, q\u00eb u ndjen\u00eb t\u00eb k\u00ebrc\u00ebnuar. Por harruan se kur lexuan fjalit\u00eb q\u00eb ua kishte shkruar dikush tjet\u00ebr, konfirmuan at\u00eb q\u00eb ai program thoshte: se ky 5 p\u00ebrqind\u00ebsh t\u00eb privilegjuarish qenka i v\u00ebrtet\u00eb. Ajo q\u00eb nuk kuptuan biznesmen\u00ebt e dhom\u00ebs nga mesazhi i programit ishte se biznesi, i b\u00ebr\u00eb byth\u00eb e brek\u00eb me qeverin\u00eb, tani duhet t\u00eb kuptonte se pala tjet\u00ebr u jepte koh\u00eb deri n\u00eb vitin 2013 t\u00eb ndryshonin q\u00ebndrim. Por dyshoj se e kuptuan. Edhe klasa e re e biznesit (me ndonj\u00eb p\u00ebrjashtim q\u00eb i mbijetoi rotacionit), ajo q\u00eb lindi pas vitit 2005, nuk shkon dot m\u00eb larg sesa niveli i arror\u00ebve. E dhimbshme, por duhet th\u00ebn\u00eb: t\u00eb majt\u00ebt lan\u00eb nj\u00eb klas\u00eb biznesi, q\u00eb kuptonte shum\u00eb m\u00eb tep\u00ebr sesa k\u00ebta t\u00eb tanishmit. Ashtu si\u00e7 lan\u00eb nj\u00eb polici indiferente ndaj politik\u00ebs dhe nj\u00eb korrupsion m\u00eb t\u00eb shp\u00ebrndar\u00eb, por jo kaq tumoral, sa ky q\u00eb shohim sot, nga \u00e7atia ku punon Sashenka, e deri te X5-at e tatimor\u00ebve devollit\u00eb.<\/p>\n<p>Gjithsesi, ajo q\u00eb kuptuan shumica ishte se po: PS dhe Rama e duan pushtetin, por p\u00ebrve\u00e7se kan\u00eb kuptuar si (ta marrin at\u00eb), ndoshta (e kjo p\u00ebr her\u00eb t\u00eb par\u00eb) edhe sepse (u duhet ai nes\u00ebr). Fjala Rilindje, ndoshta ishte e ekzagjeruar, por ama pa frik\u00eb mund t\u00eb thuhet se socialist\u00ebt pas k\u00ebtij kongresi u rirreshtuan p\u00ebrball\u00eb. Jo Saliut, por qeverisjes s\u00eb tij.<\/p>\n<p>U bashkuan, jo p\u00ebr nj\u00eb Ka\u00e7, por p\u00ebr nj\u00eb ka\u00e7\u00eb m\u00eb shum\u00eb. Dhe ky, do thoshte Tan Hoxha: \u201c\u2026\u00ebsht\u00eb nj\u00eb lajm i mir\u00eb\u201d. \/Mapo\/<\/p>\n","protected":false},"excerpt":{"rendered":"<p>Nga Sokol Balla, 11 N\u00ebntor 2011 Ja ku mbaroi dhe kongresi! Pas disa dit\u00ebsh num\u00ebrimi \u2013 PD u ankua, por sipas Harasanit \u201cm\u00eb mir\u00eb t\u00eb num\u00ebrohen ngadal\u00eb sesa me gabime \u2013 doli edhe lista e \u201cKomitetit qendror\u201d. Shokante! Me dhjet\u00ebra t\u00eb rikthyer rishtas, nga ta t\u00eb l\u00ebn\u00eb jasht\u00eb pa merit\u00eb dhe nga ata t\u00eb l\u00ebn\u00eb [&hellip;]<\/p>\n","protected":false},"author":1,"featured_media":0,"comment_status":"open","ping_status":"closed","sticky":false,"template":"","format":"standard","meta":{"footnotes":""},"categories":[2],"tags":[],"class_list":{"0":"post-110","1":"post","2":"type-post","3":"status-publish","4":"format-standard","6":"category-artikuj"},"yoast_head":"<!-- This site is optimized with the Yoast SEO plugin v27.4 - https:\/\/yoast.com\/product\/yoast-seo-wordpress\/ -->\n<title>P\u00ebr nj\u00eb ka\u00e7(\u00eb) m\u00eb shum\u00eb - FjALA e LIR\u00cb - Arkivi<\/title>\n<meta name=\"robots\" content=\"index, follow, max-snippet:-1, max-image-preview:large, max-video-preview:-1\" \/>\n<link rel=\"canonical\" href=\"https:\/\/fjala.info\/2009-2015\/per-nje-kace-me-shume\/\" \/>\n<meta property=\"og:locale\" content=\"sq_AL\" \/>\n<meta property=\"og:type\" content=\"article\" \/>\n<meta property=\"og:title\" content=\"P\u00ebr nj\u00eb ka\u00e7(\u00eb) m\u00eb shum\u00eb - FjALA e LIR\u00cb - Arkivi\" \/>\n<meta property=\"og:description\" content=\"Nga Sokol Balla, 11 N\u00ebntor 2011 Ja ku mbaroi dhe kongresi! Pas disa dit\u00ebsh num\u00ebrimi \u2013 PD u ankua, por sipas Harasanit \u201cm\u00eb mir\u00eb t\u00eb num\u00ebrohen ngadal\u00eb sesa me gabime \u2013 doli edhe lista e \u201cKomitetit qendror\u201d. Shokante! Me dhjet\u00ebra t\u00eb rikthyer rishtas, nga ta t\u00eb l\u00ebn\u00eb jasht\u00eb pa merit\u00eb dhe nga ata t\u00eb l\u00ebn\u00eb [&hellip;]\" \/>\n<meta property=\"og:url\" content=\"https:\/\/fjala.info\/2009-2015\/per-nje-kace-me-shume\/\" \/>\n<meta property=\"og:site_name\" content=\"FjALA e LIR\u00cb - Arkivi\" \/>\n<meta property=\"article:published_time\" content=\"2011-11-11T21:10:56+00:00\" \/>\n<meta property=\"og:image\" content=\"http:\/\/www.shkoder.net\/images\/fjala\/sokol_balla.jpg\" \/>\n<meta name=\"author\" content=\"admin\" \/>\n<meta name=\"twitter:card\" content=\"summary_large_image\" \/>\n<meta name=\"twitter:label1\" content=\"Written by\" \/>\n\t<meta name=\"twitter:data1\" content=\"admin\" \/>\n\t<meta name=\"twitter:label2\" content=\"Est. reading time\" \/>\n\t<meta name=\"twitter:data2\" content=\"6 minutes\" \/>\n<script type=\"application\/ld+json\" class=\"yoast-schema-graph\">{\"@context\":\"https:\\\/\\\/schema.org\",\"@graph\":[{\"@type\":\"Article\",\"@id\":\"https:\\\/\\\/fjala.info\\\/2009-2015\\\/per-nje-kace-me-shume\\\/#article\",\"isPartOf\":{\"@id\":\"https:\\\/\\\/fjala.info\\\/2009-2015\\\/per-nje-kace-me-shume\\\/\"},\"author\":{\"name\":\"admin\",\"@id\":\"https:\\\/\\\/fjala.info\\\/2009-2015\\\/#\\\/schema\\\/person\\\/3aa1163ef05469c496fc94e77611ada2\"},\"headline\":\"P\u00ebr nj\u00eb ka\u00e7(\u00eb) m\u00eb shum\u00eb\",\"datePublished\":\"2011-11-11T21:10:56+00:00\",\"mainEntityOfPage\":{\"@id\":\"https:\\\/\\\/fjala.info\\\/2009-2015\\\/per-nje-kace-me-shume\\\/\"},\"wordCount\":1216,\"commentCount\":0,\"publisher\":{\"@id\":\"https:\\\/\\\/fjala.info\\\/2009-2015\\\/#organization\"},\"image\":{\"@id\":\"https:\\\/\\\/fjala.info\\\/2009-2015\\\/per-nje-kace-me-shume\\\/#primaryimage\"},\"thumbnailUrl\":\"http:\\\/\\\/www.shkoder.net\\\/images\\\/fjala\\\/sokol_balla.jpg\",\"articleSection\":[\"Artikuj\"],\"inLanguage\":\"sq-AL\",\"potentialAction\":[{\"@type\":\"CommentAction\",\"name\":\"Comment\",\"target\":[\"https:\\\/\\\/fjala.info\\\/2009-2015\\\/per-nje-kace-me-shume\\\/#respond\"]}]},{\"@type\":\"WebPage\",\"@id\":\"https:\\\/\\\/fjala.info\\\/2009-2015\\\/per-nje-kace-me-shume\\\/\",\"url\":\"https:\\\/\\\/fjala.info\\\/2009-2015\\\/per-nje-kace-me-shume\\\/\",\"name\":\"P\u00ebr nj\u00eb ka\u00e7(\u00eb) m\u00eb shum\u00eb - FjALA e LIR\u00cb - Arkivi\",\"isPartOf\":{\"@id\":\"https:\\\/\\\/fjala.info\\\/2009-2015\\\/#website\"},\"primaryImageOfPage\":{\"@id\":\"https:\\\/\\\/fjala.info\\\/2009-2015\\\/per-nje-kace-me-shume\\\/#primaryimage\"},\"image\":{\"@id\":\"https:\\\/\\\/fjala.info\\\/2009-2015\\\/per-nje-kace-me-shume\\\/#primaryimage\"},\"thumbnailUrl\":\"http:\\\/\\\/www.shkoder.net\\\/images\\\/fjala\\\/sokol_balla.jpg\",\"datePublished\":\"2011-11-11T21:10:56+00:00\",\"breadcrumb\":{\"@id\":\"https:\\\/\\\/fjala.info\\\/2009-2015\\\/per-nje-kace-me-shume\\\/#breadcrumb\"},\"inLanguage\":\"sq-AL\",\"potentialAction\":[{\"@type\":\"ReadAction\",\"target\":[\"https:\\\/\\\/fjala.info\\\/2009-2015\\\/per-nje-kace-me-shume\\\/\"]}]},{\"@type\":\"ImageObject\",\"inLanguage\":\"sq-AL\",\"@id\":\"https:\\\/\\\/fjala.info\\\/2009-2015\\\/per-nje-kace-me-shume\\\/#primaryimage\",\"url\":\"http:\\\/\\\/www.shkoder.net\\\/images\\\/fjala\\\/sokol_balla.jpg\",\"contentUrl\":\"http:\\\/\\\/www.shkoder.net\\\/images\\\/fjala\\\/sokol_balla.jpg\"},{\"@type\":\"BreadcrumbList\",\"@id\":\"https:\\\/\\\/fjala.info\\\/2009-2015\\\/per-nje-kace-me-shume\\\/#breadcrumb\",\"itemListElement\":[{\"@type\":\"ListItem\",\"position\":1,\"name\":\"Home\",\"item\":\"https:\\\/\\\/fjala.info\\\/2009-2015\\\/\"},{\"@type\":\"ListItem\",\"position\":2,\"name\":\"P\u00ebr nj\u00eb ka\u00e7(\u00eb) m\u00eb shum\u00eb\"}]},{\"@type\":\"WebSite\",\"@id\":\"https:\\\/\\\/fjala.info\\\/2009-2015\\\/#website\",\"url\":\"https:\\\/\\\/fjala.info\\\/2009-2015\\\/\",\"name\":\"FjALA e LIR\u00cb - Arkivi\",\"description\":\"Arkivi 2009-2015\",\"publisher\":{\"@id\":\"https:\\\/\\\/fjala.info\\\/2009-2015\\\/#organization\"},\"potentialAction\":[{\"@type\":\"SearchAction\",\"target\":{\"@type\":\"EntryPoint\",\"urlTemplate\":\"https:\\\/\\\/fjala.info\\\/2009-2015\\\/?s={search_term_string}\"},\"query-input\":{\"@type\":\"PropertyValueSpecification\",\"valueRequired\":true,\"valueName\":\"search_term_string\"}}],\"inLanguage\":\"sq-AL\"},{\"@type\":\"Organization\",\"@id\":\"https:\\\/\\\/fjala.info\\\/2009-2015\\\/#organization\",\"name\":\"FjALA e LIR\u00cb - Arkivi\",\"url\":\"https:\\\/\\\/fjala.info\\\/2009-2015\\\/\",\"logo\":{\"@type\":\"ImageObject\",\"inLanguage\":\"sq-AL\",\"@id\":\"https:\\\/\\\/fjala.info\\\/2009-2015\\\/#\\\/schema\\\/logo\\\/image\\\/\",\"url\":\"\",\"contentUrl\":\"\",\"caption\":\"FjALA e LIR\u00cb - Arkivi\"},\"image\":{\"@id\":\"https:\\\/\\\/fjala.info\\\/2009-2015\\\/#\\\/schema\\\/logo\\\/image\\\/\"}},{\"@type\":\"Person\",\"@id\":\"https:\\\/\\\/fjala.info\\\/2009-2015\\\/#\\\/schema\\\/person\\\/3aa1163ef05469c496fc94e77611ada2\",\"name\":\"admin\",\"image\":{\"@type\":\"ImageObject\",\"inLanguage\":\"sq-AL\",\"@id\":\"https:\\\/\\\/fjala.info\\\/2009-2015\\\/wp-content\\\/uploads\\\/2012\\\/02\\\/arben_cokaj-120x150.jpg\",\"url\":\"https:\\\/\\\/fjala.info\\\/2009-2015\\\/wp-content\\\/uploads\\\/2012\\\/02\\\/arben_cokaj-120x150.jpg\",\"contentUrl\":\"https:\\\/\\\/fjala.info\\\/2009-2015\\\/wp-content\\\/uploads\\\/2012\\\/02\\\/arben_cokaj-120x150.jpg\",\"caption\":\"admin\"},\"description\":\"Admin, Fjala e Lir\u00eb\",\"sameAs\":[\"https:\\\/\\\/fjala.info\\\/\"],\"url\":\"https:\\\/\\\/fjala.info\\\/2009-2015\\\/author\\\/admin\\\/\"}]}<\/script>\n<!-- \/ Yoast SEO plugin. -->","yoast_head_json":{"title":"P\u00ebr nj\u00eb ka\u00e7(\u00eb) m\u00eb shum\u00eb - FjALA e LIR\u00cb - Arkivi","robots":{"index":"index","follow":"follow","max-snippet":"max-snippet:-1","max-image-preview":"max-image-preview:large","max-video-preview":"max-video-preview:-1"},"canonical":"https:\/\/fjala.info\/2009-2015\/per-nje-kace-me-shume\/","og_locale":"sq_AL","og_type":"article","og_title":"P\u00ebr nj\u00eb ka\u00e7(\u00eb) m\u00eb shum\u00eb - FjALA e LIR\u00cb - Arkivi","og_description":"Nga Sokol Balla, 11 N\u00ebntor 2011 Ja ku mbaroi dhe kongresi! Pas disa dit\u00ebsh num\u00ebrimi \u2013 PD u ankua, por sipas Harasanit \u201cm\u00eb mir\u00eb t\u00eb num\u00ebrohen ngadal\u00eb sesa me gabime \u2013 doli edhe lista e \u201cKomitetit qendror\u201d. Shokante! Me dhjet\u00ebra t\u00eb rikthyer rishtas, nga ta t\u00eb l\u00ebn\u00eb jasht\u00eb pa merit\u00eb dhe nga ata t\u00eb l\u00ebn\u00eb [&hellip;]","og_url":"https:\/\/fjala.info\/2009-2015\/per-nje-kace-me-shume\/","og_site_name":"FjALA e LIR\u00cb - Arkivi","article_published_time":"2011-11-11T21:10:56+00:00","og_image":[{"url":"http:\/\/www.shkoder.net\/images\/fjala\/sokol_balla.jpg","type":"","width":"","height":""}],"author":"admin","twitter_card":"summary_large_image","twitter_misc":{"Written by":"admin","Est. reading time":"6 minutes"},"schema":{"@context":"https:\/\/schema.org","@graph":[{"@type":"Article","@id":"https:\/\/fjala.info\/2009-2015\/per-nje-kace-me-shume\/#article","isPartOf":{"@id":"https:\/\/fjala.info\/2009-2015\/per-nje-kace-me-shume\/"},"author":{"name":"admin","@id":"https:\/\/fjala.info\/2009-2015\/#\/schema\/person\/3aa1163ef05469c496fc94e77611ada2"},"headline":"P\u00ebr nj\u00eb ka\u00e7(\u00eb) m\u00eb shum\u00eb","datePublished":"2011-11-11T21:10:56+00:00","mainEntityOfPage":{"@id":"https:\/\/fjala.info\/2009-2015\/per-nje-kace-me-shume\/"},"wordCount":1216,"commentCount":0,"publisher":{"@id":"https:\/\/fjala.info\/2009-2015\/#organization"},"image":{"@id":"https:\/\/fjala.info\/2009-2015\/per-nje-kace-me-shume\/#primaryimage"},"thumbnailUrl":"http:\/\/www.shkoder.net\/images\/fjala\/sokol_balla.jpg","articleSection":["Artikuj"],"inLanguage":"sq-AL","potentialAction":[{"@type":"CommentAction","name":"Comment","target":["https:\/\/fjala.info\/2009-2015\/per-nje-kace-me-shume\/#respond"]}]},{"@type":"WebPage","@id":"https:\/\/fjala.info\/2009-2015\/per-nje-kace-me-shume\/","url":"https:\/\/fjala.info\/2009-2015\/per-nje-kace-me-shume\/","name":"P\u00ebr nj\u00eb ka\u00e7(\u00eb) m\u00eb shum\u00eb - FjALA e LIR\u00cb - Arkivi","isPartOf":{"@id":"https:\/\/fjala.info\/2009-2015\/#website"},"primaryImageOfPage":{"@id":"https:\/\/fjala.info\/2009-2015\/per-nje-kace-me-shume\/#primaryimage"},"image":{"@id":"https:\/\/fjala.info\/2009-2015\/per-nje-kace-me-shume\/#primaryimage"},"thumbnailUrl":"http:\/\/www.shkoder.net\/images\/fjala\/sokol_balla.jpg","datePublished":"2011-11-11T21:10:56+00:00","breadcrumb":{"@id":"https:\/\/fjala.info\/2009-2015\/per-nje-kace-me-shume\/#breadcrumb"},"inLanguage":"sq-AL","potentialAction":[{"@type":"ReadAction","target":["https:\/\/fjala.info\/2009-2015\/per-nje-kace-me-shume\/"]}]},{"@type":"ImageObject","inLanguage":"sq-AL","@id":"https:\/\/fjala.info\/2009-2015\/per-nje-kace-me-shume\/#primaryimage","url":"http:\/\/www.shkoder.net\/images\/fjala\/sokol_balla.jpg","contentUrl":"http:\/\/www.shkoder.net\/images\/fjala\/sokol_balla.jpg"},{"@type":"BreadcrumbList","@id":"https:\/\/fjala.info\/2009-2015\/per-nje-kace-me-shume\/#breadcrumb","itemListElement":[{"@type":"ListItem","position":1,"name":"Home","item":"https:\/\/fjala.info\/2009-2015\/"},{"@type":"ListItem","position":2,"name":"P\u00ebr nj\u00eb ka\u00e7(\u00eb) m\u00eb shum\u00eb"}]},{"@type":"WebSite","@id":"https:\/\/fjala.info\/2009-2015\/#website","url":"https:\/\/fjala.info\/2009-2015\/","name":"FjALA e LIR\u00cb - Arkivi","description":"Arkivi 2009-2015","publisher":{"@id":"https:\/\/fjala.info\/2009-2015\/#organization"},"potentialAction":[{"@type":"SearchAction","target":{"@type":"EntryPoint","urlTemplate":"https:\/\/fjala.info\/2009-2015\/?s={search_term_string}"},"query-input":{"@type":"PropertyValueSpecification","valueRequired":true,"valueName":"search_term_string"}}],"inLanguage":"sq-AL"},{"@type":"Organization","@id":"https:\/\/fjala.info\/2009-2015\/#organization","name":"FjALA e LIR\u00cb - Arkivi","url":"https:\/\/fjala.info\/2009-2015\/","logo":{"@type":"ImageObject","inLanguage":"sq-AL","@id":"https:\/\/fjala.info\/2009-2015\/#\/schema\/logo\/image\/","url":"","contentUrl":"","caption":"FjALA e LIR\u00cb - Arkivi"},"image":{"@id":"https:\/\/fjala.info\/2009-2015\/#\/schema\/logo\/image\/"}},{"@type":"Person","@id":"https:\/\/fjala.info\/2009-2015\/#\/schema\/person\/3aa1163ef05469c496fc94e77611ada2","name":"admin","image":{"@type":"ImageObject","inLanguage":"sq-AL","@id":"https:\/\/fjala.info\/2009-2015\/wp-content\/uploads\/2012\/02\/arben_cokaj-120x150.jpg","url":"https:\/\/fjala.info\/2009-2015\/wp-content\/uploads\/2012\/02\/arben_cokaj-120x150.jpg","contentUrl":"https:\/\/fjala.info\/2009-2015\/wp-content\/uploads\/2012\/02\/arben_cokaj-120x150.jpg","caption":"admin"},"description":"Admin, Fjala e Lir\u00eb","sameAs":["https:\/\/fjala.info\/"],"url":"https:\/\/fjala.info\/2009-2015\/author\/admin\/"}]}},"_links":{"self":[{"href":"https:\/\/fjala.info\/2009-2015\/wp-json\/wp\/v2\/posts\/110","targetHints":{"allow":["GET"]}}],"collection":[{"href":"https:\/\/fjala.info\/2009-2015\/wp-json\/wp\/v2\/posts"}],"about":[{"href":"https:\/\/fjala.info\/2009-2015\/wp-json\/wp\/v2\/types\/post"}],"author":[{"embeddable":true,"href":"https:\/\/fjala.info\/2009-2015\/wp-json\/wp\/v2\/users\/1"}],"replies":[{"embeddable":true,"href":"https:\/\/fjala.info\/2009-2015\/wp-json\/wp\/v2\/comments?post=110"}],"version-history":[{"count":0,"href":"https:\/\/fjala.info\/2009-2015\/wp-json\/wp\/v2\/posts\/110\/revisions"}],"wp:attachment":[{"href":"https:\/\/fjala.info\/2009-2015\/wp-json\/wp\/v2\/media?parent=110"}],"wp:term":[{"taxonomy":"category","embeddable":true,"href":"https:\/\/fjala.info\/2009-2015\/wp-json\/wp\/v2\/categories?post=110"},{"taxonomy":"post_tag","embeddable":true,"href":"https:\/\/fjala.info\/2009-2015\/wp-json\/wp\/v2\/tags?post=110"}],"curies":[{"name":"wp","href":"https:\/\/api.w.org\/{rel}","templated":true}]}}