{"id":11,"date":"2009-10-23T07:16:16","date_gmt":"2009-10-23T06:16:16","guid":{"rendered":"http:\/\/fjala.shkoder.net\/?p=11"},"modified":"2009-10-23T07:16:16","modified_gmt":"2009-10-23T06:16:16","slug":"financial-times-be-koha-per-ti-dhene-fund-delirit-serb-dhe-iluzionit-shqiptar","status":"publish","type":"post","link":"https:\/\/fjala.info\/2009-2015\/financial-times-be-koha-per-ti-dhene-fund-delirit-serb-dhe-iluzionit-shqiptar\/","title":{"rendered":"Financial Times: BE, koha p\u00ebr ti dh\u00ebn\u00eb fund delirit serb dhe iluzionit shqiptar"},"content":{"rendered":"<p><strong>Shekulli Online<\/strong>, <em>17.10.2009<\/em><\/p>\n<p>Pavar\u00ebsisht d\u00ebrgimit t\u00eb shum\u00eb burimeve politike e ekonomike t\u00eb kushtueshme, BE nuk ka arm\u00eb m\u00eb t\u00eb mir\u00eb n\u00eb rajon sesa perspektiv\u00ebn e qart\u00eb p\u00ebr an\u00ebtar\u00ebsim&#8221;, shkruan gazeta e njohur Financial Times.<\/p>\n<p>Ne nje analize te saj, thuhet:<\/p>\n<p>&#8216;&#8230;Tani q\u00eb Bashkimi Evropian po sheh fundin e betej\u00ebs institucionale, t\u00eb st\u00ebrzgjatur p\u00ebr miratimin e Traktatit t\u00eb Lisbon\u00ebs, me gjith\u00eb zgjatjen e n\u00ebnshkrimit nga ana e presidentit \u00e7ek, Brukseli duhet t\u00eb gjej\u00eb rrug\u00ebt p\u00ebr t\u00eb riformuluar arsyet e ekzistenc\u00ebs s\u00eb Unionit.<\/p>\n<p>P\u00ebrhapja e stabilitetit demokratik dhe p\u00ebrparimit ekonomik duhet t\u00eb jet\u00eb n\u00eb thelb t\u00eb ekzistenc\u00ebs s\u00eb Bashkimit Evropian.<br \/>\nShpejt\u00ebsia e zgjerimit me Bashkimin Evropian nuk \u00ebsht\u00eb gj\u00ebja m\u00eb e keqe p\u00ebr Brukselin. Po, p\u00ebrse \u00ebsht\u00eb kaq e r\u00ebnd\u00ebsishme?<\/p>\n<p>Arsyet nuk jan\u00eb thjesht morale, p\u00ebr shkak t\u00eb paaft\u00ebsis\u00eb me t\u00eb cil\u00ebn BE-ja dhe fuqit\u00eb e Evrop\u00ebs Per\u00ebndimore iu qas\u00ebn konfliktit t\u00eb viteve &#8217;90 n\u00eb ish-Jugosllavi. Gjithashtu, ideja e zgjerimit nuk lidhet as me ndonj\u00eb tendenc\u00eb p\u00ebr shtrirje dhe hegjemoni.<\/p>\n<p>Arsyet jan\u00eb shum\u00eb m\u00eb konkrete. Ballkani Per\u00ebndimor \u00ebsht\u00eb brenda kufijve lindor\u00eb t\u00eb BE-s\u00eb. Me gjith\u00eb koston e lart\u00eb financiare dhe politike q\u00eb ka ndihma p\u00ebr zhvillimin ekonomik e demokratik t\u00eb rajonit, BE-ja s\u00eb bashku me aleat\u00ebt e saj po p\u00ebrpiqen t&#8217;i v\u00ebn\u00eb nj\u00eb \u00e7ati politike Ballkanit.<\/p>\n<p>Suksesi duket, por nuk \u00ebsht\u00eb n\u00eb shkall\u00ebn e duhur, vet\u00ebm sa mban n\u00eb kontroll konflikte t\u00eb ngrira. Rajoni q\u00eb \u00ebsht\u00eb i p\u00ebrzier etnikisht dhe nga pik\u00ebpamja fetare, nuk b\u00ebn pjes\u00eb natyrsh\u00ebm n\u00eb mozaikun e shteteve &#8211; kombe. Ky konfiguracion mbetet i v\u00ebrtet\u00eb dhe pas l\u00ebvizjeve t\u00eb popullsive gjat\u00eb luft\u00ebrave civile t\u00eb viteve &#8217;90.<\/p>\n<p>Rajoni ka nevoj\u00eb p\u00ebr ombrell\u00ebn shumetnike t\u00eb an\u00ebtar\u00ebsimit n\u00eb Bashkimin Evropian. Pavar\u00ebsisht d\u00ebrgimit t\u00eb shum\u00eb burimeve politike e ekonomike t\u00eb kushtueshme, Bashkimi Evropian nuk ka arm\u00eb m\u00eb t\u00eb mir\u00eb n\u00eb rajon sesa perspektiv\u00ebn e qart\u00eb p\u00ebr an\u00ebtar\u00ebsim.<\/p>\n<p>Kjo do t\u00eb b\u00ebnte q\u00eb vendet e rajonit t\u00eb nd\u00ebrtonin nj\u00eb infrastruktur\u00eb rajonale. Do t\u00eb kishim nj\u00eb val\u00eb investimesh nga kompanit\u00eb e m\u00ebdha, \u00e7far\u00eb \u00ebsht\u00eb tipike p\u00ebr k\u00ebto t\u00eb fundit pas hyrjes s\u00eb shteteve n\u00eb BE, si dhe rritje t\u00eb kultur\u00ebs demokratike t\u00eb kompromisit.<\/p>\n<p>Ashtu si jan\u00eb gj\u00ebrat aktualisht, prania evropiane n\u00eb rajon, me mbik\u00ebqyrjen e protektorateve si\u00e7 jan\u00eb Bosnja e Kosova, nuk \u00ebsht\u00eb e suksesshme. Ka probleme p\u00ebr sjelljen s\u00eb bashku n\u00eb t\u00eb nj\u00ebjt\u00ebn rrug\u00eb t\u00eb k\u00ebtyre shteteve problematike. Por, edhe tani q\u00eb k\u00ebto shtete nuk jan\u00eb an\u00ebtare, problemet e tyre jan\u00eb edhe t\u00eb Bashkimit Evropian.<\/p>\n<p>Nga ana tjet\u00ebr, ekziston rreziku real i p\u00ebrkeq\u00ebsimit t\u00eb gjendjes. Raport &#8211; progresi gjysm\u00eb optimist i Brukselit p\u00ebr vendet e rajonit duhet t\u00eb sh\u00ebrbej\u00eb si shtytje p\u00ebrpara drejt an\u00ebtar\u00ebsimit t\u00eb rajonit n\u00eb Union, p\u00ebrpara se t\u00eb p\u00ebrballemi me nj\u00eb cik\u00ebl t\u00eb ri dhune dhe ballkanizimi.<\/p>\n<p>Bashkimi Evropian duhet t\u00eb p\u00ebrdor\u00eb an\u00ebtar\u00ebsimin si \u00e7el\u00ebs p\u00ebr vendet e rajonit q\u00eb t&#8217;i p\u00ebrmbushin kushtet, q\u00eb p\u00ebrfshijn\u00eb nga lufta kund\u00ebr korrupsionit deri te dor\u00ebzimi i t\u00eb akuzuarve p\u00ebr krime lufte, si Ratko Mlladiq. Por, pas d\u00ebshtimit t\u00eb viteve &#8217;90, BE-ja ka mund\u00ebsin\u00eb t&#8217;i jap\u00eb fund delirit t\u00eb Serbis\u00eb s\u00eb madhe apo iluzionit t\u00eb Shqip\u00ebris\u00eb s\u00eb madhe &#8216; &#8211; perfundon analiza e Financial Times<\/p>\n","protected":false},"excerpt":{"rendered":"<p>Shekulli Online, 17.10.2009 Pavar\u00ebsisht d\u00ebrgimit t\u00eb shum\u00eb burimeve politike e ekonomike t\u00eb kushtueshme, BE nuk ka arm\u00eb m\u00eb t\u00eb mir\u00eb n\u00eb rajon sesa perspektiv\u00ebn e qart\u00eb p\u00ebr an\u00ebtar\u00ebsim&#8221;, shkruan gazeta e njohur Financial Times. Ne nje analize te saj, thuhet: &#8216;&#8230;Tani q\u00eb Bashkimi Evropian po sheh fundin e betej\u00ebs institucionale, t\u00eb st\u00ebrzgjatur p\u00ebr miratimin e [&hellip;]<\/p>\n","protected":false},"author":1,"featured_media":0,"comment_status":"open","ping_status":"closed","sticky":false,"template":"","format":"standard","meta":{"footnotes":""},"categories":[2],"tags":[],"class_list":{"0":"post-11","1":"post","2":"type-post","3":"status-publish","4":"format-standard","6":"category-artikuj"},"yoast_head":"<!-- This site is optimized with the Yoast SEO plugin v27.4 - https:\/\/yoast.com\/product\/yoast-seo-wordpress\/ -->\n<title>Financial Times: BE, koha p\u00ebr ti dh\u00ebn\u00eb fund delirit serb dhe iluzionit shqiptar - FjALA e LIR\u00cb - Arkivi<\/title>\n<meta name=\"robots\" content=\"index, follow, max-snippet:-1, max-image-preview:large, max-video-preview:-1\" \/>\n<link rel=\"canonical\" href=\"https:\/\/fjala.info\/2009-2015\/financial-times-be-koha-per-ti-dhene-fund-delirit-serb-dhe-iluzionit-shqiptar\/\" \/>\n<meta property=\"og:locale\" content=\"sq_AL\" \/>\n<meta property=\"og:type\" content=\"article\" \/>\n<meta property=\"og:title\" content=\"Financial Times: BE, koha p\u00ebr ti dh\u00ebn\u00eb fund delirit serb dhe iluzionit shqiptar - FjALA e LIR\u00cb - Arkivi\" \/>\n<meta property=\"og:description\" content=\"Shekulli Online, 17.10.2009 Pavar\u00ebsisht d\u00ebrgimit t\u00eb shum\u00eb burimeve politike e ekonomike t\u00eb kushtueshme, BE nuk ka arm\u00eb m\u00eb t\u00eb mir\u00eb n\u00eb rajon sesa perspektiv\u00ebn e qart\u00eb p\u00ebr an\u00ebtar\u00ebsim&#8221;, shkruan gazeta e njohur Financial Times. Ne nje analize te saj, thuhet: &#8216;&#8230;Tani q\u00eb Bashkimi Evropian po sheh fundin e betej\u00ebs institucionale, t\u00eb st\u00ebrzgjatur p\u00ebr miratimin e [&hellip;]\" \/>\n<meta property=\"og:url\" content=\"https:\/\/fjala.info\/2009-2015\/financial-times-be-koha-per-ti-dhene-fund-delirit-serb-dhe-iluzionit-shqiptar\/\" \/>\n<meta property=\"og:site_name\" content=\"FjALA e LIR\u00cb - Arkivi\" \/>\n<meta property=\"article:published_time\" content=\"2009-10-23T06:16:16+00:00\" \/>\n<meta name=\"author\" content=\"admin\" \/>\n<meta name=\"twitter:card\" content=\"summary_large_image\" \/>\n<meta name=\"twitter:label1\" content=\"Written by\" \/>\n\t<meta name=\"twitter:data1\" content=\"admin\" \/>\n\t<meta name=\"twitter:label2\" content=\"Est. reading time\" \/>\n\t<meta name=\"twitter:data2\" content=\"3 minutes\" \/>\n<script type=\"application\/ld+json\" class=\"yoast-schema-graph\">{\"@context\":\"https:\\\/\\\/schema.org\",\"@graph\":[{\"@type\":\"Article\",\"@id\":\"https:\\\/\\\/fjala.info\\\/2009-2015\\\/financial-times-be-koha-per-ti-dhene-fund-delirit-serb-dhe-iluzionit-shqiptar\\\/#article\",\"isPartOf\":{\"@id\":\"https:\\\/\\\/fjala.info\\\/2009-2015\\\/financial-times-be-koha-per-ti-dhene-fund-delirit-serb-dhe-iluzionit-shqiptar\\\/\"},\"author\":{\"name\":\"admin\",\"@id\":\"https:\\\/\\\/fjala.info\\\/2009-2015\\\/#\\\/schema\\\/person\\\/3aa1163ef05469c496fc94e77611ada2\"},\"headline\":\"Financial Times: BE, koha p\u00ebr ti dh\u00ebn\u00eb fund delirit serb dhe iluzionit shqiptar\",\"datePublished\":\"2009-10-23T06:16:16+00:00\",\"mainEntityOfPage\":{\"@id\":\"https:\\\/\\\/fjala.info\\\/2009-2015\\\/financial-times-be-koha-per-ti-dhene-fund-delirit-serb-dhe-iluzionit-shqiptar\\\/\"},\"wordCount\":605,\"commentCount\":0,\"publisher\":{\"@id\":\"https:\\\/\\\/fjala.info\\\/2009-2015\\\/#organization\"},\"articleSection\":[\"Artikuj\"],\"inLanguage\":\"sq-AL\",\"potentialAction\":[{\"@type\":\"CommentAction\",\"name\":\"Comment\",\"target\":[\"https:\\\/\\\/fjala.info\\\/2009-2015\\\/financial-times-be-koha-per-ti-dhene-fund-delirit-serb-dhe-iluzionit-shqiptar\\\/#respond\"]}]},{\"@type\":\"WebPage\",\"@id\":\"https:\\\/\\\/fjala.info\\\/2009-2015\\\/financial-times-be-koha-per-ti-dhene-fund-delirit-serb-dhe-iluzionit-shqiptar\\\/\",\"url\":\"https:\\\/\\\/fjala.info\\\/2009-2015\\\/financial-times-be-koha-per-ti-dhene-fund-delirit-serb-dhe-iluzionit-shqiptar\\\/\",\"name\":\"Financial Times: BE, koha p\u00ebr ti dh\u00ebn\u00eb fund delirit serb dhe iluzionit shqiptar - FjALA e LIR\u00cb - Arkivi\",\"isPartOf\":{\"@id\":\"https:\\\/\\\/fjala.info\\\/2009-2015\\\/#website\"},\"datePublished\":\"2009-10-23T06:16:16+00:00\",\"breadcrumb\":{\"@id\":\"https:\\\/\\\/fjala.info\\\/2009-2015\\\/financial-times-be-koha-per-ti-dhene-fund-delirit-serb-dhe-iluzionit-shqiptar\\\/#breadcrumb\"},\"inLanguage\":\"sq-AL\",\"potentialAction\":[{\"@type\":\"ReadAction\",\"target\":[\"https:\\\/\\\/fjala.info\\\/2009-2015\\\/financial-times-be-koha-per-ti-dhene-fund-delirit-serb-dhe-iluzionit-shqiptar\\\/\"]}]},{\"@type\":\"BreadcrumbList\",\"@id\":\"https:\\\/\\\/fjala.info\\\/2009-2015\\\/financial-times-be-koha-per-ti-dhene-fund-delirit-serb-dhe-iluzionit-shqiptar\\\/#breadcrumb\",\"itemListElement\":[{\"@type\":\"ListItem\",\"position\":1,\"name\":\"Home\",\"item\":\"https:\\\/\\\/fjala.info\\\/2009-2015\\\/\"},{\"@type\":\"ListItem\",\"position\":2,\"name\":\"Financial Times: BE, koha p\u00ebr ti dh\u00ebn\u00eb fund delirit serb dhe iluzionit shqiptar\"}]},{\"@type\":\"WebSite\",\"@id\":\"https:\\\/\\\/fjala.info\\\/2009-2015\\\/#website\",\"url\":\"https:\\\/\\\/fjala.info\\\/2009-2015\\\/\",\"name\":\"FjALA e LIR\u00cb - Arkivi\",\"description\":\"Arkivi 2009-2015\",\"publisher\":{\"@id\":\"https:\\\/\\\/fjala.info\\\/2009-2015\\\/#organization\"},\"potentialAction\":[{\"@type\":\"SearchAction\",\"target\":{\"@type\":\"EntryPoint\",\"urlTemplate\":\"https:\\\/\\\/fjala.info\\\/2009-2015\\\/?s={search_term_string}\"},\"query-input\":{\"@type\":\"PropertyValueSpecification\",\"valueRequired\":true,\"valueName\":\"search_term_string\"}}],\"inLanguage\":\"sq-AL\"},{\"@type\":\"Organization\",\"@id\":\"https:\\\/\\\/fjala.info\\\/2009-2015\\\/#organization\",\"name\":\"FjALA e LIR\u00cb - Arkivi\",\"url\":\"https:\\\/\\\/fjala.info\\\/2009-2015\\\/\",\"logo\":{\"@type\":\"ImageObject\",\"inLanguage\":\"sq-AL\",\"@id\":\"https:\\\/\\\/fjala.info\\\/2009-2015\\\/#\\\/schema\\\/logo\\\/image\\\/\",\"url\":\"\",\"contentUrl\":\"\",\"caption\":\"FjALA e LIR\u00cb - Arkivi\"},\"image\":{\"@id\":\"https:\\\/\\\/fjala.info\\\/2009-2015\\\/#\\\/schema\\\/logo\\\/image\\\/\"}},{\"@type\":\"Person\",\"@id\":\"https:\\\/\\\/fjala.info\\\/2009-2015\\\/#\\\/schema\\\/person\\\/3aa1163ef05469c496fc94e77611ada2\",\"name\":\"admin\",\"image\":{\"@type\":\"ImageObject\",\"inLanguage\":\"sq-AL\",\"@id\":\"https:\\\/\\\/fjala.info\\\/2009-2015\\\/wp-content\\\/uploads\\\/2012\\\/02\\\/arben_cokaj-120x150.jpg\",\"url\":\"https:\\\/\\\/fjala.info\\\/2009-2015\\\/wp-content\\\/uploads\\\/2012\\\/02\\\/arben_cokaj-120x150.jpg\",\"contentUrl\":\"https:\\\/\\\/fjala.info\\\/2009-2015\\\/wp-content\\\/uploads\\\/2012\\\/02\\\/arben_cokaj-120x150.jpg\",\"caption\":\"admin\"},\"description\":\"Admin, Fjala e Lir\u00eb\",\"sameAs\":[\"https:\\\/\\\/fjala.info\\\/\"],\"url\":\"https:\\\/\\\/fjala.info\\\/2009-2015\\\/author\\\/admin\\\/\"}]}<\/script>\n<!-- \/ Yoast SEO plugin. -->","yoast_head_json":{"title":"Financial Times: BE, koha p\u00ebr ti dh\u00ebn\u00eb fund delirit serb dhe iluzionit shqiptar - FjALA e LIR\u00cb - Arkivi","robots":{"index":"index","follow":"follow","max-snippet":"max-snippet:-1","max-image-preview":"max-image-preview:large","max-video-preview":"max-video-preview:-1"},"canonical":"https:\/\/fjala.info\/2009-2015\/financial-times-be-koha-per-ti-dhene-fund-delirit-serb-dhe-iluzionit-shqiptar\/","og_locale":"sq_AL","og_type":"article","og_title":"Financial Times: BE, koha p\u00ebr ti dh\u00ebn\u00eb fund delirit serb dhe iluzionit shqiptar - FjALA e LIR\u00cb - Arkivi","og_description":"Shekulli Online, 17.10.2009 Pavar\u00ebsisht d\u00ebrgimit t\u00eb shum\u00eb burimeve politike e ekonomike t\u00eb kushtueshme, BE nuk ka arm\u00eb m\u00eb t\u00eb mir\u00eb n\u00eb rajon sesa perspektiv\u00ebn e qart\u00eb p\u00ebr an\u00ebtar\u00ebsim&#8221;, shkruan gazeta e njohur Financial Times. Ne nje analize te saj, thuhet: &#8216;&#8230;Tani q\u00eb Bashkimi Evropian po sheh fundin e betej\u00ebs institucionale, t\u00eb st\u00ebrzgjatur p\u00ebr miratimin e [&hellip;]","og_url":"https:\/\/fjala.info\/2009-2015\/financial-times-be-koha-per-ti-dhene-fund-delirit-serb-dhe-iluzionit-shqiptar\/","og_site_name":"FjALA e LIR\u00cb - Arkivi","article_published_time":"2009-10-23T06:16:16+00:00","author":"admin","twitter_card":"summary_large_image","twitter_misc":{"Written by":"admin","Est. reading time":"3 minutes"},"schema":{"@context":"https:\/\/schema.org","@graph":[{"@type":"Article","@id":"https:\/\/fjala.info\/2009-2015\/financial-times-be-koha-per-ti-dhene-fund-delirit-serb-dhe-iluzionit-shqiptar\/#article","isPartOf":{"@id":"https:\/\/fjala.info\/2009-2015\/financial-times-be-koha-per-ti-dhene-fund-delirit-serb-dhe-iluzionit-shqiptar\/"},"author":{"name":"admin","@id":"https:\/\/fjala.info\/2009-2015\/#\/schema\/person\/3aa1163ef05469c496fc94e77611ada2"},"headline":"Financial Times: BE, koha p\u00ebr ti dh\u00ebn\u00eb fund delirit serb dhe iluzionit shqiptar","datePublished":"2009-10-23T06:16:16+00:00","mainEntityOfPage":{"@id":"https:\/\/fjala.info\/2009-2015\/financial-times-be-koha-per-ti-dhene-fund-delirit-serb-dhe-iluzionit-shqiptar\/"},"wordCount":605,"commentCount":0,"publisher":{"@id":"https:\/\/fjala.info\/2009-2015\/#organization"},"articleSection":["Artikuj"],"inLanguage":"sq-AL","potentialAction":[{"@type":"CommentAction","name":"Comment","target":["https:\/\/fjala.info\/2009-2015\/financial-times-be-koha-per-ti-dhene-fund-delirit-serb-dhe-iluzionit-shqiptar\/#respond"]}]},{"@type":"WebPage","@id":"https:\/\/fjala.info\/2009-2015\/financial-times-be-koha-per-ti-dhene-fund-delirit-serb-dhe-iluzionit-shqiptar\/","url":"https:\/\/fjala.info\/2009-2015\/financial-times-be-koha-per-ti-dhene-fund-delirit-serb-dhe-iluzionit-shqiptar\/","name":"Financial Times: BE, koha p\u00ebr ti dh\u00ebn\u00eb fund delirit serb dhe iluzionit shqiptar - FjALA e LIR\u00cb - Arkivi","isPartOf":{"@id":"https:\/\/fjala.info\/2009-2015\/#website"},"datePublished":"2009-10-23T06:16:16+00:00","breadcrumb":{"@id":"https:\/\/fjala.info\/2009-2015\/financial-times-be-koha-per-ti-dhene-fund-delirit-serb-dhe-iluzionit-shqiptar\/#breadcrumb"},"inLanguage":"sq-AL","potentialAction":[{"@type":"ReadAction","target":["https:\/\/fjala.info\/2009-2015\/financial-times-be-koha-per-ti-dhene-fund-delirit-serb-dhe-iluzionit-shqiptar\/"]}]},{"@type":"BreadcrumbList","@id":"https:\/\/fjala.info\/2009-2015\/financial-times-be-koha-per-ti-dhene-fund-delirit-serb-dhe-iluzionit-shqiptar\/#breadcrumb","itemListElement":[{"@type":"ListItem","position":1,"name":"Home","item":"https:\/\/fjala.info\/2009-2015\/"},{"@type":"ListItem","position":2,"name":"Financial Times: BE, koha p\u00ebr ti dh\u00ebn\u00eb fund delirit serb dhe iluzionit shqiptar"}]},{"@type":"WebSite","@id":"https:\/\/fjala.info\/2009-2015\/#website","url":"https:\/\/fjala.info\/2009-2015\/","name":"FjALA e LIR\u00cb - Arkivi","description":"Arkivi 2009-2015","publisher":{"@id":"https:\/\/fjala.info\/2009-2015\/#organization"},"potentialAction":[{"@type":"SearchAction","target":{"@type":"EntryPoint","urlTemplate":"https:\/\/fjala.info\/2009-2015\/?s={search_term_string}"},"query-input":{"@type":"PropertyValueSpecification","valueRequired":true,"valueName":"search_term_string"}}],"inLanguage":"sq-AL"},{"@type":"Organization","@id":"https:\/\/fjala.info\/2009-2015\/#organization","name":"FjALA e LIR\u00cb - Arkivi","url":"https:\/\/fjala.info\/2009-2015\/","logo":{"@type":"ImageObject","inLanguage":"sq-AL","@id":"https:\/\/fjala.info\/2009-2015\/#\/schema\/logo\/image\/","url":"","contentUrl":"","caption":"FjALA e LIR\u00cb - Arkivi"},"image":{"@id":"https:\/\/fjala.info\/2009-2015\/#\/schema\/logo\/image\/"}},{"@type":"Person","@id":"https:\/\/fjala.info\/2009-2015\/#\/schema\/person\/3aa1163ef05469c496fc94e77611ada2","name":"admin","image":{"@type":"ImageObject","inLanguage":"sq-AL","@id":"https:\/\/fjala.info\/2009-2015\/wp-content\/uploads\/2012\/02\/arben_cokaj-120x150.jpg","url":"https:\/\/fjala.info\/2009-2015\/wp-content\/uploads\/2012\/02\/arben_cokaj-120x150.jpg","contentUrl":"https:\/\/fjala.info\/2009-2015\/wp-content\/uploads\/2012\/02\/arben_cokaj-120x150.jpg","caption":"admin"},"description":"Admin, Fjala e Lir\u00eb","sameAs":["https:\/\/fjala.info\/"],"url":"https:\/\/fjala.info\/2009-2015\/author\/admin\/"}]}},"_links":{"self":[{"href":"https:\/\/fjala.info\/2009-2015\/wp-json\/wp\/v2\/posts\/11","targetHints":{"allow":["GET"]}}],"collection":[{"href":"https:\/\/fjala.info\/2009-2015\/wp-json\/wp\/v2\/posts"}],"about":[{"href":"https:\/\/fjala.info\/2009-2015\/wp-json\/wp\/v2\/types\/post"}],"author":[{"embeddable":true,"href":"https:\/\/fjala.info\/2009-2015\/wp-json\/wp\/v2\/users\/1"}],"replies":[{"embeddable":true,"href":"https:\/\/fjala.info\/2009-2015\/wp-json\/wp\/v2\/comments?post=11"}],"version-history":[{"count":0,"href":"https:\/\/fjala.info\/2009-2015\/wp-json\/wp\/v2\/posts\/11\/revisions"}],"wp:attachment":[{"href":"https:\/\/fjala.info\/2009-2015\/wp-json\/wp\/v2\/media?parent=11"}],"wp:term":[{"taxonomy":"category","embeddable":true,"href":"https:\/\/fjala.info\/2009-2015\/wp-json\/wp\/v2\/categories?post=11"},{"taxonomy":"post_tag","embeddable":true,"href":"https:\/\/fjala.info\/2009-2015\/wp-json\/wp\/v2\/tags?post=11"}],"curies":[{"name":"wp","href":"https:\/\/api.w.org\/{rel}","templated":true}]}}