{"id":10996,"date":"2011-10-15T07:56:45","date_gmt":"2011-10-15T06:56:45","guid":{"rendered":"http:\/\/fjala.shkoder.net\/?p=10996"},"modified":"2011-10-15T07:56:45","modified_gmt":"2011-10-15T06:56:45","slug":"hipokrizia-me-konfliktualitetin","status":"publish","type":"post","link":"https:\/\/fjala.info\/2009-2015\/hipokrizia-me-konfliktualitetin\/","title":{"rendered":"Hipokrizia me \u201ckonfliktualitetin\u201d"},"content":{"rendered":"<p><img decoding=\"async\" class=\"alignright size-thumbnail wp-image-7236\" title=\"Mero Baze\" src=\"http:\/\/www.shkoder.net\/images\/fjala\/mero_baze1.jpg\" alt=\"\" width=\"150\" \/> Nga <strong>Mero Baze<\/strong>, <em>14 Tetor 2011<\/em><\/p>\n<p>Referimi tek \u201ckonfliktualiteti\u201d i klas\u00ebs politike shqiptare po b\u00ebhet nj\u00eb refren i neveritsh\u00ebm. Sa her\u00eb d\u00ebshton Shqip\u00ebria, sa her\u00eb ne nuk arrijm\u00eb t\u00eb plot\u00ebsojm\u00eb dot detyrimet p\u00ebr t\u00eb qen\u00eb nj\u00eb vend me statusin e kandidatit p\u00ebr an\u00ebtar t\u00eb Bashkimit Evropian, apo sa her\u00eb n\u00eb vend rritet tensioni politik, gjithmon\u00eb shfaqet receta e neveritshme e \u201ckonfliktualitetit\u201d q\u00eb formulohet jo vet\u00ebm nga diplomat\u00eb t\u00eb huaj, por dhe shqiptar\u00ebt.<\/p>\n<p>Kjo situat\u00eb nuk \u00ebsht\u00eb vet\u00ebm tani, por ka qen\u00eb po kaq e p\u00ebshtir\u00eb dhe kur dualiteti n\u00eb vend ka qen\u00eb mes Fatos Nanos dhe Sali Berish\u00ebs.<\/p>\n<p>S\u00eb pari, nga pik\u00ebpamja politike, termi konfliktualitet nuk mund t\u00eb konsiderohet i d\u00ebmsh\u00ebm n\u00eb nj\u00eb demokraci t\u00eb sh\u00ebndosh\u00eb. Debati politik, bile dhe tonet e ngritura, nuk i b\u00ebjn\u00eb aspak keq demokracis\u00eb, n\u00ebse ajo funksionon dhe impakti i opinionit publik reflektohet n\u00eb zgjedhje t\u00eb lira.<\/p>\n<p>Problemi q\u00eb ka Shqip\u00ebria nuk \u00ebsht\u00eb konfliktualiteti politik, por mos respektimi i rregullave t\u00eb loj\u00ebs, t\u00eb cilat do t\u00eb vazhdojn\u00eb t\u00eb prodhojn\u00eb gjith\u00eb jet\u00ebn konflikt.<\/p>\n<p>Le t\u2019i hedhim nj\u00eb sy historis\u00eb t\u00eb t\u00eb ashtuquajturit konfliktualitet \u201cBerisha- Rama\u201d. Konflikti i tyre i par\u00eb ka pasur t\u00eb b\u00ebj\u00eb me p\u00ebrpjekjen e Berish\u00ebs p\u00ebr t\u00eb diktuar autoritetin e tij si kryetar i Bashkis\u00eb s\u00eb Tiran\u00ebs, duke anuluar dhe prishur nj\u00eb vep\u00ebr publike si\u00e7 ishte mbikalimi tek Zogu i Zi. N\u00eb themel t\u00eb konfliktit ishte nj\u00eb interes privat i Familjes Berisha p\u00ebr nj\u00eb pron\u00eb q\u00eb ia ulte vler\u00ebn mbikalimi, por n\u00eb opinion publik u paraqit si nj\u00eb p\u00ebrpjekje e Berish\u00ebs p\u00ebr t\u00eb diktuar pushtetin lokal t\u00eb Ram\u00ebs. Konflikti shkoi nga rruga n\u00eb Gjykat\u00eb Kushtetuese dhe ajo i dha t\u00eb drejt\u00eb Edi Ram\u00ebs. Por pasojat mbet\u00ebn. Askush nuk k\u00ebrkoi q\u00eb Berisha t\u00eb paguante p\u00ebr k\u00ebt\u00eb q\u00eb b\u00ebri p\u00ebr interes t\u00eb shoferit t\u00eb djalit t\u00eb vet.<\/p>\n<p>Konflikti i dyt\u00eb i madh politik mes tyre kan\u00eb qen\u00eb zgjedhjet lokale t\u00eb vitit 2006, t\u00eb cilat u shtyn\u00eb p\u00ebr vitin 2007 n\u00ebn dyshimet e Edi Ram\u00ebs se Berisha nuk po jepte garanci p\u00ebr standarde zgjedhjesh t\u00eb lira. Berisha pranoi t\u00eb ulej n\u00eb bisedime pasi konsumoi n\u00eb krah t\u00eb tij dhe Fatos Nanon, dhe i humbi thell\u00eb zgjedhjet n\u00eb Tiran\u00eb.<\/p>\n<p>Konflikti i tret\u00eb i r\u00ebnd\u00ebsish\u00ebm i tyre ka t\u00eb b\u00ebj\u00eb me zgjedhjet e vitit 2009, ku pas nj\u00eb krize m\u00eb shum\u00eb se nj\u00eb vje\u00e7are, Berisha nuk pranoi as t\u00eb hapte kutit\u00eb dhe as materialet zgjedhore t\u00eb atij procesi t\u00eb manipuluar. Fal\u00eb koalicionit me LSI, Berisha arriti t\u00eb b\u00ebj\u00eb numrat p\u00ebr t\u00eb qeverisur dhe diktoi gjith\u00eb shmangien e procesit t\u00eb transparenc\u00ebs s\u00eb zgjedhjeve. Askush nuk k\u00ebmb\u00ebnguli q\u00eb Berisha duhet t\u00eb paguante p\u00ebr k\u00ebt\u00eb posht\u00ebrim publik t\u00eb opozit\u00ebs dhe dhunim t\u00eb parimit t\u00eb transparenc\u00ebs s\u00eb zgjedhjeve.<\/p>\n<p>Zem\u00ebrimi popullor u rrit ndaj qeverisjes s\u00eb pushtetit t\u00eb Familjes dhe m\u00eb 21 Janar mij\u00ebra njer\u00ebz dol\u00ebn n\u00eb rrug\u00eb t\u00eb zem\u00ebruar dhe thuajse jasht\u00eb kontrollit t\u00eb opozit\u00ebs. Ata u p\u00ebrplas\u00ebn dhunsh\u00ebm me policin\u00eb, e cila i shp\u00ebrndau leht\u00ebsisht, dhe pik\u00ebrisht kur demonstrata po p\u00ebrfundonte, dy njer\u00ebz burracak\u00eb t\u00eb fshehur pas xhamave t\u00eb blinduar t\u00eb kryeministris\u00eb, Sali Berisha dhe Lul\u00ebzim Basha dhan\u00eb urdh\u00ebr t\u00eb q\u00ebllohej p\u00ebr t\u00eb vrar\u00eb. Kat\u00ebr vet\u00eb mbet\u00ebn t\u00eb vdekur dhe dhjet\u00ebra t\u00eb tjer\u00eb i ruajti Zoti dhe vet\u00ebm i plagos\u00ebn. Dhjet\u00eb f\u00ebmij\u00eb kan\u00eb mbetur jetim\u00eb nga urdhri mizor i Sali Berish\u00ebs dhe Lul\u00ebzim Bash\u00ebs.<\/p>\n<p>Ata jan\u00eb t\u00eb vetmit jetim\u00eb n\u00eb bot\u00eb q\u00eb kan\u00eb par\u00eb me syt\u00eb i tyre si ua kan\u00eb vrar\u00eb prind\u00ebrit. Ndryshe nga jetim\u00ebt q\u00eb s\u2019din\u00eb ku e kan\u00eb n\u00ebn\u00ebn apo baban\u00eb, ata jetim\u00eb jo vet\u00ebm din\u00eb si u jan\u00eb vrar\u00eb prind\u00ebrit, por dhe kush ua ka vrar\u00eb. Jam i sigurt se silueta e hijes s\u00eb dy burracak\u00ebve pas xhamit t\u00eb blinduar nuk ka p\u00ebr t\u2019i ikur kurr\u00eb nga mendja secilit prej atyre f\u00ebmij\u00ebve dhe kur t\u00eb b\u00ebhen burra derisa t\u00eb ndahen nga kjo jet\u00eb. Un\u00eb nuk di ndonj\u00eb arsye tjet\u00ebr m\u00eb t\u00eb madhe se kaq p\u00ebr t\u00eb qen\u00eb n\u00eb konflikt pala e vrar\u00eb me vras\u00ebsin.<\/p>\n<p>Pas k\u00ebtij krimi t\u00eb sh\u00ebmtuar dhe t\u00eb pashembullt n\u00eb asnj\u00eb vend t\u00eb Evrop\u00ebs Lindore dhe Per\u00ebndimore pas vitit 1990, Sali Berisha jo vet\u00ebm nuk u nd\u00ebshkua, por dhunoi hapur kryeprokuroren e P\u00ebrgjithshme duke e kthyer n\u00eb let\u00ebr higjienike urdhrin e arrestit p\u00ebr gjasht\u00eb gardist\u00eb t\u00eb akuzuar si t\u00eb dyshuar p\u00ebr vras\u00ebs. Ai po ashtu nuk ngurroi ta quaj\u00eb kryeprokuroren lavire, Presidentin horr, kryetarin e SHISH-it pu\u00e7ist dhe gazetar\u00ebt pjes\u00eb t\u00eb pucit. T\u00eb gjith\u00eb, sidomos disa diplomat\u00eb per\u00ebndimor\u00eb, harruan standardin e demokracis\u00eb, harruan viktimat dhe u p\u00ebrqendruan tek kujdesi p\u00ebr t\u00eb qet\u00ebsuar vras\u00ebsin. T\u00eb gjith\u00eb kishin hall si t\u00eb qet\u00ebsonin Sali Berish\u00ebn se mos \u00e7mendej akoma m\u00eb shum\u00eb. T\u00eb vrar\u00ebt n\u00eb nj\u00eb demonstrat\u00eb n\u00eb demokraci u tentua t\u00eb harrohen dhe filloi t\u00eb nj\u00ebvleft\u00ebsohej ankesa e t\u00eb vrarit me ul\u00ebrimat e vras\u00ebsit duke u quajtur konfliktualitet.<\/p>\n<p>N\u00ebn k\u00ebt\u00eb klim\u00eb t\u00eb p\u00ebshtir\u00eb amorale q\u00eb barazonte viktim\u00ebn me xhelatin, u shkua n\u00eb zgjedhjet e 8 Majit, t\u00eb cilat u fituan n\u00eb gjith\u00eb qytetet e Shqip\u00ebris\u00eb n\u00eb m\u00ebnyr\u00eb plebishitare nga opozita. Sali Berisha futi duart n\u00eb zonat e err\u00ebta t\u00eb vendit, n\u00eb fshatrat e braktisura dhe t\u00eb pashpresa, duke bler\u00eb dhe manipuluar rezultatin e duke kthyer Aleanc\u00ebn p\u00ebr Qytetarin n\u00eb nj\u00eb fitore n\u00eb zonat fshatare t\u00eb Shqip\u00ebris\u00eb, n\u00eb m\u00ebnyr\u00eb t\u00eb pamerituar. N\u00eb Tiran\u00eb, me gjith\u00eb industrin\u00eb e manipulimit t\u00eb votave, Edi Rama u shpall fitues me dhjet\u00eb vota para. Pa asnj\u00eb m\u00ebshir\u00eb dhe turp, Berisha p\u00ebrmbysi rezultatin me nj\u00eb Kolegj Zgjedhor t\u00eb nd\u00ebshkuar nd\u00ebrkomb\u00ebtarisht nga raporti i ODIHR.<\/p>\n<p>P\u00ebrs\u00ebri asnj\u00eb pasoj\u00eb. P\u00ebrs\u00ebri filloi t\u00eb relativizohet e keqja dhe t\u00eb legalizohet vjedhja. Njeriu q\u00eb kish vrar\u00eb kat\u00ebr muaj m\u00eb par\u00eb, tashm\u00eb filloi t\u00eb buz\u00ebqesh\u00eb nga zyra e vjedhur n\u00eb qend\u00ebr t\u00eb Tiran\u00ebs dhe t\u00eb organizoj\u00eb aktivitete servile me q\u00ebllim t\u00eb p\u00ebrfshinte diplomat\u00ebt e huaj n\u00eb fotografi n\u00eb krah t\u00eb tij. Disa i thirri n\u00eb zyr\u00eb e t\u00eb tjer\u00eb i begenisi duke u organizuar festa n\u00eb bulevard dhe i mori ato fotografi. I mori, por konflikti mbeti. Vjedhja mbeti. T\u00eb vrar\u00ebt mbet\u00ebn. Jetimet jan\u00eb po aty.<\/p>\n<p>Dhe tash kur kthen kok\u00ebn pas p\u00ebr t\u00eb par\u00eb p\u00ebrse ka \u201ckonfliktualitet\u201d mes Berish\u00ebs dhe Ram\u00ebs, shikojm\u00eb se ka vet\u00ebm p\u00ebr vota t\u00eb vjedhura, p\u00ebr pasuri publike t\u00eb shp\u00ebrdoruara, p\u00ebr interesa t\u00eb Familjes Berisha dhe p\u00ebr t\u00eb pushkatuar politik n\u00eb mes t\u00eb bulevardit. P\u00ebr histori t\u00eb tilla \u201cky q\u00eb quhet konfliktualitet\u201d n\u00eb Shqip\u00ebri \u00ebsht\u00eb nj\u00eb luks. P\u00ebr t\u00eb pushkatuar politik dhe zgjedhje t\u00eb lira, njer\u00ebzit kan\u00eb p\u00ebrmbysur vendin. \u00cbsht\u00eb pik\u00ebrisht ky relativizim q\u00eb i b\u00ebhet shkaqeve t\u00eb konfliktualetit, q\u00eb b\u00ebn q\u00eb ne t\u00eb kemi faktor\u00eb t\u00eb dob\u00ebt opozitar\u00eb n\u00eb vend dhe t\u00eb p\u00ebrpiqemi t\u00eb mbysim opozit\u00ebn zyrtare n\u00eb nj\u00eb lug\u00eb uj\u00eb.<\/p>\n<p>Shqip\u00ebrin\u00eb e ka penalizuar pik\u00ebrisht mungesa e nj\u00eb opozite t\u00eb fort\u00eb, mungesa e nj\u00eb infrastrukture opozitare q\u00eb duhet t\u00eb mbyste revanshin anti-per\u00ebndimor t\u00eb Sali Berish\u00ebs. Dhe kjo s\u2019ka t\u00eb b\u00ebj\u00eb me opozit\u00ebn zyrtare. Ajo \u00ebsht\u00eb viktim\u00eb e k\u00ebtij procesi. Ajo \u00ebsht\u00eb vjedhur dhe vrar\u00eb dhe shumica e atyre q\u00eb flasin p\u00ebr demokraci dhe Evrop\u00eb Per\u00ebndimore e kan\u00eb l\u00ebn\u00eb n\u00eb balt\u00eb. N\u00ebse media, shoq\u00ebria shqiptare dhe diplomat\u00ebt do t\u00eb ishin n\u00eb nj\u00eb z\u00eb se Sali Berish\u00ebs nuk do t\u2019i falej vjedhja e vot\u00ebs, nuk do diskutonim sot p\u00ebr konfliktualitet. N\u00ebse t\u00eb gjith\u00eb do ishim dakord se Sali Berish\u00ebs dhe Lul\u00ebzim Bash\u00ebs nuk do t\u2019i falej gjaku i kat\u00ebr t\u00eb vrar\u00ebve p\u00ebr arsye politike, sot nuk do flisnim p\u00ebr konfliktualitet.<\/p>\n<p>N\u00ebse do binim dakord se Sali Berish\u00ebs dhe Lul\u00ebzim Bash\u00ebs nuk do t\u2019i falej p\u00ebrmbysja e rezultatit n\u00eb tavolin\u00eb, kapja e shtetit dhe drejt\u00ebsis\u00eb dhe p\u00ebrpjekja p\u00ebr t\u00eb eliminuar opozit\u00ebn, sot nuk do flisnim p\u00ebr konfliktualitet. Konfliktualiteti ka kuptim n\u00eb nj\u00eb shoq\u00ebri ku dy pal\u00ebt jan\u00eb bashk\u00ebfajtore dhe bashk\u00ebp\u00ebrgjegj\u00ebse dhe krijojn\u00eb konflikt artificial p\u00ebr t\u00eb t\u00ebrhequr v\u00ebmendjen nga p\u00ebrgjegj\u00ebsia. K\u00ebtu nj\u00eb pal\u00eb \u00ebsht\u00eb hajdute dhe tjetra e vjedhur, nj\u00eb pal\u00eb \u00ebsht\u00eb vras\u00ebse dhe tjetra e vrar\u00eb dhe askush nuk mund t\u00eb barazoj\u00eb brohorimat e atyre q\u00eb u g\u00ebzohen vrasjeve dhe vjedhjeve me r\u00ebnkimet dhe dhimbjen e t\u00eb vjedhurve dhe t\u00eb vrar\u00ebve.<\/p>\n<p>Ky vend do t\u00eb shkoj\u00eb drejt Per\u00ebndimit kur ta meritoj\u00eb dhe do ta meritoj\u00eb kur t\u2019ia b\u00ebj\u00eb t\u00eb paduruesh\u00ebm jo vet\u00ebm q\u00ebndrimin n\u00eb pushtet, por dhe q\u00ebndrimin n\u00eb liri Sali Berish\u00ebs, Lul\u00ebzim Bash\u00ebs dhe gjith\u00eb atyre q\u00eb kan\u00eb vjedhur p\u00ebr t\u00eb qeverisur dhe kan\u00eb vrar\u00eb p\u00ebr t\u00eb mbajtur me dhun\u00eb pushtetin. Asgj\u00eb me per\u00ebndimore se konflikti me k\u00ebt\u00eb specie nuk ka p\u00ebr Shqip\u00ebrin\u00eb dhe asgj\u00eb m\u00eb anti-per\u00ebndimore se barazimi i viktim\u00ebs me xhelatin nuk ka n\u00eb k\u00ebt\u00eb histori.<\/p>\n","protected":false},"excerpt":{"rendered":"<p>Nga Mero Baze, 14 Tetor 2011 Referimi tek \u201ckonfliktualiteti\u201d i klas\u00ebs politike shqiptare po b\u00ebhet nj\u00eb refren i neveritsh\u00ebm. Sa her\u00eb d\u00ebshton Shqip\u00ebria, sa her\u00eb ne nuk arrijm\u00eb t\u00eb plot\u00ebsojm\u00eb dot detyrimet p\u00ebr t\u00eb qen\u00eb nj\u00eb vend me statusin e kandidatit p\u00ebr an\u00ebtar t\u00eb Bashkimit Evropian, apo sa her\u00eb n\u00eb vend rritet tensioni politik, gjithmon\u00eb [&hellip;]<\/p>\n","protected":false},"author":1,"featured_media":0,"comment_status":"open","ping_status":"closed","sticky":false,"template":"","format":"standard","meta":{"footnotes":""},"categories":[2],"tags":[],"class_list":{"0":"post-10996","1":"post","2":"type-post","3":"status-publish","4":"format-standard","6":"category-artikuj"},"yoast_head":"<!-- This site is optimized with the Yoast SEO plugin v27.4 - https:\/\/yoast.com\/product\/yoast-seo-wordpress\/ -->\n<title>Hipokrizia me \u201ckonfliktualitetin\u201d - FjALA e LIR\u00cb - Arkivi<\/title>\n<meta name=\"robots\" content=\"index, follow, max-snippet:-1, max-image-preview:large, max-video-preview:-1\" \/>\n<link rel=\"canonical\" href=\"https:\/\/fjala.info\/2009-2015\/hipokrizia-me-konfliktualitetin\/\" \/>\n<meta property=\"og:locale\" content=\"sq_AL\" \/>\n<meta property=\"og:type\" content=\"article\" \/>\n<meta property=\"og:title\" content=\"Hipokrizia me \u201ckonfliktualitetin\u201d - FjALA e LIR\u00cb - Arkivi\" \/>\n<meta property=\"og:description\" content=\"Nga Mero Baze, 14 Tetor 2011 Referimi tek \u201ckonfliktualiteti\u201d i klas\u00ebs politike shqiptare po b\u00ebhet nj\u00eb refren i neveritsh\u00ebm. Sa her\u00eb d\u00ebshton Shqip\u00ebria, sa her\u00eb ne nuk arrijm\u00eb t\u00eb plot\u00ebsojm\u00eb dot detyrimet p\u00ebr t\u00eb qen\u00eb nj\u00eb vend me statusin e kandidatit p\u00ebr an\u00ebtar t\u00eb Bashkimit Evropian, apo sa her\u00eb n\u00eb vend rritet tensioni politik, gjithmon\u00eb [&hellip;]\" \/>\n<meta property=\"og:url\" content=\"https:\/\/fjala.info\/2009-2015\/hipokrizia-me-konfliktualitetin\/\" \/>\n<meta property=\"og:site_name\" content=\"FjALA e LIR\u00cb - Arkivi\" \/>\n<meta property=\"article:published_time\" content=\"2011-10-15T06:56:45+00:00\" \/>\n<meta property=\"og:image\" content=\"http:\/\/www.shkoder.net\/images\/fjala\/mero_baze1.jpg\" \/>\n<meta name=\"author\" content=\"admin\" \/>\n<meta name=\"twitter:card\" content=\"summary_large_image\" \/>\n<meta name=\"twitter:label1\" content=\"Written by\" \/>\n\t<meta name=\"twitter:data1\" content=\"admin\" \/>\n\t<meta name=\"twitter:label2\" content=\"Est. reading time\" \/>\n\t<meta name=\"twitter:data2\" content=\"8 minutes\" \/>\n<script type=\"application\/ld+json\" class=\"yoast-schema-graph\">{\"@context\":\"https:\\\/\\\/schema.org\",\"@graph\":[{\"@type\":\"Article\",\"@id\":\"https:\\\/\\\/fjala.info\\\/2009-2015\\\/hipokrizia-me-konfliktualitetin\\\/#article\",\"isPartOf\":{\"@id\":\"https:\\\/\\\/fjala.info\\\/2009-2015\\\/hipokrizia-me-konfliktualitetin\\\/\"},\"author\":{\"name\":\"admin\",\"@id\":\"https:\\\/\\\/fjala.info\\\/2009-2015\\\/#\\\/schema\\\/person\\\/3aa1163ef05469c496fc94e77611ada2\"},\"headline\":\"Hipokrizia me \u201ckonfliktualitetin\u201d\",\"datePublished\":\"2011-10-15T06:56:45+00:00\",\"mainEntityOfPage\":{\"@id\":\"https:\\\/\\\/fjala.info\\\/2009-2015\\\/hipokrizia-me-konfliktualitetin\\\/\"},\"wordCount\":1613,\"commentCount\":0,\"publisher\":{\"@id\":\"https:\\\/\\\/fjala.info\\\/2009-2015\\\/#organization\"},\"image\":{\"@id\":\"https:\\\/\\\/fjala.info\\\/2009-2015\\\/hipokrizia-me-konfliktualitetin\\\/#primaryimage\"},\"thumbnailUrl\":\"http:\\\/\\\/www.shkoder.net\\\/images\\\/fjala\\\/mero_baze1.jpg\",\"articleSection\":[\"Artikuj\"],\"inLanguage\":\"sq-AL\",\"potentialAction\":[{\"@type\":\"CommentAction\",\"name\":\"Comment\",\"target\":[\"https:\\\/\\\/fjala.info\\\/2009-2015\\\/hipokrizia-me-konfliktualitetin\\\/#respond\"]}]},{\"@type\":\"WebPage\",\"@id\":\"https:\\\/\\\/fjala.info\\\/2009-2015\\\/hipokrizia-me-konfliktualitetin\\\/\",\"url\":\"https:\\\/\\\/fjala.info\\\/2009-2015\\\/hipokrizia-me-konfliktualitetin\\\/\",\"name\":\"Hipokrizia me \u201ckonfliktualitetin\u201d - FjALA e LIR\u00cb - Arkivi\",\"isPartOf\":{\"@id\":\"https:\\\/\\\/fjala.info\\\/2009-2015\\\/#website\"},\"primaryImageOfPage\":{\"@id\":\"https:\\\/\\\/fjala.info\\\/2009-2015\\\/hipokrizia-me-konfliktualitetin\\\/#primaryimage\"},\"image\":{\"@id\":\"https:\\\/\\\/fjala.info\\\/2009-2015\\\/hipokrizia-me-konfliktualitetin\\\/#primaryimage\"},\"thumbnailUrl\":\"http:\\\/\\\/www.shkoder.net\\\/images\\\/fjala\\\/mero_baze1.jpg\",\"datePublished\":\"2011-10-15T06:56:45+00:00\",\"breadcrumb\":{\"@id\":\"https:\\\/\\\/fjala.info\\\/2009-2015\\\/hipokrizia-me-konfliktualitetin\\\/#breadcrumb\"},\"inLanguage\":\"sq-AL\",\"potentialAction\":[{\"@type\":\"ReadAction\",\"target\":[\"https:\\\/\\\/fjala.info\\\/2009-2015\\\/hipokrizia-me-konfliktualitetin\\\/\"]}]},{\"@type\":\"ImageObject\",\"inLanguage\":\"sq-AL\",\"@id\":\"https:\\\/\\\/fjala.info\\\/2009-2015\\\/hipokrizia-me-konfliktualitetin\\\/#primaryimage\",\"url\":\"http:\\\/\\\/www.shkoder.net\\\/images\\\/fjala\\\/mero_baze1.jpg\",\"contentUrl\":\"http:\\\/\\\/www.shkoder.net\\\/images\\\/fjala\\\/mero_baze1.jpg\"},{\"@type\":\"BreadcrumbList\",\"@id\":\"https:\\\/\\\/fjala.info\\\/2009-2015\\\/hipokrizia-me-konfliktualitetin\\\/#breadcrumb\",\"itemListElement\":[{\"@type\":\"ListItem\",\"position\":1,\"name\":\"Home\",\"item\":\"https:\\\/\\\/fjala.info\\\/2009-2015\\\/\"},{\"@type\":\"ListItem\",\"position\":2,\"name\":\"Hipokrizia me \u201ckonfliktualitetin\u201d\"}]},{\"@type\":\"WebSite\",\"@id\":\"https:\\\/\\\/fjala.info\\\/2009-2015\\\/#website\",\"url\":\"https:\\\/\\\/fjala.info\\\/2009-2015\\\/\",\"name\":\"FjALA e LIR\u00cb - Arkivi\",\"description\":\"Arkivi 2009-2015\",\"publisher\":{\"@id\":\"https:\\\/\\\/fjala.info\\\/2009-2015\\\/#organization\"},\"potentialAction\":[{\"@type\":\"SearchAction\",\"target\":{\"@type\":\"EntryPoint\",\"urlTemplate\":\"https:\\\/\\\/fjala.info\\\/2009-2015\\\/?s={search_term_string}\"},\"query-input\":{\"@type\":\"PropertyValueSpecification\",\"valueRequired\":true,\"valueName\":\"search_term_string\"}}],\"inLanguage\":\"sq-AL\"},{\"@type\":\"Organization\",\"@id\":\"https:\\\/\\\/fjala.info\\\/2009-2015\\\/#organization\",\"name\":\"FjALA e LIR\u00cb - Arkivi\",\"url\":\"https:\\\/\\\/fjala.info\\\/2009-2015\\\/\",\"logo\":{\"@type\":\"ImageObject\",\"inLanguage\":\"sq-AL\",\"@id\":\"https:\\\/\\\/fjala.info\\\/2009-2015\\\/#\\\/schema\\\/logo\\\/image\\\/\",\"url\":\"\",\"contentUrl\":\"\",\"caption\":\"FjALA e LIR\u00cb - Arkivi\"},\"image\":{\"@id\":\"https:\\\/\\\/fjala.info\\\/2009-2015\\\/#\\\/schema\\\/logo\\\/image\\\/\"}},{\"@type\":\"Person\",\"@id\":\"https:\\\/\\\/fjala.info\\\/2009-2015\\\/#\\\/schema\\\/person\\\/3aa1163ef05469c496fc94e77611ada2\",\"name\":\"admin\",\"image\":{\"@type\":\"ImageObject\",\"inLanguage\":\"sq-AL\",\"@id\":\"https:\\\/\\\/fjala.info\\\/2009-2015\\\/wp-content\\\/uploads\\\/2012\\\/02\\\/arben_cokaj-120x150.jpg\",\"url\":\"https:\\\/\\\/fjala.info\\\/2009-2015\\\/wp-content\\\/uploads\\\/2012\\\/02\\\/arben_cokaj-120x150.jpg\",\"contentUrl\":\"https:\\\/\\\/fjala.info\\\/2009-2015\\\/wp-content\\\/uploads\\\/2012\\\/02\\\/arben_cokaj-120x150.jpg\",\"caption\":\"admin\"},\"description\":\"Admin, Fjala e Lir\u00eb\",\"sameAs\":[\"https:\\\/\\\/fjala.info\\\/\"],\"url\":\"https:\\\/\\\/fjala.info\\\/2009-2015\\\/author\\\/admin\\\/\"}]}<\/script>\n<!-- \/ Yoast SEO plugin. -->","yoast_head_json":{"title":"Hipokrizia me \u201ckonfliktualitetin\u201d - FjALA e LIR\u00cb - Arkivi","robots":{"index":"index","follow":"follow","max-snippet":"max-snippet:-1","max-image-preview":"max-image-preview:large","max-video-preview":"max-video-preview:-1"},"canonical":"https:\/\/fjala.info\/2009-2015\/hipokrizia-me-konfliktualitetin\/","og_locale":"sq_AL","og_type":"article","og_title":"Hipokrizia me \u201ckonfliktualitetin\u201d - FjALA e LIR\u00cb - Arkivi","og_description":"Nga Mero Baze, 14 Tetor 2011 Referimi tek \u201ckonfliktualiteti\u201d i klas\u00ebs politike shqiptare po b\u00ebhet nj\u00eb refren i neveritsh\u00ebm. Sa her\u00eb d\u00ebshton Shqip\u00ebria, sa her\u00eb ne nuk arrijm\u00eb t\u00eb plot\u00ebsojm\u00eb dot detyrimet p\u00ebr t\u00eb qen\u00eb nj\u00eb vend me statusin e kandidatit p\u00ebr an\u00ebtar t\u00eb Bashkimit Evropian, apo sa her\u00eb n\u00eb vend rritet tensioni politik, gjithmon\u00eb [&hellip;]","og_url":"https:\/\/fjala.info\/2009-2015\/hipokrizia-me-konfliktualitetin\/","og_site_name":"FjALA e LIR\u00cb - Arkivi","article_published_time":"2011-10-15T06:56:45+00:00","og_image":[{"url":"http:\/\/www.shkoder.net\/images\/fjala\/mero_baze1.jpg","type":"","width":"","height":""}],"author":"admin","twitter_card":"summary_large_image","twitter_misc":{"Written by":"admin","Est. reading time":"8 minutes"},"schema":{"@context":"https:\/\/schema.org","@graph":[{"@type":"Article","@id":"https:\/\/fjala.info\/2009-2015\/hipokrizia-me-konfliktualitetin\/#article","isPartOf":{"@id":"https:\/\/fjala.info\/2009-2015\/hipokrizia-me-konfliktualitetin\/"},"author":{"name":"admin","@id":"https:\/\/fjala.info\/2009-2015\/#\/schema\/person\/3aa1163ef05469c496fc94e77611ada2"},"headline":"Hipokrizia me \u201ckonfliktualitetin\u201d","datePublished":"2011-10-15T06:56:45+00:00","mainEntityOfPage":{"@id":"https:\/\/fjala.info\/2009-2015\/hipokrizia-me-konfliktualitetin\/"},"wordCount":1613,"commentCount":0,"publisher":{"@id":"https:\/\/fjala.info\/2009-2015\/#organization"},"image":{"@id":"https:\/\/fjala.info\/2009-2015\/hipokrizia-me-konfliktualitetin\/#primaryimage"},"thumbnailUrl":"http:\/\/www.shkoder.net\/images\/fjala\/mero_baze1.jpg","articleSection":["Artikuj"],"inLanguage":"sq-AL","potentialAction":[{"@type":"CommentAction","name":"Comment","target":["https:\/\/fjala.info\/2009-2015\/hipokrizia-me-konfliktualitetin\/#respond"]}]},{"@type":"WebPage","@id":"https:\/\/fjala.info\/2009-2015\/hipokrizia-me-konfliktualitetin\/","url":"https:\/\/fjala.info\/2009-2015\/hipokrizia-me-konfliktualitetin\/","name":"Hipokrizia me \u201ckonfliktualitetin\u201d - FjALA e LIR\u00cb - Arkivi","isPartOf":{"@id":"https:\/\/fjala.info\/2009-2015\/#website"},"primaryImageOfPage":{"@id":"https:\/\/fjala.info\/2009-2015\/hipokrizia-me-konfliktualitetin\/#primaryimage"},"image":{"@id":"https:\/\/fjala.info\/2009-2015\/hipokrizia-me-konfliktualitetin\/#primaryimage"},"thumbnailUrl":"http:\/\/www.shkoder.net\/images\/fjala\/mero_baze1.jpg","datePublished":"2011-10-15T06:56:45+00:00","breadcrumb":{"@id":"https:\/\/fjala.info\/2009-2015\/hipokrizia-me-konfliktualitetin\/#breadcrumb"},"inLanguage":"sq-AL","potentialAction":[{"@type":"ReadAction","target":["https:\/\/fjala.info\/2009-2015\/hipokrizia-me-konfliktualitetin\/"]}]},{"@type":"ImageObject","inLanguage":"sq-AL","@id":"https:\/\/fjala.info\/2009-2015\/hipokrizia-me-konfliktualitetin\/#primaryimage","url":"http:\/\/www.shkoder.net\/images\/fjala\/mero_baze1.jpg","contentUrl":"http:\/\/www.shkoder.net\/images\/fjala\/mero_baze1.jpg"},{"@type":"BreadcrumbList","@id":"https:\/\/fjala.info\/2009-2015\/hipokrizia-me-konfliktualitetin\/#breadcrumb","itemListElement":[{"@type":"ListItem","position":1,"name":"Home","item":"https:\/\/fjala.info\/2009-2015\/"},{"@type":"ListItem","position":2,"name":"Hipokrizia me \u201ckonfliktualitetin\u201d"}]},{"@type":"WebSite","@id":"https:\/\/fjala.info\/2009-2015\/#website","url":"https:\/\/fjala.info\/2009-2015\/","name":"FjALA e LIR\u00cb - Arkivi","description":"Arkivi 2009-2015","publisher":{"@id":"https:\/\/fjala.info\/2009-2015\/#organization"},"potentialAction":[{"@type":"SearchAction","target":{"@type":"EntryPoint","urlTemplate":"https:\/\/fjala.info\/2009-2015\/?s={search_term_string}"},"query-input":{"@type":"PropertyValueSpecification","valueRequired":true,"valueName":"search_term_string"}}],"inLanguage":"sq-AL"},{"@type":"Organization","@id":"https:\/\/fjala.info\/2009-2015\/#organization","name":"FjALA e LIR\u00cb - Arkivi","url":"https:\/\/fjala.info\/2009-2015\/","logo":{"@type":"ImageObject","inLanguage":"sq-AL","@id":"https:\/\/fjala.info\/2009-2015\/#\/schema\/logo\/image\/","url":"","contentUrl":"","caption":"FjALA e LIR\u00cb - Arkivi"},"image":{"@id":"https:\/\/fjala.info\/2009-2015\/#\/schema\/logo\/image\/"}},{"@type":"Person","@id":"https:\/\/fjala.info\/2009-2015\/#\/schema\/person\/3aa1163ef05469c496fc94e77611ada2","name":"admin","image":{"@type":"ImageObject","inLanguage":"sq-AL","@id":"https:\/\/fjala.info\/2009-2015\/wp-content\/uploads\/2012\/02\/arben_cokaj-120x150.jpg","url":"https:\/\/fjala.info\/2009-2015\/wp-content\/uploads\/2012\/02\/arben_cokaj-120x150.jpg","contentUrl":"https:\/\/fjala.info\/2009-2015\/wp-content\/uploads\/2012\/02\/arben_cokaj-120x150.jpg","caption":"admin"},"description":"Admin, Fjala e Lir\u00eb","sameAs":["https:\/\/fjala.info\/"],"url":"https:\/\/fjala.info\/2009-2015\/author\/admin\/"}]}},"_links":{"self":[{"href":"https:\/\/fjala.info\/2009-2015\/wp-json\/wp\/v2\/posts\/10996","targetHints":{"allow":["GET"]}}],"collection":[{"href":"https:\/\/fjala.info\/2009-2015\/wp-json\/wp\/v2\/posts"}],"about":[{"href":"https:\/\/fjala.info\/2009-2015\/wp-json\/wp\/v2\/types\/post"}],"author":[{"embeddable":true,"href":"https:\/\/fjala.info\/2009-2015\/wp-json\/wp\/v2\/users\/1"}],"replies":[{"embeddable":true,"href":"https:\/\/fjala.info\/2009-2015\/wp-json\/wp\/v2\/comments?post=10996"}],"version-history":[{"count":0,"href":"https:\/\/fjala.info\/2009-2015\/wp-json\/wp\/v2\/posts\/10996\/revisions"}],"wp:attachment":[{"href":"https:\/\/fjala.info\/2009-2015\/wp-json\/wp\/v2\/media?parent=10996"}],"wp:term":[{"taxonomy":"category","embeddable":true,"href":"https:\/\/fjala.info\/2009-2015\/wp-json\/wp\/v2\/categories?post=10996"},{"taxonomy":"post_tag","embeddable":true,"href":"https:\/\/fjala.info\/2009-2015\/wp-json\/wp\/v2\/tags?post=10996"}],"curies":[{"name":"wp","href":"https:\/\/api.w.org\/{rel}","templated":true}]}}