{"id":10989,"date":"2011-10-15T06:08:08","date_gmt":"2011-10-15T05:08:08","guid":{"rendered":"http:\/\/fjala.shkoder.net\/?p=10989"},"modified":"2011-10-15T06:08:08","modified_gmt":"2011-10-15T05:08:08","slug":"nje-moster-ne-zyren-e-sherbimit-publik","status":"publish","type":"post","link":"https:\/\/fjala.info\/2009-2015\/nje-moster-ne-zyren-e-sherbimit-publik\/","title":{"rendered":"NJ\u00cb MOSTER N\u00cb ZYR\u00cbN E SH\u00cbRBIMIT PUBLIK"},"content":{"rendered":"<p><img decoding=\"async\" class=\"alignleft size-thumbnail wp-image-7236\" title=\"Zef Mulaj\" src=\"http:\/\/www.shkoder.net\/images\/fjala\/2011\/zef_mulaj3.jpg\" alt=\"\" width=\"150\" \/> <strong>Zef Mulaj<\/strong><\/p>\n<p>U d\u00ebgjua kur ajo thirri: &#8211; Mund t\u00eb hyni. Gruaja me nj\u00eb f\u00ebmij\u00eb n\u00eb krah rreth nj\u00eb vje\u00e7are, nd\u00ebrsa kat\u00ebr t\u00eb tjer\u00eb rreth trupit t\u00eb saj me mosha deri dymb\u00ebdhjet\u00eb vje\u00e7 m\u00eb i madhi. Jarini po qante: Ja m\u00ebsova emrin kur n\u00ebna mundohej ta qetsonte duke i p\u00ebrk\u00ebdhelur kok\u00ebn duke e thirrur n\u00eb em\u00ebr Jari, Jari. Nd\u00ebrsa n\u00ebnpun\u00ebsja e zyr\u00ebs s\u00eb asistenc\u00ebs sociale duke ulur telefonin n\u00eb mbarimin e bised\u00ebs ju drejtua gruas emigrante me nj\u00eb ton mjaft diskriminues dhe fyes duke i hedhur nj\u00eb v\u00ebshtrim k\u00ebtyre minoren\u00ebve t\u00eb pafajsh\u00ebm njer\u00ebzor. Nj\u00ebri nga ata ju afrua tavolin\u00ebs duke zgjatur dor\u00ebn mbi nj\u00eb lod\u00ebr por n\u00ebna e t\u00ebrhoqi menj\u00ebher\u00eb f\u00ebmij\u00ebn drejt vetes. N\u00ebnpunsja si\u00e7 ishte ulur u ngrit n\u00eb k\u00ebmb\u00eb, hapi dritaren duke b\u00ebr nj\u00eb frymemarrje t\u00eb thell\u00eb demostruese ndaj k\u00ebtyre f\u00ebmij\u00ebve sikur ju zu\u2019 fryma pik\u00ebrisht nga ata t\u00eb veshur disi me roba t\u00eb vjetra karitasi.<\/p>\n<p>Kishin nj\u00eb histori mjaft t\u00eb hidhur n\u00eb rugtimin q\u00eb kishin b\u00ebr deri k\u00ebtu.. Ajo nuk fliste gjuh\u00ebn e shtetit ku gjendej, mundohej t\u00eb k\u00ebrkonte ndihm\u00eb p\u00ebr f\u00ebmij\u00ebt, po e ndihmonte p\u00ebrkthyesi. Ajo nuk e kuptoj fjal\u00ebn q\u00eb ju drejtua n\u00ebnpun\u00ebsja duke i th\u00ebn\u00eb: \u201cJu lindni f\u00ebmij\u00eb p\u00ebr ti rritur t\u00eb tjer\u00ebt, kur nuk jeni n\u00eb gj\u00ebndje ti rrisni, pse b\u00ebni f\u00ebmij\u00eb? -Ajo ju drejtua p\u00ebrkthyesit me shikim p\u00ebr ti shpjeguar fraz\u00ebn. P\u00ebrkthyesi duke shikuar n\u00ebnpun\u00ebsen dhe pa folur po k\u00ebrkonte leje t\u00eb p\u00ebrkthente k\u00ebte fraz\u00eb por q\u00eb nuk po i p\u00eblqent\u00eb t\u2019ia thoshte n\u00ebn\u00ebs me f\u00ebmij\u00ebt. Por n\u00ebnpun\u00ebsja ngulmonte duke i th\u00ebn\u00eb: thuaja, thuaja.<\/p>\n<p>Gruaja sapo d\u00ebgjoi fjal\u00ebn i hodhi syt\u00eb mbi n\u00ebnpun\u00ebsen, mbledhi f\u00ebmij\u00ebt dhe doli menj\u00ebher jasht\u00eb nga zyra duke th\u00ebn\u00eb n\u00eb gjuh\u00ebn e saj \u201cHajdeni t\u00eb ikim nga kjo moster\u201d. Dhe pik\u00ebrisht dhe shkrimit ju vu ky titull q\u00eb doli nga zemra e lodhur dhe e coptuar e emigrantes!<\/p>\n<p>Por nuk kaluan shum\u00eb dit\u00eb, n\u00eb vend q\u00eb t\u00eb merrte nj\u00eb ndihm\u00eb nga asistenca sociale, t\u00eb regjistronte n\u00eb shkoll\u00eb f\u00ebmij\u00ebt ajo u gjend pran\u00eb trupit gjykues. I mor\u00ebn f\u00ebmij\u00ebt dhe i adoptuan. Ajo mbeti n\u00eb korridorin e gjykat\u00ebs e vetmuar duke b\u00ebrtitur me t\u00eb madhe duke k\u00ebrkuar ndihm\u00eb Zotit dhe fatit t\u00eb saj t\u00eb zi. Dhe n\u00ebp\u00ebr dh\u00ebmb\u00eb po p\u00ebrs\u00ebriste fjal\u00ebn most\u00ebr most\u00ebr most\u00ebr\u2026 e larguan nga korridoret duke mbetur mbrapa nj\u00eb jehon\u00eb mjerimi e nj\u00eb kohe q\u00eb ka nevoje p\u00ebr ndryshim&#8230;<\/p>\n<p>Njer\u00ebzit marrin rrug\u00ebt e bot\u00ebs p\u00ebr t\u00eb gjetur nj\u00eb jet\u00eb m\u00eb t\u00eb mir\u00eb, por gjenden p\u00ebrpara mostrash. Ashtu si\u00e7 u p\u00ebrball n\u00ebna e Jerinit t\u00eb vog\u00ebl, v\u00ebllezrit dhe motrat e tij, q\u00eb nj\u00eb most\u00ebr n\u00eb zyr\u00ebn e sh\u00ebrbimit publik q\u00eb i ndau nga prindrit&#8230;<\/p>\n","protected":false},"excerpt":{"rendered":"<p>Zef Mulaj U d\u00ebgjua kur ajo thirri: &#8211; Mund t\u00eb hyni. Gruaja me nj\u00eb f\u00ebmij\u00eb n\u00eb krah rreth nj\u00eb vje\u00e7are, nd\u00ebrsa kat\u00ebr t\u00eb tjer\u00eb rreth trupit t\u00eb saj me mosha deri dymb\u00ebdhjet\u00eb vje\u00e7 m\u00eb i madhi. Jarini po qante: Ja m\u00ebsova emrin kur n\u00ebna mundohej ta qetsonte duke i p\u00ebrk\u00ebdhelur kok\u00ebn duke e thirrur n\u00eb [&hellip;]<\/p>\n","protected":false},"author":1,"featured_media":0,"comment_status":"open","ping_status":"closed","sticky":false,"template":"","format":"standard","meta":{"footnotes":""},"categories":[2],"tags":[],"class_list":{"0":"post-10989","1":"post","2":"type-post","3":"status-publish","4":"format-standard","6":"category-artikuj"},"yoast_head":"<!-- This site is optimized with the Yoast SEO plugin v27.4 - https:\/\/yoast.com\/product\/yoast-seo-wordpress\/ -->\n<title>NJ\u00cb MOSTER N\u00cb ZYR\u00cbN E SH\u00cbRBIMIT PUBLIK - FjALA e LIR\u00cb - Arkivi<\/title>\n<meta name=\"robots\" content=\"index, follow, max-snippet:-1, max-image-preview:large, max-video-preview:-1\" \/>\n<link rel=\"canonical\" href=\"https:\/\/fjala.info\/2009-2015\/nje-moster-ne-zyren-e-sherbimit-publik\/\" \/>\n<meta property=\"og:locale\" content=\"sq_AL\" \/>\n<meta property=\"og:type\" content=\"article\" \/>\n<meta property=\"og:title\" content=\"NJ\u00cb MOSTER N\u00cb ZYR\u00cbN E SH\u00cbRBIMIT PUBLIK - FjALA e LIR\u00cb - Arkivi\" \/>\n<meta property=\"og:description\" content=\"Zef Mulaj U d\u00ebgjua kur ajo thirri: &#8211; Mund t\u00eb hyni. Gruaja me nj\u00eb f\u00ebmij\u00eb n\u00eb krah rreth nj\u00eb vje\u00e7are, nd\u00ebrsa kat\u00ebr t\u00eb tjer\u00eb rreth trupit t\u00eb saj me mosha deri dymb\u00ebdhjet\u00eb vje\u00e7 m\u00eb i madhi. Jarini po qante: Ja m\u00ebsova emrin kur n\u00ebna mundohej ta qetsonte duke i p\u00ebrk\u00ebdhelur kok\u00ebn duke e thirrur n\u00eb [&hellip;]\" \/>\n<meta property=\"og:url\" content=\"https:\/\/fjala.info\/2009-2015\/nje-moster-ne-zyren-e-sherbimit-publik\/\" \/>\n<meta property=\"og:site_name\" content=\"FjALA e LIR\u00cb - Arkivi\" \/>\n<meta property=\"article:published_time\" content=\"2011-10-15T05:08:08+00:00\" \/>\n<meta property=\"og:image\" content=\"http:\/\/www.shkoder.net\/images\/fjala\/2011\/zef_mulaj3.jpg\" \/>\n<meta name=\"author\" content=\"admin\" \/>\n<meta name=\"twitter:card\" content=\"summary_large_image\" \/>\n<meta name=\"twitter:label1\" content=\"Written by\" \/>\n\t<meta name=\"twitter:data1\" content=\"admin\" \/>\n\t<meta name=\"twitter:label2\" content=\"Est. reading time\" \/>\n\t<meta name=\"twitter:data2\" content=\"3 minutes\" \/>\n<script type=\"application\/ld+json\" class=\"yoast-schema-graph\">{\"@context\":\"https:\\\/\\\/schema.org\",\"@graph\":[{\"@type\":\"Article\",\"@id\":\"https:\\\/\\\/fjala.info\\\/2009-2015\\\/nje-moster-ne-zyren-e-sherbimit-publik\\\/#article\",\"isPartOf\":{\"@id\":\"https:\\\/\\\/fjala.info\\\/2009-2015\\\/nje-moster-ne-zyren-e-sherbimit-publik\\\/\"},\"author\":{\"name\":\"admin\",\"@id\":\"https:\\\/\\\/fjala.info\\\/2009-2015\\\/#\\\/schema\\\/person\\\/3aa1163ef05469c496fc94e77611ada2\"},\"headline\":\"NJ\u00cb MOSTER N\u00cb ZYR\u00cbN E SH\u00cbRBIMIT PUBLIK\",\"datePublished\":\"2011-10-15T05:08:08+00:00\",\"mainEntityOfPage\":{\"@id\":\"https:\\\/\\\/fjala.info\\\/2009-2015\\\/nje-moster-ne-zyren-e-sherbimit-publik\\\/\"},\"wordCount\":550,\"commentCount\":0,\"publisher\":{\"@id\":\"https:\\\/\\\/fjala.info\\\/2009-2015\\\/#organization\"},\"image\":{\"@id\":\"https:\\\/\\\/fjala.info\\\/2009-2015\\\/nje-moster-ne-zyren-e-sherbimit-publik\\\/#primaryimage\"},\"thumbnailUrl\":\"http:\\\/\\\/www.shkoder.net\\\/images\\\/fjala\\\/2011\\\/zef_mulaj3.jpg\",\"articleSection\":[\"Artikuj\"],\"inLanguage\":\"sq-AL\",\"potentialAction\":[{\"@type\":\"CommentAction\",\"name\":\"Comment\",\"target\":[\"https:\\\/\\\/fjala.info\\\/2009-2015\\\/nje-moster-ne-zyren-e-sherbimit-publik\\\/#respond\"]}]},{\"@type\":\"WebPage\",\"@id\":\"https:\\\/\\\/fjala.info\\\/2009-2015\\\/nje-moster-ne-zyren-e-sherbimit-publik\\\/\",\"url\":\"https:\\\/\\\/fjala.info\\\/2009-2015\\\/nje-moster-ne-zyren-e-sherbimit-publik\\\/\",\"name\":\"NJ\u00cb MOSTER N\u00cb ZYR\u00cbN E SH\u00cbRBIMIT PUBLIK - FjALA e LIR\u00cb - Arkivi\",\"isPartOf\":{\"@id\":\"https:\\\/\\\/fjala.info\\\/2009-2015\\\/#website\"},\"primaryImageOfPage\":{\"@id\":\"https:\\\/\\\/fjala.info\\\/2009-2015\\\/nje-moster-ne-zyren-e-sherbimit-publik\\\/#primaryimage\"},\"image\":{\"@id\":\"https:\\\/\\\/fjala.info\\\/2009-2015\\\/nje-moster-ne-zyren-e-sherbimit-publik\\\/#primaryimage\"},\"thumbnailUrl\":\"http:\\\/\\\/www.shkoder.net\\\/images\\\/fjala\\\/2011\\\/zef_mulaj3.jpg\",\"datePublished\":\"2011-10-15T05:08:08+00:00\",\"breadcrumb\":{\"@id\":\"https:\\\/\\\/fjala.info\\\/2009-2015\\\/nje-moster-ne-zyren-e-sherbimit-publik\\\/#breadcrumb\"},\"inLanguage\":\"sq-AL\",\"potentialAction\":[{\"@type\":\"ReadAction\",\"target\":[\"https:\\\/\\\/fjala.info\\\/2009-2015\\\/nje-moster-ne-zyren-e-sherbimit-publik\\\/\"]}]},{\"@type\":\"ImageObject\",\"inLanguage\":\"sq-AL\",\"@id\":\"https:\\\/\\\/fjala.info\\\/2009-2015\\\/nje-moster-ne-zyren-e-sherbimit-publik\\\/#primaryimage\",\"url\":\"http:\\\/\\\/www.shkoder.net\\\/images\\\/fjala\\\/2011\\\/zef_mulaj3.jpg\",\"contentUrl\":\"http:\\\/\\\/www.shkoder.net\\\/images\\\/fjala\\\/2011\\\/zef_mulaj3.jpg\"},{\"@type\":\"BreadcrumbList\",\"@id\":\"https:\\\/\\\/fjala.info\\\/2009-2015\\\/nje-moster-ne-zyren-e-sherbimit-publik\\\/#breadcrumb\",\"itemListElement\":[{\"@type\":\"ListItem\",\"position\":1,\"name\":\"Home\",\"item\":\"https:\\\/\\\/fjala.info\\\/2009-2015\\\/\"},{\"@type\":\"ListItem\",\"position\":2,\"name\":\"NJ\u00cb MOSTER N\u00cb ZYR\u00cbN E SH\u00cbRBIMIT PUBLIK\"}]},{\"@type\":\"WebSite\",\"@id\":\"https:\\\/\\\/fjala.info\\\/2009-2015\\\/#website\",\"url\":\"https:\\\/\\\/fjala.info\\\/2009-2015\\\/\",\"name\":\"FjALA e LIR\u00cb - Arkivi\",\"description\":\"Arkivi 2009-2015\",\"publisher\":{\"@id\":\"https:\\\/\\\/fjala.info\\\/2009-2015\\\/#organization\"},\"potentialAction\":[{\"@type\":\"SearchAction\",\"target\":{\"@type\":\"EntryPoint\",\"urlTemplate\":\"https:\\\/\\\/fjala.info\\\/2009-2015\\\/?s={search_term_string}\"},\"query-input\":{\"@type\":\"PropertyValueSpecification\",\"valueRequired\":true,\"valueName\":\"search_term_string\"}}],\"inLanguage\":\"sq-AL\"},{\"@type\":\"Organization\",\"@id\":\"https:\\\/\\\/fjala.info\\\/2009-2015\\\/#organization\",\"name\":\"FjALA e LIR\u00cb - Arkivi\",\"url\":\"https:\\\/\\\/fjala.info\\\/2009-2015\\\/\",\"logo\":{\"@type\":\"ImageObject\",\"inLanguage\":\"sq-AL\",\"@id\":\"https:\\\/\\\/fjala.info\\\/2009-2015\\\/#\\\/schema\\\/logo\\\/image\\\/\",\"url\":\"\",\"contentUrl\":\"\",\"caption\":\"FjALA e LIR\u00cb - Arkivi\"},\"image\":{\"@id\":\"https:\\\/\\\/fjala.info\\\/2009-2015\\\/#\\\/schema\\\/logo\\\/image\\\/\"}},{\"@type\":\"Person\",\"@id\":\"https:\\\/\\\/fjala.info\\\/2009-2015\\\/#\\\/schema\\\/person\\\/3aa1163ef05469c496fc94e77611ada2\",\"name\":\"admin\",\"image\":{\"@type\":\"ImageObject\",\"inLanguage\":\"sq-AL\",\"@id\":\"https:\\\/\\\/fjala.info\\\/2009-2015\\\/wp-content\\\/uploads\\\/2012\\\/02\\\/arben_cokaj-120x150.jpg\",\"url\":\"https:\\\/\\\/fjala.info\\\/2009-2015\\\/wp-content\\\/uploads\\\/2012\\\/02\\\/arben_cokaj-120x150.jpg\",\"contentUrl\":\"https:\\\/\\\/fjala.info\\\/2009-2015\\\/wp-content\\\/uploads\\\/2012\\\/02\\\/arben_cokaj-120x150.jpg\",\"caption\":\"admin\"},\"description\":\"Admin, Fjala e Lir\u00eb\",\"sameAs\":[\"https:\\\/\\\/fjala.info\\\/\"],\"url\":\"https:\\\/\\\/fjala.info\\\/2009-2015\\\/author\\\/admin\\\/\"}]}<\/script>\n<!-- \/ Yoast SEO plugin. -->","yoast_head_json":{"title":"NJ\u00cb MOSTER N\u00cb ZYR\u00cbN E SH\u00cbRBIMIT PUBLIK - FjALA e LIR\u00cb - Arkivi","robots":{"index":"index","follow":"follow","max-snippet":"max-snippet:-1","max-image-preview":"max-image-preview:large","max-video-preview":"max-video-preview:-1"},"canonical":"https:\/\/fjala.info\/2009-2015\/nje-moster-ne-zyren-e-sherbimit-publik\/","og_locale":"sq_AL","og_type":"article","og_title":"NJ\u00cb MOSTER N\u00cb ZYR\u00cbN E SH\u00cbRBIMIT PUBLIK - FjALA e LIR\u00cb - Arkivi","og_description":"Zef Mulaj U d\u00ebgjua kur ajo thirri: &#8211; Mund t\u00eb hyni. Gruaja me nj\u00eb f\u00ebmij\u00eb n\u00eb krah rreth nj\u00eb vje\u00e7are, nd\u00ebrsa kat\u00ebr t\u00eb tjer\u00eb rreth trupit t\u00eb saj me mosha deri dymb\u00ebdhjet\u00eb vje\u00e7 m\u00eb i madhi. Jarini po qante: Ja m\u00ebsova emrin kur n\u00ebna mundohej ta qetsonte duke i p\u00ebrk\u00ebdhelur kok\u00ebn duke e thirrur n\u00eb [&hellip;]","og_url":"https:\/\/fjala.info\/2009-2015\/nje-moster-ne-zyren-e-sherbimit-publik\/","og_site_name":"FjALA e LIR\u00cb - Arkivi","article_published_time":"2011-10-15T05:08:08+00:00","og_image":[{"url":"http:\/\/www.shkoder.net\/images\/fjala\/2011\/zef_mulaj3.jpg","type":"","width":"","height":""}],"author":"admin","twitter_card":"summary_large_image","twitter_misc":{"Written by":"admin","Est. reading time":"3 minutes"},"schema":{"@context":"https:\/\/schema.org","@graph":[{"@type":"Article","@id":"https:\/\/fjala.info\/2009-2015\/nje-moster-ne-zyren-e-sherbimit-publik\/#article","isPartOf":{"@id":"https:\/\/fjala.info\/2009-2015\/nje-moster-ne-zyren-e-sherbimit-publik\/"},"author":{"name":"admin","@id":"https:\/\/fjala.info\/2009-2015\/#\/schema\/person\/3aa1163ef05469c496fc94e77611ada2"},"headline":"NJ\u00cb MOSTER N\u00cb ZYR\u00cbN E SH\u00cbRBIMIT PUBLIK","datePublished":"2011-10-15T05:08:08+00:00","mainEntityOfPage":{"@id":"https:\/\/fjala.info\/2009-2015\/nje-moster-ne-zyren-e-sherbimit-publik\/"},"wordCount":550,"commentCount":0,"publisher":{"@id":"https:\/\/fjala.info\/2009-2015\/#organization"},"image":{"@id":"https:\/\/fjala.info\/2009-2015\/nje-moster-ne-zyren-e-sherbimit-publik\/#primaryimage"},"thumbnailUrl":"http:\/\/www.shkoder.net\/images\/fjala\/2011\/zef_mulaj3.jpg","articleSection":["Artikuj"],"inLanguage":"sq-AL","potentialAction":[{"@type":"CommentAction","name":"Comment","target":["https:\/\/fjala.info\/2009-2015\/nje-moster-ne-zyren-e-sherbimit-publik\/#respond"]}]},{"@type":"WebPage","@id":"https:\/\/fjala.info\/2009-2015\/nje-moster-ne-zyren-e-sherbimit-publik\/","url":"https:\/\/fjala.info\/2009-2015\/nje-moster-ne-zyren-e-sherbimit-publik\/","name":"NJ\u00cb MOSTER N\u00cb ZYR\u00cbN E SH\u00cbRBIMIT PUBLIK - FjALA e LIR\u00cb - Arkivi","isPartOf":{"@id":"https:\/\/fjala.info\/2009-2015\/#website"},"primaryImageOfPage":{"@id":"https:\/\/fjala.info\/2009-2015\/nje-moster-ne-zyren-e-sherbimit-publik\/#primaryimage"},"image":{"@id":"https:\/\/fjala.info\/2009-2015\/nje-moster-ne-zyren-e-sherbimit-publik\/#primaryimage"},"thumbnailUrl":"http:\/\/www.shkoder.net\/images\/fjala\/2011\/zef_mulaj3.jpg","datePublished":"2011-10-15T05:08:08+00:00","breadcrumb":{"@id":"https:\/\/fjala.info\/2009-2015\/nje-moster-ne-zyren-e-sherbimit-publik\/#breadcrumb"},"inLanguage":"sq-AL","potentialAction":[{"@type":"ReadAction","target":["https:\/\/fjala.info\/2009-2015\/nje-moster-ne-zyren-e-sherbimit-publik\/"]}]},{"@type":"ImageObject","inLanguage":"sq-AL","@id":"https:\/\/fjala.info\/2009-2015\/nje-moster-ne-zyren-e-sherbimit-publik\/#primaryimage","url":"http:\/\/www.shkoder.net\/images\/fjala\/2011\/zef_mulaj3.jpg","contentUrl":"http:\/\/www.shkoder.net\/images\/fjala\/2011\/zef_mulaj3.jpg"},{"@type":"BreadcrumbList","@id":"https:\/\/fjala.info\/2009-2015\/nje-moster-ne-zyren-e-sherbimit-publik\/#breadcrumb","itemListElement":[{"@type":"ListItem","position":1,"name":"Home","item":"https:\/\/fjala.info\/2009-2015\/"},{"@type":"ListItem","position":2,"name":"NJ\u00cb MOSTER N\u00cb ZYR\u00cbN E SH\u00cbRBIMIT PUBLIK"}]},{"@type":"WebSite","@id":"https:\/\/fjala.info\/2009-2015\/#website","url":"https:\/\/fjala.info\/2009-2015\/","name":"FjALA e LIR\u00cb - Arkivi","description":"Arkivi 2009-2015","publisher":{"@id":"https:\/\/fjala.info\/2009-2015\/#organization"},"potentialAction":[{"@type":"SearchAction","target":{"@type":"EntryPoint","urlTemplate":"https:\/\/fjala.info\/2009-2015\/?s={search_term_string}"},"query-input":{"@type":"PropertyValueSpecification","valueRequired":true,"valueName":"search_term_string"}}],"inLanguage":"sq-AL"},{"@type":"Organization","@id":"https:\/\/fjala.info\/2009-2015\/#organization","name":"FjALA e LIR\u00cb - Arkivi","url":"https:\/\/fjala.info\/2009-2015\/","logo":{"@type":"ImageObject","inLanguage":"sq-AL","@id":"https:\/\/fjala.info\/2009-2015\/#\/schema\/logo\/image\/","url":"","contentUrl":"","caption":"FjALA e LIR\u00cb - Arkivi"},"image":{"@id":"https:\/\/fjala.info\/2009-2015\/#\/schema\/logo\/image\/"}},{"@type":"Person","@id":"https:\/\/fjala.info\/2009-2015\/#\/schema\/person\/3aa1163ef05469c496fc94e77611ada2","name":"admin","image":{"@type":"ImageObject","inLanguage":"sq-AL","@id":"https:\/\/fjala.info\/2009-2015\/wp-content\/uploads\/2012\/02\/arben_cokaj-120x150.jpg","url":"https:\/\/fjala.info\/2009-2015\/wp-content\/uploads\/2012\/02\/arben_cokaj-120x150.jpg","contentUrl":"https:\/\/fjala.info\/2009-2015\/wp-content\/uploads\/2012\/02\/arben_cokaj-120x150.jpg","caption":"admin"},"description":"Admin, Fjala e Lir\u00eb","sameAs":["https:\/\/fjala.info\/"],"url":"https:\/\/fjala.info\/2009-2015\/author\/admin\/"}]}},"_links":{"self":[{"href":"https:\/\/fjala.info\/2009-2015\/wp-json\/wp\/v2\/posts\/10989","targetHints":{"allow":["GET"]}}],"collection":[{"href":"https:\/\/fjala.info\/2009-2015\/wp-json\/wp\/v2\/posts"}],"about":[{"href":"https:\/\/fjala.info\/2009-2015\/wp-json\/wp\/v2\/types\/post"}],"author":[{"embeddable":true,"href":"https:\/\/fjala.info\/2009-2015\/wp-json\/wp\/v2\/users\/1"}],"replies":[{"embeddable":true,"href":"https:\/\/fjala.info\/2009-2015\/wp-json\/wp\/v2\/comments?post=10989"}],"version-history":[{"count":0,"href":"https:\/\/fjala.info\/2009-2015\/wp-json\/wp\/v2\/posts\/10989\/revisions"}],"wp:attachment":[{"href":"https:\/\/fjala.info\/2009-2015\/wp-json\/wp\/v2\/media?parent=10989"}],"wp:term":[{"taxonomy":"category","embeddable":true,"href":"https:\/\/fjala.info\/2009-2015\/wp-json\/wp\/v2\/categories?post=10989"},{"taxonomy":"post_tag","embeddable":true,"href":"https:\/\/fjala.info\/2009-2015\/wp-json\/wp\/v2\/tags?post=10989"}],"curies":[{"name":"wp","href":"https:\/\/api.w.org\/{rel}","templated":true}]}}