{"id":10982,"date":"2011-10-14T11:30:47","date_gmt":"2011-10-14T10:30:47","guid":{"rendered":"http:\/\/fjala.shkoder.net\/?p=10982"},"modified":"2011-10-14T11:30:47","modified_gmt":"2011-10-14T10:30:47","slug":"e-mbani-mend-koalicionin-e-integrimit","status":"publish","type":"post","link":"https:\/\/fjala.info\/2009-2015\/e-mbani-mend-koalicionin-e-integrimit\/","title":{"rendered":"E mbani mend Koalicionin e Integrimit?"},"content":{"rendered":"<p><img decoding=\"async\" class=\"alignright size-thumbnail wp-image-7236\" title=\"Adrian Thano\" src=\"http:\/\/www.shkoder.net\/images\/fjala\/adrian_thano.jpg\" alt=\"\" width=\"150\" \/><strong>Adrian Thano<\/strong><\/p>\n<p>Futni n\u00eb Google togfjal\u00ebshin \u201cKoalicioni i Integrimit\u201d. Do t\u2019ju dalin qindra deklarata t\u00eb Berish\u00ebs dhe Met\u00ebs prej 2009-s e k\u00ebtej. Ndoshta edhe vet\u00eb dy ngjiz\u00ebsit e kan\u00eb harruar tashm\u00eb, por koalicioni q\u00eb na qeveris aktualisht quhet \u201cKoalicion i Integrimit\u201d.<\/p>\n<p>Integrimi jo vet\u00ebm u prezantua si motorri i tij, por u servir si arsyeja e asaj \u201csakrifice\u201d t\u00eb madhe e t\u00eb \u00e7uditshme ku vota t\u00eb majta t\u00eb marra me parull\u00ebn \u201cBerisha ik\u201d, u bashkuan me vota t\u00eb PD-s\u00eb q\u00eb Berisha t\u00eb rrinte; ishte \u201cnevoja p\u00ebr integrim\u201d me t\u00eb cil\u00ebn ua shtupos\u00ebn goj\u00ebn atyre q\u00eb k\u00ebrkonin paksa logjik\u00eb, dhe respekt p\u00ebr logjik\u00ebn e vot\u00ebs s\u00eb pas zgjedhjeve t\u00eb 2009. Iku.. U b\u00eb ajo qeveri q\u00eb sot dy vite m\u00eb pas rezulton nj\u00eb qeveri e skandaleve t\u00eb jasht\u00ebzakonshme korruptive dhe krimeve penale. U b\u00eb diku me hir e diku me pahir, sepse\u2026 Integrimi!.<\/p>\n<p>Ok. 48 or\u00eb m\u00eb par\u00eb arsyeja p\u00ebr t\u00eb cil\u00ebn egziston kjo qeveri dhe ky koalizion ka r\u00ebn\u00eb. Shqip\u00ebria u refuzua nga BE, integrimi \u00ebsht\u00eb ndalur me krisje t\u00eb madhe. P\u00ebr t\u00eb mos mbivendosur k\u00ebtu q\u00eb jav\u00ebt e fundit, analist\u00eb \u201ct\u00eb djatht\u00eb\u201d, akademik\u00eb \u201ct\u00eb djatht\u00eb\u201d e gjithfar\u00eb sharlatan\u00ebsh t\u00eb palodhur, (k\u00ebta jan\u00eb si ti duash t\u00eb djatht\u00eb, t\u00eb m\u00ebngj\u00ebr, me yll n\u00eb ball\u00eb a me damk\u00eb n\u00eb\u2026 ) na kan\u00eb hedhur n\u00eb publik edhe tez\u00ebn e re q\u00eb \u201c\u00e7ka po na duhet Europa\u201d. (!)<\/p>\n<p>Pyetja gjithsesi \u00ebsht\u00eb kjo: A ka arsye politike p\u00ebr t\u00eb egzistuar m\u00eb nj\u00eb koalicion i till\u00eb? Ka vet\u00ebm dy mund\u00ebsi: Ose 1 \u2013 Koalicioni Berisha-Meta i pas 2009, e ka patur \u201cintegrimin\u201d vet\u00ebm nj\u00eb justifikim p\u00ebr t\u00eb na rimbuluar syt\u00eb me hi (ky talent \u00ebsht\u00eb nj\u00eb nga arritjet e tyre m\u00eb spektakolare n\u00eb l\u00ebmin e transparences) Ose 2 \u2013 Ky koalicion i integrimit d\u00ebshtoi<\/p>\n<p>N\u00eb t\u00eb dyja rastet, nuk mundet m\u00eb t\u00eb egzistoj\u00eb.<\/p>\n<p>Sigurisht q\u00eb e themi k\u00ebt\u00eb duke e bazuar te logjika dhe sensi normal i gj\u00ebrave. Po p\u00ebrjashtojm\u00eb t\u00eb dal\u00eb nes\u00ebr Berisha e t\u00eb thot\u00eb q\u00eb nuk kemi th\u00ebn\u00eb \u201ckoalicion i integrimit\u201d po kemi th\u00ebn\u00eb \u201ckoalicion i shkap\u00ebrdhimit\u201d dhe pas tij me qindra \u201cdeputet\u00eb\u201d, \u201cministra\u201d e \u201cintelektual\u00eb t\u00eb lir\u00eb\u201d do mbysin ekranet dhe gazetat dhe do thon\u00eb \u201cPo, po ashtu e kan\u00eb th\u00ebn\u00eb: koalicion i shkap\u00ebrdhimit, por k\u00ebto dy vjet jan\u00eb montuar kasetat\u2026\u201d<\/p>\n<p>Me ato q\u00eb na kan\u00eb par\u00eb syt\u00eb e na kan\u00eb d\u00ebgjuar vesh\u00ebt n\u00eb k\u00ebt\u00eb vend, nuk \u00ebsht\u00eb \u00e7udi q\u00eb edhe kjo t\u00eb ndodh\u00eb, por sic tham\u00eb, le t\u00eb mbetemi n\u00eb vij\u00ebn logjike: arsyeja e ekzistenc\u00ebs politike t\u00eb koalicionit Berish\u00eb-Met\u00eb ka r\u00ebn\u00eb.<\/p>\n<p>Berisha thot\u00eb se fajin p\u00ebr k\u00ebt\u00eb e ka opozita. Nuk po merremi me pubertetin politik t\u00eb 70 vje\u00e7arit Berisha. Paaft\u00ebsia e tij me gjasa psiqike, p\u00ebr t\u00eb gjetur faj te vetja, e p\u00ebrzier me mburrjet pa vend e pa lidhje as me mosh\u00ebn e as me vitet e gjata n\u00eb politik\u00eb, jan\u00eb t\u00eb njohura. Prej 97-s e k\u00ebtej, historia e tij politike ka nj\u00eb list\u00eb t\u00eb pafundme justifikimesh p\u00ebr d\u00ebshtimet; p\u00ebrher\u00eb dikush apo dicka tjet\u00ebr ia ka fajin, q\u00eb nga CIA e deri te eklipsi i h\u00ebn\u00ebs, e s\u00eb fundmi opozita. E l\u00ebm\u00eb pra, m\u00ebnjan\u00eb k\u00ebt\u00eb, sepse njer\u00ebzit jan\u00eb lodhur me k\u00ebt\u00eb tem\u00eb dhe \u00ebsht\u00eb e tep\u00ebrt t\u2019i hysh spirales s\u00eb shfaj\u00ebsimeve t\u00eb k\u00ebtij \u2018burri shteti\u2019 sepse t\u00eb duket sikur merresh me nj\u00eb f\u00ebmij\u00eb 3 vje\u00e7ar q\u00eb pasi ka shurrosur n\u00eb gjum\u00eb dyshekun, t\u00eb thot\u00eb q\u00eb erdhi nat\u00ebn gogoli dhe b\u00ebri shurr\u00ebn.<\/p>\n<p>E ardhmja \u00ebsht\u00eb e r\u00ebnd\u00ebsishme, \u2013 po thon\u00eb t\u00eb gjith\u00eb, \u2013 p\u00ebrfshir\u00eb Berish\u00ebn. E ardhme e \u00e7uditshme, kjo, pa nd\u00ebshkim p\u00ebr krimet. Por le t\u00eb rrim\u00eb te ajo gjithsesi. Ky popull, kjo shoq\u00ebri e vog\u00ebl n\u00eb Ballkan ka b\u00ebr\u00eb nj\u00eb kontrat\u00eb me koalicionin q\u00eb drejton Berisha: Kontrata \u00ebsht\u00eb kjo: Premtove integrimin, more pushtetin. Nuk kishe as shumic\u00ebn pas zgjedhjeve t\u00eb 2009; e b\u00ebre shumic\u00ebn me vota q\u00eb ishin dh\u00ebn\u00eb p\u00ebr t\u00eb t\u00eb hequr ty nga pushteti. E b\u00ebr\u00eb k\u00ebt\u00eb shumic\u00eb t\u00eb pazakont\u00eb me q\u00ebllimin e \u201cintegrimit\u201d. Nuk ia arrite q\u00ebllimit, d\u00ebshtove. A ke m\u00eb arsye p\u00ebr t\u00eb qen\u00eb nj\u00ebra pal\u00eb e k\u00ebsaj kontrate?<\/p>\n<p>Ah, po.. Dikush tjet\u00ebr e paska fajin q\u00eb kontrata nuk u p\u00ebrmbush!! Po kjo \u00ebsht\u00eb nj\u00ebsoj si t\u00eb shes\u00ebsh sht\u00ebpin\u00eb t\u00eb b\u00ebsh kontrat\u00ebn p\u00ebr X vler\u00eb dhe pala tjet\u00ebr pas firmosjes t\u00eb t\u00eb thot\u00eb \u201cshiko t\u2019i shok se ne k\u00ebshtu e b\u00ebm\u00eb kontrat\u00ebn po un\u00eb nuk t\u2019i jap dot ato lek\u00ebt e sht\u00ebpis\u00eb se ashtu m\u00eb pengon nj\u00eb gj\u00eb e m\u00eb ka dal\u00eb nj\u00eb problem\u2026\u201d A thua ka ndonj\u00eb shqiptar, kinez apo brazilian q\u00eb e pranon nj\u00eb gj\u00eb t\u00eb till\u00eb? Shembulli mund t\u00eb duket i thjesht\u00ebzuar por thelbi \u00ebsht\u00eb i nj\u00ebjt\u00eb n\u00eb t\u00eb dyja marr\u00ebdh\u00ebniet: nuk mundesh edhe t\u00eb mos p\u00ebrmbush\u00ebsh detyrimin q\u00eb ke firmosur, arsyen p\u00ebr t\u00eb cilin t\u00eb \u00ebsht\u00eb dh\u00ebn\u00eb pushteti, dhe t\u00eb vazhdosh t\u00eb rrish n\u00eb pushtet. Nj\u00ebra p\u00ebrjashton tjetr\u00ebn.<\/p>\n<p>E megjithat\u00eb, t\u00eb gjith\u00eb e dim\u00eb: Kjo qeveri e \u201cintegrimit\u201d do vijoj\u00eb t\u00eb qeveris\u00eb, pavaresisht t\u00eb gjitha krimeve, traumave dhe d\u00ebmeve afatgjata q\u00eb i ka shkaktuar k\u00ebsaj shoq\u00ebrie. S\u00eb paku deri n\u00eb 2013. Me k\u00ebt\u00eb duket se kan\u00eb r\u00ebn\u00eb dakord t\u00eb gjith\u00eb, p\u00ebrfshir\u00eb opozit\u00ebn. Kjo e fundit mes l\u00ebngat\u00ebs s\u00eb nj\u00eb shoq\u00ebrie t\u00eb kapur keq nga e liga &#8211; dhe mbylljes s\u00eb syve, vesh\u00ebve dhe zemr\u00ebs t\u00eb sugjeruar nga ambasador\u00ebt, zgjodhi t\u00eb dyt\u00ebn. Kam nj\u00eb joshje t\u00eb jasht\u00ebzakonshme t\u00eb shkruaj \u00e7far\u00eb do ndodh\u00eb me opozit\u00ebn dhe rrjedhimisht me shoq\u00ebrin\u00eb shqiptare pas k\u00ebsaj. M\u00eb duket e qart\u00eb si drita \u00e7far\u00eb do ndodh\u00eb. Por nuk po ia lejoj vetes spekullimet. Qofsha i gabuar. Kurr\u00eb n\u00eb jet\u00eb nuk kam d\u00ebshiruar me kaq forc\u00eb t\u00eb jem i gabuar. Do shohim si do vej\u00eb. Shpresojm\u00eb t\u00eb jemi ende k\u00ebtu.<\/p>\n","protected":false},"excerpt":{"rendered":"<p>Adrian Thano Futni n\u00eb Google togfjal\u00ebshin \u201cKoalicioni i Integrimit\u201d. Do t\u2019ju dalin qindra deklarata t\u00eb Berish\u00ebs dhe Met\u00ebs prej 2009-s e k\u00ebtej. Ndoshta edhe vet\u00eb dy ngjiz\u00ebsit e kan\u00eb harruar tashm\u00eb, por koalicioni q\u00eb na qeveris aktualisht quhet \u201cKoalicion i Integrimit\u201d. Integrimi jo vet\u00ebm u prezantua si motorri i tij, por u servir si arsyeja [&hellip;]<\/p>\n","protected":false},"author":1,"featured_media":0,"comment_status":"open","ping_status":"closed","sticky":false,"template":"","format":"standard","meta":{"footnotes":""},"categories":[2],"tags":[],"class_list":{"0":"post-10982","1":"post","2":"type-post","3":"status-publish","4":"format-standard","6":"category-artikuj"},"yoast_head":"<!-- This site is optimized with the Yoast SEO plugin v27.4 - https:\/\/yoast.com\/product\/yoast-seo-wordpress\/ -->\n<title>E mbani mend Koalicionin e Integrimit? - FjALA e LIR\u00cb - Arkivi<\/title>\n<meta name=\"robots\" content=\"index, follow, max-snippet:-1, max-image-preview:large, max-video-preview:-1\" \/>\n<link rel=\"canonical\" href=\"https:\/\/fjala.info\/2009-2015\/e-mbani-mend-koalicionin-e-integrimit\/\" \/>\n<meta property=\"og:locale\" content=\"sq_AL\" \/>\n<meta property=\"og:type\" content=\"article\" \/>\n<meta property=\"og:title\" content=\"E mbani mend Koalicionin e Integrimit? - FjALA e LIR\u00cb - Arkivi\" \/>\n<meta property=\"og:description\" content=\"Adrian Thano Futni n\u00eb Google togfjal\u00ebshin \u201cKoalicioni i Integrimit\u201d. Do t\u2019ju dalin qindra deklarata t\u00eb Berish\u00ebs dhe Met\u00ebs prej 2009-s e k\u00ebtej. Ndoshta edhe vet\u00eb dy ngjiz\u00ebsit e kan\u00eb harruar tashm\u00eb, por koalicioni q\u00eb na qeveris aktualisht quhet \u201cKoalicion i Integrimit\u201d. Integrimi jo vet\u00ebm u prezantua si motorri i tij, por u servir si arsyeja [&hellip;]\" \/>\n<meta property=\"og:url\" content=\"https:\/\/fjala.info\/2009-2015\/e-mbani-mend-koalicionin-e-integrimit\/\" \/>\n<meta property=\"og:site_name\" content=\"FjALA e LIR\u00cb - Arkivi\" \/>\n<meta property=\"article:published_time\" content=\"2011-10-14T10:30:47+00:00\" \/>\n<meta property=\"og:image\" content=\"http:\/\/www.shkoder.net\/images\/fjala\/adrian_thano.jpg\" \/>\n<meta name=\"author\" content=\"admin\" \/>\n<meta name=\"twitter:card\" content=\"summary_large_image\" \/>\n<meta name=\"twitter:label1\" content=\"Written by\" \/>\n\t<meta name=\"twitter:data1\" content=\"admin\" \/>\n\t<meta name=\"twitter:label2\" content=\"Est. reading time\" \/>\n\t<meta name=\"twitter:data2\" content=\"5 minutes\" \/>\n<script type=\"application\/ld+json\" class=\"yoast-schema-graph\">{\"@context\":\"https:\\\/\\\/schema.org\",\"@graph\":[{\"@type\":\"Article\",\"@id\":\"https:\\\/\\\/fjala.info\\\/2009-2015\\\/e-mbani-mend-koalicionin-e-integrimit\\\/#article\",\"isPartOf\":{\"@id\":\"https:\\\/\\\/fjala.info\\\/2009-2015\\\/e-mbani-mend-koalicionin-e-integrimit\\\/\"},\"author\":{\"name\":\"admin\",\"@id\":\"https:\\\/\\\/fjala.info\\\/2009-2015\\\/#\\\/schema\\\/person\\\/3aa1163ef05469c496fc94e77611ada2\"},\"headline\":\"E mbani mend Koalicionin e Integrimit?\",\"datePublished\":\"2011-10-14T10:30:47+00:00\",\"mainEntityOfPage\":{\"@id\":\"https:\\\/\\\/fjala.info\\\/2009-2015\\\/e-mbani-mend-koalicionin-e-integrimit\\\/\"},\"wordCount\":1054,\"commentCount\":0,\"publisher\":{\"@id\":\"https:\\\/\\\/fjala.info\\\/2009-2015\\\/#organization\"},\"image\":{\"@id\":\"https:\\\/\\\/fjala.info\\\/2009-2015\\\/e-mbani-mend-koalicionin-e-integrimit\\\/#primaryimage\"},\"thumbnailUrl\":\"http:\\\/\\\/www.shkoder.net\\\/images\\\/fjala\\\/adrian_thano.jpg\",\"articleSection\":[\"Artikuj\"],\"inLanguage\":\"sq-AL\",\"potentialAction\":[{\"@type\":\"CommentAction\",\"name\":\"Comment\",\"target\":[\"https:\\\/\\\/fjala.info\\\/2009-2015\\\/e-mbani-mend-koalicionin-e-integrimit\\\/#respond\"]}]},{\"@type\":\"WebPage\",\"@id\":\"https:\\\/\\\/fjala.info\\\/2009-2015\\\/e-mbani-mend-koalicionin-e-integrimit\\\/\",\"url\":\"https:\\\/\\\/fjala.info\\\/2009-2015\\\/e-mbani-mend-koalicionin-e-integrimit\\\/\",\"name\":\"E mbani mend Koalicionin e Integrimit? - FjALA e LIR\u00cb - Arkivi\",\"isPartOf\":{\"@id\":\"https:\\\/\\\/fjala.info\\\/2009-2015\\\/#website\"},\"primaryImageOfPage\":{\"@id\":\"https:\\\/\\\/fjala.info\\\/2009-2015\\\/e-mbani-mend-koalicionin-e-integrimit\\\/#primaryimage\"},\"image\":{\"@id\":\"https:\\\/\\\/fjala.info\\\/2009-2015\\\/e-mbani-mend-koalicionin-e-integrimit\\\/#primaryimage\"},\"thumbnailUrl\":\"http:\\\/\\\/www.shkoder.net\\\/images\\\/fjala\\\/adrian_thano.jpg\",\"datePublished\":\"2011-10-14T10:30:47+00:00\",\"breadcrumb\":{\"@id\":\"https:\\\/\\\/fjala.info\\\/2009-2015\\\/e-mbani-mend-koalicionin-e-integrimit\\\/#breadcrumb\"},\"inLanguage\":\"sq-AL\",\"potentialAction\":[{\"@type\":\"ReadAction\",\"target\":[\"https:\\\/\\\/fjala.info\\\/2009-2015\\\/e-mbani-mend-koalicionin-e-integrimit\\\/\"]}]},{\"@type\":\"ImageObject\",\"inLanguage\":\"sq-AL\",\"@id\":\"https:\\\/\\\/fjala.info\\\/2009-2015\\\/e-mbani-mend-koalicionin-e-integrimit\\\/#primaryimage\",\"url\":\"http:\\\/\\\/www.shkoder.net\\\/images\\\/fjala\\\/adrian_thano.jpg\",\"contentUrl\":\"http:\\\/\\\/www.shkoder.net\\\/images\\\/fjala\\\/adrian_thano.jpg\"},{\"@type\":\"BreadcrumbList\",\"@id\":\"https:\\\/\\\/fjala.info\\\/2009-2015\\\/e-mbani-mend-koalicionin-e-integrimit\\\/#breadcrumb\",\"itemListElement\":[{\"@type\":\"ListItem\",\"position\":1,\"name\":\"Home\",\"item\":\"https:\\\/\\\/fjala.info\\\/2009-2015\\\/\"},{\"@type\":\"ListItem\",\"position\":2,\"name\":\"E mbani mend Koalicionin e Integrimit?\"}]},{\"@type\":\"WebSite\",\"@id\":\"https:\\\/\\\/fjala.info\\\/2009-2015\\\/#website\",\"url\":\"https:\\\/\\\/fjala.info\\\/2009-2015\\\/\",\"name\":\"FjALA e LIR\u00cb - Arkivi\",\"description\":\"Arkivi 2009-2015\",\"publisher\":{\"@id\":\"https:\\\/\\\/fjala.info\\\/2009-2015\\\/#organization\"},\"potentialAction\":[{\"@type\":\"SearchAction\",\"target\":{\"@type\":\"EntryPoint\",\"urlTemplate\":\"https:\\\/\\\/fjala.info\\\/2009-2015\\\/?s={search_term_string}\"},\"query-input\":{\"@type\":\"PropertyValueSpecification\",\"valueRequired\":true,\"valueName\":\"search_term_string\"}}],\"inLanguage\":\"sq-AL\"},{\"@type\":\"Organization\",\"@id\":\"https:\\\/\\\/fjala.info\\\/2009-2015\\\/#organization\",\"name\":\"FjALA e LIR\u00cb - Arkivi\",\"url\":\"https:\\\/\\\/fjala.info\\\/2009-2015\\\/\",\"logo\":{\"@type\":\"ImageObject\",\"inLanguage\":\"sq-AL\",\"@id\":\"https:\\\/\\\/fjala.info\\\/2009-2015\\\/#\\\/schema\\\/logo\\\/image\\\/\",\"url\":\"\",\"contentUrl\":\"\",\"caption\":\"FjALA e LIR\u00cb - Arkivi\"},\"image\":{\"@id\":\"https:\\\/\\\/fjala.info\\\/2009-2015\\\/#\\\/schema\\\/logo\\\/image\\\/\"}},{\"@type\":\"Person\",\"@id\":\"https:\\\/\\\/fjala.info\\\/2009-2015\\\/#\\\/schema\\\/person\\\/3aa1163ef05469c496fc94e77611ada2\",\"name\":\"admin\",\"image\":{\"@type\":\"ImageObject\",\"inLanguage\":\"sq-AL\",\"@id\":\"https:\\\/\\\/fjala.info\\\/2009-2015\\\/wp-content\\\/uploads\\\/2012\\\/02\\\/arben_cokaj-120x150.jpg\",\"url\":\"https:\\\/\\\/fjala.info\\\/2009-2015\\\/wp-content\\\/uploads\\\/2012\\\/02\\\/arben_cokaj-120x150.jpg\",\"contentUrl\":\"https:\\\/\\\/fjala.info\\\/2009-2015\\\/wp-content\\\/uploads\\\/2012\\\/02\\\/arben_cokaj-120x150.jpg\",\"caption\":\"admin\"},\"description\":\"Admin, Fjala e Lir\u00eb\",\"sameAs\":[\"https:\\\/\\\/fjala.info\\\/\"],\"url\":\"https:\\\/\\\/fjala.info\\\/2009-2015\\\/author\\\/admin\\\/\"}]}<\/script>\n<!-- \/ Yoast SEO plugin. -->","yoast_head_json":{"title":"E mbani mend Koalicionin e Integrimit? - FjALA e LIR\u00cb - Arkivi","robots":{"index":"index","follow":"follow","max-snippet":"max-snippet:-1","max-image-preview":"max-image-preview:large","max-video-preview":"max-video-preview:-1"},"canonical":"https:\/\/fjala.info\/2009-2015\/e-mbani-mend-koalicionin-e-integrimit\/","og_locale":"sq_AL","og_type":"article","og_title":"E mbani mend Koalicionin e Integrimit? - FjALA e LIR\u00cb - Arkivi","og_description":"Adrian Thano Futni n\u00eb Google togfjal\u00ebshin \u201cKoalicioni i Integrimit\u201d. Do t\u2019ju dalin qindra deklarata t\u00eb Berish\u00ebs dhe Met\u00ebs prej 2009-s e k\u00ebtej. Ndoshta edhe vet\u00eb dy ngjiz\u00ebsit e kan\u00eb harruar tashm\u00eb, por koalicioni q\u00eb na qeveris aktualisht quhet \u201cKoalicion i Integrimit\u201d. Integrimi jo vet\u00ebm u prezantua si motorri i tij, por u servir si arsyeja [&hellip;]","og_url":"https:\/\/fjala.info\/2009-2015\/e-mbani-mend-koalicionin-e-integrimit\/","og_site_name":"FjALA e LIR\u00cb - Arkivi","article_published_time":"2011-10-14T10:30:47+00:00","og_image":[{"url":"http:\/\/www.shkoder.net\/images\/fjala\/adrian_thano.jpg","type":"","width":"","height":""}],"author":"admin","twitter_card":"summary_large_image","twitter_misc":{"Written by":"admin","Est. reading time":"5 minutes"},"schema":{"@context":"https:\/\/schema.org","@graph":[{"@type":"Article","@id":"https:\/\/fjala.info\/2009-2015\/e-mbani-mend-koalicionin-e-integrimit\/#article","isPartOf":{"@id":"https:\/\/fjala.info\/2009-2015\/e-mbani-mend-koalicionin-e-integrimit\/"},"author":{"name":"admin","@id":"https:\/\/fjala.info\/2009-2015\/#\/schema\/person\/3aa1163ef05469c496fc94e77611ada2"},"headline":"E mbani mend Koalicionin e Integrimit?","datePublished":"2011-10-14T10:30:47+00:00","mainEntityOfPage":{"@id":"https:\/\/fjala.info\/2009-2015\/e-mbani-mend-koalicionin-e-integrimit\/"},"wordCount":1054,"commentCount":0,"publisher":{"@id":"https:\/\/fjala.info\/2009-2015\/#organization"},"image":{"@id":"https:\/\/fjala.info\/2009-2015\/e-mbani-mend-koalicionin-e-integrimit\/#primaryimage"},"thumbnailUrl":"http:\/\/www.shkoder.net\/images\/fjala\/adrian_thano.jpg","articleSection":["Artikuj"],"inLanguage":"sq-AL","potentialAction":[{"@type":"CommentAction","name":"Comment","target":["https:\/\/fjala.info\/2009-2015\/e-mbani-mend-koalicionin-e-integrimit\/#respond"]}]},{"@type":"WebPage","@id":"https:\/\/fjala.info\/2009-2015\/e-mbani-mend-koalicionin-e-integrimit\/","url":"https:\/\/fjala.info\/2009-2015\/e-mbani-mend-koalicionin-e-integrimit\/","name":"E mbani mend Koalicionin e Integrimit? - FjALA e LIR\u00cb - Arkivi","isPartOf":{"@id":"https:\/\/fjala.info\/2009-2015\/#website"},"primaryImageOfPage":{"@id":"https:\/\/fjala.info\/2009-2015\/e-mbani-mend-koalicionin-e-integrimit\/#primaryimage"},"image":{"@id":"https:\/\/fjala.info\/2009-2015\/e-mbani-mend-koalicionin-e-integrimit\/#primaryimage"},"thumbnailUrl":"http:\/\/www.shkoder.net\/images\/fjala\/adrian_thano.jpg","datePublished":"2011-10-14T10:30:47+00:00","breadcrumb":{"@id":"https:\/\/fjala.info\/2009-2015\/e-mbani-mend-koalicionin-e-integrimit\/#breadcrumb"},"inLanguage":"sq-AL","potentialAction":[{"@type":"ReadAction","target":["https:\/\/fjala.info\/2009-2015\/e-mbani-mend-koalicionin-e-integrimit\/"]}]},{"@type":"ImageObject","inLanguage":"sq-AL","@id":"https:\/\/fjala.info\/2009-2015\/e-mbani-mend-koalicionin-e-integrimit\/#primaryimage","url":"http:\/\/www.shkoder.net\/images\/fjala\/adrian_thano.jpg","contentUrl":"http:\/\/www.shkoder.net\/images\/fjala\/adrian_thano.jpg"},{"@type":"BreadcrumbList","@id":"https:\/\/fjala.info\/2009-2015\/e-mbani-mend-koalicionin-e-integrimit\/#breadcrumb","itemListElement":[{"@type":"ListItem","position":1,"name":"Home","item":"https:\/\/fjala.info\/2009-2015\/"},{"@type":"ListItem","position":2,"name":"E mbani mend Koalicionin e Integrimit?"}]},{"@type":"WebSite","@id":"https:\/\/fjala.info\/2009-2015\/#website","url":"https:\/\/fjala.info\/2009-2015\/","name":"FjALA e LIR\u00cb - Arkivi","description":"Arkivi 2009-2015","publisher":{"@id":"https:\/\/fjala.info\/2009-2015\/#organization"},"potentialAction":[{"@type":"SearchAction","target":{"@type":"EntryPoint","urlTemplate":"https:\/\/fjala.info\/2009-2015\/?s={search_term_string}"},"query-input":{"@type":"PropertyValueSpecification","valueRequired":true,"valueName":"search_term_string"}}],"inLanguage":"sq-AL"},{"@type":"Organization","@id":"https:\/\/fjala.info\/2009-2015\/#organization","name":"FjALA e LIR\u00cb - Arkivi","url":"https:\/\/fjala.info\/2009-2015\/","logo":{"@type":"ImageObject","inLanguage":"sq-AL","@id":"https:\/\/fjala.info\/2009-2015\/#\/schema\/logo\/image\/","url":"","contentUrl":"","caption":"FjALA e LIR\u00cb - Arkivi"},"image":{"@id":"https:\/\/fjala.info\/2009-2015\/#\/schema\/logo\/image\/"}},{"@type":"Person","@id":"https:\/\/fjala.info\/2009-2015\/#\/schema\/person\/3aa1163ef05469c496fc94e77611ada2","name":"admin","image":{"@type":"ImageObject","inLanguage":"sq-AL","@id":"https:\/\/fjala.info\/2009-2015\/wp-content\/uploads\/2012\/02\/arben_cokaj-120x150.jpg","url":"https:\/\/fjala.info\/2009-2015\/wp-content\/uploads\/2012\/02\/arben_cokaj-120x150.jpg","contentUrl":"https:\/\/fjala.info\/2009-2015\/wp-content\/uploads\/2012\/02\/arben_cokaj-120x150.jpg","caption":"admin"},"description":"Admin, Fjala e Lir\u00eb","sameAs":["https:\/\/fjala.info\/"],"url":"https:\/\/fjala.info\/2009-2015\/author\/admin\/"}]}},"_links":{"self":[{"href":"https:\/\/fjala.info\/2009-2015\/wp-json\/wp\/v2\/posts\/10982","targetHints":{"allow":["GET"]}}],"collection":[{"href":"https:\/\/fjala.info\/2009-2015\/wp-json\/wp\/v2\/posts"}],"about":[{"href":"https:\/\/fjala.info\/2009-2015\/wp-json\/wp\/v2\/types\/post"}],"author":[{"embeddable":true,"href":"https:\/\/fjala.info\/2009-2015\/wp-json\/wp\/v2\/users\/1"}],"replies":[{"embeddable":true,"href":"https:\/\/fjala.info\/2009-2015\/wp-json\/wp\/v2\/comments?post=10982"}],"version-history":[{"count":0,"href":"https:\/\/fjala.info\/2009-2015\/wp-json\/wp\/v2\/posts\/10982\/revisions"}],"wp:attachment":[{"href":"https:\/\/fjala.info\/2009-2015\/wp-json\/wp\/v2\/media?parent=10982"}],"wp:term":[{"taxonomy":"category","embeddable":true,"href":"https:\/\/fjala.info\/2009-2015\/wp-json\/wp\/v2\/categories?post=10982"},{"taxonomy":"post_tag","embeddable":true,"href":"https:\/\/fjala.info\/2009-2015\/wp-json\/wp\/v2\/tags?post=10982"}],"curies":[{"name":"wp","href":"https:\/\/api.w.org\/{rel}","templated":true}]}}