{"id":10980,"date":"2011-10-14T11:25:38","date_gmt":"2011-10-14T10:25:38","guid":{"rendered":"http:\/\/fjala.shkoder.net\/?p=10980"},"modified":"2011-10-14T11:25:38","modified_gmt":"2011-10-14T10:25:38","slug":"shtohen-faqezinjte-dergjen-kuqezinjte","status":"publish","type":"post","link":"https:\/\/fjala.info\/2009-2015\/shtohen-faqezinjte-dergjen-kuqezinjte\/","title":{"rendered":"Shtohen faqezinjt\u00eb, dergjen kuqezinjt\u00eb!"},"content":{"rendered":"<p><img decoding=\"async\" class=\"alignright size-thumbnail wp-image-7236\" title=\"Redan Bushati\" src=\"http:\/\/www.shkoder.net\/images\/fjala\/redan_bushati.jpg\" alt=\"\" width=\"150\" \/> Nga <strong>Redan BUSHATI<\/strong> *<\/p>\n<p>Pik\u00ebnisje nga m\u00ebnyra se si po realizohet regjistrimi mbi baza etnike dhe fetare n\u00eb vendin ton\u00eb (kund\u00ebrshtuar ashp\u00ebr nga Aleanca \u00abKuq e Zi\u00bb, por edhe nga shum\u00eb shqiptar\u00eb t\u00eb ndersh\u00ebm). Frym\u00ebzim nga ajo pjes\u00eb e qytetaris\u00eb son\u00eb, e cila p\u00ebr fatet tona komb\u00ebtare largon duart nga e \u00abzeza\u00bb politik\u00eb. Urrejtje p\u00ebr ato individ\u00eb q\u00eb gjakun e tyre po e shesin p\u00ebr hi\u00e7gj\u00eb send! Mllef e neveri, m\u00eb shtyn\u00eb t\u00eb shkruaj p\u00ebr faqezinjt\u00eb; respekt dhe admirim m\u00eb shtyn\u00eb t\u00eb \u00e7moj kuqezinjt\u00eb!<\/p>\n<p>Sot, ka dy Shqip\u00ebri; nj\u00ebra \u00ebsht\u00eb ajo q\u00eb zbaton direktivat dhe \u00abdetyrat\u00bb sipas interesave klanore t\u00eb mbira brenda qeverisjes, t\u00eb cilat diktojn\u00eb politikat e huaja t\u00eb zbatimit n\u00eb vendin ton\u00eb, q\u00eb n\u00eb shum\u00eb raste jan\u00eb t\u00eb d\u00ebmshme, e ve\u00e7an\u00ebrisht kur vijn\u00eb nga Athina zyrtare. Shqip\u00ebria tjet\u00ebr \u00ebsht\u00eb ajo e qytetar\u00ebve t\u00eb ndersh\u00ebm, shqiptar\u00ebve patriot\u00eb, disa gazetar\u00ebve dhe analist\u00ebve q\u00eb nuk sh\u00ebrbejn\u00eb p\u00ebr interesa lejesh nd\u00ebrtimi, por pozicionohen n\u00eb vlerat m\u00eb t\u00eb arrira t\u00eb kombit t\u00eb tyre, pra kombit shqiptar. Sigurisht, kjo ndarje nuk \u00ebsht\u00eb me thik\u00eb, por rezultati q\u00eb do t\u00eb dalin n\u00eb mbarim t\u00eb censusit do t\u00eb nxij\u00eb t\u00eb paudh\u00ebt, duke i treguar ashiqare dhe nga ana tjet\u00ebr do t\u00eb nxjerr\u00eb ato, t\u00eb cil\u00ebt p\u00ebrkund\u00ebr interesave personale kan\u00eb ato madhore komb\u00ebtare.<\/p>\n<p>Rezultati q\u00eb do t\u00eb dal\u00eb nga regjistrimi mbi baza etnike dhe fetare n\u00eb Shqip\u00ebri do t\u00eb jap\u00eb shifra t\u00eb paq\u00ebna, me shum\u00eb t\u00eb pav\u00ebrteta brenda. K\u00ebshtu, numri i minoriteteve do t\u00eb rritet artificialisht, duke sinjalizuar n\u00eb t\u00eb ardhmen Europ\u00ebn, q\u00eb Shqip\u00ebria na qenka nj\u00eb vend multi-etnik, e kjo nuk \u00ebsht\u00eb asgj\u00eb tjet\u00ebr ve\u00e7se vet\u00ebvrajse p\u00ebr popullin ton\u00eb. Disa shoqata greke, gjoja jan\u00eb ngritur kund\u00ebr censusit, duke b\u00ebr\u00eb thirrje nga minoriteti i tyre p\u00ebr bojkotim t\u00eb k\u00ebtij pro\u00e7esi. Kjo n\u00eb fakt \u00ebsht\u00eb nj\u00eb fasad\u00eb me t\u00eb cil\u00ebn po luhet mjaft bukur.<\/p>\n<p>Mediatikisht populli lexon se minoriteti nuk e do zhvillimin n\u00eb k\u00ebt\u00eb m\u00ebnyr\u00eb t\u00eb k\u00ebtij pro\u00e7esi regjistrimi dhe se minoritar\u00ebt nuk jan\u00eb duke u regjistruar. N\u00eb p\u00ebrfundim t\u00eb censusit shoqatat apo organizatat minoritare do t\u00eb lehin edhe p\u00ebr nj\u00eb num\u00ebr m\u00eb t\u00eb madh t\u00eb tyre n\u00eb Shqip\u00ebri, pasi sipas tyre nuk jan\u00eb regjistruar t\u00eb gjith\u00eb, nd\u00ebrkoh\u00eb q\u00eb n\u00eb terren pinjoll\u00ebt e tyre po zbatojn\u00eb politikat e regjistrimit p\u00ebr t\u00eb gjith\u00eb minoritar\u00ebt, por edhe p\u00ebr pseudoshqiptar\u00ebt, tashm\u00eb nj\u00eb pjes\u00eb e tyre t\u00eb regjistruar si grek\u00eb. Nj\u00eb loj\u00eb politike e past\u00ebr, gjoja po t\u00ebrhiqemi nga pro\u00e7esi i regjistrimit, nd\u00ebrkoh\u00eb q\u00eb n\u00eb terren po punohet intensivisht p\u00ebr rritjen e numrit t\u00eb tyre.<\/p>\n<p>Nga ky regjistrim do t\u00eb kemi m\u00eb pas edhe shum\u00eb probleme fetare n\u00eb vendin ton\u00eb dhe ta mendosh q\u00eb \u00ebsht\u00eb pik\u00ebrisht faktori politik, i cili po d\u00ebmton toleranc\u00ebn fetare mes komuniteteve. Me regjistrimin si grek, ortodoks\u00ebt n\u00eb mos rriten shum\u00eb artificialisht do t\u00eb pretendojn\u00eb se jan\u00eb m\u00eb shum\u00eb se kaq. Nga ana tjet\u00ebr musliman\u00ebt e m\u00eb pak katolik\u00ebt do t\u00eb mbrojn\u00eb q\u00ebndrimin se nga censusi \u00ebsht\u00eb rritur artificialisht numri i minoritetit grek, k\u00ebshtu edhe i ortodoks\u00ebve, e n\u00eb fakt k\u00ebto jan\u00eb o musliman\u00eb o katolik\u00eb. Dikush nga leximi i k\u00ebtij shkrimi do t\u00eb ngrihet bythzvjerr\u00eb duke th\u00ebn\u00eb q\u00eb pse komunitetet fetare n\u00eb Shqip\u00ebri nuk kund\u00ebrshtuan ashp\u00ebr para realizimit t\u00eb k\u00ebtij pro\u00e7esi. Sigurisht, kjo kategori nuk ka parasysh faktin q\u00eb kthetrat krup\u00ebndjell\u00ebse t\u00eb politik\u00ebs son\u00eb jan\u00eb futur kudo, n\u00eb \u00e7do skut\u00eb me klanet e veta aq sa nd\u00ebrhyjn\u00eb edhe n\u00eb zgjedhjet e brendshme t\u00eb komuniteteve fetare, p\u00ebr t\u00eb mos th\u00ebn\u00eb q\u00eb fatkeq\u00ebsisht p\u00ebr popullin ton\u00eb nj\u00eb pjes\u00eb e tyre jan\u00eb sh\u00ebrb\u00ebtor t\u00eb klas\u00ebs politike.<\/p>\n<p>Fakt&#8230; Regjistrimi n\u00eb vendin ton\u00eb nga pun\u00ebtor\u00ebt e pajtuar nga INSTAT po realizohet n\u00ebp\u00ebr kafene, duke pyetur kryepleqt\u00eb e fshatrave apo edhe t\u00eb lagjeve brenda qytetit. Pasakt\u00ebsia e nj\u00eb forme t\u00eb till\u00eb \u00ebsht\u00eb evidente, p\u00ebr t\u00eb mos th\u00ebn\u00eb nj\u00eb m\u00ebnyr\u00eb e turpshme e kryerjes s\u00eb pun\u00ebs, por edhe nj\u00eb hamend\u00ebsim rezultati. Fakt&#8230; Regjistrimi n\u00eb vendin ton\u00eb po realizohet vet\u00ebm p\u00ebr shqiptar\u00ebt q\u00eb jetojn\u00eb n\u00eb Shqip\u00ebri. I madh e i vog\u00ebl e di q\u00eb thuajse aq sa ka shqiptar\u00eb n\u00eb Shqip\u00ebri aq ka edhe n\u00eb emigrim. K\u00ebshtu, do t\u00eb kemi nj\u00eb shif\u00ebr shum\u00eb m\u00eb t\u00eb ul\u00ebt se \u00e7&#8217;ka shqiptar\u00eb n\u00eb t\u00eb v\u00ebrtet\u00eb. Nd\u00ebrkoh\u00eb klanet greke jan\u00eb t\u00eb gatshme p\u00ebr \u00abm\u00ebsymje\u00bb me nj\u00eb shif\u00ebr t\u00eb till\u00eb shqiptar\u00ebsh. Fakt&#8230; Ekonomia shqiptare nga deklarimet do t\u00eb dali shum\u00ebfish m\u00eb e zmadhuar ose m\u00eb e zvog\u00ebluar. Pse?<\/p>\n<p>N\u00ebse do t\u00eb kemi deklarime t\u00eb v\u00ebrteta n\u00eb vendin ton\u00eb, ekziston nj\u00eb shtres\u00eb super milioner\u00ebsh e miliarder\u00ebsh dhe nj\u00eb shtres\u00eb ekstremisht e varf\u00ebr, nd\u00ebrsa mesatarja asq\u00eb ekzsiton. K\u00ebshtu, mesatarja p\u00ebr frym\u00eb do t\u00eb jet\u00eb nj\u00eb rezultat i \u00e7uditsh\u00ebm, aq sa edhe mund t\u00eb v\u00ebrtetoj\u00eb q\u00eb Shqip\u00ebria q\u00ebndron p\u00ebrkrah Gjermanis\u00eb nga ekonomia mbresl\u00ebn\u00ebse dhe e q\u00ebndrueshme m&#8217;u n\u00eb kriz\u00ebn q\u00eb ka p\u00ebrfshir\u00eb Europ\u00ebn. Nga ana tjet\u00ebr ekziston rreziku q\u00eb n\u00ebse deklarimet b\u00ebhen t\u00eb rrejshme nga popullata jon\u00eb, at\u00ebher\u00eb t\u00eb kemi nj\u00eb mesatare edhe m\u00eb posht\u00eb se \u00e7&#8217;\u00ebsht\u00eb n\u00eb t\u00eb v\u00ebrtet\u00eb. Gjithsesi, si me t\u00eb par\u00ebn dhe me t\u00eb dyt\u00ebn konkluzioni \u00ebsht\u00eb i thjesht\u00eb, ne nuk do t\u00eb marrim t\u00eb v\u00ebrtet\u00ebn nga ky regjistrim. Fakt&#8230;<\/p>\n<p>Sigurisht, ky do t\u00eb jet\u00eb edhe fakti m\u00eb i dhimbsh\u00ebm, n\u00eb mos p\u00ebr ne, nes\u00ebr p\u00ebr f\u00ebmij\u00ebt tan\u00eb. Anketuesit edhe pse n\u00eb disa raste marrin deklarime si musliman apo katolik\u00eb, tek \u00e7\u00ebshtja e komb\u00ebsis\u00eb nga plot\u00ebsimi rezultojn\u00eb grek. Anketuesit paturp\u00ebsisht nga mungesa e eksperienc\u00ebs, nga m\u00ebnyra shkallafat\u00e7e e pun\u00ebs s\u00eb tyre p\u00ebr t\u00eb marr\u00eb ato lek\u00eb e p\u00ebr t\u00eb mos e \u00e7ar\u00eb me nder me than\u00ebn e p\u00ebr t\u00eb shkuar rehat n\u00eb sht\u00ebpit\u00eb e tyre apo edhe nga ndonj\u00eb direktiv\u00eb e marr\u00eb n\u00eb qend\u00ebr nuk po k\u00ebrkojn\u00eb asnj\u00eb dokument shtes\u00eb q\u00eb v\u00ebrteton komb\u00ebsin\u00eb greke t\u00eb k\u00ebtyre t\u00eb ashtuquajturve grek\u00eb, me besim jo ortodoks! Jo vet\u00ebm e turpshme nga m\u00ebnyra se si po veprojn\u00eb shum\u00eb anketues, por kjo \u00ebsht\u00eb mbi t\u00eb gjitha antikomb\u00ebtare.<\/p>\n<p>Sigurisht, k\u00ebto jan\u00eb disa fakte nga zhvillimet e regjistrimit q\u00eb po ndeshen \u00e7do dit\u00eb dhe po zbardhen edhe n\u00eb shum\u00eb ekrane televizive. Rreziku m\u00eb i madh i shqiptar\u00ebve do t\u00eb jet\u00eb pas censusit, pas disa koh\u00ebsh. Dhe rreziku i p\u00ebrhersh\u00ebm do t\u00eb jet\u00eb dhe do t\u00eb mbesin manovrat e \u00abfqinjit\u00bb ton\u00eb jugor, i cili p\u00ebr interesat e tij arrin t\u00eb vendos\u00eb veton p\u00ebr shtetin ton\u00eb sa her\u00eb q\u00eb ne mund t\u00eb kemi ndonj\u00eb progres drejt aspiratave tona europiane. Gjithsesi, e keqja jon\u00eb jemi vet\u00eb ne, pasi n\u00ebse nga jugu do t\u00eb kishim pak m\u00eb shum\u00eb atdhetariz\u00ebm rreziku nga ky regjistrim mbi baza etnike dhe fetare do t\u00eb ishte shum\u00eb m\u00eb i vog\u00ebl. Shprehja e Faik Konic\u00ebs \u00abE keqja e shqiptar\u00ebve jan\u00eb vet\u00eb shqiptar\u00ebt\u00bb i vendos komb\u00ebsin\u00eb greke k\u00ebtyre pseudoshqiptar\u00ebve. Po them pseudoshqiptar\u00ebve dhe po e mbyll me kaq, pasi n\u00ebse do t&#8217;i v\u00eb ndonj\u00eb epitet tjet\u00ebr nuk do t\u00eb ndalem e do t&#8217;i shaj edhe me n\u00ebn\u00eb e motra, pasi k\u00ebto lloj shqiptar\u00ebsh q\u00eb shesin kombin e tyre nuk kan\u00eb nder familje e far\u00eb fisi.<\/p>\n<p>* <em>Autori \u00ebsht\u00eb kryetar i K\u00ebshillit Studentor t\u00eb Universitetit t\u00eb Shkodr\u00ebs (K.S.U.SH)<\/em><\/p>\n","protected":false},"excerpt":{"rendered":"<p>Nga Redan BUSHATI * Pik\u00ebnisje nga m\u00ebnyra se si po realizohet regjistrimi mbi baza etnike dhe fetare n\u00eb vendin ton\u00eb (kund\u00ebrshtuar ashp\u00ebr nga Aleanca \u00abKuq e Zi\u00bb, por edhe nga shum\u00eb shqiptar\u00eb t\u00eb ndersh\u00ebm). Frym\u00ebzim nga ajo pjes\u00eb e qytetaris\u00eb son\u00eb, e cila p\u00ebr fatet tona komb\u00ebtare largon duart nga e \u00abzeza\u00bb politik\u00eb. Urrejtje p\u00ebr [&hellip;]<\/p>\n","protected":false},"author":1,"featured_media":0,"comment_status":"open","ping_status":"closed","sticky":false,"template":"","format":"standard","meta":{"footnotes":""},"categories":[2],"tags":[],"class_list":{"0":"post-10980","1":"post","2":"type-post","3":"status-publish","4":"format-standard","6":"category-artikuj"},"yoast_head":"<!-- This site is optimized with the Yoast SEO plugin v27.4 - https:\/\/yoast.com\/product\/yoast-seo-wordpress\/ -->\n<title>Shtohen faqezinjt\u00eb, dergjen kuqezinjt\u00eb! - FjALA e LIR\u00cb - Arkivi<\/title>\n<meta name=\"robots\" content=\"index, follow, max-snippet:-1, max-image-preview:large, max-video-preview:-1\" \/>\n<link rel=\"canonical\" href=\"https:\/\/fjala.info\/2009-2015\/shtohen-faqezinjte-dergjen-kuqezinjte\/\" \/>\n<meta property=\"og:locale\" content=\"sq_AL\" \/>\n<meta property=\"og:type\" content=\"article\" \/>\n<meta property=\"og:title\" content=\"Shtohen faqezinjt\u00eb, dergjen kuqezinjt\u00eb! - FjALA e LIR\u00cb - Arkivi\" \/>\n<meta property=\"og:description\" content=\"Nga Redan BUSHATI * Pik\u00ebnisje nga m\u00ebnyra se si po realizohet regjistrimi mbi baza etnike dhe fetare n\u00eb vendin ton\u00eb (kund\u00ebrshtuar ashp\u00ebr nga Aleanca \u00abKuq e Zi\u00bb, por edhe nga shum\u00eb shqiptar\u00eb t\u00eb ndersh\u00ebm). Frym\u00ebzim nga ajo pjes\u00eb e qytetaris\u00eb son\u00eb, e cila p\u00ebr fatet tona komb\u00ebtare largon duart nga e \u00abzeza\u00bb politik\u00eb. Urrejtje p\u00ebr [&hellip;]\" \/>\n<meta property=\"og:url\" content=\"https:\/\/fjala.info\/2009-2015\/shtohen-faqezinjte-dergjen-kuqezinjte\/\" \/>\n<meta property=\"og:site_name\" content=\"FjALA e LIR\u00cb - Arkivi\" \/>\n<meta property=\"article:published_time\" content=\"2011-10-14T10:25:38+00:00\" \/>\n<meta property=\"og:image\" content=\"http:\/\/www.shkoder.net\/images\/fjala\/redan_bushati.jpg\" \/>\n<meta name=\"author\" content=\"admin\" \/>\n<meta name=\"twitter:card\" content=\"summary_large_image\" \/>\n<meta name=\"twitter:label1\" content=\"Written by\" \/>\n\t<meta name=\"twitter:data1\" content=\"admin\" \/>\n\t<meta name=\"twitter:label2\" content=\"Est. reading time\" \/>\n\t<meta name=\"twitter:data2\" content=\"7 minutes\" \/>\n<script type=\"application\/ld+json\" class=\"yoast-schema-graph\">{\"@context\":\"https:\\\/\\\/schema.org\",\"@graph\":[{\"@type\":\"Article\",\"@id\":\"https:\\\/\\\/fjala.info\\\/2009-2015\\\/shtohen-faqezinjte-dergjen-kuqezinjte\\\/#article\",\"isPartOf\":{\"@id\":\"https:\\\/\\\/fjala.info\\\/2009-2015\\\/shtohen-faqezinjte-dergjen-kuqezinjte\\\/\"},\"author\":{\"name\":\"admin\",\"@id\":\"https:\\\/\\\/fjala.info\\\/2009-2015\\\/#\\\/schema\\\/person\\\/3aa1163ef05469c496fc94e77611ada2\"},\"headline\":\"Shtohen faqezinjt\u00eb, dergjen kuqezinjt\u00eb!\",\"datePublished\":\"2011-10-14T10:25:38+00:00\",\"mainEntityOfPage\":{\"@id\":\"https:\\\/\\\/fjala.info\\\/2009-2015\\\/shtohen-faqezinjte-dergjen-kuqezinjte\\\/\"},\"wordCount\":1332,\"commentCount\":0,\"publisher\":{\"@id\":\"https:\\\/\\\/fjala.info\\\/2009-2015\\\/#organization\"},\"image\":{\"@id\":\"https:\\\/\\\/fjala.info\\\/2009-2015\\\/shtohen-faqezinjte-dergjen-kuqezinjte\\\/#primaryimage\"},\"thumbnailUrl\":\"http:\\\/\\\/www.shkoder.net\\\/images\\\/fjala\\\/redan_bushati.jpg\",\"articleSection\":[\"Artikuj\"],\"inLanguage\":\"sq-AL\",\"potentialAction\":[{\"@type\":\"CommentAction\",\"name\":\"Comment\",\"target\":[\"https:\\\/\\\/fjala.info\\\/2009-2015\\\/shtohen-faqezinjte-dergjen-kuqezinjte\\\/#respond\"]}]},{\"@type\":\"WebPage\",\"@id\":\"https:\\\/\\\/fjala.info\\\/2009-2015\\\/shtohen-faqezinjte-dergjen-kuqezinjte\\\/\",\"url\":\"https:\\\/\\\/fjala.info\\\/2009-2015\\\/shtohen-faqezinjte-dergjen-kuqezinjte\\\/\",\"name\":\"Shtohen faqezinjt\u00eb, dergjen kuqezinjt\u00eb! - FjALA e LIR\u00cb - Arkivi\",\"isPartOf\":{\"@id\":\"https:\\\/\\\/fjala.info\\\/2009-2015\\\/#website\"},\"primaryImageOfPage\":{\"@id\":\"https:\\\/\\\/fjala.info\\\/2009-2015\\\/shtohen-faqezinjte-dergjen-kuqezinjte\\\/#primaryimage\"},\"image\":{\"@id\":\"https:\\\/\\\/fjala.info\\\/2009-2015\\\/shtohen-faqezinjte-dergjen-kuqezinjte\\\/#primaryimage\"},\"thumbnailUrl\":\"http:\\\/\\\/www.shkoder.net\\\/images\\\/fjala\\\/redan_bushati.jpg\",\"datePublished\":\"2011-10-14T10:25:38+00:00\",\"breadcrumb\":{\"@id\":\"https:\\\/\\\/fjala.info\\\/2009-2015\\\/shtohen-faqezinjte-dergjen-kuqezinjte\\\/#breadcrumb\"},\"inLanguage\":\"sq-AL\",\"potentialAction\":[{\"@type\":\"ReadAction\",\"target\":[\"https:\\\/\\\/fjala.info\\\/2009-2015\\\/shtohen-faqezinjte-dergjen-kuqezinjte\\\/\"]}]},{\"@type\":\"ImageObject\",\"inLanguage\":\"sq-AL\",\"@id\":\"https:\\\/\\\/fjala.info\\\/2009-2015\\\/shtohen-faqezinjte-dergjen-kuqezinjte\\\/#primaryimage\",\"url\":\"http:\\\/\\\/www.shkoder.net\\\/images\\\/fjala\\\/redan_bushati.jpg\",\"contentUrl\":\"http:\\\/\\\/www.shkoder.net\\\/images\\\/fjala\\\/redan_bushati.jpg\"},{\"@type\":\"BreadcrumbList\",\"@id\":\"https:\\\/\\\/fjala.info\\\/2009-2015\\\/shtohen-faqezinjte-dergjen-kuqezinjte\\\/#breadcrumb\",\"itemListElement\":[{\"@type\":\"ListItem\",\"position\":1,\"name\":\"Home\",\"item\":\"https:\\\/\\\/fjala.info\\\/2009-2015\\\/\"},{\"@type\":\"ListItem\",\"position\":2,\"name\":\"Shtohen faqezinjt\u00eb, dergjen kuqezinjt\u00eb!\"}]},{\"@type\":\"WebSite\",\"@id\":\"https:\\\/\\\/fjala.info\\\/2009-2015\\\/#website\",\"url\":\"https:\\\/\\\/fjala.info\\\/2009-2015\\\/\",\"name\":\"FjALA e LIR\u00cb - Arkivi\",\"description\":\"Arkivi 2009-2015\",\"publisher\":{\"@id\":\"https:\\\/\\\/fjala.info\\\/2009-2015\\\/#organization\"},\"potentialAction\":[{\"@type\":\"SearchAction\",\"target\":{\"@type\":\"EntryPoint\",\"urlTemplate\":\"https:\\\/\\\/fjala.info\\\/2009-2015\\\/?s={search_term_string}\"},\"query-input\":{\"@type\":\"PropertyValueSpecification\",\"valueRequired\":true,\"valueName\":\"search_term_string\"}}],\"inLanguage\":\"sq-AL\"},{\"@type\":\"Organization\",\"@id\":\"https:\\\/\\\/fjala.info\\\/2009-2015\\\/#organization\",\"name\":\"FjALA e LIR\u00cb - Arkivi\",\"url\":\"https:\\\/\\\/fjala.info\\\/2009-2015\\\/\",\"logo\":{\"@type\":\"ImageObject\",\"inLanguage\":\"sq-AL\",\"@id\":\"https:\\\/\\\/fjala.info\\\/2009-2015\\\/#\\\/schema\\\/logo\\\/image\\\/\",\"url\":\"\",\"contentUrl\":\"\",\"caption\":\"FjALA e LIR\u00cb - Arkivi\"},\"image\":{\"@id\":\"https:\\\/\\\/fjala.info\\\/2009-2015\\\/#\\\/schema\\\/logo\\\/image\\\/\"}},{\"@type\":\"Person\",\"@id\":\"https:\\\/\\\/fjala.info\\\/2009-2015\\\/#\\\/schema\\\/person\\\/3aa1163ef05469c496fc94e77611ada2\",\"name\":\"admin\",\"image\":{\"@type\":\"ImageObject\",\"inLanguage\":\"sq-AL\",\"@id\":\"https:\\\/\\\/fjala.info\\\/2009-2015\\\/wp-content\\\/uploads\\\/2012\\\/02\\\/arben_cokaj-120x150.jpg\",\"url\":\"https:\\\/\\\/fjala.info\\\/2009-2015\\\/wp-content\\\/uploads\\\/2012\\\/02\\\/arben_cokaj-120x150.jpg\",\"contentUrl\":\"https:\\\/\\\/fjala.info\\\/2009-2015\\\/wp-content\\\/uploads\\\/2012\\\/02\\\/arben_cokaj-120x150.jpg\",\"caption\":\"admin\"},\"description\":\"Admin, Fjala e Lir\u00eb\",\"sameAs\":[\"https:\\\/\\\/fjala.info\\\/\"],\"url\":\"https:\\\/\\\/fjala.info\\\/2009-2015\\\/author\\\/admin\\\/\"}]}<\/script>\n<!-- \/ Yoast SEO plugin. -->","yoast_head_json":{"title":"Shtohen faqezinjt\u00eb, dergjen kuqezinjt\u00eb! - FjALA e LIR\u00cb - Arkivi","robots":{"index":"index","follow":"follow","max-snippet":"max-snippet:-1","max-image-preview":"max-image-preview:large","max-video-preview":"max-video-preview:-1"},"canonical":"https:\/\/fjala.info\/2009-2015\/shtohen-faqezinjte-dergjen-kuqezinjte\/","og_locale":"sq_AL","og_type":"article","og_title":"Shtohen faqezinjt\u00eb, dergjen kuqezinjt\u00eb! - FjALA e LIR\u00cb - Arkivi","og_description":"Nga Redan BUSHATI * Pik\u00ebnisje nga m\u00ebnyra se si po realizohet regjistrimi mbi baza etnike dhe fetare n\u00eb vendin ton\u00eb (kund\u00ebrshtuar ashp\u00ebr nga Aleanca \u00abKuq e Zi\u00bb, por edhe nga shum\u00eb shqiptar\u00eb t\u00eb ndersh\u00ebm). Frym\u00ebzim nga ajo pjes\u00eb e qytetaris\u00eb son\u00eb, e cila p\u00ebr fatet tona komb\u00ebtare largon duart nga e \u00abzeza\u00bb politik\u00eb. Urrejtje p\u00ebr [&hellip;]","og_url":"https:\/\/fjala.info\/2009-2015\/shtohen-faqezinjte-dergjen-kuqezinjte\/","og_site_name":"FjALA e LIR\u00cb - Arkivi","article_published_time":"2011-10-14T10:25:38+00:00","og_image":[{"url":"http:\/\/www.shkoder.net\/images\/fjala\/redan_bushati.jpg","type":"","width":"","height":""}],"author":"admin","twitter_card":"summary_large_image","twitter_misc":{"Written by":"admin","Est. reading time":"7 minutes"},"schema":{"@context":"https:\/\/schema.org","@graph":[{"@type":"Article","@id":"https:\/\/fjala.info\/2009-2015\/shtohen-faqezinjte-dergjen-kuqezinjte\/#article","isPartOf":{"@id":"https:\/\/fjala.info\/2009-2015\/shtohen-faqezinjte-dergjen-kuqezinjte\/"},"author":{"name":"admin","@id":"https:\/\/fjala.info\/2009-2015\/#\/schema\/person\/3aa1163ef05469c496fc94e77611ada2"},"headline":"Shtohen faqezinjt\u00eb, dergjen kuqezinjt\u00eb!","datePublished":"2011-10-14T10:25:38+00:00","mainEntityOfPage":{"@id":"https:\/\/fjala.info\/2009-2015\/shtohen-faqezinjte-dergjen-kuqezinjte\/"},"wordCount":1332,"commentCount":0,"publisher":{"@id":"https:\/\/fjala.info\/2009-2015\/#organization"},"image":{"@id":"https:\/\/fjala.info\/2009-2015\/shtohen-faqezinjte-dergjen-kuqezinjte\/#primaryimage"},"thumbnailUrl":"http:\/\/www.shkoder.net\/images\/fjala\/redan_bushati.jpg","articleSection":["Artikuj"],"inLanguage":"sq-AL","potentialAction":[{"@type":"CommentAction","name":"Comment","target":["https:\/\/fjala.info\/2009-2015\/shtohen-faqezinjte-dergjen-kuqezinjte\/#respond"]}]},{"@type":"WebPage","@id":"https:\/\/fjala.info\/2009-2015\/shtohen-faqezinjte-dergjen-kuqezinjte\/","url":"https:\/\/fjala.info\/2009-2015\/shtohen-faqezinjte-dergjen-kuqezinjte\/","name":"Shtohen faqezinjt\u00eb, dergjen kuqezinjt\u00eb! - FjALA e LIR\u00cb - Arkivi","isPartOf":{"@id":"https:\/\/fjala.info\/2009-2015\/#website"},"primaryImageOfPage":{"@id":"https:\/\/fjala.info\/2009-2015\/shtohen-faqezinjte-dergjen-kuqezinjte\/#primaryimage"},"image":{"@id":"https:\/\/fjala.info\/2009-2015\/shtohen-faqezinjte-dergjen-kuqezinjte\/#primaryimage"},"thumbnailUrl":"http:\/\/www.shkoder.net\/images\/fjala\/redan_bushati.jpg","datePublished":"2011-10-14T10:25:38+00:00","breadcrumb":{"@id":"https:\/\/fjala.info\/2009-2015\/shtohen-faqezinjte-dergjen-kuqezinjte\/#breadcrumb"},"inLanguage":"sq-AL","potentialAction":[{"@type":"ReadAction","target":["https:\/\/fjala.info\/2009-2015\/shtohen-faqezinjte-dergjen-kuqezinjte\/"]}]},{"@type":"ImageObject","inLanguage":"sq-AL","@id":"https:\/\/fjala.info\/2009-2015\/shtohen-faqezinjte-dergjen-kuqezinjte\/#primaryimage","url":"http:\/\/www.shkoder.net\/images\/fjala\/redan_bushati.jpg","contentUrl":"http:\/\/www.shkoder.net\/images\/fjala\/redan_bushati.jpg"},{"@type":"BreadcrumbList","@id":"https:\/\/fjala.info\/2009-2015\/shtohen-faqezinjte-dergjen-kuqezinjte\/#breadcrumb","itemListElement":[{"@type":"ListItem","position":1,"name":"Home","item":"https:\/\/fjala.info\/2009-2015\/"},{"@type":"ListItem","position":2,"name":"Shtohen faqezinjt\u00eb, dergjen kuqezinjt\u00eb!"}]},{"@type":"WebSite","@id":"https:\/\/fjala.info\/2009-2015\/#website","url":"https:\/\/fjala.info\/2009-2015\/","name":"FjALA e LIR\u00cb - Arkivi","description":"Arkivi 2009-2015","publisher":{"@id":"https:\/\/fjala.info\/2009-2015\/#organization"},"potentialAction":[{"@type":"SearchAction","target":{"@type":"EntryPoint","urlTemplate":"https:\/\/fjala.info\/2009-2015\/?s={search_term_string}"},"query-input":{"@type":"PropertyValueSpecification","valueRequired":true,"valueName":"search_term_string"}}],"inLanguage":"sq-AL"},{"@type":"Organization","@id":"https:\/\/fjala.info\/2009-2015\/#organization","name":"FjALA e LIR\u00cb - Arkivi","url":"https:\/\/fjala.info\/2009-2015\/","logo":{"@type":"ImageObject","inLanguage":"sq-AL","@id":"https:\/\/fjala.info\/2009-2015\/#\/schema\/logo\/image\/","url":"","contentUrl":"","caption":"FjALA e LIR\u00cb - Arkivi"},"image":{"@id":"https:\/\/fjala.info\/2009-2015\/#\/schema\/logo\/image\/"}},{"@type":"Person","@id":"https:\/\/fjala.info\/2009-2015\/#\/schema\/person\/3aa1163ef05469c496fc94e77611ada2","name":"admin","image":{"@type":"ImageObject","inLanguage":"sq-AL","@id":"https:\/\/fjala.info\/2009-2015\/wp-content\/uploads\/2012\/02\/arben_cokaj-120x150.jpg","url":"https:\/\/fjala.info\/2009-2015\/wp-content\/uploads\/2012\/02\/arben_cokaj-120x150.jpg","contentUrl":"https:\/\/fjala.info\/2009-2015\/wp-content\/uploads\/2012\/02\/arben_cokaj-120x150.jpg","caption":"admin"},"description":"Admin, Fjala e Lir\u00eb","sameAs":["https:\/\/fjala.info\/"],"url":"https:\/\/fjala.info\/2009-2015\/author\/admin\/"}]}},"_links":{"self":[{"href":"https:\/\/fjala.info\/2009-2015\/wp-json\/wp\/v2\/posts\/10980","targetHints":{"allow":["GET"]}}],"collection":[{"href":"https:\/\/fjala.info\/2009-2015\/wp-json\/wp\/v2\/posts"}],"about":[{"href":"https:\/\/fjala.info\/2009-2015\/wp-json\/wp\/v2\/types\/post"}],"author":[{"embeddable":true,"href":"https:\/\/fjala.info\/2009-2015\/wp-json\/wp\/v2\/users\/1"}],"replies":[{"embeddable":true,"href":"https:\/\/fjala.info\/2009-2015\/wp-json\/wp\/v2\/comments?post=10980"}],"version-history":[{"count":0,"href":"https:\/\/fjala.info\/2009-2015\/wp-json\/wp\/v2\/posts\/10980\/revisions"}],"wp:attachment":[{"href":"https:\/\/fjala.info\/2009-2015\/wp-json\/wp\/v2\/media?parent=10980"}],"wp:term":[{"taxonomy":"category","embeddable":true,"href":"https:\/\/fjala.info\/2009-2015\/wp-json\/wp\/v2\/categories?post=10980"},{"taxonomy":"post_tag","embeddable":true,"href":"https:\/\/fjala.info\/2009-2015\/wp-json\/wp\/v2\/tags?post=10980"}],"curies":[{"name":"wp","href":"https:\/\/api.w.org\/{rel}","templated":true}]}}