{"id":10975,"date":"2011-10-14T11:17:46","date_gmt":"2011-10-14T10:17:46","guid":{"rendered":"http:\/\/fjala.shkoder.net\/?p=10975"},"modified":"2011-10-14T11:17:46","modified_gmt":"2011-10-14T10:17:46","slug":"driteroi-dhe-sadija-pine-raki-me-nje-vrases","status":"publish","type":"post","link":"https:\/\/fjala.info\/2009-2015\/driteroi-dhe-sadija-pine-raki-me-nje-vrases\/","title":{"rendered":"Drit\u00ebroi dhe Sadija pin\u00eb raki me nj\u00eb vras\u00ebs"},"content":{"rendered":"<p><img decoding=\"async\" class=\"alignleft size-thumbnail wp-image-7236\" title=\"Drit\u00ebroi dhe Sadija\" src=\"http:\/\/www.shkoder.net\/images\/fjala\/2011\/driteroi_sadija.jpg\" alt=\"\" width=\"300\" \/> Nga <strong>Bledi Mane<\/strong>, <em>13 Tetor 2011<\/em><\/p>\n<p><strong>1. Na merre, ta kam sjell\u00eb!<\/strong><\/p>\n<p>E enjte e zez\u00eb, e enjte e gjakosur, e enjte e frikshme dhe plot sarkaz\u00ebm. Dje ka qen\u00eb nj\u00eb nga dit\u00ebt m\u00eb halabake t\u00eb vitit.<\/p>\n<p>Bashkimi Evropian ia nxiu fytyr\u00ebn si sholl\u00eb k\u00ebpuce vendit tim, Komisioneri i Zgjerimit, ish komunisti \u00e7ek Stefan Fule ia nxiu fytyr\u00ebn si sholl\u00eb politik\u00ebs shqiptare. Si plak i pjerdhur q\u00eb \u00ebsht\u00eb Sali Berisha k\u00ebrc\u00ebnoi se do ia b\u00ebnte fytyr\u00ebn si sholl\u00eb k\u00ebpuce deputetit opozitar Saimir Tahiri. Shkodra, Berati, Bulqiza, Don Bosko u nxin\u00eb friksh\u00ebm nga tritoli, pistoletat dhe gjaku i vrasjeve t\u00eb radh\u00ebs.<\/p>\n<p>Uraganit t\u00eb nd\u00ebrprer\u00eb t\u00eb poezis\u00eb shqiptaro-malazezit MI-llosh GJE-rgj NI-kolla me rastin e 100 vjetorit t\u00eb lindjes ia kan\u00eb nxir\u00eb varrin si sholl\u00eb opinge andej nga periferit\u00eb e plehrosura t\u00eb Shkodr\u00ebs, nd\u00ebrsa n\u00eb der\u00ebn e sht\u00ebpis\u00eb s\u00eb shkrimtarit devolli Drit\u00ebro Agolli me rastin e 80 vjetorit t\u00eb lindjes s\u00eb tij iu shfaq p\u00ebr urim nj\u00eb fytyr\u00eb e zez\u00eb sholl\u00eb k\u00ebpuce. Kryebashkiaku i vjedhur i Tiran\u00ebs Luli (jo i Migjenit, por i doktorit) i ktheu qok\u00ebn Drit\u00ebroit e i uroi jet\u00eb t\u00eb gjat\u00eb(?).<\/p>\n<p>M\u00eb kishin treguar q\u00eb her\u00ebt se kopili hollandez do e vizitonte ish komshiun e Kadares\u00eb, por mendova se n\u00eb familjen Agolli do e prisnin surprizat. Fantazoja \u00e7mendurisht se Drit\u00ebroi do i hapte der\u00ebn e do b\u00ebnte sikur ta p\u00ebrqafonte, nd\u00ebrsa gruaja e tij Sadija papritur do i gjuante nga fytyra me k\u00ebpuc\u00eb. Do i klithte si pedagogia Hanelli \u201cti je vras\u00ebs!\u201d e sa hap e mbyll syt\u00eb megjith\u00ebse plak Drit\u00ebroi si Ante do i b\u00ebnte ndonj\u00eb kapje sovjetike nga fyti e do e shtrinte Lul Bash\u00ebn n\u00eb tok\u00eb. Nga dhoma tjet\u00ebr do dilte si uragan e bija e shkrimtarit Elona e s\u00eb bashku me burrin e saj Luanin e panaireve expoklikse do ia lidhnin duart kryq.<\/p>\n<p>P\u00ebr t\u00eb mbytur r\u00ebnkimet kurv\u00ebrore dhe klithjet e Lulit \u201co mami m\u00eb ndihmo, o teta Liria po m\u00eb marrin peng, Argita njofto Agronin n\u00eb polici\u201d, do i kishin rrasur n\u00eb goj\u00eb t\u00eb zhubravitur librin me poezi \u201cN\u00ebn\u00eb Shqip\u00ebri\u201d e do ta t\u00ebrhiqnin zvarr\u00eb shkall\u00ebve t\u00eb pallatit ku banojn\u00eb. Nj\u00eb kat m\u00eb posht\u00eb do t\u00eb ndalonin n\u00eb der\u00ebn e familjes Kadare e do i b\u00ebnin z\u00eb Ismailit. Ky i fundit do t\u2019i injoronte t\u00eb gjith\u00eb e do ua mbyllte der\u00ebn n\u00eb fytyr\u00eb. Por familja Agolli nuk do t\u00eb trishtohej aspak nga ky zhg\u00ebnjim e do t\u00eb kishin vazhduar qet\u00ebsisht zvarritjen e Lulit t\u00eb lidhur andej nga drejtimi i rrug\u00ebs \u201cQemal Stafa\u201d.<\/p>\n<p>Turma njer\u00ebzish do t\u00eb shikonin t\u00eb shtangur e askush nuk do t\u00eb nd\u00ebrhynte p\u00ebr ndihm\u00eb. Nj\u00ebmb\u00ebdhjet\u00eb bathorist\u00eb do i afroheshin Lulit t\u00eb turp\u00ebruar e do t\u2019i b\u00ebrtisnin pse i kishte g\u00ebnjyer p\u00ebr lek\u00ebt e fushat\u00ebs dhe pse nuk i kishte pun\u00ebsuar ende n\u00eb policin\u00eb bashkiake. Vet\u00ebm pak metra rrug\u00eb do kishin b\u00ebr\u00eb Agoll\u00ebt dhe do t\u00eb q\u00ebndronin t\u00eb gjith\u00eb n\u00eb trotuarin mes Ambulanc\u00ebs s\u00eb Madhe dhe Prokuroris\u00eb s\u00eb P\u00ebrgjithshme.<\/p>\n<p>Kalimtar\u00ebt kureshtar\u00eb do t\u2019kujtonin se pengun e lidhur Lul\u00ebzim Basha do ta mjekonin nga shkar\u00ebzimet mbi asfalt, por do t\u00eb zhg\u00ebnjeheshin. Pas rropatjes dhe djersitjes s\u00eb Drit\u00ebroit, ky i fundit do t\u00eb merrte frym\u00eb thell\u00eb dhe si n\u00eb reklam\u00ebn uet\u00eb t\u00eb Henri Naim \u00c7ilit do t\u00eb b\u00ebrtiste i emocionuar:<\/p>\n<p>-\u201cNa merre, ja ku e ke, ta solla. Merre, merre Ina Rama dhe hetoje k\u00ebt\u00eb hajdut, k\u00ebt\u00eb vras\u00ebs hetoje dhe \u00e7oja drejt\u00ebsis\u00eb! Merre k\u00ebt\u00eb vras\u00ebs se donte t\u00eb m\u00eb turp\u00ebronte, donte t\u00eb m\u00eb nxinte emrin dhe fytyr\u00ebn tani n\u00eb pleq\u00ebri\u201d.<\/p>\n<p>K\u00ebtu mbaron fantazia ime. Tani fillon realiteti. Mund t\u00eb ma shpjegoj\u00eb dikush k\u00ebt\u00eb dashurin\u00eb Agoll-Bash\u00eb? Thon\u00eb se shkrimtari i shokut Zylo po sfidon t\u00ebrthorazi shkrimtarin e Lul Mazrekut. Thon\u00eb se Agoll\u00ebt jan\u00eb kthyer n\u00eb interesaxhinj materialist\u00eb dhe si panairb\u00ebr\u00ebsit m\u00eb t\u00eb m\u00ebdhenj t\u00eb vendit e kan\u00eb zvenitur dashurin\u00eb q\u00eb kishin p\u00ebr Edi Ram\u00ebn qysh m\u00eb 10 korrik 2011. Fantazia ime u le radh\u00ebn gjykimeve tuaja.<\/p>\n<p><strong>2. Jasht\u00eb kontrollit m\u00eb ka dal\u00eb kjo Jozefin\u00eb<\/strong><\/p>\n<p>Gjej m\u00ebnyra t\u00eb ndryshme p\u00ebr t\u00eb komunikuar me Jozefin\u00ebn time t\u00eb dashur. Her\u00eb i d\u00ebrgoj ndonj\u00eb mesazh n\u00eb celular, her\u00eb e kritikoj t\u00ebrthorazi n\u00ebp\u00ebrmjet Art\u00ebs s\u00eb administrat\u00ebs s\u00eb Kuvendit, her\u00eb i d\u00ebrgoj t\u00eb fala me ndonj\u00eb deputet t\u00eb njohurin ton\u00eb t\u00eb p\u00ebrbashk\u00ebt ose komunikoj me t\u00eb n\u00ebp\u00ebrmjet ndonj\u00eb analize t\u00eb botuar n\u00eb shtyp. Kemi kodet tona t\u00eb komunikimit, t\u00eb cilat kan\u00eb funksionuar k\u00ebto muajt e fundit.<\/p>\n<p>Dukej sikur m\u2019i kishte d\u00ebgjuar k\u00ebshillat dhe po urt\u00ebsohej disi. Kishte riparuar pak\u00ebz komunikimin dhe pat patinuar servilizmin ndaj Berish\u00ebs jo me blu t\u00eb thell\u00eb por me boj\u00ebqielli t\u00eb \u00e7elur. Po forcon mjaft mir\u00eb klanin e saj me Olldashin brenda PD-s\u00eb pas curufjasjeve t\u00eb r\u00ebnduara t\u00eb Doktorit, po agravon kalb\u00ebzimin e qeveris\u00eb mjaft shpejt dhe Lulin e z\u00eb me shpulla sa her\u00eb q\u00eb t\u00eb doj\u00eb kjo shkodrania jeme si lo\u00e7k\u00eb. Por pardje ma hoqi trurin fare. E shkat\u00ebrroi \u00e7do riparim q\u00eb kishim b\u00ebr\u00eb s\u00eb bashku dhe e dhjeu p\u00ebrs\u00ebri m\u00ebnyr\u00ebn e t\u00eb shprehurit. Atakoi gjith\u00eb partin\u00eb m\u00eb t\u00eb madhe opozitare PS me epitetin e friksh\u00ebm \u201ccelul\u00eb e rrezikshme antievropiane\u201d. Dha nj\u00eb intervist\u00eb pa lejen time kur ishte n\u00eb Prag\u00eb p\u00ebr radion Evropa e Lir\u00eb.<\/p>\n<p>Po m\u00eb lodh dhe po m\u00eb shkat\u00ebrron nervat kjo Jozefin\u00eb. Nuk mundet ta k\u00ebshilloj dot m\u00eb k\u00ebto 20 muajt e fundit q\u00eb do jet\u00eb n\u00eb pushtet. Ka arsye bukuroshja ime. E kuptoj mire tashm\u00eb. Qysh kur erdhi n\u00eb Tiran\u00eb m\u00eb 1996 nuk fle me noterin, e qysh pas 2005 nuk i afrohet asnj\u00eb mashkull se kan\u00eb frik\u00eb prej saj. I ka dal\u00eb vetja jasht\u00eb kontrolli dhe s\u2019ka burr\u00eb n\u00ebne ta p\u00ebrmbledh\u00eb. Dyshoj se do i ket\u00eb filluar edhe menopauza tani ndaj po e le t\u00eb qet\u00eb deri n\u00eb fillim t\u00eb vitit 2014. Ah sikur t\u00eb isha si doktor Adem Harxhi q\u00eb jeton n\u00eb New York, kisha p\u00ebr ta k\u00ebshilluar \u00e7do t\u00eb diel n\u00eb faqet e gazet\u00ebs Shekulli.<\/p>\n","protected":false},"excerpt":{"rendered":"<p>Nga Bledi Mane, 13 Tetor 2011 1. Na merre, ta kam sjell\u00eb! E enjte e zez\u00eb, e enjte e gjakosur, e enjte e frikshme dhe plot sarkaz\u00ebm. Dje ka qen\u00eb nj\u00eb nga dit\u00ebt m\u00eb halabake t\u00eb vitit. Bashkimi Evropian ia nxiu fytyr\u00ebn si sholl\u00eb k\u00ebpuce vendit tim, Komisioneri i Zgjerimit, ish komunisti \u00e7ek Stefan Fule [&hellip;]<\/p>\n","protected":false},"author":1,"featured_media":0,"comment_status":"open","ping_status":"closed","sticky":false,"template":"","format":"standard","meta":{"footnotes":""},"categories":[2],"tags":[],"class_list":{"0":"post-10975","1":"post","2":"type-post","3":"status-publish","4":"format-standard","6":"category-artikuj"},"yoast_head":"<!-- This site is optimized with the Yoast SEO plugin v27.4 - https:\/\/yoast.com\/product\/yoast-seo-wordpress\/ -->\n<title>Drit\u00ebroi dhe Sadija pin\u00eb raki me nj\u00eb vras\u00ebs - FjALA e LIR\u00cb - Arkivi<\/title>\n<meta name=\"robots\" content=\"index, follow, max-snippet:-1, max-image-preview:large, max-video-preview:-1\" \/>\n<link rel=\"canonical\" href=\"https:\/\/fjala.info\/2009-2015\/driteroi-dhe-sadija-pine-raki-me-nje-vrases\/\" \/>\n<meta property=\"og:locale\" content=\"sq_AL\" \/>\n<meta property=\"og:type\" content=\"article\" \/>\n<meta property=\"og:title\" content=\"Drit\u00ebroi dhe Sadija pin\u00eb raki me nj\u00eb vras\u00ebs - FjALA e LIR\u00cb - Arkivi\" \/>\n<meta property=\"og:description\" content=\"Nga Bledi Mane, 13 Tetor 2011 1. Na merre, ta kam sjell\u00eb! E enjte e zez\u00eb, e enjte e gjakosur, e enjte e frikshme dhe plot sarkaz\u00ebm. Dje ka qen\u00eb nj\u00eb nga dit\u00ebt m\u00eb halabake t\u00eb vitit. Bashkimi Evropian ia nxiu fytyr\u00ebn si sholl\u00eb k\u00ebpuce vendit tim, Komisioneri i Zgjerimit, ish komunisti \u00e7ek Stefan Fule [&hellip;]\" \/>\n<meta property=\"og:url\" content=\"https:\/\/fjala.info\/2009-2015\/driteroi-dhe-sadija-pine-raki-me-nje-vrases\/\" \/>\n<meta property=\"og:site_name\" content=\"FjALA e LIR\u00cb - Arkivi\" \/>\n<meta property=\"article:published_time\" content=\"2011-10-14T10:17:46+00:00\" \/>\n<meta property=\"og:image\" content=\"http:\/\/www.shkoder.net\/images\/fjala\/2011\/driteroi_sadija.jpg\" \/>\n<meta name=\"author\" content=\"admin\" \/>\n<meta name=\"twitter:card\" content=\"summary_large_image\" \/>\n<meta name=\"twitter:label1\" content=\"Written by\" \/>\n\t<meta name=\"twitter:data1\" content=\"admin\" \/>\n\t<meta name=\"twitter:label2\" content=\"Est. reading time\" \/>\n\t<meta name=\"twitter:data2\" content=\"5 minutes\" \/>\n<script type=\"application\/ld+json\" class=\"yoast-schema-graph\">{\"@context\":\"https:\\\/\\\/schema.org\",\"@graph\":[{\"@type\":\"Article\",\"@id\":\"https:\\\/\\\/fjala.info\\\/2009-2015\\\/driteroi-dhe-sadija-pine-raki-me-nje-vrases\\\/#article\",\"isPartOf\":{\"@id\":\"https:\\\/\\\/fjala.info\\\/2009-2015\\\/driteroi-dhe-sadija-pine-raki-me-nje-vrases\\\/\"},\"author\":{\"name\":\"admin\",\"@id\":\"https:\\\/\\\/fjala.info\\\/2009-2015\\\/#\\\/schema\\\/person\\\/3aa1163ef05469c496fc94e77611ada2\"},\"headline\":\"Drit\u00ebroi dhe Sadija pin\u00eb raki me nj\u00eb vras\u00ebs\",\"datePublished\":\"2011-10-14T10:17:46+00:00\",\"mainEntityOfPage\":{\"@id\":\"https:\\\/\\\/fjala.info\\\/2009-2015\\\/driteroi-dhe-sadija-pine-raki-me-nje-vrases\\\/\"},\"wordCount\":1083,\"commentCount\":0,\"publisher\":{\"@id\":\"https:\\\/\\\/fjala.info\\\/2009-2015\\\/#organization\"},\"image\":{\"@id\":\"https:\\\/\\\/fjala.info\\\/2009-2015\\\/driteroi-dhe-sadija-pine-raki-me-nje-vrases\\\/#primaryimage\"},\"thumbnailUrl\":\"http:\\\/\\\/www.shkoder.net\\\/images\\\/fjala\\\/2011\\\/driteroi_sadija.jpg\",\"articleSection\":[\"Artikuj\"],\"inLanguage\":\"sq-AL\",\"potentialAction\":[{\"@type\":\"CommentAction\",\"name\":\"Comment\",\"target\":[\"https:\\\/\\\/fjala.info\\\/2009-2015\\\/driteroi-dhe-sadija-pine-raki-me-nje-vrases\\\/#respond\"]}]},{\"@type\":\"WebPage\",\"@id\":\"https:\\\/\\\/fjala.info\\\/2009-2015\\\/driteroi-dhe-sadija-pine-raki-me-nje-vrases\\\/\",\"url\":\"https:\\\/\\\/fjala.info\\\/2009-2015\\\/driteroi-dhe-sadija-pine-raki-me-nje-vrases\\\/\",\"name\":\"Drit\u00ebroi dhe Sadija pin\u00eb raki me nj\u00eb vras\u00ebs - FjALA e LIR\u00cb - Arkivi\",\"isPartOf\":{\"@id\":\"https:\\\/\\\/fjala.info\\\/2009-2015\\\/#website\"},\"primaryImageOfPage\":{\"@id\":\"https:\\\/\\\/fjala.info\\\/2009-2015\\\/driteroi-dhe-sadija-pine-raki-me-nje-vrases\\\/#primaryimage\"},\"image\":{\"@id\":\"https:\\\/\\\/fjala.info\\\/2009-2015\\\/driteroi-dhe-sadija-pine-raki-me-nje-vrases\\\/#primaryimage\"},\"thumbnailUrl\":\"http:\\\/\\\/www.shkoder.net\\\/images\\\/fjala\\\/2011\\\/driteroi_sadija.jpg\",\"datePublished\":\"2011-10-14T10:17:46+00:00\",\"breadcrumb\":{\"@id\":\"https:\\\/\\\/fjala.info\\\/2009-2015\\\/driteroi-dhe-sadija-pine-raki-me-nje-vrases\\\/#breadcrumb\"},\"inLanguage\":\"sq-AL\",\"potentialAction\":[{\"@type\":\"ReadAction\",\"target\":[\"https:\\\/\\\/fjala.info\\\/2009-2015\\\/driteroi-dhe-sadija-pine-raki-me-nje-vrases\\\/\"]}]},{\"@type\":\"ImageObject\",\"inLanguage\":\"sq-AL\",\"@id\":\"https:\\\/\\\/fjala.info\\\/2009-2015\\\/driteroi-dhe-sadija-pine-raki-me-nje-vrases\\\/#primaryimage\",\"url\":\"http:\\\/\\\/www.shkoder.net\\\/images\\\/fjala\\\/2011\\\/driteroi_sadija.jpg\",\"contentUrl\":\"http:\\\/\\\/www.shkoder.net\\\/images\\\/fjala\\\/2011\\\/driteroi_sadija.jpg\"},{\"@type\":\"BreadcrumbList\",\"@id\":\"https:\\\/\\\/fjala.info\\\/2009-2015\\\/driteroi-dhe-sadija-pine-raki-me-nje-vrases\\\/#breadcrumb\",\"itemListElement\":[{\"@type\":\"ListItem\",\"position\":1,\"name\":\"Home\",\"item\":\"https:\\\/\\\/fjala.info\\\/2009-2015\\\/\"},{\"@type\":\"ListItem\",\"position\":2,\"name\":\"Drit\u00ebroi dhe Sadija pin\u00eb raki me nj\u00eb vras\u00ebs\"}]},{\"@type\":\"WebSite\",\"@id\":\"https:\\\/\\\/fjala.info\\\/2009-2015\\\/#website\",\"url\":\"https:\\\/\\\/fjala.info\\\/2009-2015\\\/\",\"name\":\"FjALA e LIR\u00cb - Arkivi\",\"description\":\"Arkivi 2009-2015\",\"publisher\":{\"@id\":\"https:\\\/\\\/fjala.info\\\/2009-2015\\\/#organization\"},\"potentialAction\":[{\"@type\":\"SearchAction\",\"target\":{\"@type\":\"EntryPoint\",\"urlTemplate\":\"https:\\\/\\\/fjala.info\\\/2009-2015\\\/?s={search_term_string}\"},\"query-input\":{\"@type\":\"PropertyValueSpecification\",\"valueRequired\":true,\"valueName\":\"search_term_string\"}}],\"inLanguage\":\"sq-AL\"},{\"@type\":\"Organization\",\"@id\":\"https:\\\/\\\/fjala.info\\\/2009-2015\\\/#organization\",\"name\":\"FjALA e LIR\u00cb - Arkivi\",\"url\":\"https:\\\/\\\/fjala.info\\\/2009-2015\\\/\",\"logo\":{\"@type\":\"ImageObject\",\"inLanguage\":\"sq-AL\",\"@id\":\"https:\\\/\\\/fjala.info\\\/2009-2015\\\/#\\\/schema\\\/logo\\\/image\\\/\",\"url\":\"\",\"contentUrl\":\"\",\"caption\":\"FjALA e LIR\u00cb - Arkivi\"},\"image\":{\"@id\":\"https:\\\/\\\/fjala.info\\\/2009-2015\\\/#\\\/schema\\\/logo\\\/image\\\/\"}},{\"@type\":\"Person\",\"@id\":\"https:\\\/\\\/fjala.info\\\/2009-2015\\\/#\\\/schema\\\/person\\\/3aa1163ef05469c496fc94e77611ada2\",\"name\":\"admin\",\"image\":{\"@type\":\"ImageObject\",\"inLanguage\":\"sq-AL\",\"@id\":\"https:\\\/\\\/fjala.info\\\/2009-2015\\\/wp-content\\\/uploads\\\/2012\\\/02\\\/arben_cokaj-120x150.jpg\",\"url\":\"https:\\\/\\\/fjala.info\\\/2009-2015\\\/wp-content\\\/uploads\\\/2012\\\/02\\\/arben_cokaj-120x150.jpg\",\"contentUrl\":\"https:\\\/\\\/fjala.info\\\/2009-2015\\\/wp-content\\\/uploads\\\/2012\\\/02\\\/arben_cokaj-120x150.jpg\",\"caption\":\"admin\"},\"description\":\"Admin, Fjala e Lir\u00eb\",\"sameAs\":[\"https:\\\/\\\/fjala.info\\\/\"],\"url\":\"https:\\\/\\\/fjala.info\\\/2009-2015\\\/author\\\/admin\\\/\"}]}<\/script>\n<!-- \/ Yoast SEO plugin. -->","yoast_head_json":{"title":"Drit\u00ebroi dhe Sadija pin\u00eb raki me nj\u00eb vras\u00ebs - FjALA e LIR\u00cb - Arkivi","robots":{"index":"index","follow":"follow","max-snippet":"max-snippet:-1","max-image-preview":"max-image-preview:large","max-video-preview":"max-video-preview:-1"},"canonical":"https:\/\/fjala.info\/2009-2015\/driteroi-dhe-sadija-pine-raki-me-nje-vrases\/","og_locale":"sq_AL","og_type":"article","og_title":"Drit\u00ebroi dhe Sadija pin\u00eb raki me nj\u00eb vras\u00ebs - FjALA e LIR\u00cb - Arkivi","og_description":"Nga Bledi Mane, 13 Tetor 2011 1. Na merre, ta kam sjell\u00eb! E enjte e zez\u00eb, e enjte e gjakosur, e enjte e frikshme dhe plot sarkaz\u00ebm. Dje ka qen\u00eb nj\u00eb nga dit\u00ebt m\u00eb halabake t\u00eb vitit. Bashkimi Evropian ia nxiu fytyr\u00ebn si sholl\u00eb k\u00ebpuce vendit tim, Komisioneri i Zgjerimit, ish komunisti \u00e7ek Stefan Fule [&hellip;]","og_url":"https:\/\/fjala.info\/2009-2015\/driteroi-dhe-sadija-pine-raki-me-nje-vrases\/","og_site_name":"FjALA e LIR\u00cb - Arkivi","article_published_time":"2011-10-14T10:17:46+00:00","og_image":[{"url":"http:\/\/www.shkoder.net\/images\/fjala\/2011\/driteroi_sadija.jpg","type":"","width":"","height":""}],"author":"admin","twitter_card":"summary_large_image","twitter_misc":{"Written by":"admin","Est. reading time":"5 minutes"},"schema":{"@context":"https:\/\/schema.org","@graph":[{"@type":"Article","@id":"https:\/\/fjala.info\/2009-2015\/driteroi-dhe-sadija-pine-raki-me-nje-vrases\/#article","isPartOf":{"@id":"https:\/\/fjala.info\/2009-2015\/driteroi-dhe-sadija-pine-raki-me-nje-vrases\/"},"author":{"name":"admin","@id":"https:\/\/fjala.info\/2009-2015\/#\/schema\/person\/3aa1163ef05469c496fc94e77611ada2"},"headline":"Drit\u00ebroi dhe Sadija pin\u00eb raki me nj\u00eb vras\u00ebs","datePublished":"2011-10-14T10:17:46+00:00","mainEntityOfPage":{"@id":"https:\/\/fjala.info\/2009-2015\/driteroi-dhe-sadija-pine-raki-me-nje-vrases\/"},"wordCount":1083,"commentCount":0,"publisher":{"@id":"https:\/\/fjala.info\/2009-2015\/#organization"},"image":{"@id":"https:\/\/fjala.info\/2009-2015\/driteroi-dhe-sadija-pine-raki-me-nje-vrases\/#primaryimage"},"thumbnailUrl":"http:\/\/www.shkoder.net\/images\/fjala\/2011\/driteroi_sadija.jpg","articleSection":["Artikuj"],"inLanguage":"sq-AL","potentialAction":[{"@type":"CommentAction","name":"Comment","target":["https:\/\/fjala.info\/2009-2015\/driteroi-dhe-sadija-pine-raki-me-nje-vrases\/#respond"]}]},{"@type":"WebPage","@id":"https:\/\/fjala.info\/2009-2015\/driteroi-dhe-sadija-pine-raki-me-nje-vrases\/","url":"https:\/\/fjala.info\/2009-2015\/driteroi-dhe-sadija-pine-raki-me-nje-vrases\/","name":"Drit\u00ebroi dhe Sadija pin\u00eb raki me nj\u00eb vras\u00ebs - FjALA e LIR\u00cb - Arkivi","isPartOf":{"@id":"https:\/\/fjala.info\/2009-2015\/#website"},"primaryImageOfPage":{"@id":"https:\/\/fjala.info\/2009-2015\/driteroi-dhe-sadija-pine-raki-me-nje-vrases\/#primaryimage"},"image":{"@id":"https:\/\/fjala.info\/2009-2015\/driteroi-dhe-sadija-pine-raki-me-nje-vrases\/#primaryimage"},"thumbnailUrl":"http:\/\/www.shkoder.net\/images\/fjala\/2011\/driteroi_sadija.jpg","datePublished":"2011-10-14T10:17:46+00:00","breadcrumb":{"@id":"https:\/\/fjala.info\/2009-2015\/driteroi-dhe-sadija-pine-raki-me-nje-vrases\/#breadcrumb"},"inLanguage":"sq-AL","potentialAction":[{"@type":"ReadAction","target":["https:\/\/fjala.info\/2009-2015\/driteroi-dhe-sadija-pine-raki-me-nje-vrases\/"]}]},{"@type":"ImageObject","inLanguage":"sq-AL","@id":"https:\/\/fjala.info\/2009-2015\/driteroi-dhe-sadija-pine-raki-me-nje-vrases\/#primaryimage","url":"http:\/\/www.shkoder.net\/images\/fjala\/2011\/driteroi_sadija.jpg","contentUrl":"http:\/\/www.shkoder.net\/images\/fjala\/2011\/driteroi_sadija.jpg"},{"@type":"BreadcrumbList","@id":"https:\/\/fjala.info\/2009-2015\/driteroi-dhe-sadija-pine-raki-me-nje-vrases\/#breadcrumb","itemListElement":[{"@type":"ListItem","position":1,"name":"Home","item":"https:\/\/fjala.info\/2009-2015\/"},{"@type":"ListItem","position":2,"name":"Drit\u00ebroi dhe Sadija pin\u00eb raki me nj\u00eb vras\u00ebs"}]},{"@type":"WebSite","@id":"https:\/\/fjala.info\/2009-2015\/#website","url":"https:\/\/fjala.info\/2009-2015\/","name":"FjALA e LIR\u00cb - Arkivi","description":"Arkivi 2009-2015","publisher":{"@id":"https:\/\/fjala.info\/2009-2015\/#organization"},"potentialAction":[{"@type":"SearchAction","target":{"@type":"EntryPoint","urlTemplate":"https:\/\/fjala.info\/2009-2015\/?s={search_term_string}"},"query-input":{"@type":"PropertyValueSpecification","valueRequired":true,"valueName":"search_term_string"}}],"inLanguage":"sq-AL"},{"@type":"Organization","@id":"https:\/\/fjala.info\/2009-2015\/#organization","name":"FjALA e LIR\u00cb - Arkivi","url":"https:\/\/fjala.info\/2009-2015\/","logo":{"@type":"ImageObject","inLanguage":"sq-AL","@id":"https:\/\/fjala.info\/2009-2015\/#\/schema\/logo\/image\/","url":"","contentUrl":"","caption":"FjALA e LIR\u00cb - Arkivi"},"image":{"@id":"https:\/\/fjala.info\/2009-2015\/#\/schema\/logo\/image\/"}},{"@type":"Person","@id":"https:\/\/fjala.info\/2009-2015\/#\/schema\/person\/3aa1163ef05469c496fc94e77611ada2","name":"admin","image":{"@type":"ImageObject","inLanguage":"sq-AL","@id":"https:\/\/fjala.info\/2009-2015\/wp-content\/uploads\/2012\/02\/arben_cokaj-120x150.jpg","url":"https:\/\/fjala.info\/2009-2015\/wp-content\/uploads\/2012\/02\/arben_cokaj-120x150.jpg","contentUrl":"https:\/\/fjala.info\/2009-2015\/wp-content\/uploads\/2012\/02\/arben_cokaj-120x150.jpg","caption":"admin"},"description":"Admin, Fjala e Lir\u00eb","sameAs":["https:\/\/fjala.info\/"],"url":"https:\/\/fjala.info\/2009-2015\/author\/admin\/"}]}},"_links":{"self":[{"href":"https:\/\/fjala.info\/2009-2015\/wp-json\/wp\/v2\/posts\/10975","targetHints":{"allow":["GET"]}}],"collection":[{"href":"https:\/\/fjala.info\/2009-2015\/wp-json\/wp\/v2\/posts"}],"about":[{"href":"https:\/\/fjala.info\/2009-2015\/wp-json\/wp\/v2\/types\/post"}],"author":[{"embeddable":true,"href":"https:\/\/fjala.info\/2009-2015\/wp-json\/wp\/v2\/users\/1"}],"replies":[{"embeddable":true,"href":"https:\/\/fjala.info\/2009-2015\/wp-json\/wp\/v2\/comments?post=10975"}],"version-history":[{"count":0,"href":"https:\/\/fjala.info\/2009-2015\/wp-json\/wp\/v2\/posts\/10975\/revisions"}],"wp:attachment":[{"href":"https:\/\/fjala.info\/2009-2015\/wp-json\/wp\/v2\/media?parent=10975"}],"wp:term":[{"taxonomy":"category","embeddable":true,"href":"https:\/\/fjala.info\/2009-2015\/wp-json\/wp\/v2\/categories?post=10975"},{"taxonomy":"post_tag","embeddable":true,"href":"https:\/\/fjala.info\/2009-2015\/wp-json\/wp\/v2\/tags?post=10975"}],"curies":[{"name":"wp","href":"https:\/\/api.w.org\/{rel}","templated":true}]}}