{"id":10972,"date":"2011-10-12T11:11:06","date_gmt":"2011-10-12T10:11:06","guid":{"rendered":"http:\/\/fjala.shkoder.net\/?p=10972"},"modified":"2011-10-12T11:11:06","modified_gmt":"2011-10-12T10:11:06","slug":"migjeni-shume-i-madh-per-qeveritare-te-vegjel","status":"publish","type":"post","link":"https:\/\/fjala.info\/2009-2015\/migjeni-shume-i-madh-per-qeveritare-te-vegjel\/","title":{"rendered":"Migjeni, shum\u00eb i madh p\u00ebr qeveritar\u00eb t\u00eb vegj\u00ebl"},"content":{"rendered":"<p><img decoding=\"async\" class=\"alignright size-thumbnail wp-image-7236\" title=\"Pre\u00e7 Zogaj\" src=\"http:\/\/www.shkoder.net\/images\/fjala\/prec_zogaj.jpg\" alt=\"\" width=\"150\" \/> <strong>Pre\u00e7 Zogaj<\/strong><\/p>\n<p>Nes\u00ebr mbushet plot nj\u00eb shekull nga dita e lindjes s\u00eb poetit dhe prozatorit t\u00eb madh shqiptar, Millosh Gjergj Nikolla ( Migjeni). Vepra e tij, modeste n\u00eb volum- Migjeni vdiq shum\u00eb i ri, pa i mbushur nj\u00ebzet e shtat\u00eb vje\u00e7- \u00ebsht\u00eb mjaft e njohur p\u00ebr lexuesin e gjer\u00eb shqiptar. Kjo edhe fal\u00eb vendit t\u00eb merituar q\u00eb i \u00ebsht\u00eb dh\u00ebn\u00eb k\u00ebsaj vepre n\u00eb tekstet e shkollore dhe fal\u00eb parap\u00eblqimit t\u00eb aktor\u00ebve t\u00eb \u00e7do brezi p\u00ebr ta lexuar n\u00eb publik apo n\u00eb media. Migjeni, nj\u00eb poet elitar, \u00ebsht\u00eb nj\u00ebkoh\u00ebsisht nd\u00ebr m\u00eb popullor\u00ebt q\u00eb kemi. Ky mund t\u00eb jet\u00eb shp\u00ebrblimi posmortum i fatit p\u00ebr ket\u00eb f\u00ebmij\u00eb t\u00eb muzave, q\u00eb jetoi dhe vdiq pothuajse pa u ven\u00eb re, i vet\u00ebdijsh\u00ebm p\u00ebr dhuntit\u00eb e rralla q\u00eb kishte, t\u00eb cilat i shkriu bujarisht deri n\u00eb frym\u00ebn e fundit, kur shkroi fjal\u00ebt \u201cnuk flitet ma\u201d, mbi t\u00eb cilat u k\u00ebput pa jet\u00eb dora e tij prej mjeshtri.<\/p>\n<p>Nuk ka qen\u00eb e nevojshme, megjithat\u00eb, t\u2019i imponohet kultur\u00ebs n\u00eb forma ekstraletrare. Lavdia e Migjenit ka qen\u00eb, \u00ebsht\u00eb dhe do t\u00eb jet\u00eb cil\u00ebsia e lart\u00eb e krijimtaris\u00eb s\u00eb tij. P\u00ebr t\u00eb \u00ebsht\u00eb shkruar kurdoher\u00eb me superlative nga penat me t\u00eb mira t\u00eb let\u00ebrsis\u00eb dhe kritik\u00ebs. Edhe k\u00ebt\u00eb vit, m\u00eb sakt\u00eb k\u00ebto dit\u00eb, me sa dim\u00eb, p\u00ebrve\u00e7 disa veprimtarive t\u00eb posa\u00e7me p\u00ebr nder t\u00eb nj\u00ebqindvjetorit t\u00eb tij, do t\u00eb shohin drit\u00ebn e botimit dy libra t\u00eb rinj p\u00ebr Migjenin nga dy autor\u00eb t\u00eb shquar t\u00eb bot\u00ebs akademike- universitare dhe letrare, nga Alfred U\u00e7i dhe Nasho Jorgaqi.<\/p>\n<p>Por n\u00eb k\u00ebt\u00eb nj\u00ebqind vjetor t\u00eb poetit qeveria dhe Ministria e Kultur\u00ebs nuk e shpall\u00ebn vitin dymij\u00eb e nj\u00ebmb\u00ebdhjet\u00eb vitin \u201cMigjeni\u201d, si\u00e7 kan\u00eb b\u00ebr\u00eb gjat\u00eb dekad\u00ebs s\u00eb fundit me figura t\u00eb tjera t\u00eb ndritura t\u00eb kultur\u00ebs komb\u00ebtare, t\u00eb vdekur dhe t\u00eb gjall\u00eb, si Mitrush Kuteli, Lasgush Poradeci, Martin Camaj, Petro Marko, Ismail Kadare e tjer\u00eb.<\/p>\n<p>Shkodra, qyteti i lindjes, s\u00eb cil\u00ebs Migjeni i k\u00ebndoi dhe i blatoi fjal\u00eb q\u00eb nuk lexohen, por k\u00ebndohen, aq af\u00ebr jan\u00eb me muzik\u00ebn, pra kjo Shkod\u00ebr e nominuar me t\u00eb drejt\u00eb n\u00ebp\u00ebr vite dhe dekada si djep kulture dhe \u00e7etele arti, \u00e7far\u00eb ka b\u00ebr\u00eb, \u00e7far\u00eb ka p\u00ebrgatitur p\u00ebr nj\u00ebqindvjetorin e ikon\u00ebs letrare q\u00eb muzat i dhan\u00eb asaj? Nuk shohim t\u00eb ket\u00eb b\u00ebr\u00eb ndonj\u00eb gj\u00eb p\u00ebr t\u00eb qen\u00eb. N\u00eb vend q\u00eb t\u00eb na befasoj\u00eb me ndonj\u00eb gjetje t\u00eb denj\u00eb p\u00ebr lart\u00ebsin\u00eb e poetit, Shkodra rrezikon t\u00eb na befasoj\u00eb dhe trishtoj\u00eb me indiferenc\u00ebn e saj.<\/p>\n<p>A \u00ebsht\u00eb kjo nj\u00eb harres\u00eb e paq\u00ebllimshme injorant\u00ebsh pa asnj\u00eb lidhje me kultur\u00ebn dhe artin, nga ata q\u00eb jan\u00eb kacavarur n\u00eb shtyll\u00ebn e pushtetit vet\u00ebn p\u00ebr t\u00eb b\u00ebr\u00eb lek\u00eb? Apo ka di\u00e7ka t\u00eb programuar dhe t\u00eb q\u00ebllimshme n\u00eb gjith\u00eb p\u00ebrpjekjet q\u00eb b\u00ebhen p\u00ebr t\u00eb zvog\u00ebluar dhe mund\u00ebsisht injoruar figur\u00ebn e Migjenit?<\/p>\n<p>Ka injoranc\u00eb kudo ku shp\u00ebrfillen apo dhunohen vlerat. Kjo \u00ebsht\u00eb si nj\u00eb e b\u00ebjn\u00eb dy. Por rezervohem t\u00eb pohoj se harresa p\u00ebr Migjenin \u00ebsht\u00eb e paq\u00ebllimshme. Injorant\u00ebt n\u00eb nj\u00eb an\u00eb dhe nj\u00eb tak\u00ebm politikan\u00ebsh n\u00eb an\u00ebn tjet\u00ebr e kan\u00eb kapur kaher\u00eb me Migjenin. M\u00eb par\u00eb ishte b\u00ebr\u00eb me dije se muzeu i tij modest n\u00eb Shkod\u00ebr ishte mbyllur, se edhe varri i tij atje ishte profanuar. Reflekset e nj\u00eb fryme t\u00eb till\u00eb, diku me frym\u00ebzim klerikal, diku me frym\u00ebzim antikomunist, her\u00eb mbyt\u00ebse, her\u00eb edhe armiq\u00ebsore kund\u00ebr poetit, mb\u00ebrrit\u00ebn pastaj deri n\u00eb zyrat shtet\u00ebrore ku pag\u00ebzoheshin \u00e7mimet komb\u00ebtare t\u00eb let\u00ebrsis\u00eb dhe ku Migjeni u zhgradua, duke e lidhur emrin e tij me nj\u00eb \u00e7mim t\u00eb dor\u00ebs s\u00eb dyt\u00eb q\u00eb u jepej letrar\u00ebve debutues. Rasti ishte shqet\u00ebsues jo se Lasgush Poradeci, me emrin e t\u00eb cilit ishte pag\u00ebzuar \u00e7mimi kryesor, nuk \u00ebsht\u00eb nj\u00eb poet shum\u00eb i mir\u00eb, por nuk ka dyshim se \u00e7do juri profesionist\u00ebsh do t\u00eb vendoste Migjenin t\u00eb parin. Pa u menduar gjat\u00eb.<\/p>\n<p>Revanshizmi, lin\u00e7imet, bllokada e heshtjes apo edhe fushatat kund\u00ebr vepr\u00ebs s\u00eb Migjenit nuk kan\u00eb pasur asnj\u00ebher\u00eb justifikim. At\u00eb dhe vepr\u00ebn e tij nuk i lidh asnj\u00eb me komunizmin. Antiklerikalizmi i tij \u00ebsht\u00eb nj\u00eb dukuri filozofike dhe kulturore shum\u00eb e p\u00ebrhapur n\u00eb bot\u00ebn e p\u00ebrparuar. Megjithat\u00eb, kjo q\u00eb ka ndodhur mund t\u00eb konsiderohet nj\u00eb nga ato stihit\u00eb kalimtare q\u00eb madh\u00ebshtia i pranon pa fjal\u00eb. Koha pas viteve n\u00ebnt\u00ebdhjet\u00eb ka qen\u00eb koha p\u00ebr t\u00eb nxjerr\u00eb nga harresa dhe syrgjyni shkrimtar\u00ebt e ndaluar nga regjimi komunist, si Gjergj Fishta, Martin Camaj e tjer\u00eb. N\u00eb k\u00ebto rrethana, shum\u00ebkush, ndoshta edhe migjenian\u00ebt me t\u00eb spikatur, e kan\u00eb pranuar nj\u00eb far\u00eb \u201cmoratoriumi\u201d n\u00eb lidhje me kujtimin e dhe lavdin\u00eb e Migjenit, me iden\u00eb fisnike q\u00eb vala e v\u00ebmendjes, respektit dhe venerimit t\u00eb merituar t\u00eb kthehet nga ata, t\u00eb cil\u00ebt u censuruan politikisht p\u00ebr nj\u00eb gjysm\u00eb shekulli. Ka qen\u00eb dhe \u00ebsht\u00eb akoma e drejt\u00eb q\u00eb skena t\u2019u jepet me p\u00ebrpar\u00ebsi atyre, derisa p\u00ebr gjith\u00eb shkrimtar\u00ebt e v\u00ebrtet\u00eb t\u00eb vendoset nj\u00eblloj pariteti n\u00eb planin e njohjes me mjetet publike .<\/p>\n<p>Por kjo sjellje nuk do t\u00eb ishte fisnike n\u00ebse n\u00eb em\u00ebr t\u00eb rehabilitimit t\u00eb disave t\u00eb persekutohen disa t\u00eb tjer\u00eb. Vjen nj\u00eb moment kur p\u00ebrtej \u00e7do rivendikimi politik n\u00eb lidhje me fatin e autor\u00ebve, vlerat q\u00eb ata kan\u00eb krijuar sistemohen n\u00ebp\u00ebr vendet e veta dhe rikrijojn\u00eb hierarkin\u00eb artistike, e vetmja hierarki e v\u00ebrtet\u00eb dhe jet\u00ebgjat\u00eb n\u00eb let\u00ebrsi. \u00cbsht\u00eb e qart\u00eb se nuk jan\u00eb padrejt\u00ebsit\u00eb e m\u00ebdha por \u00ebsht\u00eb arti i madh ai q\u00eb p\u00ebrcakton n\u00eb k\u00ebt\u00eb renditje. E dim\u00eb mir\u00eb poet\u00ebt, studiuesit dhe kritik\u00ebt e mir\u00ebfillt\u00eb t\u00eb Shqip\u00ebris\u00eb; e di Ismail Kadare, Drit\u00ebro Agolli, Fatos Arapi, Xhevahir Spahiu, Rodolf Marku, Moikom Zeqo e mjaft t\u00eb tjer\u00eb akoma m\u00eb t\u00eb rinj, me t\u00eb cil\u00ebt kam pasur rastin t\u00eb bisedoj gjer\u00eb e gjat\u00eb p\u00ebr poezin\u00eb shqipe, se Migjeni ka kuror\u00ebn e mbretit t\u00eb poezis\u00eb. P\u00ebr t\u00eb mund t\u00eb thuhen fjal\u00ebt q\u00eb ka th\u00ebn\u00eb Maksim Gorki p\u00ebr Eseninin se ishte nj\u00eb organ i lindur p\u00ebr poezi.<\/p>\n<p>Gjuha shqipe ka kaluar nj\u00eb sprov\u00eb dhe ka fituar nj\u00eb nder t\u00eb madh duke artikuluar nj\u00eb shpirt dhe nj\u00eb vizion aq thell\u00eb si ai q\u00eb plazmohet n\u00eb vepr\u00ebn e Migjenit. E megjithat\u00eb, ndoshta edhe p\u00ebr arsye se ky poet i madh vetmitar nuk vlen p\u00ebr t\u00eb sh\u00ebrbyer interesat propagandistike t\u00eb qeveris\u00eb apo t\u00eb korenteve kulturore pran\u00eb saj, qeveria dhe ministria nuk e kan\u00eb shpallur vitin e nj\u00ebqind vjetorit t\u00eb lindjes s\u00eb tij vitin \u201cMigjeni\u201d. Kan\u00eb gabuar. Kan\u00eb fyer veten. Kan\u00eb provokuar kultur\u00ebn. Kan\u00eb treguar sa t\u00eb vegj\u00ebl jan\u00eb.<\/p>\n<p>Inteligjenca e iluminuar shqiptare nuk mund t\u00eb pranoj\u00eb q\u00eb Migjeni t\u00eb b\u00ebhet nd\u00ebrgjegjja e saj e vrar\u00eb. P\u00ebr gjith\u00eb njer\u00ebzit q\u00eb kan\u00eb kultin e adhurimit t\u00eb vlerave maksimale n\u00eb k\u00ebt\u00eb vend, njer\u00ebz t\u00eb kultur\u00ebs qofshin apo t\u00eb fushave t\u00eb tjera, ka ardhur koha me e shk\u00ebput\u00eb nj\u00ebher\u00eb e mir\u00eb poetin e dhimbjes krenare nga n\u00ebp\u00ebrk\u00ebmbja e injoranc\u00ebs, shp\u00ebrfilljes, keqdashjes apo edhe e urrejtjes s\u00eb ndokujt. Kjo, n\u00eb fakt, \u00ebsht\u00eb nj\u00eb sfid\u00eb ndaj degradimit dhe korrupsionit politik dhe shoq\u00ebror q\u00eb po bren k\u00ebt\u00eb vend. Sfid\u00eb e denj\u00eb p\u00ebr qytet\u00ebrimin.<\/p>\n","protected":false},"excerpt":{"rendered":"<p>Pre\u00e7 Zogaj Nes\u00ebr mbushet plot nj\u00eb shekull nga dita e lindjes s\u00eb poetit dhe prozatorit t\u00eb madh shqiptar, Millosh Gjergj Nikolla ( Migjeni). Vepra e tij, modeste n\u00eb volum- Migjeni vdiq shum\u00eb i ri, pa i mbushur nj\u00ebzet e shtat\u00eb vje\u00e7- \u00ebsht\u00eb mjaft e njohur p\u00ebr lexuesin e gjer\u00eb shqiptar. Kjo edhe fal\u00eb vendit t\u00eb [&hellip;]<\/p>\n","protected":false},"author":1,"featured_media":0,"comment_status":"open","ping_status":"closed","sticky":false,"template":"","format":"standard","meta":{"footnotes":""},"categories":[2],"tags":[],"class_list":{"0":"post-10972","1":"post","2":"type-post","3":"status-publish","4":"format-standard","6":"category-artikuj"},"yoast_head":"<!-- This site is optimized with the Yoast SEO plugin v27.4 - https:\/\/yoast.com\/product\/yoast-seo-wordpress\/ -->\n<title>Migjeni, shum\u00eb i madh p\u00ebr qeveritar\u00eb t\u00eb vegj\u00ebl - FjALA e LIR\u00cb - Arkivi<\/title>\n<meta name=\"robots\" content=\"index, follow, max-snippet:-1, max-image-preview:large, max-video-preview:-1\" \/>\n<link rel=\"canonical\" href=\"https:\/\/fjala.info\/2009-2015\/migjeni-shume-i-madh-per-qeveritare-te-vegjel\/\" \/>\n<meta property=\"og:locale\" content=\"sq_AL\" \/>\n<meta property=\"og:type\" content=\"article\" \/>\n<meta property=\"og:title\" content=\"Migjeni, shum\u00eb i madh p\u00ebr qeveritar\u00eb t\u00eb vegj\u00ebl - FjALA e LIR\u00cb - Arkivi\" \/>\n<meta property=\"og:description\" content=\"Pre\u00e7 Zogaj Nes\u00ebr mbushet plot nj\u00eb shekull nga dita e lindjes s\u00eb poetit dhe prozatorit t\u00eb madh shqiptar, Millosh Gjergj Nikolla ( Migjeni). Vepra e tij, modeste n\u00eb volum- Migjeni vdiq shum\u00eb i ri, pa i mbushur nj\u00ebzet e shtat\u00eb vje\u00e7- \u00ebsht\u00eb mjaft e njohur p\u00ebr lexuesin e gjer\u00eb shqiptar. Kjo edhe fal\u00eb vendit t\u00eb [&hellip;]\" \/>\n<meta property=\"og:url\" content=\"https:\/\/fjala.info\/2009-2015\/migjeni-shume-i-madh-per-qeveritare-te-vegjel\/\" \/>\n<meta property=\"og:site_name\" content=\"FjALA e LIR\u00cb - Arkivi\" \/>\n<meta property=\"article:published_time\" content=\"2011-10-12T10:11:06+00:00\" \/>\n<meta property=\"og:image\" content=\"http:\/\/www.shkoder.net\/images\/fjala\/prec_zogaj.jpg\" \/>\n<meta name=\"author\" content=\"admin\" \/>\n<meta name=\"twitter:card\" content=\"summary_large_image\" \/>\n<meta name=\"twitter:label1\" content=\"Written by\" \/>\n\t<meta name=\"twitter:data1\" content=\"admin\" \/>\n\t<meta name=\"twitter:label2\" content=\"Est. reading time\" \/>\n\t<meta name=\"twitter:data2\" content=\"6 minutes\" \/>\n<script type=\"application\/ld+json\" class=\"yoast-schema-graph\">{\"@context\":\"https:\\\/\\\/schema.org\",\"@graph\":[{\"@type\":\"Article\",\"@id\":\"https:\\\/\\\/fjala.info\\\/2009-2015\\\/migjeni-shume-i-madh-per-qeveritare-te-vegjel\\\/#article\",\"isPartOf\":{\"@id\":\"https:\\\/\\\/fjala.info\\\/2009-2015\\\/migjeni-shume-i-madh-per-qeveritare-te-vegjel\\\/\"},\"author\":{\"name\":\"admin\",\"@id\":\"https:\\\/\\\/fjala.info\\\/2009-2015\\\/#\\\/schema\\\/person\\\/3aa1163ef05469c496fc94e77611ada2\"},\"headline\":\"Migjeni, shum\u00eb i madh p\u00ebr qeveritar\u00eb t\u00eb vegj\u00ebl\",\"datePublished\":\"2011-10-12T10:11:06+00:00\",\"mainEntityOfPage\":{\"@id\":\"https:\\\/\\\/fjala.info\\\/2009-2015\\\/migjeni-shume-i-madh-per-qeveritare-te-vegjel\\\/\"},\"wordCount\":1302,\"commentCount\":0,\"publisher\":{\"@id\":\"https:\\\/\\\/fjala.info\\\/2009-2015\\\/#organization\"},\"image\":{\"@id\":\"https:\\\/\\\/fjala.info\\\/2009-2015\\\/migjeni-shume-i-madh-per-qeveritare-te-vegjel\\\/#primaryimage\"},\"thumbnailUrl\":\"http:\\\/\\\/www.shkoder.net\\\/images\\\/fjala\\\/prec_zogaj.jpg\",\"articleSection\":[\"Artikuj\"],\"inLanguage\":\"sq-AL\",\"potentialAction\":[{\"@type\":\"CommentAction\",\"name\":\"Comment\",\"target\":[\"https:\\\/\\\/fjala.info\\\/2009-2015\\\/migjeni-shume-i-madh-per-qeveritare-te-vegjel\\\/#respond\"]}]},{\"@type\":\"WebPage\",\"@id\":\"https:\\\/\\\/fjala.info\\\/2009-2015\\\/migjeni-shume-i-madh-per-qeveritare-te-vegjel\\\/\",\"url\":\"https:\\\/\\\/fjala.info\\\/2009-2015\\\/migjeni-shume-i-madh-per-qeveritare-te-vegjel\\\/\",\"name\":\"Migjeni, shum\u00eb i madh p\u00ebr qeveritar\u00eb t\u00eb vegj\u00ebl - FjALA e LIR\u00cb - Arkivi\",\"isPartOf\":{\"@id\":\"https:\\\/\\\/fjala.info\\\/2009-2015\\\/#website\"},\"primaryImageOfPage\":{\"@id\":\"https:\\\/\\\/fjala.info\\\/2009-2015\\\/migjeni-shume-i-madh-per-qeveritare-te-vegjel\\\/#primaryimage\"},\"image\":{\"@id\":\"https:\\\/\\\/fjala.info\\\/2009-2015\\\/migjeni-shume-i-madh-per-qeveritare-te-vegjel\\\/#primaryimage\"},\"thumbnailUrl\":\"http:\\\/\\\/www.shkoder.net\\\/images\\\/fjala\\\/prec_zogaj.jpg\",\"datePublished\":\"2011-10-12T10:11:06+00:00\",\"breadcrumb\":{\"@id\":\"https:\\\/\\\/fjala.info\\\/2009-2015\\\/migjeni-shume-i-madh-per-qeveritare-te-vegjel\\\/#breadcrumb\"},\"inLanguage\":\"sq-AL\",\"potentialAction\":[{\"@type\":\"ReadAction\",\"target\":[\"https:\\\/\\\/fjala.info\\\/2009-2015\\\/migjeni-shume-i-madh-per-qeveritare-te-vegjel\\\/\"]}]},{\"@type\":\"ImageObject\",\"inLanguage\":\"sq-AL\",\"@id\":\"https:\\\/\\\/fjala.info\\\/2009-2015\\\/migjeni-shume-i-madh-per-qeveritare-te-vegjel\\\/#primaryimage\",\"url\":\"http:\\\/\\\/www.shkoder.net\\\/images\\\/fjala\\\/prec_zogaj.jpg\",\"contentUrl\":\"http:\\\/\\\/www.shkoder.net\\\/images\\\/fjala\\\/prec_zogaj.jpg\"},{\"@type\":\"BreadcrumbList\",\"@id\":\"https:\\\/\\\/fjala.info\\\/2009-2015\\\/migjeni-shume-i-madh-per-qeveritare-te-vegjel\\\/#breadcrumb\",\"itemListElement\":[{\"@type\":\"ListItem\",\"position\":1,\"name\":\"Home\",\"item\":\"https:\\\/\\\/fjala.info\\\/2009-2015\\\/\"},{\"@type\":\"ListItem\",\"position\":2,\"name\":\"Migjeni, shum\u00eb i madh p\u00ebr qeveritar\u00eb t\u00eb vegj\u00ebl\"}]},{\"@type\":\"WebSite\",\"@id\":\"https:\\\/\\\/fjala.info\\\/2009-2015\\\/#website\",\"url\":\"https:\\\/\\\/fjala.info\\\/2009-2015\\\/\",\"name\":\"FjALA e LIR\u00cb - Arkivi\",\"description\":\"Arkivi 2009-2015\",\"publisher\":{\"@id\":\"https:\\\/\\\/fjala.info\\\/2009-2015\\\/#organization\"},\"potentialAction\":[{\"@type\":\"SearchAction\",\"target\":{\"@type\":\"EntryPoint\",\"urlTemplate\":\"https:\\\/\\\/fjala.info\\\/2009-2015\\\/?s={search_term_string}\"},\"query-input\":{\"@type\":\"PropertyValueSpecification\",\"valueRequired\":true,\"valueName\":\"search_term_string\"}}],\"inLanguage\":\"sq-AL\"},{\"@type\":\"Organization\",\"@id\":\"https:\\\/\\\/fjala.info\\\/2009-2015\\\/#organization\",\"name\":\"FjALA e LIR\u00cb - Arkivi\",\"url\":\"https:\\\/\\\/fjala.info\\\/2009-2015\\\/\",\"logo\":{\"@type\":\"ImageObject\",\"inLanguage\":\"sq-AL\",\"@id\":\"https:\\\/\\\/fjala.info\\\/2009-2015\\\/#\\\/schema\\\/logo\\\/image\\\/\",\"url\":\"\",\"contentUrl\":\"\",\"caption\":\"FjALA e LIR\u00cb - Arkivi\"},\"image\":{\"@id\":\"https:\\\/\\\/fjala.info\\\/2009-2015\\\/#\\\/schema\\\/logo\\\/image\\\/\"}},{\"@type\":\"Person\",\"@id\":\"https:\\\/\\\/fjala.info\\\/2009-2015\\\/#\\\/schema\\\/person\\\/3aa1163ef05469c496fc94e77611ada2\",\"name\":\"admin\",\"image\":{\"@type\":\"ImageObject\",\"inLanguage\":\"sq-AL\",\"@id\":\"https:\\\/\\\/fjala.info\\\/2009-2015\\\/wp-content\\\/uploads\\\/2012\\\/02\\\/arben_cokaj-120x150.jpg\",\"url\":\"https:\\\/\\\/fjala.info\\\/2009-2015\\\/wp-content\\\/uploads\\\/2012\\\/02\\\/arben_cokaj-120x150.jpg\",\"contentUrl\":\"https:\\\/\\\/fjala.info\\\/2009-2015\\\/wp-content\\\/uploads\\\/2012\\\/02\\\/arben_cokaj-120x150.jpg\",\"caption\":\"admin\"},\"description\":\"Admin, Fjala e Lir\u00eb\",\"sameAs\":[\"https:\\\/\\\/fjala.info\\\/\"],\"url\":\"https:\\\/\\\/fjala.info\\\/2009-2015\\\/author\\\/admin\\\/\"}]}<\/script>\n<!-- \/ Yoast SEO plugin. -->","yoast_head_json":{"title":"Migjeni, shum\u00eb i madh p\u00ebr qeveritar\u00eb t\u00eb vegj\u00ebl - FjALA e LIR\u00cb - Arkivi","robots":{"index":"index","follow":"follow","max-snippet":"max-snippet:-1","max-image-preview":"max-image-preview:large","max-video-preview":"max-video-preview:-1"},"canonical":"https:\/\/fjala.info\/2009-2015\/migjeni-shume-i-madh-per-qeveritare-te-vegjel\/","og_locale":"sq_AL","og_type":"article","og_title":"Migjeni, shum\u00eb i madh p\u00ebr qeveritar\u00eb t\u00eb vegj\u00ebl - FjALA e LIR\u00cb - Arkivi","og_description":"Pre\u00e7 Zogaj Nes\u00ebr mbushet plot nj\u00eb shekull nga dita e lindjes s\u00eb poetit dhe prozatorit t\u00eb madh shqiptar, Millosh Gjergj Nikolla ( Migjeni). Vepra e tij, modeste n\u00eb volum- Migjeni vdiq shum\u00eb i ri, pa i mbushur nj\u00ebzet e shtat\u00eb vje\u00e7- \u00ebsht\u00eb mjaft e njohur p\u00ebr lexuesin e gjer\u00eb shqiptar. Kjo edhe fal\u00eb vendit t\u00eb [&hellip;]","og_url":"https:\/\/fjala.info\/2009-2015\/migjeni-shume-i-madh-per-qeveritare-te-vegjel\/","og_site_name":"FjALA e LIR\u00cb - Arkivi","article_published_time":"2011-10-12T10:11:06+00:00","og_image":[{"url":"http:\/\/www.shkoder.net\/images\/fjala\/prec_zogaj.jpg","type":"","width":"","height":""}],"author":"admin","twitter_card":"summary_large_image","twitter_misc":{"Written by":"admin","Est. reading time":"6 minutes"},"schema":{"@context":"https:\/\/schema.org","@graph":[{"@type":"Article","@id":"https:\/\/fjala.info\/2009-2015\/migjeni-shume-i-madh-per-qeveritare-te-vegjel\/#article","isPartOf":{"@id":"https:\/\/fjala.info\/2009-2015\/migjeni-shume-i-madh-per-qeveritare-te-vegjel\/"},"author":{"name":"admin","@id":"https:\/\/fjala.info\/2009-2015\/#\/schema\/person\/3aa1163ef05469c496fc94e77611ada2"},"headline":"Migjeni, shum\u00eb i madh p\u00ebr qeveritar\u00eb t\u00eb vegj\u00ebl","datePublished":"2011-10-12T10:11:06+00:00","mainEntityOfPage":{"@id":"https:\/\/fjala.info\/2009-2015\/migjeni-shume-i-madh-per-qeveritare-te-vegjel\/"},"wordCount":1302,"commentCount":0,"publisher":{"@id":"https:\/\/fjala.info\/2009-2015\/#organization"},"image":{"@id":"https:\/\/fjala.info\/2009-2015\/migjeni-shume-i-madh-per-qeveritare-te-vegjel\/#primaryimage"},"thumbnailUrl":"http:\/\/www.shkoder.net\/images\/fjala\/prec_zogaj.jpg","articleSection":["Artikuj"],"inLanguage":"sq-AL","potentialAction":[{"@type":"CommentAction","name":"Comment","target":["https:\/\/fjala.info\/2009-2015\/migjeni-shume-i-madh-per-qeveritare-te-vegjel\/#respond"]}]},{"@type":"WebPage","@id":"https:\/\/fjala.info\/2009-2015\/migjeni-shume-i-madh-per-qeveritare-te-vegjel\/","url":"https:\/\/fjala.info\/2009-2015\/migjeni-shume-i-madh-per-qeveritare-te-vegjel\/","name":"Migjeni, shum\u00eb i madh p\u00ebr qeveritar\u00eb t\u00eb vegj\u00ebl - FjALA e LIR\u00cb - Arkivi","isPartOf":{"@id":"https:\/\/fjala.info\/2009-2015\/#website"},"primaryImageOfPage":{"@id":"https:\/\/fjala.info\/2009-2015\/migjeni-shume-i-madh-per-qeveritare-te-vegjel\/#primaryimage"},"image":{"@id":"https:\/\/fjala.info\/2009-2015\/migjeni-shume-i-madh-per-qeveritare-te-vegjel\/#primaryimage"},"thumbnailUrl":"http:\/\/www.shkoder.net\/images\/fjala\/prec_zogaj.jpg","datePublished":"2011-10-12T10:11:06+00:00","breadcrumb":{"@id":"https:\/\/fjala.info\/2009-2015\/migjeni-shume-i-madh-per-qeveritare-te-vegjel\/#breadcrumb"},"inLanguage":"sq-AL","potentialAction":[{"@type":"ReadAction","target":["https:\/\/fjala.info\/2009-2015\/migjeni-shume-i-madh-per-qeveritare-te-vegjel\/"]}]},{"@type":"ImageObject","inLanguage":"sq-AL","@id":"https:\/\/fjala.info\/2009-2015\/migjeni-shume-i-madh-per-qeveritare-te-vegjel\/#primaryimage","url":"http:\/\/www.shkoder.net\/images\/fjala\/prec_zogaj.jpg","contentUrl":"http:\/\/www.shkoder.net\/images\/fjala\/prec_zogaj.jpg"},{"@type":"BreadcrumbList","@id":"https:\/\/fjala.info\/2009-2015\/migjeni-shume-i-madh-per-qeveritare-te-vegjel\/#breadcrumb","itemListElement":[{"@type":"ListItem","position":1,"name":"Home","item":"https:\/\/fjala.info\/2009-2015\/"},{"@type":"ListItem","position":2,"name":"Migjeni, shum\u00eb i madh p\u00ebr qeveritar\u00eb t\u00eb vegj\u00ebl"}]},{"@type":"WebSite","@id":"https:\/\/fjala.info\/2009-2015\/#website","url":"https:\/\/fjala.info\/2009-2015\/","name":"FjALA e LIR\u00cb - Arkivi","description":"Arkivi 2009-2015","publisher":{"@id":"https:\/\/fjala.info\/2009-2015\/#organization"},"potentialAction":[{"@type":"SearchAction","target":{"@type":"EntryPoint","urlTemplate":"https:\/\/fjala.info\/2009-2015\/?s={search_term_string}"},"query-input":{"@type":"PropertyValueSpecification","valueRequired":true,"valueName":"search_term_string"}}],"inLanguage":"sq-AL"},{"@type":"Organization","@id":"https:\/\/fjala.info\/2009-2015\/#organization","name":"FjALA e LIR\u00cb - Arkivi","url":"https:\/\/fjala.info\/2009-2015\/","logo":{"@type":"ImageObject","inLanguage":"sq-AL","@id":"https:\/\/fjala.info\/2009-2015\/#\/schema\/logo\/image\/","url":"","contentUrl":"","caption":"FjALA e LIR\u00cb - Arkivi"},"image":{"@id":"https:\/\/fjala.info\/2009-2015\/#\/schema\/logo\/image\/"}},{"@type":"Person","@id":"https:\/\/fjala.info\/2009-2015\/#\/schema\/person\/3aa1163ef05469c496fc94e77611ada2","name":"admin","image":{"@type":"ImageObject","inLanguage":"sq-AL","@id":"https:\/\/fjala.info\/2009-2015\/wp-content\/uploads\/2012\/02\/arben_cokaj-120x150.jpg","url":"https:\/\/fjala.info\/2009-2015\/wp-content\/uploads\/2012\/02\/arben_cokaj-120x150.jpg","contentUrl":"https:\/\/fjala.info\/2009-2015\/wp-content\/uploads\/2012\/02\/arben_cokaj-120x150.jpg","caption":"admin"},"description":"Admin, Fjala e Lir\u00eb","sameAs":["https:\/\/fjala.info\/"],"url":"https:\/\/fjala.info\/2009-2015\/author\/admin\/"}]}},"_links":{"self":[{"href":"https:\/\/fjala.info\/2009-2015\/wp-json\/wp\/v2\/posts\/10972","targetHints":{"allow":["GET"]}}],"collection":[{"href":"https:\/\/fjala.info\/2009-2015\/wp-json\/wp\/v2\/posts"}],"about":[{"href":"https:\/\/fjala.info\/2009-2015\/wp-json\/wp\/v2\/types\/post"}],"author":[{"embeddable":true,"href":"https:\/\/fjala.info\/2009-2015\/wp-json\/wp\/v2\/users\/1"}],"replies":[{"embeddable":true,"href":"https:\/\/fjala.info\/2009-2015\/wp-json\/wp\/v2\/comments?post=10972"}],"version-history":[{"count":0,"href":"https:\/\/fjala.info\/2009-2015\/wp-json\/wp\/v2\/posts\/10972\/revisions"}],"wp:attachment":[{"href":"https:\/\/fjala.info\/2009-2015\/wp-json\/wp\/v2\/media?parent=10972"}],"wp:term":[{"taxonomy":"category","embeddable":true,"href":"https:\/\/fjala.info\/2009-2015\/wp-json\/wp\/v2\/categories?post=10972"},{"taxonomy":"post_tag","embeddable":true,"href":"https:\/\/fjala.info\/2009-2015\/wp-json\/wp\/v2\/tags?post=10972"}],"curies":[{"name":"wp","href":"https:\/\/api.w.org\/{rel}","templated":true}]}}