{"id":10968,"date":"2011-10-11T22:38:34","date_gmt":"2011-10-11T21:38:34","guid":{"rendered":"http:\/\/fjala.shkoder.net\/?p=10968"},"modified":"2011-10-11T22:38:34","modified_gmt":"2011-10-11T21:38:34","slug":"evropa-eshte-fundi-i-endrres-se-tij","status":"publish","type":"post","link":"https:\/\/fjala.info\/2009-2015\/evropa-eshte-fundi-i-endrres-se-tij\/","title":{"rendered":"Evropa \u00ebsht\u00eb fundi i \u00ebndrr\u00ebs s\u00eb tij"},"content":{"rendered":"<p><img decoding=\"async\" class=\"alignright size-thumbnail wp-image-7236\" title=\"Mero Baze\" src=\"http:\/\/www.shkoder.net\/images\/fjala\/mero_baze1.jpg\" alt=\"\" width=\"150\" \/> Nga <strong>Mero Baze<\/strong>, <em>11 Tetor 2011<\/em><\/p>\n<p>Zarfi i Sali Berish\u00ebs, i nisur me urgjenc\u00eb dhe hipokrizi qysh n\u00eb 28 prill t\u00eb vitit 2009, ka q\u00ebndruar m\u00eb gjat\u00eb se \u00e7do zarf i ndonj\u00eb shteti tjet\u00ebr, i d\u00ebrguar n\u00eb Bruksel, pa nj\u00eb p\u00ebrgjigje pozitive. P\u00ebr t\u00eb zbutur disi shijen e keqe q\u00eb l\u00eb sot tek shqiptar\u00ebt ky refuzim i p\u00ebrs\u00ebritur i Brukselit p\u00ebr Shqip\u00ebrin\u00eb, duhet t\u2019i hedhim nj\u00eb v\u00ebshtrim konceptit me t\u00eb cilin Sali Berisha ka tentuar ta shkat\u00ebrroj\u00eb procesin, qysh n\u00eb nisje t\u00eb tij, duke e p\u00ebrdorur vet\u00ebm si moment elektoral dhe jo si nj\u00eb proces q\u00eb do t\u00eb evropianizoj\u00eb Shqip\u00ebrin\u00eb.<\/p>\n<p>S\u00eb pari, momenti kur Shqip\u00ebria b\u00ebri k\u00ebrkes\u00ebn, dhe \u00e7mimi me t\u00eb cil\u00ebn e pagoi at\u00eb p\u00ebrdorim elektoral nga Sali Berisha, \u00ebsht\u00eb m\u00eb i larti se \u00e7do vend tjet\u00ebr. N\u00ebn drit\u00ebn e kabllogrameve t\u00eb ambasad\u00ebs s\u00eb SHBA n\u00eb Tiran\u00eb ne kemi par\u00eb se me \u00e7far\u00eb p\u00ebr\u00e7mimi dhe habie aleat\u00ebt tan\u00eb shikonin manovrat elektorale t\u00eb Sali Berish\u00ebs p\u00ebr t\u2019i pranuar nj\u00eb zarf t\u00eb mbyllur n\u00eb Prag\u00eb p\u00ebr t\u00eb na th\u00ebn\u00eb nj\u00eb muaj para zgjedhjeve se na futi n\u00eb Evrop\u00eb. Kryeministri \u00e7ek e priti pasi Berisha kishte mbaruar nj\u00eb kontrat\u00eb r\u00ebnduese p\u00ebr qytetar\u00ebt shqiptar\u00eb duke i shitur CEZ shp\u00ebrndarjen e energjis\u00eb elektrike n\u00eb vend, dhe duke e kusht\u00ebzuar at\u00eb t\u00eb mos e rriste \u00e7mimin deri n\u00eb fund t\u00eb vitit sa t\u00eb mbaronin zgjedhjet.<\/p>\n<p>P\u00ebr t\u00eb siguruar mb\u00ebshtetjen e kryeministrit grek t\u00eb asaj kohe, e priti at\u00eb t\u00eb nes\u00ebrmen n\u00eb Tiran\u00eb dhe firmosi paktin e faljes s\u00eb uj\u00ebrave shqiptare n\u00eb Detin Jon. M\u00eb pas vrapoi n\u00eb Franc\u00eb dhe i premtoi Sarkozis\u00eb blerjen e helikopter\u00ebve francez\u00eb p\u00ebr ushtrin\u00eb shqiptare n\u00eb nj\u00eb shif\u00ebr q\u00eb shkonte rreth 70 milion\u00eb dollar\u00eb. E gjith\u00eb kjo q\u00eb ne t\u00eb gjith\u00eb t\u00eb besonim se ai po na fuste n\u00eb Evrop\u00eb. Ky ishte posht\u00ebrimi i par\u00eb dhe i madh q\u00eb i b\u00ebr\u00eb Sali Berisha k\u00ebtij procesi, duke e strukturuar at\u00eb si proces elektoral.<\/p>\n<p>Pasi Shqip\u00ebria arriti t\u00eb marr\u00eb me vones\u00eb n\u00eb raport me vendet e tjera procesin e liberalizimit t\u00eb vizave, Berisha stopoi p\u00ebrpjekjet e tij p\u00ebr t\u00eb qen\u00eb luajal me Per\u00ebndimin. Fotografia dy vje\u00e7are e Shqip\u00ebris\u00eb pas vitit 2009 \u00ebsht\u00eb fotografia e nj\u00eb vendi anti-per\u00ebndimor. Vendi ka jetuar nj\u00eb kriz\u00eb permanente dhe kryeministri Berisha ka kuror\u00ebzuar raportin e tij kriminal me opozit\u00ebn, duke vrar\u00eb kat\u00ebr qytetar\u00eb q\u00eb protestonin para zyr\u00ebs s\u00eb tij. Vrau me gjakftoht\u00ebsi kur ishin me duar n\u00eb xhepa, dhe b\u00ebri t\u00eb nes\u00ebrmen nj\u00eb nga gjestet m\u00eb anti-per\u00ebndimore q\u00eb ka b\u00ebr\u00eb ndonj\u00eb her\u00eb ndonj\u00eb kryetar shteti n\u00eb bot\u00eb, refuzoi urdh\u00ebr arrestet e prokuroris\u00eb duke deklaruar haptazi moszbatimin e tyre. Nuk mjaftoi kjo, por akuzoi Presidentin, Kryeprokuroren dhe Shefin e SHISH si pu\u00e7ist\u00eb, duke p\u00ebrfshir\u00eb n\u00eb nj\u00eb list\u00eb paranojake dhe 4 gazetar\u00eb. Ngriti nj\u00eb komision qesharak hetimor, i cili d\u00ebshtoi qysh n\u00eb nisje, duke k\u00ebrkuar t\u00eb marr\u00eb n\u00ebn hetim presidentin e Republik\u00ebs, kryetarin e SHISH, kryeprokuroren dhe gazetar\u00ebt.<\/p>\n<p>Berisha shkoi n\u00eb zgjedhjet lokale t\u00eb majit 2011, zgjedhje t\u00eb cilat e degdis\u00ebn Aleanc\u00ebn p\u00ebr Qytetarin, e udh\u00ebhequr nga Berisha n\u00eb fshatrat e Shqip\u00ebris\u00eb, atje ku vota blihet p\u00ebr shkak t\u00eb varf\u00ebris\u00eb dhe hijes s\u00eb st\u00ebrzgjatur t\u00eb kultur\u00ebs demokratike. Berisha humbi gjith\u00eb qytetet e Shqip\u00ebris\u00eb, p\u00ebrfshi kryeqytetin, t\u00eb cilin e p\u00ebrmbysi n\u00eb m\u00ebnyr\u00ebn m\u00eb transparente t\u00eb mundshme me vendime gjykatash, q\u00eb nuk ia njohu as raporti i ODIHR.<\/p>\n<p>Pas k\u00ebsaj lufte t\u00eb vet\u00ebdijshme kund\u00ebr opozit\u00ebs dhe zgjedhjeve t\u00eb lira n\u00eb Shqip\u00ebri, Berisha e mori not\u00ebn pakaluese, e cila do t\u00eb kumtohet sot n\u00eb m\u00ebngjes, qysh n\u00eb qershor. Presidenti Barroso devijoi avionin e tij nga Tirana gjat\u00eb turit ballkanik, dhe Shqip\u00ebria e humbi shansin t\u00eb ishte nj\u00eb vend q\u00eb do t\u00eb merrte ftes\u00ebn p\u00ebr kandidat p\u00ebr an\u00ebtare t\u00eb Bashkimit Europian. Nuk e ka humbur as p\u00ebr faj t\u00eb opozit\u00ebs dhe as p\u00ebr faj t\u00eb qeveris\u00eb, por p\u00ebr d\u00ebshir\u00eb t\u00eb qeveris\u00eb. Sali Berisha, si\u00e7 dhe e ka deklaruar vet\u00eb disa her\u00eb publikisht, \u00ebsht\u00eb i qart\u00eb n\u00eb q\u00ebndrimin e Shqip\u00ebris\u00eb larg Evrop\u00ebs.<\/p>\n<p>Nj\u00eb Shqip\u00ebri n\u00eb Evrop\u00eb \u00ebsht\u00eb nj\u00eb Shqip\u00ebri q\u00eb i jep fund nj\u00eb regjimi t\u00eb till\u00eb. Nj\u00eb Shqip\u00ebri e marr\u00eb n\u00ebn kontroll nga Bashkimi Evropian, jo vet\u00ebm q\u00eb nuk mund t\u00eb lejoj\u00eb vrasjet politike n\u00eb mes t\u00eb bulevardit dhe vjedhjen e votave para syve t\u00eb milionave shqiptar\u00ebve, por nuk do t\u00eb lejoj\u00eb mes t\u00eb tjerash perandorit\u00eb financiare q\u00eb po ngre Pushteti i Familjes duke grabitur Shqip\u00ebrin\u00eb. Nj\u00eb Shqip\u00ebri n\u00eb Evrop\u00eb nuk lejon Fabrika si ajo q\u00eb nd\u00ebrtoi i biri i kryeministrit n\u00eb G\u00ebrdec, pazare nga ato q\u00eb b\u00ebn e bija e kryeministrit me pasurit\u00eb komb\u00ebtare duke kapur shtetin, pala\u00e7oll\u00ebqe nga ato q\u00eb b\u00ebn gruaja e tij me parat\u00eb e biznesit shqiptar, dhe horrll\u00ebqe nga ato q\u00eb b\u00ebn kryeministri i degraduar i vendit, i cili \u00ebnd\u00ebrron ta ket\u00eb Shqip\u00ebrin\u00eb ndaras Europ\u00ebs si nj\u00eb feud t\u00eb Familjes s\u00eb tij.<\/p>\n<p>Ai \u00ebsht\u00eb i qart\u00eb se Europa nuk \u00ebsht\u00eb \u00ebndrra e tij, por fundi i \u00ebndrr\u00ebs s\u00eb tij n\u00eb pushtet. Mos u g\u00ebnjeni se ai \u00ebnd\u00ebrron Evrop\u00ebn dhe nuk po ja del dot. P\u00ebr t\u00eb marr\u00eb ftes\u00ebn p\u00ebr tu an\u00ebtar\u00ebsuar n\u00eb Evrop\u00eb, duhet m\u00eb pak pun\u00eb dhe mund se \u00e7\u2019ka b\u00ebr\u00eb ai p\u00ebr ta prishur. Mjafton t\u00eb mos vras\u00ebsh dhe vjedh\u00ebsh si\u00e7 ka b\u00ebr\u00eb Sali Berisha p\u00ebr t\u00eb qen\u00eb nj\u00eb vend normal evropian. Por ai nuk e do at\u00eb status, nuk e do realisht at\u00eb proces q\u00eb fillon praktikisht t\u00eb \u00e7montoj\u00eb pushtetin e tij.<\/p>\n<p>Opozita nga ana tjet\u00ebr e ka m\u00eb t\u00eb r\u00ebnd\u00ebsishme dhe m\u00eb jetike se kushdo tjet\u00ebr integrimin evropian. Ajo \u00ebsht\u00eb viktim\u00eb e pushtetit t\u00eb Familjes, pasi fal\u00eb k\u00ebtij pushteti ajo \u00ebsht\u00eb vjedhur, \u00ebsht\u00eb posht\u00ebruar dhe \u00ebsht\u00eb p\u00ebrgjakur. Fal\u00eb k\u00ebtij pushteti media \u00ebsht\u00eb bler\u00eb nga kodosh\u00ebt e Familjes, votat jan\u00eb bler\u00eb dhe zgjedhjet jan\u00eb deformuar nga pakti i mafies me familjes dhe veprimtar\u00ebt e saj jan\u00eb vrar\u00eb si demonstrues paq\u00ebsor\u00eb nga killer-at e Familjes. Asgj\u00eb m\u00eb shum\u00eb se Bashkimi Evropian nuk e shp\u00ebton opozit\u00ebn e sotme. Askush m\u00eb shum\u00eb se sa t\u00eb shtypurit dhe t\u00eb posht\u00ebruarit nga regjime t\u00eb tilla hibride nuk jan\u00eb t\u00eb interesuar p\u00ebr Per\u00ebndimin.<\/p>\n<p>P\u00ebr k\u00ebt\u00eb arsye, opozita dhe faktor\u00ebt opozitar\u00eb n\u00eb Shqip\u00ebri jan\u00eb t\u00eb vetmit q\u00eb u intereson integrimi evropian, pasi ata jan\u00eb dhe t\u00eb vetmit faktor\u00eb n\u00eb k\u00ebt\u00eb vend, q\u00eb po persekutohen p\u00ebr shkak se po luftojn\u00eb p\u00ebr standardet evropiane. Un\u00eb si gazetar jam nj\u00eb viktim\u00eb e regjimit t\u00eb Familjes Berisha, me biznese t\u00eb shkat\u00ebrruar politikisht dhe represion shtet\u00ebror kund\u00ebr medies sime, vet\u00ebm pse kam denoncuar pushtetin e Familjes. Demonstruesit jan\u00eb vrar\u00eb vet\u00ebm pse kan\u00eb protestuar kund\u00ebr Pushtetit t\u00eb Familjes. Votat jan\u00eb vjedhur vet\u00ebm pse ato rr\u00ebzuan Dh\u00ebndrin e Familjes. P\u00ebr k\u00ebt\u00eb shkak askush m\u00eb tep\u00ebr se sa ne nuk d\u00ebshiron t\u00eb shp\u00ebtoj\u00eb nga ky regjim duke e z\u00ebvend\u00ebsuar at\u00eb me nj\u00eb qeveri t\u00eb standardeve evropiane.<\/p>\n<p>Dhe p\u00ebr ta kuptuar k\u00ebt\u00eb p\u00ebrpiquni t\u00eb zb\u00ebrtheni fjalimin fundit t\u00eb Sali Berish\u00ebs n\u00eb Kor\u00e7\u00eb rreth k\u00ebtij procesi. Edhe pse ka nj\u00eb degradim t\u00eb dhimbsh\u00ebm psikik, ai tha n\u00eb fillim t\u00eb fjalimit t\u00eb tij se \u2018rrug\u00ebn e Shqip\u00ebris\u00eb drejt Evrop\u00ebs nuk e ndal dot askush, as opozita\u2019, dhe vazhdoi dy paragraf\u00eb m\u00eb posht\u00eb se \u2018rrug\u00ebn drejt Evrop\u00ebs fatkeq\u00ebsisht po e ndal opozita\u2019. Mos e merrni p\u00ebr t\u00eb \u00e7mendur. Thjesht do t\u00eb tregoj\u00eb se ai nuk mund t\u00eb sillet si evropian me opozit\u00ebn p\u00ebr t\u00eb shkuar n\u00eb Evrop\u00eb. Ai k\u00ebrkon q\u00eb para se ne t\u00eb shkojm\u00eb n\u00eb Evrop\u00eb, duhet t\u00eb pranojm\u00eb zgjedh\u00ebn e tij, Pushtetin e Familjes s\u00eb tij, dhe standardet e tij feudale p\u00ebr qeverisjen e vendit. N\u00ebse opozita pranon k\u00ebt\u00eb, at\u00ebher\u00eb ajo \u00ebsht\u00eb detashment anti-per\u00ebndimor.<\/p>\n<p>Rruga drejt Evrop\u00ebs nuk \u00ebsht\u00eb proces elektoral, si\u00e7 Berisha e ka nisur nga prilli i vitit 2009, por proces evropianizimi dhe n\u00eb k\u00ebt\u00eb proces, mes t\u00eb tjerash vlen \u00e7do detaj q\u00eb na tregon fytyr\u00ebn ton\u00eb per\u00ebndimore. Por pik\u00ebrisht pas prillit 2009, Berisha ka d\u00ebshmuar gjith\u00eb veset e veta anti-per\u00ebndimore, pasi ka prekur dy procese zgjedhore, pasi ka vrar\u00eb kat\u00ebr qytetar\u00eb protestues dhe pasi u ka shpallur luft\u00eb gjith\u00eb institucioneve dhe pushtetit t\u00eb drejt\u00ebsis\u00eb, vet\u00ebm p\u00ebr t\u00eb shp\u00ebtuar Pushtetin e Familjes s\u00eb tij. Si i till\u00eb ai ka konsoliduar procesin m\u00eb t\u00eb eg\u00ebr anti-per\u00ebndimor q\u00eb Shqip\u00ebria ka njohur pas vitit 1990. Si i till\u00eb, ai sot nuk ka p\u00ebr tu d\u00ebshp\u00ebruar dhe as p\u00ebr tu ndjer\u00eb keq. Ai thjesht ndjehet i qet\u00eb, q\u00eb ne do t\u00eb kemi n\u00eb krye ende nj\u00eb satrap n\u00eb vend t\u00eb nj\u00eb lidershipi per\u00ebndimor. Sot \u00ebsht\u00eb fest\u00eb e tij dhe zi e shqiptar\u00ebve q\u00eb duan Per\u00ebndimin.<\/p>\n","protected":false},"excerpt":{"rendered":"<p>Nga Mero Baze, 11 Tetor 2011 Zarfi i Sali Berish\u00ebs, i nisur me urgjenc\u00eb dhe hipokrizi qysh n\u00eb 28 prill t\u00eb vitit 2009, ka q\u00ebndruar m\u00eb gjat\u00eb se \u00e7do zarf i ndonj\u00eb shteti tjet\u00ebr, i d\u00ebrguar n\u00eb Bruksel, pa nj\u00eb p\u00ebrgjigje pozitive. P\u00ebr t\u00eb zbutur disi shijen e keqe q\u00eb l\u00eb sot tek shqiptar\u00ebt ky [&hellip;]<\/p>\n","protected":false},"author":1,"featured_media":0,"comment_status":"open","ping_status":"closed","sticky":false,"template":"","format":"standard","meta":{"footnotes":""},"categories":[2],"tags":[],"class_list":{"0":"post-10968","1":"post","2":"type-post","3":"status-publish","4":"format-standard","6":"category-artikuj"},"yoast_head":"<!-- This site is optimized with the Yoast SEO plugin v27.4 - https:\/\/yoast.com\/product\/yoast-seo-wordpress\/ -->\n<title>Evropa \u00ebsht\u00eb fundi i \u00ebndrr\u00ebs s\u00eb tij - FjALA e LIR\u00cb - Arkivi<\/title>\n<meta name=\"robots\" content=\"index, follow, max-snippet:-1, max-image-preview:large, max-video-preview:-1\" \/>\n<link rel=\"canonical\" href=\"https:\/\/fjala.info\/2009-2015\/evropa-eshte-fundi-i-endrres-se-tij\/\" \/>\n<meta property=\"og:locale\" content=\"sq_AL\" \/>\n<meta property=\"og:type\" content=\"article\" \/>\n<meta property=\"og:title\" content=\"Evropa \u00ebsht\u00eb fundi i \u00ebndrr\u00ebs s\u00eb tij - FjALA e LIR\u00cb - Arkivi\" \/>\n<meta property=\"og:description\" content=\"Nga Mero Baze, 11 Tetor 2011 Zarfi i Sali Berish\u00ebs, i nisur me urgjenc\u00eb dhe hipokrizi qysh n\u00eb 28 prill t\u00eb vitit 2009, ka q\u00ebndruar m\u00eb gjat\u00eb se \u00e7do zarf i ndonj\u00eb shteti tjet\u00ebr, i d\u00ebrguar n\u00eb Bruksel, pa nj\u00eb p\u00ebrgjigje pozitive. P\u00ebr t\u00eb zbutur disi shijen e keqe q\u00eb l\u00eb sot tek shqiptar\u00ebt ky [&hellip;]\" \/>\n<meta property=\"og:url\" content=\"https:\/\/fjala.info\/2009-2015\/evropa-eshte-fundi-i-endrres-se-tij\/\" \/>\n<meta property=\"og:site_name\" content=\"FjALA e LIR\u00cb - Arkivi\" \/>\n<meta property=\"article:published_time\" content=\"2011-10-11T21:38:34+00:00\" \/>\n<meta property=\"og:image\" content=\"http:\/\/www.shkoder.net\/images\/fjala\/mero_baze1.jpg\" \/>\n<meta name=\"author\" content=\"admin\" \/>\n<meta name=\"twitter:card\" content=\"summary_large_image\" \/>\n<meta name=\"twitter:label1\" content=\"Written by\" \/>\n\t<meta name=\"twitter:data1\" content=\"admin\" \/>\n\t<meta name=\"twitter:label2\" content=\"Est. reading time\" \/>\n\t<meta name=\"twitter:data2\" content=\"8 minutes\" \/>\n<script type=\"application\/ld+json\" class=\"yoast-schema-graph\">{\"@context\":\"https:\\\/\\\/schema.org\",\"@graph\":[{\"@type\":\"Article\",\"@id\":\"https:\\\/\\\/fjala.info\\\/2009-2015\\\/evropa-eshte-fundi-i-endrres-se-tij\\\/#article\",\"isPartOf\":{\"@id\":\"https:\\\/\\\/fjala.info\\\/2009-2015\\\/evropa-eshte-fundi-i-endrres-se-tij\\\/\"},\"author\":{\"name\":\"admin\",\"@id\":\"https:\\\/\\\/fjala.info\\\/2009-2015\\\/#\\\/schema\\\/person\\\/3aa1163ef05469c496fc94e77611ada2\"},\"headline\":\"Evropa \u00ebsht\u00eb fundi i \u00ebndrr\u00ebs s\u00eb tij\",\"datePublished\":\"2011-10-11T21:38:34+00:00\",\"mainEntityOfPage\":{\"@id\":\"https:\\\/\\\/fjala.info\\\/2009-2015\\\/evropa-eshte-fundi-i-endrres-se-tij\\\/\"},\"wordCount\":1584,\"commentCount\":0,\"publisher\":{\"@id\":\"https:\\\/\\\/fjala.info\\\/2009-2015\\\/#organization\"},\"image\":{\"@id\":\"https:\\\/\\\/fjala.info\\\/2009-2015\\\/evropa-eshte-fundi-i-endrres-se-tij\\\/#primaryimage\"},\"thumbnailUrl\":\"http:\\\/\\\/www.shkoder.net\\\/images\\\/fjala\\\/mero_baze1.jpg\",\"articleSection\":[\"Artikuj\"],\"inLanguage\":\"sq-AL\",\"potentialAction\":[{\"@type\":\"CommentAction\",\"name\":\"Comment\",\"target\":[\"https:\\\/\\\/fjala.info\\\/2009-2015\\\/evropa-eshte-fundi-i-endrres-se-tij\\\/#respond\"]}]},{\"@type\":\"WebPage\",\"@id\":\"https:\\\/\\\/fjala.info\\\/2009-2015\\\/evropa-eshte-fundi-i-endrres-se-tij\\\/\",\"url\":\"https:\\\/\\\/fjala.info\\\/2009-2015\\\/evropa-eshte-fundi-i-endrres-se-tij\\\/\",\"name\":\"Evropa \u00ebsht\u00eb fundi i \u00ebndrr\u00ebs s\u00eb tij - FjALA e LIR\u00cb - Arkivi\",\"isPartOf\":{\"@id\":\"https:\\\/\\\/fjala.info\\\/2009-2015\\\/#website\"},\"primaryImageOfPage\":{\"@id\":\"https:\\\/\\\/fjala.info\\\/2009-2015\\\/evropa-eshte-fundi-i-endrres-se-tij\\\/#primaryimage\"},\"image\":{\"@id\":\"https:\\\/\\\/fjala.info\\\/2009-2015\\\/evropa-eshte-fundi-i-endrres-se-tij\\\/#primaryimage\"},\"thumbnailUrl\":\"http:\\\/\\\/www.shkoder.net\\\/images\\\/fjala\\\/mero_baze1.jpg\",\"datePublished\":\"2011-10-11T21:38:34+00:00\",\"breadcrumb\":{\"@id\":\"https:\\\/\\\/fjala.info\\\/2009-2015\\\/evropa-eshte-fundi-i-endrres-se-tij\\\/#breadcrumb\"},\"inLanguage\":\"sq-AL\",\"potentialAction\":[{\"@type\":\"ReadAction\",\"target\":[\"https:\\\/\\\/fjala.info\\\/2009-2015\\\/evropa-eshte-fundi-i-endrres-se-tij\\\/\"]}]},{\"@type\":\"ImageObject\",\"inLanguage\":\"sq-AL\",\"@id\":\"https:\\\/\\\/fjala.info\\\/2009-2015\\\/evropa-eshte-fundi-i-endrres-se-tij\\\/#primaryimage\",\"url\":\"http:\\\/\\\/www.shkoder.net\\\/images\\\/fjala\\\/mero_baze1.jpg\",\"contentUrl\":\"http:\\\/\\\/www.shkoder.net\\\/images\\\/fjala\\\/mero_baze1.jpg\"},{\"@type\":\"BreadcrumbList\",\"@id\":\"https:\\\/\\\/fjala.info\\\/2009-2015\\\/evropa-eshte-fundi-i-endrres-se-tij\\\/#breadcrumb\",\"itemListElement\":[{\"@type\":\"ListItem\",\"position\":1,\"name\":\"Home\",\"item\":\"https:\\\/\\\/fjala.info\\\/2009-2015\\\/\"},{\"@type\":\"ListItem\",\"position\":2,\"name\":\"Evropa \u00ebsht\u00eb fundi i \u00ebndrr\u00ebs s\u00eb tij\"}]},{\"@type\":\"WebSite\",\"@id\":\"https:\\\/\\\/fjala.info\\\/2009-2015\\\/#website\",\"url\":\"https:\\\/\\\/fjala.info\\\/2009-2015\\\/\",\"name\":\"FjALA e LIR\u00cb - Arkivi\",\"description\":\"Arkivi 2009-2015\",\"publisher\":{\"@id\":\"https:\\\/\\\/fjala.info\\\/2009-2015\\\/#organization\"},\"potentialAction\":[{\"@type\":\"SearchAction\",\"target\":{\"@type\":\"EntryPoint\",\"urlTemplate\":\"https:\\\/\\\/fjala.info\\\/2009-2015\\\/?s={search_term_string}\"},\"query-input\":{\"@type\":\"PropertyValueSpecification\",\"valueRequired\":true,\"valueName\":\"search_term_string\"}}],\"inLanguage\":\"sq-AL\"},{\"@type\":\"Organization\",\"@id\":\"https:\\\/\\\/fjala.info\\\/2009-2015\\\/#organization\",\"name\":\"FjALA e LIR\u00cb - Arkivi\",\"url\":\"https:\\\/\\\/fjala.info\\\/2009-2015\\\/\",\"logo\":{\"@type\":\"ImageObject\",\"inLanguage\":\"sq-AL\",\"@id\":\"https:\\\/\\\/fjala.info\\\/2009-2015\\\/#\\\/schema\\\/logo\\\/image\\\/\",\"url\":\"\",\"contentUrl\":\"\",\"caption\":\"FjALA e LIR\u00cb - Arkivi\"},\"image\":{\"@id\":\"https:\\\/\\\/fjala.info\\\/2009-2015\\\/#\\\/schema\\\/logo\\\/image\\\/\"}},{\"@type\":\"Person\",\"@id\":\"https:\\\/\\\/fjala.info\\\/2009-2015\\\/#\\\/schema\\\/person\\\/3aa1163ef05469c496fc94e77611ada2\",\"name\":\"admin\",\"image\":{\"@type\":\"ImageObject\",\"inLanguage\":\"sq-AL\",\"@id\":\"https:\\\/\\\/fjala.info\\\/2009-2015\\\/wp-content\\\/uploads\\\/2012\\\/02\\\/arben_cokaj-120x150.jpg\",\"url\":\"https:\\\/\\\/fjala.info\\\/2009-2015\\\/wp-content\\\/uploads\\\/2012\\\/02\\\/arben_cokaj-120x150.jpg\",\"contentUrl\":\"https:\\\/\\\/fjala.info\\\/2009-2015\\\/wp-content\\\/uploads\\\/2012\\\/02\\\/arben_cokaj-120x150.jpg\",\"caption\":\"admin\"},\"description\":\"Admin, Fjala e Lir\u00eb\",\"sameAs\":[\"https:\\\/\\\/fjala.info\\\/\"],\"url\":\"https:\\\/\\\/fjala.info\\\/2009-2015\\\/author\\\/admin\\\/\"}]}<\/script>\n<!-- \/ Yoast SEO plugin. -->","yoast_head_json":{"title":"Evropa \u00ebsht\u00eb fundi i \u00ebndrr\u00ebs s\u00eb tij - FjALA e LIR\u00cb - Arkivi","robots":{"index":"index","follow":"follow","max-snippet":"max-snippet:-1","max-image-preview":"max-image-preview:large","max-video-preview":"max-video-preview:-1"},"canonical":"https:\/\/fjala.info\/2009-2015\/evropa-eshte-fundi-i-endrres-se-tij\/","og_locale":"sq_AL","og_type":"article","og_title":"Evropa \u00ebsht\u00eb fundi i \u00ebndrr\u00ebs s\u00eb tij - FjALA e LIR\u00cb - Arkivi","og_description":"Nga Mero Baze, 11 Tetor 2011 Zarfi i Sali Berish\u00ebs, i nisur me urgjenc\u00eb dhe hipokrizi qysh n\u00eb 28 prill t\u00eb vitit 2009, ka q\u00ebndruar m\u00eb gjat\u00eb se \u00e7do zarf i ndonj\u00eb shteti tjet\u00ebr, i d\u00ebrguar n\u00eb Bruksel, pa nj\u00eb p\u00ebrgjigje pozitive. P\u00ebr t\u00eb zbutur disi shijen e keqe q\u00eb l\u00eb sot tek shqiptar\u00ebt ky [&hellip;]","og_url":"https:\/\/fjala.info\/2009-2015\/evropa-eshte-fundi-i-endrres-se-tij\/","og_site_name":"FjALA e LIR\u00cb - Arkivi","article_published_time":"2011-10-11T21:38:34+00:00","og_image":[{"url":"http:\/\/www.shkoder.net\/images\/fjala\/mero_baze1.jpg","type":"","width":"","height":""}],"author":"admin","twitter_card":"summary_large_image","twitter_misc":{"Written by":"admin","Est. reading time":"8 minutes"},"schema":{"@context":"https:\/\/schema.org","@graph":[{"@type":"Article","@id":"https:\/\/fjala.info\/2009-2015\/evropa-eshte-fundi-i-endrres-se-tij\/#article","isPartOf":{"@id":"https:\/\/fjala.info\/2009-2015\/evropa-eshte-fundi-i-endrres-se-tij\/"},"author":{"name":"admin","@id":"https:\/\/fjala.info\/2009-2015\/#\/schema\/person\/3aa1163ef05469c496fc94e77611ada2"},"headline":"Evropa \u00ebsht\u00eb fundi i \u00ebndrr\u00ebs s\u00eb tij","datePublished":"2011-10-11T21:38:34+00:00","mainEntityOfPage":{"@id":"https:\/\/fjala.info\/2009-2015\/evropa-eshte-fundi-i-endrres-se-tij\/"},"wordCount":1584,"commentCount":0,"publisher":{"@id":"https:\/\/fjala.info\/2009-2015\/#organization"},"image":{"@id":"https:\/\/fjala.info\/2009-2015\/evropa-eshte-fundi-i-endrres-se-tij\/#primaryimage"},"thumbnailUrl":"http:\/\/www.shkoder.net\/images\/fjala\/mero_baze1.jpg","articleSection":["Artikuj"],"inLanguage":"sq-AL","potentialAction":[{"@type":"CommentAction","name":"Comment","target":["https:\/\/fjala.info\/2009-2015\/evropa-eshte-fundi-i-endrres-se-tij\/#respond"]}]},{"@type":"WebPage","@id":"https:\/\/fjala.info\/2009-2015\/evropa-eshte-fundi-i-endrres-se-tij\/","url":"https:\/\/fjala.info\/2009-2015\/evropa-eshte-fundi-i-endrres-se-tij\/","name":"Evropa \u00ebsht\u00eb fundi i \u00ebndrr\u00ebs s\u00eb tij - FjALA e LIR\u00cb - Arkivi","isPartOf":{"@id":"https:\/\/fjala.info\/2009-2015\/#website"},"primaryImageOfPage":{"@id":"https:\/\/fjala.info\/2009-2015\/evropa-eshte-fundi-i-endrres-se-tij\/#primaryimage"},"image":{"@id":"https:\/\/fjala.info\/2009-2015\/evropa-eshte-fundi-i-endrres-se-tij\/#primaryimage"},"thumbnailUrl":"http:\/\/www.shkoder.net\/images\/fjala\/mero_baze1.jpg","datePublished":"2011-10-11T21:38:34+00:00","breadcrumb":{"@id":"https:\/\/fjala.info\/2009-2015\/evropa-eshte-fundi-i-endrres-se-tij\/#breadcrumb"},"inLanguage":"sq-AL","potentialAction":[{"@type":"ReadAction","target":["https:\/\/fjala.info\/2009-2015\/evropa-eshte-fundi-i-endrres-se-tij\/"]}]},{"@type":"ImageObject","inLanguage":"sq-AL","@id":"https:\/\/fjala.info\/2009-2015\/evropa-eshte-fundi-i-endrres-se-tij\/#primaryimage","url":"http:\/\/www.shkoder.net\/images\/fjala\/mero_baze1.jpg","contentUrl":"http:\/\/www.shkoder.net\/images\/fjala\/mero_baze1.jpg"},{"@type":"BreadcrumbList","@id":"https:\/\/fjala.info\/2009-2015\/evropa-eshte-fundi-i-endrres-se-tij\/#breadcrumb","itemListElement":[{"@type":"ListItem","position":1,"name":"Home","item":"https:\/\/fjala.info\/2009-2015\/"},{"@type":"ListItem","position":2,"name":"Evropa \u00ebsht\u00eb fundi i \u00ebndrr\u00ebs s\u00eb tij"}]},{"@type":"WebSite","@id":"https:\/\/fjala.info\/2009-2015\/#website","url":"https:\/\/fjala.info\/2009-2015\/","name":"FjALA e LIR\u00cb - Arkivi","description":"Arkivi 2009-2015","publisher":{"@id":"https:\/\/fjala.info\/2009-2015\/#organization"},"potentialAction":[{"@type":"SearchAction","target":{"@type":"EntryPoint","urlTemplate":"https:\/\/fjala.info\/2009-2015\/?s={search_term_string}"},"query-input":{"@type":"PropertyValueSpecification","valueRequired":true,"valueName":"search_term_string"}}],"inLanguage":"sq-AL"},{"@type":"Organization","@id":"https:\/\/fjala.info\/2009-2015\/#organization","name":"FjALA e LIR\u00cb - Arkivi","url":"https:\/\/fjala.info\/2009-2015\/","logo":{"@type":"ImageObject","inLanguage":"sq-AL","@id":"https:\/\/fjala.info\/2009-2015\/#\/schema\/logo\/image\/","url":"","contentUrl":"","caption":"FjALA e LIR\u00cb - Arkivi"},"image":{"@id":"https:\/\/fjala.info\/2009-2015\/#\/schema\/logo\/image\/"}},{"@type":"Person","@id":"https:\/\/fjala.info\/2009-2015\/#\/schema\/person\/3aa1163ef05469c496fc94e77611ada2","name":"admin","image":{"@type":"ImageObject","inLanguage":"sq-AL","@id":"https:\/\/fjala.info\/2009-2015\/wp-content\/uploads\/2012\/02\/arben_cokaj-120x150.jpg","url":"https:\/\/fjala.info\/2009-2015\/wp-content\/uploads\/2012\/02\/arben_cokaj-120x150.jpg","contentUrl":"https:\/\/fjala.info\/2009-2015\/wp-content\/uploads\/2012\/02\/arben_cokaj-120x150.jpg","caption":"admin"},"description":"Admin, Fjala e Lir\u00eb","sameAs":["https:\/\/fjala.info\/"],"url":"https:\/\/fjala.info\/2009-2015\/author\/admin\/"}]}},"_links":{"self":[{"href":"https:\/\/fjala.info\/2009-2015\/wp-json\/wp\/v2\/posts\/10968","targetHints":{"allow":["GET"]}}],"collection":[{"href":"https:\/\/fjala.info\/2009-2015\/wp-json\/wp\/v2\/posts"}],"about":[{"href":"https:\/\/fjala.info\/2009-2015\/wp-json\/wp\/v2\/types\/post"}],"author":[{"embeddable":true,"href":"https:\/\/fjala.info\/2009-2015\/wp-json\/wp\/v2\/users\/1"}],"replies":[{"embeddable":true,"href":"https:\/\/fjala.info\/2009-2015\/wp-json\/wp\/v2\/comments?post=10968"}],"version-history":[{"count":0,"href":"https:\/\/fjala.info\/2009-2015\/wp-json\/wp\/v2\/posts\/10968\/revisions"}],"wp:attachment":[{"href":"https:\/\/fjala.info\/2009-2015\/wp-json\/wp\/v2\/media?parent=10968"}],"wp:term":[{"taxonomy":"category","embeddable":true,"href":"https:\/\/fjala.info\/2009-2015\/wp-json\/wp\/v2\/categories?post=10968"},{"taxonomy":"post_tag","embeddable":true,"href":"https:\/\/fjala.info\/2009-2015\/wp-json\/wp\/v2\/tags?post=10968"}],"curies":[{"name":"wp","href":"https:\/\/api.w.org\/{rel}","templated":true}]}}