{"id":10965,"date":"2011-10-11T22:12:22","date_gmt":"2011-10-11T21:12:22","guid":{"rendered":"http:\/\/fjala.shkoder.net\/?p=10965"},"modified":"2011-10-11T22:12:22","modified_gmt":"2011-10-11T21:12:22","slug":"edhe-njehere-per-lavdine-e-dhjetorit-dhe-renien-e-dhjetoristeve","status":"publish","type":"post","link":"https:\/\/fjala.info\/2009-2015\/edhe-njehere-per-lavdine-e-dhjetorit-dhe-renien-e-dhjetoristeve\/","title":{"rendered":"Edhe nj\u00ebher\u00eb p\u00ebr lavdin\u00eb e Dhjetorit dhe r\u00ebnien e Dhjetorist\u00ebve!"},"content":{"rendered":"<p><img decoding=\"async\" class=\"alignright size-thumbnail wp-image-7236\" title=\"Dhjetor '90\" src=\"http:\/\/www.shkoder.net\/images\/fjala\/2011\/1990_dhjetor.jpg\" alt=\"\" width=\"300\" \/> Nga <strong>Arian Galdini<\/strong>, <em>11 Tetor 2011<\/em><\/p>\n<p>(<em>Pjesa e par\u00eb<\/em>)<\/p>\n<p>Shum\u00eb \u00ebsht\u00eb shkruar e shum\u00eb \u00ebsht\u00eb folur p\u00ebr dhjetorin, dhjetor\u00ebt e dhjetorist\u00ebt, vit pas viti n\u00eb Shqip\u00ebrin\u00eb e k\u00ebtyre 21 viteve tranzicion dhe protodemokraci langaraqe. Duke qen\u00eb se pas pak jav\u00ebsh do t\u00eb rip\u00ebrseritet rituali gati-gati i bezdissh\u00ebm kur televizionet e gazetat do na rikujtojn\u00eb ato dit\u00eb t\u00eb ladvishme t\u00eb dhjetorit \u201990 e do t\u00eb na p\u00ebrd\u00ebllejn\u00eb me histori e kujtime protagonist\u00ebsh apo expo-protagonist\u00ebsh t\u00eb atyre dit\u00ebve t\u00eb r\u00ebnd\u00ebsishme p\u00ebr historin\u00eb moderne t\u00eb vendit ton\u00eb, q\u00ebllimi yn\u00eb n\u00ebp\u00ebrmjet k\u00ebtyre rradh\u00ebve \u00ebsht\u00eb q\u00eb tu pararendim ritualeve e t\u00eb hapim nj\u00eb debat t\u00eb madh publik, t\u00eb thell\u00eb, t\u00eb sinqert\u00eb e plot kurajo politike dhe intelektuale p\u00ebr dhjetorin dhe dhjetorist\u00ebt. N\u00eb fakt, q\u00eb reflektimi t\u00eb jet\u00eb i plot\u00eb nevojitet q\u00eb n\u00eb udh\u00ebtimin ton\u00eb meditativ t\u2019i p\u00ebrshkojm\u00eb t\u00eb 2 dhjetor\u00ebt e r\u00ebnd\u00ebsish\u00ebm t\u00eb k\u00ebtyre 21 viteve, dhjetorin \u201990 dhe dhjetorin \u201898. Vija arsyetative q\u00eb ne do t\u00eb ndjekim m\u00eb posht\u00eb do t\u00eb jet\u00eb pak a shum\u00eb n\u00ebn k\u00ebto drit\u00ebhije:<\/p>\n<p>&#8211; Dhjetori \u201890 apo misioni i pap\u00ebrfunduar.<\/p>\n<p>&#8211; Dhjetori \u201898 mund\u00ebsia p\u00ebr t\u00eb p\u00ebrmbushur dhe p\u00ebrmbyllur suksessh\u00ebm misionin e rr\u00ebzimit t\u00eb vazhdim\u00ebsive t\u00eb komunizmit t\u00eb shprehura n\u00ebp\u00ebrmjet mentaliteteve t\u00eb udh\u00ebheq\u00ebsive dhe elitave bllokuese t\u00eb tranzicionit, si edhe nd\u00ebrtimit t\u00eb nj\u00eb demokracie per\u00ebndimore reale, t\u00eb sinqert\u00eb q\u00eb nuk flet n\u00ebp\u00ebrmjet indikator\u00ebve por n\u00ebp\u00ebrmjet shprehive, traditave, akteve, ligj\u00ebsive dhe qytetarizimit.-<\/p>\n<p><strong>Dhjetori \u201890<\/strong><\/p>\n<p>Shum\u00ebkush nd\u00ebr ne e ka fort\u00ebsisht dhe drejt\u00ebsisht t\u00eb ngulitur n\u00eb kujtes\u00eb dhjetorin \u201890 i cili n\u00eb k\u00ebto 21 vite ia ka dal\u00eb mban\u00eb t\u00eb krijohet dhe stabilizohet si nj\u00eb koncept themelor politik, madje tashm\u00eb mund t\u00eb flitet se ka marr\u00eb njohje ajo q\u00eb njihet si fryma e dhjetorist\u00ebve. N\u00ebn k\u00ebt\u00eb frym\u00eb, pothuajse \u00e7do vit, \u00e7do dhjetor, nga forca t\u00eb djathta apo t\u00eb majta politike ose edhe nga grupime jo politike, ka pasur p\u00ebrpjekje p\u00ebr ritakim, rip\u00ebrs\u00ebritje, apo tejkalim t\u00eb atij momenti historik q\u00eb solli dhjetori \u201990, por ka qen\u00eb krejt e pamundur.<\/p>\n<p>Sidoqoft\u00eb, bash 8 vite pas atij dhjetori historik u nd\u00ebrmor nj\u00eb l\u00ebvizje, e cila p\u00ebr fat t\u00eb keq me q\u00ebllim apo krejt padashje \u00ebsht\u00eb l\u00ebn\u00eb ose ka kaluar n\u00eb harres\u00eb. L\u00ebvizja e student\u00ebve t\u00eb dhjetorit t\u00eb vitit \u201998, nuk p\u00ebrkujtohet publikisht, nd\u00ebrkoh\u00eb q\u00eb ai i vitit \u201990, ka marr\u00eb dheun dhe \u00ebsht\u00eb mistifikuar. Historit\u00eb personale dhe jo personale t\u00eb protagonist\u00ebve t\u00eb dhjetorit \u201990, g\u00eblojn\u00eb tashm\u00eb n\u00ebp\u00ebr shkrime gazetash, libra me ose pa bashkautor\u00eb, kronika t\u00eb pafundme lajmesh. Lufta p\u00ebr dhjetorin \u201990, \u00ebsht\u00eb shnd\u00ebrruar n\u00eb nj\u00eb luft\u00eb p\u00ebr pushtet e prestigj. Turravrapi deri n\u00eb marrje fryme t\u00eb atyre q\u00eb gulshojn\u00eb p\u00ebr t\u00eb z\u00ebn\u00eb nj\u00eb vend n\u00eb histori \u00ebsht\u00eb i pakrahasuesh\u00ebm.<\/p>\n<p>T\u00eb majt\u00eb e t\u00eb djatht\u00eb shqyejn\u00eb cop\u00ebn e tyre t\u00eb historis\u00eb ca mbi dhjetorin e v\u00ebrtet\u00eb e shumica mbi dhjetorin e majm\u00eb t\u00eb krijuar vet\u00eb e \u00e7lirsh\u00ebm prej tyre vit pas viti. Madje na jan\u00eb m\u00ebsuar syt\u00eb t\u00eb shohim her\u00eb pas here n\u00eb data t\u00eb caktuara kalanderike ata q\u00eb njihen tashm\u00eb si komuniteti i dhjetorist\u00ebve \u201890, t\u00eb cil\u00ebt pushtojn\u00eb median sa majtas aq edhe djathtas. Duket gati-gati qesharake, por k\u00ebtyre ju duhet t\u00eb presin 12 shtatorin, 8 dhjetorin dhe 20 shkurtin q\u00eb t\u00eb nxjerrin kok\u00ebn e thon\u00eb ndonj\u00eb gj\u00eb n\u00ebp\u00ebr media.<\/p>\n<p>Me nj\u00eb v\u00ebshtrim t\u00eb im\u00ebt dhe nj\u00eb matematik\u00eb e gjeografi t\u00eb vog\u00ebl individ\u00ebsh t\u00eb ekspozuar si dhjetorist\u00eb \u201890, del se shum\u00eb prej tyre kan\u00eb qen\u00eb krejt t\u00eb paqart\u00eb n\u00eb at\u00eb q\u00eb po b\u00ebnin n\u00eb at\u00eb dhjetor q\u00eb e shenjt\u00ebrojn\u00eb sot deri n\u00eb m\u00ebrziti. Madje p\u00ebr t\u00eb mos u b\u00ebr\u00eb kategorik e gabimisht p\u00ebrgjith\u00ebsues por specifikisht duke d\u00ebgjuar d\u00ebshmit\u00eb kund\u00ebrshtuese apo shum\u00ebngjyr\u00ebshe t\u00eb t\u00eb ekspozuarve me leje si dhjetorist\u00eb \u201890, lexon her\u00eb n\u00ebn rreshta e her\u00eb drejtp\u00ebrdrejt\u00eb se nj\u00eb pjes\u00eb e mir\u00eb prej tyre rezulton t\u00eb ken\u00eb qen\u00eb t\u00eb p\u00ebrcaktuar nga \u201ct\u00eb tjer\u00ebt\u201d.<\/p>\n<p>Nd\u00ebrkoh\u00eb, kemi p\u00ebrshtypjen madje bindjen se ata q\u00eb mungojn\u00eb n\u00eb media dhe n\u00eb jet\u00ebn aktive politike e vendimmarr\u00ebse, ata q\u00eb u mohohet historia, apo q\u00eb u mohohet mund\u00ebsia p\u00ebr t\u00eb folur t\u00eb v\u00ebrtetat e l\u00ebvizjes s\u00eb dhjetorit \u201990, ashtu si kan\u00eb ndodhur realisht, si jan\u00eb jetuar e p\u00ebrjetuar realisht, pa interpretime politike, apo korrektime t\u00eb m\u00ebvonshme p\u00ebr p\u00ebrdit\u00ebsim me politikat e dit\u00ebs, duhet t\u00eb ken\u00eb qen\u00eb heronjt\u00eb e v\u00ebrtet\u00eb e jan\u00eb bash ata q\u00eb i kan\u00eb b\u00ebr\u00eb aktet m\u00eb fisnike. Por dikush mund t\u00eb thot\u00eb se ky \u00ebsht\u00eb nj\u00eb gjykim krejt subjektiv. Edhe k\u00ebt\u00eb merak duam q\u00eb t\u2019ia heqim \u00e7do lexuesi duke ia pohuar k\u00ebt\u00eb dyshim.<\/p>\n<p>Jemi krejt subjektiv\u00eb n\u00eb vler\u00ebsimin ton\u00eb. Por a nuk ju b\u00ebn p\u00ebrshtypje karriera e disa ekspo-dhjetorist\u00ebve \u201890, q\u00eb nuk kan\u00eb treguar kurr\u00eb se si e mor\u00ebn kurajon t\u00eb kund\u00ebrshtonin sistemin m\u00eb t\u00eb eg\u00ebr n\u00eb Europ\u00eb? A nuk ju b\u00ebn p\u00ebrshtypje fakti se secili prej tyre vrapon zellsh\u00ebm dhe zvarranikisht q\u00eb lejen p\u00ebr t\u00eb shpallur veten hero ta k\u00ebrkoj\u00eb nga Lideri Politik, apo Liderat e Partive sipas interesave, rreshtimit, dhe rastit, dhe jo nga ngjarja q\u00eb ai apo ajo kan\u00eb krijuar apo marr\u00eb pjes\u00eb? A nuk ju b\u00ebn\u00eb p\u00ebrshtypje q\u00eb nd\u00ebrkoh\u00eb zhg\u00ebrryhen e turfullojn\u00eb n\u00ebp\u00ebr studio se ishin heronjt\u00eb e dhjetorit \u201990, dhe sapo dalin n\u00ebp\u00ebr kafene shprehen se ata vet\u00eb nuk dinin se \u00e7\u2019po ndodhte n\u00eb \u201cqytetin \u201ce tyre?<\/p>\n<p>A nuk na thon\u00eb k\u00ebta njer\u00ebz se si e arrit\u00ebn pajtimin e tyre t\u00eb pashprehur me elit\u00ebn m\u00eb t\u00eb eg\u00ebr politike komuniste, kur kjo e fundit ende edhe sot e k\u00ebsaj dite ndon\u00ebse me skalionet apo brezat e dyt\u00eb, tret\u00eb apo t\u00eb kat\u00ebrt, g\u00ebzon sh\u00ebndet t\u00eb plot\u00eb ekonomik e politik, n\u00ebn trajt\u00ebn e re t\u00eb nj\u00eb elite skandalozisht bllokuese t\u00eb periudh\u00ebs s\u00eb tranzicionit? Madje, madje p\u00ebr ironi t\u00eb fatit, vet\u00eb ekspo-dhjetorist\u00ebt \u201890, na e thon\u00eb n\u00eb media apo tribuna si \u00e7irak\u00eb t\u00eb politik\u00ebs apo me mandate t\u00eb t\u00ebhuaj\u00ebzuara t\u00eb politik\u00ebs, se ish-bllokmen\u00ebt t\u00eb rinj dhe t\u00eb vjet\u00ebr jan\u00eb akoma n\u00eb veprimtari t\u00eb plot\u00eb politike, ekonomike dhe mediatike prej 21 vitesh edhe sot e k\u00ebsaj dite\u2026<\/p>\n<p><strong>Dhjetori \u201898<\/strong><\/p>\n<p>Tani le t\u00eb shohim \u00e7\u2019ka ngjar\u00eb me dhjetorin 98. Kemi par\u00eb me shum\u00eb g\u00ebzim se shumica prej tyre nuk kan\u00eb arritur t\u00eb jen\u00eb askund n\u00eb politik\u00ebn e madhe. Nuk jan\u00eb shp\u00ebrblyer, nuk jan\u00eb konsideruar, nuk jan\u00eb vler\u00ebsuar, madje jan\u00eb l\u00ebn\u00eb n\u00eb harres\u00eb dhe neglizhim total. Fisnik\u00ebria e tyre ka qen\u00eb e madhe sepse nuk kan\u00eb rendur ta shesin fotografin\u00eb historike t\u00eb dhjetorit \u201998, p\u00ebr t\u00eb k\u00ebrkuar shp\u00ebrblime, konsiderata apo vler\u00ebsime nga politika e dit\u00ebs. P\u00ebrjashtim kan\u00eb b\u00ebr\u00eb disa em\u00ebrime sporadike individ\u00ebsh n\u00eb pozicione t\u00eb larta shtet\u00ebrore, por jo p\u00ebr shkak t\u00eb pjes\u00ebmarrjes s\u00eb tyre n\u00eb l\u00ebvizjen studentore t\u00eb dhjetorit \u201898, por p\u00ebr arsye t\u00eb tjera, jasht\u00eb dhjetorit \u201898. K\u00ebto em\u00ebrime nuk jan\u00eb aspak p\u00ebrfaq\u00ebsuese, ngase edhe vet\u00eb t\u00eb em\u00ebruarit nuk denjojn\u00eb e as kan\u00eb pik\u00eb d\u00ebshire ta konsiderojn\u00eb em\u00ebrimin e tyre si burim e rrjedhoj\u00eb t\u00eb vler\u00ebsimit dhe negocimit me l\u00ebvizjen dhe pjes\u00ebmarr\u00ebsit n\u00eb l\u00ebvizjen studentore t\u00eb dhjetorit \u201898.<\/p>\n<p>K\u00ebsisoj p\u00ebrsiasim plot ngaz\u00ebllim se dhjetorist\u00ebt \u201898, ose shumica prej tyre kan\u00eb pasur nj\u00eb distanc\u00eb shum\u00eb t\u00eb madhe me elit\u00ebn komuniste dhe post-komuniste dhe e vetmja pik\u00eb takimi i tyre me t\u00eb \u00ebsht\u00eb ajo \u00e7ka mund t\u00eb quhet qoshetakimi me ish-elitat komuniste dhe elitat e reja bllokuese post-komuniste t\u00eb transponduara n\u00eb kryesin\u00eb e Partis\u00eb Demokratike t\u00eb viteve \u201990 \u2013 \u201898. L\u00ebvizja Studentore e Dhjetorit \u201998, u konfigurua si nj\u00eb l\u00ebvizje e sinqert\u00eb q\u00eb u bazua plot nd\u00ebrgjegje e kthjellt\u00ebsi tek figura legjendare e Azem Hajdarit i cili ishte ekzekutuar pabesisht dy muaj m\u00eb pare, para oborrit t\u00eb PD-s\u00eb.<\/p>\n<p>Nga arsyetimi i t\u00eb qenurit d\u00ebshmitar\u00eb dhe drejtues kryesor\u00eb n\u00eb ngjarje na duhet t\u00eb themi se e sigurt \u00ebsht\u00eb edhe marr\u00ebdh\u00ebnia dhe mir\u00ebbesimi q\u00eb dhjetorist\u00ebt \u201898 kishin tek Sali Berisha nd\u00ebrsa ia nisnin p\u00ebrpjekjeve t\u00eb tyre p\u00ebr ta ngritur n\u00eb k\u00ebmb\u00eb k\u00ebt\u00eb l\u00ebvizje studentore. Por nuk mund t\u00eb flasim reciprokisht p\u00ebr po t\u00eb nj\u00ebjtat ndjesi dhe q\u00ebndrime nga ana e Sali Berish\u00ebs dhe e Kryesis\u00eb s\u00eb PD. Thjesht nuk e dim\u00eb dhe nuk kemi se si ta verifikojm\u00eb p\u00ebrve\u00e7se duke hapur k\u00ebt\u00eb debat q\u00eb synon ky shkrim. N\u00ebse Kryesia e PD dhe Lideri i saj at\u00ebher\u00eb dhe sot Sali Berisha, kan\u00eb qen\u00eb apo jo t\u00eb sinqert\u00eb n\u00eb at\u00eb \u00e7far\u00eb ata kan\u00eb b\u00ebr\u00eb, kjo \u00ebsht\u00eb p\u00ebr t\u2019u ekzaminuar.<\/p>\n<p>Por fakti \u00ebsht\u00eb se dhjetorist\u00ebt e \u201998, i kan\u00eb q\u00ebndruar n\u00eb krah\u00eb, i jan\u00eb gjendur n\u00eb momentet m\u00eb t\u00eb v\u00ebshtira dhe e kan\u00eb mbrojtur k\u00ebt\u00eb lidership t\u00eb PD dhe sidomos vet\u00eb drejtp\u00ebrdrejt dhe nominalisht Sali Berish\u00ebn, edhe pse at\u00ebher\u00eb n\u00eb dhjetorin \u201998, t\u00eb gjith\u00eb pjes\u00ebmarr\u00ebsit dhe drejtuesit e l\u00ebvizjes e kishin vet\u00ebdijen e plot\u00eb se Sali Berisha ishte i izoluar politikisht brenda dhe jasht\u00eb vendit. Asokohe u vendos mir\u00ebbesimi tek Sali Berisha dhe u vendos madje edhe nd\u00ebrmarrja e grev\u00ebs s\u00eb uris\u00eb t\u00eb 120 student\u00ebve, q\u00eb af\u00ebrmendsh ndihmonte rikthimin e Sali Berish\u00ebs n\u00eb sken\u00eb si faktor determinant n\u00eb politik\u00ebn shqiptare at\u00eb dhjetor t\u00eb \u201898.<\/p>\n","protected":false},"excerpt":{"rendered":"<p>Nga Arian Galdini, 11 Tetor 2011 (Pjesa e par\u00eb) Shum\u00eb \u00ebsht\u00eb shkruar e shum\u00eb \u00ebsht\u00eb folur p\u00ebr dhjetorin, dhjetor\u00ebt e dhjetorist\u00ebt, vit pas viti n\u00eb Shqip\u00ebrin\u00eb e k\u00ebtyre 21 viteve tranzicion dhe protodemokraci langaraqe. Duke qen\u00eb se pas pak jav\u00ebsh do t\u00eb rip\u00ebrseritet rituali gati-gati i bezdissh\u00ebm kur televizionet e gazetat do na rikujtojn\u00eb ato [&hellip;]<\/p>\n","protected":false},"author":1,"featured_media":0,"comment_status":"open","ping_status":"closed","sticky":false,"template":"","format":"standard","meta":{"footnotes":""},"categories":[2],"tags":[],"class_list":{"0":"post-10965","1":"post","2":"type-post","3":"status-publish","4":"format-standard","6":"category-artikuj"},"yoast_head":"<!-- This site is optimized with the Yoast SEO plugin v27.4 - https:\/\/yoast.com\/product\/yoast-seo-wordpress\/ -->\n<title>Edhe nj\u00ebher\u00eb p\u00ebr lavdin\u00eb e Dhjetorit dhe r\u00ebnien e Dhjetorist\u00ebve! - FjALA e LIR\u00cb - Arkivi<\/title>\n<meta name=\"robots\" content=\"index, follow, max-snippet:-1, max-image-preview:large, max-video-preview:-1\" \/>\n<link rel=\"canonical\" href=\"https:\/\/fjala.info\/2009-2015\/edhe-njehere-per-lavdine-e-dhjetorit-dhe-renien-e-dhjetoristeve\/\" \/>\n<meta property=\"og:locale\" content=\"sq_AL\" \/>\n<meta property=\"og:type\" content=\"article\" \/>\n<meta property=\"og:title\" content=\"Edhe nj\u00ebher\u00eb p\u00ebr lavdin\u00eb e Dhjetorit dhe r\u00ebnien e Dhjetorist\u00ebve! - FjALA e LIR\u00cb - Arkivi\" \/>\n<meta property=\"og:description\" content=\"Nga Arian Galdini, 11 Tetor 2011 (Pjesa e par\u00eb) Shum\u00eb \u00ebsht\u00eb shkruar e shum\u00eb \u00ebsht\u00eb folur p\u00ebr dhjetorin, dhjetor\u00ebt e dhjetorist\u00ebt, vit pas viti n\u00eb Shqip\u00ebrin\u00eb e k\u00ebtyre 21 viteve tranzicion dhe protodemokraci langaraqe. Duke qen\u00eb se pas pak jav\u00ebsh do t\u00eb rip\u00ebrseritet rituali gati-gati i bezdissh\u00ebm kur televizionet e gazetat do na rikujtojn\u00eb ato [&hellip;]\" \/>\n<meta property=\"og:url\" content=\"https:\/\/fjala.info\/2009-2015\/edhe-njehere-per-lavdine-e-dhjetorit-dhe-renien-e-dhjetoristeve\/\" \/>\n<meta property=\"og:site_name\" content=\"FjALA e LIR\u00cb - Arkivi\" \/>\n<meta property=\"article:published_time\" content=\"2011-10-11T21:12:22+00:00\" \/>\n<meta property=\"og:image\" content=\"http:\/\/www.shkoder.net\/images\/fjala\/2011\/1990_dhjetor.jpg\" \/>\n<meta name=\"author\" content=\"admin\" \/>\n<meta name=\"twitter:card\" content=\"summary_large_image\" \/>\n<meta name=\"twitter:label1\" content=\"Written by\" \/>\n\t<meta name=\"twitter:data1\" content=\"admin\" \/>\n\t<meta name=\"twitter:label2\" content=\"Est. reading time\" \/>\n\t<meta name=\"twitter:data2\" content=\"8 minutes\" \/>\n<script type=\"application\/ld+json\" class=\"yoast-schema-graph\">{\"@context\":\"https:\\\/\\\/schema.org\",\"@graph\":[{\"@type\":\"Article\",\"@id\":\"https:\\\/\\\/fjala.info\\\/2009-2015\\\/edhe-njehere-per-lavdine-e-dhjetorit-dhe-renien-e-dhjetoristeve\\\/#article\",\"isPartOf\":{\"@id\":\"https:\\\/\\\/fjala.info\\\/2009-2015\\\/edhe-njehere-per-lavdine-e-dhjetorit-dhe-renien-e-dhjetoristeve\\\/\"},\"author\":{\"name\":\"admin\",\"@id\":\"https:\\\/\\\/fjala.info\\\/2009-2015\\\/#\\\/schema\\\/person\\\/3aa1163ef05469c496fc94e77611ada2\"},\"headline\":\"Edhe nj\u00ebher\u00eb p\u00ebr lavdin\u00eb e Dhjetorit dhe r\u00ebnien e Dhjetorist\u00ebve!\",\"datePublished\":\"2011-10-11T21:12:22+00:00\",\"mainEntityOfPage\":{\"@id\":\"https:\\\/\\\/fjala.info\\\/2009-2015\\\/edhe-njehere-per-lavdine-e-dhjetorit-dhe-renien-e-dhjetoristeve\\\/\"},\"wordCount\":1646,\"commentCount\":0,\"publisher\":{\"@id\":\"https:\\\/\\\/fjala.info\\\/2009-2015\\\/#organization\"},\"image\":{\"@id\":\"https:\\\/\\\/fjala.info\\\/2009-2015\\\/edhe-njehere-per-lavdine-e-dhjetorit-dhe-renien-e-dhjetoristeve\\\/#primaryimage\"},\"thumbnailUrl\":\"http:\\\/\\\/www.shkoder.net\\\/images\\\/fjala\\\/2011\\\/1990_dhjetor.jpg\",\"articleSection\":[\"Artikuj\"],\"inLanguage\":\"sq-AL\",\"potentialAction\":[{\"@type\":\"CommentAction\",\"name\":\"Comment\",\"target\":[\"https:\\\/\\\/fjala.info\\\/2009-2015\\\/edhe-njehere-per-lavdine-e-dhjetorit-dhe-renien-e-dhjetoristeve\\\/#respond\"]}]},{\"@type\":\"WebPage\",\"@id\":\"https:\\\/\\\/fjala.info\\\/2009-2015\\\/edhe-njehere-per-lavdine-e-dhjetorit-dhe-renien-e-dhjetoristeve\\\/\",\"url\":\"https:\\\/\\\/fjala.info\\\/2009-2015\\\/edhe-njehere-per-lavdine-e-dhjetorit-dhe-renien-e-dhjetoristeve\\\/\",\"name\":\"Edhe nj\u00ebher\u00eb p\u00ebr lavdin\u00eb e Dhjetorit dhe r\u00ebnien e Dhjetorist\u00ebve! - FjALA e LIR\u00cb - Arkivi\",\"isPartOf\":{\"@id\":\"https:\\\/\\\/fjala.info\\\/2009-2015\\\/#website\"},\"primaryImageOfPage\":{\"@id\":\"https:\\\/\\\/fjala.info\\\/2009-2015\\\/edhe-njehere-per-lavdine-e-dhjetorit-dhe-renien-e-dhjetoristeve\\\/#primaryimage\"},\"image\":{\"@id\":\"https:\\\/\\\/fjala.info\\\/2009-2015\\\/edhe-njehere-per-lavdine-e-dhjetorit-dhe-renien-e-dhjetoristeve\\\/#primaryimage\"},\"thumbnailUrl\":\"http:\\\/\\\/www.shkoder.net\\\/images\\\/fjala\\\/2011\\\/1990_dhjetor.jpg\",\"datePublished\":\"2011-10-11T21:12:22+00:00\",\"breadcrumb\":{\"@id\":\"https:\\\/\\\/fjala.info\\\/2009-2015\\\/edhe-njehere-per-lavdine-e-dhjetorit-dhe-renien-e-dhjetoristeve\\\/#breadcrumb\"},\"inLanguage\":\"sq-AL\",\"potentialAction\":[{\"@type\":\"ReadAction\",\"target\":[\"https:\\\/\\\/fjala.info\\\/2009-2015\\\/edhe-njehere-per-lavdine-e-dhjetorit-dhe-renien-e-dhjetoristeve\\\/\"]}]},{\"@type\":\"ImageObject\",\"inLanguage\":\"sq-AL\",\"@id\":\"https:\\\/\\\/fjala.info\\\/2009-2015\\\/edhe-njehere-per-lavdine-e-dhjetorit-dhe-renien-e-dhjetoristeve\\\/#primaryimage\",\"url\":\"http:\\\/\\\/www.shkoder.net\\\/images\\\/fjala\\\/2011\\\/1990_dhjetor.jpg\",\"contentUrl\":\"http:\\\/\\\/www.shkoder.net\\\/images\\\/fjala\\\/2011\\\/1990_dhjetor.jpg\"},{\"@type\":\"BreadcrumbList\",\"@id\":\"https:\\\/\\\/fjala.info\\\/2009-2015\\\/edhe-njehere-per-lavdine-e-dhjetorit-dhe-renien-e-dhjetoristeve\\\/#breadcrumb\",\"itemListElement\":[{\"@type\":\"ListItem\",\"position\":1,\"name\":\"Home\",\"item\":\"https:\\\/\\\/fjala.info\\\/2009-2015\\\/\"},{\"@type\":\"ListItem\",\"position\":2,\"name\":\"Edhe nj\u00ebher\u00eb p\u00ebr lavdin\u00eb e Dhjetorit dhe r\u00ebnien e Dhjetorist\u00ebve!\"}]},{\"@type\":\"WebSite\",\"@id\":\"https:\\\/\\\/fjala.info\\\/2009-2015\\\/#website\",\"url\":\"https:\\\/\\\/fjala.info\\\/2009-2015\\\/\",\"name\":\"FjALA e LIR\u00cb - Arkivi\",\"description\":\"Arkivi 2009-2015\",\"publisher\":{\"@id\":\"https:\\\/\\\/fjala.info\\\/2009-2015\\\/#organization\"},\"potentialAction\":[{\"@type\":\"SearchAction\",\"target\":{\"@type\":\"EntryPoint\",\"urlTemplate\":\"https:\\\/\\\/fjala.info\\\/2009-2015\\\/?s={search_term_string}\"},\"query-input\":{\"@type\":\"PropertyValueSpecification\",\"valueRequired\":true,\"valueName\":\"search_term_string\"}}],\"inLanguage\":\"sq-AL\"},{\"@type\":\"Organization\",\"@id\":\"https:\\\/\\\/fjala.info\\\/2009-2015\\\/#organization\",\"name\":\"FjALA e LIR\u00cb - Arkivi\",\"url\":\"https:\\\/\\\/fjala.info\\\/2009-2015\\\/\",\"logo\":{\"@type\":\"ImageObject\",\"inLanguage\":\"sq-AL\",\"@id\":\"https:\\\/\\\/fjala.info\\\/2009-2015\\\/#\\\/schema\\\/logo\\\/image\\\/\",\"url\":\"\",\"contentUrl\":\"\",\"caption\":\"FjALA e LIR\u00cb - Arkivi\"},\"image\":{\"@id\":\"https:\\\/\\\/fjala.info\\\/2009-2015\\\/#\\\/schema\\\/logo\\\/image\\\/\"}},{\"@type\":\"Person\",\"@id\":\"https:\\\/\\\/fjala.info\\\/2009-2015\\\/#\\\/schema\\\/person\\\/3aa1163ef05469c496fc94e77611ada2\",\"name\":\"admin\",\"image\":{\"@type\":\"ImageObject\",\"inLanguage\":\"sq-AL\",\"@id\":\"https:\\\/\\\/fjala.info\\\/2009-2015\\\/wp-content\\\/uploads\\\/2012\\\/02\\\/arben_cokaj-120x150.jpg\",\"url\":\"https:\\\/\\\/fjala.info\\\/2009-2015\\\/wp-content\\\/uploads\\\/2012\\\/02\\\/arben_cokaj-120x150.jpg\",\"contentUrl\":\"https:\\\/\\\/fjala.info\\\/2009-2015\\\/wp-content\\\/uploads\\\/2012\\\/02\\\/arben_cokaj-120x150.jpg\",\"caption\":\"admin\"},\"description\":\"Admin, Fjala e Lir\u00eb\",\"sameAs\":[\"https:\\\/\\\/fjala.info\\\/\"],\"url\":\"https:\\\/\\\/fjala.info\\\/2009-2015\\\/author\\\/admin\\\/\"}]}<\/script>\n<!-- \/ Yoast SEO plugin. -->","yoast_head_json":{"title":"Edhe nj\u00ebher\u00eb p\u00ebr lavdin\u00eb e Dhjetorit dhe r\u00ebnien e Dhjetorist\u00ebve! - FjALA e LIR\u00cb - Arkivi","robots":{"index":"index","follow":"follow","max-snippet":"max-snippet:-1","max-image-preview":"max-image-preview:large","max-video-preview":"max-video-preview:-1"},"canonical":"https:\/\/fjala.info\/2009-2015\/edhe-njehere-per-lavdine-e-dhjetorit-dhe-renien-e-dhjetoristeve\/","og_locale":"sq_AL","og_type":"article","og_title":"Edhe nj\u00ebher\u00eb p\u00ebr lavdin\u00eb e Dhjetorit dhe r\u00ebnien e Dhjetorist\u00ebve! - FjALA e LIR\u00cb - Arkivi","og_description":"Nga Arian Galdini, 11 Tetor 2011 (Pjesa e par\u00eb) Shum\u00eb \u00ebsht\u00eb shkruar e shum\u00eb \u00ebsht\u00eb folur p\u00ebr dhjetorin, dhjetor\u00ebt e dhjetorist\u00ebt, vit pas viti n\u00eb Shqip\u00ebrin\u00eb e k\u00ebtyre 21 viteve tranzicion dhe protodemokraci langaraqe. Duke qen\u00eb se pas pak jav\u00ebsh do t\u00eb rip\u00ebrseritet rituali gati-gati i bezdissh\u00ebm kur televizionet e gazetat do na rikujtojn\u00eb ato [&hellip;]","og_url":"https:\/\/fjala.info\/2009-2015\/edhe-njehere-per-lavdine-e-dhjetorit-dhe-renien-e-dhjetoristeve\/","og_site_name":"FjALA e LIR\u00cb - Arkivi","article_published_time":"2011-10-11T21:12:22+00:00","og_image":[{"url":"http:\/\/www.shkoder.net\/images\/fjala\/2011\/1990_dhjetor.jpg","type":"","width":"","height":""}],"author":"admin","twitter_card":"summary_large_image","twitter_misc":{"Written by":"admin","Est. reading time":"8 minutes"},"schema":{"@context":"https:\/\/schema.org","@graph":[{"@type":"Article","@id":"https:\/\/fjala.info\/2009-2015\/edhe-njehere-per-lavdine-e-dhjetorit-dhe-renien-e-dhjetoristeve\/#article","isPartOf":{"@id":"https:\/\/fjala.info\/2009-2015\/edhe-njehere-per-lavdine-e-dhjetorit-dhe-renien-e-dhjetoristeve\/"},"author":{"name":"admin","@id":"https:\/\/fjala.info\/2009-2015\/#\/schema\/person\/3aa1163ef05469c496fc94e77611ada2"},"headline":"Edhe nj\u00ebher\u00eb p\u00ebr lavdin\u00eb e Dhjetorit dhe r\u00ebnien e Dhjetorist\u00ebve!","datePublished":"2011-10-11T21:12:22+00:00","mainEntityOfPage":{"@id":"https:\/\/fjala.info\/2009-2015\/edhe-njehere-per-lavdine-e-dhjetorit-dhe-renien-e-dhjetoristeve\/"},"wordCount":1646,"commentCount":0,"publisher":{"@id":"https:\/\/fjala.info\/2009-2015\/#organization"},"image":{"@id":"https:\/\/fjala.info\/2009-2015\/edhe-njehere-per-lavdine-e-dhjetorit-dhe-renien-e-dhjetoristeve\/#primaryimage"},"thumbnailUrl":"http:\/\/www.shkoder.net\/images\/fjala\/2011\/1990_dhjetor.jpg","articleSection":["Artikuj"],"inLanguage":"sq-AL","potentialAction":[{"@type":"CommentAction","name":"Comment","target":["https:\/\/fjala.info\/2009-2015\/edhe-njehere-per-lavdine-e-dhjetorit-dhe-renien-e-dhjetoristeve\/#respond"]}]},{"@type":"WebPage","@id":"https:\/\/fjala.info\/2009-2015\/edhe-njehere-per-lavdine-e-dhjetorit-dhe-renien-e-dhjetoristeve\/","url":"https:\/\/fjala.info\/2009-2015\/edhe-njehere-per-lavdine-e-dhjetorit-dhe-renien-e-dhjetoristeve\/","name":"Edhe nj\u00ebher\u00eb p\u00ebr lavdin\u00eb e Dhjetorit dhe r\u00ebnien e Dhjetorist\u00ebve! - FjALA e LIR\u00cb - Arkivi","isPartOf":{"@id":"https:\/\/fjala.info\/2009-2015\/#website"},"primaryImageOfPage":{"@id":"https:\/\/fjala.info\/2009-2015\/edhe-njehere-per-lavdine-e-dhjetorit-dhe-renien-e-dhjetoristeve\/#primaryimage"},"image":{"@id":"https:\/\/fjala.info\/2009-2015\/edhe-njehere-per-lavdine-e-dhjetorit-dhe-renien-e-dhjetoristeve\/#primaryimage"},"thumbnailUrl":"http:\/\/www.shkoder.net\/images\/fjala\/2011\/1990_dhjetor.jpg","datePublished":"2011-10-11T21:12:22+00:00","breadcrumb":{"@id":"https:\/\/fjala.info\/2009-2015\/edhe-njehere-per-lavdine-e-dhjetorit-dhe-renien-e-dhjetoristeve\/#breadcrumb"},"inLanguage":"sq-AL","potentialAction":[{"@type":"ReadAction","target":["https:\/\/fjala.info\/2009-2015\/edhe-njehere-per-lavdine-e-dhjetorit-dhe-renien-e-dhjetoristeve\/"]}]},{"@type":"ImageObject","inLanguage":"sq-AL","@id":"https:\/\/fjala.info\/2009-2015\/edhe-njehere-per-lavdine-e-dhjetorit-dhe-renien-e-dhjetoristeve\/#primaryimage","url":"http:\/\/www.shkoder.net\/images\/fjala\/2011\/1990_dhjetor.jpg","contentUrl":"http:\/\/www.shkoder.net\/images\/fjala\/2011\/1990_dhjetor.jpg"},{"@type":"BreadcrumbList","@id":"https:\/\/fjala.info\/2009-2015\/edhe-njehere-per-lavdine-e-dhjetorit-dhe-renien-e-dhjetoristeve\/#breadcrumb","itemListElement":[{"@type":"ListItem","position":1,"name":"Home","item":"https:\/\/fjala.info\/2009-2015\/"},{"@type":"ListItem","position":2,"name":"Edhe nj\u00ebher\u00eb p\u00ebr lavdin\u00eb e Dhjetorit dhe r\u00ebnien e Dhjetorist\u00ebve!"}]},{"@type":"WebSite","@id":"https:\/\/fjala.info\/2009-2015\/#website","url":"https:\/\/fjala.info\/2009-2015\/","name":"FjALA e LIR\u00cb - Arkivi","description":"Arkivi 2009-2015","publisher":{"@id":"https:\/\/fjala.info\/2009-2015\/#organization"},"potentialAction":[{"@type":"SearchAction","target":{"@type":"EntryPoint","urlTemplate":"https:\/\/fjala.info\/2009-2015\/?s={search_term_string}"},"query-input":{"@type":"PropertyValueSpecification","valueRequired":true,"valueName":"search_term_string"}}],"inLanguage":"sq-AL"},{"@type":"Organization","@id":"https:\/\/fjala.info\/2009-2015\/#organization","name":"FjALA e LIR\u00cb - Arkivi","url":"https:\/\/fjala.info\/2009-2015\/","logo":{"@type":"ImageObject","inLanguage":"sq-AL","@id":"https:\/\/fjala.info\/2009-2015\/#\/schema\/logo\/image\/","url":"","contentUrl":"","caption":"FjALA e LIR\u00cb - Arkivi"},"image":{"@id":"https:\/\/fjala.info\/2009-2015\/#\/schema\/logo\/image\/"}},{"@type":"Person","@id":"https:\/\/fjala.info\/2009-2015\/#\/schema\/person\/3aa1163ef05469c496fc94e77611ada2","name":"admin","image":{"@type":"ImageObject","inLanguage":"sq-AL","@id":"https:\/\/fjala.info\/2009-2015\/wp-content\/uploads\/2012\/02\/arben_cokaj-120x150.jpg","url":"https:\/\/fjala.info\/2009-2015\/wp-content\/uploads\/2012\/02\/arben_cokaj-120x150.jpg","contentUrl":"https:\/\/fjala.info\/2009-2015\/wp-content\/uploads\/2012\/02\/arben_cokaj-120x150.jpg","caption":"admin"},"description":"Admin, Fjala e Lir\u00eb","sameAs":["https:\/\/fjala.info\/"],"url":"https:\/\/fjala.info\/2009-2015\/author\/admin\/"}]}},"_links":{"self":[{"href":"https:\/\/fjala.info\/2009-2015\/wp-json\/wp\/v2\/posts\/10965","targetHints":{"allow":["GET"]}}],"collection":[{"href":"https:\/\/fjala.info\/2009-2015\/wp-json\/wp\/v2\/posts"}],"about":[{"href":"https:\/\/fjala.info\/2009-2015\/wp-json\/wp\/v2\/types\/post"}],"author":[{"embeddable":true,"href":"https:\/\/fjala.info\/2009-2015\/wp-json\/wp\/v2\/users\/1"}],"replies":[{"embeddable":true,"href":"https:\/\/fjala.info\/2009-2015\/wp-json\/wp\/v2\/comments?post=10965"}],"version-history":[{"count":0,"href":"https:\/\/fjala.info\/2009-2015\/wp-json\/wp\/v2\/posts\/10965\/revisions"}],"wp:attachment":[{"href":"https:\/\/fjala.info\/2009-2015\/wp-json\/wp\/v2\/media?parent=10965"}],"wp:term":[{"taxonomy":"category","embeddable":true,"href":"https:\/\/fjala.info\/2009-2015\/wp-json\/wp\/v2\/categories?post=10965"},{"taxonomy":"post_tag","embeddable":true,"href":"https:\/\/fjala.info\/2009-2015\/wp-json\/wp\/v2\/tags?post=10965"}],"curies":[{"name":"wp","href":"https:\/\/api.w.org\/{rel}","templated":true}]}}