{"id":10963,"date":"2011-10-11T22:07:50","date_gmt":"2011-10-11T21:07:50","guid":{"rendered":"http:\/\/fjala.shkoder.net\/?p=10963"},"modified":"2011-10-11T22:07:50","modified_gmt":"2011-10-11T21:07:50","slug":"kanceri-i-plehrave-dhe-hipokrizia-e-jozefines","status":"publish","type":"post","link":"https:\/\/fjala.info\/2009-2015\/kanceri-i-plehrave-dhe-hipokrizia-e-jozefines\/","title":{"rendered":"Kanceri i plehrave dhe hipokrizia e Jozefin\u00ebs"},"content":{"rendered":"<p><img decoding=\"async\" class=\"alignright size-thumbnail wp-image-7236\" title=\"Armela Imeraj\" src=\"http:\/\/www.shkoder.net\/images\/fjala\/2011\/armela_imeraj.jpg\" alt=\"\" width=\"150\" \/> Nga <strong>Armela Imeraj<\/strong>, <em>11 Tetor 2011<\/em><\/p>\n<p>E pash\u00eb zonj\u00ebn e PD t\u00eb sikletosur fort k\u00ebt\u00eb her\u00eb \u00e7udit\u00ebrisht n\u00eb nj\u00eb nga ato aktivitetet ku ajo ka qejf t\u00eb flas\u00eb me pathos e t\u00eb b\u00ebj\u00eb sikur p\u00ebrlotet. Ishte e veshur e t\u00ebra me pink, por nuk ishte ngjyra pink a roz\u00eb ajo q\u00eb e shqet\u00ebsonte, por ky tubim i madh grash t\u00eb administrat\u00ebs q\u00eb duhet t\u00eb parakalonin shpejt e shpejt aty para n\u00eb bulevard dhe t\u00eb mbaronte sa m\u00eb par\u00eb ajo ceremoni pa sens dhe e rr\u00ebmuj\u00eborganizuar. Thirri dhe Majlind\u00ebn n\u00eb krah, sigurisht, jo nga dashuria.<\/p>\n<p>Thirri dhe ato deputetet e PD-s\u00eb, tiranase, shkodrane e kor\u00e7are, duke b\u00ebr\u00eb me duar e me kok\u00eb q\u00eb ato edhe pse nuk kishin arsye u afruan t\u00eb habitura nga dashuria e zonj\u00ebs s\u00eb par\u00eb t\u00eb PD, e kryetares si\u00e7 e th\u00ebrrasin vet\u00ebm af\u00ebr Kuvendit. E pash\u00eb zonj\u00ebn Jozefin\u00eb q\u00eb ndihej keq dhe pse aktiviteti b\u00ebhej p\u00ebrball\u00eb zyr\u00ebs s\u00eb saj me kurriz nga zyra e kryeministrit. K\u00ebrkonte me nerv q\u00eb ajo ceremoni e stisur t\u00eb mbaronte. Nuk e kishte nga ngjyra roz\u00eb q\u00eb p\u00ebrfshiu bulevardin. Nuk e kishte as nga ai tubim me gra t\u00eb nxjerra si gjithmon\u00eb me zor n\u00eb mitingjet e saj, kjo gj\u00eb tashm\u00eb i \u00ebsht\u00eb b\u00ebr\u00eb norm\u00eb dhe s\u2019ka arsye ta bezdis\u00eb. Afroi Majlind\u00ebn pran\u00eb podiumit, sa kjo e fundit u ndje e hutuar nga sensi i zbutur i protagonizmit t\u00eb kryetares Xhozi.<\/p>\n<p>Xhozi prishi gjith\u00eb protokollin e aktivitetit. Kishte nj\u00eb siklet t\u00eb madh q\u00eb u manifestua dhe u pa n\u00eb \u00e7do TV, at\u00eb dit\u00eb, q\u00eb p\u00ebr t\u2019i b\u00ebr\u00eb qok\u00ebn p\u00ebr k\u00ebt\u00eb aktivitet i kishte l\u00ebshuar val\u00ebt e tij gjat\u00eb e gjer\u00eb p\u00ebr zonj\u00ebn Jozefin\u00eb.<\/p>\n<p>Duhet nj\u00eb kurajo e fort\u00eb p\u00ebr t\u00eb qen\u00eb kaq hipokrite, ndaj Jozefin\u00ebs i duhej enturazh, p\u00ebr t\u00eb th\u00ebn\u00eb nuk jam e vetmja e till\u00eb. Duhet kurajo e fort\u00eb p\u00ebr t\u00eb b\u00ebr\u00eb apel p\u00ebr t\u2019u diagnostikuar dhe kuruar kur ti dhe t\u00eb tut\u00eb me duart tuaja ngrit\u00ebt brenda jav\u00ebs gjith\u00eb k\u00ebnaq\u00ebsi kartonat p\u00ebr t\u00eb sjell\u00eb gjith\u00eb kancerin e Napolit, por jo vet\u00ebm, t\u00eb t\u00eb gjith\u00eb Europ\u00ebs, p\u00ebr t\u00eb s\u00ebmurur shqiptar\u00ebt, pik\u00ebrisht, nga kanceri.<\/p>\n<p>Duhet kurajo e fort\u00eb t\u2019u thuash atyre q\u00eb e din\u00eb se \u00e7far\u00eb \u00ebsht\u00eb kanceri se ju vet\u00eb nj\u00eb jav\u00eb m\u00eb par\u00eb u krekos\u00ebt n\u00eb parlament p\u00ebr importin e mbetjeve nga e gjith\u00eb Europa duke e shitur si nj\u00eb investim p\u00ebr t\u00eb p\u00ebrmir\u00ebsuar jet\u00ebn e shqiptar\u00ebve. Ironi e madhe kjo! Ajo \u00e7ka u miratua n\u00eb sall\u00ebn e Kuvendit me votat e mazhoranc\u00ebs n\u00eb gjuh\u00ebn e popullit kuptohet shkoqur: Mblidh plehrat sa andej k\u00ebtej n\u00ebp\u00ebr Europ\u00eb dhe nisi me kamion\u00eb p\u00ebr n\u00eb Shqip\u00ebri, p\u00ebr ta b\u00ebr\u00eb k\u00ebt\u00eb vend \u00cbC. Nuk \u00ebsht\u00eb aspak jo etike n\u00ebse e them me k\u00ebt\u00eb em\u00ebr, po n\u00eb fakt t\u00eb gjith\u00eb plehrat apo jasht\u00ebnxjerrja e europian\u00ebve do vij\u00eb direkt e paketuar p\u00ebr ta thithur ne n\u00eb mushk\u00ebrit\u00eb tona, n\u00eb ushqimin ton\u00eb, n\u00eb ujin ton\u00eb dhe pastaj p\u00ebr t\u00eb d\u00ebgjuar dhe pallavrat tuaja p\u00ebr diagnostikim n\u00eb koh\u00eb.<\/p>\n<p>Nj\u00eb ligj q\u00eb nuk pastron aspak vendin, por q\u00eb shton plehrat e mbetjet e rrezikshme n\u00eb k\u00ebt\u00eb vend. Nj\u00eb ligj q\u00eb hartohet me karton\u00eb vet\u00ebm e vet\u00ebm q\u00eb nes\u00ebr askush t\u00eb mos mbaj\u00eb p\u00ebrgjegj\u00ebsin\u00eb, pasi ajo s\u2019do ket\u00eb em\u00ebr do jet\u00eb kolektive. Nj\u00eb ligj q\u00eb i ka b\u00ebr\u00eb entuziast\u00eb napoletan\u00ebt q\u00eb luftuan me qeverin\u00eb e tyre p\u00ebr plehrat stiv\u00eb. Ky ligj i dha fund protestave n\u00eb Napoli, tani plehrat do v\u00ebrshojn\u00eb drejt Shqip\u00ebris\u00eb. Dhe n\u00eb k\u00ebt\u00eb vend do hyj\u00eb me ku\u00e7 e me ma\u00e7.<\/p>\n<p>Jo se deri tani s\u2019 ka hyr\u00eb n\u00eb rrug\u00eb ilegale, por tani do orkestrohet nga shteti. Organet doganore n\u00eb rastin m\u00eb t\u00eb mir\u00eb nuk kan\u00eb pajisje p\u00ebr t\u00eb identifikuar n\u00ebse bashk\u00eb me mbetjet e tjera do vijn\u00eb dhe mbetje radioaktive. Pastaj n\u00eb ligj vjen si interes i ve\u00e7ant\u00eb dhe industri e dioksidit t\u00eb titanit. Nj\u00eb industri kjo q\u00eb ka l\u00ebn\u00eb pa goj\u00eb t\u00eb gjith\u00eb njer\u00ebzit q\u00eb jan\u00eb marr\u00eb me industrin\u00eb e r\u00ebnd\u00eb n\u00eb k\u00ebt\u00eb vend dhe jan\u00eb konfuz\u00eb pse duhet nj\u00eb specifik\u00eb e till\u00eb n\u00eb nj\u00eb ligj shqiptar. Por \u00e7udit\u00eb nuk kan\u00eb t\u00eb sosur.<\/p>\n<p>Ajo q\u00eb t\u00eb bie n\u00eb sy n\u00eb nxitimin e mazhoranc\u00ebs nuk ka lidhje me iniciativa ligjore p\u00ebr t\u00eb pastruar t\u00eb pakt\u00ebn mbetjet e k\u00ebtij vendi, e sidomos lumenjt\u00eb e detet tona. Se k\u00ebshtu nuk do linim nam, t\u00eb pakt\u00ebn me fqinj\u00ebt, duke ua b\u00ebr\u00eb edhe atyre pis bregdetin n\u00eb koh\u00eb p\u00ebrmbytjesh. Plehrat tona q\u00eb lundruan n\u00eb brigjet malazeze e kroate ishin turpi m\u00eb i madh p\u00ebr sht\u00ebpin\u00eb e qelbur t\u00eb shqiptar\u00ebve, q\u00eb askush nuk mendon ta pastroj\u00eb. Impiantet me fuqi t\u00eb frikshme, q\u00eb ngrihen pa u b\u00ebr\u00eb ligji, apo q\u00eb ligji b\u00ebhet n\u00eb funksion t\u00eb nj\u00eb individi e nj\u00eb kompani dhe jo n\u00eb funksion t\u00eb shoq\u00ebris\u00eb, jan\u00eb tregues i nj\u00eb harbut\u00ebrie e arrogance t\u00eb k\u00ebtij pushteti familjar.<\/p>\n<p>Meq\u00eb nuk ia doli dot me nd\u00ebrtimin e nj\u00eb centrali b\u00ebrthamor, sepse e gjith\u00eb Europa po shprehet kund\u00ebr k\u00ebsaj energjie, dhe se fqinj\u00ebt u ndjen\u00eb t\u00eb rrezikuar me marrin\u00eb e tij n\u00eb k\u00ebt\u00eb vend pas asnj\u00eb standard sigurie, Saliu mesa duket ka vendosur t\u00eb sjell\u00eb mbetjet radioaktive n\u00eb Shqip\u00ebri. Ndoshta me mentalitetin, pas meje t\u00eb b\u00ebhet qameti. Pasi me k\u00ebt\u00eb mentalitet po qeveriset sot edhe ekonomia e vendit.<\/p>\n<p>Mbi t\u00eb gjitha nj\u00eb ligj i pakonsultuar me ask\u00ebnd dhe q\u00eb shoqatat ambientaliste kan\u00eb folur me z\u00eb ende t\u00eb mekur kund\u00ebr tij. Nj\u00eb ligj p\u00ebr t\u00eb cilin shqiptar\u00ebt jan\u00eb t\u00eb informuar pak ose shum\u00eb pak, dhe q\u00eb p\u00ebrball\u00eb mbijetes\u00ebs apo importit t\u00eb plehrave, Saliu e di q\u00eb ata do ngren\u00eb z\u00ebrin n\u00eb rastin m\u00eb t\u00eb keq vet\u00ebm p\u00ebr buk\u00ebn e goj\u00ebs.<\/p>\n<p>T\u00eb gjitha k\u00ebto zonja Jozefin\u00eb i di, ndon\u00ebse nuk i thot\u00eb. T\u00eb gjitha k\u00ebto zonja Jozefin\u00eb i ka d\u00ebgjuar ndon\u00ebse nuk i pohon.<\/p>\n<p>Ndaj e mir\u00ebkuptova zonj\u00ebn Jozefin\u00eb n\u00eb l\u00ebvizjet e saj kaotike dhe n\u00eb dashurin\u00eb e tep\u00ebrt q\u00eb po u dhuronte rivaleve politike brenda PD at\u00eb dit\u00eb. Nga xhestet e saj t\u00eb pakuptimt\u00eb arrita t\u00eb n\u00ebnkuptoj se ajo vet\u00eb nuk fut nj\u00eb dyshk\u00eb n\u00eb xhep nga gjith\u00eb kjo histori korruptive plehrash. Majlinda?? Ku i dihet. Liria, Liri Berisha?? Ndoshta\u2026 Por, Jozefina jo. Ndaj dhe hipokrizia e asaj dite e vinte n\u00eb siklet, pasi n\u00eb fund t\u00eb fundit ajo nuk fitonte asgj\u00eb.<\/p>\n","protected":false},"excerpt":{"rendered":"<p>Nga Armela Imeraj, 11 Tetor 2011 E pash\u00eb zonj\u00ebn e PD t\u00eb sikletosur fort k\u00ebt\u00eb her\u00eb \u00e7udit\u00ebrisht n\u00eb nj\u00eb nga ato aktivitetet ku ajo ka qejf t\u00eb flas\u00eb me pathos e t\u00eb b\u00ebj\u00eb sikur p\u00ebrlotet. Ishte e veshur e t\u00ebra me pink, por nuk ishte ngjyra pink a roz\u00eb ajo q\u00eb e shqet\u00ebsonte, por ky [&hellip;]<\/p>\n","protected":false},"author":1,"featured_media":0,"comment_status":"open","ping_status":"closed","sticky":false,"template":"","format":"standard","meta":{"footnotes":""},"categories":[2],"tags":[],"class_list":{"0":"post-10963","1":"post","2":"type-post","3":"status-publish","4":"format-standard","6":"category-artikuj"},"yoast_head":"<!-- This site is optimized with the Yoast SEO plugin v27.4 - https:\/\/yoast.com\/product\/yoast-seo-wordpress\/ -->\n<title>Kanceri i plehrave dhe hipokrizia e Jozefin\u00ebs - FjALA e LIR\u00cb - Arkivi<\/title>\n<meta name=\"robots\" content=\"index, follow, max-snippet:-1, max-image-preview:large, max-video-preview:-1\" \/>\n<link rel=\"canonical\" href=\"https:\/\/fjala.info\/2009-2015\/kanceri-i-plehrave-dhe-hipokrizia-e-jozefines\/\" \/>\n<meta property=\"og:locale\" content=\"sq_AL\" \/>\n<meta property=\"og:type\" content=\"article\" \/>\n<meta property=\"og:title\" content=\"Kanceri i plehrave dhe hipokrizia e Jozefin\u00ebs - FjALA e LIR\u00cb - Arkivi\" \/>\n<meta property=\"og:description\" content=\"Nga Armela Imeraj, 11 Tetor 2011 E pash\u00eb zonj\u00ebn e PD t\u00eb sikletosur fort k\u00ebt\u00eb her\u00eb \u00e7udit\u00ebrisht n\u00eb nj\u00eb nga ato aktivitetet ku ajo ka qejf t\u00eb flas\u00eb me pathos e t\u00eb b\u00ebj\u00eb sikur p\u00ebrlotet. Ishte e veshur e t\u00ebra me pink, por nuk ishte ngjyra pink a roz\u00eb ajo q\u00eb e shqet\u00ebsonte, por ky [&hellip;]\" \/>\n<meta property=\"og:url\" content=\"https:\/\/fjala.info\/2009-2015\/kanceri-i-plehrave-dhe-hipokrizia-e-jozefines\/\" \/>\n<meta property=\"og:site_name\" content=\"FjALA e LIR\u00cb - Arkivi\" \/>\n<meta property=\"article:published_time\" content=\"2011-10-11T21:07:50+00:00\" \/>\n<meta property=\"og:image\" content=\"http:\/\/www.shkoder.net\/images\/fjala\/2011\/armela_imeraj.jpg\" \/>\n<meta name=\"author\" content=\"admin\" \/>\n<meta name=\"twitter:card\" content=\"summary_large_image\" \/>\n<meta name=\"twitter:label1\" content=\"Written by\" \/>\n\t<meta name=\"twitter:data1\" content=\"admin\" \/>\n\t<meta name=\"twitter:label2\" content=\"Est. reading time\" \/>\n\t<meta name=\"twitter:data2\" content=\"6 minutes\" \/>\n<script type=\"application\/ld+json\" class=\"yoast-schema-graph\">{\"@context\":\"https:\\\/\\\/schema.org\",\"@graph\":[{\"@type\":\"Article\",\"@id\":\"https:\\\/\\\/fjala.info\\\/2009-2015\\\/kanceri-i-plehrave-dhe-hipokrizia-e-jozefines\\\/#article\",\"isPartOf\":{\"@id\":\"https:\\\/\\\/fjala.info\\\/2009-2015\\\/kanceri-i-plehrave-dhe-hipokrizia-e-jozefines\\\/\"},\"author\":{\"name\":\"admin\",\"@id\":\"https:\\\/\\\/fjala.info\\\/2009-2015\\\/#\\\/schema\\\/person\\\/3aa1163ef05469c496fc94e77611ada2\"},\"headline\":\"Kanceri i plehrave dhe hipokrizia e Jozefin\u00ebs\",\"datePublished\":\"2011-10-11T21:07:50+00:00\",\"mainEntityOfPage\":{\"@id\":\"https:\\\/\\\/fjala.info\\\/2009-2015\\\/kanceri-i-plehrave-dhe-hipokrizia-e-jozefines\\\/\"},\"wordCount\":1166,\"commentCount\":0,\"publisher\":{\"@id\":\"https:\\\/\\\/fjala.info\\\/2009-2015\\\/#organization\"},\"image\":{\"@id\":\"https:\\\/\\\/fjala.info\\\/2009-2015\\\/kanceri-i-plehrave-dhe-hipokrizia-e-jozefines\\\/#primaryimage\"},\"thumbnailUrl\":\"http:\\\/\\\/www.shkoder.net\\\/images\\\/fjala\\\/2011\\\/armela_imeraj.jpg\",\"articleSection\":[\"Artikuj\"],\"inLanguage\":\"sq-AL\",\"potentialAction\":[{\"@type\":\"CommentAction\",\"name\":\"Comment\",\"target\":[\"https:\\\/\\\/fjala.info\\\/2009-2015\\\/kanceri-i-plehrave-dhe-hipokrizia-e-jozefines\\\/#respond\"]}]},{\"@type\":\"WebPage\",\"@id\":\"https:\\\/\\\/fjala.info\\\/2009-2015\\\/kanceri-i-plehrave-dhe-hipokrizia-e-jozefines\\\/\",\"url\":\"https:\\\/\\\/fjala.info\\\/2009-2015\\\/kanceri-i-plehrave-dhe-hipokrizia-e-jozefines\\\/\",\"name\":\"Kanceri i plehrave dhe hipokrizia e Jozefin\u00ebs - FjALA e LIR\u00cb - Arkivi\",\"isPartOf\":{\"@id\":\"https:\\\/\\\/fjala.info\\\/2009-2015\\\/#website\"},\"primaryImageOfPage\":{\"@id\":\"https:\\\/\\\/fjala.info\\\/2009-2015\\\/kanceri-i-plehrave-dhe-hipokrizia-e-jozefines\\\/#primaryimage\"},\"image\":{\"@id\":\"https:\\\/\\\/fjala.info\\\/2009-2015\\\/kanceri-i-plehrave-dhe-hipokrizia-e-jozefines\\\/#primaryimage\"},\"thumbnailUrl\":\"http:\\\/\\\/www.shkoder.net\\\/images\\\/fjala\\\/2011\\\/armela_imeraj.jpg\",\"datePublished\":\"2011-10-11T21:07:50+00:00\",\"breadcrumb\":{\"@id\":\"https:\\\/\\\/fjala.info\\\/2009-2015\\\/kanceri-i-plehrave-dhe-hipokrizia-e-jozefines\\\/#breadcrumb\"},\"inLanguage\":\"sq-AL\",\"potentialAction\":[{\"@type\":\"ReadAction\",\"target\":[\"https:\\\/\\\/fjala.info\\\/2009-2015\\\/kanceri-i-plehrave-dhe-hipokrizia-e-jozefines\\\/\"]}]},{\"@type\":\"ImageObject\",\"inLanguage\":\"sq-AL\",\"@id\":\"https:\\\/\\\/fjala.info\\\/2009-2015\\\/kanceri-i-plehrave-dhe-hipokrizia-e-jozefines\\\/#primaryimage\",\"url\":\"http:\\\/\\\/www.shkoder.net\\\/images\\\/fjala\\\/2011\\\/armela_imeraj.jpg\",\"contentUrl\":\"http:\\\/\\\/www.shkoder.net\\\/images\\\/fjala\\\/2011\\\/armela_imeraj.jpg\"},{\"@type\":\"BreadcrumbList\",\"@id\":\"https:\\\/\\\/fjala.info\\\/2009-2015\\\/kanceri-i-plehrave-dhe-hipokrizia-e-jozefines\\\/#breadcrumb\",\"itemListElement\":[{\"@type\":\"ListItem\",\"position\":1,\"name\":\"Home\",\"item\":\"https:\\\/\\\/fjala.info\\\/2009-2015\\\/\"},{\"@type\":\"ListItem\",\"position\":2,\"name\":\"Kanceri i plehrave dhe hipokrizia e Jozefin\u00ebs\"}]},{\"@type\":\"WebSite\",\"@id\":\"https:\\\/\\\/fjala.info\\\/2009-2015\\\/#website\",\"url\":\"https:\\\/\\\/fjala.info\\\/2009-2015\\\/\",\"name\":\"FjALA e LIR\u00cb - Arkivi\",\"description\":\"Arkivi 2009-2015\",\"publisher\":{\"@id\":\"https:\\\/\\\/fjala.info\\\/2009-2015\\\/#organization\"},\"potentialAction\":[{\"@type\":\"SearchAction\",\"target\":{\"@type\":\"EntryPoint\",\"urlTemplate\":\"https:\\\/\\\/fjala.info\\\/2009-2015\\\/?s={search_term_string}\"},\"query-input\":{\"@type\":\"PropertyValueSpecification\",\"valueRequired\":true,\"valueName\":\"search_term_string\"}}],\"inLanguage\":\"sq-AL\"},{\"@type\":\"Organization\",\"@id\":\"https:\\\/\\\/fjala.info\\\/2009-2015\\\/#organization\",\"name\":\"FjALA e LIR\u00cb - Arkivi\",\"url\":\"https:\\\/\\\/fjala.info\\\/2009-2015\\\/\",\"logo\":{\"@type\":\"ImageObject\",\"inLanguage\":\"sq-AL\",\"@id\":\"https:\\\/\\\/fjala.info\\\/2009-2015\\\/#\\\/schema\\\/logo\\\/image\\\/\",\"url\":\"\",\"contentUrl\":\"\",\"caption\":\"FjALA e LIR\u00cb - Arkivi\"},\"image\":{\"@id\":\"https:\\\/\\\/fjala.info\\\/2009-2015\\\/#\\\/schema\\\/logo\\\/image\\\/\"}},{\"@type\":\"Person\",\"@id\":\"https:\\\/\\\/fjala.info\\\/2009-2015\\\/#\\\/schema\\\/person\\\/3aa1163ef05469c496fc94e77611ada2\",\"name\":\"admin\",\"image\":{\"@type\":\"ImageObject\",\"inLanguage\":\"sq-AL\",\"@id\":\"https:\\\/\\\/fjala.info\\\/2009-2015\\\/wp-content\\\/uploads\\\/2012\\\/02\\\/arben_cokaj-120x150.jpg\",\"url\":\"https:\\\/\\\/fjala.info\\\/2009-2015\\\/wp-content\\\/uploads\\\/2012\\\/02\\\/arben_cokaj-120x150.jpg\",\"contentUrl\":\"https:\\\/\\\/fjala.info\\\/2009-2015\\\/wp-content\\\/uploads\\\/2012\\\/02\\\/arben_cokaj-120x150.jpg\",\"caption\":\"admin\"},\"description\":\"Admin, Fjala e Lir\u00eb\",\"sameAs\":[\"https:\\\/\\\/fjala.info\\\/\"],\"url\":\"https:\\\/\\\/fjala.info\\\/2009-2015\\\/author\\\/admin\\\/\"}]}<\/script>\n<!-- \/ Yoast SEO plugin. -->","yoast_head_json":{"title":"Kanceri i plehrave dhe hipokrizia e Jozefin\u00ebs - FjALA e LIR\u00cb - Arkivi","robots":{"index":"index","follow":"follow","max-snippet":"max-snippet:-1","max-image-preview":"max-image-preview:large","max-video-preview":"max-video-preview:-1"},"canonical":"https:\/\/fjala.info\/2009-2015\/kanceri-i-plehrave-dhe-hipokrizia-e-jozefines\/","og_locale":"sq_AL","og_type":"article","og_title":"Kanceri i plehrave dhe hipokrizia e Jozefin\u00ebs - FjALA e LIR\u00cb - Arkivi","og_description":"Nga Armela Imeraj, 11 Tetor 2011 E pash\u00eb zonj\u00ebn e PD t\u00eb sikletosur fort k\u00ebt\u00eb her\u00eb \u00e7udit\u00ebrisht n\u00eb nj\u00eb nga ato aktivitetet ku ajo ka qejf t\u00eb flas\u00eb me pathos e t\u00eb b\u00ebj\u00eb sikur p\u00ebrlotet. Ishte e veshur e t\u00ebra me pink, por nuk ishte ngjyra pink a roz\u00eb ajo q\u00eb e shqet\u00ebsonte, por ky [&hellip;]","og_url":"https:\/\/fjala.info\/2009-2015\/kanceri-i-plehrave-dhe-hipokrizia-e-jozefines\/","og_site_name":"FjALA e LIR\u00cb - Arkivi","article_published_time":"2011-10-11T21:07:50+00:00","og_image":[{"url":"http:\/\/www.shkoder.net\/images\/fjala\/2011\/armela_imeraj.jpg","type":"","width":"","height":""}],"author":"admin","twitter_card":"summary_large_image","twitter_misc":{"Written by":"admin","Est. reading time":"6 minutes"},"schema":{"@context":"https:\/\/schema.org","@graph":[{"@type":"Article","@id":"https:\/\/fjala.info\/2009-2015\/kanceri-i-plehrave-dhe-hipokrizia-e-jozefines\/#article","isPartOf":{"@id":"https:\/\/fjala.info\/2009-2015\/kanceri-i-plehrave-dhe-hipokrizia-e-jozefines\/"},"author":{"name":"admin","@id":"https:\/\/fjala.info\/2009-2015\/#\/schema\/person\/3aa1163ef05469c496fc94e77611ada2"},"headline":"Kanceri i plehrave dhe hipokrizia e Jozefin\u00ebs","datePublished":"2011-10-11T21:07:50+00:00","mainEntityOfPage":{"@id":"https:\/\/fjala.info\/2009-2015\/kanceri-i-plehrave-dhe-hipokrizia-e-jozefines\/"},"wordCount":1166,"commentCount":0,"publisher":{"@id":"https:\/\/fjala.info\/2009-2015\/#organization"},"image":{"@id":"https:\/\/fjala.info\/2009-2015\/kanceri-i-plehrave-dhe-hipokrizia-e-jozefines\/#primaryimage"},"thumbnailUrl":"http:\/\/www.shkoder.net\/images\/fjala\/2011\/armela_imeraj.jpg","articleSection":["Artikuj"],"inLanguage":"sq-AL","potentialAction":[{"@type":"CommentAction","name":"Comment","target":["https:\/\/fjala.info\/2009-2015\/kanceri-i-plehrave-dhe-hipokrizia-e-jozefines\/#respond"]}]},{"@type":"WebPage","@id":"https:\/\/fjala.info\/2009-2015\/kanceri-i-plehrave-dhe-hipokrizia-e-jozefines\/","url":"https:\/\/fjala.info\/2009-2015\/kanceri-i-plehrave-dhe-hipokrizia-e-jozefines\/","name":"Kanceri i plehrave dhe hipokrizia e Jozefin\u00ebs - FjALA e LIR\u00cb - Arkivi","isPartOf":{"@id":"https:\/\/fjala.info\/2009-2015\/#website"},"primaryImageOfPage":{"@id":"https:\/\/fjala.info\/2009-2015\/kanceri-i-plehrave-dhe-hipokrizia-e-jozefines\/#primaryimage"},"image":{"@id":"https:\/\/fjala.info\/2009-2015\/kanceri-i-plehrave-dhe-hipokrizia-e-jozefines\/#primaryimage"},"thumbnailUrl":"http:\/\/www.shkoder.net\/images\/fjala\/2011\/armela_imeraj.jpg","datePublished":"2011-10-11T21:07:50+00:00","breadcrumb":{"@id":"https:\/\/fjala.info\/2009-2015\/kanceri-i-plehrave-dhe-hipokrizia-e-jozefines\/#breadcrumb"},"inLanguage":"sq-AL","potentialAction":[{"@type":"ReadAction","target":["https:\/\/fjala.info\/2009-2015\/kanceri-i-plehrave-dhe-hipokrizia-e-jozefines\/"]}]},{"@type":"ImageObject","inLanguage":"sq-AL","@id":"https:\/\/fjala.info\/2009-2015\/kanceri-i-plehrave-dhe-hipokrizia-e-jozefines\/#primaryimage","url":"http:\/\/www.shkoder.net\/images\/fjala\/2011\/armela_imeraj.jpg","contentUrl":"http:\/\/www.shkoder.net\/images\/fjala\/2011\/armela_imeraj.jpg"},{"@type":"BreadcrumbList","@id":"https:\/\/fjala.info\/2009-2015\/kanceri-i-plehrave-dhe-hipokrizia-e-jozefines\/#breadcrumb","itemListElement":[{"@type":"ListItem","position":1,"name":"Home","item":"https:\/\/fjala.info\/2009-2015\/"},{"@type":"ListItem","position":2,"name":"Kanceri i plehrave dhe hipokrizia e Jozefin\u00ebs"}]},{"@type":"WebSite","@id":"https:\/\/fjala.info\/2009-2015\/#website","url":"https:\/\/fjala.info\/2009-2015\/","name":"FjALA e LIR\u00cb - Arkivi","description":"Arkivi 2009-2015","publisher":{"@id":"https:\/\/fjala.info\/2009-2015\/#organization"},"potentialAction":[{"@type":"SearchAction","target":{"@type":"EntryPoint","urlTemplate":"https:\/\/fjala.info\/2009-2015\/?s={search_term_string}"},"query-input":{"@type":"PropertyValueSpecification","valueRequired":true,"valueName":"search_term_string"}}],"inLanguage":"sq-AL"},{"@type":"Organization","@id":"https:\/\/fjala.info\/2009-2015\/#organization","name":"FjALA e LIR\u00cb - Arkivi","url":"https:\/\/fjala.info\/2009-2015\/","logo":{"@type":"ImageObject","inLanguage":"sq-AL","@id":"https:\/\/fjala.info\/2009-2015\/#\/schema\/logo\/image\/","url":"","contentUrl":"","caption":"FjALA e LIR\u00cb - Arkivi"},"image":{"@id":"https:\/\/fjala.info\/2009-2015\/#\/schema\/logo\/image\/"}},{"@type":"Person","@id":"https:\/\/fjala.info\/2009-2015\/#\/schema\/person\/3aa1163ef05469c496fc94e77611ada2","name":"admin","image":{"@type":"ImageObject","inLanguage":"sq-AL","@id":"https:\/\/fjala.info\/2009-2015\/wp-content\/uploads\/2012\/02\/arben_cokaj-120x150.jpg","url":"https:\/\/fjala.info\/2009-2015\/wp-content\/uploads\/2012\/02\/arben_cokaj-120x150.jpg","contentUrl":"https:\/\/fjala.info\/2009-2015\/wp-content\/uploads\/2012\/02\/arben_cokaj-120x150.jpg","caption":"admin"},"description":"Admin, Fjala e Lir\u00eb","sameAs":["https:\/\/fjala.info\/"],"url":"https:\/\/fjala.info\/2009-2015\/author\/admin\/"}]}},"_links":{"self":[{"href":"https:\/\/fjala.info\/2009-2015\/wp-json\/wp\/v2\/posts\/10963","targetHints":{"allow":["GET"]}}],"collection":[{"href":"https:\/\/fjala.info\/2009-2015\/wp-json\/wp\/v2\/posts"}],"about":[{"href":"https:\/\/fjala.info\/2009-2015\/wp-json\/wp\/v2\/types\/post"}],"author":[{"embeddable":true,"href":"https:\/\/fjala.info\/2009-2015\/wp-json\/wp\/v2\/users\/1"}],"replies":[{"embeddable":true,"href":"https:\/\/fjala.info\/2009-2015\/wp-json\/wp\/v2\/comments?post=10963"}],"version-history":[{"count":0,"href":"https:\/\/fjala.info\/2009-2015\/wp-json\/wp\/v2\/posts\/10963\/revisions"}],"wp:attachment":[{"href":"https:\/\/fjala.info\/2009-2015\/wp-json\/wp\/v2\/media?parent=10963"}],"wp:term":[{"taxonomy":"category","embeddable":true,"href":"https:\/\/fjala.info\/2009-2015\/wp-json\/wp\/v2\/categories?post=10963"},{"taxonomy":"post_tag","embeddable":true,"href":"https:\/\/fjala.info\/2009-2015\/wp-json\/wp\/v2\/tags?post=10963"}],"curies":[{"name":"wp","href":"https:\/\/api.w.org\/{rel}","templated":true}]}}