{"id":10961,"date":"2011-10-11T22:03:16","date_gmt":"2011-10-11T21:03:16","guid":{"rendered":"http:\/\/fjala.shkoder.net\/?p=10961"},"modified":"2011-10-11T22:03:16","modified_gmt":"2011-10-11T21:03:16","slug":"shkodra-do-te-permbytet-sa-here-te-bjere-shi","status":"publish","type":"post","link":"https:\/\/fjala.info\/2009-2015\/shkodra-do-te-permbytet-sa-here-te-bjere-shi\/","title":{"rendered":"\u201cShkodra do t\u00eb p\u00ebrmbytet sa her\u00eb t\u00eb bjer\u00eb shi\u201d"},"content":{"rendered":"<p><img decoding=\"async\" class=\"alignright size-thumbnail wp-image-7236\" title=\"Anila Dushi\" src=\"http:\/\/www.shkoder.net\/images\/fjala\/anila_dushi.jpg\" alt=\"\" width=\"150\" \/> <strong>Anila Dushi<\/strong><\/p>\n<p>\u201cE mbysim ne Shkodr\u00ebn, nuk na mbyt Buna, as Drini, as Liqeni. N\u00eb rast se do t\u00eb b\u00ebhet thellimi i Bun\u00ebs n\u00eb 8 m, n\u00eb gjer\u00ebsi 200m, nuk do t\u00eb ket\u00eb p\u00ebrmbytje t\u00eb Shkodr\u00ebs p\u00ebr s\u00eb paku 150 vjet\u201d. K\u00ebshtu shprehet specialisti Ismet Teli, i cili ka kryer matje t\u00eb vazhdueshme n\u00eb lumin Buna dhe bazuar dhe n\u00eb njohurit\u00eb e p\u00ebrvoj\u00ebn e tij shprehet se vet\u00ebm kjo do ta evitoj\u00eb p\u00ebrmbytjen.<\/p>\n<p>Ismet Teli, detar prej \u201947-s, shprehet se Shkodra \u00ebsht\u00eb perla e Ballkanit dhe nj\u00eb rast unik ku ka liqen, tre lumenj, det dhe perl\u00eb malore. \u201cShkodra ec\u00ebn mbi brilant me k\u00ebmb\u00eb zbathur\u201d, shprehet shkodrani q\u00eb ndon\u00ebse prej shum\u00eb vitesh nuk jeton n\u00eb qytetin e tij, \u00ebsht\u00eb aktiv me p\u00ebrvoj\u00ebn e studimet e tij p\u00ebr t\u00eb shp\u00ebtuar pasurit\u00eb natyrore t\u00eb k\u00ebtij qyteti dhe p\u00ebr t\u00eb orientuar shfryt\u00ebzimin e tyre si potencial ekonomik.<\/p>\n<p>I angazhuar dhe gjat\u00eb p\u00ebrmbytjeve t\u00eb vitit 2010, Teli tregon se Shkodra p\u00ebrmbytet dhe do t\u00eb vazhdoj\u00eb ta ket\u00eb k\u00ebt\u00eb fat sa her\u00eb t\u00eb bjer\u00eb shi. Kjo, sepse Buna duhet thelluar dhe vet\u00ebm k\u00ebshtu b\u00ebhet e mundur q\u00eb Drini, q\u00eb ka prurje disa here m\u00eb t\u00eb m\u00ebdha t\u2019i bjer\u00eb n\u00eb shpin\u00eb e t\u00eb mos i krijoj\u00eb problme.<\/p>\n<p>\u201cBuna mund t\u00eb thellohet dhe t\u00eb b\u00ebhet i mundur kalimi i anijeve p\u00ebr tregti e turiz\u00ebm si\u00e7 ka qen\u00eb dikur. Minimumi i tabanit t\u00eb Bun\u00ebs i matur tani \u00ebsht\u00eb 2m e 14 cm mbi nivelin e detit. Po t\u00eb thellohet Buna edhe 8 metra, nuk hyn uji i detit n\u00eb t\u00eb, si\u00e7 pretendon se do t\u00eb ndodh\u00eb ndonj\u00eb specialist i ve\u00e7ant\u00eb. N\u00eb qershor t\u00eb vitit 1981 jam ngarkuar nga Ministria e Transportit dhe flota tregtare ku punoja p\u00ebr t\u00eb d\u00ebrguar me anije nj\u00eb sond\u00eb n\u00eb Han t\u00eb Hotit. Kjo pasi at\u00ebher\u00eb studioheshin tre variante p\u00ebr hekurudh\u00ebn q\u00eb do nd\u00ebtohej n\u00eb drejtim t\u00eb ish-Jugosllavis\u00eb. Ura e vjet\u00ebr Bun\u00ebs hapej at\u00ebher\u00eb dhe kam kaluar p\u00ebrmes lumit n\u00eb liqen deri atje ku do d\u00ebrgohej sonda. Nga matjet e sondist\u00ebve dhe analiza e kampioneve rezultoi se tabani i liqenit \u00ebsht\u00eb shtuf, ran\u00eb deti dhe konifere. Kjo se dikur liqeni ka qen\u00eb det, pastaj \u00ebsht\u00eb quajtur k\u00ebneta e Mora\u00e7\u00ebs, m\u00eb von\u00eb nga interferimet \u00ebsht\u00eb b\u00ebr\u00eb liqen. Ky liqen na ka dh\u00ebn\u00eb nj\u00eb bij\u00eb shum\u00eb t\u00eb vlefshme, lumin Buna.<\/p>\n<p>Drini \u00ebsht\u00eb bashkuar me Bun\u00ebn, jo k\u00ebtu ku \u00ebsht\u00eb sot ky bashkim, por m\u00eb tej, m\u00eb 1856-n. Drini \u00ebsht\u00eb lumi m\u00eb i padisiplinuar, q\u00eb e ka ndryshuar shtratin tre her\u00eb. Lumi Buna nuk mban 150 000 banor\u00eb, por sistemimi i saj \u00ebsht\u00eb e llogaritur se shton me 30% prodhimin bujq\u00ebsor n\u00eb vend. Liqeni e ka humbur volumin p\u00ebr shkak t\u00eb nj\u00eb bari q\u00eb \u00ebsht\u00eb sjell\u00eb nga aluvionet, q\u00eb sot shkon 5-6 m. Ky ka krijuar nj\u00eb rrjet\u00eb q\u00eb pengon aluvionet q\u00eb vijn\u00eb duke mos i l\u00ebn\u00eb t\u00eb ikin, por t\u00eb depozitohen n\u00eb liqen.<\/p>\n<p>N\u00eb vitet 1970-1972 nj\u00ebri nxori nj\u00eb makin\u00eb korr\u00ebse dhe korri barin e liqenit. P\u00ebr k\u00ebt\u00eb u dekorua me \u00e7mimin e republik\u00ebs, por n\u00eb fakt u b\u00eb nj\u00eb krim i madh mbi liqenin e Shkodr\u00ebs. Duke u korrur ky bar, bima mori zhvillim rr\u00ebnj\u00ebsor, nga rr\u00ebnja dhe doli edhe m\u00eb shum\u00eb. Bari duhet shkulur p\u00ebr ta mbajtur liqenin s\u00eb paku dhe 50 vjet ashtu si\u00e7 \u00ebsht\u00eb. Gjat\u00eb viteve kam b\u00ebr\u00eb matje e kam mbajtur sh\u00ebnime, por n\u00eb at\u00eb koh\u00eb kush dinte shum\u00eb, i prisnin kok\u00ebn. Sot \u00ebsht\u00eb ndryshe. Por p\u00ebr nd\u00ebrgjegj\u00ebsimin e njer\u00ebzve duhen dhjet\u00ebra vite, nd\u00ebrsa gjith\u00e7ka rregullohet duke zbatuar ligjet, p\u00ebr t\u00eb mir\u00eb t\u00eb vendit.<\/p>\n<p>M\u00eb vjen keq q\u00eb shum\u00eb njer\u00ebz merren me studimin e liqenit, por asnj\u00ebri nuk jep zgjidhje p\u00ebrfundimtare. Liqeni duhet pastruar me anije, pasi ka depozita nafte, hekura, trungje etj, q\u00eb pengojn\u00eb aluvionet. Disa thon\u00eb se bari i liqenit ushqen peshqit. Por ai \u00ebsht\u00eb si karremi q\u00eb p\u00ebr momentin t\u00eb jep oksigjen dhe pastaj ta merr dyfish. Peshku n\u00eb liqen \u00ebsht\u00eb d\u00ebmtuar dhe vazhdon t\u00eb d\u00ebmtohet nga gjuetia me korrent dhe rrethimi q\u00eb pengon peshkun e vog\u00ebl t\u00eb rritet. Aktualisht Blini nuk ekziston, nd\u00ebrsa krapi ka dy vjet q\u00eb nuk shtohet se gjuhet n\u00eb koh\u00ebn e shumimit dhe duke z\u00ebn\u00eb nj\u00eb krap n\u00eb periudh\u00ebn e shumimit, ke shfarosusr s\u00eb paku 1700 t\u00eb tjer\u00eb.<\/p>\n<p>N\u00eb baz\u00eb t\u00eb llogaritjeve q\u00eb kam b\u00ebr\u00eb, liqeni pastrohet p\u00ebr 467 dit\u00eb pune, duke pastruar 1.040.000 m 2 n\u00eb dit\u00eb, duke punuar si\u00e7 punojm\u00eb ne detar\u00ebt, dhe jo n\u00ebp\u00ebr kafene, n\u00eb dy faza, bregu dhe qendra e tij. Kjo ka nj\u00eb kosto 1.507.000 euro, duke p\u00ebrfshir\u00eb dhe anijen. E kam prezantuar k\u00ebt\u00eb, ka nj\u00ebfar\u00eb interesimi nga z\u00ebvend\u00ebsministri i mjedisit Demeti, por nuk dihet si do shkoj\u00eb kjo pun\u00eb. Marinar\u00ebve t\u00eb mi gjithmon\u00eb u thoja nj\u00eb shprehje t\u00eb huaj q\u00eb n\u00eb shqip p\u00ebrkthehet \u201cnes\u00ebr, nes\u00ebr dhe jo sot thon\u00eb gjith\u00eb njer\u00ebzit dembel\u00eb\u201d.<\/p>\n<p>Duke folur p\u00ebr lumin Buna dhe nd\u00ebrhyrjen n\u00eb t\u00eb, detari 68-vje\u00e7ar Ismet Teli argumenton se thellimi i saj sjell mjaft dobi ekonomike dhe eliminon p\u00ebrmbytjet. Me mjetet e tij personale ai ka b\u00ebr\u00eb matje dhe thot\u00eb se ka parashikuar p\u00ebrmbytje muaj p\u00ebrpara, por nuk e kan\u00eb p\u00ebrkrahur n\u00eb masat parandaluese. Kur ndodhi, e kan\u00eb thirrur dhe kan\u00eb marr\u00eb mendimin p\u00ebr hapjen e gryk\u00ebs s\u00eb Bun\u00ebs me draga q\u00eb t\u00eb ulej niveli i ujit. Ai shton se \u00ebsht\u00eb gati t\u00eb p\u00ebrballet me \u00e7do specialist p\u00ebr llogaritje dhe ide t\u00eb paraqitura prej tij, pasi i njeh me p\u00ebll\u00ebmb\u00eb Bun\u00ebn dhe liqenin.<\/p>\n<p>\u201cJan\u00eb 10 pika kryesore ku duhet t\u00eb nd\u00ebrhyhet pa drag\u00eb p\u00ebr t\u00eb b\u00ebr\u00eb pastrim e thellim t\u00eb lumit Buna, por 5 jan\u00eb m\u00eb kryesoret: n\u00eb Zues ku duhen larguar 2.808.000 m3 dhera, n\u00eb Darragjat, p\u00ebrball\u00eb Shirqit, n\u00eb Shirq dhe tek pylli i Ad\u00ebs ku nd\u00ebrhyrja duhet b\u00ebr\u00eb patjet\u00ebr. Duhet eliminuar kjo sasi dheu q\u00eb n\u00eb total \u00ebsht\u00eb 3.880.000 m3. Po nuk u eliminua ky dhe, do t\u00eb ket\u00eb p\u00ebrmbytje. Nuk kam nevoj\u00eb p\u00ebr draga. Kjo ka nj\u00eb kosto prej 762 000 eurosh p\u00ebr t\u00eb eliminuar k\u00ebto dhera dhe Bun\u00ebn e \u00e7ojn\u00eb n\u00eb 200m gjer\u00ebsi, aty ku ka lindur\u201d.<\/p>\n<p>Duke folur p\u00ebr perspektiv\u00ebn e lumit Buna, Teli shprehet se jan\u00eb shprehur n\u00eb media se po u thellua Buna, hyn deti n\u00eb t\u00eb. \u201cNga verifikimet, Buna \u00ebsht\u00eb 12m e 14 cm mbi nivelin e detit dhe kjo lejon iden\u00eb time. N\u00eb qoft\u00eb se Buna shkon aty ku duam ne, e jo t\u00eb devijoj\u00eb, nga mbi 41 km q\u00eb \u00ebsht\u00eb, b\u00ebhet 25 km. Projektin e kam gati dhe t\u00eb studiuar n\u00eb taban. Ajo p\u00ebrballon prurje mbi 5900 m3 uj\u00eb n\u00eb sekond\u00eb, sepse aktualisht Buna ka kat\u00ebr starte, dhe duke i eliminuar rritet shpejt\u00ebsia.<\/p>\n<p>Me rezerva mund t\u00eb p\u00ebrballoj\u00eb deri n\u00eb 7000 m3 uj\u00eb n\u00eb sekond\u00eb. Un\u00eb e v\u00ebrtetova tek ura e Bun\u00ebs dhe projekti im \u00ebsht\u00eb m\u00eb i madh se synon thellimin n\u00eb 18 m dhe k\u00ebt\u00eb ma lejon Buna, ajo p\u00ebrballon mbi 2000 dhe p\u00ebr 200 vjet nuk ka p\u00ebrmbytje. N\u00eb Mesdhe ka tre lumenj: Nili, Danubi dhe Buna, ku Danubi vjen pas Bun\u00ebs, ka gjat\u00ebsi lundrimi, por jo aft\u00ebsi lundrimi sa Buna. Kjo do sillte lundrimin e anijeve shum\u00eb t\u00eb m\u00ebdha, deri 300 000 ton\u00ebshe dhe p\u00ebr k\u00ebt\u00eb interesohet komuniteti evropian.<\/p>\n<p>Evropa e do nj\u00eb pike tranzite n\u00eb Mesdhe, dhe kjo do t\u00eb ishte Buna. N\u00eb 8 m uj\u00eb t\u00eb Bun\u00ebs hyjn\u00eb anije 8 000 ton\u00ebshe dhe porti do ishte mjaft ekonomik. Kur del nga gryka e Bun\u00ebs, 400m duke hequr nj\u00eb vij\u00eb t\u00eb drejt\u00eb Ad\u00eb \u2013 Franc Jozef \u00ebsht\u00eb 5.9 m thell\u00ebsi, n\u00eb 637 metra shkon 18 m thell\u00eb. Ky \u00ebsht\u00eb bishti i alpeve ilirike. E kam llogaritur se \u00ebsht\u00eb m\u00eb ekomik se portet e tjera ku duhen shuma t\u00eb m\u00ebdha p\u00ebr t\u2019i mbajtur pritat se mbushen, nd\u00ebrsa k\u00ebtu jan\u00eb. Do t\u00eb sillte zhvillim ekonomik edhe me kapacitete 8000 ton\u00ebshe n\u00eb lundrim, pasi i jepet mund\u00ebsi q\u00eb Serbia, Maqedonia, Kosova, Bullgaria t\u00eb dilnin n\u00eb detin Mesdhe. Pastaj p\u00ebr m\u00eb tej, zhvillimi do ishte i till\u00eb dhe jo vet\u00ebm do eliminonte papun\u00ebsin\u00eb n\u00eb Shkod\u00ebr, por do t\u00eb k\u00ebrkonte shtes\u00eb fuqie pun\u00ebtore\u201d.<\/p>\n<p>Ismet Teli shton se \u00ebsht\u00eb n\u00eb Shkod\u00ebr n\u00eb k\u00ebrkim t\u00eb nj\u00eb sponsori q\u00eb do t\u2019i jepte mund\u00ebsi t\u00eb eksperimentonte projektin p\u00ebr eliminimin e p\u00ebrmbytjeve, p\u00ebr t\u00eb cilin thot\u00eb se duhen 40 dit\u00eb, dhe nj\u00eb shum\u00eb jo e madhe.<\/p>\n<p><strong>150 000 ngjala ngordh\u00ebn nga mbetjet e aluminit<\/strong><\/p>\n<p>N\u00eb vitet 1957, 1958, 1960 thell\u00ebsia e liqenit ka qen\u00eb 12.8 metra. E kam matur m\u00eb 2008-n dhe doli 7.6m. Pra volumi i tij ka humb\u00eb 5.2 m. N\u00eb vitet \u201860 e kam b\u00ebr\u00eb liqenin me not nga bregu i r\u00ebr\u00ebs deri n\u00eb Shirok\u00eb, dhe kur m\u00eb merrte etja, zhytesha n\u00eb fund dhe pija uj\u00eb. Sot po t\u00eb pish uj\u00eb liqeni, vdes. N\u00eb vitet 1996 a 1997 ngordh\u00ebn 150 000 ngjala n\u00eb liqen. Arsyeja mbeti enigm\u00eb, por un\u00eb e pata deklaruar se shkaku ishte oksidi i aluminit, mbetjet e aluminit t\u00eb kombinatit n\u00eb Mal t\u00eb Zi q\u00eb i derdhte n\u00eb liqen.<\/p>\n<p><strong>Historia: Porti i Obotit kishte 120 anije<\/strong><\/p>\n<p>T\u00eb dh\u00ebnat historike v\u00ebrtetojn\u00eb q\u00eb liqeni dhe lumi Buna duke qen\u00eb t\u00eb lundruesh\u00ebm sillnin dobi t\u00eb madhe ekonomike dikur. Historiani Tit Livi shkruan se porti i Obotit ka 120 anije t\u00eb punuara nga artizan\u00ebt shkodran\u00eb e ulqinak\u00eb. Dori\u00e7eli n\u00eb shek XVI shkruan se portet e Shkodr\u00ebs, Ulqinit e Vlor\u00ebs mbizot\u00ebrojn\u00eb Adriatikun dhe kan\u00eb 340 anije me rreth 4500 punonj\u00ebs q\u00eb lundronin n\u00eb linjat Venedik \u2013 Raguz\u00eb (Dubrovnik). \u00cbsht\u00eb kjo Bun\u00eb q\u00eb ka mbajtur at\u00ebher\u00eb gjith\u00eb k\u00ebt\u00eb Adriatik.<\/p>\n<p><strong>Demeti: N\u00ebse kemi parat\u00eb, i nisim punimet<\/strong><\/p>\n<p>Lidhur me minimizimin e efektit t\u00eb p\u00ebrmbytjeve po b\u00ebhen punime n\u00eb argjinatura nd\u00ebrsa pak dit\u00eb m\u00eb par\u00eb \u00ebsht\u00eb hedhur dhe tenderi p\u00ebr nd\u00ebrtimin e Bypasit t\u00eb qytetit t\u00eb Shkodr\u00ebs, q\u00eb do sh\u00ebrbej\u00eb edhe si argjinatur\u00eb mbrojt\u00ebse. Sipas z\u00ebvend\u00ebsministrit t\u00eb mjedisit, Arben Demeti, \u201cpo ndiqen hap pas hapi punimet n\u00eb dy krah\u00ebt e lumit Buna, n\u00eb dy an\u00ebt e kufirit dhe ne jemi shum\u00eb t\u00eb avancuar n\u00eb punime sesa pala malazeze. P\u00ebr \u00e7do veprim n\u00eb lumin Buna ne merremi vesh reciprokisht me nj\u00ebri- tjetrin.Punimet q\u00eb kan\u00eb p\u00ebrfunduar ose q\u00eb jan\u00eb n\u00eb p\u00ebrfundim e sip\u00ebr ishin t\u00eb faz\u00ebs emergjente dhe jan\u00eb gjysma e grantit 1-miliard\u00ebsh.<\/p>\n<p>Gjysma tjet\u00ebr i p\u00ebrket faz\u00ebs afatmesme dhe priten prokurimet nga Banka Bot\u00ebrore, q\u00eb mbase dhe kan\u00eb ardh\u00eb. Ne jemi gati t\u2019i fillojm\u00eb punimet q\u00eb tani dhe pse \u00ebsht\u00eb parashikuar t\u00eb fillojn\u00eb n\u00eb 2012-n. Jemi n\u00eb gjendje q\u00eb me buxhetin e shtetit dhe me donator\u00eb, vitin q\u00eb vjen t\u00eb kryejm\u00eb punime shum\u00eb m\u00eb t\u00eb thella n\u00eb lumin Bun\u00eb, q\u00eb do p\u00ebrmir\u00ebsojn\u00eb situat\u00ebn n\u00eb rast p\u00ebrmbytjesh\u201d.<\/p>\n<p><strong>Rasha: 15 milion\u00eb euro p\u00ebr rehabilitimin e argjinaturave<\/strong><\/p>\n<p>Sipas drejtorit t\u00eb bordit t\u00eb kullimit n\u00eb Shkod\u00ebr, Rudolf Rasha, gjat\u00eb k\u00ebtij viti jan\u00eb 15 milion\u00eb euro t\u00eb dh\u00ebna nga qeveria shqiptare p\u00ebr rehabilitim argjinaturash n\u00eb zon\u00ebn e N\u00ebnshkodr\u00ebs dhe disa kan\u00eb p\u00ebrfunduar ose jan\u00eb n\u00eb p\u00ebrfundim e sip\u00ebr. \u201cM\u00eb problematike \u00ebsht\u00eb situata n\u00eb argjinatur\u00ebn e \u00c7asit, e cila n\u00eb disa segmente thuajse noton mbi uj\u00eb pasi n\u00ebn t\u00eb ka formacione t\u00eb l\u00ebng\u00ebzuara.<\/p>\n<p>Kjo b\u00ebn q\u00eb ajo t\u00eb ket\u00eb ulje n\u00eb disa vende. Jan\u00eb kat\u00ebr piketa me gjat\u00ebsi 100 m p\u00ebr t\u00eb cilat specialist\u00ebt mendojn\u00eb se duhet b\u00ebr\u00eb spostimi i trupit t\u00eb argjinatur\u00ebs n\u00eb drejtim t\u00eb fush\u00ebs p\u00ebr ta spostuar nga k\u00ebneta. Jan\u00eb kryer 85% t\u00eb punimeve n\u00eb k\u00ebt\u00eb argjinatur\u00eb. Nd\u00ebrsa punimet e faz\u00ebs afatshkurt\u00ebr ose post emergjence t\u00eb cilat po b\u00ebhen garantojn\u00eb q\u00eb k\u00ebto argjinatura t\u00eb mos thyhen si\u00e7 ka ndodhur m\u00eb par\u00eb\u201d, thot\u00eb Rasha.<\/p>\n<p><strong>Thellimi i Bun\u00ebs, projekti ende n\u00eb let\u00ebr<\/strong><\/p>\n<p>Punimet e b\u00ebra n\u00eb kuad\u00ebr t\u00eb faz\u00ebs emergjente kan\u00eb p\u00ebrfshir\u00eb rehabilitimin e argjinaturave nd\u00ebrsa p\u00ebr cil\u00ebsin\u00eb e punimeve dhe garancin\u00eb q\u00eb ato t\u00eb p\u00ebrballojn\u00eb sasi uji t\u00eb m\u00ebdha n\u00eb rast p\u00ebrmbytjesh, banor\u00ebt e k\u00ebtyre zonave shfaqin dyshime. P\u00ebr thellimin e Bun\u00ebs akoma nuk ka asgj\u00eb konkrete dhe memorandumi p\u00ebrkat\u00ebs i n\u00ebnshkruar mes Shqip\u00ebris\u00eb e Malit t\u00eb Zi \u00ebsht\u00eb vet\u00ebm n\u00eb let\u00ebr.<\/p>\n<p><strong>Kompanit\u00eb nd\u00ebrtuese ende s\u2019jan\u00eb paguar<\/strong><\/p>\n<p>Por nd\u00ebrsa n\u00eb argjinatura vazhdon t\u00eb punohet, edhe pse shirat e filluar duket se do i ngadal\u00ebsojn\u00eb punimet, m\u00ebsohet se nj\u00eb pjes\u00eb e firmave q\u00eb kan\u00eb kryer punime gjat\u00eb faz\u00ebs emergjente, p\u00ebrmbytjeve dhe pas tyre akoma nuk i kan\u00eb marr\u00eb lek\u00ebt e pun\u00ebs s\u00eb kryer ose i kan\u00eb marr\u00eb ato pjes\u00ebrisht.<\/p>\n<p><strong>Ridvan Gje\u00e7i: Buna nuk duhet thelluar<\/strong><\/p>\n<p>N\u00eb nj\u00eb intervist\u00eb t\u00eb dh\u00ebn\u00eb vitin e kaluar p\u00ebr gazet\u00ebn \u201cShekulli\u201d, eksperti Ridvan Gje\u00e7i hodhi posht\u00eb iden\u00eb e thellimit t\u00eb Bun\u00ebs: \u201cThellimi i Bun\u00ebs krijon nj\u00eb problem q\u00eb \u00ebsht\u00eb, si t\u00eb thuash, nj\u00eb autogol. Duke u thelluar Buna, rritet diferenca negative me nivelin e detit dhe praktikisht b\u00ebjm\u00eb pun\u00ebn e kund\u00ebrt, pranojm\u00eb uj\u00eb t\u00eb kripur brenda n\u00eb lum\u00eb dhe nuk i rregullojm\u00eb problemet e zon\u00ebs s\u00eb sip\u00ebrme, pasi deti ka fuqi invaduese shum\u00eb m\u00eb t\u00eb fuqishme se Buna dhe e kryen k\u00ebt\u00eb pun\u00eb praktikisht dhe n\u00eb situat\u00ebn e tanishme, si\u00e7 e ka kryer gjithmon\u00eb.<\/p>\n<p>Aty arrihet nj\u00eb akord natyral, nd\u00ebrtohet nj\u00eb pakt natyral q\u00eb nuk ka marr\u00ebdh\u00ebnie t\u00eb tjera, por arrihet n\u00eb nj\u00eb ekuilib\u00ebr, derdhja e Bun\u00ebs me nd\u00ebrhyrjen e detit, ekuilibrojn\u00eb nj\u00ebra-tjetr\u00ebn, por duke i \u00e7uar fundit se nuk mund t\u00eb rrij\u00eb ndryshe. Po t\u00eb jet\u00eb lumi Buna 7 met\u00ebr i thell\u00eb dhe me at\u00eb ardhje po kaq det brenda, fenomeni \u00ebsht\u00eb jo normal at\u00ebher\u00eb\u201d.<\/p>\n","protected":false},"excerpt":{"rendered":"<p>Anila Dushi \u201cE mbysim ne Shkodr\u00ebn, nuk na mbyt Buna, as Drini, as Liqeni. N\u00eb rast se do t\u00eb b\u00ebhet thellimi i Bun\u00ebs n\u00eb 8 m, n\u00eb gjer\u00ebsi 200m, nuk do t\u00eb ket\u00eb p\u00ebrmbytje t\u00eb Shkodr\u00ebs p\u00ebr s\u00eb paku 150 vjet\u201d. K\u00ebshtu shprehet specialisti Ismet Teli, i cili ka kryer matje t\u00eb vazhdueshme n\u00eb lumin [&hellip;]<\/p>\n","protected":false},"author":1,"featured_media":0,"comment_status":"open","ping_status":"closed","sticky":false,"template":"","format":"standard","meta":{"footnotes":""},"categories":[2],"tags":[],"class_list":{"0":"post-10961","1":"post","2":"type-post","3":"status-publish","4":"format-standard","6":"category-artikuj"},"yoast_head":"<!-- This site is optimized with the Yoast SEO plugin v27.4 - https:\/\/yoast.com\/product\/yoast-seo-wordpress\/ -->\n<title>\u201cShkodra do t\u00eb p\u00ebrmbytet sa her\u00eb t\u00eb bjer\u00eb shi\u201d - FjALA e LIR\u00cb - Arkivi<\/title>\n<meta name=\"robots\" content=\"index, follow, max-snippet:-1, max-image-preview:large, max-video-preview:-1\" \/>\n<link rel=\"canonical\" href=\"https:\/\/fjala.info\/2009-2015\/shkodra-do-te-permbytet-sa-here-te-bjere-shi\/\" \/>\n<meta property=\"og:locale\" content=\"sq_AL\" \/>\n<meta property=\"og:type\" content=\"article\" \/>\n<meta property=\"og:title\" content=\"\u201cShkodra do t\u00eb p\u00ebrmbytet sa her\u00eb t\u00eb bjer\u00eb shi\u201d - FjALA e LIR\u00cb - Arkivi\" \/>\n<meta property=\"og:description\" content=\"Anila Dushi \u201cE mbysim ne Shkodr\u00ebn, nuk na mbyt Buna, as Drini, as Liqeni. N\u00eb rast se do t\u00eb b\u00ebhet thellimi i Bun\u00ebs n\u00eb 8 m, n\u00eb gjer\u00ebsi 200m, nuk do t\u00eb ket\u00eb p\u00ebrmbytje t\u00eb Shkodr\u00ebs p\u00ebr s\u00eb paku 150 vjet\u201d. K\u00ebshtu shprehet specialisti Ismet Teli, i cili ka kryer matje t\u00eb vazhdueshme n\u00eb lumin [&hellip;]\" \/>\n<meta property=\"og:url\" content=\"https:\/\/fjala.info\/2009-2015\/shkodra-do-te-permbytet-sa-here-te-bjere-shi\/\" \/>\n<meta property=\"og:site_name\" content=\"FjALA e LIR\u00cb - Arkivi\" \/>\n<meta property=\"article:published_time\" content=\"2011-10-11T21:03:16+00:00\" \/>\n<meta property=\"og:image\" content=\"http:\/\/www.shkoder.net\/images\/fjala\/anila_dushi.jpg\" \/>\n<meta name=\"author\" content=\"admin\" \/>\n<meta name=\"twitter:card\" content=\"summary_large_image\" \/>\n<meta name=\"twitter:label1\" content=\"Written by\" \/>\n\t<meta name=\"twitter:data1\" content=\"admin\" \/>\n\t<meta name=\"twitter:label2\" content=\"Est. reading time\" \/>\n\t<meta name=\"twitter:data2\" content=\"12 minutes\" \/>\n<script type=\"application\/ld+json\" class=\"yoast-schema-graph\">{\"@context\":\"https:\\\/\\\/schema.org\",\"@graph\":[{\"@type\":\"Article\",\"@id\":\"https:\\\/\\\/fjala.info\\\/2009-2015\\\/shkodra-do-te-permbytet-sa-here-te-bjere-shi\\\/#article\",\"isPartOf\":{\"@id\":\"https:\\\/\\\/fjala.info\\\/2009-2015\\\/shkodra-do-te-permbytet-sa-here-te-bjere-shi\\\/\"},\"author\":{\"name\":\"admin\",\"@id\":\"https:\\\/\\\/fjala.info\\\/2009-2015\\\/#\\\/schema\\\/person\\\/3aa1163ef05469c496fc94e77611ada2\"},\"headline\":\"\u201cShkodra do t\u00eb p\u00ebrmbytet sa her\u00eb t\u00eb bjer\u00eb shi\u201d\",\"datePublished\":\"2011-10-11T21:03:16+00:00\",\"mainEntityOfPage\":{\"@id\":\"https:\\\/\\\/fjala.info\\\/2009-2015\\\/shkodra-do-te-permbytet-sa-here-te-bjere-shi\\\/\"},\"wordCount\":2389,\"commentCount\":0,\"publisher\":{\"@id\":\"https:\\\/\\\/fjala.info\\\/2009-2015\\\/#organization\"},\"image\":{\"@id\":\"https:\\\/\\\/fjala.info\\\/2009-2015\\\/shkodra-do-te-permbytet-sa-here-te-bjere-shi\\\/#primaryimage\"},\"thumbnailUrl\":\"http:\\\/\\\/www.shkoder.net\\\/images\\\/fjala\\\/anila_dushi.jpg\",\"articleSection\":[\"Artikuj\"],\"inLanguage\":\"sq-AL\",\"potentialAction\":[{\"@type\":\"CommentAction\",\"name\":\"Comment\",\"target\":[\"https:\\\/\\\/fjala.info\\\/2009-2015\\\/shkodra-do-te-permbytet-sa-here-te-bjere-shi\\\/#respond\"]}]},{\"@type\":\"WebPage\",\"@id\":\"https:\\\/\\\/fjala.info\\\/2009-2015\\\/shkodra-do-te-permbytet-sa-here-te-bjere-shi\\\/\",\"url\":\"https:\\\/\\\/fjala.info\\\/2009-2015\\\/shkodra-do-te-permbytet-sa-here-te-bjere-shi\\\/\",\"name\":\"\u201cShkodra do t\u00eb p\u00ebrmbytet sa her\u00eb t\u00eb bjer\u00eb shi\u201d - FjALA e LIR\u00cb - Arkivi\",\"isPartOf\":{\"@id\":\"https:\\\/\\\/fjala.info\\\/2009-2015\\\/#website\"},\"primaryImageOfPage\":{\"@id\":\"https:\\\/\\\/fjala.info\\\/2009-2015\\\/shkodra-do-te-permbytet-sa-here-te-bjere-shi\\\/#primaryimage\"},\"image\":{\"@id\":\"https:\\\/\\\/fjala.info\\\/2009-2015\\\/shkodra-do-te-permbytet-sa-here-te-bjere-shi\\\/#primaryimage\"},\"thumbnailUrl\":\"http:\\\/\\\/www.shkoder.net\\\/images\\\/fjala\\\/anila_dushi.jpg\",\"datePublished\":\"2011-10-11T21:03:16+00:00\",\"breadcrumb\":{\"@id\":\"https:\\\/\\\/fjala.info\\\/2009-2015\\\/shkodra-do-te-permbytet-sa-here-te-bjere-shi\\\/#breadcrumb\"},\"inLanguage\":\"sq-AL\",\"potentialAction\":[{\"@type\":\"ReadAction\",\"target\":[\"https:\\\/\\\/fjala.info\\\/2009-2015\\\/shkodra-do-te-permbytet-sa-here-te-bjere-shi\\\/\"]}]},{\"@type\":\"ImageObject\",\"inLanguage\":\"sq-AL\",\"@id\":\"https:\\\/\\\/fjala.info\\\/2009-2015\\\/shkodra-do-te-permbytet-sa-here-te-bjere-shi\\\/#primaryimage\",\"url\":\"http:\\\/\\\/www.shkoder.net\\\/images\\\/fjala\\\/anila_dushi.jpg\",\"contentUrl\":\"http:\\\/\\\/www.shkoder.net\\\/images\\\/fjala\\\/anila_dushi.jpg\"},{\"@type\":\"BreadcrumbList\",\"@id\":\"https:\\\/\\\/fjala.info\\\/2009-2015\\\/shkodra-do-te-permbytet-sa-here-te-bjere-shi\\\/#breadcrumb\",\"itemListElement\":[{\"@type\":\"ListItem\",\"position\":1,\"name\":\"Home\",\"item\":\"https:\\\/\\\/fjala.info\\\/2009-2015\\\/\"},{\"@type\":\"ListItem\",\"position\":2,\"name\":\"\u201cShkodra do t\u00eb p\u00ebrmbytet sa her\u00eb t\u00eb bjer\u00eb shi\u201d\"}]},{\"@type\":\"WebSite\",\"@id\":\"https:\\\/\\\/fjala.info\\\/2009-2015\\\/#website\",\"url\":\"https:\\\/\\\/fjala.info\\\/2009-2015\\\/\",\"name\":\"FjALA e LIR\u00cb - Arkivi\",\"description\":\"Arkivi 2009-2015\",\"publisher\":{\"@id\":\"https:\\\/\\\/fjala.info\\\/2009-2015\\\/#organization\"},\"potentialAction\":[{\"@type\":\"SearchAction\",\"target\":{\"@type\":\"EntryPoint\",\"urlTemplate\":\"https:\\\/\\\/fjala.info\\\/2009-2015\\\/?s={search_term_string}\"},\"query-input\":{\"@type\":\"PropertyValueSpecification\",\"valueRequired\":true,\"valueName\":\"search_term_string\"}}],\"inLanguage\":\"sq-AL\"},{\"@type\":\"Organization\",\"@id\":\"https:\\\/\\\/fjala.info\\\/2009-2015\\\/#organization\",\"name\":\"FjALA e LIR\u00cb - Arkivi\",\"url\":\"https:\\\/\\\/fjala.info\\\/2009-2015\\\/\",\"logo\":{\"@type\":\"ImageObject\",\"inLanguage\":\"sq-AL\",\"@id\":\"https:\\\/\\\/fjala.info\\\/2009-2015\\\/#\\\/schema\\\/logo\\\/image\\\/\",\"url\":\"\",\"contentUrl\":\"\",\"caption\":\"FjALA e LIR\u00cb - Arkivi\"},\"image\":{\"@id\":\"https:\\\/\\\/fjala.info\\\/2009-2015\\\/#\\\/schema\\\/logo\\\/image\\\/\"}},{\"@type\":\"Person\",\"@id\":\"https:\\\/\\\/fjala.info\\\/2009-2015\\\/#\\\/schema\\\/person\\\/3aa1163ef05469c496fc94e77611ada2\",\"name\":\"admin\",\"image\":{\"@type\":\"ImageObject\",\"inLanguage\":\"sq-AL\",\"@id\":\"https:\\\/\\\/fjala.info\\\/2009-2015\\\/wp-content\\\/uploads\\\/2012\\\/02\\\/arben_cokaj-120x150.jpg\",\"url\":\"https:\\\/\\\/fjala.info\\\/2009-2015\\\/wp-content\\\/uploads\\\/2012\\\/02\\\/arben_cokaj-120x150.jpg\",\"contentUrl\":\"https:\\\/\\\/fjala.info\\\/2009-2015\\\/wp-content\\\/uploads\\\/2012\\\/02\\\/arben_cokaj-120x150.jpg\",\"caption\":\"admin\"},\"description\":\"Admin, Fjala e Lir\u00eb\",\"sameAs\":[\"https:\\\/\\\/fjala.info\\\/\"],\"url\":\"https:\\\/\\\/fjala.info\\\/2009-2015\\\/author\\\/admin\\\/\"}]}<\/script>\n<!-- \/ Yoast SEO plugin. -->","yoast_head_json":{"title":"\u201cShkodra do t\u00eb p\u00ebrmbytet sa her\u00eb t\u00eb bjer\u00eb shi\u201d - FjALA e LIR\u00cb - Arkivi","robots":{"index":"index","follow":"follow","max-snippet":"max-snippet:-1","max-image-preview":"max-image-preview:large","max-video-preview":"max-video-preview:-1"},"canonical":"https:\/\/fjala.info\/2009-2015\/shkodra-do-te-permbytet-sa-here-te-bjere-shi\/","og_locale":"sq_AL","og_type":"article","og_title":"\u201cShkodra do t\u00eb p\u00ebrmbytet sa her\u00eb t\u00eb bjer\u00eb shi\u201d - FjALA e LIR\u00cb - Arkivi","og_description":"Anila Dushi \u201cE mbysim ne Shkodr\u00ebn, nuk na mbyt Buna, as Drini, as Liqeni. N\u00eb rast se do t\u00eb b\u00ebhet thellimi i Bun\u00ebs n\u00eb 8 m, n\u00eb gjer\u00ebsi 200m, nuk do t\u00eb ket\u00eb p\u00ebrmbytje t\u00eb Shkodr\u00ebs p\u00ebr s\u00eb paku 150 vjet\u201d. K\u00ebshtu shprehet specialisti Ismet Teli, i cili ka kryer matje t\u00eb vazhdueshme n\u00eb lumin [&hellip;]","og_url":"https:\/\/fjala.info\/2009-2015\/shkodra-do-te-permbytet-sa-here-te-bjere-shi\/","og_site_name":"FjALA e LIR\u00cb - Arkivi","article_published_time":"2011-10-11T21:03:16+00:00","og_image":[{"url":"http:\/\/www.shkoder.net\/images\/fjala\/anila_dushi.jpg","type":"","width":"","height":""}],"author":"admin","twitter_card":"summary_large_image","twitter_misc":{"Written by":"admin","Est. reading time":"12 minutes"},"schema":{"@context":"https:\/\/schema.org","@graph":[{"@type":"Article","@id":"https:\/\/fjala.info\/2009-2015\/shkodra-do-te-permbytet-sa-here-te-bjere-shi\/#article","isPartOf":{"@id":"https:\/\/fjala.info\/2009-2015\/shkodra-do-te-permbytet-sa-here-te-bjere-shi\/"},"author":{"name":"admin","@id":"https:\/\/fjala.info\/2009-2015\/#\/schema\/person\/3aa1163ef05469c496fc94e77611ada2"},"headline":"\u201cShkodra do t\u00eb p\u00ebrmbytet sa her\u00eb t\u00eb bjer\u00eb shi\u201d","datePublished":"2011-10-11T21:03:16+00:00","mainEntityOfPage":{"@id":"https:\/\/fjala.info\/2009-2015\/shkodra-do-te-permbytet-sa-here-te-bjere-shi\/"},"wordCount":2389,"commentCount":0,"publisher":{"@id":"https:\/\/fjala.info\/2009-2015\/#organization"},"image":{"@id":"https:\/\/fjala.info\/2009-2015\/shkodra-do-te-permbytet-sa-here-te-bjere-shi\/#primaryimage"},"thumbnailUrl":"http:\/\/www.shkoder.net\/images\/fjala\/anila_dushi.jpg","articleSection":["Artikuj"],"inLanguage":"sq-AL","potentialAction":[{"@type":"CommentAction","name":"Comment","target":["https:\/\/fjala.info\/2009-2015\/shkodra-do-te-permbytet-sa-here-te-bjere-shi\/#respond"]}]},{"@type":"WebPage","@id":"https:\/\/fjala.info\/2009-2015\/shkodra-do-te-permbytet-sa-here-te-bjere-shi\/","url":"https:\/\/fjala.info\/2009-2015\/shkodra-do-te-permbytet-sa-here-te-bjere-shi\/","name":"\u201cShkodra do t\u00eb p\u00ebrmbytet sa her\u00eb t\u00eb bjer\u00eb shi\u201d - FjALA e LIR\u00cb - Arkivi","isPartOf":{"@id":"https:\/\/fjala.info\/2009-2015\/#website"},"primaryImageOfPage":{"@id":"https:\/\/fjala.info\/2009-2015\/shkodra-do-te-permbytet-sa-here-te-bjere-shi\/#primaryimage"},"image":{"@id":"https:\/\/fjala.info\/2009-2015\/shkodra-do-te-permbytet-sa-here-te-bjere-shi\/#primaryimage"},"thumbnailUrl":"http:\/\/www.shkoder.net\/images\/fjala\/anila_dushi.jpg","datePublished":"2011-10-11T21:03:16+00:00","breadcrumb":{"@id":"https:\/\/fjala.info\/2009-2015\/shkodra-do-te-permbytet-sa-here-te-bjere-shi\/#breadcrumb"},"inLanguage":"sq-AL","potentialAction":[{"@type":"ReadAction","target":["https:\/\/fjala.info\/2009-2015\/shkodra-do-te-permbytet-sa-here-te-bjere-shi\/"]}]},{"@type":"ImageObject","inLanguage":"sq-AL","@id":"https:\/\/fjala.info\/2009-2015\/shkodra-do-te-permbytet-sa-here-te-bjere-shi\/#primaryimage","url":"http:\/\/www.shkoder.net\/images\/fjala\/anila_dushi.jpg","contentUrl":"http:\/\/www.shkoder.net\/images\/fjala\/anila_dushi.jpg"},{"@type":"BreadcrumbList","@id":"https:\/\/fjala.info\/2009-2015\/shkodra-do-te-permbytet-sa-here-te-bjere-shi\/#breadcrumb","itemListElement":[{"@type":"ListItem","position":1,"name":"Home","item":"https:\/\/fjala.info\/2009-2015\/"},{"@type":"ListItem","position":2,"name":"\u201cShkodra do t\u00eb p\u00ebrmbytet sa her\u00eb t\u00eb bjer\u00eb shi\u201d"}]},{"@type":"WebSite","@id":"https:\/\/fjala.info\/2009-2015\/#website","url":"https:\/\/fjala.info\/2009-2015\/","name":"FjALA e LIR\u00cb - Arkivi","description":"Arkivi 2009-2015","publisher":{"@id":"https:\/\/fjala.info\/2009-2015\/#organization"},"potentialAction":[{"@type":"SearchAction","target":{"@type":"EntryPoint","urlTemplate":"https:\/\/fjala.info\/2009-2015\/?s={search_term_string}"},"query-input":{"@type":"PropertyValueSpecification","valueRequired":true,"valueName":"search_term_string"}}],"inLanguage":"sq-AL"},{"@type":"Organization","@id":"https:\/\/fjala.info\/2009-2015\/#organization","name":"FjALA e LIR\u00cb - Arkivi","url":"https:\/\/fjala.info\/2009-2015\/","logo":{"@type":"ImageObject","inLanguage":"sq-AL","@id":"https:\/\/fjala.info\/2009-2015\/#\/schema\/logo\/image\/","url":"","contentUrl":"","caption":"FjALA e LIR\u00cb - Arkivi"},"image":{"@id":"https:\/\/fjala.info\/2009-2015\/#\/schema\/logo\/image\/"}},{"@type":"Person","@id":"https:\/\/fjala.info\/2009-2015\/#\/schema\/person\/3aa1163ef05469c496fc94e77611ada2","name":"admin","image":{"@type":"ImageObject","inLanguage":"sq-AL","@id":"https:\/\/fjala.info\/2009-2015\/wp-content\/uploads\/2012\/02\/arben_cokaj-120x150.jpg","url":"https:\/\/fjala.info\/2009-2015\/wp-content\/uploads\/2012\/02\/arben_cokaj-120x150.jpg","contentUrl":"https:\/\/fjala.info\/2009-2015\/wp-content\/uploads\/2012\/02\/arben_cokaj-120x150.jpg","caption":"admin"},"description":"Admin, Fjala e Lir\u00eb","sameAs":["https:\/\/fjala.info\/"],"url":"https:\/\/fjala.info\/2009-2015\/author\/admin\/"}]}},"_links":{"self":[{"href":"https:\/\/fjala.info\/2009-2015\/wp-json\/wp\/v2\/posts\/10961","targetHints":{"allow":["GET"]}}],"collection":[{"href":"https:\/\/fjala.info\/2009-2015\/wp-json\/wp\/v2\/posts"}],"about":[{"href":"https:\/\/fjala.info\/2009-2015\/wp-json\/wp\/v2\/types\/post"}],"author":[{"embeddable":true,"href":"https:\/\/fjala.info\/2009-2015\/wp-json\/wp\/v2\/users\/1"}],"replies":[{"embeddable":true,"href":"https:\/\/fjala.info\/2009-2015\/wp-json\/wp\/v2\/comments?post=10961"}],"version-history":[{"count":0,"href":"https:\/\/fjala.info\/2009-2015\/wp-json\/wp\/v2\/posts\/10961\/revisions"}],"wp:attachment":[{"href":"https:\/\/fjala.info\/2009-2015\/wp-json\/wp\/v2\/media?parent=10961"}],"wp:term":[{"taxonomy":"category","embeddable":true,"href":"https:\/\/fjala.info\/2009-2015\/wp-json\/wp\/v2\/categories?post=10961"},{"taxonomy":"post_tag","embeddable":true,"href":"https:\/\/fjala.info\/2009-2015\/wp-json\/wp\/v2\/tags?post=10961"}],"curies":[{"name":"wp","href":"https:\/\/api.w.org\/{rel}","templated":true}]}}