{"id":10956,"date":"2011-10-11T21:39:32","date_gmt":"2011-10-11T20:39:32","guid":{"rendered":"http:\/\/fjala.shkoder.net\/?p=10956"},"modified":"2011-10-11T21:39:32","modified_gmt":"2011-10-11T20:39:32","slug":"ne-kerkim-te-se-vertetes","status":"publish","type":"post","link":"https:\/\/fjala.info\/2009-2015\/ne-kerkim-te-se-vertetes\/","title":{"rendered":"N\u00eb k\u00ebrkim t\u00eb s\u00eb v\u00ebrtet\u00ebs"},"content":{"rendered":"<p><strong>Eugjen Merlika <\/strong><\/p>\n<p>Koh\u00ebt e fundit m\u00eb ra n\u00eb dor\u00eb libri \u201c<strong>Odiseja e nj\u00eb detektivi<\/strong>\u201d i shkrimtarit <strong>Agim Hamiti<\/strong>. Si n\u00ebntitull ai sh\u00ebnon \u201cngjarje t\u00eb jetuara\u201d.<\/p>\n<p>Libri fillon me kapitullin e par\u00eb q\u00eb titullohet : Spa\u00e7i. \u00cbsht\u00eb nj\u00eb p\u00ebrshkrim i bukur i mjedisit natyror e njer\u00ebzor t\u00eb nj\u00eb kampi pune t\u00eb detyruar n\u00eb Mirdit\u00ebn e gjysm\u00ebs s\u00eb dyt\u00eb t\u00eb viteve 70. \u00cbsht\u00eb kampi ku m\u00eb 1973 u zhvillua e para kryengritje n\u00eb nj\u00eb burg komunist shqiptar, edhe se n\u00eb form\u00ebn e saj parake. Emri Spa\u00e7 \u00ebsht\u00eb binjak\u00ebzuar me kryengritjen e majit 1973 dhe me ekzekutimin barbar t\u00eb tre t\u00eb d\u00ebnuarve (Xhelal Koprencka, Fadil Kokomani e Vangjel Lezho) \u201cP\u00ebr dy letra adresuar pushtetit q\u00ebndror n\u00eb Tiran\u00eb, ku denoncohej veprimtaria antikomb\u00ebtare e diktatorit Hoxha\u201d. P\u00ebr revolt\u00ebn, si\u00e7 e quan autori, \u201c\u00c7mimi me t\u00eb cilin u pagua ajo qe tep\u00ebr i shtrenjt\u00eb. Kat\u00ebr t\u00eb pushkatuar dhe 86 t\u00eb rid\u00ebnuar me nj\u00eb shum\u00eb t\u00eb p\u00ebrgjithshme prej 1400 vjet burg (14 shekuj jet\u00eb njeriu!)\u201d. E gjith\u00eb kjo mynxyr\u00eb p\u00ebr tri dit\u00eb mosbindje polic\u00ebve e ngritjen e nj\u00eb flamuri pa yll nga disa pjes\u00ebtar\u00eb t\u00eb nj\u00eb bashk\u00ebsie njer\u00ebzish t\u00eb d\u00ebnuar n\u00eb kund\u00ebrshtim me t\u00eb gjitha normat juridike t\u00eb nj\u00eb ligjshm\u00ebrie normale. Madje k\u00ebtyre u duhet shtuar, p\u00ebr detyr\u00eb kronike edhe varja e nj\u00eb qeni, besoj nj\u00eb dukuri e panjohur n\u00eb gjith\u00eb historin\u00eb bot\u00ebrore t\u00eb shtypjes s\u00eb kryengritjeve\u2026.<\/p>\n<p>N\u00eb k\u00ebt\u00eb kamp fam\u00ebkeq d\u00ebrgohet p\u00ebr t\u00eb kryer d\u00ebnimin prej dhjet\u00eb vjet\u00ebsh p\u00ebr \u201cagjitacion e propagand\u00eb\u201d nj\u00eb djal\u00eb 31 vje\u00e7ar nga Dukati i Vlor\u00ebs, Sazan Diksi. Jeta e tij, e p\u00ebrshkruar shkurt, na paraqet nj\u00eb stereotip, at\u00eb t\u00eb shumic\u00ebs d\u00ebrmuese t\u00eb bijve t\u00eb familjeve \u201ct\u00eb prekura\u201d, t\u00eb ashtuquajturit armiq t\u00eb klas\u00ebs. Ata ishin gjithmon\u00eb n\u00ebn v\u00ebrejtjen e pand\u00ebrprer\u00eb t\u00eb \u201cengj\u00ebjve mbrojt\u00ebs\u201d, \u201cheronjve t\u00eb heshtur\u201d, kriminel\u00ebve t\u00eb Sigurimit t\u00eb shtetit, pjesa m\u00eb parazite e nj\u00eb shoq\u00ebrie q\u00eb kishte n\u00eb themel t\u00eb saj dhun\u00ebn dhe varf\u00ebrin\u00eb. Strategjia e tyre e zakonshme synonte nj\u00eb trysni t\u00eb pashembullt, t\u00eb g\u00ebrshetuar me premtime josh\u00ebse, p\u00ebr t\u2019u v\u00ebn\u00eb n\u00eb sh\u00ebrbim t\u00eb tyre. Kur kjo nuk funksiononte \u201cpinjojt\u00eb e klasave t\u00eb p\u00ebrmbysura\u201d viheshin n\u00eb list\u00ebn e arrestimeve, p\u00ebr t\u2019u d\u00ebnuar e d\u00ebrguar n\u00eb kampet e pun\u00ebs s\u00eb detyruar pa shp\u00ebrblim, ku rid\u00ebnoheshin, vriteshin, torturoheshin e, n\u00eb rastin m\u00eb t\u00eb mir\u00eb, dilnin t\u00eb gjymtuar e b\u00ebheshin klient\u00eb t\u00eb p\u00ebrhersh\u00ebm t\u00eb spitaleve.<\/p>\n<p>K\u00ebshtu fillon edhe kalvari i Sazan Diksit. Mbas pes\u00eb vitesh q\u00ebndrimi n\u00eb Spa\u00e7, ai shp\u00ebrngulet n\u00eb Qaf\u00eb Bari, nj\u00eb tjet\u00ebr em\u00ebr kampi, i lidhur me nj\u00eb t\u00eb ashtuquajtur kryengritje, shtypja e s\u00eb cil\u00ebs, p\u00ebr sa i p\u00ebrket mizoris\u00eb s\u00eb dhun\u00ebs, sh\u00ebnoi rekorde planetare. K\u00ebtu dukatasi fjal\u00ebpak\u00ebt u njoh me nj\u00eb gjirokastrit, n\u00eb frontin e pun\u00ebs s\u00eb zbrazjes s\u00eb vagon\u00ebve t\u00eb mineralit. Kolegu i burgosur quhet Hamit Meli dhe vjen nga nj\u00eb p\u00ebrvoj\u00eb krejt tjet\u00ebr nga ajo e Sazan Diksit. Hamiti \u00ebsht\u00eb bir i nj\u00eb ish partizani t\u00eb brigad\u00ebs s\u00eb par\u00eb, nj\u00eb invalid lufte q\u00eb mban ende n\u00eb kok\u00eb ciflat e predh\u00ebs, t\u00eb cilat b\u00ebhen shkak i vdekjes s\u00eb tij t\u00eb parakohshme n\u00eb operacionin p\u00ebr t\u2019i nxjerr\u00eb. Sipas n\u00ebn\u00ebs s\u00eb Hamitit i shoqi \u201cm\u00eb shum\u00eb duhet t\u00eb ket\u00eb vdekur p\u00ebr shkak t\u00eb brengave, se nga operacioni\u201d. Ai porosiste djemt\u00eb q\u00eb asnj\u00eb t\u00eb mos frekuetonte shkolla ushtarake e shpesh u thoshte :\u201dderdh\u00ebm gjak p\u00ebr t\u2019i sjell\u00eb nj\u00eb mynxyr\u00eb k\u00ebtij populli\u2026\u201d. Ishte nj\u00ebri nga t\u00eb shumtit e zhg\u00ebnjyer nga socializmi i Enver Hoxh\u00ebs e q\u00eb d\u00ebshmonte jo vet\u00ebm objektivitet gjykimi, por edhe ndershm\u00ebri karakteri.<\/p>\n<p>K\u00ebto dy veti t\u00eb \u00e7muara i trash\u00ebgonte dhe i biri, Hamiti, q\u00eb e kishte filluar veprimtarin\u00eb n\u00eb radh\u00ebt e DSJ (drejtoria e sigurimit t\u00eb jasht\u00ebm), organi m\u00eb besnik e m\u00eb i zgjedhur i diktatur\u00ebs, q\u00eb n\u00eb mosh\u00ebn 19 \u2013 vje\u00e7are, si student i vitit t\u00eb tret\u00eb n\u00eb shkoll\u00ebn e posa\u00e7me t\u00eb kuadrove t\u00eb saj. Ja si e p\u00ebrshkruan, me pak fjal\u00eb, autori i librit parabol\u00ebn e rrufeshme t\u00eb karrier\u00ebs s\u00eb personazhit t\u00eb tij :<\/p>\n<p>\u201c Kishin mjaftuar vet\u00ebm tre vjet veprimtarie n\u00eb DSJ q\u00eb Meli t\u00eb shpallej unanimisht si detektivi m\u00eb i mir\u00eb i sh\u00ebrbimit sekret shqiptar. Pas pes\u00eb vjet\u00ebsh emri i tij do t\u00eb regjistrohej n\u00eb librin e art\u00eb t\u00eb rekordeve bot\u00ebrore t\u00eb detektiv\u00ebve q\u00eb e kalonin shifr\u00ebn 100 t\u00eb misioneve t\u00eb realizuar me sukses\u2026.. . Barra e misioneve t\u00eb kryer p\u00ebr interesat e diktatur\u00ebs i r\u00ebndonte tashm\u00eb n\u00eb nd\u00ebrgjegje. Rekordet n\u00eb sh\u00ebrbim t\u00eb s\u00eb keqes p\u00ebrb\u00ebnin nj\u00eb fam\u00eb l\u00ebnduese p\u00ebr t\u00eb\u2026.. Pa i plot\u00ebsuar t\u00eb 28 vjet\u00ebt \u2013 mosh\u00eb n\u00eb t\u00eb cil\u00ebn shumica e detektiv\u00ebve t\u00eb bot\u00ebs fillojn\u00eb karrier\u00ebn e tyre \u2013 Meli hoqi dor\u00eb p\u00ebrfundimisht nga veprimtaria e detektivit\u2026\u2026 Gjith\u00e7ka kishte qen\u00eb anormale n\u00eb karrier\u00ebn e Melit : fillimi i hersh\u00ebm, ritmi i lart\u00eb i zhvillimit si detektiv cil\u00ebsor, martesa e ndaluar nga ligji, p\u00ebrfituesit e fryteve t\u00eb veprimtaris\u00eb s\u00eb tij si detektiv [Inteligjenc\u00eb Servisi britanik], pendesa e thell\u00eb e Melit, burgu dhe, sidomos, ofertat e refuzuara n\u00eb kampin e Qaf\u00eb-Barit p\u00ebr rifillimin e karrier\u00ebs s\u00eb nd\u00ebrprer\u00eb befasisht\u2026.\u201d<\/p>\n<p>Do t\u2019i mjaftonin k\u00ebto pak fraza lexuesit p\u00ebr t\u00eb hyr\u00eb n\u00eb bot\u00ebn e brendshme t\u00eb personazhit e p\u00ebr t\u00eb kuptuar dram\u00ebn e tij. Mes Hamitit dhe Sazanit lind nj\u00eb miq\u00ebsi e fort\u00eb, q\u00eb buron jo vet\u00ebm nga prania n\u00eb t\u00eb nj\u00ebjtin ambient t\u00eb vuajtjes, por edhe nga nj\u00eb k\u00ebndv\u00ebshtrim i p\u00ebrbashk\u00ebt i t\u00eb v\u00ebrejturit t\u00eb bot\u00ebs, nga nj\u00eb perceptim pothuaj i nj\u00ebjt\u00eb i problemeve t\u00eb Vendit t\u00eb tyre. N\u00eb baz\u00ebn e lidhjes s\u00eb tyre \u00ebsht\u00eb respekti e besimi i nd\u00ebrsjell\u00ebt. Sazani befasohet nga rr\u00ebfimi i Melit. Natyrsh\u00ebm n\u00eb fillim shtanget, por shpejt kupton se tek tregimi i Melit nuk ka hije provokacioni apo prapamendimi t\u00eb keq e i beson. Shoq\u00ebria e tyre forcohet \u00e7do dit\u00eb e p\u00ebrballon prova skajore, paralel me ngjarjet e pazakonta n\u00eb t\u00eb cilat b\u00ebhet pjes\u00ebmarr\u00ebs Meli. K\u00ebto ngjarje e futin lexuesin n\u00eb bot\u00ebn e mistereve, t\u00eb hafijeve, t\u00eb t\u00eb fshehtave, t\u00eb prapaskenave t\u00eb paimagjinueshme, q\u00eb p\u00ebrb\u00ebjn\u00eb sekretet e pazbulueshme t\u00eb nj\u00eb regjimi, t\u00eb nj\u00eb shteti, t\u00eb pushtetit t\u00eb nj\u00eb kaste.<\/p>\n<p>Jemi t\u00eb pranish\u00ebm n\u00eb nj\u00eb bot\u00eb sureale ku n\u00eb nj\u00eb kamp pune t\u00eb detyruar, n\u00eb nj\u00eb nga burgjet m\u00eb mizore t\u00eb diktatur\u00ebs enden nd\u00ebrmjet t\u00eb burgosurve, t\u00eb veshur me uniform\u00ebn e tyre, kuadro t\u00eb larta t\u00eb DSJ q\u00eb i njeh vet\u00ebm nj\u00eb oficer i komand\u00ebs, kartelisti. Vijn\u00eb p\u00ebr t\u00eb takuar ish detektivin Meli drejtori i DSJ, Dofeni, alias Ilir Enver Hoxha, n\u00eb shoq\u00ebri t\u00eb funksionar\u00ebve shum\u00eb t\u00eb lart\u00eb t\u00eb Sigurimit t\u00eb KQ, t\u00eb Inteligjenc\u00eb Servisit britanik, t\u00eb CIA-s amerikane. Galeria e personave t\u00eb fuqish\u00ebm, q\u00eb k\u00ebrkojn\u00eb t\u00eb bindin Melin p\u00ebr rifillimin e veprimtaris\u00eb s\u00eb detektivit, secili n\u00eb radh\u00ebt e tij, \u00ebsht\u00eb marramend\u00ebse, pothuaj e pabesueshme. Ato takime jan\u00eb p\u00ebrshkruar me imt\u00ebsi, me data e me or\u00eb.<\/p>\n<p>Pa hyr\u00eb n\u00eb p\u00ebrshkrimin e holl\u00ebsish\u00ebm t\u00eb tyre, edhe se z\u00ebn\u00eb pjes\u00ebn kryesore t\u00eb l\u00ebnd\u00ebs s\u00eb rr\u00ebfimit, ajo q\u00eb del nga k\u00ebta takime ka di\u00e7ka sa t\u00eb pabesueshme, aq edhe t\u00eb frikshme. Fatet e njer\u00ebzve nd\u00ebrthuren me fatet e popujve n\u00eb nj\u00eb loj\u00eb t\u00eb fsheht\u00eb, t\u00eb shum\u00ebfisht\u00eb, q\u00eb mbetet e panjohur p\u00ebr shumic\u00ebn d\u00ebrrmuese t\u00eb njer\u00ebzimit, n\u00eb rastin ton\u00eb p\u00ebr shqiptar\u00ebt. \u00cbsht\u00eb loja e sh\u00ebrbimeve t\u00eb fshehta q\u00eb p\u00ebrcaktojn\u00eb dhe politikat e qeverive, ajo e interesave q\u00eb shkelmojn\u00eb parimet e ideologjit\u00eb, ajo e aleancave t\u00eb padukshme, t\u00eb panjohura, t\u00eb pabesueshme, q\u00eb mbeten mund\u00ebsi vendimmarrjeje e pak njer\u00ebzve \u201ct\u00eb zgjedhur\u201d, shpesh her\u00eb e nj\u00eb njeriu t\u00eb vet\u00ebm q\u00eb i jep vetes atributet e nj\u00eb per\u00ebndie, q\u00eb vendos gjith\u00e7ka mbi vart\u00ebsit e tij, mbi nj\u00eb popull t\u00eb t\u00ebr\u00eb. N\u00eb k\u00ebt\u00eb xhung\u00ebl t\u00eb d\u00ebndur interesash, n\u00eb t\u00eb cil\u00ebn papritur Hamit Meli z\u00eb nj\u00eb vend qendror, atij i zbulohen fakte q\u00eb p\u00ebrmbysin krejt\u00ebsisht bot\u00ebn e tij t\u00eb deriat\u00ebhershme. K\u00ebshtu ai merr vesh se n\u00eb m\u00eb shum\u00eb se nj\u00ebqind misione vrastare n\u00eb t\u00eb cilat ka marr\u00eb pjes\u00eb, me p\u00ebrjashtim t\u00eb dy t\u00eb parave, gjith\u00eb t\u00eb tjer\u00ebt i kan\u00eb sh\u00ebrbyer Inteligjenc\u00eb Servisit britanik, zyrtarisht armik i tij dhe i Vendit t\u00eb tij, e n\u00eb saj\u00eb t\u00eb tyre sot ka nj\u00eb llogari rrjedh\u00ebse n\u00eb nj\u00eb bank\u00eb angleze e rezulton i ngritur edhe n\u00eb grad\u00eb.<\/p>\n<p>\u201c Midis qeveris\u00eb son\u00eb dhe partis\u00eb suaj ka ekzistuar gjithmon\u00eb nj\u00eb aleanc\u00eb e fuqishme, e cila, p\u00ebr t\u00eb qen\u00eb efikase, \u00ebsht\u00eb lypsur t\u00eb mbahej sekrete. Kjo aleanc\u00eb ka lindur qysh n\u00eb vitet e Luft\u00ebs s\u00eb Dyt\u00eb Bot\u00ebrore, kur, si aleat\u00eb me njeri-tjetrin, ne luftonim nazi-fashizmin.\u201d<\/p>\n<p>Ky \u00ebsht\u00eb pohimi i funksionarit t\u00eb lart\u00eb t\u00eb sh\u00ebrbimit sekret britanik. Zinxhiri i zbulimeve t\u00eb t\u00eb fshehtave q\u00eb g\u00eblonin n\u00eb marr\u00ebdh\u00ebniet e Enver Hoxh\u00ebs e t\u00eb komunizmit shqiptar me anglez\u00ebt dhe amerikan\u00ebt \u00ebsht\u00eb nj\u00eb varg i gjat\u00eb episodesh, ndodhish e pohimesh marramend\u00ebse q\u00eb e futin lexuesin n\u00eb nj\u00eb bot\u00eb t\u00eb cil\u00ebn mund ta konsideroj\u00eb fantapolitike, pjell\u00eb e nj\u00eb fantazie t\u00eb ndezur e t\u00eb prir\u00eb p\u00ebr romanet policor\u00eb. K\u00ebshtu lexuesi m\u00ebson p\u00ebr luft\u00ebn mes CIA-s dhe Inteligjenc\u00eb Servisit p\u00ebr t\u00eb pasur n\u00eb zot\u00ebrim fatet e Shqip\u00ebris\u00eb, me miratimin e \u201cudh\u00ebheq\u00ebsit legjendar\u201d t\u00eb saj, p\u00ebr oficer\u00ebt e DSJ t\u00eb vrar\u00eb nga anglez\u00ebt sepse donin t\u00eb mb\u00ebshteteshin tek CIA, p\u00ebr t\u00eb ndryshuar jo vet\u00ebm vart\u00ebsin\u00eb por edhe sistemin me d\u00ebnimin e tradhtis\u00eb s\u00eb Enver Hoxh\u00ebs, p\u00ebr vizit\u00ebn tep\u00ebr sekrete t\u00eb k\u00ebtij t\u00eb fundit n\u00eb Lond\u00ebr n\u00eb tetor 1983, n\u00eb nj\u00eb nga misionet e fundit t\u00eb veprimtaris\u00eb 40 \u2013 vje\u00e7are n\u00eb sh\u00ebrbim t\u00eb zbulimit anglez.<\/p>\n<p>Lexuesi njihet edhe me t\u00eb tjera dukuri t\u00eb mistershme, t\u00eb pashpjegueshme, q\u00eb z\u00ebn\u00eb fill nga pas luft\u00ebs dhe kan\u00eb t\u00eb b\u00ebjn\u00eb me veprimtarin\u00eb antikomuniste t\u00eb t\u00eb m\u00ebrguarve shqiptar\u00eb. \u00cbsht\u00eb fjala p\u00ebr dhjet\u00ebra misione desant\u00ebsh q\u00eb binin n\u00eb dor\u00ebn e Sigurimit, sapo zbrisnin n\u00eb tok\u00ebn shqiptare, e q\u00eb jan\u00eb motivuar me tradhtin\u00eb e Kim Filbit, p\u00ebr t\u00eb cilin p\u00ebrgjegj\u00ebsi i CIA-s p\u00ebr Evrop\u00ebn, n\u00eb nj\u00eb pasazh t\u00eb vepr\u00ebs shprehet k\u00ebshtu : \u201c Un jam gati t\u00eb v\u00eb bast, se dekorata q\u00eb i ka akorduar n\u00eb heshtje Kim Filbit Inteligjenc\u00eb Servisi me k\u00ebt\u00eb rast, \u00ebsht\u00eb dy her\u00eb m\u00eb e madhe nga kjo q\u00eb i ka dh\u00ebn\u00eb KGB-ja. N\u00eb ambientet e CIA-s n\u00eb Amerik\u00eb tashm\u00eb thuhet n\u00ebn z\u00eb, se Kim Filbi \u00ebsht\u00eb nj\u00eb nga agjent\u00ebt e dyfisht\u00eb m\u00eb t\u00eb suksessh\u00ebm t\u00eb historis\u00eb s\u00eb sh\u00ebrbimeve sekrete.\u201d<\/p>\n<p>N\u00eb nj\u00eb tjet\u00ebr fragment t\u00eb vepr\u00ebs zbulohet nj\u00eb tjet\u00ebr dukuri e pashpjeguar p\u00ebr shum\u00eb prej t\u00eb m\u00ebrguarve politik\u00eb shqiptar\u00eb. B\u00ebhet fjal\u00eb p\u00ebr 100 vet\u00eb q\u00eb punonin p\u00ebr CIA-n e q\u00eb \u201ckishin shprehur n\u00eb form\u00eb t\u00eb hapur protest\u00ebn ndaj qeveris\u00eb amerikane, p\u00ebr q\u00ebndrimin dashamir\u00ebs q\u00eb mbahej ndaj regjimit komunist t\u00eb Tiran\u00ebs.\u201d T\u00eb gjith\u00eb k\u00ebta, n\u00eb pak koh\u00eb, vdiq\u00ebn n\u00eb rrethana aksidentale e jo bind\u00ebse. Nd\u00ebrmjet tyre ishte dhe i ati i Sazanit, p\u00ebr t\u00eb cilin detektivi i k\u00ebrkon shpjegime shefit t\u00eb seksionit evropian t\u00eb CIA-s, prej t\u00eb cilit merr k\u00ebt\u00eb p\u00ebrgjigje : \u201c Babai i shokut tuaj ka tradhtuar interesat e shtetit amerikan, t\u00eb cilit i sh\u00ebrbente.\u201d Nj\u00eb fund tragjik kan\u00eb edhe t\u00eb gjith\u00eb ata t\u00eb arratisur, t\u00eb lidhur me operacionin e Malt\u00ebs, p\u00ebr t\u00eb cil\u00ebt d\u00ebshmon edhe plaku kolonjar i m\u00ebrguar q\u00eb erdhi nga Nju Jorku n\u00eb Athin\u00eb, p\u00ebr t\u00eb t\u00ebrhequr dy bijt\u00eb e tij q\u00eb ishin arratisur nga Shqip\u00ebria. Ai ruante si nj\u00eb relike t\u00eb shenjt\u00eb librin \u201c T\u00eb tradhtuarit\u201d dhe fjal\u00ebt q\u00eb i kishte th\u00ebn\u00eb nj\u00eb djalosh, m\u00eb i riu i Operacionit t\u00eb Malt\u00ebs : \u201c Ruaje si kujtim t\u00eb hidhur k\u00ebt\u00eb lib\u00ebr vrastar, n\u00eb em\u00ebr t\u00eb t\u00eb cilit u zhduk\u00ebn t\u00eb gjith\u00eb ata q\u00eb \u00ebnd\u00ebrronin t\u00eb luftonin e t\u00eb vriteshin p\u00ebr \u00e7lirimin e Shqip\u00ebris\u00eb nga komunizmi.\u201d<\/p>\n<p>Rreshtova k\u00ebtu disa prej fakteve dhe pohimeve t\u00eb librit, t\u00eb gjitha rr\u00ebfime t\u00eb detektivit Meli autorit, q\u00eb ka p\u00ebrmbushur amanetin e shokut t\u00eb tij p\u00ebr t\u2019i shkruar k\u00ebto \u201cngjarje t\u00eb jetuara\u201d. Ai na ka dh\u00ebn\u00eb nj\u00eb vep\u00ebr n\u00eb t\u00eb cil\u00ebn spikasin dy linja : burgjet e diktatur\u00ebs komuniste, si shprehja m\u00eb e p\u00ebrsosur e \u201cluft\u00ebs s\u00eb klasave\u201d, n\u00eb t\u00ebr\u00eb mizorin\u00eb e tyre, dhe prapaskenat e politik\u00ebs s\u00eb asaj diktature n\u00eb marr\u00ebdh\u00ebniet me \u201farmiqt\u00eb \u2013 miq\u201d anglo-amerikan\u00eb n\u00eb m\u00eb shum\u00eb se nj\u00eb gjysm\u00eb shekulli.<\/p>\n<p>Linja e par\u00eb \u00ebsht\u00eb shtjelluar shk\u00eblqyesh\u00ebm. Stili i t\u00eb rr\u00ebfyerit \u00ebsht\u00eb shum\u00eb t\u00ebrheq\u00ebs e i kursyer, autorit nuk i p\u00eblqen uji i tep\u00ebrt dhe ai e shmang at\u00eb. Personazhet portretizohen m\u00eb s\u00eb miri, p\u00ebrshkrimi i mjediseve dhe ngjarjeve \u00ebsht\u00eb nj\u00eb riprodhim i sakt\u00eb e cil\u00ebsor i realitetit. P\u00ebrsiatjet e autorit d\u00ebshmojn\u00eb thell\u00ebsi mendimi e citatet n\u00eb krye t\u00eb kapitujve erudicionin e tij. N\u00eb k\u00ebt\u00eb drejtim \u00ebsht\u00eb nj\u00eb nga veprat m\u00eb t\u00eb realizuara n\u00eb gjinin\u00eb e saj, duke z\u00ebn\u00eb nj\u00eb vend t\u00eb nderuar n\u00eb let\u00ebrsin\u00eb e pas diktatur\u00ebs. Linja e dyt\u00eb rrok nj\u00eb problematik\u00eb tep\u00ebr t\u00eb nd\u00ebrlikuar, pasqyron nj\u00eb bot\u00eb t\u00eb padukshme, q\u00eb nuk sheh drit\u00ebn e diellit, q\u00eb ka p\u00ebr model urithin, q\u00eb mbetet e panjohur p\u00ebr shumic\u00ebn d\u00ebrmuese t\u00eb njer\u00ebzve. Por aq sa \u00ebsht\u00eb larg p\u00ebrfytyrimit t\u00eb p\u00ebrgjithsh\u00ebm, po aq \u00ebsht\u00eb pran\u00eb fateve t\u00eb atyre q\u00eb p\u00ebsojn\u00eb historin\u00eb.<\/p>\n<p>N\u00eb rastin ton\u00eb, ajo q\u00eb del n\u00eb drit\u00eb, sipas autorit, \u00ebsht\u00eb nj\u00eb aleanc\u00eb e fort\u00eb mes regjimit komunist shqiptar t\u00eb Enver Hoxh\u00ebs dhe demokracive t\u00eb m\u00ebdha t\u00eb Per\u00ebndimit, konkretisht t\u00eb Anglis\u00eb dhe t\u00eb SHBA, nj\u00eb dukuri q\u00eb cek absurden, po t\u00eb mbahet parasysh historia zyrtare e marr\u00ebdh\u00ebnieve mes tyre, e sh\u00ebnuar nga nj\u00eb armiq\u00ebsi proverbiale. Libri nuk paraqet dokumente edhe se pohon m\u00eb shum\u00eb se nj\u00eb her\u00eb ekzistenc\u00ebn e tyre. Lexuesit ndahen n\u00eb dy pjes\u00eb : disa, q\u00eb u besojn\u00eb m\u00eb shum\u00eb dogmave t\u00eb antikomunizmit t\u00eb sinqert\u00eb t\u00eb Per\u00ebndimit, apo t\u00eb tjer\u00eb besnik\u00ebris\u00eb ndaj komunizmit t\u00eb Enver Hoxh\u00ebs e idhtar\u00ebve t\u00eb tij, m\u00eb t\u00eb pakt\u00eb k\u00ebta t\u00eb fundit, e hedhin posht\u00eb librin si nj\u00eb shpikje apo delir t\u00eb autorit. T\u00eb tjer\u00eb, mendoj shumica, duan t\u00eb gjejn\u00eb t\u00eb v\u00ebrtet\u00ebn. Ajo mund t\u00eb jet\u00eb shum\u00eb e hidhur, por duhet pranuar si e till\u00eb, cilado qoft\u00eb pamja e saj.<\/p>\n<p>Q\u00eb k\u00ebtu lind k\u00ebrkesa, sa e drejt\u00eb aq edhe ligjshme, q\u00eb ata q\u00eb drejtojn\u00eb shtetin shqiptar t\u00eb ken\u00eb kuraj\u00ebn e burr\u00ebrin\u00eb t\u00eb hapin arkivat e t\u00eb nxjerrin prej tyre t\u00eb v\u00ebrtet\u00ebn. Nuk \u00ebsht\u00eb m\u00eb e pranueshme q\u00eb t\u00eb gjitha sekretet e diktatur\u00ebs t\u00eb vazhdojn\u00eb t\u00eb ruhen si t\u00eb tilla, duke e mbajtur ende shoq\u00ebrin\u00eb ton\u00eb skllave t\u00eb s\u00eb shkuar\u00ebs, sepse pa u zbardhur mir\u00eb e shkuara nuk mund t\u00eb hidhet shikimi t\u00ebr\u00ebsisht mbi t\u00eb ardhmen. N\u00eb nj\u00eb demokraci t\u00eb v\u00ebrtet\u00eb, dyshime t\u00eb tilla kaq t\u00eb r\u00ebnda nuk mund t\u00eb mbahen pezull n\u00eb nd\u00ebrgjegjen e nj\u00eb kombi, apo t\u00eb trajtohen me logjik\u00ebn e diktatur\u00ebs si \u201ctrillime\u201d t\u00eb nj\u00eb shkrimtari apo t\u00eb mikut t\u00eb tij detektiv. N\u00ebse jan\u00eb t\u00eb tilla Agim Hamiti apo Hamit Meli duhet t\u00eb japin llogari para opinionit publik apo ligjeve t\u00eb shtetit, n\u00eb t\u00eb kund\u00ebrt dikush duhet t\u00eb jap\u00eb shpjegime.<\/p>\n<p>Mendoj se k\u00ebto shpjegime i takojn\u00eb m\u00eb shum\u00eb shtres\u00ebs s\u00eb luftuar eg\u00ebrsisht nga diktatura. Kemi jetuar gati gjysm\u00eb shekulli n\u00ebp\u00ebr kampet e internimit e burgjet e komunizmit shqiptar t\u00eb Enver Hoxh\u00ebs, kriminelit m\u00eb t\u00eb madh t\u00eb rac\u00ebs shqiptare. Kemi shpresuar tek \u201cforcat e s\u00eb mir\u00ebs\u201d, t\u00eb personifikuara n\u00eb p\u00ebrfytyrimin ton\u00eb nga \u201cbota e lir\u00eb\u201d, nga demokracit\u00eb e Per\u00ebndimit, e kryesisht nga SHBA. Kemi besuar n\u00eb to, jemi p\u00ebrndjekur, jemi vrar\u00eb, jemi gjymtuar me ato bindje n\u00eb mendje, n\u00eb nj\u00eb Vend n\u00eb t\u00eb cilin Per\u00ebndimi dhe sistemi i tij i demokracis\u00eb ishin \u201ct\u00eb k\u00ebqijat absolute\u201d, \u201cvarrmih\u00ebsit e liris\u00eb s\u00eb popujve\u201d, \u201cimperializmi agresiv\u201d, \u201cneofashizmi\u201d, \u201cxhandari nd\u00ebrkomb\u00ebtar\u201d e sa e sa epitete t\u00eb tjera, nj\u00ebri m\u00eb i keq se tjetri. Mbijetuam, kufoma t\u00eb gjalla, n\u00eb nj\u00eb bot\u00eb q\u00eb, lavdi Zotit, u ndryshua me shpejt\u00ebsi, por q\u00eb p\u00ebr ne solli pak ndryshime. Na hoqi telat me gjemba e na dha mund\u00ebsi t\u00eb marrim rrug\u00ebt e globit n\u00eb k\u00ebrkim t\u00eb nj\u00eb jete t\u00eb re, duke filluar nga zeroja. Besuam se Per\u00ebndimi i \u201c\u00ebnd\u00ebrruar\u201d do t\u00eb kishte nj\u00eb q\u00ebndrim m\u00eb dashamir\u00ebs, humanizmi i shoq\u00ebrive t\u00eb tij do t\u00eb ishte m\u00eb bujar me plag\u00ebt tona e m\u00eb mikprit\u00ebs ndaj shpresave tona. Qe nj\u00eb tjet\u00ebr zhg\u00ebnjim. N\u00eb pjes\u00ebn m\u00eb t\u00eb madhe t\u00eb tij, Per\u00ebndimi qe indiferent karshi nesh, i shurdh\u00ebt ndaj d\u00ebshmive tona, madje shum\u00eb m\u00eb mikprit\u00ebs ndaj xhelat\u00ebve tan\u00eb.<\/p>\n<p>Tani ky lib\u00ebr merr p\u00ebrsip\u00ebr t\u00eb zbuloj\u00eb nj\u00eb realitet q\u00eb, po t\u00eb v\u00ebrtetohet nga dokumentet, shpjegon dometh\u00ebnien e shum\u00eb dukurive t\u00eb habitshme. Uroj me gjith\u00eb shpirt q\u00eb dokumentet ta p\u00ebrg\u00ebnjeshtrojn\u00eb, sepse nuk dua q\u00eb ajo godin\u00eb, thell\u00eb n\u00eb veten time, q\u00eb ka strehuar nj\u00eb jet\u00eb t\u00eb t\u00ebr\u00eb \u00ebndrrat, shpresat, iluzionet n\u00eb t\u00eb mir\u00ebn njer\u00ebzore, n\u00eb bot\u00ebn e lir\u00eb, t\u00eb kthehet n\u00eb nj\u00eb g\u00ebrmadh\u00eb q\u00eb do t\u00eb zinte posht\u00eb dhe vet\u00eb qenien time. Ka 11 vjet q\u00eb \u00ebsht\u00eb botuar ky lib\u00ebr, por asnj\u00eb nga pyetjet q\u00eb shtron nuk ka gjetur p\u00ebrgjigje. A ka qen\u00eb Enver Hoxha spiun i Inteligjenc\u00eb Servisit deri n\u00eb fund t\u00eb jet\u00ebs s\u00eb tij ? N\u00ebse ka qen\u00eb, si \u00ebsht\u00eb e mundur q\u00eb Anglia, demokracia m\u00eb e hershme e historis\u00eb njer\u00ebzore, s\u2019ka b\u00ebr\u00eb asgj\u00eb p\u00ebr t\u00eb zbutur instiktet e tij kriminale e p\u00ebr t\u00eb ndihmuar sadopak shqiptar\u00ebt t\u00eb nd\u00ebrtonin nj\u00eb shtet t\u00eb s\u00eb drejt\u00ebs, pa dhun\u00ebn e terrorin karakteristik t\u00eb tij? A ka p\u00ebrgjegj\u00ebsi shteti amerikan, apo ndonj\u00eb segment i r\u00ebnd\u00ebsish\u00ebm i tij, p\u00ebr qindra antikomunist\u00eb shqiptar\u00eb t\u00eb vrar\u00eb nga Sigurimi i shtetit shqiptar k\u00ebtu, apo nga \u201crast\u00ebsit\u00eb\u201d n\u00eb vende t\u00eb ndryshme t\u00eb bot\u00ebs? A ekziston nj\u00eb prirje e admininistrat\u00ebs amerikane p\u00ebr t\u00eb favorizuar ish-komunist\u00ebt gjat\u00eb k\u00ebtyre viteve t\u00eb tranzicionit e si motivohet ajo? Cili \u00ebsht\u00eb fati i ish-oficer\u00ebve shqiptar\u00eb t\u00eb DSJs\u00eb (protagonist\u00eb t\u00eb ngjarjeve t\u00eb librit) q\u00eb punojn\u00eb n\u00eb CIA dhe pse nuk kthehen n\u00eb Shqip\u00ebri p\u00ebr ta v\u00ebn\u00eb n\u00eb sh\u00ebrbim t\u00eb Vendit t\u00eb tyre p\u00ebrvoj\u00ebn e vyer?<\/p>\n<p>K\u00ebto jan\u00eb disa nga pyetjet q\u00eb dalin nga leximi i librit t\u00eb Agim Hamitit. Nuk m\u00eb duket me vend heshtja dhe bojkotimi q\u00eb i b\u00ebhet k\u00ebtij libri, nuk m\u00eb duket nj\u00eb shenj\u00eb e mir\u00eb. Librat nuk bojkotohen, nuk digjen, nuk ndalohen, p\u00ebrvojat e tilla na kthejn\u00eb n\u00eb faqet m\u00eb t\u00eb err\u00ebta t\u00eb historis\u00eb s\u00eb njer\u00ebzimit. Librat diskutohen, idet\u00eb e tyre rrihen n\u00eb kuvende, n\u00eb faqe gazetash, n\u00eb libra t\u00eb tjer\u00eb. Ato mund t\u00eb miratohen ose t\u00eb kund\u00ebrshtohen, por nuk mund t\u00eb vihen para plotoneve t\u00eb ekzekutimit. Ky \u00ebsht\u00eb m\u00ebsimi i madh q\u00eb na jep leksioni i demokracis\u00eb s\u00eb mir\u00ebfillt\u00eb, s\u00eb bashku me transparenc\u00ebn, thyerjen e tabuve, d\u00ebnimin e s\u00eb keqes, zbulimin e s\u00eb v\u00ebrtet\u00ebs, asaj historike t\u00eb s\u00eb shkuar\u00ebs, asaj t\u00eb k\u00ebtyre nj\u00ebzet vjet\u00ebve t\u00eb mjegullta t\u00eb demokracis\u00eb. \u00cbsht\u00eb nj\u00eb m\u00ebsim q\u00eb duhet ta p\u00ebrvet\u00ebsojm\u00eb, n\u00ebse duam t\u00eb shkojm\u00eb p\u00ebrpara, duke pastruar rrug\u00ebn ton\u00eb nga \u201cshpendrat, hithrat, ferrat\u201d e s\u00eb shkuar\u00ebs, si\u00e7 thoshte m\u00eb shum\u00eb se nj\u00ebqind vjet t\u00eb shkuara poeti yn\u00eb komb\u00ebtar Naim Frash\u00ebri.<\/p>\n","protected":false},"excerpt":{"rendered":"<p>Eugjen Merlika Koh\u00ebt e fundit m\u00eb ra n\u00eb dor\u00eb libri \u201cOdiseja e nj\u00eb detektivi\u201d i shkrimtarit Agim Hamiti. Si n\u00ebntitull ai sh\u00ebnon \u201cngjarje t\u00eb jetuara\u201d. Libri fillon me kapitullin e par\u00eb q\u00eb titullohet : Spa\u00e7i. \u00cbsht\u00eb nj\u00eb p\u00ebrshkrim i bukur i mjedisit natyror e njer\u00ebzor t\u00eb nj\u00eb kampi pune t\u00eb detyruar n\u00eb Mirdit\u00ebn e gjysm\u00ebs [&hellip;]<\/p>\n","protected":false},"author":1,"featured_media":0,"comment_status":"open","ping_status":"closed","sticky":false,"template":"","format":"standard","meta":{"footnotes":""},"categories":[2],"tags":[],"class_list":{"0":"post-10956","1":"post","2":"type-post","3":"status-publish","4":"format-standard","6":"category-artikuj"},"yoast_head":"<!-- This site is optimized with the Yoast SEO plugin v27.4 - https:\/\/yoast.com\/product\/yoast-seo-wordpress\/ -->\n<title>N\u00eb k\u00ebrkim t\u00eb s\u00eb v\u00ebrtet\u00ebs - FjALA e LIR\u00cb - Arkivi<\/title>\n<meta name=\"robots\" content=\"index, follow, max-snippet:-1, max-image-preview:large, max-video-preview:-1\" \/>\n<link rel=\"canonical\" href=\"https:\/\/fjala.info\/2009-2015\/ne-kerkim-te-se-vertetes\/\" \/>\n<meta property=\"og:locale\" content=\"sq_AL\" \/>\n<meta property=\"og:type\" content=\"article\" \/>\n<meta property=\"og:title\" content=\"N\u00eb k\u00ebrkim t\u00eb s\u00eb v\u00ebrtet\u00ebs - FjALA e LIR\u00cb - Arkivi\" \/>\n<meta property=\"og:description\" content=\"Eugjen Merlika Koh\u00ebt e fundit m\u00eb ra n\u00eb dor\u00eb libri \u201cOdiseja e nj\u00eb detektivi\u201d i shkrimtarit Agim Hamiti. Si n\u00ebntitull ai sh\u00ebnon \u201cngjarje t\u00eb jetuara\u201d. Libri fillon me kapitullin e par\u00eb q\u00eb titullohet : Spa\u00e7i. \u00cbsht\u00eb nj\u00eb p\u00ebrshkrim i bukur i mjedisit natyror e njer\u00ebzor t\u00eb nj\u00eb kampi pune t\u00eb detyruar n\u00eb Mirdit\u00ebn e gjysm\u00ebs [&hellip;]\" \/>\n<meta property=\"og:url\" content=\"https:\/\/fjala.info\/2009-2015\/ne-kerkim-te-se-vertetes\/\" \/>\n<meta property=\"og:site_name\" content=\"FjALA e LIR\u00cb - Arkivi\" \/>\n<meta property=\"article:published_time\" content=\"2011-10-11T20:39:32+00:00\" \/>\n<meta name=\"author\" content=\"admin\" \/>\n<meta name=\"twitter:card\" content=\"summary_large_image\" \/>\n<meta name=\"twitter:label1\" content=\"Written by\" \/>\n\t<meta name=\"twitter:data1\" content=\"admin\" \/>\n\t<meta name=\"twitter:label2\" content=\"Est. reading time\" \/>\n\t<meta name=\"twitter:data2\" content=\"17 minutes\" \/>\n<script type=\"application\/ld+json\" class=\"yoast-schema-graph\">{\"@context\":\"https:\\\/\\\/schema.org\",\"@graph\":[{\"@type\":\"Article\",\"@id\":\"https:\\\/\\\/fjala.info\\\/2009-2015\\\/ne-kerkim-te-se-vertetes\\\/#article\",\"isPartOf\":{\"@id\":\"https:\\\/\\\/fjala.info\\\/2009-2015\\\/ne-kerkim-te-se-vertetes\\\/\"},\"author\":{\"name\":\"admin\",\"@id\":\"https:\\\/\\\/fjala.info\\\/2009-2015\\\/#\\\/schema\\\/person\\\/3aa1163ef05469c496fc94e77611ada2\"},\"headline\":\"N\u00eb k\u00ebrkim t\u00eb s\u00eb v\u00ebrtet\u00ebs\",\"datePublished\":\"2011-10-11T20:39:32+00:00\",\"mainEntityOfPage\":{\"@id\":\"https:\\\/\\\/fjala.info\\\/2009-2015\\\/ne-kerkim-te-se-vertetes\\\/\"},\"wordCount\":3463,\"commentCount\":2,\"publisher\":{\"@id\":\"https:\\\/\\\/fjala.info\\\/2009-2015\\\/#organization\"},\"articleSection\":[\"Artikuj\"],\"inLanguage\":\"sq-AL\",\"potentialAction\":[{\"@type\":\"CommentAction\",\"name\":\"Comment\",\"target\":[\"https:\\\/\\\/fjala.info\\\/2009-2015\\\/ne-kerkim-te-se-vertetes\\\/#respond\"]}]},{\"@type\":\"WebPage\",\"@id\":\"https:\\\/\\\/fjala.info\\\/2009-2015\\\/ne-kerkim-te-se-vertetes\\\/\",\"url\":\"https:\\\/\\\/fjala.info\\\/2009-2015\\\/ne-kerkim-te-se-vertetes\\\/\",\"name\":\"N\u00eb k\u00ebrkim t\u00eb s\u00eb v\u00ebrtet\u00ebs - FjALA e LIR\u00cb - Arkivi\",\"isPartOf\":{\"@id\":\"https:\\\/\\\/fjala.info\\\/2009-2015\\\/#website\"},\"datePublished\":\"2011-10-11T20:39:32+00:00\",\"breadcrumb\":{\"@id\":\"https:\\\/\\\/fjala.info\\\/2009-2015\\\/ne-kerkim-te-se-vertetes\\\/#breadcrumb\"},\"inLanguage\":\"sq-AL\",\"potentialAction\":[{\"@type\":\"ReadAction\",\"target\":[\"https:\\\/\\\/fjala.info\\\/2009-2015\\\/ne-kerkim-te-se-vertetes\\\/\"]}]},{\"@type\":\"BreadcrumbList\",\"@id\":\"https:\\\/\\\/fjala.info\\\/2009-2015\\\/ne-kerkim-te-se-vertetes\\\/#breadcrumb\",\"itemListElement\":[{\"@type\":\"ListItem\",\"position\":1,\"name\":\"Home\",\"item\":\"https:\\\/\\\/fjala.info\\\/2009-2015\\\/\"},{\"@type\":\"ListItem\",\"position\":2,\"name\":\"N\u00eb k\u00ebrkim t\u00eb s\u00eb v\u00ebrtet\u00ebs\"}]},{\"@type\":\"WebSite\",\"@id\":\"https:\\\/\\\/fjala.info\\\/2009-2015\\\/#website\",\"url\":\"https:\\\/\\\/fjala.info\\\/2009-2015\\\/\",\"name\":\"FjALA e LIR\u00cb - Arkivi\",\"description\":\"Arkivi 2009-2015\",\"publisher\":{\"@id\":\"https:\\\/\\\/fjala.info\\\/2009-2015\\\/#organization\"},\"potentialAction\":[{\"@type\":\"SearchAction\",\"target\":{\"@type\":\"EntryPoint\",\"urlTemplate\":\"https:\\\/\\\/fjala.info\\\/2009-2015\\\/?s={search_term_string}\"},\"query-input\":{\"@type\":\"PropertyValueSpecification\",\"valueRequired\":true,\"valueName\":\"search_term_string\"}}],\"inLanguage\":\"sq-AL\"},{\"@type\":\"Organization\",\"@id\":\"https:\\\/\\\/fjala.info\\\/2009-2015\\\/#organization\",\"name\":\"FjALA e LIR\u00cb - Arkivi\",\"url\":\"https:\\\/\\\/fjala.info\\\/2009-2015\\\/\",\"logo\":{\"@type\":\"ImageObject\",\"inLanguage\":\"sq-AL\",\"@id\":\"https:\\\/\\\/fjala.info\\\/2009-2015\\\/#\\\/schema\\\/logo\\\/image\\\/\",\"url\":\"\",\"contentUrl\":\"\",\"caption\":\"FjALA e LIR\u00cb - Arkivi\"},\"image\":{\"@id\":\"https:\\\/\\\/fjala.info\\\/2009-2015\\\/#\\\/schema\\\/logo\\\/image\\\/\"}},{\"@type\":\"Person\",\"@id\":\"https:\\\/\\\/fjala.info\\\/2009-2015\\\/#\\\/schema\\\/person\\\/3aa1163ef05469c496fc94e77611ada2\",\"name\":\"admin\",\"image\":{\"@type\":\"ImageObject\",\"inLanguage\":\"sq-AL\",\"@id\":\"https:\\\/\\\/fjala.info\\\/2009-2015\\\/wp-content\\\/uploads\\\/2012\\\/02\\\/arben_cokaj-120x150.jpg\",\"url\":\"https:\\\/\\\/fjala.info\\\/2009-2015\\\/wp-content\\\/uploads\\\/2012\\\/02\\\/arben_cokaj-120x150.jpg\",\"contentUrl\":\"https:\\\/\\\/fjala.info\\\/2009-2015\\\/wp-content\\\/uploads\\\/2012\\\/02\\\/arben_cokaj-120x150.jpg\",\"caption\":\"admin\"},\"description\":\"Admin, Fjala e Lir\u00eb\",\"sameAs\":[\"https:\\\/\\\/fjala.info\\\/\"],\"url\":\"https:\\\/\\\/fjala.info\\\/2009-2015\\\/author\\\/admin\\\/\"}]}<\/script>\n<!-- \/ Yoast SEO plugin. -->","yoast_head_json":{"title":"N\u00eb k\u00ebrkim t\u00eb s\u00eb v\u00ebrtet\u00ebs - FjALA e LIR\u00cb - Arkivi","robots":{"index":"index","follow":"follow","max-snippet":"max-snippet:-1","max-image-preview":"max-image-preview:large","max-video-preview":"max-video-preview:-1"},"canonical":"https:\/\/fjala.info\/2009-2015\/ne-kerkim-te-se-vertetes\/","og_locale":"sq_AL","og_type":"article","og_title":"N\u00eb k\u00ebrkim t\u00eb s\u00eb v\u00ebrtet\u00ebs - FjALA e LIR\u00cb - Arkivi","og_description":"Eugjen Merlika Koh\u00ebt e fundit m\u00eb ra n\u00eb dor\u00eb libri \u201cOdiseja e nj\u00eb detektivi\u201d i shkrimtarit Agim Hamiti. Si n\u00ebntitull ai sh\u00ebnon \u201cngjarje t\u00eb jetuara\u201d. Libri fillon me kapitullin e par\u00eb q\u00eb titullohet : Spa\u00e7i. \u00cbsht\u00eb nj\u00eb p\u00ebrshkrim i bukur i mjedisit natyror e njer\u00ebzor t\u00eb nj\u00eb kampi pune t\u00eb detyruar n\u00eb Mirdit\u00ebn e gjysm\u00ebs [&hellip;]","og_url":"https:\/\/fjala.info\/2009-2015\/ne-kerkim-te-se-vertetes\/","og_site_name":"FjALA e LIR\u00cb - Arkivi","article_published_time":"2011-10-11T20:39:32+00:00","author":"admin","twitter_card":"summary_large_image","twitter_misc":{"Written by":"admin","Est. reading time":"17 minutes"},"schema":{"@context":"https:\/\/schema.org","@graph":[{"@type":"Article","@id":"https:\/\/fjala.info\/2009-2015\/ne-kerkim-te-se-vertetes\/#article","isPartOf":{"@id":"https:\/\/fjala.info\/2009-2015\/ne-kerkim-te-se-vertetes\/"},"author":{"name":"admin","@id":"https:\/\/fjala.info\/2009-2015\/#\/schema\/person\/3aa1163ef05469c496fc94e77611ada2"},"headline":"N\u00eb k\u00ebrkim t\u00eb s\u00eb v\u00ebrtet\u00ebs","datePublished":"2011-10-11T20:39:32+00:00","mainEntityOfPage":{"@id":"https:\/\/fjala.info\/2009-2015\/ne-kerkim-te-se-vertetes\/"},"wordCount":3463,"commentCount":2,"publisher":{"@id":"https:\/\/fjala.info\/2009-2015\/#organization"},"articleSection":["Artikuj"],"inLanguage":"sq-AL","potentialAction":[{"@type":"CommentAction","name":"Comment","target":["https:\/\/fjala.info\/2009-2015\/ne-kerkim-te-se-vertetes\/#respond"]}]},{"@type":"WebPage","@id":"https:\/\/fjala.info\/2009-2015\/ne-kerkim-te-se-vertetes\/","url":"https:\/\/fjala.info\/2009-2015\/ne-kerkim-te-se-vertetes\/","name":"N\u00eb k\u00ebrkim t\u00eb s\u00eb v\u00ebrtet\u00ebs - FjALA e LIR\u00cb - Arkivi","isPartOf":{"@id":"https:\/\/fjala.info\/2009-2015\/#website"},"datePublished":"2011-10-11T20:39:32+00:00","breadcrumb":{"@id":"https:\/\/fjala.info\/2009-2015\/ne-kerkim-te-se-vertetes\/#breadcrumb"},"inLanguage":"sq-AL","potentialAction":[{"@type":"ReadAction","target":["https:\/\/fjala.info\/2009-2015\/ne-kerkim-te-se-vertetes\/"]}]},{"@type":"BreadcrumbList","@id":"https:\/\/fjala.info\/2009-2015\/ne-kerkim-te-se-vertetes\/#breadcrumb","itemListElement":[{"@type":"ListItem","position":1,"name":"Home","item":"https:\/\/fjala.info\/2009-2015\/"},{"@type":"ListItem","position":2,"name":"N\u00eb k\u00ebrkim t\u00eb s\u00eb v\u00ebrtet\u00ebs"}]},{"@type":"WebSite","@id":"https:\/\/fjala.info\/2009-2015\/#website","url":"https:\/\/fjala.info\/2009-2015\/","name":"FjALA e LIR\u00cb - Arkivi","description":"Arkivi 2009-2015","publisher":{"@id":"https:\/\/fjala.info\/2009-2015\/#organization"},"potentialAction":[{"@type":"SearchAction","target":{"@type":"EntryPoint","urlTemplate":"https:\/\/fjala.info\/2009-2015\/?s={search_term_string}"},"query-input":{"@type":"PropertyValueSpecification","valueRequired":true,"valueName":"search_term_string"}}],"inLanguage":"sq-AL"},{"@type":"Organization","@id":"https:\/\/fjala.info\/2009-2015\/#organization","name":"FjALA e LIR\u00cb - Arkivi","url":"https:\/\/fjala.info\/2009-2015\/","logo":{"@type":"ImageObject","inLanguage":"sq-AL","@id":"https:\/\/fjala.info\/2009-2015\/#\/schema\/logo\/image\/","url":"","contentUrl":"","caption":"FjALA e LIR\u00cb - Arkivi"},"image":{"@id":"https:\/\/fjala.info\/2009-2015\/#\/schema\/logo\/image\/"}},{"@type":"Person","@id":"https:\/\/fjala.info\/2009-2015\/#\/schema\/person\/3aa1163ef05469c496fc94e77611ada2","name":"admin","image":{"@type":"ImageObject","inLanguage":"sq-AL","@id":"https:\/\/fjala.info\/2009-2015\/wp-content\/uploads\/2012\/02\/arben_cokaj-120x150.jpg","url":"https:\/\/fjala.info\/2009-2015\/wp-content\/uploads\/2012\/02\/arben_cokaj-120x150.jpg","contentUrl":"https:\/\/fjala.info\/2009-2015\/wp-content\/uploads\/2012\/02\/arben_cokaj-120x150.jpg","caption":"admin"},"description":"Admin, Fjala e Lir\u00eb","sameAs":["https:\/\/fjala.info\/"],"url":"https:\/\/fjala.info\/2009-2015\/author\/admin\/"}]}},"_links":{"self":[{"href":"https:\/\/fjala.info\/2009-2015\/wp-json\/wp\/v2\/posts\/10956","targetHints":{"allow":["GET"]}}],"collection":[{"href":"https:\/\/fjala.info\/2009-2015\/wp-json\/wp\/v2\/posts"}],"about":[{"href":"https:\/\/fjala.info\/2009-2015\/wp-json\/wp\/v2\/types\/post"}],"author":[{"embeddable":true,"href":"https:\/\/fjala.info\/2009-2015\/wp-json\/wp\/v2\/users\/1"}],"replies":[{"embeddable":true,"href":"https:\/\/fjala.info\/2009-2015\/wp-json\/wp\/v2\/comments?post=10956"}],"version-history":[{"count":0,"href":"https:\/\/fjala.info\/2009-2015\/wp-json\/wp\/v2\/posts\/10956\/revisions"}],"wp:attachment":[{"href":"https:\/\/fjala.info\/2009-2015\/wp-json\/wp\/v2\/media?parent=10956"}],"wp:term":[{"taxonomy":"category","embeddable":true,"href":"https:\/\/fjala.info\/2009-2015\/wp-json\/wp\/v2\/categories?post=10956"},{"taxonomy":"post_tag","embeddable":true,"href":"https:\/\/fjala.info\/2009-2015\/wp-json\/wp\/v2\/tags?post=10956"}],"curies":[{"name":"wp","href":"https:\/\/api.w.org\/{rel}","templated":true}]}}