{"id":10952,"date":"2011-10-11T21:09:23","date_gmt":"2011-10-11T20:09:23","guid":{"rendered":"http:\/\/fjala.shkoder.net\/?p=10952"},"modified":"2011-10-11T21:09:23","modified_gmt":"2011-10-11T20:09:23","slug":"nderkombetaret-dhe-kriza-morale-e-kastes","status":"publish","type":"post","link":"https:\/\/fjala.info\/2009-2015\/nderkombetaret-dhe-kriza-morale-e-kastes\/","title":{"rendered":"Nd\u00ebrkomb\u00ebtar\u00ebt dhe kriza morale e kast\u00ebs"},"content":{"rendered":"<p><img decoding=\"async\" class=\"alignright size-thumbnail wp-image-7236\" title=\"Fatos Lubonja\" src=\"http:\/\/www.shkoder.net\/images\/fjala\/fatos_lubonja.jpg\" alt=\"\" width=\"150\" \/> <strong>FATOS LUBONJA<\/strong>, <em>11.10.2011<\/em><\/p>\n<p>Dhjet\u00eb pikat e fundit t\u00eb socialist\u00ebve si kusht bashk\u00ebpunimi me maxhoranc\u00ebn dhe sfida e Ram\u00ebs p\u00ebr debat publik me Berish\u00ebn po komentohen shum\u00eb dit\u00ebt e fundit. Personalisht pajtohem me mendimin se n\u00eb nj\u00eb far\u00eb m\u00ebnyre ato jan\u00eb hartuar me vet\u00ebdijen se do t\u00eb refuzohen, pra se kemi t\u00eb b\u00ebjm\u00eb me nj\u00eb \u201ctruk\u201d apo \u201ckurth\u201d, si\u00e7 e quan Shkullaku n\u00eb nj\u00eb shkrim t\u00eb tijin, ku q\u00ebllimi i v\u00ebrtet\u00eb nuk \u00ebsht\u00eb arritja e debatit, por refuzimi i tij nga ana e Berish\u00ebs.<\/p>\n<p>Ajo \u00e7ka dua t\u00eb v\u00eb n\u00eb dukje me k\u00ebt\u00eb shkrim \u00ebsht\u00eb nj\u00eb shqet\u00ebsim q\u00eb lidhet me pyetjen: Cili \u00ebsht\u00eb targeti i k\u00ebsaj politike, i k\u00ebtij \u201ctruku\u201d? Pra, kujt synon t\u2019ia tregoj\u00eb Rama k\u00ebt\u00eb refuzim? Sipas meje, ky target jan\u00eb nd\u00ebrkomb\u00ebtar\u00ebt dhe \u201ctruku\u201d sh\u00ebrben p\u00ebr t\u2019u treguar atyre se aq antidemokratik \u00ebsht\u00eb Berisha, sa edhe kur opozita e ul stek\u00ebn posht\u00eb, prap\u00eb ai s\u2019pranon ta kap\u00ebrcej\u00eb at\u00eb p\u00ebr t\u00eb hedhur hapa demokratik\u00eb. Nuk ka qen\u00eb e v\u00ebshtir\u00eb p\u00ebr t\u00eb kuptuar se edhe \u201csteka\u201d m\u00eb t\u00eb larta, si bojkoti edhe greva e uris\u00eb me \u00e7adra p\u00ebrpara Kryeministris\u00eb, apo edhe 21 janari, u organizuan me t\u00eb nj\u00ebjtin\/vetmin target: sensibilizimin e nd\u00ebrkomb\u00ebtar\u00ebve. Edhe mosvotimet e ligjeve me 3\/5 po k\u00ebt\u00eb synim kan\u00eb.<\/p>\n<p>Ku q\u00ebndron shqet\u00ebsimi yt k\u00ebtu? \u2013 do t\u00eb m\u00eb pyesin. Shqet\u00ebsimi im \u00ebsht\u00eb se e shoh n\u00eb rritje, jo n\u00eb r\u00ebnie, thirrjen p\u00ebr rolin e nd\u00ebrkomb\u00ebtar\u00ebve. Madje, v\u00eb re se pak nga pak, vit pas viti, ne gati as nuk po arrijm\u00eb t\u00eb dallojm\u00eb m\u00eb paradoksin q\u00eb q\u00ebndron n\u00eb k\u00ebt\u00eb lloj politike, faktin se nd\u00ebrkoh\u00eb q\u00eb u drejtohemi nd\u00ebrkomb\u00ebtar\u00ebve n\u00eb em\u00ebr t\u00eb vlerave demokratike, vet\u00eb pesha e madhe q\u00eb u japim atyre n\u00eb pun\u00ebt tona tregon se nuk i kemi k\u00ebto vlera.<\/p>\n<p>\u00cbsht\u00eb e v\u00ebrtet\u00eb se kemi t\u00eb b\u00ebjm\u00eb me nj\u00eb sindrom\u00eb t\u00eb vjet\u00ebr, se nd\u00ebrkomb\u00ebtar\u00ebt n\u00eb p\u00ebrgjith\u00ebsi e ambasadori amerikan n\u00eb ve\u00e7anti kan\u00eb qen\u00eb gjithmon\u00eb t\u00eb pranish\u00ebm e nganj\u00ebher\u00eb vendimtar\u00eb n\u00eb zhvillimet politike shqiptare. Mjaft t\u00eb kujtojm\u00eb se pasja ose jo e mb\u00ebshtetjes nd\u00ebrkomb\u00ebtare ka qen\u00eb jetike edhe n\u00eb vitin \u201897, apo se n\u00eb \u201898-n, sikur t\u00eb mos kishin nd\u00ebrhyr\u00eb nd\u00ebrkomb\u00ebtar\u00ebt, Berisha ua mori pushtetin socialist\u00ebve me sulmin q\u00eb b\u00ebri n\u00eb Kryeministri. E, megjithat\u00eb, mua m\u00eb duket se n\u00eb at\u00eb koh\u00eb ka pasur fermentime t\u00eb brendshme q\u00eb nd\u00ebrkomb\u00ebtar\u00ebt kan\u00eb nd\u00ebrhyr\u00eb t\u2019i qet\u00ebsojn\u00eb n\u00eb nj\u00eb far\u00eb m\u00ebnyre, t\u2019i kanalizojn\u00eb demokratikisht.<\/p>\n<p>Kurse sot, si ndjek\u00ebs i v\u00ebmendsh\u00ebm i politik\u00ebs shqiptare, m\u00eb rezulton se kemi nj\u00eb rritje si asnj\u00ebher\u00eb m\u00eb par\u00eb t\u00eb rolit t\u00eb nd\u00ebrkomb\u00ebtar\u00ebve n\u00eb politik\u00ebn shqiptare n\u00eb proporcion t\u00eb zhdrejt\u00eb me uljen e sensibilitetit t\u00eb shqiptar\u00ebve brenda vendit. Disa ia veshin k\u00ebt\u00eb tradit\u00ebs s\u00eb krijuar; disa faktit se Rama ka nj\u00eb var\u00ebsi t\u00eb s\u00ebmur\u00eb, nj\u00eb kompleks t\u00eb madh ndaj nd\u00ebrkomb\u00ebtar\u00ebve e t\u00eb kujtojn\u00eb intrigat q\u00eb ka b\u00ebr\u00eb p\u00ebr t\u00eb fituar njohje e popullaritet jasht\u00eb. Sipas meje, k\u00ebto mund t\u00eb ken\u00eb nj\u00eb rol, por shkak kryesor p\u00ebr rritjen e rolit t\u00eb nd\u00ebrkomb\u00ebtar\u00ebve \u00ebsht\u00eb kriza e thell\u00eb morale e kast\u00ebs politike shqiptare n\u00eb p\u00ebrgjith\u00ebsi, si pasoj\u00eb e abuzimit t\u00eb gjat\u00eb me pushtetin.<\/p>\n<p>Protagonizmi vitet e fundit i ambasadorit Withers n\u00eb fillim dhe ambasadorit Arvizu s\u00eb fundi i tejkalojn\u00eb t\u00eb gjith\u00eb protagonizmat e ambasador\u00ebve paraardh\u00ebs jo pse k\u00ebta t\u00eb dy jan\u00eb individ\u00eb q\u00eb u p\u00eblqen m\u00eb shum\u00eb se paraardh\u00ebsve ky rol, por sepse politika shqiptare, sa m\u00eb shum\u00eb d\u00ebshton brenda vendit, n\u00eb kuptimin e aft\u00ebsis\u00eb p\u00ebr t\u00eb frym\u00ebzuar njer\u00ebz e p\u00ebr t\u00eb pasur mb\u00ebshtetje t\u00eb gjer\u00eb, aq m\u00eb shum\u00eb orientohet nga truke e skenar\u00eb p\u00ebr nd\u00ebrkomb\u00ebtar\u00ebt e me nd\u00ebrkomb\u00ebtar\u00ebt. Nj\u00eb PD n\u00eb opozit\u00eb, sipas mendimit tim, do t\u00eb vepronte po nj\u00eblloj sot. N\u00eb k\u00ebt\u00eb kontekst, edhe q\u00ebndrimet e disa t\u00eb \u201cmoderuarve\u201d n\u00eb PS, si Islami, Blushi, Malaj, q\u00eb kan\u00eb ngulmuar e ngulmojn\u00eb thjesht e vet\u00ebm n\u00eb kthimin e opozit\u00ebs n\u00eb rrug\u00ebt institucionale, por pa i hyr\u00eb pyetjes se pse PS nuk i frym\u00ebzon m\u00eb shqiptar\u00ebt, sipas meje jan\u00eb t\u00eb orientuara edhe ato kryesisht p\u00ebr kah p\u00eblqimi i nd\u00ebrkomb\u00ebtar\u00ebve.<\/p>\n<p>Me k\u00ebt\u00eb nuk dua t\u00eb them asesi se shum\u00eb nga problemet q\u00eb u drejton opozita nd\u00ebrkomb\u00ebtar\u00ebve nuk q\u00ebndrojn\u00eb. Ato q\u00ebndrojn\u00eb q\u00eb \u00e7\u2019ke me t\u00eb, por ngulmoj se opozita duhet t\u00eb ngrej\u00eb pik\u00ebpyetje t\u00eb m\u00ebdha lidhur me at\u00eb se pse ajo nuk arrin t\u00eb krijoj\u00eb fermentim popullor me politikat e veta, p\u00ebrkundrazi, \u00ebsht\u00eb viktim\u00eb e mend\u00ebsis\u00eb s\u00eb gjith\u00ebp\u00ebrhapur se t\u00eb gjith\u00eb nj\u00eblloj jan\u00eb. Personalisht, sikurse e kam shprehur edhe her\u00eb tjet\u00ebr, gjykoj se shkaku kryesor \u00ebsht\u00eb \u201c\u00e7\u00ebshtja morale\u201d e pazgjidhur brenda PS, si pjes\u00eb e \u00e7\u00ebshtjes s\u00eb kriz\u00ebs morale t\u00eb t\u00eb gjith\u00eb kast\u00ebs.<\/p>\n<p>Opozita ka kaq koh\u00eb q\u00eb i p\u00ebrmend Berish\u00ebs vendet arabe, por pa qen\u00eb n\u00eb gjendje t\u00eb shoh\u00eb se revolucionet n\u00eb vendet arabe i b\u00ebn\u00eb vendasit, dhe jo amerikan\u00ebt e europian\u00ebt, q\u00eb deri m\u00eb aty bashk\u00ebpunonin p\u00ebr bukuri me diktator\u00ebt e k\u00ebtyre vendeve. N\u00eb pamund\u00ebsi t\u00eb k\u00ebsaj qasjeje ajo punon me truket e Ram\u00ebs p\u00ebr nd\u00ebrkomb\u00ebtar\u00ebt dhe me nd\u00ebrkomb\u00ebtar\u00ebt, duke inskenuar revolta popullore q\u00eb p\u00ebrfundojn\u00eb n\u00eb nj\u00eb furtun\u00eb, n\u00eb nj\u00eb got\u00eb uj\u00eb apo duke tentuar ta mb\u00ebrthej\u00eb politik\u00ebn n\u00eb debate t\u00eb tilla si ato mbi dhjet\u00eb pikat apo refuzimi i debatit nga Berisha.<\/p>\n<p>Madje, do t\u00eb thosha se edhe debatet mbi nevoj\u00ebn ose jo t\u00eb nj\u00eb reforme zgjedhore mbi nj\u00eb President t\u00eb zgjedhur nga populli apo nga maxhoranca, mbi reforma n\u00eb Drejt\u00ebsi apo ku di un\u00eb, disa prej t\u00eb cilave k\u00ebrkojn\u00eb t\u00eb p\u00ebrs\u00ebrisin eksperimente t\u00eb provuara e t\u00eb d\u00ebshtuara disa vjet m\u00eb par\u00eb jo p\u00ebr shkak t\u00eb tyre, por t\u00eb imoralitetit t\u00eb politik\u00ebs, ting\u00ebllojn\u00eb sot shum\u00eb t\u00eb ftohta p\u00ebr t\u00eb ngrohur zemrat e kallkanosura t\u00eb shqiptar\u00ebve. Pa qasjen mbi \u201c\u00e7\u00ebshtjen morale\u201d, madje s\u2019e teproj n\u00ebse do t\u00eb thosha mbi nevoj\u00ebn e nj\u00eb revolucioni moral, q\u00eb duhet t\u00eb filloj\u00eb m\u00eb s\u00eb pari n\u00eb vet\u00eb gjirin e opozit\u00ebs, ato s\u2019b\u00ebjn\u00eb gj\u00eb tjet\u00ebr ve\u00e7se i largojn\u00eb edhe m\u00eb njer\u00ebzit nga kasta duke e reduktuar gjithnj\u00eb e m\u00eb shum\u00eb jet\u00ebn politike n\u00eb nj\u00eb tragjikomedi t\u00eb vog\u00ebl, me politikan\u00eb dhe ambasador\u00eb, q\u00eb e ndjek nj\u00eb num\u00ebr gjithnj\u00eb e m\u00eb i kufizuar spektator\u00ebsh.<\/p>\n","protected":false},"excerpt":{"rendered":"<p>FATOS LUBONJA, 11.10.2011 Dhjet\u00eb pikat e fundit t\u00eb socialist\u00ebve si kusht bashk\u00ebpunimi me maxhoranc\u00ebn dhe sfida e Ram\u00ebs p\u00ebr debat publik me Berish\u00ebn po komentohen shum\u00eb dit\u00ebt e fundit. Personalisht pajtohem me mendimin se n\u00eb nj\u00eb far\u00eb m\u00ebnyre ato jan\u00eb hartuar me vet\u00ebdijen se do t\u00eb refuzohen, pra se kemi t\u00eb b\u00ebjm\u00eb me nj\u00eb \u201ctruk\u201d [&hellip;]<\/p>\n","protected":false},"author":1,"featured_media":0,"comment_status":"open","ping_status":"closed","sticky":false,"template":"","format":"standard","meta":{"footnotes":""},"categories":[2],"tags":[],"class_list":{"0":"post-10952","1":"post","2":"type-post","3":"status-publish","4":"format-standard","6":"category-artikuj"},"yoast_head":"<!-- This site is optimized with the Yoast SEO plugin v27.4 - https:\/\/yoast.com\/product\/yoast-seo-wordpress\/ -->\n<title>Nd\u00ebrkomb\u00ebtar\u00ebt dhe kriza morale e kast\u00ebs - FjALA e LIR\u00cb - Arkivi<\/title>\n<meta name=\"robots\" content=\"index, follow, max-snippet:-1, max-image-preview:large, max-video-preview:-1\" \/>\n<link rel=\"canonical\" href=\"https:\/\/fjala.info\/2009-2015\/nderkombetaret-dhe-kriza-morale-e-kastes\/\" \/>\n<meta property=\"og:locale\" content=\"sq_AL\" \/>\n<meta property=\"og:type\" content=\"article\" \/>\n<meta property=\"og:title\" content=\"Nd\u00ebrkomb\u00ebtar\u00ebt dhe kriza morale e kast\u00ebs - FjALA e LIR\u00cb - Arkivi\" \/>\n<meta property=\"og:description\" content=\"FATOS LUBONJA, 11.10.2011 Dhjet\u00eb pikat e fundit t\u00eb socialist\u00ebve si kusht bashk\u00ebpunimi me maxhoranc\u00ebn dhe sfida e Ram\u00ebs p\u00ebr debat publik me Berish\u00ebn po komentohen shum\u00eb dit\u00ebt e fundit. Personalisht pajtohem me mendimin se n\u00eb nj\u00eb far\u00eb m\u00ebnyre ato jan\u00eb hartuar me vet\u00ebdijen se do t\u00eb refuzohen, pra se kemi t\u00eb b\u00ebjm\u00eb me nj\u00eb \u201ctruk\u201d [&hellip;]\" \/>\n<meta property=\"og:url\" content=\"https:\/\/fjala.info\/2009-2015\/nderkombetaret-dhe-kriza-morale-e-kastes\/\" \/>\n<meta property=\"og:site_name\" content=\"FjALA e LIR\u00cb - Arkivi\" \/>\n<meta property=\"article:published_time\" content=\"2011-10-11T20:09:23+00:00\" \/>\n<meta property=\"og:image\" content=\"http:\/\/www.shkoder.net\/images\/fjala\/fatos_lubonja.jpg\" \/>\n<meta name=\"author\" content=\"admin\" \/>\n<meta name=\"twitter:card\" content=\"summary_large_image\" \/>\n<meta name=\"twitter:label1\" content=\"Written by\" \/>\n\t<meta name=\"twitter:data1\" content=\"admin\" \/>\n\t<meta name=\"twitter:label2\" content=\"Est. reading time\" \/>\n\t<meta name=\"twitter:data2\" content=\"6 minutes\" \/>\n<script type=\"application\/ld+json\" class=\"yoast-schema-graph\">{\"@context\":\"https:\\\/\\\/schema.org\",\"@graph\":[{\"@type\":\"Article\",\"@id\":\"https:\\\/\\\/fjala.info\\\/2009-2015\\\/nderkombetaret-dhe-kriza-morale-e-kastes\\\/#article\",\"isPartOf\":{\"@id\":\"https:\\\/\\\/fjala.info\\\/2009-2015\\\/nderkombetaret-dhe-kriza-morale-e-kastes\\\/\"},\"author\":{\"name\":\"admin\",\"@id\":\"https:\\\/\\\/fjala.info\\\/2009-2015\\\/#\\\/schema\\\/person\\\/3aa1163ef05469c496fc94e77611ada2\"},\"headline\":\"Nd\u00ebrkomb\u00ebtar\u00ebt dhe kriza morale e kast\u00ebs\",\"datePublished\":\"2011-10-11T20:09:23+00:00\",\"mainEntityOfPage\":{\"@id\":\"https:\\\/\\\/fjala.info\\\/2009-2015\\\/nderkombetaret-dhe-kriza-morale-e-kastes\\\/\"},\"wordCount\":1174,\"commentCount\":0,\"publisher\":{\"@id\":\"https:\\\/\\\/fjala.info\\\/2009-2015\\\/#organization\"},\"image\":{\"@id\":\"https:\\\/\\\/fjala.info\\\/2009-2015\\\/nderkombetaret-dhe-kriza-morale-e-kastes\\\/#primaryimage\"},\"thumbnailUrl\":\"http:\\\/\\\/www.shkoder.net\\\/images\\\/fjala\\\/fatos_lubonja.jpg\",\"articleSection\":[\"Artikuj\"],\"inLanguage\":\"sq-AL\",\"potentialAction\":[{\"@type\":\"CommentAction\",\"name\":\"Comment\",\"target\":[\"https:\\\/\\\/fjala.info\\\/2009-2015\\\/nderkombetaret-dhe-kriza-morale-e-kastes\\\/#respond\"]}]},{\"@type\":\"WebPage\",\"@id\":\"https:\\\/\\\/fjala.info\\\/2009-2015\\\/nderkombetaret-dhe-kriza-morale-e-kastes\\\/\",\"url\":\"https:\\\/\\\/fjala.info\\\/2009-2015\\\/nderkombetaret-dhe-kriza-morale-e-kastes\\\/\",\"name\":\"Nd\u00ebrkomb\u00ebtar\u00ebt dhe kriza morale e kast\u00ebs - FjALA e LIR\u00cb - Arkivi\",\"isPartOf\":{\"@id\":\"https:\\\/\\\/fjala.info\\\/2009-2015\\\/#website\"},\"primaryImageOfPage\":{\"@id\":\"https:\\\/\\\/fjala.info\\\/2009-2015\\\/nderkombetaret-dhe-kriza-morale-e-kastes\\\/#primaryimage\"},\"image\":{\"@id\":\"https:\\\/\\\/fjala.info\\\/2009-2015\\\/nderkombetaret-dhe-kriza-morale-e-kastes\\\/#primaryimage\"},\"thumbnailUrl\":\"http:\\\/\\\/www.shkoder.net\\\/images\\\/fjala\\\/fatos_lubonja.jpg\",\"datePublished\":\"2011-10-11T20:09:23+00:00\",\"breadcrumb\":{\"@id\":\"https:\\\/\\\/fjala.info\\\/2009-2015\\\/nderkombetaret-dhe-kriza-morale-e-kastes\\\/#breadcrumb\"},\"inLanguage\":\"sq-AL\",\"potentialAction\":[{\"@type\":\"ReadAction\",\"target\":[\"https:\\\/\\\/fjala.info\\\/2009-2015\\\/nderkombetaret-dhe-kriza-morale-e-kastes\\\/\"]}]},{\"@type\":\"ImageObject\",\"inLanguage\":\"sq-AL\",\"@id\":\"https:\\\/\\\/fjala.info\\\/2009-2015\\\/nderkombetaret-dhe-kriza-morale-e-kastes\\\/#primaryimage\",\"url\":\"http:\\\/\\\/www.shkoder.net\\\/images\\\/fjala\\\/fatos_lubonja.jpg\",\"contentUrl\":\"http:\\\/\\\/www.shkoder.net\\\/images\\\/fjala\\\/fatos_lubonja.jpg\"},{\"@type\":\"BreadcrumbList\",\"@id\":\"https:\\\/\\\/fjala.info\\\/2009-2015\\\/nderkombetaret-dhe-kriza-morale-e-kastes\\\/#breadcrumb\",\"itemListElement\":[{\"@type\":\"ListItem\",\"position\":1,\"name\":\"Home\",\"item\":\"https:\\\/\\\/fjala.info\\\/2009-2015\\\/\"},{\"@type\":\"ListItem\",\"position\":2,\"name\":\"Nd\u00ebrkomb\u00ebtar\u00ebt dhe kriza morale e kast\u00ebs\"}]},{\"@type\":\"WebSite\",\"@id\":\"https:\\\/\\\/fjala.info\\\/2009-2015\\\/#website\",\"url\":\"https:\\\/\\\/fjala.info\\\/2009-2015\\\/\",\"name\":\"FjALA e LIR\u00cb - Arkivi\",\"description\":\"Arkivi 2009-2015\",\"publisher\":{\"@id\":\"https:\\\/\\\/fjala.info\\\/2009-2015\\\/#organization\"},\"potentialAction\":[{\"@type\":\"SearchAction\",\"target\":{\"@type\":\"EntryPoint\",\"urlTemplate\":\"https:\\\/\\\/fjala.info\\\/2009-2015\\\/?s={search_term_string}\"},\"query-input\":{\"@type\":\"PropertyValueSpecification\",\"valueRequired\":true,\"valueName\":\"search_term_string\"}}],\"inLanguage\":\"sq-AL\"},{\"@type\":\"Organization\",\"@id\":\"https:\\\/\\\/fjala.info\\\/2009-2015\\\/#organization\",\"name\":\"FjALA e LIR\u00cb - Arkivi\",\"url\":\"https:\\\/\\\/fjala.info\\\/2009-2015\\\/\",\"logo\":{\"@type\":\"ImageObject\",\"inLanguage\":\"sq-AL\",\"@id\":\"https:\\\/\\\/fjala.info\\\/2009-2015\\\/#\\\/schema\\\/logo\\\/image\\\/\",\"url\":\"\",\"contentUrl\":\"\",\"caption\":\"FjALA e LIR\u00cb - Arkivi\"},\"image\":{\"@id\":\"https:\\\/\\\/fjala.info\\\/2009-2015\\\/#\\\/schema\\\/logo\\\/image\\\/\"}},{\"@type\":\"Person\",\"@id\":\"https:\\\/\\\/fjala.info\\\/2009-2015\\\/#\\\/schema\\\/person\\\/3aa1163ef05469c496fc94e77611ada2\",\"name\":\"admin\",\"image\":{\"@type\":\"ImageObject\",\"inLanguage\":\"sq-AL\",\"@id\":\"https:\\\/\\\/fjala.info\\\/2009-2015\\\/wp-content\\\/uploads\\\/2012\\\/02\\\/arben_cokaj-120x150.jpg\",\"url\":\"https:\\\/\\\/fjala.info\\\/2009-2015\\\/wp-content\\\/uploads\\\/2012\\\/02\\\/arben_cokaj-120x150.jpg\",\"contentUrl\":\"https:\\\/\\\/fjala.info\\\/2009-2015\\\/wp-content\\\/uploads\\\/2012\\\/02\\\/arben_cokaj-120x150.jpg\",\"caption\":\"admin\"},\"description\":\"Admin, Fjala e Lir\u00eb\",\"sameAs\":[\"https:\\\/\\\/fjala.info\\\/\"],\"url\":\"https:\\\/\\\/fjala.info\\\/2009-2015\\\/author\\\/admin\\\/\"}]}<\/script>\n<!-- \/ Yoast SEO plugin. -->","yoast_head_json":{"title":"Nd\u00ebrkomb\u00ebtar\u00ebt dhe kriza morale e kast\u00ebs - FjALA e LIR\u00cb - Arkivi","robots":{"index":"index","follow":"follow","max-snippet":"max-snippet:-1","max-image-preview":"max-image-preview:large","max-video-preview":"max-video-preview:-1"},"canonical":"https:\/\/fjala.info\/2009-2015\/nderkombetaret-dhe-kriza-morale-e-kastes\/","og_locale":"sq_AL","og_type":"article","og_title":"Nd\u00ebrkomb\u00ebtar\u00ebt dhe kriza morale e kast\u00ebs - FjALA e LIR\u00cb - Arkivi","og_description":"FATOS LUBONJA, 11.10.2011 Dhjet\u00eb pikat e fundit t\u00eb socialist\u00ebve si kusht bashk\u00ebpunimi me maxhoranc\u00ebn dhe sfida e Ram\u00ebs p\u00ebr debat publik me Berish\u00ebn po komentohen shum\u00eb dit\u00ebt e fundit. Personalisht pajtohem me mendimin se n\u00eb nj\u00eb far\u00eb m\u00ebnyre ato jan\u00eb hartuar me vet\u00ebdijen se do t\u00eb refuzohen, pra se kemi t\u00eb b\u00ebjm\u00eb me nj\u00eb \u201ctruk\u201d [&hellip;]","og_url":"https:\/\/fjala.info\/2009-2015\/nderkombetaret-dhe-kriza-morale-e-kastes\/","og_site_name":"FjALA e LIR\u00cb - Arkivi","article_published_time":"2011-10-11T20:09:23+00:00","og_image":[{"url":"http:\/\/www.shkoder.net\/images\/fjala\/fatos_lubonja.jpg","type":"","width":"","height":""}],"author":"admin","twitter_card":"summary_large_image","twitter_misc":{"Written by":"admin","Est. reading time":"6 minutes"},"schema":{"@context":"https:\/\/schema.org","@graph":[{"@type":"Article","@id":"https:\/\/fjala.info\/2009-2015\/nderkombetaret-dhe-kriza-morale-e-kastes\/#article","isPartOf":{"@id":"https:\/\/fjala.info\/2009-2015\/nderkombetaret-dhe-kriza-morale-e-kastes\/"},"author":{"name":"admin","@id":"https:\/\/fjala.info\/2009-2015\/#\/schema\/person\/3aa1163ef05469c496fc94e77611ada2"},"headline":"Nd\u00ebrkomb\u00ebtar\u00ebt dhe kriza morale e kast\u00ebs","datePublished":"2011-10-11T20:09:23+00:00","mainEntityOfPage":{"@id":"https:\/\/fjala.info\/2009-2015\/nderkombetaret-dhe-kriza-morale-e-kastes\/"},"wordCount":1174,"commentCount":0,"publisher":{"@id":"https:\/\/fjala.info\/2009-2015\/#organization"},"image":{"@id":"https:\/\/fjala.info\/2009-2015\/nderkombetaret-dhe-kriza-morale-e-kastes\/#primaryimage"},"thumbnailUrl":"http:\/\/www.shkoder.net\/images\/fjala\/fatos_lubonja.jpg","articleSection":["Artikuj"],"inLanguage":"sq-AL","potentialAction":[{"@type":"CommentAction","name":"Comment","target":["https:\/\/fjala.info\/2009-2015\/nderkombetaret-dhe-kriza-morale-e-kastes\/#respond"]}]},{"@type":"WebPage","@id":"https:\/\/fjala.info\/2009-2015\/nderkombetaret-dhe-kriza-morale-e-kastes\/","url":"https:\/\/fjala.info\/2009-2015\/nderkombetaret-dhe-kriza-morale-e-kastes\/","name":"Nd\u00ebrkomb\u00ebtar\u00ebt dhe kriza morale e kast\u00ebs - FjALA e LIR\u00cb - Arkivi","isPartOf":{"@id":"https:\/\/fjala.info\/2009-2015\/#website"},"primaryImageOfPage":{"@id":"https:\/\/fjala.info\/2009-2015\/nderkombetaret-dhe-kriza-morale-e-kastes\/#primaryimage"},"image":{"@id":"https:\/\/fjala.info\/2009-2015\/nderkombetaret-dhe-kriza-morale-e-kastes\/#primaryimage"},"thumbnailUrl":"http:\/\/www.shkoder.net\/images\/fjala\/fatos_lubonja.jpg","datePublished":"2011-10-11T20:09:23+00:00","breadcrumb":{"@id":"https:\/\/fjala.info\/2009-2015\/nderkombetaret-dhe-kriza-morale-e-kastes\/#breadcrumb"},"inLanguage":"sq-AL","potentialAction":[{"@type":"ReadAction","target":["https:\/\/fjala.info\/2009-2015\/nderkombetaret-dhe-kriza-morale-e-kastes\/"]}]},{"@type":"ImageObject","inLanguage":"sq-AL","@id":"https:\/\/fjala.info\/2009-2015\/nderkombetaret-dhe-kriza-morale-e-kastes\/#primaryimage","url":"http:\/\/www.shkoder.net\/images\/fjala\/fatos_lubonja.jpg","contentUrl":"http:\/\/www.shkoder.net\/images\/fjala\/fatos_lubonja.jpg"},{"@type":"BreadcrumbList","@id":"https:\/\/fjala.info\/2009-2015\/nderkombetaret-dhe-kriza-morale-e-kastes\/#breadcrumb","itemListElement":[{"@type":"ListItem","position":1,"name":"Home","item":"https:\/\/fjala.info\/2009-2015\/"},{"@type":"ListItem","position":2,"name":"Nd\u00ebrkomb\u00ebtar\u00ebt dhe kriza morale e kast\u00ebs"}]},{"@type":"WebSite","@id":"https:\/\/fjala.info\/2009-2015\/#website","url":"https:\/\/fjala.info\/2009-2015\/","name":"FjALA e LIR\u00cb - Arkivi","description":"Arkivi 2009-2015","publisher":{"@id":"https:\/\/fjala.info\/2009-2015\/#organization"},"potentialAction":[{"@type":"SearchAction","target":{"@type":"EntryPoint","urlTemplate":"https:\/\/fjala.info\/2009-2015\/?s={search_term_string}"},"query-input":{"@type":"PropertyValueSpecification","valueRequired":true,"valueName":"search_term_string"}}],"inLanguage":"sq-AL"},{"@type":"Organization","@id":"https:\/\/fjala.info\/2009-2015\/#organization","name":"FjALA e LIR\u00cb - Arkivi","url":"https:\/\/fjala.info\/2009-2015\/","logo":{"@type":"ImageObject","inLanguage":"sq-AL","@id":"https:\/\/fjala.info\/2009-2015\/#\/schema\/logo\/image\/","url":"","contentUrl":"","caption":"FjALA e LIR\u00cb - Arkivi"},"image":{"@id":"https:\/\/fjala.info\/2009-2015\/#\/schema\/logo\/image\/"}},{"@type":"Person","@id":"https:\/\/fjala.info\/2009-2015\/#\/schema\/person\/3aa1163ef05469c496fc94e77611ada2","name":"admin","image":{"@type":"ImageObject","inLanguage":"sq-AL","@id":"https:\/\/fjala.info\/2009-2015\/wp-content\/uploads\/2012\/02\/arben_cokaj-120x150.jpg","url":"https:\/\/fjala.info\/2009-2015\/wp-content\/uploads\/2012\/02\/arben_cokaj-120x150.jpg","contentUrl":"https:\/\/fjala.info\/2009-2015\/wp-content\/uploads\/2012\/02\/arben_cokaj-120x150.jpg","caption":"admin"},"description":"Admin, Fjala e Lir\u00eb","sameAs":["https:\/\/fjala.info\/"],"url":"https:\/\/fjala.info\/2009-2015\/author\/admin\/"}]}},"_links":{"self":[{"href":"https:\/\/fjala.info\/2009-2015\/wp-json\/wp\/v2\/posts\/10952","targetHints":{"allow":["GET"]}}],"collection":[{"href":"https:\/\/fjala.info\/2009-2015\/wp-json\/wp\/v2\/posts"}],"about":[{"href":"https:\/\/fjala.info\/2009-2015\/wp-json\/wp\/v2\/types\/post"}],"author":[{"embeddable":true,"href":"https:\/\/fjala.info\/2009-2015\/wp-json\/wp\/v2\/users\/1"}],"replies":[{"embeddable":true,"href":"https:\/\/fjala.info\/2009-2015\/wp-json\/wp\/v2\/comments?post=10952"}],"version-history":[{"count":0,"href":"https:\/\/fjala.info\/2009-2015\/wp-json\/wp\/v2\/posts\/10952\/revisions"}],"wp:attachment":[{"href":"https:\/\/fjala.info\/2009-2015\/wp-json\/wp\/v2\/media?parent=10952"}],"wp:term":[{"taxonomy":"category","embeddable":true,"href":"https:\/\/fjala.info\/2009-2015\/wp-json\/wp\/v2\/categories?post=10952"},{"taxonomy":"post_tag","embeddable":true,"href":"https:\/\/fjala.info\/2009-2015\/wp-json\/wp\/v2\/tags?post=10952"}],"curies":[{"name":"wp","href":"https:\/\/api.w.org\/{rel}","templated":true}]}}