{"id":10949,"date":"2011-10-11T21:00:30","date_gmt":"2011-10-11T20:00:30","guid":{"rendered":"http:\/\/fjala.shkoder.net\/?p=10949"},"modified":"2011-10-11T21:00:30","modified_gmt":"2011-10-11T20:00:30","slug":"sezoni-i-askundit","status":"publish","type":"post","link":"https:\/\/fjala.info\/2009-2015\/sezoni-i-askundit\/","title":{"rendered":"Sezoni i askundit"},"content":{"rendered":"<p><img decoding=\"async\" class=\"alignright size-thumbnail wp-image-7236\" title=\"Sk\u00ebnder Minxhozi\" src=\"http:\/\/www.shkoder.net\/images\/fjala\/skender_minxhozi.jpg\" alt=\"\" width=\"150\" \/> Nga <strong>Sk\u00ebnder Minxhozi<\/strong><\/p>\n<p>\u201cNuk do mundni kurr\u00eb t\u00eb pengoni integrimin e Shqip\u00ebris\u00eb n\u00eb Europ\u00eb\u201d, ju drejtua kreu i qeveris\u00eb para tri dit\u00ebsh homologut t\u00eb tij t\u00eb opozit\u00ebs. Nd\u00ebrkoh\u00eb, vet\u00ebm dy fraza m\u00eb lart, sapo e kishte akuzuar se opozita po bllokonte procesin e integrimit europian t\u00eb vendit. Mjafton ky pasazh, nj\u00ebri nd\u00ebr t\u00eb shumtit, ku Berisha shpalos retorik\u00ebn e tij, e cila ka rregullisht kontradikta e vakume jo t\u00eb vogla kohore, vendore dhe logjike, p\u00ebr t\u00eb kuptuar se prej shtatorit ndodhemi n\u00eb nj\u00eb stad marr\u00ebdh\u00ebniesh politike, t\u00eb cilat vet\u00ebm formalisht nuk klasifikohen si \u201ckriz\u00eb\u201d.<\/p>\n<p>Jemi n\u00eb nj\u00eb sezon t\u00eb askundit, n\u00ebse do t\u00eb mundoheshim t\u00eb gjejm\u00eb nj\u00eb p\u00ebrcaktim figurativ p\u00ebr rr\u00ebmuj\u00ebn politike, mishmashin e debateve parlamentare dhe gjuajtjen n\u00eb distanc\u00eb nga podiumet e partive, q\u00eb po shohim thuajse p\u00ebrdit\u00eb. Nj\u00eb koh\u00eb pa koh\u00eb, me l\u00ebvizje n\u00eb boshll\u00ebk, me fjal\u00eb q\u00eb s\u2019thon\u00eb asgj\u00eb dhe me nj\u00eb taktik\u00eb foshnjore t\u00eb pal\u00ebve, q\u00eb k\u00ebrkojn\u00eb t\u00eb blejn\u00eb koh\u00eb, pa e ditur p\u00ebrse do e p\u00ebrdorin m\u00eb von\u00eb. T\u00eb gjith\u00eb k\u00ebrkojn\u00eb t\u00eb duken estetikisht t\u00eb bukur e korrekt\u00eb p\u00ebrball\u00eb Brukselit, kur vet\u00eb Brukseli, m\u00eb i pari, e di fort mir\u00eb q\u00eb t\u00eb gjith\u00eb jan\u00eb nga pak fajtor\u00eb.<\/p>\n<p>E megjithat\u00eb, jo t\u00eb gjith\u00eb ndajn\u00eb p\u00ebrgjegj\u00ebsi t\u00eb nj\u00ebjta p\u00ebr at\u00eb q\u00eb Edi Rama e quajti dje \u201cmbetja e dyt\u00eb n\u00eb klas\u00eb\u201d \u2013 marrja e statusit t\u00eb vendit kandidat p\u00ebr n\u00eb BE. P\u00ebrtej faktit publik, atij sulmi t\u00eb p\u00ebrditsh\u00ebm ndaj opozit\u00ebs p\u00ebr \u201csabotimin e procesit t\u00eb integrimit\u201d, qeveria po arrin ta maskoj\u00eb keq deri tani, pozit\u00ebn e sikletshme n\u00eb t\u00eb cil\u00ebn ndodhet. Kur Berisha d\u00ebrgonte me nxitim dosjen e aplikimit t\u00eb vendit ton\u00eb pran\u00eb presidenc\u00ebs \u00e7eke, dy vjet e gjysm\u00eb m\u00eb par\u00eb, nuk e mendonte se rruga drejt statusit t\u00eb vendit kandidat do t\u00eb qe kaq e gjat\u00eb e me kthesa.<\/p>\n<p>Zgjedhjet q\u00eb pasuan, kriza e tejzgjatur politike, por edhe stili i tij autoritar e larg \u00e7do kompromisi politik me kund\u00ebrshtarin, ka b\u00ebr\u00eb q\u00eb sot t\u00eb jemi nj\u00eb rast i paprecedent, sa i takon ritmit dhe m\u00ebnyr\u00ebs sesi po integrohemi n\u00eb Europ\u00eb. \u00cbsht\u00eb kryesisht p\u00ebrgjegj\u00ebsia e qeveris\u00eb shqiptare, q\u00eb k\u00ebt\u00eb periudh\u00eb t\u00eb gjat\u00eb kohore pranoi ta kaloj\u00eb duke u sherrosur me opozit\u00ebn, pa nj\u00eb vizion t\u00eb qart\u00eb p\u00ebr daljen nga konflikti meskin me socialist\u00ebt, me q\u00ebllim q\u00eb t\u00eb kapej treni i integrimit, qoft\u00eb edhe n\u00eb vagonin e fundit t\u00eb tij.<\/p>\n<p>Dy fenomene po zbulon gradualisht kjo koh\u00eb e mjegullt shqiptare. I pari, ai i nd\u00ebrrimit t\u00eb pozicioneve mes pal\u00ebve politike. Dhe i dyti, ai i riciklimit gradual t\u00eb imazhit publik t\u00eb opozit\u00ebs, p\u00ebrball\u00eb lodhjes e rr\u00ebnimit po kaq gradual t\u00eb vitrin\u00ebs qeveritare. Aspekti i par\u00eb ka t\u00eb b\u00ebj\u00eb me nj\u00eb sjellje t\u00eb re t\u00eb dyanshme, si nga Berisha, ashtu edhe nga Rama. \u00cbsht\u00eb nj\u00eb raport i ri, nj\u00eb marr\u00ebdh\u00ebnie e ndryshuar n\u00eb thelb mes t\u00eb dyve, sa i takon iniciativ\u00ebs politike. Pak dit\u00eb m\u00eb par\u00eb, Berisha snoboi nj\u00eb ftes\u00eb t\u00eb Ram\u00ebs p\u00ebr nj\u00eb debat publik. N\u00eb vend t\u00eb p\u00ebrgjigjes p\u00ebr sfid\u00ebn, penat e qeveris\u00eb rreshtuan edhe nj\u00eb her\u00eb n\u00eb gazeta debatet e munguara t\u00eb Edi Ram\u00ebs n\u00eb dekad\u00ebn e fundit.<\/p>\n<p>P\u00ebrpos k\u00ebsaj, Berisha po mungon (me p\u00ebrjashtim t\u00eb t\u00eb par\u00ebs interpelanc\u00eb me Bra\u00e7en, ku s\u2019mund t\u00eb mungonte) thuajse n\u00eb t\u00eb gjitha seancat e Kuvendit. Mjafton t\u2019i hedh\u00ebsh nj\u00eb sy sall\u00ebs s\u00eb Parlamentit kur ka seanca plenare, p\u00ebr t\u00eb v\u00ebn\u00eb re se kreu i qeveris\u00eb dhe nj\u00eb pjes\u00eb e mir\u00eb e ministrave nuk jan\u00eb aty. Mazhoranca ka zgjedhur t\u00eb t\u00ebrhiqet taktikisht p\u00ebrball\u00eb akuzave q\u00eb vijn\u00eb nga shum\u00eb an\u00eb p\u00ebr korrupsion e favorizime gjithfar\u00ebsh. Ky mes i mandatit t\u00eb dyt\u00eb po rezulton i lodhsh\u00ebm dhe asfiksues p\u00ebr shum\u00eb nga zyrtar\u00ebt e lart\u00eb t\u00eb ekzekutivit.<\/p>\n<p>Aspekti i dyt\u00eb, pjes\u00eb indirekte e t\u00eb parit, ka t\u00eb b\u00ebj\u00eb me imazhin dhe pozit\u00ebn q\u00eb po fiton Edi Rama n\u00eb ambientin politik t\u00eb vjesht\u00ebs. Ka qen\u00eb e pritshme q\u00eb kreu i opozit\u00ebs t\u00eb t\u00ebrhiqej n\u00eb hije pas zgjedhjeve, n\u00eb rast humbjeje. E ka b\u00ebr\u00eb k\u00ebt\u00eb edhe n\u00eb 2009-n, kur u zhduk gjat\u00eb gjith\u00eb sezonit veror. Po e b\u00ebn edhe tani, por n\u00eb kushte dhe rrethana cil\u00ebsisht t\u00eb reja. Humbja e imponuar me vendim gjykate e zyr\u00ebs s\u00eb kryebashkiakut, ashtu si\u00e7 thuhej jo rrall\u00eb n\u00eb ato dit\u00eb t\u00eb para, ka qen\u00eb jo vet\u00ebm nj\u00eb akt i v\u00ebshtir\u00eb personal e emotiv, por n\u00eb t\u00eb kund\u00ebrt, e ka \u00e7liruar kryetarin e demotivuar t\u00eb bashkis\u00eb nga nj\u00eb barr\u00eb q\u00eb i merrte nj\u00eb pjes\u00eb t\u00eb madhe t\u00eb energjive ditore.<\/p>\n<p>Edi Rama editorialist \u00ebsht\u00eb nj\u00eb risi q\u00eb jo t\u00eb gjith\u00eb jan\u00eb t\u00eb gatsh\u00ebm ta pranojn\u00eb, por nga ana tjet\u00ebr, \u00ebsht\u00eb gjithashtu nj\u00eb politikan i \u00e7liruar nga nj\u00eb p\u00ebrgjegj\u00ebsi administrative jo e leht\u00eb, e cila e kishte rreshtuar prej dhjet\u00eb vjet\u00ebsh tek pushtetar\u00ebt dhe t\u00eb fuqishmit e vendit. Sot, \u201ci proletarizuar\u201d, Edi Rama \u00ebsht\u00eb ndoshta m\u00eb i rreziksh\u00ebm p\u00ebr Berish\u00ebn, sesa at\u00ebher\u00eb kur akuzohej se b\u00ebnte pjes\u00eb n\u00eb t\u00eb nj\u00ebjtin \u00e7anak korrupsioni.<\/p>\n<p>M\u00eb mir\u00eb nj\u00eb editorialist, se nj\u00eb zyrtar i lart\u00eb i korruptuar. Gjat\u00eb k\u00ebtyre jav\u00ebve, Rama ka hequr qafe akuzat standarde p\u00ebr \u201c20 p\u00ebrqind\u00ebshin\u201d, ka pritur q\u00eb farsa juridike p\u00ebr Tiran\u00ebn t\u00eb krijoj\u00eb kosto morale p\u00ebr fituesin formal, Basha dhe shefin e tij, si dhe po fillon t\u00eb hyj\u00eb m\u00eb n\u00eb fund n\u00eb formatin e liderit politik q\u00eb propozon dhe q\u00eb ngacmon. Kund\u00ebrshtarin dhe opinionin publik nj\u00ebkoh\u00ebsisht. Dhjet\u00eb pikat e tij jan\u00eb praktikisht e vetmja l\u00ebvizje e v\u00ebrtet\u00eb politike e sezonit t\u00eb ri politik, duke i dh\u00ebn\u00eb Ram\u00ebs pozit\u00ebn e drejtimit t\u00eb nj\u00eb valleje q\u00eb Berisha po mundohet t\u00eb mos e ndjek\u00eb.<\/p>\n<p>E kjo mund t\u00eb jet\u00eb origjina e nj\u00eb krize t\u00eb re politike. Edhe m\u00eb t\u00eb keqe se e para, sepse do t\u00eb jet\u00eb e kamufluar me petkat e normalitetit institucional. Sezoni i ri politik po vijon t\u00eb avancoj\u00eb n\u00ebn shenj\u00ebn e bllokimit t\u00eb dyansh\u00ebm. T\u00eb qeveris\u00eb, e cila s\u2019pranon propozimet e opozit\u00ebs, dhe t\u00eb k\u00ebsaj t\u00eb fundit ndaj mazhoranc\u00ebs, duke mos votuar axhend\u00ebn parlamentare t\u00eb ligjeve. K\u00ebsisoj, po i drejtohemi fundit t\u00eb vitit, mbi nj\u00eb anije e cila nuk ka nj\u00eb busull dhe ku pretendent\u00ebt p\u00ebr kapiten grinden e kacafyten me nj\u00ebri-tjetrin. N\u00eb krahasim me janarin e k\u00ebtij viti, mungojn\u00eb (shyqyr Zotit) vet\u00ebm t\u00eb vrar\u00ebt. Gjith\u00e7ka tjet\u00ebr \u00ebsht\u00eb nj\u00ebsoj si m\u00eb par\u00eb.<\/p>\n","protected":false},"excerpt":{"rendered":"<p>Nga Sk\u00ebnder Minxhozi \u201cNuk do mundni kurr\u00eb t\u00eb pengoni integrimin e Shqip\u00ebris\u00eb n\u00eb Europ\u00eb\u201d, ju drejtua kreu i qeveris\u00eb para tri dit\u00ebsh homologut t\u00eb tij t\u00eb opozit\u00ebs. Nd\u00ebrkoh\u00eb, vet\u00ebm dy fraza m\u00eb lart, sapo e kishte akuzuar se opozita po bllokonte procesin e integrimit europian t\u00eb vendit. Mjafton ky pasazh, nj\u00ebri nd\u00ebr t\u00eb shumtit, ku [&hellip;]<\/p>\n","protected":false},"author":1,"featured_media":0,"comment_status":"open","ping_status":"closed","sticky":false,"template":"","format":"standard","meta":{"footnotes":""},"categories":[2],"tags":[],"class_list":{"0":"post-10949","1":"post","2":"type-post","3":"status-publish","4":"format-standard","6":"category-artikuj"},"yoast_head":"<!-- This site is optimized with the Yoast SEO plugin v27.4 - https:\/\/yoast.com\/product\/yoast-seo-wordpress\/ -->\n<title>Sezoni i askundit - FjALA e LIR\u00cb - Arkivi<\/title>\n<meta name=\"robots\" content=\"index, follow, max-snippet:-1, max-image-preview:large, max-video-preview:-1\" \/>\n<link rel=\"canonical\" href=\"https:\/\/fjala.info\/2009-2015\/sezoni-i-askundit\/\" \/>\n<meta property=\"og:locale\" content=\"sq_AL\" \/>\n<meta property=\"og:type\" content=\"article\" \/>\n<meta property=\"og:title\" content=\"Sezoni i askundit - FjALA e LIR\u00cb - Arkivi\" \/>\n<meta property=\"og:description\" content=\"Nga Sk\u00ebnder Minxhozi \u201cNuk do mundni kurr\u00eb t\u00eb pengoni integrimin e Shqip\u00ebris\u00eb n\u00eb Europ\u00eb\u201d, ju drejtua kreu i qeveris\u00eb para tri dit\u00ebsh homologut t\u00eb tij t\u00eb opozit\u00ebs. Nd\u00ebrkoh\u00eb, vet\u00ebm dy fraza m\u00eb lart, sapo e kishte akuzuar se opozita po bllokonte procesin e integrimit europian t\u00eb vendit. Mjafton ky pasazh, nj\u00ebri nd\u00ebr t\u00eb shumtit, ku [&hellip;]\" \/>\n<meta property=\"og:url\" content=\"https:\/\/fjala.info\/2009-2015\/sezoni-i-askundit\/\" \/>\n<meta property=\"og:site_name\" content=\"FjALA e LIR\u00cb - Arkivi\" \/>\n<meta property=\"article:published_time\" content=\"2011-10-11T20:00:30+00:00\" \/>\n<meta property=\"og:image\" content=\"http:\/\/www.shkoder.net\/images\/fjala\/skender_minxhozi.jpg\" \/>\n<meta name=\"author\" content=\"admin\" \/>\n<meta name=\"twitter:card\" content=\"summary_large_image\" \/>\n<meta name=\"twitter:label1\" content=\"Written by\" \/>\n\t<meta name=\"twitter:data1\" content=\"admin\" \/>\n\t<meta name=\"twitter:label2\" content=\"Est. reading time\" \/>\n\t<meta name=\"twitter:data2\" content=\"6 minutes\" \/>\n<script type=\"application\/ld+json\" class=\"yoast-schema-graph\">{\"@context\":\"https:\\\/\\\/schema.org\",\"@graph\":[{\"@type\":\"Article\",\"@id\":\"https:\\\/\\\/fjala.info\\\/2009-2015\\\/sezoni-i-askundit\\\/#article\",\"isPartOf\":{\"@id\":\"https:\\\/\\\/fjala.info\\\/2009-2015\\\/sezoni-i-askundit\\\/\"},\"author\":{\"name\":\"admin\",\"@id\":\"https:\\\/\\\/fjala.info\\\/2009-2015\\\/#\\\/schema\\\/person\\\/3aa1163ef05469c496fc94e77611ada2\"},\"headline\":\"Sezoni i askundit\",\"datePublished\":\"2011-10-11T20:00:30+00:00\",\"mainEntityOfPage\":{\"@id\":\"https:\\\/\\\/fjala.info\\\/2009-2015\\\/sezoni-i-askundit\\\/\"},\"wordCount\":1151,\"commentCount\":0,\"publisher\":{\"@id\":\"https:\\\/\\\/fjala.info\\\/2009-2015\\\/#organization\"},\"image\":{\"@id\":\"https:\\\/\\\/fjala.info\\\/2009-2015\\\/sezoni-i-askundit\\\/#primaryimage\"},\"thumbnailUrl\":\"http:\\\/\\\/www.shkoder.net\\\/images\\\/fjala\\\/skender_minxhozi.jpg\",\"articleSection\":[\"Artikuj\"],\"inLanguage\":\"sq-AL\",\"potentialAction\":[{\"@type\":\"CommentAction\",\"name\":\"Comment\",\"target\":[\"https:\\\/\\\/fjala.info\\\/2009-2015\\\/sezoni-i-askundit\\\/#respond\"]}]},{\"@type\":\"WebPage\",\"@id\":\"https:\\\/\\\/fjala.info\\\/2009-2015\\\/sezoni-i-askundit\\\/\",\"url\":\"https:\\\/\\\/fjala.info\\\/2009-2015\\\/sezoni-i-askundit\\\/\",\"name\":\"Sezoni i askundit - FjALA e LIR\u00cb - Arkivi\",\"isPartOf\":{\"@id\":\"https:\\\/\\\/fjala.info\\\/2009-2015\\\/#website\"},\"primaryImageOfPage\":{\"@id\":\"https:\\\/\\\/fjala.info\\\/2009-2015\\\/sezoni-i-askundit\\\/#primaryimage\"},\"image\":{\"@id\":\"https:\\\/\\\/fjala.info\\\/2009-2015\\\/sezoni-i-askundit\\\/#primaryimage\"},\"thumbnailUrl\":\"http:\\\/\\\/www.shkoder.net\\\/images\\\/fjala\\\/skender_minxhozi.jpg\",\"datePublished\":\"2011-10-11T20:00:30+00:00\",\"breadcrumb\":{\"@id\":\"https:\\\/\\\/fjala.info\\\/2009-2015\\\/sezoni-i-askundit\\\/#breadcrumb\"},\"inLanguage\":\"sq-AL\",\"potentialAction\":[{\"@type\":\"ReadAction\",\"target\":[\"https:\\\/\\\/fjala.info\\\/2009-2015\\\/sezoni-i-askundit\\\/\"]}]},{\"@type\":\"ImageObject\",\"inLanguage\":\"sq-AL\",\"@id\":\"https:\\\/\\\/fjala.info\\\/2009-2015\\\/sezoni-i-askundit\\\/#primaryimage\",\"url\":\"http:\\\/\\\/www.shkoder.net\\\/images\\\/fjala\\\/skender_minxhozi.jpg\",\"contentUrl\":\"http:\\\/\\\/www.shkoder.net\\\/images\\\/fjala\\\/skender_minxhozi.jpg\"},{\"@type\":\"BreadcrumbList\",\"@id\":\"https:\\\/\\\/fjala.info\\\/2009-2015\\\/sezoni-i-askundit\\\/#breadcrumb\",\"itemListElement\":[{\"@type\":\"ListItem\",\"position\":1,\"name\":\"Home\",\"item\":\"https:\\\/\\\/fjala.info\\\/2009-2015\\\/\"},{\"@type\":\"ListItem\",\"position\":2,\"name\":\"Sezoni i askundit\"}]},{\"@type\":\"WebSite\",\"@id\":\"https:\\\/\\\/fjala.info\\\/2009-2015\\\/#website\",\"url\":\"https:\\\/\\\/fjala.info\\\/2009-2015\\\/\",\"name\":\"FjALA e LIR\u00cb - Arkivi\",\"description\":\"Arkivi 2009-2015\",\"publisher\":{\"@id\":\"https:\\\/\\\/fjala.info\\\/2009-2015\\\/#organization\"},\"potentialAction\":[{\"@type\":\"SearchAction\",\"target\":{\"@type\":\"EntryPoint\",\"urlTemplate\":\"https:\\\/\\\/fjala.info\\\/2009-2015\\\/?s={search_term_string}\"},\"query-input\":{\"@type\":\"PropertyValueSpecification\",\"valueRequired\":true,\"valueName\":\"search_term_string\"}}],\"inLanguage\":\"sq-AL\"},{\"@type\":\"Organization\",\"@id\":\"https:\\\/\\\/fjala.info\\\/2009-2015\\\/#organization\",\"name\":\"FjALA e LIR\u00cb - Arkivi\",\"url\":\"https:\\\/\\\/fjala.info\\\/2009-2015\\\/\",\"logo\":{\"@type\":\"ImageObject\",\"inLanguage\":\"sq-AL\",\"@id\":\"https:\\\/\\\/fjala.info\\\/2009-2015\\\/#\\\/schema\\\/logo\\\/image\\\/\",\"url\":\"\",\"contentUrl\":\"\",\"caption\":\"FjALA e LIR\u00cb - Arkivi\"},\"image\":{\"@id\":\"https:\\\/\\\/fjala.info\\\/2009-2015\\\/#\\\/schema\\\/logo\\\/image\\\/\"}},{\"@type\":\"Person\",\"@id\":\"https:\\\/\\\/fjala.info\\\/2009-2015\\\/#\\\/schema\\\/person\\\/3aa1163ef05469c496fc94e77611ada2\",\"name\":\"admin\",\"image\":{\"@type\":\"ImageObject\",\"inLanguage\":\"sq-AL\",\"@id\":\"https:\\\/\\\/fjala.info\\\/2009-2015\\\/wp-content\\\/uploads\\\/2012\\\/02\\\/arben_cokaj-120x150.jpg\",\"url\":\"https:\\\/\\\/fjala.info\\\/2009-2015\\\/wp-content\\\/uploads\\\/2012\\\/02\\\/arben_cokaj-120x150.jpg\",\"contentUrl\":\"https:\\\/\\\/fjala.info\\\/2009-2015\\\/wp-content\\\/uploads\\\/2012\\\/02\\\/arben_cokaj-120x150.jpg\",\"caption\":\"admin\"},\"description\":\"Admin, Fjala e Lir\u00eb\",\"sameAs\":[\"https:\\\/\\\/fjala.info\\\/\"],\"url\":\"https:\\\/\\\/fjala.info\\\/2009-2015\\\/author\\\/admin\\\/\"}]}<\/script>\n<!-- \/ Yoast SEO plugin. -->","yoast_head_json":{"title":"Sezoni i askundit - FjALA e LIR\u00cb - Arkivi","robots":{"index":"index","follow":"follow","max-snippet":"max-snippet:-1","max-image-preview":"max-image-preview:large","max-video-preview":"max-video-preview:-1"},"canonical":"https:\/\/fjala.info\/2009-2015\/sezoni-i-askundit\/","og_locale":"sq_AL","og_type":"article","og_title":"Sezoni i askundit - FjALA e LIR\u00cb - Arkivi","og_description":"Nga Sk\u00ebnder Minxhozi \u201cNuk do mundni kurr\u00eb t\u00eb pengoni integrimin e Shqip\u00ebris\u00eb n\u00eb Europ\u00eb\u201d, ju drejtua kreu i qeveris\u00eb para tri dit\u00ebsh homologut t\u00eb tij t\u00eb opozit\u00ebs. Nd\u00ebrkoh\u00eb, vet\u00ebm dy fraza m\u00eb lart, sapo e kishte akuzuar se opozita po bllokonte procesin e integrimit europian t\u00eb vendit. Mjafton ky pasazh, nj\u00ebri nd\u00ebr t\u00eb shumtit, ku [&hellip;]","og_url":"https:\/\/fjala.info\/2009-2015\/sezoni-i-askundit\/","og_site_name":"FjALA e LIR\u00cb - Arkivi","article_published_time":"2011-10-11T20:00:30+00:00","og_image":[{"url":"http:\/\/www.shkoder.net\/images\/fjala\/skender_minxhozi.jpg","type":"","width":"","height":""}],"author":"admin","twitter_card":"summary_large_image","twitter_misc":{"Written by":"admin","Est. reading time":"6 minutes"},"schema":{"@context":"https:\/\/schema.org","@graph":[{"@type":"Article","@id":"https:\/\/fjala.info\/2009-2015\/sezoni-i-askundit\/#article","isPartOf":{"@id":"https:\/\/fjala.info\/2009-2015\/sezoni-i-askundit\/"},"author":{"name":"admin","@id":"https:\/\/fjala.info\/2009-2015\/#\/schema\/person\/3aa1163ef05469c496fc94e77611ada2"},"headline":"Sezoni i askundit","datePublished":"2011-10-11T20:00:30+00:00","mainEntityOfPage":{"@id":"https:\/\/fjala.info\/2009-2015\/sezoni-i-askundit\/"},"wordCount":1151,"commentCount":0,"publisher":{"@id":"https:\/\/fjala.info\/2009-2015\/#organization"},"image":{"@id":"https:\/\/fjala.info\/2009-2015\/sezoni-i-askundit\/#primaryimage"},"thumbnailUrl":"http:\/\/www.shkoder.net\/images\/fjala\/skender_minxhozi.jpg","articleSection":["Artikuj"],"inLanguage":"sq-AL","potentialAction":[{"@type":"CommentAction","name":"Comment","target":["https:\/\/fjala.info\/2009-2015\/sezoni-i-askundit\/#respond"]}]},{"@type":"WebPage","@id":"https:\/\/fjala.info\/2009-2015\/sezoni-i-askundit\/","url":"https:\/\/fjala.info\/2009-2015\/sezoni-i-askundit\/","name":"Sezoni i askundit - FjALA e LIR\u00cb - Arkivi","isPartOf":{"@id":"https:\/\/fjala.info\/2009-2015\/#website"},"primaryImageOfPage":{"@id":"https:\/\/fjala.info\/2009-2015\/sezoni-i-askundit\/#primaryimage"},"image":{"@id":"https:\/\/fjala.info\/2009-2015\/sezoni-i-askundit\/#primaryimage"},"thumbnailUrl":"http:\/\/www.shkoder.net\/images\/fjala\/skender_minxhozi.jpg","datePublished":"2011-10-11T20:00:30+00:00","breadcrumb":{"@id":"https:\/\/fjala.info\/2009-2015\/sezoni-i-askundit\/#breadcrumb"},"inLanguage":"sq-AL","potentialAction":[{"@type":"ReadAction","target":["https:\/\/fjala.info\/2009-2015\/sezoni-i-askundit\/"]}]},{"@type":"ImageObject","inLanguage":"sq-AL","@id":"https:\/\/fjala.info\/2009-2015\/sezoni-i-askundit\/#primaryimage","url":"http:\/\/www.shkoder.net\/images\/fjala\/skender_minxhozi.jpg","contentUrl":"http:\/\/www.shkoder.net\/images\/fjala\/skender_minxhozi.jpg"},{"@type":"BreadcrumbList","@id":"https:\/\/fjala.info\/2009-2015\/sezoni-i-askundit\/#breadcrumb","itemListElement":[{"@type":"ListItem","position":1,"name":"Home","item":"https:\/\/fjala.info\/2009-2015\/"},{"@type":"ListItem","position":2,"name":"Sezoni i askundit"}]},{"@type":"WebSite","@id":"https:\/\/fjala.info\/2009-2015\/#website","url":"https:\/\/fjala.info\/2009-2015\/","name":"FjALA e LIR\u00cb - Arkivi","description":"Arkivi 2009-2015","publisher":{"@id":"https:\/\/fjala.info\/2009-2015\/#organization"},"potentialAction":[{"@type":"SearchAction","target":{"@type":"EntryPoint","urlTemplate":"https:\/\/fjala.info\/2009-2015\/?s={search_term_string}"},"query-input":{"@type":"PropertyValueSpecification","valueRequired":true,"valueName":"search_term_string"}}],"inLanguage":"sq-AL"},{"@type":"Organization","@id":"https:\/\/fjala.info\/2009-2015\/#organization","name":"FjALA e LIR\u00cb - Arkivi","url":"https:\/\/fjala.info\/2009-2015\/","logo":{"@type":"ImageObject","inLanguage":"sq-AL","@id":"https:\/\/fjala.info\/2009-2015\/#\/schema\/logo\/image\/","url":"","contentUrl":"","caption":"FjALA e LIR\u00cb - Arkivi"},"image":{"@id":"https:\/\/fjala.info\/2009-2015\/#\/schema\/logo\/image\/"}},{"@type":"Person","@id":"https:\/\/fjala.info\/2009-2015\/#\/schema\/person\/3aa1163ef05469c496fc94e77611ada2","name":"admin","image":{"@type":"ImageObject","inLanguage":"sq-AL","@id":"https:\/\/fjala.info\/2009-2015\/wp-content\/uploads\/2012\/02\/arben_cokaj-120x150.jpg","url":"https:\/\/fjala.info\/2009-2015\/wp-content\/uploads\/2012\/02\/arben_cokaj-120x150.jpg","contentUrl":"https:\/\/fjala.info\/2009-2015\/wp-content\/uploads\/2012\/02\/arben_cokaj-120x150.jpg","caption":"admin"},"description":"Admin, Fjala e Lir\u00eb","sameAs":["https:\/\/fjala.info\/"],"url":"https:\/\/fjala.info\/2009-2015\/author\/admin\/"}]}},"_links":{"self":[{"href":"https:\/\/fjala.info\/2009-2015\/wp-json\/wp\/v2\/posts\/10949","targetHints":{"allow":["GET"]}}],"collection":[{"href":"https:\/\/fjala.info\/2009-2015\/wp-json\/wp\/v2\/posts"}],"about":[{"href":"https:\/\/fjala.info\/2009-2015\/wp-json\/wp\/v2\/types\/post"}],"author":[{"embeddable":true,"href":"https:\/\/fjala.info\/2009-2015\/wp-json\/wp\/v2\/users\/1"}],"replies":[{"embeddable":true,"href":"https:\/\/fjala.info\/2009-2015\/wp-json\/wp\/v2\/comments?post=10949"}],"version-history":[{"count":0,"href":"https:\/\/fjala.info\/2009-2015\/wp-json\/wp\/v2\/posts\/10949\/revisions"}],"wp:attachment":[{"href":"https:\/\/fjala.info\/2009-2015\/wp-json\/wp\/v2\/media?parent=10949"}],"wp:term":[{"taxonomy":"category","embeddable":true,"href":"https:\/\/fjala.info\/2009-2015\/wp-json\/wp\/v2\/categories?post=10949"},{"taxonomy":"post_tag","embeddable":true,"href":"https:\/\/fjala.info\/2009-2015\/wp-json\/wp\/v2\/tags?post=10949"}],"curies":[{"name":"wp","href":"https:\/\/api.w.org\/{rel}","templated":true}]}}