{"id":10944,"date":"2011-10-10T22:02:47","date_gmt":"2011-10-10T21:02:47","guid":{"rendered":"http:\/\/fjala.shkoder.net\/?p=10944"},"modified":"2011-10-10T22:02:47","modified_gmt":"2011-10-10T21:02:47","slug":"ridenimi-i-zhani-cikos-lartesimi-i-eliza-dushkut","status":"publish","type":"post","link":"https:\/\/fjala.info\/2009-2015\/ridenimi-i-zhani-cikos-lartesimi-i-eliza-dushkut\/","title":{"rendered":"Rid\u00ebnimi i Zhani Cikos, lart\u00ebsimi i Eliza Dushkut"},"content":{"rendered":"<p><img decoding=\"async\" class=\"alignright size-thumbnail wp-image-7236\" title=\"Zhani Ciko\" src=\"http:\/\/www.shkoder.net\/images\/fjala\/2011\/zhani_ciko1.jpg\" alt=\"\" width=\"300\" \/>Nga <strong>Ki\u00e7o Blushi<\/strong><\/p>\n<p>K\u00ebto dit\u00ebt e fundit \u00ebsht\u00eb njoftuar se Bashkia e Patosit, m\u00eb sakt\u00eb k\u00ebshilli i ri bashkiak i k\u00ebtij qyteti paska vendosur t\u2019i heq\u00eb emrin e Zhani Cikos nj\u00eb shkolle meq\u00eb ky, sipas nj\u00eb letre t\u00eb familjar\u00ebve t\u00eb k\u00ebng\u00ebtarit t\u00eb shquar, Lluk\u00eb Ka\u00e7aj, ka marr\u00eb pjes\u00eb n\u00eb gjyqin politik kund\u00ebr tij. Nd\u00ebrkoh\u00eb n\u00eb mbledhjen e par\u00eb t\u00eb k\u00ebshillit bashkiak t\u00eb kryeqytetit \u00ebsht\u00eb paraqitur propozimi q\u00eb aktores amerikane Eliza Dushku t\u2019i miratohet em\u00ebrimi \u201cAmbasadore e qytetit t\u00eb Tiran\u00ebs\u201d. T\u00eb dy k\u00ebto emra i bashkon jo vet\u00ebm arti dhe origjina kor\u00e7are, por edhe politika e mbrapsht\u00eb e nat\u00ebs son\u00eb t\u00eb gjat\u00eb n\u00eb k\u00ebt\u00eb lloj tranzicioni, i cili, ose t\u00eb d\u00ebnon e t\u00eb harron, ose t\u00eb jep merita, lavd e tituj, ashtu si t\u00eb b\u00ebn me prona pa qen\u00eb pronar\u2026<\/p>\n<p>Sigurisht n\u00eb vart\u00ebsi t\u00eb p\u00ebrkushtimit e t\u00eb rreshtimit politik. Nd\u00ebrsa Zhani Ciko ka kontribute t\u00eb \u00e7muara, gjysm\u00eb shekullore, n\u00eb kultur\u00ebn komb\u00ebtare, p\u00ebr Eliza Dushkun nuk mund t\u00eb thuhet se ka ndonj\u00eb lidhje me kultur\u00ebn shqiptare, madje as me at\u00eb amerikane, jo vet\u00ebm se ende \u00ebsht\u00eb nj\u00eb \u00e7up\u00eblin\u00eb n\u00eb hapat e par\u00eb, por edhe se deri tani ka luajtur disa role n\u00eb dy apo tri telenovela mes mij\u00ebrave t\u00eb tilla q\u00eb xhirohen n\u00eb bot\u00eb dhe Amerik\u00eb\u2026<\/p>\n<p>T\u00eb dy k\u00ebta artist\u00eb jan\u00eb t\u00eb d\u00ebnuar nga mediokriteti q\u00eb ka pushtuar nivelet m\u00eb t\u00eb larta t\u00eb pushtetit t\u00eb sot\u00ebm. Nj\u00ebri posht\u00ebrohet, tjetri nderohet p\u00ebr faj t\u00eb politik\u00ebs. N\u00eb t\u00eb dy rastet \u201csebep\u00e7iu\u201d \u00ebsht\u00eb Lul Basha, sepse Zhani u bashkua me forumin e intelektual\u00ebve, kurse Eliza erdhi kasten nga SHBA-ja dhe shkoi drejt e n\u00eb Bashki p\u00ebr t\u00eb pozuar, uruar e lavd\u00ebruar kryetarin e ri\u2026.Pra, n\u00eb se Bashkin\u00eb e Tiran\u00ebs nuk do t\u00eb ishte em\u00ebruar Basha, pa asnj\u00eb dyshim Dushku nuk do t\u00eb b\u00ebhej kurr\u00eb \u201cambasadore\u201d e Tiran\u00ebs, ashtu si po ta kishte fituar shumic\u00ebn e k\u00ebshillit n\u00eb Patos PD-ja, nuk do t\u2019i hiqej Cikos emri nga shkolla\u2026<\/p>\n<p>A ka burr\u00eb q\u00eb e kupton k\u00ebt\u00eb \u201ckandar\u201d?<\/p>\n<p>Kaq mjafton, besoj, p\u00ebr t\u00eb kuptuar absurdin e peshores s\u00eb vlerave! Q\u00ebndrimi posht\u00ebrues q\u00eb po mbahet nga nj\u00eb qytez\u00eb e provinc\u00ebs ndaj maestros Zhani Ciko dhe lart\u00ebsimi n\u00eb shkall\u00ebn e nj\u00eb ambasadoreje nga kryeqyteti p\u00ebr aktoren amerikane Eliza Dushku shpjegon m\u00eb s\u00eb miri se sa p\u00ebrkeq\u00ebzisht \u00ebsht\u00eb degraduar tek ne sistemi i vler\u00ebsimit t\u00eb figurave, sigurisht jo vet\u00ebm n\u00eb art e kultur\u00eb, por n\u00eb t\u00eb gjith\u00eb hierarkin\u00eb komb\u00ebtare, shkencore, intelektuale, akademike, e, mbi t\u00eb gjitha, n\u00eb at\u00eb politike.<\/p>\n<p>(Shikoni p.sh, p\u00ebrfaq\u00ebsimin e shumic\u00ebs s\u00eb deputet\u00ebve n\u00eb Kuvend!). Jan\u00eb p\u00ebr\u00e7udnuar jo vet\u00ebm tekstet e shkollave, emrat e rrug\u00ebve, por edhe titujt \u2018Mjesht\u00ebr i Madh\u2019 apo \u2018Nder i Kombit\u2019, t\u00eb cilat i jep \u00e7do jav\u00eb Presidenti i Republik\u00ebs, pa xhevap e pa hesap\u2026Po k\u00ebshtu po veprohet nga kryeministri aktual me pensionet \u201cspeciale\u201d q\u00eb akordohen p\u00ebr \u201ctrafik influence\u201d aq bujarisht vet\u00ebm p\u00ebr militant\u00ebt dhe p\u00ebr altoparlant\u00ebt vetjak\u00eb, t\u00eb partis\u00eb private q\u00eb \u00ebsht\u00eb n\u00eb pushtet\u2026Pas k\u00ebtyre shembujve t\u00eb p\u00ebrditsh\u00ebm kan\u00eb hyr\u00eb tashm\u00eb n\u00eb loj\u00eb edhe kryetar\u00ebt e bashkive e t\u00eb komunave e k\u00ebshillat e bashkive p\u00ebr dh\u00ebnien e titujve \u2018Qytetar, apo \u2018Katundar Nderi\u2019 p\u00ebr t\u00eb \u00e7far\u00ebdoshmit q\u00eb \u201cjan\u00eb me ne\u201d\u2026<\/p>\n<p>Nuk \u00ebsht\u00eb \u00e7udi q\u00eb edhe komunat e kalas\u00eb s\u00eb Dod\u00ebs dhe t\u00eb Skraparit, s\u00eb shpejti, t\u00eb em\u00ebrojn\u00eb e t\u00eb zbulojn\u00eb \u201cambasador\u00eb\u201d n\u00eb t\u00eb kat\u00ebr cepat e zg\u00ebqet e vendit t\u00eb cil\u00ebt, me gjas\u00eb do t\u00eb \u201cna promovojn\u00eb\u201d e do t\u00eb b\u00ebjn\u00eb namin me spote, deklarata e reklama rr\u00ebz\u00ebllit\u00ebse n\u00ebp\u00ebr bot\u00eb\u2026 Jan\u00eb b\u00ebr\u00eb si k\u00ebmb\u00ebt e dhis\u00eb t\u00eb gjitha ofiqet, titujt, jan\u00eb b\u00ebr\u00eb si k\u00ebmb\u00ebt e dhis\u00eb t\u00eb gjitha ofiqet, titujt, \u00e7mimet, gradat, postet, nderet, medaljet\u2026Sot n\u00eb vend q\u00eb t\u00eb t\u00eb thon\u00eb xhaxho, apo xhaj\u00eb, t\u00eb thon\u00eb Presor, edhe pse nuk di shkrim e k\u00ebndim!<\/p>\n<p>Para ca dit\u00ebsh m\u00eb rr\u00ebfyen se nj\u00eb kryetar komune shpalli \u201cKatundar Nderi\u201d nj\u00eb biznesmen, vet\u00ebm pse ky e kishte origjin\u00ebn nga katundi n\u00eb fjal\u00eb, por edhe pse pat premtuar t\u00eb investonte n\u00eb nd\u00ebrtimin e nj\u00eb rruge rurale\u2026Biznesmeni, gjat\u00eb ceremonis\u00eb, nj\u00eblloj si dikur \u201cgjeneral\u201d Xhaferi n\u00eb P\u00ebrmet, u mall\u00ebngjye aq shum\u00eb sa i tha kryetarit t\u00eb komun\u00ebs n\u00eb se d\u00ebshironte ndonj\u00eb nder tjet\u00ebr\u2026<\/p>\n<p>Dhe kryetari i komun\u00ebs, meq\u00eb ishte nga natyra modest, pasi u mendua nj\u00eb hop, f\u00ebrkoi pak kok\u00ebn dhe zverkun e djersitur nga sikleti dhe i k\u00ebrkoi\u2026nj\u00eb diplom\u00eb p\u00ebr jurist si shp\u00ebrblim! Nuk e di n\u00ebse biznesmeni e mbajti apo jo fjal\u00ebn, por jam i bindur se blerja e nj\u00eb diplome do t\u2019i kushtonte shum\u00eb m\u00eb pak se hapja e nj\u00eb rrug\u00eb p\u00ebr fshatin, ashtu si diploma do t\u00eb vlente p\u00ebr kryeplakun \u201carsimdash\u00ebs\u201d ku e ku m\u00eb shum\u00eb se \u00e7elja e rrug\u00ebs\u2026<\/p>\n<p>Pra, nuk mund t\u00eb thuhet se nd\u00ebr ne nuk ka kritere p\u00ebr vler\u00ebsimin e figurave. Sepse edhe \u201cdiploma\u201d, edhe titulli \u201cQytetar Nderi\u201d, apo ca m\u00eb tep\u00ebr nj\u00eb pension special, jepen me ca kritere p\u00ebrmbi kriteret, t\u00eb panjohura m\u00eb par\u00eb t\u00eb pangjashme me bot\u00ebn\u2026N\u00eb k\u00ebt\u00eb koh\u00eb t\u00eb neoliberalizmit berishian, ku si thot\u00eb nj\u00eb [poet mundt\u00eb martohet tr\u00ebndafili me xhab\u00ebn, nuk ka r\u00ebnd\u00ebsi se \u00e7\u2019je, se \u00e7\u2019merita ke, po \u00e7\u2019pasuri ke, n\u00eb an\u00eb e kujt je; dhe pas k\u00ebsaj, pra pasi t\u00eb kesh zgjidhur e gjetur rrug\u00ebn (personin me pushtet) e duhur, vjen halli: a ke tituj, si p.sh, DR,PR, akademik, Mjesht\u00ebr i Madh, Nder i Kombit\u2026 q\u00eb t\u00eb b\u00ebsh karrier\u00eb e pastaj t\u00eb hysh n\u00eb histori?!<\/p>\n<p>Kriterin e k\u00ebsolloj\u00eb nuk mund ta quash mir\u00ebfilli politik, si ndodhte n\u00eb diktatur\u00eb, pasi \u201cpeshorja\u201d e vler\u00ebsimit dhe e klasifikimit t\u00eb figurave komb\u00ebtare tashm\u00eb \u00ebsht\u00eb degraduar n\u00eb at\u00eb far\u00eb feje, sa pa frik\u00eb mund ta cil\u00ebsosh: kriter mediokratik, sipas th\u00ebnies s\u00eb famshme t\u00eb Nolit: pyka shtyn pyk\u00ebn! N\u00eb t\u00eb gjitha nivelet, jo vet\u00ebm n\u00ebp\u00ebr em\u00ebrime, tani nuk ka e nuk gjen mall m\u00eb t\u00eb lir\u00eb se blerja e titujve, e fam\u00ebs, e lavdis\u00eb, e postit, madje edhe e pavdek\u00ebsis\u00eb!<\/p>\n<p>K\u00ebshtu, n\u00ebse nj\u00eb aktor estrade apo k\u00ebng\u00ebtare tallavaje ka marr\u00eb pjes\u00eb n\u00eb fushat\u00eb pran\u00eb nj\u00eb kandidati, dhe ky, n\u00ebse fiton zgjedhjet e pajis k\u00ebng\u00ebtarin apo aktorin (\u00e7udit\u00ebrisht si n\u00eb diktatur\u00eb, edhe n\u00eb k\u00ebt\u00eb bi\u00e7im demokracie aktor\u00ebt dhe k\u00ebng\u00ebtar\u00ebt jan\u00eb m\u00eb t\u00eb preferuarit!) jo vet\u00ebm me nj\u00eb titull t\u00eb lart\u00eb, por e b\u00ebn edhe deputet, edhe ambasador, edhe Nder a Mjesht\u00ebr t\u00eb Madh, madje edhe an\u00ebtar t\u00eb \u201cKomitetit Qendror\u201d t\u00eb partis\u00eb p\u00ebrkat\u00ebse\u2026P\u00ebr ilustrim mund t\u00eb sillen shum\u00eb emra, por besoj se nuk ja vlen\u2026<\/p>\n<p>Nuk besoj se gjen dot nj\u00eb tjet\u00ebr vend n\u00eb bot\u00eb q\u00eb brenda disa jav\u00ebsh t\u00eb organizoj\u00eb nj\u00ebkoh\u00ebsisht festivale nd\u00ebrkomb\u00ebtare p\u00ebr filmin n\u00eb Durr\u00ebs, n\u00eb Pogradec, n\u00eb Shkod\u00ebr, n\u00eb Tiran\u00eb, n\u00eb Prishtin\u00eb, n\u00eb Fier (p\u00ebr aktrimin), n\u00eb Elbasan\u2026n\u00eb nj\u00eb koh\u00eb q\u00eb n\u00eb Shqip\u00ebrin\u00eb ton\u00eb, p\u00ebrher\u00eb \u201ct\u00eb vendeve t\u00eb para\u201d, nuk ka kinema, nuk ka prodhim filmi, nuk ka, p\u00ebrve\u00e7 Tiran\u00ebs, jet\u00eb teatrore e le m\u00eb pastaj artistike\u2026<br \/>\nPor ne, ama, b\u00ebjm\u00eb festivale nd\u00ebrkomb\u00ebtare t\u00eb filmit, madje ja tek pranon t\u00eb vij\u00eb n\u00eb Durr\u00ebs edhe regjisori amerikan Frensis Koppola, madje edhe aktorja Klaudia Kardinale!\u2026<\/p>\n<p>Af\u00ebrmendsh, k\u00ebto dy vizita turistike t\u00eb spozorizuara nga Bashkia e Durr\u00ebsit nuk kan\u00eb asnj\u00eb lidhje me zhvillimin e kultur\u00ebs dhe t\u00eb artit shqiptar, i cili ndodhet n\u00eb pozit\u00ebn m\u00eb mjerane t\u00eb mundshme p\u00ebr shkak t\u00eb fondeve t\u00eb vobekta, por edhe pse \u00ebsht\u00eb shkat\u00ebrruar q\u00ebllimisht sistemi i vlerave komb\u00ebtare\u2026 Pik\u00ebrisht p\u00ebr k\u00ebt\u00eb arsye, pra ngaq\u00eb si minjt\u00eb q\u00eb ndjejn\u00eb t\u00ebrmetet ata e nuhatin m\u00eb leht\u00eb se ne k\u00ebt\u00eb rropam\u00eb, gjith\u00eb fqinj\u00ebt tan\u00eb, grek\u00ebt, turqit, maqedonasit, bullgar\u00ebt, serb\u00ebt, nj\u00ebri pas tjetrit, n\u00eb korr, si me urdh\u00ebr po k\u00ebrkojn\u00eb me ngulm rishikimin jo vet\u00ebm t\u00eb historis\u00eb, po edhe t\u00eb figurave komb\u00ebtare, deri te Sk\u00ebnderbeu, apo edhe te abetarja\u2026!<\/p>\n<p>Pik\u00ebrisht prej k\u00ebsaj amnezie t\u00eb frikshme duket e natyrshme edhe p\u00ebrndjekja q\u00eb i b\u00ebhet Xhani Cikos, a thua se ai e ka v\u00ebn\u00eb vet\u00eb emrin e vet n\u00eb shkoll\u00eb\u2026Bashk\u00eb me shpalljen e habitshme t\u00eb Eliza Dushkut ambasadore e kryeqytetit, bashk\u00eb me gjith\u00eb ato festivale nd\u00ebrkomb\u00ebtar\u00eb t\u00eb filmave n\u00eb nj\u00eb vend pa kinema dhe pa prodhim kinematografik, edhe harresa e q\u00ebllimshme e 100-vjetorit t\u00eb poetit m\u00eb t\u00eb madh t\u00eb shekullit t\u00eb kaluar, Migjenit, jan\u00eb shembuj ndoshta tep\u00ebr modest\u00eb, por ama tejet t\u00eb trishtuesh\u00ebm t\u00eb katrahur\u00ebs q\u00eb ka ndodhur e po ndodh, pa e \u00e7ar\u00eb kush kok\u00ebn, n\u00eb hierarkin\u00eb ton\u00eb t\u00eb vlerave.<\/p>\n","protected":false},"excerpt":{"rendered":"<p>Nga Ki\u00e7o Blushi K\u00ebto dit\u00ebt e fundit \u00ebsht\u00eb njoftuar se Bashkia e Patosit, m\u00eb sakt\u00eb k\u00ebshilli i ri bashkiak i k\u00ebtij qyteti paska vendosur t\u2019i heq\u00eb emrin e Zhani Cikos nj\u00eb shkolle meq\u00eb ky, sipas nj\u00eb letre t\u00eb familjar\u00ebve t\u00eb k\u00ebng\u00ebtarit t\u00eb shquar, Lluk\u00eb Ka\u00e7aj, ka marr\u00eb pjes\u00eb n\u00eb gjyqin politik kund\u00ebr tij. Nd\u00ebrkoh\u00eb n\u00eb [&hellip;]<\/p>\n","protected":false},"author":1,"featured_media":0,"comment_status":"open","ping_status":"closed","sticky":false,"template":"","format":"standard","meta":{"footnotes":""},"categories":[2],"tags":[],"class_list":{"0":"post-10944","1":"post","2":"type-post","3":"status-publish","4":"format-standard","6":"category-artikuj"},"yoast_head":"<!-- This site is optimized with the Yoast SEO plugin v27.4 - https:\/\/yoast.com\/product\/yoast-seo-wordpress\/ -->\n<title>Rid\u00ebnimi i Zhani Cikos, lart\u00ebsimi i Eliza Dushkut - FjALA e LIR\u00cb - Arkivi<\/title>\n<meta name=\"robots\" content=\"index, follow, max-snippet:-1, max-image-preview:large, max-video-preview:-1\" \/>\n<link rel=\"canonical\" href=\"https:\/\/fjala.info\/2009-2015\/ridenimi-i-zhani-cikos-lartesimi-i-eliza-dushkut\/\" \/>\n<meta property=\"og:locale\" content=\"sq_AL\" \/>\n<meta property=\"og:type\" content=\"article\" \/>\n<meta property=\"og:title\" content=\"Rid\u00ebnimi i Zhani Cikos, lart\u00ebsimi i Eliza Dushkut - FjALA e LIR\u00cb - Arkivi\" \/>\n<meta property=\"og:description\" content=\"Nga Ki\u00e7o Blushi K\u00ebto dit\u00ebt e fundit \u00ebsht\u00eb njoftuar se Bashkia e Patosit, m\u00eb sakt\u00eb k\u00ebshilli i ri bashkiak i k\u00ebtij qyteti paska vendosur t\u2019i heq\u00eb emrin e Zhani Cikos nj\u00eb shkolle meq\u00eb ky, sipas nj\u00eb letre t\u00eb familjar\u00ebve t\u00eb k\u00ebng\u00ebtarit t\u00eb shquar, Lluk\u00eb Ka\u00e7aj, ka marr\u00eb pjes\u00eb n\u00eb gjyqin politik kund\u00ebr tij. Nd\u00ebrkoh\u00eb n\u00eb [&hellip;]\" \/>\n<meta property=\"og:url\" content=\"https:\/\/fjala.info\/2009-2015\/ridenimi-i-zhani-cikos-lartesimi-i-eliza-dushkut\/\" \/>\n<meta property=\"og:site_name\" content=\"FjALA e LIR\u00cb - Arkivi\" \/>\n<meta property=\"article:published_time\" content=\"2011-10-10T21:02:47+00:00\" \/>\n<meta property=\"og:image\" content=\"http:\/\/www.shkoder.net\/images\/fjala\/2011\/zhani_ciko1.jpg\" \/>\n<meta name=\"author\" content=\"admin\" \/>\n<meta name=\"twitter:card\" content=\"summary_large_image\" \/>\n<meta name=\"twitter:label1\" content=\"Written by\" \/>\n\t<meta name=\"twitter:data1\" content=\"admin\" \/>\n\t<meta name=\"twitter:label2\" content=\"Est. reading time\" \/>\n\t<meta name=\"twitter:data2\" content=\"8 minutes\" \/>\n<script type=\"application\/ld+json\" class=\"yoast-schema-graph\">{\"@context\":\"https:\\\/\\\/schema.org\",\"@graph\":[{\"@type\":\"Article\",\"@id\":\"https:\\\/\\\/fjala.info\\\/2009-2015\\\/ridenimi-i-zhani-cikos-lartesimi-i-eliza-dushkut\\\/#article\",\"isPartOf\":{\"@id\":\"https:\\\/\\\/fjala.info\\\/2009-2015\\\/ridenimi-i-zhani-cikos-lartesimi-i-eliza-dushkut\\\/\"},\"author\":{\"name\":\"admin\",\"@id\":\"https:\\\/\\\/fjala.info\\\/2009-2015\\\/#\\\/schema\\\/person\\\/3aa1163ef05469c496fc94e77611ada2\"},\"headline\":\"Rid\u00ebnimi i Zhani Cikos, lart\u00ebsimi i Eliza Dushkut\",\"datePublished\":\"2011-10-10T21:02:47+00:00\",\"mainEntityOfPage\":{\"@id\":\"https:\\\/\\\/fjala.info\\\/2009-2015\\\/ridenimi-i-zhani-cikos-lartesimi-i-eliza-dushkut\\\/\"},\"wordCount\":1575,\"commentCount\":0,\"publisher\":{\"@id\":\"https:\\\/\\\/fjala.info\\\/2009-2015\\\/#organization\"},\"image\":{\"@id\":\"https:\\\/\\\/fjala.info\\\/2009-2015\\\/ridenimi-i-zhani-cikos-lartesimi-i-eliza-dushkut\\\/#primaryimage\"},\"thumbnailUrl\":\"http:\\\/\\\/www.shkoder.net\\\/images\\\/fjala\\\/2011\\\/zhani_ciko1.jpg\",\"articleSection\":[\"Artikuj\"],\"inLanguage\":\"sq-AL\",\"potentialAction\":[{\"@type\":\"CommentAction\",\"name\":\"Comment\",\"target\":[\"https:\\\/\\\/fjala.info\\\/2009-2015\\\/ridenimi-i-zhani-cikos-lartesimi-i-eliza-dushkut\\\/#respond\"]}]},{\"@type\":\"WebPage\",\"@id\":\"https:\\\/\\\/fjala.info\\\/2009-2015\\\/ridenimi-i-zhani-cikos-lartesimi-i-eliza-dushkut\\\/\",\"url\":\"https:\\\/\\\/fjala.info\\\/2009-2015\\\/ridenimi-i-zhani-cikos-lartesimi-i-eliza-dushkut\\\/\",\"name\":\"Rid\u00ebnimi i Zhani Cikos, lart\u00ebsimi i Eliza Dushkut - FjALA e LIR\u00cb - Arkivi\",\"isPartOf\":{\"@id\":\"https:\\\/\\\/fjala.info\\\/2009-2015\\\/#website\"},\"primaryImageOfPage\":{\"@id\":\"https:\\\/\\\/fjala.info\\\/2009-2015\\\/ridenimi-i-zhani-cikos-lartesimi-i-eliza-dushkut\\\/#primaryimage\"},\"image\":{\"@id\":\"https:\\\/\\\/fjala.info\\\/2009-2015\\\/ridenimi-i-zhani-cikos-lartesimi-i-eliza-dushkut\\\/#primaryimage\"},\"thumbnailUrl\":\"http:\\\/\\\/www.shkoder.net\\\/images\\\/fjala\\\/2011\\\/zhani_ciko1.jpg\",\"datePublished\":\"2011-10-10T21:02:47+00:00\",\"breadcrumb\":{\"@id\":\"https:\\\/\\\/fjala.info\\\/2009-2015\\\/ridenimi-i-zhani-cikos-lartesimi-i-eliza-dushkut\\\/#breadcrumb\"},\"inLanguage\":\"sq-AL\",\"potentialAction\":[{\"@type\":\"ReadAction\",\"target\":[\"https:\\\/\\\/fjala.info\\\/2009-2015\\\/ridenimi-i-zhani-cikos-lartesimi-i-eliza-dushkut\\\/\"]}]},{\"@type\":\"ImageObject\",\"inLanguage\":\"sq-AL\",\"@id\":\"https:\\\/\\\/fjala.info\\\/2009-2015\\\/ridenimi-i-zhani-cikos-lartesimi-i-eliza-dushkut\\\/#primaryimage\",\"url\":\"http:\\\/\\\/www.shkoder.net\\\/images\\\/fjala\\\/2011\\\/zhani_ciko1.jpg\",\"contentUrl\":\"http:\\\/\\\/www.shkoder.net\\\/images\\\/fjala\\\/2011\\\/zhani_ciko1.jpg\"},{\"@type\":\"BreadcrumbList\",\"@id\":\"https:\\\/\\\/fjala.info\\\/2009-2015\\\/ridenimi-i-zhani-cikos-lartesimi-i-eliza-dushkut\\\/#breadcrumb\",\"itemListElement\":[{\"@type\":\"ListItem\",\"position\":1,\"name\":\"Home\",\"item\":\"https:\\\/\\\/fjala.info\\\/2009-2015\\\/\"},{\"@type\":\"ListItem\",\"position\":2,\"name\":\"Rid\u00ebnimi i Zhani Cikos, lart\u00ebsimi i Eliza Dushkut\"}]},{\"@type\":\"WebSite\",\"@id\":\"https:\\\/\\\/fjala.info\\\/2009-2015\\\/#website\",\"url\":\"https:\\\/\\\/fjala.info\\\/2009-2015\\\/\",\"name\":\"FjALA e LIR\u00cb - Arkivi\",\"description\":\"Arkivi 2009-2015\",\"publisher\":{\"@id\":\"https:\\\/\\\/fjala.info\\\/2009-2015\\\/#organization\"},\"potentialAction\":[{\"@type\":\"SearchAction\",\"target\":{\"@type\":\"EntryPoint\",\"urlTemplate\":\"https:\\\/\\\/fjala.info\\\/2009-2015\\\/?s={search_term_string}\"},\"query-input\":{\"@type\":\"PropertyValueSpecification\",\"valueRequired\":true,\"valueName\":\"search_term_string\"}}],\"inLanguage\":\"sq-AL\"},{\"@type\":\"Organization\",\"@id\":\"https:\\\/\\\/fjala.info\\\/2009-2015\\\/#organization\",\"name\":\"FjALA e LIR\u00cb - Arkivi\",\"url\":\"https:\\\/\\\/fjala.info\\\/2009-2015\\\/\",\"logo\":{\"@type\":\"ImageObject\",\"inLanguage\":\"sq-AL\",\"@id\":\"https:\\\/\\\/fjala.info\\\/2009-2015\\\/#\\\/schema\\\/logo\\\/image\\\/\",\"url\":\"\",\"contentUrl\":\"\",\"caption\":\"FjALA e LIR\u00cb - Arkivi\"},\"image\":{\"@id\":\"https:\\\/\\\/fjala.info\\\/2009-2015\\\/#\\\/schema\\\/logo\\\/image\\\/\"}},{\"@type\":\"Person\",\"@id\":\"https:\\\/\\\/fjala.info\\\/2009-2015\\\/#\\\/schema\\\/person\\\/3aa1163ef05469c496fc94e77611ada2\",\"name\":\"admin\",\"image\":{\"@type\":\"ImageObject\",\"inLanguage\":\"sq-AL\",\"@id\":\"https:\\\/\\\/fjala.info\\\/2009-2015\\\/wp-content\\\/uploads\\\/2012\\\/02\\\/arben_cokaj-120x150.jpg\",\"url\":\"https:\\\/\\\/fjala.info\\\/2009-2015\\\/wp-content\\\/uploads\\\/2012\\\/02\\\/arben_cokaj-120x150.jpg\",\"contentUrl\":\"https:\\\/\\\/fjala.info\\\/2009-2015\\\/wp-content\\\/uploads\\\/2012\\\/02\\\/arben_cokaj-120x150.jpg\",\"caption\":\"admin\"},\"description\":\"Admin, Fjala e Lir\u00eb\",\"sameAs\":[\"https:\\\/\\\/fjala.info\\\/\"],\"url\":\"https:\\\/\\\/fjala.info\\\/2009-2015\\\/author\\\/admin\\\/\"}]}<\/script>\n<!-- \/ Yoast SEO plugin. -->","yoast_head_json":{"title":"Rid\u00ebnimi i Zhani Cikos, lart\u00ebsimi i Eliza Dushkut - FjALA e LIR\u00cb - Arkivi","robots":{"index":"index","follow":"follow","max-snippet":"max-snippet:-1","max-image-preview":"max-image-preview:large","max-video-preview":"max-video-preview:-1"},"canonical":"https:\/\/fjala.info\/2009-2015\/ridenimi-i-zhani-cikos-lartesimi-i-eliza-dushkut\/","og_locale":"sq_AL","og_type":"article","og_title":"Rid\u00ebnimi i Zhani Cikos, lart\u00ebsimi i Eliza Dushkut - FjALA e LIR\u00cb - Arkivi","og_description":"Nga Ki\u00e7o Blushi K\u00ebto dit\u00ebt e fundit \u00ebsht\u00eb njoftuar se Bashkia e Patosit, m\u00eb sakt\u00eb k\u00ebshilli i ri bashkiak i k\u00ebtij qyteti paska vendosur t\u2019i heq\u00eb emrin e Zhani Cikos nj\u00eb shkolle meq\u00eb ky, sipas nj\u00eb letre t\u00eb familjar\u00ebve t\u00eb k\u00ebng\u00ebtarit t\u00eb shquar, Lluk\u00eb Ka\u00e7aj, ka marr\u00eb pjes\u00eb n\u00eb gjyqin politik kund\u00ebr tij. Nd\u00ebrkoh\u00eb n\u00eb [&hellip;]","og_url":"https:\/\/fjala.info\/2009-2015\/ridenimi-i-zhani-cikos-lartesimi-i-eliza-dushkut\/","og_site_name":"FjALA e LIR\u00cb - Arkivi","article_published_time":"2011-10-10T21:02:47+00:00","og_image":[{"url":"http:\/\/www.shkoder.net\/images\/fjala\/2011\/zhani_ciko1.jpg","type":"","width":"","height":""}],"author":"admin","twitter_card":"summary_large_image","twitter_misc":{"Written by":"admin","Est. reading time":"8 minutes"},"schema":{"@context":"https:\/\/schema.org","@graph":[{"@type":"Article","@id":"https:\/\/fjala.info\/2009-2015\/ridenimi-i-zhani-cikos-lartesimi-i-eliza-dushkut\/#article","isPartOf":{"@id":"https:\/\/fjala.info\/2009-2015\/ridenimi-i-zhani-cikos-lartesimi-i-eliza-dushkut\/"},"author":{"name":"admin","@id":"https:\/\/fjala.info\/2009-2015\/#\/schema\/person\/3aa1163ef05469c496fc94e77611ada2"},"headline":"Rid\u00ebnimi i Zhani Cikos, lart\u00ebsimi i Eliza Dushkut","datePublished":"2011-10-10T21:02:47+00:00","mainEntityOfPage":{"@id":"https:\/\/fjala.info\/2009-2015\/ridenimi-i-zhani-cikos-lartesimi-i-eliza-dushkut\/"},"wordCount":1575,"commentCount":0,"publisher":{"@id":"https:\/\/fjala.info\/2009-2015\/#organization"},"image":{"@id":"https:\/\/fjala.info\/2009-2015\/ridenimi-i-zhani-cikos-lartesimi-i-eliza-dushkut\/#primaryimage"},"thumbnailUrl":"http:\/\/www.shkoder.net\/images\/fjala\/2011\/zhani_ciko1.jpg","articleSection":["Artikuj"],"inLanguage":"sq-AL","potentialAction":[{"@type":"CommentAction","name":"Comment","target":["https:\/\/fjala.info\/2009-2015\/ridenimi-i-zhani-cikos-lartesimi-i-eliza-dushkut\/#respond"]}]},{"@type":"WebPage","@id":"https:\/\/fjala.info\/2009-2015\/ridenimi-i-zhani-cikos-lartesimi-i-eliza-dushkut\/","url":"https:\/\/fjala.info\/2009-2015\/ridenimi-i-zhani-cikos-lartesimi-i-eliza-dushkut\/","name":"Rid\u00ebnimi i Zhani Cikos, lart\u00ebsimi i Eliza Dushkut - FjALA e LIR\u00cb - Arkivi","isPartOf":{"@id":"https:\/\/fjala.info\/2009-2015\/#website"},"primaryImageOfPage":{"@id":"https:\/\/fjala.info\/2009-2015\/ridenimi-i-zhani-cikos-lartesimi-i-eliza-dushkut\/#primaryimage"},"image":{"@id":"https:\/\/fjala.info\/2009-2015\/ridenimi-i-zhani-cikos-lartesimi-i-eliza-dushkut\/#primaryimage"},"thumbnailUrl":"http:\/\/www.shkoder.net\/images\/fjala\/2011\/zhani_ciko1.jpg","datePublished":"2011-10-10T21:02:47+00:00","breadcrumb":{"@id":"https:\/\/fjala.info\/2009-2015\/ridenimi-i-zhani-cikos-lartesimi-i-eliza-dushkut\/#breadcrumb"},"inLanguage":"sq-AL","potentialAction":[{"@type":"ReadAction","target":["https:\/\/fjala.info\/2009-2015\/ridenimi-i-zhani-cikos-lartesimi-i-eliza-dushkut\/"]}]},{"@type":"ImageObject","inLanguage":"sq-AL","@id":"https:\/\/fjala.info\/2009-2015\/ridenimi-i-zhani-cikos-lartesimi-i-eliza-dushkut\/#primaryimage","url":"http:\/\/www.shkoder.net\/images\/fjala\/2011\/zhani_ciko1.jpg","contentUrl":"http:\/\/www.shkoder.net\/images\/fjala\/2011\/zhani_ciko1.jpg"},{"@type":"BreadcrumbList","@id":"https:\/\/fjala.info\/2009-2015\/ridenimi-i-zhani-cikos-lartesimi-i-eliza-dushkut\/#breadcrumb","itemListElement":[{"@type":"ListItem","position":1,"name":"Home","item":"https:\/\/fjala.info\/2009-2015\/"},{"@type":"ListItem","position":2,"name":"Rid\u00ebnimi i Zhani Cikos, lart\u00ebsimi i Eliza Dushkut"}]},{"@type":"WebSite","@id":"https:\/\/fjala.info\/2009-2015\/#website","url":"https:\/\/fjala.info\/2009-2015\/","name":"FjALA e LIR\u00cb - Arkivi","description":"Arkivi 2009-2015","publisher":{"@id":"https:\/\/fjala.info\/2009-2015\/#organization"},"potentialAction":[{"@type":"SearchAction","target":{"@type":"EntryPoint","urlTemplate":"https:\/\/fjala.info\/2009-2015\/?s={search_term_string}"},"query-input":{"@type":"PropertyValueSpecification","valueRequired":true,"valueName":"search_term_string"}}],"inLanguage":"sq-AL"},{"@type":"Organization","@id":"https:\/\/fjala.info\/2009-2015\/#organization","name":"FjALA e LIR\u00cb - Arkivi","url":"https:\/\/fjala.info\/2009-2015\/","logo":{"@type":"ImageObject","inLanguage":"sq-AL","@id":"https:\/\/fjala.info\/2009-2015\/#\/schema\/logo\/image\/","url":"","contentUrl":"","caption":"FjALA e LIR\u00cb - Arkivi"},"image":{"@id":"https:\/\/fjala.info\/2009-2015\/#\/schema\/logo\/image\/"}},{"@type":"Person","@id":"https:\/\/fjala.info\/2009-2015\/#\/schema\/person\/3aa1163ef05469c496fc94e77611ada2","name":"admin","image":{"@type":"ImageObject","inLanguage":"sq-AL","@id":"https:\/\/fjala.info\/2009-2015\/wp-content\/uploads\/2012\/02\/arben_cokaj-120x150.jpg","url":"https:\/\/fjala.info\/2009-2015\/wp-content\/uploads\/2012\/02\/arben_cokaj-120x150.jpg","contentUrl":"https:\/\/fjala.info\/2009-2015\/wp-content\/uploads\/2012\/02\/arben_cokaj-120x150.jpg","caption":"admin"},"description":"Admin, Fjala e Lir\u00eb","sameAs":["https:\/\/fjala.info\/"],"url":"https:\/\/fjala.info\/2009-2015\/author\/admin\/"}]}},"_links":{"self":[{"href":"https:\/\/fjala.info\/2009-2015\/wp-json\/wp\/v2\/posts\/10944","targetHints":{"allow":["GET"]}}],"collection":[{"href":"https:\/\/fjala.info\/2009-2015\/wp-json\/wp\/v2\/posts"}],"about":[{"href":"https:\/\/fjala.info\/2009-2015\/wp-json\/wp\/v2\/types\/post"}],"author":[{"embeddable":true,"href":"https:\/\/fjala.info\/2009-2015\/wp-json\/wp\/v2\/users\/1"}],"replies":[{"embeddable":true,"href":"https:\/\/fjala.info\/2009-2015\/wp-json\/wp\/v2\/comments?post=10944"}],"version-history":[{"count":0,"href":"https:\/\/fjala.info\/2009-2015\/wp-json\/wp\/v2\/posts\/10944\/revisions"}],"wp:attachment":[{"href":"https:\/\/fjala.info\/2009-2015\/wp-json\/wp\/v2\/media?parent=10944"}],"wp:term":[{"taxonomy":"category","embeddable":true,"href":"https:\/\/fjala.info\/2009-2015\/wp-json\/wp\/v2\/categories?post=10944"},{"taxonomy":"post_tag","embeddable":true,"href":"https:\/\/fjala.info\/2009-2015\/wp-json\/wp\/v2\/tags?post=10944"}],"curies":[{"name":"wp","href":"https:\/\/api.w.org\/{rel}","templated":true}]}}