{"id":10941,"date":"2011-10-10T07:41:37","date_gmt":"2011-10-10T06:41:37","guid":{"rendered":"http:\/\/fjala.shkoder.net\/?p=10941"},"modified":"2011-10-10T07:41:37","modified_gmt":"2011-10-10T06:41:37","slug":"il-colonnello-pasha-negoziati-sospetti-i-greci-vogliono-il-patto","status":"publish","type":"post","link":"https:\/\/fjala.info\/2009-2015\/il-colonnello-pasha-negoziati-sospetti-i-greci-vogliono-il-patto\/","title":{"rendered":"IL COLONNELLO PASHA: NEGOZIATI SOSPETTI, I GRECI VOGLIONO IL PATTO"},"content":{"rendered":"<p><img decoding=\"async\" class=\"alignright size-thumbnail wp-image-7236\" title=\"Kolonel Pasha\" src=\"http:\/\/www.shkoder.net\/images\/fjala\/2011\/kolonel_pasha.jpg\" alt=\"\" width=\"150\" \/><br \/>\n<strong>PRECEDENTE PER VINCERE IL TERRITORIO DEL\u2019ALBANIA<\/strong><\/p>\n<p><strong>NOTIZIE OGGI<\/strong>, <em>2 ottobre 2011<\/em><\/p>\n<p>L&#8217;avvio di negoziati tra l&#8217;Albania e la Grecia per la delimitazione marittima, ha gi\u00e0 scatenato la reazione degli esperti.colonnello Myslimi , l&#8217;uomo che ha contribuito al crollo di contrattazione del governo per la vendita di mare, guarda con sospetto i nuovi negoziati tra l&#8217;Albania e la Grecia per raggiungere un nuovo accordo. In una dichiarazione al quotidiano &#8220;Oggi&#8221;, il colonnello ha considerato Con il nuovo accordo con il lato greco come molto complessa e difficile da raggiungere.<\/p>\n<p>Ha detto che sarebbe stato molto difficile convincere la parte greca di accettare una congrua, tenuto conto qui l&#8217;esistenza del vecchio accordo che viene firmato da entrambe le parti. Che cosa \u00e8 pi\u00f9 controversa, a suo avviso l&#8217;intero processo, \u00e8 proprio l&#8217;interesse che mostra il lato greco per ripristinare il vecchio patto, secondo il quale lo stato confinante trarre maggior beneficio dalle acque territoriali albanesi. &#8220;Capisco che i negoziati hanno cominciato per un nuovo accordo sulle acque marine. E &#8216;chiaro che questo accordo non sar\u00e0 basato sulla prima partizione, ma per nuovi motivi in questo settore.<\/p>\n<p>Posso dire che questo accordo \u00e8 molto complesso, cos\u00ec come molto difficile, perch\u00e9 la parte greca non ha accettato il primo accordo \u00e8 stato dannoso per l&#8217;Albania. La parte greca ha chiesto al vecchio accordo, che \u00e8 stato anulato dalla Costituzione &#8220;, ha detto il colonnello Di. Tra le altre cose, secondo lui questa difficolt\u00e0 poco sorger\u00e0 dal partito Stato vicino, che possiede il vecchio accordo sottoscritto da entrambe le parti, ma che \u00e8 gi\u00f9, perch\u00e9 non c&#8217;era la firma del capo di stato. &#8220;Attualmente, il governo greco ha firmato un t accordo e penso che sarebbe difficile riprendere i negoziati per un nuovo accordo, diverso dal primo,&#8221; ha detto il colonnello Myslim Pasha.<\/p>\n<p><strong>Grecia ha espresso aperto sostegno del vecchio patto<\/strong><\/p>\n<p>Continuando il suo commento in merito ai negoziati \u00e8 previsto l&#8217;avvio per il patto con il colonnello marina greca che ha rovesciato il vecchio accordo, ha detto che ha poche speranze che i Greci ad accettare una congrua. Dai Greci ricordato la reazione dopo la decisione della Corte costituzionale. &#8220;Questo atteggiamento \u00e8 trovato e dichiarazioni fatte dal ministro greco degli esteri a Bruxelles. Ha appena detto che c&#8217;\u00e8 un accordo firmato da entrambe le parti. &#8220;Ha detto il colonnello Pasha . Secondo lui, questo cambier\u00e0 ostacolare in maniera significativa il vecchio accordo e l&#8217;inizio del nuovo accordo. &#8220;Questo rivela un fatto che nuovi colloqui sarebbe difficile. La squadra albanese abbia difficolt\u00e0 in questo affare che porter\u00e0 governo &#8220;, ha detto il colonnello Pasha.<\/p>\n<p><strong>Kume: Ci sono requisiti di legge per la chiusura di un nuovo accordo con la Grecia<\/strong><\/p>\n<p>Per quanto riguarda la cui legittimit\u00e0 pu\u00f2 avere un nuovo accordo sul patto marittimo da effettuare con la vicina Grecia, ha reagito ed ex capo della CEC Kristaq Kume. In risposta al giornale &#8220;Oggi&#8221; Kume ha detto che in base alle procedure legali, \u00e8 possibile avviare negoziati per nuovo accordo, anche se a questo proposito la Corte Costituzionale ha respinto il patto di un anno fa. &#8220;Il nuovo accordo non pu\u00f2 essere ripetuto parola per parola come \u00e8 rovesciato dalla Corte Costituzionale. Anche se l&#8217;accordo costituzionale gi\u00f9 vecchio con la Grecia per le acque marine, gli spazi non sono chiusi ai negoziati per un nuovo accordo &#8216;, ha detto Kume. Secondo lui, il nuovo accordo dovrebbe concentrarsi su altri argomenti sulla base di leggi e rispetto a quella di un tempo.<\/p>\n<p>&#8220;Questo nuovo accordo non saranno discusse le stesse leggi e gli argomenti di ci\u00f2 che \u00e8 basso. Decisione del costituzionale chiuso una volta e non per sempre spazio per nuove occasioni &#8220;, ha detto Kume. Mentre il governo attraverso il ministro degli Esteri Edmond Haxhinasto appena due giorni fa ha dichiarato che l&#8217;accordo di acqua con la Grecia sar\u00e0 realizzato sulla base della Costituzione della Repubblica d&#8217;Albania. Secondo il suo patto marittimo verr\u00e0 istituito gruppo di lavoro che lavorer\u00e0 in parallelo con i greci.<\/p>\n<p>&#8220;Posso dire che abbiamo progettato la commissione competente, la sua composizione. Questo comitato sar\u00e0 coperta con i rappresentanti delle rispettive istituzioni che far\u00e0 parte della squadra che esaminer\u00e0 tutti gli spazi parte greca e la possibilit\u00e0 di concludere l&#8217;accordo in questione &#8220;, ha detto Haxhinasto. Separazione delle acque di confine con la Grecia rimane uno dei temi pi\u00f9 caldi tra i due paesi, soprattutto dopo che la Corte Costituzionale ha respinto l&#8217;accordo firmato dai ministri degli esteri del tempo-Basha Bakoyannis.<\/p>\n<p><strong>Ceka: Accordo con la Grecia, nuove condizioni per la protezione delle acque<\/strong><\/p>\n<p>Leader di Alleanza Democratica Neritan Ceka in una dichiarazione all &#8216;&#8221;Oggi&#8221; giornale ha detto che i negoziati tra l&#8217;Albania e la Grecia per un nuovo accordo marittimo sono legittimi, nonostante la Corte Costituzionale ha respinto il patto. &#8220;Per quanto riguarda il trattato marittimo, la Corte costituzionale ha respinto un accordo, ma non l&#8217;ha rifiutata per principio. Per quanto riguarda il nuovo accordo con i greci potrebbe dire che se questo governo pensa che dovrebbe essere realizzato, quindi lasciare che sia, ma con altre condizioni &#8220;, ha detto Ceka. Tra le altre cose ha detto che \u00e8 importante per un accordo importante per la tutela dei territori albanesi, gli esperti del settore sono necessarie e perch\u00e9 non l&#8217;assistenza internazionale. &#8220;Perch\u00e9 non includere altri esperti in questo campo o internazionali e gli assistenti sono necessari, come questo trattato dovrebbe essere risolto in fretta tra i due paesi confinanti, i problemi in questo modo e barriere storiche&#8221;, ha detto Ceka.<\/p>\n<p><strong>Commercio con il mare, come \u00e8 stato scongiurato il presidente<\/strong><\/p>\n<p>Uno dei pi\u00f9 forti ragioni che ha costretto la Corte a rovesciare il patto d&#8217;acqua, era il fatto che i membri del team negoziale albanese non aveva ricevuto un permesso speciale dal Presidente della Repubblica di negoziare con la parte greca. Cos\u00ec, gli esperti non sono stati validamente a negoziare a nome dello Stato. Di conseguenza, l&#8217;accordo \u00e8 legalmente nullo dalla Corte costituzionale chiamata. Fonti all&#8217;interno dell&#8217;istituto ha spiegato che questo fatto costituiva una violazione della violazione dei principi e lo spirito della Costituzione, che impone procedura di cooperazione istituzionale che ha garantito l&#8217;ordinamento giuridico, stato di diritto, e attraverso di loro, anche gli interessi nazionali protetta attraverso l&#8217;attuazione delle disposizioni della Costituzione. In queste circostanze, i rappresentanti dello Stato albanese aveva negoziato un accordo che lega, in nome della Repubblica di Albania senza onnipotenza del capo di Stato, Presidente della Repubblica.<\/p>\n<p><strong>Le violazioni nel vecchio patto per l&#8217;acqua<\/strong><\/p>\n<p>Vecchio accordo per il patto marittimo con la Grecia \u00e8 considerata dagli esperti come un atto diplomatico veloce e sporco, che documenta, umilt\u00e0 dignit\u00e0 nazionale. Tra le altre cose ha dichiarato che l&#8217;Albania gli interessi non sono visti come &#8220;uguale, imparziale&#8221; con il lato vicini, ma era diventato proprio il regime e la minaccia di marittimi spazio gegrafico iliroalbanese geostorico. Secondo gli esperti, attraverso il vecchio accordo si trova aperta violazione dell&#8217;autonomia di Albania in acque marine, la National Mare, Vicino Spazio ,mare continentale e la zona economica speciale.<br \/>\nTra le altre cose ha affermato che la ristrettezza di Otranto, questo ponte d&#8217;acqua naturale, i Balcani occidentali, \u00e8 un obiettivo diretto, l&#8217;attuazione del presente accordo. Con questa disposizione l&#8217;Albania, perderebbe parte del suo, in ionico superfico continentale, una superficie d&#8217;acqua di 354 km2.<\/p>\n","protected":false},"excerpt":{"rendered":"<p>PRECEDENTE PER VINCERE IL TERRITORIO DEL\u2019ALBANIA NOTIZIE OGGI, 2 ottobre 2011 L&#8217;avvio di negoziati tra l&#8217;Albania e la Grecia per la delimitazione marittima, ha gi\u00e0 scatenato la reazione degli esperti.colonnello Myslimi , l&#8217;uomo che ha contribuito al crollo di contrattazione del governo per la vendita di mare, guarda con sospetto i nuovi negoziati tra l&#8217;Albania [&hellip;]<\/p>\n","protected":false},"author":1,"featured_media":0,"comment_status":"open","ping_status":"closed","sticky":false,"template":"","format":"standard","meta":{"footnotes":""},"categories":[2],"tags":[],"class_list":{"0":"post-10941","1":"post","2":"type-post","3":"status-publish","4":"format-standard","6":"category-artikuj"},"yoast_head":"<!-- This site is optimized with the Yoast SEO plugin v27.4 - https:\/\/yoast.com\/product\/yoast-seo-wordpress\/ -->\n<title>IL COLONNELLO PASHA: NEGOZIATI SOSPETTI, I GRECI VOGLIONO IL PATTO - FjALA e LIR\u00cb - Arkivi<\/title>\n<meta name=\"robots\" content=\"index, follow, max-snippet:-1, max-image-preview:large, max-video-preview:-1\" \/>\n<link rel=\"canonical\" href=\"https:\/\/fjala.info\/2009-2015\/il-colonnello-pasha-negoziati-sospetti-i-greci-vogliono-il-patto\/\" \/>\n<meta property=\"og:locale\" content=\"sq_AL\" \/>\n<meta property=\"og:type\" content=\"article\" \/>\n<meta property=\"og:title\" content=\"IL COLONNELLO PASHA: NEGOZIATI SOSPETTI, I GRECI VOGLIONO IL PATTO - FjALA e LIR\u00cb - Arkivi\" \/>\n<meta property=\"og:description\" content=\"PRECEDENTE PER VINCERE IL TERRITORIO DEL\u2019ALBANIA NOTIZIE OGGI, 2 ottobre 2011 L&#8217;avvio di negoziati tra l&#8217;Albania e la Grecia per la delimitazione marittima, ha gi\u00e0 scatenato la reazione degli esperti.colonnello Myslimi , l&#8217;uomo che ha contribuito al crollo di contrattazione del governo per la vendita di mare, guarda con sospetto i nuovi negoziati tra l&#8217;Albania [&hellip;]\" \/>\n<meta property=\"og:url\" content=\"https:\/\/fjala.info\/2009-2015\/il-colonnello-pasha-negoziati-sospetti-i-greci-vogliono-il-patto\/\" \/>\n<meta property=\"og:site_name\" content=\"FjALA e LIR\u00cb - Arkivi\" \/>\n<meta property=\"article:published_time\" content=\"2011-10-10T06:41:37+00:00\" \/>\n<meta property=\"og:image\" content=\"http:\/\/www.shkoder.net\/images\/fjala\/2011\/kolonel_pasha.jpg\" \/>\n<meta name=\"author\" content=\"admin\" \/>\n<meta name=\"twitter:card\" content=\"summary_large_image\" \/>\n<meta name=\"twitter:label1\" content=\"Written by\" \/>\n\t<meta name=\"twitter:data1\" content=\"admin\" \/>\n\t<meta name=\"twitter:label2\" content=\"Est. reading time\" \/>\n\t<meta name=\"twitter:data2\" content=\"6 minutes\" \/>\n<script type=\"application\/ld+json\" class=\"yoast-schema-graph\">{\"@context\":\"https:\\\/\\\/schema.org\",\"@graph\":[{\"@type\":\"Article\",\"@id\":\"https:\\\/\\\/fjala.info\\\/2009-2015\\\/il-colonnello-pasha-negoziati-sospetti-i-greci-vogliono-il-patto\\\/#article\",\"isPartOf\":{\"@id\":\"https:\\\/\\\/fjala.info\\\/2009-2015\\\/il-colonnello-pasha-negoziati-sospetti-i-greci-vogliono-il-patto\\\/\"},\"author\":{\"name\":\"admin\",\"@id\":\"https:\\\/\\\/fjala.info\\\/2009-2015\\\/#\\\/schema\\\/person\\\/3aa1163ef05469c496fc94e77611ada2\"},\"headline\":\"IL COLONNELLO PASHA: NEGOZIATI SOSPETTI, I GRECI VOGLIONO IL PATTO\",\"datePublished\":\"2011-10-10T06:41:37+00:00\",\"mainEntityOfPage\":{\"@id\":\"https:\\\/\\\/fjala.info\\\/2009-2015\\\/il-colonnello-pasha-negoziati-sospetti-i-greci-vogliono-il-patto\\\/\"},\"wordCount\":1218,\"commentCount\":0,\"publisher\":{\"@id\":\"https:\\\/\\\/fjala.info\\\/2009-2015\\\/#organization\"},\"image\":{\"@id\":\"https:\\\/\\\/fjala.info\\\/2009-2015\\\/il-colonnello-pasha-negoziati-sospetti-i-greci-vogliono-il-patto\\\/#primaryimage\"},\"thumbnailUrl\":\"http:\\\/\\\/www.shkoder.net\\\/images\\\/fjala\\\/2011\\\/kolonel_pasha.jpg\",\"articleSection\":[\"Artikuj\"],\"inLanguage\":\"sq-AL\",\"potentialAction\":[{\"@type\":\"CommentAction\",\"name\":\"Comment\",\"target\":[\"https:\\\/\\\/fjala.info\\\/2009-2015\\\/il-colonnello-pasha-negoziati-sospetti-i-greci-vogliono-il-patto\\\/#respond\"]}]},{\"@type\":\"WebPage\",\"@id\":\"https:\\\/\\\/fjala.info\\\/2009-2015\\\/il-colonnello-pasha-negoziati-sospetti-i-greci-vogliono-il-patto\\\/\",\"url\":\"https:\\\/\\\/fjala.info\\\/2009-2015\\\/il-colonnello-pasha-negoziati-sospetti-i-greci-vogliono-il-patto\\\/\",\"name\":\"IL COLONNELLO PASHA: NEGOZIATI SOSPETTI, I GRECI VOGLIONO IL PATTO - FjALA e LIR\u00cb - Arkivi\",\"isPartOf\":{\"@id\":\"https:\\\/\\\/fjala.info\\\/2009-2015\\\/#website\"},\"primaryImageOfPage\":{\"@id\":\"https:\\\/\\\/fjala.info\\\/2009-2015\\\/il-colonnello-pasha-negoziati-sospetti-i-greci-vogliono-il-patto\\\/#primaryimage\"},\"image\":{\"@id\":\"https:\\\/\\\/fjala.info\\\/2009-2015\\\/il-colonnello-pasha-negoziati-sospetti-i-greci-vogliono-il-patto\\\/#primaryimage\"},\"thumbnailUrl\":\"http:\\\/\\\/www.shkoder.net\\\/images\\\/fjala\\\/2011\\\/kolonel_pasha.jpg\",\"datePublished\":\"2011-10-10T06:41:37+00:00\",\"breadcrumb\":{\"@id\":\"https:\\\/\\\/fjala.info\\\/2009-2015\\\/il-colonnello-pasha-negoziati-sospetti-i-greci-vogliono-il-patto\\\/#breadcrumb\"},\"inLanguage\":\"sq-AL\",\"potentialAction\":[{\"@type\":\"ReadAction\",\"target\":[\"https:\\\/\\\/fjala.info\\\/2009-2015\\\/il-colonnello-pasha-negoziati-sospetti-i-greci-vogliono-il-patto\\\/\"]}]},{\"@type\":\"ImageObject\",\"inLanguage\":\"sq-AL\",\"@id\":\"https:\\\/\\\/fjala.info\\\/2009-2015\\\/il-colonnello-pasha-negoziati-sospetti-i-greci-vogliono-il-patto\\\/#primaryimage\",\"url\":\"http:\\\/\\\/www.shkoder.net\\\/images\\\/fjala\\\/2011\\\/kolonel_pasha.jpg\",\"contentUrl\":\"http:\\\/\\\/www.shkoder.net\\\/images\\\/fjala\\\/2011\\\/kolonel_pasha.jpg\"},{\"@type\":\"BreadcrumbList\",\"@id\":\"https:\\\/\\\/fjala.info\\\/2009-2015\\\/il-colonnello-pasha-negoziati-sospetti-i-greci-vogliono-il-patto\\\/#breadcrumb\",\"itemListElement\":[{\"@type\":\"ListItem\",\"position\":1,\"name\":\"Home\",\"item\":\"https:\\\/\\\/fjala.info\\\/2009-2015\\\/\"},{\"@type\":\"ListItem\",\"position\":2,\"name\":\"IL COLONNELLO PASHA: NEGOZIATI SOSPETTI, I GRECI VOGLIONO IL PATTO\"}]},{\"@type\":\"WebSite\",\"@id\":\"https:\\\/\\\/fjala.info\\\/2009-2015\\\/#website\",\"url\":\"https:\\\/\\\/fjala.info\\\/2009-2015\\\/\",\"name\":\"FjALA e LIR\u00cb - Arkivi\",\"description\":\"Arkivi 2009-2015\",\"publisher\":{\"@id\":\"https:\\\/\\\/fjala.info\\\/2009-2015\\\/#organization\"},\"potentialAction\":[{\"@type\":\"SearchAction\",\"target\":{\"@type\":\"EntryPoint\",\"urlTemplate\":\"https:\\\/\\\/fjala.info\\\/2009-2015\\\/?s={search_term_string}\"},\"query-input\":{\"@type\":\"PropertyValueSpecification\",\"valueRequired\":true,\"valueName\":\"search_term_string\"}}],\"inLanguage\":\"sq-AL\"},{\"@type\":\"Organization\",\"@id\":\"https:\\\/\\\/fjala.info\\\/2009-2015\\\/#organization\",\"name\":\"FjALA e LIR\u00cb - Arkivi\",\"url\":\"https:\\\/\\\/fjala.info\\\/2009-2015\\\/\",\"logo\":{\"@type\":\"ImageObject\",\"inLanguage\":\"sq-AL\",\"@id\":\"https:\\\/\\\/fjala.info\\\/2009-2015\\\/#\\\/schema\\\/logo\\\/image\\\/\",\"url\":\"\",\"contentUrl\":\"\",\"caption\":\"FjALA e LIR\u00cb - Arkivi\"},\"image\":{\"@id\":\"https:\\\/\\\/fjala.info\\\/2009-2015\\\/#\\\/schema\\\/logo\\\/image\\\/\"}},{\"@type\":\"Person\",\"@id\":\"https:\\\/\\\/fjala.info\\\/2009-2015\\\/#\\\/schema\\\/person\\\/3aa1163ef05469c496fc94e77611ada2\",\"name\":\"admin\",\"image\":{\"@type\":\"ImageObject\",\"inLanguage\":\"sq-AL\",\"@id\":\"https:\\\/\\\/fjala.info\\\/2009-2015\\\/wp-content\\\/uploads\\\/2012\\\/02\\\/arben_cokaj-120x150.jpg\",\"url\":\"https:\\\/\\\/fjala.info\\\/2009-2015\\\/wp-content\\\/uploads\\\/2012\\\/02\\\/arben_cokaj-120x150.jpg\",\"contentUrl\":\"https:\\\/\\\/fjala.info\\\/2009-2015\\\/wp-content\\\/uploads\\\/2012\\\/02\\\/arben_cokaj-120x150.jpg\",\"caption\":\"admin\"},\"description\":\"Admin, Fjala e Lir\u00eb\",\"sameAs\":[\"https:\\\/\\\/fjala.info\\\/\"],\"url\":\"https:\\\/\\\/fjala.info\\\/2009-2015\\\/author\\\/admin\\\/\"}]}<\/script>\n<!-- \/ Yoast SEO plugin. -->","yoast_head_json":{"title":"IL COLONNELLO PASHA: NEGOZIATI SOSPETTI, I GRECI VOGLIONO IL PATTO - FjALA e LIR\u00cb - Arkivi","robots":{"index":"index","follow":"follow","max-snippet":"max-snippet:-1","max-image-preview":"max-image-preview:large","max-video-preview":"max-video-preview:-1"},"canonical":"https:\/\/fjala.info\/2009-2015\/il-colonnello-pasha-negoziati-sospetti-i-greci-vogliono-il-patto\/","og_locale":"sq_AL","og_type":"article","og_title":"IL COLONNELLO PASHA: NEGOZIATI SOSPETTI, I GRECI VOGLIONO IL PATTO - FjALA e LIR\u00cb - Arkivi","og_description":"PRECEDENTE PER VINCERE IL TERRITORIO DEL\u2019ALBANIA NOTIZIE OGGI, 2 ottobre 2011 L&#8217;avvio di negoziati tra l&#8217;Albania e la Grecia per la delimitazione marittima, ha gi\u00e0 scatenato la reazione degli esperti.colonnello Myslimi , l&#8217;uomo che ha contribuito al crollo di contrattazione del governo per la vendita di mare, guarda con sospetto i nuovi negoziati tra l&#8217;Albania [&hellip;]","og_url":"https:\/\/fjala.info\/2009-2015\/il-colonnello-pasha-negoziati-sospetti-i-greci-vogliono-il-patto\/","og_site_name":"FjALA e LIR\u00cb - Arkivi","article_published_time":"2011-10-10T06:41:37+00:00","og_image":[{"url":"http:\/\/www.shkoder.net\/images\/fjala\/2011\/kolonel_pasha.jpg","type":"","width":"","height":""}],"author":"admin","twitter_card":"summary_large_image","twitter_misc":{"Written by":"admin","Est. reading time":"6 minutes"},"schema":{"@context":"https:\/\/schema.org","@graph":[{"@type":"Article","@id":"https:\/\/fjala.info\/2009-2015\/il-colonnello-pasha-negoziati-sospetti-i-greci-vogliono-il-patto\/#article","isPartOf":{"@id":"https:\/\/fjala.info\/2009-2015\/il-colonnello-pasha-negoziati-sospetti-i-greci-vogliono-il-patto\/"},"author":{"name":"admin","@id":"https:\/\/fjala.info\/2009-2015\/#\/schema\/person\/3aa1163ef05469c496fc94e77611ada2"},"headline":"IL COLONNELLO PASHA: NEGOZIATI SOSPETTI, I GRECI VOGLIONO IL PATTO","datePublished":"2011-10-10T06:41:37+00:00","mainEntityOfPage":{"@id":"https:\/\/fjala.info\/2009-2015\/il-colonnello-pasha-negoziati-sospetti-i-greci-vogliono-il-patto\/"},"wordCount":1218,"commentCount":0,"publisher":{"@id":"https:\/\/fjala.info\/2009-2015\/#organization"},"image":{"@id":"https:\/\/fjala.info\/2009-2015\/il-colonnello-pasha-negoziati-sospetti-i-greci-vogliono-il-patto\/#primaryimage"},"thumbnailUrl":"http:\/\/www.shkoder.net\/images\/fjala\/2011\/kolonel_pasha.jpg","articleSection":["Artikuj"],"inLanguage":"sq-AL","potentialAction":[{"@type":"CommentAction","name":"Comment","target":["https:\/\/fjala.info\/2009-2015\/il-colonnello-pasha-negoziati-sospetti-i-greci-vogliono-il-patto\/#respond"]}]},{"@type":"WebPage","@id":"https:\/\/fjala.info\/2009-2015\/il-colonnello-pasha-negoziati-sospetti-i-greci-vogliono-il-patto\/","url":"https:\/\/fjala.info\/2009-2015\/il-colonnello-pasha-negoziati-sospetti-i-greci-vogliono-il-patto\/","name":"IL COLONNELLO PASHA: NEGOZIATI SOSPETTI, I GRECI VOGLIONO IL PATTO - FjALA e LIR\u00cb - Arkivi","isPartOf":{"@id":"https:\/\/fjala.info\/2009-2015\/#website"},"primaryImageOfPage":{"@id":"https:\/\/fjala.info\/2009-2015\/il-colonnello-pasha-negoziati-sospetti-i-greci-vogliono-il-patto\/#primaryimage"},"image":{"@id":"https:\/\/fjala.info\/2009-2015\/il-colonnello-pasha-negoziati-sospetti-i-greci-vogliono-il-patto\/#primaryimage"},"thumbnailUrl":"http:\/\/www.shkoder.net\/images\/fjala\/2011\/kolonel_pasha.jpg","datePublished":"2011-10-10T06:41:37+00:00","breadcrumb":{"@id":"https:\/\/fjala.info\/2009-2015\/il-colonnello-pasha-negoziati-sospetti-i-greci-vogliono-il-patto\/#breadcrumb"},"inLanguage":"sq-AL","potentialAction":[{"@type":"ReadAction","target":["https:\/\/fjala.info\/2009-2015\/il-colonnello-pasha-negoziati-sospetti-i-greci-vogliono-il-patto\/"]}]},{"@type":"ImageObject","inLanguage":"sq-AL","@id":"https:\/\/fjala.info\/2009-2015\/il-colonnello-pasha-negoziati-sospetti-i-greci-vogliono-il-patto\/#primaryimage","url":"http:\/\/www.shkoder.net\/images\/fjala\/2011\/kolonel_pasha.jpg","contentUrl":"http:\/\/www.shkoder.net\/images\/fjala\/2011\/kolonel_pasha.jpg"},{"@type":"BreadcrumbList","@id":"https:\/\/fjala.info\/2009-2015\/il-colonnello-pasha-negoziati-sospetti-i-greci-vogliono-il-patto\/#breadcrumb","itemListElement":[{"@type":"ListItem","position":1,"name":"Home","item":"https:\/\/fjala.info\/2009-2015\/"},{"@type":"ListItem","position":2,"name":"IL COLONNELLO PASHA: NEGOZIATI SOSPETTI, I GRECI VOGLIONO IL PATTO"}]},{"@type":"WebSite","@id":"https:\/\/fjala.info\/2009-2015\/#website","url":"https:\/\/fjala.info\/2009-2015\/","name":"FjALA e LIR\u00cb - Arkivi","description":"Arkivi 2009-2015","publisher":{"@id":"https:\/\/fjala.info\/2009-2015\/#organization"},"potentialAction":[{"@type":"SearchAction","target":{"@type":"EntryPoint","urlTemplate":"https:\/\/fjala.info\/2009-2015\/?s={search_term_string}"},"query-input":{"@type":"PropertyValueSpecification","valueRequired":true,"valueName":"search_term_string"}}],"inLanguage":"sq-AL"},{"@type":"Organization","@id":"https:\/\/fjala.info\/2009-2015\/#organization","name":"FjALA e LIR\u00cb - Arkivi","url":"https:\/\/fjala.info\/2009-2015\/","logo":{"@type":"ImageObject","inLanguage":"sq-AL","@id":"https:\/\/fjala.info\/2009-2015\/#\/schema\/logo\/image\/","url":"","contentUrl":"","caption":"FjALA e LIR\u00cb - Arkivi"},"image":{"@id":"https:\/\/fjala.info\/2009-2015\/#\/schema\/logo\/image\/"}},{"@type":"Person","@id":"https:\/\/fjala.info\/2009-2015\/#\/schema\/person\/3aa1163ef05469c496fc94e77611ada2","name":"admin","image":{"@type":"ImageObject","inLanguage":"sq-AL","@id":"https:\/\/fjala.info\/2009-2015\/wp-content\/uploads\/2012\/02\/arben_cokaj-120x150.jpg","url":"https:\/\/fjala.info\/2009-2015\/wp-content\/uploads\/2012\/02\/arben_cokaj-120x150.jpg","contentUrl":"https:\/\/fjala.info\/2009-2015\/wp-content\/uploads\/2012\/02\/arben_cokaj-120x150.jpg","caption":"admin"},"description":"Admin, Fjala e Lir\u00eb","sameAs":["https:\/\/fjala.info\/"],"url":"https:\/\/fjala.info\/2009-2015\/author\/admin\/"}]}},"_links":{"self":[{"href":"https:\/\/fjala.info\/2009-2015\/wp-json\/wp\/v2\/posts\/10941","targetHints":{"allow":["GET"]}}],"collection":[{"href":"https:\/\/fjala.info\/2009-2015\/wp-json\/wp\/v2\/posts"}],"about":[{"href":"https:\/\/fjala.info\/2009-2015\/wp-json\/wp\/v2\/types\/post"}],"author":[{"embeddable":true,"href":"https:\/\/fjala.info\/2009-2015\/wp-json\/wp\/v2\/users\/1"}],"replies":[{"embeddable":true,"href":"https:\/\/fjala.info\/2009-2015\/wp-json\/wp\/v2\/comments?post=10941"}],"version-history":[{"count":0,"href":"https:\/\/fjala.info\/2009-2015\/wp-json\/wp\/v2\/posts\/10941\/revisions"}],"wp:attachment":[{"href":"https:\/\/fjala.info\/2009-2015\/wp-json\/wp\/v2\/media?parent=10941"}],"wp:term":[{"taxonomy":"category","embeddable":true,"href":"https:\/\/fjala.info\/2009-2015\/wp-json\/wp\/v2\/categories?post=10941"},{"taxonomy":"post_tag","embeddable":true,"href":"https:\/\/fjala.info\/2009-2015\/wp-json\/wp\/v2\/tags?post=10941"}],"curies":[{"name":"wp","href":"https:\/\/api.w.org\/{rel}","templated":true}]}}