{"id":10937,"date":"2011-10-10T00:09:17","date_gmt":"2011-10-09T23:09:17","guid":{"rendered":"http:\/\/fjala.shkoder.net\/?p=10937"},"modified":"2011-10-10T00:09:17","modified_gmt":"2011-10-09T23:09:17","slug":"njerezit-e-medhenj-dhe-te-devotshem-dalin-nga-mjediset-e-vogla","status":"publish","type":"post","link":"https:\/\/fjala.info\/2009-2015\/njerezit-e-medhenj-dhe-te-devotshem-dalin-nga-mjediset-e-vogla\/","title":{"rendered":"Njer\u00ebzit e m\u00ebdhenj dhe t\u00eb devotsh\u00ebm dalin nga mjediset e vogla &#8230;"},"content":{"rendered":"<p><em><strong>Reportazh kushtuar aktorit Ismet Krasniqi<\/strong><\/em><\/p>\n<p><strong>Hasan Hasanramaj<\/strong><\/p>\n<p>Aktori i mir\u00ebnjohur n\u00eb bot\u00ebn shqiptare dhe m\u00eb larg Ismet Krasniqi me nj\u00eb p\u00ebrvoj\u00eb dyzetvje\u00e7are n\u00eb kultur\u00eb ka arritur t\u00eb jet\u00eb bart\u00ebs i organizimit t\u00eb festivalit t\u00eb folklorit \u201cI k\u00ebndojm\u00eb liris\u00eb\u201d me nj\u00eb p\u00ebrgjegj\u00ebsi t\u00eb ve\u00e7ant\u00eb, p\u00ebr dhjet\u00eb vjet drejtor artistik i k\u00ebtij festivali. Z\u00ebri i k\u00ebtij aktori n\u00eb Kosov\u00eb e m\u00eb larg \u00ebsht\u00eb d\u00ebgjuar dhe d\u00ebgjohet edhe sot. Aktori Ismet Krasniqi vite m\u00eb radh\u00eb ka organizuar dhe organizon edhe sot festivalin \u201cSolemnitetet e fshatrave t\u00eb Kosov\u00ebs\u201d, si dhe festivalin e grupeve amatore teatrale t\u00eb f\u00ebmij\u00ebve.<\/p>\n<p><img decoding=\"async\" class=\"aligncenter size-thumbnail wp-image-7236\" title=\"Ismet Krasniqi\" src=\"http:\/\/www.shkoder.net\/images\/fjala\/2011\/ismet_krasniqi.jpg\" alt=\"\" width=\"450\" \/><\/p>\n<p>Krijuesi Ismet Krasniqi tashm\u00eb \u00ebsht\u00eb em\u00ebr i njohur dhe i respektuar n\u00eb fush\u00ebn e kultur\u00ebs dhe n\u00eb organizimin dhe mbajtjen e manifestimeve t\u00eb shumta kulturore n\u00eb Kosov\u00eb dhe n\u00eb trojet tjera shqiptare, t\u00eb cilat gjat\u00eb viteve t\u00eb fundit pozitivisht kan\u00eb ndikuar n\u00eb kultivimin dhe arkivimin e trash\u00ebgimis\u00eb kulturore n\u00eb Kosov\u00eb, n\u00eb Shqip\u00ebri, n\u00eb Maqedoni, n\u00eb Kosov\u00ebn Lindore, n\u00eb Mal t\u00eb Zi e n\u00eb vende t\u00eb tjera, sidomos t\u00eb vlerave tona shpirt\u00ebrore. Aktori i mir\u00ebnjohur Ismet Krasniqi \u00ebsht\u00eb mbi t\u00eb gjitha njeri i vlerave njer\u00ebzore dhe aktor profesionist q\u00eb ka shkelur shum\u00eb mbi d\u00ebrrasat e sken\u00ebs shqiptare, duke p\u00ebrhapur emocionet t\u00eb rralla gjat\u00eb interpretimit dhe p\u00ebrjetimit artistik t\u00eb shfaqjeve dramatike n\u00ebp\u00ebr t\u00eb cilat shpaloset e kaluara, e sotmja dhe perspektiva e njeriut ton\u00eb &#8230;<\/p>\n<p><img decoding=\"async\" class=\"aligncenter size-thumbnail wp-image-7236\" title=\"Ismet Krasniqi\" src=\"http:\/\/www.shkoder.net\/images\/fjala\/2011\/ismet_krasniqi1.jpg\" alt=\"\" width=\"450\" \/><\/p>\n<p>Aktori Ismet Krasniqi lindi n\u00eb vitin 1951 n\u00eb fshatin Drenoc t\u00eb komun\u00ebs s\u00eb Malishev\u00ebs, n\u00eb nj\u00eb familjen t\u00eb rapsod\u00ebve n\u00eb z\u00eb. Shkoll\u00ebn fillore e kreu n\u00eb vendlindje, kurse gjimnazin \u201cLuigj Gurakuqi\u201d n\u00eb Klin\u00eb. Studimet i vazhdoi dhe i kreu n\u00eb Fakultetin Filologjik \u2013 Dega filozofi-sociologji. Ishte gjenerata e par\u00eb e sociolog\u00ebve e filozofeve n\u00eb fillim t\u00eb viteve `70- ta. Ka mbaruar edhe Akademin\u00eb e Arteve &#8211; Dega e aktrimit te prof. Enver Petrovcit. Aktualisht punon n\u00eb Klin\u00eb n\u00eb Drejtoratin Komunal t\u00eb Kultur\u00ebs, p\u00ebrgjegj\u00ebs p\u00ebr sektorin e teatrit. Krijuesi Ismet Krasniqi tashm\u00eb \u00ebsht\u00eb em\u00ebr i njohur dhe i respektuar n\u00eb Kosov\u00eb dhe m\u00eb larg n\u00eb fush\u00ebn e kultur\u00ebs, n\u00eb organizimin dhe n\u00eb mbajtjen e manifestimeve t\u00eb shumta kulturore n\u00eb Kosov\u00eb dhe jasht\u00eb saj, n\u00eb kultivimin dhe arkivimin e trash\u00ebgimis\u00eb son\u00eb kulturore, sidomos t\u00eb vlerave tona shpirt\u00ebrore.<\/p>\n<p><img decoding=\"async\" class=\"aligncenter size-thumbnail wp-image-7236\" title=\"Ismet Krasniqi\" src=\"http:\/\/www.shkoder.net\/images\/fjala\/2011\/ismet_krasniqi2.jpg\" alt=\"\" width=\"450\" \/><\/p>\n<p>Aktori i mir\u00ebnjohur Ismet Krasmiqi n\u00eb dit\u00eblindjen e gjasht\u00ebdhjet\u00eb iu b\u00ebn\u00eb bashk\u00eb emocionet q\u00eb p\u00ebrhapi loja skenike, n\u00eb t\u00eb cil\u00ebn shpaloseshin dhimbjet dhe traumat e luft\u00ebs p\u00ebr liri dhe krimet mizore q\u00eb b\u00ebri pushtuesi serb, t\u00eb gjitha k\u00ebto p\u00ebr t\u00eb evidencuar n\u00eb m\u00ebnyr\u00eb artistike dram\u00ebn familjare dhe komb\u00ebtare, dhimbjen p\u00ebr t\u00eb pagjeturit, dhimbjen e mij\u00ebra n\u00ebnave shqiptare q\u00eb ende presin n\u00eb heshtje t\u2019u kthehen eshtrat e m\u00eb t\u00eb dashurve t\u00eb tyre, pa t\u00eb cil\u00ebt liris\u00eb pothuajse i mungojn\u00eb ca rreze, nj\u00eb ngjyr\u00eb ylberi. Gjasht\u00ebdhjet\u00eb vjet r\u00ebndojn\u00eb tashm\u00eb mbi supet e aktorit Ismet Krasniqit, mbi supet e Lal\u00ebs q\u00eb aq shum\u00eb spektator\u00eb dhe teleshikues t\u00eb t\u00eb gjitha moshave e admiruan dhe po e admirojn\u00eb edhe tani p\u00ebr bukurin\u00eb e fjal\u00ebs aktive skenike, p\u00ebr q\u00ebndrimin e pal\u00ebkundur n\u00eb sken\u00eb, p\u00ebr humorin, p\u00ebr buz\u00ebqeshjen njer\u00ebzore dhe, mbi t\u00eb gjitha, p\u00ebr sinqeritetin njer\u00ebzor dhe madh\u00ebshtin\u00eb e shpirtit t\u00eb tij.<\/p>\n<p><img decoding=\"async\" class=\"aligncenter size-thumbnail wp-image-7236\" title=\"Ismet Krasniqi\" src=\"http:\/\/www.shkoder.net\/images\/fjala\/2011\/ismet_krasniqi3.jpg\" alt=\"\" width=\"450\" \/><\/p>\n<p>Po, gjasht\u00ebdhjet\u00eb i r\u00ebndojn\u00eb mbi supet dhe mbi shpin\u00eb, por, t\u00eb gjith\u00eb e pam\u00eb, se fuqia e tij artistike nuk do t\u00eb zvog\u00eblohet as pas shum\u00eb e shum\u00eb shfaqjeve, as pas shum\u00eb e shum\u00eb or\u00ebve t\u00eb mundimshme t\u00eb ushtrimeve, as pas shum\u00eb ngjitjeve t\u00eb tij n\u00eb skena teatrosh e festivalesh, as pas shum\u00eb filmash e shfaqjesh t\u00eb tjera artistike, ku ushton z\u00ebri dhe fjala e shpirtit t\u00eb tij, ku flet fytyra, vet\u00eb heshtja dhe q\u00ebndrimi i tij prej artisti dhe aktori t\u00eb sprovuar. Te ky aktor n\u00eb Kosov\u00eb dhe n\u00eb viset e tjera shqiptare dhe m\u00eb larg dashamiri i teatrit e has dhe e p\u00ebrjeton pun\u00ebn dhe vepr\u00ebn e Ismet Krasniqit, i cili, si duket, t\u00ebr\u00eb qenien e tij ia kushtoi vlerave shpirt\u00ebrore dhe kulturore dhe afirmimit t\u00eb tyre, jo vet\u00ebm ku jeton dhe vepron ai, por edhe m\u00eb gjer\u00eb.<\/p>\n<p><img decoding=\"async\" class=\"aligncenter size-thumbnail wp-image-7236\" title=\"Ismet Krasniqi\" src=\"http:\/\/www.shkoder.net\/images\/fjala\/2011\/ismet_krasniqi4.jpg\" alt=\"\" width=\"450\" \/><\/p>\n<p>Duke pasur p\u00ebr baz\u00eb mjedisin ku jeton dhe vepron Ismet Krasniqi, q\u00eb ka nj\u00eb tradit\u00eb t\u00eb sukseseve n\u00eb t\u00eb gjitha segmentet e vlerave kulturore, duke u nisur nga muzika, arti skenik dhe arti pamor, ishte dhe mbetet shembull unik se si nj\u00eb qytez\u00eb rurale, me aktivitete, me vlera dhe me profesionaliz\u00ebm, i ka kaluar caqet e qyteteve m\u00eb t\u00eb m\u00ebdha, e me tradit\u00eb. Mir\u00ebpo, p\u00ebr vepr\u00ebn e Ismet Krasniqit rr\u00ebfejn\u00eb shum\u00eb figura t\u00eb njohura t\u00eb artit skenik dhe t\u00eb kultur\u00ebs n\u00eb Kosov\u00eb e m\u00eb larg.<\/p>\n<p>Nd\u00ebrkaq, shum\u00eb fotografi nga veprimtaria e tij, por edhe fotografit\u00eb familjare k\u00ebt\u00eb aktor t\u00eb mir\u00ebnjohur, e b\u00ebjn\u00eb me pesh\u00eb m\u00eb kuptimplote, por edhe e fuqizojn\u00eb jet\u00ebn dhe vepr\u00ebn e njeriut q\u00eb i t\u00ebri pothuaj \u00ebsht\u00eb i \u201cshkrir\u00eb\u201d n\u00eb aktrim. Ismet Krasniqi me rolet e tij u paraqit n\u00eb dramat ose n\u00eb pjes\u00ebt skenike: \u201cTafruk Tafrukuci i Tafrukajve\u201d, \u201cCuca e maleve\u201d, \u201cPlaku i maleve\u201d, \u201cV\u00ebllez\u00ebrit e interes\u201d, \u201cStudenti ilegal\u201d, \u201dMyku i fashizmit\u201d, \u201cGjaku i falur\u201d, \u201cN\u00ebntori i dyt\u00eb\u201d, \u201cFlamur, valo lirsh\u00ebm\u201d, \u201cRruga e liris\u00eb\u201d, \u201cLufta e Kosov\u00ebs\u201d, \u201cDashuria nuk vdes kurr\u00eb\u201d, \u201cDasma e Ushtarit\u201d, \u201cKryetar e jo mahi\u201d, \u201cPrej \u00e7iftelis\u00eb e te repi shqiptar\u201d, \u201dZemra n\u00eb korniz\u00eb\u201d, \u201cRr\u00ebshqita\u201d, \u201cDroga vret sida nuk fal\u201d, \u201cMbreti i rrug\u00ebs\u201d, \u201dObelisku pa adres\u00eb\u201d, \u201cLindja e Luft\u00ebtarit\u201d e tjera.<\/p>\n<p>Nd\u00ebrkaq filmat ku Ismeti ka marr pjes\u00eb jan\u00eb: \u201cKukumi\u201d, \u201dEtjet e Kosov\u00ebs\u201d, \u201cGomar\u00ebt e kufirit\u201d, \u201cAzem Galica\u201d, \u201cRuna Zot\u201d, \u201cFlamuri\u201d, \u201cTreni\u201d, \u201cBetimi\u201d e tjer\u00eb. Ka marr pjes\u00eb n\u00eb projekte t\u00eb tjera humoristike, dokumentare e tematike (mbi pes\u00ebdhjet\u00eb programe) dhe n\u00eb seriale. Nd\u00ebrkaq rolet p\u00ebr t\u2019i dalluar jan\u00eb Nuradini (plaku) n\u00eb dram\u00ebn \u201cGjaku i falur\u201d, prefekti n\u00eb dram\u00ebn \u201cMyku i fashizmit\u201d, gjyshi n\u00eb dram\u00ebn \u201cDasma e Ushtarit\u201d, Grof Geg\u00ebs n\u00eb dram\u00ebn \u201cPrej \u00e7iftelis\u00eb te repi shqiptar\u201d, roli i mbretit te \u201cMbreti i Rrug\u00ebs\u201d, roli i kryetarit te drama \u201cKryetar e jo mahi\u201d, roli i Samhauinit n\u00eb dram\u00ebn \u201cLuget\u00ebrit e Shekspirit\u201d dhe roli i k\u00ebrkuesit n\u00eb monodram\u00ebn \u201cObelisku pa adres\u00eb\u201d. N\u00eb film ve\u00e7ojm\u00eb rolin e fshatarit n\u00eb filmin \u201cGomar\u00ebt e kufirit\u201d dhe ve\u00e7mas roli i Kurt Selacit n\u00eb filmin \u201cAzem Galica\u201d.<\/p>\n<p>Aktorin Ismet Krasniqi e hasim edhe si krijues n\u00eb fush\u00ebn e let\u00ebrsis\u00eb. Ai deri me tash ka botuar kat\u00ebr vepra: \u201cQesh e qaj jet\u00ebn ton\u00eb\u201d, \u201cFolklori-art i pavdeksh\u00ebm\u201d-kronik\u00eb festivalesh, dram\u00ebn \u201cLindja e luft\u00ebtarit\u201d dhe komedin\u00eb \u201cDasma e Lulanit\u201d. N\u00eb p\u00ebrgatitje p\u00ebr botim i ka edhe tri vepra t\u00eb tjera. Nj\u00ebra me poezi e titulluar \u201cRrezet e reja\u201d, nd\u00ebrsa tjetra n\u00eb l\u00ebm\u00eb t\u00eb folklorit. Libri \u201cShekujt zgjojn\u00eb nga gjumi\u201d kushtuar rapsod\u00ebve legjendar\u00eb Salih e Feriz Krasniqi dhe libri i tret\u00eb \u201cIntervista, opinione, kumtesa e ngjarje nga kultura\u201d.<\/p>\n<p>Ismet Krasniqi dallohet edhe si grumbullues aktiv i folklorit ku p\u00ebrpos shkrimeve p\u00ebr folklorin ka t\u00eb p\u00ebrgatitura mbi dyqind emisione radiofonike kushtuar rapsod\u00ebve dhe folklorit nga t\u00eb gjitha trojet shqiptare t\u00eb cilat i ka transmetuar radioja \u201cDrijona\u201d n\u00eb Klin\u00eb dhe tani n\u00eb emisionet e veta t\u00eb rregullta i transmeton radio Malisheva. Ismet Krasniqi ka ambicie q\u00eb edhe m\u00eb tej t\u00eb mbetet pjes\u00eb e sken\u00ebs s\u00eb teatrit si dhe ka d\u00ebshir\u00eb t\u00eb angazhohet n\u00eb nj\u00eb film q\u00eb do t\u00eb xhirohej n\u00eb Shqip\u00ebri.<\/p>\n<p>Botoi gazeta &#8220;<strong>BOTA SOT<\/strong>&#8220;, Zvic\u00ebr, 8 tetor 2011, faqe 22 -23.<\/p>\n<p><em>P\u00ebr SHKODER.NET, d\u00ebrgoi Sh. Dibrani<\/em><\/p>\n","protected":false},"excerpt":{"rendered":"<p>Reportazh kushtuar aktorit Ismet Krasniqi Hasan Hasanramaj Aktori i mir\u00ebnjohur n\u00eb bot\u00ebn shqiptare dhe m\u00eb larg Ismet Krasniqi me nj\u00eb p\u00ebrvoj\u00eb dyzetvje\u00e7are n\u00eb kultur\u00eb ka arritur t\u00eb jet\u00eb bart\u00ebs i organizimit t\u00eb festivalit t\u00eb folklorit \u201cI k\u00ebndojm\u00eb liris\u00eb\u201d me nj\u00eb p\u00ebrgjegj\u00ebsi t\u00eb ve\u00e7ant\u00eb, p\u00ebr dhjet\u00eb vjet drejtor artistik i k\u00ebtij festivali. Z\u00ebri i k\u00ebtij aktori [&hellip;]<\/p>\n","protected":false},"author":1,"featured_media":0,"comment_status":"open","ping_status":"closed","sticky":false,"template":"","format":"standard","meta":{"footnotes":""},"categories":[2],"tags":[],"class_list":{"0":"post-10937","1":"post","2":"type-post","3":"status-publish","4":"format-standard","6":"category-artikuj"},"yoast_head":"<!-- This site is optimized with the Yoast SEO plugin v27.4 - https:\/\/yoast.com\/product\/yoast-seo-wordpress\/ -->\n<title>Njer\u00ebzit e m\u00ebdhenj dhe t\u00eb devotsh\u00ebm dalin nga mjediset e vogla ... - FjALA e LIR\u00cb - Arkivi<\/title>\n<meta name=\"robots\" content=\"index, follow, max-snippet:-1, max-image-preview:large, max-video-preview:-1\" \/>\n<link rel=\"canonical\" href=\"https:\/\/fjala.info\/2009-2015\/njerezit-e-medhenj-dhe-te-devotshem-dalin-nga-mjediset-e-vogla\/\" \/>\n<meta property=\"og:locale\" content=\"sq_AL\" \/>\n<meta property=\"og:type\" content=\"article\" \/>\n<meta property=\"og:title\" content=\"Njer\u00ebzit e m\u00ebdhenj dhe t\u00eb devotsh\u00ebm dalin nga mjediset e vogla ... - FjALA e LIR\u00cb - Arkivi\" \/>\n<meta property=\"og:description\" content=\"Reportazh kushtuar aktorit Ismet Krasniqi Hasan Hasanramaj Aktori i mir\u00ebnjohur n\u00eb bot\u00ebn shqiptare dhe m\u00eb larg Ismet Krasniqi me nj\u00eb p\u00ebrvoj\u00eb dyzetvje\u00e7are n\u00eb kultur\u00eb ka arritur t\u00eb jet\u00eb bart\u00ebs i organizimit t\u00eb festivalit t\u00eb folklorit \u201cI k\u00ebndojm\u00eb liris\u00eb\u201d me nj\u00eb p\u00ebrgjegj\u00ebsi t\u00eb ve\u00e7ant\u00eb, p\u00ebr dhjet\u00eb vjet drejtor artistik i k\u00ebtij festivali. Z\u00ebri i k\u00ebtij aktori [&hellip;]\" \/>\n<meta property=\"og:url\" content=\"https:\/\/fjala.info\/2009-2015\/njerezit-e-medhenj-dhe-te-devotshem-dalin-nga-mjediset-e-vogla\/\" \/>\n<meta property=\"og:site_name\" content=\"FjALA e LIR\u00cb - Arkivi\" \/>\n<meta property=\"article:published_time\" content=\"2011-10-09T23:09:17+00:00\" \/>\n<meta property=\"og:image\" content=\"http:\/\/www.shkoder.net\/images\/fjala\/2011\/ismet_krasniqi.jpg\" \/>\n<meta name=\"author\" content=\"admin\" \/>\n<meta name=\"twitter:card\" content=\"summary_large_image\" \/>\n<meta name=\"twitter:label1\" content=\"Written by\" \/>\n\t<meta name=\"twitter:data1\" content=\"admin\" \/>\n\t<meta name=\"twitter:label2\" content=\"Est. reading time\" \/>\n\t<meta name=\"twitter:data2\" content=\"7 minutes\" \/>\n<script type=\"application\/ld+json\" class=\"yoast-schema-graph\">{\"@context\":\"https:\\\/\\\/schema.org\",\"@graph\":[{\"@type\":\"Article\",\"@id\":\"https:\\\/\\\/fjala.info\\\/2009-2015\\\/njerezit-e-medhenj-dhe-te-devotshem-dalin-nga-mjediset-e-vogla\\\/#article\",\"isPartOf\":{\"@id\":\"https:\\\/\\\/fjala.info\\\/2009-2015\\\/njerezit-e-medhenj-dhe-te-devotshem-dalin-nga-mjediset-e-vogla\\\/\"},\"author\":{\"name\":\"admin\",\"@id\":\"https:\\\/\\\/fjala.info\\\/2009-2015\\\/#\\\/schema\\\/person\\\/3aa1163ef05469c496fc94e77611ada2\"},\"headline\":\"Njer\u00ebzit e m\u00ebdhenj dhe t\u00eb devotsh\u00ebm dalin nga mjediset e vogla &#8230;\",\"datePublished\":\"2011-10-09T23:09:17+00:00\",\"mainEntityOfPage\":{\"@id\":\"https:\\\/\\\/fjala.info\\\/2009-2015\\\/njerezit-e-medhenj-dhe-te-devotshem-dalin-nga-mjediset-e-vogla\\\/\"},\"wordCount\":1326,\"commentCount\":0,\"publisher\":{\"@id\":\"https:\\\/\\\/fjala.info\\\/2009-2015\\\/#organization\"},\"image\":{\"@id\":\"https:\\\/\\\/fjala.info\\\/2009-2015\\\/njerezit-e-medhenj-dhe-te-devotshem-dalin-nga-mjediset-e-vogla\\\/#primaryimage\"},\"thumbnailUrl\":\"http:\\\/\\\/www.shkoder.net\\\/images\\\/fjala\\\/2011\\\/ismet_krasniqi.jpg\",\"articleSection\":[\"Artikuj\"],\"inLanguage\":\"sq-AL\",\"potentialAction\":[{\"@type\":\"CommentAction\",\"name\":\"Comment\",\"target\":[\"https:\\\/\\\/fjala.info\\\/2009-2015\\\/njerezit-e-medhenj-dhe-te-devotshem-dalin-nga-mjediset-e-vogla\\\/#respond\"]}]},{\"@type\":\"WebPage\",\"@id\":\"https:\\\/\\\/fjala.info\\\/2009-2015\\\/njerezit-e-medhenj-dhe-te-devotshem-dalin-nga-mjediset-e-vogla\\\/\",\"url\":\"https:\\\/\\\/fjala.info\\\/2009-2015\\\/njerezit-e-medhenj-dhe-te-devotshem-dalin-nga-mjediset-e-vogla\\\/\",\"name\":\"Njer\u00ebzit e m\u00ebdhenj dhe t\u00eb devotsh\u00ebm dalin nga mjediset e vogla ... - FjALA e LIR\u00cb - Arkivi\",\"isPartOf\":{\"@id\":\"https:\\\/\\\/fjala.info\\\/2009-2015\\\/#website\"},\"primaryImageOfPage\":{\"@id\":\"https:\\\/\\\/fjala.info\\\/2009-2015\\\/njerezit-e-medhenj-dhe-te-devotshem-dalin-nga-mjediset-e-vogla\\\/#primaryimage\"},\"image\":{\"@id\":\"https:\\\/\\\/fjala.info\\\/2009-2015\\\/njerezit-e-medhenj-dhe-te-devotshem-dalin-nga-mjediset-e-vogla\\\/#primaryimage\"},\"thumbnailUrl\":\"http:\\\/\\\/www.shkoder.net\\\/images\\\/fjala\\\/2011\\\/ismet_krasniqi.jpg\",\"datePublished\":\"2011-10-09T23:09:17+00:00\",\"breadcrumb\":{\"@id\":\"https:\\\/\\\/fjala.info\\\/2009-2015\\\/njerezit-e-medhenj-dhe-te-devotshem-dalin-nga-mjediset-e-vogla\\\/#breadcrumb\"},\"inLanguage\":\"sq-AL\",\"potentialAction\":[{\"@type\":\"ReadAction\",\"target\":[\"https:\\\/\\\/fjala.info\\\/2009-2015\\\/njerezit-e-medhenj-dhe-te-devotshem-dalin-nga-mjediset-e-vogla\\\/\"]}]},{\"@type\":\"ImageObject\",\"inLanguage\":\"sq-AL\",\"@id\":\"https:\\\/\\\/fjala.info\\\/2009-2015\\\/njerezit-e-medhenj-dhe-te-devotshem-dalin-nga-mjediset-e-vogla\\\/#primaryimage\",\"url\":\"http:\\\/\\\/www.shkoder.net\\\/images\\\/fjala\\\/2011\\\/ismet_krasniqi.jpg\",\"contentUrl\":\"http:\\\/\\\/www.shkoder.net\\\/images\\\/fjala\\\/2011\\\/ismet_krasniqi.jpg\"},{\"@type\":\"BreadcrumbList\",\"@id\":\"https:\\\/\\\/fjala.info\\\/2009-2015\\\/njerezit-e-medhenj-dhe-te-devotshem-dalin-nga-mjediset-e-vogla\\\/#breadcrumb\",\"itemListElement\":[{\"@type\":\"ListItem\",\"position\":1,\"name\":\"Home\",\"item\":\"https:\\\/\\\/fjala.info\\\/2009-2015\\\/\"},{\"@type\":\"ListItem\",\"position\":2,\"name\":\"Njer\u00ebzit e m\u00ebdhenj dhe t\u00eb devotsh\u00ebm dalin nga mjediset e vogla &#8230;\"}]},{\"@type\":\"WebSite\",\"@id\":\"https:\\\/\\\/fjala.info\\\/2009-2015\\\/#website\",\"url\":\"https:\\\/\\\/fjala.info\\\/2009-2015\\\/\",\"name\":\"FjALA e LIR\u00cb - Arkivi\",\"description\":\"Arkivi 2009-2015\",\"publisher\":{\"@id\":\"https:\\\/\\\/fjala.info\\\/2009-2015\\\/#organization\"},\"potentialAction\":[{\"@type\":\"SearchAction\",\"target\":{\"@type\":\"EntryPoint\",\"urlTemplate\":\"https:\\\/\\\/fjala.info\\\/2009-2015\\\/?s={search_term_string}\"},\"query-input\":{\"@type\":\"PropertyValueSpecification\",\"valueRequired\":true,\"valueName\":\"search_term_string\"}}],\"inLanguage\":\"sq-AL\"},{\"@type\":\"Organization\",\"@id\":\"https:\\\/\\\/fjala.info\\\/2009-2015\\\/#organization\",\"name\":\"FjALA e LIR\u00cb - Arkivi\",\"url\":\"https:\\\/\\\/fjala.info\\\/2009-2015\\\/\",\"logo\":{\"@type\":\"ImageObject\",\"inLanguage\":\"sq-AL\",\"@id\":\"https:\\\/\\\/fjala.info\\\/2009-2015\\\/#\\\/schema\\\/logo\\\/image\\\/\",\"url\":\"\",\"contentUrl\":\"\",\"caption\":\"FjALA e LIR\u00cb - Arkivi\"},\"image\":{\"@id\":\"https:\\\/\\\/fjala.info\\\/2009-2015\\\/#\\\/schema\\\/logo\\\/image\\\/\"}},{\"@type\":\"Person\",\"@id\":\"https:\\\/\\\/fjala.info\\\/2009-2015\\\/#\\\/schema\\\/person\\\/3aa1163ef05469c496fc94e77611ada2\",\"name\":\"admin\",\"image\":{\"@type\":\"ImageObject\",\"inLanguage\":\"sq-AL\",\"@id\":\"https:\\\/\\\/fjala.info\\\/2009-2015\\\/wp-content\\\/uploads\\\/2012\\\/02\\\/arben_cokaj-120x150.jpg\",\"url\":\"https:\\\/\\\/fjala.info\\\/2009-2015\\\/wp-content\\\/uploads\\\/2012\\\/02\\\/arben_cokaj-120x150.jpg\",\"contentUrl\":\"https:\\\/\\\/fjala.info\\\/2009-2015\\\/wp-content\\\/uploads\\\/2012\\\/02\\\/arben_cokaj-120x150.jpg\",\"caption\":\"admin\"},\"description\":\"Admin, Fjala e Lir\u00eb\",\"sameAs\":[\"https:\\\/\\\/fjala.info\\\/\"],\"url\":\"https:\\\/\\\/fjala.info\\\/2009-2015\\\/author\\\/admin\\\/\"}]}<\/script>\n<!-- \/ Yoast SEO plugin. -->","yoast_head_json":{"title":"Njer\u00ebzit e m\u00ebdhenj dhe t\u00eb devotsh\u00ebm dalin nga mjediset e vogla ... - FjALA e LIR\u00cb - Arkivi","robots":{"index":"index","follow":"follow","max-snippet":"max-snippet:-1","max-image-preview":"max-image-preview:large","max-video-preview":"max-video-preview:-1"},"canonical":"https:\/\/fjala.info\/2009-2015\/njerezit-e-medhenj-dhe-te-devotshem-dalin-nga-mjediset-e-vogla\/","og_locale":"sq_AL","og_type":"article","og_title":"Njer\u00ebzit e m\u00ebdhenj dhe t\u00eb devotsh\u00ebm dalin nga mjediset e vogla ... - FjALA e LIR\u00cb - Arkivi","og_description":"Reportazh kushtuar aktorit Ismet Krasniqi Hasan Hasanramaj Aktori i mir\u00ebnjohur n\u00eb bot\u00ebn shqiptare dhe m\u00eb larg Ismet Krasniqi me nj\u00eb p\u00ebrvoj\u00eb dyzetvje\u00e7are n\u00eb kultur\u00eb ka arritur t\u00eb jet\u00eb bart\u00ebs i organizimit t\u00eb festivalit t\u00eb folklorit \u201cI k\u00ebndojm\u00eb liris\u00eb\u201d me nj\u00eb p\u00ebrgjegj\u00ebsi t\u00eb ve\u00e7ant\u00eb, p\u00ebr dhjet\u00eb vjet drejtor artistik i k\u00ebtij festivali. Z\u00ebri i k\u00ebtij aktori [&hellip;]","og_url":"https:\/\/fjala.info\/2009-2015\/njerezit-e-medhenj-dhe-te-devotshem-dalin-nga-mjediset-e-vogla\/","og_site_name":"FjALA e LIR\u00cb - Arkivi","article_published_time":"2011-10-09T23:09:17+00:00","og_image":[{"url":"http:\/\/www.shkoder.net\/images\/fjala\/2011\/ismet_krasniqi.jpg","type":"","width":"","height":""}],"author":"admin","twitter_card":"summary_large_image","twitter_misc":{"Written by":"admin","Est. reading time":"7 minutes"},"schema":{"@context":"https:\/\/schema.org","@graph":[{"@type":"Article","@id":"https:\/\/fjala.info\/2009-2015\/njerezit-e-medhenj-dhe-te-devotshem-dalin-nga-mjediset-e-vogla\/#article","isPartOf":{"@id":"https:\/\/fjala.info\/2009-2015\/njerezit-e-medhenj-dhe-te-devotshem-dalin-nga-mjediset-e-vogla\/"},"author":{"name":"admin","@id":"https:\/\/fjala.info\/2009-2015\/#\/schema\/person\/3aa1163ef05469c496fc94e77611ada2"},"headline":"Njer\u00ebzit e m\u00ebdhenj dhe t\u00eb devotsh\u00ebm dalin nga mjediset e vogla &#8230;","datePublished":"2011-10-09T23:09:17+00:00","mainEntityOfPage":{"@id":"https:\/\/fjala.info\/2009-2015\/njerezit-e-medhenj-dhe-te-devotshem-dalin-nga-mjediset-e-vogla\/"},"wordCount":1326,"commentCount":0,"publisher":{"@id":"https:\/\/fjala.info\/2009-2015\/#organization"},"image":{"@id":"https:\/\/fjala.info\/2009-2015\/njerezit-e-medhenj-dhe-te-devotshem-dalin-nga-mjediset-e-vogla\/#primaryimage"},"thumbnailUrl":"http:\/\/www.shkoder.net\/images\/fjala\/2011\/ismet_krasniqi.jpg","articleSection":["Artikuj"],"inLanguage":"sq-AL","potentialAction":[{"@type":"CommentAction","name":"Comment","target":["https:\/\/fjala.info\/2009-2015\/njerezit-e-medhenj-dhe-te-devotshem-dalin-nga-mjediset-e-vogla\/#respond"]}]},{"@type":"WebPage","@id":"https:\/\/fjala.info\/2009-2015\/njerezit-e-medhenj-dhe-te-devotshem-dalin-nga-mjediset-e-vogla\/","url":"https:\/\/fjala.info\/2009-2015\/njerezit-e-medhenj-dhe-te-devotshem-dalin-nga-mjediset-e-vogla\/","name":"Njer\u00ebzit e m\u00ebdhenj dhe t\u00eb devotsh\u00ebm dalin nga mjediset e vogla ... - FjALA e LIR\u00cb - Arkivi","isPartOf":{"@id":"https:\/\/fjala.info\/2009-2015\/#website"},"primaryImageOfPage":{"@id":"https:\/\/fjala.info\/2009-2015\/njerezit-e-medhenj-dhe-te-devotshem-dalin-nga-mjediset-e-vogla\/#primaryimage"},"image":{"@id":"https:\/\/fjala.info\/2009-2015\/njerezit-e-medhenj-dhe-te-devotshem-dalin-nga-mjediset-e-vogla\/#primaryimage"},"thumbnailUrl":"http:\/\/www.shkoder.net\/images\/fjala\/2011\/ismet_krasniqi.jpg","datePublished":"2011-10-09T23:09:17+00:00","breadcrumb":{"@id":"https:\/\/fjala.info\/2009-2015\/njerezit-e-medhenj-dhe-te-devotshem-dalin-nga-mjediset-e-vogla\/#breadcrumb"},"inLanguage":"sq-AL","potentialAction":[{"@type":"ReadAction","target":["https:\/\/fjala.info\/2009-2015\/njerezit-e-medhenj-dhe-te-devotshem-dalin-nga-mjediset-e-vogla\/"]}]},{"@type":"ImageObject","inLanguage":"sq-AL","@id":"https:\/\/fjala.info\/2009-2015\/njerezit-e-medhenj-dhe-te-devotshem-dalin-nga-mjediset-e-vogla\/#primaryimage","url":"http:\/\/www.shkoder.net\/images\/fjala\/2011\/ismet_krasniqi.jpg","contentUrl":"http:\/\/www.shkoder.net\/images\/fjala\/2011\/ismet_krasniqi.jpg"},{"@type":"BreadcrumbList","@id":"https:\/\/fjala.info\/2009-2015\/njerezit-e-medhenj-dhe-te-devotshem-dalin-nga-mjediset-e-vogla\/#breadcrumb","itemListElement":[{"@type":"ListItem","position":1,"name":"Home","item":"https:\/\/fjala.info\/2009-2015\/"},{"@type":"ListItem","position":2,"name":"Njer\u00ebzit e m\u00ebdhenj dhe t\u00eb devotsh\u00ebm dalin nga mjediset e vogla &#8230;"}]},{"@type":"WebSite","@id":"https:\/\/fjala.info\/2009-2015\/#website","url":"https:\/\/fjala.info\/2009-2015\/","name":"FjALA e LIR\u00cb - Arkivi","description":"Arkivi 2009-2015","publisher":{"@id":"https:\/\/fjala.info\/2009-2015\/#organization"},"potentialAction":[{"@type":"SearchAction","target":{"@type":"EntryPoint","urlTemplate":"https:\/\/fjala.info\/2009-2015\/?s={search_term_string}"},"query-input":{"@type":"PropertyValueSpecification","valueRequired":true,"valueName":"search_term_string"}}],"inLanguage":"sq-AL"},{"@type":"Organization","@id":"https:\/\/fjala.info\/2009-2015\/#organization","name":"FjALA e LIR\u00cb - Arkivi","url":"https:\/\/fjala.info\/2009-2015\/","logo":{"@type":"ImageObject","inLanguage":"sq-AL","@id":"https:\/\/fjala.info\/2009-2015\/#\/schema\/logo\/image\/","url":"","contentUrl":"","caption":"FjALA e LIR\u00cb - Arkivi"},"image":{"@id":"https:\/\/fjala.info\/2009-2015\/#\/schema\/logo\/image\/"}},{"@type":"Person","@id":"https:\/\/fjala.info\/2009-2015\/#\/schema\/person\/3aa1163ef05469c496fc94e77611ada2","name":"admin","image":{"@type":"ImageObject","inLanguage":"sq-AL","@id":"https:\/\/fjala.info\/2009-2015\/wp-content\/uploads\/2012\/02\/arben_cokaj-120x150.jpg","url":"https:\/\/fjala.info\/2009-2015\/wp-content\/uploads\/2012\/02\/arben_cokaj-120x150.jpg","contentUrl":"https:\/\/fjala.info\/2009-2015\/wp-content\/uploads\/2012\/02\/arben_cokaj-120x150.jpg","caption":"admin"},"description":"Admin, Fjala e Lir\u00eb","sameAs":["https:\/\/fjala.info\/"],"url":"https:\/\/fjala.info\/2009-2015\/author\/admin\/"}]}},"_links":{"self":[{"href":"https:\/\/fjala.info\/2009-2015\/wp-json\/wp\/v2\/posts\/10937","targetHints":{"allow":["GET"]}}],"collection":[{"href":"https:\/\/fjala.info\/2009-2015\/wp-json\/wp\/v2\/posts"}],"about":[{"href":"https:\/\/fjala.info\/2009-2015\/wp-json\/wp\/v2\/types\/post"}],"author":[{"embeddable":true,"href":"https:\/\/fjala.info\/2009-2015\/wp-json\/wp\/v2\/users\/1"}],"replies":[{"embeddable":true,"href":"https:\/\/fjala.info\/2009-2015\/wp-json\/wp\/v2\/comments?post=10937"}],"version-history":[{"count":0,"href":"https:\/\/fjala.info\/2009-2015\/wp-json\/wp\/v2\/posts\/10937\/revisions"}],"wp:attachment":[{"href":"https:\/\/fjala.info\/2009-2015\/wp-json\/wp\/v2\/media?parent=10937"}],"wp:term":[{"taxonomy":"category","embeddable":true,"href":"https:\/\/fjala.info\/2009-2015\/wp-json\/wp\/v2\/categories?post=10937"},{"taxonomy":"post_tag","embeddable":true,"href":"https:\/\/fjala.info\/2009-2015\/wp-json\/wp\/v2\/tags?post=10937"}],"curies":[{"name":"wp","href":"https:\/\/api.w.org\/{rel}","templated":true}]}}