{"id":10933,"date":"2011-10-09T00:34:49","date_gmt":"2011-10-08T23:34:49","guid":{"rendered":"http:\/\/fjala.shkoder.net\/?p=10933"},"modified":"2011-10-09T00:34:49","modified_gmt":"2011-10-08T23:34:49","slug":"nje-bisede-e-fundit-me-ramiz-aline","status":"publish","type":"post","link":"https:\/\/fjala.info\/2009-2015\/nje-bisede-e-fundit-me-ramiz-aline\/","title":{"rendered":"Nj\u00eb bised\u00eb e fundit me Ramiz Alin\u00eb"},"content":{"rendered":"<p><img decoding=\"async\" class=\"alignright size-thumbnail wp-image-7236\" title=\"Adrian Thano\" src=\"http:\/\/www.shkoder.net\/images\/fjala\/adrian_thano.jpg\" alt=\"\" width=\"150\" \/> <strong>Adrian Thano<\/strong><\/p>\n<p><em>Kryeredaktor i gazet\u00ebs Shekulli<\/em><\/p>\n<p>Me t\u00eb ndjerin Alia bisedova n\u00eb telefon rreth nj\u00eb jav\u00eb para se t\u00eb nd\u00ebrronte jet\u00eb. I kisha d\u00ebrguar m\u00eb par\u00eb nj\u00eb mesazh, ku i shkruaja rreth mund\u00ebsis\u00eb p\u00ebr nj\u00eb intervist\u00eb me Shekullin mbi \u00e7\u00ebshtjen e importit t\u00eb plehrave. Dija se ai nuk kishte pranuar t\u00eb firmoste nj\u00eb marr\u00ebveshje t\u00eb ngjashme dikur n\u00eb vigjilje t\u00eb viteve \u201890, megjith\u00ebse ajo gj\u00eb mund t\u2019ia kishte zgjatur jet\u00ebn komunizmit.<\/p>\n<p>Kolegu Lorenc Vangjeli m\u00eb njoftoi nd\u00ebrkoh\u00eb q\u00eb Alia ishte i s\u00ebmur\u00eb dhe i pamundur, ndaj e mbylla aty p\u00ebr aty p\u00ebrpjekjen. Por ai m\u00eb telefonoi megjithat\u00eb, vet\u00eb m\u00eb von\u00eb p\u00ebr t\u00eb m\u00eb th\u00ebn\u00eb ta shtynim iden\u00eb e intervist\u00ebs p\u00ebr shkak t\u00eb gjendjes sh\u00ebndet\u00ebsore. I k\u00ebrkova ndjes\u00eb q\u00eb e kisha v\u00ebn\u00eb disi n\u00ebn presion pa qen\u00eb n\u00eb dijeni t\u00eb s\u00ebmundjes s\u00eb tij dhe tentova ta mbyll shpejt telefonat\u00ebn duke i b\u00ebr\u00eb nj\u00eb urim formal p\u00ebr sh\u00ebrim t\u00eb shpejt\u00eb. P\u00ebr habin\u00eb time nuk m\u00eb la ta mbyllja telefonin.<\/p>\n<p>N\u00eb parantez\u00eb m\u00eb duhet t\u00eb them q\u00eb p\u00ebr shkak t\u00eb disa bindjeve t\u00eb mia mbi historin\u00eb dhe politik\u00ebn, por edhe t\u00eb profilit t\u00eb ul\u00ebt publik q\u00eb ruaj, Alin\u00eb nuk kam patur rast ta takoj asnj\u00ebher\u00eb. Megjith\u00ebse kam qen\u00eb i vet\u00ebdijsh\u00ebm q\u00eb ishte nj\u00eb personazh shum\u00eb interesant p\u00ebr nj\u00eb target t\u00eb gjer\u00eb lexuesish t\u00eb Shekullit, kjo telefonat\u00eb mund t\u00eb jet\u00eb e para ose e dyta gjat\u00eb gjith\u00eb k\u00ebtyre viteve t\u00eb gjat\u00eb si punonj\u00ebs shtypi. Ndaj fjal\u00ebt q\u00eb m\u00eb tha, i prisja nga shum\u00ebkush, por jo prej tij.<\/p>\n<p>\u00c7far\u00eb m\u00eb tha? Pa pretenduar riprodhim me pik\u00eb e presje, fjal\u00ebt ishin k\u00ebto: \u201cAdrian, doja t\u00eb t\u00eb thoja q\u00eb e ndjek me shum\u00eb v\u00ebmendje Shekullin. E di q\u00eb k\u00ebto koh\u00eb ju duhet t\u00eb p\u00ebrballoni shum\u00eb sakrifica dhe shum\u00eb mundime. Dua t\u00eb t\u00eb p\u00ebrg\u00ebzoj ty dhe stafin.. jeni e vetmja opozita pa rezerva q\u00eb i ka mbetur popullit, k\u00ebshtu vazhdoni..\u201d etj<\/p>\n<p>Dikush mund t\u2019ua mvesh\u00eb k\u00ebto fjal\u00eb rrethanave. Ose identikitit t\u00eb dy biseduesve. Dh\u00ebn\u00ebsi ia d\u00ebrgon prit\u00ebsit jo pse jan\u00eb domosdoshm\u00ebrisht t\u00eb v\u00ebrteta, por sepse e di q\u00eb jan\u00eb fjal\u00ebt e duhura p\u00ebr t\u00eb. Ndoshta. Por prit\u00ebsit n\u00eb rastin konkret i shkuan drejt e n\u00eb zem\u00ebr ama. Edhe n\u00ebse u than\u00eb p\u00ebr kortezi, ishte e qart\u00eb p\u00ebr mua, q\u00eb minimalisht ai ishte nj\u00eb njeri i mbushur me v\u00ebmendje, rrjedhimisht me p\u00ebrgjegjshm\u00ebri. Kjo nuk \u00ebsht\u00eb pak n\u00eb Shqip\u00ebrin\u00eb e sotme.<\/p>\n<p>P\u00ebr momentin, n\u00eb telefon, i thash\u00eb di\u00e7ka si fal\u00ebnderim p\u00ebr fjal\u00ebt e p\u00eblqyeshme dhe u p\u00ebrpoqa t\u00eb b\u00ebja nj\u00eb batut\u00eb: \u201cEpo, ne k\u00ebshtu n\u00eb opozit\u00eb, kemi qen\u00eb gjithmon\u00eb. Ngel\u00ebm n\u00eb opozit\u00eb\u2026\u201d. Ia thash\u00eb me nj\u00eb ton gjoja keqardh\u00ebs, duke e shoq\u00ebruar sigurisht me t\u00eb qeshur.<\/p>\n<p>Por z\u00ebri matan\u00eb, mbeti serioz: \u201cAshtu v\u00ebrtet, por k\u00ebsaj here \u00ebsht\u00eb ndryshe. Sepse as q\u00ebndrimi zyrtar i PS-s\u00eb nuk \u00ebsht\u00eb ai i duhuri. Ju q\u00eb po b\u00ebni opozit\u00ebn e v\u00ebrtet\u00eb jeni vet\u00ebm\u201d.<\/p>\n<p>Epo.. Mu duk sikur ky njeri kishte jetuar p\u00ebrdit\u00eb me mua t\u00eb pakt\u00ebn muajt e fundit. N\u00eb k\u00ebt\u00eb pik\u00eb i thash\u00eb mendimin tim p\u00ebr k\u00ebto q\u00eb po ndodhin fol\u00ebm rreth hipotezave \u00e7far\u00eb mund t\u00eb ndodh\u00eb m\u00eb pas dhe ai e mbylli bised\u00ebn me fjal\u00ebt \u201cAshtu v\u00ebrtet, por prap\u00eb \u00ebsht\u00eb populli q\u00eb do paguaj\u00eb\u201d.<\/p>\n<p>P\u00ebr t\u00eb qen\u00eb i sinqert\u00eb shkruajta gjat\u00eb kur e nisa k\u00ebt\u00eb sh\u00ebnim por m\u00eb pas redaktova thuajse gjith\u00e7ka dhe lash\u00eb vet\u00ebm detajet e k\u00ebsaj bisede telefonike. Ka t\u00eb tjer\u00eb q\u00eb me siguri kan\u00eb shum\u00eb m\u00eb tep\u00ebr p\u00ebr t\u00eb th\u00ebn\u00eb mbi Ramiz Alin\u00eb. Nj\u00eb njohje kaq e shkurt\u00ebr t\u00eb jep fare pak. Dhe Shqip\u00ebria mbetet prap\u00ebseprap\u00eb vendi ku diktator\u00ebt vdesin n\u00eb shtrat. Por di\u00e7ka mund ta mbajm\u00eb sh\u00ebnim t\u00eb gjith\u00eb: Sido q\u00eb t\u00eb kesh jetuar, ka p\u00ebrher\u00eb mund\u00ebsi t\u00eb ik\u00ebsh duke l\u00ebn\u00eb pas gjurm\u00eb se ke qen\u00eb i v\u00ebmendsh\u00ebm ndaj sakrific\u00ebs; edhe pse mund t\u00eb q\u00eblloj\u00eb q\u00eb mbart\u00ebsit nuk i ke takuar kurr\u00eb n\u00eb jet\u00eb; edhe pse n\u00eb Shqip\u00ebrin\u00eb e sotme, kjo mund t\u00eb duket e par\u00ebnd\u00ebsishme.<\/p>\n<p>N\u00eb pamje t\u00eb par\u00eb duket paradoksale, por kjo qasje ndaj sakrific\u00ebs b\u00ebn sens t\u00eb dyfisht\u00eb tek nj\u00eb shtetar q\u00eb ka mbi shpin\u00eb faje t\u00eb r\u00ebnda. Dhe ndoshta pik\u00ebrisht pse e ka pjes\u00eb t\u00eb personalitetit k\u00ebt\u00eb qasje, Ramiz Alia ka ditur s\u00eb paku t\u00eb k\u00ebrkoj\u00eb ndjes\u00eb. Kush ka lexuar librin e Alis\u00eb \u201cJeta Ime\u201d, ndoshta m\u00eb kupton m\u00eb mir\u00eb.<\/p>\n","protected":false},"excerpt":{"rendered":"<p>Adrian Thano Kryeredaktor i gazet\u00ebs Shekulli Me t\u00eb ndjerin Alia bisedova n\u00eb telefon rreth nj\u00eb jav\u00eb para se t\u00eb nd\u00ebrronte jet\u00eb. I kisha d\u00ebrguar m\u00eb par\u00eb nj\u00eb mesazh, ku i shkruaja rreth mund\u00ebsis\u00eb p\u00ebr nj\u00eb intervist\u00eb me Shekullin mbi \u00e7\u00ebshtjen e importit t\u00eb plehrave. Dija se ai nuk kishte pranuar t\u00eb firmoste nj\u00eb marr\u00ebveshje t\u00eb [&hellip;]<\/p>\n","protected":false},"author":1,"featured_media":0,"comment_status":"open","ping_status":"closed","sticky":false,"template":"","format":"standard","meta":{"footnotes":""},"categories":[2],"tags":[],"class_list":{"0":"post-10933","1":"post","2":"type-post","3":"status-publish","4":"format-standard","6":"category-artikuj"},"yoast_head":"<!-- This site is optimized with the Yoast SEO plugin v27.4 - https:\/\/yoast.com\/product\/yoast-seo-wordpress\/ -->\n<title>Nj\u00eb bised\u00eb e fundit me Ramiz Alin\u00eb - FjALA e LIR\u00cb - Arkivi<\/title>\n<meta name=\"robots\" content=\"index, follow, max-snippet:-1, max-image-preview:large, max-video-preview:-1\" \/>\n<link rel=\"canonical\" href=\"https:\/\/fjala.info\/2009-2015\/nje-bisede-e-fundit-me-ramiz-aline\/\" \/>\n<meta property=\"og:locale\" content=\"sq_AL\" \/>\n<meta property=\"og:type\" content=\"article\" \/>\n<meta property=\"og:title\" content=\"Nj\u00eb bised\u00eb e fundit me Ramiz Alin\u00eb - FjALA e LIR\u00cb - Arkivi\" \/>\n<meta property=\"og:description\" content=\"Adrian Thano Kryeredaktor i gazet\u00ebs Shekulli Me t\u00eb ndjerin Alia bisedova n\u00eb telefon rreth nj\u00eb jav\u00eb para se t\u00eb nd\u00ebrronte jet\u00eb. I kisha d\u00ebrguar m\u00eb par\u00eb nj\u00eb mesazh, ku i shkruaja rreth mund\u00ebsis\u00eb p\u00ebr nj\u00eb intervist\u00eb me Shekullin mbi \u00e7\u00ebshtjen e importit t\u00eb plehrave. Dija se ai nuk kishte pranuar t\u00eb firmoste nj\u00eb marr\u00ebveshje t\u00eb [&hellip;]\" \/>\n<meta property=\"og:url\" content=\"https:\/\/fjala.info\/2009-2015\/nje-bisede-e-fundit-me-ramiz-aline\/\" \/>\n<meta property=\"og:site_name\" content=\"FjALA e LIR\u00cb - Arkivi\" \/>\n<meta property=\"article:published_time\" content=\"2011-10-08T23:34:49+00:00\" \/>\n<meta property=\"og:image\" content=\"http:\/\/www.shkoder.net\/images\/fjala\/adrian_thano.jpg\" \/>\n<meta name=\"author\" content=\"admin\" \/>\n<meta name=\"twitter:card\" content=\"summary_large_image\" \/>\n<meta name=\"twitter:label1\" content=\"Written by\" \/>\n\t<meta name=\"twitter:data1\" content=\"admin\" \/>\n\t<meta name=\"twitter:label2\" content=\"Est. reading time\" \/>\n\t<meta name=\"twitter:data2\" content=\"4 minutes\" \/>\n<script type=\"application\/ld+json\" class=\"yoast-schema-graph\">{\"@context\":\"https:\\\/\\\/schema.org\",\"@graph\":[{\"@type\":\"Article\",\"@id\":\"https:\\\/\\\/fjala.info\\\/2009-2015\\\/nje-bisede-e-fundit-me-ramiz-aline\\\/#article\",\"isPartOf\":{\"@id\":\"https:\\\/\\\/fjala.info\\\/2009-2015\\\/nje-bisede-e-fundit-me-ramiz-aline\\\/\"},\"author\":{\"name\":\"admin\",\"@id\":\"https:\\\/\\\/fjala.info\\\/2009-2015\\\/#\\\/schema\\\/person\\\/3aa1163ef05469c496fc94e77611ada2\"},\"headline\":\"Nj\u00eb bised\u00eb e fundit me Ramiz Alin\u00eb\",\"datePublished\":\"2011-10-08T23:34:49+00:00\",\"mainEntityOfPage\":{\"@id\":\"https:\\\/\\\/fjala.info\\\/2009-2015\\\/nje-bisede-e-fundit-me-ramiz-aline\\\/\"},\"wordCount\":820,\"commentCount\":0,\"publisher\":{\"@id\":\"https:\\\/\\\/fjala.info\\\/2009-2015\\\/#organization\"},\"image\":{\"@id\":\"https:\\\/\\\/fjala.info\\\/2009-2015\\\/nje-bisede-e-fundit-me-ramiz-aline\\\/#primaryimage\"},\"thumbnailUrl\":\"http:\\\/\\\/www.shkoder.net\\\/images\\\/fjala\\\/adrian_thano.jpg\",\"articleSection\":[\"Artikuj\"],\"inLanguage\":\"sq-AL\",\"potentialAction\":[{\"@type\":\"CommentAction\",\"name\":\"Comment\",\"target\":[\"https:\\\/\\\/fjala.info\\\/2009-2015\\\/nje-bisede-e-fundit-me-ramiz-aline\\\/#respond\"]}]},{\"@type\":\"WebPage\",\"@id\":\"https:\\\/\\\/fjala.info\\\/2009-2015\\\/nje-bisede-e-fundit-me-ramiz-aline\\\/\",\"url\":\"https:\\\/\\\/fjala.info\\\/2009-2015\\\/nje-bisede-e-fundit-me-ramiz-aline\\\/\",\"name\":\"Nj\u00eb bised\u00eb e fundit me Ramiz Alin\u00eb - FjALA e LIR\u00cb - Arkivi\",\"isPartOf\":{\"@id\":\"https:\\\/\\\/fjala.info\\\/2009-2015\\\/#website\"},\"primaryImageOfPage\":{\"@id\":\"https:\\\/\\\/fjala.info\\\/2009-2015\\\/nje-bisede-e-fundit-me-ramiz-aline\\\/#primaryimage\"},\"image\":{\"@id\":\"https:\\\/\\\/fjala.info\\\/2009-2015\\\/nje-bisede-e-fundit-me-ramiz-aline\\\/#primaryimage\"},\"thumbnailUrl\":\"http:\\\/\\\/www.shkoder.net\\\/images\\\/fjala\\\/adrian_thano.jpg\",\"datePublished\":\"2011-10-08T23:34:49+00:00\",\"breadcrumb\":{\"@id\":\"https:\\\/\\\/fjala.info\\\/2009-2015\\\/nje-bisede-e-fundit-me-ramiz-aline\\\/#breadcrumb\"},\"inLanguage\":\"sq-AL\",\"potentialAction\":[{\"@type\":\"ReadAction\",\"target\":[\"https:\\\/\\\/fjala.info\\\/2009-2015\\\/nje-bisede-e-fundit-me-ramiz-aline\\\/\"]}]},{\"@type\":\"ImageObject\",\"inLanguage\":\"sq-AL\",\"@id\":\"https:\\\/\\\/fjala.info\\\/2009-2015\\\/nje-bisede-e-fundit-me-ramiz-aline\\\/#primaryimage\",\"url\":\"http:\\\/\\\/www.shkoder.net\\\/images\\\/fjala\\\/adrian_thano.jpg\",\"contentUrl\":\"http:\\\/\\\/www.shkoder.net\\\/images\\\/fjala\\\/adrian_thano.jpg\"},{\"@type\":\"BreadcrumbList\",\"@id\":\"https:\\\/\\\/fjala.info\\\/2009-2015\\\/nje-bisede-e-fundit-me-ramiz-aline\\\/#breadcrumb\",\"itemListElement\":[{\"@type\":\"ListItem\",\"position\":1,\"name\":\"Home\",\"item\":\"https:\\\/\\\/fjala.info\\\/2009-2015\\\/\"},{\"@type\":\"ListItem\",\"position\":2,\"name\":\"Nj\u00eb bised\u00eb e fundit me Ramiz Alin\u00eb\"}]},{\"@type\":\"WebSite\",\"@id\":\"https:\\\/\\\/fjala.info\\\/2009-2015\\\/#website\",\"url\":\"https:\\\/\\\/fjala.info\\\/2009-2015\\\/\",\"name\":\"FjALA e LIR\u00cb - Arkivi\",\"description\":\"Arkivi 2009-2015\",\"publisher\":{\"@id\":\"https:\\\/\\\/fjala.info\\\/2009-2015\\\/#organization\"},\"potentialAction\":[{\"@type\":\"SearchAction\",\"target\":{\"@type\":\"EntryPoint\",\"urlTemplate\":\"https:\\\/\\\/fjala.info\\\/2009-2015\\\/?s={search_term_string}\"},\"query-input\":{\"@type\":\"PropertyValueSpecification\",\"valueRequired\":true,\"valueName\":\"search_term_string\"}}],\"inLanguage\":\"sq-AL\"},{\"@type\":\"Organization\",\"@id\":\"https:\\\/\\\/fjala.info\\\/2009-2015\\\/#organization\",\"name\":\"FjALA e LIR\u00cb - Arkivi\",\"url\":\"https:\\\/\\\/fjala.info\\\/2009-2015\\\/\",\"logo\":{\"@type\":\"ImageObject\",\"inLanguage\":\"sq-AL\",\"@id\":\"https:\\\/\\\/fjala.info\\\/2009-2015\\\/#\\\/schema\\\/logo\\\/image\\\/\",\"url\":\"\",\"contentUrl\":\"\",\"caption\":\"FjALA e LIR\u00cb - Arkivi\"},\"image\":{\"@id\":\"https:\\\/\\\/fjala.info\\\/2009-2015\\\/#\\\/schema\\\/logo\\\/image\\\/\"}},{\"@type\":\"Person\",\"@id\":\"https:\\\/\\\/fjala.info\\\/2009-2015\\\/#\\\/schema\\\/person\\\/3aa1163ef05469c496fc94e77611ada2\",\"name\":\"admin\",\"image\":{\"@type\":\"ImageObject\",\"inLanguage\":\"sq-AL\",\"@id\":\"https:\\\/\\\/fjala.info\\\/2009-2015\\\/wp-content\\\/uploads\\\/2012\\\/02\\\/arben_cokaj-120x150.jpg\",\"url\":\"https:\\\/\\\/fjala.info\\\/2009-2015\\\/wp-content\\\/uploads\\\/2012\\\/02\\\/arben_cokaj-120x150.jpg\",\"contentUrl\":\"https:\\\/\\\/fjala.info\\\/2009-2015\\\/wp-content\\\/uploads\\\/2012\\\/02\\\/arben_cokaj-120x150.jpg\",\"caption\":\"admin\"},\"description\":\"Admin, Fjala e Lir\u00eb\",\"sameAs\":[\"https:\\\/\\\/fjala.info\\\/\"],\"url\":\"https:\\\/\\\/fjala.info\\\/2009-2015\\\/author\\\/admin\\\/\"}]}<\/script>\n<!-- \/ Yoast SEO plugin. -->","yoast_head_json":{"title":"Nj\u00eb bised\u00eb e fundit me Ramiz Alin\u00eb - FjALA e LIR\u00cb - Arkivi","robots":{"index":"index","follow":"follow","max-snippet":"max-snippet:-1","max-image-preview":"max-image-preview:large","max-video-preview":"max-video-preview:-1"},"canonical":"https:\/\/fjala.info\/2009-2015\/nje-bisede-e-fundit-me-ramiz-aline\/","og_locale":"sq_AL","og_type":"article","og_title":"Nj\u00eb bised\u00eb e fundit me Ramiz Alin\u00eb - FjALA e LIR\u00cb - Arkivi","og_description":"Adrian Thano Kryeredaktor i gazet\u00ebs Shekulli Me t\u00eb ndjerin Alia bisedova n\u00eb telefon rreth nj\u00eb jav\u00eb para se t\u00eb nd\u00ebrronte jet\u00eb. I kisha d\u00ebrguar m\u00eb par\u00eb nj\u00eb mesazh, ku i shkruaja rreth mund\u00ebsis\u00eb p\u00ebr nj\u00eb intervist\u00eb me Shekullin mbi \u00e7\u00ebshtjen e importit t\u00eb plehrave. Dija se ai nuk kishte pranuar t\u00eb firmoste nj\u00eb marr\u00ebveshje t\u00eb [&hellip;]","og_url":"https:\/\/fjala.info\/2009-2015\/nje-bisede-e-fundit-me-ramiz-aline\/","og_site_name":"FjALA e LIR\u00cb - Arkivi","article_published_time":"2011-10-08T23:34:49+00:00","og_image":[{"url":"http:\/\/www.shkoder.net\/images\/fjala\/adrian_thano.jpg","type":"","width":"","height":""}],"author":"admin","twitter_card":"summary_large_image","twitter_misc":{"Written by":"admin","Est. reading time":"4 minutes"},"schema":{"@context":"https:\/\/schema.org","@graph":[{"@type":"Article","@id":"https:\/\/fjala.info\/2009-2015\/nje-bisede-e-fundit-me-ramiz-aline\/#article","isPartOf":{"@id":"https:\/\/fjala.info\/2009-2015\/nje-bisede-e-fundit-me-ramiz-aline\/"},"author":{"name":"admin","@id":"https:\/\/fjala.info\/2009-2015\/#\/schema\/person\/3aa1163ef05469c496fc94e77611ada2"},"headline":"Nj\u00eb bised\u00eb e fundit me Ramiz Alin\u00eb","datePublished":"2011-10-08T23:34:49+00:00","mainEntityOfPage":{"@id":"https:\/\/fjala.info\/2009-2015\/nje-bisede-e-fundit-me-ramiz-aline\/"},"wordCount":820,"commentCount":0,"publisher":{"@id":"https:\/\/fjala.info\/2009-2015\/#organization"},"image":{"@id":"https:\/\/fjala.info\/2009-2015\/nje-bisede-e-fundit-me-ramiz-aline\/#primaryimage"},"thumbnailUrl":"http:\/\/www.shkoder.net\/images\/fjala\/adrian_thano.jpg","articleSection":["Artikuj"],"inLanguage":"sq-AL","potentialAction":[{"@type":"CommentAction","name":"Comment","target":["https:\/\/fjala.info\/2009-2015\/nje-bisede-e-fundit-me-ramiz-aline\/#respond"]}]},{"@type":"WebPage","@id":"https:\/\/fjala.info\/2009-2015\/nje-bisede-e-fundit-me-ramiz-aline\/","url":"https:\/\/fjala.info\/2009-2015\/nje-bisede-e-fundit-me-ramiz-aline\/","name":"Nj\u00eb bised\u00eb e fundit me Ramiz Alin\u00eb - FjALA e LIR\u00cb - Arkivi","isPartOf":{"@id":"https:\/\/fjala.info\/2009-2015\/#website"},"primaryImageOfPage":{"@id":"https:\/\/fjala.info\/2009-2015\/nje-bisede-e-fundit-me-ramiz-aline\/#primaryimage"},"image":{"@id":"https:\/\/fjala.info\/2009-2015\/nje-bisede-e-fundit-me-ramiz-aline\/#primaryimage"},"thumbnailUrl":"http:\/\/www.shkoder.net\/images\/fjala\/adrian_thano.jpg","datePublished":"2011-10-08T23:34:49+00:00","breadcrumb":{"@id":"https:\/\/fjala.info\/2009-2015\/nje-bisede-e-fundit-me-ramiz-aline\/#breadcrumb"},"inLanguage":"sq-AL","potentialAction":[{"@type":"ReadAction","target":["https:\/\/fjala.info\/2009-2015\/nje-bisede-e-fundit-me-ramiz-aline\/"]}]},{"@type":"ImageObject","inLanguage":"sq-AL","@id":"https:\/\/fjala.info\/2009-2015\/nje-bisede-e-fundit-me-ramiz-aline\/#primaryimage","url":"http:\/\/www.shkoder.net\/images\/fjala\/adrian_thano.jpg","contentUrl":"http:\/\/www.shkoder.net\/images\/fjala\/adrian_thano.jpg"},{"@type":"BreadcrumbList","@id":"https:\/\/fjala.info\/2009-2015\/nje-bisede-e-fundit-me-ramiz-aline\/#breadcrumb","itemListElement":[{"@type":"ListItem","position":1,"name":"Home","item":"https:\/\/fjala.info\/2009-2015\/"},{"@type":"ListItem","position":2,"name":"Nj\u00eb bised\u00eb e fundit me Ramiz Alin\u00eb"}]},{"@type":"WebSite","@id":"https:\/\/fjala.info\/2009-2015\/#website","url":"https:\/\/fjala.info\/2009-2015\/","name":"FjALA e LIR\u00cb - Arkivi","description":"Arkivi 2009-2015","publisher":{"@id":"https:\/\/fjala.info\/2009-2015\/#organization"},"potentialAction":[{"@type":"SearchAction","target":{"@type":"EntryPoint","urlTemplate":"https:\/\/fjala.info\/2009-2015\/?s={search_term_string}"},"query-input":{"@type":"PropertyValueSpecification","valueRequired":true,"valueName":"search_term_string"}}],"inLanguage":"sq-AL"},{"@type":"Organization","@id":"https:\/\/fjala.info\/2009-2015\/#organization","name":"FjALA e LIR\u00cb - Arkivi","url":"https:\/\/fjala.info\/2009-2015\/","logo":{"@type":"ImageObject","inLanguage":"sq-AL","@id":"https:\/\/fjala.info\/2009-2015\/#\/schema\/logo\/image\/","url":"","contentUrl":"","caption":"FjALA e LIR\u00cb - Arkivi"},"image":{"@id":"https:\/\/fjala.info\/2009-2015\/#\/schema\/logo\/image\/"}},{"@type":"Person","@id":"https:\/\/fjala.info\/2009-2015\/#\/schema\/person\/3aa1163ef05469c496fc94e77611ada2","name":"admin","image":{"@type":"ImageObject","inLanguage":"sq-AL","@id":"https:\/\/fjala.info\/2009-2015\/wp-content\/uploads\/2012\/02\/arben_cokaj-120x150.jpg","url":"https:\/\/fjala.info\/2009-2015\/wp-content\/uploads\/2012\/02\/arben_cokaj-120x150.jpg","contentUrl":"https:\/\/fjala.info\/2009-2015\/wp-content\/uploads\/2012\/02\/arben_cokaj-120x150.jpg","caption":"admin"},"description":"Admin, Fjala e Lir\u00eb","sameAs":["https:\/\/fjala.info\/"],"url":"https:\/\/fjala.info\/2009-2015\/author\/admin\/"}]}},"_links":{"self":[{"href":"https:\/\/fjala.info\/2009-2015\/wp-json\/wp\/v2\/posts\/10933","targetHints":{"allow":["GET"]}}],"collection":[{"href":"https:\/\/fjala.info\/2009-2015\/wp-json\/wp\/v2\/posts"}],"about":[{"href":"https:\/\/fjala.info\/2009-2015\/wp-json\/wp\/v2\/types\/post"}],"author":[{"embeddable":true,"href":"https:\/\/fjala.info\/2009-2015\/wp-json\/wp\/v2\/users\/1"}],"replies":[{"embeddable":true,"href":"https:\/\/fjala.info\/2009-2015\/wp-json\/wp\/v2\/comments?post=10933"}],"version-history":[{"count":0,"href":"https:\/\/fjala.info\/2009-2015\/wp-json\/wp\/v2\/posts\/10933\/revisions"}],"wp:attachment":[{"href":"https:\/\/fjala.info\/2009-2015\/wp-json\/wp\/v2\/media?parent=10933"}],"wp:term":[{"taxonomy":"category","embeddable":true,"href":"https:\/\/fjala.info\/2009-2015\/wp-json\/wp\/v2\/categories?post=10933"},{"taxonomy":"post_tag","embeddable":true,"href":"https:\/\/fjala.info\/2009-2015\/wp-json\/wp\/v2\/tags?post=10933"}],"curies":[{"name":"wp","href":"https:\/\/api.w.org\/{rel}","templated":true}]}}