{"id":10929,"date":"2011-10-08T07:15:41","date_gmt":"2011-10-08T06:15:41","guid":{"rendered":"http:\/\/fjala.shkoder.net\/?p=10929"},"modified":"2011-10-08T07:15:41","modified_gmt":"2011-10-08T06:15:41","slug":"u-hakmor-ndaj-nesh-duke-jetuar-gjate","status":"publish","type":"post","link":"https:\/\/fjala.info\/2009-2015\/u-hakmor-ndaj-nesh-duke-jetuar-gjate\/","title":{"rendered":"U hakmor ndaj nesh duke jetuar gjat\u00eb"},"content":{"rendered":"<p><img decoding=\"async\" class=\"alignright size-thumbnail wp-image-7236\" title=\"Mero Baze\" src=\"http:\/\/www.shkoder.net\/images\/fjala\/mero_baze1.jpg\" alt=\"\" width=\"150\" \/> Nga <strong>Mero Baze<\/strong>, <em>7 Tetor 2011<\/em><\/p>\n<p>E di q\u00eb \u00ebsht\u00eb pak makabre t\u00eb mos i urosh dikujt jet\u00ebn e gjat\u00eb, por n\u00eb rastin e Ramiz Alis\u00eb, shqiptar\u00ebt kan\u00eb t\u00eb drejt\u00eb t\u00eb shprehen p\u00ebr fatin e tij, pasi ai udh\u00ebhoqi nj\u00eb regjim q\u00eb ndryshoi fatin e tyre, shpesh kund\u00ebr d\u00ebshir\u00ebs s\u00eb tyre dhe t\u00eb Zotit. Pati njer\u00ebz q\u00eb nuk vdiq\u00ebn n\u00eb shtrat si\u00e7 vdiq ai, por n\u00eb burgje, pati t\u00eb tjer\u00eb q\u00eb vdiq\u00ebn n\u00eb telat me gjemba t\u00eb kufijve tan\u00eb t\u00eb mallkuar me Evrop\u00ebn, dhe t\u00eb tjer\u00eb n\u00eb sht\u00ebpit\u00eb e tyre pa prind\u00ebr ose pa f\u00ebmij\u00eb. Ramiz Alia nuk ishte p\u00ebrgjegj\u00ebs p\u00ebr gjith\u00e7ka, por ishte pjes\u00eb e p\u00ebrgjegj\u00ebsis\u00eb s\u00eb madhe p\u00ebr krimet q\u00eb nj\u00eb diktatur\u00eb apo regjim b\u00ebn ndaj popullit t\u00eb vet.<\/p>\n<p>I mbetur n\u00eb krye t\u00eb regjimit n\u00eb dit\u00ebt e l\u00ebngat\u00ebs s\u00eb diktatur\u00ebs, ai vlen t\u00eb kujtohet si njeri q\u00eb s\u2019pati vullnet t\u00eb b\u00ebj\u00eb gj\u00ebma t\u00eb m\u00ebdha si\u00e7 mund t\u00eb kishte b\u00ebr\u00eb Enver Hoxha, Mehmet Shehu, Hysni Kapo apo kushdo tjet\u00ebr nga njer\u00ebzit e vij\u00ebs s\u00eb ashp\u00ebr t\u00eb komunizmit. Un\u00eb e kam p\u00ebrjetuar si student zbutjen dhe shk\u00ebrmoqjen e regjimit, kam p\u00ebrjetuar frym\u00ebmarrjen dhe puhiz\u00ebn q\u00eb frynte her\u00eb pas here nga p\u00ebrpjekjet plot dyshim t\u00eb tij, dhe n\u00eb fund si gjith\u00eb brezi im kemi p\u00ebrjetuar 8 Dhjetorin dhe shpalljen e pluralizmit. Pas k\u00ebsaj date, Ramiz Alia ishte thjesht nj\u00eb president n\u00eb detyr\u00eb, nj\u00eb president protokollar, dhe fal\u00eb k\u00ebtij pozicioni regjimi k\u00ebtu ra pa gjak, pasi askush nuk kishte k\u00eb t\u00eb vriste n\u00eb em\u00ebr t\u00eb pushtetit dhe askush nuk kishte n\u00eb mendje hakmarrjen n\u00eb em\u00ebr t\u00eb plag\u00ebve t\u00eb diktatur\u00ebs.<\/p>\n<p>\u00cbsht\u00eb kjo arsyeja q\u00eb un\u00eb kam sot nj\u00eb trazim jo njer\u00ebzor, kur them se Ramiz Alia u hakmor ndaj nesh duke jetuar m\u00eb gjat\u00eb se duhej. Ai iku m\u00ebnjane historis\u00eb, n\u00eb lagjen e tij n\u00eb periferi t\u00eb Bllokut dhe rikthehej n\u00eb politik\u00eb sa her\u00eb e th\u00ebrriste me dhun\u00eb Sali Berisha, her\u00eb duke e \u00e7uar n\u00eb gjyqe ku nuk vendosej drejt\u00ebsi dhe her\u00eb duke ngritur p\u00ebr t\u00eb komisione hetimore si\u00e7 ishte turpi p\u00ebr Masakr\u00ebn e Tivarit. Ne, sidomos brezi i ri i viteve \u201890-t\u00eb, 20 vite pas shpalljes s\u00eb pluralizmit, ndjehemi keq q\u00eb Ramiz Alia ka par\u00eb \u00e7far\u00eb gatuam k\u00ebto 20 vjet.<\/p>\n<p>Ndjehemi keq q\u00eb Zoti k\u00ebtij njeriu i dha sh\u00ebndet, dhe ai pa se si ne degraduam \u00ebndrr\u00ebn e shqiptar\u00ebve p\u00ebr t\u00eb shkuar n\u00eb Evrop\u00eb, si degraduam parimet p\u00ebr t\u00eb cilat dol\u00ebn n\u00eb rrug\u00eb student\u00ebt m\u00eb 8 Dhjetor, si degraduam pluralizmin, lirin\u00eb e medies, drejt\u00ebsin\u00eb, pronat q\u00eb na kishte marr\u00eb dhe ruajtur regjimi komunist, dhe mbi t\u00eb gjitha si degraduam dhe vet\u00eb historin\u00eb e komunizmit. Ramiz Alia vdiq pa shkruar asnj\u00eb t\u00eb v\u00ebrtet\u00eb p\u00ebr komunizmin, dhe kjo \u00ebsht\u00eb tipike komuniste, por k\u00ebta njer\u00ebz q\u00eb na udh\u00ebheqin, q\u00eb kan\u00eb qen\u00eb brezi i dyt\u00eb i sh\u00ebrb\u00ebtor\u00ebve t\u00eb komunizmit, po mbret\u00ebrojn\u00eb duke qen\u00eb nj\u00ebri n\u00eb fotografi n\u00eb vark\u00eb dhe dhom\u00eb me oxhak me f\u00ebmij\u00ebt e Enver Hoxh\u00ebs, tjetri mes Enverit e Ramizit e t\u00eb tjer\u00eb n\u00eb rresht pas tyre.<\/p>\n<p>Por mbi t\u00eb gjitha Ramiz Alia vdiq duke na par\u00eb se ndryshe nga ai, ne vram\u00eb 4 qytetar\u00eb q\u00eb dol\u00ebn t\u00eb protestojn\u00eb p\u00ebr arsye politike me duar n\u00eb xhepa para kryeministris\u00eb. Pasardh\u00ebsi i Ramiz Alis\u00eb n\u00eb Presidenc\u00eb, Sali Berisha, futi vendin n\u00eb luft\u00eb civile n\u00eb vitin 1997 p\u00ebr t\u00eb mos dor\u00ebzuar pushtetin dhe fal\u00eb fuqive per\u00ebndimore e dor\u00ebzoi at\u00eb mes anarkis\u00eb dhe dhun\u00ebs, nd\u00ebrsa i nj\u00ebjti njeri, pra pasardh\u00ebsi i Ramiz Alis\u00eb vrau kat\u00ebr qytetar\u00eb m\u00eb 21 Janar t\u00eb k\u00ebtij viti vet\u00ebm pse ata protestuan para zyr\u00ebs \u00eb tij. Edhe pse makabre do t\u00eb doja q\u00eb ish Presidenti Ramiz Alia t\u00eb mos jetonte kaq gjat\u00eb dhe t\u00eb krahasonte veten e tij si komunisti i fundit demokrat, me demokratin e par\u00eb komunist t\u00eb k\u00ebtij vendi, Sali Berish\u00ebn.<\/p>\n<p>Un\u00eb e besoj se Ramiz Alia \u00ebsht\u00eb trishtuar kur ka par\u00eb q\u00eb jan\u00eb vrar\u00eb kat\u00ebr vet\u00eb, por se\u00e7 kam nj\u00eb parandjenj\u00eb dhe me ciniz\u00ebm ka kujtuar se ai dor\u00ebzoi nj\u00eb regjim t\u00eb t\u00ebr\u00eb diktatorial, p\u00ebrmbysi nj\u00eb simbol t\u00eb tmerrsh\u00ebm t\u00eb saj n\u00eb shesh si\u00e7 ishte rr\u00ebzimi i bustit t\u00eb Enver Hoxh\u00ebs dhe nuk vrau ask\u00ebnd. Nd\u00ebrsa Sali Berisha vet\u00ebm se mij\u00ebra njer\u00ebz protestuan para zyr\u00ebs s\u00eb tij p\u00ebr varf\u00ebrin\u00eb ku i ka katandisur rr\u00ebgjimi i tij, p\u00ebr pushtetin e Familjes s\u00eb tij, p\u00ebr b\u00ebmat dhe gj\u00ebmat e vajz\u00ebs dhe djalit t\u00eb tij n\u00eb biznese shpesh vdekjeprur\u00ebse, dhe ai nuk e mbajti dot veten, q\u00eblloi dhe vrau.<\/p>\n<p>Nuk do t\u00eb desha t\u00eb jetonte kaq gjat\u00eb Ramiz Alia p\u00ebr gjith\u00eb turpet q\u00eb ne kemi b\u00ebr\u00eb k\u00ebto 20 vite, q\u00eb u premtuam shqiptar\u00ebve demokraci, shtet ligjor dhe \u00ebndrr\u00ebn ton\u00eb evropiane. P\u00ebr fatin ton\u00eb t\u00eb keq dhe fatin e tij t\u00eb mir\u00eb ai jetoi dhe na pa se \u00e7\u2019b\u00ebm\u00eb pas tij. U hakmor ndaj nesh duke jetuar gjat\u00eb p\u00ebr t\u00eb na l\u00ebn\u00eb ta b\u00ebjm\u00eb vet\u00eb diferenc\u00ebn mes komunistit t\u00eb fundit q\u00eb lejoi demokracin\u00eb dhe \u201cdemokratit\u201d t\u00eb par\u00eb q\u00eb po sillet si komunist me \u00ebndrr\u00ebn ton\u00eb p\u00ebr ta b\u00ebr\u00eb Shqip\u00ebrin\u00eb si Evropa.<\/p>\n","protected":false},"excerpt":{"rendered":"<p>Nga Mero Baze, 7 Tetor 2011 E di q\u00eb \u00ebsht\u00eb pak makabre t\u00eb mos i urosh dikujt jet\u00ebn e gjat\u00eb, por n\u00eb rastin e Ramiz Alis\u00eb, shqiptar\u00ebt kan\u00eb t\u00eb drejt\u00eb t\u00eb shprehen p\u00ebr fatin e tij, pasi ai udh\u00ebhoqi nj\u00eb regjim q\u00eb ndryshoi fatin e tyre, shpesh kund\u00ebr d\u00ebshir\u00ebs s\u00eb tyre dhe t\u00eb Zotit. Pati [&hellip;]<\/p>\n","protected":false},"author":1,"featured_media":0,"comment_status":"open","ping_status":"closed","sticky":false,"template":"","format":"standard","meta":{"footnotes":""},"categories":[2],"tags":[],"class_list":{"0":"post-10929","1":"post","2":"type-post","3":"status-publish","4":"format-standard","6":"category-artikuj"},"yoast_head":"<!-- This site is optimized with the Yoast SEO plugin v27.4 - https:\/\/yoast.com\/product\/yoast-seo-wordpress\/ -->\n<title>U hakmor ndaj nesh duke jetuar gjat\u00eb - FjALA e LIR\u00cb - Arkivi<\/title>\n<meta name=\"robots\" content=\"index, follow, max-snippet:-1, max-image-preview:large, max-video-preview:-1\" \/>\n<link rel=\"canonical\" href=\"https:\/\/fjala.info\/2009-2015\/u-hakmor-ndaj-nesh-duke-jetuar-gjate\/\" \/>\n<meta property=\"og:locale\" content=\"sq_AL\" \/>\n<meta property=\"og:type\" content=\"article\" \/>\n<meta property=\"og:title\" content=\"U hakmor ndaj nesh duke jetuar gjat\u00eb - FjALA e LIR\u00cb - Arkivi\" \/>\n<meta property=\"og:description\" content=\"Nga Mero Baze, 7 Tetor 2011 E di q\u00eb \u00ebsht\u00eb pak makabre t\u00eb mos i urosh dikujt jet\u00ebn e gjat\u00eb, por n\u00eb rastin e Ramiz Alis\u00eb, shqiptar\u00ebt kan\u00eb t\u00eb drejt\u00eb t\u00eb shprehen p\u00ebr fatin e tij, pasi ai udh\u00ebhoqi nj\u00eb regjim q\u00eb ndryshoi fatin e tyre, shpesh kund\u00ebr d\u00ebshir\u00ebs s\u00eb tyre dhe t\u00eb Zotit. Pati [&hellip;]\" \/>\n<meta property=\"og:url\" content=\"https:\/\/fjala.info\/2009-2015\/u-hakmor-ndaj-nesh-duke-jetuar-gjate\/\" \/>\n<meta property=\"og:site_name\" content=\"FjALA e LIR\u00cb - Arkivi\" \/>\n<meta property=\"article:published_time\" content=\"2011-10-08T06:15:41+00:00\" \/>\n<meta property=\"og:image\" content=\"http:\/\/www.shkoder.net\/images\/fjala\/mero_baze1.jpg\" \/>\n<meta name=\"author\" content=\"admin\" \/>\n<meta name=\"twitter:card\" content=\"summary_large_image\" \/>\n<meta name=\"twitter:label1\" content=\"Written by\" \/>\n\t<meta name=\"twitter:data1\" content=\"admin\" \/>\n\t<meta name=\"twitter:label2\" content=\"Est. reading time\" \/>\n\t<meta name=\"twitter:data2\" content=\"5 minutes\" \/>\n<script type=\"application\/ld+json\" class=\"yoast-schema-graph\">{\"@context\":\"https:\\\/\\\/schema.org\",\"@graph\":[{\"@type\":\"Article\",\"@id\":\"https:\\\/\\\/fjala.info\\\/2009-2015\\\/u-hakmor-ndaj-nesh-duke-jetuar-gjate\\\/#article\",\"isPartOf\":{\"@id\":\"https:\\\/\\\/fjala.info\\\/2009-2015\\\/u-hakmor-ndaj-nesh-duke-jetuar-gjate\\\/\"},\"author\":{\"name\":\"admin\",\"@id\":\"https:\\\/\\\/fjala.info\\\/2009-2015\\\/#\\\/schema\\\/person\\\/3aa1163ef05469c496fc94e77611ada2\"},\"headline\":\"U hakmor ndaj nesh duke jetuar gjat\u00eb\",\"datePublished\":\"2011-10-08T06:15:41+00:00\",\"mainEntityOfPage\":{\"@id\":\"https:\\\/\\\/fjala.info\\\/2009-2015\\\/u-hakmor-ndaj-nesh-duke-jetuar-gjate\\\/\"},\"wordCount\":938,\"commentCount\":0,\"publisher\":{\"@id\":\"https:\\\/\\\/fjala.info\\\/2009-2015\\\/#organization\"},\"image\":{\"@id\":\"https:\\\/\\\/fjala.info\\\/2009-2015\\\/u-hakmor-ndaj-nesh-duke-jetuar-gjate\\\/#primaryimage\"},\"thumbnailUrl\":\"http:\\\/\\\/www.shkoder.net\\\/images\\\/fjala\\\/mero_baze1.jpg\",\"articleSection\":[\"Artikuj\"],\"inLanguage\":\"sq-AL\",\"potentialAction\":[{\"@type\":\"CommentAction\",\"name\":\"Comment\",\"target\":[\"https:\\\/\\\/fjala.info\\\/2009-2015\\\/u-hakmor-ndaj-nesh-duke-jetuar-gjate\\\/#respond\"]}]},{\"@type\":\"WebPage\",\"@id\":\"https:\\\/\\\/fjala.info\\\/2009-2015\\\/u-hakmor-ndaj-nesh-duke-jetuar-gjate\\\/\",\"url\":\"https:\\\/\\\/fjala.info\\\/2009-2015\\\/u-hakmor-ndaj-nesh-duke-jetuar-gjate\\\/\",\"name\":\"U hakmor ndaj nesh duke jetuar gjat\u00eb - FjALA e LIR\u00cb - Arkivi\",\"isPartOf\":{\"@id\":\"https:\\\/\\\/fjala.info\\\/2009-2015\\\/#website\"},\"primaryImageOfPage\":{\"@id\":\"https:\\\/\\\/fjala.info\\\/2009-2015\\\/u-hakmor-ndaj-nesh-duke-jetuar-gjate\\\/#primaryimage\"},\"image\":{\"@id\":\"https:\\\/\\\/fjala.info\\\/2009-2015\\\/u-hakmor-ndaj-nesh-duke-jetuar-gjate\\\/#primaryimage\"},\"thumbnailUrl\":\"http:\\\/\\\/www.shkoder.net\\\/images\\\/fjala\\\/mero_baze1.jpg\",\"datePublished\":\"2011-10-08T06:15:41+00:00\",\"breadcrumb\":{\"@id\":\"https:\\\/\\\/fjala.info\\\/2009-2015\\\/u-hakmor-ndaj-nesh-duke-jetuar-gjate\\\/#breadcrumb\"},\"inLanguage\":\"sq-AL\",\"potentialAction\":[{\"@type\":\"ReadAction\",\"target\":[\"https:\\\/\\\/fjala.info\\\/2009-2015\\\/u-hakmor-ndaj-nesh-duke-jetuar-gjate\\\/\"]}]},{\"@type\":\"ImageObject\",\"inLanguage\":\"sq-AL\",\"@id\":\"https:\\\/\\\/fjala.info\\\/2009-2015\\\/u-hakmor-ndaj-nesh-duke-jetuar-gjate\\\/#primaryimage\",\"url\":\"http:\\\/\\\/www.shkoder.net\\\/images\\\/fjala\\\/mero_baze1.jpg\",\"contentUrl\":\"http:\\\/\\\/www.shkoder.net\\\/images\\\/fjala\\\/mero_baze1.jpg\"},{\"@type\":\"BreadcrumbList\",\"@id\":\"https:\\\/\\\/fjala.info\\\/2009-2015\\\/u-hakmor-ndaj-nesh-duke-jetuar-gjate\\\/#breadcrumb\",\"itemListElement\":[{\"@type\":\"ListItem\",\"position\":1,\"name\":\"Home\",\"item\":\"https:\\\/\\\/fjala.info\\\/2009-2015\\\/\"},{\"@type\":\"ListItem\",\"position\":2,\"name\":\"U hakmor ndaj nesh duke jetuar gjat\u00eb\"}]},{\"@type\":\"WebSite\",\"@id\":\"https:\\\/\\\/fjala.info\\\/2009-2015\\\/#website\",\"url\":\"https:\\\/\\\/fjala.info\\\/2009-2015\\\/\",\"name\":\"FjALA e LIR\u00cb - Arkivi\",\"description\":\"Arkivi 2009-2015\",\"publisher\":{\"@id\":\"https:\\\/\\\/fjala.info\\\/2009-2015\\\/#organization\"},\"potentialAction\":[{\"@type\":\"SearchAction\",\"target\":{\"@type\":\"EntryPoint\",\"urlTemplate\":\"https:\\\/\\\/fjala.info\\\/2009-2015\\\/?s={search_term_string}\"},\"query-input\":{\"@type\":\"PropertyValueSpecification\",\"valueRequired\":true,\"valueName\":\"search_term_string\"}}],\"inLanguage\":\"sq-AL\"},{\"@type\":\"Organization\",\"@id\":\"https:\\\/\\\/fjala.info\\\/2009-2015\\\/#organization\",\"name\":\"FjALA e LIR\u00cb - Arkivi\",\"url\":\"https:\\\/\\\/fjala.info\\\/2009-2015\\\/\",\"logo\":{\"@type\":\"ImageObject\",\"inLanguage\":\"sq-AL\",\"@id\":\"https:\\\/\\\/fjala.info\\\/2009-2015\\\/#\\\/schema\\\/logo\\\/image\\\/\",\"url\":\"\",\"contentUrl\":\"\",\"caption\":\"FjALA e LIR\u00cb - Arkivi\"},\"image\":{\"@id\":\"https:\\\/\\\/fjala.info\\\/2009-2015\\\/#\\\/schema\\\/logo\\\/image\\\/\"}},{\"@type\":\"Person\",\"@id\":\"https:\\\/\\\/fjala.info\\\/2009-2015\\\/#\\\/schema\\\/person\\\/3aa1163ef05469c496fc94e77611ada2\",\"name\":\"admin\",\"image\":{\"@type\":\"ImageObject\",\"inLanguage\":\"sq-AL\",\"@id\":\"https:\\\/\\\/fjala.info\\\/2009-2015\\\/wp-content\\\/uploads\\\/2012\\\/02\\\/arben_cokaj-120x150.jpg\",\"url\":\"https:\\\/\\\/fjala.info\\\/2009-2015\\\/wp-content\\\/uploads\\\/2012\\\/02\\\/arben_cokaj-120x150.jpg\",\"contentUrl\":\"https:\\\/\\\/fjala.info\\\/2009-2015\\\/wp-content\\\/uploads\\\/2012\\\/02\\\/arben_cokaj-120x150.jpg\",\"caption\":\"admin\"},\"description\":\"Admin, Fjala e Lir\u00eb\",\"sameAs\":[\"https:\\\/\\\/fjala.info\\\/\"],\"url\":\"https:\\\/\\\/fjala.info\\\/2009-2015\\\/author\\\/admin\\\/\"}]}<\/script>\n<!-- \/ Yoast SEO plugin. -->","yoast_head_json":{"title":"U hakmor ndaj nesh duke jetuar gjat\u00eb - FjALA e LIR\u00cb - Arkivi","robots":{"index":"index","follow":"follow","max-snippet":"max-snippet:-1","max-image-preview":"max-image-preview:large","max-video-preview":"max-video-preview:-1"},"canonical":"https:\/\/fjala.info\/2009-2015\/u-hakmor-ndaj-nesh-duke-jetuar-gjate\/","og_locale":"sq_AL","og_type":"article","og_title":"U hakmor ndaj nesh duke jetuar gjat\u00eb - FjALA e LIR\u00cb - Arkivi","og_description":"Nga Mero Baze, 7 Tetor 2011 E di q\u00eb \u00ebsht\u00eb pak makabre t\u00eb mos i urosh dikujt jet\u00ebn e gjat\u00eb, por n\u00eb rastin e Ramiz Alis\u00eb, shqiptar\u00ebt kan\u00eb t\u00eb drejt\u00eb t\u00eb shprehen p\u00ebr fatin e tij, pasi ai udh\u00ebhoqi nj\u00eb regjim q\u00eb ndryshoi fatin e tyre, shpesh kund\u00ebr d\u00ebshir\u00ebs s\u00eb tyre dhe t\u00eb Zotit. Pati [&hellip;]","og_url":"https:\/\/fjala.info\/2009-2015\/u-hakmor-ndaj-nesh-duke-jetuar-gjate\/","og_site_name":"FjALA e LIR\u00cb - Arkivi","article_published_time":"2011-10-08T06:15:41+00:00","og_image":[{"url":"http:\/\/www.shkoder.net\/images\/fjala\/mero_baze1.jpg","type":"","width":"","height":""}],"author":"admin","twitter_card":"summary_large_image","twitter_misc":{"Written by":"admin","Est. reading time":"5 minutes"},"schema":{"@context":"https:\/\/schema.org","@graph":[{"@type":"Article","@id":"https:\/\/fjala.info\/2009-2015\/u-hakmor-ndaj-nesh-duke-jetuar-gjate\/#article","isPartOf":{"@id":"https:\/\/fjala.info\/2009-2015\/u-hakmor-ndaj-nesh-duke-jetuar-gjate\/"},"author":{"name":"admin","@id":"https:\/\/fjala.info\/2009-2015\/#\/schema\/person\/3aa1163ef05469c496fc94e77611ada2"},"headline":"U hakmor ndaj nesh duke jetuar gjat\u00eb","datePublished":"2011-10-08T06:15:41+00:00","mainEntityOfPage":{"@id":"https:\/\/fjala.info\/2009-2015\/u-hakmor-ndaj-nesh-duke-jetuar-gjate\/"},"wordCount":938,"commentCount":0,"publisher":{"@id":"https:\/\/fjala.info\/2009-2015\/#organization"},"image":{"@id":"https:\/\/fjala.info\/2009-2015\/u-hakmor-ndaj-nesh-duke-jetuar-gjate\/#primaryimage"},"thumbnailUrl":"http:\/\/www.shkoder.net\/images\/fjala\/mero_baze1.jpg","articleSection":["Artikuj"],"inLanguage":"sq-AL","potentialAction":[{"@type":"CommentAction","name":"Comment","target":["https:\/\/fjala.info\/2009-2015\/u-hakmor-ndaj-nesh-duke-jetuar-gjate\/#respond"]}]},{"@type":"WebPage","@id":"https:\/\/fjala.info\/2009-2015\/u-hakmor-ndaj-nesh-duke-jetuar-gjate\/","url":"https:\/\/fjala.info\/2009-2015\/u-hakmor-ndaj-nesh-duke-jetuar-gjate\/","name":"U hakmor ndaj nesh duke jetuar gjat\u00eb - FjALA e LIR\u00cb - Arkivi","isPartOf":{"@id":"https:\/\/fjala.info\/2009-2015\/#website"},"primaryImageOfPage":{"@id":"https:\/\/fjala.info\/2009-2015\/u-hakmor-ndaj-nesh-duke-jetuar-gjate\/#primaryimage"},"image":{"@id":"https:\/\/fjala.info\/2009-2015\/u-hakmor-ndaj-nesh-duke-jetuar-gjate\/#primaryimage"},"thumbnailUrl":"http:\/\/www.shkoder.net\/images\/fjala\/mero_baze1.jpg","datePublished":"2011-10-08T06:15:41+00:00","breadcrumb":{"@id":"https:\/\/fjala.info\/2009-2015\/u-hakmor-ndaj-nesh-duke-jetuar-gjate\/#breadcrumb"},"inLanguage":"sq-AL","potentialAction":[{"@type":"ReadAction","target":["https:\/\/fjala.info\/2009-2015\/u-hakmor-ndaj-nesh-duke-jetuar-gjate\/"]}]},{"@type":"ImageObject","inLanguage":"sq-AL","@id":"https:\/\/fjala.info\/2009-2015\/u-hakmor-ndaj-nesh-duke-jetuar-gjate\/#primaryimage","url":"http:\/\/www.shkoder.net\/images\/fjala\/mero_baze1.jpg","contentUrl":"http:\/\/www.shkoder.net\/images\/fjala\/mero_baze1.jpg"},{"@type":"BreadcrumbList","@id":"https:\/\/fjala.info\/2009-2015\/u-hakmor-ndaj-nesh-duke-jetuar-gjate\/#breadcrumb","itemListElement":[{"@type":"ListItem","position":1,"name":"Home","item":"https:\/\/fjala.info\/2009-2015\/"},{"@type":"ListItem","position":2,"name":"U hakmor ndaj nesh duke jetuar gjat\u00eb"}]},{"@type":"WebSite","@id":"https:\/\/fjala.info\/2009-2015\/#website","url":"https:\/\/fjala.info\/2009-2015\/","name":"FjALA e LIR\u00cb - Arkivi","description":"Arkivi 2009-2015","publisher":{"@id":"https:\/\/fjala.info\/2009-2015\/#organization"},"potentialAction":[{"@type":"SearchAction","target":{"@type":"EntryPoint","urlTemplate":"https:\/\/fjala.info\/2009-2015\/?s={search_term_string}"},"query-input":{"@type":"PropertyValueSpecification","valueRequired":true,"valueName":"search_term_string"}}],"inLanguage":"sq-AL"},{"@type":"Organization","@id":"https:\/\/fjala.info\/2009-2015\/#organization","name":"FjALA e LIR\u00cb - Arkivi","url":"https:\/\/fjala.info\/2009-2015\/","logo":{"@type":"ImageObject","inLanguage":"sq-AL","@id":"https:\/\/fjala.info\/2009-2015\/#\/schema\/logo\/image\/","url":"","contentUrl":"","caption":"FjALA e LIR\u00cb - Arkivi"},"image":{"@id":"https:\/\/fjala.info\/2009-2015\/#\/schema\/logo\/image\/"}},{"@type":"Person","@id":"https:\/\/fjala.info\/2009-2015\/#\/schema\/person\/3aa1163ef05469c496fc94e77611ada2","name":"admin","image":{"@type":"ImageObject","inLanguage":"sq-AL","@id":"https:\/\/fjala.info\/2009-2015\/wp-content\/uploads\/2012\/02\/arben_cokaj-120x150.jpg","url":"https:\/\/fjala.info\/2009-2015\/wp-content\/uploads\/2012\/02\/arben_cokaj-120x150.jpg","contentUrl":"https:\/\/fjala.info\/2009-2015\/wp-content\/uploads\/2012\/02\/arben_cokaj-120x150.jpg","caption":"admin"},"description":"Admin, Fjala e Lir\u00eb","sameAs":["https:\/\/fjala.info\/"],"url":"https:\/\/fjala.info\/2009-2015\/author\/admin\/"}]}},"_links":{"self":[{"href":"https:\/\/fjala.info\/2009-2015\/wp-json\/wp\/v2\/posts\/10929","targetHints":{"allow":["GET"]}}],"collection":[{"href":"https:\/\/fjala.info\/2009-2015\/wp-json\/wp\/v2\/posts"}],"about":[{"href":"https:\/\/fjala.info\/2009-2015\/wp-json\/wp\/v2\/types\/post"}],"author":[{"embeddable":true,"href":"https:\/\/fjala.info\/2009-2015\/wp-json\/wp\/v2\/users\/1"}],"replies":[{"embeddable":true,"href":"https:\/\/fjala.info\/2009-2015\/wp-json\/wp\/v2\/comments?post=10929"}],"version-history":[{"count":0,"href":"https:\/\/fjala.info\/2009-2015\/wp-json\/wp\/v2\/posts\/10929\/revisions"}],"wp:attachment":[{"href":"https:\/\/fjala.info\/2009-2015\/wp-json\/wp\/v2\/media?parent=10929"}],"wp:term":[{"taxonomy":"category","embeddable":true,"href":"https:\/\/fjala.info\/2009-2015\/wp-json\/wp\/v2\/categories?post=10929"},{"taxonomy":"post_tag","embeddable":true,"href":"https:\/\/fjala.info\/2009-2015\/wp-json\/wp\/v2\/tags?post=10929"}],"curies":[{"name":"wp","href":"https:\/\/api.w.org\/{rel}","templated":true}]}}