{"id":10921,"date":"2011-10-07T21:07:21","date_gmt":"2011-10-07T20:07:21","guid":{"rendered":"http:\/\/fjala.shkoder.net\/?p=10921"},"modified":"2011-10-07T21:07:21","modified_gmt":"2011-10-07T20:07:21","slug":"kjo-eshte-urrejtje-greket-ndezin-luften-me-gjermanine","status":"publish","type":"post","link":"https:\/\/fjala.info\/2009-2015\/kjo-eshte-urrejtje-greket-ndezin-luften-me-gjermanine\/","title":{"rendered":"Kjo \u00ebsht\u00eb urrejtje! Grek\u00ebt ndezin luft\u00ebn me Gjermanin\u00eb"},"content":{"rendered":"<p><img decoding=\"async\" class=\"alignright size-thumbnail wp-image-7236\" title=\"Hitler - Merkel\" src=\"http:\/\/www.shkoder.net\/images\/fjala\/2011\/hitler_merkel.jpg\" alt=\"\" width=\"300\" \/> <strong>TemA<\/strong>, <em>7 Tetor 2011<\/em><\/p>\n<p>\u00cbsht\u00eb v\u00ebshtir\u00eb t\u00eb kaloj\u00eb nj\u00eb dit\u00eb n\u00eb median gjermane pa nj\u00eb shkrim kund\u00ebr grek\u00ebve. Por edhe k\u00ebta t\u00eb fundit nuk kan\u00eb t\u00eb ndaluar. Gjerman\u00ebt i quajn\u00eb grek\u00ebt d\u00ebshtak\u00eb, mosmir\u00ebnjoh\u00ebs, t\u00eb korruptuar e t\u00eb pap\u00ebrgjegjsh\u00ebm. Kurse grek\u00ebt u p\u00ebrgjigjen duke u kujtuar nazizmin.<\/p>\n<p>Nj\u00eb fotomontazh ku duket Hitleri me kancelaren Angela Merkel \u00ebsht\u00eb b\u00ebr\u00eb lajtmotivi i protest\u00ebs s\u00eb grek\u00ebve p\u00ebrpara ambasad\u00ebs gjermane, n\u00eb prag t\u00eb vizit\u00ebs s\u00eb z\u00ebvend\u00ebskancelarit Filip Rosler. Kancelaria mban v\u00ebth\u00eb me kryqin nazist nd\u00ebrsa p\u00ebrqafon Hitlerin. Por nuk ndalet me kaq.<\/p>\n<p>N\u00eb televizionin Mega, Rosler \u00ebsht\u00eb fyer n\u00eb emisionin e m\u00ebngjesit. \u201c\u00c7far\u00eb do ky gjermano- japonez n\u00eb Greqi? Gjermania e Japonia jan\u00eb aksi i Luft\u00ebs s\u00eb Dyt\u00eb Bot\u00ebrore, k\u00ebta jan\u00eb nazist\u00ebt\u201d, deklaroi moderatori.<\/p>\n<p>N\u00eb gazet\u00ebn \u201cTo Vima\u201d shkruhet: \u201cN\u00ebse Gjermania do na kishte paguar reparacionet nga Lufta e Dyt\u00eb Bot\u00ebrore, Greqia nuk do kishte probleme kaq t\u00eb m\u00ebdha me borxhet\u201d.<\/p>\n<p>Kurse gazeta \u201cEthnos\u201d duke publikuar nj\u00eb foto t\u00eb Oktoberfest, shkruan: \u201cGjerman\u00ebt dehen n\u00eb kurriz t\u00eb t\u00eb tjer\u00ebve. Ata pin\u00eb p\u00ebr sh\u00ebndetin e BE- ne vuajm\u00eb n\u00ebn urdhrat e tyre. Duket se e kan\u00eb si zanat k\u00ebt\u00eb\u201d.<\/p>\n<p>N\u00eb nj\u00eb spot radiofonik t\u00eb sindikatave thuhet: \u201cAn\u00ebtar\u00ebsohuni n\u00eb sindikat\u00eb. Nazist\u00ebt po vijn\u00eb, ne do ju mbrojm\u00eb\u201d.<\/p>\n<p>Nd\u00ebrsa z\u00ebvend\u00ebskryeministri Theodors Pangalos n\u00eb nj\u00eb intervist\u00eb tha: \u201cGjerman\u00ebt na kan\u00eb vjedhur arin e parat\u00eb n\u00eb Luft\u00ebn e Dyt\u00eb Bot\u00ebrore. Ata jan\u00eb racist\u00eb dhe moralizues\u201d.<\/p>\n","protected":false},"excerpt":{"rendered":"<p>TemA, 7 Tetor 2011 \u00cbsht\u00eb v\u00ebshtir\u00eb t\u00eb kaloj\u00eb nj\u00eb dit\u00eb n\u00eb median gjermane pa nj\u00eb shkrim kund\u00ebr grek\u00ebve. Por edhe k\u00ebta t\u00eb fundit nuk kan\u00eb t\u00eb ndaluar. Gjerman\u00ebt i quajn\u00eb grek\u00ebt d\u00ebshtak\u00eb, mosmir\u00ebnjoh\u00ebs, t\u00eb korruptuar e t\u00eb pap\u00ebrgjegjsh\u00ebm. Kurse grek\u00ebt u p\u00ebrgjigjen duke u kujtuar nazizmin. Nj\u00eb fotomontazh ku duket Hitleri me kancelaren Angela Merkel [&hellip;]<\/p>\n","protected":false},"author":1,"featured_media":0,"comment_status":"open","ping_status":"closed","sticky":false,"template":"","format":"standard","meta":{"footnotes":""},"categories":[2],"tags":[],"class_list":{"0":"post-10921","1":"post","2":"type-post","3":"status-publish","4":"format-standard","6":"category-artikuj"},"yoast_head":"<!-- This site is optimized with the Yoast SEO plugin v27.4 - https:\/\/yoast.com\/product\/yoast-seo-wordpress\/ -->\n<title>Kjo \u00ebsht\u00eb urrejtje! Grek\u00ebt ndezin luft\u00ebn me Gjermanin\u00eb - FjALA e LIR\u00cb - Arkivi<\/title>\n<meta name=\"robots\" content=\"index, follow, max-snippet:-1, max-image-preview:large, max-video-preview:-1\" \/>\n<link rel=\"canonical\" href=\"https:\/\/fjala.info\/2009-2015\/kjo-eshte-urrejtje-greket-ndezin-luften-me-gjermanine\/\" \/>\n<meta property=\"og:locale\" content=\"sq_AL\" \/>\n<meta property=\"og:type\" content=\"article\" \/>\n<meta property=\"og:title\" content=\"Kjo \u00ebsht\u00eb urrejtje! Grek\u00ebt ndezin luft\u00ebn me Gjermanin\u00eb - FjALA e LIR\u00cb - Arkivi\" \/>\n<meta property=\"og:description\" content=\"TemA, 7 Tetor 2011 \u00cbsht\u00eb v\u00ebshtir\u00eb t\u00eb kaloj\u00eb nj\u00eb dit\u00eb n\u00eb median gjermane pa nj\u00eb shkrim kund\u00ebr grek\u00ebve. Por edhe k\u00ebta t\u00eb fundit nuk kan\u00eb t\u00eb ndaluar. Gjerman\u00ebt i quajn\u00eb grek\u00ebt d\u00ebshtak\u00eb, mosmir\u00ebnjoh\u00ebs, t\u00eb korruptuar e t\u00eb pap\u00ebrgjegjsh\u00ebm. Kurse grek\u00ebt u p\u00ebrgjigjen duke u kujtuar nazizmin. Nj\u00eb fotomontazh ku duket Hitleri me kancelaren Angela Merkel [&hellip;]\" \/>\n<meta property=\"og:url\" content=\"https:\/\/fjala.info\/2009-2015\/kjo-eshte-urrejtje-greket-ndezin-luften-me-gjermanine\/\" \/>\n<meta property=\"og:site_name\" content=\"FjALA e LIR\u00cb - Arkivi\" \/>\n<meta property=\"article:published_time\" content=\"2011-10-07T20:07:21+00:00\" \/>\n<meta property=\"og:image\" content=\"http:\/\/www.shkoder.net\/images\/fjala\/2011\/hitler_merkel.jpg\" \/>\n<meta name=\"author\" content=\"admin\" \/>\n<meta name=\"twitter:card\" content=\"summary_large_image\" \/>\n<meta name=\"twitter:label1\" content=\"Written by\" \/>\n\t<meta name=\"twitter:data1\" content=\"admin\" \/>\n\t<meta name=\"twitter:label2\" content=\"Est. reading time\" \/>\n\t<meta name=\"twitter:data2\" content=\"1 minute\" \/>\n<script type=\"application\/ld+json\" class=\"yoast-schema-graph\">{\"@context\":\"https:\\\/\\\/schema.org\",\"@graph\":[{\"@type\":\"Article\",\"@id\":\"https:\\\/\\\/fjala.info\\\/2009-2015\\\/kjo-eshte-urrejtje-greket-ndezin-luften-me-gjermanine\\\/#article\",\"isPartOf\":{\"@id\":\"https:\\\/\\\/fjala.info\\\/2009-2015\\\/kjo-eshte-urrejtje-greket-ndezin-luften-me-gjermanine\\\/\"},\"author\":{\"name\":\"admin\",\"@id\":\"https:\\\/\\\/fjala.info\\\/2009-2015\\\/#\\\/schema\\\/person\\\/3aa1163ef05469c496fc94e77611ada2\"},\"headline\":\"Kjo \u00ebsht\u00eb urrejtje! Grek\u00ebt ndezin luft\u00ebn me Gjermanin\u00eb\",\"datePublished\":\"2011-10-07T20:07:21+00:00\",\"mainEntityOfPage\":{\"@id\":\"https:\\\/\\\/fjala.info\\\/2009-2015\\\/kjo-eshte-urrejtje-greket-ndezin-luften-me-gjermanine\\\/\"},\"wordCount\":280,\"commentCount\":0,\"publisher\":{\"@id\":\"https:\\\/\\\/fjala.info\\\/2009-2015\\\/#organization\"},\"image\":{\"@id\":\"https:\\\/\\\/fjala.info\\\/2009-2015\\\/kjo-eshte-urrejtje-greket-ndezin-luften-me-gjermanine\\\/#primaryimage\"},\"thumbnailUrl\":\"http:\\\/\\\/www.shkoder.net\\\/images\\\/fjala\\\/2011\\\/hitler_merkel.jpg\",\"articleSection\":[\"Artikuj\"],\"inLanguage\":\"sq-AL\",\"potentialAction\":[{\"@type\":\"CommentAction\",\"name\":\"Comment\",\"target\":[\"https:\\\/\\\/fjala.info\\\/2009-2015\\\/kjo-eshte-urrejtje-greket-ndezin-luften-me-gjermanine\\\/#respond\"]}]},{\"@type\":\"WebPage\",\"@id\":\"https:\\\/\\\/fjala.info\\\/2009-2015\\\/kjo-eshte-urrejtje-greket-ndezin-luften-me-gjermanine\\\/\",\"url\":\"https:\\\/\\\/fjala.info\\\/2009-2015\\\/kjo-eshte-urrejtje-greket-ndezin-luften-me-gjermanine\\\/\",\"name\":\"Kjo \u00ebsht\u00eb urrejtje! Grek\u00ebt ndezin luft\u00ebn me Gjermanin\u00eb - FjALA e LIR\u00cb - Arkivi\",\"isPartOf\":{\"@id\":\"https:\\\/\\\/fjala.info\\\/2009-2015\\\/#website\"},\"primaryImageOfPage\":{\"@id\":\"https:\\\/\\\/fjala.info\\\/2009-2015\\\/kjo-eshte-urrejtje-greket-ndezin-luften-me-gjermanine\\\/#primaryimage\"},\"image\":{\"@id\":\"https:\\\/\\\/fjala.info\\\/2009-2015\\\/kjo-eshte-urrejtje-greket-ndezin-luften-me-gjermanine\\\/#primaryimage\"},\"thumbnailUrl\":\"http:\\\/\\\/www.shkoder.net\\\/images\\\/fjala\\\/2011\\\/hitler_merkel.jpg\",\"datePublished\":\"2011-10-07T20:07:21+00:00\",\"breadcrumb\":{\"@id\":\"https:\\\/\\\/fjala.info\\\/2009-2015\\\/kjo-eshte-urrejtje-greket-ndezin-luften-me-gjermanine\\\/#breadcrumb\"},\"inLanguage\":\"sq-AL\",\"potentialAction\":[{\"@type\":\"ReadAction\",\"target\":[\"https:\\\/\\\/fjala.info\\\/2009-2015\\\/kjo-eshte-urrejtje-greket-ndezin-luften-me-gjermanine\\\/\"]}]},{\"@type\":\"ImageObject\",\"inLanguage\":\"sq-AL\",\"@id\":\"https:\\\/\\\/fjala.info\\\/2009-2015\\\/kjo-eshte-urrejtje-greket-ndezin-luften-me-gjermanine\\\/#primaryimage\",\"url\":\"http:\\\/\\\/www.shkoder.net\\\/images\\\/fjala\\\/2011\\\/hitler_merkel.jpg\",\"contentUrl\":\"http:\\\/\\\/www.shkoder.net\\\/images\\\/fjala\\\/2011\\\/hitler_merkel.jpg\"},{\"@type\":\"BreadcrumbList\",\"@id\":\"https:\\\/\\\/fjala.info\\\/2009-2015\\\/kjo-eshte-urrejtje-greket-ndezin-luften-me-gjermanine\\\/#breadcrumb\",\"itemListElement\":[{\"@type\":\"ListItem\",\"position\":1,\"name\":\"Home\",\"item\":\"https:\\\/\\\/fjala.info\\\/2009-2015\\\/\"},{\"@type\":\"ListItem\",\"position\":2,\"name\":\"Kjo \u00ebsht\u00eb urrejtje! Grek\u00ebt ndezin luft\u00ebn me Gjermanin\u00eb\"}]},{\"@type\":\"WebSite\",\"@id\":\"https:\\\/\\\/fjala.info\\\/2009-2015\\\/#website\",\"url\":\"https:\\\/\\\/fjala.info\\\/2009-2015\\\/\",\"name\":\"FjALA e LIR\u00cb - Arkivi\",\"description\":\"Arkivi 2009-2015\",\"publisher\":{\"@id\":\"https:\\\/\\\/fjala.info\\\/2009-2015\\\/#organization\"},\"potentialAction\":[{\"@type\":\"SearchAction\",\"target\":{\"@type\":\"EntryPoint\",\"urlTemplate\":\"https:\\\/\\\/fjala.info\\\/2009-2015\\\/?s={search_term_string}\"},\"query-input\":{\"@type\":\"PropertyValueSpecification\",\"valueRequired\":true,\"valueName\":\"search_term_string\"}}],\"inLanguage\":\"sq-AL\"},{\"@type\":\"Organization\",\"@id\":\"https:\\\/\\\/fjala.info\\\/2009-2015\\\/#organization\",\"name\":\"FjALA e LIR\u00cb - Arkivi\",\"url\":\"https:\\\/\\\/fjala.info\\\/2009-2015\\\/\",\"logo\":{\"@type\":\"ImageObject\",\"inLanguage\":\"sq-AL\",\"@id\":\"https:\\\/\\\/fjala.info\\\/2009-2015\\\/#\\\/schema\\\/logo\\\/image\\\/\",\"url\":\"\",\"contentUrl\":\"\",\"caption\":\"FjALA e LIR\u00cb - Arkivi\"},\"image\":{\"@id\":\"https:\\\/\\\/fjala.info\\\/2009-2015\\\/#\\\/schema\\\/logo\\\/image\\\/\"}},{\"@type\":\"Person\",\"@id\":\"https:\\\/\\\/fjala.info\\\/2009-2015\\\/#\\\/schema\\\/person\\\/3aa1163ef05469c496fc94e77611ada2\",\"name\":\"admin\",\"image\":{\"@type\":\"ImageObject\",\"inLanguage\":\"sq-AL\",\"@id\":\"https:\\\/\\\/fjala.info\\\/2009-2015\\\/wp-content\\\/uploads\\\/2012\\\/02\\\/arben_cokaj-120x150.jpg\",\"url\":\"https:\\\/\\\/fjala.info\\\/2009-2015\\\/wp-content\\\/uploads\\\/2012\\\/02\\\/arben_cokaj-120x150.jpg\",\"contentUrl\":\"https:\\\/\\\/fjala.info\\\/2009-2015\\\/wp-content\\\/uploads\\\/2012\\\/02\\\/arben_cokaj-120x150.jpg\",\"caption\":\"admin\"},\"description\":\"Admin, Fjala e Lir\u00eb\",\"sameAs\":[\"https:\\\/\\\/fjala.info\\\/\"],\"url\":\"https:\\\/\\\/fjala.info\\\/2009-2015\\\/author\\\/admin\\\/\"}]}<\/script>\n<!-- \/ Yoast SEO plugin. -->","yoast_head_json":{"title":"Kjo \u00ebsht\u00eb urrejtje! Grek\u00ebt ndezin luft\u00ebn me Gjermanin\u00eb - FjALA e LIR\u00cb - Arkivi","robots":{"index":"index","follow":"follow","max-snippet":"max-snippet:-1","max-image-preview":"max-image-preview:large","max-video-preview":"max-video-preview:-1"},"canonical":"https:\/\/fjala.info\/2009-2015\/kjo-eshte-urrejtje-greket-ndezin-luften-me-gjermanine\/","og_locale":"sq_AL","og_type":"article","og_title":"Kjo \u00ebsht\u00eb urrejtje! Grek\u00ebt ndezin luft\u00ebn me Gjermanin\u00eb - FjALA e LIR\u00cb - Arkivi","og_description":"TemA, 7 Tetor 2011 \u00cbsht\u00eb v\u00ebshtir\u00eb t\u00eb kaloj\u00eb nj\u00eb dit\u00eb n\u00eb median gjermane pa nj\u00eb shkrim kund\u00ebr grek\u00ebve. Por edhe k\u00ebta t\u00eb fundit nuk kan\u00eb t\u00eb ndaluar. Gjerman\u00ebt i quajn\u00eb grek\u00ebt d\u00ebshtak\u00eb, mosmir\u00ebnjoh\u00ebs, t\u00eb korruptuar e t\u00eb pap\u00ebrgjegjsh\u00ebm. Kurse grek\u00ebt u p\u00ebrgjigjen duke u kujtuar nazizmin. Nj\u00eb fotomontazh ku duket Hitleri me kancelaren Angela Merkel [&hellip;]","og_url":"https:\/\/fjala.info\/2009-2015\/kjo-eshte-urrejtje-greket-ndezin-luften-me-gjermanine\/","og_site_name":"FjALA e LIR\u00cb - Arkivi","article_published_time":"2011-10-07T20:07:21+00:00","og_image":[{"url":"http:\/\/www.shkoder.net\/images\/fjala\/2011\/hitler_merkel.jpg","type":"","width":"","height":""}],"author":"admin","twitter_card":"summary_large_image","twitter_misc":{"Written by":"admin","Est. reading time":"1 minute"},"schema":{"@context":"https:\/\/schema.org","@graph":[{"@type":"Article","@id":"https:\/\/fjala.info\/2009-2015\/kjo-eshte-urrejtje-greket-ndezin-luften-me-gjermanine\/#article","isPartOf":{"@id":"https:\/\/fjala.info\/2009-2015\/kjo-eshte-urrejtje-greket-ndezin-luften-me-gjermanine\/"},"author":{"name":"admin","@id":"https:\/\/fjala.info\/2009-2015\/#\/schema\/person\/3aa1163ef05469c496fc94e77611ada2"},"headline":"Kjo \u00ebsht\u00eb urrejtje! Grek\u00ebt ndezin luft\u00ebn me Gjermanin\u00eb","datePublished":"2011-10-07T20:07:21+00:00","mainEntityOfPage":{"@id":"https:\/\/fjala.info\/2009-2015\/kjo-eshte-urrejtje-greket-ndezin-luften-me-gjermanine\/"},"wordCount":280,"commentCount":0,"publisher":{"@id":"https:\/\/fjala.info\/2009-2015\/#organization"},"image":{"@id":"https:\/\/fjala.info\/2009-2015\/kjo-eshte-urrejtje-greket-ndezin-luften-me-gjermanine\/#primaryimage"},"thumbnailUrl":"http:\/\/www.shkoder.net\/images\/fjala\/2011\/hitler_merkel.jpg","articleSection":["Artikuj"],"inLanguage":"sq-AL","potentialAction":[{"@type":"CommentAction","name":"Comment","target":["https:\/\/fjala.info\/2009-2015\/kjo-eshte-urrejtje-greket-ndezin-luften-me-gjermanine\/#respond"]}]},{"@type":"WebPage","@id":"https:\/\/fjala.info\/2009-2015\/kjo-eshte-urrejtje-greket-ndezin-luften-me-gjermanine\/","url":"https:\/\/fjala.info\/2009-2015\/kjo-eshte-urrejtje-greket-ndezin-luften-me-gjermanine\/","name":"Kjo \u00ebsht\u00eb urrejtje! Grek\u00ebt ndezin luft\u00ebn me Gjermanin\u00eb - FjALA e LIR\u00cb - Arkivi","isPartOf":{"@id":"https:\/\/fjala.info\/2009-2015\/#website"},"primaryImageOfPage":{"@id":"https:\/\/fjala.info\/2009-2015\/kjo-eshte-urrejtje-greket-ndezin-luften-me-gjermanine\/#primaryimage"},"image":{"@id":"https:\/\/fjala.info\/2009-2015\/kjo-eshte-urrejtje-greket-ndezin-luften-me-gjermanine\/#primaryimage"},"thumbnailUrl":"http:\/\/www.shkoder.net\/images\/fjala\/2011\/hitler_merkel.jpg","datePublished":"2011-10-07T20:07:21+00:00","breadcrumb":{"@id":"https:\/\/fjala.info\/2009-2015\/kjo-eshte-urrejtje-greket-ndezin-luften-me-gjermanine\/#breadcrumb"},"inLanguage":"sq-AL","potentialAction":[{"@type":"ReadAction","target":["https:\/\/fjala.info\/2009-2015\/kjo-eshte-urrejtje-greket-ndezin-luften-me-gjermanine\/"]}]},{"@type":"ImageObject","inLanguage":"sq-AL","@id":"https:\/\/fjala.info\/2009-2015\/kjo-eshte-urrejtje-greket-ndezin-luften-me-gjermanine\/#primaryimage","url":"http:\/\/www.shkoder.net\/images\/fjala\/2011\/hitler_merkel.jpg","contentUrl":"http:\/\/www.shkoder.net\/images\/fjala\/2011\/hitler_merkel.jpg"},{"@type":"BreadcrumbList","@id":"https:\/\/fjala.info\/2009-2015\/kjo-eshte-urrejtje-greket-ndezin-luften-me-gjermanine\/#breadcrumb","itemListElement":[{"@type":"ListItem","position":1,"name":"Home","item":"https:\/\/fjala.info\/2009-2015\/"},{"@type":"ListItem","position":2,"name":"Kjo \u00ebsht\u00eb urrejtje! Grek\u00ebt ndezin luft\u00ebn me Gjermanin\u00eb"}]},{"@type":"WebSite","@id":"https:\/\/fjala.info\/2009-2015\/#website","url":"https:\/\/fjala.info\/2009-2015\/","name":"FjALA e LIR\u00cb - Arkivi","description":"Arkivi 2009-2015","publisher":{"@id":"https:\/\/fjala.info\/2009-2015\/#organization"},"potentialAction":[{"@type":"SearchAction","target":{"@type":"EntryPoint","urlTemplate":"https:\/\/fjala.info\/2009-2015\/?s={search_term_string}"},"query-input":{"@type":"PropertyValueSpecification","valueRequired":true,"valueName":"search_term_string"}}],"inLanguage":"sq-AL"},{"@type":"Organization","@id":"https:\/\/fjala.info\/2009-2015\/#organization","name":"FjALA e LIR\u00cb - Arkivi","url":"https:\/\/fjala.info\/2009-2015\/","logo":{"@type":"ImageObject","inLanguage":"sq-AL","@id":"https:\/\/fjala.info\/2009-2015\/#\/schema\/logo\/image\/","url":"","contentUrl":"","caption":"FjALA e LIR\u00cb - Arkivi"},"image":{"@id":"https:\/\/fjala.info\/2009-2015\/#\/schema\/logo\/image\/"}},{"@type":"Person","@id":"https:\/\/fjala.info\/2009-2015\/#\/schema\/person\/3aa1163ef05469c496fc94e77611ada2","name":"admin","image":{"@type":"ImageObject","inLanguage":"sq-AL","@id":"https:\/\/fjala.info\/2009-2015\/wp-content\/uploads\/2012\/02\/arben_cokaj-120x150.jpg","url":"https:\/\/fjala.info\/2009-2015\/wp-content\/uploads\/2012\/02\/arben_cokaj-120x150.jpg","contentUrl":"https:\/\/fjala.info\/2009-2015\/wp-content\/uploads\/2012\/02\/arben_cokaj-120x150.jpg","caption":"admin"},"description":"Admin, Fjala e Lir\u00eb","sameAs":["https:\/\/fjala.info\/"],"url":"https:\/\/fjala.info\/2009-2015\/author\/admin\/"}]}},"_links":{"self":[{"href":"https:\/\/fjala.info\/2009-2015\/wp-json\/wp\/v2\/posts\/10921","targetHints":{"allow":["GET"]}}],"collection":[{"href":"https:\/\/fjala.info\/2009-2015\/wp-json\/wp\/v2\/posts"}],"about":[{"href":"https:\/\/fjala.info\/2009-2015\/wp-json\/wp\/v2\/types\/post"}],"author":[{"embeddable":true,"href":"https:\/\/fjala.info\/2009-2015\/wp-json\/wp\/v2\/users\/1"}],"replies":[{"embeddable":true,"href":"https:\/\/fjala.info\/2009-2015\/wp-json\/wp\/v2\/comments?post=10921"}],"version-history":[{"count":0,"href":"https:\/\/fjala.info\/2009-2015\/wp-json\/wp\/v2\/posts\/10921\/revisions"}],"wp:attachment":[{"href":"https:\/\/fjala.info\/2009-2015\/wp-json\/wp\/v2\/media?parent=10921"}],"wp:term":[{"taxonomy":"category","embeddable":true,"href":"https:\/\/fjala.info\/2009-2015\/wp-json\/wp\/v2\/categories?post=10921"},{"taxonomy":"post_tag","embeddable":true,"href":"https:\/\/fjala.info\/2009-2015\/wp-json\/wp\/v2\/tags?post=10921"}],"curies":[{"name":"wp","href":"https:\/\/api.w.org\/{rel}","templated":true}]}}