{"id":10919,"date":"2011-10-07T20:49:56","date_gmt":"2011-10-07T19:49:56","guid":{"rendered":"http:\/\/fjala.shkoder.net\/?p=10919"},"modified":"2011-10-07T20:49:56","modified_gmt":"2011-10-07T19:49:56","slug":"gazetari-kroat-shkruan-liber-gjingjic-u-vra-nga-mafia-shqiptare","status":"publish","type":"post","link":"https:\/\/fjala.info\/2009-2015\/gazetari-kroat-shkruan-liber-gjingjic-u-vra-nga-mafia-shqiptare\/","title":{"rendered":"Gazetari kroat shkruan lib\u00ebr: Gjingji\u00e7 u vra nga mafia shqiptare"},"content":{"rendered":"<p><img decoding=\"async\" class=\"alignright size-thumbnail wp-image-7236\" title=\"Zoran Gjingji\u00e7\" src=\"http:\/\/www.shkoder.net\/images\/fjala\/2011\/zoran_gjingjic.jpg\" alt=\"\" width=\"300\" \/> <strong>ResPublica<\/strong>, <em>7 tetor 2011<\/em><\/p>\n<p>Mafia shqiptare, p\u00ebrkat\u00ebsisht familja Osmani, n\u00eb bashk\u00ebpunim edhe me Kryeministrin aktual t\u00eb Kosov\u00ebs, Hashim Tha\u00e7in, jan\u00eb p\u00ebrgjegj\u00ebs p\u00ebr vrasjen e Presidentit serb, Zoran Gjingji\u00e7. Kjo, nd\u00ebr t\u00eb tjera, \u00ebsht\u00eb teza e gazetarit kroat Domagoj Margeti\u00e7 i cili do t\u00eb botoj\u00eb gjat\u00eb k\u00ebtij muaji librin \u201cRasti Pukani\u00e7: Vrasja me n\u00ebnshkrimin e shtetit\u201d. Pukani\u00e7 ishte botuesi i s\u00eb p\u00ebrjav\u00ebshmes kroate \u2018Nacional\u2019 vrar\u00eb n\u00eb Zagreb, rastin e t\u00eb cilit Margeti\u00e7 e lidh me at\u00eb t\u00eb ish-Presidentit serb t\u00eb vrar\u00eb n\u00eb Beograd.<\/p>\n<p>Sipas gazetarit kroat, shkruan e p\u00ebrdit\u00ebshmja kosovare \u2018Express\u2019, mbas vrasjes s\u00eb Pukani\u00e7 e Gjingji\u00e7 q\u00ebndron \u201ckarteli m\u00eb i madh mafioz n\u00eb Ballkan, n\u00ebn kontrollin e familjes shqiptare Osmani\u201d. Sa i takon vrasjes s\u00eb Gjingji\u00e7it, teza e Margeti\u00e7it e sheh krimin t\u00eb lidhur me planet e mafias dhe politikan\u00ebve shqiptar\u00eb p\u00ebr t\u00eb b\u00ebr\u00eb Kosov\u00ebn e pavarur.<\/p>\n<p>\u201cPolitikan\u00ebt shqiptar\u00eb me n\u00eb krye Hashim Tha\u00e7in dhe p\u00ebrfaq\u00ebsuesit e familjes Osmani, kan\u00eb mbajtur nj\u00eb takim sekret n\u00eb t\u00eb cilin jan\u00eb pajtuar p\u00ebr operacionin \u2018Duresh\u2019, q\u00eb \u00ebsht\u00eb strategjia e ardhshme q\u00eb mafia shqiptare ta arrij\u00eb pavar\u00ebsin\u00eb e Kosov\u00ebs dhe ta marr\u00eb kontrollin e plot\u00eb n\u00eb Ballkan\u201d, shkruan Margeti\u00e7.<\/p>\n<p>Domagoj Margeti\u00e7 shprehet se teza e tij bazohet n\u00eb dokumente t\u00eb sh\u00ebrbimeve sekrete t\u00eb Kroacis\u00eb, shkruan \u2018Express\u2019 q\u00eb i referohet kroates \u2018Vesti\u2019. \u201cDokumentet q\u00eb m\u2019i kan\u00eb dh\u00ebn\u00eb zyrtar\u00ebt e lart\u00eb t\u00eb sh\u00ebrbimeve sekrete kroate, tregojn\u00eb se vrasjet e Gjingji\u00e7 dhe Pukani\u00e7 jan\u00eb dy raste t\u00eb lidhura. Q\u00eb t\u00eb dy k\u00ebto jan\u00eb viktima t\u00eb biznesit kriminal q\u00eb peshon me miliarda euro\u201d, pretendon Margeti\u00e7.<\/p>\n<p>H.B.<\/p>\n","protected":false},"excerpt":{"rendered":"<p>ResPublica, 7 tetor 2011 Mafia shqiptare, p\u00ebrkat\u00ebsisht familja Osmani, n\u00eb bashk\u00ebpunim edhe me Kryeministrin aktual t\u00eb Kosov\u00ebs, Hashim Tha\u00e7in, jan\u00eb p\u00ebrgjegj\u00ebs p\u00ebr vrasjen e Presidentit serb, Zoran Gjingji\u00e7. Kjo, nd\u00ebr t\u00eb tjera, \u00ebsht\u00eb teza e gazetarit kroat Domagoj Margeti\u00e7 i cili do t\u00eb botoj\u00eb gjat\u00eb k\u00ebtij muaji librin \u201cRasti Pukani\u00e7: Vrasja me n\u00ebnshkrimin e shtetit\u201d. [&hellip;]<\/p>\n","protected":false},"author":1,"featured_media":0,"comment_status":"open","ping_status":"closed","sticky":false,"template":"","format":"standard","meta":{"footnotes":""},"categories":[5],"tags":[],"class_list":{"0":"post-10919","1":"post","2":"type-post","3":"status-publish","4":"format-standard","6":"category-lajme"},"yoast_head":"<!-- This site is optimized with the Yoast SEO plugin v27.4 - https:\/\/yoast.com\/product\/yoast-seo-wordpress\/ -->\n<title>Gazetari kroat shkruan lib\u00ebr: Gjingji\u00e7 u vra nga mafia shqiptare - FjALA e LIR\u00cb - Arkivi<\/title>\n<meta name=\"robots\" content=\"index, follow, max-snippet:-1, max-image-preview:large, max-video-preview:-1\" \/>\n<link rel=\"canonical\" href=\"https:\/\/fjala.info\/2009-2015\/gazetari-kroat-shkruan-liber-gjingjic-u-vra-nga-mafia-shqiptare\/\" \/>\n<meta property=\"og:locale\" content=\"sq_AL\" \/>\n<meta property=\"og:type\" content=\"article\" \/>\n<meta property=\"og:title\" content=\"Gazetari kroat shkruan lib\u00ebr: Gjingji\u00e7 u vra nga mafia shqiptare - FjALA e LIR\u00cb - Arkivi\" \/>\n<meta property=\"og:description\" content=\"ResPublica, 7 tetor 2011 Mafia shqiptare, p\u00ebrkat\u00ebsisht familja Osmani, n\u00eb bashk\u00ebpunim edhe me Kryeministrin aktual t\u00eb Kosov\u00ebs, Hashim Tha\u00e7in, jan\u00eb p\u00ebrgjegj\u00ebs p\u00ebr vrasjen e Presidentit serb, Zoran Gjingji\u00e7. Kjo, nd\u00ebr t\u00eb tjera, \u00ebsht\u00eb teza e gazetarit kroat Domagoj Margeti\u00e7 i cili do t\u00eb botoj\u00eb gjat\u00eb k\u00ebtij muaji librin \u201cRasti Pukani\u00e7: Vrasja me n\u00ebnshkrimin e shtetit\u201d. [&hellip;]\" \/>\n<meta property=\"og:url\" content=\"https:\/\/fjala.info\/2009-2015\/gazetari-kroat-shkruan-liber-gjingjic-u-vra-nga-mafia-shqiptare\/\" \/>\n<meta property=\"og:site_name\" content=\"FjALA e LIR\u00cb - Arkivi\" \/>\n<meta property=\"article:published_time\" content=\"2011-10-07T19:49:56+00:00\" \/>\n<meta property=\"og:image\" content=\"http:\/\/www.shkoder.net\/images\/fjala\/2011\/zoran_gjingjic.jpg\" \/>\n<meta name=\"author\" content=\"admin\" \/>\n<meta name=\"twitter:card\" content=\"summary_large_image\" \/>\n<meta name=\"twitter:label1\" content=\"Written by\" \/>\n\t<meta name=\"twitter:data1\" content=\"admin\" \/>\n\t<meta name=\"twitter:label2\" content=\"Est. reading time\" \/>\n\t<meta name=\"twitter:data2\" content=\"1 minute\" \/>\n<script type=\"application\/ld+json\" class=\"yoast-schema-graph\">{\"@context\":\"https:\\\/\\\/schema.org\",\"@graph\":[{\"@type\":\"Article\",\"@id\":\"https:\\\/\\\/fjala.info\\\/2009-2015\\\/gazetari-kroat-shkruan-liber-gjingjic-u-vra-nga-mafia-shqiptare\\\/#article\",\"isPartOf\":{\"@id\":\"https:\\\/\\\/fjala.info\\\/2009-2015\\\/gazetari-kroat-shkruan-liber-gjingjic-u-vra-nga-mafia-shqiptare\\\/\"},\"author\":{\"name\":\"admin\",\"@id\":\"https:\\\/\\\/fjala.info\\\/2009-2015\\\/#\\\/schema\\\/person\\\/3aa1163ef05469c496fc94e77611ada2\"},\"headline\":\"Gazetari kroat shkruan lib\u00ebr: Gjingji\u00e7 u vra nga mafia shqiptare\",\"datePublished\":\"2011-10-07T19:49:56+00:00\",\"mainEntityOfPage\":{\"@id\":\"https:\\\/\\\/fjala.info\\\/2009-2015\\\/gazetari-kroat-shkruan-liber-gjingjic-u-vra-nga-mafia-shqiptare\\\/\"},\"wordCount\":294,\"commentCount\":0,\"publisher\":{\"@id\":\"https:\\\/\\\/fjala.info\\\/2009-2015\\\/#organization\"},\"image\":{\"@id\":\"https:\\\/\\\/fjala.info\\\/2009-2015\\\/gazetari-kroat-shkruan-liber-gjingjic-u-vra-nga-mafia-shqiptare\\\/#primaryimage\"},\"thumbnailUrl\":\"http:\\\/\\\/www.shkoder.net\\\/images\\\/fjala\\\/2011\\\/zoran_gjingjic.jpg\",\"articleSection\":[\"Lajme\"],\"inLanguage\":\"sq-AL\",\"potentialAction\":[{\"@type\":\"CommentAction\",\"name\":\"Comment\",\"target\":[\"https:\\\/\\\/fjala.info\\\/2009-2015\\\/gazetari-kroat-shkruan-liber-gjingjic-u-vra-nga-mafia-shqiptare\\\/#respond\"]}]},{\"@type\":\"WebPage\",\"@id\":\"https:\\\/\\\/fjala.info\\\/2009-2015\\\/gazetari-kroat-shkruan-liber-gjingjic-u-vra-nga-mafia-shqiptare\\\/\",\"url\":\"https:\\\/\\\/fjala.info\\\/2009-2015\\\/gazetari-kroat-shkruan-liber-gjingjic-u-vra-nga-mafia-shqiptare\\\/\",\"name\":\"Gazetari kroat shkruan lib\u00ebr: Gjingji\u00e7 u vra nga mafia shqiptare - FjALA e LIR\u00cb - Arkivi\",\"isPartOf\":{\"@id\":\"https:\\\/\\\/fjala.info\\\/2009-2015\\\/#website\"},\"primaryImageOfPage\":{\"@id\":\"https:\\\/\\\/fjala.info\\\/2009-2015\\\/gazetari-kroat-shkruan-liber-gjingjic-u-vra-nga-mafia-shqiptare\\\/#primaryimage\"},\"image\":{\"@id\":\"https:\\\/\\\/fjala.info\\\/2009-2015\\\/gazetari-kroat-shkruan-liber-gjingjic-u-vra-nga-mafia-shqiptare\\\/#primaryimage\"},\"thumbnailUrl\":\"http:\\\/\\\/www.shkoder.net\\\/images\\\/fjala\\\/2011\\\/zoran_gjingjic.jpg\",\"datePublished\":\"2011-10-07T19:49:56+00:00\",\"breadcrumb\":{\"@id\":\"https:\\\/\\\/fjala.info\\\/2009-2015\\\/gazetari-kroat-shkruan-liber-gjingjic-u-vra-nga-mafia-shqiptare\\\/#breadcrumb\"},\"inLanguage\":\"sq-AL\",\"potentialAction\":[{\"@type\":\"ReadAction\",\"target\":[\"https:\\\/\\\/fjala.info\\\/2009-2015\\\/gazetari-kroat-shkruan-liber-gjingjic-u-vra-nga-mafia-shqiptare\\\/\"]}]},{\"@type\":\"ImageObject\",\"inLanguage\":\"sq-AL\",\"@id\":\"https:\\\/\\\/fjala.info\\\/2009-2015\\\/gazetari-kroat-shkruan-liber-gjingjic-u-vra-nga-mafia-shqiptare\\\/#primaryimage\",\"url\":\"http:\\\/\\\/www.shkoder.net\\\/images\\\/fjala\\\/2011\\\/zoran_gjingjic.jpg\",\"contentUrl\":\"http:\\\/\\\/www.shkoder.net\\\/images\\\/fjala\\\/2011\\\/zoran_gjingjic.jpg\"},{\"@type\":\"BreadcrumbList\",\"@id\":\"https:\\\/\\\/fjala.info\\\/2009-2015\\\/gazetari-kroat-shkruan-liber-gjingjic-u-vra-nga-mafia-shqiptare\\\/#breadcrumb\",\"itemListElement\":[{\"@type\":\"ListItem\",\"position\":1,\"name\":\"Home\",\"item\":\"https:\\\/\\\/fjala.info\\\/2009-2015\\\/\"},{\"@type\":\"ListItem\",\"position\":2,\"name\":\"Gazetari kroat shkruan lib\u00ebr: Gjingji\u00e7 u vra nga mafia shqiptare\"}]},{\"@type\":\"WebSite\",\"@id\":\"https:\\\/\\\/fjala.info\\\/2009-2015\\\/#website\",\"url\":\"https:\\\/\\\/fjala.info\\\/2009-2015\\\/\",\"name\":\"FjALA e LIR\u00cb - Arkivi\",\"description\":\"Arkivi 2009-2015\",\"publisher\":{\"@id\":\"https:\\\/\\\/fjala.info\\\/2009-2015\\\/#organization\"},\"potentialAction\":[{\"@type\":\"SearchAction\",\"target\":{\"@type\":\"EntryPoint\",\"urlTemplate\":\"https:\\\/\\\/fjala.info\\\/2009-2015\\\/?s={search_term_string}\"},\"query-input\":{\"@type\":\"PropertyValueSpecification\",\"valueRequired\":true,\"valueName\":\"search_term_string\"}}],\"inLanguage\":\"sq-AL\"},{\"@type\":\"Organization\",\"@id\":\"https:\\\/\\\/fjala.info\\\/2009-2015\\\/#organization\",\"name\":\"FjALA e LIR\u00cb - Arkivi\",\"url\":\"https:\\\/\\\/fjala.info\\\/2009-2015\\\/\",\"logo\":{\"@type\":\"ImageObject\",\"inLanguage\":\"sq-AL\",\"@id\":\"https:\\\/\\\/fjala.info\\\/2009-2015\\\/#\\\/schema\\\/logo\\\/image\\\/\",\"url\":\"\",\"contentUrl\":\"\",\"caption\":\"FjALA e LIR\u00cb - Arkivi\"},\"image\":{\"@id\":\"https:\\\/\\\/fjala.info\\\/2009-2015\\\/#\\\/schema\\\/logo\\\/image\\\/\"}},{\"@type\":\"Person\",\"@id\":\"https:\\\/\\\/fjala.info\\\/2009-2015\\\/#\\\/schema\\\/person\\\/3aa1163ef05469c496fc94e77611ada2\",\"name\":\"admin\",\"image\":{\"@type\":\"ImageObject\",\"inLanguage\":\"sq-AL\",\"@id\":\"https:\\\/\\\/fjala.info\\\/2009-2015\\\/wp-content\\\/uploads\\\/2012\\\/02\\\/arben_cokaj-120x150.jpg\",\"url\":\"https:\\\/\\\/fjala.info\\\/2009-2015\\\/wp-content\\\/uploads\\\/2012\\\/02\\\/arben_cokaj-120x150.jpg\",\"contentUrl\":\"https:\\\/\\\/fjala.info\\\/2009-2015\\\/wp-content\\\/uploads\\\/2012\\\/02\\\/arben_cokaj-120x150.jpg\",\"caption\":\"admin\"},\"description\":\"Admin, Fjala e Lir\u00eb\",\"sameAs\":[\"https:\\\/\\\/fjala.info\\\/\"],\"url\":\"https:\\\/\\\/fjala.info\\\/2009-2015\\\/author\\\/admin\\\/\"}]}<\/script>\n<!-- \/ Yoast SEO plugin. -->","yoast_head_json":{"title":"Gazetari kroat shkruan lib\u00ebr: Gjingji\u00e7 u vra nga mafia shqiptare - FjALA e LIR\u00cb - Arkivi","robots":{"index":"index","follow":"follow","max-snippet":"max-snippet:-1","max-image-preview":"max-image-preview:large","max-video-preview":"max-video-preview:-1"},"canonical":"https:\/\/fjala.info\/2009-2015\/gazetari-kroat-shkruan-liber-gjingjic-u-vra-nga-mafia-shqiptare\/","og_locale":"sq_AL","og_type":"article","og_title":"Gazetari kroat shkruan lib\u00ebr: Gjingji\u00e7 u vra nga mafia shqiptare - FjALA e LIR\u00cb - Arkivi","og_description":"ResPublica, 7 tetor 2011 Mafia shqiptare, p\u00ebrkat\u00ebsisht familja Osmani, n\u00eb bashk\u00ebpunim edhe me Kryeministrin aktual t\u00eb Kosov\u00ebs, Hashim Tha\u00e7in, jan\u00eb p\u00ebrgjegj\u00ebs p\u00ebr vrasjen e Presidentit serb, Zoran Gjingji\u00e7. Kjo, nd\u00ebr t\u00eb tjera, \u00ebsht\u00eb teza e gazetarit kroat Domagoj Margeti\u00e7 i cili do t\u00eb botoj\u00eb gjat\u00eb k\u00ebtij muaji librin \u201cRasti Pukani\u00e7: Vrasja me n\u00ebnshkrimin e shtetit\u201d. [&hellip;]","og_url":"https:\/\/fjala.info\/2009-2015\/gazetari-kroat-shkruan-liber-gjingjic-u-vra-nga-mafia-shqiptare\/","og_site_name":"FjALA e LIR\u00cb - Arkivi","article_published_time":"2011-10-07T19:49:56+00:00","og_image":[{"url":"http:\/\/www.shkoder.net\/images\/fjala\/2011\/zoran_gjingjic.jpg","type":"","width":"","height":""}],"author":"admin","twitter_card":"summary_large_image","twitter_misc":{"Written by":"admin","Est. reading time":"1 minute"},"schema":{"@context":"https:\/\/schema.org","@graph":[{"@type":"Article","@id":"https:\/\/fjala.info\/2009-2015\/gazetari-kroat-shkruan-liber-gjingjic-u-vra-nga-mafia-shqiptare\/#article","isPartOf":{"@id":"https:\/\/fjala.info\/2009-2015\/gazetari-kroat-shkruan-liber-gjingjic-u-vra-nga-mafia-shqiptare\/"},"author":{"name":"admin","@id":"https:\/\/fjala.info\/2009-2015\/#\/schema\/person\/3aa1163ef05469c496fc94e77611ada2"},"headline":"Gazetari kroat shkruan lib\u00ebr: Gjingji\u00e7 u vra nga mafia shqiptare","datePublished":"2011-10-07T19:49:56+00:00","mainEntityOfPage":{"@id":"https:\/\/fjala.info\/2009-2015\/gazetari-kroat-shkruan-liber-gjingjic-u-vra-nga-mafia-shqiptare\/"},"wordCount":294,"commentCount":0,"publisher":{"@id":"https:\/\/fjala.info\/2009-2015\/#organization"},"image":{"@id":"https:\/\/fjala.info\/2009-2015\/gazetari-kroat-shkruan-liber-gjingjic-u-vra-nga-mafia-shqiptare\/#primaryimage"},"thumbnailUrl":"http:\/\/www.shkoder.net\/images\/fjala\/2011\/zoran_gjingjic.jpg","articleSection":["Lajme"],"inLanguage":"sq-AL","potentialAction":[{"@type":"CommentAction","name":"Comment","target":["https:\/\/fjala.info\/2009-2015\/gazetari-kroat-shkruan-liber-gjingjic-u-vra-nga-mafia-shqiptare\/#respond"]}]},{"@type":"WebPage","@id":"https:\/\/fjala.info\/2009-2015\/gazetari-kroat-shkruan-liber-gjingjic-u-vra-nga-mafia-shqiptare\/","url":"https:\/\/fjala.info\/2009-2015\/gazetari-kroat-shkruan-liber-gjingjic-u-vra-nga-mafia-shqiptare\/","name":"Gazetari kroat shkruan lib\u00ebr: Gjingji\u00e7 u vra nga mafia shqiptare - FjALA e LIR\u00cb - Arkivi","isPartOf":{"@id":"https:\/\/fjala.info\/2009-2015\/#website"},"primaryImageOfPage":{"@id":"https:\/\/fjala.info\/2009-2015\/gazetari-kroat-shkruan-liber-gjingjic-u-vra-nga-mafia-shqiptare\/#primaryimage"},"image":{"@id":"https:\/\/fjala.info\/2009-2015\/gazetari-kroat-shkruan-liber-gjingjic-u-vra-nga-mafia-shqiptare\/#primaryimage"},"thumbnailUrl":"http:\/\/www.shkoder.net\/images\/fjala\/2011\/zoran_gjingjic.jpg","datePublished":"2011-10-07T19:49:56+00:00","breadcrumb":{"@id":"https:\/\/fjala.info\/2009-2015\/gazetari-kroat-shkruan-liber-gjingjic-u-vra-nga-mafia-shqiptare\/#breadcrumb"},"inLanguage":"sq-AL","potentialAction":[{"@type":"ReadAction","target":["https:\/\/fjala.info\/2009-2015\/gazetari-kroat-shkruan-liber-gjingjic-u-vra-nga-mafia-shqiptare\/"]}]},{"@type":"ImageObject","inLanguage":"sq-AL","@id":"https:\/\/fjala.info\/2009-2015\/gazetari-kroat-shkruan-liber-gjingjic-u-vra-nga-mafia-shqiptare\/#primaryimage","url":"http:\/\/www.shkoder.net\/images\/fjala\/2011\/zoran_gjingjic.jpg","contentUrl":"http:\/\/www.shkoder.net\/images\/fjala\/2011\/zoran_gjingjic.jpg"},{"@type":"BreadcrumbList","@id":"https:\/\/fjala.info\/2009-2015\/gazetari-kroat-shkruan-liber-gjingjic-u-vra-nga-mafia-shqiptare\/#breadcrumb","itemListElement":[{"@type":"ListItem","position":1,"name":"Home","item":"https:\/\/fjala.info\/2009-2015\/"},{"@type":"ListItem","position":2,"name":"Gazetari kroat shkruan lib\u00ebr: Gjingji\u00e7 u vra nga mafia shqiptare"}]},{"@type":"WebSite","@id":"https:\/\/fjala.info\/2009-2015\/#website","url":"https:\/\/fjala.info\/2009-2015\/","name":"FjALA e LIR\u00cb - Arkivi","description":"Arkivi 2009-2015","publisher":{"@id":"https:\/\/fjala.info\/2009-2015\/#organization"},"potentialAction":[{"@type":"SearchAction","target":{"@type":"EntryPoint","urlTemplate":"https:\/\/fjala.info\/2009-2015\/?s={search_term_string}"},"query-input":{"@type":"PropertyValueSpecification","valueRequired":true,"valueName":"search_term_string"}}],"inLanguage":"sq-AL"},{"@type":"Organization","@id":"https:\/\/fjala.info\/2009-2015\/#organization","name":"FjALA e LIR\u00cb - Arkivi","url":"https:\/\/fjala.info\/2009-2015\/","logo":{"@type":"ImageObject","inLanguage":"sq-AL","@id":"https:\/\/fjala.info\/2009-2015\/#\/schema\/logo\/image\/","url":"","contentUrl":"","caption":"FjALA e LIR\u00cb - Arkivi"},"image":{"@id":"https:\/\/fjala.info\/2009-2015\/#\/schema\/logo\/image\/"}},{"@type":"Person","@id":"https:\/\/fjala.info\/2009-2015\/#\/schema\/person\/3aa1163ef05469c496fc94e77611ada2","name":"admin","image":{"@type":"ImageObject","inLanguage":"sq-AL","@id":"https:\/\/fjala.info\/2009-2015\/wp-content\/uploads\/2012\/02\/arben_cokaj-120x150.jpg","url":"https:\/\/fjala.info\/2009-2015\/wp-content\/uploads\/2012\/02\/arben_cokaj-120x150.jpg","contentUrl":"https:\/\/fjala.info\/2009-2015\/wp-content\/uploads\/2012\/02\/arben_cokaj-120x150.jpg","caption":"admin"},"description":"Admin, Fjala e Lir\u00eb","sameAs":["https:\/\/fjala.info\/"],"url":"https:\/\/fjala.info\/2009-2015\/author\/admin\/"}]}},"_links":{"self":[{"href":"https:\/\/fjala.info\/2009-2015\/wp-json\/wp\/v2\/posts\/10919","targetHints":{"allow":["GET"]}}],"collection":[{"href":"https:\/\/fjala.info\/2009-2015\/wp-json\/wp\/v2\/posts"}],"about":[{"href":"https:\/\/fjala.info\/2009-2015\/wp-json\/wp\/v2\/types\/post"}],"author":[{"embeddable":true,"href":"https:\/\/fjala.info\/2009-2015\/wp-json\/wp\/v2\/users\/1"}],"replies":[{"embeddable":true,"href":"https:\/\/fjala.info\/2009-2015\/wp-json\/wp\/v2\/comments?post=10919"}],"version-history":[{"count":0,"href":"https:\/\/fjala.info\/2009-2015\/wp-json\/wp\/v2\/posts\/10919\/revisions"}],"wp:attachment":[{"href":"https:\/\/fjala.info\/2009-2015\/wp-json\/wp\/v2\/media?parent=10919"}],"wp:term":[{"taxonomy":"category","embeddable":true,"href":"https:\/\/fjala.info\/2009-2015\/wp-json\/wp\/v2\/categories?post=10919"},{"taxonomy":"post_tag","embeddable":true,"href":"https:\/\/fjala.info\/2009-2015\/wp-json\/wp\/v2\/tags?post=10919"}],"curies":[{"name":"wp","href":"https:\/\/api.w.org\/{rel}","templated":true}]}}