{"id":10915,"date":"2011-10-07T20:17:56","date_gmt":"2011-10-07T19:17:56","guid":{"rendered":"http:\/\/fjala.shkoder.net\/?p=10915"},"modified":"2011-10-07T20:17:56","modified_gmt":"2011-10-07T19:17:56","slug":"te-vertetat-e-uidhers-perballe-pushtetit-te-genjeshtres","status":"publish","type":"post","link":"https:\/\/fjala.info\/2009-2015\/te-vertetat-e-uidhers-perballe-pushtetit-te-genjeshtres\/","title":{"rendered":"T\u00cb V\u00cbRTETAT E UIDHERS P\u00cbRBALLE PUSHTETIT T\u00cb G\u00cbNJESHTR\u00cbS"},"content":{"rendered":"<p><img decoding=\"async\" class=\"alignleft size-thumbnail wp-image-7236\" title=\"Andrea Stefani\" src=\"http:\/\/www.shkoder.net\/images\/fjala\/andrea_stefani.jpg\" alt=\"\" width=\"120\" \/> <strong>Andrea Stefani<\/strong>, <em>07.10.2011<\/em><\/p>\n<p>Nga p\u00ebrtej Atlantikut, i \u00e7liruar nga etika dhe ndrydhjet e arsyeshme q\u00eb dikton diplomacia, Xhon Uidhers, ish-ambasador i SHBA n\u00eb Tiran\u00eb, ka folur publikisht p\u00ebr disa t\u00eb v\u00ebrteta q\u00eb, deri n\u00eb momentet e publikimeve nga \u201cUikiliks\u201d, kishin mbetur t\u00eb mbyllura n\u00eb kabllograme t\u00eb rezervuara. Jan\u00eb t\u00eb v\u00ebrteta shp\u00ebrthyese dhe p\u00ebr k\u00ebt\u00eb, mjaft \u201ctrazuese dhe t\u00eb sikletshme\u201d p\u00ebr politik\u00ebn shqiptare dhe n\u00eb radh\u00eb t\u00eb par\u00eb p\u00ebr qeverin\u00eb \u201cBerisha\u201d. Prandaj dhe kjo e fundit u hodh n\u00eb ofensiv\u00eb p\u00ebr t\u2019i paraqitur k\u00ebto t\u00eb v\u00ebrteta t\u00eb hidhura p\u00ebr t\u00eb, si g\u00ebnjeshtra duke hedhur k\u00ebshtu balt\u00eb jo vet\u00ebm mbi Uidhers, por edhe mbi krejt diplomacin\u00eb amerikane. Dhe tashm\u00eb \u00ebsht\u00eb Uidhers q\u00eb kund\u00ebrsulmon me t\u00eb v\u00ebrtetat, por edhe me alarmet e tij p\u00ebr Shqip\u00ebrin\u00eb dhe shqiptar\u00ebt.<\/p>\n<p style=\"text-align: center;\">* * *<\/p>\n<p>N\u00eb fillim, Berisha tha se kabllogramet ishin nj\u00eb \u201cvalixhe thashethemesh\u201d. M\u00eb pas i etiketoi pasqyr\u00eb e mang\u00ebt e shtypit vendas. M\u00eb pas tha se nuk i kish lexuar fare kabllogramet. Po kur s\u2019i kish lexuar nga e dinte q\u00eb ishin nj\u00eb \u201cValixhe thashethemesh\u201d? Kuptohet q\u00eb Berisha po g\u00ebnjente n\u00eb \u00e7do fjal\u00eb i detyruar nga t\u00eb v\u00ebrtetat e sikletshme t\u00eb kabllogrameve. Nga ana e tij, ministri Olldashi dha t\u00eb kuptohet se ato q\u00eb thuheshin n\u00eb kabllogram p\u00ebr kriminalizimin e Olldashit, ishin falsifikime t\u00eb Asanzhit! Por g\u00ebnjeshtra q\u00eb l\u00ebshoi ish-shefi i shtabit t\u00eb ushtris\u00eb, Luan Hoxha, ishte m\u00eb e r\u00ebnd\u00eb, m\u00eb fyese, m\u00eb antiamerikane. I ndodhur n\u00eb buz\u00eb t\u00eb humner\u00ebs p\u00ebr shkak t\u00eb skandalit t\u00eb G\u00ebrdecit dhe i shantazhuar nga pushteti, gjenerali deklaroi se nuk i kish th\u00ebn\u00eb asgj\u00eb ambasadorit Uidhers p\u00ebr p\u00ebrfshirjen e Shk\u00eblzen Berish\u00ebs, djalit t\u00eb Kryeministrit, n\u00eb afer\u00ebn e p\u00ebrgjakshme t\u00eb G\u00ebrdecit.<\/p>\n<p>Q\u00eb do t\u00eb thoshte se nj\u00eb ambasador amerikan sajonte dhe shpifte, q\u00eb ambasada sajonte dhe shpifte. \u00cbsht\u00eb e habitshme sesi disa gazetar\u00eb af\u00ebr pushtetit, q\u00eb pak koh\u00eb m\u00eb par\u00eb nxituan t\u00eb shpallin antiamerikan\u00eb ca koleg\u00eb t\u00eb tyre kritik\u00eb t\u00eb pushtetit, nuk u shqet\u00ebsuan fare p\u00ebr k\u00ebt\u00eb baltosje q\u00eb i b\u00ebhej diplomacis\u00eb amerikane! Dhe si p\u00ebr ironi, pik\u00ebrisht dikush nga k\u00ebta gazetar\u00eb \u201cantiamerikan\u00eb\u201d denoncoi faktin q\u00eb nj\u00eb pushtet i korruptuar p\u00ebrpiqej t\u00eb shp\u00ebtonte duke shpallur g\u00ebnjeshtar ambasadorin Uidhers dhe k\u00ebrkoi q\u00eb ky i fundit t\u00eb p\u00ebrgjigjej.<\/p>\n<p>Fatmir\u00ebsisht Uidhers iu p\u00ebrgjigj me nj\u00eb let\u00ebr t\u00eb hapur p\u00ebr t\u00eb v\u00ebrtetat e mbyllura q\u00eb pushteti i g\u00ebnjeshtr\u00ebs k\u00ebrkon t\u2019i paraqes\u00eb si g\u00ebnjeshtra. Jan\u00eb t\u00eb v\u00ebrteta dhe alarme q\u00eb, n\u00eb fakt, i kemi th\u00ebn\u00eb dhe po i p\u00ebrs\u00ebrisim prej vitesh. Por t\u00eb p\u00ebrs\u00ebritura vendosm\u00ebrisht nga Uidhers forcon besimin se SHBA do t\u00eb jet\u00eb n\u00eb an\u00ebn e s\u00eb v\u00ebrtet\u00ebs. Dhe kjo \u00ebsht\u00eb e nj\u00eb r\u00ebnd\u00ebsie themelore p\u00ebr Shqip\u00ebrin\u00eb e sepse mbi t\u00eb v\u00ebrtet\u00ebn ngrihet drejt\u00ebsia dhe mbi drejt\u00ebsin\u00eb liria e demokracia.<\/p>\n<p>Dy dit\u00eb m\u00eb par\u00eb, bashk\u00eb me t\u00eb gjith\u00eb z\u00ebrat kritik\u00eb vendas, madje edhe me ata q\u00eb tentuan t\u00eb shpallen \u201cantiamerikan\u00eb\u201d me nj\u00eb gjakim tipik p\u00ebr nj\u00eb gjueti shtrigash, Uidhers p\u00ebrs\u00ebriti se \u201czgjedhjet jan\u00eb t\u00eb dyshimta\u201d, se \u201cautoritetet qeveritare k\u00ebrc\u00ebnojn\u00eb pavar\u00ebsin\u00eb e institucioneve demokratike t\u00eb vendit dhe median\u201d, se \u201cbesnik\u00ebria partiake pengon qeverisjen e vendit\u201d, se \u201ckorrupsioni i kudogjendur minon zhvillimin e mir\u00ebfillt\u00eb ekonomik, se \u201cp\u00ebrpar\u00ebsia e udh\u00ebheq\u00ebsve \u00ebsht\u00eb t\u00eb rendin me k\u00ebmb\u00ebngulje drejt pushtetit n\u00eb vend q\u00eb t\u00eb rendin p\u00ebr t\u2019i sh\u00ebrbyer popullit\u201d, se \u201cparimet universale t\u00eb demokracis\u00eb vazhdojn\u00eb t\u00eb lihen m\u00ebnjan\u00eb dhe demokracia b\u00ebn prapa\u201d. K\u00ebto jan\u00eb alarmet e Uidhers dhe t\u00eb gjith\u00eb kritik\u00ebve t\u00eb qeveris\u00eb q\u00eb aspirojn\u00eb nj\u00eb shtet t\u00eb s\u00eb drejt\u00ebs dhe integrim t\u00eb Shqip\u00ebris\u00eb me bot\u00ebn e lir\u00eb.<\/p>\n<p style=\"text-align: center;\">* * *<\/p>\n<p>Por \u00e7do t\u00eb ndodh\u00eb pas k\u00ebsaj? \u00c7do t\u00eb b\u00ebhet me k\u00ebto t\u00eb v\u00ebrteta t\u00eb hidhura, me k\u00ebto alarme. Kush shpreson se pushteti berishist mund t\u00eb heq\u00eb dor\u00eb nga kapja e institucioneve, \u00ebsht\u00eb naiv i mjer\u00eb. Tashm\u00eb kapja e institucioneve t\u00eb s\u00eb drejt\u00ebs, \u00ebsht\u00eb imperativ p\u00ebr nj\u00eb pushtet q\u00eb k\u00ebrkon t\u2019i bishtnoj\u00eb s\u00eb drejt\u00ebs. Dhe kjo arrihet vet\u00ebm me sundim. Prandaj \u00ebsht\u00eb ora e fundit, momenti i fundit, shansi i fundit p\u00ebr lirin\u00eb dhe demokracin\u00eb n\u00eb Shqip\u00ebri.<\/p>\n<p>Ose do t\u00eb triumfoj\u00eb e v\u00ebrteta dhe g\u00ebnjeshtra dhe krimi do nd\u00ebshkohen, ose shqiptar\u00ebt do p\u00ebrfundojn\u00eb edhe nj\u00eb her\u00eb n\u00ebn sundimin e g\u00ebnjeshtr\u00ebs dhe krimit. Rrug\u00eb t\u00eb mesme nuk ka. Konsensus mes t\u00eb v\u00ebrtet\u00ebs dhe g\u00ebnjeshtr\u00ebs, mes krimit dhe drejt\u00ebsis\u00eb nuk mund t\u00eb ket\u00eb konsensus. Po \u00e7\u2019duhet b\u00ebr\u00eb? \u00cbsht\u00eb urdh\u00ebrore por, mbi t\u00eb gjitha, \u00ebsht\u00eb kushtetuese q\u00eb prokuroria t\u00eb filloj\u00eb hetimin p\u00ebr dyshimet dhe akuzat e zbardhura n\u00eb kabllograme. P\u00ebr k\u00ebdo.<\/p>\n<p>Pavar\u00ebsisht krah\u00ebve politik\u00eb. Dhe si p\u00ebrher\u00eb n\u00eb k\u00ebto raste hetimi duhet t\u00eb nis\u00eb nga maja, nga vet\u00eb Kryeministri. K\u00ebshtu veprohet n\u00eb t\u00eb gjith\u00eb ato shtete ku askush nuk \u00ebsht\u00eb mbi ligjin. Sepse do qe e pafalshme p\u00ebr nj\u00eb vend, p\u00ebr nj\u00eb publik q\u00eb t\u00eb injoroj\u00eb si shpifje t\u00eb r\u00ebndomt\u00eb, raportimin prej nj\u00eb ambasadori Departamentit t\u00eb Shtetit t\u00eb SHBA, se djali i Kryeministrit ka gisht n\u00eb afer\u00ebn tragjike t\u00eb G\u00ebrdecit. Mjaft m\u00eb me deklarime gjeneral\u00ebsh t\u00eb trembur.<\/p>\n<p>Mjaft m\u00eb me avokatin\u00eb e lodhur q\u00eb Kryeministri i b\u00ebn vetes dhe t\u00eb vet\u00ebve. \u00cbsht\u00eb plot\u00ebsisht e ndershme, e ligjshme dhe pa i hyr\u00eb n\u00eb hak kurrkujt q\u00eb prokuroria t\u00eb k\u00ebrkoj\u00eb zbardhjen e tabulateve t\u00eb djalit t\u00eb Kryeministrit. \u00cbsht\u00eb qesharake q\u00eb duke pasur nj\u00eb mund\u00ebsi t\u00eb till\u00eb, t\u00eb tentosh ta gjesh t\u00eb v\u00ebrtet\u00ebn tek ato q\u00eb thot\u00eb Kryeministri. Apo edhe nj\u00eb gjeneral i trembur nga Kryeministri dhe nj\u00eb shtet pa drejt\u00ebsi. Kjo \u00ebsht\u00eb ana penale e problemit. Por mbetet edhe rrafshi politik q\u00eb \u00ebsht\u00eb jo m\u00eb pak i r\u00ebnd\u00ebsish\u00ebm. Dhe nd\u00ebrsa p\u00ebrfshirja n\u00eb krim duhet v\u00ebrtetuar, autokratizmi q\u00eb denoncon Uidhers \u00ebsht\u00eb me brir\u00eb. Prej vitesh.<\/p>\n<p>Madje q\u00eb nga koha kur Berisha u ngjit p\u00ebr her\u00eb t\u00eb par\u00eb n\u00eb pushtet, ngjitje q\u00eb p\u00ebrfundoi me kolapsin e shtetit n\u00eb vitin 1997. Sot jemi thuajse para nj\u00eb situate t\u00eb till\u00eb. Kemi p\u00ebrs\u00ebri autokratin Berisha n\u00eb pushtet t\u00eb kritikuar p\u00ebr autokratiz\u00ebm jo nga amerikani Timothi Uirth, por nga amerikani Xhon Uidhers. Deri kur do vazhdojm\u00eb t\u00eb ushqejm\u00eb iluzionin se mund t\u00eb nd\u00ebrtohet nj\u00eb sistem me liri e drejt\u00ebsi n\u00eb bashk\u00ebpunim me nj\u00eb autokrat t\u00eb thekur?<\/p>\n","protected":false},"excerpt":{"rendered":"<p>Andrea Stefani, 07.10.2011 Nga p\u00ebrtej Atlantikut, i \u00e7liruar nga etika dhe ndrydhjet e arsyeshme q\u00eb dikton diplomacia, Xhon Uidhers, ish-ambasador i SHBA n\u00eb Tiran\u00eb, ka folur publikisht p\u00ebr disa t\u00eb v\u00ebrteta q\u00eb, deri n\u00eb momentet e publikimeve nga \u201cUikiliks\u201d, kishin mbetur t\u00eb mbyllura n\u00eb kabllograme t\u00eb rezervuara. Jan\u00eb t\u00eb v\u00ebrteta shp\u00ebrthyese dhe p\u00ebr k\u00ebt\u00eb, mjaft [&hellip;]<\/p>\n","protected":false},"author":1,"featured_media":0,"comment_status":"open","ping_status":"closed","sticky":false,"template":"","format":"standard","meta":{"footnotes":""},"categories":[2],"tags":[],"class_list":{"0":"post-10915","1":"post","2":"type-post","3":"status-publish","4":"format-standard","6":"category-artikuj"},"yoast_head":"<!-- This site is optimized with the Yoast SEO plugin v27.4 - https:\/\/yoast.com\/product\/yoast-seo-wordpress\/ -->\n<title>T\u00cb V\u00cbRTETAT E UIDHERS P\u00cbRBALLE PUSHTETIT T\u00cb G\u00cbNJESHTR\u00cbS - FjALA e LIR\u00cb - Arkivi<\/title>\n<meta name=\"robots\" content=\"index, follow, max-snippet:-1, max-image-preview:large, max-video-preview:-1\" \/>\n<link rel=\"canonical\" href=\"https:\/\/fjala.info\/2009-2015\/te-vertetat-e-uidhers-perballe-pushtetit-te-genjeshtres\/\" \/>\n<meta property=\"og:locale\" content=\"sq_AL\" \/>\n<meta property=\"og:type\" content=\"article\" \/>\n<meta property=\"og:title\" content=\"T\u00cb V\u00cbRTETAT E UIDHERS P\u00cbRBALLE PUSHTETIT T\u00cb G\u00cbNJESHTR\u00cbS - FjALA e LIR\u00cb - Arkivi\" \/>\n<meta property=\"og:description\" content=\"Andrea Stefani, 07.10.2011 Nga p\u00ebrtej Atlantikut, i \u00e7liruar nga etika dhe ndrydhjet e arsyeshme q\u00eb dikton diplomacia, Xhon Uidhers, ish-ambasador i SHBA n\u00eb Tiran\u00eb, ka folur publikisht p\u00ebr disa t\u00eb v\u00ebrteta q\u00eb, deri n\u00eb momentet e publikimeve nga \u201cUikiliks\u201d, kishin mbetur t\u00eb mbyllura n\u00eb kabllograme t\u00eb rezervuara. Jan\u00eb t\u00eb v\u00ebrteta shp\u00ebrthyese dhe p\u00ebr k\u00ebt\u00eb, mjaft [&hellip;]\" \/>\n<meta property=\"og:url\" content=\"https:\/\/fjala.info\/2009-2015\/te-vertetat-e-uidhers-perballe-pushtetit-te-genjeshtres\/\" \/>\n<meta property=\"og:site_name\" content=\"FjALA e LIR\u00cb - Arkivi\" \/>\n<meta property=\"article:published_time\" content=\"2011-10-07T19:17:56+00:00\" \/>\n<meta property=\"og:image\" content=\"http:\/\/www.shkoder.net\/images\/fjala\/andrea_stefani.jpg\" \/>\n<meta name=\"author\" content=\"admin\" \/>\n<meta name=\"twitter:card\" content=\"summary_large_image\" \/>\n<meta name=\"twitter:label1\" content=\"Written by\" \/>\n\t<meta name=\"twitter:data1\" content=\"admin\" \/>\n\t<meta name=\"twitter:label2\" content=\"Est. reading time\" \/>\n\t<meta name=\"twitter:data2\" content=\"6 minutes\" \/>\n<script type=\"application\/ld+json\" class=\"yoast-schema-graph\">{\"@context\":\"https:\\\/\\\/schema.org\",\"@graph\":[{\"@type\":\"Article\",\"@id\":\"https:\\\/\\\/fjala.info\\\/2009-2015\\\/te-vertetat-e-uidhers-perballe-pushtetit-te-genjeshtres\\\/#article\",\"isPartOf\":{\"@id\":\"https:\\\/\\\/fjala.info\\\/2009-2015\\\/te-vertetat-e-uidhers-perballe-pushtetit-te-genjeshtres\\\/\"},\"author\":{\"name\":\"admin\",\"@id\":\"https:\\\/\\\/fjala.info\\\/2009-2015\\\/#\\\/schema\\\/person\\\/3aa1163ef05469c496fc94e77611ada2\"},\"headline\":\"T\u00cb V\u00cbRTETAT E UIDHERS P\u00cbRBALLE PUSHTETIT T\u00cb G\u00cbNJESHTR\u00cbS\",\"datePublished\":\"2011-10-07T19:17:56+00:00\",\"mainEntityOfPage\":{\"@id\":\"https:\\\/\\\/fjala.info\\\/2009-2015\\\/te-vertetat-e-uidhers-perballe-pushtetit-te-genjeshtres\\\/\"},\"wordCount\":1141,\"commentCount\":0,\"publisher\":{\"@id\":\"https:\\\/\\\/fjala.info\\\/2009-2015\\\/#organization\"},\"image\":{\"@id\":\"https:\\\/\\\/fjala.info\\\/2009-2015\\\/te-vertetat-e-uidhers-perballe-pushtetit-te-genjeshtres\\\/#primaryimage\"},\"thumbnailUrl\":\"http:\\\/\\\/www.shkoder.net\\\/images\\\/fjala\\\/andrea_stefani.jpg\",\"articleSection\":[\"Artikuj\"],\"inLanguage\":\"sq-AL\",\"potentialAction\":[{\"@type\":\"CommentAction\",\"name\":\"Comment\",\"target\":[\"https:\\\/\\\/fjala.info\\\/2009-2015\\\/te-vertetat-e-uidhers-perballe-pushtetit-te-genjeshtres\\\/#respond\"]}]},{\"@type\":\"WebPage\",\"@id\":\"https:\\\/\\\/fjala.info\\\/2009-2015\\\/te-vertetat-e-uidhers-perballe-pushtetit-te-genjeshtres\\\/\",\"url\":\"https:\\\/\\\/fjala.info\\\/2009-2015\\\/te-vertetat-e-uidhers-perballe-pushtetit-te-genjeshtres\\\/\",\"name\":\"T\u00cb V\u00cbRTETAT E UIDHERS P\u00cbRBALLE PUSHTETIT T\u00cb G\u00cbNJESHTR\u00cbS - FjALA e LIR\u00cb - Arkivi\",\"isPartOf\":{\"@id\":\"https:\\\/\\\/fjala.info\\\/2009-2015\\\/#website\"},\"primaryImageOfPage\":{\"@id\":\"https:\\\/\\\/fjala.info\\\/2009-2015\\\/te-vertetat-e-uidhers-perballe-pushtetit-te-genjeshtres\\\/#primaryimage\"},\"image\":{\"@id\":\"https:\\\/\\\/fjala.info\\\/2009-2015\\\/te-vertetat-e-uidhers-perballe-pushtetit-te-genjeshtres\\\/#primaryimage\"},\"thumbnailUrl\":\"http:\\\/\\\/www.shkoder.net\\\/images\\\/fjala\\\/andrea_stefani.jpg\",\"datePublished\":\"2011-10-07T19:17:56+00:00\",\"breadcrumb\":{\"@id\":\"https:\\\/\\\/fjala.info\\\/2009-2015\\\/te-vertetat-e-uidhers-perballe-pushtetit-te-genjeshtres\\\/#breadcrumb\"},\"inLanguage\":\"sq-AL\",\"potentialAction\":[{\"@type\":\"ReadAction\",\"target\":[\"https:\\\/\\\/fjala.info\\\/2009-2015\\\/te-vertetat-e-uidhers-perballe-pushtetit-te-genjeshtres\\\/\"]}]},{\"@type\":\"ImageObject\",\"inLanguage\":\"sq-AL\",\"@id\":\"https:\\\/\\\/fjala.info\\\/2009-2015\\\/te-vertetat-e-uidhers-perballe-pushtetit-te-genjeshtres\\\/#primaryimage\",\"url\":\"http:\\\/\\\/www.shkoder.net\\\/images\\\/fjala\\\/andrea_stefani.jpg\",\"contentUrl\":\"http:\\\/\\\/www.shkoder.net\\\/images\\\/fjala\\\/andrea_stefani.jpg\"},{\"@type\":\"BreadcrumbList\",\"@id\":\"https:\\\/\\\/fjala.info\\\/2009-2015\\\/te-vertetat-e-uidhers-perballe-pushtetit-te-genjeshtres\\\/#breadcrumb\",\"itemListElement\":[{\"@type\":\"ListItem\",\"position\":1,\"name\":\"Home\",\"item\":\"https:\\\/\\\/fjala.info\\\/2009-2015\\\/\"},{\"@type\":\"ListItem\",\"position\":2,\"name\":\"T\u00cb V\u00cbRTETAT E UIDHERS P\u00cbRBALLE PUSHTETIT T\u00cb G\u00cbNJESHTR\u00cbS\"}]},{\"@type\":\"WebSite\",\"@id\":\"https:\\\/\\\/fjala.info\\\/2009-2015\\\/#website\",\"url\":\"https:\\\/\\\/fjala.info\\\/2009-2015\\\/\",\"name\":\"FjALA e LIR\u00cb - Arkivi\",\"description\":\"Arkivi 2009-2015\",\"publisher\":{\"@id\":\"https:\\\/\\\/fjala.info\\\/2009-2015\\\/#organization\"},\"potentialAction\":[{\"@type\":\"SearchAction\",\"target\":{\"@type\":\"EntryPoint\",\"urlTemplate\":\"https:\\\/\\\/fjala.info\\\/2009-2015\\\/?s={search_term_string}\"},\"query-input\":{\"@type\":\"PropertyValueSpecification\",\"valueRequired\":true,\"valueName\":\"search_term_string\"}}],\"inLanguage\":\"sq-AL\"},{\"@type\":\"Organization\",\"@id\":\"https:\\\/\\\/fjala.info\\\/2009-2015\\\/#organization\",\"name\":\"FjALA e LIR\u00cb - Arkivi\",\"url\":\"https:\\\/\\\/fjala.info\\\/2009-2015\\\/\",\"logo\":{\"@type\":\"ImageObject\",\"inLanguage\":\"sq-AL\",\"@id\":\"https:\\\/\\\/fjala.info\\\/2009-2015\\\/#\\\/schema\\\/logo\\\/image\\\/\",\"url\":\"\",\"contentUrl\":\"\",\"caption\":\"FjALA e LIR\u00cb - Arkivi\"},\"image\":{\"@id\":\"https:\\\/\\\/fjala.info\\\/2009-2015\\\/#\\\/schema\\\/logo\\\/image\\\/\"}},{\"@type\":\"Person\",\"@id\":\"https:\\\/\\\/fjala.info\\\/2009-2015\\\/#\\\/schema\\\/person\\\/3aa1163ef05469c496fc94e77611ada2\",\"name\":\"admin\",\"image\":{\"@type\":\"ImageObject\",\"inLanguage\":\"sq-AL\",\"@id\":\"https:\\\/\\\/fjala.info\\\/2009-2015\\\/wp-content\\\/uploads\\\/2012\\\/02\\\/arben_cokaj-120x150.jpg\",\"url\":\"https:\\\/\\\/fjala.info\\\/2009-2015\\\/wp-content\\\/uploads\\\/2012\\\/02\\\/arben_cokaj-120x150.jpg\",\"contentUrl\":\"https:\\\/\\\/fjala.info\\\/2009-2015\\\/wp-content\\\/uploads\\\/2012\\\/02\\\/arben_cokaj-120x150.jpg\",\"caption\":\"admin\"},\"description\":\"Admin, Fjala e Lir\u00eb\",\"sameAs\":[\"https:\\\/\\\/fjala.info\\\/\"],\"url\":\"https:\\\/\\\/fjala.info\\\/2009-2015\\\/author\\\/admin\\\/\"}]}<\/script>\n<!-- \/ Yoast SEO plugin. -->","yoast_head_json":{"title":"T\u00cb V\u00cbRTETAT E UIDHERS P\u00cbRBALLE PUSHTETIT T\u00cb G\u00cbNJESHTR\u00cbS - FjALA e LIR\u00cb - Arkivi","robots":{"index":"index","follow":"follow","max-snippet":"max-snippet:-1","max-image-preview":"max-image-preview:large","max-video-preview":"max-video-preview:-1"},"canonical":"https:\/\/fjala.info\/2009-2015\/te-vertetat-e-uidhers-perballe-pushtetit-te-genjeshtres\/","og_locale":"sq_AL","og_type":"article","og_title":"T\u00cb V\u00cbRTETAT E UIDHERS P\u00cbRBALLE PUSHTETIT T\u00cb G\u00cbNJESHTR\u00cbS - FjALA e LIR\u00cb - Arkivi","og_description":"Andrea Stefani, 07.10.2011 Nga p\u00ebrtej Atlantikut, i \u00e7liruar nga etika dhe ndrydhjet e arsyeshme q\u00eb dikton diplomacia, Xhon Uidhers, ish-ambasador i SHBA n\u00eb Tiran\u00eb, ka folur publikisht p\u00ebr disa t\u00eb v\u00ebrteta q\u00eb, deri n\u00eb momentet e publikimeve nga \u201cUikiliks\u201d, kishin mbetur t\u00eb mbyllura n\u00eb kabllograme t\u00eb rezervuara. Jan\u00eb t\u00eb v\u00ebrteta shp\u00ebrthyese dhe p\u00ebr k\u00ebt\u00eb, mjaft [&hellip;]","og_url":"https:\/\/fjala.info\/2009-2015\/te-vertetat-e-uidhers-perballe-pushtetit-te-genjeshtres\/","og_site_name":"FjALA e LIR\u00cb - Arkivi","article_published_time":"2011-10-07T19:17:56+00:00","og_image":[{"url":"http:\/\/www.shkoder.net\/images\/fjala\/andrea_stefani.jpg","type":"","width":"","height":""}],"author":"admin","twitter_card":"summary_large_image","twitter_misc":{"Written by":"admin","Est. reading time":"6 minutes"},"schema":{"@context":"https:\/\/schema.org","@graph":[{"@type":"Article","@id":"https:\/\/fjala.info\/2009-2015\/te-vertetat-e-uidhers-perballe-pushtetit-te-genjeshtres\/#article","isPartOf":{"@id":"https:\/\/fjala.info\/2009-2015\/te-vertetat-e-uidhers-perballe-pushtetit-te-genjeshtres\/"},"author":{"name":"admin","@id":"https:\/\/fjala.info\/2009-2015\/#\/schema\/person\/3aa1163ef05469c496fc94e77611ada2"},"headline":"T\u00cb V\u00cbRTETAT E UIDHERS P\u00cbRBALLE PUSHTETIT T\u00cb G\u00cbNJESHTR\u00cbS","datePublished":"2011-10-07T19:17:56+00:00","mainEntityOfPage":{"@id":"https:\/\/fjala.info\/2009-2015\/te-vertetat-e-uidhers-perballe-pushtetit-te-genjeshtres\/"},"wordCount":1141,"commentCount":0,"publisher":{"@id":"https:\/\/fjala.info\/2009-2015\/#organization"},"image":{"@id":"https:\/\/fjala.info\/2009-2015\/te-vertetat-e-uidhers-perballe-pushtetit-te-genjeshtres\/#primaryimage"},"thumbnailUrl":"http:\/\/www.shkoder.net\/images\/fjala\/andrea_stefani.jpg","articleSection":["Artikuj"],"inLanguage":"sq-AL","potentialAction":[{"@type":"CommentAction","name":"Comment","target":["https:\/\/fjala.info\/2009-2015\/te-vertetat-e-uidhers-perballe-pushtetit-te-genjeshtres\/#respond"]}]},{"@type":"WebPage","@id":"https:\/\/fjala.info\/2009-2015\/te-vertetat-e-uidhers-perballe-pushtetit-te-genjeshtres\/","url":"https:\/\/fjala.info\/2009-2015\/te-vertetat-e-uidhers-perballe-pushtetit-te-genjeshtres\/","name":"T\u00cb V\u00cbRTETAT E UIDHERS P\u00cbRBALLE PUSHTETIT T\u00cb G\u00cbNJESHTR\u00cbS - FjALA e LIR\u00cb - Arkivi","isPartOf":{"@id":"https:\/\/fjala.info\/2009-2015\/#website"},"primaryImageOfPage":{"@id":"https:\/\/fjala.info\/2009-2015\/te-vertetat-e-uidhers-perballe-pushtetit-te-genjeshtres\/#primaryimage"},"image":{"@id":"https:\/\/fjala.info\/2009-2015\/te-vertetat-e-uidhers-perballe-pushtetit-te-genjeshtres\/#primaryimage"},"thumbnailUrl":"http:\/\/www.shkoder.net\/images\/fjala\/andrea_stefani.jpg","datePublished":"2011-10-07T19:17:56+00:00","breadcrumb":{"@id":"https:\/\/fjala.info\/2009-2015\/te-vertetat-e-uidhers-perballe-pushtetit-te-genjeshtres\/#breadcrumb"},"inLanguage":"sq-AL","potentialAction":[{"@type":"ReadAction","target":["https:\/\/fjala.info\/2009-2015\/te-vertetat-e-uidhers-perballe-pushtetit-te-genjeshtres\/"]}]},{"@type":"ImageObject","inLanguage":"sq-AL","@id":"https:\/\/fjala.info\/2009-2015\/te-vertetat-e-uidhers-perballe-pushtetit-te-genjeshtres\/#primaryimage","url":"http:\/\/www.shkoder.net\/images\/fjala\/andrea_stefani.jpg","contentUrl":"http:\/\/www.shkoder.net\/images\/fjala\/andrea_stefani.jpg"},{"@type":"BreadcrumbList","@id":"https:\/\/fjala.info\/2009-2015\/te-vertetat-e-uidhers-perballe-pushtetit-te-genjeshtres\/#breadcrumb","itemListElement":[{"@type":"ListItem","position":1,"name":"Home","item":"https:\/\/fjala.info\/2009-2015\/"},{"@type":"ListItem","position":2,"name":"T\u00cb V\u00cbRTETAT E UIDHERS P\u00cbRBALLE PUSHTETIT T\u00cb G\u00cbNJESHTR\u00cbS"}]},{"@type":"WebSite","@id":"https:\/\/fjala.info\/2009-2015\/#website","url":"https:\/\/fjala.info\/2009-2015\/","name":"FjALA e LIR\u00cb - Arkivi","description":"Arkivi 2009-2015","publisher":{"@id":"https:\/\/fjala.info\/2009-2015\/#organization"},"potentialAction":[{"@type":"SearchAction","target":{"@type":"EntryPoint","urlTemplate":"https:\/\/fjala.info\/2009-2015\/?s={search_term_string}"},"query-input":{"@type":"PropertyValueSpecification","valueRequired":true,"valueName":"search_term_string"}}],"inLanguage":"sq-AL"},{"@type":"Organization","@id":"https:\/\/fjala.info\/2009-2015\/#organization","name":"FjALA e LIR\u00cb - Arkivi","url":"https:\/\/fjala.info\/2009-2015\/","logo":{"@type":"ImageObject","inLanguage":"sq-AL","@id":"https:\/\/fjala.info\/2009-2015\/#\/schema\/logo\/image\/","url":"","contentUrl":"","caption":"FjALA e LIR\u00cb - Arkivi"},"image":{"@id":"https:\/\/fjala.info\/2009-2015\/#\/schema\/logo\/image\/"}},{"@type":"Person","@id":"https:\/\/fjala.info\/2009-2015\/#\/schema\/person\/3aa1163ef05469c496fc94e77611ada2","name":"admin","image":{"@type":"ImageObject","inLanguage":"sq-AL","@id":"https:\/\/fjala.info\/2009-2015\/wp-content\/uploads\/2012\/02\/arben_cokaj-120x150.jpg","url":"https:\/\/fjala.info\/2009-2015\/wp-content\/uploads\/2012\/02\/arben_cokaj-120x150.jpg","contentUrl":"https:\/\/fjala.info\/2009-2015\/wp-content\/uploads\/2012\/02\/arben_cokaj-120x150.jpg","caption":"admin"},"description":"Admin, Fjala e Lir\u00eb","sameAs":["https:\/\/fjala.info\/"],"url":"https:\/\/fjala.info\/2009-2015\/author\/admin\/"}]}},"_links":{"self":[{"href":"https:\/\/fjala.info\/2009-2015\/wp-json\/wp\/v2\/posts\/10915","targetHints":{"allow":["GET"]}}],"collection":[{"href":"https:\/\/fjala.info\/2009-2015\/wp-json\/wp\/v2\/posts"}],"about":[{"href":"https:\/\/fjala.info\/2009-2015\/wp-json\/wp\/v2\/types\/post"}],"author":[{"embeddable":true,"href":"https:\/\/fjala.info\/2009-2015\/wp-json\/wp\/v2\/users\/1"}],"replies":[{"embeddable":true,"href":"https:\/\/fjala.info\/2009-2015\/wp-json\/wp\/v2\/comments?post=10915"}],"version-history":[{"count":0,"href":"https:\/\/fjala.info\/2009-2015\/wp-json\/wp\/v2\/posts\/10915\/revisions"}],"wp:attachment":[{"href":"https:\/\/fjala.info\/2009-2015\/wp-json\/wp\/v2\/media?parent=10915"}],"wp:term":[{"taxonomy":"category","embeddable":true,"href":"https:\/\/fjala.info\/2009-2015\/wp-json\/wp\/v2\/categories?post=10915"},{"taxonomy":"post_tag","embeddable":true,"href":"https:\/\/fjala.info\/2009-2015\/wp-json\/wp\/v2\/tags?post=10915"}],"curies":[{"name":"wp","href":"https:\/\/api.w.org\/{rel}","templated":true}]}}