{"id":10911,"date":"2011-10-07T19:56:19","date_gmt":"2011-10-07T18:56:19","guid":{"rendered":"http:\/\/fjala.shkoder.net\/?p=10911"},"modified":"2011-10-07T19:56:19","modified_gmt":"2011-10-07T18:56:19","slug":"demokracia-shqiptare-me-dy-diktatore","status":"publish","type":"post","link":"https:\/\/fjala.info\/2009-2015\/demokracia-shqiptare-me-dy-diktatore\/","title":{"rendered":"Demokracia shqiptare me dy diktator\u00eb"},"content":{"rendered":"<p><img decoding=\"async\" class=\"alignright size-thumbnail wp-image-7236\" title=\"At Zef Pllumi\" src=\"http:\/\/www.shkoder.net\/images\/fjala\/at_zef_pllumi.jpg\" alt=\"\" width=\"150\" \/> Nga <strong>At Zef Pllumi<\/strong>, <em>maj 2004<\/em><\/p>\n<p><strong>1. Themelimi i Pluralizmit Politik<\/strong><\/p>\n<p>Dal\u00eb e ngadal\u00eb demokracia n\u00eb Shqipni po bahet pes\u00ebmdhet\u00ebvje\u00e7are. Na pleq\u00ebt se \u00e7&#8217;u g\u00ebzuem at\u00eb dit\u00eb q\u00eb lindi. Jo vet\u00ebm na pleq\u00ebt por mund thom se u g\u00ebzue i gjith\u00eb populli shqiptar p\u00ebrve\u00e7 ndonji nostalgjikut q\u00eb kishte harrue me hec\u00eb n\u00eb kamb\u00eb t\u00eb veta por gjithmon\u00eb kalobo\u00e7 n\u00eb qaf\u00eb t\u00eb tjervet sepse p\u00ebr at\u00eb pun\u00eb thirrej &#8220;demokraci popullore&#8221;.<\/p>\n<p>Dikur tinzash kishim ndigjue se n\u00eb Europ\u00eb kishte demokraci prendimore. Flitej se ishin disa varza t\u00eb bukura, q\u00eb i bajshin me sy gjithkuj dhe ecnin n\u00eb rrug\u00ebn e gjan\u00eb t\u00eb p\u00ebrparimit, t\u00eb pasunis\u00eb e jet\u00ebs s\u00eb lumtun. Edhe kur ato grindeshin mes vedit n\u00eb dybekun Parlamentar thonin se pa u rrah\u00eb gjat\u00eb e gjat\u00eb nuk del t\u00eblyeni ose gjalpi aty n\u00eb krye t\u00eb vendit.<\/p>\n<p>Kur presidenti Ramiz Alia filloi me u plak\u00eb e pau me sy t\u00eb vet se \u00e7ka e gjet \u00c7ausheskun e Rumanis\u00eb, u nis p\u00ebr Boston, shkoi n\u00eb Kish\u00ebn e Sh\u00ebngjergjit me rr\u00ebfye para At Liaolinit, o dikuj tjet\u00ebr, m\u00ebkatet e shumta gjat\u00eb jet\u00ebs s\u00eb tij e t\u00eb shokve.<\/p>\n<p>Si prift i mir\u00eb, At Liaolini ia fali m\u00ebkatet dhe i caktoi p\u00ebr pendes\u00eb q\u00eb ai kur t\u00eb kthehej n\u00eb Shqipni t\u00eb \u00e7pallte &#8220;pluralizmin&#8221;.<\/p>\n<p>-&#8220;\u00c7ka asht ky?&#8221;-p\u00ebveti Ramizi.<\/p>\n<p>-&#8220;Pluralizmi, i tha At Liaolini o dikush tjet\u00ebr, don me than\u00eb q\u00eb n\u00eb vend me sundue nji njeri i vet\u00ebm, si\u00e7 keni ba yt at e ti, duhet me sundue dy ose ma shum\u00eb&#8230; .&#8221;<\/p>\n<p>-E kuptova shum\u00eb mir\u00eb. Krejt mir\u00eb! Dhe tue kqyr\u00eb ikon\u00ebn e madhe t\u00eb Sh\u00ebn Gjergjit, i tha:<\/p>\n<p>Qe, k\u00ebtu jemi dy: un dhe Kali; bile bile , o At i dashtun p\u00ebr mos me u duk\u00eb Sh\u00ebn Gjergj si n\u00eb k\u00ebt ikon\u00eb; kalin po e ndrroj n\u00eb gomar sepse i p\u00ebrgjegjet edhe ma mir\u00eb historis\u00eb e tipareve komb\u00ebtare t\u00eb popullit shqiptar: Un k\u00ebtu sipri me shkop n\u00eb dor\u00eb e ky i gjori k\u00ebtu posht\u00eb q\u00eb nuk ban za as nuk hedh shtjelma sado t\u00eb sjellish mbi te&#8230; . Si t\u00eb duket?<\/p>\n<p>-Jo mor, jo, i a k\u00ebthei At Liaolini o dikush tjet\u00ebr. Jo, jo! K\u00ebshtu nuk ban&#8230; boll e keni kullot\u00eb. Tashma je plak\u00eb zgjidh dy djem t\u00eb rij&#8230; n\u00eb vend tand. Ky asht pluralizmi q\u00eb thash\u00eb.<\/p>\n<p>Rruga me avion p\u00ebr Amerik\u00eb asht shum\u00eb ma e gjat\u00eb me kthye se sa me shkue. Gjat\u00eb k\u00ebsaj rruge s\u00eb gjat\u00eb Ramizi ishte tym n\u00eb mendime: pluralizmi, djemt\u00eb e rij&#8230; a jan\u00eb t\u00eb tjer\u00ebt si na&#8230; a do t\u00eb dijn\u00eb me vazhdue rrug\u00ebn ton\u00eb p\u00ebrparimtare tue ec\u00eb s\u00eb mbrapthi kurrkush ma mir\u00eb se na&#8230; do t\u00eb k\u00ebshillohem sa t\u00eb shkoj me Nexhmijen: ajo asht grueja ma e me\u00e7me e bot\u00ebs&#8230; Vet\u00ebm at\u00eb ndigjonte Enveri i shkret\u00eb&#8230; .<\/p>\n<p>Kur u kthye n\u00eb Tiran\u00eb Ramizi e pveti Nexhin: a din \u00e7ka don me than\u00eb &#8220;pluraliz\u00ebm&#8221;?<\/p>\n<p>-E si nuk e dij! Ma ka m\u00ebsue shoku Enver qysh\u00eb se kje\u00e7\u00eb vajz\u00eb. Na e kemi Pluralizmin politik ma t\u00eb mirin n\u00eb bot\u00eb: Kemi Partin\u00eb e Pushtetin e p\u00ebrve\u00e7 ktyne kemi Frontin Demokratik, kemi Gruen Demokrate, kemi Rinin\u00eb e Lidhjen e Shkrimtar\u00ebve. E \u00e7ka na duhen ma shum\u00eb!? Jemi popull i vog\u00ebl, por i bashkuem: dy miljon por sa dyqind miljon. Kurrkush nuk flet as s&#8217;ban za&#8230; . \u00e7&#8217;e don ma mir\u00eb?<\/p>\n<p>-Po moj, po, at\u00eb e dij edhe vet\u00eb por a e pae se \u00e7&#8217;e gjet \u00c7ausheskun?&#8230;<\/p>\n<p>-E pash\u00eb mir\u00eb edhe e mora me mend se ashtu do t\u00eb perfundoj\u00eb sepse e pat fillue me i lan\u00eb me leh\u00eb disa qej rrugash: na i kemi ndry t\u00eb gjith\u00eb&#8230; s&#8217;guxon kurrkush me leh\u00eb. Mandej a e ke pa at\u00eb statuj\u00ebn e madhe n\u00eb mes t\u00eb sheshit? Sfinks i v\u00ebrtet\u00eb. Kush guxon me leh\u00eb?<\/p>\n<p>-Ndigjo Nexhi, kur kje\u00e7\u00eb atje e ata miq\u00ebt tan\u00eb m\u00eb k\u00ebshilluen mos me ndjek\u00eb \u00c7ausheskun por me ba edhe na si gjerman\u00ebt e Aoenackerit.<\/p>\n<p>-Jo, ma mir\u00eb po bajm\u00eb si Kim Ir Seni i Kores\u00eb: po largohemi na e po ua l\u00ebshojm\u00eb djelmve tan\u00eb,&#8230; Si t\u00eb duket? Po vem\u00eb djalin tem t\u00eb madhin e djalin tand, sepse at\u00eb t\u00eb voglin e kam t\u00eb pandigjuesh\u00ebm. Ka marr\u00eb p\u00ebr grue nji kaurresh\u00eb q\u00eb nuk, ma don kurrsesi hero Haxhi Qamilin&#8230; Si thue?&#8230;<\/p>\n<p>-Jo, moj jo. A din si asht puna: me vue dy djemt tan\u00eb, na \u00e7ohen kundra shoku Haxhi, Bab\u00eb Myslymi e t\u00eb gjith\u00eb shok\u00ebt tjer\u00eb, q\u00eb i kan\u00eb djem\u00ebt ma besnik\u00eb.<\/p>\n<p>-Mir\u00eb e ke, shoku Ramiz. Kam nji djal\u00eb aty n\u00eb Institutin e Studimeve marksiste-leniniste q\u00eb nuk e ka shokun; quhet Fatos e asht taman fatos i Enverit, e njof mir\u00eb se ai emnin e kishte Foto, por shoku Enver e njofti mir\u00eb e ia suell Fatos. Ai i redakton shkrimet e Enverit e i ban aq t\u00eb bukura sikur i p\u00ebrket njaj klasiku t\u00eb vertet\u00eb. Mendoj se edhe Sekretar i P\u00ebrgjithsh\u00ebm i Partis\u00eb s\u00eb Pun\u00ebs po t&#8217;emnohet e kryen me nder\u00eb at\u00eb detyr\u00eb.<\/p>\n<p>-E njof, e njof mir\u00eb; taman e ke gjet\u00eb. Ma mir\u00eb ta ngarkojm\u00eb at\u00eb si kryesor. Sa p\u00ebr at\u00eb t\u00eb dytin po ta gjej\u00eb vet\u00eb: asht nji djal\u00eb guximtar nga Tropoja. E kemi Doktor t\u00eb specializuem n\u00eb Franc\u00eb: Sali Berisha quhet.<\/p>\n<p>-E njof, e njof edhe un\u00eb Sal\u00ebn se ishte n\u00eb at\u00eb ekipin e mjekve t\u00eb Enverit. Por a t\u00eb ndigjon se m\u00eb kan\u00eb than\u00eb se baba i nuses s\u00eb tij ishte argat i UDB-es\u00eb jugosllave.<\/p>\n<p>Aq ma mir\u00eb sepse k\u00ebshtu gjurm\u00ebt tona nuk i dikton Europa as Amerika.<\/p>\n<p>-Hajt pra; futju sa ma par\u00eb e ta marrin vesht Europa, Amerika e tan\u00eb bota!&#8230; .<\/p>\n<p>N\u00eb zyr\u00ebn e presidentit t\u00eb Republik\u00ebs u paraqit shoku Hekuran Isai, minist\u00ebr i Pun\u00ebve t\u00eb Mbrend\u00ebshme p\u00ebr me dhan\u00eb informacion ditor.<\/p>\n<p>-Shoku Hekuran, kam n\u00eb projekt me ba disa reforma t\u00eb rand\u00ebsishme, por derisa populli nuk i k\u00ebrkon e kam pak si t\u00eb veshtir\u00eb me i dekretue. Ban si t\u00eb bajsh e nxiti disa studenta t\u00eb Universitetit me k\u00ebrkue p\u00ebrmirsime t\u00eb gjendjes ekonomike.<\/p>\n<p>-Me i nxit\u00eb asht fort e kollajt\u00eb por mandej nuk dij ku ndalen sa drue se mos na k\u00ebrkojn\u00eb ma von\u00eb qiqrra n\u00eb hell e s&#8217;kemi ku i marrim.<\/p>\n<p>-Mos u ban marak: na zogun e lshojm\u00eb me fluturue sa t\u00eb dojm\u00eb na q\u00eb mbajm\u00eb penin n\u00eb dor\u00eb. Ti e din se kjem\u00eb na byroja e kurrkush tjet\u00ebr q\u00eb vendos\u00ebm me marr\u00eb pjes\u00eb n\u00eb K\u00ebshillin e Europ\u00ebs me 25 Nandor dhe i kemi ba thirrje Nan\u00eb Terez\u00ebs q\u00eb t\u00eb vij\u00eb n\u00eb Shqipni me 6 Dhetor. Disa l\u00ebshime t\u00eb kontrollueme na duhet me i ba doemos se kemi mbet\u00eb vet\u00ebm si dhi e zgjebt\u00eb.<\/p>\n<p>Nan\u00eb Tereza erdh n\u00eb Tiran\u00eb e u prit mir\u00eb prej Presidentit Ramiz Alia ashtu edhe familjes s\u00eb Enver Hoxh\u00ebs, mbi vorr t\u00eb cilit vuni nji tuf\u00eb me lule e dy tjera mbi vorret e nan\u00ebs e mot\u00ebrs s\u00eb vet n\u00eb Sharr\u00eb, p\u00ebr ma tep\u00ebr i falen edhe Kish\u00ebn e sht\u00ebpin\u00eb e fran\u00e7eskan\u00ebve n\u00eb Tiran\u00eb. Por opinioni botnor k\u00ebrkonte ma tep\u00ebr: k\u00ebrkonte &#8220;pluralizimin politik&#8221;.<\/p>\n<p>Me 8 dhetor 1990 studentat k\u00ebrkuen kondita ma t\u00eb mira jeteset: lypen drita, uj\u00eb, past\u00ebrti e ushqim.<\/p>\n<p>At\u00eb dit\u00eb Ministri i Arsimit Sk\u00ebnder Gjinushi shkoi me takue universitar\u00ebt n\u00eb revolt\u00eb, u bani shum\u00eb premtime me fjal\u00eb qet\u00ebsuese por ata paraqiten k\u00ebrkesa tjera p\u00ebr liri t\u00eb fjal\u00ebs, shtypit e pluralizmit politik. K\u00ebrkuen takim me presidentin Ramiz. As delegacioni i dyt\u00eb qeveritar\u00ebsh e intelektual\u00ebsh nuk i qet\u00ebsoi studentat. As takimi me Presidentin nuk solli gja. At\u00eb nat\u00eb Ramizi pat nji kriz\u00eb zemre. \u00c7oi e thirri doktorin p\u00ebr ta vizitue. Sali Berisha u paraqit.<\/p>\n<p>-Ndigjo, jam shum\u00eb i shqetsuem. Duhen ba reforma politike se i k\u00ebrkon bota jasht\u00eb. Prandej t\u00eb thirra q\u00eb t\u00eb formosh nji parti politike e t\u00eb shpallim pluralizmin politik&#8230;<\/p>\n<p>-Shoku Ramiz, k\u00ebt gja nuk mund e baj. Jam ushtar besnik i Partis\u00eb!&#8230;<\/p>\n<p>-Ndigjo mir\u00eb, Doktor, e dij mir\u00eb se je ushtar besnik i Partis\u00eb por sot, un\u00eb n\u00eb funksionin e udh\u00ebheq\u00ebsit kryesor t\u00eb Partis\u00eb, po t&#8217;urdhnoj q\u00eb ti t\u00eb shkojsh te studentat n\u00eb grev\u00eb dhe shpalle nji parti t\u00eb re n\u00eb m\u00ebnyr\u00eb q\u00eb t\u00eb formohet pluralizmi politik. Ky asht urdhen i Partis\u00eb!<\/p>\n<p>-E si t&#8217;ia ngjes emnin Partis\u00eb s\u00eb re?<\/p>\n<p>-Pse?&#8230; edhe emnin do t&#8217;ia gjej un\u00eb?!! Shko!<\/p>\n<p>Me dat\u00ebn 12 Dhetor 1990 Prof. Dr. Sali Berisha shkoi te studentat e Universitetit n\u00eb grev\u00eb q\u00eb drejtoheshin nga Azem Hajdari dhe aty shpalli pluralizim politik tue formue Partin\u00eb Demokratike me nji statut e program minimal.<\/p>\n<p>Mbas ndonji dite u dekretue ligji mbi partit\u00eb politike n\u00eb Shqipni t\u00eb cilat duhej t&#8217;aprovoheshin nga Gjykata e Nalt\u00eb mbas nji k\u00ebrkese t\u00eb firmueme prej treqind autor\u00ebve.<\/p>\n<p>Pa u mbush\u00eb mir\u00eb java n\u00eb Zyr\u00ebn e Presidentit u paraqit\u00ebn dy persona tjer\u00eb: z. Sabri Godo dhe z. Namik Hoti. N\u00eb takimet ve\u00e7 e ve\u00e7 Presidenti u spjegoi atyne se &#8220;pluralizmi politik&#8221; k\u00ebrkonte q\u00eb t&#8217;ishin ma shum\u00eb se dy parti, t\u00eb cilat mandej do t\u00eb funksjonin n\u00eb baz\u00eb t\u00eb grupimeve. K\u00ebshtu ishte Europa Per\u00ebndimore q\u00eb duhej ndjek\u00eb.<\/p>\n<p>Presidenti Ramiz i tregoi z. Godo se n&#8217;Amerik\u00eb ishin dy parti kund\u00ebrshtare Partia Republikane dhe Partia Demokratike: &#8220;i ka nda rrota p\u00ebrgjys\u00eb, tha, por politika e don k\u00ebshtu.&#8221;<\/p>\n<p>-Shum\u00eb mir\u00eb. Jam i gatsh\u00ebm ta provoj.<\/p>\n<p>Z. Godo me shpejt\u00ebsi t\u00eb marramend\u00ebshme p\u00ebrpiloi Statutin e Programin e &#8220;Partis\u00eb Republikane&#8221; por kur erdh puna me e n\u00ebnshkrue treqind antar\u00eb, ai nuk gjet sepse populli ishte tep\u00ebr i friguem e thohet se mezi ia firmuen njiqind. Z. Sabri nuk u ligshtue aspak, por dhelpnak, si\u00e7 ishte, u tha: shkoni nd\u00ebr vorreza aty gjeni emna sa t\u00eb doni por mos i shkrueni dit\u00ebn e vdekjes. Kjo list\u00eb u paraqit n\u00eb Gjykat\u00ebn e Nalt\u00eb e cila menj\u00ebher\u00eb e aprovoi. Statuti dhe programi i gjat\u00eb i Partis\u00eb Republikane u botuen po n\u00eb shtypshkroj\u00ebn, po me at\u00eb let\u00ebr e po me ato shkronja q\u00eb publikohej revista &#8220;Rruga e Partis\u00eb&#8221;.<\/p>\n<p>Takimi i Presidentit me z. Namik Hotin kje ma i v\u00ebshtir\u00eb. Ky e pranoi me andje rolin e Krijuesit t\u00eb &#8220;Partis\u00eb s\u00eb Gjelb\u00ebr&#8221; n\u00eb Shqipni mbasi ajo n\u00eb t\u00eb gjith\u00eb Europ\u00ebn ishte nji pateric\u00eb e partive komuniste. Por kur ra puna e politik\u00ebs s\u00eb grupimeve parlamentare ai i tha hapt\u00eb Presidentit se nuk do t\u00eb bashk\u00ebpunonte kurr me Doktorin se &#8220;sikur t\u00eb hyp\u00eb maloku n\u00eb kal\u00eb, nuk ka gja q\u00eb e zbret p\u00ebr ve\u00e7 plumbit.&#8221;&#8230;<\/p>\n<p>Nd\u00ebrkaq sheshet e Tiran\u00ebs i sundojshin Sfinksat e Partis\u00eb s\u00eb Pun\u00ebs s\u00eb Shqip\u00ebris\u00eb: Lenini, Stalini e Enver Hoxha. N\u00eb ket atmosfer\u00eb demokratike pluralizmi shqiptar u paraqit n\u00eb zgjedhjet e fundmarsit 1991, n\u00eb t\u00eb cilat fitoi Partia e Pun\u00ebs drejtue prej Fatos Nanos. (vijon me 2. Ujku nd\u00ebrron qimen por jo vesin)<\/p>\n<p><em>Botuar n\u00eb Bota Shqiptare nr. 108, 27 maj 2004<\/em><\/p>\n","protected":false},"excerpt":{"rendered":"<p>Nga At Zef Pllumi, maj 2004 1. Themelimi i Pluralizmit Politik Dal\u00eb e ngadal\u00eb demokracia n\u00eb Shqipni po bahet pes\u00ebmdhet\u00ebvje\u00e7are. Na pleq\u00ebt se \u00e7&#8217;u g\u00ebzuem at\u00eb dit\u00eb q\u00eb lindi. Jo vet\u00ebm na pleq\u00ebt por mund thom se u g\u00ebzue i gjith\u00eb populli shqiptar p\u00ebrve\u00e7 ndonji nostalgjikut q\u00eb kishte harrue me hec\u00eb n\u00eb kamb\u00eb t\u00eb veta [&hellip;]<\/p>\n","protected":false},"author":1,"featured_media":0,"comment_status":"open","ping_status":"closed","sticky":false,"template":"","format":"standard","meta":{"footnotes":""},"categories":[2],"tags":[],"class_list":{"0":"post-10911","1":"post","2":"type-post","3":"status-publish","4":"format-standard","6":"category-artikuj"},"yoast_head":"<!-- This site is optimized with the Yoast SEO plugin v27.4 - https:\/\/yoast.com\/product\/yoast-seo-wordpress\/ -->\n<title>Demokracia shqiptare me dy diktator\u00eb - FjALA e LIR\u00cb - Arkivi<\/title>\n<meta name=\"robots\" content=\"index, follow, max-snippet:-1, max-image-preview:large, max-video-preview:-1\" \/>\n<link rel=\"canonical\" href=\"https:\/\/fjala.info\/2009-2015\/demokracia-shqiptare-me-dy-diktatore\/\" \/>\n<meta property=\"og:locale\" content=\"sq_AL\" \/>\n<meta property=\"og:type\" content=\"article\" \/>\n<meta property=\"og:title\" content=\"Demokracia shqiptare me dy diktator\u00eb - FjALA e LIR\u00cb - Arkivi\" \/>\n<meta property=\"og:description\" content=\"Nga At Zef Pllumi, maj 2004 1. Themelimi i Pluralizmit Politik Dal\u00eb e ngadal\u00eb demokracia n\u00eb Shqipni po bahet pes\u00ebmdhet\u00ebvje\u00e7are. Na pleq\u00ebt se \u00e7&#8217;u g\u00ebzuem at\u00eb dit\u00eb q\u00eb lindi. Jo vet\u00ebm na pleq\u00ebt por mund thom se u g\u00ebzue i gjith\u00eb populli shqiptar p\u00ebrve\u00e7 ndonji nostalgjikut q\u00eb kishte harrue me hec\u00eb n\u00eb kamb\u00eb t\u00eb veta [&hellip;]\" \/>\n<meta property=\"og:url\" content=\"https:\/\/fjala.info\/2009-2015\/demokracia-shqiptare-me-dy-diktatore\/\" \/>\n<meta property=\"og:site_name\" content=\"FjALA e LIR\u00cb - Arkivi\" \/>\n<meta property=\"article:published_time\" content=\"2011-10-07T18:56:19+00:00\" \/>\n<meta property=\"og:image\" content=\"http:\/\/www.shkoder.net\/images\/fjala\/at_zef_pllumi.jpg\" \/>\n<meta name=\"author\" content=\"admin\" \/>\n<meta name=\"twitter:card\" content=\"summary_large_image\" \/>\n<meta name=\"twitter:label1\" content=\"Written by\" \/>\n\t<meta name=\"twitter:data1\" content=\"admin\" \/>\n\t<meta name=\"twitter:label2\" content=\"Est. reading time\" \/>\n\t<meta name=\"twitter:data2\" content=\"9 minutes\" \/>\n<script type=\"application\/ld+json\" class=\"yoast-schema-graph\">{\"@context\":\"https:\\\/\\\/schema.org\",\"@graph\":[{\"@type\":\"Article\",\"@id\":\"https:\\\/\\\/fjala.info\\\/2009-2015\\\/demokracia-shqiptare-me-dy-diktatore\\\/#article\",\"isPartOf\":{\"@id\":\"https:\\\/\\\/fjala.info\\\/2009-2015\\\/demokracia-shqiptare-me-dy-diktatore\\\/\"},\"author\":{\"name\":\"admin\",\"@id\":\"https:\\\/\\\/fjala.info\\\/2009-2015\\\/#\\\/schema\\\/person\\\/3aa1163ef05469c496fc94e77611ada2\"},\"headline\":\"Demokracia shqiptare me dy diktator\u00eb\",\"datePublished\":\"2011-10-07T18:56:19+00:00\",\"mainEntityOfPage\":{\"@id\":\"https:\\\/\\\/fjala.info\\\/2009-2015\\\/demokracia-shqiptare-me-dy-diktatore\\\/\"},\"wordCount\":1885,\"commentCount\":0,\"publisher\":{\"@id\":\"https:\\\/\\\/fjala.info\\\/2009-2015\\\/#organization\"},\"image\":{\"@id\":\"https:\\\/\\\/fjala.info\\\/2009-2015\\\/demokracia-shqiptare-me-dy-diktatore\\\/#primaryimage\"},\"thumbnailUrl\":\"http:\\\/\\\/www.shkoder.net\\\/images\\\/fjala\\\/at_zef_pllumi.jpg\",\"articleSection\":[\"Artikuj\"],\"inLanguage\":\"sq-AL\",\"potentialAction\":[{\"@type\":\"CommentAction\",\"name\":\"Comment\",\"target\":[\"https:\\\/\\\/fjala.info\\\/2009-2015\\\/demokracia-shqiptare-me-dy-diktatore\\\/#respond\"]}]},{\"@type\":\"WebPage\",\"@id\":\"https:\\\/\\\/fjala.info\\\/2009-2015\\\/demokracia-shqiptare-me-dy-diktatore\\\/\",\"url\":\"https:\\\/\\\/fjala.info\\\/2009-2015\\\/demokracia-shqiptare-me-dy-diktatore\\\/\",\"name\":\"Demokracia shqiptare me dy diktator\u00eb - FjALA e LIR\u00cb - Arkivi\",\"isPartOf\":{\"@id\":\"https:\\\/\\\/fjala.info\\\/2009-2015\\\/#website\"},\"primaryImageOfPage\":{\"@id\":\"https:\\\/\\\/fjala.info\\\/2009-2015\\\/demokracia-shqiptare-me-dy-diktatore\\\/#primaryimage\"},\"image\":{\"@id\":\"https:\\\/\\\/fjala.info\\\/2009-2015\\\/demokracia-shqiptare-me-dy-diktatore\\\/#primaryimage\"},\"thumbnailUrl\":\"http:\\\/\\\/www.shkoder.net\\\/images\\\/fjala\\\/at_zef_pllumi.jpg\",\"datePublished\":\"2011-10-07T18:56:19+00:00\",\"breadcrumb\":{\"@id\":\"https:\\\/\\\/fjala.info\\\/2009-2015\\\/demokracia-shqiptare-me-dy-diktatore\\\/#breadcrumb\"},\"inLanguage\":\"sq-AL\",\"potentialAction\":[{\"@type\":\"ReadAction\",\"target\":[\"https:\\\/\\\/fjala.info\\\/2009-2015\\\/demokracia-shqiptare-me-dy-diktatore\\\/\"]}]},{\"@type\":\"ImageObject\",\"inLanguage\":\"sq-AL\",\"@id\":\"https:\\\/\\\/fjala.info\\\/2009-2015\\\/demokracia-shqiptare-me-dy-diktatore\\\/#primaryimage\",\"url\":\"http:\\\/\\\/www.shkoder.net\\\/images\\\/fjala\\\/at_zef_pllumi.jpg\",\"contentUrl\":\"http:\\\/\\\/www.shkoder.net\\\/images\\\/fjala\\\/at_zef_pllumi.jpg\"},{\"@type\":\"BreadcrumbList\",\"@id\":\"https:\\\/\\\/fjala.info\\\/2009-2015\\\/demokracia-shqiptare-me-dy-diktatore\\\/#breadcrumb\",\"itemListElement\":[{\"@type\":\"ListItem\",\"position\":1,\"name\":\"Home\",\"item\":\"https:\\\/\\\/fjala.info\\\/2009-2015\\\/\"},{\"@type\":\"ListItem\",\"position\":2,\"name\":\"Demokracia shqiptare me dy diktator\u00eb\"}]},{\"@type\":\"WebSite\",\"@id\":\"https:\\\/\\\/fjala.info\\\/2009-2015\\\/#website\",\"url\":\"https:\\\/\\\/fjala.info\\\/2009-2015\\\/\",\"name\":\"FjALA e LIR\u00cb - Arkivi\",\"description\":\"Arkivi 2009-2015\",\"publisher\":{\"@id\":\"https:\\\/\\\/fjala.info\\\/2009-2015\\\/#organization\"},\"potentialAction\":[{\"@type\":\"SearchAction\",\"target\":{\"@type\":\"EntryPoint\",\"urlTemplate\":\"https:\\\/\\\/fjala.info\\\/2009-2015\\\/?s={search_term_string}\"},\"query-input\":{\"@type\":\"PropertyValueSpecification\",\"valueRequired\":true,\"valueName\":\"search_term_string\"}}],\"inLanguage\":\"sq-AL\"},{\"@type\":\"Organization\",\"@id\":\"https:\\\/\\\/fjala.info\\\/2009-2015\\\/#organization\",\"name\":\"FjALA e LIR\u00cb - Arkivi\",\"url\":\"https:\\\/\\\/fjala.info\\\/2009-2015\\\/\",\"logo\":{\"@type\":\"ImageObject\",\"inLanguage\":\"sq-AL\",\"@id\":\"https:\\\/\\\/fjala.info\\\/2009-2015\\\/#\\\/schema\\\/logo\\\/image\\\/\",\"url\":\"\",\"contentUrl\":\"\",\"caption\":\"FjALA e LIR\u00cb - Arkivi\"},\"image\":{\"@id\":\"https:\\\/\\\/fjala.info\\\/2009-2015\\\/#\\\/schema\\\/logo\\\/image\\\/\"}},{\"@type\":\"Person\",\"@id\":\"https:\\\/\\\/fjala.info\\\/2009-2015\\\/#\\\/schema\\\/person\\\/3aa1163ef05469c496fc94e77611ada2\",\"name\":\"admin\",\"image\":{\"@type\":\"ImageObject\",\"inLanguage\":\"sq-AL\",\"@id\":\"https:\\\/\\\/fjala.info\\\/2009-2015\\\/wp-content\\\/uploads\\\/2012\\\/02\\\/arben_cokaj-120x150.jpg\",\"url\":\"https:\\\/\\\/fjala.info\\\/2009-2015\\\/wp-content\\\/uploads\\\/2012\\\/02\\\/arben_cokaj-120x150.jpg\",\"contentUrl\":\"https:\\\/\\\/fjala.info\\\/2009-2015\\\/wp-content\\\/uploads\\\/2012\\\/02\\\/arben_cokaj-120x150.jpg\",\"caption\":\"admin\"},\"description\":\"Admin, Fjala e Lir\u00eb\",\"sameAs\":[\"https:\\\/\\\/fjala.info\\\/\"],\"url\":\"https:\\\/\\\/fjala.info\\\/2009-2015\\\/author\\\/admin\\\/\"}]}<\/script>\n<!-- \/ Yoast SEO plugin. -->","yoast_head_json":{"title":"Demokracia shqiptare me dy diktator\u00eb - FjALA e LIR\u00cb - Arkivi","robots":{"index":"index","follow":"follow","max-snippet":"max-snippet:-1","max-image-preview":"max-image-preview:large","max-video-preview":"max-video-preview:-1"},"canonical":"https:\/\/fjala.info\/2009-2015\/demokracia-shqiptare-me-dy-diktatore\/","og_locale":"sq_AL","og_type":"article","og_title":"Demokracia shqiptare me dy diktator\u00eb - FjALA e LIR\u00cb - Arkivi","og_description":"Nga At Zef Pllumi, maj 2004 1. Themelimi i Pluralizmit Politik Dal\u00eb e ngadal\u00eb demokracia n\u00eb Shqipni po bahet pes\u00ebmdhet\u00ebvje\u00e7are. Na pleq\u00ebt se \u00e7&#8217;u g\u00ebzuem at\u00eb dit\u00eb q\u00eb lindi. Jo vet\u00ebm na pleq\u00ebt por mund thom se u g\u00ebzue i gjith\u00eb populli shqiptar p\u00ebrve\u00e7 ndonji nostalgjikut q\u00eb kishte harrue me hec\u00eb n\u00eb kamb\u00eb t\u00eb veta [&hellip;]","og_url":"https:\/\/fjala.info\/2009-2015\/demokracia-shqiptare-me-dy-diktatore\/","og_site_name":"FjALA e LIR\u00cb - Arkivi","article_published_time":"2011-10-07T18:56:19+00:00","og_image":[{"url":"http:\/\/www.shkoder.net\/images\/fjala\/at_zef_pllumi.jpg","type":"","width":"","height":""}],"author":"admin","twitter_card":"summary_large_image","twitter_misc":{"Written by":"admin","Est. reading time":"9 minutes"},"schema":{"@context":"https:\/\/schema.org","@graph":[{"@type":"Article","@id":"https:\/\/fjala.info\/2009-2015\/demokracia-shqiptare-me-dy-diktatore\/#article","isPartOf":{"@id":"https:\/\/fjala.info\/2009-2015\/demokracia-shqiptare-me-dy-diktatore\/"},"author":{"name":"admin","@id":"https:\/\/fjala.info\/2009-2015\/#\/schema\/person\/3aa1163ef05469c496fc94e77611ada2"},"headline":"Demokracia shqiptare me dy diktator\u00eb","datePublished":"2011-10-07T18:56:19+00:00","mainEntityOfPage":{"@id":"https:\/\/fjala.info\/2009-2015\/demokracia-shqiptare-me-dy-diktatore\/"},"wordCount":1885,"commentCount":0,"publisher":{"@id":"https:\/\/fjala.info\/2009-2015\/#organization"},"image":{"@id":"https:\/\/fjala.info\/2009-2015\/demokracia-shqiptare-me-dy-diktatore\/#primaryimage"},"thumbnailUrl":"http:\/\/www.shkoder.net\/images\/fjala\/at_zef_pllumi.jpg","articleSection":["Artikuj"],"inLanguage":"sq-AL","potentialAction":[{"@type":"CommentAction","name":"Comment","target":["https:\/\/fjala.info\/2009-2015\/demokracia-shqiptare-me-dy-diktatore\/#respond"]}]},{"@type":"WebPage","@id":"https:\/\/fjala.info\/2009-2015\/demokracia-shqiptare-me-dy-diktatore\/","url":"https:\/\/fjala.info\/2009-2015\/demokracia-shqiptare-me-dy-diktatore\/","name":"Demokracia shqiptare me dy diktator\u00eb - FjALA e LIR\u00cb - Arkivi","isPartOf":{"@id":"https:\/\/fjala.info\/2009-2015\/#website"},"primaryImageOfPage":{"@id":"https:\/\/fjala.info\/2009-2015\/demokracia-shqiptare-me-dy-diktatore\/#primaryimage"},"image":{"@id":"https:\/\/fjala.info\/2009-2015\/demokracia-shqiptare-me-dy-diktatore\/#primaryimage"},"thumbnailUrl":"http:\/\/www.shkoder.net\/images\/fjala\/at_zef_pllumi.jpg","datePublished":"2011-10-07T18:56:19+00:00","breadcrumb":{"@id":"https:\/\/fjala.info\/2009-2015\/demokracia-shqiptare-me-dy-diktatore\/#breadcrumb"},"inLanguage":"sq-AL","potentialAction":[{"@type":"ReadAction","target":["https:\/\/fjala.info\/2009-2015\/demokracia-shqiptare-me-dy-diktatore\/"]}]},{"@type":"ImageObject","inLanguage":"sq-AL","@id":"https:\/\/fjala.info\/2009-2015\/demokracia-shqiptare-me-dy-diktatore\/#primaryimage","url":"http:\/\/www.shkoder.net\/images\/fjala\/at_zef_pllumi.jpg","contentUrl":"http:\/\/www.shkoder.net\/images\/fjala\/at_zef_pllumi.jpg"},{"@type":"BreadcrumbList","@id":"https:\/\/fjala.info\/2009-2015\/demokracia-shqiptare-me-dy-diktatore\/#breadcrumb","itemListElement":[{"@type":"ListItem","position":1,"name":"Home","item":"https:\/\/fjala.info\/2009-2015\/"},{"@type":"ListItem","position":2,"name":"Demokracia shqiptare me dy diktator\u00eb"}]},{"@type":"WebSite","@id":"https:\/\/fjala.info\/2009-2015\/#website","url":"https:\/\/fjala.info\/2009-2015\/","name":"FjALA e LIR\u00cb - Arkivi","description":"Arkivi 2009-2015","publisher":{"@id":"https:\/\/fjala.info\/2009-2015\/#organization"},"potentialAction":[{"@type":"SearchAction","target":{"@type":"EntryPoint","urlTemplate":"https:\/\/fjala.info\/2009-2015\/?s={search_term_string}"},"query-input":{"@type":"PropertyValueSpecification","valueRequired":true,"valueName":"search_term_string"}}],"inLanguage":"sq-AL"},{"@type":"Organization","@id":"https:\/\/fjala.info\/2009-2015\/#organization","name":"FjALA e LIR\u00cb - Arkivi","url":"https:\/\/fjala.info\/2009-2015\/","logo":{"@type":"ImageObject","inLanguage":"sq-AL","@id":"https:\/\/fjala.info\/2009-2015\/#\/schema\/logo\/image\/","url":"","contentUrl":"","caption":"FjALA e LIR\u00cb - Arkivi"},"image":{"@id":"https:\/\/fjala.info\/2009-2015\/#\/schema\/logo\/image\/"}},{"@type":"Person","@id":"https:\/\/fjala.info\/2009-2015\/#\/schema\/person\/3aa1163ef05469c496fc94e77611ada2","name":"admin","image":{"@type":"ImageObject","inLanguage":"sq-AL","@id":"https:\/\/fjala.info\/2009-2015\/wp-content\/uploads\/2012\/02\/arben_cokaj-120x150.jpg","url":"https:\/\/fjala.info\/2009-2015\/wp-content\/uploads\/2012\/02\/arben_cokaj-120x150.jpg","contentUrl":"https:\/\/fjala.info\/2009-2015\/wp-content\/uploads\/2012\/02\/arben_cokaj-120x150.jpg","caption":"admin"},"description":"Admin, Fjala e Lir\u00eb","sameAs":["https:\/\/fjala.info\/"],"url":"https:\/\/fjala.info\/2009-2015\/author\/admin\/"}]}},"_links":{"self":[{"href":"https:\/\/fjala.info\/2009-2015\/wp-json\/wp\/v2\/posts\/10911","targetHints":{"allow":["GET"]}}],"collection":[{"href":"https:\/\/fjala.info\/2009-2015\/wp-json\/wp\/v2\/posts"}],"about":[{"href":"https:\/\/fjala.info\/2009-2015\/wp-json\/wp\/v2\/types\/post"}],"author":[{"embeddable":true,"href":"https:\/\/fjala.info\/2009-2015\/wp-json\/wp\/v2\/users\/1"}],"replies":[{"embeddable":true,"href":"https:\/\/fjala.info\/2009-2015\/wp-json\/wp\/v2\/comments?post=10911"}],"version-history":[{"count":0,"href":"https:\/\/fjala.info\/2009-2015\/wp-json\/wp\/v2\/posts\/10911\/revisions"}],"wp:attachment":[{"href":"https:\/\/fjala.info\/2009-2015\/wp-json\/wp\/v2\/media?parent=10911"}],"wp:term":[{"taxonomy":"category","embeddable":true,"href":"https:\/\/fjala.info\/2009-2015\/wp-json\/wp\/v2\/categories?post=10911"},{"taxonomy":"post_tag","embeddable":true,"href":"https:\/\/fjala.info\/2009-2015\/wp-json\/wp\/v2\/tags?post=10911"}],"curies":[{"name":"wp","href":"https:\/\/api.w.org\/{rel}","templated":true}]}}