{"id":1087,"date":"2012-01-12T22:17:47","date_gmt":"2012-01-12T21:17:47","guid":{"rendered":"http:\/\/fjala.shkoder.net\/?p=1087"},"modified":"2012-01-12T22:17:47","modified_gmt":"2012-01-12T21:17:47","slug":"jensen-21-janari-vuri-ne-dyshim-per-ku-ishte-nisur-shqiperia","status":"publish","type":"post","link":"https:\/\/fjala.info\/2009-2015\/jensen-21-janari-vuri-ne-dyshim-per-ku-ishte-nisur-shqiperia\/","title":{"rendered":"Jensen: 21 janari vuri n\u00eb dyshim p\u00ebr ku ishte nisur Shqip\u00ebria"},"content":{"rendered":"<p><img decoding=\"async\" class=\"alignright size-thumbnail wp-image-7236\" title=\"Karsten Ankj\u00e6r Jensen\" src=\"http:\/\/www.shkoder.net\/images\/fjala\/2011\/karsten_ankjaer_jensen.jpg\" alt=\"\" width=\"300\" \/> <strong>TemA Online<\/strong>, <em>12 Janar 2012<\/em><\/p>\n<p><strong><em>Ambasadori i Danimark\u00ebs thot\u00eb se nj\u00eb president konsensual do t\u00eb ishte nj\u00eb shembull i funksionimit t\u00eb demokracis\u00eb dhe k\u00ebt\u00eb e parashikon dhe fryma e Kushtetut\u00ebs <\/em><\/strong><\/p>\n<p>Ambasadori i Mbret\u00ebris\u00eb s\u00eb Danimark\u00ebs, Karsten Ankjer Jensen, vendi i t\u00eb cilit mori presidenc\u00ebn e radh\u00ebs s\u00eb Bashkimit Evropian, ka th\u00ebn\u00eb se Shqip\u00ebris\u00eb i duhet t\u00eb tregoj\u00eb se po punon seriozisht q\u00eb t\u00eb arrij\u00eb t\u00eb marr\u00eb statusin e vendit kandidat k\u00ebt\u00eb vit.<\/p>\n<p>Duke folur p\u00ebr Ora News, ai foli dhe p\u00ebr zgjedhjen e presidentit t\u00eb ri, duke k\u00ebrkuar nj\u00eb em\u00ebr q\u00eb t\u00eb p\u00ebrfaq\u00ebsoj\u00eb shqiptar\u00ebt dhe jo Partin\u00eb Demokratike, si dhe ndau opinionin e tij p\u00ebr 21 janarin, duke e cil\u00ebsuar nj\u00eb dit\u00eb q\u00eb vuri n\u00eb dyshim rrug\u00ebn p\u00ebr ku ishte nisur Shqip\u00ebria. \u201cDuhet t\u00eb ket\u00eb p\u00ebrputhje mes asaj q\u00eb b\u00ebhet dhe asaj q\u00eb thuhet. Ne do shikojm\u00eb n\u00ebse Shqip\u00ebria po b\u00ebn v\u00ebrtet ato q\u00eb thot\u00eb se po b\u00ebn. Detyrat nuk jan\u00eb t\u00eb v\u00ebshtira, ndonj\u00ebher\u00eb ka t\u00eb b\u00ebj\u00eb m\u00eb shum\u00eb me ndryshimet e sjelljes apo qasjes\u201d, tha Jensen i pyetur p\u00ebr statusin.<\/p>\n<p>Nd\u00ebrsa p\u00ebr Presidentin Jensen pranoi se fryma e Kushtetut\u00ebs imponon nj\u00eb em\u00ebr konsensual dhe nj\u00eb zgjedhje e till\u00eb do t\u00eb ishte nj\u00eb tregues i demokracis\u00eb. \u201cDo t\u00eb ishte e mrekullueshme q\u00eb partit\u00eb t\u00eb binin dakord p\u00ebr nj\u00eb president me konsensus, q\u00eb do t\u00eb zgjidhej n\u00eb nj\u00eb rrug\u00eb konsensuale, q\u00eb do t\u2019i b\u00ebnte politikan\u00ebt t\u00eb tregonin se kan\u00eb kuptuar se \u00e7do t\u00eb thot\u00eb demokraci. Kjo mendoj se \u00ebsht\u00eb edhe brenda frym\u00ebs s\u00eb Kushtetut\u00ebs. Zgjedhja me 71 vota \u00ebsht\u00eb varianti i fundit q\u00eb parashikohet n\u00eb Kushtetut\u00eb, ky s\u2019duhet t\u00eb jet\u00eb q\u00ebllim n\u00eb vetvete\u201d.<\/p>\n<p>Nd\u00ebrsa i pyetur n\u00ebse rruga e propozuar nga PS p\u00ebr nj\u00eb konkurs t\u00eb hapur \u00ebsht\u00eb e duhura, ai thot\u00eb se ky \u00ebsht\u00eb teknikalitet. \u201cNuk \u00ebsht\u00eb e r\u00ebnd\u00ebsishme si gjenden kandidat\u00ebt, por t\u00eb jet\u00eb nj\u00eb president q\u00eb t\u00eb ket\u00eb kriteret q\u00eb t\u00eb jet\u00eb simbol i gjith\u00eb shqiptar\u00ebve dhe jo simbol i partis\u00eb\u201d, tha Jensen duke aluduar direkt mbi deklaratat e Berish\u00ebs se presidenti do t\u00eb dal\u00eb nga PD-ja.<\/p>\n<p>N\u00eb prag t\u00eb 1-vjetorit t\u00eb 21 janarit Jensen e quan k\u00ebt\u00eb ngjarje nj\u00eb hap prapa p\u00ebr vendin ton\u00eb. \u201cE kam ndjekur nga fillimi deri n\u00eb fund, isha d\u00ebshmitar okular, ishte nj\u00eb dit\u00eb shum\u00eb e trishtueshme p\u00ebr demokracin\u00eb shqiptare. N\u00eb pat nj\u00eb ngjarje q\u00eb ngriti dyshime se p\u00ebr ku Shqip\u00ebria \u00ebsht\u00eb drejtuar ishte 21 janari dhe dit\u00ebt q\u00eb erdh\u00ebn m\u00eb pas. Dhe k\u00ebto dyshime akoma nuk jan\u00eb zhdukur\u201d, deklaroi ambasadori danez.<\/p>\n","protected":false},"excerpt":{"rendered":"<p>TemA Online, 12 Janar 2012 Ambasadori i Danimark\u00ebs thot\u00eb se nj\u00eb president konsensual do t\u00eb ishte nj\u00eb shembull i funksionimit t\u00eb demokracis\u00eb dhe k\u00ebt\u00eb e parashikon dhe fryma e Kushtetut\u00ebs Ambasadori i Mbret\u00ebris\u00eb s\u00eb Danimark\u00ebs, Karsten Ankjer Jensen, vendi i t\u00eb cilit mori presidenc\u00ebn e radh\u00ebs s\u00eb Bashkimit Evropian, ka th\u00ebn\u00eb se Shqip\u00ebris\u00eb i duhet [&hellip;]<\/p>\n","protected":false},"author":1,"featured_media":0,"comment_status":"open","ping_status":"closed","sticky":false,"template":"","format":"standard","meta":{"footnotes":""},"categories":[2],"tags":[],"class_list":{"0":"post-1087","1":"post","2":"type-post","3":"status-publish","4":"format-standard","6":"category-artikuj"},"yoast_head":"<!-- This site is optimized with the Yoast SEO plugin v27.4 - https:\/\/yoast.com\/product\/yoast-seo-wordpress\/ -->\n<title>Jensen: 21 janari vuri n\u00eb dyshim p\u00ebr ku ishte nisur Shqip\u00ebria - FjALA e LIR\u00cb - Arkivi<\/title>\n<meta name=\"robots\" content=\"index, follow, max-snippet:-1, max-image-preview:large, max-video-preview:-1\" \/>\n<link rel=\"canonical\" href=\"https:\/\/fjala.info\/2009-2015\/jensen-21-janari-vuri-ne-dyshim-per-ku-ishte-nisur-shqiperia\/\" \/>\n<meta property=\"og:locale\" content=\"sq_AL\" \/>\n<meta property=\"og:type\" content=\"article\" \/>\n<meta property=\"og:title\" content=\"Jensen: 21 janari vuri n\u00eb dyshim p\u00ebr ku ishte nisur Shqip\u00ebria - FjALA e LIR\u00cb - Arkivi\" \/>\n<meta property=\"og:description\" content=\"TemA Online, 12 Janar 2012 Ambasadori i Danimark\u00ebs thot\u00eb se nj\u00eb president konsensual do t\u00eb ishte nj\u00eb shembull i funksionimit t\u00eb demokracis\u00eb dhe k\u00ebt\u00eb e parashikon dhe fryma e Kushtetut\u00ebs Ambasadori i Mbret\u00ebris\u00eb s\u00eb Danimark\u00ebs, Karsten Ankjer Jensen, vendi i t\u00eb cilit mori presidenc\u00ebn e radh\u00ebs s\u00eb Bashkimit Evropian, ka th\u00ebn\u00eb se Shqip\u00ebris\u00eb i duhet [&hellip;]\" \/>\n<meta property=\"og:url\" content=\"https:\/\/fjala.info\/2009-2015\/jensen-21-janari-vuri-ne-dyshim-per-ku-ishte-nisur-shqiperia\/\" \/>\n<meta property=\"og:site_name\" content=\"FjALA e LIR\u00cb - Arkivi\" \/>\n<meta property=\"article:published_time\" content=\"2012-01-12T21:17:47+00:00\" \/>\n<meta property=\"og:image\" content=\"http:\/\/www.shkoder.net\/images\/fjala\/2011\/karsten_ankjaer_jensen.jpg\" \/>\n<meta name=\"author\" content=\"admin\" \/>\n<meta name=\"twitter:card\" content=\"summary_large_image\" \/>\n<meta name=\"twitter:label1\" content=\"Written by\" \/>\n\t<meta name=\"twitter:data1\" content=\"admin\" \/>\n\t<meta name=\"twitter:label2\" content=\"Est. reading time\" \/>\n\t<meta name=\"twitter:data2\" content=\"2 minutes\" \/>\n<script type=\"application\/ld+json\" class=\"yoast-schema-graph\">{\"@context\":\"https:\\\/\\\/schema.org\",\"@graph\":[{\"@type\":\"Article\",\"@id\":\"https:\\\/\\\/fjala.info\\\/2009-2015\\\/jensen-21-janari-vuri-ne-dyshim-per-ku-ishte-nisur-shqiperia\\\/#article\",\"isPartOf\":{\"@id\":\"https:\\\/\\\/fjala.info\\\/2009-2015\\\/jensen-21-janari-vuri-ne-dyshim-per-ku-ishte-nisur-shqiperia\\\/\"},\"author\":{\"name\":\"admin\",\"@id\":\"https:\\\/\\\/fjala.info\\\/2009-2015\\\/#\\\/schema\\\/person\\\/3aa1163ef05469c496fc94e77611ada2\"},\"headline\":\"Jensen: 21 janari vuri n\u00eb dyshim p\u00ebr ku ishte nisur Shqip\u00ebria\",\"datePublished\":\"2012-01-12T21:17:47+00:00\",\"mainEntityOfPage\":{\"@id\":\"https:\\\/\\\/fjala.info\\\/2009-2015\\\/jensen-21-janari-vuri-ne-dyshim-per-ku-ishte-nisur-shqiperia\\\/\"},\"wordCount\":467,\"commentCount\":0,\"publisher\":{\"@id\":\"https:\\\/\\\/fjala.info\\\/2009-2015\\\/#organization\"},\"image\":{\"@id\":\"https:\\\/\\\/fjala.info\\\/2009-2015\\\/jensen-21-janari-vuri-ne-dyshim-per-ku-ishte-nisur-shqiperia\\\/#primaryimage\"},\"thumbnailUrl\":\"http:\\\/\\\/www.shkoder.net\\\/images\\\/fjala\\\/2011\\\/karsten_ankjaer_jensen.jpg\",\"articleSection\":[\"Artikuj\"],\"inLanguage\":\"sq-AL\",\"potentialAction\":[{\"@type\":\"CommentAction\",\"name\":\"Comment\",\"target\":[\"https:\\\/\\\/fjala.info\\\/2009-2015\\\/jensen-21-janari-vuri-ne-dyshim-per-ku-ishte-nisur-shqiperia\\\/#respond\"]}]},{\"@type\":\"WebPage\",\"@id\":\"https:\\\/\\\/fjala.info\\\/2009-2015\\\/jensen-21-janari-vuri-ne-dyshim-per-ku-ishte-nisur-shqiperia\\\/\",\"url\":\"https:\\\/\\\/fjala.info\\\/2009-2015\\\/jensen-21-janari-vuri-ne-dyshim-per-ku-ishte-nisur-shqiperia\\\/\",\"name\":\"Jensen: 21 janari vuri n\u00eb dyshim p\u00ebr ku ishte nisur Shqip\u00ebria - FjALA e LIR\u00cb - Arkivi\",\"isPartOf\":{\"@id\":\"https:\\\/\\\/fjala.info\\\/2009-2015\\\/#website\"},\"primaryImageOfPage\":{\"@id\":\"https:\\\/\\\/fjala.info\\\/2009-2015\\\/jensen-21-janari-vuri-ne-dyshim-per-ku-ishte-nisur-shqiperia\\\/#primaryimage\"},\"image\":{\"@id\":\"https:\\\/\\\/fjala.info\\\/2009-2015\\\/jensen-21-janari-vuri-ne-dyshim-per-ku-ishte-nisur-shqiperia\\\/#primaryimage\"},\"thumbnailUrl\":\"http:\\\/\\\/www.shkoder.net\\\/images\\\/fjala\\\/2011\\\/karsten_ankjaer_jensen.jpg\",\"datePublished\":\"2012-01-12T21:17:47+00:00\",\"breadcrumb\":{\"@id\":\"https:\\\/\\\/fjala.info\\\/2009-2015\\\/jensen-21-janari-vuri-ne-dyshim-per-ku-ishte-nisur-shqiperia\\\/#breadcrumb\"},\"inLanguage\":\"sq-AL\",\"potentialAction\":[{\"@type\":\"ReadAction\",\"target\":[\"https:\\\/\\\/fjala.info\\\/2009-2015\\\/jensen-21-janari-vuri-ne-dyshim-per-ku-ishte-nisur-shqiperia\\\/\"]}]},{\"@type\":\"ImageObject\",\"inLanguage\":\"sq-AL\",\"@id\":\"https:\\\/\\\/fjala.info\\\/2009-2015\\\/jensen-21-janari-vuri-ne-dyshim-per-ku-ishte-nisur-shqiperia\\\/#primaryimage\",\"url\":\"http:\\\/\\\/www.shkoder.net\\\/images\\\/fjala\\\/2011\\\/karsten_ankjaer_jensen.jpg\",\"contentUrl\":\"http:\\\/\\\/www.shkoder.net\\\/images\\\/fjala\\\/2011\\\/karsten_ankjaer_jensen.jpg\"},{\"@type\":\"BreadcrumbList\",\"@id\":\"https:\\\/\\\/fjala.info\\\/2009-2015\\\/jensen-21-janari-vuri-ne-dyshim-per-ku-ishte-nisur-shqiperia\\\/#breadcrumb\",\"itemListElement\":[{\"@type\":\"ListItem\",\"position\":1,\"name\":\"Home\",\"item\":\"https:\\\/\\\/fjala.info\\\/2009-2015\\\/\"},{\"@type\":\"ListItem\",\"position\":2,\"name\":\"Jensen: 21 janari vuri n\u00eb dyshim p\u00ebr ku ishte nisur Shqip\u00ebria\"}]},{\"@type\":\"WebSite\",\"@id\":\"https:\\\/\\\/fjala.info\\\/2009-2015\\\/#website\",\"url\":\"https:\\\/\\\/fjala.info\\\/2009-2015\\\/\",\"name\":\"FjALA e LIR\u00cb - Arkivi\",\"description\":\"Arkivi 2009-2015\",\"publisher\":{\"@id\":\"https:\\\/\\\/fjala.info\\\/2009-2015\\\/#organization\"},\"potentialAction\":[{\"@type\":\"SearchAction\",\"target\":{\"@type\":\"EntryPoint\",\"urlTemplate\":\"https:\\\/\\\/fjala.info\\\/2009-2015\\\/?s={search_term_string}\"},\"query-input\":{\"@type\":\"PropertyValueSpecification\",\"valueRequired\":true,\"valueName\":\"search_term_string\"}}],\"inLanguage\":\"sq-AL\"},{\"@type\":\"Organization\",\"@id\":\"https:\\\/\\\/fjala.info\\\/2009-2015\\\/#organization\",\"name\":\"FjALA e LIR\u00cb - Arkivi\",\"url\":\"https:\\\/\\\/fjala.info\\\/2009-2015\\\/\",\"logo\":{\"@type\":\"ImageObject\",\"inLanguage\":\"sq-AL\",\"@id\":\"https:\\\/\\\/fjala.info\\\/2009-2015\\\/#\\\/schema\\\/logo\\\/image\\\/\",\"url\":\"\",\"contentUrl\":\"\",\"caption\":\"FjALA e LIR\u00cb - Arkivi\"},\"image\":{\"@id\":\"https:\\\/\\\/fjala.info\\\/2009-2015\\\/#\\\/schema\\\/logo\\\/image\\\/\"}},{\"@type\":\"Person\",\"@id\":\"https:\\\/\\\/fjala.info\\\/2009-2015\\\/#\\\/schema\\\/person\\\/3aa1163ef05469c496fc94e77611ada2\",\"name\":\"admin\",\"image\":{\"@type\":\"ImageObject\",\"inLanguage\":\"sq-AL\",\"@id\":\"https:\\\/\\\/fjala.info\\\/2009-2015\\\/wp-content\\\/uploads\\\/2012\\\/02\\\/arben_cokaj-120x150.jpg\",\"url\":\"https:\\\/\\\/fjala.info\\\/2009-2015\\\/wp-content\\\/uploads\\\/2012\\\/02\\\/arben_cokaj-120x150.jpg\",\"contentUrl\":\"https:\\\/\\\/fjala.info\\\/2009-2015\\\/wp-content\\\/uploads\\\/2012\\\/02\\\/arben_cokaj-120x150.jpg\",\"caption\":\"admin\"},\"description\":\"Admin, Fjala e Lir\u00eb\",\"sameAs\":[\"https:\\\/\\\/fjala.info\\\/\"],\"url\":\"https:\\\/\\\/fjala.info\\\/2009-2015\\\/author\\\/admin\\\/\"}]}<\/script>\n<!-- \/ Yoast SEO plugin. -->","yoast_head_json":{"title":"Jensen: 21 janari vuri n\u00eb dyshim p\u00ebr ku ishte nisur Shqip\u00ebria - FjALA e LIR\u00cb - Arkivi","robots":{"index":"index","follow":"follow","max-snippet":"max-snippet:-1","max-image-preview":"max-image-preview:large","max-video-preview":"max-video-preview:-1"},"canonical":"https:\/\/fjala.info\/2009-2015\/jensen-21-janari-vuri-ne-dyshim-per-ku-ishte-nisur-shqiperia\/","og_locale":"sq_AL","og_type":"article","og_title":"Jensen: 21 janari vuri n\u00eb dyshim p\u00ebr ku ishte nisur Shqip\u00ebria - FjALA e LIR\u00cb - Arkivi","og_description":"TemA Online, 12 Janar 2012 Ambasadori i Danimark\u00ebs thot\u00eb se nj\u00eb president konsensual do t\u00eb ishte nj\u00eb shembull i funksionimit t\u00eb demokracis\u00eb dhe k\u00ebt\u00eb e parashikon dhe fryma e Kushtetut\u00ebs Ambasadori i Mbret\u00ebris\u00eb s\u00eb Danimark\u00ebs, Karsten Ankjer Jensen, vendi i t\u00eb cilit mori presidenc\u00ebn e radh\u00ebs s\u00eb Bashkimit Evropian, ka th\u00ebn\u00eb se Shqip\u00ebris\u00eb i duhet [&hellip;]","og_url":"https:\/\/fjala.info\/2009-2015\/jensen-21-janari-vuri-ne-dyshim-per-ku-ishte-nisur-shqiperia\/","og_site_name":"FjALA e LIR\u00cb - Arkivi","article_published_time":"2012-01-12T21:17:47+00:00","og_image":[{"url":"http:\/\/www.shkoder.net\/images\/fjala\/2011\/karsten_ankjaer_jensen.jpg","type":"","width":"","height":""}],"author":"admin","twitter_card":"summary_large_image","twitter_misc":{"Written by":"admin","Est. reading time":"2 minutes"},"schema":{"@context":"https:\/\/schema.org","@graph":[{"@type":"Article","@id":"https:\/\/fjala.info\/2009-2015\/jensen-21-janari-vuri-ne-dyshim-per-ku-ishte-nisur-shqiperia\/#article","isPartOf":{"@id":"https:\/\/fjala.info\/2009-2015\/jensen-21-janari-vuri-ne-dyshim-per-ku-ishte-nisur-shqiperia\/"},"author":{"name":"admin","@id":"https:\/\/fjala.info\/2009-2015\/#\/schema\/person\/3aa1163ef05469c496fc94e77611ada2"},"headline":"Jensen: 21 janari vuri n\u00eb dyshim p\u00ebr ku ishte nisur Shqip\u00ebria","datePublished":"2012-01-12T21:17:47+00:00","mainEntityOfPage":{"@id":"https:\/\/fjala.info\/2009-2015\/jensen-21-janari-vuri-ne-dyshim-per-ku-ishte-nisur-shqiperia\/"},"wordCount":467,"commentCount":0,"publisher":{"@id":"https:\/\/fjala.info\/2009-2015\/#organization"},"image":{"@id":"https:\/\/fjala.info\/2009-2015\/jensen-21-janari-vuri-ne-dyshim-per-ku-ishte-nisur-shqiperia\/#primaryimage"},"thumbnailUrl":"http:\/\/www.shkoder.net\/images\/fjala\/2011\/karsten_ankjaer_jensen.jpg","articleSection":["Artikuj"],"inLanguage":"sq-AL","potentialAction":[{"@type":"CommentAction","name":"Comment","target":["https:\/\/fjala.info\/2009-2015\/jensen-21-janari-vuri-ne-dyshim-per-ku-ishte-nisur-shqiperia\/#respond"]}]},{"@type":"WebPage","@id":"https:\/\/fjala.info\/2009-2015\/jensen-21-janari-vuri-ne-dyshim-per-ku-ishte-nisur-shqiperia\/","url":"https:\/\/fjala.info\/2009-2015\/jensen-21-janari-vuri-ne-dyshim-per-ku-ishte-nisur-shqiperia\/","name":"Jensen: 21 janari vuri n\u00eb dyshim p\u00ebr ku ishte nisur Shqip\u00ebria - FjALA e LIR\u00cb - Arkivi","isPartOf":{"@id":"https:\/\/fjala.info\/2009-2015\/#website"},"primaryImageOfPage":{"@id":"https:\/\/fjala.info\/2009-2015\/jensen-21-janari-vuri-ne-dyshim-per-ku-ishte-nisur-shqiperia\/#primaryimage"},"image":{"@id":"https:\/\/fjala.info\/2009-2015\/jensen-21-janari-vuri-ne-dyshim-per-ku-ishte-nisur-shqiperia\/#primaryimage"},"thumbnailUrl":"http:\/\/www.shkoder.net\/images\/fjala\/2011\/karsten_ankjaer_jensen.jpg","datePublished":"2012-01-12T21:17:47+00:00","breadcrumb":{"@id":"https:\/\/fjala.info\/2009-2015\/jensen-21-janari-vuri-ne-dyshim-per-ku-ishte-nisur-shqiperia\/#breadcrumb"},"inLanguage":"sq-AL","potentialAction":[{"@type":"ReadAction","target":["https:\/\/fjala.info\/2009-2015\/jensen-21-janari-vuri-ne-dyshim-per-ku-ishte-nisur-shqiperia\/"]}]},{"@type":"ImageObject","inLanguage":"sq-AL","@id":"https:\/\/fjala.info\/2009-2015\/jensen-21-janari-vuri-ne-dyshim-per-ku-ishte-nisur-shqiperia\/#primaryimage","url":"http:\/\/www.shkoder.net\/images\/fjala\/2011\/karsten_ankjaer_jensen.jpg","contentUrl":"http:\/\/www.shkoder.net\/images\/fjala\/2011\/karsten_ankjaer_jensen.jpg"},{"@type":"BreadcrumbList","@id":"https:\/\/fjala.info\/2009-2015\/jensen-21-janari-vuri-ne-dyshim-per-ku-ishte-nisur-shqiperia\/#breadcrumb","itemListElement":[{"@type":"ListItem","position":1,"name":"Home","item":"https:\/\/fjala.info\/2009-2015\/"},{"@type":"ListItem","position":2,"name":"Jensen: 21 janari vuri n\u00eb dyshim p\u00ebr ku ishte nisur Shqip\u00ebria"}]},{"@type":"WebSite","@id":"https:\/\/fjala.info\/2009-2015\/#website","url":"https:\/\/fjala.info\/2009-2015\/","name":"FjALA e LIR\u00cb - Arkivi","description":"Arkivi 2009-2015","publisher":{"@id":"https:\/\/fjala.info\/2009-2015\/#organization"},"potentialAction":[{"@type":"SearchAction","target":{"@type":"EntryPoint","urlTemplate":"https:\/\/fjala.info\/2009-2015\/?s={search_term_string}"},"query-input":{"@type":"PropertyValueSpecification","valueRequired":true,"valueName":"search_term_string"}}],"inLanguage":"sq-AL"},{"@type":"Organization","@id":"https:\/\/fjala.info\/2009-2015\/#organization","name":"FjALA e LIR\u00cb - Arkivi","url":"https:\/\/fjala.info\/2009-2015\/","logo":{"@type":"ImageObject","inLanguage":"sq-AL","@id":"https:\/\/fjala.info\/2009-2015\/#\/schema\/logo\/image\/","url":"","contentUrl":"","caption":"FjALA e LIR\u00cb - Arkivi"},"image":{"@id":"https:\/\/fjala.info\/2009-2015\/#\/schema\/logo\/image\/"}},{"@type":"Person","@id":"https:\/\/fjala.info\/2009-2015\/#\/schema\/person\/3aa1163ef05469c496fc94e77611ada2","name":"admin","image":{"@type":"ImageObject","inLanguage":"sq-AL","@id":"https:\/\/fjala.info\/2009-2015\/wp-content\/uploads\/2012\/02\/arben_cokaj-120x150.jpg","url":"https:\/\/fjala.info\/2009-2015\/wp-content\/uploads\/2012\/02\/arben_cokaj-120x150.jpg","contentUrl":"https:\/\/fjala.info\/2009-2015\/wp-content\/uploads\/2012\/02\/arben_cokaj-120x150.jpg","caption":"admin"},"description":"Admin, Fjala e Lir\u00eb","sameAs":["https:\/\/fjala.info\/"],"url":"https:\/\/fjala.info\/2009-2015\/author\/admin\/"}]}},"_links":{"self":[{"href":"https:\/\/fjala.info\/2009-2015\/wp-json\/wp\/v2\/posts\/1087","targetHints":{"allow":["GET"]}}],"collection":[{"href":"https:\/\/fjala.info\/2009-2015\/wp-json\/wp\/v2\/posts"}],"about":[{"href":"https:\/\/fjala.info\/2009-2015\/wp-json\/wp\/v2\/types\/post"}],"author":[{"embeddable":true,"href":"https:\/\/fjala.info\/2009-2015\/wp-json\/wp\/v2\/users\/1"}],"replies":[{"embeddable":true,"href":"https:\/\/fjala.info\/2009-2015\/wp-json\/wp\/v2\/comments?post=1087"}],"version-history":[{"count":0,"href":"https:\/\/fjala.info\/2009-2015\/wp-json\/wp\/v2\/posts\/1087\/revisions"}],"wp:attachment":[{"href":"https:\/\/fjala.info\/2009-2015\/wp-json\/wp\/v2\/media?parent=1087"}],"wp:term":[{"taxonomy":"category","embeddable":true,"href":"https:\/\/fjala.info\/2009-2015\/wp-json\/wp\/v2\/categories?post=1087"},{"taxonomy":"post_tag","embeddable":true,"href":"https:\/\/fjala.info\/2009-2015\/wp-json\/wp\/v2\/tags?post=1087"}],"curies":[{"name":"wp","href":"https:\/\/api.w.org\/{rel}","templated":true}]}}