{"id":10862,"date":"2011-10-05T10:10:16","date_gmt":"2011-10-05T09:10:16","guid":{"rendered":"http:\/\/fjala.shkoder.net\/?p=10862"},"modified":"2011-10-05T10:10:16","modified_gmt":"2011-10-05T09:10:16","slug":"mitet-false-te-dordolecit-sali-berisha","status":"publish","type":"post","link":"https:\/\/fjala.info\/2009-2015\/mitet-false-te-dordolecit-sali-berisha\/","title":{"rendered":"Mitet false t\u00eb \u201cdordolecit\u201d Sali Berisha"},"content":{"rendered":"<p><img decoding=\"async\" class=\"alignright size-thumbnail wp-image-7236\" title=\"Sali Berisha\" src=\"http:\/\/www.shkoder.net\/images\/fjala\/2011\/sali_berisha1.jpg\" alt=\"\" width=\"300\" \/> Nga <strong>Kledian Lula<\/strong>, <em>5 Tetor 2011<\/em><\/p>\n<p>Personazhi kronologjik \u201cS-S\u201d \u00ebsht\u00eb i till\u00eb: N\u00eb vitin 1990, kur diktatura komuniste, p\u00ebr t\u00eb shp\u00ebtuar \u201cl\u00ebkur\u00ebn\u201d, deklaroi se \u201clejonte pluralizmin politik n\u00eb Shqip\u00ebri\u201d, personazhi \u201cS-S\u201d, n\u00eb krah\u00eb t\u00eb ish-kreut t\u00eb pushtetit komunist, kund\u00ebrshtoi me forc\u00eb, duke k\u00ebrkuar \u201cvazhdimin e p\u00ebrjetsh\u00ebm vet\u00ebm t\u00eb vij\u00ebs s\u00eb lavdishme t\u00eb PPSH\u201d. N\u00eb momentin kur student\u00ebt e kishin tronditur dhe e kishin asfiksuar totalisht diktatur\u00ebn komuniste, personazhi \u201cS-S\u201d, u fut si \u201cprofesor i dashur dhe aktivist anti-diktatur\u00eb\u201d mes student\u00ebve. Pasi u vet-prezantua si \u201cmik i student\u00ebve\u201d, personazhi \u201cS-S\u201d arriti t\u00eb ngjitej si \u201cidhtar demokracie\u201d n\u00eb podiumet e protestave studentore. Pastaj, \u201cbut\u00eb-but\u00eb\u201ddhe me \u201ckujdes\u201d e pa zhurm\u00eb si zvarranik, personazhi \u201cS-S\u201d uzurpoi rolin e agjitatorit t\u00eb \u201ceg\u00ebr anti-regjim\u201d.<\/p>\n<p>N\u00eb momentin q\u00eb student\u00ebt dhe banor\u00ebt e Tiran\u00ebs, po rr\u00ebzonin monumentin e diktatorit, personazhi \u201cS-S\u201d vrojtonte organizator\u00ebt nga brenda nj\u00eb veture t\u00eb policis\u00eb sekrete t\u00eb diktatur\u00ebs. M\u00eb pas, personazhi \u201cS-S\u201d u shfaq n\u00eb rolin e disidentit \u201canti-komunist\u201d, duke p\u00ebrfaq\u00ebsuar student\u00ebt n\u00eb luft\u00ebn me kupol\u00ebn e diktatur\u00ebs. Brenda pak dit\u00ebve, personazhi \u201cS-S\u201d uzurpoi rolin si udh\u00ebheq\u00ebs i L\u00ebvizjes Studentore e Intelektuale. M\u00eb tej, personazhi \u201cS-S\u201d u vet-shpall iniciues dhe organizator i l\u00ebvizjes studentore e intelektuale qysh n\u00eb vitin\u2026 1988!. M\u00eb tej, u vet-shpall \u201ckrye-themelues i partis\u00eb opozitare anti-komuniste PD\u201d.<\/p>\n<p>Pas r\u00ebnies s\u00eb diktatur\u00ebs, personazhi \u201cS-S\u201d u b\u00eb \u201cpronar\u201d i pushtetit t\u00eb ri politik-ekzekutiv. Prej 20 vitesh, personazhi \u201cS-S\u201d, vazhdon t\u00eb jet\u00eb pronar i vet\u00ebm i PD, duke u vet-deklaruar e pompuar nga agjitator\u00ebt e oborrit t\u00eb tij, si \u201cp\u00ebrmbys\u00ebs i diktatur\u00ebs komuniste\u201d. Tashm\u00eb q\u00eb gjendet 7 vjet brenda mosh\u00ebs s\u00eb tret\u00eb, personazhi \u201cS-S\u201d po p\u00ebrpiqet t\u00eb futet n\u00eb historin\u00eb e Shqip\u00ebris\u00eb, ashtu si\u00e7 \u00ebnd\u00ebrron e jo si\u00e7 ka l\u00ebn\u00eb gjurm\u00ebt. Po cili \u00ebsht\u00eb personazhi \u201cS-S\u201d? Esht\u00eb SALI RAM BERISHA, ish-komunisti ekstremist, ish-spiuni i sigurimit, ish-persekutori i student\u00ebve dhe intelektual\u00ebve, prej 20 vitesh \u201cdordolec\u201d politik, i veshur me shum\u00eb mite false\u2026<\/p>\n<p><strong>Jo \u201cmik\u201d, por persekutor i student\u00ebve<\/strong><\/p>\n<p>Me mision t\u00eb ngarkuar prej Sigurimit t\u00eb Shtetit dhe kupol\u00ebs s\u00eb diktatur\u00ebs, personazhi \u201cS-S\u201d u fut brenda L\u00ebvizjes s\u00eb Dhjetorit 1990, duke u vet-prezantuar dhe propaganduar prej sh\u00ebrbimit sekret, si \u201cmik i student\u00ebve\u201d. T\u00eb rinjt\u00eb student\u00eb dhe pedagog\u00eb e njihnin \u201cdoktor-profesorin\u201d si komunist t\u00eb betuar, q\u00eb i nxirrte nga auditoret p\u00ebr barseta e flok\u00eb t\u00eb gjata, q\u00eb nuk i pranonte n\u00eb provime me shfaqje t\u00eb huaja. Q\u00eb i fuste tek \u201cdhoma e edukimit\u201d s\u00eb bashku me operativin e sigrimit t\u00eb Fakultetit, ku \u201ci edukonte\u201d dhe u griste fundet, fustanet e ngusht\u00eb e t\u00eb shkurt\u00ebr dhe pantallonat kauboj. Personazhi \u201cS-S\u201d, shkonte nat\u00ebn n\u00eb godinat student\u00ebve, duke \u201cvigj\u00ebluar\u201d, se n\u00eb cil\u00ebn dhom\u00eb d\u00ebgjoheshin tinguj k\u00ebng\u00ebsh dekadente dhe barcaleta kund\u00ebr pushtetit popullor. M\u00ebngjes drek\u00eb e dark\u00eb, qyteti \u201cStudenti\u201d n\u00eb ato dit\u00eb t\u00eb l\u00ebvizjes anti-komunsite, nisi t\u00eb \u201cgj\u00ebmonte\u201d nga propaganda false e nj\u00eb \u201cekipi special agjitator\u00ebsh\u201d, t\u00eb cil\u00ebt e paraqesnin personazhin \u201cS-S\u201d, si \u201cmik t\u00eb af\u00ebrt t\u00eb student\u00ebve\u201d, si \u201cinicues dhe organizator i l\u00ebvizjes stduentore anti-komuniste\u201d. Ky mit fals ra, kur ne media u publikua p\u00ebrsh\u00ebndetja q\u00eb personazhi \u201cS-S\u201d i d\u00ebrgoi kupol\u00ebs s\u00eb diktatur\u00ebs komuniste, si \u201cthemeluese t\u00eb pluralizmit politik\u201d.<\/p>\n<p><strong>Jo \u201cdisident anti-komunist\u201d, por komunist i t\u00ebrbuar<\/strong><\/p>\n<p>Personazhi \u201cS-S\u201d, ka vepruar si komunist ekstremist q\u00eb nga viti 1968 n\u00eb mosh\u00ebn 24 vje\u00e7are e deri n\u00eb dhjetor 1990, n\u00eb mosh\u00ebn 46 vje\u00e7are, kur sigurimi i shtetit dhe kupola e diktatur\u00ebs e hodh\u00ebn me sh\u00ebrbim special, si \u201cdesant\u201d brenda l\u00ebvizjes studentore, p\u00ebr ta patur e p\u00ebr ta marr\u00eb at\u00eb n\u00ebn kontroll. Plot 23 vite komunist ka qen\u00eb personazhi \u201cS-S\u201d, graduar si sekretar partie p\u00ebr \u201cmerita t\u00eb shquara n\u00eb luft\u00ebn e klasave, n\u00eb zbulimin dhe denoncimin e armiqve t\u00eb regjimit\u201d. P\u00ebr shkak t\u00eb misionit si \u201canti-komunist\u201d, duhej t\u00eb b\u00ebhej i besuesh\u00ebm tek student\u00ebt dhe shqiptar\u00ebt. Hodhi publikishit teser\u00ebn e PPSH dhe nisi t\u00eb \u201cvjell vrer\u00eb\u201d ekstrem kund\u00ebr partis\u00eb ku militoi me devotshm\u00ebri dhe nisi \u201csulmet agresive\u201d kund\u00ebr udh\u00ebheq\u00ebsve q\u00eb e b\u00ebn\u00eb profesor, doktor dhe sekretar partie dhe p\u00ebr m\u00eb tep\u00ebr, kund\u00ebr sigurimit t\u00eb shtetit, q\u00eb e kishte \u201csy-vesh-goj\u00eb\u201d vigjilente n\u00eb zbulimin dhe luft\u00ebn kund\u00ebr armikut t\u00eb klas\u00ebs. N\u00eb \u00e7do moment, \u201canti-komunizmin\u201d ekstrem fals t\u00eb personazhit \u201cS-S\u201d e propagandonte nj\u00eb makineri e sofistikuar agjitative. Ky mit fals ra, kur n\u00eb media u publikuan prova, q\u00eb personazhi \u201cS-S\u201d ka qen\u00eb ve\u00e7se nj\u00eb eksponent komunisti fanatik ekstremist.<\/p>\n<p><strong>Jo \u201cflamurtar i pluralizmit\u201d, por mallkues i tij<\/strong><\/p>\n<p>Personazhi \u201cS-S\u201d, ishte i p\u00ebrzgjedhur mes intelektual\u00ebve komunist\u00eb t\u00eb oborrit t\u00eb diktatur\u00ebs, q\u00eb mblodhi kupola e pushtetit p\u00ebr t\u00eb diskutuar dhe pranuar, ose jo publikisht pluralizmin politik n\u00eb Shqip\u00ebri. Edhe pse ishte instruktuar prej kupol\u00ebs komuniste, q\u00eb t\u00eb ngrihej e thoshte \u201cPO PLURALIZMIT\u201d, personazhi \u201cS-S\u201d u ngrit dhe deklaroi prerazi \u201cJO\u201d. Tep\u00ebr energjik, ashtu si n\u00eb 23 vitet si \u201cprofesor\u201d, komunist e sekretar partie, personazhi \u201cS-S\u201d k\u00ebrkoi q\u00eb \u201ct\u00eb vazhdonte roli udh\u00ebheq\u00ebs i PPSH, si e vetmja garanci politike drejtuese e jet\u00ebs s\u00eb vendit\u201d. Edhe pse kreu i kupol\u00ebs komuniste ia b\u00ebri disa her\u00eb \u201cme shenj\u00eb\u201d q\u00eb t\u00eb thoshte t\u00eb kund\u00ebrt\u00ebn, personazhi \u201cS-S\u201d e mbylli fjal\u00ebn e tij me deklarat\u00ebn: \u201cNe e kemi nj\u00eb parti q\u00eb na drejton, kemi PPSH, nuk na duhen t\u00eb tjera\u201d. T\u00eb nes\u00ebrmen e atij takimi, ekipi i agjitator\u00ebve \u201cpompues\u201d, nis\u00ebn propagand\u00ebn n\u00eb shtyp dhe mjediset publike mes student\u00ebve, m\u00ebsuesve, intelektual\u00ebve, minator\u00ebve, naft\u00ebtar\u00ebve e kudo, se personazhi \u201cS-S\u201d, gjoja \u201ckishte k\u00ebrkuar hapur dhe m\u00eb k\u00ebmb\u00ebngulje pluralizmin politik dhe heqjen e rolit udh\u00ebheq\u00ebsa t\u00eb PPSH\u201d. Ky mit fals ra, kur n\u00eb ekrane u shfaq\u00ebn kronikat e koh\u00ebs q\u00eb tregonin me z\u00eb e me figur\u00eb, se personazhi \u201cS-S\u201d nuk ishte \u201cflamurtar i pluralizmit\u201d, por mallkues i tij.<\/p>\n<p><strong>Jo \u201cmik\u201d i t\u00eb d\u00ebnuarve politik\u00eb, por p\u00ebrgjues, denoncues dhe burgos\u00ebs i tyre<\/strong><\/p>\n<p>Nj\u00eb nga mitet false, q\u00eb i duhej sigurimit t\u00eb shtetit dhe kupol\u00ebs s\u00eb diktatur\u00ebs, p\u00ebr ta b\u00ebr\u00eb t\u00eb besuesh\u00ebm personazhin \u201cS-S\u201d n\u00eb sy t\u00eb shqiptar\u00ebve, ishte dhe propaganda intensive, p\u00ebr ta paraqitur si \u201cmik t\u00eb af\u00ebrt, t\u00eb dhimbsur e bash\u00ebkvuajt\u00ebs\u201d t\u00eb ish-t\u00eb persekutuarve e t\u00eb d\u00ebnuarve politik\u00eb. Fillimisht u p\u00ebrhap mashtrimi, se personazhi \u201cS-S\u201d, ishte ai q\u00eb \u201cdetyroi diktatur\u00ebn komuniste t\u00eb hapte burgjet dhe kampet e internimit\u201d ku mbaheshin t\u00eb izoluar kund\u00ebrshtar\u00ebt e regjimit. Me k\u00ebt\u00eb mit fals, personazhi \u201cS-S\u201d zhvaste votat e familjeve anti-komuniste, por dhe paraqitej publikisht si \u201cbashk\u00ebvuajt\u00ebs, si mik, si mb\u00ebshtet\u00ebs dhe dashamir\u00ebs i tyre\u201d. Kjo \u201cmask\u00eb\u201d e ky mit fals, pati efekt deri para disa koh\u00ebsh, kur n\u00eb media doli nj\u00eb nga ish-t\u00eb d\u00ebnuarit me varje prej diktatur\u00ebs, cili denoncoi publikisht dhe me prova personazhin \u201cS-S\u201d, si p\u00ebrgjues, denoncues n\u00eb hetuesi dhe d\u00ebnues me varje n\u00eb gjyqin e zhvilluar n\u00eb vitin 1975.<\/p>\n<p><strong>Jo \u201ckrye-themelues i PD\u201d, por uzurpues djall\u00ebzor i saj<\/strong><\/p>\n<p>Fillimisht, n\u00eb dit\u00ebt e para t\u00eb misionit t\u00eb tij si spiun brenda l\u00ebvizjes studentore, personazhi \u201cS-S\u201d, q\u00ebndronte n\u00ebn pragun e der\u00ebs t\u00eb dhom\u00ebs kur mblidheshin student\u00ebt. Pastaj, n\u00ebn mitin fals t\u00eb \u201cprofesor-mikut\u201d t\u00eb student\u00ebve e pedagog\u00ebve, arriti t\u00eb ulej n\u00eb nj\u00eb nga karriget tek dera e dhom\u00ebs. Pastaj, po n\u00ebn k\u00ebt\u00eb mit fals, arriti t\u00eb jap mendime p\u00ebr programin e l\u00ebvizjes. Pastaj, po n\u00ebn k\u00ebt\u00eb mit fals, arriti t\u00eb b\u00ebhet pjes\u00eb e udh\u00ebheqjes studentore. Pastaj\u2026 me mjesht\u00ebrin\u00eb e karrier\u00ebs si sekretar partie i PPSH, arriti t\u00eb b\u00ebhet bashk\u00eb-themelues i PD. Pastaj, me intrigat e tij t\u00eb viteve si komunist, u ngjit n\u00eb krye t\u00eb l\u00ebvizjes dhe\u2026 u b\u00eb kryetar i PD. K\u00ebt\u00eb \u201cngjitje t\u00eb qet\u00eb\u201d t\u00eb llojit zvarranik \u201cshum\u00eb-k\u00ebmb\u00ebsh\u201d, ia mb\u00ebshtet\u00ebn agjitator\u00ebt me propagand\u00eb e \u201cb\u00ebma t\u00eb anti-komuniste t\u00eb personazhit \u201cS-S\u201d, gjat\u00eb viteve t\u00eb diktatur\u00ebs\u201d. Pasi hipi n\u00eb krye t\u00eb PD, e pompuan si \u201ckryethemelues t\u00eb PD dhe sjell\u00ebs t\u00eb demokracis\u00eb n\u00eb Shqip\u00ebri\u201d. Ky mit fals ra, kur nis\u00ebn t\u00eb publikohen dokumente e d\u00ebshmi, q\u00eb personazhi \u201cS-S\u201d, kishte arritur t\u00eb b\u00ebhej kryetar dhe krye-themelues i PD, me intriga dhe me mb\u00ebshtetjen e sigurimit t\u00eb shtetit e t\u00eb ish-miqve t\u00eb tij komunist\u00eb, bashk\u00ebpun\u00ebtor t\u00eb sigurimit t\u00eb shtetit, t\u00eb cil\u00ebt u fut\u00ebn brenda L\u00ebvizjes Studentore, si \u201cmisionar\u201d t\u00eb kupol\u00ebs s\u00eb diktatur\u00ebs komuniste.<\/p>\n<p><strong>Jo \u201cluft\u00ebtar anti-korrupsion\u201d, por kapobanda e krimit ekonomik<\/strong><\/p>\n<p>Deri n\u00eb vitin 2005, shqiptar\u00ebve u kishte \u201cmpir\u00eb trurin\u201d propaganda false, q\u00eb \u201cdoktori\u201d i PD ishte \u201cnjeri i ndersh\u00ebm dhe armik i p\u00ebrbetuar i korrupsionit\u201d. P\u00ebr 13 vjet rradhazi, q\u00eb prej vitit 1992 kur u b\u00eb president Republike dhe deklaroi, se \u201cnuk do jetonte n\u00eb Pallatin e Brigadave, por n\u00eb sht\u00ebpin\u00eb e tij n\u00eb Brak\u00eb\u201d, shqiptar\u00ebt shikonin tek personazhi \u201cS-S\u201d dhe familja e tij \u201csimbolin e ndershm\u00ebris\u00eb dhe luft\u00ebtarit anti-korrupsion\u201d. Ky mit fals ra pas vitit 2005, kur pushtet-familja e personazhit \u201cS-S\u201d u shfaq ashtu si\u00e7 ishte n\u00eb t\u00eb v\u00ebrtet\u00eb: e bab\u00ebzitur p\u00ebr t\u2019u pasuruar, duke mos u ndalur edhe p\u00ebrball\u00eb krimit njer\u00ebzor. Familja dhe klani i af\u00ebrt qeveritar i personazhit \u201cS-S\u201d, u kthye dhe vazhdon t\u00eb jet\u00eb \u201cRezidenca qendrore e korrupsionit\u201d, me aktivitet zhvatjen e pasurive dhe financave komb\u00ebtare, n\u00ebp\u00ebrmjet p\u00ebrdorjes kriminale t\u00eb pushtetit.<\/p>\n<p><strong>Jo \u201catdhetar\u201d, por tradhtar i Shqip\u00ebris\u00eb<\/strong><\/p>\n<p>Personazhi \u201cS-S\u201d nuk ka nguruar t\u00eb paraqitet si \u201catdhetar\u201d, si \u201cmbrojt\u00ebs i \u00e7\u00ebshtjes komb\u00ebtare\u201d. Por ky mit fals i ka r\u00ebn\u00eb n\u00eb vazhdim\u00ebsi prej q\u00ebndrimeve anti-komb\u00ebtare q\u00eb ka mbajtur. Ky mit \u201cmbijetoi\u201d deri n\u00eb vitin 1994, kur personazhi \u201cS-S\u201d nisi t\u00eb furnizonte me karburante dhe arm\u00eb makinerin\u00eb ushtarake serbe, q\u00eb po vriste e po ndiqte nga trojet shqiptar\u00ebt e Kosov\u00ebs. Ky mit fals si \u201catdhetar\u201d i ra, n\u00eb momentin kur personazhi \u201cS-S\u201d, firmosi dhe b\u00ebri ligj, q\u00eb mbi hap\u00ebsir\u00ebn komb\u00ebtare detare shqiptare, t\u00eb vihej kompasi p\u00ebr cop\u00ebtimin e territorit shqiptar, si dhurat\u00eb p\u00ebr Greqin\u00eb. Ky mit fals i ra, q\u00eb n\u00eb momentin, kur personazhi \u201cS-S\u201d, firmosi dhe b\u00ebri ligj \u00e7\u2019regjistrimin e shqiptar\u00ebve, p\u00ebr ta kthyer Shqip\u00ebrin\u00eb n\u00eb shtet multi-etnik, duke e kthyer kombin shqiptar n\u00eb minoritet. Ky mit fals i ra, kur personazhi \u201cS-S\u201d firmosi dhe b\u00ebr ligj kthimin e Shqi\u00ebpris\u00eb n\u00eb kosh plehrash t\u00eb bot\u00ebs.<\/p>\n","protected":false},"excerpt":{"rendered":"<p>Nga Kledian Lula, 5 Tetor 2011 Personazhi kronologjik \u201cS-S\u201d \u00ebsht\u00eb i till\u00eb: N\u00eb vitin 1990, kur diktatura komuniste, p\u00ebr t\u00eb shp\u00ebtuar \u201cl\u00ebkur\u00ebn\u201d, deklaroi se \u201clejonte pluralizmin politik n\u00eb Shqip\u00ebri\u201d, personazhi \u201cS-S\u201d, n\u00eb krah\u00eb t\u00eb ish-kreut t\u00eb pushtetit komunist, kund\u00ebrshtoi me forc\u00eb, duke k\u00ebrkuar \u201cvazhdimin e p\u00ebrjetsh\u00ebm vet\u00ebm t\u00eb vij\u00ebs s\u00eb lavdishme t\u00eb PPSH\u201d. N\u00eb momentin [&hellip;]<\/p>\n","protected":false},"author":1,"featured_media":0,"comment_status":"open","ping_status":"closed","sticky":false,"template":"","format":"standard","meta":{"footnotes":""},"categories":[2],"tags":[],"class_list":{"0":"post-10862","1":"post","2":"type-post","3":"status-publish","4":"format-standard","6":"category-artikuj"},"yoast_head":"<!-- This site is optimized with the Yoast SEO plugin v27.4 - https:\/\/yoast.com\/product\/yoast-seo-wordpress\/ -->\n<title>Mitet false t\u00eb \u201cdordolecit\u201d Sali Berisha - FjALA e LIR\u00cb - Arkivi<\/title>\n<meta name=\"robots\" content=\"index, follow, max-snippet:-1, max-image-preview:large, max-video-preview:-1\" \/>\n<link rel=\"canonical\" href=\"https:\/\/fjala.info\/2009-2015\/mitet-false-te-dordolecit-sali-berisha\/\" \/>\n<meta property=\"og:locale\" content=\"sq_AL\" \/>\n<meta property=\"og:type\" content=\"article\" \/>\n<meta property=\"og:title\" content=\"Mitet false t\u00eb \u201cdordolecit\u201d Sali Berisha - FjALA e LIR\u00cb - Arkivi\" \/>\n<meta property=\"og:description\" content=\"Nga Kledian Lula, 5 Tetor 2011 Personazhi kronologjik \u201cS-S\u201d \u00ebsht\u00eb i till\u00eb: N\u00eb vitin 1990, kur diktatura komuniste, p\u00ebr t\u00eb shp\u00ebtuar \u201cl\u00ebkur\u00ebn\u201d, deklaroi se \u201clejonte pluralizmin politik n\u00eb Shqip\u00ebri\u201d, personazhi \u201cS-S\u201d, n\u00eb krah\u00eb t\u00eb ish-kreut t\u00eb pushtetit komunist, kund\u00ebrshtoi me forc\u00eb, duke k\u00ebrkuar \u201cvazhdimin e p\u00ebrjetsh\u00ebm vet\u00ebm t\u00eb vij\u00ebs s\u00eb lavdishme t\u00eb PPSH\u201d. N\u00eb momentin [&hellip;]\" \/>\n<meta property=\"og:url\" content=\"https:\/\/fjala.info\/2009-2015\/mitet-false-te-dordolecit-sali-berisha\/\" \/>\n<meta property=\"og:site_name\" content=\"FjALA e LIR\u00cb - Arkivi\" \/>\n<meta property=\"article:published_time\" content=\"2011-10-05T09:10:16+00:00\" \/>\n<meta property=\"og:image\" content=\"http:\/\/www.shkoder.net\/images\/fjala\/2011\/sali_berisha1.jpg\" \/>\n<meta name=\"author\" content=\"admin\" \/>\n<meta name=\"twitter:card\" content=\"summary_large_image\" \/>\n<meta name=\"twitter:label1\" content=\"Written by\" \/>\n\t<meta name=\"twitter:data1\" content=\"admin\" \/>\n\t<meta name=\"twitter:label2\" content=\"Est. reading time\" \/>\n\t<meta name=\"twitter:data2\" content=\"9 minutes\" \/>\n<script type=\"application\/ld+json\" class=\"yoast-schema-graph\">{\"@context\":\"https:\\\/\\\/schema.org\",\"@graph\":[{\"@type\":\"Article\",\"@id\":\"https:\\\/\\\/fjala.info\\\/2009-2015\\\/mitet-false-te-dordolecit-sali-berisha\\\/#article\",\"isPartOf\":{\"@id\":\"https:\\\/\\\/fjala.info\\\/2009-2015\\\/mitet-false-te-dordolecit-sali-berisha\\\/\"},\"author\":{\"name\":\"admin\",\"@id\":\"https:\\\/\\\/fjala.info\\\/2009-2015\\\/#\\\/schema\\\/person\\\/3aa1163ef05469c496fc94e77611ada2\"},\"headline\":\"Mitet false t\u00eb \u201cdordolecit\u201d Sali Berisha\",\"datePublished\":\"2011-10-05T09:10:16+00:00\",\"mainEntityOfPage\":{\"@id\":\"https:\\\/\\\/fjala.info\\\/2009-2015\\\/mitet-false-te-dordolecit-sali-berisha\\\/\"},\"wordCount\":1822,\"commentCount\":0,\"publisher\":{\"@id\":\"https:\\\/\\\/fjala.info\\\/2009-2015\\\/#organization\"},\"image\":{\"@id\":\"https:\\\/\\\/fjala.info\\\/2009-2015\\\/mitet-false-te-dordolecit-sali-berisha\\\/#primaryimage\"},\"thumbnailUrl\":\"http:\\\/\\\/www.shkoder.net\\\/images\\\/fjala\\\/2011\\\/sali_berisha1.jpg\",\"articleSection\":[\"Artikuj\"],\"inLanguage\":\"sq-AL\",\"potentialAction\":[{\"@type\":\"CommentAction\",\"name\":\"Comment\",\"target\":[\"https:\\\/\\\/fjala.info\\\/2009-2015\\\/mitet-false-te-dordolecit-sali-berisha\\\/#respond\"]}]},{\"@type\":\"WebPage\",\"@id\":\"https:\\\/\\\/fjala.info\\\/2009-2015\\\/mitet-false-te-dordolecit-sali-berisha\\\/\",\"url\":\"https:\\\/\\\/fjala.info\\\/2009-2015\\\/mitet-false-te-dordolecit-sali-berisha\\\/\",\"name\":\"Mitet false t\u00eb \u201cdordolecit\u201d Sali Berisha - FjALA e LIR\u00cb - Arkivi\",\"isPartOf\":{\"@id\":\"https:\\\/\\\/fjala.info\\\/2009-2015\\\/#website\"},\"primaryImageOfPage\":{\"@id\":\"https:\\\/\\\/fjala.info\\\/2009-2015\\\/mitet-false-te-dordolecit-sali-berisha\\\/#primaryimage\"},\"image\":{\"@id\":\"https:\\\/\\\/fjala.info\\\/2009-2015\\\/mitet-false-te-dordolecit-sali-berisha\\\/#primaryimage\"},\"thumbnailUrl\":\"http:\\\/\\\/www.shkoder.net\\\/images\\\/fjala\\\/2011\\\/sali_berisha1.jpg\",\"datePublished\":\"2011-10-05T09:10:16+00:00\",\"breadcrumb\":{\"@id\":\"https:\\\/\\\/fjala.info\\\/2009-2015\\\/mitet-false-te-dordolecit-sali-berisha\\\/#breadcrumb\"},\"inLanguage\":\"sq-AL\",\"potentialAction\":[{\"@type\":\"ReadAction\",\"target\":[\"https:\\\/\\\/fjala.info\\\/2009-2015\\\/mitet-false-te-dordolecit-sali-berisha\\\/\"]}]},{\"@type\":\"ImageObject\",\"inLanguage\":\"sq-AL\",\"@id\":\"https:\\\/\\\/fjala.info\\\/2009-2015\\\/mitet-false-te-dordolecit-sali-berisha\\\/#primaryimage\",\"url\":\"http:\\\/\\\/www.shkoder.net\\\/images\\\/fjala\\\/2011\\\/sali_berisha1.jpg\",\"contentUrl\":\"http:\\\/\\\/www.shkoder.net\\\/images\\\/fjala\\\/2011\\\/sali_berisha1.jpg\"},{\"@type\":\"BreadcrumbList\",\"@id\":\"https:\\\/\\\/fjala.info\\\/2009-2015\\\/mitet-false-te-dordolecit-sali-berisha\\\/#breadcrumb\",\"itemListElement\":[{\"@type\":\"ListItem\",\"position\":1,\"name\":\"Home\",\"item\":\"https:\\\/\\\/fjala.info\\\/2009-2015\\\/\"},{\"@type\":\"ListItem\",\"position\":2,\"name\":\"Mitet false t\u00eb \u201cdordolecit\u201d Sali Berisha\"}]},{\"@type\":\"WebSite\",\"@id\":\"https:\\\/\\\/fjala.info\\\/2009-2015\\\/#website\",\"url\":\"https:\\\/\\\/fjala.info\\\/2009-2015\\\/\",\"name\":\"FjALA e LIR\u00cb - Arkivi\",\"description\":\"Arkivi 2009-2015\",\"publisher\":{\"@id\":\"https:\\\/\\\/fjala.info\\\/2009-2015\\\/#organization\"},\"potentialAction\":[{\"@type\":\"SearchAction\",\"target\":{\"@type\":\"EntryPoint\",\"urlTemplate\":\"https:\\\/\\\/fjala.info\\\/2009-2015\\\/?s={search_term_string}\"},\"query-input\":{\"@type\":\"PropertyValueSpecification\",\"valueRequired\":true,\"valueName\":\"search_term_string\"}}],\"inLanguage\":\"sq-AL\"},{\"@type\":\"Organization\",\"@id\":\"https:\\\/\\\/fjala.info\\\/2009-2015\\\/#organization\",\"name\":\"FjALA e LIR\u00cb - Arkivi\",\"url\":\"https:\\\/\\\/fjala.info\\\/2009-2015\\\/\",\"logo\":{\"@type\":\"ImageObject\",\"inLanguage\":\"sq-AL\",\"@id\":\"https:\\\/\\\/fjala.info\\\/2009-2015\\\/#\\\/schema\\\/logo\\\/image\\\/\",\"url\":\"\",\"contentUrl\":\"\",\"caption\":\"FjALA e LIR\u00cb - Arkivi\"},\"image\":{\"@id\":\"https:\\\/\\\/fjala.info\\\/2009-2015\\\/#\\\/schema\\\/logo\\\/image\\\/\"}},{\"@type\":\"Person\",\"@id\":\"https:\\\/\\\/fjala.info\\\/2009-2015\\\/#\\\/schema\\\/person\\\/3aa1163ef05469c496fc94e77611ada2\",\"name\":\"admin\",\"image\":{\"@type\":\"ImageObject\",\"inLanguage\":\"sq-AL\",\"@id\":\"https:\\\/\\\/fjala.info\\\/2009-2015\\\/wp-content\\\/uploads\\\/2012\\\/02\\\/arben_cokaj-120x150.jpg\",\"url\":\"https:\\\/\\\/fjala.info\\\/2009-2015\\\/wp-content\\\/uploads\\\/2012\\\/02\\\/arben_cokaj-120x150.jpg\",\"contentUrl\":\"https:\\\/\\\/fjala.info\\\/2009-2015\\\/wp-content\\\/uploads\\\/2012\\\/02\\\/arben_cokaj-120x150.jpg\",\"caption\":\"admin\"},\"description\":\"Admin, Fjala e Lir\u00eb\",\"sameAs\":[\"https:\\\/\\\/fjala.info\\\/\"],\"url\":\"https:\\\/\\\/fjala.info\\\/2009-2015\\\/author\\\/admin\\\/\"}]}<\/script>\n<!-- \/ Yoast SEO plugin. -->","yoast_head_json":{"title":"Mitet false t\u00eb \u201cdordolecit\u201d Sali Berisha - FjALA e LIR\u00cb - Arkivi","robots":{"index":"index","follow":"follow","max-snippet":"max-snippet:-1","max-image-preview":"max-image-preview:large","max-video-preview":"max-video-preview:-1"},"canonical":"https:\/\/fjala.info\/2009-2015\/mitet-false-te-dordolecit-sali-berisha\/","og_locale":"sq_AL","og_type":"article","og_title":"Mitet false t\u00eb \u201cdordolecit\u201d Sali Berisha - FjALA e LIR\u00cb - Arkivi","og_description":"Nga Kledian Lula, 5 Tetor 2011 Personazhi kronologjik \u201cS-S\u201d \u00ebsht\u00eb i till\u00eb: N\u00eb vitin 1990, kur diktatura komuniste, p\u00ebr t\u00eb shp\u00ebtuar \u201cl\u00ebkur\u00ebn\u201d, deklaroi se \u201clejonte pluralizmin politik n\u00eb Shqip\u00ebri\u201d, personazhi \u201cS-S\u201d, n\u00eb krah\u00eb t\u00eb ish-kreut t\u00eb pushtetit komunist, kund\u00ebrshtoi me forc\u00eb, duke k\u00ebrkuar \u201cvazhdimin e p\u00ebrjetsh\u00ebm vet\u00ebm t\u00eb vij\u00ebs s\u00eb lavdishme t\u00eb PPSH\u201d. N\u00eb momentin [&hellip;]","og_url":"https:\/\/fjala.info\/2009-2015\/mitet-false-te-dordolecit-sali-berisha\/","og_site_name":"FjALA e LIR\u00cb - Arkivi","article_published_time":"2011-10-05T09:10:16+00:00","og_image":[{"url":"http:\/\/www.shkoder.net\/images\/fjala\/2011\/sali_berisha1.jpg","type":"","width":"","height":""}],"author":"admin","twitter_card":"summary_large_image","twitter_misc":{"Written by":"admin","Est. reading time":"9 minutes"},"schema":{"@context":"https:\/\/schema.org","@graph":[{"@type":"Article","@id":"https:\/\/fjala.info\/2009-2015\/mitet-false-te-dordolecit-sali-berisha\/#article","isPartOf":{"@id":"https:\/\/fjala.info\/2009-2015\/mitet-false-te-dordolecit-sali-berisha\/"},"author":{"name":"admin","@id":"https:\/\/fjala.info\/2009-2015\/#\/schema\/person\/3aa1163ef05469c496fc94e77611ada2"},"headline":"Mitet false t\u00eb \u201cdordolecit\u201d Sali Berisha","datePublished":"2011-10-05T09:10:16+00:00","mainEntityOfPage":{"@id":"https:\/\/fjala.info\/2009-2015\/mitet-false-te-dordolecit-sali-berisha\/"},"wordCount":1822,"commentCount":0,"publisher":{"@id":"https:\/\/fjala.info\/2009-2015\/#organization"},"image":{"@id":"https:\/\/fjala.info\/2009-2015\/mitet-false-te-dordolecit-sali-berisha\/#primaryimage"},"thumbnailUrl":"http:\/\/www.shkoder.net\/images\/fjala\/2011\/sali_berisha1.jpg","articleSection":["Artikuj"],"inLanguage":"sq-AL","potentialAction":[{"@type":"CommentAction","name":"Comment","target":["https:\/\/fjala.info\/2009-2015\/mitet-false-te-dordolecit-sali-berisha\/#respond"]}]},{"@type":"WebPage","@id":"https:\/\/fjala.info\/2009-2015\/mitet-false-te-dordolecit-sali-berisha\/","url":"https:\/\/fjala.info\/2009-2015\/mitet-false-te-dordolecit-sali-berisha\/","name":"Mitet false t\u00eb \u201cdordolecit\u201d Sali Berisha - FjALA e LIR\u00cb - Arkivi","isPartOf":{"@id":"https:\/\/fjala.info\/2009-2015\/#website"},"primaryImageOfPage":{"@id":"https:\/\/fjala.info\/2009-2015\/mitet-false-te-dordolecit-sali-berisha\/#primaryimage"},"image":{"@id":"https:\/\/fjala.info\/2009-2015\/mitet-false-te-dordolecit-sali-berisha\/#primaryimage"},"thumbnailUrl":"http:\/\/www.shkoder.net\/images\/fjala\/2011\/sali_berisha1.jpg","datePublished":"2011-10-05T09:10:16+00:00","breadcrumb":{"@id":"https:\/\/fjala.info\/2009-2015\/mitet-false-te-dordolecit-sali-berisha\/#breadcrumb"},"inLanguage":"sq-AL","potentialAction":[{"@type":"ReadAction","target":["https:\/\/fjala.info\/2009-2015\/mitet-false-te-dordolecit-sali-berisha\/"]}]},{"@type":"ImageObject","inLanguage":"sq-AL","@id":"https:\/\/fjala.info\/2009-2015\/mitet-false-te-dordolecit-sali-berisha\/#primaryimage","url":"http:\/\/www.shkoder.net\/images\/fjala\/2011\/sali_berisha1.jpg","contentUrl":"http:\/\/www.shkoder.net\/images\/fjala\/2011\/sali_berisha1.jpg"},{"@type":"BreadcrumbList","@id":"https:\/\/fjala.info\/2009-2015\/mitet-false-te-dordolecit-sali-berisha\/#breadcrumb","itemListElement":[{"@type":"ListItem","position":1,"name":"Home","item":"https:\/\/fjala.info\/2009-2015\/"},{"@type":"ListItem","position":2,"name":"Mitet false t\u00eb \u201cdordolecit\u201d Sali Berisha"}]},{"@type":"WebSite","@id":"https:\/\/fjala.info\/2009-2015\/#website","url":"https:\/\/fjala.info\/2009-2015\/","name":"FjALA e LIR\u00cb - Arkivi","description":"Arkivi 2009-2015","publisher":{"@id":"https:\/\/fjala.info\/2009-2015\/#organization"},"potentialAction":[{"@type":"SearchAction","target":{"@type":"EntryPoint","urlTemplate":"https:\/\/fjala.info\/2009-2015\/?s={search_term_string}"},"query-input":{"@type":"PropertyValueSpecification","valueRequired":true,"valueName":"search_term_string"}}],"inLanguage":"sq-AL"},{"@type":"Organization","@id":"https:\/\/fjala.info\/2009-2015\/#organization","name":"FjALA e LIR\u00cb - Arkivi","url":"https:\/\/fjala.info\/2009-2015\/","logo":{"@type":"ImageObject","inLanguage":"sq-AL","@id":"https:\/\/fjala.info\/2009-2015\/#\/schema\/logo\/image\/","url":"","contentUrl":"","caption":"FjALA e LIR\u00cb - Arkivi"},"image":{"@id":"https:\/\/fjala.info\/2009-2015\/#\/schema\/logo\/image\/"}},{"@type":"Person","@id":"https:\/\/fjala.info\/2009-2015\/#\/schema\/person\/3aa1163ef05469c496fc94e77611ada2","name":"admin","image":{"@type":"ImageObject","inLanguage":"sq-AL","@id":"https:\/\/fjala.info\/2009-2015\/wp-content\/uploads\/2012\/02\/arben_cokaj-120x150.jpg","url":"https:\/\/fjala.info\/2009-2015\/wp-content\/uploads\/2012\/02\/arben_cokaj-120x150.jpg","contentUrl":"https:\/\/fjala.info\/2009-2015\/wp-content\/uploads\/2012\/02\/arben_cokaj-120x150.jpg","caption":"admin"},"description":"Admin, Fjala e Lir\u00eb","sameAs":["https:\/\/fjala.info\/"],"url":"https:\/\/fjala.info\/2009-2015\/author\/admin\/"}]}},"_links":{"self":[{"href":"https:\/\/fjala.info\/2009-2015\/wp-json\/wp\/v2\/posts\/10862","targetHints":{"allow":["GET"]}}],"collection":[{"href":"https:\/\/fjala.info\/2009-2015\/wp-json\/wp\/v2\/posts"}],"about":[{"href":"https:\/\/fjala.info\/2009-2015\/wp-json\/wp\/v2\/types\/post"}],"author":[{"embeddable":true,"href":"https:\/\/fjala.info\/2009-2015\/wp-json\/wp\/v2\/users\/1"}],"replies":[{"embeddable":true,"href":"https:\/\/fjala.info\/2009-2015\/wp-json\/wp\/v2\/comments?post=10862"}],"version-history":[{"count":0,"href":"https:\/\/fjala.info\/2009-2015\/wp-json\/wp\/v2\/posts\/10862\/revisions"}],"wp:attachment":[{"href":"https:\/\/fjala.info\/2009-2015\/wp-json\/wp\/v2\/media?parent=10862"}],"wp:term":[{"taxonomy":"category","embeddable":true,"href":"https:\/\/fjala.info\/2009-2015\/wp-json\/wp\/v2\/categories?post=10862"},{"taxonomy":"post_tag","embeddable":true,"href":"https:\/\/fjala.info\/2009-2015\/wp-json\/wp\/v2\/tags?post=10862"}],"curies":[{"name":"wp","href":"https:\/\/api.w.org\/{rel}","templated":true}]}}