{"id":10842,"date":"2011-10-05T22:39:48","date_gmt":"2011-10-05T21:39:48","guid":{"rendered":"http:\/\/fjala.shkoder.net\/?p=10842"},"modified":"2011-10-05T22:39:48","modified_gmt":"2011-10-05T21:39:48","slug":"opsionet-e-bamir-topit","status":"publish","type":"post","link":"https:\/\/fjala.info\/2009-2015\/opsionet-e-bamir-topit\/","title":{"rendered":"Opsionet e Bamir Topit"},"content":{"rendered":"<p><img decoding=\"async\" class=\"alignright size-thumbnail wp-image-7236\" title=\"Endri Xhafo\" src=\"http:\/\/www.shkoder.net\/images\/fjala\/2011\/endri_xhafo.jpg\" alt=\"\" width=\"150\" \/> <strong>Endri Xhafo<\/strong>, <em>05.10.2011<\/em><\/p>\n<p>Mund\u00ebsit\u00eb e rizgjedhjes si President, reagimi i Kryeministrit dhe pse i prish pun\u00eb Aleanca Kuq e Zi<\/p>\n<p>Uf, m\u00eb n\u00eb fund Presidenti foli! Ky ishte mendimi i par\u00eb \u00e7lirues q\u00eb t\u00eb vinte n\u00eb mend pas intervist\u00ebs s\u00eb tij t\u00eb fundit n\u00eb &#8220;Top Story&#8221;. Ai foli jo me &#8220;heshtje&#8221;, si\u00e7 \u00ebsht\u00eb b\u00ebr\u00eb proverbiale t\u00eb thuhet, por me fjal\u00eb, me pohime konkrete. N\u00eb kat\u00ebr vjet &#8220;heshtja&#8221; e tij frustroi shum\u00eb vet\u00eb, q\u00eb prisnin prej tij nj\u00eb Presidenc\u00eb m\u00eb dinamike. Por kjo &#8220;Presidenc\u00eb dinamike&#8221;, p\u00ebr vet\u00eb specifikat e Shqip\u00ebris\u00eb, t\u00eb Partis\u00eb Demokratike dhe t\u00eb m\u00ebnyr\u00ebs se si u zgjodh President Bamir Topi, do t\u00eb ishte, n\u00eb rastin m\u00eb t\u00eb mir\u00eb, ekuivalente me nj\u00eb alternativ\u00eb t\u00eb parakohshme ndaj Kryeministrit Sali Berisha dhe, n\u00eb rastin m\u00eb t\u00eb keq, nj\u00eb shenj\u00eb e hapur mosmir\u00ebnjohjeje ndaj partis\u00eb ku militoi kaq koh\u00eb.<\/p>\n<p>Nj\u00eb &#8220;presidenc\u00eb m\u00eb e fort\u00eb&#8221; do t\u00eb ishte, n\u00eb k\u00ebto kushte, shprehja e nj\u00eb ambicieje politike n\u00eb vendin dhe n\u00eb koh\u00ebn e gabuar. Ndaj, t\u00eb pakt\u00ebn p\u00ebr pragmatiz\u00ebm, duhet besuar se Bamir Topi as nuk e luftoi Sali Berish\u00ebn, dhe aq m\u00eb pak b\u00ebri aleanca me Edi Ram\u00ebn (&#8220;\u00e7do takim me t\u00eb, &#8211; tha Bamir Topi, &#8211; \u00ebsht\u00eb njoftuar nga zyra ime e shtypit&#8221;).<\/p>\n<p>Presidenca e Bamir Topit ishte, m\u00eb s\u00eb paku, &#8220;korrekte&#8221;. Presidenti u tregua &#8220;luajal&#8221; me qeverin\u00eb e vendit t\u00eb tij, kur, n\u00eb takime me t\u00eb huajt, brenda apo jasht\u00eb vendit, p\u00ebrcolli ambicien e shqiptar\u00ebve p\u00ebr nj\u00eb l\u00ebvizje pa viza dhe p\u00ebr integrimin europian, gj\u00eb q\u00eb n\u00eb nj\u00ebfar\u00eb mase gjeti shprehje edhe n\u00eb reformat e qeveris\u00eb. Po ashtu, n\u00eb kuad\u00ebr t\u00eb k\u00ebtij luajaliteti, q\u00eb m\u00eb shum\u00eb se luajalitet ndaj qeveris\u00eb ishte besnik\u00ebri ndaj postit q\u00eb mbante dhe ndaj parimeve te t\u00eb cilat besonte, Presidenti m\u00eb se nj\u00ebher\u00eb ka b\u00ebr\u00eb thirrje q\u00eb dialogu politik t\u00eb b\u00ebhet n\u00eb Parlament. Duke iu kund\u00ebrv\u00ebn\u00eb n\u00eb k\u00ebt\u00eb m\u00ebnyr\u00eb haptas, politik\u00ebs s\u00eb bojkotit t\u00eb Edi Ram\u00ebs.<\/p>\n<p>Nga ana tjet\u00ebr, Presidenti ka dal\u00eb hapur kund\u00ebr ndryshimeve kushtetuese (&#8220;Top Story&#8221; risolli n\u00eb kujtes\u00eb nj\u00eb intervist\u00eb t\u00eb 15 prillit 2008), duke iu bashkuar n\u00eb at\u00eb koh\u00eb z\u00ebrit t\u00eb LSI-s\u00eb dhe t\u00eb partive t\u00eb tjera t\u00eb vogla. Por, kur k\u00ebto ndryshime mor\u00ebn nj\u00eb shumic\u00eb d\u00ebrrmuese n\u00eb Parlament m\u00eb 21 prill, ai i dekretoi brenda 24 or\u00ebve, gjithmon\u00eb n\u00eb kuad\u00ebr t\u00eb luajalitetit ndaj Parlamentit.<\/p>\n<p>Sigurisht, Bamir Topi ka kthyer mbrapsht mjaft ligje t\u00eb mazhoranc\u00ebs, apo ka shprehur mosp\u00eblqimin e tij p\u00ebr ligje t\u00eb caktuara, pa i dekretuar ato. K\u00ebsisoj, ai ka folur me &#8220;heshtje&#8221; n\u00eb rastin e ligjit t\u00eb lustracionit, apo t\u00eb ligjit p\u00ebr procedurat e nd\u00ebrtimit t\u00eb kompleksit t\u00eb ri parlamentar.<\/p>\n<p>Mir\u00ebpo vitin e fundit t\u00eb mandatit, n\u00eb sy t\u00eb shum\u00ebkujt, &#8220;heshtja&#8221; iu kthye n\u00eb bumerang, u interpretua si &#8220;pafuqi&#8221;; kaq e fort\u00eb \u00ebsht\u00eb te disa d\u00ebshira p\u00ebr t\u00eb par\u00eb nj\u00eb alternativ\u00eb tjet\u00ebr brenda t\u00eb djatht\u00ebs, t\u00eb ndryshme nga ajo e Kryeministrit t\u00eb plotfuqish\u00ebm, Sali Berisha. Por, si\u00e7 edhe ndodhi, dit\u00ebn kur Presidenti vendosi t&#8217;u p\u00ebrgjigjej akuzave p\u00ebr &#8220;pu\u00e7&#8221; shtet\u00ebror, &#8220;horr bulevardi&#8221; etj., at\u00eb dit\u00eb Bamir Topi u pozicionua hapur. Vet\u00ebm se tani, jemi n\u00eb fund t\u00eb mandatit t\u00eb tij presidencial.<\/p>\n<p>Vet\u00eb Presidenti pohoi n\u00eb &#8220;Top Story&#8221; se i mbeten dy opsione: ose q\u00ebndron n\u00eb Presidenc\u00eb, &#8211; sepse, si\u00e7 tha ai, &#8220;loja \u00ebsht\u00eb e hapur&#8221;, apo &#8220;kurr\u00eb mos thuaj kurr\u00eb&#8221;, &#8211; ose krijon nj\u00eb parti t\u00eb djatht\u00eb, q\u00eb merr pjes\u00eb n\u00eb zgjedhjet e 2013-s. N\u00eb \u00e7do rast, par\u00eb nga k\u00ebndv\u00ebshtrimi i Sali Berish\u00ebs, Bamir Topi p\u00ebrb\u00ebn tanim\u00eb nj\u00eb problem p\u00ebr t\u00eb.<\/p>\n<p>N\u00ebse Sali Berisha, me nj\u00eb kinse rrjedhje &#8220;t\u00eb pakontrolluar&#8221; votash, e l\u00eb Bamir Topin n\u00eb Presidenc\u00eb, p\u00ebr t\u00eb mos e pasur &#8220;n\u00ebp\u00ebr k\u00ebmb\u00eb&#8221; n\u00eb zgjedhjet e 2013-s, kjo ka an\u00ebn tjet\u00ebr t\u00eb medaljes: Bamir Topi do t\u00eb b\u00ebhej k\u00ebshtu i pari President i Shqip\u00ebris\u00eb postkomuniste q\u00eb do t\u00eb ushtronte t\u00eb plot\u00eb t\u00eb dy mandatet kushtetuese n\u00eb krye t\u00eb shtetit (Sali Berisha dha dor\u00ebheqjen si President n\u00eb korrik 1997, pas m\u00eb pak se kat\u00ebr muajsh nga rizgjedhja e tij p\u00ebr nj\u00eb mandat t\u00eb dyt\u00eb). Mir\u00ebpo, nj\u00eb mandat i dyt\u00eb presidencial p\u00ebr Bamir Topin do t&#8217;i jepte atij nj\u00eb prestigj m\u00eb t\u00eb madh politik, jo vet\u00ebm p\u00ebr shkak t\u00eb rizgjedhjes, por sidomos sepse do ta \u00e7lironte Bamir Topin nga ng\u00ebr\u00e7i i mandatit t\u00eb par\u00eb.<\/p>\n<p>Madje, do t\u00eb ishte imperative p\u00ebr t\u00eb, q\u00eb t\u00eb nd\u00ebrtonte n\u00eb krye t\u00eb Presidenc\u00ebs figur\u00ebn e &#8220;vendosur&#8221; t\u00eb nj\u00eb politikani q\u00eb mund t\u00eb qeveris\u00eb nes\u00ebr vendin. Por kjo ka pas gjasa t\u00eb ndodh\u00eb me d\u00ebshir\u00eb, sepse Sali Berisha, sado kalkulues i mir\u00eb q\u00eb t\u00eb jet\u00eb, v\u00ebshtir\u00eb t&#8217;i jap\u00eb dikujt &#8220;bekimin&#8221; p\u00ebr di\u00e7ka q\u00eb nuk e arriti dot vet\u00eb. Kjo nuk \u00ebsht\u00eb m\u00eb politike, por psikike!<\/p>\n<p>Mbetet Presidenca &#8220;pa d\u00ebshir\u00eb&#8221;, pasoj\u00eb e l\u00ebvizjeve t\u00eb brendshme brenda Parlamentit, ku vet\u00eb Bamir Topi tha se ka &#8220;plot miq&#8221;. P\u00ebrllogaritja, k\u00ebsaj here nga k\u00ebndv\u00ebshtrimi i tij, e b\u00ebn absolutisht m\u00eb t\u00eb leverdish\u00ebm nj\u00eb mandat t\u00eb dyt\u00eb, sepse eviton p\u00ebrballjen frontale me Sali Berish\u00ebn. Koha punon kund\u00ebr Kryeministrit, p\u00ebr shkak t\u00eb mosh\u00ebs s\u00eb tij dhe t\u00eb konsumimit nga pushteti. N\u00ebse Sali Berisha, n\u00eb zgjedhjet e vitit 2013, p\u00ebrfiton edhe nj\u00ebher\u00eb nga avantazhet e sistemit zgjedhor dhe nga aleanca kund\u00ebr natyre me LSI-n\u00eb, dhe q\u00ebndron n\u00eb pushtet edhe p\u00ebr nj\u00eb mandat t\u00eb tret\u00eb qeveris\u00ebs (q\u00eb do t\u00eb ishte n\u00eb fakt i dyti i fituar me sistemin proporcional rajonal), \u00ebsht\u00eb pothuajse e sigurt se konsumimi nga pushteti do ta nxjerr\u00eb at\u00eb n\u00eb opozit\u00eb n\u00eb vitin 2017, n\u00eb mosh\u00ebn 73-vje\u00e7are. Pas kat\u00ebr vjet\u00ebsh t\u00eb tjer\u00eb, n\u00eb zgjedhjet e vitit 2021, Sali Berisha do t\u00eb jet\u00eb 77 vje\u00e7.<\/p>\n<p>Nd\u00ebrkoh\u00eb, zgjedhjet e vitit 2017 p\u00ebrkojn\u00eb me fundin e mandatit presidencial, pas t\u00eb cilit, Bamir Topi, qoft\u00eb n\u00eb krye t\u00eb Partis\u00eb Demokratike (hipotetikisht), qoft\u00eb n\u00eb krye t\u00eb partis\u00eb s\u00eb tij t\u00eb re t\u00eb djatht\u00eb, nuk do ta kishte problem edhe po t\u00eb q\u00ebndronte n\u00eb opozit\u00eb, sepse nuk do t&#8217;i paguante k\u00ebsaj situate asnj\u00eb hara\u00e7 politik vetjak (nj\u00ebsoj si Edi Rama, q\u00eb p\u00ebrgjat\u00eb legjislatur\u00ebs 2005-2009, drejtoi nj\u00eb Parti Socialiste, n\u00eb opozit\u00eb jo p\u00ebr faj t\u00eb tij). K\u00ebsisoj, beteja e v\u00ebrtet\u00eb politike p\u00ebr Bamir Topin do t\u00eb fillonte vet\u00ebm n\u00eb zgjedhjet e vitit 2021.<\/p>\n<p>N\u00ebse ky skenar nuk realizohet dhe Bamir Topi nuk e fiton mandatin e dyt\u00eb, atij i mbetet opsioni i dyt\u00eb: krijimi i partis\u00eb s\u00eb re t\u00eb djatht\u00eb, nj\u00eb vit p\u00ebrpara zgjedhjeve t\u00eb vitit 2013. Koha \u00ebsht\u00eb e pak\u00ebt p\u00ebr t\u00eb krijuar strukturat e partis\u00eb, q\u00eb jan\u00eb aq t\u00eb nevojshme n\u00eb raste fushatash, p\u00ebr organizimin e mitingjeve, p\u00ebr t\u00eb mbajtur bashkuar njer\u00ebzit, p\u00ebr t\u00eb ruajtur votat. Ndaj Bamir Topit i duhet t\u00eb punoj\u00eb q\u00eb tani, paralelisht, n\u00eb dy fronte: p\u00ebr t\u00eb fituar mandatin e dyt\u00eb dhe p\u00ebr t\u00eb krijuar strukturat e partis\u00eb. Nj\u00ebri prej skenar\u00ebve do t\u00eb mbetet pa realizuar. Por ky \u00ebsht\u00eb nj\u00eb \u00e7mim i ul\u00ebt, krahasuar me blerjen e nj\u00eb t\u00eb ardhmeje politike.<\/p>\n<p>N\u00ebse Bamir Topi, n\u00eb krye t\u00eb nj\u00eb partie t\u00eb re t\u00eb djatht\u00eb, &#8211; q\u00eb \u00ebsht\u00eb p\u00ebr dialogun dhe jo p\u00ebr sharjet, q\u00eb mb\u00ebshtetet mbi pronar\u00ebt dhe ish-t\u00eb p\u00ebrndjekurit, q\u00eb ngre lart vlerat qytetare dhe distancohet nga politika e konfliktualitetit, &#8211; merr pjes\u00eb n\u00eb zgjedhjet e 2013-s, natyrsh\u00ebm ai do t\u00eb marr\u00eb vota nga shtresa e t\u00eb djatht\u00ebve n\u00eb p\u00ebrgjith\u00ebsi (republikan\u00eb, ballist\u00eb, demokristian\u00eb t\u00eb LDK-s\u00eb, konservator\u00eb, monarkist\u00eb, LZHK), por edhe nga Partia Demokratike. Sigurisht, Bamir Topi nuk \u00ebsht\u00eb shp\u00ebtimtari i Shqip\u00ebris\u00eb, as fillimi i fundit t\u00eb problemeve t\u00eb saj. Por me partin\u00eb e tij t\u00eb re, ai do t\u00eb mund t\u00eb hyj\u00eb n\u00eb Parlament me \u00e7do sistem zgjedhor.<\/p>\n<p>Sepse her\u00ebn e par\u00eb n\u00eb zgjedhje, ai do t\u00eb p\u00ebrfitoj\u00eb nga efekti i &#8220;gj\u00ebs\u00eb s\u00eb re&#8221;. Kaq e sigurt \u00ebsht\u00eb kjo, sa \u00ebsht\u00eb e sigurt se nj\u00eb pjes\u00eb e elektoratit \u00ebsht\u00eb lodhur nga politika agresive dhe p\u00ebrdorimi i gjuh\u00ebs s\u00eb ul\u00ebt dhe \u00ebsht\u00eb gati t\u00eb &#8220;provoj\u00eb&#8221; \u00e7do alternativ\u00eb disi t\u00eb besueshme q\u00eb i paraqitet. P\u00ebr k\u00ebt\u00eb, mjaft t\u00eb kujtojm\u00eb suksesin zgjedhor t\u00eb Partis\u00eb Demokrate t\u00eb Re t\u00eb Genc Pollos, Nard Ndok\u00ebs dhe Ferdinand Xhaferrajt n\u00eb zgjedhjet e vitit 2001, dhe t&#8217;i shtojm\u00eb asaj edhe 12 vjet t\u00eb tjer\u00eb pritjeje.<\/p>\n<p>Por, n\u00eb perspektiv\u00ebn e zgjedhjeve t\u00eb vitit 2013, p\u00ebrve\u00e7 gar\u00ebs me koh\u00ebn dhe sfid\u00ebs s\u00eb organizimit t\u00eb partis\u00eb s\u00eb re, Bamir Topi ka nj\u00eb tjet\u00ebr problem: Aleanc\u00ebn Kuq e Zi! N\u00ebse deri m\u00eb sot besohej se pas k\u00ebsaj organizate q\u00ebndronte Presidenti i Republik\u00ebs, bindje kjo e rr\u00ebnjosur p\u00ebr shkak t\u00eb mb\u00ebshtetjes s\u00eb pakufishme mediatike nga e cila p\u00ebrfitoi Aleanca dhe sulmeve t\u00eb Kryeministrit ndaj saj, tashm\u00eb \u00ebsht\u00eb e qart\u00eb se Bamir Topi nuk ka fare lidhje me Aleanc\u00ebn. Madje, p\u00ebr hir t\u00eb s\u00eb v\u00ebrtet\u00ebs, shpesh Aleanca ka pasur nj\u00eb mb\u00ebshtetje mediatike m\u00eb t\u00eb madhe se sa vet\u00eb Presidenca, duke &#8220;prodhuar&#8221; lajme p\u00ebr axhend\u00ebn e ardhshme t\u00eb Aleanc\u00ebs, takimet q\u00eb do t\u00eb b\u00ebnte ajo n\u00eb Europ\u00eb, por q\u00eb s&#8217;i kishte b\u00ebr\u00eb akoma etj., etj.<\/p>\n<p>Teorit\u00eb konspirative shohin tek Aleanca nj\u00eb produkt t\u00eb Sali Berish\u00ebs, q\u00eb n\u00ebp\u00ebrmjet sharjeve dhe etiketimeve, e forcon organizat\u00ebn \u00e7do dit\u00eb e m\u00eb shum\u00eb. Por, cilado qoft\u00eb e v\u00ebrteta, produkt ose jo i Kryeministrit, nj\u00eb Aleanc\u00eb Kuq e Zi, subjekt zgjedhor n\u00eb vitin 2013, do t\u00eb rr\u00ebmoj\u00eb n\u00eb elektoratin potencial t\u00eb Bamir Topit: te patriot\u00ebt konservator\u00eb. Dhe nga kjo shp\u00ebrndarje e vot\u00ebs &#8220;disidente&#8221;, p\u00ebrfiton direkt Kryeministri.<\/p>\n<p>Ndaj e ardhmja nuk p\u00ebrvijon asgj\u00eb t\u00eb qart\u00eb p\u00ebr Bamir Topin, vet\u00ebm pse ai ka d\u00ebshir\u00eb q\u00eb q\u00ebndroj\u00eb n\u00eb politik\u00eb. Nga m\u00ebnyra se si do t\u00eb luaj\u00eb k\u00ebt\u00eb vit, n\u00eb nj\u00eb fush\u00eb me kaq shum\u00eb variabla, do t\u00eb kemi nj\u00eb ide t\u00eb p\u00ebrgjithshme t\u00eb aft\u00ebsis\u00eb apo paaft\u00ebsis\u00eb s\u00eb tij, p\u00ebr t\u00eb marr\u00eb nj\u00eb dit\u00eb n\u00eb dor\u00eb drejtimin e vendit. Njer\u00ebzit jan\u00eb sy e vesh\u00eb, tani q\u00eb, m\u00eb n\u00eb fund, Bamir Topi &#8220;foli&#8221;.<\/p>\n","protected":false},"excerpt":{"rendered":"<p>Endri Xhafo, 05.10.2011 Mund\u00ebsit\u00eb e rizgjedhjes si President, reagimi i Kryeministrit dhe pse i prish pun\u00eb Aleanca Kuq e Zi Uf, m\u00eb n\u00eb fund Presidenti foli! Ky ishte mendimi i par\u00eb \u00e7lirues q\u00eb t\u00eb vinte n\u00eb mend pas intervist\u00ebs s\u00eb tij t\u00eb fundit n\u00eb &#8220;Top Story&#8221;. Ai foli jo me &#8220;heshtje&#8221;, si\u00e7 \u00ebsht\u00eb b\u00ebr\u00eb proverbiale [&hellip;]<\/p>\n","protected":false},"author":1,"featured_media":0,"comment_status":"open","ping_status":"closed","sticky":false,"template":"","format":"standard","meta":{"footnotes":""},"categories":[2],"tags":[],"class_list":{"0":"post-10842","1":"post","2":"type-post","3":"status-publish","4":"format-standard","6":"category-artikuj"},"yoast_head":"<!-- This site is optimized with the Yoast SEO plugin v27.4 - https:\/\/yoast.com\/product\/yoast-seo-wordpress\/ -->\n<title>Opsionet e Bamir Topit - FjALA e LIR\u00cb - Arkivi<\/title>\n<meta name=\"robots\" content=\"index, follow, max-snippet:-1, max-image-preview:large, max-video-preview:-1\" \/>\n<link rel=\"canonical\" href=\"https:\/\/fjala.info\/2009-2015\/opsionet-e-bamir-topit\/\" \/>\n<meta property=\"og:locale\" content=\"sq_AL\" \/>\n<meta property=\"og:type\" content=\"article\" \/>\n<meta property=\"og:title\" content=\"Opsionet e Bamir Topit - FjALA e LIR\u00cb - Arkivi\" \/>\n<meta property=\"og:description\" content=\"Endri Xhafo, 05.10.2011 Mund\u00ebsit\u00eb e rizgjedhjes si President, reagimi i Kryeministrit dhe pse i prish pun\u00eb Aleanca Kuq e Zi Uf, m\u00eb n\u00eb fund Presidenti foli! Ky ishte mendimi i par\u00eb \u00e7lirues q\u00eb t\u00eb vinte n\u00eb mend pas intervist\u00ebs s\u00eb tij t\u00eb fundit n\u00eb &#8220;Top Story&#8221;. Ai foli jo me &#8220;heshtje&#8221;, si\u00e7 \u00ebsht\u00eb b\u00ebr\u00eb proverbiale [&hellip;]\" \/>\n<meta property=\"og:url\" content=\"https:\/\/fjala.info\/2009-2015\/opsionet-e-bamir-topit\/\" \/>\n<meta property=\"og:site_name\" content=\"FjALA e LIR\u00cb - Arkivi\" \/>\n<meta property=\"article:published_time\" content=\"2011-10-05T21:39:48+00:00\" \/>\n<meta property=\"og:image\" content=\"http:\/\/www.shkoder.net\/images\/fjala\/2011\/endri_xhafo.jpg\" \/>\n<meta name=\"author\" content=\"admin\" \/>\n<meta name=\"twitter:card\" content=\"summary_large_image\" \/>\n<meta name=\"twitter:label1\" content=\"Written by\" \/>\n\t<meta name=\"twitter:data1\" content=\"admin\" \/>\n\t<meta name=\"twitter:label2\" content=\"Est. reading time\" \/>\n\t<meta name=\"twitter:data2\" content=\"9 minutes\" \/>\n<script type=\"application\/ld+json\" class=\"yoast-schema-graph\">{\"@context\":\"https:\\\/\\\/schema.org\",\"@graph\":[{\"@type\":\"Article\",\"@id\":\"https:\\\/\\\/fjala.info\\\/2009-2015\\\/opsionet-e-bamir-topit\\\/#article\",\"isPartOf\":{\"@id\":\"https:\\\/\\\/fjala.info\\\/2009-2015\\\/opsionet-e-bamir-topit\\\/\"},\"author\":{\"name\":\"admin\",\"@id\":\"https:\\\/\\\/fjala.info\\\/2009-2015\\\/#\\\/schema\\\/person\\\/3aa1163ef05469c496fc94e77611ada2\"},\"headline\":\"Opsionet e Bamir Topit\",\"datePublished\":\"2011-10-05T21:39:48+00:00\",\"mainEntityOfPage\":{\"@id\":\"https:\\\/\\\/fjala.info\\\/2009-2015\\\/opsionet-e-bamir-topit\\\/\"},\"wordCount\":1759,\"commentCount\":0,\"publisher\":{\"@id\":\"https:\\\/\\\/fjala.info\\\/2009-2015\\\/#organization\"},\"image\":{\"@id\":\"https:\\\/\\\/fjala.info\\\/2009-2015\\\/opsionet-e-bamir-topit\\\/#primaryimage\"},\"thumbnailUrl\":\"http:\\\/\\\/www.shkoder.net\\\/images\\\/fjala\\\/2011\\\/endri_xhafo.jpg\",\"articleSection\":[\"Artikuj\"],\"inLanguage\":\"sq-AL\",\"potentialAction\":[{\"@type\":\"CommentAction\",\"name\":\"Comment\",\"target\":[\"https:\\\/\\\/fjala.info\\\/2009-2015\\\/opsionet-e-bamir-topit\\\/#respond\"]}]},{\"@type\":\"WebPage\",\"@id\":\"https:\\\/\\\/fjala.info\\\/2009-2015\\\/opsionet-e-bamir-topit\\\/\",\"url\":\"https:\\\/\\\/fjala.info\\\/2009-2015\\\/opsionet-e-bamir-topit\\\/\",\"name\":\"Opsionet e Bamir Topit - FjALA e LIR\u00cb - Arkivi\",\"isPartOf\":{\"@id\":\"https:\\\/\\\/fjala.info\\\/2009-2015\\\/#website\"},\"primaryImageOfPage\":{\"@id\":\"https:\\\/\\\/fjala.info\\\/2009-2015\\\/opsionet-e-bamir-topit\\\/#primaryimage\"},\"image\":{\"@id\":\"https:\\\/\\\/fjala.info\\\/2009-2015\\\/opsionet-e-bamir-topit\\\/#primaryimage\"},\"thumbnailUrl\":\"http:\\\/\\\/www.shkoder.net\\\/images\\\/fjala\\\/2011\\\/endri_xhafo.jpg\",\"datePublished\":\"2011-10-05T21:39:48+00:00\",\"breadcrumb\":{\"@id\":\"https:\\\/\\\/fjala.info\\\/2009-2015\\\/opsionet-e-bamir-topit\\\/#breadcrumb\"},\"inLanguage\":\"sq-AL\",\"potentialAction\":[{\"@type\":\"ReadAction\",\"target\":[\"https:\\\/\\\/fjala.info\\\/2009-2015\\\/opsionet-e-bamir-topit\\\/\"]}]},{\"@type\":\"ImageObject\",\"inLanguage\":\"sq-AL\",\"@id\":\"https:\\\/\\\/fjala.info\\\/2009-2015\\\/opsionet-e-bamir-topit\\\/#primaryimage\",\"url\":\"http:\\\/\\\/www.shkoder.net\\\/images\\\/fjala\\\/2011\\\/endri_xhafo.jpg\",\"contentUrl\":\"http:\\\/\\\/www.shkoder.net\\\/images\\\/fjala\\\/2011\\\/endri_xhafo.jpg\"},{\"@type\":\"BreadcrumbList\",\"@id\":\"https:\\\/\\\/fjala.info\\\/2009-2015\\\/opsionet-e-bamir-topit\\\/#breadcrumb\",\"itemListElement\":[{\"@type\":\"ListItem\",\"position\":1,\"name\":\"Home\",\"item\":\"https:\\\/\\\/fjala.info\\\/2009-2015\\\/\"},{\"@type\":\"ListItem\",\"position\":2,\"name\":\"Opsionet e Bamir Topit\"}]},{\"@type\":\"WebSite\",\"@id\":\"https:\\\/\\\/fjala.info\\\/2009-2015\\\/#website\",\"url\":\"https:\\\/\\\/fjala.info\\\/2009-2015\\\/\",\"name\":\"FjALA e LIR\u00cb - Arkivi\",\"description\":\"Arkivi 2009-2015\",\"publisher\":{\"@id\":\"https:\\\/\\\/fjala.info\\\/2009-2015\\\/#organization\"},\"potentialAction\":[{\"@type\":\"SearchAction\",\"target\":{\"@type\":\"EntryPoint\",\"urlTemplate\":\"https:\\\/\\\/fjala.info\\\/2009-2015\\\/?s={search_term_string}\"},\"query-input\":{\"@type\":\"PropertyValueSpecification\",\"valueRequired\":true,\"valueName\":\"search_term_string\"}}],\"inLanguage\":\"sq-AL\"},{\"@type\":\"Organization\",\"@id\":\"https:\\\/\\\/fjala.info\\\/2009-2015\\\/#organization\",\"name\":\"FjALA e LIR\u00cb - Arkivi\",\"url\":\"https:\\\/\\\/fjala.info\\\/2009-2015\\\/\",\"logo\":{\"@type\":\"ImageObject\",\"inLanguage\":\"sq-AL\",\"@id\":\"https:\\\/\\\/fjala.info\\\/2009-2015\\\/#\\\/schema\\\/logo\\\/image\\\/\",\"url\":\"\",\"contentUrl\":\"\",\"caption\":\"FjALA e LIR\u00cb - Arkivi\"},\"image\":{\"@id\":\"https:\\\/\\\/fjala.info\\\/2009-2015\\\/#\\\/schema\\\/logo\\\/image\\\/\"}},{\"@type\":\"Person\",\"@id\":\"https:\\\/\\\/fjala.info\\\/2009-2015\\\/#\\\/schema\\\/person\\\/3aa1163ef05469c496fc94e77611ada2\",\"name\":\"admin\",\"image\":{\"@type\":\"ImageObject\",\"inLanguage\":\"sq-AL\",\"@id\":\"https:\\\/\\\/fjala.info\\\/2009-2015\\\/wp-content\\\/uploads\\\/2012\\\/02\\\/arben_cokaj-120x150.jpg\",\"url\":\"https:\\\/\\\/fjala.info\\\/2009-2015\\\/wp-content\\\/uploads\\\/2012\\\/02\\\/arben_cokaj-120x150.jpg\",\"contentUrl\":\"https:\\\/\\\/fjala.info\\\/2009-2015\\\/wp-content\\\/uploads\\\/2012\\\/02\\\/arben_cokaj-120x150.jpg\",\"caption\":\"admin\"},\"description\":\"Admin, Fjala e Lir\u00eb\",\"sameAs\":[\"https:\\\/\\\/fjala.info\\\/\"],\"url\":\"https:\\\/\\\/fjala.info\\\/2009-2015\\\/author\\\/admin\\\/\"}]}<\/script>\n<!-- \/ Yoast SEO plugin. -->","yoast_head_json":{"title":"Opsionet e Bamir Topit - FjALA e LIR\u00cb - Arkivi","robots":{"index":"index","follow":"follow","max-snippet":"max-snippet:-1","max-image-preview":"max-image-preview:large","max-video-preview":"max-video-preview:-1"},"canonical":"https:\/\/fjala.info\/2009-2015\/opsionet-e-bamir-topit\/","og_locale":"sq_AL","og_type":"article","og_title":"Opsionet e Bamir Topit - FjALA e LIR\u00cb - Arkivi","og_description":"Endri Xhafo, 05.10.2011 Mund\u00ebsit\u00eb e rizgjedhjes si President, reagimi i Kryeministrit dhe pse i prish pun\u00eb Aleanca Kuq e Zi Uf, m\u00eb n\u00eb fund Presidenti foli! Ky ishte mendimi i par\u00eb \u00e7lirues q\u00eb t\u00eb vinte n\u00eb mend pas intervist\u00ebs s\u00eb tij t\u00eb fundit n\u00eb &#8220;Top Story&#8221;. Ai foli jo me &#8220;heshtje&#8221;, si\u00e7 \u00ebsht\u00eb b\u00ebr\u00eb proverbiale [&hellip;]","og_url":"https:\/\/fjala.info\/2009-2015\/opsionet-e-bamir-topit\/","og_site_name":"FjALA e LIR\u00cb - Arkivi","article_published_time":"2011-10-05T21:39:48+00:00","og_image":[{"url":"http:\/\/www.shkoder.net\/images\/fjala\/2011\/endri_xhafo.jpg","type":"","width":"","height":""}],"author":"admin","twitter_card":"summary_large_image","twitter_misc":{"Written by":"admin","Est. reading time":"9 minutes"},"schema":{"@context":"https:\/\/schema.org","@graph":[{"@type":"Article","@id":"https:\/\/fjala.info\/2009-2015\/opsionet-e-bamir-topit\/#article","isPartOf":{"@id":"https:\/\/fjala.info\/2009-2015\/opsionet-e-bamir-topit\/"},"author":{"name":"admin","@id":"https:\/\/fjala.info\/2009-2015\/#\/schema\/person\/3aa1163ef05469c496fc94e77611ada2"},"headline":"Opsionet e Bamir Topit","datePublished":"2011-10-05T21:39:48+00:00","mainEntityOfPage":{"@id":"https:\/\/fjala.info\/2009-2015\/opsionet-e-bamir-topit\/"},"wordCount":1759,"commentCount":0,"publisher":{"@id":"https:\/\/fjala.info\/2009-2015\/#organization"},"image":{"@id":"https:\/\/fjala.info\/2009-2015\/opsionet-e-bamir-topit\/#primaryimage"},"thumbnailUrl":"http:\/\/www.shkoder.net\/images\/fjala\/2011\/endri_xhafo.jpg","articleSection":["Artikuj"],"inLanguage":"sq-AL","potentialAction":[{"@type":"CommentAction","name":"Comment","target":["https:\/\/fjala.info\/2009-2015\/opsionet-e-bamir-topit\/#respond"]}]},{"@type":"WebPage","@id":"https:\/\/fjala.info\/2009-2015\/opsionet-e-bamir-topit\/","url":"https:\/\/fjala.info\/2009-2015\/opsionet-e-bamir-topit\/","name":"Opsionet e Bamir Topit - FjALA e LIR\u00cb - Arkivi","isPartOf":{"@id":"https:\/\/fjala.info\/2009-2015\/#website"},"primaryImageOfPage":{"@id":"https:\/\/fjala.info\/2009-2015\/opsionet-e-bamir-topit\/#primaryimage"},"image":{"@id":"https:\/\/fjala.info\/2009-2015\/opsionet-e-bamir-topit\/#primaryimage"},"thumbnailUrl":"http:\/\/www.shkoder.net\/images\/fjala\/2011\/endri_xhafo.jpg","datePublished":"2011-10-05T21:39:48+00:00","breadcrumb":{"@id":"https:\/\/fjala.info\/2009-2015\/opsionet-e-bamir-topit\/#breadcrumb"},"inLanguage":"sq-AL","potentialAction":[{"@type":"ReadAction","target":["https:\/\/fjala.info\/2009-2015\/opsionet-e-bamir-topit\/"]}]},{"@type":"ImageObject","inLanguage":"sq-AL","@id":"https:\/\/fjala.info\/2009-2015\/opsionet-e-bamir-topit\/#primaryimage","url":"http:\/\/www.shkoder.net\/images\/fjala\/2011\/endri_xhafo.jpg","contentUrl":"http:\/\/www.shkoder.net\/images\/fjala\/2011\/endri_xhafo.jpg"},{"@type":"BreadcrumbList","@id":"https:\/\/fjala.info\/2009-2015\/opsionet-e-bamir-topit\/#breadcrumb","itemListElement":[{"@type":"ListItem","position":1,"name":"Home","item":"https:\/\/fjala.info\/2009-2015\/"},{"@type":"ListItem","position":2,"name":"Opsionet e Bamir Topit"}]},{"@type":"WebSite","@id":"https:\/\/fjala.info\/2009-2015\/#website","url":"https:\/\/fjala.info\/2009-2015\/","name":"FjALA e LIR\u00cb - Arkivi","description":"Arkivi 2009-2015","publisher":{"@id":"https:\/\/fjala.info\/2009-2015\/#organization"},"potentialAction":[{"@type":"SearchAction","target":{"@type":"EntryPoint","urlTemplate":"https:\/\/fjala.info\/2009-2015\/?s={search_term_string}"},"query-input":{"@type":"PropertyValueSpecification","valueRequired":true,"valueName":"search_term_string"}}],"inLanguage":"sq-AL"},{"@type":"Organization","@id":"https:\/\/fjala.info\/2009-2015\/#organization","name":"FjALA e LIR\u00cb - Arkivi","url":"https:\/\/fjala.info\/2009-2015\/","logo":{"@type":"ImageObject","inLanguage":"sq-AL","@id":"https:\/\/fjala.info\/2009-2015\/#\/schema\/logo\/image\/","url":"","contentUrl":"","caption":"FjALA e LIR\u00cb - Arkivi"},"image":{"@id":"https:\/\/fjala.info\/2009-2015\/#\/schema\/logo\/image\/"}},{"@type":"Person","@id":"https:\/\/fjala.info\/2009-2015\/#\/schema\/person\/3aa1163ef05469c496fc94e77611ada2","name":"admin","image":{"@type":"ImageObject","inLanguage":"sq-AL","@id":"https:\/\/fjala.info\/2009-2015\/wp-content\/uploads\/2012\/02\/arben_cokaj-120x150.jpg","url":"https:\/\/fjala.info\/2009-2015\/wp-content\/uploads\/2012\/02\/arben_cokaj-120x150.jpg","contentUrl":"https:\/\/fjala.info\/2009-2015\/wp-content\/uploads\/2012\/02\/arben_cokaj-120x150.jpg","caption":"admin"},"description":"Admin, Fjala e Lir\u00eb","sameAs":["https:\/\/fjala.info\/"],"url":"https:\/\/fjala.info\/2009-2015\/author\/admin\/"}]}},"_links":{"self":[{"href":"https:\/\/fjala.info\/2009-2015\/wp-json\/wp\/v2\/posts\/10842","targetHints":{"allow":["GET"]}}],"collection":[{"href":"https:\/\/fjala.info\/2009-2015\/wp-json\/wp\/v2\/posts"}],"about":[{"href":"https:\/\/fjala.info\/2009-2015\/wp-json\/wp\/v2\/types\/post"}],"author":[{"embeddable":true,"href":"https:\/\/fjala.info\/2009-2015\/wp-json\/wp\/v2\/users\/1"}],"replies":[{"embeddable":true,"href":"https:\/\/fjala.info\/2009-2015\/wp-json\/wp\/v2\/comments?post=10842"}],"version-history":[{"count":0,"href":"https:\/\/fjala.info\/2009-2015\/wp-json\/wp\/v2\/posts\/10842\/revisions"}],"wp:attachment":[{"href":"https:\/\/fjala.info\/2009-2015\/wp-json\/wp\/v2\/media?parent=10842"}],"wp:term":[{"taxonomy":"category","embeddable":true,"href":"https:\/\/fjala.info\/2009-2015\/wp-json\/wp\/v2\/categories?post=10842"},{"taxonomy":"post_tag","embeddable":true,"href":"https:\/\/fjala.info\/2009-2015\/wp-json\/wp\/v2\/tags?post=10842"}],"curies":[{"name":"wp","href":"https:\/\/api.w.org\/{rel}","templated":true}]}}