{"id":10699,"date":"2011-09-23T09:19:23","date_gmt":"2011-09-23T08:19:23","guid":{"rendered":"http:\/\/fjala.shkoder.net\/?p=10699"},"modified":"2011-09-23T09:19:23","modified_gmt":"2011-09-23T08:19:23","slug":"rajerson-berisha-e-meriton-pensionin","status":"publish","type":"post","link":"https:\/\/fjala.info\/2009-2015\/rajerson-berisha-e-meriton-pensionin\/","title":{"rendered":"Rajerson: Berisha e meriton pensionin"},"content":{"rendered":"<p><img decoding=\"async\" class=\"alignleft size-thumbnail wp-image-7236\" title=\"Ryerson\" src=\"http:\/\/www.shkoder.net\/images\/fjala\/2011\/ryerson.jpg\" alt=\"\" width=\"300\" \/> Nga <strong>Eduard Zaloshnja<\/strong>, <em>21 shtator 2011 <\/em><\/p>\n<p>Intervistat me ambasador\u00ebt amerikan\u00eb n\u00eb Tiran\u00eb priten gjithnj\u00eb me interes \u2013 si\u00e7 u prit intervista e mbr\u00ebmshme e ambasadorit Arvizu n\u00eb \u201cOra News\u201d. Por interesante jan\u00eb edhe intervistat me ish-ambasador\u00eb. Nj\u00eb t\u00eb till\u00eb e kam zhvilluar un\u00eb me ish-ambasadorin Rajerson me rastin e 15 vjetorit t\u00eb fitores s\u00eb par\u00eb n\u00eb zgjedhje nga PD-ja. Kjo intervist\u00eb, e zhvilluar n\u00eb shqip n\u00eb sht\u00ebpin\u00eb e ish-ambasadorit, u publikua at\u00ebhere n\u00eb gazet\u00ebn \u201cPanorama\u201d. Besoj se ia vlen t\u00eb rilexohet edhe sot. E. Zaloshnja.<\/p>\n<p>Zaloshnja: Mars 22, 1992 \u2013 ju duhet ta mbani mend k\u00ebt\u00eb dat\u00eb. At\u00eb dit\u00eb, Partia Demokratike e Shqip\u00ebris\u00eb sh\u00ebnoi nj\u00eb fitore t\u00eb madhe n\u00eb t\u00eb parat zgjedhje realisht t\u00eb lira dhe t\u00eb ndershme n\u00eb historin\u00eb e re shqiptare. Dhe ajo parti ishte pik\u00ebrisht partia q\u00eb ju, nga pozicioni i Ambasadorit t\u00eb SHBA-s\u00eb n\u00eb Tiran\u00eb, u duk se e p\u00ebrkrah\u00ebt fuqimisht. Ecim p\u00ebrpara n\u00eb koh\u00eb: 22 mars 2007 \u2013 ju jeni tani nj\u00eb diplomat n\u00eb pension. Duke ditur \u00e7far\u00eb ka ndodhur n\u00eb 15 vjet\u00ebt q\u00eb nga dita kur Partia Demokratike erdhi fillimisht n\u00eb pushtet, a jeni i lumtur q\u00eb e p\u00ebrkrah\u00ebt at\u00ebhere?<\/p>\n<p>Ambasadori Rajerson: P\u00ebrgjigjia e shkurt\u00ebr \u00ebsht\u00eb: \u201cPo!\u201d M\u00eb gjer\u00ebsisht, mund t\u2019ju them se alternativa tjet\u00ebr n\u00eb at\u00eb koh\u00eb ishte partia e Ramiz Alis\u00eb, e cila kishte ndryshuar emrin, por ishte ende partia e vjet\u00ebr. E mbaj m\u00ebnd Kongresin e 10-t\u00eb t\u00eb PPSH-s\u00eb, dhe n\u00eb ve\u00e7anti reagimin ndaj kritikave q\u00eb iu b\u00ebn\u00eb Enverit. Ishte nj\u00eb tregues shum\u00eb i qart\u00eb se mentaliteti e PPSH-s\u00eb pas zgjedhjeve t\u00eb \u201991-shit nuk kishte ndryshuar. Mbaj mend nj\u00eb episod nga ajo koh\u00eb. N\u00eb fund t\u00eb vitit 1991, SHBA i kishte ofruar Shqip\u00ebris\u00eb nj\u00eb sasi t\u00eb konsiderushme plehrash kimike \u2013 me kusht q\u00eb t\u00eb shiteshin me ankand. Nj\u00eb nga ministrat e ish-PPSH-s\u00eb (q\u00eb ishte akoma n\u00eb pushtet) e bllokoi at\u00eb ndihm\u00eb, me argumentin se ligji nuk e lejonte shitjen me ankand! P\u00ebr fat t\u00eb mir\u00eb, nj\u00eb tjet\u00ebr minist\u00ebr me kurajo e dha viston, dhe ajo ndihm\u00eb u realizua. P\u00ebrndryshe, Shqip\u00ebria nuk do ta kishte marr\u00eb ndihm\u00ebn \u2013 dhe pasoja do t\u00eb ishte m\u00eb shum\u00eb uri n\u00eb vitin 1992.<\/p>\n<p>Zaloshnja: Ata q\u00eb mbajn\u00eb mend koh\u00ebn kur ju ishit Ambasador i SHBA-s\u00eb n\u00eb Tiran\u00eb kujtojn\u00eb se ju kishit mardh\u00ebnie shum\u00eb t\u00eb mira me z.Berisha. Lexuesit tan\u00eb do t\u00eb jen\u00eb kurioz\u00eb t\u00eb din\u00eb n\u00eb se k\u00ebto mardh\u00ebnie kufizoheshin vet\u00ebm n\u00eb nivelin zyrtar apo shtriheshin edhe n\u00eb at\u00eb personal. Gjithashtu, me vler\u00eb do t\u00eb ishte p\u00ebr ta n\u00ebse do na tregonit se sa shpesh takoheshit me z.Berisha, mbi \u00e7far\u00eb \u00e7\u00ebshtjesh diskutonit, dhe a i d\u00ebgjonte ai k\u00ebshillat tuaja (n\u00ebse i jepnit)?<\/p>\n<p>Ambasadori Rajerson: Po, mardh\u00ebniet e mija me z.Berisha ishin shum\u00eb t\u00eb mira. Jam krenar t\u00eb them se Saliun e kam mik. N\u00eb fakt, mardh\u00ebniet ishin shum\u00eb m\u00eb tep\u00ebr zyrtare se sa personale. S\u2019e kam harruar kurr\u00eb faktin q\u00eb ai ishte nj\u00eb shef shteti dhe un\u00eb isha n\u00eb Shqip\u00ebri p\u00ebr t\u00eb p\u00ebrfaq\u00ebsuar SHBA-n\u00eb, e jo si turist ose person privat. Sa shpesh takoheshim? N\u00eb fakt, nuk e mbaj mend. Ne s\u2019kishim ndonj\u00eb rregull p\u00ebr takimet &#8211; kur merrja nj\u00eb porosi ose pyetje nga Uashingtoni p\u00ebr z. Berisha, ose kur p\u00ebrgatitej ndonj\u00eb vizit\u00eb (si p.sh. vizita e z. Ig\u00ebllberger &#8211; z\u00ebvend\u00ebs i Sekretarit Bejker, e ish Presidentit Karter, ose e delegationeve nga Kongresi Amerikan), kam k\u00ebrkuar takime. Ishin edhe disa raste kur z.Berisha m\u00eb th\u00ebrriste sepse kishte pyetje ose k\u00ebrkonte ndonj\u00eb sqarim p\u00ebr q\u00ebndrimin e qeveris\u00eb amerikane. N\u00eb mos gabohem, her\u00eb-her\u00eb, ai ka k\u00ebrkuar edhe opinionin tim. Nuk besoj se ju realisht shpresonit q\u00eb mund t\u2019ju tregoja se \u00e7far\u00eb kemi diskutuar!<\/p>\n<p>Zaloshnja: N\u00eb marsin e vitit 1995, z.Eduard Selami, Kryetari i Partis\u00eb Demokratike t\u00eb Shqip\u00ebris\u00eb (nj\u00eb politikan q\u00eb ju dhe t\u00eb tjer\u00eb diplomat\u00eb amerikan\u00eb dukej se e p\u00ebrkrahnit fuqimisht) u p\u00ebrjashtua nga udh\u00ebheqja e lart\u00eb e partis\u00eb pas nj\u00eb debati t\u00eb ashp\u00ebr me z.Berisha, i cili ishte at\u00ebhere Presidenti i Shqip\u00ebris\u00eb. A ju sh\u00ebrbeu rasti \u201cSelami\u201d juve dhe zyrtar\u00ebve t\u00eb tjer\u00eb n\u00eb Uashington si sinjal se z.Berisha po prirej drejt autoritarizmit?<\/p>\n<p>Ambasadori Rajerson: N\u00eb at\u00eb koh\u00eb kam qen\u00eb n\u00eb pension dhe nuk mund t\u00eb gjykoj sesi ishte reagimi e \u201czyrtar\u00ebve t\u00eb tjer\u00eb\u201d. Un\u00eb personalisht, mendoj se p\u00ebrjashtimi i z.Selami nga udh\u00ebheqja e lart\u00eb e partis\u00eb nuk ishte nj\u00eb gj\u00eb e mir\u00eb.<\/p>\n<p>Zaloshnja: Pas zgjedhjeve shqiptare t\u00eb Majit 1996, Departamenti i Shtetit Amerikan e k\u00ebshilloi z.Berisha t\u00eb p\u00ebrs\u00ebriste zgjedhjet n\u00eb 40 zona zgjedhore, por ai nuk e pranoi k\u00ebshill\u00ebn. A e ndjet\u00eb veten t\u00eb zhg\u00ebnjyer nga fakti q\u00eb udh\u00ebheq\u00ebsi i partis\u00eb q\u00eb ju aq fuqimisht e kishit p\u00ebrkrahur u kthye n\u00eb nj\u00eb njeri q\u00eb nuk i mir\u00ebpriste k\u00ebshillat e vendit tuaj? A e kontaktuat z.Berisha n\u00eb at\u00eb koh\u00eb?<\/p>\n<p>Ambasadori Rajerson: Un\u00eb mendoj se ishte nj\u00eb gabim politik q\u00eb zgjedhjet nuk u p\u00ebrs\u00ebrit\u00ebn n\u00eb shum\u00eb zona \u2013 jo sepse ishte k\u00ebshilla SHBA-s\u00eb, por thjesht se duhej b\u00ebr\u00eb ajo gj\u00eb. Gjat\u00eb vizit\u00ebs s\u00eb mikut tim Ali Spahia tek ne n\u00eb gusht t\u00eb \u201996-\u00ebs, diskutova me t\u00eb p\u00ebr problemin e p\u00ebrs\u00ebrsitjes s\u00eb zgjedhjeve n\u00eb zonat me pik\u00ebpyetje.<\/p>\n<p>Zaloshnja: Para ca koh\u00ebsh, z.Berisha pranoi publikisht se kishte gabuar kur lejoi skemat piramidale t\u00eb lul\u00ebzonin n\u00eb Shqip\u00ebri. Besoj se ju e keni kuptuar at\u00eb gabim t\u00eb tij q\u00eb n\u00eb at\u00eb koh\u00eb. A kontaktuat at\u00ebhere me z.Berisha n\u00eb lidhje me at\u00eb problem? A mendoni se duhej t\u00eb ishte t\u00ebrhequr nga politika pas falimentimit t\u00eb skemave piramidale n\u00eb mars 1997, kur m\u00eb shum\u00eb se 1 miliard dollar\u00eb t\u00eb fituara me djers\u00eb nga shqiptar\u00ebt e thjesht\u00eb humb\u00ebn pa gjurm\u00eb?<\/p>\n<p>Ambasadori Rajerson: Mund t\u00eb ket\u00eb qen\u00eb nj\u00eb gabim i im q\u00eb nuk u informova p\u00ebr ato skema gjat\u00eb koh\u00ebs q\u00eb isha akoma n\u00eb Tiran\u00eb, por ja q\u00eb s\u2019u informova. N\u00eb Uashington u ktheva n\u00eb tetor t\u00eb 1994-\u00ebs. Kur mora vesh m\u00eb von\u00eb p\u00ebr skemat \u2013 at\u00ebhere isha thjesht nj\u00eb qytetar privat, nj\u00eb \u201cish burokrat amerikan\u201d \u2013 k\u00ebrkova takim me ambasadorin shqiptar n\u00eb Uashington. Atij i thash\u00eb se skemat ishin nj\u00eb rrezik shum\u00eb i madh si p\u00ebr Shqip\u00ebrin\u00eb ashtu dhe p\u00ebr democracin\u00eb shqiptare &#8211; n\u00eb ve\u00e7anti p\u00ebr PD-n\u00eb. Mendova se, si mik i Shqip\u00ebris\u00eb, e kisha p\u00ebr detyr\u00eb ta thoja mendimin tim. Besoj se z.Berisha b\u00ebri mir\u00eb kur dha doreheqjen n\u00eb vitin 1997.<\/p>\n<p>Zaloshnja: Tani jemi n\u00eb marsin e vitit 2007 (shum\u00eb nga pyetjet tona kan\u00eb t\u00eb b\u00ebjn\u00eb me ngjarje q\u00eb kan\u00eb ndodhur n\u00eb mars!), skena politike shqiptare duket e polarizuar n\u00eb ekstrem. N\u00eb zon\u00ebn e Shijakut, n\u00eb dat\u00ebn 11 mars (dit\u00ebn e votimit p\u00ebr z\u00ebvend\u00ebsimin e deputetit t\u00eb asaj zone), ndodhi nj\u00eb gj\u00eb e ngjashme me at\u00eb q\u00eb ndodhi n\u00eb zgjedhjet e Majit 1996 \u2013 Partia Socialiste t\u00ebrhoqi komisioner\u00ebt pa p\u00ebrfunduar votimi dhe komisioner\u00ebt e Partis\u00eb Demokratike deklaruan fitoren e kandidatit demokrat me 91%!!! Duket sikur z.Berisha \u201ce ndjek\u201d situata e tensionuar politike gjithnj\u00eb nga pas. A mendoni se ai duhet t\u00eb b\u00ebj\u00eb at\u00eb q\u00eb b\u00ebri z.Nano, i cili u t\u00ebrhoq nga posti i Kryetarit t\u00eb Partis\u00eb, duke hapur k\u00ebshtu rrug\u00ebn p\u00ebr politikan\u00eb m\u00eb t\u00eb rinj t\u00eb ngjiten n\u00eb krye t\u00eb saj? A mendoni se kjo gj\u00eb mund t\u00eb ishte n\u00eb t\u00eb mir\u00eb t\u00eb demokracis\u00eb s\u00eb re shqiptare?<\/p>\n<p>Ambasadori Rajerson: Edhe mua m\u00eb duket se marsi ka patur nj\u00eb r\u00ebnd\u00ebsi t\u00eb vecant\u00eb n\u00eb historin\u00eb e Shqip\u00ebris\u00eb s\u00eb viteve t\u00eb fundit! Nuk i di detajet e asaj q\u00eb ndodhi n\u00eb Shijak, por di t\u00eb them se t\u00ebrheqjen nga komisionet elektorale nuk e b\u00ebjn\u00eb njer\u00ebz t\u00eb matur. N\u00eb t\u00eb nj\u00ebten koh\u00eb, fitorja me 91% t\u00eb votave m\u00eb duket qesharake &#8211; askush nuk mund t\u00eb ket\u00eb besim tek nj\u00eb rezultat i till\u00eb! N\u00eb lidhje me z.Nano, un\u00eb nuk mund t\u00eb k\u00ebshilloj imitimin e tij &#8211; opinioni im p\u00ebr t\u00eb nuk ka qen\u00eb pozitiv dhe nuk ka ndryshuar deri m\u00eb sot. Tjet\u00ebr \u00ebsht\u00eb pyetja, konkretisht: \u201cA duhet z.Berisha t\u00eb dal\u00eb n\u00eb pension?\u201d Si\u00e7 e dini, un\u00eb jam amerikan dhe duke k\u00ebrkuar n\u00eb historin\u00eb e vendit tim p\u00ebr shembuj, m\u00eb b\u00ebn pershtypje ai i Xhorxh Uashingtonit.<\/p>\n<p>Pasi kishte sh\u00ebrbyer si gjeneral n\u00eb Luft\u00ebn e Pavarsis\u00eb, ai u zgjodh dy her\u00eb si President i SHBA-s\u00eb. Dhe pas her\u00ebs s\u00eb dyt\u00eb, Xhorxh Uashingtoni nuk kandidoi p\u00ebr her\u00eb t\u00eb tret\u00eb. Ai kishte b\u00ebr\u00eb shum\u00eb p\u00ebr vendin dhe ishte krenar p\u00ebr arritjet e tij, por sidoqoft\u00eb, zgjodhi pensionin. Mendoj se z.Berisha \u00ebsht\u00eb n\u00eb fakt n\u00eb nj\u00eb situat\u00eb paralele &#8211; ai ka b\u00ebr\u00eb shum\u00eb p\u00ebr vendin e tij, dhe e meriton t\u00eb dal\u00eb n\u00eb pension. Ky do t\u00eb ishte nj\u00eb hap i mir\u00eb p\u00ebr demokracin\u00eb si br\u00ebnda PD-s\u00eb ashtu dhe m\u00eb gjer\u00eb n\u00eb Shqip\u00ebri. Kjo, sepse k\u00ebshtu do hapej rruga p\u00ebr t\u00eb tjer\u00eb q\u00eb t\u00eb marrin p\u00ebrsip\u00ebr p\u00ebrgjegj\u00ebsit\u00eb. Un\u00eb personalisht mund t\u00eb konstatoj se jeta n\u00eb pension s\u2019\u00ebsht\u00eb fare e keqe!<\/p>\n<p>Zaloshnja: Falemnderit edhe nj\u00eb her\u00eb p\u00ebr intervist\u00ebn, Ambasador Rajerson. Ishte nj\u00eb k\u00ebnaq\u00ebsi e ve\u00e7ant\u00eb q\u00eb p\u00ebrgjigjet na i dhat\u00eb n\u00eb shqip. Kjo p\u00ebr dy ar\u00ebsye: s\u00eb pari dhe kryesisht, sepse na tregon se i keni ruajtur t\u00eb forta lidhjet me vendin ton\u00eb, dhe s\u00eb dyti, sepse na kursen koh\u00ebn p\u00ebr p\u00ebrk\u00ebthimin e tyre.<\/p>\n<p>Ambasadori Rajerson: K\u00ebnaq\u00ebsia ishte e imija. P\u00ebrgjiget q\u00eb ju dhash\u00eb n\u00eb shqip e duan sidoqoft\u00eb nj\u00eb korrektim, sepse p\u00ebrndryshe, gabimet gramatikore n\u00eb to mund t\u00eb shkaktojn\u00eb buz\u00ebqeshje!<\/p>\n","protected":false},"excerpt":{"rendered":"<p>Nga Eduard Zaloshnja, 21 shtator 2011 Intervistat me ambasador\u00ebt amerikan\u00eb n\u00eb Tiran\u00eb priten gjithnj\u00eb me interes \u2013 si\u00e7 u prit intervista e mbr\u00ebmshme e ambasadorit Arvizu n\u00eb \u201cOra News\u201d. Por interesante jan\u00eb edhe intervistat me ish-ambasador\u00eb. Nj\u00eb t\u00eb till\u00eb e kam zhvilluar un\u00eb me ish-ambasadorin Rajerson me rastin e 15 vjetorit t\u00eb fitores s\u00eb par\u00eb [&hellip;]<\/p>\n","protected":false},"author":1,"featured_media":0,"comment_status":"open","ping_status":"closed","sticky":false,"template":"","format":"standard","meta":{"footnotes":""},"categories":[2],"tags":[],"class_list":{"0":"post-10699","1":"post","2":"type-post","3":"status-publish","4":"format-standard","6":"category-artikuj"},"yoast_head":"<!-- This site is optimized with the Yoast SEO plugin v27.4 - https:\/\/yoast.com\/product\/yoast-seo-wordpress\/ -->\n<title>Rajerson: Berisha e meriton pensionin - FjALA e LIR\u00cb - Arkivi<\/title>\n<meta name=\"robots\" content=\"index, follow, max-snippet:-1, max-image-preview:large, max-video-preview:-1\" \/>\n<link rel=\"canonical\" href=\"https:\/\/fjala.info\/2009-2015\/rajerson-berisha-e-meriton-pensionin\/\" \/>\n<meta property=\"og:locale\" content=\"sq_AL\" \/>\n<meta property=\"og:type\" content=\"article\" \/>\n<meta property=\"og:title\" content=\"Rajerson: Berisha e meriton pensionin - FjALA e LIR\u00cb - Arkivi\" \/>\n<meta property=\"og:description\" content=\"Nga Eduard Zaloshnja, 21 shtator 2011 Intervistat me ambasador\u00ebt amerikan\u00eb n\u00eb Tiran\u00eb priten gjithnj\u00eb me interes \u2013 si\u00e7 u prit intervista e mbr\u00ebmshme e ambasadorit Arvizu n\u00eb \u201cOra News\u201d. Por interesante jan\u00eb edhe intervistat me ish-ambasador\u00eb. Nj\u00eb t\u00eb till\u00eb e kam zhvilluar un\u00eb me ish-ambasadorin Rajerson me rastin e 15 vjetorit t\u00eb fitores s\u00eb par\u00eb [&hellip;]\" \/>\n<meta property=\"og:url\" content=\"https:\/\/fjala.info\/2009-2015\/rajerson-berisha-e-meriton-pensionin\/\" \/>\n<meta property=\"og:site_name\" content=\"FjALA e LIR\u00cb - Arkivi\" \/>\n<meta property=\"article:published_time\" content=\"2011-09-23T08:19:23+00:00\" \/>\n<meta property=\"og:image\" content=\"http:\/\/www.shkoder.net\/images\/fjala\/2011\/ryerson.jpg\" \/>\n<meta name=\"author\" content=\"admin\" \/>\n<meta name=\"twitter:card\" content=\"summary_large_image\" \/>\n<meta name=\"twitter:label1\" content=\"Written by\" \/>\n\t<meta name=\"twitter:data1\" content=\"admin\" \/>\n\t<meta name=\"twitter:label2\" content=\"Est. reading time\" \/>\n\t<meta name=\"twitter:data2\" content=\"8 minutes\" \/>\n<script type=\"application\/ld+json\" class=\"yoast-schema-graph\">{\"@context\":\"https:\\\/\\\/schema.org\",\"@graph\":[{\"@type\":\"Article\",\"@id\":\"https:\\\/\\\/fjala.info\\\/2009-2015\\\/rajerson-berisha-e-meriton-pensionin\\\/#article\",\"isPartOf\":{\"@id\":\"https:\\\/\\\/fjala.info\\\/2009-2015\\\/rajerson-berisha-e-meriton-pensionin\\\/\"},\"author\":{\"name\":\"admin\",\"@id\":\"https:\\\/\\\/fjala.info\\\/2009-2015\\\/#\\\/schema\\\/person\\\/3aa1163ef05469c496fc94e77611ada2\"},\"headline\":\"Rajerson: Berisha e meriton pensionin\",\"datePublished\":\"2011-09-23T08:19:23+00:00\",\"mainEntityOfPage\":{\"@id\":\"https:\\\/\\\/fjala.info\\\/2009-2015\\\/rajerson-berisha-e-meriton-pensionin\\\/\"},\"wordCount\":1666,\"commentCount\":0,\"publisher\":{\"@id\":\"https:\\\/\\\/fjala.info\\\/2009-2015\\\/#organization\"},\"image\":{\"@id\":\"https:\\\/\\\/fjala.info\\\/2009-2015\\\/rajerson-berisha-e-meriton-pensionin\\\/#primaryimage\"},\"thumbnailUrl\":\"http:\\\/\\\/www.shkoder.net\\\/images\\\/fjala\\\/2011\\\/ryerson.jpg\",\"articleSection\":[\"Artikuj\"],\"inLanguage\":\"sq-AL\",\"potentialAction\":[{\"@type\":\"CommentAction\",\"name\":\"Comment\",\"target\":[\"https:\\\/\\\/fjala.info\\\/2009-2015\\\/rajerson-berisha-e-meriton-pensionin\\\/#respond\"]}]},{\"@type\":\"WebPage\",\"@id\":\"https:\\\/\\\/fjala.info\\\/2009-2015\\\/rajerson-berisha-e-meriton-pensionin\\\/\",\"url\":\"https:\\\/\\\/fjala.info\\\/2009-2015\\\/rajerson-berisha-e-meriton-pensionin\\\/\",\"name\":\"Rajerson: Berisha e meriton pensionin - FjALA e LIR\u00cb - Arkivi\",\"isPartOf\":{\"@id\":\"https:\\\/\\\/fjala.info\\\/2009-2015\\\/#website\"},\"primaryImageOfPage\":{\"@id\":\"https:\\\/\\\/fjala.info\\\/2009-2015\\\/rajerson-berisha-e-meriton-pensionin\\\/#primaryimage\"},\"image\":{\"@id\":\"https:\\\/\\\/fjala.info\\\/2009-2015\\\/rajerson-berisha-e-meriton-pensionin\\\/#primaryimage\"},\"thumbnailUrl\":\"http:\\\/\\\/www.shkoder.net\\\/images\\\/fjala\\\/2011\\\/ryerson.jpg\",\"datePublished\":\"2011-09-23T08:19:23+00:00\",\"breadcrumb\":{\"@id\":\"https:\\\/\\\/fjala.info\\\/2009-2015\\\/rajerson-berisha-e-meriton-pensionin\\\/#breadcrumb\"},\"inLanguage\":\"sq-AL\",\"potentialAction\":[{\"@type\":\"ReadAction\",\"target\":[\"https:\\\/\\\/fjala.info\\\/2009-2015\\\/rajerson-berisha-e-meriton-pensionin\\\/\"]}]},{\"@type\":\"ImageObject\",\"inLanguage\":\"sq-AL\",\"@id\":\"https:\\\/\\\/fjala.info\\\/2009-2015\\\/rajerson-berisha-e-meriton-pensionin\\\/#primaryimage\",\"url\":\"http:\\\/\\\/www.shkoder.net\\\/images\\\/fjala\\\/2011\\\/ryerson.jpg\",\"contentUrl\":\"http:\\\/\\\/www.shkoder.net\\\/images\\\/fjala\\\/2011\\\/ryerson.jpg\"},{\"@type\":\"BreadcrumbList\",\"@id\":\"https:\\\/\\\/fjala.info\\\/2009-2015\\\/rajerson-berisha-e-meriton-pensionin\\\/#breadcrumb\",\"itemListElement\":[{\"@type\":\"ListItem\",\"position\":1,\"name\":\"Home\",\"item\":\"https:\\\/\\\/fjala.info\\\/2009-2015\\\/\"},{\"@type\":\"ListItem\",\"position\":2,\"name\":\"Rajerson: Berisha e meriton pensionin\"}]},{\"@type\":\"WebSite\",\"@id\":\"https:\\\/\\\/fjala.info\\\/2009-2015\\\/#website\",\"url\":\"https:\\\/\\\/fjala.info\\\/2009-2015\\\/\",\"name\":\"FjALA e LIR\u00cb - Arkivi\",\"description\":\"Arkivi 2009-2015\",\"publisher\":{\"@id\":\"https:\\\/\\\/fjala.info\\\/2009-2015\\\/#organization\"},\"potentialAction\":[{\"@type\":\"SearchAction\",\"target\":{\"@type\":\"EntryPoint\",\"urlTemplate\":\"https:\\\/\\\/fjala.info\\\/2009-2015\\\/?s={search_term_string}\"},\"query-input\":{\"@type\":\"PropertyValueSpecification\",\"valueRequired\":true,\"valueName\":\"search_term_string\"}}],\"inLanguage\":\"sq-AL\"},{\"@type\":\"Organization\",\"@id\":\"https:\\\/\\\/fjala.info\\\/2009-2015\\\/#organization\",\"name\":\"FjALA e LIR\u00cb - Arkivi\",\"url\":\"https:\\\/\\\/fjala.info\\\/2009-2015\\\/\",\"logo\":{\"@type\":\"ImageObject\",\"inLanguage\":\"sq-AL\",\"@id\":\"https:\\\/\\\/fjala.info\\\/2009-2015\\\/#\\\/schema\\\/logo\\\/image\\\/\",\"url\":\"\",\"contentUrl\":\"\",\"caption\":\"FjALA e LIR\u00cb - Arkivi\"},\"image\":{\"@id\":\"https:\\\/\\\/fjala.info\\\/2009-2015\\\/#\\\/schema\\\/logo\\\/image\\\/\"}},{\"@type\":\"Person\",\"@id\":\"https:\\\/\\\/fjala.info\\\/2009-2015\\\/#\\\/schema\\\/person\\\/3aa1163ef05469c496fc94e77611ada2\",\"name\":\"admin\",\"image\":{\"@type\":\"ImageObject\",\"inLanguage\":\"sq-AL\",\"@id\":\"https:\\\/\\\/fjala.info\\\/2009-2015\\\/wp-content\\\/uploads\\\/2012\\\/02\\\/arben_cokaj-120x150.jpg\",\"url\":\"https:\\\/\\\/fjala.info\\\/2009-2015\\\/wp-content\\\/uploads\\\/2012\\\/02\\\/arben_cokaj-120x150.jpg\",\"contentUrl\":\"https:\\\/\\\/fjala.info\\\/2009-2015\\\/wp-content\\\/uploads\\\/2012\\\/02\\\/arben_cokaj-120x150.jpg\",\"caption\":\"admin\"},\"description\":\"Admin, Fjala e Lir\u00eb\",\"sameAs\":[\"https:\\\/\\\/fjala.info\\\/\"],\"url\":\"https:\\\/\\\/fjala.info\\\/2009-2015\\\/author\\\/admin\\\/\"}]}<\/script>\n<!-- \/ Yoast SEO plugin. -->","yoast_head_json":{"title":"Rajerson: Berisha e meriton pensionin - FjALA e LIR\u00cb - Arkivi","robots":{"index":"index","follow":"follow","max-snippet":"max-snippet:-1","max-image-preview":"max-image-preview:large","max-video-preview":"max-video-preview:-1"},"canonical":"https:\/\/fjala.info\/2009-2015\/rajerson-berisha-e-meriton-pensionin\/","og_locale":"sq_AL","og_type":"article","og_title":"Rajerson: Berisha e meriton pensionin - FjALA e LIR\u00cb - Arkivi","og_description":"Nga Eduard Zaloshnja, 21 shtator 2011 Intervistat me ambasador\u00ebt amerikan\u00eb n\u00eb Tiran\u00eb priten gjithnj\u00eb me interes \u2013 si\u00e7 u prit intervista e mbr\u00ebmshme e ambasadorit Arvizu n\u00eb \u201cOra News\u201d. Por interesante jan\u00eb edhe intervistat me ish-ambasador\u00eb. Nj\u00eb t\u00eb till\u00eb e kam zhvilluar un\u00eb me ish-ambasadorin Rajerson me rastin e 15 vjetorit t\u00eb fitores s\u00eb par\u00eb [&hellip;]","og_url":"https:\/\/fjala.info\/2009-2015\/rajerson-berisha-e-meriton-pensionin\/","og_site_name":"FjALA e LIR\u00cb - Arkivi","article_published_time":"2011-09-23T08:19:23+00:00","og_image":[{"url":"http:\/\/www.shkoder.net\/images\/fjala\/2011\/ryerson.jpg","type":"","width":"","height":""}],"author":"admin","twitter_card":"summary_large_image","twitter_misc":{"Written by":"admin","Est. reading time":"8 minutes"},"schema":{"@context":"https:\/\/schema.org","@graph":[{"@type":"Article","@id":"https:\/\/fjala.info\/2009-2015\/rajerson-berisha-e-meriton-pensionin\/#article","isPartOf":{"@id":"https:\/\/fjala.info\/2009-2015\/rajerson-berisha-e-meriton-pensionin\/"},"author":{"name":"admin","@id":"https:\/\/fjala.info\/2009-2015\/#\/schema\/person\/3aa1163ef05469c496fc94e77611ada2"},"headline":"Rajerson: Berisha e meriton pensionin","datePublished":"2011-09-23T08:19:23+00:00","mainEntityOfPage":{"@id":"https:\/\/fjala.info\/2009-2015\/rajerson-berisha-e-meriton-pensionin\/"},"wordCount":1666,"commentCount":0,"publisher":{"@id":"https:\/\/fjala.info\/2009-2015\/#organization"},"image":{"@id":"https:\/\/fjala.info\/2009-2015\/rajerson-berisha-e-meriton-pensionin\/#primaryimage"},"thumbnailUrl":"http:\/\/www.shkoder.net\/images\/fjala\/2011\/ryerson.jpg","articleSection":["Artikuj"],"inLanguage":"sq-AL","potentialAction":[{"@type":"CommentAction","name":"Comment","target":["https:\/\/fjala.info\/2009-2015\/rajerson-berisha-e-meriton-pensionin\/#respond"]}]},{"@type":"WebPage","@id":"https:\/\/fjala.info\/2009-2015\/rajerson-berisha-e-meriton-pensionin\/","url":"https:\/\/fjala.info\/2009-2015\/rajerson-berisha-e-meriton-pensionin\/","name":"Rajerson: Berisha e meriton pensionin - FjALA e LIR\u00cb - Arkivi","isPartOf":{"@id":"https:\/\/fjala.info\/2009-2015\/#website"},"primaryImageOfPage":{"@id":"https:\/\/fjala.info\/2009-2015\/rajerson-berisha-e-meriton-pensionin\/#primaryimage"},"image":{"@id":"https:\/\/fjala.info\/2009-2015\/rajerson-berisha-e-meriton-pensionin\/#primaryimage"},"thumbnailUrl":"http:\/\/www.shkoder.net\/images\/fjala\/2011\/ryerson.jpg","datePublished":"2011-09-23T08:19:23+00:00","breadcrumb":{"@id":"https:\/\/fjala.info\/2009-2015\/rajerson-berisha-e-meriton-pensionin\/#breadcrumb"},"inLanguage":"sq-AL","potentialAction":[{"@type":"ReadAction","target":["https:\/\/fjala.info\/2009-2015\/rajerson-berisha-e-meriton-pensionin\/"]}]},{"@type":"ImageObject","inLanguage":"sq-AL","@id":"https:\/\/fjala.info\/2009-2015\/rajerson-berisha-e-meriton-pensionin\/#primaryimage","url":"http:\/\/www.shkoder.net\/images\/fjala\/2011\/ryerson.jpg","contentUrl":"http:\/\/www.shkoder.net\/images\/fjala\/2011\/ryerson.jpg"},{"@type":"BreadcrumbList","@id":"https:\/\/fjala.info\/2009-2015\/rajerson-berisha-e-meriton-pensionin\/#breadcrumb","itemListElement":[{"@type":"ListItem","position":1,"name":"Home","item":"https:\/\/fjala.info\/2009-2015\/"},{"@type":"ListItem","position":2,"name":"Rajerson: Berisha e meriton pensionin"}]},{"@type":"WebSite","@id":"https:\/\/fjala.info\/2009-2015\/#website","url":"https:\/\/fjala.info\/2009-2015\/","name":"FjALA e LIR\u00cb - Arkivi","description":"Arkivi 2009-2015","publisher":{"@id":"https:\/\/fjala.info\/2009-2015\/#organization"},"potentialAction":[{"@type":"SearchAction","target":{"@type":"EntryPoint","urlTemplate":"https:\/\/fjala.info\/2009-2015\/?s={search_term_string}"},"query-input":{"@type":"PropertyValueSpecification","valueRequired":true,"valueName":"search_term_string"}}],"inLanguage":"sq-AL"},{"@type":"Organization","@id":"https:\/\/fjala.info\/2009-2015\/#organization","name":"FjALA e LIR\u00cb - Arkivi","url":"https:\/\/fjala.info\/2009-2015\/","logo":{"@type":"ImageObject","inLanguage":"sq-AL","@id":"https:\/\/fjala.info\/2009-2015\/#\/schema\/logo\/image\/","url":"","contentUrl":"","caption":"FjALA e LIR\u00cb - Arkivi"},"image":{"@id":"https:\/\/fjala.info\/2009-2015\/#\/schema\/logo\/image\/"}},{"@type":"Person","@id":"https:\/\/fjala.info\/2009-2015\/#\/schema\/person\/3aa1163ef05469c496fc94e77611ada2","name":"admin","image":{"@type":"ImageObject","inLanguage":"sq-AL","@id":"https:\/\/fjala.info\/2009-2015\/wp-content\/uploads\/2012\/02\/arben_cokaj-120x150.jpg","url":"https:\/\/fjala.info\/2009-2015\/wp-content\/uploads\/2012\/02\/arben_cokaj-120x150.jpg","contentUrl":"https:\/\/fjala.info\/2009-2015\/wp-content\/uploads\/2012\/02\/arben_cokaj-120x150.jpg","caption":"admin"},"description":"Admin, Fjala e Lir\u00eb","sameAs":["https:\/\/fjala.info\/"],"url":"https:\/\/fjala.info\/2009-2015\/author\/admin\/"}]}},"_links":{"self":[{"href":"https:\/\/fjala.info\/2009-2015\/wp-json\/wp\/v2\/posts\/10699","targetHints":{"allow":["GET"]}}],"collection":[{"href":"https:\/\/fjala.info\/2009-2015\/wp-json\/wp\/v2\/posts"}],"about":[{"href":"https:\/\/fjala.info\/2009-2015\/wp-json\/wp\/v2\/types\/post"}],"author":[{"embeddable":true,"href":"https:\/\/fjala.info\/2009-2015\/wp-json\/wp\/v2\/users\/1"}],"replies":[{"embeddable":true,"href":"https:\/\/fjala.info\/2009-2015\/wp-json\/wp\/v2\/comments?post=10699"}],"version-history":[{"count":0,"href":"https:\/\/fjala.info\/2009-2015\/wp-json\/wp\/v2\/posts\/10699\/revisions"}],"wp:attachment":[{"href":"https:\/\/fjala.info\/2009-2015\/wp-json\/wp\/v2\/media?parent=10699"}],"wp:term":[{"taxonomy":"category","embeddable":true,"href":"https:\/\/fjala.info\/2009-2015\/wp-json\/wp\/v2\/categories?post=10699"},{"taxonomy":"post_tag","embeddable":true,"href":"https:\/\/fjala.info\/2009-2015\/wp-json\/wp\/v2\/tags?post=10699"}],"curies":[{"name":"wp","href":"https:\/\/api.w.org\/{rel}","templated":true}]}}