{"id":10646,"date":"2011-09-27T09:16:27","date_gmt":"2011-09-27T08:16:27","guid":{"rendered":"http:\/\/fjala.shkoder.net\/?p=10646"},"modified":"2011-09-27T09:16:27","modified_gmt":"2011-09-27T08:16:27","slug":"shkoder-u-promovue-libri-oazi-i-arte-i-gjuhadolit","status":"publish","type":"post","link":"https:\/\/fjala.info\/2009-2015\/shkoder-u-promovue-libri-oazi-i-arte-i-gjuhadolit\/","title":{"rendered":"Shkoder: U promovue libri \u201c OAZI I ART\u00cb I GJUHADOLIT\u201d"},"content":{"rendered":"<p><img decoding=\"async\" class=\"alignleft size-thumbnail wp-image-7236\" title=\"Gjon Stefa Missaglit\" src=\"http:\/\/www.shkoder.net\/images\/fjala\/2011\/gjon_stefa_missaglit.jpg\" alt=\"\" width=\"200\" \/> T\u00eb dielen, dt. 18 shtator 2011, tek Kisha e Motrave Stigmatine t\u00eb Shkodres, Famullia e \u201cShen Shtjefnit\u201d Shkoder dhe Biblioteka publike \u201cMarin Barleti\u201d, promovuen librin \u201cOazi i Art\u00eb i Gjuhadolit\u201d t\u00eb Gjon Stefa Missaglit.<\/p>\n<p>Promovimi ishte i nji natyre t\u00eb ve\u00e7ant\u00eb nga ana nd\u00ebrtimore. Ajo u paraqit si n\u00eb anen shkencore t\u00eb trajtimit t\u00eb disa kapitujve t\u00eb k\u00ebtij libri si:<\/p>\n<p>1* Atdhetar\u00eb e politikan\u00eb n\u00eb \u201c Oazin e Art\u00eb t\u00eb Gjuhadolit\u201d ligj\u00ebrues Dr. Rokin Daberdaku.<br \/>\n2* Klerik\u00eb e rregulltar\u00eb n\u00eb \u201cOazin e Art\u00eb t\u00eb Gjuhadolit\u201d ligj\u00ebrues Dom Gjovalin Sukaj.<br \/>\n3* Shkrimtar\u00ebt n\u00eb \u201cOazin e Art\u00eb t\u00eb Gjuhadolit\u201d ligj\u00ebrues Prof. Alfred \u00c7apaliku.<br \/>\n4* Piktor\u00ebt n\u00eb \u201c Oazin e Art\u00eb t\u00eb Gjuhadolit\u201d ligj\u00ebrues piktori Zef Paci,<br \/>\n5* Jeta kulturore n\u00eb \u201cOazin e Art\u00eb t\u00eb Gjuhadolit\u201d ligj\u00ebrues Gjovalin \u00c7uni.<br \/>\n6* Korpusi i muzik\u00ebs s\u00eb kultivueme shqiptare n\u00eb botimin e librit. Ligjertues Gjon Shllaku.<\/p>\n<p><img decoding=\"async\" class=\"alignright size-thumbnail wp-image-7236\" title=\"Gjovalin \u00c7uni\" src=\"http:\/\/www.shkoder.net\/images\/fjala\/2011\/gjovalin_cuni.jpg\" alt=\"\" width=\"200\" \/><\/p>\n<p>Gjithashtu promovime, qe i nd\u00ebrthurun me nd\u00ebrhymje t\u00eb larmishme artistike tue shfryt\u00ebzue krijimtarin\u00eb e autor\u00ebve q\u00eb jan\u00eb trajtue brenda n\u00eb k\u00ebte liber si:<br \/>\n7* Interpretime t\u00eb poezive t\u00eb prezentueme me mjeshtri nga Merita Smaja,Gjon Kola e Ornela Zmalaj.<br \/>\n8* Nd\u00ebrhymje humoristike nga dyshja Qazim \u00c7ela e Gac Kodrina.<br \/>\n9* Interpretime vokale nga Kori \u201cPrenk Jakova\u201d n\u00ebn drejtimin e maestro Gjon Shllakut.<\/p>\n<p>N\u00eb mbyllje, autori i librit Gjon Stefa, mbasi fal\u00ebnderoi ligj\u00ebruesit p\u00ebr analiz\u00ebn e bame e fjal\u00ebt e mira q\u00eb fol\u00ebn,u ndal n\u00eb rreshtimin edhe t\u00eb disa kapitujve t\u00eb tjer\u00eb q\u00eb jan\u00eb n\u00eb liber po n\u00eb pamund\u00ebsi trajtimi, po q\u00eb jan\u00eb jo ma pak t\u00eb vlefsh\u00ebm e interesant si: bashk\u00ebsit\u00eb fetare, m\u00ebsimdh\u00ebn\u00ebsit, n\u00eb artin skenik, sportist\u00ebt, n\u00eb mjek\u00ebsi, n\u00eb llojshm\u00ebrin\u00eb profesionale, koleksionist\u00ebt, t\u00eb perspektiv\u00ebs, humorist\u00ebt si dhe t\u00eb ve\u00e7antat e Oazit t\u00eb Gjuhadolit.<\/p>\n<p>Mbasi, fal\u00ebnderoi t\u00eb gjith\u00eb pjes\u00ebmarr\u00ebsit tue ve\u00e7ue nderimin e bam nga Prefekti i Shkodres Z. Maxhid Cungun,Kryetarin e Qarkut t\u00eb Shkodres Z. Gjovalin Kolombin,p\u00ebrfaq\u00ebsuesin e fes\u00eb islame Haxhi Fevzi Zaganjori si dhe nji fal\u00ebnderim t\u00eb ve\u00e7ant p\u00ebr Famullitarin e Shkodres Dom Gjovalin Suken q\u00eb qe s\u00eb bashku me Z. Ferdinand Melguzhin, president t\u00eb firmes \u201cMelguzhi\u201d, qen\u00eb sponsorizuesit q\u00eb mund\u00ebsuen k\u00ebte veprimtari t\u00eb bukur.<\/p>\n<p>Falnderoi gjithashtu dhe t\u00eb gjith\u00eb ato q\u00eb kontribuene n\u00eb k\u00ebte veprimtari si dhe ato q\u00eb e kurajuen dhe e ushqyene me materiale informative n\u00eb pasurimin e librit si t\u00eb moshuemit Ndoc Gurashin, Mark Palin, Pjerin Palin, dhe Alfred Daberdakun, Gjon Shllakun, Viktor Jubanin etj. si ndihmen kompjuterike t\u00eb Florjan Kurtit.<\/p>\n<p>Libri \u201cOazi i Art\u00eb i Gjuhadolit\u201d \u2013 V\u00ebshtrim panoramik historik- tenton t\u00eb jet\u00eb nji enciklopedi e vogel territoriale e cila evidenton vlerat e nji pjese t\u00eb vog\u00ebl t\u00eb qytetit zamadh t\u00eb Shkodr\u00ebs,n\u00ebp\u00ebrmes 123 portretizimeve t\u00eb cil\u00ebt i dhan\u00eb k\u00ebte shkelqim t\u00eb art\u00eb jo vet\u00ebm Oazit,qytetit t\u00eb Shkodres,po duhet pranue,se ato rrezatuen edhe n\u00eb rrang komb\u00ebtar e nd\u00ebrkomb\u00ebtar. Libri ka 520 faqe dhe shoqnohet dhe me album fotografik prej 26 faqesh.<\/p>\n<p>Autori pohon:\u201c Ajo q\u00eb na shtyni t\u00eb hartoi k\u00ebt\u00eb lib\u00ebr modest si nji v\u00ebshtrim panoramik historik, asht q\u00eb t\u00eb kontribuoj sadopak, si qytetar dhe banor i k\u00ebsaj lagjeje q\u00eb shum\u00eb prej figurave dhe vlerave qi mbartin ato t\u00eb mos fshihet prej harreses s\u00eb koh\u00ebs. P\u00ebr hater s\u00eb vertetes, ka qen\u00eb nji obligim qi k\u00ebrkonte guxim, lodhje, k\u00ebmb\u00ebngulje dhe investim kohor\u00eb dhe financiar p\u00ebr t\u00eb arritun sa do pak q\u00ebllimin e pasqyrimit sa ma sakt\u00eb, sa ma shum\u00eb, sa ma bukur t\u00eb copave t\u00eb historis\u00eb dhe t\u00eb jet\u00ebs s\u00eb k\u00ebtyre banor\u00ebve t\u00eb shquem.<\/p>\n<p>Jena t\u00eb nd\u00ebrgjegj\u00ebsuem se libri ka hapsina boshe t\u00eb pa mbushuna,p\u00ebr munges\u00eb informacioni. Kjo me q\u00eb tashma gjinden pak d\u00ebshmitar\u00eb t\u00eb gjall\u00eb t\u00eb koh\u00ebs s\u00eb shkueme dhe se mua kaq mu dha mund\u00ebsia me ba,por jo p\u00ebr munges\u00eb vullneti apo paragjykimi. N\u00eb t\u00eb ardhmen,shpresojm\u00eb t\u00eb kena nji ribotim q\u00eb t\u00eb mbushi boshll\u00ebqet si dhe do t\u00eb baj\u00eb korrigjimet e verejtuna.<\/p>\n<p>Pregatiti Paul Tedeschini<br \/>\nPublikue ne http:\/\/kosova.albemigrant.com\/?p=35144<\/p>\n","protected":false},"excerpt":{"rendered":"<p>T\u00eb dielen, dt. 18 shtator 2011, tek Kisha e Motrave Stigmatine t\u00eb Shkodres, Famullia e \u201cShen Shtjefnit\u201d Shkoder dhe Biblioteka publike \u201cMarin Barleti\u201d, promovuen librin \u201cOazi i Art\u00eb i Gjuhadolit\u201d t\u00eb Gjon Stefa Missaglit. Promovimi ishte i nji natyre t\u00eb ve\u00e7ant\u00eb nga ana nd\u00ebrtimore. Ajo u paraqit si n\u00eb anen shkencore t\u00eb trajtimit t\u00eb disa [&hellip;]<\/p>\n","protected":false},"author":1,"featured_media":0,"comment_status":"open","ping_status":"closed","sticky":false,"template":"","format":"standard","meta":{"footnotes":""},"categories":[2,5],"tags":[],"class_list":{"0":"post-10646","1":"post","2":"type-post","3":"status-publish","4":"format-standard","6":"category-artikuj","7":"category-lajme"},"yoast_head":"<!-- This site is optimized with the Yoast SEO plugin v27.4 - https:\/\/yoast.com\/product\/yoast-seo-wordpress\/ -->\n<title>Shkoder: U promovue libri \u201c OAZI I ART\u00cb I GJUHADOLIT\u201d - FjALA e LIR\u00cb - Arkivi<\/title>\n<meta name=\"robots\" content=\"index, follow, max-snippet:-1, max-image-preview:large, max-video-preview:-1\" \/>\n<link rel=\"canonical\" href=\"https:\/\/fjala.info\/2009-2015\/shkoder-u-promovue-libri-oazi-i-arte-i-gjuhadolit\/\" \/>\n<meta property=\"og:locale\" content=\"sq_AL\" \/>\n<meta property=\"og:type\" content=\"article\" \/>\n<meta property=\"og:title\" content=\"Shkoder: U promovue libri \u201c OAZI I ART\u00cb I GJUHADOLIT\u201d - FjALA e LIR\u00cb - Arkivi\" \/>\n<meta property=\"og:description\" content=\"T\u00eb dielen, dt. 18 shtator 2011, tek Kisha e Motrave Stigmatine t\u00eb Shkodres, Famullia e \u201cShen Shtjefnit\u201d Shkoder dhe Biblioteka publike \u201cMarin Barleti\u201d, promovuen librin \u201cOazi i Art\u00eb i Gjuhadolit\u201d t\u00eb Gjon Stefa Missaglit. Promovimi ishte i nji natyre t\u00eb ve\u00e7ant\u00eb nga ana nd\u00ebrtimore. Ajo u paraqit si n\u00eb anen shkencore t\u00eb trajtimit t\u00eb disa [&hellip;]\" \/>\n<meta property=\"og:url\" content=\"https:\/\/fjala.info\/2009-2015\/shkoder-u-promovue-libri-oazi-i-arte-i-gjuhadolit\/\" \/>\n<meta property=\"og:site_name\" content=\"FjALA e LIR\u00cb - Arkivi\" \/>\n<meta property=\"article:published_time\" content=\"2011-09-27T08:16:27+00:00\" \/>\n<meta property=\"og:image\" content=\"http:\/\/www.shkoder.net\/images\/fjala\/2011\/gjon_stefa_missaglit.jpg\" \/>\n<meta name=\"author\" content=\"admin\" \/>\n<meta name=\"twitter:card\" content=\"summary_large_image\" \/>\n<meta name=\"twitter:label1\" content=\"Written by\" \/>\n\t<meta name=\"twitter:data1\" content=\"admin\" \/>\n\t<meta name=\"twitter:label2\" content=\"Est. reading time\" \/>\n\t<meta name=\"twitter:data2\" content=\"3 minutes\" \/>\n<script type=\"application\/ld+json\" class=\"yoast-schema-graph\">{\"@context\":\"https:\\\/\\\/schema.org\",\"@graph\":[{\"@type\":\"Article\",\"@id\":\"https:\\\/\\\/fjala.info\\\/2009-2015\\\/shkoder-u-promovue-libri-oazi-i-arte-i-gjuhadolit\\\/#article\",\"isPartOf\":{\"@id\":\"https:\\\/\\\/fjala.info\\\/2009-2015\\\/shkoder-u-promovue-libri-oazi-i-arte-i-gjuhadolit\\\/\"},\"author\":{\"name\":\"admin\",\"@id\":\"https:\\\/\\\/fjala.info\\\/2009-2015\\\/#\\\/schema\\\/person\\\/3aa1163ef05469c496fc94e77611ada2\"},\"headline\":\"Shkoder: U promovue libri \u201c OAZI I ART\u00cb I GJUHADOLIT\u201d\",\"datePublished\":\"2011-09-27T08:16:27+00:00\",\"mainEntityOfPage\":{\"@id\":\"https:\\\/\\\/fjala.info\\\/2009-2015\\\/shkoder-u-promovue-libri-oazi-i-arte-i-gjuhadolit\\\/\"},\"wordCount\":703,\"commentCount\":0,\"publisher\":{\"@id\":\"https:\\\/\\\/fjala.info\\\/2009-2015\\\/#organization\"},\"image\":{\"@id\":\"https:\\\/\\\/fjala.info\\\/2009-2015\\\/shkoder-u-promovue-libri-oazi-i-arte-i-gjuhadolit\\\/#primaryimage\"},\"thumbnailUrl\":\"http:\\\/\\\/www.shkoder.net\\\/images\\\/fjala\\\/2011\\\/gjon_stefa_missaglit.jpg\",\"articleSection\":[\"Artikuj\",\"Lajme\"],\"inLanguage\":\"sq-AL\",\"potentialAction\":[{\"@type\":\"CommentAction\",\"name\":\"Comment\",\"target\":[\"https:\\\/\\\/fjala.info\\\/2009-2015\\\/shkoder-u-promovue-libri-oazi-i-arte-i-gjuhadolit\\\/#respond\"]}]},{\"@type\":\"WebPage\",\"@id\":\"https:\\\/\\\/fjala.info\\\/2009-2015\\\/shkoder-u-promovue-libri-oazi-i-arte-i-gjuhadolit\\\/\",\"url\":\"https:\\\/\\\/fjala.info\\\/2009-2015\\\/shkoder-u-promovue-libri-oazi-i-arte-i-gjuhadolit\\\/\",\"name\":\"Shkoder: U promovue libri \u201c OAZI I ART\u00cb I GJUHADOLIT\u201d - FjALA e LIR\u00cb - Arkivi\",\"isPartOf\":{\"@id\":\"https:\\\/\\\/fjala.info\\\/2009-2015\\\/#website\"},\"primaryImageOfPage\":{\"@id\":\"https:\\\/\\\/fjala.info\\\/2009-2015\\\/shkoder-u-promovue-libri-oazi-i-arte-i-gjuhadolit\\\/#primaryimage\"},\"image\":{\"@id\":\"https:\\\/\\\/fjala.info\\\/2009-2015\\\/shkoder-u-promovue-libri-oazi-i-arte-i-gjuhadolit\\\/#primaryimage\"},\"thumbnailUrl\":\"http:\\\/\\\/www.shkoder.net\\\/images\\\/fjala\\\/2011\\\/gjon_stefa_missaglit.jpg\",\"datePublished\":\"2011-09-27T08:16:27+00:00\",\"breadcrumb\":{\"@id\":\"https:\\\/\\\/fjala.info\\\/2009-2015\\\/shkoder-u-promovue-libri-oazi-i-arte-i-gjuhadolit\\\/#breadcrumb\"},\"inLanguage\":\"sq-AL\",\"potentialAction\":[{\"@type\":\"ReadAction\",\"target\":[\"https:\\\/\\\/fjala.info\\\/2009-2015\\\/shkoder-u-promovue-libri-oazi-i-arte-i-gjuhadolit\\\/\"]}]},{\"@type\":\"ImageObject\",\"inLanguage\":\"sq-AL\",\"@id\":\"https:\\\/\\\/fjala.info\\\/2009-2015\\\/shkoder-u-promovue-libri-oazi-i-arte-i-gjuhadolit\\\/#primaryimage\",\"url\":\"http:\\\/\\\/www.shkoder.net\\\/images\\\/fjala\\\/2011\\\/gjon_stefa_missaglit.jpg\",\"contentUrl\":\"http:\\\/\\\/www.shkoder.net\\\/images\\\/fjala\\\/2011\\\/gjon_stefa_missaglit.jpg\"},{\"@type\":\"BreadcrumbList\",\"@id\":\"https:\\\/\\\/fjala.info\\\/2009-2015\\\/shkoder-u-promovue-libri-oazi-i-arte-i-gjuhadolit\\\/#breadcrumb\",\"itemListElement\":[{\"@type\":\"ListItem\",\"position\":1,\"name\":\"Home\",\"item\":\"https:\\\/\\\/fjala.info\\\/2009-2015\\\/\"},{\"@type\":\"ListItem\",\"position\":2,\"name\":\"Shkoder: U promovue libri \u201c OAZI I ART\u00cb I GJUHADOLIT\u201d\"}]},{\"@type\":\"WebSite\",\"@id\":\"https:\\\/\\\/fjala.info\\\/2009-2015\\\/#website\",\"url\":\"https:\\\/\\\/fjala.info\\\/2009-2015\\\/\",\"name\":\"FjALA e LIR\u00cb - Arkivi\",\"description\":\"Arkivi 2009-2015\",\"publisher\":{\"@id\":\"https:\\\/\\\/fjala.info\\\/2009-2015\\\/#organization\"},\"potentialAction\":[{\"@type\":\"SearchAction\",\"target\":{\"@type\":\"EntryPoint\",\"urlTemplate\":\"https:\\\/\\\/fjala.info\\\/2009-2015\\\/?s={search_term_string}\"},\"query-input\":{\"@type\":\"PropertyValueSpecification\",\"valueRequired\":true,\"valueName\":\"search_term_string\"}}],\"inLanguage\":\"sq-AL\"},{\"@type\":\"Organization\",\"@id\":\"https:\\\/\\\/fjala.info\\\/2009-2015\\\/#organization\",\"name\":\"FjALA e LIR\u00cb - Arkivi\",\"url\":\"https:\\\/\\\/fjala.info\\\/2009-2015\\\/\",\"logo\":{\"@type\":\"ImageObject\",\"inLanguage\":\"sq-AL\",\"@id\":\"https:\\\/\\\/fjala.info\\\/2009-2015\\\/#\\\/schema\\\/logo\\\/image\\\/\",\"url\":\"\",\"contentUrl\":\"\",\"caption\":\"FjALA e LIR\u00cb - Arkivi\"},\"image\":{\"@id\":\"https:\\\/\\\/fjala.info\\\/2009-2015\\\/#\\\/schema\\\/logo\\\/image\\\/\"}},{\"@type\":\"Person\",\"@id\":\"https:\\\/\\\/fjala.info\\\/2009-2015\\\/#\\\/schema\\\/person\\\/3aa1163ef05469c496fc94e77611ada2\",\"name\":\"admin\",\"image\":{\"@type\":\"ImageObject\",\"inLanguage\":\"sq-AL\",\"@id\":\"https:\\\/\\\/fjala.info\\\/2009-2015\\\/wp-content\\\/uploads\\\/2012\\\/02\\\/arben_cokaj-120x150.jpg\",\"url\":\"https:\\\/\\\/fjala.info\\\/2009-2015\\\/wp-content\\\/uploads\\\/2012\\\/02\\\/arben_cokaj-120x150.jpg\",\"contentUrl\":\"https:\\\/\\\/fjala.info\\\/2009-2015\\\/wp-content\\\/uploads\\\/2012\\\/02\\\/arben_cokaj-120x150.jpg\",\"caption\":\"admin\"},\"description\":\"Admin, Fjala e Lir\u00eb\",\"sameAs\":[\"https:\\\/\\\/fjala.info\\\/\"],\"url\":\"https:\\\/\\\/fjala.info\\\/2009-2015\\\/author\\\/admin\\\/\"}]}<\/script>\n<!-- \/ Yoast SEO plugin. -->","yoast_head_json":{"title":"Shkoder: U promovue libri \u201c OAZI I ART\u00cb I GJUHADOLIT\u201d - FjALA e LIR\u00cb - Arkivi","robots":{"index":"index","follow":"follow","max-snippet":"max-snippet:-1","max-image-preview":"max-image-preview:large","max-video-preview":"max-video-preview:-1"},"canonical":"https:\/\/fjala.info\/2009-2015\/shkoder-u-promovue-libri-oazi-i-arte-i-gjuhadolit\/","og_locale":"sq_AL","og_type":"article","og_title":"Shkoder: U promovue libri \u201c OAZI I ART\u00cb I GJUHADOLIT\u201d - FjALA e LIR\u00cb - Arkivi","og_description":"T\u00eb dielen, dt. 18 shtator 2011, tek Kisha e Motrave Stigmatine t\u00eb Shkodres, Famullia e \u201cShen Shtjefnit\u201d Shkoder dhe Biblioteka publike \u201cMarin Barleti\u201d, promovuen librin \u201cOazi i Art\u00eb i Gjuhadolit\u201d t\u00eb Gjon Stefa Missaglit. Promovimi ishte i nji natyre t\u00eb ve\u00e7ant\u00eb nga ana nd\u00ebrtimore. Ajo u paraqit si n\u00eb anen shkencore t\u00eb trajtimit t\u00eb disa [&hellip;]","og_url":"https:\/\/fjala.info\/2009-2015\/shkoder-u-promovue-libri-oazi-i-arte-i-gjuhadolit\/","og_site_name":"FjALA e LIR\u00cb - Arkivi","article_published_time":"2011-09-27T08:16:27+00:00","og_image":[{"url":"http:\/\/www.shkoder.net\/images\/fjala\/2011\/gjon_stefa_missaglit.jpg","type":"","width":"","height":""}],"author":"admin","twitter_card":"summary_large_image","twitter_misc":{"Written by":"admin","Est. reading time":"3 minutes"},"schema":{"@context":"https:\/\/schema.org","@graph":[{"@type":"Article","@id":"https:\/\/fjala.info\/2009-2015\/shkoder-u-promovue-libri-oazi-i-arte-i-gjuhadolit\/#article","isPartOf":{"@id":"https:\/\/fjala.info\/2009-2015\/shkoder-u-promovue-libri-oazi-i-arte-i-gjuhadolit\/"},"author":{"name":"admin","@id":"https:\/\/fjala.info\/2009-2015\/#\/schema\/person\/3aa1163ef05469c496fc94e77611ada2"},"headline":"Shkoder: U promovue libri \u201c OAZI I ART\u00cb I GJUHADOLIT\u201d","datePublished":"2011-09-27T08:16:27+00:00","mainEntityOfPage":{"@id":"https:\/\/fjala.info\/2009-2015\/shkoder-u-promovue-libri-oazi-i-arte-i-gjuhadolit\/"},"wordCount":703,"commentCount":0,"publisher":{"@id":"https:\/\/fjala.info\/2009-2015\/#organization"},"image":{"@id":"https:\/\/fjala.info\/2009-2015\/shkoder-u-promovue-libri-oazi-i-arte-i-gjuhadolit\/#primaryimage"},"thumbnailUrl":"http:\/\/www.shkoder.net\/images\/fjala\/2011\/gjon_stefa_missaglit.jpg","articleSection":["Artikuj","Lajme"],"inLanguage":"sq-AL","potentialAction":[{"@type":"CommentAction","name":"Comment","target":["https:\/\/fjala.info\/2009-2015\/shkoder-u-promovue-libri-oazi-i-arte-i-gjuhadolit\/#respond"]}]},{"@type":"WebPage","@id":"https:\/\/fjala.info\/2009-2015\/shkoder-u-promovue-libri-oazi-i-arte-i-gjuhadolit\/","url":"https:\/\/fjala.info\/2009-2015\/shkoder-u-promovue-libri-oazi-i-arte-i-gjuhadolit\/","name":"Shkoder: U promovue libri \u201c OAZI I ART\u00cb I GJUHADOLIT\u201d - FjALA e LIR\u00cb - Arkivi","isPartOf":{"@id":"https:\/\/fjala.info\/2009-2015\/#website"},"primaryImageOfPage":{"@id":"https:\/\/fjala.info\/2009-2015\/shkoder-u-promovue-libri-oazi-i-arte-i-gjuhadolit\/#primaryimage"},"image":{"@id":"https:\/\/fjala.info\/2009-2015\/shkoder-u-promovue-libri-oazi-i-arte-i-gjuhadolit\/#primaryimage"},"thumbnailUrl":"http:\/\/www.shkoder.net\/images\/fjala\/2011\/gjon_stefa_missaglit.jpg","datePublished":"2011-09-27T08:16:27+00:00","breadcrumb":{"@id":"https:\/\/fjala.info\/2009-2015\/shkoder-u-promovue-libri-oazi-i-arte-i-gjuhadolit\/#breadcrumb"},"inLanguage":"sq-AL","potentialAction":[{"@type":"ReadAction","target":["https:\/\/fjala.info\/2009-2015\/shkoder-u-promovue-libri-oazi-i-arte-i-gjuhadolit\/"]}]},{"@type":"ImageObject","inLanguage":"sq-AL","@id":"https:\/\/fjala.info\/2009-2015\/shkoder-u-promovue-libri-oazi-i-arte-i-gjuhadolit\/#primaryimage","url":"http:\/\/www.shkoder.net\/images\/fjala\/2011\/gjon_stefa_missaglit.jpg","contentUrl":"http:\/\/www.shkoder.net\/images\/fjala\/2011\/gjon_stefa_missaglit.jpg"},{"@type":"BreadcrumbList","@id":"https:\/\/fjala.info\/2009-2015\/shkoder-u-promovue-libri-oazi-i-arte-i-gjuhadolit\/#breadcrumb","itemListElement":[{"@type":"ListItem","position":1,"name":"Home","item":"https:\/\/fjala.info\/2009-2015\/"},{"@type":"ListItem","position":2,"name":"Shkoder: U promovue libri \u201c OAZI I ART\u00cb I GJUHADOLIT\u201d"}]},{"@type":"WebSite","@id":"https:\/\/fjala.info\/2009-2015\/#website","url":"https:\/\/fjala.info\/2009-2015\/","name":"FjALA e LIR\u00cb - Arkivi","description":"Arkivi 2009-2015","publisher":{"@id":"https:\/\/fjala.info\/2009-2015\/#organization"},"potentialAction":[{"@type":"SearchAction","target":{"@type":"EntryPoint","urlTemplate":"https:\/\/fjala.info\/2009-2015\/?s={search_term_string}"},"query-input":{"@type":"PropertyValueSpecification","valueRequired":true,"valueName":"search_term_string"}}],"inLanguage":"sq-AL"},{"@type":"Organization","@id":"https:\/\/fjala.info\/2009-2015\/#organization","name":"FjALA e LIR\u00cb - Arkivi","url":"https:\/\/fjala.info\/2009-2015\/","logo":{"@type":"ImageObject","inLanguage":"sq-AL","@id":"https:\/\/fjala.info\/2009-2015\/#\/schema\/logo\/image\/","url":"","contentUrl":"","caption":"FjALA e LIR\u00cb - Arkivi"},"image":{"@id":"https:\/\/fjala.info\/2009-2015\/#\/schema\/logo\/image\/"}},{"@type":"Person","@id":"https:\/\/fjala.info\/2009-2015\/#\/schema\/person\/3aa1163ef05469c496fc94e77611ada2","name":"admin","image":{"@type":"ImageObject","inLanguage":"sq-AL","@id":"https:\/\/fjala.info\/2009-2015\/wp-content\/uploads\/2012\/02\/arben_cokaj-120x150.jpg","url":"https:\/\/fjala.info\/2009-2015\/wp-content\/uploads\/2012\/02\/arben_cokaj-120x150.jpg","contentUrl":"https:\/\/fjala.info\/2009-2015\/wp-content\/uploads\/2012\/02\/arben_cokaj-120x150.jpg","caption":"admin"},"description":"Admin, Fjala e Lir\u00eb","sameAs":["https:\/\/fjala.info\/"],"url":"https:\/\/fjala.info\/2009-2015\/author\/admin\/"}]}},"_links":{"self":[{"href":"https:\/\/fjala.info\/2009-2015\/wp-json\/wp\/v2\/posts\/10646","targetHints":{"allow":["GET"]}}],"collection":[{"href":"https:\/\/fjala.info\/2009-2015\/wp-json\/wp\/v2\/posts"}],"about":[{"href":"https:\/\/fjala.info\/2009-2015\/wp-json\/wp\/v2\/types\/post"}],"author":[{"embeddable":true,"href":"https:\/\/fjala.info\/2009-2015\/wp-json\/wp\/v2\/users\/1"}],"replies":[{"embeddable":true,"href":"https:\/\/fjala.info\/2009-2015\/wp-json\/wp\/v2\/comments?post=10646"}],"version-history":[{"count":0,"href":"https:\/\/fjala.info\/2009-2015\/wp-json\/wp\/v2\/posts\/10646\/revisions"}],"wp:attachment":[{"href":"https:\/\/fjala.info\/2009-2015\/wp-json\/wp\/v2\/media?parent=10646"}],"wp:term":[{"taxonomy":"category","embeddable":true,"href":"https:\/\/fjala.info\/2009-2015\/wp-json\/wp\/v2\/categories?post=10646"},{"taxonomy":"post_tag","embeddable":true,"href":"https:\/\/fjala.info\/2009-2015\/wp-json\/wp\/v2\/tags?post=10646"}],"curies":[{"name":"wp","href":"https:\/\/api.w.org\/{rel}","templated":true}]}}