{"id":10636,"date":"2011-09-26T10:20:52","date_gmt":"2011-09-26T09:20:52","guid":{"rendered":"http:\/\/fjala.shkoder.net\/?p=10636"},"modified":"2011-09-26T10:20:52","modified_gmt":"2011-09-26T09:20:52","slug":"tregimi-per-gomarin-perballe-kombit-te-rrezikuar","status":"publish","type":"post","link":"https:\/\/fjala.info\/2009-2015\/tregimi-per-gomarin-perballe-kombit-te-rrezikuar\/","title":{"rendered":"Tregimi p\u00ebr gomarin p\u00ebrball\u00eb kombit t\u00eb rrezikuar"},"content":{"rendered":"<p><img decoding=\"async\" class=\"alignright size-thumbnail wp-image-7236\" title=\"Flamuri komb\u00ebtar\" src=\"http:\/\/www.shkoder.net\/images\/fjala\/2011\/flamuri_kombetar.jpg\" alt=\"\" width=\"300\" \/> Nga <strong>Ndue Ukaj<\/strong><\/p>\n<p>Oratori i famsh\u00ebm Demosteni, duke mbajt nj\u00eb fjalim t\u00eb zjarrt\u00eb n\u00eb parlamentin e Athin\u00ebs, me fjal\u00ebn e vet magjike, u fliste athinasve mbi shp\u00ebtimin dhe lirin\u00eb e shtetit t\u00eb rrezikuar. D\u00ebgjuesit s\u2019 ishin t\u00eb interesuar p\u00ebr fjalimin e tij: disa koteshin, t\u00eb tjer\u00ebt gog\u00ebsinin, e do t\u00eb tjer\u00eb flisnin. Me t\u00eb hetuar k\u00ebt\u00eb gj\u00eb, Demosteni e nd\u00ebrpreu fjalimin e vet t\u00eb mrekulluesh\u00ebm dhe e paralajm\u00ebroi nj\u00eb tregim mbi gomarin. P\u00ebrnj\u00ebher\u00eb u krijua nj\u00eb heshtje mortore dhe njer\u00ebzit filluan t\u2019i hapnin vesh\u00ebt e t\u00eb d\u00ebgjoni tregimin mbi gomarin, sikur prej tij t\u00eb varej fati dhe liria e Athin\u00ebs.<\/p>\n<p>P\u00ebrball\u00eb sfidave t\u00eb shum\u00ebfishta dhe debateve t\u00eb polarizuara, shqiptar\u00ebt tash d\u00ebgjojn\u00eb gjithfar\u00eb tregimesh p\u00ebr kombin, e m\u00eb s\u00eb shumti at\u00eb p\u00ebr gomarin. Mir\u00ebpo, ata m\u00eb shum\u00eb se kurr\u00eb, kan\u00eb nevoj\u00eb t\u2019i mbyllin vesh\u00ebt p\u00ebrball\u00eb tregimit p\u00ebr gomarin dhe t\u2019i pastrojn\u00eb vesh\u00ebt kur flitet p\u00ebrnj\u00ebmend p\u00ebr shp\u00ebtimin dhe lirin\u00eb e shtetit t\u00eb rrezikuar.<\/p>\n<p>\u00cbsht\u00eb th\u00ebn\u00eb dhe p\u00ebrs\u00ebritet vazhdimisht se shqiptar\u00ebt jetojn\u00eb n\u00eb nj\u00eb moment tranzicioni t\u00eb st\u00ebrzgjatur. Tashm\u00eb ka nj\u00eb koh\u00eb t\u00eb gjat\u00eb qysh kur p\u00ebrp\u00eblitjet p\u00ebr demokraci vazhdojn\u00eb t\u00eb mbesin shterp, nd\u00ebrkoh\u00eb q\u00eb debatet e pafundme, gjithashtu pa sukses, k\u00ebrkojn\u00eb shkaqet e k\u00ebsaj gjendje vendnum\u00ebrimi. Synimet tona komb\u00ebtare, p\u00ebr t\u00eb send\u00ebrtuar aspiratat e kahershme p\u00ebr nj\u00eb komb t\u00eb fort dhe t\u00eb rikthyer dinjitetsh\u00ebm, n\u00eb shtratin e natyrsh\u00ebm per\u00ebndimor, ende mbesin synime gjysmake, nd\u00ebrkoh\u00eb q\u00eb zhvillimet pozitive jan\u00eb t\u00eb papashme, karshi t\u00eb k\u00ebqijave dhe problemeve t\u00eb shum\u00ebfishta me t\u00eb cilat sfidohemi.<\/p>\n<p>N\u00eb koh\u00eb t\u00eb tilla krizash, inteligjencia duhet t\u00eb jet\u00eb ajo forca motorike q\u00eb orienton shoq\u00ebrin\u00eb, sidomos at\u00ebher\u00eb kur asaj i servohen gjithfar\u00eb modelesh t\u00eb dyshimta dhe pse jo \u00e7orientuese. Inteligjencia e ka p\u00ebr detyr\u00eb q\u00eb t\u00eb ushqej qytetarin nga e v\u00ebrteta dhe t\u00eb priret vazhdimisht nga e v\u00ebrteta, pa ekoivoke dhe ambiguitete t\u00eb d\u00ebmshme.<\/p>\n<p>P\u00ebr t\u00eb shpjeguar kontekstin shqiptar, e ve\u00e7mas at\u00eb t\u00eb Kosov\u00ebs, empirikisht, mund t\u00eb na ndihmoj shembulli shum\u00eb dometh\u00ebn\u00ebs, i cili edhe pse flet p\u00ebr nj\u00eb ndodhi t\u00eb lasht\u00eb n\u00eb Greqin\u00eb antike, me dometh\u00ebnien dhe r\u00ebnd\u00ebsin\u00eb, ting\u00ebllon bukur n\u00eb kontekstin ton\u00eb.<\/p>\n<p>N\u00eb k\u00ebto dit\u00eb p\u00ebrplasjesh t\u00eb ashpra p\u00ebr \u00e7\u00ebshtje kruciale, si\u00e7 \u00ebsht\u00eb identiteti komb\u00ebtar, kemi qen\u00eb d\u00ebshmitar\u00eb t\u00eb nj\u00eb debati t\u00eb ashp\u00ebr, n\u00eb thelbin e s\u00eb cil\u00ebs u shfaq kriza identitetit si \u00e7\u00ebshtje komplekse. N\u00eb k\u00ebt\u00eb koh\u00eb, inteligjencia, e sidomos ajo q\u00eb mund t\u00eb cil\u00ebsohet si \u201czyrtare\u201d ka fut vesh\u00ebt n\u00eb lesh dhe sorollatet posht\u00eb e lart, e vet\u00ebk\u00ebnaqur se ekziston, duke mos e kuptuar se asnj\u00eb fenomen, njeri apo l\u00ebvizje, nuk e ka vler\u00ebn apriori, n\u00ebse at\u00eb nuk e arsyeton, krijon dhe promovon.<\/p>\n<p>Shqiptar\u00ebt edhe dekad\u00ebn e dyt\u00eb t\u00eb shek XXI, ballafaqohen me probleme t\u00eb thella identitare, p\u00ebrmasat e s\u00eb cil\u00ebs jan\u00eb tep\u00ebr serioze dhe n\u00ebse nuk reagohet men\u00e7urish, mund t\u00eb rezultojn\u00eb me pasoja t\u00eb r\u00ebnda. Kjo gjendje shtron natyrsh\u00ebm pyetjen, a duhet shqiptar\u00ebt t\u00eb d\u00ebgjojn\u00eb tregimin p\u00ebr gomarin, n\u00eb nj\u00eb koh\u00eb kur problemet e tyre jan\u00eb t\u00eb thella, t\u00eb shum\u00ebllojshme dhe pa shenja p\u00ebr t\u2019u tejkaluar shpejt dhe leht\u00eb?<\/p>\n<p>Parabola ne fjale, e p\u00ebrmendur n\u00eb fillim t\u00eb k\u00ebtij teksti, \u00ebsht\u00eb nj\u00eb sinjifikativ mjaft dometh\u00ebn\u00ebs dhe p\u00ebrkund\u00ebr lasht\u00ebsis\u00eb, \u00e7udit\u00ebrisht ne kontekstin shqiptar, ruan nj\u00eb dometh\u00ebnie t\u00eb fresk\u00ebt, ku raporti mes atij qe flet dhe atij qe d\u00ebgjon, \u00ebsht\u00eb identik me at\u00eb mes oratorit ne fjale dhe popullit qe e i p\u00ebrgjumur, i kotur dhe i painteresuar ndodhet p\u00ebrball\u00eb dy alternativave p\u00ebr vendin. A duhet shqiptar\u00ebt ende me i besue tregimit p\u00ebr gomarin apo duhet qytetari shqiptar t\u00eb nd\u00ebrgjegj\u00ebsohet p\u00ebr rolin dhe p\u00ebrgjegj\u00ebsin\u00eb q\u00eb ka n\u00eb shoq\u00ebri, q\u00eb te dij\u00eb te dalloj tregimin p\u00ebr gomarin me tregimin p\u00ebr atdheun real? A duhet qytetari t\u00eb kotet, ne kohen kur p\u00ebr fatin e tij behet shume zhurm\u00eb, madje shurdhuese?<\/p>\n<p>Shqiptar\u00ebt ka nj\u00eb koh\u00eb t\u00eb gjat\u00eb q\u00eb ndodh\u00ebn p\u00ebrball\u00eb nj\u00eb gjendje t\u00eb pal\u00ebvizshme, e ku proceset pozitive mbesin preh e nj\u00eb politike jofrytdh\u00ebn\u00ebse.<\/p>\n<p>Shqiptar\u00ebt p\u00ebr nj\u00eb koh\u00eb t\u00eb gjat\u00eb e panda, po d\u00ebgjojn\u00eb tregimin p\u00ebr gomarin, edhe pse jan\u00eb t\u00eb vet\u00ebdijsh\u00ebm dhe e din\u00eb se shteti dhe kombi i tyre ndodhet p\u00ebrball\u00eb nj\u00eb rreziku k\u00ebrc\u00ebnues. Prandaj, \u00ebsht\u00eb koha q\u00eb p\u00ebrgjumja dhe kot\u00ebsia e gjat\u00eb t\u00eb p\u00ebrfundojn\u00eb, jo duke d\u00ebgjuar tregimin p\u00ebr gomarin, por alternativat e sh\u00ebndosha p\u00ebr shp\u00ebtimin dhe lirin\u00eb e shtetit t\u00eb rrezikuar.<\/p>\n<p>E p\u00ebr k\u00ebt\u00eb, duhet t\u2019i rikthemi zanafill\u00ebs s\u00eb identitetit shqiptar dhe t\u00eb m\u00ebsojm\u00eb nga klasik\u00ebt e mendimit shqiptar, t\u00eb cil\u00ebn kan\u00eb dh\u00ebn\u00eb alternativat e sh\u00ebndosha p\u00ebr t\u00eb ardhmen e shqiptar\u00ebve. Koha nuk pret, prandaj duhet t\u00eb p\u00ebrplot\u00ebsojm\u00eb boshll\u00ebqet e shumta, q\u00eb t\u00eb ecim dinjitetsh\u00ebm drejt horizonteve t\u00eb reja aq shum\u00eb t\u00eb pritura.<\/p>\n","protected":false},"excerpt":{"rendered":"<p>Nga Ndue Ukaj Oratori i famsh\u00ebm Demosteni, duke mbajt nj\u00eb fjalim t\u00eb zjarrt\u00eb n\u00eb parlamentin e Athin\u00ebs, me fjal\u00ebn e vet magjike, u fliste athinasve mbi shp\u00ebtimin dhe lirin\u00eb e shtetit t\u00eb rrezikuar. D\u00ebgjuesit s\u2019 ishin t\u00eb interesuar p\u00ebr fjalimin e tij: disa koteshin, t\u00eb tjer\u00ebt gog\u00ebsinin, e do t\u00eb tjer\u00eb flisnin. Me t\u00eb hetuar [&hellip;]<\/p>\n","protected":false},"author":1,"featured_media":0,"comment_status":"open","ping_status":"closed","sticky":false,"template":"","format":"standard","meta":{"footnotes":""},"categories":[2],"tags":[],"class_list":{"0":"post-10636","1":"post","2":"type-post","3":"status-publish","4":"format-standard","6":"category-artikuj"},"yoast_head":"<!-- This site is optimized with the Yoast SEO plugin v27.4 - https:\/\/yoast.com\/product\/yoast-seo-wordpress\/ -->\n<title>Tregimi p\u00ebr gomarin p\u00ebrball\u00eb kombit t\u00eb rrezikuar - FjALA e LIR\u00cb - Arkivi<\/title>\n<meta name=\"robots\" content=\"index, follow, max-snippet:-1, max-image-preview:large, max-video-preview:-1\" \/>\n<link rel=\"canonical\" href=\"https:\/\/fjala.info\/2009-2015\/tregimi-per-gomarin-perballe-kombit-te-rrezikuar\/\" \/>\n<meta property=\"og:locale\" content=\"sq_AL\" \/>\n<meta property=\"og:type\" content=\"article\" \/>\n<meta property=\"og:title\" content=\"Tregimi p\u00ebr gomarin p\u00ebrball\u00eb kombit t\u00eb rrezikuar - FjALA e LIR\u00cb - Arkivi\" \/>\n<meta property=\"og:description\" content=\"Nga Ndue Ukaj Oratori i famsh\u00ebm Demosteni, duke mbajt nj\u00eb fjalim t\u00eb zjarrt\u00eb n\u00eb parlamentin e Athin\u00ebs, me fjal\u00ebn e vet magjike, u fliste athinasve mbi shp\u00ebtimin dhe lirin\u00eb e shtetit t\u00eb rrezikuar. D\u00ebgjuesit s\u2019 ishin t\u00eb interesuar p\u00ebr fjalimin e tij: disa koteshin, t\u00eb tjer\u00ebt gog\u00ebsinin, e do t\u00eb tjer\u00eb flisnin. Me t\u00eb hetuar [&hellip;]\" \/>\n<meta property=\"og:url\" content=\"https:\/\/fjala.info\/2009-2015\/tregimi-per-gomarin-perballe-kombit-te-rrezikuar\/\" \/>\n<meta property=\"og:site_name\" content=\"FjALA e LIR\u00cb - Arkivi\" \/>\n<meta property=\"article:published_time\" content=\"2011-09-26T09:20:52+00:00\" \/>\n<meta property=\"og:image\" content=\"http:\/\/www.shkoder.net\/images\/fjala\/2011\/flamuri_kombetar.jpg\" \/>\n<meta name=\"author\" content=\"admin\" \/>\n<meta name=\"twitter:card\" content=\"summary_large_image\" \/>\n<meta name=\"twitter:label1\" content=\"Written by\" \/>\n\t<meta name=\"twitter:data1\" content=\"admin\" \/>\n\t<meta name=\"twitter:label2\" content=\"Est. reading time\" \/>\n\t<meta name=\"twitter:data2\" content=\"5 minutes\" \/>\n<script type=\"application\/ld+json\" class=\"yoast-schema-graph\">{\"@context\":\"https:\\\/\\\/schema.org\",\"@graph\":[{\"@type\":\"Article\",\"@id\":\"https:\\\/\\\/fjala.info\\\/2009-2015\\\/tregimi-per-gomarin-perballe-kombit-te-rrezikuar\\\/#article\",\"isPartOf\":{\"@id\":\"https:\\\/\\\/fjala.info\\\/2009-2015\\\/tregimi-per-gomarin-perballe-kombit-te-rrezikuar\\\/\"},\"author\":{\"name\":\"admin\",\"@id\":\"https:\\\/\\\/fjala.info\\\/2009-2015\\\/#\\\/schema\\\/person\\\/3aa1163ef05469c496fc94e77611ada2\"},\"headline\":\"Tregimi p\u00ebr gomarin p\u00ebrball\u00eb kombit t\u00eb rrezikuar\",\"datePublished\":\"2011-09-26T09:20:52+00:00\",\"mainEntityOfPage\":{\"@id\":\"https:\\\/\\\/fjala.info\\\/2009-2015\\\/tregimi-per-gomarin-perballe-kombit-te-rrezikuar\\\/\"},\"wordCount\":912,\"commentCount\":0,\"publisher\":{\"@id\":\"https:\\\/\\\/fjala.info\\\/2009-2015\\\/#organization\"},\"image\":{\"@id\":\"https:\\\/\\\/fjala.info\\\/2009-2015\\\/tregimi-per-gomarin-perballe-kombit-te-rrezikuar\\\/#primaryimage\"},\"thumbnailUrl\":\"http:\\\/\\\/www.shkoder.net\\\/images\\\/fjala\\\/2011\\\/flamuri_kombetar.jpg\",\"articleSection\":[\"Artikuj\"],\"inLanguage\":\"sq-AL\",\"potentialAction\":[{\"@type\":\"CommentAction\",\"name\":\"Comment\",\"target\":[\"https:\\\/\\\/fjala.info\\\/2009-2015\\\/tregimi-per-gomarin-perballe-kombit-te-rrezikuar\\\/#respond\"]}]},{\"@type\":\"WebPage\",\"@id\":\"https:\\\/\\\/fjala.info\\\/2009-2015\\\/tregimi-per-gomarin-perballe-kombit-te-rrezikuar\\\/\",\"url\":\"https:\\\/\\\/fjala.info\\\/2009-2015\\\/tregimi-per-gomarin-perballe-kombit-te-rrezikuar\\\/\",\"name\":\"Tregimi p\u00ebr gomarin p\u00ebrball\u00eb kombit t\u00eb rrezikuar - FjALA e LIR\u00cb - Arkivi\",\"isPartOf\":{\"@id\":\"https:\\\/\\\/fjala.info\\\/2009-2015\\\/#website\"},\"primaryImageOfPage\":{\"@id\":\"https:\\\/\\\/fjala.info\\\/2009-2015\\\/tregimi-per-gomarin-perballe-kombit-te-rrezikuar\\\/#primaryimage\"},\"image\":{\"@id\":\"https:\\\/\\\/fjala.info\\\/2009-2015\\\/tregimi-per-gomarin-perballe-kombit-te-rrezikuar\\\/#primaryimage\"},\"thumbnailUrl\":\"http:\\\/\\\/www.shkoder.net\\\/images\\\/fjala\\\/2011\\\/flamuri_kombetar.jpg\",\"datePublished\":\"2011-09-26T09:20:52+00:00\",\"breadcrumb\":{\"@id\":\"https:\\\/\\\/fjala.info\\\/2009-2015\\\/tregimi-per-gomarin-perballe-kombit-te-rrezikuar\\\/#breadcrumb\"},\"inLanguage\":\"sq-AL\",\"potentialAction\":[{\"@type\":\"ReadAction\",\"target\":[\"https:\\\/\\\/fjala.info\\\/2009-2015\\\/tregimi-per-gomarin-perballe-kombit-te-rrezikuar\\\/\"]}]},{\"@type\":\"ImageObject\",\"inLanguage\":\"sq-AL\",\"@id\":\"https:\\\/\\\/fjala.info\\\/2009-2015\\\/tregimi-per-gomarin-perballe-kombit-te-rrezikuar\\\/#primaryimage\",\"url\":\"http:\\\/\\\/www.shkoder.net\\\/images\\\/fjala\\\/2011\\\/flamuri_kombetar.jpg\",\"contentUrl\":\"http:\\\/\\\/www.shkoder.net\\\/images\\\/fjala\\\/2011\\\/flamuri_kombetar.jpg\"},{\"@type\":\"BreadcrumbList\",\"@id\":\"https:\\\/\\\/fjala.info\\\/2009-2015\\\/tregimi-per-gomarin-perballe-kombit-te-rrezikuar\\\/#breadcrumb\",\"itemListElement\":[{\"@type\":\"ListItem\",\"position\":1,\"name\":\"Home\",\"item\":\"https:\\\/\\\/fjala.info\\\/2009-2015\\\/\"},{\"@type\":\"ListItem\",\"position\":2,\"name\":\"Tregimi p\u00ebr gomarin p\u00ebrball\u00eb kombit t\u00eb rrezikuar\"}]},{\"@type\":\"WebSite\",\"@id\":\"https:\\\/\\\/fjala.info\\\/2009-2015\\\/#website\",\"url\":\"https:\\\/\\\/fjala.info\\\/2009-2015\\\/\",\"name\":\"FjALA e LIR\u00cb - Arkivi\",\"description\":\"Arkivi 2009-2015\",\"publisher\":{\"@id\":\"https:\\\/\\\/fjala.info\\\/2009-2015\\\/#organization\"},\"potentialAction\":[{\"@type\":\"SearchAction\",\"target\":{\"@type\":\"EntryPoint\",\"urlTemplate\":\"https:\\\/\\\/fjala.info\\\/2009-2015\\\/?s={search_term_string}\"},\"query-input\":{\"@type\":\"PropertyValueSpecification\",\"valueRequired\":true,\"valueName\":\"search_term_string\"}}],\"inLanguage\":\"sq-AL\"},{\"@type\":\"Organization\",\"@id\":\"https:\\\/\\\/fjala.info\\\/2009-2015\\\/#organization\",\"name\":\"FjALA e LIR\u00cb - Arkivi\",\"url\":\"https:\\\/\\\/fjala.info\\\/2009-2015\\\/\",\"logo\":{\"@type\":\"ImageObject\",\"inLanguage\":\"sq-AL\",\"@id\":\"https:\\\/\\\/fjala.info\\\/2009-2015\\\/#\\\/schema\\\/logo\\\/image\\\/\",\"url\":\"\",\"contentUrl\":\"\",\"caption\":\"FjALA e LIR\u00cb - Arkivi\"},\"image\":{\"@id\":\"https:\\\/\\\/fjala.info\\\/2009-2015\\\/#\\\/schema\\\/logo\\\/image\\\/\"}},{\"@type\":\"Person\",\"@id\":\"https:\\\/\\\/fjala.info\\\/2009-2015\\\/#\\\/schema\\\/person\\\/3aa1163ef05469c496fc94e77611ada2\",\"name\":\"admin\",\"image\":{\"@type\":\"ImageObject\",\"inLanguage\":\"sq-AL\",\"@id\":\"https:\\\/\\\/fjala.info\\\/2009-2015\\\/wp-content\\\/uploads\\\/2012\\\/02\\\/arben_cokaj-120x150.jpg\",\"url\":\"https:\\\/\\\/fjala.info\\\/2009-2015\\\/wp-content\\\/uploads\\\/2012\\\/02\\\/arben_cokaj-120x150.jpg\",\"contentUrl\":\"https:\\\/\\\/fjala.info\\\/2009-2015\\\/wp-content\\\/uploads\\\/2012\\\/02\\\/arben_cokaj-120x150.jpg\",\"caption\":\"admin\"},\"description\":\"Admin, Fjala e Lir\u00eb\",\"sameAs\":[\"https:\\\/\\\/fjala.info\\\/\"],\"url\":\"https:\\\/\\\/fjala.info\\\/2009-2015\\\/author\\\/admin\\\/\"}]}<\/script>\n<!-- \/ Yoast SEO plugin. -->","yoast_head_json":{"title":"Tregimi p\u00ebr gomarin p\u00ebrball\u00eb kombit t\u00eb rrezikuar - FjALA e LIR\u00cb - Arkivi","robots":{"index":"index","follow":"follow","max-snippet":"max-snippet:-1","max-image-preview":"max-image-preview:large","max-video-preview":"max-video-preview:-1"},"canonical":"https:\/\/fjala.info\/2009-2015\/tregimi-per-gomarin-perballe-kombit-te-rrezikuar\/","og_locale":"sq_AL","og_type":"article","og_title":"Tregimi p\u00ebr gomarin p\u00ebrball\u00eb kombit t\u00eb rrezikuar - FjALA e LIR\u00cb - Arkivi","og_description":"Nga Ndue Ukaj Oratori i famsh\u00ebm Demosteni, duke mbajt nj\u00eb fjalim t\u00eb zjarrt\u00eb n\u00eb parlamentin e Athin\u00ebs, me fjal\u00ebn e vet magjike, u fliste athinasve mbi shp\u00ebtimin dhe lirin\u00eb e shtetit t\u00eb rrezikuar. D\u00ebgjuesit s\u2019 ishin t\u00eb interesuar p\u00ebr fjalimin e tij: disa koteshin, t\u00eb tjer\u00ebt gog\u00ebsinin, e do t\u00eb tjer\u00eb flisnin. Me t\u00eb hetuar [&hellip;]","og_url":"https:\/\/fjala.info\/2009-2015\/tregimi-per-gomarin-perballe-kombit-te-rrezikuar\/","og_site_name":"FjALA e LIR\u00cb - Arkivi","article_published_time":"2011-09-26T09:20:52+00:00","og_image":[{"url":"http:\/\/www.shkoder.net\/images\/fjala\/2011\/flamuri_kombetar.jpg","type":"","width":"","height":""}],"author":"admin","twitter_card":"summary_large_image","twitter_misc":{"Written by":"admin","Est. reading time":"5 minutes"},"schema":{"@context":"https:\/\/schema.org","@graph":[{"@type":"Article","@id":"https:\/\/fjala.info\/2009-2015\/tregimi-per-gomarin-perballe-kombit-te-rrezikuar\/#article","isPartOf":{"@id":"https:\/\/fjala.info\/2009-2015\/tregimi-per-gomarin-perballe-kombit-te-rrezikuar\/"},"author":{"name":"admin","@id":"https:\/\/fjala.info\/2009-2015\/#\/schema\/person\/3aa1163ef05469c496fc94e77611ada2"},"headline":"Tregimi p\u00ebr gomarin p\u00ebrball\u00eb kombit t\u00eb rrezikuar","datePublished":"2011-09-26T09:20:52+00:00","mainEntityOfPage":{"@id":"https:\/\/fjala.info\/2009-2015\/tregimi-per-gomarin-perballe-kombit-te-rrezikuar\/"},"wordCount":912,"commentCount":0,"publisher":{"@id":"https:\/\/fjala.info\/2009-2015\/#organization"},"image":{"@id":"https:\/\/fjala.info\/2009-2015\/tregimi-per-gomarin-perballe-kombit-te-rrezikuar\/#primaryimage"},"thumbnailUrl":"http:\/\/www.shkoder.net\/images\/fjala\/2011\/flamuri_kombetar.jpg","articleSection":["Artikuj"],"inLanguage":"sq-AL","potentialAction":[{"@type":"CommentAction","name":"Comment","target":["https:\/\/fjala.info\/2009-2015\/tregimi-per-gomarin-perballe-kombit-te-rrezikuar\/#respond"]}]},{"@type":"WebPage","@id":"https:\/\/fjala.info\/2009-2015\/tregimi-per-gomarin-perballe-kombit-te-rrezikuar\/","url":"https:\/\/fjala.info\/2009-2015\/tregimi-per-gomarin-perballe-kombit-te-rrezikuar\/","name":"Tregimi p\u00ebr gomarin p\u00ebrball\u00eb kombit t\u00eb rrezikuar - FjALA e LIR\u00cb - Arkivi","isPartOf":{"@id":"https:\/\/fjala.info\/2009-2015\/#website"},"primaryImageOfPage":{"@id":"https:\/\/fjala.info\/2009-2015\/tregimi-per-gomarin-perballe-kombit-te-rrezikuar\/#primaryimage"},"image":{"@id":"https:\/\/fjala.info\/2009-2015\/tregimi-per-gomarin-perballe-kombit-te-rrezikuar\/#primaryimage"},"thumbnailUrl":"http:\/\/www.shkoder.net\/images\/fjala\/2011\/flamuri_kombetar.jpg","datePublished":"2011-09-26T09:20:52+00:00","breadcrumb":{"@id":"https:\/\/fjala.info\/2009-2015\/tregimi-per-gomarin-perballe-kombit-te-rrezikuar\/#breadcrumb"},"inLanguage":"sq-AL","potentialAction":[{"@type":"ReadAction","target":["https:\/\/fjala.info\/2009-2015\/tregimi-per-gomarin-perballe-kombit-te-rrezikuar\/"]}]},{"@type":"ImageObject","inLanguage":"sq-AL","@id":"https:\/\/fjala.info\/2009-2015\/tregimi-per-gomarin-perballe-kombit-te-rrezikuar\/#primaryimage","url":"http:\/\/www.shkoder.net\/images\/fjala\/2011\/flamuri_kombetar.jpg","contentUrl":"http:\/\/www.shkoder.net\/images\/fjala\/2011\/flamuri_kombetar.jpg"},{"@type":"BreadcrumbList","@id":"https:\/\/fjala.info\/2009-2015\/tregimi-per-gomarin-perballe-kombit-te-rrezikuar\/#breadcrumb","itemListElement":[{"@type":"ListItem","position":1,"name":"Home","item":"https:\/\/fjala.info\/2009-2015\/"},{"@type":"ListItem","position":2,"name":"Tregimi p\u00ebr gomarin p\u00ebrball\u00eb kombit t\u00eb rrezikuar"}]},{"@type":"WebSite","@id":"https:\/\/fjala.info\/2009-2015\/#website","url":"https:\/\/fjala.info\/2009-2015\/","name":"FjALA e LIR\u00cb - Arkivi","description":"Arkivi 2009-2015","publisher":{"@id":"https:\/\/fjala.info\/2009-2015\/#organization"},"potentialAction":[{"@type":"SearchAction","target":{"@type":"EntryPoint","urlTemplate":"https:\/\/fjala.info\/2009-2015\/?s={search_term_string}"},"query-input":{"@type":"PropertyValueSpecification","valueRequired":true,"valueName":"search_term_string"}}],"inLanguage":"sq-AL"},{"@type":"Organization","@id":"https:\/\/fjala.info\/2009-2015\/#organization","name":"FjALA e LIR\u00cb - Arkivi","url":"https:\/\/fjala.info\/2009-2015\/","logo":{"@type":"ImageObject","inLanguage":"sq-AL","@id":"https:\/\/fjala.info\/2009-2015\/#\/schema\/logo\/image\/","url":"","contentUrl":"","caption":"FjALA e LIR\u00cb - Arkivi"},"image":{"@id":"https:\/\/fjala.info\/2009-2015\/#\/schema\/logo\/image\/"}},{"@type":"Person","@id":"https:\/\/fjala.info\/2009-2015\/#\/schema\/person\/3aa1163ef05469c496fc94e77611ada2","name":"admin","image":{"@type":"ImageObject","inLanguage":"sq-AL","@id":"https:\/\/fjala.info\/2009-2015\/wp-content\/uploads\/2012\/02\/arben_cokaj-120x150.jpg","url":"https:\/\/fjala.info\/2009-2015\/wp-content\/uploads\/2012\/02\/arben_cokaj-120x150.jpg","contentUrl":"https:\/\/fjala.info\/2009-2015\/wp-content\/uploads\/2012\/02\/arben_cokaj-120x150.jpg","caption":"admin"},"description":"Admin, Fjala e Lir\u00eb","sameAs":["https:\/\/fjala.info\/"],"url":"https:\/\/fjala.info\/2009-2015\/author\/admin\/"}]}},"_links":{"self":[{"href":"https:\/\/fjala.info\/2009-2015\/wp-json\/wp\/v2\/posts\/10636","targetHints":{"allow":["GET"]}}],"collection":[{"href":"https:\/\/fjala.info\/2009-2015\/wp-json\/wp\/v2\/posts"}],"about":[{"href":"https:\/\/fjala.info\/2009-2015\/wp-json\/wp\/v2\/types\/post"}],"author":[{"embeddable":true,"href":"https:\/\/fjala.info\/2009-2015\/wp-json\/wp\/v2\/users\/1"}],"replies":[{"embeddable":true,"href":"https:\/\/fjala.info\/2009-2015\/wp-json\/wp\/v2\/comments?post=10636"}],"version-history":[{"count":0,"href":"https:\/\/fjala.info\/2009-2015\/wp-json\/wp\/v2\/posts\/10636\/revisions"}],"wp:attachment":[{"href":"https:\/\/fjala.info\/2009-2015\/wp-json\/wp\/v2\/media?parent=10636"}],"wp:term":[{"taxonomy":"category","embeddable":true,"href":"https:\/\/fjala.info\/2009-2015\/wp-json\/wp\/v2\/categories?post=10636"},{"taxonomy":"post_tag","embeddable":true,"href":"https:\/\/fjala.info\/2009-2015\/wp-json\/wp\/v2\/tags?post=10636"}],"curies":[{"name":"wp","href":"https:\/\/api.w.org\/{rel}","templated":true}]}}