{"id":10634,"date":"2011-09-26T09:46:08","date_gmt":"2011-09-26T08:46:08","guid":{"rendered":"http:\/\/fjala.shkoder.net\/?p=10634"},"modified":"2011-09-26T09:46:08","modified_gmt":"2011-09-26T08:46:08","slug":"maqedonasit-zhdukin-nga-libri-i-muzikes-dhe-vizatimit-shqiptaret","status":"publish","type":"post","link":"https:\/\/fjala.info\/2009-2015\/maqedonasit-zhdukin-nga-libri-i-muzikes-dhe-vizatimit-shqiptaret\/","title":{"rendered":"Maqedonasit zhdukin nga libri i Muzik\u00ebs dhe Vizatimit shqiptar\u00ebt"},"content":{"rendered":"<p><img decoding=\"async\" class=\"alignright size-thumbnail wp-image-7236\" title=\"Libri\" src=\"http:\/\/www.shkoder.net\/images\/fjala\/2011\/libri_maq.jpg\" alt=\"\" width=\"300\" \/>N\u00eb librin e Muzik\u00ebs ka vet\u00ebm k\u00ebng\u00eb dhe kompozitor\u00eb sllav\u00eb dhe maqedonas. Shqiptar\u00ebt nuk jan\u00eb askund, sikurse t\u00eb mos ekzistonin n\u00eb k\u00ebt\u00eb shtet e madje sikur t\u00eb mos posedonin asnj\u00eb veg\u00ebl muzikore. Por, jo vet\u00ebm kaq. N\u00eb librin e p\u00ebrkthyer p\u00ebr nx\u00ebn\u00ebsit shqiptar\u00eb, gjysma e k\u00ebng\u00ebve jan\u00eb n\u00eb gjuh\u00ebn maqedonase dhe t\u00eb shkruara maqedonisht dhe me alfabetin e saj cirilik<\/p>\n<p>Shkup \u2013 Pas Historis\u00eb p\u00ebr klasat e VI, botimi i s\u00eb cil\u00ebs u ndalua nga K\u00ebshilli Nacional i Teksteve Shkollore (KNTSH), n\u00eb radh\u00eb do t\u00eb jen\u00eb tekstet e muzik\u00ebs dhe artit figurativ. Jo zyrtarisht, m\u00ebsohet se jav\u00ebn e ardhshme, n\u00eb Ministrin\u00eb e Arsimit do t\u00eb zhvillohet nj\u00eb takim i p\u00ebrfaq\u00ebsuesve shqiptar\u00eb t\u00eb fushave p\u00ebrkat\u00ebse dhe p\u00ebrfaq\u00ebsues t\u00eb KNTSH me drejtuesit e MASH-it. N\u00eb takim pritet t\u00eb jet\u00eb i pranish\u00ebm edhe ministri i Arsimit, Pan\u00e7e Kralev, i cili pasi t\u00eb d\u00ebgjoj\u00eb v\u00ebrejtjet dhe k\u00ebrkesat e shqiptar\u00ebve, duhet t\u00eb marr\u00eb nj\u00eb vendim se \u00e7far\u00eb do t\u00eb b\u00ebhet me \u00e7\u00ebshtjen e atyre dy librave. N\u00eb mbledhjen e 31 gushtit, KNTSH vendosi q\u00eb t\u00eb korrigjohet dor\u00ebshkrimi i librit \u201cHistori\u201d p\u00ebr klasat VI, n\u00eb t\u00eb cilin jo vet\u00ebm q\u00eb thuheshin t\u00eb pav\u00ebrteta historike p\u00ebr shqiptar\u00ebt, por edhe ofendoheshin.<\/p>\n<p>\u201cMuzika\u201d dhe \u201cVizatimi\u201d p\u00ebr klasat VI t\u00eb arsimit fillor n\u00ebnt\u00ebvje\u00e7ar, t\u00eb cilat jan\u00eb botuar tanim\u00eb nga Ministria e Arsimit, nuk reflektojn\u00eb karakterin multietnik t\u00eb shtetit, nj\u00ebsoj sikurse historia. P\u00ebrve\u00e7 k\u00ebsaj, kan\u00eb edhe probleme t\u00eb theksuara profesionale. Me gjith\u00eb alarmin q\u00eb u dha kur tekstet ishin n\u00eb faz\u00ebn e dor\u00ebshkrimeve dhe kund\u00ebrshtimet q\u00eb ishin b\u00ebr\u00eb nga ana e komisioneve recensuese, t\u00eb nj\u00ebjtat u botuan pasi ish-ministri Nikolla Todorov shkarkoi komisionet recensuese q\u00eb vler\u00ebsuan negativisht dor\u00ebshkrimet dhe formoi komisione t\u00eb reja, t\u00eb cilat i hap\u00ebn rrug\u00eb botimit t\u00eb teksteve skandaloze. E par\u00eb n\u00eb aspektin vizual, libri i Artit Figurativ nuk t\u00eb krijon p\u00ebrshtypjen se u dedikohet nx\u00ebn\u00ebsve t\u00eb nj\u00eb shteti multietnik. N\u00eb librin e Muzik\u00ebs ka vet\u00ebm k\u00ebng\u00eb dhe kompozitor\u00eb sllav\u00eb dhe maqedonas. Shqiptar\u00ebt nuk jan\u00eb askund, sikurse t\u00eb mos ekzistonin n\u00eb k\u00ebt\u00eb shtet e madje sikur t\u00eb mos posedonin asnj\u00eb veg\u00ebl muzikore.<\/p>\n<p>Por, jo vet\u00ebm kaq. N\u00eb librin e p\u00ebrkthyer p\u00ebr nx\u00ebn\u00ebsit shqiptar\u00eb, gjysma e k\u00ebng\u00ebve jan\u00eb n\u00eb gjuh\u00ebn maqedonase dhe t\u00eb shkruara maqedonisht dhe me alfabetin e saj cirilik. P\u00ebr p\u00ebrmbajtjet skandaloze t\u00eb teksteve shkollore n\u00eb Maqedoni, dit\u00eb m\u00eb par\u00eb reagoi edhe ambasadori i Shqip\u00ebris\u00eb n\u00eb Shkup, Arben \u00c7ejku, i cili k\u00ebrkoi nga institucionet e Maqedonis\u00eb q\u00eb t\u2019u japin fund reminishencave t\u00eb koh\u00ebs s\u00eb ish-Jugosllavis\u00eb. Duke u ndalur n\u00eb mentalitetin e autor\u00ebve t\u00eb teksteve t\u00eb tilla, \u00c7ejku tha se \u00ebsht\u00eb e pakuptueshme se si mundet q\u00eb n\u00eb shekullin 21 t\u00eb ket\u00eb ende profesor\u00eb dhe autor\u00eb tekstesh, t\u00eb cil\u00ebt veprojn\u00eb ende me reminishencat e koh\u00ebs s\u00eb shkuar t\u00eb ish-Jugosllavis\u00eb, kurse k\u00ebrkoi nga MASH q\u00eb t\u2019ju jep fund politikave diskriminuese t\u00eb cilat nisin q\u00eb nga faqja zyrtare e Ministris\u00eb.<\/p>\n<p>Jo zyrtarisht flitet p\u00ebr nj\u00eb takim t\u00eb af\u00ebrt t\u00eb ambasadorit \u00c7ejku me ministrin Kralev, mir\u00ebpo nuk b\u00ebhet e ditur dita e takimit. T\u00eb m\u00ebrkur\u00ebn e jav\u00ebs q\u00eb vjen, kur drejtues t\u00eb MASH-it do t\u00eb debatojn\u00eb \u00e7\u00ebshtjen e librave kontestues t\u00eb Muzik\u00ebs dhe Vizatimit, n\u00eb takimin me ministrin do t\u00eb jen\u00eb prof. Reshat Ahmeti dhe prof. Adem Ymeri. N\u00eb k\u00ebt\u00eb takim t\u00eb aranzhuar nga kabineti i z\u00ebvend\u00ebsministrit Safet Neziri, Ahmeti i fush\u00ebs s\u00eb Artit Figurativ dhe Ymeri i fush\u00ebs s\u00eb Muzik\u00ebs do t\u00eb paraqesin pik\u00ebpamjet e tyre p\u00ebr at\u00eb se si duhet t\u00eb duket nj\u00eb tekst shkollor p\u00ebr f\u00ebmij\u00ebt e mosh\u00ebs gjasht\u00ebvje\u00e7are. Ahmeti ishte kryetar i Komisionit recensues, t\u00eb cilin e shkarkoi MASH-i n\u00eb muajin mars, derisa Ymeri ishte propozuar nga KNTSH q\u00eb t\u00eb jet\u00eb bashk\u00ebautor i dor\u00ebshkrimit t\u00eb Muzik\u00ebs, i cili duhej t\u00eb ishte korrigjuar. MASH nuk ka dh\u00ebn\u00eb deri tani p\u00ebrgjigje p\u00ebrse nuk ndodhi kjo dhe p\u00ebrse u botua libri i kontestuar i Artit Figurativ. \/ KOHA<\/p>\n","protected":false},"excerpt":{"rendered":"<p>N\u00eb librin e Muzik\u00ebs ka vet\u00ebm k\u00ebng\u00eb dhe kompozitor\u00eb sllav\u00eb dhe maqedonas. Shqiptar\u00ebt nuk jan\u00eb askund, sikurse t\u00eb mos ekzistonin n\u00eb k\u00ebt\u00eb shtet e madje sikur t\u00eb mos posedonin asnj\u00eb veg\u00ebl muzikore. Por, jo vet\u00ebm kaq. N\u00eb librin e p\u00ebrkthyer p\u00ebr nx\u00ebn\u00ebsit shqiptar\u00eb, gjysma e k\u00ebng\u00ebve jan\u00eb n\u00eb gjuh\u00ebn maqedonase dhe t\u00eb shkruara maqedonisht dhe [&hellip;]<\/p>\n","protected":false},"author":1,"featured_media":0,"comment_status":"open","ping_status":"closed","sticky":false,"template":"","format":"standard","meta":{"footnotes":""},"categories":[5],"tags":[],"class_list":{"0":"post-10634","1":"post","2":"type-post","3":"status-publish","4":"format-standard","6":"category-lajme"},"yoast_head":"<!-- This site is optimized with the Yoast SEO plugin v27.4 - https:\/\/yoast.com\/product\/yoast-seo-wordpress\/ -->\n<title>Maqedonasit zhdukin nga libri i Muzik\u00ebs dhe Vizatimit shqiptar\u00ebt - FjALA e LIR\u00cb - Arkivi<\/title>\n<meta name=\"robots\" content=\"index, follow, max-snippet:-1, max-image-preview:large, max-video-preview:-1\" \/>\n<link rel=\"canonical\" href=\"https:\/\/fjala.info\/2009-2015\/maqedonasit-zhdukin-nga-libri-i-muzikes-dhe-vizatimit-shqiptaret\/\" \/>\n<meta property=\"og:locale\" content=\"sq_AL\" \/>\n<meta property=\"og:type\" content=\"article\" \/>\n<meta property=\"og:title\" content=\"Maqedonasit zhdukin nga libri i Muzik\u00ebs dhe Vizatimit shqiptar\u00ebt - FjALA e LIR\u00cb - Arkivi\" \/>\n<meta property=\"og:description\" content=\"N\u00eb librin e Muzik\u00ebs ka vet\u00ebm k\u00ebng\u00eb dhe kompozitor\u00eb sllav\u00eb dhe maqedonas. Shqiptar\u00ebt nuk jan\u00eb askund, sikurse t\u00eb mos ekzistonin n\u00eb k\u00ebt\u00eb shtet e madje sikur t\u00eb mos posedonin asnj\u00eb veg\u00ebl muzikore. Por, jo vet\u00ebm kaq. N\u00eb librin e p\u00ebrkthyer p\u00ebr nx\u00ebn\u00ebsit shqiptar\u00eb, gjysma e k\u00ebng\u00ebve jan\u00eb n\u00eb gjuh\u00ebn maqedonase dhe t\u00eb shkruara maqedonisht dhe [&hellip;]\" \/>\n<meta property=\"og:url\" content=\"https:\/\/fjala.info\/2009-2015\/maqedonasit-zhdukin-nga-libri-i-muzikes-dhe-vizatimit-shqiptaret\/\" \/>\n<meta property=\"og:site_name\" content=\"FjALA e LIR\u00cb - Arkivi\" \/>\n<meta property=\"article:published_time\" content=\"2011-09-26T08:46:08+00:00\" \/>\n<meta property=\"og:image\" content=\"http:\/\/www.shkoder.net\/images\/fjala\/2011\/libri_maq.jpg\" \/>\n<meta name=\"author\" content=\"admin\" \/>\n<meta name=\"twitter:card\" content=\"summary_large_image\" \/>\n<meta name=\"twitter:label1\" content=\"Written by\" \/>\n\t<meta name=\"twitter:data1\" content=\"admin\" \/>\n\t<meta name=\"twitter:label2\" content=\"Est. reading time\" \/>\n\t<meta name=\"twitter:data2\" content=\"4 minutes\" \/>\n<script type=\"application\/ld+json\" class=\"yoast-schema-graph\">{\"@context\":\"https:\\\/\\\/schema.org\",\"@graph\":[{\"@type\":\"Article\",\"@id\":\"https:\\\/\\\/fjala.info\\\/2009-2015\\\/maqedonasit-zhdukin-nga-libri-i-muzikes-dhe-vizatimit-shqiptaret\\\/#article\",\"isPartOf\":{\"@id\":\"https:\\\/\\\/fjala.info\\\/2009-2015\\\/maqedonasit-zhdukin-nga-libri-i-muzikes-dhe-vizatimit-shqiptaret\\\/\"},\"author\":{\"name\":\"admin\",\"@id\":\"https:\\\/\\\/fjala.info\\\/2009-2015\\\/#\\\/schema\\\/person\\\/3aa1163ef05469c496fc94e77611ada2\"},\"headline\":\"Maqedonasit zhdukin nga libri i Muzik\u00ebs dhe Vizatimit shqiptar\u00ebt\",\"datePublished\":\"2011-09-26T08:46:08+00:00\",\"mainEntityOfPage\":{\"@id\":\"https:\\\/\\\/fjala.info\\\/2009-2015\\\/maqedonasit-zhdukin-nga-libri-i-muzikes-dhe-vizatimit-shqiptaret\\\/\"},\"wordCount\":736,\"commentCount\":0,\"publisher\":{\"@id\":\"https:\\\/\\\/fjala.info\\\/2009-2015\\\/#organization\"},\"image\":{\"@id\":\"https:\\\/\\\/fjala.info\\\/2009-2015\\\/maqedonasit-zhdukin-nga-libri-i-muzikes-dhe-vizatimit-shqiptaret\\\/#primaryimage\"},\"thumbnailUrl\":\"http:\\\/\\\/www.shkoder.net\\\/images\\\/fjala\\\/2011\\\/libri_maq.jpg\",\"articleSection\":[\"Lajme\"],\"inLanguage\":\"sq-AL\",\"potentialAction\":[{\"@type\":\"CommentAction\",\"name\":\"Comment\",\"target\":[\"https:\\\/\\\/fjala.info\\\/2009-2015\\\/maqedonasit-zhdukin-nga-libri-i-muzikes-dhe-vizatimit-shqiptaret\\\/#respond\"]}]},{\"@type\":\"WebPage\",\"@id\":\"https:\\\/\\\/fjala.info\\\/2009-2015\\\/maqedonasit-zhdukin-nga-libri-i-muzikes-dhe-vizatimit-shqiptaret\\\/\",\"url\":\"https:\\\/\\\/fjala.info\\\/2009-2015\\\/maqedonasit-zhdukin-nga-libri-i-muzikes-dhe-vizatimit-shqiptaret\\\/\",\"name\":\"Maqedonasit zhdukin nga libri i Muzik\u00ebs dhe Vizatimit shqiptar\u00ebt - FjALA e LIR\u00cb - Arkivi\",\"isPartOf\":{\"@id\":\"https:\\\/\\\/fjala.info\\\/2009-2015\\\/#website\"},\"primaryImageOfPage\":{\"@id\":\"https:\\\/\\\/fjala.info\\\/2009-2015\\\/maqedonasit-zhdukin-nga-libri-i-muzikes-dhe-vizatimit-shqiptaret\\\/#primaryimage\"},\"image\":{\"@id\":\"https:\\\/\\\/fjala.info\\\/2009-2015\\\/maqedonasit-zhdukin-nga-libri-i-muzikes-dhe-vizatimit-shqiptaret\\\/#primaryimage\"},\"thumbnailUrl\":\"http:\\\/\\\/www.shkoder.net\\\/images\\\/fjala\\\/2011\\\/libri_maq.jpg\",\"datePublished\":\"2011-09-26T08:46:08+00:00\",\"breadcrumb\":{\"@id\":\"https:\\\/\\\/fjala.info\\\/2009-2015\\\/maqedonasit-zhdukin-nga-libri-i-muzikes-dhe-vizatimit-shqiptaret\\\/#breadcrumb\"},\"inLanguage\":\"sq-AL\",\"potentialAction\":[{\"@type\":\"ReadAction\",\"target\":[\"https:\\\/\\\/fjala.info\\\/2009-2015\\\/maqedonasit-zhdukin-nga-libri-i-muzikes-dhe-vizatimit-shqiptaret\\\/\"]}]},{\"@type\":\"ImageObject\",\"inLanguage\":\"sq-AL\",\"@id\":\"https:\\\/\\\/fjala.info\\\/2009-2015\\\/maqedonasit-zhdukin-nga-libri-i-muzikes-dhe-vizatimit-shqiptaret\\\/#primaryimage\",\"url\":\"http:\\\/\\\/www.shkoder.net\\\/images\\\/fjala\\\/2011\\\/libri_maq.jpg\",\"contentUrl\":\"http:\\\/\\\/www.shkoder.net\\\/images\\\/fjala\\\/2011\\\/libri_maq.jpg\"},{\"@type\":\"BreadcrumbList\",\"@id\":\"https:\\\/\\\/fjala.info\\\/2009-2015\\\/maqedonasit-zhdukin-nga-libri-i-muzikes-dhe-vizatimit-shqiptaret\\\/#breadcrumb\",\"itemListElement\":[{\"@type\":\"ListItem\",\"position\":1,\"name\":\"Home\",\"item\":\"https:\\\/\\\/fjala.info\\\/2009-2015\\\/\"},{\"@type\":\"ListItem\",\"position\":2,\"name\":\"Maqedonasit zhdukin nga libri i Muzik\u00ebs dhe Vizatimit shqiptar\u00ebt\"}]},{\"@type\":\"WebSite\",\"@id\":\"https:\\\/\\\/fjala.info\\\/2009-2015\\\/#website\",\"url\":\"https:\\\/\\\/fjala.info\\\/2009-2015\\\/\",\"name\":\"FjALA e LIR\u00cb - Arkivi\",\"description\":\"Arkivi 2009-2015\",\"publisher\":{\"@id\":\"https:\\\/\\\/fjala.info\\\/2009-2015\\\/#organization\"},\"potentialAction\":[{\"@type\":\"SearchAction\",\"target\":{\"@type\":\"EntryPoint\",\"urlTemplate\":\"https:\\\/\\\/fjala.info\\\/2009-2015\\\/?s={search_term_string}\"},\"query-input\":{\"@type\":\"PropertyValueSpecification\",\"valueRequired\":true,\"valueName\":\"search_term_string\"}}],\"inLanguage\":\"sq-AL\"},{\"@type\":\"Organization\",\"@id\":\"https:\\\/\\\/fjala.info\\\/2009-2015\\\/#organization\",\"name\":\"FjALA e LIR\u00cb - Arkivi\",\"url\":\"https:\\\/\\\/fjala.info\\\/2009-2015\\\/\",\"logo\":{\"@type\":\"ImageObject\",\"inLanguage\":\"sq-AL\",\"@id\":\"https:\\\/\\\/fjala.info\\\/2009-2015\\\/#\\\/schema\\\/logo\\\/image\\\/\",\"url\":\"\",\"contentUrl\":\"\",\"caption\":\"FjALA e LIR\u00cb - Arkivi\"},\"image\":{\"@id\":\"https:\\\/\\\/fjala.info\\\/2009-2015\\\/#\\\/schema\\\/logo\\\/image\\\/\"}},{\"@type\":\"Person\",\"@id\":\"https:\\\/\\\/fjala.info\\\/2009-2015\\\/#\\\/schema\\\/person\\\/3aa1163ef05469c496fc94e77611ada2\",\"name\":\"admin\",\"image\":{\"@type\":\"ImageObject\",\"inLanguage\":\"sq-AL\",\"@id\":\"https:\\\/\\\/fjala.info\\\/2009-2015\\\/wp-content\\\/uploads\\\/2012\\\/02\\\/arben_cokaj-120x150.jpg\",\"url\":\"https:\\\/\\\/fjala.info\\\/2009-2015\\\/wp-content\\\/uploads\\\/2012\\\/02\\\/arben_cokaj-120x150.jpg\",\"contentUrl\":\"https:\\\/\\\/fjala.info\\\/2009-2015\\\/wp-content\\\/uploads\\\/2012\\\/02\\\/arben_cokaj-120x150.jpg\",\"caption\":\"admin\"},\"description\":\"Admin, Fjala e Lir\u00eb\",\"sameAs\":[\"https:\\\/\\\/fjala.info\\\/\"],\"url\":\"https:\\\/\\\/fjala.info\\\/2009-2015\\\/author\\\/admin\\\/\"}]}<\/script>\n<!-- \/ Yoast SEO plugin. -->","yoast_head_json":{"title":"Maqedonasit zhdukin nga libri i Muzik\u00ebs dhe Vizatimit shqiptar\u00ebt - FjALA e LIR\u00cb - Arkivi","robots":{"index":"index","follow":"follow","max-snippet":"max-snippet:-1","max-image-preview":"max-image-preview:large","max-video-preview":"max-video-preview:-1"},"canonical":"https:\/\/fjala.info\/2009-2015\/maqedonasit-zhdukin-nga-libri-i-muzikes-dhe-vizatimit-shqiptaret\/","og_locale":"sq_AL","og_type":"article","og_title":"Maqedonasit zhdukin nga libri i Muzik\u00ebs dhe Vizatimit shqiptar\u00ebt - FjALA e LIR\u00cb - Arkivi","og_description":"N\u00eb librin e Muzik\u00ebs ka vet\u00ebm k\u00ebng\u00eb dhe kompozitor\u00eb sllav\u00eb dhe maqedonas. Shqiptar\u00ebt nuk jan\u00eb askund, sikurse t\u00eb mos ekzistonin n\u00eb k\u00ebt\u00eb shtet e madje sikur t\u00eb mos posedonin asnj\u00eb veg\u00ebl muzikore. Por, jo vet\u00ebm kaq. N\u00eb librin e p\u00ebrkthyer p\u00ebr nx\u00ebn\u00ebsit shqiptar\u00eb, gjysma e k\u00ebng\u00ebve jan\u00eb n\u00eb gjuh\u00ebn maqedonase dhe t\u00eb shkruara maqedonisht dhe [&hellip;]","og_url":"https:\/\/fjala.info\/2009-2015\/maqedonasit-zhdukin-nga-libri-i-muzikes-dhe-vizatimit-shqiptaret\/","og_site_name":"FjALA e LIR\u00cb - Arkivi","article_published_time":"2011-09-26T08:46:08+00:00","og_image":[{"url":"http:\/\/www.shkoder.net\/images\/fjala\/2011\/libri_maq.jpg","type":"","width":"","height":""}],"author":"admin","twitter_card":"summary_large_image","twitter_misc":{"Written by":"admin","Est. reading time":"4 minutes"},"schema":{"@context":"https:\/\/schema.org","@graph":[{"@type":"Article","@id":"https:\/\/fjala.info\/2009-2015\/maqedonasit-zhdukin-nga-libri-i-muzikes-dhe-vizatimit-shqiptaret\/#article","isPartOf":{"@id":"https:\/\/fjala.info\/2009-2015\/maqedonasit-zhdukin-nga-libri-i-muzikes-dhe-vizatimit-shqiptaret\/"},"author":{"name":"admin","@id":"https:\/\/fjala.info\/2009-2015\/#\/schema\/person\/3aa1163ef05469c496fc94e77611ada2"},"headline":"Maqedonasit zhdukin nga libri i Muzik\u00ebs dhe Vizatimit shqiptar\u00ebt","datePublished":"2011-09-26T08:46:08+00:00","mainEntityOfPage":{"@id":"https:\/\/fjala.info\/2009-2015\/maqedonasit-zhdukin-nga-libri-i-muzikes-dhe-vizatimit-shqiptaret\/"},"wordCount":736,"commentCount":0,"publisher":{"@id":"https:\/\/fjala.info\/2009-2015\/#organization"},"image":{"@id":"https:\/\/fjala.info\/2009-2015\/maqedonasit-zhdukin-nga-libri-i-muzikes-dhe-vizatimit-shqiptaret\/#primaryimage"},"thumbnailUrl":"http:\/\/www.shkoder.net\/images\/fjala\/2011\/libri_maq.jpg","articleSection":["Lajme"],"inLanguage":"sq-AL","potentialAction":[{"@type":"CommentAction","name":"Comment","target":["https:\/\/fjala.info\/2009-2015\/maqedonasit-zhdukin-nga-libri-i-muzikes-dhe-vizatimit-shqiptaret\/#respond"]}]},{"@type":"WebPage","@id":"https:\/\/fjala.info\/2009-2015\/maqedonasit-zhdukin-nga-libri-i-muzikes-dhe-vizatimit-shqiptaret\/","url":"https:\/\/fjala.info\/2009-2015\/maqedonasit-zhdukin-nga-libri-i-muzikes-dhe-vizatimit-shqiptaret\/","name":"Maqedonasit zhdukin nga libri i Muzik\u00ebs dhe Vizatimit shqiptar\u00ebt - FjALA e LIR\u00cb - Arkivi","isPartOf":{"@id":"https:\/\/fjala.info\/2009-2015\/#website"},"primaryImageOfPage":{"@id":"https:\/\/fjala.info\/2009-2015\/maqedonasit-zhdukin-nga-libri-i-muzikes-dhe-vizatimit-shqiptaret\/#primaryimage"},"image":{"@id":"https:\/\/fjala.info\/2009-2015\/maqedonasit-zhdukin-nga-libri-i-muzikes-dhe-vizatimit-shqiptaret\/#primaryimage"},"thumbnailUrl":"http:\/\/www.shkoder.net\/images\/fjala\/2011\/libri_maq.jpg","datePublished":"2011-09-26T08:46:08+00:00","breadcrumb":{"@id":"https:\/\/fjala.info\/2009-2015\/maqedonasit-zhdukin-nga-libri-i-muzikes-dhe-vizatimit-shqiptaret\/#breadcrumb"},"inLanguage":"sq-AL","potentialAction":[{"@type":"ReadAction","target":["https:\/\/fjala.info\/2009-2015\/maqedonasit-zhdukin-nga-libri-i-muzikes-dhe-vizatimit-shqiptaret\/"]}]},{"@type":"ImageObject","inLanguage":"sq-AL","@id":"https:\/\/fjala.info\/2009-2015\/maqedonasit-zhdukin-nga-libri-i-muzikes-dhe-vizatimit-shqiptaret\/#primaryimage","url":"http:\/\/www.shkoder.net\/images\/fjala\/2011\/libri_maq.jpg","contentUrl":"http:\/\/www.shkoder.net\/images\/fjala\/2011\/libri_maq.jpg"},{"@type":"BreadcrumbList","@id":"https:\/\/fjala.info\/2009-2015\/maqedonasit-zhdukin-nga-libri-i-muzikes-dhe-vizatimit-shqiptaret\/#breadcrumb","itemListElement":[{"@type":"ListItem","position":1,"name":"Home","item":"https:\/\/fjala.info\/2009-2015\/"},{"@type":"ListItem","position":2,"name":"Maqedonasit zhdukin nga libri i Muzik\u00ebs dhe Vizatimit shqiptar\u00ebt"}]},{"@type":"WebSite","@id":"https:\/\/fjala.info\/2009-2015\/#website","url":"https:\/\/fjala.info\/2009-2015\/","name":"FjALA e LIR\u00cb - Arkivi","description":"Arkivi 2009-2015","publisher":{"@id":"https:\/\/fjala.info\/2009-2015\/#organization"},"potentialAction":[{"@type":"SearchAction","target":{"@type":"EntryPoint","urlTemplate":"https:\/\/fjala.info\/2009-2015\/?s={search_term_string}"},"query-input":{"@type":"PropertyValueSpecification","valueRequired":true,"valueName":"search_term_string"}}],"inLanguage":"sq-AL"},{"@type":"Organization","@id":"https:\/\/fjala.info\/2009-2015\/#organization","name":"FjALA e LIR\u00cb - Arkivi","url":"https:\/\/fjala.info\/2009-2015\/","logo":{"@type":"ImageObject","inLanguage":"sq-AL","@id":"https:\/\/fjala.info\/2009-2015\/#\/schema\/logo\/image\/","url":"","contentUrl":"","caption":"FjALA e LIR\u00cb - Arkivi"},"image":{"@id":"https:\/\/fjala.info\/2009-2015\/#\/schema\/logo\/image\/"}},{"@type":"Person","@id":"https:\/\/fjala.info\/2009-2015\/#\/schema\/person\/3aa1163ef05469c496fc94e77611ada2","name":"admin","image":{"@type":"ImageObject","inLanguage":"sq-AL","@id":"https:\/\/fjala.info\/2009-2015\/wp-content\/uploads\/2012\/02\/arben_cokaj-120x150.jpg","url":"https:\/\/fjala.info\/2009-2015\/wp-content\/uploads\/2012\/02\/arben_cokaj-120x150.jpg","contentUrl":"https:\/\/fjala.info\/2009-2015\/wp-content\/uploads\/2012\/02\/arben_cokaj-120x150.jpg","caption":"admin"},"description":"Admin, Fjala e Lir\u00eb","sameAs":["https:\/\/fjala.info\/"],"url":"https:\/\/fjala.info\/2009-2015\/author\/admin\/"}]}},"_links":{"self":[{"href":"https:\/\/fjala.info\/2009-2015\/wp-json\/wp\/v2\/posts\/10634","targetHints":{"allow":["GET"]}}],"collection":[{"href":"https:\/\/fjala.info\/2009-2015\/wp-json\/wp\/v2\/posts"}],"about":[{"href":"https:\/\/fjala.info\/2009-2015\/wp-json\/wp\/v2\/types\/post"}],"author":[{"embeddable":true,"href":"https:\/\/fjala.info\/2009-2015\/wp-json\/wp\/v2\/users\/1"}],"replies":[{"embeddable":true,"href":"https:\/\/fjala.info\/2009-2015\/wp-json\/wp\/v2\/comments?post=10634"}],"version-history":[{"count":0,"href":"https:\/\/fjala.info\/2009-2015\/wp-json\/wp\/v2\/posts\/10634\/revisions"}],"wp:attachment":[{"href":"https:\/\/fjala.info\/2009-2015\/wp-json\/wp\/v2\/media?parent=10634"}],"wp:term":[{"taxonomy":"category","embeddable":true,"href":"https:\/\/fjala.info\/2009-2015\/wp-json\/wp\/v2\/categories?post=10634"},{"taxonomy":"post_tag","embeddable":true,"href":"https:\/\/fjala.info\/2009-2015\/wp-json\/wp\/v2\/tags?post=10634"}],"curies":[{"name":"wp","href":"https:\/\/api.w.org\/{rel}","templated":true}]}}