{"id":10632,"date":"2011-09-26T09:33:30","date_gmt":"2011-09-26T08:33:30","guid":{"rendered":"http:\/\/fjala.shkoder.net\/?p=10632"},"modified":"2011-09-26T09:33:30","modified_gmt":"2011-09-26T08:33:30","slug":"te-rinjte-e-kuvendit-civil-nuk-do-lejojme-importin-e-plehrave","status":"publish","type":"post","link":"https:\/\/fjala.info\/2009-2015\/te-rinjte-e-kuvendit-civil-nuk-do-lejojme-importin-e-plehrave\/","title":{"rendered":"T\u00eb rinjt\u00eb e Kuvendit Civil: Nuk do lejojm\u00eb importin e plehrave"},"content":{"rendered":"<p><img decoding=\"async\" class=\"alignright size-thumbnail wp-image-7236\" title=\"Plehra toksike\" src=\"http:\/\/www.shkoder.net\/images\/fjala\/2011\/plehra_toksike.jpg\" alt=\"\" width=\"300\" \/> <strong>TemA<\/strong><\/p>\n<p>T\u00eb rinjt\u00eb e Kuvendit Civil, p\u00ebrmes nj\u00eb deklarate b\u00ebn\u00eb me dije se do t\u00eb kund\u00ebrshtojn\u00eb importin e plehrave p\u00ebr n\u00eb Shqip\u00ebri. Ata hodh\u00ebn dyshime p\u00ebr m\u00ebnyr\u00ebn se si u votua ligji.<\/p>\n<p>\u201cNdodhi ajo q\u00eb pritej, por nuk duhet t\u00eb ndodhte. N\u00eb dit\u00ebt kur ekspert\u00ebt japin alarmin se po rriten s\u00ebmundjet e tumoreve apo kancerit p\u00ebr shkak t\u00eb ndotjeve dhe mbeturinave, parlamenti shqiptar voton nj\u00eb ligj t\u00eb kundraligjsh\u00ebm dhe antikomb\u00ebtar, duke i vrar\u00eb t\u00eb gjith\u00eb qytetar\u00ebt shqiptar\u00eb.<\/p>\n<p>Denoncojm\u00eb m\u00ebnyr\u00ebn se si kryeparlamentarja Jozefina Topalli drejtoi k\u00ebt\u00eb seanc\u00eb p\u00ebr kalimin e ligjit t\u00eb \u201cmbetjeve urbane\u201d, se si num\u00ebroi votat n\u00eb sall\u00eb dhe makinacionin me kuorumin. Denoncojm\u00eb dhe sjelljen e opozit\u00ebs q\u00eb nuk diti t\u2019i p\u00ebrgjigjej interesit t\u00eb qytetar\u00ebve, megjith\u00ebse i njeh mir\u00eb rregullat e kuorumit dhe shumic\u00ebs s\u00eb thjesht\u00eb. Por gjithashtu i b\u00ebjm\u00eb thirrje t\u00eb gjith\u00eb qytetar\u00ebve, aktivist\u00ebve, organizatave vendase dhe t\u00eb huaja, ambasadave dhe trupit diplomatik dhe t\u00eb gjith\u00eb politikan\u00ebve t\u00eb ndersh\u00ebm p\u00ebr aq sa mund t\u00eb jen\u00eb, t\u00eb kund\u00ebrvihemi ndaj ligjit mafioz,\u201d thuhet n\u00eb deklarat\u00ebn e Kuvendit Civil.<\/p>\n<p>T\u00eb rinjt\u00eb u kan\u00eb b\u00ebr\u00eb thirrje qytetar\u00ebve q\u00eb t\u00eb dalin n\u00eb protesta kund\u00ebr importit, pasi Shqip\u00ebria rrezikon p\u00ebr 5 vjet t\u00eb mbushet me plehra.<\/p>\n<p>\u201cT\u00eb mos lejojm\u00eb importimin e plehrave n\u00eb Shqip\u00ebri p\u00ebr asnj\u00eb \u00e7ast dhe kurr\u00eb. Sepse me riciklimin gjoja t\u00eb monitoruar t\u00eb pretenduar nga qeveria mediokre dhe e paaft\u00eb, vrasim jet\u00ebt tona dhe t\u00eb njer\u00ebzve tan\u00eb. Koha do t\u00eb na gjykoj\u00eb r\u00ebnd\u00eb, sepse nes\u00ebr f\u00ebmij\u00ebt tan\u00eb do t\u00eb na syrgjynosin me termin e mafiozit. Sepse n\u00eb t\u00eb gjith\u00eb bot\u00ebn trafikun me mbetjet urbane t\u00eb rrezikshme e b\u00ebjn\u00eb \u201cTano karid\u00ebt\u201d dhe \u201cEspinozat\u201d dhe p\u00ebr fat t\u00eb keq Komisioni i Ligjeve, Ekonomis\u00eb, Ministria e Mjedisit, Qeveria dhe politika shqiptare nuk ka pak t\u00eb till\u00eb.<\/p>\n<p>Ndaj sa pa qen\u00eb von\u00eb, \u201cKuvendi Civil\u201d ju b\u00ebn thirrje qytetare, t\u2019u themi jo \u201cCamorrave\u201d, \u201cSacra Corona Unita\u201d apo \u201cNdragheta\u201d-ve q\u00eb jan\u00eb t\u00eb lidhura ngusht\u00eb me ministra q\u00eb aktualisht jan\u00eb n\u00ebn hetim p\u00ebr koncesione, tendera, bashk\u00ebpunim me Mafian dhe pastrime parash. Sepse p\u00ebr afro 5 vjet vendi yn\u00eb do t\u00eb mbushet me plehra dhe numri i t\u00eb prekurve me kancer, me deformime apo me s\u00ebmundje t\u00eb r\u00ebnda vdekjeprur\u00ebse do t\u00eb rritet ndjesh\u00ebm nga ku mund t\u00eb shkoj q\u00eb 5-7 mij\u00eb shqiptar do t\u00eb preken n\u00eb vit nga k\u00ebto s\u00ebmundje t\u00eb cilat shkaktohen nga p\u00ebrpunimi apo djegia e plehrave t\u00eb importuara n\u00eb vend,\u201d thekson deklarata e t\u00eb rinjve.<\/p>\n","protected":false},"excerpt":{"rendered":"<p>TemA T\u00eb rinjt\u00eb e Kuvendit Civil, p\u00ebrmes nj\u00eb deklarate b\u00ebn\u00eb me dije se do t\u00eb kund\u00ebrshtojn\u00eb importin e plehrave p\u00ebr n\u00eb Shqip\u00ebri. Ata hodh\u00ebn dyshime p\u00ebr m\u00ebnyr\u00ebn se si u votua ligji. \u201cNdodhi ajo q\u00eb pritej, por nuk duhet t\u00eb ndodhte. N\u00eb dit\u00ebt kur ekspert\u00ebt japin alarmin se po rriten s\u00ebmundjet e tumoreve apo kancerit [&hellip;]<\/p>\n","protected":false},"author":1,"featured_media":0,"comment_status":"open","ping_status":"closed","sticky":false,"template":"","format":"standard","meta":{"footnotes":""},"categories":[5],"tags":[],"class_list":{"0":"post-10632","1":"post","2":"type-post","3":"status-publish","4":"format-standard","6":"category-lajme"},"yoast_head":"<!-- This site is optimized with the Yoast SEO plugin v27.4 - https:\/\/yoast.com\/product\/yoast-seo-wordpress\/ -->\n<title>T\u00eb rinjt\u00eb e Kuvendit Civil: Nuk do lejojm\u00eb importin e plehrave - FjALA e LIR\u00cb - Arkivi<\/title>\n<meta name=\"robots\" content=\"index, follow, max-snippet:-1, max-image-preview:large, max-video-preview:-1\" \/>\n<link rel=\"canonical\" href=\"https:\/\/fjala.info\/2009-2015\/te-rinjte-e-kuvendit-civil-nuk-do-lejojme-importin-e-plehrave\/\" \/>\n<meta property=\"og:locale\" content=\"sq_AL\" \/>\n<meta property=\"og:type\" content=\"article\" \/>\n<meta property=\"og:title\" content=\"T\u00eb rinjt\u00eb e Kuvendit Civil: Nuk do lejojm\u00eb importin e plehrave - FjALA e LIR\u00cb - Arkivi\" \/>\n<meta property=\"og:description\" content=\"TemA T\u00eb rinjt\u00eb e Kuvendit Civil, p\u00ebrmes nj\u00eb deklarate b\u00ebn\u00eb me dije se do t\u00eb kund\u00ebrshtojn\u00eb importin e plehrave p\u00ebr n\u00eb Shqip\u00ebri. Ata hodh\u00ebn dyshime p\u00ebr m\u00ebnyr\u00ebn se si u votua ligji. \u201cNdodhi ajo q\u00eb pritej, por nuk duhet t\u00eb ndodhte. N\u00eb dit\u00ebt kur ekspert\u00ebt japin alarmin se po rriten s\u00ebmundjet e tumoreve apo kancerit [&hellip;]\" \/>\n<meta property=\"og:url\" content=\"https:\/\/fjala.info\/2009-2015\/te-rinjte-e-kuvendit-civil-nuk-do-lejojme-importin-e-plehrave\/\" \/>\n<meta property=\"og:site_name\" content=\"FjALA e LIR\u00cb - Arkivi\" \/>\n<meta property=\"article:published_time\" content=\"2011-09-26T08:33:30+00:00\" \/>\n<meta property=\"og:image\" content=\"http:\/\/www.shkoder.net\/images\/fjala\/2011\/plehra_toksike.jpg\" \/>\n<meta name=\"author\" content=\"admin\" \/>\n<meta name=\"twitter:card\" content=\"summary_large_image\" \/>\n<meta name=\"twitter:label1\" content=\"Written by\" \/>\n\t<meta name=\"twitter:data1\" content=\"admin\" \/>\n\t<meta name=\"twitter:label2\" content=\"Est. reading time\" \/>\n\t<meta name=\"twitter:data2\" content=\"2 minutes\" \/>\n<script type=\"application\/ld+json\" class=\"yoast-schema-graph\">{\"@context\":\"https:\\\/\\\/schema.org\",\"@graph\":[{\"@type\":\"Article\",\"@id\":\"https:\\\/\\\/fjala.info\\\/2009-2015\\\/te-rinjte-e-kuvendit-civil-nuk-do-lejojme-importin-e-plehrave\\\/#article\",\"isPartOf\":{\"@id\":\"https:\\\/\\\/fjala.info\\\/2009-2015\\\/te-rinjte-e-kuvendit-civil-nuk-do-lejojme-importin-e-plehrave\\\/\"},\"author\":{\"name\":\"admin\",\"@id\":\"https:\\\/\\\/fjala.info\\\/2009-2015\\\/#\\\/schema\\\/person\\\/3aa1163ef05469c496fc94e77611ada2\"},\"headline\":\"T\u00eb rinjt\u00eb e Kuvendit Civil: Nuk do lejojm\u00eb importin e plehrave\",\"datePublished\":\"2011-09-26T08:33:30+00:00\",\"mainEntityOfPage\":{\"@id\":\"https:\\\/\\\/fjala.info\\\/2009-2015\\\/te-rinjte-e-kuvendit-civil-nuk-do-lejojme-importin-e-plehrave\\\/\"},\"wordCount\":465,\"commentCount\":0,\"publisher\":{\"@id\":\"https:\\\/\\\/fjala.info\\\/2009-2015\\\/#organization\"},\"image\":{\"@id\":\"https:\\\/\\\/fjala.info\\\/2009-2015\\\/te-rinjte-e-kuvendit-civil-nuk-do-lejojme-importin-e-plehrave\\\/#primaryimage\"},\"thumbnailUrl\":\"http:\\\/\\\/www.shkoder.net\\\/images\\\/fjala\\\/2011\\\/plehra_toksike.jpg\",\"articleSection\":[\"Lajme\"],\"inLanguage\":\"sq-AL\",\"potentialAction\":[{\"@type\":\"CommentAction\",\"name\":\"Comment\",\"target\":[\"https:\\\/\\\/fjala.info\\\/2009-2015\\\/te-rinjte-e-kuvendit-civil-nuk-do-lejojme-importin-e-plehrave\\\/#respond\"]}]},{\"@type\":\"WebPage\",\"@id\":\"https:\\\/\\\/fjala.info\\\/2009-2015\\\/te-rinjte-e-kuvendit-civil-nuk-do-lejojme-importin-e-plehrave\\\/\",\"url\":\"https:\\\/\\\/fjala.info\\\/2009-2015\\\/te-rinjte-e-kuvendit-civil-nuk-do-lejojme-importin-e-plehrave\\\/\",\"name\":\"T\u00eb rinjt\u00eb e Kuvendit Civil: Nuk do lejojm\u00eb importin e plehrave - FjALA e LIR\u00cb - Arkivi\",\"isPartOf\":{\"@id\":\"https:\\\/\\\/fjala.info\\\/2009-2015\\\/#website\"},\"primaryImageOfPage\":{\"@id\":\"https:\\\/\\\/fjala.info\\\/2009-2015\\\/te-rinjte-e-kuvendit-civil-nuk-do-lejojme-importin-e-plehrave\\\/#primaryimage\"},\"image\":{\"@id\":\"https:\\\/\\\/fjala.info\\\/2009-2015\\\/te-rinjte-e-kuvendit-civil-nuk-do-lejojme-importin-e-plehrave\\\/#primaryimage\"},\"thumbnailUrl\":\"http:\\\/\\\/www.shkoder.net\\\/images\\\/fjala\\\/2011\\\/plehra_toksike.jpg\",\"datePublished\":\"2011-09-26T08:33:30+00:00\",\"breadcrumb\":{\"@id\":\"https:\\\/\\\/fjala.info\\\/2009-2015\\\/te-rinjte-e-kuvendit-civil-nuk-do-lejojme-importin-e-plehrave\\\/#breadcrumb\"},\"inLanguage\":\"sq-AL\",\"potentialAction\":[{\"@type\":\"ReadAction\",\"target\":[\"https:\\\/\\\/fjala.info\\\/2009-2015\\\/te-rinjte-e-kuvendit-civil-nuk-do-lejojme-importin-e-plehrave\\\/\"]}]},{\"@type\":\"ImageObject\",\"inLanguage\":\"sq-AL\",\"@id\":\"https:\\\/\\\/fjala.info\\\/2009-2015\\\/te-rinjte-e-kuvendit-civil-nuk-do-lejojme-importin-e-plehrave\\\/#primaryimage\",\"url\":\"http:\\\/\\\/www.shkoder.net\\\/images\\\/fjala\\\/2011\\\/plehra_toksike.jpg\",\"contentUrl\":\"http:\\\/\\\/www.shkoder.net\\\/images\\\/fjala\\\/2011\\\/plehra_toksike.jpg\"},{\"@type\":\"BreadcrumbList\",\"@id\":\"https:\\\/\\\/fjala.info\\\/2009-2015\\\/te-rinjte-e-kuvendit-civil-nuk-do-lejojme-importin-e-plehrave\\\/#breadcrumb\",\"itemListElement\":[{\"@type\":\"ListItem\",\"position\":1,\"name\":\"Home\",\"item\":\"https:\\\/\\\/fjala.info\\\/2009-2015\\\/\"},{\"@type\":\"ListItem\",\"position\":2,\"name\":\"T\u00eb rinjt\u00eb e Kuvendit Civil: Nuk do lejojm\u00eb importin e plehrave\"}]},{\"@type\":\"WebSite\",\"@id\":\"https:\\\/\\\/fjala.info\\\/2009-2015\\\/#website\",\"url\":\"https:\\\/\\\/fjala.info\\\/2009-2015\\\/\",\"name\":\"FjALA e LIR\u00cb - Arkivi\",\"description\":\"Arkivi 2009-2015\",\"publisher\":{\"@id\":\"https:\\\/\\\/fjala.info\\\/2009-2015\\\/#organization\"},\"potentialAction\":[{\"@type\":\"SearchAction\",\"target\":{\"@type\":\"EntryPoint\",\"urlTemplate\":\"https:\\\/\\\/fjala.info\\\/2009-2015\\\/?s={search_term_string}\"},\"query-input\":{\"@type\":\"PropertyValueSpecification\",\"valueRequired\":true,\"valueName\":\"search_term_string\"}}],\"inLanguage\":\"sq-AL\"},{\"@type\":\"Organization\",\"@id\":\"https:\\\/\\\/fjala.info\\\/2009-2015\\\/#organization\",\"name\":\"FjALA e LIR\u00cb - Arkivi\",\"url\":\"https:\\\/\\\/fjala.info\\\/2009-2015\\\/\",\"logo\":{\"@type\":\"ImageObject\",\"inLanguage\":\"sq-AL\",\"@id\":\"https:\\\/\\\/fjala.info\\\/2009-2015\\\/#\\\/schema\\\/logo\\\/image\\\/\",\"url\":\"\",\"contentUrl\":\"\",\"caption\":\"FjALA e LIR\u00cb - Arkivi\"},\"image\":{\"@id\":\"https:\\\/\\\/fjala.info\\\/2009-2015\\\/#\\\/schema\\\/logo\\\/image\\\/\"}},{\"@type\":\"Person\",\"@id\":\"https:\\\/\\\/fjala.info\\\/2009-2015\\\/#\\\/schema\\\/person\\\/3aa1163ef05469c496fc94e77611ada2\",\"name\":\"admin\",\"image\":{\"@type\":\"ImageObject\",\"inLanguage\":\"sq-AL\",\"@id\":\"https:\\\/\\\/fjala.info\\\/2009-2015\\\/wp-content\\\/uploads\\\/2012\\\/02\\\/arben_cokaj-120x150.jpg\",\"url\":\"https:\\\/\\\/fjala.info\\\/2009-2015\\\/wp-content\\\/uploads\\\/2012\\\/02\\\/arben_cokaj-120x150.jpg\",\"contentUrl\":\"https:\\\/\\\/fjala.info\\\/2009-2015\\\/wp-content\\\/uploads\\\/2012\\\/02\\\/arben_cokaj-120x150.jpg\",\"caption\":\"admin\"},\"description\":\"Admin, Fjala e Lir\u00eb\",\"sameAs\":[\"https:\\\/\\\/fjala.info\\\/\"],\"url\":\"https:\\\/\\\/fjala.info\\\/2009-2015\\\/author\\\/admin\\\/\"}]}<\/script>\n<!-- \/ Yoast SEO plugin. -->","yoast_head_json":{"title":"T\u00eb rinjt\u00eb e Kuvendit Civil: Nuk do lejojm\u00eb importin e plehrave - FjALA e LIR\u00cb - Arkivi","robots":{"index":"index","follow":"follow","max-snippet":"max-snippet:-1","max-image-preview":"max-image-preview:large","max-video-preview":"max-video-preview:-1"},"canonical":"https:\/\/fjala.info\/2009-2015\/te-rinjte-e-kuvendit-civil-nuk-do-lejojme-importin-e-plehrave\/","og_locale":"sq_AL","og_type":"article","og_title":"T\u00eb rinjt\u00eb e Kuvendit Civil: Nuk do lejojm\u00eb importin e plehrave - FjALA e LIR\u00cb - Arkivi","og_description":"TemA T\u00eb rinjt\u00eb e Kuvendit Civil, p\u00ebrmes nj\u00eb deklarate b\u00ebn\u00eb me dije se do t\u00eb kund\u00ebrshtojn\u00eb importin e plehrave p\u00ebr n\u00eb Shqip\u00ebri. Ata hodh\u00ebn dyshime p\u00ebr m\u00ebnyr\u00ebn se si u votua ligji. \u201cNdodhi ajo q\u00eb pritej, por nuk duhet t\u00eb ndodhte. N\u00eb dit\u00ebt kur ekspert\u00ebt japin alarmin se po rriten s\u00ebmundjet e tumoreve apo kancerit [&hellip;]","og_url":"https:\/\/fjala.info\/2009-2015\/te-rinjte-e-kuvendit-civil-nuk-do-lejojme-importin-e-plehrave\/","og_site_name":"FjALA e LIR\u00cb - Arkivi","article_published_time":"2011-09-26T08:33:30+00:00","og_image":[{"url":"http:\/\/www.shkoder.net\/images\/fjala\/2011\/plehra_toksike.jpg","type":"","width":"","height":""}],"author":"admin","twitter_card":"summary_large_image","twitter_misc":{"Written by":"admin","Est. reading time":"2 minutes"},"schema":{"@context":"https:\/\/schema.org","@graph":[{"@type":"Article","@id":"https:\/\/fjala.info\/2009-2015\/te-rinjte-e-kuvendit-civil-nuk-do-lejojme-importin-e-plehrave\/#article","isPartOf":{"@id":"https:\/\/fjala.info\/2009-2015\/te-rinjte-e-kuvendit-civil-nuk-do-lejojme-importin-e-plehrave\/"},"author":{"name":"admin","@id":"https:\/\/fjala.info\/2009-2015\/#\/schema\/person\/3aa1163ef05469c496fc94e77611ada2"},"headline":"T\u00eb rinjt\u00eb e Kuvendit Civil: Nuk do lejojm\u00eb importin e plehrave","datePublished":"2011-09-26T08:33:30+00:00","mainEntityOfPage":{"@id":"https:\/\/fjala.info\/2009-2015\/te-rinjte-e-kuvendit-civil-nuk-do-lejojme-importin-e-plehrave\/"},"wordCount":465,"commentCount":0,"publisher":{"@id":"https:\/\/fjala.info\/2009-2015\/#organization"},"image":{"@id":"https:\/\/fjala.info\/2009-2015\/te-rinjte-e-kuvendit-civil-nuk-do-lejojme-importin-e-plehrave\/#primaryimage"},"thumbnailUrl":"http:\/\/www.shkoder.net\/images\/fjala\/2011\/plehra_toksike.jpg","articleSection":["Lajme"],"inLanguage":"sq-AL","potentialAction":[{"@type":"CommentAction","name":"Comment","target":["https:\/\/fjala.info\/2009-2015\/te-rinjte-e-kuvendit-civil-nuk-do-lejojme-importin-e-plehrave\/#respond"]}]},{"@type":"WebPage","@id":"https:\/\/fjala.info\/2009-2015\/te-rinjte-e-kuvendit-civil-nuk-do-lejojme-importin-e-plehrave\/","url":"https:\/\/fjala.info\/2009-2015\/te-rinjte-e-kuvendit-civil-nuk-do-lejojme-importin-e-plehrave\/","name":"T\u00eb rinjt\u00eb e Kuvendit Civil: Nuk do lejojm\u00eb importin e plehrave - FjALA e LIR\u00cb - Arkivi","isPartOf":{"@id":"https:\/\/fjala.info\/2009-2015\/#website"},"primaryImageOfPage":{"@id":"https:\/\/fjala.info\/2009-2015\/te-rinjte-e-kuvendit-civil-nuk-do-lejojme-importin-e-plehrave\/#primaryimage"},"image":{"@id":"https:\/\/fjala.info\/2009-2015\/te-rinjte-e-kuvendit-civil-nuk-do-lejojme-importin-e-plehrave\/#primaryimage"},"thumbnailUrl":"http:\/\/www.shkoder.net\/images\/fjala\/2011\/plehra_toksike.jpg","datePublished":"2011-09-26T08:33:30+00:00","breadcrumb":{"@id":"https:\/\/fjala.info\/2009-2015\/te-rinjte-e-kuvendit-civil-nuk-do-lejojme-importin-e-plehrave\/#breadcrumb"},"inLanguage":"sq-AL","potentialAction":[{"@type":"ReadAction","target":["https:\/\/fjala.info\/2009-2015\/te-rinjte-e-kuvendit-civil-nuk-do-lejojme-importin-e-plehrave\/"]}]},{"@type":"ImageObject","inLanguage":"sq-AL","@id":"https:\/\/fjala.info\/2009-2015\/te-rinjte-e-kuvendit-civil-nuk-do-lejojme-importin-e-plehrave\/#primaryimage","url":"http:\/\/www.shkoder.net\/images\/fjala\/2011\/plehra_toksike.jpg","contentUrl":"http:\/\/www.shkoder.net\/images\/fjala\/2011\/plehra_toksike.jpg"},{"@type":"BreadcrumbList","@id":"https:\/\/fjala.info\/2009-2015\/te-rinjte-e-kuvendit-civil-nuk-do-lejojme-importin-e-plehrave\/#breadcrumb","itemListElement":[{"@type":"ListItem","position":1,"name":"Home","item":"https:\/\/fjala.info\/2009-2015\/"},{"@type":"ListItem","position":2,"name":"T\u00eb rinjt\u00eb e Kuvendit Civil: Nuk do lejojm\u00eb importin e plehrave"}]},{"@type":"WebSite","@id":"https:\/\/fjala.info\/2009-2015\/#website","url":"https:\/\/fjala.info\/2009-2015\/","name":"FjALA e LIR\u00cb - Arkivi","description":"Arkivi 2009-2015","publisher":{"@id":"https:\/\/fjala.info\/2009-2015\/#organization"},"potentialAction":[{"@type":"SearchAction","target":{"@type":"EntryPoint","urlTemplate":"https:\/\/fjala.info\/2009-2015\/?s={search_term_string}"},"query-input":{"@type":"PropertyValueSpecification","valueRequired":true,"valueName":"search_term_string"}}],"inLanguage":"sq-AL"},{"@type":"Organization","@id":"https:\/\/fjala.info\/2009-2015\/#organization","name":"FjALA e LIR\u00cb - Arkivi","url":"https:\/\/fjala.info\/2009-2015\/","logo":{"@type":"ImageObject","inLanguage":"sq-AL","@id":"https:\/\/fjala.info\/2009-2015\/#\/schema\/logo\/image\/","url":"","contentUrl":"","caption":"FjALA e LIR\u00cb - Arkivi"},"image":{"@id":"https:\/\/fjala.info\/2009-2015\/#\/schema\/logo\/image\/"}},{"@type":"Person","@id":"https:\/\/fjala.info\/2009-2015\/#\/schema\/person\/3aa1163ef05469c496fc94e77611ada2","name":"admin","image":{"@type":"ImageObject","inLanguage":"sq-AL","@id":"https:\/\/fjala.info\/2009-2015\/wp-content\/uploads\/2012\/02\/arben_cokaj-120x150.jpg","url":"https:\/\/fjala.info\/2009-2015\/wp-content\/uploads\/2012\/02\/arben_cokaj-120x150.jpg","contentUrl":"https:\/\/fjala.info\/2009-2015\/wp-content\/uploads\/2012\/02\/arben_cokaj-120x150.jpg","caption":"admin"},"description":"Admin, Fjala e Lir\u00eb","sameAs":["https:\/\/fjala.info\/"],"url":"https:\/\/fjala.info\/2009-2015\/author\/admin\/"}]}},"_links":{"self":[{"href":"https:\/\/fjala.info\/2009-2015\/wp-json\/wp\/v2\/posts\/10632","targetHints":{"allow":["GET"]}}],"collection":[{"href":"https:\/\/fjala.info\/2009-2015\/wp-json\/wp\/v2\/posts"}],"about":[{"href":"https:\/\/fjala.info\/2009-2015\/wp-json\/wp\/v2\/types\/post"}],"author":[{"embeddable":true,"href":"https:\/\/fjala.info\/2009-2015\/wp-json\/wp\/v2\/users\/1"}],"replies":[{"embeddable":true,"href":"https:\/\/fjala.info\/2009-2015\/wp-json\/wp\/v2\/comments?post=10632"}],"version-history":[{"count":0,"href":"https:\/\/fjala.info\/2009-2015\/wp-json\/wp\/v2\/posts\/10632\/revisions"}],"wp:attachment":[{"href":"https:\/\/fjala.info\/2009-2015\/wp-json\/wp\/v2\/media?parent=10632"}],"wp:term":[{"taxonomy":"category","embeddable":true,"href":"https:\/\/fjala.info\/2009-2015\/wp-json\/wp\/v2\/categories?post=10632"},{"taxonomy":"post_tag","embeddable":true,"href":"https:\/\/fjala.info\/2009-2015\/wp-json\/wp\/v2\/tags?post=10632"}],"curies":[{"name":"wp","href":"https:\/\/api.w.org\/{rel}","templated":true}]}}