{"id":10630,"date":"2011-09-26T08:58:15","date_gmt":"2011-09-26T07:58:15","guid":{"rendered":"http:\/\/fjala.shkoder.net\/?p=10630"},"modified":"2011-09-26T08:58:15","modified_gmt":"2011-09-26T07:58:15","slug":"perse-berisha-ka-ulur-pantallonat-para-nard-kokes","status":"publish","type":"post","link":"https:\/\/fjala.info\/2009-2015\/perse-berisha-ka-ulur-pantallonat-para-nard-kokes\/","title":{"rendered":"P\u00ebrse Berisha ka ulur pantallonat para Nard Kok\u00ebs"},"content":{"rendered":"<p><img decoding=\"async\" class=\"alignright size-thumbnail wp-image-7236\" title=\"Mero Baze\" src=\"http:\/\/www.shkoder.net\/images\/fjala\/mero_baze1.jpg\" alt=\"\" width=\"150\" \/> <strong>Mero Baze<\/strong><\/p>\n<p>P\u00ebr gati 12 or\u00eb telefoni im \u00ebsht\u00eb bombarduar nga qindra thirrje dhe sms, t\u00eb cilave nuk ju p\u00ebrgjigja asnj\u00ebher\u00eb. Nj\u00eb njeri, i cili duhet t\u00eb ket\u00eb dhe probleme psikike, k\u00ebrc\u00ebnonte n\u00eb \u00e7do tre kat\u00ebr minuta duke agresuar jo vet\u00ebm mua personalisht, por dhe f\u00ebmij\u00ebt e mi, n\u00ebn\u00ebn e tyre, dhe m\u00eb tej rrethin shoq\u00ebror. Quhet Leonard Koka. N\u00ebse do t\u00eb publikoja sms e tij t\u00eb cilat i ruaj p\u00ebr t\u2019ia v\u00ebn\u00eb n\u00eb dispozicion drejt\u00ebsis\u00eb, shikon nj\u00eb njeri t\u00eb trim\u00ebruar nga pushteti i Sali Berish\u00ebs, q\u00eb nuk e kupton dot se si nj\u00eb medie mund t&#8217;i prish atij qet\u00ebsin\u00eb q\u00eb i ka dh\u00ebn\u00eb kontrata korruptive p\u00ebr t\u00eb pla\u00e7kitur dhe hekurat e fundi t\u00eb ndyshkur, q\u00eb i kan\u00eb mbetur k\u00ebtij vendi p\u00ebr skrap.<\/p>\n<p>Trim\u00ebrimi i tij p\u00ebr t\u00eb gjith\u00eb ne q\u00eb njohim historin\u00eb e tij, ngre m\u00eb shum\u00eb pikpyetje p\u00ebr degradimin e Sali Berish\u00ebs se sa p\u00ebr \u201ctrim\u00ebrin\u00eb\u201d e tij. N\u00eb shkulmat e urrejtjes dhe banalitet q\u00eb ai d\u00ebrgon nga telefoni i tij, shihet qart\u00eb se k\u00ebtij njeriut i ka dh\u00ebn\u00eb pushteti leje p\u00ebr t\u00eb pla\u00e7kitur, dhe \u00ebsht\u00eb n\u00eb t\u00eb drejt\u00ebn e tij t&#8217;i k\u00ebrkoj\u00eb dhe t&#8217;i marr\u00eb jet\u00ebn nj\u00eb gazetari q\u00eb ia prish k\u00ebt\u00eb plan biznesi. Prej or\u00ebs 20 t\u00eb mbr\u00ebmjes deri n\u00eb or\u00ebs 10 t\u00eb paradites, ai ka nj\u00eb thirrje telefonike n\u00eb \u00e7do dy tri minuta dhe nj\u00eb sms n\u00eb telefonin tim. Vet\u00ebm nj\u00eb t\u00ebrbim i pafrenuar, i nj\u00eb njeriu q\u00eb ka gjith\u00eb pushtetet pas vetes, mund t\u00eb t\u00eb agresoj\u00eb n\u00eb k\u00ebt\u00eb m\u00ebnyr\u00eb.<\/p>\n<p>Por un\u00eb nuk shqet\u00ebsohem prej Leonard Kok\u00ebs. E njoh stilin e tij prej rruga\u00e7i, njoh intrigat e tij banale duke thirrur koleg\u00eb t\u00eb mi gazetar\u00eb n\u00ebp\u00ebr dreka dhe duke i filmuar duke urinuar n\u00ebp\u00ebr WC q\u00eb ti paraqes si video erotike, njoh pala\u00e7oll\u00ebqet e tij me thashetheme p\u00ebr miqt\u00eb e grat\u00eb e miqve me t\u00eb cil\u00ebt rri. Kam po ashtu plot episode \u201cprej banditi\u201d me t\u00eb prej vitit 2000 kur sh\u00ebrbente si sekser i Fatos Nanos, dhe vidhte votat n\u00eb Durr\u00ebs, n\u00eb vitin 2003, 2004 e deri n\u00eb vitin 2005, kur fal tij dhe familjes s\u00eb tij, Durr\u00ebsi votoi 8 me zero kund\u00ebr Fatos Nanos.<\/p>\n<p>Pastaj ky njeri hyri n\u00eb burg me nj\u00eb pirg akuzash dhe pasi doli prej andej, nuk ishte shfaqur m\u00eb n\u00eb jet\u00ebn politike. V\u00ebllai i tij deputet i LSI n\u00eb vitin 2009, \u00ebsht\u00eb nj\u00eb njeri i kujes\u00ebsh\u00ebm p\u00ebr t\u00eb mos b\u00ebr\u00eb banditin rrug\u00ebve. P\u00ebrpjekja e fundit e tyre p\u00ebr t&#8217;u faktorizuar n\u00eb Durr\u00ebs p\u00ebr zgjedhjet lokale, tashm\u00eb n\u00eb aleanc\u00eb me PD dhe LSI p\u00ebsoi s\u00ebrish nj\u00eb goditje spektakulare. Durr\u00ebsi, i cii kishte votuar p\u00ebr PD n\u00eb vitin 2005 p\u00ebr t\u00eb shp\u00ebtuar nga Nard Koka, votoi n\u00eb m\u00ebnyr\u00eb plebishitare kund\u00ebr PD n\u00eb vitin 2011, po p\u00ebr t\u00eb shp\u00ebtuar nga Nard Koka. Pas k\u00ebsaj ky njeri nuk i duhej m\u00eb askujt, pasi miti i njeriut q\u00eb vidhte vota n\u00eb Durr\u00ebs p\u00ebr t\u00eb b\u00ebr\u00eb pastaj para me pushtetin e vjedhur ra.<\/p>\n<p>Bashk\u00eb me t\u00eb e kuptoj q\u00eb duhet t\u00eb ken\u00eb r\u00ebn\u00eb dhe financat e tij dhe bizneseve t\u00eb tij. Prej vitit 2002 n\u00eb pjes\u00ebn m\u00eb arkeologjike t\u00eb Durr\u00ebsit, ky njeri ka nisur t\u00eb mbush detin dhe t\u00eb nd\u00ebrtoj\u00eb nj\u00eb pist\u00eb rreth nj\u00eb km t\u00eb gjat\u00eb n\u00eb det. Sali Berisha at\u00ebher\u00eb n\u00eb opozit\u00eb ka b\u00ebr\u00eb fushat\u00eb duke treguar me gisht nga ky krim i \u201cklanit t\u00eb Zemunit\u201d, por tani po mbush gjasht\u00eb vite n\u00eb pushtet dhe n\u00eb krye t\u00eb KKRTSh dhe nuk e ka prekur k\u00ebt\u00eb p\u00ebrbind\u00ebsh mbi vlerat arkeologjike t\u00eb Durr\u00ebsit. Biles m\u00eb keq akoma, nj\u00eb kompleks i ri betoni ka nisur t\u00eb marr\u00eb jet\u00eb 5 metra larg ujit t\u00eb detit aty ku nis p\u00ebrbind\u00ebshi i betonit drejt detit. Shihet qart\u00eb se paret p\u00ebr t\u00eb investuar kan\u00eb mbaruar dhe njeriu q\u00eb komandonte portet e aeroportet n\u00eb koh\u00eb t\u00eb Fatos Nanos nuk ka m\u00eb para t\u00eb vazhdoj\u00eb m\u00eb tej.<\/p>\n<p>\u201cSkrapi\u201d paska qen\u00eb magjia q\u00eb do t\u00eb nxjerr nga gropa financiare k\u00ebt\u00eb njeri. Gazeta Tema ka rreth 130 minuta filmime se si po shkat\u00ebrrohet Uzina e Azotikut dhe si po shkon skrapi n\u00eb Elbasan tek kompania Kurum nga nj\u00eb grup sekser\u00ebsh q\u00eb kan\u00eb hyr\u00eb mes Ministris\u00eb s\u00eb Ekonomis\u00eb dhe kompanis\u00eb Kurm dhe q\u00eb shoq\u00ebrojn\u00eb makinat e skrapit me makina me targa Durr\u00ebsi q\u00eb salutohen rrug\u00ebs nga patrulla policie. Sapo p\u00ebrmend\u00ebm emrin e Leonard Kok\u00ebs si menaxher n\u00eb hije i k\u00ebtij operacioni, ai humbi t\u00ebr\u00ebsisht ekuilibrin.<\/p>\n<p>Nuk e ka pas humbur kaq keq, as kur kemi th\u00ebn\u00eb q\u00eb ka vjedhur votat e Arqile Gores dhe Avni Hoxh\u00ebs, as kur kemi th\u00ebn\u00eb q\u00eb ia ka b\u00ebr\u00eb shantazhe mbi koleg\u00eb t\u00eb mi gazetar\u00eb duke i filmuar ata, as kur p\u00ebrfliteshin legjendat e tij p\u00ebr miq\u00ebsin\u00eb me Fatos Nanon dhe filmime shantazhuese p\u00ebr njer\u00ebz t\u00eb af\u00ebrt t\u00eb tij, as kur u burgos n\u00ebn akuz\u00ebn e trafikut nd\u00ebrkomb\u00ebtar t\u00eb cigareve dhe akuzave t\u00eb tjera.<\/p>\n<p>Agresiviteti i tij i pazakont\u00eb ndaj nj\u00eb medie, e cila p\u00ebr fat t\u00eb keq t\u00eb tij i njeh rr\u00ebnj\u00eb e dh\u00ebmball\u00eb, ka vet\u00ebm nj\u00eb shpjegim. Ai ka arritur nj\u00eb fitore t\u00eb v\u00ebshtir\u00eb n\u00eb jet\u00eb, fitoren p\u00ebr t\u00eb b\u00ebr\u00eb Pazar me Sali Berish\u00ebn, dhe nuk mund ta kuptoj\u00eb q\u00eb t&#8217;i prish k\u00ebt\u00eb Pazar nj\u00eb gazet\u00eb. Sali Berisha, i cili e ka pasur luft\u00ebn ndaj \u201cKlanit t\u00eb Zemunit\u201d kal\u00eb beteje p\u00ebr t&#8217;u rikthyer n\u00eb pushtet n\u00eb vitin 2005, tashm\u00eb ngjan me nj\u00eb kri\u00e7 t\u00eb bindur t\u00eb k\u00ebtij Klani. Nevoja p\u00ebr t\u00eb q\u00ebndruar n\u00eb pushtet me \u00e7do kusht dhe me \u00e7do \u00e7mim, e ka b\u00ebr\u00eb Sali Berish\u00ebn nj\u00eb ushtar t\u00eb bindur dhe t\u00eb heshtur t\u00eb k\u00ebsaj bande.<\/p>\n<p>Ai shikon i pafuqish\u00ebm dhe i pa shqet\u00ebsuar se si ndajn\u00eb pla\u00e7k\u00ebn e vjedhur aleat\u00ebt e tij n\u00eb pushtet, pa e p\u00ebrfillur fare at\u00eb. P\u00ebr shkak t\u00eb kat\u00ebr votave n\u00eb parlament q\u00eb jan\u00eb vendimtare p\u00ebr karrier\u00ebn politike t\u00eb Sali Berish\u00ebs, Shqip\u00ebria sot po humbet shansin t\u00eb ket\u00eb drejt\u00ebsi, t\u00eb ket\u00eb Gjykat\u00eb te Lart\u00eb, t\u00eb ket\u00eb Guvernator serioz, dhe mbi t\u00eb gjitha t\u00eb ket\u00eb nj\u00eb qeverisje normale. P\u00ebr shkak t\u00eb atyre kat\u00ebr votave, sot Leonard Koka ka vet\u00ebm nj\u00eb penges\u00eb p\u00ebrpara, nj\u00eb cop\u00eb gazete q\u00eb tregon me gisht se si ai dhe parti e Ilir Met\u00ebs po pla\u00e7kitin Shqip\u00ebrin\u00eb. T\u00eb tjer\u00ebt i ka me vete. Ka me vete gjykatat, kryministrin, shumic\u00ebn e medies dhe kjo e b\u00ebn at\u00eb tejet agresiv.<\/p>\n<p>N\u00ebse sms e d\u00ebrguara prej tij i merr nj\u00eb psikolog, rekomandimi i par\u00eb q\u00eb jep p\u00ebr t\u00eb \u00ebsht\u00eb q\u00eb duhet t\u00eb mbyllet n\u00eb nj\u00eb spital psikiatrik. N\u00ebse e pyet p\u00ebrse n\u00eb 70 sms 65 kan\u00eb subjekt erotik seksin anal, shpjegimi mund t\u00eb gjendet tek jeta e tij n\u00eb qeli me t\u00eb burgosur t\u00eb tjer\u00eb. Por n\u00ebse b\u00ebn pyetjen fatale, si \u00ebsht\u00eb e mundur q\u00eb ky njeri i ka ulur pantallonat Sali Berish\u00ebs, p\u00ebrgjigjen e merr vet\u00ebm duke menduar se \u00e7far\u00eb \u00ebsht\u00eb n\u00eb gjendje t\u00eb b\u00ebj\u00eb Sali Berisha vet\u00ebm p\u00ebr t\u00eb mos ikur nga pushteti. \u00cbsht\u00eb gati t\u00eb flej\u00eb n\u00eb nj\u00eb krevat me Leonard Kok\u00ebn!<\/p>\n","protected":false},"excerpt":{"rendered":"<p>Mero Baze P\u00ebr gati 12 or\u00eb telefoni im \u00ebsht\u00eb bombarduar nga qindra thirrje dhe sms, t\u00eb cilave nuk ju p\u00ebrgjigja asnj\u00ebher\u00eb. Nj\u00eb njeri, i cili duhet t\u00eb ket\u00eb dhe probleme psikike, k\u00ebrc\u00ebnonte n\u00eb \u00e7do tre kat\u00ebr minuta duke agresuar jo vet\u00ebm mua personalisht, por dhe f\u00ebmij\u00ebt e mi, n\u00ebn\u00ebn e tyre, dhe m\u00eb tej rrethin [&hellip;]<\/p>\n","protected":false},"author":1,"featured_media":0,"comment_status":"open","ping_status":"closed","sticky":false,"template":"","format":"standard","meta":{"footnotes":""},"categories":[2],"tags":[],"class_list":{"0":"post-10630","1":"post","2":"type-post","3":"status-publish","4":"format-standard","6":"category-artikuj"},"yoast_head":"<!-- This site is optimized with the Yoast SEO plugin v27.4 - https:\/\/yoast.com\/product\/yoast-seo-wordpress\/ -->\n<title>P\u00ebrse Berisha ka ulur pantallonat para Nard Kok\u00ebs - FjALA e LIR\u00cb - Arkivi<\/title>\n<meta name=\"robots\" content=\"index, follow, max-snippet:-1, max-image-preview:large, max-video-preview:-1\" \/>\n<link rel=\"canonical\" href=\"https:\/\/fjala.info\/2009-2015\/perse-berisha-ka-ulur-pantallonat-para-nard-kokes\/\" \/>\n<meta property=\"og:locale\" content=\"sq_AL\" \/>\n<meta property=\"og:type\" content=\"article\" \/>\n<meta property=\"og:title\" content=\"P\u00ebrse Berisha ka ulur pantallonat para Nard Kok\u00ebs - FjALA e LIR\u00cb - Arkivi\" \/>\n<meta property=\"og:description\" content=\"Mero Baze P\u00ebr gati 12 or\u00eb telefoni im \u00ebsht\u00eb bombarduar nga qindra thirrje dhe sms, t\u00eb cilave nuk ju p\u00ebrgjigja asnj\u00ebher\u00eb. Nj\u00eb njeri, i cili duhet t\u00eb ket\u00eb dhe probleme psikike, k\u00ebrc\u00ebnonte n\u00eb \u00e7do tre kat\u00ebr minuta duke agresuar jo vet\u00ebm mua personalisht, por dhe f\u00ebmij\u00ebt e mi, n\u00ebn\u00ebn e tyre, dhe m\u00eb tej rrethin [&hellip;]\" \/>\n<meta property=\"og:url\" content=\"https:\/\/fjala.info\/2009-2015\/perse-berisha-ka-ulur-pantallonat-para-nard-kokes\/\" \/>\n<meta property=\"og:site_name\" content=\"FjALA e LIR\u00cb - Arkivi\" \/>\n<meta property=\"article:published_time\" content=\"2011-09-26T07:58:15+00:00\" \/>\n<meta property=\"og:image\" content=\"http:\/\/www.shkoder.net\/images\/fjala\/mero_baze1.jpg\" \/>\n<meta name=\"author\" content=\"admin\" \/>\n<meta name=\"twitter:card\" content=\"summary_large_image\" \/>\n<meta name=\"twitter:label1\" content=\"Written by\" \/>\n\t<meta name=\"twitter:data1\" content=\"admin\" \/>\n\t<meta name=\"twitter:label2\" content=\"Est. reading time\" \/>\n\t<meta name=\"twitter:data2\" content=\"6 minutes\" \/>\n<script type=\"application\/ld+json\" class=\"yoast-schema-graph\">{\"@context\":\"https:\\\/\\\/schema.org\",\"@graph\":[{\"@type\":\"Article\",\"@id\":\"https:\\\/\\\/fjala.info\\\/2009-2015\\\/perse-berisha-ka-ulur-pantallonat-para-nard-kokes\\\/#article\",\"isPartOf\":{\"@id\":\"https:\\\/\\\/fjala.info\\\/2009-2015\\\/perse-berisha-ka-ulur-pantallonat-para-nard-kokes\\\/\"},\"author\":{\"name\":\"admin\",\"@id\":\"https:\\\/\\\/fjala.info\\\/2009-2015\\\/#\\\/schema\\\/person\\\/3aa1163ef05469c496fc94e77611ada2\"},\"headline\":\"P\u00ebrse Berisha ka ulur pantallonat para Nard Kok\u00ebs\",\"datePublished\":\"2011-09-26T07:58:15+00:00\",\"mainEntityOfPage\":{\"@id\":\"https:\\\/\\\/fjala.info\\\/2009-2015\\\/perse-berisha-ka-ulur-pantallonat-para-nard-kokes\\\/\"},\"wordCount\":1299,\"commentCount\":0,\"publisher\":{\"@id\":\"https:\\\/\\\/fjala.info\\\/2009-2015\\\/#organization\"},\"image\":{\"@id\":\"https:\\\/\\\/fjala.info\\\/2009-2015\\\/perse-berisha-ka-ulur-pantallonat-para-nard-kokes\\\/#primaryimage\"},\"thumbnailUrl\":\"http:\\\/\\\/www.shkoder.net\\\/images\\\/fjala\\\/mero_baze1.jpg\",\"articleSection\":[\"Artikuj\"],\"inLanguage\":\"sq-AL\",\"potentialAction\":[{\"@type\":\"CommentAction\",\"name\":\"Comment\",\"target\":[\"https:\\\/\\\/fjala.info\\\/2009-2015\\\/perse-berisha-ka-ulur-pantallonat-para-nard-kokes\\\/#respond\"]}]},{\"@type\":\"WebPage\",\"@id\":\"https:\\\/\\\/fjala.info\\\/2009-2015\\\/perse-berisha-ka-ulur-pantallonat-para-nard-kokes\\\/\",\"url\":\"https:\\\/\\\/fjala.info\\\/2009-2015\\\/perse-berisha-ka-ulur-pantallonat-para-nard-kokes\\\/\",\"name\":\"P\u00ebrse Berisha ka ulur pantallonat para Nard Kok\u00ebs - FjALA e LIR\u00cb - Arkivi\",\"isPartOf\":{\"@id\":\"https:\\\/\\\/fjala.info\\\/2009-2015\\\/#website\"},\"primaryImageOfPage\":{\"@id\":\"https:\\\/\\\/fjala.info\\\/2009-2015\\\/perse-berisha-ka-ulur-pantallonat-para-nard-kokes\\\/#primaryimage\"},\"image\":{\"@id\":\"https:\\\/\\\/fjala.info\\\/2009-2015\\\/perse-berisha-ka-ulur-pantallonat-para-nard-kokes\\\/#primaryimage\"},\"thumbnailUrl\":\"http:\\\/\\\/www.shkoder.net\\\/images\\\/fjala\\\/mero_baze1.jpg\",\"datePublished\":\"2011-09-26T07:58:15+00:00\",\"breadcrumb\":{\"@id\":\"https:\\\/\\\/fjala.info\\\/2009-2015\\\/perse-berisha-ka-ulur-pantallonat-para-nard-kokes\\\/#breadcrumb\"},\"inLanguage\":\"sq-AL\",\"potentialAction\":[{\"@type\":\"ReadAction\",\"target\":[\"https:\\\/\\\/fjala.info\\\/2009-2015\\\/perse-berisha-ka-ulur-pantallonat-para-nard-kokes\\\/\"]}]},{\"@type\":\"ImageObject\",\"inLanguage\":\"sq-AL\",\"@id\":\"https:\\\/\\\/fjala.info\\\/2009-2015\\\/perse-berisha-ka-ulur-pantallonat-para-nard-kokes\\\/#primaryimage\",\"url\":\"http:\\\/\\\/www.shkoder.net\\\/images\\\/fjala\\\/mero_baze1.jpg\",\"contentUrl\":\"http:\\\/\\\/www.shkoder.net\\\/images\\\/fjala\\\/mero_baze1.jpg\"},{\"@type\":\"BreadcrumbList\",\"@id\":\"https:\\\/\\\/fjala.info\\\/2009-2015\\\/perse-berisha-ka-ulur-pantallonat-para-nard-kokes\\\/#breadcrumb\",\"itemListElement\":[{\"@type\":\"ListItem\",\"position\":1,\"name\":\"Home\",\"item\":\"https:\\\/\\\/fjala.info\\\/2009-2015\\\/\"},{\"@type\":\"ListItem\",\"position\":2,\"name\":\"P\u00ebrse Berisha ka ulur pantallonat para Nard Kok\u00ebs\"}]},{\"@type\":\"WebSite\",\"@id\":\"https:\\\/\\\/fjala.info\\\/2009-2015\\\/#website\",\"url\":\"https:\\\/\\\/fjala.info\\\/2009-2015\\\/\",\"name\":\"FjALA e LIR\u00cb - Arkivi\",\"description\":\"Arkivi 2009-2015\",\"publisher\":{\"@id\":\"https:\\\/\\\/fjala.info\\\/2009-2015\\\/#organization\"},\"potentialAction\":[{\"@type\":\"SearchAction\",\"target\":{\"@type\":\"EntryPoint\",\"urlTemplate\":\"https:\\\/\\\/fjala.info\\\/2009-2015\\\/?s={search_term_string}\"},\"query-input\":{\"@type\":\"PropertyValueSpecification\",\"valueRequired\":true,\"valueName\":\"search_term_string\"}}],\"inLanguage\":\"sq-AL\"},{\"@type\":\"Organization\",\"@id\":\"https:\\\/\\\/fjala.info\\\/2009-2015\\\/#organization\",\"name\":\"FjALA e LIR\u00cb - Arkivi\",\"url\":\"https:\\\/\\\/fjala.info\\\/2009-2015\\\/\",\"logo\":{\"@type\":\"ImageObject\",\"inLanguage\":\"sq-AL\",\"@id\":\"https:\\\/\\\/fjala.info\\\/2009-2015\\\/#\\\/schema\\\/logo\\\/image\\\/\",\"url\":\"\",\"contentUrl\":\"\",\"caption\":\"FjALA e LIR\u00cb - Arkivi\"},\"image\":{\"@id\":\"https:\\\/\\\/fjala.info\\\/2009-2015\\\/#\\\/schema\\\/logo\\\/image\\\/\"}},{\"@type\":\"Person\",\"@id\":\"https:\\\/\\\/fjala.info\\\/2009-2015\\\/#\\\/schema\\\/person\\\/3aa1163ef05469c496fc94e77611ada2\",\"name\":\"admin\",\"image\":{\"@type\":\"ImageObject\",\"inLanguage\":\"sq-AL\",\"@id\":\"https:\\\/\\\/fjala.info\\\/2009-2015\\\/wp-content\\\/uploads\\\/2012\\\/02\\\/arben_cokaj-120x150.jpg\",\"url\":\"https:\\\/\\\/fjala.info\\\/2009-2015\\\/wp-content\\\/uploads\\\/2012\\\/02\\\/arben_cokaj-120x150.jpg\",\"contentUrl\":\"https:\\\/\\\/fjala.info\\\/2009-2015\\\/wp-content\\\/uploads\\\/2012\\\/02\\\/arben_cokaj-120x150.jpg\",\"caption\":\"admin\"},\"description\":\"Admin, Fjala e Lir\u00eb\",\"sameAs\":[\"https:\\\/\\\/fjala.info\\\/\"],\"url\":\"https:\\\/\\\/fjala.info\\\/2009-2015\\\/author\\\/admin\\\/\"}]}<\/script>\n<!-- \/ Yoast SEO plugin. -->","yoast_head_json":{"title":"P\u00ebrse Berisha ka ulur pantallonat para Nard Kok\u00ebs - FjALA e LIR\u00cb - Arkivi","robots":{"index":"index","follow":"follow","max-snippet":"max-snippet:-1","max-image-preview":"max-image-preview:large","max-video-preview":"max-video-preview:-1"},"canonical":"https:\/\/fjala.info\/2009-2015\/perse-berisha-ka-ulur-pantallonat-para-nard-kokes\/","og_locale":"sq_AL","og_type":"article","og_title":"P\u00ebrse Berisha ka ulur pantallonat para Nard Kok\u00ebs - FjALA e LIR\u00cb - Arkivi","og_description":"Mero Baze P\u00ebr gati 12 or\u00eb telefoni im \u00ebsht\u00eb bombarduar nga qindra thirrje dhe sms, t\u00eb cilave nuk ju p\u00ebrgjigja asnj\u00ebher\u00eb. Nj\u00eb njeri, i cili duhet t\u00eb ket\u00eb dhe probleme psikike, k\u00ebrc\u00ebnonte n\u00eb \u00e7do tre kat\u00ebr minuta duke agresuar jo vet\u00ebm mua personalisht, por dhe f\u00ebmij\u00ebt e mi, n\u00ebn\u00ebn e tyre, dhe m\u00eb tej rrethin [&hellip;]","og_url":"https:\/\/fjala.info\/2009-2015\/perse-berisha-ka-ulur-pantallonat-para-nard-kokes\/","og_site_name":"FjALA e LIR\u00cb - Arkivi","article_published_time":"2011-09-26T07:58:15+00:00","og_image":[{"url":"http:\/\/www.shkoder.net\/images\/fjala\/mero_baze1.jpg","type":"","width":"","height":""}],"author":"admin","twitter_card":"summary_large_image","twitter_misc":{"Written by":"admin","Est. reading time":"6 minutes"},"schema":{"@context":"https:\/\/schema.org","@graph":[{"@type":"Article","@id":"https:\/\/fjala.info\/2009-2015\/perse-berisha-ka-ulur-pantallonat-para-nard-kokes\/#article","isPartOf":{"@id":"https:\/\/fjala.info\/2009-2015\/perse-berisha-ka-ulur-pantallonat-para-nard-kokes\/"},"author":{"name":"admin","@id":"https:\/\/fjala.info\/2009-2015\/#\/schema\/person\/3aa1163ef05469c496fc94e77611ada2"},"headline":"P\u00ebrse Berisha ka ulur pantallonat para Nard Kok\u00ebs","datePublished":"2011-09-26T07:58:15+00:00","mainEntityOfPage":{"@id":"https:\/\/fjala.info\/2009-2015\/perse-berisha-ka-ulur-pantallonat-para-nard-kokes\/"},"wordCount":1299,"commentCount":0,"publisher":{"@id":"https:\/\/fjala.info\/2009-2015\/#organization"},"image":{"@id":"https:\/\/fjala.info\/2009-2015\/perse-berisha-ka-ulur-pantallonat-para-nard-kokes\/#primaryimage"},"thumbnailUrl":"http:\/\/www.shkoder.net\/images\/fjala\/mero_baze1.jpg","articleSection":["Artikuj"],"inLanguage":"sq-AL","potentialAction":[{"@type":"CommentAction","name":"Comment","target":["https:\/\/fjala.info\/2009-2015\/perse-berisha-ka-ulur-pantallonat-para-nard-kokes\/#respond"]}]},{"@type":"WebPage","@id":"https:\/\/fjala.info\/2009-2015\/perse-berisha-ka-ulur-pantallonat-para-nard-kokes\/","url":"https:\/\/fjala.info\/2009-2015\/perse-berisha-ka-ulur-pantallonat-para-nard-kokes\/","name":"P\u00ebrse Berisha ka ulur pantallonat para Nard Kok\u00ebs - FjALA e LIR\u00cb - Arkivi","isPartOf":{"@id":"https:\/\/fjala.info\/2009-2015\/#website"},"primaryImageOfPage":{"@id":"https:\/\/fjala.info\/2009-2015\/perse-berisha-ka-ulur-pantallonat-para-nard-kokes\/#primaryimage"},"image":{"@id":"https:\/\/fjala.info\/2009-2015\/perse-berisha-ka-ulur-pantallonat-para-nard-kokes\/#primaryimage"},"thumbnailUrl":"http:\/\/www.shkoder.net\/images\/fjala\/mero_baze1.jpg","datePublished":"2011-09-26T07:58:15+00:00","breadcrumb":{"@id":"https:\/\/fjala.info\/2009-2015\/perse-berisha-ka-ulur-pantallonat-para-nard-kokes\/#breadcrumb"},"inLanguage":"sq-AL","potentialAction":[{"@type":"ReadAction","target":["https:\/\/fjala.info\/2009-2015\/perse-berisha-ka-ulur-pantallonat-para-nard-kokes\/"]}]},{"@type":"ImageObject","inLanguage":"sq-AL","@id":"https:\/\/fjala.info\/2009-2015\/perse-berisha-ka-ulur-pantallonat-para-nard-kokes\/#primaryimage","url":"http:\/\/www.shkoder.net\/images\/fjala\/mero_baze1.jpg","contentUrl":"http:\/\/www.shkoder.net\/images\/fjala\/mero_baze1.jpg"},{"@type":"BreadcrumbList","@id":"https:\/\/fjala.info\/2009-2015\/perse-berisha-ka-ulur-pantallonat-para-nard-kokes\/#breadcrumb","itemListElement":[{"@type":"ListItem","position":1,"name":"Home","item":"https:\/\/fjala.info\/2009-2015\/"},{"@type":"ListItem","position":2,"name":"P\u00ebrse Berisha ka ulur pantallonat para Nard Kok\u00ebs"}]},{"@type":"WebSite","@id":"https:\/\/fjala.info\/2009-2015\/#website","url":"https:\/\/fjala.info\/2009-2015\/","name":"FjALA e LIR\u00cb - Arkivi","description":"Arkivi 2009-2015","publisher":{"@id":"https:\/\/fjala.info\/2009-2015\/#organization"},"potentialAction":[{"@type":"SearchAction","target":{"@type":"EntryPoint","urlTemplate":"https:\/\/fjala.info\/2009-2015\/?s={search_term_string}"},"query-input":{"@type":"PropertyValueSpecification","valueRequired":true,"valueName":"search_term_string"}}],"inLanguage":"sq-AL"},{"@type":"Organization","@id":"https:\/\/fjala.info\/2009-2015\/#organization","name":"FjALA e LIR\u00cb - Arkivi","url":"https:\/\/fjala.info\/2009-2015\/","logo":{"@type":"ImageObject","inLanguage":"sq-AL","@id":"https:\/\/fjala.info\/2009-2015\/#\/schema\/logo\/image\/","url":"","contentUrl":"","caption":"FjALA e LIR\u00cb - Arkivi"},"image":{"@id":"https:\/\/fjala.info\/2009-2015\/#\/schema\/logo\/image\/"}},{"@type":"Person","@id":"https:\/\/fjala.info\/2009-2015\/#\/schema\/person\/3aa1163ef05469c496fc94e77611ada2","name":"admin","image":{"@type":"ImageObject","inLanguage":"sq-AL","@id":"https:\/\/fjala.info\/2009-2015\/wp-content\/uploads\/2012\/02\/arben_cokaj-120x150.jpg","url":"https:\/\/fjala.info\/2009-2015\/wp-content\/uploads\/2012\/02\/arben_cokaj-120x150.jpg","contentUrl":"https:\/\/fjala.info\/2009-2015\/wp-content\/uploads\/2012\/02\/arben_cokaj-120x150.jpg","caption":"admin"},"description":"Admin, Fjala e Lir\u00eb","sameAs":["https:\/\/fjala.info\/"],"url":"https:\/\/fjala.info\/2009-2015\/author\/admin\/"}]}},"_links":{"self":[{"href":"https:\/\/fjala.info\/2009-2015\/wp-json\/wp\/v2\/posts\/10630","targetHints":{"allow":["GET"]}}],"collection":[{"href":"https:\/\/fjala.info\/2009-2015\/wp-json\/wp\/v2\/posts"}],"about":[{"href":"https:\/\/fjala.info\/2009-2015\/wp-json\/wp\/v2\/types\/post"}],"author":[{"embeddable":true,"href":"https:\/\/fjala.info\/2009-2015\/wp-json\/wp\/v2\/users\/1"}],"replies":[{"embeddable":true,"href":"https:\/\/fjala.info\/2009-2015\/wp-json\/wp\/v2\/comments?post=10630"}],"version-history":[{"count":0,"href":"https:\/\/fjala.info\/2009-2015\/wp-json\/wp\/v2\/posts\/10630\/revisions"}],"wp:attachment":[{"href":"https:\/\/fjala.info\/2009-2015\/wp-json\/wp\/v2\/media?parent=10630"}],"wp:term":[{"taxonomy":"category","embeddable":true,"href":"https:\/\/fjala.info\/2009-2015\/wp-json\/wp\/v2\/categories?post=10630"},{"taxonomy":"post_tag","embeddable":true,"href":"https:\/\/fjala.info\/2009-2015\/wp-json\/wp\/v2\/tags?post=10630"}],"curies":[{"name":"wp","href":"https:\/\/api.w.org\/{rel}","templated":true}]}}