{"id":1063,"date":"2012-01-09T09:29:17","date_gmt":"2012-01-09T08:29:17","guid":{"rendered":"http:\/\/fjala.shkoder.net\/?p=1063"},"modified":"2012-01-09T09:29:17","modified_gmt":"2012-01-09T08:29:17","slug":"perse-berisha-nuk-e-do-korigjimin-kombetar-te-sistemit-zgjedhor-rajonal","status":"publish","type":"post","link":"https:\/\/fjala.info\/2009-2015\/perse-berisha-nuk-e-do-korigjimin-kombetar-te-sistemit-zgjedhor-rajonal\/","title":{"rendered":"P\u00ebrse Berisha nuk e do korigjimin komb\u00ebtar t\u00eb sistemit zgjedhor rajonal"},"content":{"rendered":"<p><img decoding=\"async\" class=\"alignleft size-thumbnail wp-image-7236\" title=\"Eduard Zaloshnja\" src=\"http:\/\/www.shkoder.net\/images\/fjala\/eduard_zaloshnja.jpg\" alt=\"\" width=\"150\" \/> Nga <strong>Eduard Zaloshnja<\/strong>, <em>9 janar 2012<\/em><\/p>\n<p>M\u00eb se nj\u00eb her\u00eb, Berisha ka deklaruar n\u00eb m\u00ebnyr\u00eb kategorike se \u00ebsht\u00eb kund\u00ebr korigjimit komb\u00ebtar t\u00eb sistemit zgjedhor rajonal, i cili \u00ebsht\u00eb aktualisht n\u00eb fuqi. Argumenti q\u00eb ai ka dh\u00ebn\u00eb p\u00ebr k\u00ebt\u00eb q\u00ebndrim kategorik, n\u00eb fakt, \u00ebsht\u00eb logjik \u2013 nuk ka kuptim t\u00eb nd\u00ebrrojm\u00eb sistemin zgjedhor \u00e7do 4 vjet, ka th\u00ebn\u00eb Berisha, duke theksuar m\u00eb tej se ndryshimi i fundit atij i \u00ebsht\u00eb b\u00ebr\u00eb me konsensus t\u00eb gjer\u00eb n\u00eb Kuvend.<\/p>\n<p>Por historia e k\u00ebtyre 21 vjet\u00ebve na ka treguar se Berisha, n\u00eb koh\u00eb t\u00eb ndryshme, ka mbajtur q\u00ebndrime diametralisht t\u00eb kund\u00ebrta p\u00ebr t\u00eb nj\u00ebjtin problem apo person, n\u00eb p\u00ebrshtatje me interesin politik t\u00eb \u00e7astit (kujtoni q\u00ebndrimin ndaj Fatos Nanos). Prandaj, edhe q\u00ebndrimin e tij aktual ndaj sistemit zgjedhor nuk ia vlen ta analizosh nga k\u00ebndv\u00ebshtrimi i principialitetit \u2013 ai duhet analizuar nga k\u00ebndv\u00ebshtrimi i interesave t\u00eb tij t\u00eb sotme. At\u00ebher\u00eb, pse Berish\u00ebs nuk i intereson korigjimi komb\u00ebtar i sistemit zgjedhor rajonal?<\/p>\n<p>S\u00eb pari, dy partit\u00eb e reja q\u00eb duket se do t\u00eb krijohen \u2013 ajo e Bamir Topit dhe Aleanca Kuqezi \u2013 do t\u00eb ishin shum\u00eb t\u00eb favorizuara nga korigjimi komb\u00ebtar. Me sistemin aktual, ekziston mund\u00ebsia q\u00eb ato t\u00eb marrin nga 100 mij\u00eb vota secila dhe t\u00eb mos sigurojn\u00eb dot mandat n\u00eb asnj\u00eb qark (nj\u00eb partie jasht\u00eb koalicioneve t\u00eb m\u00ebdha t&#8217;i duhen rreth 10 mij\u00eb vota p\u00ebr t\u00eb marr\u00eb mandat n\u00eb nj\u00eb qark). Nd\u00ebrsa me korigjimin komb\u00ebtar, me 100 mij\u00eb vota secila, do t\u00eb merrnin nga 10 mandate. Dhe gjasat do t\u00eb ishin shum\u00eb t\u00eb m\u00ebdha q\u00eb mandatet e tyre (gjithsej 20) t\u00eb mos i bashkoheshin mandateve t\u00eb PD-s\u00eb p\u00ebr t\u00eb krijuar qeverin\u00eb\u2026<\/p>\n<p>S\u00eb dyti, korigjimi komb\u00ebtar u jep partive t\u00eb vogla t\u00eb koalicionit aktual qeveris\u00ebs mund\u00ebsin\u00eb p\u00ebr t\u2019u futur n\u00eb gar\u00eb m\u00eb vete. Kjo, sepse ato, n\u00ebp\u00ebrmjet tij, mund t\u00eb marrin mandate n\u00eb p\u00ebrpjestim me votat e tyre komb\u00ebtare, pavarsisht nga p\u00ebrfshirja n\u00eb nj\u00eb koalicion parazgjedhor. Dhe partit\u00eb e vogla q\u00eb futen n\u00eb gar\u00eb m\u00eb vete mund ta rrisin shum\u00eb \u201cpazarin\u201d pas zgjedhjeve, kur mandatet e tyre t\u00eb nevojiten p\u00ebr krijimin e qeveris\u00eb\u2026<\/p>\n<p>Por a \u00ebsht\u00eb i sigurt\u00eb Berisha se do t\u2019i fitoj\u00eb zgjedhjet me sistemin aktual? I sigurt\u00eb nuk mund t\u00eb jet\u00eb, por i avantazhuar \u00ebsht\u00eb. Dhe ja p\u00ebrse.<\/p>\n<p>Meq\u00ebn\u00ebse n\u00eb sistemin rajonal kan\u00eb r\u00ebnd\u00ebsi vota sipas qarqeve dhe jo ajo komb\u00ebtare, le t\u2019i analizojm\u00eb ato nj\u00eb nga nj\u00eb. K\u00ebshtu, n\u00eb qarkun e Kuk\u00ebsit, koalicioni \u201cBerisha\u201d plus LSI-ja kan\u00eb patur pothuaj 30 mij\u00eb vota n\u00eb vitin 2009. Le t\u00eb supozojm\u00eb se, KRAHASIMISHT ME 2009-\u00ebn, ato do t\u00eb ken\u00eb nj\u00eb tkurrje prej 6 mij\u00eb votash (20% &#8212; tkurrja mund t\u00eb vij\u00eb prej votimit dhe num\u00ebrimit m\u00eb t\u00eb sakt\u00eb t\u00eb votave se m\u00eb par\u00eb, prej rrjedhjes s\u00eb votave drejt partive jasht\u00eb koalicionit etj.) Nd\u00ebrkoh\u00eb, le t\u00eb supozojm\u00eb se koalicioni \u201cRama\u201d, i cili pati pothuaj 14 mij\u00eb vota n\u00eb 2009-\u00ebn, do t\u00eb ket\u00eb nj\u00eb rritje prej 2.8 mij\u00eb votash (20% &#8212; rritja mund t\u00eb vij\u00eb prej votimit dhe num\u00ebrimit t\u00eb votave m\u00eb t\u00eb sakt\u00eb se m\u00eb par\u00eb, prej shtimit t\u00eb partive t\u00eb vogla n\u00eb koalicion, si PSV-91, PDK etj, etj.). \u00c7far\u00eb do t\u00eb ndodhte me shp\u00ebrndarjen e mandateve t\u00eb qarkut n\u00eb nj\u00eb skenar t\u00eb till\u00eb? Do t\u00eb mbetej e nj\u00ebjt\u00eb me at\u00eb t\u00eb vitit 2009! Dhe krejt e nj\u00ebjta situat\u00eb \u00ebsht\u00eb edhe n\u00eb qarkun e Dibr\u00ebs \u2013 nj\u00eb tkurrje prej 20% e koalicionit qeveritar dhe rritje po prej 20% e koalicionit Rama do t\u00eb prodhonte t\u00eb nj\u00ebjt\u00ebn shp\u00ebrndarje mandatesh me t\u00eb 2009-\u00ebs!<\/p>\n<p>Duke vazhduar me qarqet e tjer\u00eb, shp\u00ebrndarja e mandateve nuk do t\u00eb ndryshonte n\u00eb qoft\u00eb se:<\/p>\n<p>N\u00eb qarkun e Gjirokastr\u00ebs koalicioni qeveritar tkurret me 15% dhe koalicioni \u201cRama\u201d rritet me 15%; n\u00eb qarkun e Shkodr\u00ebs, koalicioni qeveritar tkurret me 10% dhe koalicioni \u201cRama\u201d rritet me 10%; n\u00eb qarkun e Lezh\u00ebs, koalicioni qeveritar tkurret me 10% dhe koalicioni \u201cRama\u201d rritet me 10%; n\u00eb qarkun e Kor\u00e7\u00ebs, koalicioni qeveritar tkurret me 10% dhe koalicioni \u201cRama\u201d rritet me 10%; n\u00eb qarkun e Fierit, koalicioni qeveritar tkurret me 10% dhe koalicioni \u201cRama\u201d rritet me 10%; n\u00eb qarkun e Vlor\u00ebs, koalicioni qeveritar tkurret me 10% dhe koalicioni \u201cRama\u201d rritet me 10%; n\u00eb qarkun e Elbasanit, koalicioni qeveritar tkurret me 9% dhe koalicioni \u201cRama\u201d rritet me 9%; n\u00eb qarkun e Durr\u00ebsit, koalicioni qeveritar tkurret me 5% dhe koalicioni \u201cRama\u201d rritet me 5%; n\u00eb qarkun e Tiran\u00ebs, koalicioni qeveritar tkurret me 2.5% dhe koalicioni \u201cRama\u201d rritet me 2.5% (2.5% n\u00eb rastin e Tiran\u00ebs \u00ebsht\u00eb baraz me rreth 5000 vota). Vet\u00ebm n\u00eb qarkun e Beratit, shp\u00ebrndarja e mandateve mund t\u00eb ndryshoj\u00eb edhe p\u00ebr nj\u00eb grusht votash.<\/p>\n<p>Kur u ideua sistemi aktual rajonal nga dy partit\u00eb e m\u00ebdha, synimi i tyre kryesor ishte q\u00eb partit\u00eb e vogla (t\u00eb vjetra apo t\u00eb reja) ta kishin sa m\u00eb t\u00eb v\u00ebshtir\u00eb futjen n\u00eb Kuvend jasht\u00eb ombrell\u00ebs s\u00eb tyre. Por nj\u00eb ve\u00e7ori e tij \u00ebsht\u00eb edhe q\u00eb shp\u00ebrndarja e mandateve n\u00eb qarqe nuk p\u00ebson ndryshime t\u00eb ndjeshme nga zgjedhja n\u00eb zgjedhje, pavar\u00ebsisht ndryshimeve relative n\u00eb raportet e forcave brenda qarqeve. Kjo \u00ebsht\u00eb dhe arsyeja p\u00ebrse Berish\u00ebs nuk i intereson sot ndryshimi i k\u00ebtij sistemi.<\/p>\n","protected":false},"excerpt":{"rendered":"<p>Nga Eduard Zaloshnja, 9 janar 2012 M\u00eb se nj\u00eb her\u00eb, Berisha ka deklaruar n\u00eb m\u00ebnyr\u00eb kategorike se \u00ebsht\u00eb kund\u00ebr korigjimit komb\u00ebtar t\u00eb sistemit zgjedhor rajonal, i cili \u00ebsht\u00eb aktualisht n\u00eb fuqi. Argumenti q\u00eb ai ka dh\u00ebn\u00eb p\u00ebr k\u00ebt\u00eb q\u00ebndrim kategorik, n\u00eb fakt, \u00ebsht\u00eb logjik \u2013 nuk ka kuptim t\u00eb nd\u00ebrrojm\u00eb sistemin zgjedhor \u00e7do 4 vjet, [&hellip;]<\/p>\n","protected":false},"author":1,"featured_media":0,"comment_status":"open","ping_status":"closed","sticky":false,"template":"","format":"standard","meta":{"footnotes":""},"categories":[2],"tags":[],"class_list":{"0":"post-1063","1":"post","2":"type-post","3":"status-publish","4":"format-standard","6":"category-artikuj"},"yoast_head":"<!-- This site is optimized with the Yoast SEO plugin v27.4 - https:\/\/yoast.com\/product\/yoast-seo-wordpress\/ -->\n<title>P\u00ebrse Berisha nuk e do korigjimin komb\u00ebtar t\u00eb sistemit zgjedhor rajonal - FjALA e LIR\u00cb - Arkivi<\/title>\n<meta name=\"robots\" content=\"index, follow, max-snippet:-1, max-image-preview:large, max-video-preview:-1\" \/>\n<link rel=\"canonical\" href=\"https:\/\/fjala.info\/2009-2015\/perse-berisha-nuk-e-do-korigjimin-kombetar-te-sistemit-zgjedhor-rajonal\/\" \/>\n<meta property=\"og:locale\" content=\"sq_AL\" \/>\n<meta property=\"og:type\" content=\"article\" \/>\n<meta property=\"og:title\" content=\"P\u00ebrse Berisha nuk e do korigjimin komb\u00ebtar t\u00eb sistemit zgjedhor rajonal - FjALA e LIR\u00cb - Arkivi\" \/>\n<meta property=\"og:description\" content=\"Nga Eduard Zaloshnja, 9 janar 2012 M\u00eb se nj\u00eb her\u00eb, Berisha ka deklaruar n\u00eb m\u00ebnyr\u00eb kategorike se \u00ebsht\u00eb kund\u00ebr korigjimit komb\u00ebtar t\u00eb sistemit zgjedhor rajonal, i cili \u00ebsht\u00eb aktualisht n\u00eb fuqi. Argumenti q\u00eb ai ka dh\u00ebn\u00eb p\u00ebr k\u00ebt\u00eb q\u00ebndrim kategorik, n\u00eb fakt, \u00ebsht\u00eb logjik \u2013 nuk ka kuptim t\u00eb nd\u00ebrrojm\u00eb sistemin zgjedhor \u00e7do 4 vjet, [&hellip;]\" \/>\n<meta property=\"og:url\" content=\"https:\/\/fjala.info\/2009-2015\/perse-berisha-nuk-e-do-korigjimin-kombetar-te-sistemit-zgjedhor-rajonal\/\" \/>\n<meta property=\"og:site_name\" content=\"FjALA e LIR\u00cb - Arkivi\" \/>\n<meta property=\"article:published_time\" content=\"2012-01-09T08:29:17+00:00\" \/>\n<meta property=\"og:image\" content=\"http:\/\/www.shkoder.net\/images\/fjala\/eduard_zaloshnja.jpg\" \/>\n<meta name=\"author\" content=\"admin\" \/>\n<meta name=\"twitter:card\" content=\"summary_large_image\" \/>\n<meta name=\"twitter:label1\" content=\"Written by\" \/>\n\t<meta name=\"twitter:data1\" content=\"admin\" \/>\n\t<meta name=\"twitter:label2\" content=\"Est. reading time\" \/>\n\t<meta name=\"twitter:data2\" content=\"4 minutes\" \/>\n<script type=\"application\/ld+json\" class=\"yoast-schema-graph\">{\"@context\":\"https:\\\/\\\/schema.org\",\"@graph\":[{\"@type\":\"Article\",\"@id\":\"https:\\\/\\\/fjala.info\\\/2009-2015\\\/perse-berisha-nuk-e-do-korigjimin-kombetar-te-sistemit-zgjedhor-rajonal\\\/#article\",\"isPartOf\":{\"@id\":\"https:\\\/\\\/fjala.info\\\/2009-2015\\\/perse-berisha-nuk-e-do-korigjimin-kombetar-te-sistemit-zgjedhor-rajonal\\\/\"},\"author\":{\"name\":\"admin\",\"@id\":\"https:\\\/\\\/fjala.info\\\/2009-2015\\\/#\\\/schema\\\/person\\\/3aa1163ef05469c496fc94e77611ada2\"},\"headline\":\"P\u00ebrse Berisha nuk e do korigjimin komb\u00ebtar t\u00eb sistemit zgjedhor rajonal\",\"datePublished\":\"2012-01-09T08:29:17+00:00\",\"mainEntityOfPage\":{\"@id\":\"https:\\\/\\\/fjala.info\\\/2009-2015\\\/perse-berisha-nuk-e-do-korigjimin-kombetar-te-sistemit-zgjedhor-rajonal\\\/\"},\"wordCount\":888,\"commentCount\":0,\"publisher\":{\"@id\":\"https:\\\/\\\/fjala.info\\\/2009-2015\\\/#organization\"},\"image\":{\"@id\":\"https:\\\/\\\/fjala.info\\\/2009-2015\\\/perse-berisha-nuk-e-do-korigjimin-kombetar-te-sistemit-zgjedhor-rajonal\\\/#primaryimage\"},\"thumbnailUrl\":\"http:\\\/\\\/www.shkoder.net\\\/images\\\/fjala\\\/eduard_zaloshnja.jpg\",\"articleSection\":[\"Artikuj\"],\"inLanguage\":\"sq-AL\",\"potentialAction\":[{\"@type\":\"CommentAction\",\"name\":\"Comment\",\"target\":[\"https:\\\/\\\/fjala.info\\\/2009-2015\\\/perse-berisha-nuk-e-do-korigjimin-kombetar-te-sistemit-zgjedhor-rajonal\\\/#respond\"]}]},{\"@type\":\"WebPage\",\"@id\":\"https:\\\/\\\/fjala.info\\\/2009-2015\\\/perse-berisha-nuk-e-do-korigjimin-kombetar-te-sistemit-zgjedhor-rajonal\\\/\",\"url\":\"https:\\\/\\\/fjala.info\\\/2009-2015\\\/perse-berisha-nuk-e-do-korigjimin-kombetar-te-sistemit-zgjedhor-rajonal\\\/\",\"name\":\"P\u00ebrse Berisha nuk e do korigjimin komb\u00ebtar t\u00eb sistemit zgjedhor rajonal - FjALA e LIR\u00cb - Arkivi\",\"isPartOf\":{\"@id\":\"https:\\\/\\\/fjala.info\\\/2009-2015\\\/#website\"},\"primaryImageOfPage\":{\"@id\":\"https:\\\/\\\/fjala.info\\\/2009-2015\\\/perse-berisha-nuk-e-do-korigjimin-kombetar-te-sistemit-zgjedhor-rajonal\\\/#primaryimage\"},\"image\":{\"@id\":\"https:\\\/\\\/fjala.info\\\/2009-2015\\\/perse-berisha-nuk-e-do-korigjimin-kombetar-te-sistemit-zgjedhor-rajonal\\\/#primaryimage\"},\"thumbnailUrl\":\"http:\\\/\\\/www.shkoder.net\\\/images\\\/fjala\\\/eduard_zaloshnja.jpg\",\"datePublished\":\"2012-01-09T08:29:17+00:00\",\"breadcrumb\":{\"@id\":\"https:\\\/\\\/fjala.info\\\/2009-2015\\\/perse-berisha-nuk-e-do-korigjimin-kombetar-te-sistemit-zgjedhor-rajonal\\\/#breadcrumb\"},\"inLanguage\":\"sq-AL\",\"potentialAction\":[{\"@type\":\"ReadAction\",\"target\":[\"https:\\\/\\\/fjala.info\\\/2009-2015\\\/perse-berisha-nuk-e-do-korigjimin-kombetar-te-sistemit-zgjedhor-rajonal\\\/\"]}]},{\"@type\":\"ImageObject\",\"inLanguage\":\"sq-AL\",\"@id\":\"https:\\\/\\\/fjala.info\\\/2009-2015\\\/perse-berisha-nuk-e-do-korigjimin-kombetar-te-sistemit-zgjedhor-rajonal\\\/#primaryimage\",\"url\":\"http:\\\/\\\/www.shkoder.net\\\/images\\\/fjala\\\/eduard_zaloshnja.jpg\",\"contentUrl\":\"http:\\\/\\\/www.shkoder.net\\\/images\\\/fjala\\\/eduard_zaloshnja.jpg\"},{\"@type\":\"BreadcrumbList\",\"@id\":\"https:\\\/\\\/fjala.info\\\/2009-2015\\\/perse-berisha-nuk-e-do-korigjimin-kombetar-te-sistemit-zgjedhor-rajonal\\\/#breadcrumb\",\"itemListElement\":[{\"@type\":\"ListItem\",\"position\":1,\"name\":\"Home\",\"item\":\"https:\\\/\\\/fjala.info\\\/2009-2015\\\/\"},{\"@type\":\"ListItem\",\"position\":2,\"name\":\"P\u00ebrse Berisha nuk e do korigjimin komb\u00ebtar t\u00eb sistemit zgjedhor rajonal\"}]},{\"@type\":\"WebSite\",\"@id\":\"https:\\\/\\\/fjala.info\\\/2009-2015\\\/#website\",\"url\":\"https:\\\/\\\/fjala.info\\\/2009-2015\\\/\",\"name\":\"FjALA e LIR\u00cb - Arkivi\",\"description\":\"Arkivi 2009-2015\",\"publisher\":{\"@id\":\"https:\\\/\\\/fjala.info\\\/2009-2015\\\/#organization\"},\"potentialAction\":[{\"@type\":\"SearchAction\",\"target\":{\"@type\":\"EntryPoint\",\"urlTemplate\":\"https:\\\/\\\/fjala.info\\\/2009-2015\\\/?s={search_term_string}\"},\"query-input\":{\"@type\":\"PropertyValueSpecification\",\"valueRequired\":true,\"valueName\":\"search_term_string\"}}],\"inLanguage\":\"sq-AL\"},{\"@type\":\"Organization\",\"@id\":\"https:\\\/\\\/fjala.info\\\/2009-2015\\\/#organization\",\"name\":\"FjALA e LIR\u00cb - Arkivi\",\"url\":\"https:\\\/\\\/fjala.info\\\/2009-2015\\\/\",\"logo\":{\"@type\":\"ImageObject\",\"inLanguage\":\"sq-AL\",\"@id\":\"https:\\\/\\\/fjala.info\\\/2009-2015\\\/#\\\/schema\\\/logo\\\/image\\\/\",\"url\":\"\",\"contentUrl\":\"\",\"caption\":\"FjALA e LIR\u00cb - Arkivi\"},\"image\":{\"@id\":\"https:\\\/\\\/fjala.info\\\/2009-2015\\\/#\\\/schema\\\/logo\\\/image\\\/\"}},{\"@type\":\"Person\",\"@id\":\"https:\\\/\\\/fjala.info\\\/2009-2015\\\/#\\\/schema\\\/person\\\/3aa1163ef05469c496fc94e77611ada2\",\"name\":\"admin\",\"image\":{\"@type\":\"ImageObject\",\"inLanguage\":\"sq-AL\",\"@id\":\"https:\\\/\\\/fjala.info\\\/2009-2015\\\/wp-content\\\/uploads\\\/2012\\\/02\\\/arben_cokaj-120x150.jpg\",\"url\":\"https:\\\/\\\/fjala.info\\\/2009-2015\\\/wp-content\\\/uploads\\\/2012\\\/02\\\/arben_cokaj-120x150.jpg\",\"contentUrl\":\"https:\\\/\\\/fjala.info\\\/2009-2015\\\/wp-content\\\/uploads\\\/2012\\\/02\\\/arben_cokaj-120x150.jpg\",\"caption\":\"admin\"},\"description\":\"Admin, Fjala e Lir\u00eb\",\"sameAs\":[\"https:\\\/\\\/fjala.info\\\/\"],\"url\":\"https:\\\/\\\/fjala.info\\\/2009-2015\\\/author\\\/admin\\\/\"}]}<\/script>\n<!-- \/ Yoast SEO plugin. -->","yoast_head_json":{"title":"P\u00ebrse Berisha nuk e do korigjimin komb\u00ebtar t\u00eb sistemit zgjedhor rajonal - FjALA e LIR\u00cb - Arkivi","robots":{"index":"index","follow":"follow","max-snippet":"max-snippet:-1","max-image-preview":"max-image-preview:large","max-video-preview":"max-video-preview:-1"},"canonical":"https:\/\/fjala.info\/2009-2015\/perse-berisha-nuk-e-do-korigjimin-kombetar-te-sistemit-zgjedhor-rajonal\/","og_locale":"sq_AL","og_type":"article","og_title":"P\u00ebrse Berisha nuk e do korigjimin komb\u00ebtar t\u00eb sistemit zgjedhor rajonal - FjALA e LIR\u00cb - Arkivi","og_description":"Nga Eduard Zaloshnja, 9 janar 2012 M\u00eb se nj\u00eb her\u00eb, Berisha ka deklaruar n\u00eb m\u00ebnyr\u00eb kategorike se \u00ebsht\u00eb kund\u00ebr korigjimit komb\u00ebtar t\u00eb sistemit zgjedhor rajonal, i cili \u00ebsht\u00eb aktualisht n\u00eb fuqi. Argumenti q\u00eb ai ka dh\u00ebn\u00eb p\u00ebr k\u00ebt\u00eb q\u00ebndrim kategorik, n\u00eb fakt, \u00ebsht\u00eb logjik \u2013 nuk ka kuptim t\u00eb nd\u00ebrrojm\u00eb sistemin zgjedhor \u00e7do 4 vjet, [&hellip;]","og_url":"https:\/\/fjala.info\/2009-2015\/perse-berisha-nuk-e-do-korigjimin-kombetar-te-sistemit-zgjedhor-rajonal\/","og_site_name":"FjALA e LIR\u00cb - Arkivi","article_published_time":"2012-01-09T08:29:17+00:00","og_image":[{"url":"http:\/\/www.shkoder.net\/images\/fjala\/eduard_zaloshnja.jpg","type":"","width":"","height":""}],"author":"admin","twitter_card":"summary_large_image","twitter_misc":{"Written by":"admin","Est. reading time":"4 minutes"},"schema":{"@context":"https:\/\/schema.org","@graph":[{"@type":"Article","@id":"https:\/\/fjala.info\/2009-2015\/perse-berisha-nuk-e-do-korigjimin-kombetar-te-sistemit-zgjedhor-rajonal\/#article","isPartOf":{"@id":"https:\/\/fjala.info\/2009-2015\/perse-berisha-nuk-e-do-korigjimin-kombetar-te-sistemit-zgjedhor-rajonal\/"},"author":{"name":"admin","@id":"https:\/\/fjala.info\/2009-2015\/#\/schema\/person\/3aa1163ef05469c496fc94e77611ada2"},"headline":"P\u00ebrse Berisha nuk e do korigjimin komb\u00ebtar t\u00eb sistemit zgjedhor rajonal","datePublished":"2012-01-09T08:29:17+00:00","mainEntityOfPage":{"@id":"https:\/\/fjala.info\/2009-2015\/perse-berisha-nuk-e-do-korigjimin-kombetar-te-sistemit-zgjedhor-rajonal\/"},"wordCount":888,"commentCount":0,"publisher":{"@id":"https:\/\/fjala.info\/2009-2015\/#organization"},"image":{"@id":"https:\/\/fjala.info\/2009-2015\/perse-berisha-nuk-e-do-korigjimin-kombetar-te-sistemit-zgjedhor-rajonal\/#primaryimage"},"thumbnailUrl":"http:\/\/www.shkoder.net\/images\/fjala\/eduard_zaloshnja.jpg","articleSection":["Artikuj"],"inLanguage":"sq-AL","potentialAction":[{"@type":"CommentAction","name":"Comment","target":["https:\/\/fjala.info\/2009-2015\/perse-berisha-nuk-e-do-korigjimin-kombetar-te-sistemit-zgjedhor-rajonal\/#respond"]}]},{"@type":"WebPage","@id":"https:\/\/fjala.info\/2009-2015\/perse-berisha-nuk-e-do-korigjimin-kombetar-te-sistemit-zgjedhor-rajonal\/","url":"https:\/\/fjala.info\/2009-2015\/perse-berisha-nuk-e-do-korigjimin-kombetar-te-sistemit-zgjedhor-rajonal\/","name":"P\u00ebrse Berisha nuk e do korigjimin komb\u00ebtar t\u00eb sistemit zgjedhor rajonal - FjALA e LIR\u00cb - Arkivi","isPartOf":{"@id":"https:\/\/fjala.info\/2009-2015\/#website"},"primaryImageOfPage":{"@id":"https:\/\/fjala.info\/2009-2015\/perse-berisha-nuk-e-do-korigjimin-kombetar-te-sistemit-zgjedhor-rajonal\/#primaryimage"},"image":{"@id":"https:\/\/fjala.info\/2009-2015\/perse-berisha-nuk-e-do-korigjimin-kombetar-te-sistemit-zgjedhor-rajonal\/#primaryimage"},"thumbnailUrl":"http:\/\/www.shkoder.net\/images\/fjala\/eduard_zaloshnja.jpg","datePublished":"2012-01-09T08:29:17+00:00","breadcrumb":{"@id":"https:\/\/fjala.info\/2009-2015\/perse-berisha-nuk-e-do-korigjimin-kombetar-te-sistemit-zgjedhor-rajonal\/#breadcrumb"},"inLanguage":"sq-AL","potentialAction":[{"@type":"ReadAction","target":["https:\/\/fjala.info\/2009-2015\/perse-berisha-nuk-e-do-korigjimin-kombetar-te-sistemit-zgjedhor-rajonal\/"]}]},{"@type":"ImageObject","inLanguage":"sq-AL","@id":"https:\/\/fjala.info\/2009-2015\/perse-berisha-nuk-e-do-korigjimin-kombetar-te-sistemit-zgjedhor-rajonal\/#primaryimage","url":"http:\/\/www.shkoder.net\/images\/fjala\/eduard_zaloshnja.jpg","contentUrl":"http:\/\/www.shkoder.net\/images\/fjala\/eduard_zaloshnja.jpg"},{"@type":"BreadcrumbList","@id":"https:\/\/fjala.info\/2009-2015\/perse-berisha-nuk-e-do-korigjimin-kombetar-te-sistemit-zgjedhor-rajonal\/#breadcrumb","itemListElement":[{"@type":"ListItem","position":1,"name":"Home","item":"https:\/\/fjala.info\/2009-2015\/"},{"@type":"ListItem","position":2,"name":"P\u00ebrse Berisha nuk e do korigjimin komb\u00ebtar t\u00eb sistemit zgjedhor rajonal"}]},{"@type":"WebSite","@id":"https:\/\/fjala.info\/2009-2015\/#website","url":"https:\/\/fjala.info\/2009-2015\/","name":"FjALA e LIR\u00cb - Arkivi","description":"Arkivi 2009-2015","publisher":{"@id":"https:\/\/fjala.info\/2009-2015\/#organization"},"potentialAction":[{"@type":"SearchAction","target":{"@type":"EntryPoint","urlTemplate":"https:\/\/fjala.info\/2009-2015\/?s={search_term_string}"},"query-input":{"@type":"PropertyValueSpecification","valueRequired":true,"valueName":"search_term_string"}}],"inLanguage":"sq-AL"},{"@type":"Organization","@id":"https:\/\/fjala.info\/2009-2015\/#organization","name":"FjALA e LIR\u00cb - Arkivi","url":"https:\/\/fjala.info\/2009-2015\/","logo":{"@type":"ImageObject","inLanguage":"sq-AL","@id":"https:\/\/fjala.info\/2009-2015\/#\/schema\/logo\/image\/","url":"","contentUrl":"","caption":"FjALA e LIR\u00cb - Arkivi"},"image":{"@id":"https:\/\/fjala.info\/2009-2015\/#\/schema\/logo\/image\/"}},{"@type":"Person","@id":"https:\/\/fjala.info\/2009-2015\/#\/schema\/person\/3aa1163ef05469c496fc94e77611ada2","name":"admin","image":{"@type":"ImageObject","inLanguage":"sq-AL","@id":"https:\/\/fjala.info\/2009-2015\/wp-content\/uploads\/2012\/02\/arben_cokaj-120x150.jpg","url":"https:\/\/fjala.info\/2009-2015\/wp-content\/uploads\/2012\/02\/arben_cokaj-120x150.jpg","contentUrl":"https:\/\/fjala.info\/2009-2015\/wp-content\/uploads\/2012\/02\/arben_cokaj-120x150.jpg","caption":"admin"},"description":"Admin, Fjala e Lir\u00eb","sameAs":["https:\/\/fjala.info\/"],"url":"https:\/\/fjala.info\/2009-2015\/author\/admin\/"}]}},"_links":{"self":[{"href":"https:\/\/fjala.info\/2009-2015\/wp-json\/wp\/v2\/posts\/1063","targetHints":{"allow":["GET"]}}],"collection":[{"href":"https:\/\/fjala.info\/2009-2015\/wp-json\/wp\/v2\/posts"}],"about":[{"href":"https:\/\/fjala.info\/2009-2015\/wp-json\/wp\/v2\/types\/post"}],"author":[{"embeddable":true,"href":"https:\/\/fjala.info\/2009-2015\/wp-json\/wp\/v2\/users\/1"}],"replies":[{"embeddable":true,"href":"https:\/\/fjala.info\/2009-2015\/wp-json\/wp\/v2\/comments?post=1063"}],"version-history":[{"count":0,"href":"https:\/\/fjala.info\/2009-2015\/wp-json\/wp\/v2\/posts\/1063\/revisions"}],"wp:attachment":[{"href":"https:\/\/fjala.info\/2009-2015\/wp-json\/wp\/v2\/media?parent=1063"}],"wp:term":[{"taxonomy":"category","embeddable":true,"href":"https:\/\/fjala.info\/2009-2015\/wp-json\/wp\/v2\/categories?post=1063"},{"taxonomy":"post_tag","embeddable":true,"href":"https:\/\/fjala.info\/2009-2015\/wp-json\/wp\/v2\/tags?post=1063"}],"curies":[{"name":"wp","href":"https:\/\/api.w.org\/{rel}","templated":true}]}}