{"id":10622,"date":"2011-09-25T07:22:13","date_gmt":"2011-09-25T06:22:13","guid":{"rendered":"http:\/\/fjala.shkoder.net\/?p=10622"},"modified":"2011-09-25T07:22:13","modified_gmt":"2011-09-25T06:22:13","slug":"pse-brukseli-do-na-thote-jo-edhe-njehere-tjeter","status":"publish","type":"post","link":"https:\/\/fjala.info\/2009-2015\/pse-brukseli-do-na-thote-jo-edhe-njehere-tjeter\/","title":{"rendered":"Pse Brukseli do na thot\u00eb \u201cjo\u201d edhe nj\u00ebher\u00eb tjet\u00ebr"},"content":{"rendered":"<p><img decoding=\"async\" class=\"alignleft size-thumbnail wp-image-7236\" title=\"Mustafa Nano\" src=\"http:\/\/www.shkoder.net\/images\/fjala\/mustafa_nano.jpg\" alt=\"\" width=\"150\" \/> <strong>Mustafa Nano<\/strong>, <em>24.09.2011<\/em><\/p>\n<p>N\u00eb tetor pritet p\u00ebrgjigjja e Brukselit lidhur me k\u00ebrkes\u00ebn ton\u00eb p\u00ebr t\u00eb marr\u00eb statusin e vendit kandidat p\u00ebr n\u00eb BE. Gjasat jan\u00eb q\u00eb t\u2019na refuzojn\u00eb, gj\u00eb q\u00eb duket jo vet\u00ebm nga klima e atmosfera q\u00eb ekziston n\u00eb politik\u00ebn e Tiran\u00ebs nj\u00eb muaj para k\u00ebsaj ngjarjeje, por edhe nga nj\u00eb logjik\u00eb e gj\u00ebrave. Qysh prej refuzimit t\u00eb par\u00eb, Shqip\u00ebria politike ka qen\u00eb prore e rrethuar nga kritika t\u00eb vazhdueshme.<\/p>\n<p>Nuk \u00ebsht\u00eb regjistruar asnj\u00eb vler\u00ebsim pozitiv n\u00eb adres\u00eb t\u00eb qeveris\u00eb e t\u00eb klas\u00ebs politike. Edhe ndonj\u00eb miku p\u00ebr kok\u00eb t\u00eb qeveris\u00eb, sidozot Wolfgang Grossruck-ut q\u00eb gjat\u00eb nj\u00eb periudhe na mbiu n\u00eb sy n\u00eb krah t\u00eb Berish\u00ebs a Topallit (java shtat\u00eb e ai tet\u00eb ish n\u00eb Tiran\u00eb), nuk i ka b\u00ebr\u00eb goja t\u00eb l\u00ebshoj\u00eb l\u00ebvdata n\u00eb favor t\u00eb qeveris\u00eb. E shumta q\u00eb kan\u00eb b\u00ebr\u00eb k\u00ebta miq t\u00eb pushtetit kan\u00eb qen\u00eb disa kritika n\u00eb adres\u00eb t\u00eb opozit\u00ebs. Asgj\u00eb m\u00eb tep\u00ebr.<\/p>\n<p>Eurokrat\u00ebt e r\u00ebnd\u00ebsish\u00ebm q\u00eb m\u00eb shum\u00eb jan\u00eb b\u00ebr\u00eb t\u00eb gjall\u00eb me ndonj\u00eb deklarat\u00eb nga Brukseli e Strasburgu se sa me ndonj\u00eb vizit\u00eb n\u00eb Tiran\u00eb (Berisha ka mbetur Kryeministri m\u00eb i izoluar europian; nuk e presin e nuk e vizitojn\u00eb prej koh\u00ebsh; sakt\u00ebsisht, qysh nga 21 janari namkeq) kan\u00eb n\u00ebnvizuar detyrat q\u00eb duhet t\u00eb p\u00ebrmbushen nga qeveria shqiptare n\u00eb radh\u00eb t\u00eb par\u00eb e nga politika m\u00eb pas. 12 pikat jan\u00eb b\u00ebr\u00eb t\u00eb famshme, tanim\u00eb, dhe kush e di se \u00e7\u2019jan\u00eb k\u00ebto 12 k\u00ebrkesa q\u00eb duhet realizuar si kusht p\u00ebr t\u2019u marr\u00eb n\u00eb konsiderat\u00eb n\u00eb ambicien p\u00ebr t\u2019u an\u00ebtar\u00ebsuar n\u00eb BE, nuk ka arsye t\u00eb kapet n\u00eb befasi nga refuzimi i pritsh\u00ebm.<\/p>\n<p>Berisha foli para dy dit\u00ebsh n\u00eb \u201cZ\u00ebrin e Amerik\u00ebs\u201d lidhur me k\u00ebt\u00eb argument. N\u00eb nj\u00eb intervist\u00eb t\u00eb dh\u00ebn\u00eb nga New York-u, ai nuk demonstroi asnj\u00eb entuziaz\u00ebm e optimiz\u00ebm n\u00eb pritje t\u00eb tetorit.; p\u00ebrkundrazi, na tregoi se e di p\u00ebrgjigjen, e di q\u00eb do t\u2019i thuhet \u201cjo\u201d. Ishte i d\u00ebshp\u00ebruar nga kjo? Jo, \u00e7udit\u00ebrisht ishte \u201cn\u00eb form\u00eb\u201d. E ka t\u00eb kollajt\u00eb q\u00ebndrimin me k\u00ebt\u00eb rast; p\u00ebr \u00e7do arritje n\u00eb procesin e integrimit n\u00eb BE e n\u00eb struktura t\u00eb tjera t\u00eb organizimit nd\u00ebrkomb\u00ebtar meritat i merr ekskluzivisht vet\u00eb; p\u00ebr \u00e7do d\u00ebshtim, madje dhe p\u00ebr d\u00ebshtimet e p\u00ebrs\u00ebritura, fajin ia hedh opozit\u00ebs.<\/p>\n<p>\u201cJemi penalizuar nga praktikat bllokuese t\u00eb opozit\u00ebs\u201d, tha ai n\u00eb thelb, dhe me k\u00ebt\u00eb po b\u00ebn gati qyrkun e fajit q\u00eb do ta hedh\u00eb mbi shpin\u00ebn e t\u00eb tjer\u00ebve. Tani, q\u00eb bojkoti i Parlamentit nga ana e opozit\u00ebs ka ndikuar negativisht n\u00eb q\u00ebndrimin e Brukselit, \u00ebsht\u00eb nj\u00eb gj\u00eb q\u00eb s\u2019mund t\u00eb mohohet. Por diplomat\u00ebt e Brukselit, sa her\u00eb q\u00eb kan\u00eb theksuar bojkotin e opozit\u00ebs si nj\u00eb praktik\u00eb q\u00eb s\u2019mund t\u00eb mb\u00ebshtetet, kan\u00eb l\u00ebn\u00eb t\u00eb kuptohet se i kuptojn\u00eb v\u00ebshtir\u00ebsit\u00eb e opozit\u00ebs n\u00eb Shqip\u00ebri. N\u00eb k\u00ebt\u00eb kuptim, p\u00ebr bojkotin jan\u00eb b\u00ebr\u00eb fajtor\u00eb t\u00eb dyja pal\u00ebt n\u00eb Tiran\u00eb, opozita q\u00eb e ka aplikuar, dhe mazhoranca q\u00eb i \u00ebsht\u00eb g\u00ebzuar k\u00ebtij bojkoti.<\/p>\n<p>\u00c7far\u00eb do t\u00eb ndodhte, n\u00ebse opozita nuk do ta kishte bojkotuar Parlamentin? E shumta, do ishin votuar nja dy-tri ligje q\u00eb kan\u00eb nevoj\u00eb p\u00ebr 3\/5 e votave t\u00eb deputet\u00ebve, e do ishin zgjedhur ca an\u00ebtar\u00eb gjykatash e ndonj\u00eb em\u00ebr n\u00eb krye t\u00eb ndonj\u00eb institucioni. Do ishin zgjidhur sfidat e an\u00ebtar\u00ebsimit me k\u00ebt\u00eb? P\u00ebr Berish\u00ebn, po. N\u00eb intervist\u00ebn n\u00eb fjal\u00eb, ai shkon nga shkon dhe p\u00ebrmend thyes\u00ebn 3\/5 si nj\u00eb thyes\u00eb magjike, q\u00eb do na garantonte suksesin e shum\u00ebpritur. \u201cN\u00eb qoft\u00eb se \u00ebsht\u00eb pritur deri dit\u00ebn e fundit p\u00ebr t\u00eb mos votuar ligjet me 3\/5, t\u00eb domosdoshme p\u00ebr reformat e ndryshme, kjo ka pasur vet\u00ebm nj\u00eb q\u00ebllim, t\u00eb bllokoj\u00eb k\u00ebt\u00eb proces\u2019, thot\u00eb ai.<\/p>\n<p>Kjo \u00ebsht\u00eb nj\u00eb rren\u00eb kolosale. Ligjet q\u00eb k\u00ebrkojn\u00eb 3\/5 e votave t\u00eb deputet\u00ebve kan\u00eb t\u00eb b\u00ebjn\u00eb me nj\u00eb a dy k\u00ebrkesa t\u00eb b\u00ebra nga Brukseli. Dhe jan\u00eb k\u00ebrkesat m\u00eb pak t\u00eb r\u00ebnd\u00ebsishme. Thelbi i asaj q\u00eb i k\u00ebrkohet politik\u00ebs e qeveris\u00eb nga Brukseli nuk \u00ebsht\u00eb zgjedhja e Avokatit t\u00eb Popullit, as Gjykata Administrative, as kryetari i Kontrollit t\u00eb lart\u00eb t\u00eb shtetit. Thelbi ka t\u00eb b\u00ebj\u00eb me zgjedhjet e lira dhe t\u00eb ndershme, dhe qeveria n\u00eb m\u00ebnyr\u00ebn m\u00eb t\u00eb \u00e7uditshme b\u00ebri \u00e7mos m\u00eb 8 maj q\u00eb t\u00eb demonstronte se zgjedhjet jan\u00eb nj\u00eb destinacion i paarritsh\u00ebm p\u00ebr shqiptar\u00ebt. Ajo i prishi k\u00ebto zgjedhje, duke i vjedhur n\u00eb m\u00ebnyr\u00eb spektakolare, dhe \u00ebsht\u00eb pik\u00ebrisht ky fakt q\u00eb i ka mbushur mendjen Brukselit se Shqip\u00ebria nuk \u00ebsht\u00eb gati p\u00ebr t\u00eb kandiduar p\u00ebr nj\u00eb vend an\u00ebtari n\u00eb BE.<\/p>\n<p>K\u00ebrkesat e tjera kan\u00eb t\u00eb b\u00ebjn\u00eb me praktikat rule of law, q\u00eb qeveria jon\u00eb ka d\u00ebshmuar se nuk i njeh, me administrat\u00ebn e politizuar (\u201cvet\u00ebm 5% e administrat\u00ebs \u00ebsht\u00eb e pal\u00ebvizshme\u201d, tha ambasadori danez pak koh\u00eb m\u00eb par\u00eb. \u201cPjesa tjet\u00ebr \u00ebsht\u00eb pla\u00e7k\u00eb p\u00ebr t\u2019u pretuar nga militant\u00ebt e partis\u00eb n\u00eb pushtet\u201d), me korrupsionin q\u00eb \u00ebsht\u00eb shtrir\u00eb deri n\u00eb nivelet m\u00eb t\u00eb larta e jo vet\u00ebm s\u2019po luftohet, por, p\u00ebrkundrazi, po mbrohet, me sistemin e drejt\u00ebsis\u00eb q\u00eb \u00ebsht\u00eb i korruptuar e n\u00ebn var\u00ebsin\u00eb e qeveris\u00eb etj., etj. Cila nga k\u00ebto \u00e7\u00ebshtje ka t\u00eb b\u00ebj\u00eb me 3\/5 e votave n\u00eb Parlament? Asnj\u00eb. T\u00eb gjitha jan\u00eb d\u00ebshtime q\u00eb kan\u00eb t\u00eb b\u00ebjn\u00eb me qeverin\u00eb e me mazhoranc\u00ebn.<\/p>\n<p>Berisha do t\u00eb kapet te komerdarja e opozit\u00ebs bllokuese, p\u00ebr t\u2019u justifikuar n\u00eb syt\u00eb e shqiptar\u00ebve, por nga ana tjet\u00ebr ai nuk ka treguar se e b\u00ebn qejfin qeder prej \u201cjo\u201d-s\u00eb s\u00eb Brukselit. N\u00ebse do t\u2019i lipsej \u201cpo\u201d-ja ai do b\u00ebnte \u00e7mos p\u00ebr t\u00eb mbajtur zgjedhje t\u00eb rregullta. Nd\u00ebrsa ai b\u00ebri gjith\u00e7ka q\u00eb zgjedhjet e 8 majit t\u00eb prisheshin. Si \u00ebsht\u00eb puna: aq i b\u00ebn n\u00ebse Shqip\u00ebria nuk an\u00ebtar\u00ebsohet n\u00eb BE? Apo duhet t\u00eb mendojm\u00eb se \u00ebsht\u00eb pik\u00ebrisht kjo \u00e7far\u00eb ai do?<\/p>\n","protected":false},"excerpt":{"rendered":"<p>Mustafa Nano, 24.09.2011 N\u00eb tetor pritet p\u00ebrgjigjja e Brukselit lidhur me k\u00ebrkes\u00ebn ton\u00eb p\u00ebr t\u00eb marr\u00eb statusin e vendit kandidat p\u00ebr n\u00eb BE. Gjasat jan\u00eb q\u00eb t\u2019na refuzojn\u00eb, gj\u00eb q\u00eb duket jo vet\u00ebm nga klima e atmosfera q\u00eb ekziston n\u00eb politik\u00ebn e Tiran\u00ebs nj\u00eb muaj para k\u00ebsaj ngjarjeje, por edhe nga nj\u00eb logjik\u00eb e gj\u00ebrave. [&hellip;]<\/p>\n","protected":false},"author":1,"featured_media":0,"comment_status":"open","ping_status":"closed","sticky":false,"template":"","format":"standard","meta":{"footnotes":""},"categories":[2],"tags":[],"class_list":{"0":"post-10622","1":"post","2":"type-post","3":"status-publish","4":"format-standard","6":"category-artikuj"},"yoast_head":"<!-- This site is optimized with the Yoast SEO plugin v27.4 - https:\/\/yoast.com\/product\/yoast-seo-wordpress\/ -->\n<title>Pse Brukseli do na thot\u00eb \u201cjo\u201d edhe nj\u00ebher\u00eb tjet\u00ebr - FjALA e LIR\u00cb - Arkivi<\/title>\n<meta name=\"robots\" content=\"index, follow, max-snippet:-1, max-image-preview:large, max-video-preview:-1\" \/>\n<link rel=\"canonical\" href=\"https:\/\/fjala.info\/2009-2015\/pse-brukseli-do-na-thote-jo-edhe-njehere-tjeter\/\" \/>\n<meta property=\"og:locale\" content=\"sq_AL\" \/>\n<meta property=\"og:type\" content=\"article\" \/>\n<meta property=\"og:title\" content=\"Pse Brukseli do na thot\u00eb \u201cjo\u201d edhe nj\u00ebher\u00eb tjet\u00ebr - FjALA e LIR\u00cb - Arkivi\" \/>\n<meta property=\"og:description\" content=\"Mustafa Nano, 24.09.2011 N\u00eb tetor pritet p\u00ebrgjigjja e Brukselit lidhur me k\u00ebrkes\u00ebn ton\u00eb p\u00ebr t\u00eb marr\u00eb statusin e vendit kandidat p\u00ebr n\u00eb BE. Gjasat jan\u00eb q\u00eb t\u2019na refuzojn\u00eb, gj\u00eb q\u00eb duket jo vet\u00ebm nga klima e atmosfera q\u00eb ekziston n\u00eb politik\u00ebn e Tiran\u00ebs nj\u00eb muaj para k\u00ebsaj ngjarjeje, por edhe nga nj\u00eb logjik\u00eb e gj\u00ebrave. [&hellip;]\" \/>\n<meta property=\"og:url\" content=\"https:\/\/fjala.info\/2009-2015\/pse-brukseli-do-na-thote-jo-edhe-njehere-tjeter\/\" \/>\n<meta property=\"og:site_name\" content=\"FjALA e LIR\u00cb - Arkivi\" \/>\n<meta property=\"article:published_time\" content=\"2011-09-25T06:22:13+00:00\" \/>\n<meta property=\"og:image\" content=\"http:\/\/www.shkoder.net\/images\/fjala\/mustafa_nano.jpg\" \/>\n<meta name=\"author\" content=\"admin\" \/>\n<meta name=\"twitter:card\" content=\"summary_large_image\" \/>\n<meta name=\"twitter:label1\" content=\"Written by\" \/>\n\t<meta name=\"twitter:data1\" content=\"admin\" \/>\n\t<meta name=\"twitter:label2\" content=\"Est. reading time\" \/>\n\t<meta name=\"twitter:data2\" content=\"5 minutes\" \/>\n<script type=\"application\/ld+json\" class=\"yoast-schema-graph\">{\"@context\":\"https:\\\/\\\/schema.org\",\"@graph\":[{\"@type\":\"Article\",\"@id\":\"https:\\\/\\\/fjala.info\\\/2009-2015\\\/pse-brukseli-do-na-thote-jo-edhe-njehere-tjeter\\\/#article\",\"isPartOf\":{\"@id\":\"https:\\\/\\\/fjala.info\\\/2009-2015\\\/pse-brukseli-do-na-thote-jo-edhe-njehere-tjeter\\\/\"},\"author\":{\"name\":\"admin\",\"@id\":\"https:\\\/\\\/fjala.info\\\/2009-2015\\\/#\\\/schema\\\/person\\\/3aa1163ef05469c496fc94e77611ada2\"},\"headline\":\"Pse Brukseli do na thot\u00eb \u201cjo\u201d edhe nj\u00ebher\u00eb tjet\u00ebr\",\"datePublished\":\"2011-09-25T06:22:13+00:00\",\"mainEntityOfPage\":{\"@id\":\"https:\\\/\\\/fjala.info\\\/2009-2015\\\/pse-brukseli-do-na-thote-jo-edhe-njehere-tjeter\\\/\"},\"wordCount\":1083,\"commentCount\":0,\"publisher\":{\"@id\":\"https:\\\/\\\/fjala.info\\\/2009-2015\\\/#organization\"},\"image\":{\"@id\":\"https:\\\/\\\/fjala.info\\\/2009-2015\\\/pse-brukseli-do-na-thote-jo-edhe-njehere-tjeter\\\/#primaryimage\"},\"thumbnailUrl\":\"http:\\\/\\\/www.shkoder.net\\\/images\\\/fjala\\\/mustafa_nano.jpg\",\"articleSection\":[\"Artikuj\"],\"inLanguage\":\"sq-AL\",\"potentialAction\":[{\"@type\":\"CommentAction\",\"name\":\"Comment\",\"target\":[\"https:\\\/\\\/fjala.info\\\/2009-2015\\\/pse-brukseli-do-na-thote-jo-edhe-njehere-tjeter\\\/#respond\"]}]},{\"@type\":\"WebPage\",\"@id\":\"https:\\\/\\\/fjala.info\\\/2009-2015\\\/pse-brukseli-do-na-thote-jo-edhe-njehere-tjeter\\\/\",\"url\":\"https:\\\/\\\/fjala.info\\\/2009-2015\\\/pse-brukseli-do-na-thote-jo-edhe-njehere-tjeter\\\/\",\"name\":\"Pse Brukseli do na thot\u00eb \u201cjo\u201d edhe nj\u00ebher\u00eb tjet\u00ebr - FjALA e LIR\u00cb - Arkivi\",\"isPartOf\":{\"@id\":\"https:\\\/\\\/fjala.info\\\/2009-2015\\\/#website\"},\"primaryImageOfPage\":{\"@id\":\"https:\\\/\\\/fjala.info\\\/2009-2015\\\/pse-brukseli-do-na-thote-jo-edhe-njehere-tjeter\\\/#primaryimage\"},\"image\":{\"@id\":\"https:\\\/\\\/fjala.info\\\/2009-2015\\\/pse-brukseli-do-na-thote-jo-edhe-njehere-tjeter\\\/#primaryimage\"},\"thumbnailUrl\":\"http:\\\/\\\/www.shkoder.net\\\/images\\\/fjala\\\/mustafa_nano.jpg\",\"datePublished\":\"2011-09-25T06:22:13+00:00\",\"breadcrumb\":{\"@id\":\"https:\\\/\\\/fjala.info\\\/2009-2015\\\/pse-brukseli-do-na-thote-jo-edhe-njehere-tjeter\\\/#breadcrumb\"},\"inLanguage\":\"sq-AL\",\"potentialAction\":[{\"@type\":\"ReadAction\",\"target\":[\"https:\\\/\\\/fjala.info\\\/2009-2015\\\/pse-brukseli-do-na-thote-jo-edhe-njehere-tjeter\\\/\"]}]},{\"@type\":\"ImageObject\",\"inLanguage\":\"sq-AL\",\"@id\":\"https:\\\/\\\/fjala.info\\\/2009-2015\\\/pse-brukseli-do-na-thote-jo-edhe-njehere-tjeter\\\/#primaryimage\",\"url\":\"http:\\\/\\\/www.shkoder.net\\\/images\\\/fjala\\\/mustafa_nano.jpg\",\"contentUrl\":\"http:\\\/\\\/www.shkoder.net\\\/images\\\/fjala\\\/mustafa_nano.jpg\"},{\"@type\":\"BreadcrumbList\",\"@id\":\"https:\\\/\\\/fjala.info\\\/2009-2015\\\/pse-brukseli-do-na-thote-jo-edhe-njehere-tjeter\\\/#breadcrumb\",\"itemListElement\":[{\"@type\":\"ListItem\",\"position\":1,\"name\":\"Home\",\"item\":\"https:\\\/\\\/fjala.info\\\/2009-2015\\\/\"},{\"@type\":\"ListItem\",\"position\":2,\"name\":\"Pse Brukseli do na thot\u00eb \u201cjo\u201d edhe nj\u00ebher\u00eb tjet\u00ebr\"}]},{\"@type\":\"WebSite\",\"@id\":\"https:\\\/\\\/fjala.info\\\/2009-2015\\\/#website\",\"url\":\"https:\\\/\\\/fjala.info\\\/2009-2015\\\/\",\"name\":\"FjALA e LIR\u00cb - Arkivi\",\"description\":\"Arkivi 2009-2015\",\"publisher\":{\"@id\":\"https:\\\/\\\/fjala.info\\\/2009-2015\\\/#organization\"},\"potentialAction\":[{\"@type\":\"SearchAction\",\"target\":{\"@type\":\"EntryPoint\",\"urlTemplate\":\"https:\\\/\\\/fjala.info\\\/2009-2015\\\/?s={search_term_string}\"},\"query-input\":{\"@type\":\"PropertyValueSpecification\",\"valueRequired\":true,\"valueName\":\"search_term_string\"}}],\"inLanguage\":\"sq-AL\"},{\"@type\":\"Organization\",\"@id\":\"https:\\\/\\\/fjala.info\\\/2009-2015\\\/#organization\",\"name\":\"FjALA e LIR\u00cb - Arkivi\",\"url\":\"https:\\\/\\\/fjala.info\\\/2009-2015\\\/\",\"logo\":{\"@type\":\"ImageObject\",\"inLanguage\":\"sq-AL\",\"@id\":\"https:\\\/\\\/fjala.info\\\/2009-2015\\\/#\\\/schema\\\/logo\\\/image\\\/\",\"url\":\"\",\"contentUrl\":\"\",\"caption\":\"FjALA e LIR\u00cb - Arkivi\"},\"image\":{\"@id\":\"https:\\\/\\\/fjala.info\\\/2009-2015\\\/#\\\/schema\\\/logo\\\/image\\\/\"}},{\"@type\":\"Person\",\"@id\":\"https:\\\/\\\/fjala.info\\\/2009-2015\\\/#\\\/schema\\\/person\\\/3aa1163ef05469c496fc94e77611ada2\",\"name\":\"admin\",\"image\":{\"@type\":\"ImageObject\",\"inLanguage\":\"sq-AL\",\"@id\":\"https:\\\/\\\/fjala.info\\\/2009-2015\\\/wp-content\\\/uploads\\\/2012\\\/02\\\/arben_cokaj-120x150.jpg\",\"url\":\"https:\\\/\\\/fjala.info\\\/2009-2015\\\/wp-content\\\/uploads\\\/2012\\\/02\\\/arben_cokaj-120x150.jpg\",\"contentUrl\":\"https:\\\/\\\/fjala.info\\\/2009-2015\\\/wp-content\\\/uploads\\\/2012\\\/02\\\/arben_cokaj-120x150.jpg\",\"caption\":\"admin\"},\"description\":\"Admin, Fjala e Lir\u00eb\",\"sameAs\":[\"https:\\\/\\\/fjala.info\\\/\"],\"url\":\"https:\\\/\\\/fjala.info\\\/2009-2015\\\/author\\\/admin\\\/\"}]}<\/script>\n<!-- \/ Yoast SEO plugin. -->","yoast_head_json":{"title":"Pse Brukseli do na thot\u00eb \u201cjo\u201d edhe nj\u00ebher\u00eb tjet\u00ebr - FjALA e LIR\u00cb - Arkivi","robots":{"index":"index","follow":"follow","max-snippet":"max-snippet:-1","max-image-preview":"max-image-preview:large","max-video-preview":"max-video-preview:-1"},"canonical":"https:\/\/fjala.info\/2009-2015\/pse-brukseli-do-na-thote-jo-edhe-njehere-tjeter\/","og_locale":"sq_AL","og_type":"article","og_title":"Pse Brukseli do na thot\u00eb \u201cjo\u201d edhe nj\u00ebher\u00eb tjet\u00ebr - FjALA e LIR\u00cb - Arkivi","og_description":"Mustafa Nano, 24.09.2011 N\u00eb tetor pritet p\u00ebrgjigjja e Brukselit lidhur me k\u00ebrkes\u00ebn ton\u00eb p\u00ebr t\u00eb marr\u00eb statusin e vendit kandidat p\u00ebr n\u00eb BE. Gjasat jan\u00eb q\u00eb t\u2019na refuzojn\u00eb, gj\u00eb q\u00eb duket jo vet\u00ebm nga klima e atmosfera q\u00eb ekziston n\u00eb politik\u00ebn e Tiran\u00ebs nj\u00eb muaj para k\u00ebsaj ngjarjeje, por edhe nga nj\u00eb logjik\u00eb e gj\u00ebrave. [&hellip;]","og_url":"https:\/\/fjala.info\/2009-2015\/pse-brukseli-do-na-thote-jo-edhe-njehere-tjeter\/","og_site_name":"FjALA e LIR\u00cb - Arkivi","article_published_time":"2011-09-25T06:22:13+00:00","og_image":[{"url":"http:\/\/www.shkoder.net\/images\/fjala\/mustafa_nano.jpg","type":"","width":"","height":""}],"author":"admin","twitter_card":"summary_large_image","twitter_misc":{"Written by":"admin","Est. reading time":"5 minutes"},"schema":{"@context":"https:\/\/schema.org","@graph":[{"@type":"Article","@id":"https:\/\/fjala.info\/2009-2015\/pse-brukseli-do-na-thote-jo-edhe-njehere-tjeter\/#article","isPartOf":{"@id":"https:\/\/fjala.info\/2009-2015\/pse-brukseli-do-na-thote-jo-edhe-njehere-tjeter\/"},"author":{"name":"admin","@id":"https:\/\/fjala.info\/2009-2015\/#\/schema\/person\/3aa1163ef05469c496fc94e77611ada2"},"headline":"Pse Brukseli do na thot\u00eb \u201cjo\u201d edhe nj\u00ebher\u00eb tjet\u00ebr","datePublished":"2011-09-25T06:22:13+00:00","mainEntityOfPage":{"@id":"https:\/\/fjala.info\/2009-2015\/pse-brukseli-do-na-thote-jo-edhe-njehere-tjeter\/"},"wordCount":1083,"commentCount":0,"publisher":{"@id":"https:\/\/fjala.info\/2009-2015\/#organization"},"image":{"@id":"https:\/\/fjala.info\/2009-2015\/pse-brukseli-do-na-thote-jo-edhe-njehere-tjeter\/#primaryimage"},"thumbnailUrl":"http:\/\/www.shkoder.net\/images\/fjala\/mustafa_nano.jpg","articleSection":["Artikuj"],"inLanguage":"sq-AL","potentialAction":[{"@type":"CommentAction","name":"Comment","target":["https:\/\/fjala.info\/2009-2015\/pse-brukseli-do-na-thote-jo-edhe-njehere-tjeter\/#respond"]}]},{"@type":"WebPage","@id":"https:\/\/fjala.info\/2009-2015\/pse-brukseli-do-na-thote-jo-edhe-njehere-tjeter\/","url":"https:\/\/fjala.info\/2009-2015\/pse-brukseli-do-na-thote-jo-edhe-njehere-tjeter\/","name":"Pse Brukseli do na thot\u00eb \u201cjo\u201d edhe nj\u00ebher\u00eb tjet\u00ebr - FjALA e LIR\u00cb - Arkivi","isPartOf":{"@id":"https:\/\/fjala.info\/2009-2015\/#website"},"primaryImageOfPage":{"@id":"https:\/\/fjala.info\/2009-2015\/pse-brukseli-do-na-thote-jo-edhe-njehere-tjeter\/#primaryimage"},"image":{"@id":"https:\/\/fjala.info\/2009-2015\/pse-brukseli-do-na-thote-jo-edhe-njehere-tjeter\/#primaryimage"},"thumbnailUrl":"http:\/\/www.shkoder.net\/images\/fjala\/mustafa_nano.jpg","datePublished":"2011-09-25T06:22:13+00:00","breadcrumb":{"@id":"https:\/\/fjala.info\/2009-2015\/pse-brukseli-do-na-thote-jo-edhe-njehere-tjeter\/#breadcrumb"},"inLanguage":"sq-AL","potentialAction":[{"@type":"ReadAction","target":["https:\/\/fjala.info\/2009-2015\/pse-brukseli-do-na-thote-jo-edhe-njehere-tjeter\/"]}]},{"@type":"ImageObject","inLanguage":"sq-AL","@id":"https:\/\/fjala.info\/2009-2015\/pse-brukseli-do-na-thote-jo-edhe-njehere-tjeter\/#primaryimage","url":"http:\/\/www.shkoder.net\/images\/fjala\/mustafa_nano.jpg","contentUrl":"http:\/\/www.shkoder.net\/images\/fjala\/mustafa_nano.jpg"},{"@type":"BreadcrumbList","@id":"https:\/\/fjala.info\/2009-2015\/pse-brukseli-do-na-thote-jo-edhe-njehere-tjeter\/#breadcrumb","itemListElement":[{"@type":"ListItem","position":1,"name":"Home","item":"https:\/\/fjala.info\/2009-2015\/"},{"@type":"ListItem","position":2,"name":"Pse Brukseli do na thot\u00eb \u201cjo\u201d edhe nj\u00ebher\u00eb tjet\u00ebr"}]},{"@type":"WebSite","@id":"https:\/\/fjala.info\/2009-2015\/#website","url":"https:\/\/fjala.info\/2009-2015\/","name":"FjALA e LIR\u00cb - Arkivi","description":"Arkivi 2009-2015","publisher":{"@id":"https:\/\/fjala.info\/2009-2015\/#organization"},"potentialAction":[{"@type":"SearchAction","target":{"@type":"EntryPoint","urlTemplate":"https:\/\/fjala.info\/2009-2015\/?s={search_term_string}"},"query-input":{"@type":"PropertyValueSpecification","valueRequired":true,"valueName":"search_term_string"}}],"inLanguage":"sq-AL"},{"@type":"Organization","@id":"https:\/\/fjala.info\/2009-2015\/#organization","name":"FjALA e LIR\u00cb - Arkivi","url":"https:\/\/fjala.info\/2009-2015\/","logo":{"@type":"ImageObject","inLanguage":"sq-AL","@id":"https:\/\/fjala.info\/2009-2015\/#\/schema\/logo\/image\/","url":"","contentUrl":"","caption":"FjALA e LIR\u00cb - Arkivi"},"image":{"@id":"https:\/\/fjala.info\/2009-2015\/#\/schema\/logo\/image\/"}},{"@type":"Person","@id":"https:\/\/fjala.info\/2009-2015\/#\/schema\/person\/3aa1163ef05469c496fc94e77611ada2","name":"admin","image":{"@type":"ImageObject","inLanguage":"sq-AL","@id":"https:\/\/fjala.info\/2009-2015\/wp-content\/uploads\/2012\/02\/arben_cokaj-120x150.jpg","url":"https:\/\/fjala.info\/2009-2015\/wp-content\/uploads\/2012\/02\/arben_cokaj-120x150.jpg","contentUrl":"https:\/\/fjala.info\/2009-2015\/wp-content\/uploads\/2012\/02\/arben_cokaj-120x150.jpg","caption":"admin"},"description":"Admin, Fjala e Lir\u00eb","sameAs":["https:\/\/fjala.info\/"],"url":"https:\/\/fjala.info\/2009-2015\/author\/admin\/"}]}},"_links":{"self":[{"href":"https:\/\/fjala.info\/2009-2015\/wp-json\/wp\/v2\/posts\/10622","targetHints":{"allow":["GET"]}}],"collection":[{"href":"https:\/\/fjala.info\/2009-2015\/wp-json\/wp\/v2\/posts"}],"about":[{"href":"https:\/\/fjala.info\/2009-2015\/wp-json\/wp\/v2\/types\/post"}],"author":[{"embeddable":true,"href":"https:\/\/fjala.info\/2009-2015\/wp-json\/wp\/v2\/users\/1"}],"replies":[{"embeddable":true,"href":"https:\/\/fjala.info\/2009-2015\/wp-json\/wp\/v2\/comments?post=10622"}],"version-history":[{"count":0,"href":"https:\/\/fjala.info\/2009-2015\/wp-json\/wp\/v2\/posts\/10622\/revisions"}],"wp:attachment":[{"href":"https:\/\/fjala.info\/2009-2015\/wp-json\/wp\/v2\/media?parent=10622"}],"wp:term":[{"taxonomy":"category","embeddable":true,"href":"https:\/\/fjala.info\/2009-2015\/wp-json\/wp\/v2\/categories?post=10622"},{"taxonomy":"post_tag","embeddable":true,"href":"https:\/\/fjala.info\/2009-2015\/wp-json\/wp\/v2\/tags?post=10622"}],"curies":[{"name":"wp","href":"https:\/\/api.w.org\/{rel}","templated":true}]}}